{"id":16430,"date":"2020-09-16T11:46:29","date_gmt":"2020-09-16T09:46:29","guid":{"rendered":"https:\/\/www.billin.net\/blog\/?p=16430"},"modified":"2025-09-25T20:44:47","modified_gmt":"2025-09-25T18:44:47","slug":"gestion-del-tiempo","status":"publish","type":"post","link":"https:\/\/www.billin.net\/blog\/gestion-del-tiempo\/","title":{"rendered":"La gesti\u00f3n del tiempo y planificaci\u00f3n de tareas en el trabajo"},"content":{"rendered":"<p>Si quieres ser m\u00e1s eficiente en el trabajo y en tu vida debes tener controlada la gesti\u00f3n del tiempo. Aqu\u00ed te mostramos <strong>m\u00e9todos de gesti\u00f3n y herramientas<\/strong> para hacerlo.<\/p>\n<p><!--more--><\/p>\n<p>Tanto a nivel profesional como personal, el tiempo es un recurso muy valioso, de ah\u00ed, que analicemos si estamos aprovechando el tiempo en el trabajo.<\/p>\n<p>El hecho de que otras empresas est\u00e9n logrando optimizar al m\u00e1ximo el tiempo, debemos preguntarnos <em>\u00bfestamos haciendo una buena gesti\u00f3n del tiempo?.<\/em><\/p>\n<p>Con TeamSystem Facturas Billin, el <a href=\"https:\/\/www.billin.net\/\" target=\"_blank\" rel=\"noopener noreferrer\">programa de facturaci\u00f3n<\/a> online para Pymes y aut\u00f3nomos, podr\u00e1s tener una ahorro de hasta 16 horas al mes en tu facturaci\u00f3n. Empieza a usarlo gratis y sin compromiso.<\/p>\n<h2><strong>\u00bfQu\u00e9 es la gesti\u00f3n del tiempo?<\/strong><\/h2>\n<p>Para conseguir una <strong>buena gesti\u00f3n del tiempo<\/strong> dentro del entorno laboral, habr\u00e1 que enfocarse en los resultados de las actividades, es decir, analizar si estamos siendo efectivos, ya que, si no fuera as\u00ed, podr\u00edas mejorar su eficiencia con el uso de m\u00e9todos de organizaci\u00f3n del trabajo<\/p>\n<p>Por tanto, definimos <strong>la gesti\u00f3n del tiempo<\/strong> en el trabajo como la forma de controlar el tiempo que dedicamos a actividades espec\u00edficas, de manera que podamos aumentar la productividad llevando a cabo una mejor eficiencia y efectividad.<\/p>\n<p>Existen <strong>estrategias de gesti\u00f3n del tiempo<\/strong> qu\u00e9 si las aplicas correctamente en tu d\u00eda a d\u00eda, conseguir\u00e1s no malgastar el tiempo, generando una buena calidad de vida<\/p>\n<h2><strong>Problemas a los que nos enfrentamos para gestionar el tiempo<\/strong><\/h2>\n<p>Los errores m\u00e1s comunes que llevan a una mala <strong>organizaci\u00f3n de tareas<\/strong> son:<\/p>\n<ul>\n<li>No identificar los objetivos por orden de preferencia \u2192 confusi\u00f3n en la importancia de las tareas.<\/li>\n<li>No usar una agenda o algunas <strong>aplicaciones de gesti\u00f3n del tiempo<\/strong> \u2192 malgastar el tiempo.<\/li>\n<li>No dar prioridad a las tareas m\u00e1s importantes \u2192 resolver las m\u00e1s c\u00f3modas y no las que son necesarias.<\/li>\n<li>Falta de comunicaci\u00f3n en las reuniones de un equipo de trabajo \u2192 resultado confuso y con divagaciones.<\/li>\n<\/ul>\n<p>\u27a8\u00a0Consulta aqu\u00ed lo <a href=\"https:\/\/www.billin.net\/blog\/que-es-time-tracking\/\" target=\"_blank\" rel=\"noopener noreferrer\"><strong>que es el time tracking<\/strong><\/a> y como aplicarlo a tu trabajo<\/p>\n<p>Existen otros factores llamados \u201cladrones de tiempo\u201d que son los encargados de consumir el tiempo de forma r\u00e1pida, como son:<\/p>\n<ul>\n<li><strong><em>Detenci\u00f3n o interrupci\u00f3n<\/em><\/strong> \u2192 Cada vez que ocurre una interrupci\u00f3n implica baja productividad y mayor posibilidad de cometer un error.<\/li>\n<li><strong><em>Llamadas telef\u00f3nicas<\/em><\/strong> \u2192 Si el tel\u00e9fono no interrumpe una tarea importante, disminuir\u00e1 nuestra concentraci\u00f3n y nos har\u00e1 perder el tiempo.<\/li>\n<li><strong><em>Visitas no programadas <\/em><\/strong>\u2192 es el mayor \u201cladr\u00f3n del tiempo\u201d, no debemos aceptarlas a no ser que fuese algo urgente.<\/li>\n<li><strong><em>Mensajer\u00eda electr\u00f3nica<\/em><\/strong> \u2192 a lo largo del d\u00eda revisamos el correo demasiadas veces, hay que fijar un tiempo para revisarlo y contestarlo.<\/li>\n<\/ul>\n<h3><strong>\u00a0<\/strong><strong>\u00bfQu\u00e9 estrategias de gesti\u00f3n del tiempo se pueden realizar para mejorarla?<\/strong><\/h3>\n<p>Os ofrecemos unas recomendaciones para mejorar la gesti\u00f3n del tiempo:<\/p>\n<ul>\n<li><strong><u>AGENDA<\/u><\/strong><\/li>\n<\/ul>\n<p>El uso de las agendas te ofrece organizar tus tareas y planificar los plazos de realizaci\u00f3n y de entrega, no siempre se puede recordar todo de memoria.<\/p>\n<ul>\n<li><strong><u>DIVISI\u00d3N DEL TIEMPO<\/u><\/strong><\/li>\n<\/ul>\n<p>Partir el tiempo en bloques seg\u00fan el tema o su dificultad, te permite abordar las tareas m\u00e1s complejas dividi\u00e9ndolas en tareas m\u00e1s peque\u00f1as, consiguiendo una <strong>planificaci\u00f3n y organizaci\u00f3n del trabajo.<\/strong><\/p>\n<ul>\n<li><strong><u>OBJETIVO DIARIO<\/u><\/strong><\/li>\n<\/ul>\n<p>Marcar objetivos ambiciosos es una buena opci\u00f3n para realizar trabajos cortos, hay que buscar el est\u00edmulo y la motivaci\u00f3n.<\/p>\n<ul>\n<li><strong><u>PRIORIDAD EN LAS TAREAS<\/u><\/strong><\/li>\n<\/ul>\n<p>Debes comenzar por las tareas m\u00e1s importantes y conocer cu\u00e1les son tus horas de m\u00e1ximo rendimiento, de manera que en esos tiempos te ocupes de las tareas prioritarias<\/p>\n<ul>\n<li><strong><u>IMPREVISTOS<\/u><\/strong><\/li>\n<\/ul>\n<p>A la hora de programar el trabajo s\u00e9 realista y no lo planifiques por encima de tus posibilidades, ya que, pueden surgir imprevistos.<\/p>\n<ul>\n<li><strong><u>ENTORNO<\/u><\/strong><\/li>\n<\/ul>\n<p>Hay que trabajar en un lugar con iluminaci\u00f3n y ventilaci\u00f3n, adem\u00e1s de be estar ordenado y organizado, ad\u00e1ptalo a tu gusto en la medida de lo posible.<\/p>\n<ul>\n<li><strong><u>PLURITAREAS<\/u><\/strong><\/li>\n<\/ul>\n<p>Evitar la simultaneidad de las tareas, ya que, llevar a cabo varias a la vez, nos genera una p\u00e9rdida de concentraci\u00f3n, debes centrarte en una sola tarea.<\/p>\n<ul>\n<li><strong><u>DELEGAR TAREAS<\/u><\/strong><\/li>\n<\/ul>\n<p>La virtud m\u00e1s importante para conseguir una buena gesti\u00f3n del tiempo es delegar tareas a terceros cuando nos encontremos en circunstancias que nos superen, de esta manera se consigue un resultado exitoso.<\/p>\n<p>Descubre las <strong><a href=\"https:\/\/www.billin.net\/blog\/outsourcing-para-empresas\/\" target=\"_blank\" rel=\"noopener noreferrer\">ventajas del outsourcing en las empresas<\/a>.<\/strong><\/p>\n<ul>\n<li><strong><u>REPASAR TAREAS<\/u><\/strong><\/li>\n<\/ul>\n<p>Llevar a cabo un ejercicio de control nos permite ver todas las tareas que hemos conseguido realizar y cu\u00e1les no, de manera que puedas planificar el d\u00eda siguiente<\/p>\n<ul>\n<li><strong><u>DESCANSO<\/u><\/strong><\/li>\n<\/ul>\n<p>El hecho de aprovechar al m\u00e1ximo el tiempo no quiere decir tener que trabajar todo el d\u00eda, sino que durante la jornada laboral hayamos obtenido toda nuestra productividad, por ello, los descansos son necesarios para conseguir ser m\u00e1s \u00f3ptimos.<\/p>\n<ul>\n<li><strong><u>ELIMINACI\u00d3N \u201cLADRONES DE TIEMPO\u201d<\/u><\/strong><\/li>\n<\/ul>\n<p>Debes identificar qu\u00e9 motivos te impiden llevar a cabo tus tareas de forma eficiente, de manera que puedas buscar soluciones para eliminarlos de tu rutina.<\/p>\n<h2><strong>Herramientas y aplicaciones gesti\u00f3n del tiempo y tareas<\/strong><\/h2>\n<p>Te ofrecemos algunas de las mejores <strong>herramientas y aplicaciones de gesti\u00f3n del tiempo personal y laboral<\/strong>, que son software de gesti\u00f3n gratis y de f\u00e1cil uso:<\/p>\n<ul>\n<li><a href=\"https:\/\/es.smartsheet.com\/\">Smartsheet<\/a> : mejora la gesti\u00f3n de recursos e impulsa la eficiencia empresarial.<\/li>\n<li><a href=\"https:\/\/www.forecast.app\/\">Forecast<\/a> : aumenta la productividad de su equipo.<\/li>\n<li><a href=\"https:\/\/monday.com\/lang\/es\/\">monday.com<\/a>: simplicidad en su uso, ofrece descripci\u00f3n general de los proyectos en ejecuci\u00f3n.<\/li>\n<li><a href=\"https:\/\/www.actitime.com\/\">Actitime<\/a>: software de seguimiento del tiempo para la gesti\u00f3n del trabajo.<\/li>\n<li><a href=\"https:\/\/www.projectmanager.com\/\">ProjectManager<\/a>: ofrece soluciones para todo tipo de equipos.<\/li>\n<li><a href=\"https:\/\/vogsy.com\/\">Vogsy<\/a>: principalmente para empresas de servicios profesionales.<\/li>\n<li><a href=\"https:\/\/hubstaff.com\/?ab=one_field_form\">Hubstaff<\/a>: seguimiento del tiempo para empresas en crecimiento.<\/li>\n<li><a href=\"https:\/\/www.timesheets.com\/\">Timesheets<\/a>: destinado para aut\u00f3nomos y empresas con menos de 500 empleados.<\/li>\n<li><a href=\"https:\/\/www.bill4time.com\/\">Bill4time<\/a>: especializada en el sector de la abogac\u00eda.<\/li>\n<li><a href=\"https:\/\/www.timecamp.com\/es\/\">Timecamp<\/a>: control en la gesti\u00f3n del tiempo de los trabajadores.<\/li>\n<li><a href=\"https:\/\/basecamp.com\/\" target=\"_blank\" rel=\"noopener noreferrer\">Basecamp<\/a>: gesti\u00f3n integral de tu negocio en una sola plataforma.<\/li>\n<\/ul>\n<p>Si tienes dudas sobre cualquier tema relacionado con la gesti\u00f3n del tiempo, la facturaci\u00f3n o fiscalidad utiliza los comentarios para tener acceso a <a href=\"https:\/\/www.billin.net\/asesoria-fiscal-online\/\" target=\"_blank\" rel=\"noopener noreferrer\">asesor\u00eda fiscal gratuita<\/a> con nuestros especialistas.<\/p>\n","protected":false},"excerpt":{"rendered":"<p>Si quieres ser m\u00e1s eficiente en el trabajo y en tu vida debes tener controlada la gesti\u00f3n del tiempo. Aqu\u00ed te mostramos m\u00e9todos de gesti\u00f3n y herramientas para hacerlo.<\/p>\n","protected":false},"author":20,"featured_media":16431,"comment_status":"open","ping_status":"open","sticky":false,"template":"","format":"standard","meta":{"_acf_changed":false,"_et_pb_use_builder":"","_et_pb_old_content":"","_et_gb_content_width":"","om_disable_all_campaigns":false,"inline_featured_image":false,"footnotes":""},"categories":[1023],"tags":[],"class_list":{"0":"post-16430","1":"post","2":"type-post","3":"status-publish","4":"format-standard","5":"has-post-thumbnail","7":"category-negocios"},"acf":{"selector_de_usuario":null,"fecha_de_revision":"20200921"},"yoast_head":"<!-- This site is optimized with the Yoast SEO plugin v27.1 - https:\/\/yoast.com\/product\/yoast-seo-wordpress\/ -->\n<title>La Gesti\u00f3n del Tiempo. M\u00e9todos y Herramientas - TeamSystem Facturas Billin<\/title>\n<meta name=\"description\" content=\"Si quieres ser m\u00e1s eficiente en el trabajo y en tu vida debes tener controlada la gesti\u00f3n del tiempo. \u00a1Haz clic para ver los m\u00e9todos!\" \/>\n<meta name=\"robots\" content=\"index, follow, max-snippet:-1, max-image-preview:large, max-video-preview:-1\" \/>\n<link rel=\"canonical\" href=\"https:\/\/www.billin.net\/blog\/gestion-del-tiempo\/\" \/>\n<meta property=\"og:locale\" content=\"es_ES\" \/>\n<meta property=\"og:type\" content=\"article\" \/>\n<meta property=\"og:title\" content=\"La Gesti\u00f3n del Tiempo. M\u00e9todos y Herramientas - TeamSystem Facturas Billin\" \/>\n<meta property=\"og:description\" content=\"Si quieres ser m\u00e1s eficiente en el trabajo y en tu vida debes tener controlada la gesti\u00f3n del tiempo. \u00a1Haz clic para ver los m\u00e9todos!\" \/>\n<meta property=\"og:url\" content=\"https:\/\/www.billin.net\/blog\/gestion-del-tiempo\/\" \/>\n<meta property=\"og:site_name\" content=\"Blog de TeamSystem Facturas Billin\" \/>\n<meta property=\"article:publisher\" content=\"https:\/\/www.facebook.com\/EsBillin\" \/>\n<meta property=\"article:published_time\" content=\"2020-09-16T09:46:29+00:00\" \/>\n<meta property=\"article:modified_time\" content=\"2025-09-25T18:44:47+00:00\" \/>\n<meta property=\"og:image\" content=\"https:\/\/www.billin.net\/blog\/wp-content\/uploads\/2020\/09\/Gestio\u0301n-del-tiempo.jpg\" \/>\n\t<meta property=\"og:image:width\" content=\"1200\" \/>\n\t<meta property=\"og:image:height\" content=\"651\" \/>\n\t<meta property=\"og:image:type\" content=\"image\/jpeg\" \/>\n<meta name=\"author\" content=\"Marcos De La Cueva - CEO TeamSystem Facturas Billin\" \/>\n<meta name=\"twitter:card\" content=\"summary_large_image\" \/>\n<meta name=\"twitter:creator\" content=\"@Billin_ES\" \/>\n<meta name=\"twitter:site\" content=\"@Billin_ES\" \/>\n<meta name=\"twitter:label1\" content=\"Escrito por\" \/>\n\t<meta name=\"twitter:data1\" content=\"Marcos De La Cueva - CEO TeamSystem Facturas Billin\" \/>\n\t<meta name=\"twitter:label2\" content=\"Tiempo de lectura\" \/>\n\t<meta name=\"twitter:data2\" content=\"5 minutos\" \/>\n<script type=\"application\/ld+json\" class=\"yoast-schema-graph\">{\"@context\":\"https:\/\/schema.org\",\"@graph\":[{\"@type\":\"Article\",\"@id\":\"https:\/\/www.billin.net\/blog\/gestion-del-tiempo\/#article\",\"isPartOf\":{\"@id\":\"https:\/\/www.billin.net\/blog\/gestion-del-tiempo\/\"},\"author\":{\"name\":\"Marcos De La Cueva - CEO TeamSystem Facturas Billin\",\"@id\":\"https:\/\/www.billin.net\/blog\/#\/schema\/person\/d0339ee6e869234614541b1e80a793e7\"},\"headline\":\"La gesti\u00f3n del tiempo y planificaci\u00f3n de tareas en el trabajo\",\"datePublished\":\"2020-09-16T09:46:29+00:00\",\"dateModified\":\"2025-09-25T18:44:47+00:00\",\"mainEntityOfPage\":{\"@id\":\"https:\/\/www.billin.net\/blog\/gestion-del-tiempo\/\"},\"wordCount\":1046,\"commentCount\":0,\"publisher\":{\"@id\":\"https:\/\/www.billin.net\/blog\/#organization\"},\"image\":{\"@id\":\"https:\/\/www.billin.net\/blog\/gestion-del-tiempo\/#primaryimage\"},\"thumbnailUrl\":\"https:\/\/www.billin.net\/blog\/wp-content\/uploads\/2020\/09\/Gestio\u0301n-del-tiempo.jpg\",\"articleSection\":[\"Negocios\"],\"inLanguage\":\"es\",\"potentialAction\":[{\"@type\":\"CommentAction\",\"name\":\"Comment\",\"target\":[\"https:\/\/www.billin.net\/blog\/gestion-del-tiempo\/#respond\"]}]},{\"@type\":\"WebPage\",\"@id\":\"https:\/\/www.billin.net\/blog\/gestion-del-tiempo\/\",\"url\":\"https:\/\/www.billin.net\/blog\/gestion-del-tiempo\/\",\"name\":\"La Gesti\u00f3n del Tiempo. M\u00e9todos y Herramientas - TeamSystem Facturas Billin\",\"isPartOf\":{\"@id\":\"https:\/\/www.billin.net\/blog\/#website\"},\"primaryImageOfPage\":{\"@id\":\"https:\/\/www.billin.net\/blog\/gestion-del-tiempo\/#primaryimage\"},\"image\":{\"@id\":\"https:\/\/www.billin.net\/blog\/gestion-del-tiempo\/#primaryimage\"},\"thumbnailUrl\":\"https:\/\/www.billin.net\/blog\/wp-content\/uploads\/2020\/09\/Gestio\u0301n-del-tiempo.jpg\",\"datePublished\":\"2020-09-16T09:46:29+00:00\",\"dateModified\":\"2025-09-25T18:44:47+00:00\",\"description\":\"Si quieres ser m\u00e1s eficiente en el trabajo y en tu vida debes tener controlada la gesti\u00f3n del tiempo. \u00a1Haz clic para ver los m\u00e9todos!\",\"breadcrumb\":{\"@id\":\"https:\/\/www.billin.net\/blog\/gestion-del-tiempo\/#breadcrumb\"},\"inLanguage\":\"es\",\"potentialAction\":[{\"@type\":\"ReadAction\",\"target\":[\"https:\/\/www.billin.net\/blog\/gestion-del-tiempo\/\"]}]},{\"@type\":\"ImageObject\",\"inLanguage\":\"es\",\"@id\":\"https:\/\/www.billin.net\/blog\/gestion-del-tiempo\/#primaryimage\",\"url\":\"https:\/\/www.billin.net\/blog\/wp-content\/uploads\/2020\/09\/Gestio\u0301n-del-tiempo.jpg\",\"contentUrl\":\"https:\/\/www.billin.net\/blog\/wp-content\/uploads\/2020\/09\/Gestio\u0301n-del-tiempo.jpg\",\"width\":1200,\"height\":651,\"caption\":\"gestion del tiempo\"},{\"@type\":\"BreadcrumbList\",\"@id\":\"https:\/\/www.billin.net\/blog\/gestion-del-tiempo\/#breadcrumb\",\"itemListElement\":[{\"@type\":\"ListItem\",\"position\":1,\"name\":\"Blog\",\"item\":\"https:\/\/www.billin.net\/blog\/\"},{\"@type\":\"ListItem\",\"position\":2,\"name\":\"Negocios\",\"item\":\"https:\/\/www.billin.net\/blog\/negocios\/\"},{\"@type\":\"ListItem\",\"position\":3,\"name\":\"La gesti\u00f3n del tiempo y planificaci\u00f3n de tareas en el trabajo\"}]},{\"@type\":\"WebSite\",\"@id\":\"https:\/\/www.billin.net\/blog\/#website\",\"url\":\"https:\/\/www.billin.net\/blog\/\",\"name\":\"Blog de Billin\",\"description\":\"Mantente informado con el blog de TeamSystem Facturas Billin:  facturaci\u00f3n, legislaci\u00f3n, contabilidad, management y toda la informaci\u00f3n \u00fatil para pymes y aut\u00f3nomos.\",\"publisher\":{\"@id\":\"https:\/\/www.billin.net\/blog\/#organization\"},\"potentialAction\":[{\"@type\":\"SearchAction\",\"target\":{\"@type\":\"EntryPoint\",\"urlTemplate\":\"https:\/\/www.billin.net\/blog\/?s={search_term_string}\"},\"query-input\":{\"@type\":\"PropertyValueSpecification\",\"valueRequired\":true,\"valueName\":\"search_term_string\"}}],\"inLanguage\":\"es\"},{\"@type\":\"Organization\",\"@id\":\"https:\/\/www.billin.net\/blog\/#organization\",\"name\":\"Billin\",\"alternateName\":\"Blog de Billin\",\"url\":\"https:\/\/www.billin.net\/blog\/\",\"logo\":{\"@type\":\"ImageObject\",\"inLanguage\":\"es\",\"@id\":\"https:\/\/www.billin.net\/blog\/#\/schema\/logo\/image\/\",\"url\":\"https:\/\/www.billin.net\/blog\/wp-content\/uploads\/2019\/06\/logotipo-billin-blog-1.png\",\"contentUrl\":\"https:\/\/www.billin.net\/blog\/wp-content\/uploads\/2019\/06\/logotipo-billin-blog-1.png\",\"width\":126,\"height\":50,\"caption\":\"Billin\"},\"image\":{\"@id\":\"https:\/\/www.billin.net\/blog\/#\/schema\/logo\/image\/\"},\"sameAs\":[\"https:\/\/www.facebook.com\/EsBillin\",\"https:\/\/x.com\/Billin_ES\",\"https:\/\/www.instagram.com\/billin_es\/\",\"https:\/\/www.linkedin.com\/company\/billin-spain\",\"https:\/\/www.youtube.com\/c\/BillinEsintercambiodefacturas\/\"],\"legalName\":\"MY EXPENSES SL\",\"contactPoint\":{\"@type\":\"ContactPoint\",\"telephone\":\"+34918318883\",\"contactType\":\"customer service\",\"email\":\"info@billin.eu\",\"availableLanguage\":\"es\"},\"foundingDate\":\"2015\",\"numberOfEmployees\":{\"@type\":\"QuantitativeValue\",\"minValue\":10,\"maxValue\":50},\"parentOrganization\":{\"@type\":\"Organization\",\"name\":\"TeamSystem\",\"url\":\"https:\/\/www.teamsystem.com\/\"},\"description\":\"Billin es el programa de facturaci\u00f3n online de TeamSystem para aut\u00f3nomos y pymes en Espa\u00f1a. Permite crear facturas, controlar gastos y cumplir con Verifactu.\",\"address\":{\"@type\":\"PostalAddress\",\"streetAddress\":\"Calle Arturo Soria, 336\",\"addressLocality\":\"Madrid\",\"addressRegion\":\"Madrid\",\"postalCode\":\"28033\",\"addressCountry\":\"ES\"}},{\"@type\":\"Person\",\"@id\":\"https:\/\/www.billin.net\/blog\/#\/schema\/person\/d0339ee6e869234614541b1e80a793e7\",\"name\":\"Marcos De La Cueva - CEO TeamSystem Facturas Billin\",\"image\":{\"@type\":\"ImageObject\",\"inLanguage\":\"es\",\"@id\":\"https:\/\/www.billin.net\/blog\/#\/schema\/person\/image\/\",\"url\":\"https:\/\/www.billin.net\/blog\/wp-content\/uploads\/2023\/10\/marcos-color-150x150.png\",\"contentUrl\":\"https:\/\/www.billin.net\/blog\/wp-content\/uploads\/2023\/10\/marcos-color-150x150.png\",\"caption\":\"Marcos De La Cueva - CEO TeamSystem Facturas Billin\"},\"description\":\"Licenciado en ADE por la Universidad Aut\u00f3noma de Madrid, Marcos De la Cueva es CEO y cofundador de TeamSystem Facturas Billin, un programa online que lleva m\u00e1s de 9 a\u00f1os ayudando a aut\u00f3nomos, peque\u00f1os negocios y gestor\u00edas a digitalizar sus presupuestos, facturas, tickets y gastos. \u00a0 Sobre Marcos De La Cueva \u00a0 Apasionado por el mundo empresarial y la tecnolog\u00eda, curs\u00f3 su M\u00e1ster de Finanzas en la Universidad Pontificia de Comillas y estuvo en el Programa de Cooperaci\u00f3n Educativa de la Universidad Aut\u00f3noma de Madrid. \u00a0 Marcos siempre ha tenido su objetivo claro: ayudar a la creaci\u00f3n de negocios financieramente sostenibles a trav\u00e9s de una herramienta de facturaci\u00f3n que les permita ahorrar tiempo y tener la contabilidad bajo control. \u00a0 Marcos De La Cueva en los medios \u2014 Noticia sobre Kit Digital y Ley Antifraude (VeriFactu) en El Economista. \u2014 Noticia sobre Kit Digital y factura electr\u00f3nica obligatoria en Diario Jur\u00eddico. \u2014 Noticia sobre el a\u00f1o de transici\u00f3n para la factura electr\u00f3nica en Muy Pymes. \u2014 Entrevista sobre factura electr\u00f3nica obligatoria en Canal Sur. \u2014 Noticia sobre el informe factura electr\u00f3nica de TeamSystem en Channel Partner. \u2014 Charla sobre productividad y Ley Crea y Crece en El Economista. \u2014 Charla sobre factura electr\u00f3nica obligatoria en Muy Pymes. \u2014 Charla sobre digitalizaci\u00f3n aut\u00f3nomos y productividad en esdiario. \u2014 Charla sobre productividad y factura electr\u00f3nica en La Raz\u00f3n. \u2014 Charla sobre factura electr\u00f3nica obligatoria en Aut\u00f3nomos y Emprendedores. \u2014 Entrevista sobre Ley Antifraude y Ley Crea y Crece en Expansi\u00f3n. \u2014 Entrevista sobre Ley Antifraude y Ley Crea y Crece en La Raz\u00f3n. \u2014 Entrevista sobre factura electr\u00f3nica obligatoria en El Economista. \u2014 Comunicado Billin y TeamSystem en Business Insider. \u2014 Entrevista en Econom\u00eda Digital. \u2014 Entrevista en Ideas para tu empresa de Vodafone. \u2014 Entrevista en M\u00e1sQradio. \u2014 Entrevista en Armas para emprender de El M\u00e9todo Gallardo. \u2014 Entrevista en KFund. \u2014 Entrevista en AXA Seguros Espa\u00f1a. \u2014 Entrevista en GestionaRadio. \u00a0 Marcos De La Cueva en eventos \u00a0 \u2014 Participaci\u00f3n como ponente en Accountex Espa\u00f1a 2023. \u00a0 Tem\u00e1ticas de especializaci\u00f3n \u00a0 negocios | startups | contabilidad| fiscalidad | empresas| asesor\u00edas| autonomos | emprendedores | peque\u00f1os negocios | econom\u00eda | ADE | pymes | desarrollo de negocio\u00a0\",\"sameAs\":[\"https:\/\/www.billin.net\/\",\"https:\/\/www.linkedin.com\/in\/marcos-de-la-cueva-19750ba3\/\"],\"url\":\"https:\/\/www.billin.net\/blog\/author\/marcosdelacueva\/\",\"jobTitle\":\"CEO y cofundador de TS Facturas Billin\"}]}<\/script>\n<!-- \/ Yoast SEO plugin. -->","yoast_head_json":{"title":"La Gesti\u00f3n del Tiempo. M\u00e9todos y Herramientas - TeamSystem Facturas Billin","description":"Si quieres ser m\u00e1s eficiente en el trabajo y en tu vida debes tener controlada la gesti\u00f3n del tiempo. \u00a1Haz clic para ver los m\u00e9todos!","robots":{"index":"index","follow":"follow","max-snippet":"max-snippet:-1","max-image-preview":"max-image-preview:large","max-video-preview":"max-video-preview:-1"},"canonical":"https:\/\/www.billin.net\/blog\/gestion-del-tiempo\/","og_locale":"es_ES","og_type":"article","og_title":"La Gesti\u00f3n del Tiempo. M\u00e9todos y Herramientas - TeamSystem Facturas Billin","og_description":"Si quieres ser m\u00e1s eficiente en el trabajo y en tu vida debes tener controlada la gesti\u00f3n del tiempo. \u00a1Haz clic para ver los m\u00e9todos!","og_url":"https:\/\/www.billin.net\/blog\/gestion-del-tiempo\/","og_site_name":"Blog de TeamSystem Facturas Billin","article_publisher":"https:\/\/www.facebook.com\/EsBillin","article_published_time":"2020-09-16T09:46:29+00:00","article_modified_time":"2025-09-25T18:44:47+00:00","og_image":[{"width":1200,"height":651,"url":"https:\/\/www.billin.net\/blog\/wp-content\/uploads\/2020\/09\/Gestio\u0301n-del-tiempo.jpg","type":"image\/jpeg"}],"author":"Marcos De La Cueva - CEO TeamSystem Facturas Billin","twitter_card":"summary_large_image","twitter_creator":"@Billin_ES","twitter_site":"@Billin_ES","twitter_misc":{"Escrito por":"Marcos De La Cueva - CEO TeamSystem Facturas Billin","Tiempo de lectura":"5 minutos"},"schema":{"@context":"https:\/\/schema.org","@graph":[{"@type":"Article","@id":"https:\/\/www.billin.net\/blog\/gestion-del-tiempo\/#article","isPartOf":{"@id":"https:\/\/www.billin.net\/blog\/gestion-del-tiempo\/"},"author":{"name":"Marcos De La Cueva - CEO TeamSystem Facturas Billin","@id":"https:\/\/www.billin.net\/blog\/#\/schema\/person\/d0339ee6e869234614541b1e80a793e7"},"headline":"La gesti\u00f3n del tiempo y planificaci\u00f3n de tareas en el trabajo","datePublished":"2020-09-16T09:46:29+00:00","dateModified":"2025-09-25T18:44:47+00:00","mainEntityOfPage":{"@id":"https:\/\/www.billin.net\/blog\/gestion-del-tiempo\/"},"wordCount":1046,"commentCount":0,"publisher":{"@id":"https:\/\/www.billin.net\/blog\/#organization"},"image":{"@id":"https:\/\/www.billin.net\/blog\/gestion-del-tiempo\/#primaryimage"},"thumbnailUrl":"https:\/\/www.billin.net\/blog\/wp-content\/uploads\/2020\/09\/Gestio\u0301n-del-tiempo.jpg","articleSection":["Negocios"],"inLanguage":"es","potentialAction":[{"@type":"CommentAction","name":"Comment","target":["https:\/\/www.billin.net\/blog\/gestion-del-tiempo\/#respond"]}]},{"@type":"WebPage","@id":"https:\/\/www.billin.net\/blog\/gestion-del-tiempo\/","url":"https:\/\/www.billin.net\/blog\/gestion-del-tiempo\/","name":"La Gesti\u00f3n del Tiempo. M\u00e9todos y Herramientas - TeamSystem Facturas Billin","isPartOf":{"@id":"https:\/\/www.billin.net\/blog\/#website"},"primaryImageOfPage":{"@id":"https:\/\/www.billin.net\/blog\/gestion-del-tiempo\/#primaryimage"},"image":{"@id":"https:\/\/www.billin.net\/blog\/gestion-del-tiempo\/#primaryimage"},"thumbnailUrl":"https:\/\/www.billin.net\/blog\/wp-content\/uploads\/2020\/09\/Gestio\u0301n-del-tiempo.jpg","datePublished":"2020-09-16T09:46:29+00:00","dateModified":"2025-09-25T18:44:47+00:00","description":"Si quieres ser m\u00e1s eficiente en el trabajo y en tu vida debes tener controlada la gesti\u00f3n del tiempo. \u00a1Haz clic para ver los m\u00e9todos!","breadcrumb":{"@id":"https:\/\/www.billin.net\/blog\/gestion-del-tiempo\/#breadcrumb"},"inLanguage":"es","potentialAction":[{"@type":"ReadAction","target":["https:\/\/www.billin.net\/blog\/gestion-del-tiempo\/"]}]},{"@type":"ImageObject","inLanguage":"es","@id":"https:\/\/www.billin.net\/blog\/gestion-del-tiempo\/#primaryimage","url":"https:\/\/www.billin.net\/blog\/wp-content\/uploads\/2020\/09\/Gestio\u0301n-del-tiempo.jpg","contentUrl":"https:\/\/www.billin.net\/blog\/wp-content\/uploads\/2020\/09\/Gestio\u0301n-del-tiempo.jpg","width":1200,"height":651,"caption":"gestion del tiempo"},{"@type":"BreadcrumbList","@id":"https:\/\/www.billin.net\/blog\/gestion-del-tiempo\/#breadcrumb","itemListElement":[{"@type":"ListItem","position":1,"name":"Blog","item":"https:\/\/www.billin.net\/blog\/"},{"@type":"ListItem","position":2,"name":"Negocios","item":"https:\/\/www.billin.net\/blog\/negocios\/"},{"@type":"ListItem","position":3,"name":"La gesti\u00f3n del tiempo y planificaci\u00f3n de tareas en el trabajo"}]},{"@type":"WebSite","@id":"https:\/\/www.billin.net\/blog\/#website","url":"https:\/\/www.billin.net\/blog\/","name":"Blog de Billin","description":"Mantente informado con el blog de TeamSystem Facturas Billin:  facturaci\u00f3n, legislaci\u00f3n, contabilidad, management y toda la informaci\u00f3n \u00fatil para pymes y aut\u00f3nomos.","publisher":{"@id":"https:\/\/www.billin.net\/blog\/#organization"},"potentialAction":[{"@type":"SearchAction","target":{"@type":"EntryPoint","urlTemplate":"https:\/\/www.billin.net\/blog\/?s={search_term_string}"},"query-input":{"@type":"PropertyValueSpecification","valueRequired":true,"valueName":"search_term_string"}}],"inLanguage":"es"},{"@type":"Organization","@id":"https:\/\/www.billin.net\/blog\/#organization","name":"Billin","alternateName":"Blog de Billin","url":"https:\/\/www.billin.net\/blog\/","logo":{"@type":"ImageObject","inLanguage":"es","@id":"https:\/\/www.billin.net\/blog\/#\/schema\/logo\/image\/","url":"https:\/\/www.billin.net\/blog\/wp-content\/uploads\/2019\/06\/logotipo-billin-blog-1.png","contentUrl":"https:\/\/www.billin.net\/blog\/wp-content\/uploads\/2019\/06\/logotipo-billin-blog-1.png","width":126,"height":50,"caption":"Billin"},"image":{"@id":"https:\/\/www.billin.net\/blog\/#\/schema\/logo\/image\/"},"sameAs":["https:\/\/www.facebook.com\/EsBillin","https:\/\/x.com\/Billin_ES","https:\/\/www.instagram.com\/billin_es\/","https:\/\/www.linkedin.com\/company\/billin-spain","https:\/\/www.youtube.com\/c\/BillinEsintercambiodefacturas\/"],"legalName":"MY EXPENSES SL","contactPoint":{"@type":"ContactPoint","telephone":"+34918318883","contactType":"customer service","email":"info@billin.eu","availableLanguage":"es"},"foundingDate":"2015","numberOfEmployees":{"@type":"QuantitativeValue","minValue":10,"maxValue":50},"parentOrganization":{"@type":"Organization","name":"TeamSystem","url":"https:\/\/www.teamsystem.com\/"},"description":"Billin es el programa de facturaci\u00f3n online de TeamSystem para aut\u00f3nomos y pymes en Espa\u00f1a. Permite crear facturas, controlar gastos y cumplir con Verifactu.","address":{"@type":"PostalAddress","streetAddress":"Calle Arturo Soria, 336","addressLocality":"Madrid","addressRegion":"Madrid","postalCode":"28033","addressCountry":"ES"}},{"@type":"Person","@id":"https:\/\/www.billin.net\/blog\/#\/schema\/person\/d0339ee6e869234614541b1e80a793e7","name":"Marcos De La Cueva - CEO TeamSystem Facturas Billin","image":{"@type":"ImageObject","inLanguage":"es","@id":"https:\/\/www.billin.net\/blog\/#\/schema\/person\/image\/","url":"https:\/\/www.billin.net\/blog\/wp-content\/uploads\/2023\/10\/marcos-color-150x150.png","contentUrl":"https:\/\/www.billin.net\/blog\/wp-content\/uploads\/2023\/10\/marcos-color-150x150.png","caption":"Marcos De La Cueva - CEO TeamSystem Facturas Billin"},"description":"Licenciado en ADE por la Universidad Aut\u00f3noma de Madrid, Marcos De la Cueva es CEO y cofundador de TeamSystem Facturas Billin, un programa online que lleva m\u00e1s de 9 a\u00f1os ayudando a aut\u00f3nomos, peque\u00f1os negocios y gestor\u00edas a digitalizar sus presupuestos, facturas, tickets y gastos. \u00a0 Sobre Marcos De La Cueva \u00a0 Apasionado por el mundo empresarial y la tecnolog\u00eda, curs\u00f3 su M\u00e1ster de Finanzas en la Universidad Pontificia de Comillas y estuvo en el Programa de Cooperaci\u00f3n Educativa de la Universidad Aut\u00f3noma de Madrid. \u00a0 Marcos siempre ha tenido su objetivo claro: ayudar a la creaci\u00f3n de negocios financieramente sostenibles a trav\u00e9s de una herramienta de facturaci\u00f3n que les permita ahorrar tiempo y tener la contabilidad bajo control. \u00a0 Marcos De La Cueva en los medios \u2014 Noticia sobre Kit Digital y Ley Antifraude (VeriFactu) en El Economista. \u2014 Noticia sobre Kit Digital y factura electr\u00f3nica obligatoria en Diario Jur\u00eddico. \u2014 Noticia sobre el a\u00f1o de transici\u00f3n para la factura electr\u00f3nica en Muy Pymes. \u2014 Entrevista sobre factura electr\u00f3nica obligatoria en Canal Sur. \u2014 Noticia sobre el informe factura electr\u00f3nica de TeamSystem en Channel Partner. \u2014 Charla sobre productividad y Ley Crea y Crece en El Economista. \u2014 Charla sobre factura electr\u00f3nica obligatoria en Muy Pymes. \u2014 Charla sobre digitalizaci\u00f3n aut\u00f3nomos y productividad en esdiario. \u2014 Charla sobre productividad y factura electr\u00f3nica en La Raz\u00f3n. \u2014 Charla sobre factura electr\u00f3nica obligatoria en Aut\u00f3nomos y Emprendedores. \u2014 Entrevista sobre Ley Antifraude y Ley Crea y Crece en Expansi\u00f3n. \u2014 Entrevista sobre Ley Antifraude y Ley Crea y Crece en La Raz\u00f3n. \u2014 Entrevista sobre factura electr\u00f3nica obligatoria en El Economista. \u2014 Comunicado Billin y TeamSystem en Business Insider. \u2014 Entrevista en Econom\u00eda Digital. \u2014 Entrevista en Ideas para tu empresa de Vodafone. \u2014 Entrevista en M\u00e1sQradio. \u2014 Entrevista en Armas para emprender de El M\u00e9todo Gallardo. \u2014 Entrevista en KFund. \u2014 Entrevista en AXA Seguros Espa\u00f1a. \u2014 Entrevista en GestionaRadio. \u00a0 Marcos De La Cueva en eventos \u00a0 \u2014 Participaci\u00f3n como ponente en Accountex Espa\u00f1a 2023. \u00a0 Tem\u00e1ticas de especializaci\u00f3n \u00a0 negocios | startups | contabilidad| fiscalidad | empresas| asesor\u00edas| autonomos | emprendedores | peque\u00f1os negocios | econom\u00eda | ADE | pymes | desarrollo de negocio\u00a0","sameAs":["https:\/\/www.billin.net\/","https:\/\/www.linkedin.com\/in\/marcos-de-la-cueva-19750ba3\/"],"url":"https:\/\/www.billin.net\/blog\/author\/marcosdelacueva\/","jobTitle":"CEO y cofundador de TS Facturas Billin"}]}},"_links":{"self":[{"href":"https:\/\/www.billin.net\/blog\/wp-json\/wp\/v2\/posts\/16430","targetHints":{"allow":["GET"]}}],"collection":[{"href":"https:\/\/www.billin.net\/blog\/wp-json\/wp\/v2\/posts"}],"about":[{"href":"https:\/\/www.billin.net\/blog\/wp-json\/wp\/v2\/types\/post"}],"author":[{"embeddable":true,"href":"https:\/\/www.billin.net\/blog\/wp-json\/wp\/v2\/users\/20"}],"replies":[{"embeddable":true,"href":"https:\/\/www.billin.net\/blog\/wp-json\/wp\/v2\/comments?post=16430"}],"version-history":[{"count":7,"href":"https:\/\/www.billin.net\/blog\/wp-json\/wp\/v2\/posts\/16430\/revisions"}],"predecessor-version":[{"id":27737,"href":"https:\/\/www.billin.net\/blog\/wp-json\/wp\/v2\/posts\/16430\/revisions\/27737"}],"wp:featuredmedia":[{"embeddable":true,"href":"https:\/\/www.billin.net\/blog\/wp-json\/wp\/v2\/media\/16431"}],"wp:attachment":[{"href":"https:\/\/www.billin.net\/blog\/wp-json\/wp\/v2\/media?parent=16430"}],"wp:term":[{"taxonomy":"category","embeddable":true,"href":"https:\/\/www.billin.net\/blog\/wp-json\/wp\/v2\/categories?post=16430"},{"taxonomy":"post_tag","embeddable":true,"href":"https:\/\/www.billin.net\/blog\/wp-json\/wp\/v2\/tags?post=16430"}],"curies":[{"name":"wp","href":"https:\/\/api.w.org\/{rel}","templated":true}]}}