{"id":16139,"date":"2020-08-11T15:02:21","date_gmt":"2020-08-11T13:02:21","guid":{"rendered":"https:\/\/www.billin.net\/blog\/?p=16139"},"modified":"2025-09-25T20:45:22","modified_gmt":"2025-09-25T18:45:22","slug":"seguro-responsabilidad-civil-empresas","status":"publish","type":"post","link":"https:\/\/www.billin.net\/blog\/seguro-responsabilidad-civil-empresas\/","title":{"rendered":"\u00bfQu\u00e9 es un seguro de responsabilidad civil para empresas?"},"content":{"rendered":"<p>Si quieres conocer todo lo relacionado con el seguro de responsabilidad civil para empresas visita nuestro art\u00edculo e inf\u00f3rmate de lo que debes tener en cuenta y si est\u00e1s obligado a tenerlo presente.<\/p>\n<p><!--more--><\/p>\n<h2><strong>\u00bfQu\u00e9 es la responsabilidad civil de las empresas?<\/strong><\/h2>\n<p>Los <strong>seguros de responsabilidad civil para empresas<\/strong> sirven para reparar los da\u00f1os f\u00edsicos, materiales o inmateriales que se generen a un tercero.<\/p>\n<p>Con estos <strong>seguros para empresas<\/strong> se protege tanto el producto inmovilizado o en tr\u00e1nsito de la propia empresa, como los posibles da\u00f1os que se pudieran causar a otra persona.<\/p>\n<p>Veamos <strong><em>las condiciones<\/em><\/strong> que presenta esta responsabilidad civil:<\/p>\n<ul>\n<li>La acci\u00f3n se realizar\u00e1 por la persona presuntamente responsable.<\/li>\n<li>Se lleva a cabo un hecho il\u00edcito.<\/li>\n<li>La culpabilidad de la persona responsable vendr\u00e1 causada por la falta de previsibilidad en el da\u00f1o o en la intencionalidad.<\/li>\n<li>Producir el da\u00f1o a un tercero.<\/li>\n<li>Consecuencia directa de dicha acci\u00f3n u omisi\u00f3n.<\/li>\n<\/ul>\n<p>Estos <strong>seguros de responsabilidad civil para empresas<\/strong> nos garantizan la contrataci\u00f3n sobre distintas actividades, ser\u00e1n personalizados, podr\u00e1s contratar una p\u00f3liza de Suma Asegurada, bien por un siniestro o por v\u00edctima, con un amplio \u00e1mbito geogr\u00e1fico y con la flexibilidad necesaria seg\u00fan tu actividad.<\/p>\n<p>Se consigue una protecci\u00f3n frente a reclamaciones por da\u00f1os causados a terceros dentro de la actividad de la empresa.<\/p>\n<p>Cuando se produce un siniestro, la empresa aseguradora, te ofrecer\u00e1 una defensa jur\u00eddica y la garant\u00eda de fianza que puedan ser exigida judicialmente.<\/p>\n<h2><strong>\u00bfQu\u00e9 cubre el seguro de responsabilidad civil de las empresas?<\/strong><\/h2>\n<p>Dentro de todas las <strong><em>coberturas<\/em><\/strong> posibles de responsabilidad civil podemos encontrarnos las siguientes:<\/p>\n<ul>\n<li><strong>Explotaci\u00f3n<\/strong>: nos referimos a los da\u00f1os indemnizables por el desempe\u00f1o de la actividad empresarial que hayamos causado a un tercero<\/li>\n<li><strong>Inmobiliaria<\/strong>: recoge los da\u00f1os materiales y personales por las edificaciones de propiedad<\/li>\n<li><strong>Locativa:<\/strong> los da\u00f1os materiales ocasionados en edificaciones donde el asegurado es el inquilino y desarrolla diversas actividades<\/li>\n<li><strong>Patronal:<\/strong> recoge los da\u00f1os personales de los empleados, que vengan causados por un accidente laboral<\/li>\n<li><strong>Subsidiaria<\/strong>: los da\u00f1os personales y materiales causados por subcontratistas o empleados de ellos<\/li>\n<li><strong>Cruzada<\/strong>: cubre los da\u00f1os causados a los empleados de los subcontratistas<\/li>\n<li><strong>Posteriores a trabajos<\/strong>: recoger\u00e1n todos los da\u00f1os personales y materiales que puedan recibirse despu\u00e9s de finalizar los trabajos<\/li>\n<li><strong>Productos<\/strong>: se incluyen los da\u00f1os materiales o personales que se puedan recibir por productos que se hayan distribuido o fabricado<\/li>\n<li><strong>Profesionales<\/strong>: esta cobertura recoge todas las reclamaciones provocadas por actos profesionales err\u00f3neos a la hora de ejercer una actividad profesional<\/li>\n<\/ul>\n<h2><strong>\u00bfSon obligatorios los seguros de responsabilidad civil para empresas?<\/strong><\/h2>\n<p>Seg\u00fan el sector al que pertenezcas, su normativa espec\u00edfica determinar\u00e1 cuando es o no obligatorio el seguro de responsabilidad civil y sus cuant\u00edas m\u00ednimas.<\/p>\n<p>A la hora de <a href=\"https:\/\/www.billin.net\/blog\/crear-una-empresa\/\" target=\"_blank\" rel=\"noopener noreferrer\">crear una empresa<\/a>, <strong>la Administraci\u00f3n nos informar\u00e1 de si nuestra actividad determina una obligaci\u00f3n en el seguro de responsabilidad civil.<\/strong><\/p>\n<p>En el caso de que venga establecido legalmente su obligatoriedad, ser\u00e1 un instrumento de seguridad tanto para los usuarios como para los propios empresarios y aut\u00f3nomos, ya que, cualquier incidencia no paralizar\u00e1 su negocio.<\/p>\n<p>Adem\u00e1s, aunque no fuera obligatorio, si es recomendable su contrataci\u00f3n, ya que, cubrir\u00eda la reparaci\u00f3n de un da\u00f1o personal o material a otras personas, siempre que sea provocado por nuestras acciones u omisiones.<\/p>\n<p>Este tipo de seguro nos generar\u00e1 muchas ventajas con respecto a los consumidores y al propio empresario, ya que, no podr\u00edan asumir los riesgos que pueden generar ciertas actividades, como, por ejemplo, los viajes, la seguridad, el transporte, etc.<\/p>\n<h2><strong>Listado de algunos de los mejores seguros de responsabilidad civil para empresas<\/strong><\/h2>\n<p>Veamos un ranking para el a\u00f1o 2020 de <strong>los mejores seguros de responsabilidad civil para empresas<\/strong>, las cuales pueden enfrentarse a un coste en indemnizaciones que no puedan cubrir:<\/p>\n<ul>\n<li>El seguro de Responsabilidad Civil de <strong><u>Mapfre<\/u><\/strong>: cubre actividades agrarias y ganaderas, explotaciones agr\u00edcolas, maquinaria agr\u00edcola, cooperativas agroalimentarias, f\u00e1brica de piensos, actividades fitosanitarias, empresas servicios forestales, instalaci\u00f3n y distribuci\u00f3n de energ\u00eda, cotos de caza, comunidad de regantes, etc.<\/li>\n<li>El seguro de Responsabilidad Civil de <strong><u>Allianz<\/u><\/strong>: cubre actividades de industria y comercio, agropecuaria, construcci\u00f3n, ocio y tiempo libre, profesionales de la ense\u00f1anza, etc.<\/li>\n<li>El seguro de Responsabilidad Civil de <strong><u>Zurich<\/u><\/strong>: protege posibles infracciones de responsabilidad medioambiental, responsabilidad profesional, gastos de defensa, propiedad industrial, etc.<\/li>\n<li>El seguro de Responsabilidad Civil de <strong><u>Axa<\/u><\/strong>: para empresas de la construcci\u00f3n y empresas Start up.<\/li>\n<li>El seguro de Responsabilidad Civil de <strong><u>Hiscox<\/u><\/strong>: cubre aquellos errores cometidos durante el desarrollo de una actividad que pueda generar un perjuicio econ\u00f3mico, se incluyen m\u00e1s de 150 actividades profesionales<\/li>\n<li>El seguro de Responsabilidad Civil de <strong>SingularCover<\/strong>: Con soporte y totalmente personalizado y a medida para tu empresa.<\/li>\n<\/ul>\n<p>Un seguro responsabilidad civil para empresas es importante para estar protegido en muchos casos en los que puedes tener incidentes incontrolables. Como no todos los negocios son iguales lo ideal es contratar uno que se adapte a tus necesidades.<\/p>\n","protected":false},"excerpt":{"rendered":"<p>Si quieres conocer todo lo relacionado con el seguro de responsabilidad civil para empresas visita nuestro art\u00edculo e inf\u00f3rmate de lo que debes tener en cuenta y si est\u00e1s obligado a tenerlo presente.<\/p>\n","protected":false},"author":20,"featured_media":16140,"comment_status":"open","ping_status":"open","sticky":false,"template":"","format":"standard","meta":{"_acf_changed":false,"_et_pb_use_builder":"","_et_pb_old_content":"","_et_gb_content_width":"","om_disable_all_campaigns":false,"inline_featured_image":false,"footnotes":""},"categories":[1014],"tags":[1381],"class_list":{"0":"post-16139","1":"post","2":"type-post","3":"status-publish","4":"format-standard","5":"has-post-thumbnail","7":"category-fiscalidad","8":"tag-pymes"},"acf":{"selector_de_usuario":"","fecha_de_revision":null},"yoast_head":"<!-- This site is optimized with the Yoast SEO plugin v27.1 - https:\/\/yoast.com\/product\/yoast-seo-wordpress\/ -->\n<title>Seguro de responsabilidad civil para empresas | TeamSystem Facturas Billin<\/title>\n<meta name=\"description\" content=\"Si quieres conocer todo lo relacionado con el seguro de responsabilidad civil para empresas visita nuestro art\u00edculo e informate.\" \/>\n<meta name=\"robots\" content=\"index, follow, max-snippet:-1, max-image-preview:large, max-video-preview:-1\" \/>\n<link rel=\"canonical\" href=\"https:\/\/www.billin.net\/blog\/seguro-responsabilidad-civil-empresas\/\" \/>\n<meta property=\"og:locale\" content=\"es_ES\" \/>\n<meta property=\"og:type\" content=\"article\" \/>\n<meta property=\"og:title\" content=\"Seguro de responsabilidad civil para empresas | TeamSystem Facturas Billin\" \/>\n<meta property=\"og:description\" content=\"Si quieres conocer todo lo relacionado con el seguro de responsabilidad civil para empresas visita nuestro art\u00edculo e informate.\" \/>\n<meta property=\"og:url\" content=\"https:\/\/www.billin.net\/blog\/seguro-responsabilidad-civil-empresas\/\" \/>\n<meta property=\"og:site_name\" content=\"Blog de TeamSystem Facturas Billin\" \/>\n<meta property=\"article:publisher\" content=\"https:\/\/www.facebook.com\/EsBillin\" \/>\n<meta property=\"article:published_time\" content=\"2020-08-11T13:02:21+00:00\" \/>\n<meta property=\"article:modified_time\" content=\"2025-09-25T18:45:22+00:00\" \/>\n<meta property=\"og:image\" content=\"https:\/\/www.billin.net\/blog\/wp-content\/uploads\/2020\/08\/Seguro-responsabilidad-civil-empresas.jpeg\" \/>\n\t<meta property=\"og:image:width\" content=\"1880\" \/>\n\t<meta property=\"og:image:height\" content=\"1255\" \/>\n\t<meta property=\"og:image:type\" content=\"image\/jpeg\" \/>\n<meta name=\"author\" content=\"Marcos De La Cueva - CEO TeamSystem Facturas Billin\" \/>\n<meta name=\"twitter:card\" content=\"summary_large_image\" \/>\n<meta name=\"twitter:creator\" content=\"@Billin_ES\" \/>\n<meta name=\"twitter:site\" content=\"@Billin_ES\" \/>\n<meta name=\"twitter:label1\" content=\"Escrito por\" \/>\n\t<meta name=\"twitter:data1\" content=\"Marcos De La Cueva - CEO TeamSystem Facturas Billin\" \/>\n\t<meta name=\"twitter:label2\" content=\"Tiempo de lectura\" \/>\n\t<meta name=\"twitter:data2\" content=\"4 minutos\" \/>\n<script type=\"application\/ld+json\" class=\"yoast-schema-graph\">{\"@context\":\"https:\/\/schema.org\",\"@graph\":[{\"@type\":\"Article\",\"@id\":\"https:\/\/www.billin.net\/blog\/seguro-responsabilidad-civil-empresas\/#article\",\"isPartOf\":{\"@id\":\"https:\/\/www.billin.net\/blog\/seguro-responsabilidad-civil-empresas\/\"},\"author\":{\"name\":\"Marcos De La Cueva - CEO TeamSystem Facturas Billin\",\"@id\":\"https:\/\/www.billin.net\/blog\/#\/schema\/person\/d0339ee6e869234614541b1e80a793e7\"},\"headline\":\"\u00bfQu\u00e9 es un seguro de responsabilidad civil para empresas?\",\"datePublished\":\"2020-08-11T13:02:21+00:00\",\"dateModified\":\"2025-09-25T18:45:22+00:00\",\"mainEntityOfPage\":{\"@id\":\"https:\/\/www.billin.net\/blog\/seguro-responsabilidad-civil-empresas\/\"},\"wordCount\":862,\"commentCount\":0,\"publisher\":{\"@id\":\"https:\/\/www.billin.net\/blog\/#organization\"},\"image\":{\"@id\":\"https:\/\/www.billin.net\/blog\/seguro-responsabilidad-civil-empresas\/#primaryimage\"},\"thumbnailUrl\":\"https:\/\/www.billin.net\/blog\/wp-content\/uploads\/2020\/08\/Seguro-responsabilidad-civil-empresas.jpeg\",\"keywords\":[\"Pymes\"],\"articleSection\":[\"Fiscalidad\"],\"inLanguage\":\"es\",\"potentialAction\":[{\"@type\":\"CommentAction\",\"name\":\"Comment\",\"target\":[\"https:\/\/www.billin.net\/blog\/seguro-responsabilidad-civil-empresas\/#respond\"]}]},{\"@type\":\"WebPage\",\"@id\":\"https:\/\/www.billin.net\/blog\/seguro-responsabilidad-civil-empresas\/\",\"url\":\"https:\/\/www.billin.net\/blog\/seguro-responsabilidad-civil-empresas\/\",\"name\":\"Seguro de responsabilidad civil para empresas | TeamSystem Facturas Billin\",\"isPartOf\":{\"@id\":\"https:\/\/www.billin.net\/blog\/#website\"},\"primaryImageOfPage\":{\"@id\":\"https:\/\/www.billin.net\/blog\/seguro-responsabilidad-civil-empresas\/#primaryimage\"},\"image\":{\"@id\":\"https:\/\/www.billin.net\/blog\/seguro-responsabilidad-civil-empresas\/#primaryimage\"},\"thumbnailUrl\":\"https:\/\/www.billin.net\/blog\/wp-content\/uploads\/2020\/08\/Seguro-responsabilidad-civil-empresas.jpeg\",\"datePublished\":\"2020-08-11T13:02:21+00:00\",\"dateModified\":\"2025-09-25T18:45:22+00:00\",\"description\":\"Si quieres conocer todo lo relacionado con el seguro de responsabilidad civil para empresas visita nuestro art\u00edculo e informate.\",\"breadcrumb\":{\"@id\":\"https:\/\/www.billin.net\/blog\/seguro-responsabilidad-civil-empresas\/#breadcrumb\"},\"inLanguage\":\"es\",\"potentialAction\":[{\"@type\":\"ReadAction\",\"target\":[\"https:\/\/www.billin.net\/blog\/seguro-responsabilidad-civil-empresas\/\"]}]},{\"@type\":\"ImageObject\",\"inLanguage\":\"es\",\"@id\":\"https:\/\/www.billin.net\/blog\/seguro-responsabilidad-civil-empresas\/#primaryimage\",\"url\":\"https:\/\/www.billin.net\/blog\/wp-content\/uploads\/2020\/08\/Seguro-responsabilidad-civil-empresas.jpeg\",\"contentUrl\":\"https:\/\/www.billin.net\/blog\/wp-content\/uploads\/2020\/08\/Seguro-responsabilidad-civil-empresas.jpeg\",\"width\":1880,\"height\":1255,\"caption\":\"seguro responsabilidad civil empresas\"},{\"@type\":\"BreadcrumbList\",\"@id\":\"https:\/\/www.billin.net\/blog\/seguro-responsabilidad-civil-empresas\/#breadcrumb\",\"itemListElement\":[{\"@type\":\"ListItem\",\"position\":1,\"name\":\"Blog\",\"item\":\"https:\/\/www.billin.net\/blog\/\"},{\"@type\":\"ListItem\",\"position\":2,\"name\":\"Fiscalidad\",\"item\":\"https:\/\/www.billin.net\/blog\/fiscalidad\/\"},{\"@type\":\"ListItem\",\"position\":3,\"name\":\"\u00bfQu\u00e9 es un seguro de responsabilidad civil para empresas?\"}]},{\"@type\":\"WebSite\",\"@id\":\"https:\/\/www.billin.net\/blog\/#website\",\"url\":\"https:\/\/www.billin.net\/blog\/\",\"name\":\"Blog de Billin\",\"description\":\"Mantente informado con el blog de TeamSystem Facturas Billin:  facturaci\u00f3n, legislaci\u00f3n, contabilidad, management y toda la informaci\u00f3n \u00fatil para pymes y aut\u00f3nomos.\",\"publisher\":{\"@id\":\"https:\/\/www.billin.net\/blog\/#organization\"},\"potentialAction\":[{\"@type\":\"SearchAction\",\"target\":{\"@type\":\"EntryPoint\",\"urlTemplate\":\"https:\/\/www.billin.net\/blog\/?s={search_term_string}\"},\"query-input\":{\"@type\":\"PropertyValueSpecification\",\"valueRequired\":true,\"valueName\":\"search_term_string\"}}],\"inLanguage\":\"es\"},{\"@type\":\"Organization\",\"@id\":\"https:\/\/www.billin.net\/blog\/#organization\",\"name\":\"Billin\",\"alternateName\":\"Blog de Billin\",\"url\":\"https:\/\/www.billin.net\/blog\/\",\"logo\":{\"@type\":\"ImageObject\",\"inLanguage\":\"es\",\"@id\":\"https:\/\/www.billin.net\/blog\/#\/schema\/logo\/image\/\",\"url\":\"https:\/\/www.billin.net\/blog\/wp-content\/uploads\/2019\/06\/logotipo-billin-blog-1.png\",\"contentUrl\":\"https:\/\/www.billin.net\/blog\/wp-content\/uploads\/2019\/06\/logotipo-billin-blog-1.png\",\"width\":126,\"height\":50,\"caption\":\"Billin\"},\"image\":{\"@id\":\"https:\/\/www.billin.net\/blog\/#\/schema\/logo\/image\/\"},\"sameAs\":[\"https:\/\/www.facebook.com\/EsBillin\",\"https:\/\/x.com\/Billin_ES\",\"https:\/\/www.instagram.com\/billin_es\/\",\"https:\/\/www.linkedin.com\/company\/billin-spain\",\"https:\/\/www.youtube.com\/c\/BillinEsintercambiodefacturas\/\"],\"legalName\":\"MY EXPENSES SL\",\"contactPoint\":{\"@type\":\"ContactPoint\",\"telephone\":\"+34918318883\",\"contactType\":\"customer service\",\"email\":\"info@billin.eu\",\"availableLanguage\":\"es\"},\"foundingDate\":\"2015\",\"numberOfEmployees\":{\"@type\":\"QuantitativeValue\",\"minValue\":10,\"maxValue\":50},\"parentOrganization\":{\"@type\":\"Organization\",\"name\":\"TeamSystem\",\"url\":\"https:\/\/www.teamsystem.com\/\"},\"description\":\"Billin es el programa de facturaci\u00f3n online de TeamSystem para aut\u00f3nomos y pymes en Espa\u00f1a. Permite crear facturas, controlar gastos y cumplir con Verifactu.\",\"address\":{\"@type\":\"PostalAddress\",\"streetAddress\":\"Calle Arturo Soria, 336\",\"addressLocality\":\"Madrid\",\"addressRegion\":\"Madrid\",\"postalCode\":\"28033\",\"addressCountry\":\"ES\"}},{\"@type\":\"Person\",\"@id\":\"https:\/\/www.billin.net\/blog\/#\/schema\/person\/d0339ee6e869234614541b1e80a793e7\",\"name\":\"Marcos De La Cueva - CEO TeamSystem Facturas Billin\",\"image\":{\"@type\":\"ImageObject\",\"inLanguage\":\"es\",\"@id\":\"https:\/\/www.billin.net\/blog\/#\/schema\/person\/image\/\",\"url\":\"https:\/\/www.billin.net\/blog\/wp-content\/uploads\/2023\/10\/marcos-color-150x150.png\",\"contentUrl\":\"https:\/\/www.billin.net\/blog\/wp-content\/uploads\/2023\/10\/marcos-color-150x150.png\",\"caption\":\"Marcos De La Cueva - CEO TeamSystem Facturas Billin\"},\"description\":\"Licenciado en ADE por la Universidad Aut\u00f3noma de Madrid, Marcos De la Cueva es CEO y cofundador de TeamSystem Facturas Billin, un programa online que lleva m\u00e1s de 9 a\u00f1os ayudando a aut\u00f3nomos, peque\u00f1os negocios y gestor\u00edas a digitalizar sus presupuestos, facturas, tickets y gastos. \u00a0 Sobre Marcos De La Cueva \u00a0 Apasionado por el mundo empresarial y la tecnolog\u00eda, curs\u00f3 su M\u00e1ster de Finanzas en la Universidad Pontificia de Comillas y estuvo en el Programa de Cooperaci\u00f3n Educativa de la Universidad Aut\u00f3noma de Madrid. \u00a0 Marcos siempre ha tenido su objetivo claro: ayudar a la creaci\u00f3n de negocios financieramente sostenibles a trav\u00e9s de una herramienta de facturaci\u00f3n que les permita ahorrar tiempo y tener la contabilidad bajo control. \u00a0 Marcos De La Cueva en los medios \u2014 Noticia sobre Kit Digital y Ley Antifraude (VeriFactu) en El Economista. \u2014 Noticia sobre Kit Digital y factura electr\u00f3nica obligatoria en Diario Jur\u00eddico. \u2014 Noticia sobre el a\u00f1o de transici\u00f3n para la factura electr\u00f3nica en Muy Pymes. \u2014 Entrevista sobre factura electr\u00f3nica obligatoria en Canal Sur. \u2014 Noticia sobre el informe factura electr\u00f3nica de TeamSystem en Channel Partner. \u2014 Charla sobre productividad y Ley Crea y Crece en El Economista. \u2014 Charla sobre factura electr\u00f3nica obligatoria en Muy Pymes. \u2014 Charla sobre digitalizaci\u00f3n aut\u00f3nomos y productividad en esdiario. \u2014 Charla sobre productividad y factura electr\u00f3nica en La Raz\u00f3n. \u2014 Charla sobre factura electr\u00f3nica obligatoria en Aut\u00f3nomos y Emprendedores. \u2014 Entrevista sobre Ley Antifraude y Ley Crea y Crece en Expansi\u00f3n. \u2014 Entrevista sobre Ley Antifraude y Ley Crea y Crece en La Raz\u00f3n. \u2014 Entrevista sobre factura electr\u00f3nica obligatoria en El Economista. \u2014 Comunicado Billin y TeamSystem en Business Insider. \u2014 Entrevista en Econom\u00eda Digital. \u2014 Entrevista en Ideas para tu empresa de Vodafone. \u2014 Entrevista en M\u00e1sQradio. \u2014 Entrevista en Armas para emprender de El M\u00e9todo Gallardo. \u2014 Entrevista en KFund. \u2014 Entrevista en AXA Seguros Espa\u00f1a. \u2014 Entrevista en GestionaRadio. \u00a0 Marcos De La Cueva en eventos \u00a0 \u2014 Participaci\u00f3n como ponente en Accountex Espa\u00f1a 2023. \u00a0 Tem\u00e1ticas de especializaci\u00f3n \u00a0 negocios | startups | contabilidad| fiscalidad | empresas| asesor\u00edas| autonomos | emprendedores | peque\u00f1os negocios | econom\u00eda | ADE | pymes | desarrollo de negocio\u00a0\",\"sameAs\":[\"https:\/\/www.billin.net\/\",\"https:\/\/www.linkedin.com\/in\/marcos-de-la-cueva-19750ba3\/\"],\"url\":\"https:\/\/www.billin.net\/blog\/author\/marcosdelacueva\/\",\"jobTitle\":\"CEO y cofundador de TS Facturas Billin\"}]}<\/script>\n<!-- \/ Yoast SEO plugin. -->","yoast_head_json":{"title":"Seguro de responsabilidad civil para empresas | TeamSystem Facturas Billin","description":"Si quieres conocer todo lo relacionado con el seguro de responsabilidad civil para empresas visita nuestro art\u00edculo e informate.","robots":{"index":"index","follow":"follow","max-snippet":"max-snippet:-1","max-image-preview":"max-image-preview:large","max-video-preview":"max-video-preview:-1"},"canonical":"https:\/\/www.billin.net\/blog\/seguro-responsabilidad-civil-empresas\/","og_locale":"es_ES","og_type":"article","og_title":"Seguro de responsabilidad civil para empresas | TeamSystem Facturas Billin","og_description":"Si quieres conocer todo lo relacionado con el seguro de responsabilidad civil para empresas visita nuestro art\u00edculo e informate.","og_url":"https:\/\/www.billin.net\/blog\/seguro-responsabilidad-civil-empresas\/","og_site_name":"Blog de TeamSystem Facturas Billin","article_publisher":"https:\/\/www.facebook.com\/EsBillin","article_published_time":"2020-08-11T13:02:21+00:00","article_modified_time":"2025-09-25T18:45:22+00:00","og_image":[{"width":1880,"height":1255,"url":"https:\/\/www.billin.net\/blog\/wp-content\/uploads\/2020\/08\/Seguro-responsabilidad-civil-empresas.jpeg","type":"image\/jpeg"}],"author":"Marcos De La Cueva - CEO TeamSystem Facturas Billin","twitter_card":"summary_large_image","twitter_creator":"@Billin_ES","twitter_site":"@Billin_ES","twitter_misc":{"Escrito por":"Marcos De La Cueva - CEO TeamSystem Facturas Billin","Tiempo de lectura":"4 minutos"},"schema":{"@context":"https:\/\/schema.org","@graph":[{"@type":"Article","@id":"https:\/\/www.billin.net\/blog\/seguro-responsabilidad-civil-empresas\/#article","isPartOf":{"@id":"https:\/\/www.billin.net\/blog\/seguro-responsabilidad-civil-empresas\/"},"author":{"name":"Marcos De La Cueva - CEO TeamSystem Facturas Billin","@id":"https:\/\/www.billin.net\/blog\/#\/schema\/person\/d0339ee6e869234614541b1e80a793e7"},"headline":"\u00bfQu\u00e9 es un seguro de responsabilidad civil para empresas?","datePublished":"2020-08-11T13:02:21+00:00","dateModified":"2025-09-25T18:45:22+00:00","mainEntityOfPage":{"@id":"https:\/\/www.billin.net\/blog\/seguro-responsabilidad-civil-empresas\/"},"wordCount":862,"commentCount":0,"publisher":{"@id":"https:\/\/www.billin.net\/blog\/#organization"},"image":{"@id":"https:\/\/www.billin.net\/blog\/seguro-responsabilidad-civil-empresas\/#primaryimage"},"thumbnailUrl":"https:\/\/www.billin.net\/blog\/wp-content\/uploads\/2020\/08\/Seguro-responsabilidad-civil-empresas.jpeg","keywords":["Pymes"],"articleSection":["Fiscalidad"],"inLanguage":"es","potentialAction":[{"@type":"CommentAction","name":"Comment","target":["https:\/\/www.billin.net\/blog\/seguro-responsabilidad-civil-empresas\/#respond"]}]},{"@type":"WebPage","@id":"https:\/\/www.billin.net\/blog\/seguro-responsabilidad-civil-empresas\/","url":"https:\/\/www.billin.net\/blog\/seguro-responsabilidad-civil-empresas\/","name":"Seguro de responsabilidad civil para empresas | TeamSystem Facturas Billin","isPartOf":{"@id":"https:\/\/www.billin.net\/blog\/#website"},"primaryImageOfPage":{"@id":"https:\/\/www.billin.net\/blog\/seguro-responsabilidad-civil-empresas\/#primaryimage"},"image":{"@id":"https:\/\/www.billin.net\/blog\/seguro-responsabilidad-civil-empresas\/#primaryimage"},"thumbnailUrl":"https:\/\/www.billin.net\/blog\/wp-content\/uploads\/2020\/08\/Seguro-responsabilidad-civil-empresas.jpeg","datePublished":"2020-08-11T13:02:21+00:00","dateModified":"2025-09-25T18:45:22+00:00","description":"Si quieres conocer todo lo relacionado con el seguro de responsabilidad civil para empresas visita nuestro art\u00edculo e informate.","breadcrumb":{"@id":"https:\/\/www.billin.net\/blog\/seguro-responsabilidad-civil-empresas\/#breadcrumb"},"inLanguage":"es","potentialAction":[{"@type":"ReadAction","target":["https:\/\/www.billin.net\/blog\/seguro-responsabilidad-civil-empresas\/"]}]},{"@type":"ImageObject","inLanguage":"es","@id":"https:\/\/www.billin.net\/blog\/seguro-responsabilidad-civil-empresas\/#primaryimage","url":"https:\/\/www.billin.net\/blog\/wp-content\/uploads\/2020\/08\/Seguro-responsabilidad-civil-empresas.jpeg","contentUrl":"https:\/\/www.billin.net\/blog\/wp-content\/uploads\/2020\/08\/Seguro-responsabilidad-civil-empresas.jpeg","width":1880,"height":1255,"caption":"seguro responsabilidad civil empresas"},{"@type":"BreadcrumbList","@id":"https:\/\/www.billin.net\/blog\/seguro-responsabilidad-civil-empresas\/#breadcrumb","itemListElement":[{"@type":"ListItem","position":1,"name":"Blog","item":"https:\/\/www.billin.net\/blog\/"},{"@type":"ListItem","position":2,"name":"Fiscalidad","item":"https:\/\/www.billin.net\/blog\/fiscalidad\/"},{"@type":"ListItem","position":3,"name":"\u00bfQu\u00e9 es un seguro de responsabilidad civil para empresas?"}]},{"@type":"WebSite","@id":"https:\/\/www.billin.net\/blog\/#website","url":"https:\/\/www.billin.net\/blog\/","name":"Blog de Billin","description":"Mantente informado con el blog de TeamSystem Facturas Billin:  facturaci\u00f3n, legislaci\u00f3n, contabilidad, management y toda la informaci\u00f3n \u00fatil para pymes y aut\u00f3nomos.","publisher":{"@id":"https:\/\/www.billin.net\/blog\/#organization"},"potentialAction":[{"@type":"SearchAction","target":{"@type":"EntryPoint","urlTemplate":"https:\/\/www.billin.net\/blog\/?s={search_term_string}"},"query-input":{"@type":"PropertyValueSpecification","valueRequired":true,"valueName":"search_term_string"}}],"inLanguage":"es"},{"@type":"Organization","@id":"https:\/\/www.billin.net\/blog\/#organization","name":"Billin","alternateName":"Blog de Billin","url":"https:\/\/www.billin.net\/blog\/","logo":{"@type":"ImageObject","inLanguage":"es","@id":"https:\/\/www.billin.net\/blog\/#\/schema\/logo\/image\/","url":"https:\/\/www.billin.net\/blog\/wp-content\/uploads\/2019\/06\/logotipo-billin-blog-1.png","contentUrl":"https:\/\/www.billin.net\/blog\/wp-content\/uploads\/2019\/06\/logotipo-billin-blog-1.png","width":126,"height":50,"caption":"Billin"},"image":{"@id":"https:\/\/www.billin.net\/blog\/#\/schema\/logo\/image\/"},"sameAs":["https:\/\/www.facebook.com\/EsBillin","https:\/\/x.com\/Billin_ES","https:\/\/www.instagram.com\/billin_es\/","https:\/\/www.linkedin.com\/company\/billin-spain","https:\/\/www.youtube.com\/c\/BillinEsintercambiodefacturas\/"],"legalName":"MY EXPENSES SL","contactPoint":{"@type":"ContactPoint","telephone":"+34918318883","contactType":"customer service","email":"info@billin.eu","availableLanguage":"es"},"foundingDate":"2015","numberOfEmployees":{"@type":"QuantitativeValue","minValue":10,"maxValue":50},"parentOrganization":{"@type":"Organization","name":"TeamSystem","url":"https:\/\/www.teamsystem.com\/"},"description":"Billin es el programa de facturaci\u00f3n online de TeamSystem para aut\u00f3nomos y pymes en Espa\u00f1a. Permite crear facturas, controlar gastos y cumplir con Verifactu.","address":{"@type":"PostalAddress","streetAddress":"Calle Arturo Soria, 336","addressLocality":"Madrid","addressRegion":"Madrid","postalCode":"28033","addressCountry":"ES"}},{"@type":"Person","@id":"https:\/\/www.billin.net\/blog\/#\/schema\/person\/d0339ee6e869234614541b1e80a793e7","name":"Marcos De La Cueva - CEO TeamSystem Facturas Billin","image":{"@type":"ImageObject","inLanguage":"es","@id":"https:\/\/www.billin.net\/blog\/#\/schema\/person\/image\/","url":"https:\/\/www.billin.net\/blog\/wp-content\/uploads\/2023\/10\/marcos-color-150x150.png","contentUrl":"https:\/\/www.billin.net\/blog\/wp-content\/uploads\/2023\/10\/marcos-color-150x150.png","caption":"Marcos De La Cueva - CEO TeamSystem Facturas Billin"},"description":"Licenciado en ADE por la Universidad Aut\u00f3noma de Madrid, Marcos De la Cueva es CEO y cofundador de TeamSystem Facturas Billin, un programa online que lleva m\u00e1s de 9 a\u00f1os ayudando a aut\u00f3nomos, peque\u00f1os negocios y gestor\u00edas a digitalizar sus presupuestos, facturas, tickets y gastos. \u00a0 Sobre Marcos De La Cueva \u00a0 Apasionado por el mundo empresarial y la tecnolog\u00eda, curs\u00f3 su M\u00e1ster de Finanzas en la Universidad Pontificia de Comillas y estuvo en el Programa de Cooperaci\u00f3n Educativa de la Universidad Aut\u00f3noma de Madrid. \u00a0 Marcos siempre ha tenido su objetivo claro: ayudar a la creaci\u00f3n de negocios financieramente sostenibles a trav\u00e9s de una herramienta de facturaci\u00f3n que les permita ahorrar tiempo y tener la contabilidad bajo control. \u00a0 Marcos De La Cueva en los medios \u2014 Noticia sobre Kit Digital y Ley Antifraude (VeriFactu) en El Economista. \u2014 Noticia sobre Kit Digital y factura electr\u00f3nica obligatoria en Diario Jur\u00eddico. \u2014 Noticia sobre el a\u00f1o de transici\u00f3n para la factura electr\u00f3nica en Muy Pymes. \u2014 Entrevista sobre factura electr\u00f3nica obligatoria en Canal Sur. \u2014 Noticia sobre el informe factura electr\u00f3nica de TeamSystem en Channel Partner. \u2014 Charla sobre productividad y Ley Crea y Crece en El Economista. \u2014 Charla sobre factura electr\u00f3nica obligatoria en Muy Pymes. \u2014 Charla sobre digitalizaci\u00f3n aut\u00f3nomos y productividad en esdiario. \u2014 Charla sobre productividad y factura electr\u00f3nica en La Raz\u00f3n. \u2014 Charla sobre factura electr\u00f3nica obligatoria en Aut\u00f3nomos y Emprendedores. \u2014 Entrevista sobre Ley Antifraude y Ley Crea y Crece en Expansi\u00f3n. \u2014 Entrevista sobre Ley Antifraude y Ley Crea y Crece en La Raz\u00f3n. \u2014 Entrevista sobre factura electr\u00f3nica obligatoria en El Economista. \u2014 Comunicado Billin y TeamSystem en Business Insider. \u2014 Entrevista en Econom\u00eda Digital. \u2014 Entrevista en Ideas para tu empresa de Vodafone. \u2014 Entrevista en M\u00e1sQradio. \u2014 Entrevista en Armas para emprender de El M\u00e9todo Gallardo. \u2014 Entrevista en KFund. \u2014 Entrevista en AXA Seguros Espa\u00f1a. \u2014 Entrevista en GestionaRadio. \u00a0 Marcos De La Cueva en eventos \u00a0 \u2014 Participaci\u00f3n como ponente en Accountex Espa\u00f1a 2023. \u00a0 Tem\u00e1ticas de especializaci\u00f3n \u00a0 negocios | startups | contabilidad| fiscalidad | empresas| asesor\u00edas| autonomos | emprendedores | peque\u00f1os negocios | econom\u00eda | ADE | pymes | desarrollo de negocio\u00a0","sameAs":["https:\/\/www.billin.net\/","https:\/\/www.linkedin.com\/in\/marcos-de-la-cueva-19750ba3\/"],"url":"https:\/\/www.billin.net\/blog\/author\/marcosdelacueva\/","jobTitle":"CEO y cofundador de TS Facturas Billin"}]}},"_links":{"self":[{"href":"https:\/\/www.billin.net\/blog\/wp-json\/wp\/v2\/posts\/16139","targetHints":{"allow":["GET"]}}],"collection":[{"href":"https:\/\/www.billin.net\/blog\/wp-json\/wp\/v2\/posts"}],"about":[{"href":"https:\/\/www.billin.net\/blog\/wp-json\/wp\/v2\/types\/post"}],"author":[{"embeddable":true,"href":"https:\/\/www.billin.net\/blog\/wp-json\/wp\/v2\/users\/20"}],"replies":[{"embeddable":true,"href":"https:\/\/www.billin.net\/blog\/wp-json\/wp\/v2\/comments?post=16139"}],"version-history":[{"count":6,"href":"https:\/\/www.billin.net\/blog\/wp-json\/wp\/v2\/posts\/16139\/revisions"}],"predecessor-version":[{"id":27063,"href":"https:\/\/www.billin.net\/blog\/wp-json\/wp\/v2\/posts\/16139\/revisions\/27063"}],"wp:featuredmedia":[{"embeddable":true,"href":"https:\/\/www.billin.net\/blog\/wp-json\/wp\/v2\/media\/16140"}],"wp:attachment":[{"href":"https:\/\/www.billin.net\/blog\/wp-json\/wp\/v2\/media?parent=16139"}],"wp:term":[{"taxonomy":"category","embeddable":true,"href":"https:\/\/www.billin.net\/blog\/wp-json\/wp\/v2\/categories?post=16139"},{"taxonomy":"post_tag","embeddable":true,"href":"https:\/\/www.billin.net\/blog\/wp-json\/wp\/v2\/tags?post=16139"}],"curies":[{"name":"wp","href":"https:\/\/api.w.org\/{rel}","templated":true}]}}