{"id":16131,"date":"2020-08-11T14:50:43","date_gmt":"2020-08-11T12:50:43","guid":{"rendered":"https:\/\/www.billin.net\/blog\/?p=16131"},"modified":"2025-09-25T20:45:24","modified_gmt":"2025-09-25T18:45:24","slug":"texto-proteccion-datos-factura","status":"publish","type":"post","link":"https:\/\/www.billin.net\/blog\/texto-proteccion-datos-factura\/","title":{"rendered":"\u00bfQu\u00e9 es el texto de protecci\u00f3n de datos para una factura y por qu\u00e9 es importante?"},"content":{"rendered":"<p>En este art\u00edculo explicaremos porque el texto de protecci\u00f3n de datos para una factura es importante y de c\u00f3mo debemos hacerlo para cumplir la normativa vigente.<\/p>\n<p><!--more--><\/p>\n<h2><strong>\u00bfQu\u00e9 es la nueva ley de protecci\u00f3n de datos de 2018?<\/strong><\/h2>\n<p>Antes de la entrada en vigor del <strong>Reglamento General de Protecci\u00f3n de Datos (RGPD)<\/strong> en la Uni\u00f3n Europea, ya se obligaba a tener que a\u00f1adir en las facturas emitidas un <strong>texto de protecci\u00f3n de datos<\/strong>.<\/p>\n<p>Con el RGPD se aprob\u00f3 su aplicaci\u00f3n en todos los estados miembros, de manera que devuelva al ciudadano el control de sus datos personales y garantice unas medidas de seguridad sobre ellos.<\/p>\n<p>El hecho de la aparici\u00f3n de este nuevo Reglamento en 2018 est\u00e1 basado en la evoluci\u00f3n tecnol\u00f3gica y la globalizaci\u00f3n, ya que, hay un elevado intercambio de datos personales.<\/p>\n<p>En resumen, esta nueva <strong>ley de protecci\u00f3n de datos<\/strong>, incluye los siguientes cambios:<\/p>\n<ul>\n<li>Solicita el consentimiento del tratamiento de tus datos personales<\/li>\n<li>Nuevos derechos sobre el control de tus datos<\/li>\n<li>Transparencia en el tratamiento de los datos<\/li>\n<li>La empresa se convierte en el responsable del tratamiento de los datos<\/li>\n<li>Nace la figura de delegado de protecci\u00f3n de datos<\/li>\n<li>Se crea el consentimiento en los menores de edad<\/li>\n<li>Respeta los datos personales de los fallecidos<\/li>\n<li>Esta Ley contempla un nuevo r\u00e9gimen sancionador<\/li>\n<\/ul>\n<h3><strong>\u00bfCu\u00e1l es el objetivo del RGPD?<\/strong><\/h3>\n<p>El <strong>objetivo del RGPD<\/strong> es informar al cliente que la empresa cumple con esta <strong>nueva ley de protecci\u00f3n de datos<\/strong>, en resumen, podemos hacer referencia a los cuatro aspectos m\u00e1s importantes:<\/p>\n<ol>\n<li>Garantizar la protecci\u00f3n de las personas f\u00edsicas en la Uni\u00f3n Europea<\/li>\n<li>La libre circulaci\u00f3n de los datos personales<\/li>\n<li>Refuerza el derecho a cada persona sobre la variaci\u00f3n en sus datos<\/li>\n<li>Modifica la manera de autorregularse y verifica el tratamiento de datos<\/li>\n<\/ol>\n<h2><strong>\u00bfC\u00f3mo afecta la ley de protecci\u00f3n de datos en las facturas?<\/strong><\/h2>\n<p>Claramente, este nuevo Reglamento afecta en las facturas emitidas, ya que, <strong>supone un intercambio de informaci\u00f3n y de datos, los cuales, requieren la actuaci\u00f3n del RGPD y la Garant\u00eda de Derechos Digitales.<\/strong><\/p>\n<p>Ese intercambio de informaci\u00f3n y de <strong>datos en las facturas<\/strong> requieren, seg\u00fan <strong>la ley de protecci\u00f3n de datos<\/strong>, una cl\u00e1usula donde se informe al cliente sobre los responsables del tratamiento y su finalidad, su base jur\u00eddica, su exportaci\u00f3n a un tercero, el plazo de conservaci\u00f3n y las v\u00edas para ejercer el derecho al acceso, rectificaci\u00f3n o eliminaci\u00f3n de los datos personales.<\/p>\n<p>Por tanto, la \u00fanica manera de garantizar esta protecci\u00f3n de datos al cliente es a\u00f1adiendo una cl\u00e1usula de privacidad, en el documento de la factura emitida.<\/p>\n<p>Debido a que el proceso de facturaci\u00f3n de una empresa, en general, est\u00e1 automatizado, s\u00f3lo se tendr\u00eda que incluir en el dise\u00f1o de la factura la referencia a <strong>la ley de protecci\u00f3n de datos<\/strong>.<\/p>\n<h2><strong>\u00bfC\u00f3mo colocar el texto de protecci\u00f3n de datos para las facturas?<\/strong><\/h2>\n<p>Este <strong>texto de protecci\u00f3n de datos<\/strong> es recomendable incluirlo en la parte inferior de la factura, indicando el uso, la finalidad, los destinatarios y la direcci\u00f3n para ejercer los derechos de acceso o rectificaci\u00f3n de dichos datos.<\/p>\n<p><img loading=\"lazy\" decoding=\"async\" class=\"aligncenter wp-image-16133 size-full\" src=\"https:\/\/www.billin.net\/blog\/wp-content\/uploads\/2020\/08\/Texto-proteccio\u0301n-de-datos-para-factura-1.png\" alt=\"texto protecci\u00f3n de datos\" width=\"513\" height=\"107\" srcset=\"https:\/\/www.billin.net\/blog\/wp-content\/uploads\/2020\/08\/Texto-proteccio\u0301n-de-datos-para-factura-1.png 513w, https:\/\/www.billin.net\/blog\/wp-content\/uploads\/2020\/08\/Texto-proteccio\u0301n-de-datos-para-factura-1-300x63.png 300w\" sizes=\"(max-width: 513px) 100vw, 513px\" \/><\/p>\n<p>Los derechos ARCO, hacen referencia al acceso, rectificaci\u00f3n, cancelaci\u00f3n u omisi\u00f3n.<\/p>\n<p>El responsable del tratamiento de los datos deber\u00e1 comunicar a los Organismos correspondiente los errores en la facturaci\u00f3n, es decir, a la Agencia Espa\u00f1ola de Protecci\u00f3n de Datos en un plazo de 72 horas, por ello, es importante que se revise esa informaci\u00f3n, para comprobar su protecci\u00f3n o la adaptaci\u00f3n a los sistemas inform\u00e1ticos.<\/p>\n<p>Un ejemplo del <strong>texto de protecci\u00f3n de datos<\/strong> ser\u00eda: <strong><em>\u201cEn cumplimiento de lo establecido en la Ley Org\u00e1nica 15\/1999 de 13 de diciembre de Protecci\u00f3n de Datos de Car\u00e1cter Personal, le comunicamos que los datos que usted nos facilite quedar\u00e1n incorporados y ser\u00e1n tratados en los ficheros de titularidad\u2026\u2026\u2026 (nombre del responsable del fichero) \u2026. con el fin de poderle prestar nuestros servicios, as\u00ed como para mantenerle informado sobre cuestiones relativas a la actividad de la empresa y sus servicios\u201d.<\/em><\/strong><\/p>\n<p>Como ves debes de tener en cuenta la forma correcta de colocar el texto protecci\u00f3n de datos para factura porque es algo exigible y debes hacerlo. En TeamSystem Facturas Billin, el <a href=\"https:\/\/www.billin.net\/\" target=\"_blank\" rel=\"noopener noreferrer\">programa de facturaci\u00f3n online<\/a>, puedes hacerlo de forma muy sencilla, autom\u00e1tica y personalizada con sus <a href=\"https:\/\/www.billin.net\/plantillas-facturas\/\" target=\"_blank\" rel=\"noopener noreferrer\">plantillas para facturas<\/a>.<\/p>\n","protected":false},"excerpt":{"rendered":"<p>En este art\u00edculo explicaremos porque el texto de protecci\u00f3n de datos para una factura es importante y de c\u00f3mo debemos hacerlo para cumplir la normativa vigente.<\/p>\n","protected":false},"author":20,"featured_media":16135,"comment_status":"open","ping_status":"open","sticky":false,"template":"","format":"standard","meta":{"_acf_changed":false,"_et_pb_use_builder":"","_et_pb_old_content":"","_et_gb_content_width":"","om_disable_all_campaigns":false,"inline_featured_image":false,"footnotes":""},"categories":[1015],"tags":[],"class_list":{"0":"post-16131","1":"post","2":"type-post","3":"status-publish","4":"format-standard","5":"has-post-thumbnail","7":"category-facturacion"},"acf":{"selector_de_usuario":"","fecha_de_revision":null},"yoast_head":"<!-- This site is optimized with the Yoast SEO plugin v27.1 - https:\/\/yoast.com\/product\/yoast-seo-wordpress\/ -->\n<title>Texto de Protecci\u00f3n de Datos en facturas | TeamSystem Facturas Billin<\/title>\n<meta name=\"description\" content=\"En este art\u00edculo hablaremos de porque el texto de protecci\u00f3n de datos para una factura es importante y c\u00f3mo debemos colocarlo.\" \/>\n<meta name=\"robots\" content=\"index, follow, max-snippet:-1, max-image-preview:large, max-video-preview:-1\" \/>\n<link rel=\"canonical\" href=\"https:\/\/www.billin.net\/blog\/texto-proteccion-datos-factura\/\" \/>\n<meta property=\"og:locale\" content=\"es_ES\" \/>\n<meta property=\"og:type\" content=\"article\" \/>\n<meta property=\"og:title\" content=\"Texto de Protecci\u00f3n de Datos en facturas | TeamSystem Facturas Billin\" \/>\n<meta property=\"og:description\" content=\"En este art\u00edculo hablaremos de porque el texto de protecci\u00f3n de datos para una factura es importante y c\u00f3mo debemos colocarlo.\" \/>\n<meta property=\"og:url\" content=\"https:\/\/www.billin.net\/blog\/texto-proteccion-datos-factura\/\" \/>\n<meta property=\"og:site_name\" content=\"Blog de TeamSystem Facturas Billin\" \/>\n<meta property=\"article:publisher\" content=\"https:\/\/www.facebook.com\/EsBillin\" \/>\n<meta property=\"article:published_time\" content=\"2020-08-11T12:50:43+00:00\" \/>\n<meta property=\"article:modified_time\" content=\"2025-09-25T18:45:24+00:00\" \/>\n<meta property=\"og:image\" content=\"https:\/\/www.billin.net\/blog\/wp-content\/uploads\/2020\/08\/Proteccio\u0301n-de-datos.jpeg\" \/>\n\t<meta property=\"og:image:width\" content=\"1880\" \/>\n\t<meta property=\"og:image:height\" content=\"1255\" \/>\n\t<meta property=\"og:image:type\" content=\"image\/jpeg\" \/>\n<meta name=\"author\" content=\"Marcos De La Cueva - CEO TeamSystem Facturas Billin\" \/>\n<meta name=\"twitter:card\" content=\"summary_large_image\" \/>\n<meta name=\"twitter:creator\" content=\"@Billin_ES\" \/>\n<meta name=\"twitter:site\" content=\"@Billin_ES\" \/>\n<meta name=\"twitter:label1\" content=\"Escrito por\" \/>\n\t<meta name=\"twitter:data1\" content=\"Marcos De La Cueva - CEO TeamSystem Facturas Billin\" \/>\n\t<meta name=\"twitter:label2\" content=\"Tiempo de lectura\" \/>\n\t<meta name=\"twitter:data2\" content=\"4 minutos\" \/>\n<script type=\"application\/ld+json\" class=\"yoast-schema-graph\">{\"@context\":\"https:\/\/schema.org\",\"@graph\":[{\"@type\":\"Article\",\"@id\":\"https:\/\/www.billin.net\/blog\/texto-proteccion-datos-factura\/#article\",\"isPartOf\":{\"@id\":\"https:\/\/www.billin.net\/blog\/texto-proteccion-datos-factura\/\"},\"author\":{\"name\":\"Marcos De La Cueva - CEO TeamSystem Facturas Billin\",\"@id\":\"https:\/\/www.billin.net\/blog\/#\/schema\/person\/d0339ee6e869234614541b1e80a793e7\"},\"headline\":\"\u00bfQu\u00e9 es el texto de protecci\u00f3n de datos para una factura y por qu\u00e9 es importante?\",\"datePublished\":\"2020-08-11T12:50:43+00:00\",\"dateModified\":\"2025-09-25T18:45:24+00:00\",\"mainEntityOfPage\":{\"@id\":\"https:\/\/www.billin.net\/blog\/texto-proteccion-datos-factura\/\"},\"wordCount\":781,\"commentCount\":0,\"publisher\":{\"@id\":\"https:\/\/www.billin.net\/blog\/#organization\"},\"image\":{\"@id\":\"https:\/\/www.billin.net\/blog\/texto-proteccion-datos-factura\/#primaryimage\"},\"thumbnailUrl\":\"https:\/\/www.billin.net\/blog\/wp-content\/uploads\/2020\/08\/Proteccio\u0301n-de-datos.jpeg\",\"articleSection\":[\"Facturaci\u00f3n\"],\"inLanguage\":\"es\",\"potentialAction\":[{\"@type\":\"CommentAction\",\"name\":\"Comment\",\"target\":[\"https:\/\/www.billin.net\/blog\/texto-proteccion-datos-factura\/#respond\"]}]},{\"@type\":\"WebPage\",\"@id\":\"https:\/\/www.billin.net\/blog\/texto-proteccion-datos-factura\/\",\"url\":\"https:\/\/www.billin.net\/blog\/texto-proteccion-datos-factura\/\",\"name\":\"Texto de Protecci\u00f3n de Datos en facturas | TeamSystem Facturas Billin\",\"isPartOf\":{\"@id\":\"https:\/\/www.billin.net\/blog\/#website\"},\"primaryImageOfPage\":{\"@id\":\"https:\/\/www.billin.net\/blog\/texto-proteccion-datos-factura\/#primaryimage\"},\"image\":{\"@id\":\"https:\/\/www.billin.net\/blog\/texto-proteccion-datos-factura\/#primaryimage\"},\"thumbnailUrl\":\"https:\/\/www.billin.net\/blog\/wp-content\/uploads\/2020\/08\/Proteccio\u0301n-de-datos.jpeg\",\"datePublished\":\"2020-08-11T12:50:43+00:00\",\"dateModified\":\"2025-09-25T18:45:24+00:00\",\"description\":\"En este art\u00edculo hablaremos de porque el texto de protecci\u00f3n de datos para una factura es importante y c\u00f3mo debemos colocarlo.\",\"breadcrumb\":{\"@id\":\"https:\/\/www.billin.net\/blog\/texto-proteccion-datos-factura\/#breadcrumb\"},\"inLanguage\":\"es\",\"potentialAction\":[{\"@type\":\"ReadAction\",\"target\":[\"https:\/\/www.billin.net\/blog\/texto-proteccion-datos-factura\/\"]}]},{\"@type\":\"ImageObject\",\"inLanguage\":\"es\",\"@id\":\"https:\/\/www.billin.net\/blog\/texto-proteccion-datos-factura\/#primaryimage\",\"url\":\"https:\/\/www.billin.net\/blog\/wp-content\/uploads\/2020\/08\/Proteccio\u0301n-de-datos.jpeg\",\"contentUrl\":\"https:\/\/www.billin.net\/blog\/wp-content\/uploads\/2020\/08\/Proteccio\u0301n-de-datos.jpeg\",\"width\":1880,\"height\":1255,\"caption\":\"texto protecci\u00f3n de datos para factura\"},{\"@type\":\"BreadcrumbList\",\"@id\":\"https:\/\/www.billin.net\/blog\/texto-proteccion-datos-factura\/#breadcrumb\",\"itemListElement\":[{\"@type\":\"ListItem\",\"position\":1,\"name\":\"Blog\",\"item\":\"https:\/\/www.billin.net\/blog\/\"},{\"@type\":\"ListItem\",\"position\":2,\"name\":\"Facturaci\u00f3n\",\"item\":\"https:\/\/www.billin.net\/blog\/facturacion\/\"},{\"@type\":\"ListItem\",\"position\":3,\"name\":\"\u00bfQu\u00e9 es el texto de protecci\u00f3n de datos para una factura y por qu\u00e9 es importante?\"}]},{\"@type\":\"WebSite\",\"@id\":\"https:\/\/www.billin.net\/blog\/#website\",\"url\":\"https:\/\/www.billin.net\/blog\/\",\"name\":\"Blog de Billin\",\"description\":\"Mantente informado con el blog de TeamSystem Facturas Billin:  facturaci\u00f3n, legislaci\u00f3n, contabilidad, management y toda la informaci\u00f3n \u00fatil para pymes y aut\u00f3nomos.\",\"publisher\":{\"@id\":\"https:\/\/www.billin.net\/blog\/#organization\"},\"potentialAction\":[{\"@type\":\"SearchAction\",\"target\":{\"@type\":\"EntryPoint\",\"urlTemplate\":\"https:\/\/www.billin.net\/blog\/?s={search_term_string}\"},\"query-input\":{\"@type\":\"PropertyValueSpecification\",\"valueRequired\":true,\"valueName\":\"search_term_string\"}}],\"inLanguage\":\"es\"},{\"@type\":\"Organization\",\"@id\":\"https:\/\/www.billin.net\/blog\/#organization\",\"name\":\"Billin\",\"alternateName\":\"Blog de Billin\",\"url\":\"https:\/\/www.billin.net\/blog\/\",\"logo\":{\"@type\":\"ImageObject\",\"inLanguage\":\"es\",\"@id\":\"https:\/\/www.billin.net\/blog\/#\/schema\/logo\/image\/\",\"url\":\"https:\/\/www.billin.net\/blog\/wp-content\/uploads\/2019\/06\/logotipo-billin-blog-1.png\",\"contentUrl\":\"https:\/\/www.billin.net\/blog\/wp-content\/uploads\/2019\/06\/logotipo-billin-blog-1.png\",\"width\":126,\"height\":50,\"caption\":\"Billin\"},\"image\":{\"@id\":\"https:\/\/www.billin.net\/blog\/#\/schema\/logo\/image\/\"},\"sameAs\":[\"https:\/\/www.facebook.com\/EsBillin\",\"https:\/\/x.com\/Billin_ES\",\"https:\/\/www.instagram.com\/billin_es\/\",\"https:\/\/www.linkedin.com\/company\/billin-spain\",\"https:\/\/www.youtube.com\/c\/BillinEsintercambiodefacturas\/\"],\"legalName\":\"MY EXPENSES SL\",\"contactPoint\":{\"@type\":\"ContactPoint\",\"telephone\":\"+34918318883\",\"contactType\":\"customer service\",\"email\":\"info@billin.eu\",\"availableLanguage\":\"es\"},\"foundingDate\":\"2015\",\"numberOfEmployees\":{\"@type\":\"QuantitativeValue\",\"minValue\":10,\"maxValue\":50},\"parentOrganization\":{\"@type\":\"Organization\",\"name\":\"TeamSystem\",\"url\":\"https:\/\/www.teamsystem.com\/\"},\"description\":\"Billin es el programa de facturaci\u00f3n online de TeamSystem para aut\u00f3nomos y pymes en Espa\u00f1a. Permite crear facturas, controlar gastos y cumplir con Verifactu.\",\"address\":{\"@type\":\"PostalAddress\",\"streetAddress\":\"Calle Arturo Soria, 336\",\"addressLocality\":\"Madrid\",\"addressRegion\":\"Madrid\",\"postalCode\":\"28033\",\"addressCountry\":\"ES\"}},{\"@type\":\"Person\",\"@id\":\"https:\/\/www.billin.net\/blog\/#\/schema\/person\/d0339ee6e869234614541b1e80a793e7\",\"name\":\"Marcos De La Cueva - CEO TeamSystem Facturas Billin\",\"image\":{\"@type\":\"ImageObject\",\"inLanguage\":\"es\",\"@id\":\"https:\/\/www.billin.net\/blog\/#\/schema\/person\/image\/\",\"url\":\"https:\/\/www.billin.net\/blog\/wp-content\/uploads\/2023\/10\/marcos-color-150x150.png\",\"contentUrl\":\"https:\/\/www.billin.net\/blog\/wp-content\/uploads\/2023\/10\/marcos-color-150x150.png\",\"caption\":\"Marcos De La Cueva - CEO TeamSystem Facturas Billin\"},\"description\":\"Licenciado en ADE por la Universidad Aut\u00f3noma de Madrid, Marcos De la Cueva es CEO y cofundador de TeamSystem Facturas Billin, un programa online que lleva m\u00e1s de 9 a\u00f1os ayudando a aut\u00f3nomos, peque\u00f1os negocios y gestor\u00edas a digitalizar sus presupuestos, facturas, tickets y gastos. \u00a0 Sobre Marcos De La Cueva \u00a0 Apasionado por el mundo empresarial y la tecnolog\u00eda, curs\u00f3 su M\u00e1ster de Finanzas en la Universidad Pontificia de Comillas y estuvo en el Programa de Cooperaci\u00f3n Educativa de la Universidad Aut\u00f3noma de Madrid. \u00a0 Marcos siempre ha tenido su objetivo claro: ayudar a la creaci\u00f3n de negocios financieramente sostenibles a trav\u00e9s de una herramienta de facturaci\u00f3n que les permita ahorrar tiempo y tener la contabilidad bajo control. \u00a0 Marcos De La Cueva en los medios \u2014 Noticia sobre Kit Digital y Ley Antifraude (VeriFactu) en El Economista. \u2014 Noticia sobre Kit Digital y factura electr\u00f3nica obligatoria en Diario Jur\u00eddico. \u2014 Noticia sobre el a\u00f1o de transici\u00f3n para la factura electr\u00f3nica en Muy Pymes. \u2014 Entrevista sobre factura electr\u00f3nica obligatoria en Canal Sur. \u2014 Noticia sobre el informe factura electr\u00f3nica de TeamSystem en Channel Partner. \u2014 Charla sobre productividad y Ley Crea y Crece en El Economista. \u2014 Charla sobre factura electr\u00f3nica obligatoria en Muy Pymes. \u2014 Charla sobre digitalizaci\u00f3n aut\u00f3nomos y productividad en esdiario. \u2014 Charla sobre productividad y factura electr\u00f3nica en La Raz\u00f3n. \u2014 Charla sobre factura electr\u00f3nica obligatoria en Aut\u00f3nomos y Emprendedores. \u2014 Entrevista sobre Ley Antifraude y Ley Crea y Crece en Expansi\u00f3n. \u2014 Entrevista sobre Ley Antifraude y Ley Crea y Crece en La Raz\u00f3n. \u2014 Entrevista sobre factura electr\u00f3nica obligatoria en El Economista. \u2014 Comunicado Billin y TeamSystem en Business Insider. \u2014 Entrevista en Econom\u00eda Digital. \u2014 Entrevista en Ideas para tu empresa de Vodafone. \u2014 Entrevista en M\u00e1sQradio. \u2014 Entrevista en Armas para emprender de El M\u00e9todo Gallardo. \u2014 Entrevista en KFund. \u2014 Entrevista en AXA Seguros Espa\u00f1a. \u2014 Entrevista en GestionaRadio. \u00a0 Marcos De La Cueva en eventos \u00a0 \u2014 Participaci\u00f3n como ponente en Accountex Espa\u00f1a 2023. \u00a0 Tem\u00e1ticas de especializaci\u00f3n \u00a0 negocios | startups | contabilidad| fiscalidad | empresas| asesor\u00edas| autonomos | emprendedores | peque\u00f1os negocios | econom\u00eda | ADE | pymes | desarrollo de negocio\u00a0\",\"sameAs\":[\"https:\/\/www.billin.net\/\",\"https:\/\/www.linkedin.com\/in\/marcos-de-la-cueva-19750ba3\/\"],\"url\":\"https:\/\/www.billin.net\/blog\/author\/marcosdelacueva\/\",\"jobTitle\":\"CEO y cofundador de TS Facturas Billin\"}]}<\/script>\n<!-- \/ Yoast SEO plugin. -->","yoast_head_json":{"title":"Texto de Protecci\u00f3n de Datos en facturas | TeamSystem Facturas Billin","description":"En este art\u00edculo hablaremos de porque el texto de protecci\u00f3n de datos para una factura es importante y c\u00f3mo debemos colocarlo.","robots":{"index":"index","follow":"follow","max-snippet":"max-snippet:-1","max-image-preview":"max-image-preview:large","max-video-preview":"max-video-preview:-1"},"canonical":"https:\/\/www.billin.net\/blog\/texto-proteccion-datos-factura\/","og_locale":"es_ES","og_type":"article","og_title":"Texto de Protecci\u00f3n de Datos en facturas | TeamSystem Facturas Billin","og_description":"En este art\u00edculo hablaremos de porque el texto de protecci\u00f3n de datos para una factura es importante y c\u00f3mo debemos colocarlo.","og_url":"https:\/\/www.billin.net\/blog\/texto-proteccion-datos-factura\/","og_site_name":"Blog de TeamSystem Facturas Billin","article_publisher":"https:\/\/www.facebook.com\/EsBillin","article_published_time":"2020-08-11T12:50:43+00:00","article_modified_time":"2025-09-25T18:45:24+00:00","og_image":[{"width":1880,"height":1255,"url":"https:\/\/www.billin.net\/blog\/wp-content\/uploads\/2020\/08\/Proteccio\u0301n-de-datos.jpeg","type":"image\/jpeg"}],"author":"Marcos De La Cueva - CEO TeamSystem Facturas Billin","twitter_card":"summary_large_image","twitter_creator":"@Billin_ES","twitter_site":"@Billin_ES","twitter_misc":{"Escrito por":"Marcos De La Cueva - CEO TeamSystem Facturas Billin","Tiempo de lectura":"4 minutos"},"schema":{"@context":"https:\/\/schema.org","@graph":[{"@type":"Article","@id":"https:\/\/www.billin.net\/blog\/texto-proteccion-datos-factura\/#article","isPartOf":{"@id":"https:\/\/www.billin.net\/blog\/texto-proteccion-datos-factura\/"},"author":{"name":"Marcos De La Cueva - CEO TeamSystem Facturas Billin","@id":"https:\/\/www.billin.net\/blog\/#\/schema\/person\/d0339ee6e869234614541b1e80a793e7"},"headline":"\u00bfQu\u00e9 es el texto de protecci\u00f3n de datos para una factura y por qu\u00e9 es importante?","datePublished":"2020-08-11T12:50:43+00:00","dateModified":"2025-09-25T18:45:24+00:00","mainEntityOfPage":{"@id":"https:\/\/www.billin.net\/blog\/texto-proteccion-datos-factura\/"},"wordCount":781,"commentCount":0,"publisher":{"@id":"https:\/\/www.billin.net\/blog\/#organization"},"image":{"@id":"https:\/\/www.billin.net\/blog\/texto-proteccion-datos-factura\/#primaryimage"},"thumbnailUrl":"https:\/\/www.billin.net\/blog\/wp-content\/uploads\/2020\/08\/Proteccio\u0301n-de-datos.jpeg","articleSection":["Facturaci\u00f3n"],"inLanguage":"es","potentialAction":[{"@type":"CommentAction","name":"Comment","target":["https:\/\/www.billin.net\/blog\/texto-proteccion-datos-factura\/#respond"]}]},{"@type":"WebPage","@id":"https:\/\/www.billin.net\/blog\/texto-proteccion-datos-factura\/","url":"https:\/\/www.billin.net\/blog\/texto-proteccion-datos-factura\/","name":"Texto de Protecci\u00f3n de Datos en facturas | TeamSystem Facturas Billin","isPartOf":{"@id":"https:\/\/www.billin.net\/blog\/#website"},"primaryImageOfPage":{"@id":"https:\/\/www.billin.net\/blog\/texto-proteccion-datos-factura\/#primaryimage"},"image":{"@id":"https:\/\/www.billin.net\/blog\/texto-proteccion-datos-factura\/#primaryimage"},"thumbnailUrl":"https:\/\/www.billin.net\/blog\/wp-content\/uploads\/2020\/08\/Proteccio\u0301n-de-datos.jpeg","datePublished":"2020-08-11T12:50:43+00:00","dateModified":"2025-09-25T18:45:24+00:00","description":"En este art\u00edculo hablaremos de porque el texto de protecci\u00f3n de datos para una factura es importante y c\u00f3mo debemos colocarlo.","breadcrumb":{"@id":"https:\/\/www.billin.net\/blog\/texto-proteccion-datos-factura\/#breadcrumb"},"inLanguage":"es","potentialAction":[{"@type":"ReadAction","target":["https:\/\/www.billin.net\/blog\/texto-proteccion-datos-factura\/"]}]},{"@type":"ImageObject","inLanguage":"es","@id":"https:\/\/www.billin.net\/blog\/texto-proteccion-datos-factura\/#primaryimage","url":"https:\/\/www.billin.net\/blog\/wp-content\/uploads\/2020\/08\/Proteccio\u0301n-de-datos.jpeg","contentUrl":"https:\/\/www.billin.net\/blog\/wp-content\/uploads\/2020\/08\/Proteccio\u0301n-de-datos.jpeg","width":1880,"height":1255,"caption":"texto protecci\u00f3n de datos para factura"},{"@type":"BreadcrumbList","@id":"https:\/\/www.billin.net\/blog\/texto-proteccion-datos-factura\/#breadcrumb","itemListElement":[{"@type":"ListItem","position":1,"name":"Blog","item":"https:\/\/www.billin.net\/blog\/"},{"@type":"ListItem","position":2,"name":"Facturaci\u00f3n","item":"https:\/\/www.billin.net\/blog\/facturacion\/"},{"@type":"ListItem","position":3,"name":"\u00bfQu\u00e9 es el texto de protecci\u00f3n de datos para una factura y por qu\u00e9 es importante?"}]},{"@type":"WebSite","@id":"https:\/\/www.billin.net\/blog\/#website","url":"https:\/\/www.billin.net\/blog\/","name":"Blog de Billin","description":"Mantente informado con el blog de TeamSystem Facturas Billin:  facturaci\u00f3n, legislaci\u00f3n, contabilidad, management y toda la informaci\u00f3n \u00fatil para pymes y aut\u00f3nomos.","publisher":{"@id":"https:\/\/www.billin.net\/blog\/#organization"},"potentialAction":[{"@type":"SearchAction","target":{"@type":"EntryPoint","urlTemplate":"https:\/\/www.billin.net\/blog\/?s={search_term_string}"},"query-input":{"@type":"PropertyValueSpecification","valueRequired":true,"valueName":"search_term_string"}}],"inLanguage":"es"},{"@type":"Organization","@id":"https:\/\/www.billin.net\/blog\/#organization","name":"Billin","alternateName":"Blog de Billin","url":"https:\/\/www.billin.net\/blog\/","logo":{"@type":"ImageObject","inLanguage":"es","@id":"https:\/\/www.billin.net\/blog\/#\/schema\/logo\/image\/","url":"https:\/\/www.billin.net\/blog\/wp-content\/uploads\/2019\/06\/logotipo-billin-blog-1.png","contentUrl":"https:\/\/www.billin.net\/blog\/wp-content\/uploads\/2019\/06\/logotipo-billin-blog-1.png","width":126,"height":50,"caption":"Billin"},"image":{"@id":"https:\/\/www.billin.net\/blog\/#\/schema\/logo\/image\/"},"sameAs":["https:\/\/www.facebook.com\/EsBillin","https:\/\/x.com\/Billin_ES","https:\/\/www.instagram.com\/billin_es\/","https:\/\/www.linkedin.com\/company\/billin-spain","https:\/\/www.youtube.com\/c\/BillinEsintercambiodefacturas\/"],"legalName":"MY EXPENSES SL","contactPoint":{"@type":"ContactPoint","telephone":"+34918318883","contactType":"customer service","email":"info@billin.eu","availableLanguage":"es"},"foundingDate":"2015","numberOfEmployees":{"@type":"QuantitativeValue","minValue":10,"maxValue":50},"parentOrganization":{"@type":"Organization","name":"TeamSystem","url":"https:\/\/www.teamsystem.com\/"},"description":"Billin es el programa de facturaci\u00f3n online de TeamSystem para aut\u00f3nomos y pymes en Espa\u00f1a. Permite crear facturas, controlar gastos y cumplir con Verifactu.","address":{"@type":"PostalAddress","streetAddress":"Calle Arturo Soria, 336","addressLocality":"Madrid","addressRegion":"Madrid","postalCode":"28033","addressCountry":"ES"}},{"@type":"Person","@id":"https:\/\/www.billin.net\/blog\/#\/schema\/person\/d0339ee6e869234614541b1e80a793e7","name":"Marcos De La Cueva - CEO TeamSystem Facturas Billin","image":{"@type":"ImageObject","inLanguage":"es","@id":"https:\/\/www.billin.net\/blog\/#\/schema\/person\/image\/","url":"https:\/\/www.billin.net\/blog\/wp-content\/uploads\/2023\/10\/marcos-color-150x150.png","contentUrl":"https:\/\/www.billin.net\/blog\/wp-content\/uploads\/2023\/10\/marcos-color-150x150.png","caption":"Marcos De La Cueva - CEO TeamSystem Facturas Billin"},"description":"Licenciado en ADE por la Universidad Aut\u00f3noma de Madrid, Marcos De la Cueva es CEO y cofundador de TeamSystem Facturas Billin, un programa online que lleva m\u00e1s de 9 a\u00f1os ayudando a aut\u00f3nomos, peque\u00f1os negocios y gestor\u00edas a digitalizar sus presupuestos, facturas, tickets y gastos. \u00a0 Sobre Marcos De La Cueva \u00a0 Apasionado por el mundo empresarial y la tecnolog\u00eda, curs\u00f3 su M\u00e1ster de Finanzas en la Universidad Pontificia de Comillas y estuvo en el Programa de Cooperaci\u00f3n Educativa de la Universidad Aut\u00f3noma de Madrid. \u00a0 Marcos siempre ha tenido su objetivo claro: ayudar a la creaci\u00f3n de negocios financieramente sostenibles a trav\u00e9s de una herramienta de facturaci\u00f3n que les permita ahorrar tiempo y tener la contabilidad bajo control. \u00a0 Marcos De La Cueva en los medios \u2014 Noticia sobre Kit Digital y Ley Antifraude (VeriFactu) en El Economista. \u2014 Noticia sobre Kit Digital y factura electr\u00f3nica obligatoria en Diario Jur\u00eddico. \u2014 Noticia sobre el a\u00f1o de transici\u00f3n para la factura electr\u00f3nica en Muy Pymes. \u2014 Entrevista sobre factura electr\u00f3nica obligatoria en Canal Sur. \u2014 Noticia sobre el informe factura electr\u00f3nica de TeamSystem en Channel Partner. \u2014 Charla sobre productividad y Ley Crea y Crece en El Economista. \u2014 Charla sobre factura electr\u00f3nica obligatoria en Muy Pymes. \u2014 Charla sobre digitalizaci\u00f3n aut\u00f3nomos y productividad en esdiario. \u2014 Charla sobre productividad y factura electr\u00f3nica en La Raz\u00f3n. \u2014 Charla sobre factura electr\u00f3nica obligatoria en Aut\u00f3nomos y Emprendedores. \u2014 Entrevista sobre Ley Antifraude y Ley Crea y Crece en Expansi\u00f3n. \u2014 Entrevista sobre Ley Antifraude y Ley Crea y Crece en La Raz\u00f3n. \u2014 Entrevista sobre factura electr\u00f3nica obligatoria en El Economista. \u2014 Comunicado Billin y TeamSystem en Business Insider. \u2014 Entrevista en Econom\u00eda Digital. \u2014 Entrevista en Ideas para tu empresa de Vodafone. \u2014 Entrevista en M\u00e1sQradio. \u2014 Entrevista en Armas para emprender de El M\u00e9todo Gallardo. \u2014 Entrevista en KFund. \u2014 Entrevista en AXA Seguros Espa\u00f1a. \u2014 Entrevista en GestionaRadio. \u00a0 Marcos De La Cueva en eventos \u00a0 \u2014 Participaci\u00f3n como ponente en Accountex Espa\u00f1a 2023. \u00a0 Tem\u00e1ticas de especializaci\u00f3n \u00a0 negocios | startups | contabilidad| fiscalidad | empresas| asesor\u00edas| autonomos | emprendedores | peque\u00f1os negocios | econom\u00eda | ADE | pymes | desarrollo de negocio\u00a0","sameAs":["https:\/\/www.billin.net\/","https:\/\/www.linkedin.com\/in\/marcos-de-la-cueva-19750ba3\/"],"url":"https:\/\/www.billin.net\/blog\/author\/marcosdelacueva\/","jobTitle":"CEO y cofundador de TS Facturas Billin"}]}},"_links":{"self":[{"href":"https:\/\/www.billin.net\/blog\/wp-json\/wp\/v2\/posts\/16131","targetHints":{"allow":["GET"]}}],"collection":[{"href":"https:\/\/www.billin.net\/blog\/wp-json\/wp\/v2\/posts"}],"about":[{"href":"https:\/\/www.billin.net\/blog\/wp-json\/wp\/v2\/types\/post"}],"author":[{"embeddable":true,"href":"https:\/\/www.billin.net\/blog\/wp-json\/wp\/v2\/users\/20"}],"replies":[{"embeddable":true,"href":"https:\/\/www.billin.net\/blog\/wp-json\/wp\/v2\/comments?post=16131"}],"version-history":[{"count":8,"href":"https:\/\/www.billin.net\/blog\/wp-json\/wp\/v2\/posts\/16131\/revisions"}],"predecessor-version":[{"id":27744,"href":"https:\/\/www.billin.net\/blog\/wp-json\/wp\/v2\/posts\/16131\/revisions\/27744"}],"wp:featuredmedia":[{"embeddable":true,"href":"https:\/\/www.billin.net\/blog\/wp-json\/wp\/v2\/media\/16135"}],"wp:attachment":[{"href":"https:\/\/www.billin.net\/blog\/wp-json\/wp\/v2\/media?parent=16131"}],"wp:term":[{"taxonomy":"category","embeddable":true,"href":"https:\/\/www.billin.net\/blog\/wp-json\/wp\/v2\/categories?post=16131"},{"taxonomy":"post_tag","embeddable":true,"href":"https:\/\/www.billin.net\/blog\/wp-json\/wp\/v2\/tags?post=16131"}],"curies":[{"name":"wp","href":"https:\/\/api.w.org\/{rel}","templated":true}]}}