{"id":16106,"date":"2020-08-05T09:16:06","date_gmt":"2020-08-05T07:16:06","guid":{"rendered":"https:\/\/www.billin.net\/blog\/?p=16106"},"modified":"2025-09-25T20:45:29","modified_gmt":"2025-09-25T18:45:29","slug":"facturar-propia-empresa","status":"publish","type":"post","link":"https:\/\/www.billin.net\/blog\/facturar-propia-empresa\/","title":{"rendered":"\u00bfAut\u00f3nomo con n\u00f3mina o factura a mi propia empresa?"},"content":{"rendered":"<p>Si has constituido una sociedad en este art\u00edculo te mostramos c\u00f3mo tienes que facturar a tu propia empresa y c\u00f3mo hacerlo de forma correcta seg\u00fan tu condici\u00f3n en ella.<\/p>\n<p><!--more--><\/p>\n<h2><strong>\u00bfExiste la n\u00f3mina de un aut\u00f3nomo?<\/strong><\/h2>\n<p>La <strong>n\u00f3mina de un aut\u00f3nomo<\/strong> se puede realizar, pero s\u00f3lo en el caso de <a href=\"https:\/\/www.billin.net\/blog\/autonomo-societario\/\" target=\"_blank\" rel=\"noopener noreferrer\">aut\u00f3nomos societarios<\/a>, aunque, con la \u00faltima Reforma Fiscal, habr\u00e1 que cumplir una serie de requisitos para poder cobrar los servicios mediante una n\u00f3mina, ya que, si no, habr\u00e1 que realizar el cobro a emitiendo una factura la empresa.<\/p>\n<p>Antes de la Reforma Fiscal del a\u00f1o 2015, los aut\u00f3nomos societarios recib\u00edan su retribuci\u00f3n econ\u00f3mica mediante una n\u00f3mina, posteriormente, se han establecido diferentes cambios, dando lugar a dos opciones diferentes a la hora de cobrar su servicio a la empresa, las cuales, depender\u00e1n de los siguientes requisitos:<\/p>\n<ol>\n<li><strong>Facturar el aut\u00f3nomo los servicios<\/strong> con IVA a la empresa.<\/li>\n<li>Cobrar mediante una <strong>n\u00f3mina de aut\u00f3nomo societario.<\/strong><\/li>\n<\/ol>\n<h2><strong>\u00bfCu\u00e1ndo puede un aut\u00f3nomo facturar a su propia empresa?<\/strong><\/h2>\n<p>Veamos los diferentes casos posibles para que <strong>un aut\u00f3nomo puede tener n\u00f3mina o no<\/strong>:<\/p>\n<ul>\n<li><strong><u>Ser socio y administrador<\/u><\/strong><\/li>\n<\/ul>\n<p>En el caso de tener una sociedad, siendo <strong><em>socio (con m\u00e1s del 25% del <a href=\"https:\/\/www.billin.net\/blog\/capital-social-empresa\/\" target=\"_blank\" rel=\"noopener noreferrer\">capital social<\/a>) y administrador<\/em><\/strong>, tendr\u00e1s que darte de <a href=\"https:\/\/www.billin.net\/blog\/alta-autonomo-seguridad-social\/\" target=\"_blank\" rel=\"noopener noreferrer\">alta en RETA<\/a> y emitir una factura por los servicios prestados.<\/p>\n<p>Existe la excepci\u00f3n de que el administrador pueda tener un trabajo remunerado, en este caso, se aprobar\u00eda en Junta General y vendr\u00eda estipulado en los estatutos de la sociedad.<\/p>\n<p>Esta remuneraci\u00f3n se establecer\u00e1 como un aut\u00f3nomo con n\u00f3mina, el cual, percibir\u00e1 como rendimientos del trabajo y se le aplicar\u00e1 una retenci\u00f3n variable que puede ir desde el 19% al 35%.<\/p>\n<p>Pero en el caso de que el <strong><em>administrador tenga menos del 25% de participaci\u00f3n de capital social <\/em><\/strong>de la empresa, no se dar\u00e1 de alta en el r\u00e9gimen especial de aut\u00f3nomos, sino en el R\u00e9gimen General Asimilado (sin desempleo y FOGASA), as\u00ed no podr\u00eda despedirse a s\u00ed mismo ni cobrar desempleo.<\/p>\n<ul>\n<li><strong><u>Ser socio y adem\u00e1s trabajador de la sociedad<\/u><\/strong><\/li>\n<\/ul>\n<p>El hecho de ser socio de una sociedad, no implica tener que ser el administrador, para este caso habr\u00e1 que tener en cuenta el tipo de actividad a la que se dedica la sociedad:<\/p>\n<ul>\n<li><strong><em>Servicios profesionales<\/em><\/strong> (odont\u00f3logos, economistas, etc.) y el socio tambi\u00e9n es un profesional, entonces tendr\u00e1s que <strong>emitir factura<\/strong> por la prestaci\u00f3n de tus servicios a la empresa, y recibir\u00e1s rendimientos por actividad econ\u00f3mica.<\/li>\n<li><strong><em>Servicios empresariales<\/em><\/strong>: el socio recibir\u00e1 <strong>una n\u00f3mina<\/strong> de aut\u00f3nomo como rendimientos del trabajo.<\/li>\n<li><strong>Ser socio, pero no trabajador.<\/strong> En este caso, para poder remunerar a un socio que no es trabajador, se realizar\u00e1 mediante dividendos, nunca con factura ni como n\u00f3mina.<\/li>\n<\/ul>\n<h2><strong>\u00bfCu\u00e1l es la mejor opci\u00f3n seg\u00fan cada caso?<\/strong><\/h2>\n<p><iframe loading=\"lazy\" title=\"YouTube video player\" src=\"https:\/\/www.youtube.com\/embed\/2lR_gBwlVAE\" width=\"560\" height=\"315\" frameborder=\"0\" allowfullscreen=\"allowfullscreen\"><\/iframe><\/p>\n<p>Como hemos visto, el hecho de retribuir los servicios prestados por un socio a la empresa mediante n\u00f3mina o factura, es uno de los temas m\u00e1s pol\u00e9micos que han surgido en estos \u00faltimos a\u00f1os en los \u00e1mbitos fiscales y laborales.<\/p>\n<p>La Agencia Tributaria ha intentado aclarar esta cuesti\u00f3n analizando el caso de <strong>un socio no administrador que tiene m\u00e1s del 33% del capital social<\/strong> de una empresa que se dedica a prestar servicios profesionales, aclarando en su consulta vinculante, que este socio debe emitir factura a la sociedad debido a los siguientes requisitos:<\/p>\n<ul>\n<li>Son servicios profesionales<\/li>\n<li>Y el servicio que presta el socio coincide con el que presta la sociedad<\/li>\n<\/ul>\n<p>Para la sociedad es un <a href=\"https:\/\/www.billin.net\/calculadora-gastos-deducibles\/\" target=\"_blank\" rel=\"noopener noreferrer\">gasto deducible<\/a> y podr\u00e1 desgravarlo con sus facturas en el Impuesto de Sociedades, mientras que el socio tendr\u00e1 que declarar en IRPF rendimientos de actividad econ\u00f3mica.<\/p>\n<p>En el caso de que no se den las anteriores circunstancias, el socio no estar\u00e1 obligado a darse de <a href=\"https:\/\/www.billin.net\/blog\/modelo-037-alta-hacienda-autonomos\/\" target=\"_blank\" rel=\"noopener noreferrer\">alta en Hacienda<\/a> y obtendr\u00e1 <strong>una n\u00f3mina de aut\u00f3nomo societario<\/strong>, la cual, se considerar\u00e1 rendimientos del trabajo para el socio y gastos deducibles fiscalmente para la sociedad en el Impuesto de Sociedades.<\/p>\n<p>Por tanto, tanto una situaci\u00f3n como la otra, ser\u00e1 beneficiosa para la sociedad, ya que, podr\u00e1 deducir esa remuneraci\u00f3n en el Impuesto de Sociedades, mientras que, para el socio, ser\u00e1 m\u00e1s favorable el hecho de percibir una n\u00f3mina, ya que, se evitar\u00e1 tener que presentar impuestos en Hacienda de forma trimestral.<\/p>\n<p>Ante esta situaci\u00f3n, lo que siempre habr\u00e1 que tener presente es que la relaci\u00f3n de pagos entre el administrador de una sociedad y la propia entidad es una operaci\u00f3n vinculada, y, por ello debe cumplir con los criterios de valoraci\u00f3n de estas operaciones.<\/p>\n<p>Si tienes dudas a la hora de facturar a tu propia empresa utiliza los comentarios y te ayudaremos en todo lo que necesites.<\/p>\n","protected":false},"excerpt":{"rendered":"<p>Si has constituido una sociedad en este art\u00edculo te mostramos c\u00f3mo tienes que facturar a tu propia empresa y c\u00f3mo hacerlo de forma correcta seg\u00fan tu condici\u00f3n en ella.<\/p>\n","protected":false},"author":20,"featured_media":16111,"comment_status":"open","ping_status":"open","sticky":false,"template":"","format":"standard","meta":{"_acf_changed":false,"_et_pb_use_builder":"","_et_pb_old_content":"","_et_gb_content_width":"","om_disable_all_campaigns":false,"inline_featured_image":false,"footnotes":""},"categories":[1015],"tags":[1380],"class_list":{"0":"post-16106","1":"post","2":"type-post","3":"status-publish","4":"format-standard","5":"has-post-thumbnail","7":"category-facturacion","8":"tag-autonomos"},"acf":{"selector_de_usuario":null,"fecha_de_revision":"20210525"},"yoast_head":"<!-- This site is optimized with the Yoast SEO plugin v27.1 - https:\/\/yoast.com\/product\/yoast-seo-wordpress\/ -->\n<title>\u00bfC\u00f3mo facturar a mi propia empresa correctamente? - TeamSystem Facturas Billin<\/title>\n<meta name=\"description\" content=\"En este art\u00edculo te mostramos c\u00f3mo tienes que facturar a tu propia empresa y c\u00f3mo hacerlo de forma correcta seg\u00fan tu condici\u00f3n en ella.\" \/>\n<meta name=\"robots\" content=\"index, follow, max-snippet:-1, max-image-preview:large, max-video-preview:-1\" \/>\n<link rel=\"canonical\" href=\"https:\/\/www.billin.net\/blog\/facturar-propia-empresa\/\" \/>\n<meta property=\"og:locale\" content=\"es_ES\" \/>\n<meta property=\"og:type\" content=\"article\" \/>\n<meta property=\"og:title\" content=\"\u00bfC\u00f3mo facturar a mi propia empresa correctamente? - TeamSystem Facturas Billin\" \/>\n<meta property=\"og:description\" content=\"En este art\u00edculo te mostramos c\u00f3mo tienes que facturar a tu propia empresa y c\u00f3mo hacerlo de forma correcta seg\u00fan tu condici\u00f3n en ella.\" \/>\n<meta property=\"og:url\" content=\"https:\/\/www.billin.net\/blog\/facturar-propia-empresa\/\" \/>\n<meta property=\"og:site_name\" content=\"Blog de TeamSystem Facturas Billin\" \/>\n<meta property=\"article:publisher\" content=\"https:\/\/www.facebook.com\/EsBillin\" \/>\n<meta property=\"article:published_time\" content=\"2020-08-05T07:16:06+00:00\" \/>\n<meta property=\"article:modified_time\" content=\"2025-09-25T18:45:29+00:00\" \/>\n<meta property=\"og:image\" content=\"https:\/\/www.billin.net\/blog\/wp-content\/uploads\/2020\/08\/Facturar-a-mi-propia-empresa.jpg\" \/>\n\t<meta property=\"og:image:width\" content=\"1200\" \/>\n\t<meta property=\"og:image:height\" content=\"800\" \/>\n\t<meta property=\"og:image:type\" content=\"image\/jpeg\" \/>\n<meta name=\"author\" content=\"Marcos De La Cueva - CEO TeamSystem Facturas Billin\" \/>\n<meta name=\"twitter:card\" content=\"summary_large_image\" \/>\n<meta name=\"twitter:creator\" content=\"@Billin_ES\" \/>\n<meta name=\"twitter:site\" content=\"@Billin_ES\" \/>\n<meta name=\"twitter:label1\" content=\"Escrito por\" \/>\n\t<meta name=\"twitter:data1\" content=\"Marcos De La Cueva - CEO TeamSystem Facturas Billin\" \/>\n\t<meta name=\"twitter:label2\" content=\"Tiempo de lectura\" \/>\n\t<meta name=\"twitter:data2\" content=\"4 minutos\" \/>\n<script type=\"application\/ld+json\" class=\"yoast-schema-graph\">{\"@context\":\"https:\/\/schema.org\",\"@graph\":[{\"@type\":\"Article\",\"@id\":\"https:\/\/www.billin.net\/blog\/facturar-propia-empresa\/#article\",\"isPartOf\":{\"@id\":\"https:\/\/www.billin.net\/blog\/facturar-propia-empresa\/\"},\"author\":{\"name\":\"Marcos De La Cueva - CEO TeamSystem Facturas Billin\",\"@id\":\"https:\/\/www.billin.net\/blog\/#\/schema\/person\/d0339ee6e869234614541b1e80a793e7\"},\"headline\":\"\u00bfAut\u00f3nomo con n\u00f3mina o factura a mi propia empresa?\",\"datePublished\":\"2020-08-05T07:16:06+00:00\",\"dateModified\":\"2025-09-25T18:45:29+00:00\",\"mainEntityOfPage\":{\"@id\":\"https:\/\/www.billin.net\/blog\/facturar-propia-empresa\/\"},\"wordCount\":829,\"commentCount\":37,\"publisher\":{\"@id\":\"https:\/\/www.billin.net\/blog\/#organization\"},\"image\":{\"@id\":\"https:\/\/www.billin.net\/blog\/facturar-propia-empresa\/#primaryimage\"},\"thumbnailUrl\":\"https:\/\/www.billin.net\/blog\/wp-content\/uploads\/2020\/08\/Facturar-a-mi-propia-empresa.jpg\",\"keywords\":[\"Aut\u00f3nomos\"],\"articleSection\":[\"Facturaci\u00f3n\"],\"inLanguage\":\"es\",\"potentialAction\":[{\"@type\":\"CommentAction\",\"name\":\"Comment\",\"target\":[\"https:\/\/www.billin.net\/blog\/facturar-propia-empresa\/#respond\"]}]},{\"@type\":\"WebPage\",\"@id\":\"https:\/\/www.billin.net\/blog\/facturar-propia-empresa\/\",\"url\":\"https:\/\/www.billin.net\/blog\/facturar-propia-empresa\/\",\"name\":\"\u00bfC\u00f3mo facturar a mi propia empresa correctamente? - TeamSystem Facturas Billin\",\"isPartOf\":{\"@id\":\"https:\/\/www.billin.net\/blog\/#website\"},\"primaryImageOfPage\":{\"@id\":\"https:\/\/www.billin.net\/blog\/facturar-propia-empresa\/#primaryimage\"},\"image\":{\"@id\":\"https:\/\/www.billin.net\/blog\/facturar-propia-empresa\/#primaryimage\"},\"thumbnailUrl\":\"https:\/\/www.billin.net\/blog\/wp-content\/uploads\/2020\/08\/Facturar-a-mi-propia-empresa.jpg\",\"datePublished\":\"2020-08-05T07:16:06+00:00\",\"dateModified\":\"2025-09-25T18:45:29+00:00\",\"description\":\"En este art\u00edculo te mostramos c\u00f3mo tienes que facturar a tu propia empresa y c\u00f3mo hacerlo de forma correcta seg\u00fan tu condici\u00f3n en ella.\",\"breadcrumb\":{\"@id\":\"https:\/\/www.billin.net\/blog\/facturar-propia-empresa\/#breadcrumb\"},\"inLanguage\":\"es\",\"potentialAction\":[{\"@type\":\"ReadAction\",\"target\":[\"https:\/\/www.billin.net\/blog\/facturar-propia-empresa\/\"]}]},{\"@type\":\"ImageObject\",\"inLanguage\":\"es\",\"@id\":\"https:\/\/www.billin.net\/blog\/facturar-propia-empresa\/#primaryimage\",\"url\":\"https:\/\/www.billin.net\/blog\/wp-content\/uploads\/2020\/08\/Facturar-a-mi-propia-empresa.jpg\",\"contentUrl\":\"https:\/\/www.billin.net\/blog\/wp-content\/uploads\/2020\/08\/Facturar-a-mi-propia-empresa.jpg\",\"width\":1200,\"height\":800,\"caption\":\"facturar a mi propia empresa\"},{\"@type\":\"BreadcrumbList\",\"@id\":\"https:\/\/www.billin.net\/blog\/facturar-propia-empresa\/#breadcrumb\",\"itemListElement\":[{\"@type\":\"ListItem\",\"position\":1,\"name\":\"Blog\",\"item\":\"https:\/\/www.billin.net\/blog\/\"},{\"@type\":\"ListItem\",\"position\":2,\"name\":\"Facturaci\u00f3n\",\"item\":\"https:\/\/www.billin.net\/blog\/facturacion\/\"},{\"@type\":\"ListItem\",\"position\":3,\"name\":\"\u00bfAut\u00f3nomo con n\u00f3mina o factura a mi propia empresa?\"}]},{\"@type\":\"WebSite\",\"@id\":\"https:\/\/www.billin.net\/blog\/#website\",\"url\":\"https:\/\/www.billin.net\/blog\/\",\"name\":\"Blog de Billin\",\"description\":\"Mantente informado con el blog de TeamSystem Facturas Billin:  facturaci\u00f3n, legislaci\u00f3n, contabilidad, management y toda la informaci\u00f3n \u00fatil para pymes y aut\u00f3nomos.\",\"publisher\":{\"@id\":\"https:\/\/www.billin.net\/blog\/#organization\"},\"potentialAction\":[{\"@type\":\"SearchAction\",\"target\":{\"@type\":\"EntryPoint\",\"urlTemplate\":\"https:\/\/www.billin.net\/blog\/?s={search_term_string}\"},\"query-input\":{\"@type\":\"PropertyValueSpecification\",\"valueRequired\":true,\"valueName\":\"search_term_string\"}}],\"inLanguage\":\"es\"},{\"@type\":\"Organization\",\"@id\":\"https:\/\/www.billin.net\/blog\/#organization\",\"name\":\"Billin\",\"alternateName\":\"Blog de Billin\",\"url\":\"https:\/\/www.billin.net\/blog\/\",\"logo\":{\"@type\":\"ImageObject\",\"inLanguage\":\"es\",\"@id\":\"https:\/\/www.billin.net\/blog\/#\/schema\/logo\/image\/\",\"url\":\"https:\/\/www.billin.net\/blog\/wp-content\/uploads\/2019\/06\/logotipo-billin-blog-1.png\",\"contentUrl\":\"https:\/\/www.billin.net\/blog\/wp-content\/uploads\/2019\/06\/logotipo-billin-blog-1.png\",\"width\":126,\"height\":50,\"caption\":\"Billin\"},\"image\":{\"@id\":\"https:\/\/www.billin.net\/blog\/#\/schema\/logo\/image\/\"},\"sameAs\":[\"https:\/\/www.facebook.com\/EsBillin\",\"https:\/\/x.com\/Billin_ES\",\"https:\/\/www.instagram.com\/billin_es\/\",\"https:\/\/www.linkedin.com\/company\/billin-spain\",\"https:\/\/www.youtube.com\/c\/BillinEsintercambiodefacturas\/\"],\"legalName\":\"MY EXPENSES SL\",\"contactPoint\":{\"@type\":\"ContactPoint\",\"telephone\":\"+34918318883\",\"contactType\":\"customer service\",\"email\":\"info@billin.eu\",\"availableLanguage\":\"es\"},\"foundingDate\":\"2015\",\"numberOfEmployees\":{\"@type\":\"QuantitativeValue\",\"minValue\":10,\"maxValue\":50},\"parentOrganization\":{\"@type\":\"Organization\",\"name\":\"TeamSystem\",\"url\":\"https:\/\/www.teamsystem.com\/\"},\"description\":\"Billin es el programa de facturaci\u00f3n online de TeamSystem para aut\u00f3nomos y pymes en Espa\u00f1a. Permite crear facturas, controlar gastos y cumplir con Verifactu.\",\"address\":{\"@type\":\"PostalAddress\",\"streetAddress\":\"Calle Arturo Soria, 336\",\"addressLocality\":\"Madrid\",\"addressRegion\":\"Madrid\",\"postalCode\":\"28033\",\"addressCountry\":\"ES\"}},{\"@type\":\"Person\",\"@id\":\"https:\/\/www.billin.net\/blog\/#\/schema\/person\/d0339ee6e869234614541b1e80a793e7\",\"name\":\"Marcos De La Cueva - CEO TeamSystem Facturas Billin\",\"image\":{\"@type\":\"ImageObject\",\"inLanguage\":\"es\",\"@id\":\"https:\/\/www.billin.net\/blog\/#\/schema\/person\/image\/\",\"url\":\"https:\/\/www.billin.net\/blog\/wp-content\/uploads\/2023\/10\/marcos-color-150x150.png\",\"contentUrl\":\"https:\/\/www.billin.net\/blog\/wp-content\/uploads\/2023\/10\/marcos-color-150x150.png\",\"caption\":\"Marcos De La Cueva - CEO TeamSystem Facturas Billin\"},\"description\":\"Licenciado en ADE por la Universidad Aut\u00f3noma de Madrid, Marcos De la Cueva es CEO y cofundador de TeamSystem Facturas Billin, un programa online que lleva m\u00e1s de 9 a\u00f1os ayudando a aut\u00f3nomos, peque\u00f1os negocios y gestor\u00edas a digitalizar sus presupuestos, facturas, tickets y gastos. \u00a0 Sobre Marcos De La Cueva \u00a0 Apasionado por el mundo empresarial y la tecnolog\u00eda, curs\u00f3 su M\u00e1ster de Finanzas en la Universidad Pontificia de Comillas y estuvo en el Programa de Cooperaci\u00f3n Educativa de la Universidad Aut\u00f3noma de Madrid. \u00a0 Marcos siempre ha tenido su objetivo claro: ayudar a la creaci\u00f3n de negocios financieramente sostenibles a trav\u00e9s de una herramienta de facturaci\u00f3n que les permita ahorrar tiempo y tener la contabilidad bajo control. \u00a0 Marcos De La Cueva en los medios \u2014 Noticia sobre Kit Digital y Ley Antifraude (VeriFactu) en El Economista. \u2014 Noticia sobre Kit Digital y factura electr\u00f3nica obligatoria en Diario Jur\u00eddico. \u2014 Noticia sobre el a\u00f1o de transici\u00f3n para la factura electr\u00f3nica en Muy Pymes. \u2014 Entrevista sobre factura electr\u00f3nica obligatoria en Canal Sur. \u2014 Noticia sobre el informe factura electr\u00f3nica de TeamSystem en Channel Partner. \u2014 Charla sobre productividad y Ley Crea y Crece en El Economista. \u2014 Charla sobre factura electr\u00f3nica obligatoria en Muy Pymes. \u2014 Charla sobre digitalizaci\u00f3n aut\u00f3nomos y productividad en esdiario. \u2014 Charla sobre productividad y factura electr\u00f3nica en La Raz\u00f3n. \u2014 Charla sobre factura electr\u00f3nica obligatoria en Aut\u00f3nomos y Emprendedores. \u2014 Entrevista sobre Ley Antifraude y Ley Crea y Crece en Expansi\u00f3n. \u2014 Entrevista sobre Ley Antifraude y Ley Crea y Crece en La Raz\u00f3n. \u2014 Entrevista sobre factura electr\u00f3nica obligatoria en El Economista. \u2014 Comunicado Billin y TeamSystem en Business Insider. \u2014 Entrevista en Econom\u00eda Digital. \u2014 Entrevista en Ideas para tu empresa de Vodafone. \u2014 Entrevista en M\u00e1sQradio. \u2014 Entrevista en Armas para emprender de El M\u00e9todo Gallardo. \u2014 Entrevista en KFund. \u2014 Entrevista en AXA Seguros Espa\u00f1a. \u2014 Entrevista en GestionaRadio. \u00a0 Marcos De La Cueva en eventos \u00a0 \u2014 Participaci\u00f3n como ponente en Accountex Espa\u00f1a 2023. \u00a0 Tem\u00e1ticas de especializaci\u00f3n \u00a0 negocios | startups | contabilidad| fiscalidad | empresas| asesor\u00edas| autonomos | emprendedores | peque\u00f1os negocios | econom\u00eda | ADE | pymes | desarrollo de negocio\u00a0\",\"sameAs\":[\"https:\/\/www.billin.net\/\",\"https:\/\/www.linkedin.com\/in\/marcos-de-la-cueva-19750ba3\/\"],\"url\":\"https:\/\/www.billin.net\/blog\/author\/marcosdelacueva\/\",\"jobTitle\":\"CEO y cofundador de TS Facturas Billin\"}]}<\/script>\n<!-- \/ Yoast SEO plugin. -->","yoast_head_json":{"title":"\u00bfC\u00f3mo facturar a mi propia empresa correctamente? - TeamSystem Facturas Billin","description":"En este art\u00edculo te mostramos c\u00f3mo tienes que facturar a tu propia empresa y c\u00f3mo hacerlo de forma correcta seg\u00fan tu condici\u00f3n en ella.","robots":{"index":"index","follow":"follow","max-snippet":"max-snippet:-1","max-image-preview":"max-image-preview:large","max-video-preview":"max-video-preview:-1"},"canonical":"https:\/\/www.billin.net\/blog\/facturar-propia-empresa\/","og_locale":"es_ES","og_type":"article","og_title":"\u00bfC\u00f3mo facturar a mi propia empresa correctamente? - TeamSystem Facturas Billin","og_description":"En este art\u00edculo te mostramos c\u00f3mo tienes que facturar a tu propia empresa y c\u00f3mo hacerlo de forma correcta seg\u00fan tu condici\u00f3n en ella.","og_url":"https:\/\/www.billin.net\/blog\/facturar-propia-empresa\/","og_site_name":"Blog de TeamSystem Facturas Billin","article_publisher":"https:\/\/www.facebook.com\/EsBillin","article_published_time":"2020-08-05T07:16:06+00:00","article_modified_time":"2025-09-25T18:45:29+00:00","og_image":[{"width":1200,"height":800,"url":"https:\/\/www.billin.net\/blog\/wp-content\/uploads\/2020\/08\/Facturar-a-mi-propia-empresa.jpg","type":"image\/jpeg"}],"author":"Marcos De La Cueva - CEO TeamSystem Facturas Billin","twitter_card":"summary_large_image","twitter_creator":"@Billin_ES","twitter_site":"@Billin_ES","twitter_misc":{"Escrito por":"Marcos De La Cueva - CEO TeamSystem Facturas Billin","Tiempo de lectura":"4 minutos"},"schema":{"@context":"https:\/\/schema.org","@graph":[{"@type":"Article","@id":"https:\/\/www.billin.net\/blog\/facturar-propia-empresa\/#article","isPartOf":{"@id":"https:\/\/www.billin.net\/blog\/facturar-propia-empresa\/"},"author":{"name":"Marcos De La Cueva - CEO TeamSystem Facturas Billin","@id":"https:\/\/www.billin.net\/blog\/#\/schema\/person\/d0339ee6e869234614541b1e80a793e7"},"headline":"\u00bfAut\u00f3nomo con n\u00f3mina o factura a mi propia empresa?","datePublished":"2020-08-05T07:16:06+00:00","dateModified":"2025-09-25T18:45:29+00:00","mainEntityOfPage":{"@id":"https:\/\/www.billin.net\/blog\/facturar-propia-empresa\/"},"wordCount":829,"commentCount":37,"publisher":{"@id":"https:\/\/www.billin.net\/blog\/#organization"},"image":{"@id":"https:\/\/www.billin.net\/blog\/facturar-propia-empresa\/#primaryimage"},"thumbnailUrl":"https:\/\/www.billin.net\/blog\/wp-content\/uploads\/2020\/08\/Facturar-a-mi-propia-empresa.jpg","keywords":["Aut\u00f3nomos"],"articleSection":["Facturaci\u00f3n"],"inLanguage":"es","potentialAction":[{"@type":"CommentAction","name":"Comment","target":["https:\/\/www.billin.net\/blog\/facturar-propia-empresa\/#respond"]}]},{"@type":"WebPage","@id":"https:\/\/www.billin.net\/blog\/facturar-propia-empresa\/","url":"https:\/\/www.billin.net\/blog\/facturar-propia-empresa\/","name":"\u00bfC\u00f3mo facturar a mi propia empresa correctamente? - TeamSystem Facturas Billin","isPartOf":{"@id":"https:\/\/www.billin.net\/blog\/#website"},"primaryImageOfPage":{"@id":"https:\/\/www.billin.net\/blog\/facturar-propia-empresa\/#primaryimage"},"image":{"@id":"https:\/\/www.billin.net\/blog\/facturar-propia-empresa\/#primaryimage"},"thumbnailUrl":"https:\/\/www.billin.net\/blog\/wp-content\/uploads\/2020\/08\/Facturar-a-mi-propia-empresa.jpg","datePublished":"2020-08-05T07:16:06+00:00","dateModified":"2025-09-25T18:45:29+00:00","description":"En este art\u00edculo te mostramos c\u00f3mo tienes que facturar a tu propia empresa y c\u00f3mo hacerlo de forma correcta seg\u00fan tu condici\u00f3n en ella.","breadcrumb":{"@id":"https:\/\/www.billin.net\/blog\/facturar-propia-empresa\/#breadcrumb"},"inLanguage":"es","potentialAction":[{"@type":"ReadAction","target":["https:\/\/www.billin.net\/blog\/facturar-propia-empresa\/"]}]},{"@type":"ImageObject","inLanguage":"es","@id":"https:\/\/www.billin.net\/blog\/facturar-propia-empresa\/#primaryimage","url":"https:\/\/www.billin.net\/blog\/wp-content\/uploads\/2020\/08\/Facturar-a-mi-propia-empresa.jpg","contentUrl":"https:\/\/www.billin.net\/blog\/wp-content\/uploads\/2020\/08\/Facturar-a-mi-propia-empresa.jpg","width":1200,"height":800,"caption":"facturar a mi propia empresa"},{"@type":"BreadcrumbList","@id":"https:\/\/www.billin.net\/blog\/facturar-propia-empresa\/#breadcrumb","itemListElement":[{"@type":"ListItem","position":1,"name":"Blog","item":"https:\/\/www.billin.net\/blog\/"},{"@type":"ListItem","position":2,"name":"Facturaci\u00f3n","item":"https:\/\/www.billin.net\/blog\/facturacion\/"},{"@type":"ListItem","position":3,"name":"\u00bfAut\u00f3nomo con n\u00f3mina o factura a mi propia empresa?"}]},{"@type":"WebSite","@id":"https:\/\/www.billin.net\/blog\/#website","url":"https:\/\/www.billin.net\/blog\/","name":"Blog de Billin","description":"Mantente informado con el blog de TeamSystem Facturas Billin:  facturaci\u00f3n, legislaci\u00f3n, contabilidad, management y toda la informaci\u00f3n \u00fatil para pymes y aut\u00f3nomos.","publisher":{"@id":"https:\/\/www.billin.net\/blog\/#organization"},"potentialAction":[{"@type":"SearchAction","target":{"@type":"EntryPoint","urlTemplate":"https:\/\/www.billin.net\/blog\/?s={search_term_string}"},"query-input":{"@type":"PropertyValueSpecification","valueRequired":true,"valueName":"search_term_string"}}],"inLanguage":"es"},{"@type":"Organization","@id":"https:\/\/www.billin.net\/blog\/#organization","name":"Billin","alternateName":"Blog de Billin","url":"https:\/\/www.billin.net\/blog\/","logo":{"@type":"ImageObject","inLanguage":"es","@id":"https:\/\/www.billin.net\/blog\/#\/schema\/logo\/image\/","url":"https:\/\/www.billin.net\/blog\/wp-content\/uploads\/2019\/06\/logotipo-billin-blog-1.png","contentUrl":"https:\/\/www.billin.net\/blog\/wp-content\/uploads\/2019\/06\/logotipo-billin-blog-1.png","width":126,"height":50,"caption":"Billin"},"image":{"@id":"https:\/\/www.billin.net\/blog\/#\/schema\/logo\/image\/"},"sameAs":["https:\/\/www.facebook.com\/EsBillin","https:\/\/x.com\/Billin_ES","https:\/\/www.instagram.com\/billin_es\/","https:\/\/www.linkedin.com\/company\/billin-spain","https:\/\/www.youtube.com\/c\/BillinEsintercambiodefacturas\/"],"legalName":"MY EXPENSES SL","contactPoint":{"@type":"ContactPoint","telephone":"+34918318883","contactType":"customer service","email":"info@billin.eu","availableLanguage":"es"},"foundingDate":"2015","numberOfEmployees":{"@type":"QuantitativeValue","minValue":10,"maxValue":50},"parentOrganization":{"@type":"Organization","name":"TeamSystem","url":"https:\/\/www.teamsystem.com\/"},"description":"Billin es el programa de facturaci\u00f3n online de TeamSystem para aut\u00f3nomos y pymes en Espa\u00f1a. Permite crear facturas, controlar gastos y cumplir con Verifactu.","address":{"@type":"PostalAddress","streetAddress":"Calle Arturo Soria, 336","addressLocality":"Madrid","addressRegion":"Madrid","postalCode":"28033","addressCountry":"ES"}},{"@type":"Person","@id":"https:\/\/www.billin.net\/blog\/#\/schema\/person\/d0339ee6e869234614541b1e80a793e7","name":"Marcos De La Cueva - CEO TeamSystem Facturas Billin","image":{"@type":"ImageObject","inLanguage":"es","@id":"https:\/\/www.billin.net\/blog\/#\/schema\/person\/image\/","url":"https:\/\/www.billin.net\/blog\/wp-content\/uploads\/2023\/10\/marcos-color-150x150.png","contentUrl":"https:\/\/www.billin.net\/blog\/wp-content\/uploads\/2023\/10\/marcos-color-150x150.png","caption":"Marcos De La Cueva - CEO TeamSystem Facturas Billin"},"description":"Licenciado en ADE por la Universidad Aut\u00f3noma de Madrid, Marcos De la Cueva es CEO y cofundador de TeamSystem Facturas Billin, un programa online que lleva m\u00e1s de 9 a\u00f1os ayudando a aut\u00f3nomos, peque\u00f1os negocios y gestor\u00edas a digitalizar sus presupuestos, facturas, tickets y gastos. \u00a0 Sobre Marcos De La Cueva \u00a0 Apasionado por el mundo empresarial y la tecnolog\u00eda, curs\u00f3 su M\u00e1ster de Finanzas en la Universidad Pontificia de Comillas y estuvo en el Programa de Cooperaci\u00f3n Educativa de la Universidad Aut\u00f3noma de Madrid. \u00a0 Marcos siempre ha tenido su objetivo claro: ayudar a la creaci\u00f3n de negocios financieramente sostenibles a trav\u00e9s de una herramienta de facturaci\u00f3n que les permita ahorrar tiempo y tener la contabilidad bajo control. \u00a0 Marcos De La Cueva en los medios \u2014 Noticia sobre Kit Digital y Ley Antifraude (VeriFactu) en El Economista. \u2014 Noticia sobre Kit Digital y factura electr\u00f3nica obligatoria en Diario Jur\u00eddico. \u2014 Noticia sobre el a\u00f1o de transici\u00f3n para la factura electr\u00f3nica en Muy Pymes. \u2014 Entrevista sobre factura electr\u00f3nica obligatoria en Canal Sur. \u2014 Noticia sobre el informe factura electr\u00f3nica de TeamSystem en Channel Partner. \u2014 Charla sobre productividad y Ley Crea y Crece en El Economista. \u2014 Charla sobre factura electr\u00f3nica obligatoria en Muy Pymes. \u2014 Charla sobre digitalizaci\u00f3n aut\u00f3nomos y productividad en esdiario. \u2014 Charla sobre productividad y factura electr\u00f3nica en La Raz\u00f3n. \u2014 Charla sobre factura electr\u00f3nica obligatoria en Aut\u00f3nomos y Emprendedores. \u2014 Entrevista sobre Ley Antifraude y Ley Crea y Crece en Expansi\u00f3n. \u2014 Entrevista sobre Ley Antifraude y Ley Crea y Crece en La Raz\u00f3n. \u2014 Entrevista sobre factura electr\u00f3nica obligatoria en El Economista. \u2014 Comunicado Billin y TeamSystem en Business Insider. \u2014 Entrevista en Econom\u00eda Digital. \u2014 Entrevista en Ideas para tu empresa de Vodafone. \u2014 Entrevista en M\u00e1sQradio. \u2014 Entrevista en Armas para emprender de El M\u00e9todo Gallardo. \u2014 Entrevista en KFund. \u2014 Entrevista en AXA Seguros Espa\u00f1a. \u2014 Entrevista en GestionaRadio. \u00a0 Marcos De La Cueva en eventos \u00a0 \u2014 Participaci\u00f3n como ponente en Accountex Espa\u00f1a 2023. \u00a0 Tem\u00e1ticas de especializaci\u00f3n \u00a0 negocios | startups | contabilidad| fiscalidad | empresas| asesor\u00edas| autonomos | emprendedores | peque\u00f1os negocios | econom\u00eda | ADE | pymes | desarrollo de negocio\u00a0","sameAs":["https:\/\/www.billin.net\/","https:\/\/www.linkedin.com\/in\/marcos-de-la-cueva-19750ba3\/"],"url":"https:\/\/www.billin.net\/blog\/author\/marcosdelacueva\/","jobTitle":"CEO y cofundador de TS Facturas Billin"}]}},"_links":{"self":[{"href":"https:\/\/www.billin.net\/blog\/wp-json\/wp\/v2\/posts\/16106","targetHints":{"allow":["GET"]}}],"collection":[{"href":"https:\/\/www.billin.net\/blog\/wp-json\/wp\/v2\/posts"}],"about":[{"href":"https:\/\/www.billin.net\/blog\/wp-json\/wp\/v2\/types\/post"}],"author":[{"embeddable":true,"href":"https:\/\/www.billin.net\/blog\/wp-json\/wp\/v2\/users\/20"}],"replies":[{"embeddable":true,"href":"https:\/\/www.billin.net\/blog\/wp-json\/wp\/v2\/comments?post=16106"}],"version-history":[{"count":7,"href":"https:\/\/www.billin.net\/blog\/wp-json\/wp\/v2\/posts\/16106\/revisions"}],"predecessor-version":[{"id":27066,"href":"https:\/\/www.billin.net\/blog\/wp-json\/wp\/v2\/posts\/16106\/revisions\/27066"}],"wp:featuredmedia":[{"embeddable":true,"href":"https:\/\/www.billin.net\/blog\/wp-json\/wp\/v2\/media\/16111"}],"wp:attachment":[{"href":"https:\/\/www.billin.net\/blog\/wp-json\/wp\/v2\/media?parent=16106"}],"wp:term":[{"taxonomy":"category","embeddable":true,"href":"https:\/\/www.billin.net\/blog\/wp-json\/wp\/v2\/categories?post=16106"},{"taxonomy":"post_tag","embeddable":true,"href":"https:\/\/www.billin.net\/blog\/wp-json\/wp\/v2\/tags?post=16106"}],"curies":[{"name":"wp","href":"https:\/\/api.w.org\/{rel}","templated":true}]}}