{"id":16074,"date":"2020-07-30T09:18:49","date_gmt":"2020-07-30T07:18:49","guid":{"rendered":"https:\/\/www.billin.net\/blog\/?p=16074"},"modified":"2025-09-25T20:45:35","modified_gmt":"2025-09-25T18:45:35","slug":"domicilio-social-empresa","status":"publish","type":"post","link":"https:\/\/www.billin.net\/blog\/domicilio-social-empresa\/","title":{"rendered":"El domicilio social de la empresa"},"content":{"rendered":"<p>Si est\u00e1s pensando <a href=\"https:\/\/www.billin.net\/blog\/crear-una-empresa\/\" target=\"_blank\" rel=\"noopener noreferrer\">montar una empresa<\/a> o ya la tienes, debes conocer en detalle lo que es el domicilio social y las diferencias con la sede y con el domicilio fiscal, que en muchos casos no es lo mismo. Vamos a verlo en detalle.<\/p>\n<p><!--more--><\/p>\n<h2>\u00bfQu\u00e9 es el domicilio social?<\/h2>\n<p>A la hora de preguntarnos que es el domicilio social, debemos tener claro que hace referencia a \u201c<strong>algo\u201d<\/strong> que s\u00f3lo tienen las sociedades mercantiles, ya que, a la hora de constituir una empresa ante notario,<strong> habr\u00e1 que seleccionar un domicilio donde se podr\u00e1 localizar a la compa\u00f1\u00eda en cuesti\u00f3n.<\/strong><\/p>\n<p>Normalmente, ese domicilio suele coincidir con el centro de administraci\u00f3n y direcci\u00f3n de la empresa, en la mayor\u00eda de los casos, no tiene nada que ver con el domicilio del establecimiento.<\/p>\n<p>Dentro de la Ley de Sociedades en su art\u00edculo 9, encontramos su definici\u00f3n \u201cel lugar en que se halle el centro de su efectiva administraci\u00f3n y direcci\u00f3n, o en el que radique su principal establecimiento o explotaci\u00f3n\u201d<\/p>\n<p>Dentro del \u00e1mbito mercantil <strong>el domicilio social har\u00e1 referencia al Registro del municipio donde deber\u00e1 constar las inscripciones de dicha sociedad<\/strong>, es decir, su constituci\u00f3n, estatutos, aportaci\u00f3n, cargos, cuentas anuales, etc.<\/p>\n<h3>\u00bfQu\u00e9 es una sede social de una empresa?<\/h3>\n<p>La <strong>sede social de una empresa<\/strong> es la fijaci\u00f3n del domicilio social de una empresa, el cual, se aprobar\u00e1 en Junta y se inscribir\u00e1 en el <a href=\"https:\/\/www.billin.net\/glosario\/definicion-registro-mercantil\/\">Registro Mercantil<\/a> correspondiente.<\/p>\n<p>Este domicilio de sede social tendr\u00e1 un car\u00e1cter p\u00fablico y se sobreentiende que ser\u00e1 el lugar donde se llevar\u00e1 a cabo la administraci\u00f3n del negocio.<\/p>\n<p>Las caracter\u00edsticas que tendr\u00e1 una sede social son:<\/p>\n<ul>\n<li>El lugar donde se dejar\u00e1 constancia en documento p\u00fablico que reside la empresa<\/li>\n<li>Esa direcci\u00f3n ser\u00e1 un dato p\u00fablico<\/li>\n<li>A veces puede o no coincidir con el domicilio fiscal<\/li>\n<li>Los aut\u00f3nomos profesionales no tendr\u00e1n obligaci\u00f3n de declarar un domicilio social pero si uno fiscal.<\/li>\n<\/ul>\n<h2>El domicilio social y fiscal<\/h2>\n<p>Como hemos visto en el apartado anterior, estos domicilios vendr\u00e1n regidos por diferentes leyes, es decir:<\/p>\n<ul>\n<li>El <strong>domicilio social<\/strong> se rige por la Ley de Sociedad de Capital, defini\u00e9ndolo con el lugar donde se desarrolla la actividad y como el lugar que aparece en el Registro Mercantil, de ah\u00ed que s\u00f3lo les afecte a las sociedades mercantiles.<\/li>\n<li>El <strong>domicilio fiscal<\/strong> se rige por la Ley Tributaria, defini\u00e9ndolo como el <strong>lugar de referencia para las relaciones con Hacienda<\/strong>, y, no es un dato p\u00fablico.<\/li>\n<\/ul>\n<h3>Diferencia entre domicilio social y fiscal<\/h3>\n<p>Veamos la <strong>diferencia entre domicilio social y fiscal<\/strong>:<\/p>\n<p>En el caso de realizar una variaci\u00f3n en el domicilio social de la empresa, habr\u00e1 que <strong>aprobar en Junta por el \u00f3rgano de administraci\u00f3n<\/strong> (siempre dentro del territorio nacional), aunque, hay una excepci\u00f3n establecida en el Real Decreto 15\/2017 del 7 de octubre de 2017, en el cual, se indica lo siguiente: \u201c<em><u>Por excepci\u00f3n a lo establecido en el apartado anterior, el \u00f3rgano de administraci\u00f3n ser\u00e1 competente para cambiar el domicilio social, salvo disposici\u00f3n contraria en los estatutos. Se considerar\u00e1 que hay disposici\u00f3n contraria de los estatutos solo cuando los mismos establezcan expresamente que el \u00f3rgano de administraci\u00f3n no ostenta esta competencia\u201d<\/u><\/em><\/p>\n<p>A diferencia, el domicilio fiscal no vendr\u00e1 recogido en escrituras p\u00fablicas, por lo que, si variara, habr\u00eda que presentar una comunicaci\u00f3n censal, ya que, el domicilio fiscal nos informa de la residencia fiscal, y, por tanto, del sistema fiscal aplicable seg\u00fan la oficina tributaria de adscripci\u00f3n del contribuyente.<\/p>\n<p>Ahora que ya tienes claro lo que es el domicilio social de una empresa y la diferencia con el fiscal puedes preguntar m\u00e1s dudas si las tienes en los comentarios.<\/p>\n","protected":false},"excerpt":{"rendered":"<p>Si est\u00e1s pensando montar una empresa o ya la tienes, debes conocer en detalle lo que es el domicilio social y las diferencias con la sede y con el domicilio fiscal, que en muchos casos no es lo mismo. Vamos a verlo en detalle.<\/p>\n","protected":false},"author":20,"featured_media":16077,"comment_status":"open","ping_status":"open","sticky":false,"template":"","format":"standard","meta":{"_acf_changed":false,"_et_pb_use_builder":"","_et_pb_old_content":"","_et_gb_content_width":"","om_disable_all_campaigns":false,"inline_featured_image":false,"footnotes":""},"categories":[1023],"tags":[1381],"class_list":{"0":"post-16074","1":"post","2":"type-post","3":"status-publish","4":"format-standard","5":"has-post-thumbnail","7":"category-negocios","8":"tag-pymes"},"acf":{"selector_de_usuario":null,"fecha_de_revision":null},"yoast_head":"<!-- This site is optimized with the Yoast SEO plugin v27.1 - https:\/\/yoast.com\/product\/yoast-seo-wordpress\/ -->\n<title>\u00bfQu\u00e9 es el Domicilio Social de una empresa? - TeamSystem Facturas Billin<\/title>\n<meta name=\"description\" content=\"Hoy queremos mostrarte lo que es el domicilio social de una empresa y las diferencias con lo que es la sede social o el domicilio fiscal.\" \/>\n<meta name=\"robots\" content=\"index, follow, max-snippet:-1, max-image-preview:large, max-video-preview:-1\" \/>\n<link rel=\"canonical\" href=\"https:\/\/www.billin.net\/blog\/domicilio-social-empresa\/\" \/>\n<meta property=\"og:locale\" content=\"es_ES\" \/>\n<meta property=\"og:type\" content=\"article\" \/>\n<meta property=\"og:title\" content=\"\u00bfQu\u00e9 es el Domicilio Social de una empresa? - TeamSystem Facturas Billin\" \/>\n<meta property=\"og:description\" content=\"Hoy queremos mostrarte lo que es el domicilio social de una empresa y las diferencias con lo que es la sede social o el domicilio fiscal.\" \/>\n<meta property=\"og:url\" content=\"https:\/\/www.billin.net\/blog\/domicilio-social-empresa\/\" \/>\n<meta property=\"og:site_name\" content=\"Blog de TeamSystem Facturas Billin\" \/>\n<meta property=\"article:publisher\" content=\"https:\/\/www.facebook.com\/EsBillin\" \/>\n<meta property=\"article:published_time\" content=\"2020-07-30T07:18:49+00:00\" \/>\n<meta property=\"article:modified_time\" content=\"2025-09-25T18:45:35+00:00\" \/>\n<meta property=\"og:image\" content=\"https:\/\/www.billin.net\/blog\/wp-content\/uploads\/2020\/07\/domicilio-social-empresa.jpg\" \/>\n\t<meta property=\"og:image:width\" content=\"1200\" \/>\n\t<meta property=\"og:image:height\" content=\"800\" \/>\n\t<meta property=\"og:image:type\" content=\"image\/jpeg\" \/>\n<meta name=\"author\" content=\"Marcos De La Cueva - CEO TeamSystem Facturas Billin\" \/>\n<meta name=\"twitter:card\" content=\"summary_large_image\" \/>\n<meta name=\"twitter:creator\" content=\"@Billin_ES\" \/>\n<meta name=\"twitter:site\" content=\"@Billin_ES\" \/>\n<meta name=\"twitter:label1\" content=\"Escrito por\" \/>\n\t<meta name=\"twitter:data1\" content=\"Marcos De La Cueva - CEO TeamSystem Facturas Billin\" \/>\n\t<meta name=\"twitter:label2\" content=\"Tiempo de lectura\" \/>\n\t<meta name=\"twitter:data2\" content=\"3 minutos\" \/>\n<script type=\"application\/ld+json\" class=\"yoast-schema-graph\">{\"@context\":\"https:\/\/schema.org\",\"@graph\":[{\"@type\":\"Article\",\"@id\":\"https:\/\/www.billin.net\/blog\/domicilio-social-empresa\/#article\",\"isPartOf\":{\"@id\":\"https:\/\/www.billin.net\/blog\/domicilio-social-empresa\/\"},\"author\":{\"name\":\"Marcos De La Cueva - CEO TeamSystem Facturas Billin\",\"@id\":\"https:\/\/www.billin.net\/blog\/#\/schema\/person\/d0339ee6e869234614541b1e80a793e7\"},\"headline\":\"El domicilio social de la empresa\",\"datePublished\":\"2020-07-30T07:18:49+00:00\",\"dateModified\":\"2025-09-25T18:45:35+00:00\",\"mainEntityOfPage\":{\"@id\":\"https:\/\/www.billin.net\/blog\/domicilio-social-empresa\/\"},\"wordCount\":639,\"commentCount\":0,\"publisher\":{\"@id\":\"https:\/\/www.billin.net\/blog\/#organization\"},\"image\":{\"@id\":\"https:\/\/www.billin.net\/blog\/domicilio-social-empresa\/#primaryimage\"},\"thumbnailUrl\":\"https:\/\/www.billin.net\/blog\/wp-content\/uploads\/2020\/07\/domicilio-social-empresa.jpg\",\"keywords\":[\"Pymes\"],\"articleSection\":[\"Negocios\"],\"inLanguage\":\"es\",\"potentialAction\":[{\"@type\":\"CommentAction\",\"name\":\"Comment\",\"target\":[\"https:\/\/www.billin.net\/blog\/domicilio-social-empresa\/#respond\"]}]},{\"@type\":\"WebPage\",\"@id\":\"https:\/\/www.billin.net\/blog\/domicilio-social-empresa\/\",\"url\":\"https:\/\/www.billin.net\/blog\/domicilio-social-empresa\/\",\"name\":\"\u00bfQu\u00e9 es el Domicilio Social de una empresa? - TeamSystem Facturas Billin\",\"isPartOf\":{\"@id\":\"https:\/\/www.billin.net\/blog\/#website\"},\"primaryImageOfPage\":{\"@id\":\"https:\/\/www.billin.net\/blog\/domicilio-social-empresa\/#primaryimage\"},\"image\":{\"@id\":\"https:\/\/www.billin.net\/blog\/domicilio-social-empresa\/#primaryimage\"},\"thumbnailUrl\":\"https:\/\/www.billin.net\/blog\/wp-content\/uploads\/2020\/07\/domicilio-social-empresa.jpg\",\"datePublished\":\"2020-07-30T07:18:49+00:00\",\"dateModified\":\"2025-09-25T18:45:35+00:00\",\"description\":\"Hoy queremos mostrarte lo que es el domicilio social de una empresa y las diferencias con lo que es la sede social o el domicilio fiscal.\",\"breadcrumb\":{\"@id\":\"https:\/\/www.billin.net\/blog\/domicilio-social-empresa\/#breadcrumb\"},\"inLanguage\":\"es\",\"potentialAction\":[{\"@type\":\"ReadAction\",\"target\":[\"https:\/\/www.billin.net\/blog\/domicilio-social-empresa\/\"]}]},{\"@type\":\"ImageObject\",\"inLanguage\":\"es\",\"@id\":\"https:\/\/www.billin.net\/blog\/domicilio-social-empresa\/#primaryimage\",\"url\":\"https:\/\/www.billin.net\/blog\/wp-content\/uploads\/2020\/07\/domicilio-social-empresa.jpg\",\"contentUrl\":\"https:\/\/www.billin.net\/blog\/wp-content\/uploads\/2020\/07\/domicilio-social-empresa.jpg\",\"width\":1200,\"height\":800,\"caption\":\"que es el domicilio social\"},{\"@type\":\"BreadcrumbList\",\"@id\":\"https:\/\/www.billin.net\/blog\/domicilio-social-empresa\/#breadcrumb\",\"itemListElement\":[{\"@type\":\"ListItem\",\"position\":1,\"name\":\"Blog\",\"item\":\"https:\/\/www.billin.net\/blog\/\"},{\"@type\":\"ListItem\",\"position\":2,\"name\":\"Negocios\",\"item\":\"https:\/\/www.billin.net\/blog\/negocios\/\"},{\"@type\":\"ListItem\",\"position\":3,\"name\":\"El domicilio social de la empresa\"}]},{\"@type\":\"WebSite\",\"@id\":\"https:\/\/www.billin.net\/blog\/#website\",\"url\":\"https:\/\/www.billin.net\/blog\/\",\"name\":\"Blog de Billin\",\"description\":\"Mantente informado con el blog de TeamSystem Facturas Billin:  facturaci\u00f3n, legislaci\u00f3n, contabilidad, management y toda la informaci\u00f3n \u00fatil para pymes y aut\u00f3nomos.\",\"publisher\":{\"@id\":\"https:\/\/www.billin.net\/blog\/#organization\"},\"potentialAction\":[{\"@type\":\"SearchAction\",\"target\":{\"@type\":\"EntryPoint\",\"urlTemplate\":\"https:\/\/www.billin.net\/blog\/?s={search_term_string}\"},\"query-input\":{\"@type\":\"PropertyValueSpecification\",\"valueRequired\":true,\"valueName\":\"search_term_string\"}}],\"inLanguage\":\"es\"},{\"@type\":\"Organization\",\"@id\":\"https:\/\/www.billin.net\/blog\/#organization\",\"name\":\"Billin\",\"alternateName\":\"Blog de Billin\",\"url\":\"https:\/\/www.billin.net\/blog\/\",\"logo\":{\"@type\":\"ImageObject\",\"inLanguage\":\"es\",\"@id\":\"https:\/\/www.billin.net\/blog\/#\/schema\/logo\/image\/\",\"url\":\"https:\/\/www.billin.net\/blog\/wp-content\/uploads\/2019\/06\/logotipo-billin-blog-1.png\",\"contentUrl\":\"https:\/\/www.billin.net\/blog\/wp-content\/uploads\/2019\/06\/logotipo-billin-blog-1.png\",\"width\":126,\"height\":50,\"caption\":\"Billin\"},\"image\":{\"@id\":\"https:\/\/www.billin.net\/blog\/#\/schema\/logo\/image\/\"},\"sameAs\":[\"https:\/\/www.facebook.com\/EsBillin\",\"https:\/\/x.com\/Billin_ES\",\"https:\/\/www.instagram.com\/billin_es\/\",\"https:\/\/www.linkedin.com\/company\/billin-spain\",\"https:\/\/www.youtube.com\/c\/BillinEsintercambiodefacturas\/\"],\"legalName\":\"MY EXPENSES SL\",\"contactPoint\":{\"@type\":\"ContactPoint\",\"telephone\":\"+34918318883\",\"contactType\":\"customer service\",\"email\":\"info@billin.eu\",\"availableLanguage\":\"es\"},\"foundingDate\":\"2015\",\"numberOfEmployees\":{\"@type\":\"QuantitativeValue\",\"minValue\":10,\"maxValue\":50},\"parentOrganization\":{\"@type\":\"Organization\",\"name\":\"TeamSystem\",\"url\":\"https:\/\/www.teamsystem.com\/\"},\"description\":\"Billin es el programa de facturaci\u00f3n online de TeamSystem para aut\u00f3nomos y pymes en Espa\u00f1a. Permite crear facturas, controlar gastos y cumplir con Verifactu.\",\"address\":{\"@type\":\"PostalAddress\",\"streetAddress\":\"Calle Arturo Soria, 336\",\"addressLocality\":\"Madrid\",\"addressRegion\":\"Madrid\",\"postalCode\":\"28033\",\"addressCountry\":\"ES\"}},{\"@type\":\"Person\",\"@id\":\"https:\/\/www.billin.net\/blog\/#\/schema\/person\/d0339ee6e869234614541b1e80a793e7\",\"name\":\"Marcos De La Cueva - CEO TeamSystem Facturas Billin\",\"image\":{\"@type\":\"ImageObject\",\"inLanguage\":\"es\",\"@id\":\"https:\/\/www.billin.net\/blog\/#\/schema\/person\/image\/\",\"url\":\"https:\/\/www.billin.net\/blog\/wp-content\/uploads\/2023\/10\/marcos-color-150x150.png\",\"contentUrl\":\"https:\/\/www.billin.net\/blog\/wp-content\/uploads\/2023\/10\/marcos-color-150x150.png\",\"caption\":\"Marcos De La Cueva - CEO TeamSystem Facturas Billin\"},\"description\":\"Licenciado en ADE por la Universidad Aut\u00f3noma de Madrid, Marcos De la Cueva es CEO y cofundador de TeamSystem Facturas Billin, un programa online que lleva m\u00e1s de 9 a\u00f1os ayudando a aut\u00f3nomos, peque\u00f1os negocios y gestor\u00edas a digitalizar sus presupuestos, facturas, tickets y gastos. \u00a0 Sobre Marcos De La Cueva \u00a0 Apasionado por el mundo empresarial y la tecnolog\u00eda, curs\u00f3 su M\u00e1ster de Finanzas en la Universidad Pontificia de Comillas y estuvo en el Programa de Cooperaci\u00f3n Educativa de la Universidad Aut\u00f3noma de Madrid. \u00a0 Marcos siempre ha tenido su objetivo claro: ayudar a la creaci\u00f3n de negocios financieramente sostenibles a trav\u00e9s de una herramienta de facturaci\u00f3n que les permita ahorrar tiempo y tener la contabilidad bajo control. \u00a0 Marcos De La Cueva en los medios \u2014 Noticia sobre Kit Digital y Ley Antifraude (VeriFactu) en El Economista. \u2014 Noticia sobre Kit Digital y factura electr\u00f3nica obligatoria en Diario Jur\u00eddico. \u2014 Noticia sobre el a\u00f1o de transici\u00f3n para la factura electr\u00f3nica en Muy Pymes. \u2014 Entrevista sobre factura electr\u00f3nica obligatoria en Canal Sur. \u2014 Noticia sobre el informe factura electr\u00f3nica de TeamSystem en Channel Partner. \u2014 Charla sobre productividad y Ley Crea y Crece en El Economista. \u2014 Charla sobre factura electr\u00f3nica obligatoria en Muy Pymes. \u2014 Charla sobre digitalizaci\u00f3n aut\u00f3nomos y productividad en esdiario. \u2014 Charla sobre productividad y factura electr\u00f3nica en La Raz\u00f3n. \u2014 Charla sobre factura electr\u00f3nica obligatoria en Aut\u00f3nomos y Emprendedores. \u2014 Entrevista sobre Ley Antifraude y Ley Crea y Crece en Expansi\u00f3n. \u2014 Entrevista sobre Ley Antifraude y Ley Crea y Crece en La Raz\u00f3n. \u2014 Entrevista sobre factura electr\u00f3nica obligatoria en El Economista. \u2014 Comunicado Billin y TeamSystem en Business Insider. \u2014 Entrevista en Econom\u00eda Digital. \u2014 Entrevista en Ideas para tu empresa de Vodafone. \u2014 Entrevista en M\u00e1sQradio. \u2014 Entrevista en Armas para emprender de El M\u00e9todo Gallardo. \u2014 Entrevista en KFund. \u2014 Entrevista en AXA Seguros Espa\u00f1a. \u2014 Entrevista en GestionaRadio. \u00a0 Marcos De La Cueva en eventos \u00a0 \u2014 Participaci\u00f3n como ponente en Accountex Espa\u00f1a 2023. \u00a0 Tem\u00e1ticas de especializaci\u00f3n \u00a0 negocios | startups | contabilidad| fiscalidad | empresas| asesor\u00edas| autonomos | emprendedores | peque\u00f1os negocios | econom\u00eda | ADE | pymes | desarrollo de negocio\u00a0\",\"sameAs\":[\"https:\/\/www.billin.net\/\",\"https:\/\/www.linkedin.com\/in\/marcos-de-la-cueva-19750ba3\/\"],\"url\":\"https:\/\/www.billin.net\/blog\/author\/marcosdelacueva\/\",\"jobTitle\":\"CEO y cofundador de TS Facturas Billin\"}]}<\/script>\n<!-- \/ Yoast SEO plugin. -->","yoast_head_json":{"title":"\u00bfQu\u00e9 es el Domicilio Social de una empresa? - TeamSystem Facturas Billin","description":"Hoy queremos mostrarte lo que es el domicilio social de una empresa y las diferencias con lo que es la sede social o el domicilio fiscal.","robots":{"index":"index","follow":"follow","max-snippet":"max-snippet:-1","max-image-preview":"max-image-preview:large","max-video-preview":"max-video-preview:-1"},"canonical":"https:\/\/www.billin.net\/blog\/domicilio-social-empresa\/","og_locale":"es_ES","og_type":"article","og_title":"\u00bfQu\u00e9 es el Domicilio Social de una empresa? - TeamSystem Facturas Billin","og_description":"Hoy queremos mostrarte lo que es el domicilio social de una empresa y las diferencias con lo que es la sede social o el domicilio fiscal.","og_url":"https:\/\/www.billin.net\/blog\/domicilio-social-empresa\/","og_site_name":"Blog de TeamSystem Facturas Billin","article_publisher":"https:\/\/www.facebook.com\/EsBillin","article_published_time":"2020-07-30T07:18:49+00:00","article_modified_time":"2025-09-25T18:45:35+00:00","og_image":[{"width":1200,"height":800,"url":"https:\/\/www.billin.net\/blog\/wp-content\/uploads\/2020\/07\/domicilio-social-empresa.jpg","type":"image\/jpeg"}],"author":"Marcos De La Cueva - CEO TeamSystem Facturas Billin","twitter_card":"summary_large_image","twitter_creator":"@Billin_ES","twitter_site":"@Billin_ES","twitter_misc":{"Escrito por":"Marcos De La Cueva - CEO TeamSystem Facturas Billin","Tiempo de lectura":"3 minutos"},"schema":{"@context":"https:\/\/schema.org","@graph":[{"@type":"Article","@id":"https:\/\/www.billin.net\/blog\/domicilio-social-empresa\/#article","isPartOf":{"@id":"https:\/\/www.billin.net\/blog\/domicilio-social-empresa\/"},"author":{"name":"Marcos De La Cueva - CEO TeamSystem Facturas Billin","@id":"https:\/\/www.billin.net\/blog\/#\/schema\/person\/d0339ee6e869234614541b1e80a793e7"},"headline":"El domicilio social de la empresa","datePublished":"2020-07-30T07:18:49+00:00","dateModified":"2025-09-25T18:45:35+00:00","mainEntityOfPage":{"@id":"https:\/\/www.billin.net\/blog\/domicilio-social-empresa\/"},"wordCount":639,"commentCount":0,"publisher":{"@id":"https:\/\/www.billin.net\/blog\/#organization"},"image":{"@id":"https:\/\/www.billin.net\/blog\/domicilio-social-empresa\/#primaryimage"},"thumbnailUrl":"https:\/\/www.billin.net\/blog\/wp-content\/uploads\/2020\/07\/domicilio-social-empresa.jpg","keywords":["Pymes"],"articleSection":["Negocios"],"inLanguage":"es","potentialAction":[{"@type":"CommentAction","name":"Comment","target":["https:\/\/www.billin.net\/blog\/domicilio-social-empresa\/#respond"]}]},{"@type":"WebPage","@id":"https:\/\/www.billin.net\/blog\/domicilio-social-empresa\/","url":"https:\/\/www.billin.net\/blog\/domicilio-social-empresa\/","name":"\u00bfQu\u00e9 es el Domicilio Social de una empresa? - TeamSystem Facturas Billin","isPartOf":{"@id":"https:\/\/www.billin.net\/blog\/#website"},"primaryImageOfPage":{"@id":"https:\/\/www.billin.net\/blog\/domicilio-social-empresa\/#primaryimage"},"image":{"@id":"https:\/\/www.billin.net\/blog\/domicilio-social-empresa\/#primaryimage"},"thumbnailUrl":"https:\/\/www.billin.net\/blog\/wp-content\/uploads\/2020\/07\/domicilio-social-empresa.jpg","datePublished":"2020-07-30T07:18:49+00:00","dateModified":"2025-09-25T18:45:35+00:00","description":"Hoy queremos mostrarte lo que es el domicilio social de una empresa y las diferencias con lo que es la sede social o el domicilio fiscal.","breadcrumb":{"@id":"https:\/\/www.billin.net\/blog\/domicilio-social-empresa\/#breadcrumb"},"inLanguage":"es","potentialAction":[{"@type":"ReadAction","target":["https:\/\/www.billin.net\/blog\/domicilio-social-empresa\/"]}]},{"@type":"ImageObject","inLanguage":"es","@id":"https:\/\/www.billin.net\/blog\/domicilio-social-empresa\/#primaryimage","url":"https:\/\/www.billin.net\/blog\/wp-content\/uploads\/2020\/07\/domicilio-social-empresa.jpg","contentUrl":"https:\/\/www.billin.net\/blog\/wp-content\/uploads\/2020\/07\/domicilio-social-empresa.jpg","width":1200,"height":800,"caption":"que es el domicilio social"},{"@type":"BreadcrumbList","@id":"https:\/\/www.billin.net\/blog\/domicilio-social-empresa\/#breadcrumb","itemListElement":[{"@type":"ListItem","position":1,"name":"Blog","item":"https:\/\/www.billin.net\/blog\/"},{"@type":"ListItem","position":2,"name":"Negocios","item":"https:\/\/www.billin.net\/blog\/negocios\/"},{"@type":"ListItem","position":3,"name":"El domicilio social de la empresa"}]},{"@type":"WebSite","@id":"https:\/\/www.billin.net\/blog\/#website","url":"https:\/\/www.billin.net\/blog\/","name":"Blog de Billin","description":"Mantente informado con el blog de TeamSystem Facturas Billin:  facturaci\u00f3n, legislaci\u00f3n, contabilidad, management y toda la informaci\u00f3n \u00fatil para pymes y aut\u00f3nomos.","publisher":{"@id":"https:\/\/www.billin.net\/blog\/#organization"},"potentialAction":[{"@type":"SearchAction","target":{"@type":"EntryPoint","urlTemplate":"https:\/\/www.billin.net\/blog\/?s={search_term_string}"},"query-input":{"@type":"PropertyValueSpecification","valueRequired":true,"valueName":"search_term_string"}}],"inLanguage":"es"},{"@type":"Organization","@id":"https:\/\/www.billin.net\/blog\/#organization","name":"Billin","alternateName":"Blog de Billin","url":"https:\/\/www.billin.net\/blog\/","logo":{"@type":"ImageObject","inLanguage":"es","@id":"https:\/\/www.billin.net\/blog\/#\/schema\/logo\/image\/","url":"https:\/\/www.billin.net\/blog\/wp-content\/uploads\/2019\/06\/logotipo-billin-blog-1.png","contentUrl":"https:\/\/www.billin.net\/blog\/wp-content\/uploads\/2019\/06\/logotipo-billin-blog-1.png","width":126,"height":50,"caption":"Billin"},"image":{"@id":"https:\/\/www.billin.net\/blog\/#\/schema\/logo\/image\/"},"sameAs":["https:\/\/www.facebook.com\/EsBillin","https:\/\/x.com\/Billin_ES","https:\/\/www.instagram.com\/billin_es\/","https:\/\/www.linkedin.com\/company\/billin-spain","https:\/\/www.youtube.com\/c\/BillinEsintercambiodefacturas\/"],"legalName":"MY EXPENSES SL","contactPoint":{"@type":"ContactPoint","telephone":"+34918318883","contactType":"customer service","email":"info@billin.eu","availableLanguage":"es"},"foundingDate":"2015","numberOfEmployees":{"@type":"QuantitativeValue","minValue":10,"maxValue":50},"parentOrganization":{"@type":"Organization","name":"TeamSystem","url":"https:\/\/www.teamsystem.com\/"},"description":"Billin es el programa de facturaci\u00f3n online de TeamSystem para aut\u00f3nomos y pymes en Espa\u00f1a. Permite crear facturas, controlar gastos y cumplir con Verifactu.","address":{"@type":"PostalAddress","streetAddress":"Calle Arturo Soria, 336","addressLocality":"Madrid","addressRegion":"Madrid","postalCode":"28033","addressCountry":"ES"}},{"@type":"Person","@id":"https:\/\/www.billin.net\/blog\/#\/schema\/person\/d0339ee6e869234614541b1e80a793e7","name":"Marcos De La Cueva - CEO TeamSystem Facturas Billin","image":{"@type":"ImageObject","inLanguage":"es","@id":"https:\/\/www.billin.net\/blog\/#\/schema\/person\/image\/","url":"https:\/\/www.billin.net\/blog\/wp-content\/uploads\/2023\/10\/marcos-color-150x150.png","contentUrl":"https:\/\/www.billin.net\/blog\/wp-content\/uploads\/2023\/10\/marcos-color-150x150.png","caption":"Marcos De La Cueva - CEO TeamSystem Facturas Billin"},"description":"Licenciado en ADE por la Universidad Aut\u00f3noma de Madrid, Marcos De la Cueva es CEO y cofundador de TeamSystem Facturas Billin, un programa online que lleva m\u00e1s de 9 a\u00f1os ayudando a aut\u00f3nomos, peque\u00f1os negocios y gestor\u00edas a digitalizar sus presupuestos, facturas, tickets y gastos. \u00a0 Sobre Marcos De La Cueva \u00a0 Apasionado por el mundo empresarial y la tecnolog\u00eda, curs\u00f3 su M\u00e1ster de Finanzas en la Universidad Pontificia de Comillas y estuvo en el Programa de Cooperaci\u00f3n Educativa de la Universidad Aut\u00f3noma de Madrid. \u00a0 Marcos siempre ha tenido su objetivo claro: ayudar a la creaci\u00f3n de negocios financieramente sostenibles a trav\u00e9s de una herramienta de facturaci\u00f3n que les permita ahorrar tiempo y tener la contabilidad bajo control. \u00a0 Marcos De La Cueva en los medios \u2014 Noticia sobre Kit Digital y Ley Antifraude (VeriFactu) en El Economista. \u2014 Noticia sobre Kit Digital y factura electr\u00f3nica obligatoria en Diario Jur\u00eddico. \u2014 Noticia sobre el a\u00f1o de transici\u00f3n para la factura electr\u00f3nica en Muy Pymes. \u2014 Entrevista sobre factura electr\u00f3nica obligatoria en Canal Sur. \u2014 Noticia sobre el informe factura electr\u00f3nica de TeamSystem en Channel Partner. \u2014 Charla sobre productividad y Ley Crea y Crece en El Economista. \u2014 Charla sobre factura electr\u00f3nica obligatoria en Muy Pymes. \u2014 Charla sobre digitalizaci\u00f3n aut\u00f3nomos y productividad en esdiario. \u2014 Charla sobre productividad y factura electr\u00f3nica en La Raz\u00f3n. \u2014 Charla sobre factura electr\u00f3nica obligatoria en Aut\u00f3nomos y Emprendedores. \u2014 Entrevista sobre Ley Antifraude y Ley Crea y Crece en Expansi\u00f3n. \u2014 Entrevista sobre Ley Antifraude y Ley Crea y Crece en La Raz\u00f3n. \u2014 Entrevista sobre factura electr\u00f3nica obligatoria en El Economista. \u2014 Comunicado Billin y TeamSystem en Business Insider. \u2014 Entrevista en Econom\u00eda Digital. \u2014 Entrevista en Ideas para tu empresa de Vodafone. \u2014 Entrevista en M\u00e1sQradio. \u2014 Entrevista en Armas para emprender de El M\u00e9todo Gallardo. \u2014 Entrevista en KFund. \u2014 Entrevista en AXA Seguros Espa\u00f1a. \u2014 Entrevista en GestionaRadio. \u00a0 Marcos De La Cueva en eventos \u00a0 \u2014 Participaci\u00f3n como ponente en Accountex Espa\u00f1a 2023. \u00a0 Tem\u00e1ticas de especializaci\u00f3n \u00a0 negocios | startups | contabilidad| fiscalidad | empresas| asesor\u00edas| autonomos | emprendedores | peque\u00f1os negocios | econom\u00eda | ADE | pymes | desarrollo de negocio\u00a0","sameAs":["https:\/\/www.billin.net\/","https:\/\/www.linkedin.com\/in\/marcos-de-la-cueva-19750ba3\/"],"url":"https:\/\/www.billin.net\/blog\/author\/marcosdelacueva\/","jobTitle":"CEO y cofundador de TS Facturas Billin"}]}},"_links":{"self":[{"href":"https:\/\/www.billin.net\/blog\/wp-json\/wp\/v2\/posts\/16074","targetHints":{"allow":["GET"]}}],"collection":[{"href":"https:\/\/www.billin.net\/blog\/wp-json\/wp\/v2\/posts"}],"about":[{"href":"https:\/\/www.billin.net\/blog\/wp-json\/wp\/v2\/types\/post"}],"author":[{"embeddable":true,"href":"https:\/\/www.billin.net\/blog\/wp-json\/wp\/v2\/users\/20"}],"replies":[{"embeddable":true,"href":"https:\/\/www.billin.net\/blog\/wp-json\/wp\/v2\/comments?post=16074"}],"version-history":[{"count":6,"href":"https:\/\/www.billin.net\/blog\/wp-json\/wp\/v2\/posts\/16074\/revisions"}],"predecessor-version":[{"id":27069,"href":"https:\/\/www.billin.net\/blog\/wp-json\/wp\/v2\/posts\/16074\/revisions\/27069"}],"wp:featuredmedia":[{"embeddable":true,"href":"https:\/\/www.billin.net\/blog\/wp-json\/wp\/v2\/media\/16077"}],"wp:attachment":[{"href":"https:\/\/www.billin.net\/blog\/wp-json\/wp\/v2\/media?parent=16074"}],"wp:term":[{"taxonomy":"category","embeddable":true,"href":"https:\/\/www.billin.net\/blog\/wp-json\/wp\/v2\/categories?post=16074"},{"taxonomy":"post_tag","embeddable":true,"href":"https:\/\/www.billin.net\/blog\/wp-json\/wp\/v2\/tags?post=16074"}],"curies":[{"name":"wp","href":"https:\/\/api.w.org\/{rel}","templated":true}]}}