{"id":15728,"date":"2020-06-26T10:00:22","date_gmt":"2020-06-26T08:00:22","guid":{"rendered":"https:\/\/www.billin.net\/blog\/?p=15728"},"modified":"2025-09-25T20:46:12","modified_gmt":"2025-09-25T18:46:12","slug":"colaborador-oficial-plan-acelera-pyme","status":"publish","type":"post","link":"https:\/\/www.billin.net\/blog\/colaborador-oficial-plan-acelera-pyme\/","title":{"rendered":"TeamSystem Facturas Billin: Colaborador oficial del Plan Acelera PYME"},"content":{"rendered":"<p>Hoy te vamos a hablar de lo que es el<strong> plan Acelera pyme<\/strong>, que est\u00e1 destinado principalmente a ayudar a las pymes y aut\u00f3nomos que se han visto afectados por la crisis sanitaria del Covid-19.<\/p>\n<p><!--more--><\/p>\n<p>[activecampaign form=7 css=1]<\/p>\n<p>&nbsp;<\/p>\n<h2>\u00bfQu\u00e9 es el plan Acelera Pyme?<\/h2>\n<p>Es un plan que el Gobierno ha creado para recoger<strong> empresas de todos los sectores tecnol\u00f3gicos<\/strong>, que ofrecen servicios espec\u00edficos o adaptados a las empresas que est\u00e1n sufriendo los da\u00f1os de la crisis del Coronavirus.<\/p>\n<p>Dentro de estas empresas encontramos de todo tipo, pero siempre con una base tecnol\u00f3gica y podemos encontrar <strong>grandes empresas como Microsoft o Google<\/strong> hasta otras m\u00e1s peque\u00f1as como nosotros mismos.<\/p>\n<p>TeamSystem Facturas Billin est\u00e1 presente dentro del portal con su soluci\u00f3n de facturaci\u00f3n, que en estos tiempos en los que la crisis est\u00e1 presente, ofrecemos el periodo de prueba de forma extendida mientras dure la crisis o que la situaci\u00f3n se normalice.<\/p>\n<h2>\u00bfC\u00f3mo beneficiarte del plan Acelera Pyme?<\/h2>\n<p>Si eres un aut\u00f3nomo o una Pyme podr\u00e1s acceder a todas las empresas que est\u00e1n dentro del programa y beneficiarte de la soluci\u00f3n que necesites para tu negocio de forma directa a trav\u00e9s de las ofertas.<\/p>\n<p>Tan solo tendr\u00e1s que acceder el listado de colaboradores y filtrar por el tipo de soluci\u00f3n tecnol\u00f3gica que necesitas.<\/p>\n<hr \/>\n<p><b>En TeamSystem Facturas Billin participamos con nuestro programa de facturaci\u00f3n online<\/b><i>.\u00a0<\/i>Lo que ofrecemos a las pymes y a los aut\u00f3nomos es la posibilidad de utilizar TeamSystem Facturas Billin durante<strong> un periodo de prueba sin compromiso m\u00e1s extenso y que durar\u00e1 durante el tiempo en que la situaci\u00f3n se normalice.<\/strong><\/p>\n<p>Si quieres acceder a tu prueba extendida accede ya:<\/p>\n<p style=\"text-align: center;\"><a href=\"https:\/\/www.billin.net\/signup-mkt-app-nueva\/?tsource=coronavirus\"><strong>DATE DE ALTA AQU\u00cd<\/strong><\/a><\/p>\n<hr \/>\n<p>Por otra parte te ofrecemos una serie de recursos que quiz\u00e1s te puedan ayudar para acceder a ayudas y financiaci\u00f3n:<\/p>\n<ul>\n<li><strong><a href=\"https:\/\/www.billin.net\/blog\/ayudas-autonomos-por-coronavirus\/\">Ayudas a aut\u00f3nomos<\/a><\/strong><\/li>\n<li><strong><a href=\"https:\/\/www.billin.net\/blog\/ayudas-empresas-por-coronavirus\/\">Ayudas a empresas<\/a><\/strong><\/li>\n<li><strong><a href=\"https:\/\/www.billin.net\/blog\/avales-prestamos-ico-coronavirus\/\">Prestamos ICO Coronavirus<\/a><\/strong><\/li>\n<\/ul>\n<p>Si tienes dudas o preguntas puedes utilizar los comentarios y te ayudaremos en todo lo referente con la crisis de Coronavirus o el plan Acelera Pyme.<\/p>\n<p><img loading=\"lazy\" decoding=\"async\" class=\"aligncenter wp-image-15732 size-full\" src=\"https:\/\/www.billin.net\/blog\/wp-content\/uploads\/2020\/06\/Banners_Acelera_02_728x90_ambos.jpg\" alt=\"plan acelera pyme billin\" width=\"728\" height=\"90\" srcset=\"https:\/\/www.billin.net\/blog\/wp-content\/uploads\/2020\/06\/Banners_Acelera_02_728x90_ambos.jpg 728w, https:\/\/www.billin.net\/blog\/wp-content\/uploads\/2020\/06\/Banners_Acelera_02_728x90_ambos-300x37.jpg 300w\" sizes=\"(max-width: 728px) 100vw, 728px\" \/><\/p>\n","protected":false},"excerpt":{"rendered":"<p>Hoy te vamos a hablar de lo que es el plan Acelera pyme, que est\u00e1 destinado principalmente a ayudar a las pymes y aut\u00f3nomos que se han visto afectados por la crisis sanitaria del Covid-19.<\/p>\n","protected":false},"author":20,"featured_media":15729,"comment_status":"open","ping_status":"open","sticky":false,"template":"","format":"standard","meta":{"_acf_changed":false,"_et_pb_use_builder":"","_et_pb_old_content":"","_et_gb_content_width":"","om_disable_all_campaigns":false,"inline_featured_image":false,"footnotes":""},"categories":[1023],"tags":[],"class_list":{"0":"post-15728","1":"post","2":"type-post","3":"status-publish","4":"format-standard","5":"has-post-thumbnail","7":"category-negocios"},"acf":{"selector_de_usuario":null,"fecha_de_revision":"20210215"},"yoast_head":"<!-- This site is optimized with the Yoast SEO plugin v27.1 - https:\/\/yoast.com\/product\/yoast-seo-wordpress\/ -->\n<title>\u00bfQu\u00e9 es el plan Acelera Pyme del Gobierno? - TeamSystem Facturas Billin<\/title>\n<meta name=\"description\" content=\"Hoy te mostramos que es el plan Acelera Pyme y de como puedes benificiarte de los servisicos que ofrecen las empresas presentes en el.\" \/>\n<meta name=\"robots\" content=\"index, follow, max-snippet:-1, max-image-preview:large, max-video-preview:-1\" \/>\n<link rel=\"canonical\" href=\"https:\/\/www.billin.net\/blog\/colaborador-oficial-plan-acelera-pyme\/\" \/>\n<meta property=\"og:locale\" content=\"es_ES\" \/>\n<meta property=\"og:type\" content=\"article\" \/>\n<meta property=\"og:title\" content=\"\u00bfQu\u00e9 es el plan Acelera Pyme del Gobierno? - TeamSystem Facturas Billin\" \/>\n<meta property=\"og:description\" content=\"Hoy te mostramos que es el plan Acelera Pyme y de como puedes benificiarte de los servisicos que ofrecen las empresas presentes en el.\" \/>\n<meta property=\"og:url\" content=\"https:\/\/www.billin.net\/blog\/colaborador-oficial-plan-acelera-pyme\/\" \/>\n<meta property=\"og:site_name\" content=\"Blog de TeamSystem Facturas Billin\" \/>\n<meta property=\"article:publisher\" content=\"https:\/\/www.facebook.com\/EsBillin\" \/>\n<meta property=\"article:published_time\" content=\"2020-06-26T08:00:22+00:00\" \/>\n<meta property=\"article:modified_time\" content=\"2025-09-25T18:46:12+00:00\" \/>\n<meta property=\"og:image\" content=\"https:\/\/www.billin.net\/blog\/wp-content\/uploads\/2020\/06\/Acelera-Pyme-gobierno.jpg\" \/>\n\t<meta property=\"og:image:width\" content=\"1030\" \/>\n\t<meta property=\"og:image:height\" content=\"580\" \/>\n\t<meta property=\"og:image:type\" content=\"image\/jpeg\" \/>\n<meta name=\"author\" content=\"Marcos De La Cueva - CEO TeamSystem Facturas Billin\" \/>\n<meta name=\"twitter:card\" content=\"summary_large_image\" \/>\n<meta name=\"twitter:creator\" content=\"@Billin_ES\" \/>\n<meta name=\"twitter:site\" content=\"@Billin_ES\" \/>\n<meta name=\"twitter:label1\" content=\"Escrito por\" \/>\n\t<meta name=\"twitter:data1\" content=\"Marcos De La Cueva - CEO TeamSystem Facturas Billin\" \/>\n\t<meta name=\"twitter:label2\" content=\"Tiempo de lectura\" \/>\n\t<meta name=\"twitter:data2\" content=\"2 minutos\" \/>\n<script type=\"application\/ld+json\" class=\"yoast-schema-graph\">{\"@context\":\"https:\/\/schema.org\",\"@graph\":[{\"@type\":\"Article\",\"@id\":\"https:\/\/www.billin.net\/blog\/colaborador-oficial-plan-acelera-pyme\/#article\",\"isPartOf\":{\"@id\":\"https:\/\/www.billin.net\/blog\/colaborador-oficial-plan-acelera-pyme\/\"},\"author\":{\"name\":\"Marcos De La Cueva - CEO TeamSystem Facturas Billin\",\"@id\":\"https:\/\/www.billin.net\/blog\/#\/schema\/person\/d0339ee6e869234614541b1e80a793e7\"},\"headline\":\"TeamSystem Facturas Billin: Colaborador oficial del Plan Acelera PYME\",\"datePublished\":\"2020-06-26T08:00:22+00:00\",\"dateModified\":\"2025-09-25T18:46:12+00:00\",\"mainEntityOfPage\":{\"@id\":\"https:\/\/www.billin.net\/blog\/colaborador-oficial-plan-acelera-pyme\/\"},\"wordCount\":367,\"commentCount\":0,\"publisher\":{\"@id\":\"https:\/\/www.billin.net\/blog\/#organization\"},\"image\":{\"@id\":\"https:\/\/www.billin.net\/blog\/colaborador-oficial-plan-acelera-pyme\/#primaryimage\"},\"thumbnailUrl\":\"https:\/\/www.billin.net\/blog\/wp-content\/uploads\/2020\/06\/Acelera-Pyme-gobierno.jpg\",\"articleSection\":[\"Negocios\"],\"inLanguage\":\"es\",\"potentialAction\":[{\"@type\":\"CommentAction\",\"name\":\"Comment\",\"target\":[\"https:\/\/www.billin.net\/blog\/colaborador-oficial-plan-acelera-pyme\/#respond\"]}]},{\"@type\":\"WebPage\",\"@id\":\"https:\/\/www.billin.net\/blog\/colaborador-oficial-plan-acelera-pyme\/\",\"url\":\"https:\/\/www.billin.net\/blog\/colaborador-oficial-plan-acelera-pyme\/\",\"name\":\"\u00bfQu\u00e9 es el plan Acelera Pyme del Gobierno? - TeamSystem Facturas Billin\",\"isPartOf\":{\"@id\":\"https:\/\/www.billin.net\/blog\/#website\"},\"primaryImageOfPage\":{\"@id\":\"https:\/\/www.billin.net\/blog\/colaborador-oficial-plan-acelera-pyme\/#primaryimage\"},\"image\":{\"@id\":\"https:\/\/www.billin.net\/blog\/colaborador-oficial-plan-acelera-pyme\/#primaryimage\"},\"thumbnailUrl\":\"https:\/\/www.billin.net\/blog\/wp-content\/uploads\/2020\/06\/Acelera-Pyme-gobierno.jpg\",\"datePublished\":\"2020-06-26T08:00:22+00:00\",\"dateModified\":\"2025-09-25T18:46:12+00:00\",\"description\":\"Hoy te mostramos que es el plan Acelera Pyme y de como puedes benificiarte de los servisicos que ofrecen las empresas presentes en el.\",\"breadcrumb\":{\"@id\":\"https:\/\/www.billin.net\/blog\/colaborador-oficial-plan-acelera-pyme\/#breadcrumb\"},\"inLanguage\":\"es\",\"potentialAction\":[{\"@type\":\"ReadAction\",\"target\":[\"https:\/\/www.billin.net\/blog\/colaborador-oficial-plan-acelera-pyme\/\"]}]},{\"@type\":\"ImageObject\",\"inLanguage\":\"es\",\"@id\":\"https:\/\/www.billin.net\/blog\/colaborador-oficial-plan-acelera-pyme\/#primaryimage\",\"url\":\"https:\/\/www.billin.net\/blog\/wp-content\/uploads\/2020\/06\/Acelera-Pyme-gobierno.jpg\",\"contentUrl\":\"https:\/\/www.billin.net\/blog\/wp-content\/uploads\/2020\/06\/Acelera-Pyme-gobierno.jpg\",\"width\":1030,\"height\":580,\"caption\":\"plan acelera pyme\"},{\"@type\":\"BreadcrumbList\",\"@id\":\"https:\/\/www.billin.net\/blog\/colaborador-oficial-plan-acelera-pyme\/#breadcrumb\",\"itemListElement\":[{\"@type\":\"ListItem\",\"position\":1,\"name\":\"Blog\",\"item\":\"https:\/\/www.billin.net\/blog\/\"},{\"@type\":\"ListItem\",\"position\":2,\"name\":\"Negocios\",\"item\":\"https:\/\/www.billin.net\/blog\/negocios\/\"},{\"@type\":\"ListItem\",\"position\":3,\"name\":\"TeamSystem Facturas Billin: Colaborador oficial del Plan Acelera PYME\"}]},{\"@type\":\"WebSite\",\"@id\":\"https:\/\/www.billin.net\/blog\/#website\",\"url\":\"https:\/\/www.billin.net\/blog\/\",\"name\":\"Blog de Billin\",\"description\":\"Mantente informado con el blog de TeamSystem Facturas Billin:  facturaci\u00f3n, legislaci\u00f3n, contabilidad, management y toda la informaci\u00f3n \u00fatil para pymes y aut\u00f3nomos.\",\"publisher\":{\"@id\":\"https:\/\/www.billin.net\/blog\/#organization\"},\"potentialAction\":[{\"@type\":\"SearchAction\",\"target\":{\"@type\":\"EntryPoint\",\"urlTemplate\":\"https:\/\/www.billin.net\/blog\/?s={search_term_string}\"},\"query-input\":{\"@type\":\"PropertyValueSpecification\",\"valueRequired\":true,\"valueName\":\"search_term_string\"}}],\"inLanguage\":\"es\"},{\"@type\":\"Organization\",\"@id\":\"https:\/\/www.billin.net\/blog\/#organization\",\"name\":\"Billin\",\"alternateName\":\"Blog de Billin\",\"url\":\"https:\/\/www.billin.net\/blog\/\",\"logo\":{\"@type\":\"ImageObject\",\"inLanguage\":\"es\",\"@id\":\"https:\/\/www.billin.net\/blog\/#\/schema\/logo\/image\/\",\"url\":\"https:\/\/www.billin.net\/blog\/wp-content\/uploads\/2019\/06\/logotipo-billin-blog-1.png\",\"contentUrl\":\"https:\/\/www.billin.net\/blog\/wp-content\/uploads\/2019\/06\/logotipo-billin-blog-1.png\",\"width\":126,\"height\":50,\"caption\":\"Billin\"},\"image\":{\"@id\":\"https:\/\/www.billin.net\/blog\/#\/schema\/logo\/image\/\"},\"sameAs\":[\"https:\/\/www.facebook.com\/EsBillin\",\"https:\/\/x.com\/Billin_ES\",\"https:\/\/www.instagram.com\/billin_es\/\",\"https:\/\/www.linkedin.com\/company\/billin-spain\",\"https:\/\/www.youtube.com\/c\/BillinEsintercambiodefacturas\/\"],\"legalName\":\"MY EXPENSES SL\",\"contactPoint\":{\"@type\":\"ContactPoint\",\"telephone\":\"+34918318883\",\"contactType\":\"customer service\",\"email\":\"info@billin.eu\",\"availableLanguage\":\"es\"},\"foundingDate\":\"2015\",\"numberOfEmployees\":{\"@type\":\"QuantitativeValue\",\"minValue\":10,\"maxValue\":50},\"parentOrganization\":{\"@type\":\"Organization\",\"name\":\"TeamSystem\",\"url\":\"https:\/\/www.teamsystem.com\/\"},\"description\":\"Billin es el programa de facturaci\u00f3n online de TeamSystem para aut\u00f3nomos y pymes en Espa\u00f1a. Permite crear facturas, controlar gastos y cumplir con Verifactu.\",\"address\":{\"@type\":\"PostalAddress\",\"streetAddress\":\"Calle Arturo Soria, 336\",\"addressLocality\":\"Madrid\",\"addressRegion\":\"Madrid\",\"postalCode\":\"28033\",\"addressCountry\":\"ES\"}},{\"@type\":\"Person\",\"@id\":\"https:\/\/www.billin.net\/blog\/#\/schema\/person\/d0339ee6e869234614541b1e80a793e7\",\"name\":\"Marcos De La Cueva - CEO TeamSystem Facturas Billin\",\"image\":{\"@type\":\"ImageObject\",\"inLanguage\":\"es\",\"@id\":\"https:\/\/www.billin.net\/blog\/#\/schema\/person\/image\/\",\"url\":\"https:\/\/www.billin.net\/blog\/wp-content\/uploads\/2023\/10\/marcos-color-150x150.png\",\"contentUrl\":\"https:\/\/www.billin.net\/blog\/wp-content\/uploads\/2023\/10\/marcos-color-150x150.png\",\"caption\":\"Marcos De La Cueva - CEO TeamSystem Facturas Billin\"},\"description\":\"Licenciado en ADE por la Universidad Aut\u00f3noma de Madrid, Marcos De la Cueva es CEO y cofundador de TeamSystem Facturas Billin, un programa online que lleva m\u00e1s de 9 a\u00f1os ayudando a aut\u00f3nomos, peque\u00f1os negocios y gestor\u00edas a digitalizar sus presupuestos, facturas, tickets y gastos. \u00a0 Sobre Marcos De La Cueva \u00a0 Apasionado por el mundo empresarial y la tecnolog\u00eda, curs\u00f3 su M\u00e1ster de Finanzas en la Universidad Pontificia de Comillas y estuvo en el Programa de Cooperaci\u00f3n Educativa de la Universidad Aut\u00f3noma de Madrid. \u00a0 Marcos siempre ha tenido su objetivo claro: ayudar a la creaci\u00f3n de negocios financieramente sostenibles a trav\u00e9s de una herramienta de facturaci\u00f3n que les permita ahorrar tiempo y tener la contabilidad bajo control. \u00a0 Marcos De La Cueva en los medios \u2014 Noticia sobre Kit Digital y Ley Antifraude (VeriFactu) en El Economista. \u2014 Noticia sobre Kit Digital y factura electr\u00f3nica obligatoria en Diario Jur\u00eddico. \u2014 Noticia sobre el a\u00f1o de transici\u00f3n para la factura electr\u00f3nica en Muy Pymes. \u2014 Entrevista sobre factura electr\u00f3nica obligatoria en Canal Sur. \u2014 Noticia sobre el informe factura electr\u00f3nica de TeamSystem en Channel Partner. \u2014 Charla sobre productividad y Ley Crea y Crece en El Economista. \u2014 Charla sobre factura electr\u00f3nica obligatoria en Muy Pymes. \u2014 Charla sobre digitalizaci\u00f3n aut\u00f3nomos y productividad en esdiario. \u2014 Charla sobre productividad y factura electr\u00f3nica en La Raz\u00f3n. \u2014 Charla sobre factura electr\u00f3nica obligatoria en Aut\u00f3nomos y Emprendedores. \u2014 Entrevista sobre Ley Antifraude y Ley Crea y Crece en Expansi\u00f3n. \u2014 Entrevista sobre Ley Antifraude y Ley Crea y Crece en La Raz\u00f3n. \u2014 Entrevista sobre factura electr\u00f3nica obligatoria en El Economista. \u2014 Comunicado Billin y TeamSystem en Business Insider. \u2014 Entrevista en Econom\u00eda Digital. \u2014 Entrevista en Ideas para tu empresa de Vodafone. \u2014 Entrevista en M\u00e1sQradio. \u2014 Entrevista en Armas para emprender de El M\u00e9todo Gallardo. \u2014 Entrevista en KFund. \u2014 Entrevista en AXA Seguros Espa\u00f1a. \u2014 Entrevista en GestionaRadio. \u00a0 Marcos De La Cueva en eventos \u00a0 \u2014 Participaci\u00f3n como ponente en Accountex Espa\u00f1a 2023. \u00a0 Tem\u00e1ticas de especializaci\u00f3n \u00a0 negocios | startups | contabilidad| fiscalidad | empresas| asesor\u00edas| autonomos | emprendedores | peque\u00f1os negocios | econom\u00eda | ADE | pymes | desarrollo de negocio\u00a0\",\"sameAs\":[\"https:\/\/www.billin.net\/\",\"https:\/\/www.linkedin.com\/in\/marcos-de-la-cueva-19750ba3\/\"],\"url\":\"https:\/\/www.billin.net\/blog\/author\/marcosdelacueva\/\",\"jobTitle\":\"CEO y cofundador de TS Facturas Billin\"}]}<\/script>\n<!-- \/ Yoast SEO plugin. -->","yoast_head_json":{"title":"\u00bfQu\u00e9 es el plan Acelera Pyme del Gobierno? - TeamSystem Facturas Billin","description":"Hoy te mostramos que es el plan Acelera Pyme y de como puedes benificiarte de los servisicos que ofrecen las empresas presentes en el.","robots":{"index":"index","follow":"follow","max-snippet":"max-snippet:-1","max-image-preview":"max-image-preview:large","max-video-preview":"max-video-preview:-1"},"canonical":"https:\/\/www.billin.net\/blog\/colaborador-oficial-plan-acelera-pyme\/","og_locale":"es_ES","og_type":"article","og_title":"\u00bfQu\u00e9 es el plan Acelera Pyme del Gobierno? - TeamSystem Facturas Billin","og_description":"Hoy te mostramos que es el plan Acelera Pyme y de como puedes benificiarte de los servisicos que ofrecen las empresas presentes en el.","og_url":"https:\/\/www.billin.net\/blog\/colaborador-oficial-plan-acelera-pyme\/","og_site_name":"Blog de TeamSystem Facturas Billin","article_publisher":"https:\/\/www.facebook.com\/EsBillin","article_published_time":"2020-06-26T08:00:22+00:00","article_modified_time":"2025-09-25T18:46:12+00:00","og_image":[{"width":1030,"height":580,"url":"https:\/\/www.billin.net\/blog\/wp-content\/uploads\/2020\/06\/Acelera-Pyme-gobierno.jpg","type":"image\/jpeg"}],"author":"Marcos De La Cueva - CEO TeamSystem Facturas Billin","twitter_card":"summary_large_image","twitter_creator":"@Billin_ES","twitter_site":"@Billin_ES","twitter_misc":{"Escrito por":"Marcos De La Cueva - CEO TeamSystem Facturas Billin","Tiempo de lectura":"2 minutos"},"schema":{"@context":"https:\/\/schema.org","@graph":[{"@type":"Article","@id":"https:\/\/www.billin.net\/blog\/colaborador-oficial-plan-acelera-pyme\/#article","isPartOf":{"@id":"https:\/\/www.billin.net\/blog\/colaborador-oficial-plan-acelera-pyme\/"},"author":{"name":"Marcos De La Cueva - CEO TeamSystem Facturas Billin","@id":"https:\/\/www.billin.net\/blog\/#\/schema\/person\/d0339ee6e869234614541b1e80a793e7"},"headline":"TeamSystem Facturas Billin: Colaborador oficial del Plan Acelera PYME","datePublished":"2020-06-26T08:00:22+00:00","dateModified":"2025-09-25T18:46:12+00:00","mainEntityOfPage":{"@id":"https:\/\/www.billin.net\/blog\/colaborador-oficial-plan-acelera-pyme\/"},"wordCount":367,"commentCount":0,"publisher":{"@id":"https:\/\/www.billin.net\/blog\/#organization"},"image":{"@id":"https:\/\/www.billin.net\/blog\/colaborador-oficial-plan-acelera-pyme\/#primaryimage"},"thumbnailUrl":"https:\/\/www.billin.net\/blog\/wp-content\/uploads\/2020\/06\/Acelera-Pyme-gobierno.jpg","articleSection":["Negocios"],"inLanguage":"es","potentialAction":[{"@type":"CommentAction","name":"Comment","target":["https:\/\/www.billin.net\/blog\/colaborador-oficial-plan-acelera-pyme\/#respond"]}]},{"@type":"WebPage","@id":"https:\/\/www.billin.net\/blog\/colaborador-oficial-plan-acelera-pyme\/","url":"https:\/\/www.billin.net\/blog\/colaborador-oficial-plan-acelera-pyme\/","name":"\u00bfQu\u00e9 es el plan Acelera Pyme del Gobierno? - TeamSystem Facturas Billin","isPartOf":{"@id":"https:\/\/www.billin.net\/blog\/#website"},"primaryImageOfPage":{"@id":"https:\/\/www.billin.net\/blog\/colaborador-oficial-plan-acelera-pyme\/#primaryimage"},"image":{"@id":"https:\/\/www.billin.net\/blog\/colaborador-oficial-plan-acelera-pyme\/#primaryimage"},"thumbnailUrl":"https:\/\/www.billin.net\/blog\/wp-content\/uploads\/2020\/06\/Acelera-Pyme-gobierno.jpg","datePublished":"2020-06-26T08:00:22+00:00","dateModified":"2025-09-25T18:46:12+00:00","description":"Hoy te mostramos que es el plan Acelera Pyme y de como puedes benificiarte de los servisicos que ofrecen las empresas presentes en el.","breadcrumb":{"@id":"https:\/\/www.billin.net\/blog\/colaborador-oficial-plan-acelera-pyme\/#breadcrumb"},"inLanguage":"es","potentialAction":[{"@type":"ReadAction","target":["https:\/\/www.billin.net\/blog\/colaborador-oficial-plan-acelera-pyme\/"]}]},{"@type":"ImageObject","inLanguage":"es","@id":"https:\/\/www.billin.net\/blog\/colaborador-oficial-plan-acelera-pyme\/#primaryimage","url":"https:\/\/www.billin.net\/blog\/wp-content\/uploads\/2020\/06\/Acelera-Pyme-gobierno.jpg","contentUrl":"https:\/\/www.billin.net\/blog\/wp-content\/uploads\/2020\/06\/Acelera-Pyme-gobierno.jpg","width":1030,"height":580,"caption":"plan acelera pyme"},{"@type":"BreadcrumbList","@id":"https:\/\/www.billin.net\/blog\/colaborador-oficial-plan-acelera-pyme\/#breadcrumb","itemListElement":[{"@type":"ListItem","position":1,"name":"Blog","item":"https:\/\/www.billin.net\/blog\/"},{"@type":"ListItem","position":2,"name":"Negocios","item":"https:\/\/www.billin.net\/blog\/negocios\/"},{"@type":"ListItem","position":3,"name":"TeamSystem Facturas Billin: Colaborador oficial del Plan Acelera PYME"}]},{"@type":"WebSite","@id":"https:\/\/www.billin.net\/blog\/#website","url":"https:\/\/www.billin.net\/blog\/","name":"Blog de Billin","description":"Mantente informado con el blog de TeamSystem Facturas Billin:  facturaci\u00f3n, legislaci\u00f3n, contabilidad, management y toda la informaci\u00f3n \u00fatil para pymes y aut\u00f3nomos.","publisher":{"@id":"https:\/\/www.billin.net\/blog\/#organization"},"potentialAction":[{"@type":"SearchAction","target":{"@type":"EntryPoint","urlTemplate":"https:\/\/www.billin.net\/blog\/?s={search_term_string}"},"query-input":{"@type":"PropertyValueSpecification","valueRequired":true,"valueName":"search_term_string"}}],"inLanguage":"es"},{"@type":"Organization","@id":"https:\/\/www.billin.net\/blog\/#organization","name":"Billin","alternateName":"Blog de Billin","url":"https:\/\/www.billin.net\/blog\/","logo":{"@type":"ImageObject","inLanguage":"es","@id":"https:\/\/www.billin.net\/blog\/#\/schema\/logo\/image\/","url":"https:\/\/www.billin.net\/blog\/wp-content\/uploads\/2019\/06\/logotipo-billin-blog-1.png","contentUrl":"https:\/\/www.billin.net\/blog\/wp-content\/uploads\/2019\/06\/logotipo-billin-blog-1.png","width":126,"height":50,"caption":"Billin"},"image":{"@id":"https:\/\/www.billin.net\/blog\/#\/schema\/logo\/image\/"},"sameAs":["https:\/\/www.facebook.com\/EsBillin","https:\/\/x.com\/Billin_ES","https:\/\/www.instagram.com\/billin_es\/","https:\/\/www.linkedin.com\/company\/billin-spain","https:\/\/www.youtube.com\/c\/BillinEsintercambiodefacturas\/"],"legalName":"MY EXPENSES SL","contactPoint":{"@type":"ContactPoint","telephone":"+34918318883","contactType":"customer service","email":"info@billin.eu","availableLanguage":"es"},"foundingDate":"2015","numberOfEmployees":{"@type":"QuantitativeValue","minValue":10,"maxValue":50},"parentOrganization":{"@type":"Organization","name":"TeamSystem","url":"https:\/\/www.teamsystem.com\/"},"description":"Billin es el programa de facturaci\u00f3n online de TeamSystem para aut\u00f3nomos y pymes en Espa\u00f1a. Permite crear facturas, controlar gastos y cumplir con Verifactu.","address":{"@type":"PostalAddress","streetAddress":"Calle Arturo Soria, 336","addressLocality":"Madrid","addressRegion":"Madrid","postalCode":"28033","addressCountry":"ES"}},{"@type":"Person","@id":"https:\/\/www.billin.net\/blog\/#\/schema\/person\/d0339ee6e869234614541b1e80a793e7","name":"Marcos De La Cueva - CEO TeamSystem Facturas Billin","image":{"@type":"ImageObject","inLanguage":"es","@id":"https:\/\/www.billin.net\/blog\/#\/schema\/person\/image\/","url":"https:\/\/www.billin.net\/blog\/wp-content\/uploads\/2023\/10\/marcos-color-150x150.png","contentUrl":"https:\/\/www.billin.net\/blog\/wp-content\/uploads\/2023\/10\/marcos-color-150x150.png","caption":"Marcos De La Cueva - CEO TeamSystem Facturas Billin"},"description":"Licenciado en ADE por la Universidad Aut\u00f3noma de Madrid, Marcos De la Cueva es CEO y cofundador de TeamSystem Facturas Billin, un programa online que lleva m\u00e1s de 9 a\u00f1os ayudando a aut\u00f3nomos, peque\u00f1os negocios y gestor\u00edas a digitalizar sus presupuestos, facturas, tickets y gastos. \u00a0 Sobre Marcos De La Cueva \u00a0 Apasionado por el mundo empresarial y la tecnolog\u00eda, curs\u00f3 su M\u00e1ster de Finanzas en la Universidad Pontificia de Comillas y estuvo en el Programa de Cooperaci\u00f3n Educativa de la Universidad Aut\u00f3noma de Madrid. \u00a0 Marcos siempre ha tenido su objetivo claro: ayudar a la creaci\u00f3n de negocios financieramente sostenibles a trav\u00e9s de una herramienta de facturaci\u00f3n que les permita ahorrar tiempo y tener la contabilidad bajo control. \u00a0 Marcos De La Cueva en los medios \u2014 Noticia sobre Kit Digital y Ley Antifraude (VeriFactu) en El Economista. \u2014 Noticia sobre Kit Digital y factura electr\u00f3nica obligatoria en Diario Jur\u00eddico. \u2014 Noticia sobre el a\u00f1o de transici\u00f3n para la factura electr\u00f3nica en Muy Pymes. \u2014 Entrevista sobre factura electr\u00f3nica obligatoria en Canal Sur. \u2014 Noticia sobre el informe factura electr\u00f3nica de TeamSystem en Channel Partner. \u2014 Charla sobre productividad y Ley Crea y Crece en El Economista. \u2014 Charla sobre factura electr\u00f3nica obligatoria en Muy Pymes. \u2014 Charla sobre digitalizaci\u00f3n aut\u00f3nomos y productividad en esdiario. \u2014 Charla sobre productividad y factura electr\u00f3nica en La Raz\u00f3n. \u2014 Charla sobre factura electr\u00f3nica obligatoria en Aut\u00f3nomos y Emprendedores. \u2014 Entrevista sobre Ley Antifraude y Ley Crea y Crece en Expansi\u00f3n. \u2014 Entrevista sobre Ley Antifraude y Ley Crea y Crece en La Raz\u00f3n. \u2014 Entrevista sobre factura electr\u00f3nica obligatoria en El Economista. \u2014 Comunicado Billin y TeamSystem en Business Insider. \u2014 Entrevista en Econom\u00eda Digital. \u2014 Entrevista en Ideas para tu empresa de Vodafone. \u2014 Entrevista en M\u00e1sQradio. \u2014 Entrevista en Armas para emprender de El M\u00e9todo Gallardo. \u2014 Entrevista en KFund. \u2014 Entrevista en AXA Seguros Espa\u00f1a. \u2014 Entrevista en GestionaRadio. \u00a0 Marcos De La Cueva en eventos \u00a0 \u2014 Participaci\u00f3n como ponente en Accountex Espa\u00f1a 2023. \u00a0 Tem\u00e1ticas de especializaci\u00f3n \u00a0 negocios | startups | contabilidad| fiscalidad | empresas| asesor\u00edas| autonomos | emprendedores | peque\u00f1os negocios | econom\u00eda | ADE | pymes | desarrollo de negocio\u00a0","sameAs":["https:\/\/www.billin.net\/","https:\/\/www.linkedin.com\/in\/marcos-de-la-cueva-19750ba3\/"],"url":"https:\/\/www.billin.net\/blog\/author\/marcosdelacueva\/","jobTitle":"CEO y cofundador de TS Facturas Billin"}]}},"_links":{"self":[{"href":"https:\/\/www.billin.net\/blog\/wp-json\/wp\/v2\/posts\/15728","targetHints":{"allow":["GET"]}}],"collection":[{"href":"https:\/\/www.billin.net\/blog\/wp-json\/wp\/v2\/posts"}],"about":[{"href":"https:\/\/www.billin.net\/blog\/wp-json\/wp\/v2\/types\/post"}],"author":[{"embeddable":true,"href":"https:\/\/www.billin.net\/blog\/wp-json\/wp\/v2\/users\/20"}],"replies":[{"embeddable":true,"href":"https:\/\/www.billin.net\/blog\/wp-json\/wp\/v2\/comments?post=15728"}],"version-history":[{"count":9,"href":"https:\/\/www.billin.net\/blog\/wp-json\/wp\/v2\/posts\/15728\/revisions"}],"predecessor-version":[{"id":27755,"href":"https:\/\/www.billin.net\/blog\/wp-json\/wp\/v2\/posts\/15728\/revisions\/27755"}],"wp:featuredmedia":[{"embeddable":true,"href":"https:\/\/www.billin.net\/blog\/wp-json\/wp\/v2\/media\/15729"}],"wp:attachment":[{"href":"https:\/\/www.billin.net\/blog\/wp-json\/wp\/v2\/media?parent=15728"}],"wp:term":[{"taxonomy":"category","embeddable":true,"href":"https:\/\/www.billin.net\/blog\/wp-json\/wp\/v2\/categories?post=15728"},{"taxonomy":"post_tag","embeddable":true,"href":"https:\/\/www.billin.net\/blog\/wp-json\/wp\/v2\/tags?post=15728"}],"curies":[{"name":"wp","href":"https:\/\/api.w.org\/{rel}","templated":true}]}}