{"id":15400,"date":"2020-06-03T00:00:00","date_gmt":"2020-06-02T22:00:00","guid":{"rendered":"https:\/\/www.billin.net\/blog\/?p=15400"},"modified":"2025-09-25T20:46:35","modified_gmt":"2025-09-25T18:46:35","slug":"modelo-340","status":"publish","type":"post","link":"https:\/\/www.billin.net\/blog\/modelo-340\/","title":{"rendered":"El modelo 340 AEAT y c\u00f3mo presentarlo"},"content":{"rendered":"<p>Si no sabes qu\u00e9 es el modelo 340, qui\u00e9n est\u00e1 obligado a presentarlo y cu\u00e1les son las instrucciones para rellenarlo de forma correcta nosotros te lo ense\u00f1amos para que lo tengas claro.<\/p>\n<p><!--more--><\/p>\n<h2><strong>\u00bfQu\u00e9 es el modelo 340 y para qu\u00e9 sirve?<\/strong><\/h2>\n<p>Es un <a href=\"https:\/\/www.billin.net\/modelos-tributarios\/\" target=\"_blank\" rel=\"noopener noreferrer\">modelo tributario<\/a> donde se le facilita a la Agencia Tributaria informaci\u00f3n sobre los libros contables de IVA.<\/p>\n<p>Este modelo 340 est\u00e1 formado por todos los datos de los <a href=\"https:\/\/www.billin.net\/blog\/los-libros-registro\/\" target=\"_blank\" rel=\"noopener noreferrer\">libros contables<\/a> que respaldan las liquidaciones de IVA de un ejercicio econ\u00f3mico.<\/p>\n<p>Su finalidad es que Hacienda conozca las facturas que forman el importe que has declarado en el <a href=\"https:\/\/www.billin.net\/blog\/como-rellenar-modelo-303\/\" target=\"_blank\" rel=\"noopener noreferrer\">modelo 303<\/a> de IVA-IGIC, adem\u00e1s podr\u00e1 comprobar el origen de esos datos.<\/p>\n<h2><strong>\u00bfQui\u00e9n est\u00e1 obligado a presentar el modelo 340 en 2023?<\/strong><\/h2>\n<p>Este modelo se aprob\u00f3 en el Real Decreto 1065\/2007, y los <strong>obligados a presentar el modelo 340<\/strong> eran aquellos sujetos pasivos que estuviesen inscritos en el REDEME o registro de devoluci\u00f3n mensual de IVA-IGIC.<\/p>\n<p>Sin embargo, a partir de julio de 2017 los contribuyentes inscritos en el registro de devoluci\u00f3n mensual ya no tienen la obligaci\u00f3n de presentarlo, porque tienen la obligaci\u00f3n de llevar los libros registros contables a trav\u00e9s de la sede electr\u00f3nica de la Agencia Tributaria.<\/p>\n<p>En el nacimiento del modelo 340, la Administraci\u00f3n se plante\u00f3 la posibilidad de la obligaci\u00f3n de su presentaci\u00f3n fuera para todos los aut\u00f3nomos, pero evidentemente, esto ir\u00eda en contra de la reducci\u00f3n de los tr\u00e1mites obligatorios para las empresas, ya que, generar\u00eda una mayor saturaci\u00f3n en la gesti\u00f3n de Hacienda.<\/p>\n<p>Antes de la llegada del <a href=\"https:\/\/www.billin.net\/blog\/sii-aeat\/\" target=\"_blank\" rel=\"noopener noreferrer\"><strong>Suministro Inmediato de Informaci\u00f3n<\/strong><\/a>, Hacienda, con este impuesto, buscaba tener la informaci\u00f3n m\u00e1s completa de cada sujeto pasivo, ya que, con \u00e9l conocer\u00eda los importes repercutidos y soportados, adem\u00e1s de poder realizar las comprobaciones que considerara oportunas.<\/p>\n<p>Este modelo 340 sigue existiendo, pero solo se aplica a los contribuyentes del IGIC en registro de devoluci\u00f3n mensual.<\/p>\n<h2><strong>Instrucciones paso a paso del modelo 340 y ejemplo: qu\u00e9 se declara<\/strong><\/h2>\n<p><strong><u>Plazos de presentaci\u00f3n<\/u><\/strong><\/p>\n<p>Este modelo<strong> se acompa\u00f1a al modelo 303 de IVA mensual,<\/strong> as\u00ed que habr\u00e1 que presentarlo todos los meses, su plazo m\u00e1ximo mensual finaliza los d\u00edas 20 de cada mes, donde debes presentar el mes anterior.<\/p>\n<p><img loading=\"lazy\" decoding=\"async\" class=\"aligncenter wp-image-15401 size-full\" src=\"https:\/\/www.billin.net\/blog\/wp-content\/uploads\/2020\/06\/Instrucciones-modelo-340.png\" alt=\"presentacion modelo 340\" width=\"962\" height=\"421\" srcset=\"https:\/\/www.billin.net\/blog\/wp-content\/uploads\/2020\/06\/Instrucciones-modelo-340.png 962w, https:\/\/www.billin.net\/blog\/wp-content\/uploads\/2020\/06\/Instrucciones-modelo-340-300x131.png 300w, https:\/\/www.billin.net\/blog\/wp-content\/uploads\/2020\/06\/Instrucciones-modelo-340-768x336.png 768w, https:\/\/www.billin.net\/blog\/wp-content\/uploads\/2020\/06\/Instrucciones-modelo-340-810x354.png 810w\" sizes=\"(max-width: 962px) 100vw, 962px\" \/><\/p>\n<p><strong><u>Formas de presentaci\u00f3n del modelo 340<\/u><\/strong><\/p>\n<p>Es un impuesto que hay que presentar de forma telem\u00e1tica, es decir, si eres una sociedad, necesitar\u00e1s el certificado digital, y, en el caso de ser un aut\u00f3nomo, podr\u00e1s usar el certificado digital, la cl@ve PIN o DNI electr\u00f3nico.<\/p>\n<p>\u27a8\u00a0Descubre aqu\u00ed como <strong><a href=\"https:\/\/www.billin.net\/blog\/certificado-digital-empresas\/\" target=\"_blank\" rel=\"noopener noreferrer\">solicitar el certificado digital<\/a>.<\/strong><\/p>\n<p><strong><u>Datos que contiene el modelo 340<\/u><\/strong><\/p>\n<p>En este modelo 340 hay que incluir todos los datos de las facturas emitidas, recibidas, <a href=\"https:\/\/www.billin.net\/blog\/facturas-intracomunitarias-en-el-mercado-europeo\/\" target=\"_blank\" rel=\"noopener noreferrer\">operaciones intracomunitarias<\/a>, exentas de IVA, las de exportaci\u00f3n, sujeto pasivo, etc.<\/p>\n<p>En el caso de los libros registros de bienes de inversi\u00f3n se presentar\u00e1 exclusivamente en la \u00faltima declaraci\u00f3n del a\u00f1o de referencia, en el cual, habr\u00e1 que incluir su fecha de inicio y uso, su regularizaci\u00f3n anual y la fecha de baja en caso de transmisi\u00f3n del bien.<\/p>\n<p>Adem\u00e1s de lo anterior, este modelo tambi\u00e9n inclu\u00eda:<\/p>\n<ul>\n<li>Subvenciones y ayudas pagadas por la Administraci\u00f3n.<\/li>\n<li>Los alquileres de locales de negocio.<\/li>\n<li>Las operaciones de seguros.<\/li>\n<li>Las operaciones de las agencias de viajes que intervengan como mediadoras.<\/li>\n<li>Los cobros por cuenta de terceros por honorarios profesionales y derechos de autor.<\/li>\n<li>Los importes cobrados superiores a 6000 euros.<\/li>\n<li>Las compraventas de inmuebles sujetas a IVA o IGIC.<\/li>\n<li>Operaciones sujetas al Impuesto sobre Producci\u00f3n, los Servicios y la importaci\u00f3n de Melilla y Ceuta.<\/li>\n<li>Operaciones de compensaciones agr\u00edcolas.<\/li>\n<\/ul>\n<p><strong><u>C\u00f3mo se rellena el modelo 340<\/u><\/strong><\/p>\n<p>Hacienda te facilita dos opciones:<\/p>\n<ul>\n<li>Importando los datos de los libros registros de facturas de tu programa de contabilidad.<\/li>\n<li>Introduciendo manualmente los datos en el formulario.<\/li>\n<\/ul>\n<p>En el caso de que tu declaraci\u00f3n supere los 5 millones de registros deber\u00e1s remitirlo en soporte legible por ordenador, y deber\u00e1 aparecer el c\u00f3digo electr\u00f3nico de la autoliquidaci\u00f3n a la que se refiere.<\/p>\n<p><strong><u>Errores comunes del modelo 340<\/u><\/strong><\/p>\n<ul>\n<li>Indicar un NIF err\u00f3neo.<\/li>\n<li>No incluir las operaciones intracomunitarias.<\/li>\n<li>Presentarlo fuera de plazo.<\/li>\n<\/ul>\n<p><strong><u>Sanciones del modelo 340<\/u><\/strong><\/p>\n<p>Anteriormente, Hacienda aplicaba una sanci\u00f3n fija de 200 euros si se comet\u00eda un error, siempre que fuese sin prejuicio econ\u00f3mico para la Agencia Tributaria.<\/p>\n<p>Actualmente, su procedimiento sancionador es:<\/p>\n<ul>\n<li>Por cada dato omitido conlleva una multa de 20\u20ac.<\/li>\n<li>Se fija un m\u00ednimo de 300 \u20ac.<\/li>\n<li>Se fija un m\u00e1ximo de 20.000 \u20ac.<\/li>\n<\/ul>\n<h2>\u00bfCu\u00e1ndo se presenta el modelo 340 en 2023?<\/h2>\n<p>Su presentaci\u00f3n debe realizarse, como fecha m\u00e1xima, <strong>el d\u00eda 20 de cada mes.<\/strong> En relaci\u00f3n con la presentaci\u00f3n del documento, tal y como indica la Agencia Tributaria, debe realizarse de manera telem\u00e1tica.<\/p>\n<p>Esto es todo lo que debes conocer del modelo 340. Si todav\u00eda tienes dudas deja tus preguntas en los comentarios y desde TeamSystem Facturas Billin te ayudaremos.<\/p>\n","protected":false},"excerpt":{"rendered":"<p>Si no sabes qu\u00e9 es el modelo 340, qui\u00e9n est\u00e1 obligado a presentarlo y cu\u00e1les son las instrucciones para rellenarlo de forma correcta nosotros te lo ense\u00f1amos para que lo tengas claro.<\/p>\n","protected":false},"author":20,"featured_media":15402,"comment_status":"open","ping_status":"open","sticky":false,"template":"","format":"standard","meta":{"_acf_changed":false,"_et_pb_use_builder":"","_et_pb_old_content":"","_et_gb_content_width":"","om_disable_all_campaigns":false,"inline_featured_image":false,"footnotes":""},"categories":[1020],"tags":[],"class_list":{"0":"post-15400","1":"post","2":"type-post","3":"status-publish","4":"format-standard","5":"has-post-thumbnail","7":"category-contabilidad"},"acf":{"selector_de_usuario":"","fecha_de_revision":"20230123"},"yoast_head":"<!-- This site is optimized with the Yoast SEO plugin v27.1 - https:\/\/yoast.com\/product\/yoast-seo-wordpress\/ -->\n<title>Modelo 340: \u00bfQu\u00e9 es y qui\u00e9n debe presentarlo? | TeamSystem Facturas Billin Blog<\/title>\n<meta name=\"description\" content=\"Todo sobre el modelo 340. Qu\u00e9 es, qui\u00e9n est\u00e1 obligado a presentarlo e instrucciones para hacerlo de forma correcta.\" \/>\n<meta name=\"robots\" content=\"index, follow, max-snippet:-1, max-image-preview:large, max-video-preview:-1\" \/>\n<link rel=\"canonical\" href=\"https:\/\/www.billin.net\/blog\/modelo-340\/\" \/>\n<meta property=\"og:locale\" content=\"es_ES\" \/>\n<meta property=\"og:type\" content=\"article\" \/>\n<meta property=\"og:title\" content=\"Modelo 340: \u00bfQu\u00e9 es y qui\u00e9n debe presentarlo? | TeamSystem Facturas Billin Blog\" \/>\n<meta property=\"og:description\" content=\"Todo sobre el modelo 340. Qu\u00e9 es, qui\u00e9n est\u00e1 obligado a presentarlo e instrucciones para hacerlo de forma correcta.\" \/>\n<meta property=\"og:url\" content=\"https:\/\/www.billin.net\/blog\/modelo-340\/\" \/>\n<meta property=\"og:site_name\" content=\"Blog de TeamSystem Facturas Billin\" \/>\n<meta property=\"article:publisher\" content=\"https:\/\/www.facebook.com\/EsBillin\" \/>\n<meta property=\"article:published_time\" content=\"2020-06-02T22:00:00+00:00\" \/>\n<meta property=\"article:modified_time\" content=\"2025-09-25T18:46:35+00:00\" \/>\n<meta property=\"og:image\" content=\"https:\/\/www.billin.net\/blog\/wp-content\/uploads\/2020\/06\/Modelo-340.jpg\" \/>\n\t<meta property=\"og:image:width\" content=\"1200\" \/>\n\t<meta property=\"og:image:height\" content=\"800\" \/>\n\t<meta property=\"og:image:type\" content=\"image\/jpeg\" \/>\n<meta name=\"author\" content=\"Marcos De La Cueva - CEO TeamSystem Facturas Billin\" \/>\n<meta name=\"twitter:card\" content=\"summary_large_image\" \/>\n<meta name=\"twitter:creator\" content=\"@Billin_ES\" \/>\n<meta name=\"twitter:site\" content=\"@Billin_ES\" \/>\n<meta name=\"twitter:label1\" content=\"Escrito por\" \/>\n\t<meta name=\"twitter:data1\" content=\"Marcos De La Cueva - CEO TeamSystem Facturas Billin\" \/>\n\t<meta name=\"twitter:label2\" content=\"Tiempo de lectura\" \/>\n\t<meta name=\"twitter:data2\" content=\"4 minutos\" \/>\n<script type=\"application\/ld+json\" class=\"yoast-schema-graph\">{\"@context\":\"https:\/\/schema.org\",\"@graph\":[{\"@type\":\"Article\",\"@id\":\"https:\/\/www.billin.net\/blog\/modelo-340\/#article\",\"isPartOf\":{\"@id\":\"https:\/\/www.billin.net\/blog\/modelo-340\/\"},\"author\":{\"name\":\"Marcos De La Cueva - CEO TeamSystem Facturas Billin\",\"@id\":\"https:\/\/www.billin.net\/blog\/#\/schema\/person\/d0339ee6e869234614541b1e80a793e7\"},\"headline\":\"El modelo 340 AEAT y c\u00f3mo presentarlo\",\"datePublished\":\"2020-06-02T22:00:00+00:00\",\"dateModified\":\"2025-09-25T18:46:35+00:00\",\"mainEntityOfPage\":{\"@id\":\"https:\/\/www.billin.net\/blog\/modelo-340\/\"},\"wordCount\":832,\"commentCount\":2,\"publisher\":{\"@id\":\"https:\/\/www.billin.net\/blog\/#organization\"},\"image\":{\"@id\":\"https:\/\/www.billin.net\/blog\/modelo-340\/#primaryimage\"},\"thumbnailUrl\":\"https:\/\/www.billin.net\/blog\/wp-content\/uploads\/2020\/06\/Modelo-340.jpg\",\"articleSection\":[\"Contabilidad\"],\"inLanguage\":\"es\",\"potentialAction\":[{\"@type\":\"CommentAction\",\"name\":\"Comment\",\"target\":[\"https:\/\/www.billin.net\/blog\/modelo-340\/#respond\"]}]},{\"@type\":\"WebPage\",\"@id\":\"https:\/\/www.billin.net\/blog\/modelo-340\/\",\"url\":\"https:\/\/www.billin.net\/blog\/modelo-340\/\",\"name\":\"Modelo 340: \u00bfQu\u00e9 es y qui\u00e9n debe presentarlo? | TeamSystem Facturas Billin Blog\",\"isPartOf\":{\"@id\":\"https:\/\/www.billin.net\/blog\/#website\"},\"primaryImageOfPage\":{\"@id\":\"https:\/\/www.billin.net\/blog\/modelo-340\/#primaryimage\"},\"image\":{\"@id\":\"https:\/\/www.billin.net\/blog\/modelo-340\/#primaryimage\"},\"thumbnailUrl\":\"https:\/\/www.billin.net\/blog\/wp-content\/uploads\/2020\/06\/Modelo-340.jpg\",\"datePublished\":\"2020-06-02T22:00:00+00:00\",\"dateModified\":\"2025-09-25T18:46:35+00:00\",\"description\":\"Todo sobre el modelo 340. Qu\u00e9 es, qui\u00e9n est\u00e1 obligado a presentarlo e instrucciones para hacerlo de forma correcta.\",\"breadcrumb\":{\"@id\":\"https:\/\/www.billin.net\/blog\/modelo-340\/#breadcrumb\"},\"inLanguage\":\"es\",\"potentialAction\":[{\"@type\":\"ReadAction\",\"target\":[\"https:\/\/www.billin.net\/blog\/modelo-340\/\"]}]},{\"@type\":\"ImageObject\",\"inLanguage\":\"es\",\"@id\":\"https:\/\/www.billin.net\/blog\/modelo-340\/#primaryimage\",\"url\":\"https:\/\/www.billin.net\/blog\/wp-content\/uploads\/2020\/06\/Modelo-340.jpg\",\"contentUrl\":\"https:\/\/www.billin.net\/blog\/wp-content\/uploads\/2020\/06\/Modelo-340.jpg\",\"width\":1200,\"height\":800,\"caption\":\"modelo 340 en 2023 aeat\"},{\"@type\":\"BreadcrumbList\",\"@id\":\"https:\/\/www.billin.net\/blog\/modelo-340\/#breadcrumb\",\"itemListElement\":[{\"@type\":\"ListItem\",\"position\":1,\"name\":\"Blog\",\"item\":\"https:\/\/www.billin.net\/blog\/\"},{\"@type\":\"ListItem\",\"position\":2,\"name\":\"Contabilidad\",\"item\":\"https:\/\/www.billin.net\/blog\/contabilidad\/\"},{\"@type\":\"ListItem\",\"position\":3,\"name\":\"El modelo 340 AEAT y c\u00f3mo presentarlo\"}]},{\"@type\":\"WebSite\",\"@id\":\"https:\/\/www.billin.net\/blog\/#website\",\"url\":\"https:\/\/www.billin.net\/blog\/\",\"name\":\"Blog de Billin\",\"description\":\"Mantente informado con el blog de TeamSystem Facturas Billin:  facturaci\u00f3n, legislaci\u00f3n, contabilidad, management y toda la informaci\u00f3n \u00fatil para pymes y aut\u00f3nomos.\",\"publisher\":{\"@id\":\"https:\/\/www.billin.net\/blog\/#organization\"},\"potentialAction\":[{\"@type\":\"SearchAction\",\"target\":{\"@type\":\"EntryPoint\",\"urlTemplate\":\"https:\/\/www.billin.net\/blog\/?s={search_term_string}\"},\"query-input\":{\"@type\":\"PropertyValueSpecification\",\"valueRequired\":true,\"valueName\":\"search_term_string\"}}],\"inLanguage\":\"es\"},{\"@type\":\"Organization\",\"@id\":\"https:\/\/www.billin.net\/blog\/#organization\",\"name\":\"Billin\",\"alternateName\":\"Blog de Billin\",\"url\":\"https:\/\/www.billin.net\/blog\/\",\"logo\":{\"@type\":\"ImageObject\",\"inLanguage\":\"es\",\"@id\":\"https:\/\/www.billin.net\/blog\/#\/schema\/logo\/image\/\",\"url\":\"https:\/\/www.billin.net\/blog\/wp-content\/uploads\/2019\/06\/logotipo-billin-blog-1.png\",\"contentUrl\":\"https:\/\/www.billin.net\/blog\/wp-content\/uploads\/2019\/06\/logotipo-billin-blog-1.png\",\"width\":126,\"height\":50,\"caption\":\"Billin\"},\"image\":{\"@id\":\"https:\/\/www.billin.net\/blog\/#\/schema\/logo\/image\/\"},\"sameAs\":[\"https:\/\/www.facebook.com\/EsBillin\",\"https:\/\/x.com\/Billin_ES\",\"https:\/\/www.instagram.com\/billin_es\/\",\"https:\/\/www.linkedin.com\/company\/billin-spain\",\"https:\/\/www.youtube.com\/c\/BillinEsintercambiodefacturas\/\"],\"legalName\":\"MY EXPENSES SL\",\"contactPoint\":{\"@type\":\"ContactPoint\",\"telephone\":\"+34918318883\",\"contactType\":\"customer service\",\"email\":\"info@billin.eu\",\"availableLanguage\":\"es\"},\"foundingDate\":\"2015\",\"numberOfEmployees\":{\"@type\":\"QuantitativeValue\",\"minValue\":10,\"maxValue\":50},\"parentOrganization\":{\"@type\":\"Organization\",\"name\":\"TeamSystem\",\"url\":\"https:\/\/www.teamsystem.com\/\"},\"description\":\"Billin es el programa de facturaci\u00f3n online de TeamSystem para aut\u00f3nomos y pymes en Espa\u00f1a. Permite crear facturas, controlar gastos y cumplir con Verifactu.\",\"address\":{\"@type\":\"PostalAddress\",\"streetAddress\":\"Calle Arturo Soria, 336\",\"addressLocality\":\"Madrid\",\"addressRegion\":\"Madrid\",\"postalCode\":\"28033\",\"addressCountry\":\"ES\"}},{\"@type\":\"Person\",\"@id\":\"https:\/\/www.billin.net\/blog\/#\/schema\/person\/d0339ee6e869234614541b1e80a793e7\",\"name\":\"Marcos De La Cueva - CEO TeamSystem Facturas Billin\",\"image\":{\"@type\":\"ImageObject\",\"inLanguage\":\"es\",\"@id\":\"https:\/\/www.billin.net\/blog\/#\/schema\/person\/image\/\",\"url\":\"https:\/\/www.billin.net\/blog\/wp-content\/uploads\/2023\/10\/marcos-color-150x150.png\",\"contentUrl\":\"https:\/\/www.billin.net\/blog\/wp-content\/uploads\/2023\/10\/marcos-color-150x150.png\",\"caption\":\"Marcos De La Cueva - CEO TeamSystem Facturas Billin\"},\"description\":\"Licenciado en ADE por la Universidad Aut\u00f3noma de Madrid, Marcos De la Cueva es CEO y cofundador de TeamSystem Facturas Billin, un programa online que lleva m\u00e1s de 9 a\u00f1os ayudando a aut\u00f3nomos, peque\u00f1os negocios y gestor\u00edas a digitalizar sus presupuestos, facturas, tickets y gastos. \u00a0 Sobre Marcos De La Cueva \u00a0 Apasionado por el mundo empresarial y la tecnolog\u00eda, curs\u00f3 su M\u00e1ster de Finanzas en la Universidad Pontificia de Comillas y estuvo en el Programa de Cooperaci\u00f3n Educativa de la Universidad Aut\u00f3noma de Madrid. \u00a0 Marcos siempre ha tenido su objetivo claro: ayudar a la creaci\u00f3n de negocios financieramente sostenibles a trav\u00e9s de una herramienta de facturaci\u00f3n que les permita ahorrar tiempo y tener la contabilidad bajo control. \u00a0 Marcos De La Cueva en los medios \u2014 Noticia sobre Kit Digital y Ley Antifraude (VeriFactu) en El Economista. \u2014 Noticia sobre Kit Digital y factura electr\u00f3nica obligatoria en Diario Jur\u00eddico. \u2014 Noticia sobre el a\u00f1o de transici\u00f3n para la factura electr\u00f3nica en Muy Pymes. \u2014 Entrevista sobre factura electr\u00f3nica obligatoria en Canal Sur. \u2014 Noticia sobre el informe factura electr\u00f3nica de TeamSystem en Channel Partner. \u2014 Charla sobre productividad y Ley Crea y Crece en El Economista. \u2014 Charla sobre factura electr\u00f3nica obligatoria en Muy Pymes. \u2014 Charla sobre digitalizaci\u00f3n aut\u00f3nomos y productividad en esdiario. \u2014 Charla sobre productividad y factura electr\u00f3nica en La Raz\u00f3n. \u2014 Charla sobre factura electr\u00f3nica obligatoria en Aut\u00f3nomos y Emprendedores. \u2014 Entrevista sobre Ley Antifraude y Ley Crea y Crece en Expansi\u00f3n. \u2014 Entrevista sobre Ley Antifraude y Ley Crea y Crece en La Raz\u00f3n. \u2014 Entrevista sobre factura electr\u00f3nica obligatoria en El Economista. \u2014 Comunicado Billin y TeamSystem en Business Insider. \u2014 Entrevista en Econom\u00eda Digital. \u2014 Entrevista en Ideas para tu empresa de Vodafone. \u2014 Entrevista en M\u00e1sQradio. \u2014 Entrevista en Armas para emprender de El M\u00e9todo Gallardo. \u2014 Entrevista en KFund. \u2014 Entrevista en AXA Seguros Espa\u00f1a. \u2014 Entrevista en GestionaRadio. \u00a0 Marcos De La Cueva en eventos \u00a0 \u2014 Participaci\u00f3n como ponente en Accountex Espa\u00f1a 2023. \u00a0 Tem\u00e1ticas de especializaci\u00f3n \u00a0 negocios | startups | contabilidad| fiscalidad | empresas| asesor\u00edas| autonomos | emprendedores | peque\u00f1os negocios | econom\u00eda | ADE | pymes | desarrollo de negocio\u00a0\",\"sameAs\":[\"https:\/\/www.billin.net\/\",\"https:\/\/www.linkedin.com\/in\/marcos-de-la-cueva-19750ba3\/\"],\"url\":\"https:\/\/www.billin.net\/blog\/author\/marcosdelacueva\/\",\"jobTitle\":\"CEO y cofundador de TS Facturas Billin\"}]}<\/script>\n<!-- \/ Yoast SEO plugin. -->","yoast_head_json":{"title":"Modelo 340: \u00bfQu\u00e9 es y qui\u00e9n debe presentarlo? | TeamSystem Facturas Billin Blog","description":"Todo sobre el modelo 340. Qu\u00e9 es, qui\u00e9n est\u00e1 obligado a presentarlo e instrucciones para hacerlo de forma correcta.","robots":{"index":"index","follow":"follow","max-snippet":"max-snippet:-1","max-image-preview":"max-image-preview:large","max-video-preview":"max-video-preview:-1"},"canonical":"https:\/\/www.billin.net\/blog\/modelo-340\/","og_locale":"es_ES","og_type":"article","og_title":"Modelo 340: \u00bfQu\u00e9 es y qui\u00e9n debe presentarlo? | TeamSystem Facturas Billin Blog","og_description":"Todo sobre el modelo 340. Qu\u00e9 es, qui\u00e9n est\u00e1 obligado a presentarlo e instrucciones para hacerlo de forma correcta.","og_url":"https:\/\/www.billin.net\/blog\/modelo-340\/","og_site_name":"Blog de TeamSystem Facturas Billin","article_publisher":"https:\/\/www.facebook.com\/EsBillin","article_published_time":"2020-06-02T22:00:00+00:00","article_modified_time":"2025-09-25T18:46:35+00:00","og_image":[{"width":1200,"height":800,"url":"https:\/\/www.billin.net\/blog\/wp-content\/uploads\/2020\/06\/Modelo-340.jpg","type":"image\/jpeg"}],"author":"Marcos De La Cueva - CEO TeamSystem Facturas Billin","twitter_card":"summary_large_image","twitter_creator":"@Billin_ES","twitter_site":"@Billin_ES","twitter_misc":{"Escrito por":"Marcos De La Cueva - CEO TeamSystem Facturas Billin","Tiempo de lectura":"4 minutos"},"schema":{"@context":"https:\/\/schema.org","@graph":[{"@type":"Article","@id":"https:\/\/www.billin.net\/blog\/modelo-340\/#article","isPartOf":{"@id":"https:\/\/www.billin.net\/blog\/modelo-340\/"},"author":{"name":"Marcos De La Cueva - CEO TeamSystem Facturas Billin","@id":"https:\/\/www.billin.net\/blog\/#\/schema\/person\/d0339ee6e869234614541b1e80a793e7"},"headline":"El modelo 340 AEAT y c\u00f3mo presentarlo","datePublished":"2020-06-02T22:00:00+00:00","dateModified":"2025-09-25T18:46:35+00:00","mainEntityOfPage":{"@id":"https:\/\/www.billin.net\/blog\/modelo-340\/"},"wordCount":832,"commentCount":2,"publisher":{"@id":"https:\/\/www.billin.net\/blog\/#organization"},"image":{"@id":"https:\/\/www.billin.net\/blog\/modelo-340\/#primaryimage"},"thumbnailUrl":"https:\/\/www.billin.net\/blog\/wp-content\/uploads\/2020\/06\/Modelo-340.jpg","articleSection":["Contabilidad"],"inLanguage":"es","potentialAction":[{"@type":"CommentAction","name":"Comment","target":["https:\/\/www.billin.net\/blog\/modelo-340\/#respond"]}]},{"@type":"WebPage","@id":"https:\/\/www.billin.net\/blog\/modelo-340\/","url":"https:\/\/www.billin.net\/blog\/modelo-340\/","name":"Modelo 340: \u00bfQu\u00e9 es y qui\u00e9n debe presentarlo? | TeamSystem Facturas Billin Blog","isPartOf":{"@id":"https:\/\/www.billin.net\/blog\/#website"},"primaryImageOfPage":{"@id":"https:\/\/www.billin.net\/blog\/modelo-340\/#primaryimage"},"image":{"@id":"https:\/\/www.billin.net\/blog\/modelo-340\/#primaryimage"},"thumbnailUrl":"https:\/\/www.billin.net\/blog\/wp-content\/uploads\/2020\/06\/Modelo-340.jpg","datePublished":"2020-06-02T22:00:00+00:00","dateModified":"2025-09-25T18:46:35+00:00","description":"Todo sobre el modelo 340. Qu\u00e9 es, qui\u00e9n est\u00e1 obligado a presentarlo e instrucciones para hacerlo de forma correcta.","breadcrumb":{"@id":"https:\/\/www.billin.net\/blog\/modelo-340\/#breadcrumb"},"inLanguage":"es","potentialAction":[{"@type":"ReadAction","target":["https:\/\/www.billin.net\/blog\/modelo-340\/"]}]},{"@type":"ImageObject","inLanguage":"es","@id":"https:\/\/www.billin.net\/blog\/modelo-340\/#primaryimage","url":"https:\/\/www.billin.net\/blog\/wp-content\/uploads\/2020\/06\/Modelo-340.jpg","contentUrl":"https:\/\/www.billin.net\/blog\/wp-content\/uploads\/2020\/06\/Modelo-340.jpg","width":1200,"height":800,"caption":"modelo 340 en 2023 aeat"},{"@type":"BreadcrumbList","@id":"https:\/\/www.billin.net\/blog\/modelo-340\/#breadcrumb","itemListElement":[{"@type":"ListItem","position":1,"name":"Blog","item":"https:\/\/www.billin.net\/blog\/"},{"@type":"ListItem","position":2,"name":"Contabilidad","item":"https:\/\/www.billin.net\/blog\/contabilidad\/"},{"@type":"ListItem","position":3,"name":"El modelo 340 AEAT y c\u00f3mo presentarlo"}]},{"@type":"WebSite","@id":"https:\/\/www.billin.net\/blog\/#website","url":"https:\/\/www.billin.net\/blog\/","name":"Blog de Billin","description":"Mantente informado con el blog de TeamSystem Facturas Billin:  facturaci\u00f3n, legislaci\u00f3n, contabilidad, management y toda la informaci\u00f3n \u00fatil para pymes y aut\u00f3nomos.","publisher":{"@id":"https:\/\/www.billin.net\/blog\/#organization"},"potentialAction":[{"@type":"SearchAction","target":{"@type":"EntryPoint","urlTemplate":"https:\/\/www.billin.net\/blog\/?s={search_term_string}"},"query-input":{"@type":"PropertyValueSpecification","valueRequired":true,"valueName":"search_term_string"}}],"inLanguage":"es"},{"@type":"Organization","@id":"https:\/\/www.billin.net\/blog\/#organization","name":"Billin","alternateName":"Blog de Billin","url":"https:\/\/www.billin.net\/blog\/","logo":{"@type":"ImageObject","inLanguage":"es","@id":"https:\/\/www.billin.net\/blog\/#\/schema\/logo\/image\/","url":"https:\/\/www.billin.net\/blog\/wp-content\/uploads\/2019\/06\/logotipo-billin-blog-1.png","contentUrl":"https:\/\/www.billin.net\/blog\/wp-content\/uploads\/2019\/06\/logotipo-billin-blog-1.png","width":126,"height":50,"caption":"Billin"},"image":{"@id":"https:\/\/www.billin.net\/blog\/#\/schema\/logo\/image\/"},"sameAs":["https:\/\/www.facebook.com\/EsBillin","https:\/\/x.com\/Billin_ES","https:\/\/www.instagram.com\/billin_es\/","https:\/\/www.linkedin.com\/company\/billin-spain","https:\/\/www.youtube.com\/c\/BillinEsintercambiodefacturas\/"],"legalName":"MY EXPENSES SL","contactPoint":{"@type":"ContactPoint","telephone":"+34918318883","contactType":"customer service","email":"info@billin.eu","availableLanguage":"es"},"foundingDate":"2015","numberOfEmployees":{"@type":"QuantitativeValue","minValue":10,"maxValue":50},"parentOrganization":{"@type":"Organization","name":"TeamSystem","url":"https:\/\/www.teamsystem.com\/"},"description":"Billin es el programa de facturaci\u00f3n online de TeamSystem para aut\u00f3nomos y pymes en Espa\u00f1a. Permite crear facturas, controlar gastos y cumplir con Verifactu.","address":{"@type":"PostalAddress","streetAddress":"Calle Arturo Soria, 336","addressLocality":"Madrid","addressRegion":"Madrid","postalCode":"28033","addressCountry":"ES"}},{"@type":"Person","@id":"https:\/\/www.billin.net\/blog\/#\/schema\/person\/d0339ee6e869234614541b1e80a793e7","name":"Marcos De La Cueva - CEO TeamSystem Facturas Billin","image":{"@type":"ImageObject","inLanguage":"es","@id":"https:\/\/www.billin.net\/blog\/#\/schema\/person\/image\/","url":"https:\/\/www.billin.net\/blog\/wp-content\/uploads\/2023\/10\/marcos-color-150x150.png","contentUrl":"https:\/\/www.billin.net\/blog\/wp-content\/uploads\/2023\/10\/marcos-color-150x150.png","caption":"Marcos De La Cueva - CEO TeamSystem Facturas Billin"},"description":"Licenciado en ADE por la Universidad Aut\u00f3noma de Madrid, Marcos De la Cueva es CEO y cofundador de TeamSystem Facturas Billin, un programa online que lleva m\u00e1s de 9 a\u00f1os ayudando a aut\u00f3nomos, peque\u00f1os negocios y gestor\u00edas a digitalizar sus presupuestos, facturas, tickets y gastos. \u00a0 Sobre Marcos De La Cueva \u00a0 Apasionado por el mundo empresarial y la tecnolog\u00eda, curs\u00f3 su M\u00e1ster de Finanzas en la Universidad Pontificia de Comillas y estuvo en el Programa de Cooperaci\u00f3n Educativa de la Universidad Aut\u00f3noma de Madrid. \u00a0 Marcos siempre ha tenido su objetivo claro: ayudar a la creaci\u00f3n de negocios financieramente sostenibles a trav\u00e9s de una herramienta de facturaci\u00f3n que les permita ahorrar tiempo y tener la contabilidad bajo control. \u00a0 Marcos De La Cueva en los medios \u2014 Noticia sobre Kit Digital y Ley Antifraude (VeriFactu) en El Economista. \u2014 Noticia sobre Kit Digital y factura electr\u00f3nica obligatoria en Diario Jur\u00eddico. \u2014 Noticia sobre el a\u00f1o de transici\u00f3n para la factura electr\u00f3nica en Muy Pymes. \u2014 Entrevista sobre factura electr\u00f3nica obligatoria en Canal Sur. \u2014 Noticia sobre el informe factura electr\u00f3nica de TeamSystem en Channel Partner. \u2014 Charla sobre productividad y Ley Crea y Crece en El Economista. \u2014 Charla sobre factura electr\u00f3nica obligatoria en Muy Pymes. \u2014 Charla sobre digitalizaci\u00f3n aut\u00f3nomos y productividad en esdiario. \u2014 Charla sobre productividad y factura electr\u00f3nica en La Raz\u00f3n. \u2014 Charla sobre factura electr\u00f3nica obligatoria en Aut\u00f3nomos y Emprendedores. \u2014 Entrevista sobre Ley Antifraude y Ley Crea y Crece en Expansi\u00f3n. \u2014 Entrevista sobre Ley Antifraude y Ley Crea y Crece en La Raz\u00f3n. \u2014 Entrevista sobre factura electr\u00f3nica obligatoria en El Economista. \u2014 Comunicado Billin y TeamSystem en Business Insider. \u2014 Entrevista en Econom\u00eda Digital. \u2014 Entrevista en Ideas para tu empresa de Vodafone. \u2014 Entrevista en M\u00e1sQradio. \u2014 Entrevista en Armas para emprender de El M\u00e9todo Gallardo. \u2014 Entrevista en KFund. \u2014 Entrevista en AXA Seguros Espa\u00f1a. \u2014 Entrevista en GestionaRadio. \u00a0 Marcos De La Cueva en eventos \u00a0 \u2014 Participaci\u00f3n como ponente en Accountex Espa\u00f1a 2023. \u00a0 Tem\u00e1ticas de especializaci\u00f3n \u00a0 negocios | startups | contabilidad| fiscalidad | empresas| asesor\u00edas| autonomos | emprendedores | peque\u00f1os negocios | econom\u00eda | ADE | pymes | desarrollo de negocio\u00a0","sameAs":["https:\/\/www.billin.net\/","https:\/\/www.linkedin.com\/in\/marcos-de-la-cueva-19750ba3\/"],"url":"https:\/\/www.billin.net\/blog\/author\/marcosdelacueva\/","jobTitle":"CEO y cofundador de TS Facturas Billin"}]}},"_links":{"self":[{"href":"https:\/\/www.billin.net\/blog\/wp-json\/wp\/v2\/posts\/15400","targetHints":{"allow":["GET"]}}],"collection":[{"href":"https:\/\/www.billin.net\/blog\/wp-json\/wp\/v2\/posts"}],"about":[{"href":"https:\/\/www.billin.net\/blog\/wp-json\/wp\/v2\/types\/post"}],"author":[{"embeddable":true,"href":"https:\/\/www.billin.net\/blog\/wp-json\/wp\/v2\/users\/20"}],"replies":[{"embeddable":true,"href":"https:\/\/www.billin.net\/blog\/wp-json\/wp\/v2\/comments?post=15400"}],"version-history":[{"count":10,"href":"https:\/\/www.billin.net\/blog\/wp-json\/wp\/v2\/posts\/15400\/revisions"}],"predecessor-version":[{"id":27760,"href":"https:\/\/www.billin.net\/blog\/wp-json\/wp\/v2\/posts\/15400\/revisions\/27760"}],"wp:featuredmedia":[{"embeddable":true,"href":"https:\/\/www.billin.net\/blog\/wp-json\/wp\/v2\/media\/15402"}],"wp:attachment":[{"href":"https:\/\/www.billin.net\/blog\/wp-json\/wp\/v2\/media?parent=15400"}],"wp:term":[{"taxonomy":"category","embeddable":true,"href":"https:\/\/www.billin.net\/blog\/wp-json\/wp\/v2\/categories?post=15400"},{"taxonomy":"post_tag","embeddable":true,"href":"https:\/\/www.billin.net\/blog\/wp-json\/wp\/v2\/tags?post=15400"}],"curies":[{"name":"wp","href":"https:\/\/api.w.org\/{rel}","templated":true}]}}