{"id":15116,"date":"2020-05-04T11:24:10","date_gmt":"2020-05-04T09:24:10","guid":{"rendered":"https:\/\/www.billin.net\/blog\/?p=15116"},"modified":"2025-09-25T20:47:18","modified_gmt":"2025-09-25T18:47:18","slug":"fase-0-desescalada-coronavirus","status":"publish","type":"post","link":"https:\/\/www.billin.net\/blog\/fase-0-desescalada-coronavirus\/","title":{"rendered":"Fase de preparaci\u00f3n o fase 0 de la desescalada en los negocios"},"content":{"rendered":"<p>La desescalada ya ha empezado en Espa\u00f1a y con ella tenemos los primeros datos oficiales de lo <strong>que es la Fase 0 o Fase de Preparaci\u00f3n.<\/strong> Como ya sabemos este desconfinamiento no ser\u00e1 uniforme en todo el territorio, con lo que debemos tener claro <strong>en que estado se encuentra el territorio en el que tenemos nuestro negocio.<\/strong><\/p>\n<p><!--more--><\/p>\n<p>[activecampaign form=7 css=1]<\/p>\n<p>&nbsp;<\/p>\n<p>\u27a8 Para ayudarte a realizar los c\u00e1lculos puedes utilizar nuestro <a href=\"https:\/\/www.billin.net\/simulador-prestamos-personales-calculadora\/\" target=\"_blank\" rel=\"noopener noreferrer\"><strong>simulador de prestamos<\/strong><\/a>.<\/p>\n<h2>\u00bfQu\u00e9 es la Fase 0 de la desescalada?<\/h2>\n<p><strong>La Fase 0 o denominada Fase Incial<\/strong> es el proceso de desescalada con el que llegaremos al la <em>nueva normalidad<\/em> al cabo de unas 8 semanas, a trav\u00e9s de las cuales <strong>transitaremos tres fases m\u00e1s hasta hacer un total de 4.<\/strong><\/p>\n<p>La Fase 0 de la desescalada es el primer paso en el que se encuentra la mayor\u00eda del territorio espa\u00f1ol desde el 4 de mayo y que afecta de diversas formas a los ciudadanos y a los negocios.<\/p>\n<h2>\u00bfQu\u00e9 negocios abren durante la Fase 0 y condiciones?<\/h2>\n<p>Como sabemos, dentro del Estado de Alarma, los negocios que m\u00e1s han sufrido son los que est\u00e1n de cara al p\u00fablico, por el evidente riesgo de contagio, y es ahora cuando estos empezar\u00e1n a retomar la actividad, ya que las <strong><a href=\"https:\/\/www.billin.net\/blog\/ayudas-empresas-por-coronavirus\/\" target=\"_blank\" rel=\"noopener noreferrer\">ayudas para empresas<\/a><\/strong> o las <strong><a href=\"https:\/\/www.billin.net\/blog\/ayudas-autonomos-por-coronavirus\/\" target=\"_blank\" rel=\"noopener noreferrer\">ayudas para los aut\u00f3nomos<\/a><\/strong> no son una soluci\u00f3n permanente.<\/p>\n<p>Dentro de esta fase de preparaci\u00f3n de la <a href=\"https:\/\/www.billin.net\/blog\/desescalada-coronavirus\/\" target=\"_blank\" rel=\"noopener noreferrer\">desescalada en las empresas<\/a> son varios los que regresan pero con una serie de restricciones y medidas de seguridad.<\/p>\n<p>Veamos cuales son seg\u00fan lo recogido en el <strong>BOE del domingo 3 de mayo de 2020:<\/strong><\/p>\n<h3>Apertura al p\u00fablico de determinados comercios y servicios.<\/h3>\n<p>Los <strong>comercios minoristas de menos de 400 metros cuadrados<\/strong> podr\u00e1n abrir al p\u00fablico pero bajo unas estrictas medidas de seguridad:<\/p>\n<ul>\n<li>Solo podr\u00e1n recibir a personas mediante sistema de <strong>cita previa concertada por tel\u00e9fono o email.<\/strong><\/li>\n<li>Solo podr\u00e1 <strong>haber un cliente por cada empleado<\/strong> y no se podr\u00e1 esperar el turno en el interior del establecimiento.<\/li>\n<li>Se debe <strong>establecer un horario preferente para los mayores de 65<\/strong> y que debe coincidir con su horario para salir a dar paseos.<\/li>\n<\/ul>\n<p>Estos locales deben establecer <strong>medidas de higiene<\/strong>, en las que se establecen <strong>dos limpiezas al d\u00eda completas<\/strong>, coincidiendo una con la finalizaci\u00f3n de la jornada de trabajo, y se deben utilizar EPIs por cada cliente en caso de contacto, que se desechar\u00e1n despu\u00e9s de cada uso.<\/p>\n<p>Tambi\u00e9n se deben limpiar las herramientas o utensilios despu\u00e9s de cada uso con un cliente. Dentro de este tipo de establecimientos tenemos peluquer\u00edas, centros de est\u00e9tica, centros de fisioterapia,&#8230;<\/p>\n<p>Se debe respetar tambi\u00e9n la distancia de seguridad en todo momento y de no ser posible es obligatorio el uso de mascarillas. El establecimiento debe poner a disposici\u00f3n de los clientes medidas de higiene como geles hidroalcoh\u00f3licos y papeleras con tapa.<\/p>\n<h3>Apertura de sitios de hosteler\u00eda y restauraci\u00f3n.<\/h3>\n<p>Este tipo de servicios <strong>solo podr\u00e1n realizarse bajo la modalidad de entrega a domicilio o de recogida de pedidos en el establecimiento.<\/strong> Queda prohibido el consumo y estancia en el interior de los establecimientos.<\/p>\n<p>Estos locales deben <strong>habilitar una zona para la recogida<\/strong> de los pedidos y adem\u00e1s deben abrir solo en los periodos de recogida, estableciendo un horario prioritario para las personas de m\u00e1s de 65 a\u00f1os.<\/p>\n<p>El due\u00f1o del establecimiento debe poner a disposici\u00f3n de los clientes sistemas de higiene como son los geles y papeleras con tapa.<\/p>\n<p>Dentro de los establecimientos no podr\u00e1 realizarse el servicio de entrega a m\u00e1s de un cliente a la vez y deber\u00e1 establecerse un sistema de entrega de la comida que respete las medidas de distanciamiento y seguridad de los clientes.<\/p>\n<h3>Apertura de los lugares de entrenamiento profesionales<\/h3>\n<p>Todos los deportistas profesionales y federados recogidos en el Real Decreto 1006\/1985, de 26 de junio podr\u00e1n acceder a aquellos lugares que sean necesarios para realizar sus actividades, como mares, r\u00edos o embalses.<\/p>\n<p>Todos los que necesiten hacerlo con una persona, por ser de modalidad paral\u00edmpica o adaptada, podr\u00e1n hacerlo acompa\u00f1ados por las personas de ayuda o apoyo.<\/p>\n<p>Se deben mantener las distancia de seguridad en todo momento un de <strong>m\u00ednimo 2 metros y en deportes como ciclismo o similares de 10.<\/strong><\/p>\n<p>Los entrenadores de los deportistas podr\u00e1n estar presentes siempre que sea necesario, pero manteniendo las medidas de seguridad.<\/p>\n<p>La duraci\u00f3n ser\u00e1 la que sea necesaria para la realizaci\u00f3n de la actividad.<\/p>\n<p>Es necesario que<strong> todos los deportistas tengan una acreditaci\u00f3n emitida por la federaci\u00f3n a la que est\u00e1n adscritos<\/strong> siendo la licencia deportiva o el certificado de Deportista de Alto Nivel suficiente para acreditarlo.<\/p>\n<p>Los deportistas que pertenezcan a clubes deportivos que compitan el ligas profesionales <strong>podr\u00e1n disponer del centro de trabajo de su club de manera individualizada<\/strong> y respetando siempre las medidas de distanciamiento e higiene.<\/p>\n<p><strong>El resto de deportistas federados<\/strong> podr\u00e1n realizar los entrenamientos respetando los horarios establecidos y hacerlo 2 veces al d\u00eda dentro de las franjas horarias para deporte y paseo que son entre las 6:00 horas y las 10:00 horas y entre las 20:00 horas y las 23:00 horas.<\/p>\n<p>La federaci\u00f3n tambi\u00e9n deber\u00e1 acreditarles con la documentaci\u00f3n necesaria, consider\u00e1ndose en esta caso la licencia deportiva suficiente.<\/p>\n<h3>Apertura de archivos<\/h3>\n<p>Se podr\u00e1n <strong>visitar archivos<\/strong> siempre que sea de car\u00e1cter urgente ya que todos los tr\u00e1mites de este tipo se deben hacer de forma telem\u00e1tica.<\/p>\n<p>Podr\u00e1n solicitar la <strong>consulta presencial de hasta diez documentos o unidades de instalaci\u00f3n f\u00edsica<\/strong> en que \u00e9stos se encuentren, dentro de la <a href=\"https:\/\/www.billin.net\/glosario\/definicion-jornada-laboral\/\" target=\"_blank\" rel=\"noopener noreferrer\">jornada laboral<\/a>. Estas consultas deber\u00e1n realizarse en las dependencias establecidas para este fin.<\/p>\n<p>Las solicitudes se resolver\u00e1n por orden de llegada y el archivo comunicar\u00e1 al usuario la fecha y las condiciones en las que dispondr\u00e1 de los documentos.<\/p>\n<h3>Nuevas normas en las obras de reformas y construcci\u00f3n<\/h3>\n<p><strong>Se podr\u00e1n realizar reformas y trabajos en viviendas,<\/strong> que era algo que estaba suspendido hasta la fecha. Para poder hacerlo se debe evitar el contacto de los trabajadores con los residentes de los edificios estableciendo zonas diferenciadas de paso u horarios para este cometido.<\/p>\n<p>Se podr\u00e1 acceder a secciones no sectorizadas por parte de los empleados para realizar puntuales acciones como conexiones el\u00e9ctricas o que sean imprescindibles para poder realizar las tareas.<\/p>\n<p>En todo caso los empleados deben contar con medidas de protecci\u00f3n e higi\u00e9nicas.<\/p>\n<h3>Nuevas normas de transporte<\/h3>\n<p>Tenemos dos nuevas dentro de las medidas a ser adoptadas dentro del transporte, <strong>tanto p\u00fablico como privado.<\/strong><\/p>\n<p>La primera de ellas es el <strong>uso obligatorio de mascarillas en el transporte p\u00fablico.<\/strong> Esta medida incluye a todos los ciudadanos y el Gobierno va a repartir 14 millones de mascarillas de forma gratuita y para poner a disposici\u00f3n de los ciudadanos que lo necesiten.<\/p>\n<p>El tipo de mascarillas ser\u00e1n de tipo higi\u00e9nicas y de un solo uso.<\/p>\n<p>La ocupaci\u00f3n de estos veh\u00edculos de transporte p\u00fablico no deber\u00e1 ser superior a la mitad de los asientos disponibles y en metros se permitir\u00e1 a dos personas de pie por metro cuadrado.<\/p>\n<p>Por otra parte los veh\u00edculos privados estar\u00e1n<strong> limitados para el conductor y a un ocupante que ir\u00e1 en la parte trasera.<\/strong> Para los habitantes de un mismo hogar la limitaci\u00f3n ser\u00e1 la que establezca el veh\u00edculo, pudiendo ocuparse todas las plazas disponibles sin limitaciones.<\/p>\n<p>En los veh\u00edculos de empresa de hasta 9 plazas podr\u00e1n desplazarse hasta 2 personas por cada fila de asientos pero siempre respetando la distancia de seguridad y llevando mascarillas.<\/p>\n<p>Dentro de estas nuevas medidas debemos tener en cuenta varios puntos a la hora de reincorporarse al trabajo:<\/p>\n<ul>\n<li>No deber\u00e1n hacerlo <strong>personas con s\u00edntomas.<\/strong><\/li>\n<li>No deber\u00e1n hacerlo las <strong>personas que est\u00e9n bajo cuarentena.<\/strong><\/li>\n<li>Las empresas deben facilitar sistemas de fichado alternativos o que no comprometan la salud de los empleados<\/li>\n<\/ul>\n<p>Estas son las medidas que deben tener en cuenta las empresas, aut\u00f3nomos y profesionales en esta Fase 0 de la desescalada. Si tienes dudas utiliza los comentarios.<\/p>\n","protected":false},"excerpt":{"rendered":"<p>La desescalada ya ha empezado en Espa\u00f1a y con ella tenemos los primeros datos oficiales de lo que es la Fase 0 o Fase de Preparaci\u00f3n. Como ya sabemos este desconfinamiento no ser\u00e1 uniforme en todo el territorio, con lo que debemos tener claro en que estado se encuentra el territorio en el que tenemos [&hellip;]<\/p>\n","protected":false},"author":20,"featured_media":15120,"comment_status":"open","ping_status":"open","sticky":false,"template":"","format":"standard","meta":{"_acf_changed":false,"_et_pb_use_builder":"","_et_pb_old_content":"","_et_gb_content_width":"","om_disable_all_campaigns":false,"inline_featured_image":false,"footnotes":""},"categories":[1023],"tags":[],"class_list":{"0":"post-15116","1":"post","2":"type-post","3":"status-publish","4":"format-standard","5":"has-post-thumbnail","7":"category-negocios"},"acf":{"selector_de_usuario":null,"fecha_de_revision":"20210215"},"yoast_head":"<!-- This site is optimized with the Yoast SEO plugin v27.1 - https:\/\/yoast.com\/product\/yoast-seo-wordpress\/ -->\n<title>Fase 0 de la Desescalada en Empresas y Aut\u00f3nomos - TeamSystem Facturas Billin<\/title>\n<meta name=\"description\" content=\"En este art\u00edculo te mostramos como es la Fase 0 o Fase de Preparaci\u00f3n de la desescalada y como afecta a las empresas y a los aut\u00f3nomos.\" \/>\n<meta name=\"robots\" content=\"index, follow, max-snippet:-1, max-image-preview:large, max-video-preview:-1\" \/>\n<link rel=\"canonical\" href=\"https:\/\/www.billin.net\/blog\/fase-0-desescalada-coronavirus\/\" \/>\n<meta property=\"og:locale\" content=\"es_ES\" \/>\n<meta property=\"og:type\" content=\"article\" \/>\n<meta property=\"og:title\" content=\"Fase 0 de la Desescalada en Empresas y Aut\u00f3nomos - TeamSystem Facturas Billin\" \/>\n<meta property=\"og:description\" content=\"En este art\u00edculo te mostramos como es la Fase 0 o Fase de Preparaci\u00f3n de la desescalada y como afecta a las empresas y a los aut\u00f3nomos.\" \/>\n<meta property=\"og:url\" content=\"https:\/\/www.billin.net\/blog\/fase-0-desescalada-coronavirus\/\" \/>\n<meta property=\"og:site_name\" content=\"Blog de TeamSystem Facturas Billin\" \/>\n<meta property=\"article:publisher\" content=\"https:\/\/www.facebook.com\/EsBillin\" \/>\n<meta property=\"article:published_time\" content=\"2020-05-04T09:24:10+00:00\" \/>\n<meta property=\"article:modified_time\" content=\"2025-09-25T18:47:18+00:00\" \/>\n<meta property=\"og:image\" content=\"https:\/\/www.billin.net\/blog\/wp-content\/uploads\/2020\/05\/fase-0-desescalada.jpg\" \/>\n\t<meta property=\"og:image:width\" content=\"1280\" \/>\n\t<meta property=\"og:image:height\" content=\"853\" \/>\n\t<meta property=\"og:image:type\" content=\"image\/jpeg\" \/>\n<meta name=\"author\" content=\"Marcos De La Cueva - CEO TeamSystem Facturas Billin\" \/>\n<meta name=\"twitter:card\" content=\"summary_large_image\" \/>\n<meta name=\"twitter:creator\" content=\"@Billin_ES\" \/>\n<meta name=\"twitter:site\" content=\"@Billin_ES\" \/>\n<meta name=\"twitter:label1\" content=\"Escrito por\" \/>\n\t<meta name=\"twitter:data1\" content=\"Marcos De La Cueva - CEO TeamSystem Facturas Billin\" \/>\n\t<meta name=\"twitter:label2\" content=\"Tiempo de lectura\" \/>\n\t<meta name=\"twitter:data2\" content=\"7 minutos\" \/>\n<script type=\"application\/ld+json\" class=\"yoast-schema-graph\">{\"@context\":\"https:\/\/schema.org\",\"@graph\":[{\"@type\":\"Article\",\"@id\":\"https:\/\/www.billin.net\/blog\/fase-0-desescalada-coronavirus\/#article\",\"isPartOf\":{\"@id\":\"https:\/\/www.billin.net\/blog\/fase-0-desescalada-coronavirus\/\"},\"author\":{\"name\":\"Marcos De La Cueva - CEO TeamSystem Facturas Billin\",\"@id\":\"https:\/\/www.billin.net\/blog\/#\/schema\/person\/d0339ee6e869234614541b1e80a793e7\"},\"headline\":\"Fase de preparaci\u00f3n o fase 0 de la desescalada en los negocios\",\"datePublished\":\"2020-05-04T09:24:10+00:00\",\"dateModified\":\"2025-09-25T18:47:18+00:00\",\"mainEntityOfPage\":{\"@id\":\"https:\/\/www.billin.net\/blog\/fase-0-desescalada-coronavirus\/\"},\"wordCount\":1376,\"commentCount\":0,\"publisher\":{\"@id\":\"https:\/\/www.billin.net\/blog\/#organization\"},\"image\":{\"@id\":\"https:\/\/www.billin.net\/blog\/fase-0-desescalada-coronavirus\/#primaryimage\"},\"thumbnailUrl\":\"https:\/\/www.billin.net\/blog\/wp-content\/uploads\/2020\/05\/fase-0-desescalada.jpg\",\"articleSection\":[\"Negocios\"],\"inLanguage\":\"es\",\"potentialAction\":[{\"@type\":\"CommentAction\",\"name\":\"Comment\",\"target\":[\"https:\/\/www.billin.net\/blog\/fase-0-desescalada-coronavirus\/#respond\"]}]},{\"@type\":\"WebPage\",\"@id\":\"https:\/\/www.billin.net\/blog\/fase-0-desescalada-coronavirus\/\",\"url\":\"https:\/\/www.billin.net\/blog\/fase-0-desescalada-coronavirus\/\",\"name\":\"Fase 0 de la Desescalada en Empresas y Aut\u00f3nomos - TeamSystem Facturas Billin\",\"isPartOf\":{\"@id\":\"https:\/\/www.billin.net\/blog\/#website\"},\"primaryImageOfPage\":{\"@id\":\"https:\/\/www.billin.net\/blog\/fase-0-desescalada-coronavirus\/#primaryimage\"},\"image\":{\"@id\":\"https:\/\/www.billin.net\/blog\/fase-0-desescalada-coronavirus\/#primaryimage\"},\"thumbnailUrl\":\"https:\/\/www.billin.net\/blog\/wp-content\/uploads\/2020\/05\/fase-0-desescalada.jpg\",\"datePublished\":\"2020-05-04T09:24:10+00:00\",\"dateModified\":\"2025-09-25T18:47:18+00:00\",\"description\":\"En este art\u00edculo te mostramos como es la Fase 0 o Fase de Preparaci\u00f3n de la desescalada y como afecta a las empresas y a los aut\u00f3nomos.\",\"breadcrumb\":{\"@id\":\"https:\/\/www.billin.net\/blog\/fase-0-desescalada-coronavirus\/#breadcrumb\"},\"inLanguage\":\"es\",\"potentialAction\":[{\"@type\":\"ReadAction\",\"target\":[\"https:\/\/www.billin.net\/blog\/fase-0-desescalada-coronavirus\/\"]}]},{\"@type\":\"ImageObject\",\"inLanguage\":\"es\",\"@id\":\"https:\/\/www.billin.net\/blog\/fase-0-desescalada-coronavirus\/#primaryimage\",\"url\":\"https:\/\/www.billin.net\/blog\/wp-content\/uploads\/2020\/05\/fase-0-desescalada.jpg\",\"contentUrl\":\"https:\/\/www.billin.net\/blog\/wp-content\/uploads\/2020\/05\/fase-0-desescalada.jpg\",\"width\":1280,\"height\":853,\"caption\":\"fase 0 desescalada empresas\"},{\"@type\":\"BreadcrumbList\",\"@id\":\"https:\/\/www.billin.net\/blog\/fase-0-desescalada-coronavirus\/#breadcrumb\",\"itemListElement\":[{\"@type\":\"ListItem\",\"position\":1,\"name\":\"Blog\",\"item\":\"https:\/\/www.billin.net\/blog\/\"},{\"@type\":\"ListItem\",\"position\":2,\"name\":\"Negocios\",\"item\":\"https:\/\/www.billin.net\/blog\/negocios\/\"},{\"@type\":\"ListItem\",\"position\":3,\"name\":\"Fase de preparaci\u00f3n o fase 0 de la desescalada en los negocios\"}]},{\"@type\":\"WebSite\",\"@id\":\"https:\/\/www.billin.net\/blog\/#website\",\"url\":\"https:\/\/www.billin.net\/blog\/\",\"name\":\"Blog de Billin\",\"description\":\"Mantente informado con el blog de TeamSystem Facturas Billin:  facturaci\u00f3n, legislaci\u00f3n, contabilidad, management y toda la informaci\u00f3n \u00fatil para pymes y aut\u00f3nomos.\",\"publisher\":{\"@id\":\"https:\/\/www.billin.net\/blog\/#organization\"},\"potentialAction\":[{\"@type\":\"SearchAction\",\"target\":{\"@type\":\"EntryPoint\",\"urlTemplate\":\"https:\/\/www.billin.net\/blog\/?s={search_term_string}\"},\"query-input\":{\"@type\":\"PropertyValueSpecification\",\"valueRequired\":true,\"valueName\":\"search_term_string\"}}],\"inLanguage\":\"es\"},{\"@type\":\"Organization\",\"@id\":\"https:\/\/www.billin.net\/blog\/#organization\",\"name\":\"Billin\",\"alternateName\":\"Blog de Billin\",\"url\":\"https:\/\/www.billin.net\/blog\/\",\"logo\":{\"@type\":\"ImageObject\",\"inLanguage\":\"es\",\"@id\":\"https:\/\/www.billin.net\/blog\/#\/schema\/logo\/image\/\",\"url\":\"https:\/\/www.billin.net\/blog\/wp-content\/uploads\/2019\/06\/logotipo-billin-blog-1.png\",\"contentUrl\":\"https:\/\/www.billin.net\/blog\/wp-content\/uploads\/2019\/06\/logotipo-billin-blog-1.png\",\"width\":126,\"height\":50,\"caption\":\"Billin\"},\"image\":{\"@id\":\"https:\/\/www.billin.net\/blog\/#\/schema\/logo\/image\/\"},\"sameAs\":[\"https:\/\/www.facebook.com\/EsBillin\",\"https:\/\/x.com\/Billin_ES\",\"https:\/\/www.instagram.com\/billin_es\/\",\"https:\/\/www.linkedin.com\/company\/billin-spain\",\"https:\/\/www.youtube.com\/c\/BillinEsintercambiodefacturas\/\"],\"legalName\":\"MY EXPENSES SL\",\"contactPoint\":{\"@type\":\"ContactPoint\",\"telephone\":\"+34918318883\",\"contactType\":\"customer service\",\"email\":\"info@billin.eu\",\"availableLanguage\":\"es\"},\"foundingDate\":\"2015\",\"numberOfEmployees\":{\"@type\":\"QuantitativeValue\",\"minValue\":10,\"maxValue\":50},\"parentOrganization\":{\"@type\":\"Organization\",\"name\":\"TeamSystem\",\"url\":\"https:\/\/www.teamsystem.com\/\"},\"description\":\"Billin es el programa de facturaci\u00f3n online de TeamSystem para aut\u00f3nomos y pymes en Espa\u00f1a. Permite crear facturas, controlar gastos y cumplir con Verifactu.\",\"address\":{\"@type\":\"PostalAddress\",\"streetAddress\":\"Calle Arturo Soria, 336\",\"addressLocality\":\"Madrid\",\"addressRegion\":\"Madrid\",\"postalCode\":\"28033\",\"addressCountry\":\"ES\"}},{\"@type\":\"Person\",\"@id\":\"https:\/\/www.billin.net\/blog\/#\/schema\/person\/d0339ee6e869234614541b1e80a793e7\",\"name\":\"Marcos De La Cueva - CEO TeamSystem Facturas Billin\",\"image\":{\"@type\":\"ImageObject\",\"inLanguage\":\"es\",\"@id\":\"https:\/\/www.billin.net\/blog\/#\/schema\/person\/image\/\",\"url\":\"https:\/\/www.billin.net\/blog\/wp-content\/uploads\/2023\/10\/marcos-color-150x150.png\",\"contentUrl\":\"https:\/\/www.billin.net\/blog\/wp-content\/uploads\/2023\/10\/marcos-color-150x150.png\",\"caption\":\"Marcos De La Cueva - CEO TeamSystem Facturas Billin\"},\"description\":\"Licenciado en ADE por la Universidad Aut\u00f3noma de Madrid, Marcos De la Cueva es CEO y cofundador de TeamSystem Facturas Billin, un programa online que lleva m\u00e1s de 9 a\u00f1os ayudando a aut\u00f3nomos, peque\u00f1os negocios y gestor\u00edas a digitalizar sus presupuestos, facturas, tickets y gastos. \u00a0 Sobre Marcos De La Cueva \u00a0 Apasionado por el mundo empresarial y la tecnolog\u00eda, curs\u00f3 su M\u00e1ster de Finanzas en la Universidad Pontificia de Comillas y estuvo en el Programa de Cooperaci\u00f3n Educativa de la Universidad Aut\u00f3noma de Madrid. \u00a0 Marcos siempre ha tenido su objetivo claro: ayudar a la creaci\u00f3n de negocios financieramente sostenibles a trav\u00e9s de una herramienta de facturaci\u00f3n que les permita ahorrar tiempo y tener la contabilidad bajo control. \u00a0 Marcos De La Cueva en los medios \u2014 Noticia sobre Kit Digital y Ley Antifraude (VeriFactu) en El Economista. \u2014 Noticia sobre Kit Digital y factura electr\u00f3nica obligatoria en Diario Jur\u00eddico. \u2014 Noticia sobre el a\u00f1o de transici\u00f3n para la factura electr\u00f3nica en Muy Pymes. \u2014 Entrevista sobre factura electr\u00f3nica obligatoria en Canal Sur. \u2014 Noticia sobre el informe factura electr\u00f3nica de TeamSystem en Channel Partner. \u2014 Charla sobre productividad y Ley Crea y Crece en El Economista. \u2014 Charla sobre factura electr\u00f3nica obligatoria en Muy Pymes. \u2014 Charla sobre digitalizaci\u00f3n aut\u00f3nomos y productividad en esdiario. \u2014 Charla sobre productividad y factura electr\u00f3nica en La Raz\u00f3n. \u2014 Charla sobre factura electr\u00f3nica obligatoria en Aut\u00f3nomos y Emprendedores. \u2014 Entrevista sobre Ley Antifraude y Ley Crea y Crece en Expansi\u00f3n. \u2014 Entrevista sobre Ley Antifraude y Ley Crea y Crece en La Raz\u00f3n. \u2014 Entrevista sobre factura electr\u00f3nica obligatoria en El Economista. \u2014 Comunicado Billin y TeamSystem en Business Insider. \u2014 Entrevista en Econom\u00eda Digital. \u2014 Entrevista en Ideas para tu empresa de Vodafone. \u2014 Entrevista en M\u00e1sQradio. \u2014 Entrevista en Armas para emprender de El M\u00e9todo Gallardo. \u2014 Entrevista en KFund. \u2014 Entrevista en AXA Seguros Espa\u00f1a. \u2014 Entrevista en GestionaRadio. \u00a0 Marcos De La Cueva en eventos \u00a0 \u2014 Participaci\u00f3n como ponente en Accountex Espa\u00f1a 2023. \u00a0 Tem\u00e1ticas de especializaci\u00f3n \u00a0 negocios | startups | contabilidad| fiscalidad | empresas| asesor\u00edas| autonomos | emprendedores | peque\u00f1os negocios | econom\u00eda | ADE | pymes | desarrollo de negocio\u00a0\",\"sameAs\":[\"https:\/\/www.billin.net\/\",\"https:\/\/www.linkedin.com\/in\/marcos-de-la-cueva-19750ba3\/\"],\"url\":\"https:\/\/www.billin.net\/blog\/author\/marcosdelacueva\/\",\"jobTitle\":\"CEO y cofundador de TS Facturas Billin\"}]}<\/script>\n<!-- \/ Yoast SEO plugin. -->","yoast_head_json":{"title":"Fase 0 de la Desescalada en Empresas y Aut\u00f3nomos - TeamSystem Facturas Billin","description":"En este art\u00edculo te mostramos como es la Fase 0 o Fase de Preparaci\u00f3n de la desescalada y como afecta a las empresas y a los aut\u00f3nomos.","robots":{"index":"index","follow":"follow","max-snippet":"max-snippet:-1","max-image-preview":"max-image-preview:large","max-video-preview":"max-video-preview:-1"},"canonical":"https:\/\/www.billin.net\/blog\/fase-0-desescalada-coronavirus\/","og_locale":"es_ES","og_type":"article","og_title":"Fase 0 de la Desescalada en Empresas y Aut\u00f3nomos - TeamSystem Facturas Billin","og_description":"En este art\u00edculo te mostramos como es la Fase 0 o Fase de Preparaci\u00f3n de la desescalada y como afecta a las empresas y a los aut\u00f3nomos.","og_url":"https:\/\/www.billin.net\/blog\/fase-0-desescalada-coronavirus\/","og_site_name":"Blog de TeamSystem Facturas Billin","article_publisher":"https:\/\/www.facebook.com\/EsBillin","article_published_time":"2020-05-04T09:24:10+00:00","article_modified_time":"2025-09-25T18:47:18+00:00","og_image":[{"width":1280,"height":853,"url":"https:\/\/www.billin.net\/blog\/wp-content\/uploads\/2020\/05\/fase-0-desescalada.jpg","type":"image\/jpeg"}],"author":"Marcos De La Cueva - CEO TeamSystem Facturas Billin","twitter_card":"summary_large_image","twitter_creator":"@Billin_ES","twitter_site":"@Billin_ES","twitter_misc":{"Escrito por":"Marcos De La Cueva - CEO TeamSystem Facturas Billin","Tiempo de lectura":"7 minutos"},"schema":{"@context":"https:\/\/schema.org","@graph":[{"@type":"Article","@id":"https:\/\/www.billin.net\/blog\/fase-0-desescalada-coronavirus\/#article","isPartOf":{"@id":"https:\/\/www.billin.net\/blog\/fase-0-desescalada-coronavirus\/"},"author":{"name":"Marcos De La Cueva - CEO TeamSystem Facturas Billin","@id":"https:\/\/www.billin.net\/blog\/#\/schema\/person\/d0339ee6e869234614541b1e80a793e7"},"headline":"Fase de preparaci\u00f3n o fase 0 de la desescalada en los negocios","datePublished":"2020-05-04T09:24:10+00:00","dateModified":"2025-09-25T18:47:18+00:00","mainEntityOfPage":{"@id":"https:\/\/www.billin.net\/blog\/fase-0-desescalada-coronavirus\/"},"wordCount":1376,"commentCount":0,"publisher":{"@id":"https:\/\/www.billin.net\/blog\/#organization"},"image":{"@id":"https:\/\/www.billin.net\/blog\/fase-0-desescalada-coronavirus\/#primaryimage"},"thumbnailUrl":"https:\/\/www.billin.net\/blog\/wp-content\/uploads\/2020\/05\/fase-0-desescalada.jpg","articleSection":["Negocios"],"inLanguage":"es","potentialAction":[{"@type":"CommentAction","name":"Comment","target":["https:\/\/www.billin.net\/blog\/fase-0-desescalada-coronavirus\/#respond"]}]},{"@type":"WebPage","@id":"https:\/\/www.billin.net\/blog\/fase-0-desescalada-coronavirus\/","url":"https:\/\/www.billin.net\/blog\/fase-0-desescalada-coronavirus\/","name":"Fase 0 de la Desescalada en Empresas y Aut\u00f3nomos - TeamSystem Facturas Billin","isPartOf":{"@id":"https:\/\/www.billin.net\/blog\/#website"},"primaryImageOfPage":{"@id":"https:\/\/www.billin.net\/blog\/fase-0-desescalada-coronavirus\/#primaryimage"},"image":{"@id":"https:\/\/www.billin.net\/blog\/fase-0-desescalada-coronavirus\/#primaryimage"},"thumbnailUrl":"https:\/\/www.billin.net\/blog\/wp-content\/uploads\/2020\/05\/fase-0-desescalada.jpg","datePublished":"2020-05-04T09:24:10+00:00","dateModified":"2025-09-25T18:47:18+00:00","description":"En este art\u00edculo te mostramos como es la Fase 0 o Fase de Preparaci\u00f3n de la desescalada y como afecta a las empresas y a los aut\u00f3nomos.","breadcrumb":{"@id":"https:\/\/www.billin.net\/blog\/fase-0-desescalada-coronavirus\/#breadcrumb"},"inLanguage":"es","potentialAction":[{"@type":"ReadAction","target":["https:\/\/www.billin.net\/blog\/fase-0-desescalada-coronavirus\/"]}]},{"@type":"ImageObject","inLanguage":"es","@id":"https:\/\/www.billin.net\/blog\/fase-0-desescalada-coronavirus\/#primaryimage","url":"https:\/\/www.billin.net\/blog\/wp-content\/uploads\/2020\/05\/fase-0-desescalada.jpg","contentUrl":"https:\/\/www.billin.net\/blog\/wp-content\/uploads\/2020\/05\/fase-0-desescalada.jpg","width":1280,"height":853,"caption":"fase 0 desescalada empresas"},{"@type":"BreadcrumbList","@id":"https:\/\/www.billin.net\/blog\/fase-0-desescalada-coronavirus\/#breadcrumb","itemListElement":[{"@type":"ListItem","position":1,"name":"Blog","item":"https:\/\/www.billin.net\/blog\/"},{"@type":"ListItem","position":2,"name":"Negocios","item":"https:\/\/www.billin.net\/blog\/negocios\/"},{"@type":"ListItem","position":3,"name":"Fase de preparaci\u00f3n o fase 0 de la desescalada en los negocios"}]},{"@type":"WebSite","@id":"https:\/\/www.billin.net\/blog\/#website","url":"https:\/\/www.billin.net\/blog\/","name":"Blog de Billin","description":"Mantente informado con el blog de TeamSystem Facturas Billin:  facturaci\u00f3n, legislaci\u00f3n, contabilidad, management y toda la informaci\u00f3n \u00fatil para pymes y aut\u00f3nomos.","publisher":{"@id":"https:\/\/www.billin.net\/blog\/#organization"},"potentialAction":[{"@type":"SearchAction","target":{"@type":"EntryPoint","urlTemplate":"https:\/\/www.billin.net\/blog\/?s={search_term_string}"},"query-input":{"@type":"PropertyValueSpecification","valueRequired":true,"valueName":"search_term_string"}}],"inLanguage":"es"},{"@type":"Organization","@id":"https:\/\/www.billin.net\/blog\/#organization","name":"Billin","alternateName":"Blog de Billin","url":"https:\/\/www.billin.net\/blog\/","logo":{"@type":"ImageObject","inLanguage":"es","@id":"https:\/\/www.billin.net\/blog\/#\/schema\/logo\/image\/","url":"https:\/\/www.billin.net\/blog\/wp-content\/uploads\/2019\/06\/logotipo-billin-blog-1.png","contentUrl":"https:\/\/www.billin.net\/blog\/wp-content\/uploads\/2019\/06\/logotipo-billin-blog-1.png","width":126,"height":50,"caption":"Billin"},"image":{"@id":"https:\/\/www.billin.net\/blog\/#\/schema\/logo\/image\/"},"sameAs":["https:\/\/www.facebook.com\/EsBillin","https:\/\/x.com\/Billin_ES","https:\/\/www.instagram.com\/billin_es\/","https:\/\/www.linkedin.com\/company\/billin-spain","https:\/\/www.youtube.com\/c\/BillinEsintercambiodefacturas\/"],"legalName":"MY EXPENSES SL","contactPoint":{"@type":"ContactPoint","telephone":"+34918318883","contactType":"customer service","email":"info@billin.eu","availableLanguage":"es"},"foundingDate":"2015","numberOfEmployees":{"@type":"QuantitativeValue","minValue":10,"maxValue":50},"parentOrganization":{"@type":"Organization","name":"TeamSystem","url":"https:\/\/www.teamsystem.com\/"},"description":"Billin es el programa de facturaci\u00f3n online de TeamSystem para aut\u00f3nomos y pymes en Espa\u00f1a. Permite crear facturas, controlar gastos y cumplir con Verifactu.","address":{"@type":"PostalAddress","streetAddress":"Calle Arturo Soria, 336","addressLocality":"Madrid","addressRegion":"Madrid","postalCode":"28033","addressCountry":"ES"}},{"@type":"Person","@id":"https:\/\/www.billin.net\/blog\/#\/schema\/person\/d0339ee6e869234614541b1e80a793e7","name":"Marcos De La Cueva - CEO TeamSystem Facturas Billin","image":{"@type":"ImageObject","inLanguage":"es","@id":"https:\/\/www.billin.net\/blog\/#\/schema\/person\/image\/","url":"https:\/\/www.billin.net\/blog\/wp-content\/uploads\/2023\/10\/marcos-color-150x150.png","contentUrl":"https:\/\/www.billin.net\/blog\/wp-content\/uploads\/2023\/10\/marcos-color-150x150.png","caption":"Marcos De La Cueva - CEO TeamSystem Facturas Billin"},"description":"Licenciado en ADE por la Universidad Aut\u00f3noma de Madrid, Marcos De la Cueva es CEO y cofundador de TeamSystem Facturas Billin, un programa online que lleva m\u00e1s de 9 a\u00f1os ayudando a aut\u00f3nomos, peque\u00f1os negocios y gestor\u00edas a digitalizar sus presupuestos, facturas, tickets y gastos. \u00a0 Sobre Marcos De La Cueva \u00a0 Apasionado por el mundo empresarial y la tecnolog\u00eda, curs\u00f3 su M\u00e1ster de Finanzas en la Universidad Pontificia de Comillas y estuvo en el Programa de Cooperaci\u00f3n Educativa de la Universidad Aut\u00f3noma de Madrid. \u00a0 Marcos siempre ha tenido su objetivo claro: ayudar a la creaci\u00f3n de negocios financieramente sostenibles a trav\u00e9s de una herramienta de facturaci\u00f3n que les permita ahorrar tiempo y tener la contabilidad bajo control. \u00a0 Marcos De La Cueva en los medios \u2014 Noticia sobre Kit Digital y Ley Antifraude (VeriFactu) en El Economista. \u2014 Noticia sobre Kit Digital y factura electr\u00f3nica obligatoria en Diario Jur\u00eddico. \u2014 Noticia sobre el a\u00f1o de transici\u00f3n para la factura electr\u00f3nica en Muy Pymes. \u2014 Entrevista sobre factura electr\u00f3nica obligatoria en Canal Sur. \u2014 Noticia sobre el informe factura electr\u00f3nica de TeamSystem en Channel Partner. \u2014 Charla sobre productividad y Ley Crea y Crece en El Economista. \u2014 Charla sobre factura electr\u00f3nica obligatoria en Muy Pymes. \u2014 Charla sobre digitalizaci\u00f3n aut\u00f3nomos y productividad en esdiario. \u2014 Charla sobre productividad y factura electr\u00f3nica en La Raz\u00f3n. \u2014 Charla sobre factura electr\u00f3nica obligatoria en Aut\u00f3nomos y Emprendedores. \u2014 Entrevista sobre Ley Antifraude y Ley Crea y Crece en Expansi\u00f3n. \u2014 Entrevista sobre Ley Antifraude y Ley Crea y Crece en La Raz\u00f3n. \u2014 Entrevista sobre factura electr\u00f3nica obligatoria en El Economista. \u2014 Comunicado Billin y TeamSystem en Business Insider. \u2014 Entrevista en Econom\u00eda Digital. \u2014 Entrevista en Ideas para tu empresa de Vodafone. \u2014 Entrevista en M\u00e1sQradio. \u2014 Entrevista en Armas para emprender de El M\u00e9todo Gallardo. \u2014 Entrevista en KFund. \u2014 Entrevista en AXA Seguros Espa\u00f1a. \u2014 Entrevista en GestionaRadio. \u00a0 Marcos De La Cueva en eventos \u00a0 \u2014 Participaci\u00f3n como ponente en Accountex Espa\u00f1a 2023. \u00a0 Tem\u00e1ticas de especializaci\u00f3n \u00a0 negocios | startups | contabilidad| fiscalidad | empresas| asesor\u00edas| autonomos | emprendedores | peque\u00f1os negocios | econom\u00eda | ADE | pymes | desarrollo de negocio\u00a0","sameAs":["https:\/\/www.billin.net\/","https:\/\/www.linkedin.com\/in\/marcos-de-la-cueva-19750ba3\/"],"url":"https:\/\/www.billin.net\/blog\/author\/marcosdelacueva\/","jobTitle":"CEO y cofundador de TS Facturas Billin"}]}},"_links":{"self":[{"href":"https:\/\/www.billin.net\/blog\/wp-json\/wp\/v2\/posts\/15116","targetHints":{"allow":["GET"]}}],"collection":[{"href":"https:\/\/www.billin.net\/blog\/wp-json\/wp\/v2\/posts"}],"about":[{"href":"https:\/\/www.billin.net\/blog\/wp-json\/wp\/v2\/types\/post"}],"author":[{"embeddable":true,"href":"https:\/\/www.billin.net\/blog\/wp-json\/wp\/v2\/users\/20"}],"replies":[{"embeddable":true,"href":"https:\/\/www.billin.net\/blog\/wp-json\/wp\/v2\/comments?post=15116"}],"version-history":[{"count":19,"href":"https:\/\/www.billin.net\/blog\/wp-json\/wp\/v2\/posts\/15116\/revisions"}],"predecessor-version":[{"id":27114,"href":"https:\/\/www.billin.net\/blog\/wp-json\/wp\/v2\/posts\/15116\/revisions\/27114"}],"wp:featuredmedia":[{"embeddable":true,"href":"https:\/\/www.billin.net\/blog\/wp-json\/wp\/v2\/media\/15120"}],"wp:attachment":[{"href":"https:\/\/www.billin.net\/blog\/wp-json\/wp\/v2\/media?parent=15116"}],"wp:term":[{"taxonomy":"category","embeddable":true,"href":"https:\/\/www.billin.net\/blog\/wp-json\/wp\/v2\/categories?post=15116"},{"taxonomy":"post_tag","embeddable":true,"href":"https:\/\/www.billin.net\/blog\/wp-json\/wp\/v2\/tags?post=15116"}],"curies":[{"name":"wp","href":"https:\/\/api.w.org\/{rel}","templated":true}]}}