{"id":14938,"date":"2020-04-16T00:00:00","date_gmt":"2020-04-15T22:00:00","guid":{"rendered":"https:\/\/www.billin.net\/blog\/?p=14938"},"modified":"2026-04-20T17:05:35","modified_gmt":"2026-04-20T15:05:35","slug":"ingreso-minimo-vital","status":"publish","type":"post","link":"https:\/\/www.billin.net\/blog\/ingreso-minimo-vital\/","title":{"rendered":"El Ingreso M\u00ednimo Vital en 2026"},"content":{"rendered":"<p><span style=\"font-weight: 400;\">En 2026, el Ingreso M\u00ednimo Vital (IMV) es una ayuda de la Seguridad Social que <\/span><b>garantiza una renta m\u00ednima a personas y familias en situaci\u00f3n de vulnerabilidad <\/b><span style=\"font-weight: 400;\">econ\u00f3mica, ajust\u00e1ndose seg\u00fan ingresos, patrimonio y unidad de convivencia.\u00a0<\/span><\/p>\n<p><span style=\"font-weight: 400;\">En este art\u00edculo te explicamos:<\/span><\/p>\n<ul>\n<li style=\"font-weight: 400;\" aria-level=\"1\"><span style=\"font-weight: 400;\">Qu\u00e9 es el IMV.<\/span><\/li>\n<li style=\"font-weight: 400;\" aria-level=\"1\"><span style=\"font-weight: 400;\">Cu\u00e1nto se cobra seg\u00fan tu situaci\u00f3n.<\/span><\/li>\n<li style=\"font-weight: 400;\" aria-level=\"1\"><span style=\"font-weight: 400;\">Requisitos y c\u00f3mo solicitarlo.<\/span><\/li>\n<\/ul>\n<p><!--more--><\/p>\n<div style=\"background-color: #e0f0ff; padding: 10px; border-radius: 10px;\">\n<h2 class=\"h2-especial-resumen\">Resumen de este art\u00edculo<\/h2>\n<p><strong>El Ingreso M\u00ednimo Vital en 2026<\/strong><\/p>\n<p><span style=\"font-weight: 400;\">En 2026, el Ingreso M\u00ednimo Vital (IMV) garantiza una renta m\u00ednima a personas y familias en situaci\u00f3n de vulnerabilidad econ\u00f3mica.\u00a0<\/span><\/p>\n<p><span style=\"font-weight: 400;\">Su importe se calcula en base a los ingresos, el patrimonio y la unidad de convivencia, partiendo de unos 733,60\u20ac mensuales para una persona sola y aumentando seg\u00fan el n\u00famero de miembros, menores a cargo y circunstancias especiales.<\/span><\/p>\n<p>&nbsp;<\/p>\n<p><span style=\"font-weight: 400;\">Puntos clave:<\/span><\/p>\n<p>&nbsp;<\/p>\n<ul>\n<li style=\"font-weight: 400;\" aria-level=\"1\"><span style=\"font-weight: 400;\"><strong>Cuant\u00edas<\/strong>: cuales son las rentas m\u00ednimas por tipo de unidad familiar y situaci\u00f3n financiera.<\/span><\/li>\n<li style=\"font-weight: 400;\" aria-level=\"1\"><span style=\"font-weight: 400;\"><strong>Duraci\u00f3n<\/strong>: el IMV es una ayuda indefinida mientras se cumplan los requisitos.<\/span><\/li>\n<li style=\"font-weight: 400;\" aria-level=\"1\"><span style=\"font-weight: 400;\"><strong>Requisitos<\/strong>: pueden solicitarlo personas entre 23 y 65 a\u00f1os (con excepciones), con residencia legal en Espa\u00f1a y situaci\u00f3n de vulnerabilidad.<\/span><\/li>\n<li style=\"font-weight: 400;\" aria-level=\"1\"><span style=\"font-weight: 400;\"><strong>Compatibilidad<\/strong>: es compatible con el trabajo o con la prestaci\u00f3n por desempleo.<\/span><\/li>\n<li style=\"font-weight: 400;\" aria-level=\"1\"><span style=\"font-weight: 400;\"><strong>Solicitud<\/strong>: se tramita online a trav\u00e9s de la Seguridad Social con certificado digital o Cl@ve, aportando la documentaci\u00f3n necesaria.<\/span><\/li>\n<\/ul>\n<\/div>\n\n<h2><span style=\"font-weight: 400;\">\u00bfQu\u00e9 es el Ingreso M\u00ednimo Vital (IMV)?<\/span><\/h2>\n<p><span style=\"font-weight: 400;\">El Ingreso M\u00ednimo Vital es <\/span><b>una prestaci\u00f3n econ\u00f3mica por parte del Estado a todas<\/b><span style=\"font-weight: 400;\"> aquellas personas que no llegan a unos ingresos m\u00ednimos para as\u00ed asegurarse de que tienen una renta m\u00ednima garantizada para vivir.<\/span><\/p>\n<p><span style=\"font-weight: 400;\">El Ingreso M\u00ednimo Vital est\u00e1 enfocado principalmente para familias en situaci\u00f3n de pobreza extrema o monoparentales, donde se valora la unidad familiar m\u00e1s que la situaci\u00f3n individual de cada uno.<\/span><\/p>\n<p><span style=\"font-weight: 400;\">En 2026, el IMV se ha consolidado como una prestaci\u00f3n estructural de la Seguridad Social para <\/span><b>prevenir el riesgo de pobreza y exclusi\u00f3n social<\/b><span style=\"font-weight: 400;\">, permitiendo a muchos hogares cubrir sus necesidades b\u00e1sicas.<\/span><\/p>\n<h2><span style=\"font-weight: 400;\">Cuant\u00edas del Ingreso M\u00ednimo Vital en 2026<\/span><\/h2>\n<p><span style=\"font-weight: 400;\">El Ingreso M\u00ednimo Vital se establece en la <\/span><a href=\"https:\/\/www.boe.es\/buscar\/doc.php?id=BOE-A-2021-21007\"><span style=\"font-weight: 400;\">Ley 19\/2021<\/span><\/a><span style=\"font-weight: 400;\">.\u00a0 <\/span><b>Las cuant\u00edas del IMV\u00a0 var\u00edan en funci\u00f3n de la situaci\u00f3n<\/b><span style=\"font-weight: 400;\"> de cada persona y unidad familiar. Para establecer la renta m\u00ednima, se tienen en cuenta factores como el n\u00famero de menores a cargo, si se trata de una familia monoparental o si alg\u00fan miembro tiene alg\u00fan grado de discapacidad.\u00a0<\/span><\/p>\n<p><span style=\"font-weight: 400;\">En 2026, el IMV sube un 11,4% respecto a 2025, dejando una <\/span><b>renta m\u00ednima garantizada de al menos 733,60\u20ac<\/b><span style=\"font-weight: 400;\"> a todos los espa\u00f1oles.\u00a0<\/span><\/p>\n<p><span style=\"font-weight: 400;\">Por ejemplo, una familia sin condiciones especiales formada por dos adultos y un hijo menor con ingresos conjuntos de 1.000\u20ac al mes podr\u00eda percibir una prestaci\u00f3n adicional de 173,76\u20ac para llegar al Ingreso M\u00ednimo Vital, siempre que cumplan el resto de requisitos.<\/span><\/p>\n<table>\n<tbody>\n<tr>\n<td style=\"text-align: center;\" colspan=\"3\"><b>Unidad no monoparental<\/b><\/td>\n<\/tr>\n<tr>\n<td style=\"text-align: center;\"><b>Unidad de Convivencia<\/b><\/td>\n<td style=\"text-align: center;\"><b>Cuant\u00eda Mensual 2026 (\u20ac)<\/b><\/td>\n<td style=\"text-align: center;\"><b>Cuant\u00eda Anual 2026 (\u20ac)<\/b><\/td>\n<\/tr>\n<tr>\n<td style=\"text-align: center;\"><b>1 Adulto solo<\/b><\/td>\n<td style=\"text-align: center;\"><span style=\"font-weight: 400;\">733,60\u20ac<\/span><\/td>\n<td style=\"text-align: center;\"><span style=\"font-weight: 400;\">8.803,20\u20ac<\/span><\/td>\n<\/tr>\n<tr>\n<td style=\"text-align: center;\"><b>1 Adulto y 1 menor<\/b><\/td>\n<td style=\"text-align: center;\"><span style=\"font-weight: 400;\">953,68\u20ac<\/span><\/td>\n<td style=\"text-align: center;\"><span style=\"font-weight: 400;\">11.444,16\u20ac<\/span><\/td>\n<\/tr>\n<tr>\n<td style=\"text-align: center;\"><b>1 Adulto y 2 menores<\/b><\/td>\n<td style=\"text-align: center;\"><span style=\"font-weight: 400;\">1.173,76\u20ac<\/span><\/td>\n<td style=\"text-align: center;\"><span style=\"font-weight: 400;\">14.085,12\u20ac<\/span><\/td>\n<\/tr>\n<tr>\n<td style=\"text-align: center;\"><b>1 Adulto y 3 o m\u00e1s menores<\/b><\/td>\n<td style=\"text-align: center;\"><span style=\"font-weight: 400;\">1.393,84\u20ac<\/span><\/td>\n<td style=\"text-align: center;\"><span style=\"font-weight: 400;\">16.726,08\u20ac<\/span><\/td>\n<\/tr>\n<tr>\n<td style=\"text-align: center;\"><b>2 Adultos<\/b><\/td>\n<td style=\"text-align: center;\"><span style=\"font-weight: 400;\">953,68\u20ac<\/span><\/td>\n<td style=\"text-align: center;\"><span style=\"font-weight: 400;\">11.444,16\u20ac<\/span><\/td>\n<\/tr>\n<tr>\n<td style=\"text-align: center;\"><b>2 Adultos y 1 menor<\/b><\/td>\n<td style=\"text-align: center;\"><span style=\"font-weight: 400;\">1.173,76\u20ac<\/span><\/td>\n<td style=\"text-align: center;\"><span style=\"font-weight: 400;\">14.085,12\u20ac<\/span><\/td>\n<\/tr>\n<tr>\n<td style=\"text-align: center;\"><b>2 Adultos y 2 menores<\/b><\/td>\n<td style=\"text-align: center;\"><span style=\"font-weight: 400;\">1.393,84\u20ac<\/span><\/td>\n<td style=\"text-align: center;\"><span style=\"font-weight: 400;\">16.726,08\u20ac<\/span><\/td>\n<\/tr>\n<tr>\n<td style=\"text-align: center;\"><b>2 Adultos y 3 o m\u00e1s menores<\/b><\/td>\n<td style=\"text-align: center;\"><span style=\"font-weight: 400;\">1.613,92\u20ac<\/span><\/td>\n<td style=\"text-align: center;\"><span style=\"font-weight: 400;\">19.367,04\u20ac<\/span><\/td>\n<\/tr>\n<tr>\n<td style=\"text-align: center;\"><b>3 Adultos<\/b><\/td>\n<td style=\"text-align: center;\"><span style=\"font-weight: 400;\">1.173,76\u20ac<\/span><\/td>\n<td style=\"text-align: center;\"><span style=\"font-weight: 400;\">14.085,12\u20ac<\/span><\/td>\n<\/tr>\n<tr>\n<td style=\"text-align: center;\"><b>3 Adultos y 1 menor<\/b><\/td>\n<td style=\"text-align: center;\"><span style=\"font-weight: 400;\">1.393,84\u20ac<\/span><\/td>\n<td style=\"text-align: center;\"><span style=\"font-weight: 400;\">16.726,08\u20ac<\/span><\/td>\n<\/tr>\n<tr>\n<td style=\"text-align: center;\"><b>3 Adultos y 2 o m\u00e1s menores<\/b><\/td>\n<td style=\"text-align: center;\"><span style=\"font-weight: 400;\">1.613,92\u20ac<\/span><\/td>\n<td style=\"text-align: center;\"><span style=\"font-weight: 400;\">19.367,04\u20ac<\/span><\/td>\n<\/tr>\n<tr>\n<td style=\"text-align: center;\"><b>4 Adultos<\/b><\/td>\n<td style=\"text-align: center;\"><span style=\"font-weight: 400;\">1.393,84\u20ac<\/span><\/td>\n<td style=\"text-align: center;\"><span style=\"font-weight: 400;\">16.726,08\u20ac<\/span><\/td>\n<\/tr>\n<tr>\n<td style=\"text-align: center;\"><b>4 Adultos y 1 menor<\/b><\/td>\n<td style=\"text-align: center;\"><span style=\"font-weight: 400;\">1.613,92\u20ac<\/span><\/td>\n<td style=\"text-align: center;\"><span style=\"font-weight: 400;\">19.367,04\u20ac<\/span><\/td>\n<\/tr>\n<tr>\n<td style=\"text-align: center;\"><b>Otros casos \/ M\u00e1ximo<\/b><\/td>\n<td style=\"text-align: center;\"><span style=\"font-weight: 400;\">1.613,92\u20ac<\/span><\/td>\n<td style=\"text-align: center;\"><span style=\"font-weight: 400;\">19.367,04\u20ac<\/span><\/td>\n<\/tr>\n<\/tbody>\n<\/table>\n<p><span style=\"font-weight: 400;\">Si en la unidad familiar hay alguna persona con <\/span><b>discapacidad reconocida de \u2265 65%<\/b><span style=\"font-weight: 400;\">, se suma un 22% sobre la cuant\u00eda que ya corresponda a la unidad.<\/span><\/p>\n<p><span style=\"font-weight: 400;\">Adem\u00e1s, se aplican otros tipos de complementos, como <\/span><b>ayudas por menores<\/b><span style=\"font-weight: 400;\"> a cargo:<\/span><\/p>\n<table>\n<tbody>\n<tr>\n<td style=\"text-align: center;\" colspan=\"2\"><b>Complemento ayuda infancia<\/b><\/td>\n<\/tr>\n<tr>\n<td style=\"text-align: center;\"><b>Importe mensual por cada menor de edad de la unidad con menos de 3 a\u00f1os<\/b><\/td>\n<td style=\"text-align: center;\"><span style=\"font-weight: 400;\">115,00\u20ac \/mes<\/span><\/td>\n<\/tr>\n<tr>\n<td style=\"text-align: center;\"><b>Importe mensual por cada menor de edad de la unidad mayor de 3 y menor de 6 a\u00f1os<\/b><\/td>\n<td style=\"text-align: center;\"><span style=\"font-weight: 400;\">80,50\u20ac \/mes<\/span><\/td>\n<\/tr>\n<tr>\n<td style=\"text-align: center;\"><b>Importe mensual por cada menor de edad de la unidad mayor de 6 y menor de 18 a\u00f1os<\/b><\/td>\n<td style=\"text-align: center;\"><span style=\"font-weight: 400;\">57,50\u20ac \/mes<\/span><\/td>\n<\/tr>\n<\/tbody>\n<\/table>\n<p><span style=\"font-weight: 400;\">Si la unidad familiar es <\/span><b>monoparental<\/b><span style=\"font-weight: 400;\">, es decir, un adulto con menores a cargo, se aplica un 22% adicional sobre la renta garantizada:<\/span><\/p>\n<table>\n<tbody>\n<tr>\n<td style=\"text-align: center;\" colspan=\"3\"><b>Unidad monoparental<\/b><\/td>\n<\/tr>\n<tr>\n<td style=\"text-align: center;\"><b>Unidad de convivencia<\/b><\/td>\n<td style=\"text-align: center;\"><b>Cuant\u00eda Mensual 2026(\u20ac)<\/b><\/td>\n<td style=\"text-align: center;\"><b>Cuant\u00eda Anual 2026 (\u20ac)<\/b><\/td>\n<\/tr>\n<tr>\n<td style=\"text-align: center;\"><span style=\"font-weight: 400;\">Un adulto y un menor<\/span><\/td>\n<td style=\"text-align: center;\"><span style=\"font-weight: 400;\">1.115,07<\/span><\/td>\n<td style=\"text-align: center;\"><span style=\"font-weight: 400;\">13.380,84<\/span><\/td>\n<\/tr>\n<tr>\n<td style=\"text-align: center;\"><span style=\"font-weight: 400;\">Un adulto y dos menores<\/span><\/td>\n<td style=\"text-align: center;\"><span style=\"font-weight: 400;\">1.335,15<\/span><\/td>\n<td style=\"text-align: center;\"><span style=\"font-weight: 400;\">16.021,80<\/span><\/td>\n<\/tr>\n<tr>\n<td style=\"text-align: center;\"><span style=\"font-weight: 400;\">Un adulto y tres menores<\/span><\/td>\n<td style=\"text-align: center;\"><span style=\"font-weight: 400;\">1.555,23<\/span><\/td>\n<td style=\"text-align: center;\"><span style=\"font-weight: 400;\">18.662,76<\/span><\/td>\n<\/tr>\n<tr>\n<td style=\"text-align: center;\"><span style=\"font-weight: 400;\">Un adulto y cuatro o m\u00e1s menores<\/span><\/td>\n<td style=\"text-align: center;\"><span style=\"font-weight: 400;\">1.775,31<\/span><\/td>\n<td style=\"text-align: center;\"><span style=\"font-weight: 400;\">21.303,72<\/span><\/td>\n<\/tr>\n<\/tbody>\n<\/table>\n<p>&nbsp;<\/p>\n<table>\n<tbody>\n<tr>\n<td style=\"text-align: center;\" colspan=\"3\"><b>Unidad monoparental con grado 3 de dependencia<\/b><\/td>\n<\/tr>\n<tr>\n<td style=\"text-align: center;\"><b>Unidad de convivencia<\/b><\/td>\n<td style=\"text-align: center;\"><b>Cuant\u00eda Mensual 2026 (\u20ac)<\/b><\/td>\n<td style=\"text-align: center;\"><b>Cuant\u00eda Anual 2026 (\u20ac)<\/b><\/td>\n<\/tr>\n<tr>\n<td style=\"text-align: center;\"><span style=\"font-weight: 400;\">Dos adultos y un menor<\/span><\/td>\n<td style=\"text-align: center;\"><span style=\"font-weight: 400;\">1.335,15<\/span><\/td>\n<td style=\"text-align: center;\"><span style=\"font-weight: 400;\">16.021,80<\/span><\/td>\n<\/tr>\n<tr>\n<td style=\"text-align: center;\"><span style=\"font-weight: 400;\">Dos adultos y dos menores<\/span><\/td>\n<td style=\"text-align: center;\"><span style=\"font-weight: 400;\">1.555,23<\/span><\/td>\n<td style=\"text-align: center;\"><span style=\"font-weight: 400;\">18.662,76<\/span><\/td>\n<\/tr>\n<tr>\n<td style=\"text-align: center;\"><span style=\"font-weight: 400;\">Dos adultos y tres o m\u00e1s menores<\/span><\/td>\n<td style=\"text-align: center;\"><span style=\"font-weight: 400;\">1.775,31<\/span><\/td>\n<td style=\"text-align: center;\"><span style=\"font-weight: 400;\">21.303,72<\/span><\/td>\n<\/tr>\n<\/tbody>\n<\/table>\n<p><span style=\"font-weight: 400;\">Recuerda que el IMV es compatible con las Rentas M\u00ednimas de Inserci\u00f3n (RMI) o ayudas sociales de tu Comunidad Aut\u00f3noma (como la Renta Garantizada en Catalu\u00f1a o la Renta de Inserci\u00f3n en Andaluc\u00eda). El IMV act\u00faa como el &#8216;sueldo&#8217; b\u00e1sico y la comunidad aut\u00f3noma puede complementar esa cifra hasta los l\u00edmites regionales establecidos.<\/span><\/p>\n<h2><span style=\"font-weight: 400;\">Requisitos para solicitar el IMV este a\u00f1o<\/span><\/h2>\n<p><span style=\"font-weight: 400;\">Para solicitar y beneficiarse del Ingreso M\u00ednimo Vital deben cumplirse una serie de requisitos:<\/span><\/p>\n<ul>\n<li style=\"font-weight: 400;\" aria-level=\"1\"><span style=\"font-weight: 400;\">Tener entre <\/span><b>23 y 65 a\u00f1os<\/b><span style=\"font-weight: 400;\">. A excepci\u00f3n de menores hu\u00e9rfanos, emancipados y mayores de 65\u00a0 sin pensi\u00f3n.<\/span><\/li>\n<li style=\"font-weight: 400;\" aria-level=\"1\"><span style=\"font-weight: 400;\">Tener <\/span><b>residencia legal y efectiva en Espa\u00f1a<\/b><span style=\"font-weight: 400;\"> de forma continuada durante al menos el a\u00f1o anterior a la solicitud. A excepci\u00f3n de menores, v\u00edctimas de explotaci\u00f3n sexual y violencia de g\u00e9nero.\u00a0<\/span><\/li>\n<li style=\"font-weight: 400;\" aria-level=\"1\"><span style=\"font-weight: 400;\">Estar en <\/span><b>situaci\u00f3n de vulnerabilidad econ\u00f3mica<\/b><span style=\"font-weight: 400;\">, es decir,\u00a0 que tus ingresos sean inferiores a la renta garantizada por el IMV y tu patrimonio total no supere los l\u00edmites.\u00a0 Para un beneficiario individual, el l\u00edmite de patrimonio neto en 2026 se sit\u00faa en 20.530,80\u20ac (tres veces la cuant\u00eda anual del IMV base), sin incluir la vivienda habitual. Este l\u00edmite aumenta proporcionalmente seg\u00fan el n\u00famero de personas que integren la unidad de convivencia.<\/span><\/li>\n<li style=\"font-weight: 400;\" aria-level=\"1\"><span style=\"font-weight: 400;\">No ser administrador de derecho de una sociedad mercantil.<\/span><\/li>\n<\/ul>\n<p><span style=\"font-weight: 400;\">Puedes consultar todos los detalles y requisitos espec\u00edficos en la <\/span><a href=\"https:\/\/www.seg-social.es\/wps\/portal\/wss\/internet\/Trabajadores\/PrestacionesPensionesTrabajadores\/65850d68-8d06-4645-bde7-05374ee42ac7\/\"><span style=\"font-weight: 400;\">web de la Seguridad Social<\/span><\/a><span style=\"font-weight: 400;\">.<\/span><\/p>\n<h2><span style=\"font-weight: 400;\">\u00bfEs compatible el IMV con ser aut\u00f3nomo o trabajar?<\/span><\/h2>\n<p><span style=\"font-weight: 400;\">Este subsidio m\u00ednimo vital es compatible con un empleo, ya que la idea es que sirva de ayuda para que las personas en vulnerabilidad puedan tener la seguridad de unos ingresos m\u00ednimos.<\/span><\/p>\n<p><span style=\"font-weight: 400;\">As\u00ed que, siempre que no se llegue a la renta m\u00ednima establecida en tu grupo, <\/span><b>el IMV se puede cobrar mientras se trabaja<\/b><span style=\"font-weight: 400;\">, ya sea para un tercero o como aut\u00f3nomo. Adem\u00e1s, si tus ingresos aumentan por encontrar trabajo o mejorar tus beneficios como aut\u00f3nomo, este mecanismo permite que una parte de ese aumento no se compute para reducir tu ayuda, fomentando que la mejora laboral siempre se traduzca en m\u00e1s dinero disponible para el hogar .<\/span><\/p>\n<p><span style=\"font-weight: 400;\">Si trabajas por cuenta propia, es posible que puedas beneficiarte de otras <\/span><a href=\"https:\/\/www.billin.net\/blog\/ayudas-autonomos-por-coronavirus\/\"><span style=\"font-weight: 400;\">ayudas para aut\u00f3nomos<\/span><\/a><span style=\"font-weight: 400;\">.<\/span><\/p>\n<h2><span style=\"font-weight: 400;\">Pasos para solicitar el Ingreso M\u00ednimo Vital por Internet<\/span><\/h2>\n<p><span style=\"font-weight: 400;\">Para <\/span><a href=\"https:\/\/imv.seg-social.es\/\"><span style=\"font-weight: 400;\">pedir el Ingreso M\u00ednimo Vital online<\/span><\/a><span style=\"font-weight: 400;\"> es necesario realizar la solicitud en la Sede Electr\u00f3nica de la Seguridad Social, preferiblemente con certificado digital o Cl@ve.<\/span><\/p>\n<p><span style=\"font-weight: 400;\">Una vez dentro, deber\u00e1s:<\/span><\/p>\n<ol>\n<li style=\"font-weight: 400;\" aria-level=\"1\"><span style=\"font-weight: 400;\">Hacer clic en <\/span><b>Solicitar Ingreso M\u00ednimo Vital<\/b><span style=\"font-weight: 400;\">.<\/span><\/li>\n<li style=\"font-weight: 400;\" aria-level=\"1\"><span style=\"font-weight: 400;\">Rellenar los <\/span><b>datos personales<\/b><span style=\"font-weight: 400;\"> que se solicitan y subir dos im\u00e1genes del DNI (una de la parte delantera y otra de la trasera) o NIE\/TIE (en caso de ciudadanos extranjeros con residencia legal). Es vital que el documento est\u00e9 en vigor para que la Seguridad Social pueda verificar tu residencia efectiva en Espa\u00f1a.\u00a0\u00a0<\/span><\/li>\n<li style=\"font-weight: 400;\" aria-level=\"1\"><span style=\"font-weight: 400;\">Rellenar la informaci\u00f3n sobre tu <\/span><b>situaci\u00f3n financiera y personal<\/b><span style=\"font-weight: 400;\">. Te recomendamos tener a mano tus n\u00f3minas y otros documentos importantes como facturas si eres aut\u00f3nomo; un <\/span><a href=\"https:\/\/www.billin.net\/programa-facturacion-autonomos\/\"><span style=\"font-weight: 400;\">programa de facturaci\u00f3n<\/span><\/a><span style=\"font-weight: 400;\"> te ayudar\u00e1 a tener toda esta informaci\u00f3n en orden.<\/span><\/li>\n<li style=\"font-weight: 400;\" aria-level=\"1\"><span style=\"font-weight: 400;\">Finalmente, solo quedar\u00e1 revisar que los datos son correctos, darle al bot\u00f3n de<\/span><b> enviar y guardar el c\u00f3digo<\/b><span style=\"font-weight: 400;\"> que aparece para poder realizar futuras consultas.<\/span><\/li>\n<\/ol>\n<h2><span style=\"font-weight: 400;\">\u00bfC\u00f3mo saber si me han aceptado el Ingreso M\u00ednimo Vital?<\/span><\/h2>\n<p><span style=\"font-weight: 400;\">La resoluci\u00f3n <\/span><b>suele tardar unos 6 meses<\/b><span style=\"font-weight: 400;\">. De todas formas, es posible hacer un seguimiento y conocer desde la plataforma online si se ha aceptado de forma correcta la solicitud.<\/span><\/p>\n<p><span style=\"font-weight: 400;\">Para ello deber\u00e1s:<\/span><\/p>\n<ol>\n<li style=\"font-weight: 400;\" aria-level=\"1\"><span style=\"font-weight: 400;\">Acceder al sitio web de la Seguridad Social.<\/span><\/li>\n<li style=\"font-weight: 400;\" aria-level=\"1\"><span style=\"font-weight: 400;\">Entrar en la zona de<\/span><i><span style=\"font-weight: 400;\"> Aportar documentaci\u00f3n\/ Consultar estado<\/span><\/i><span style=\"font-weight: 400;\">.<\/span><\/li>\n<li style=\"font-weight: 400;\" aria-level=\"1\"><span style=\"font-weight: 400;\">Introduce el c\u00f3digo de solicitud y el N\u00ba de identificaci\u00f3n para conocer el estado de tu solicitud.<\/span><\/li>\n<\/ol>\n<h2><span style=\"font-weight: 400;\">FAQs sobre el Ingreso M\u00ednimo Vital (IMV)\u00a0<\/span><\/h2>\n<h3><span style=\"font-weight: 400;\">\u00bfCu\u00e1nto tiempo dura la prestaci\u00f3n?\u00a0<\/span><\/h3>\n<p><b>El Ingreso M\u00ednimo Vital <\/b><span style=\"font-weight: 400;\">es una ayuda indefinida, no tiene una duraci\u00f3n limitada. Se cobra mensualmente mientras persista la situaci\u00f3n de vulnerabilidad econ\u00f3mica y se sigan cumpliendo los requisitos de renta y patrimonio. La Seguridad Social revisa peri\u00f3dicamente la situaci\u00f3n del beneficiario para comprobar que mantiene el derecho a la ayuda.<\/span><\/p>\n<h3><span style=\"font-weight: 400;\">\u00bfSe puede pedir el IMV si cobro el paro?\u00a0<\/span><\/h3>\n<p><b>S\u00ed, el IMV es compatible con otras ayudas como la prestaci\u00f3n por desempleo<\/b><span style=\"font-weight: 400;\">. Sin embargo, estas se tienen en cuenta como ingresos, por lo que se descuentan del importe total garantizado. El IMV act\u00faa como complemento hasta alcanzar la cantidad m\u00ednima establecida seg\u00fan la situaci\u00f3n personal o familiar.<\/span><\/p>\n","protected":false},"excerpt":{"rendered":"<p>En 2026, el Ingreso M\u00ednimo Vital (IMV) es una ayuda de la Seguridad Social que garantiza una renta m\u00ednima a personas y familias en situaci\u00f3n de vulnerabilidad econ\u00f3mica, ajust\u00e1ndose seg\u00fan ingresos, patrimonio y unidad de convivencia.\u00a0 En este art\u00edculo te explicamos: Qu\u00e9 es el IMV. Cu\u00e1nto se cobra seg\u00fan tu situaci\u00f3n. Requisitos y c\u00f3mo solicitarlo.<\/p>\n","protected":false},"author":20,"featured_media":29321,"comment_status":"open","ping_status":"open","sticky":false,"template":"","format":"standard","meta":{"_acf_changed":false,"_et_pb_use_builder":"","_et_pb_old_content":"","_et_gb_content_width":"","om_disable_all_campaigns":false,"inline_featured_image":false,"footnotes":""},"categories":[1021],"tags":[],"class_list":{"0":"post-14938","1":"post","2":"type-post","3":"status-publish","4":"format-standard","5":"has-post-thumbnail","7":"category-ayudas"},"acf":{"selector_de_usuario":"","fecha_de_revision":"20260420"},"yoast_head":"<!-- This site is optimized with the Yoast SEO plugin v27.1 - https:\/\/yoast.com\/product\/yoast-seo-wordpress\/ -->\n<title>Ingreso M\u00ednimo Vital 2026 - Gu\u00eda de Cuant\u00edas y Requisitos (IMV)<\/title>\n<meta name=\"description\" content=\"Consulta las nuevas cuant\u00edas del Ingreso M\u00ednimo Vital en 2026 (desde 733,60\u20ac). Descubre si cumples los requisitos y c\u00f3mo solicitarlo paso a paso.\" \/>\n<meta name=\"robots\" content=\"index, follow, max-snippet:-1, max-image-preview:large, max-video-preview:-1\" \/>\n<link rel=\"canonical\" href=\"https:\/\/www.billin.net\/blog\/ingreso-minimo-vital\/\" \/>\n<meta property=\"og:locale\" content=\"es_ES\" \/>\n<meta property=\"og:type\" content=\"article\" \/>\n<meta property=\"og:title\" content=\"Ingreso M\u00ednimo Vital 2026 - Gu\u00eda de Cuant\u00edas y Requisitos (IMV)\" \/>\n<meta property=\"og:description\" content=\"Consulta las nuevas cuant\u00edas del Ingreso M\u00ednimo Vital en 2026 (desde 733,60\u20ac). Descubre si cumples los requisitos y c\u00f3mo solicitarlo paso a paso.\" \/>\n<meta property=\"og:url\" content=\"https:\/\/www.billin.net\/blog\/ingreso-minimo-vital\/\" \/>\n<meta property=\"og:site_name\" content=\"Blog de TeamSystem Facturas Billin\" \/>\n<meta property=\"article:publisher\" content=\"https:\/\/www.facebook.com\/EsBillin\" \/>\n<meta property=\"article:published_time\" content=\"2020-04-15T22:00:00+00:00\" \/>\n<meta property=\"article:modified_time\" content=\"2026-04-20T15:05:35+00:00\" \/>\n<meta property=\"og:image\" content=\"https:\/\/www.billin.net\/blog\/wp-content\/uploads\/2020\/04\/ingreso-minimo-vital-1-scaled.jpg\" \/>\n\t<meta property=\"og:image:width\" content=\"2048\" \/>\n\t<meta property=\"og:image:height\" content=\"1365\" \/>\n\t<meta property=\"og:image:type\" content=\"image\/jpeg\" \/>\n<meta name=\"author\" content=\"Marcos De La Cueva - CEO TeamSystem Facturas Billin\" \/>\n<meta name=\"twitter:card\" content=\"summary_large_image\" \/>\n<meta name=\"twitter:creator\" content=\"@Billin_ES\" \/>\n<meta name=\"twitter:site\" content=\"@Billin_ES\" \/>\n<meta name=\"twitter:label1\" content=\"Escrito por\" \/>\n\t<meta name=\"twitter:data1\" content=\"Marcos De La Cueva - CEO TeamSystem Facturas Billin\" \/>\n\t<meta name=\"twitter:label2\" content=\"Tiempo de lectura\" \/>\n\t<meta name=\"twitter:data2\" content=\"7 minutos\" \/>\n<script type=\"application\/ld+json\" class=\"yoast-schema-graph\">{\"@context\":\"https:\/\/schema.org\",\"@graph\":[{\"@type\":\"Article\",\"@id\":\"https:\/\/www.billin.net\/blog\/ingreso-minimo-vital\/#article\",\"isPartOf\":{\"@id\":\"https:\/\/www.billin.net\/blog\/ingreso-minimo-vital\/\"},\"author\":{\"name\":\"Marcos De La Cueva - CEO TeamSystem Facturas Billin\",\"@id\":\"https:\/\/www.billin.net\/blog\/#\/schema\/person\/d0339ee6e869234614541b1e80a793e7\"},\"headline\":\"El Ingreso M\u00ednimo Vital en 2026\",\"datePublished\":\"2020-04-15T22:00:00+00:00\",\"dateModified\":\"2026-04-20T15:05:35+00:00\",\"mainEntityOfPage\":{\"@id\":\"https:\/\/www.billin.net\/blog\/ingreso-minimo-vital\/\"},\"wordCount\":1513,\"commentCount\":1445,\"publisher\":{\"@id\":\"https:\/\/www.billin.net\/blog\/#organization\"},\"image\":{\"@id\":\"https:\/\/www.billin.net\/blog\/ingreso-minimo-vital\/#primaryimage\"},\"thumbnailUrl\":\"https:\/\/www.billin.net\/blog\/wp-content\/uploads\/2020\/04\/ingreso-minimo-vital-1-scaled.jpg\",\"articleSection\":[\"Ayudas\"],\"inLanguage\":\"es\",\"potentialAction\":[{\"@type\":\"CommentAction\",\"name\":\"Comment\",\"target\":[\"https:\/\/www.billin.net\/blog\/ingreso-minimo-vital\/#respond\"]}]},{\"@type\":\"WebPage\",\"@id\":\"https:\/\/www.billin.net\/blog\/ingreso-minimo-vital\/\",\"url\":\"https:\/\/www.billin.net\/blog\/ingreso-minimo-vital\/\",\"name\":\"Ingreso M\u00ednimo Vital 2026 - Gu\u00eda de Cuant\u00edas y Requisitos (IMV)\",\"isPartOf\":{\"@id\":\"https:\/\/www.billin.net\/blog\/#website\"},\"primaryImageOfPage\":{\"@id\":\"https:\/\/www.billin.net\/blog\/ingreso-minimo-vital\/#primaryimage\"},\"image\":{\"@id\":\"https:\/\/www.billin.net\/blog\/ingreso-minimo-vital\/#primaryimage\"},\"thumbnailUrl\":\"https:\/\/www.billin.net\/blog\/wp-content\/uploads\/2020\/04\/ingreso-minimo-vital-1-scaled.jpg\",\"datePublished\":\"2020-04-15T22:00:00+00:00\",\"dateModified\":\"2026-04-20T15:05:35+00:00\",\"description\":\"Consulta las nuevas cuant\u00edas del Ingreso M\u00ednimo Vital en 2026 (desde 733,60\u20ac). Descubre si cumples los requisitos y c\u00f3mo solicitarlo paso a paso.\",\"breadcrumb\":{\"@id\":\"https:\/\/www.billin.net\/blog\/ingreso-minimo-vital\/#breadcrumb\"},\"inLanguage\":\"es\",\"potentialAction\":[{\"@type\":\"ReadAction\",\"target\":[\"https:\/\/www.billin.net\/blog\/ingreso-minimo-vital\/\"]}]},{\"@type\":\"ImageObject\",\"inLanguage\":\"es\",\"@id\":\"https:\/\/www.billin.net\/blog\/ingreso-minimo-vital\/#primaryimage\",\"url\":\"https:\/\/www.billin.net\/blog\/wp-content\/uploads\/2020\/04\/ingreso-minimo-vital-1-scaled.jpg\",\"contentUrl\":\"https:\/\/www.billin.net\/blog\/wp-content\/uploads\/2020\/04\/ingreso-minimo-vital-1-scaled.jpg\",\"width\":2048,\"height\":1365,\"caption\":\"ingreso minimo vital\"},{\"@type\":\"BreadcrumbList\",\"@id\":\"https:\/\/www.billin.net\/blog\/ingreso-minimo-vital\/#breadcrumb\",\"itemListElement\":[{\"@type\":\"ListItem\",\"position\":1,\"name\":\"Blog\",\"item\":\"https:\/\/www.billin.net\/blog\/\"},{\"@type\":\"ListItem\",\"position\":2,\"name\":\"Ayudas\",\"item\":\"https:\/\/www.billin.net\/blog\/ayudas\/\"},{\"@type\":\"ListItem\",\"position\":3,\"name\":\"El Ingreso M\u00ednimo Vital en 2026\"}]},{\"@type\":\"WebSite\",\"@id\":\"https:\/\/www.billin.net\/blog\/#website\",\"url\":\"https:\/\/www.billin.net\/blog\/\",\"name\":\"Blog de Billin\",\"description\":\"Mantente informado con el blog de TeamSystem Facturas Billin:  facturaci\u00f3n, legislaci\u00f3n, contabilidad, management y toda la informaci\u00f3n \u00fatil para pymes y aut\u00f3nomos.\",\"publisher\":{\"@id\":\"https:\/\/www.billin.net\/blog\/#organization\"},\"potentialAction\":[{\"@type\":\"SearchAction\",\"target\":{\"@type\":\"EntryPoint\",\"urlTemplate\":\"https:\/\/www.billin.net\/blog\/?s={search_term_string}\"},\"query-input\":{\"@type\":\"PropertyValueSpecification\",\"valueRequired\":true,\"valueName\":\"search_term_string\"}}],\"inLanguage\":\"es\"},{\"@type\":\"Organization\",\"@id\":\"https:\/\/www.billin.net\/blog\/#organization\",\"name\":\"Billin\",\"alternateName\":\"Blog de Billin\",\"url\":\"https:\/\/www.billin.net\/blog\/\",\"logo\":{\"@type\":\"ImageObject\",\"inLanguage\":\"es\",\"@id\":\"https:\/\/www.billin.net\/blog\/#\/schema\/logo\/image\/\",\"url\":\"https:\/\/www.billin.net\/blog\/wp-content\/uploads\/2019\/06\/logotipo-billin-blog-1.png\",\"contentUrl\":\"https:\/\/www.billin.net\/blog\/wp-content\/uploads\/2019\/06\/logotipo-billin-blog-1.png\",\"width\":126,\"height\":50,\"caption\":\"Billin\"},\"image\":{\"@id\":\"https:\/\/www.billin.net\/blog\/#\/schema\/logo\/image\/\"},\"sameAs\":[\"https:\/\/www.facebook.com\/EsBillin\",\"https:\/\/x.com\/Billin_ES\",\"https:\/\/www.instagram.com\/billin_es\/\",\"https:\/\/www.linkedin.com\/company\/billin-spain\",\"https:\/\/www.youtube.com\/c\/BillinEsintercambiodefacturas\/\"],\"legalName\":\"MY EXPENSES SL\",\"contactPoint\":{\"@type\":\"ContactPoint\",\"telephone\":\"+34918318883\",\"contactType\":\"customer service\",\"email\":\"info@billin.eu\",\"availableLanguage\":\"es\"},\"foundingDate\":\"2015\",\"numberOfEmployees\":{\"@type\":\"QuantitativeValue\",\"minValue\":10,\"maxValue\":50},\"parentOrganization\":{\"@type\":\"Organization\",\"name\":\"TeamSystem\",\"url\":\"https:\/\/www.teamsystem.com\/\"},\"description\":\"Billin es el programa de facturaci\u00f3n online de TeamSystem para aut\u00f3nomos y pymes en Espa\u00f1a. Permite crear facturas, controlar gastos y cumplir con Verifactu.\",\"address\":{\"@type\":\"PostalAddress\",\"streetAddress\":\"Calle Arturo Soria, 336\",\"addressLocality\":\"Madrid\",\"addressRegion\":\"Madrid\",\"postalCode\":\"28033\",\"addressCountry\":\"ES\"}},{\"@type\":\"Person\",\"@id\":\"https:\/\/www.billin.net\/blog\/#\/schema\/person\/d0339ee6e869234614541b1e80a793e7\",\"name\":\"Marcos De La Cueva - CEO TeamSystem Facturas Billin\",\"image\":{\"@type\":\"ImageObject\",\"inLanguage\":\"es\",\"@id\":\"https:\/\/www.billin.net\/blog\/#\/schema\/person\/image\/\",\"url\":\"https:\/\/www.billin.net\/blog\/wp-content\/uploads\/2023\/10\/marcos-color-150x150.png\",\"contentUrl\":\"https:\/\/www.billin.net\/blog\/wp-content\/uploads\/2023\/10\/marcos-color-150x150.png\",\"caption\":\"Marcos De La Cueva - CEO TeamSystem Facturas Billin\"},\"description\":\"Licenciado en ADE por la Universidad Aut\u00f3noma de Madrid, Marcos De la Cueva es CEO y cofundador de TeamSystem Facturas Billin, un programa online que lleva m\u00e1s de 9 a\u00f1os ayudando a aut\u00f3nomos, peque\u00f1os negocios y gestor\u00edas a digitalizar sus presupuestos, facturas, tickets y gastos. \u00a0 Sobre Marcos De La Cueva \u00a0 Apasionado por el mundo empresarial y la tecnolog\u00eda, curs\u00f3 su M\u00e1ster de Finanzas en la Universidad Pontificia de Comillas y estuvo en el Programa de Cooperaci\u00f3n Educativa de la Universidad Aut\u00f3noma de Madrid. \u00a0 Marcos siempre ha tenido su objetivo claro: ayudar a la creaci\u00f3n de negocios financieramente sostenibles a trav\u00e9s de una herramienta de facturaci\u00f3n que les permita ahorrar tiempo y tener la contabilidad bajo control. \u00a0 Marcos De La Cueva en los medios \u2014 Noticia sobre Kit Digital y Ley Antifraude (VeriFactu) en El Economista. \u2014 Noticia sobre Kit Digital y factura electr\u00f3nica obligatoria en Diario Jur\u00eddico. \u2014 Noticia sobre el a\u00f1o de transici\u00f3n para la factura electr\u00f3nica en Muy Pymes. \u2014 Entrevista sobre factura electr\u00f3nica obligatoria en Canal Sur. \u2014 Noticia sobre el informe factura electr\u00f3nica de TeamSystem en Channel Partner. \u2014 Charla sobre productividad y Ley Crea y Crece en El Economista. \u2014 Charla sobre factura electr\u00f3nica obligatoria en Muy Pymes. \u2014 Charla sobre digitalizaci\u00f3n aut\u00f3nomos y productividad en esdiario. \u2014 Charla sobre productividad y factura electr\u00f3nica en La Raz\u00f3n. \u2014 Charla sobre factura electr\u00f3nica obligatoria en Aut\u00f3nomos y Emprendedores. \u2014 Entrevista sobre Ley Antifraude y Ley Crea y Crece en Expansi\u00f3n. \u2014 Entrevista sobre Ley Antifraude y Ley Crea y Crece en La Raz\u00f3n. \u2014 Entrevista sobre factura electr\u00f3nica obligatoria en El Economista. \u2014 Comunicado Billin y TeamSystem en Business Insider. \u2014 Entrevista en Econom\u00eda Digital. \u2014 Entrevista en Ideas para tu empresa de Vodafone. \u2014 Entrevista en M\u00e1sQradio. \u2014 Entrevista en Armas para emprender de El M\u00e9todo Gallardo. \u2014 Entrevista en KFund. \u2014 Entrevista en AXA Seguros Espa\u00f1a. \u2014 Entrevista en GestionaRadio. \u00a0 Marcos De La Cueva en eventos \u00a0 \u2014 Participaci\u00f3n como ponente en Accountex Espa\u00f1a 2023. \u00a0 Tem\u00e1ticas de especializaci\u00f3n \u00a0 negocios | startups | contabilidad| fiscalidad | empresas| asesor\u00edas| autonomos | emprendedores | peque\u00f1os negocios | econom\u00eda | ADE | pymes | desarrollo de negocio\u00a0\",\"sameAs\":[\"https:\/\/www.billin.net\/\",\"https:\/\/www.linkedin.com\/in\/marcos-de-la-cueva-19750ba3\/\"],\"url\":\"https:\/\/www.billin.net\/blog\/author\/marcosdelacueva\/\",\"jobTitle\":\"CEO y cofundador de TS Facturas Billin\"}]}<\/script>\n<!-- \/ Yoast SEO plugin. -->","yoast_head_json":{"title":"Ingreso M\u00ednimo Vital 2026 - Gu\u00eda de Cuant\u00edas y Requisitos (IMV)","description":"Consulta las nuevas cuant\u00edas del Ingreso M\u00ednimo Vital en 2026 (desde 733,60\u20ac). Descubre si cumples los requisitos y c\u00f3mo solicitarlo paso a paso.","robots":{"index":"index","follow":"follow","max-snippet":"max-snippet:-1","max-image-preview":"max-image-preview:large","max-video-preview":"max-video-preview:-1"},"canonical":"https:\/\/www.billin.net\/blog\/ingreso-minimo-vital\/","og_locale":"es_ES","og_type":"article","og_title":"Ingreso M\u00ednimo Vital 2026 - Gu\u00eda de Cuant\u00edas y Requisitos (IMV)","og_description":"Consulta las nuevas cuant\u00edas del Ingreso M\u00ednimo Vital en 2026 (desde 733,60\u20ac). Descubre si cumples los requisitos y c\u00f3mo solicitarlo paso a paso.","og_url":"https:\/\/www.billin.net\/blog\/ingreso-minimo-vital\/","og_site_name":"Blog de TeamSystem Facturas Billin","article_publisher":"https:\/\/www.facebook.com\/EsBillin","article_published_time":"2020-04-15T22:00:00+00:00","article_modified_time":"2026-04-20T15:05:35+00:00","og_image":[{"width":2048,"height":1365,"url":"https:\/\/www.billin.net\/blog\/wp-content\/uploads\/2020\/04\/ingreso-minimo-vital-1-scaled.jpg","type":"image\/jpeg"}],"author":"Marcos De La Cueva - CEO TeamSystem Facturas Billin","twitter_card":"summary_large_image","twitter_creator":"@Billin_ES","twitter_site":"@Billin_ES","twitter_misc":{"Escrito por":"Marcos De La Cueva - CEO TeamSystem Facturas Billin","Tiempo de lectura":"7 minutos"},"schema":{"@context":"https:\/\/schema.org","@graph":[{"@type":"Article","@id":"https:\/\/www.billin.net\/blog\/ingreso-minimo-vital\/#article","isPartOf":{"@id":"https:\/\/www.billin.net\/blog\/ingreso-minimo-vital\/"},"author":{"name":"Marcos De La Cueva - CEO TeamSystem Facturas Billin","@id":"https:\/\/www.billin.net\/blog\/#\/schema\/person\/d0339ee6e869234614541b1e80a793e7"},"headline":"El Ingreso M\u00ednimo Vital en 2026","datePublished":"2020-04-15T22:00:00+00:00","dateModified":"2026-04-20T15:05:35+00:00","mainEntityOfPage":{"@id":"https:\/\/www.billin.net\/blog\/ingreso-minimo-vital\/"},"wordCount":1513,"commentCount":1445,"publisher":{"@id":"https:\/\/www.billin.net\/blog\/#organization"},"image":{"@id":"https:\/\/www.billin.net\/blog\/ingreso-minimo-vital\/#primaryimage"},"thumbnailUrl":"https:\/\/www.billin.net\/blog\/wp-content\/uploads\/2020\/04\/ingreso-minimo-vital-1-scaled.jpg","articleSection":["Ayudas"],"inLanguage":"es","potentialAction":[{"@type":"CommentAction","name":"Comment","target":["https:\/\/www.billin.net\/blog\/ingreso-minimo-vital\/#respond"]}]},{"@type":"WebPage","@id":"https:\/\/www.billin.net\/blog\/ingreso-minimo-vital\/","url":"https:\/\/www.billin.net\/blog\/ingreso-minimo-vital\/","name":"Ingreso M\u00ednimo Vital 2026 - Gu\u00eda de Cuant\u00edas y Requisitos (IMV)","isPartOf":{"@id":"https:\/\/www.billin.net\/blog\/#website"},"primaryImageOfPage":{"@id":"https:\/\/www.billin.net\/blog\/ingreso-minimo-vital\/#primaryimage"},"image":{"@id":"https:\/\/www.billin.net\/blog\/ingreso-minimo-vital\/#primaryimage"},"thumbnailUrl":"https:\/\/www.billin.net\/blog\/wp-content\/uploads\/2020\/04\/ingreso-minimo-vital-1-scaled.jpg","datePublished":"2020-04-15T22:00:00+00:00","dateModified":"2026-04-20T15:05:35+00:00","description":"Consulta las nuevas cuant\u00edas del Ingreso M\u00ednimo Vital en 2026 (desde 733,60\u20ac). Descubre si cumples los requisitos y c\u00f3mo solicitarlo paso a paso.","breadcrumb":{"@id":"https:\/\/www.billin.net\/blog\/ingreso-minimo-vital\/#breadcrumb"},"inLanguage":"es","potentialAction":[{"@type":"ReadAction","target":["https:\/\/www.billin.net\/blog\/ingreso-minimo-vital\/"]}]},{"@type":"ImageObject","inLanguage":"es","@id":"https:\/\/www.billin.net\/blog\/ingreso-minimo-vital\/#primaryimage","url":"https:\/\/www.billin.net\/blog\/wp-content\/uploads\/2020\/04\/ingreso-minimo-vital-1-scaled.jpg","contentUrl":"https:\/\/www.billin.net\/blog\/wp-content\/uploads\/2020\/04\/ingreso-minimo-vital-1-scaled.jpg","width":2048,"height":1365,"caption":"ingreso minimo vital"},{"@type":"BreadcrumbList","@id":"https:\/\/www.billin.net\/blog\/ingreso-minimo-vital\/#breadcrumb","itemListElement":[{"@type":"ListItem","position":1,"name":"Blog","item":"https:\/\/www.billin.net\/blog\/"},{"@type":"ListItem","position":2,"name":"Ayudas","item":"https:\/\/www.billin.net\/blog\/ayudas\/"},{"@type":"ListItem","position":3,"name":"El Ingreso M\u00ednimo Vital en 2026"}]},{"@type":"WebSite","@id":"https:\/\/www.billin.net\/blog\/#website","url":"https:\/\/www.billin.net\/blog\/","name":"Blog de Billin","description":"Mantente informado con el blog de TeamSystem Facturas Billin:  facturaci\u00f3n, legislaci\u00f3n, contabilidad, management y toda la informaci\u00f3n \u00fatil para pymes y aut\u00f3nomos.","publisher":{"@id":"https:\/\/www.billin.net\/blog\/#organization"},"potentialAction":[{"@type":"SearchAction","target":{"@type":"EntryPoint","urlTemplate":"https:\/\/www.billin.net\/blog\/?s={search_term_string}"},"query-input":{"@type":"PropertyValueSpecification","valueRequired":true,"valueName":"search_term_string"}}],"inLanguage":"es"},{"@type":"Organization","@id":"https:\/\/www.billin.net\/blog\/#organization","name":"Billin","alternateName":"Blog de Billin","url":"https:\/\/www.billin.net\/blog\/","logo":{"@type":"ImageObject","inLanguage":"es","@id":"https:\/\/www.billin.net\/blog\/#\/schema\/logo\/image\/","url":"https:\/\/www.billin.net\/blog\/wp-content\/uploads\/2019\/06\/logotipo-billin-blog-1.png","contentUrl":"https:\/\/www.billin.net\/blog\/wp-content\/uploads\/2019\/06\/logotipo-billin-blog-1.png","width":126,"height":50,"caption":"Billin"},"image":{"@id":"https:\/\/www.billin.net\/blog\/#\/schema\/logo\/image\/"},"sameAs":["https:\/\/www.facebook.com\/EsBillin","https:\/\/x.com\/Billin_ES","https:\/\/www.instagram.com\/billin_es\/","https:\/\/www.linkedin.com\/company\/billin-spain","https:\/\/www.youtube.com\/c\/BillinEsintercambiodefacturas\/"],"legalName":"MY EXPENSES SL","contactPoint":{"@type":"ContactPoint","telephone":"+34918318883","contactType":"customer service","email":"info@billin.eu","availableLanguage":"es"},"foundingDate":"2015","numberOfEmployees":{"@type":"QuantitativeValue","minValue":10,"maxValue":50},"parentOrganization":{"@type":"Organization","name":"TeamSystem","url":"https:\/\/www.teamsystem.com\/"},"description":"Billin es el programa de facturaci\u00f3n online de TeamSystem para aut\u00f3nomos y pymes en Espa\u00f1a. Permite crear facturas, controlar gastos y cumplir con Verifactu.","address":{"@type":"PostalAddress","streetAddress":"Calle Arturo Soria, 336","addressLocality":"Madrid","addressRegion":"Madrid","postalCode":"28033","addressCountry":"ES"}},{"@type":"Person","@id":"https:\/\/www.billin.net\/blog\/#\/schema\/person\/d0339ee6e869234614541b1e80a793e7","name":"Marcos De La Cueva - CEO TeamSystem Facturas Billin","image":{"@type":"ImageObject","inLanguage":"es","@id":"https:\/\/www.billin.net\/blog\/#\/schema\/person\/image\/","url":"https:\/\/www.billin.net\/blog\/wp-content\/uploads\/2023\/10\/marcos-color-150x150.png","contentUrl":"https:\/\/www.billin.net\/blog\/wp-content\/uploads\/2023\/10\/marcos-color-150x150.png","caption":"Marcos De La Cueva - CEO TeamSystem Facturas Billin"},"description":"Licenciado en ADE por la Universidad Aut\u00f3noma de Madrid, Marcos De la Cueva es CEO y cofundador de TeamSystem Facturas Billin, un programa online que lleva m\u00e1s de 9 a\u00f1os ayudando a aut\u00f3nomos, peque\u00f1os negocios y gestor\u00edas a digitalizar sus presupuestos, facturas, tickets y gastos. \u00a0 Sobre Marcos De La Cueva \u00a0 Apasionado por el mundo empresarial y la tecnolog\u00eda, curs\u00f3 su M\u00e1ster de Finanzas en la Universidad Pontificia de Comillas y estuvo en el Programa de Cooperaci\u00f3n Educativa de la Universidad Aut\u00f3noma de Madrid. \u00a0 Marcos siempre ha tenido su objetivo claro: ayudar a la creaci\u00f3n de negocios financieramente sostenibles a trav\u00e9s de una herramienta de facturaci\u00f3n que les permita ahorrar tiempo y tener la contabilidad bajo control. \u00a0 Marcos De La Cueva en los medios \u2014 Noticia sobre Kit Digital y Ley Antifraude (VeriFactu) en El Economista. \u2014 Noticia sobre Kit Digital y factura electr\u00f3nica obligatoria en Diario Jur\u00eddico. \u2014 Noticia sobre el a\u00f1o de transici\u00f3n para la factura electr\u00f3nica en Muy Pymes. \u2014 Entrevista sobre factura electr\u00f3nica obligatoria en Canal Sur. \u2014 Noticia sobre el informe factura electr\u00f3nica de TeamSystem en Channel Partner. \u2014 Charla sobre productividad y Ley Crea y Crece en El Economista. \u2014 Charla sobre factura electr\u00f3nica obligatoria en Muy Pymes. \u2014 Charla sobre digitalizaci\u00f3n aut\u00f3nomos y productividad en esdiario. \u2014 Charla sobre productividad y factura electr\u00f3nica en La Raz\u00f3n. \u2014 Charla sobre factura electr\u00f3nica obligatoria en Aut\u00f3nomos y Emprendedores. \u2014 Entrevista sobre Ley Antifraude y Ley Crea y Crece en Expansi\u00f3n. \u2014 Entrevista sobre Ley Antifraude y Ley Crea y Crece en La Raz\u00f3n. \u2014 Entrevista sobre factura electr\u00f3nica obligatoria en El Economista. \u2014 Comunicado Billin y TeamSystem en Business Insider. \u2014 Entrevista en Econom\u00eda Digital. \u2014 Entrevista en Ideas para tu empresa de Vodafone. \u2014 Entrevista en M\u00e1sQradio. \u2014 Entrevista en Armas para emprender de El M\u00e9todo Gallardo. \u2014 Entrevista en KFund. \u2014 Entrevista en AXA Seguros Espa\u00f1a. \u2014 Entrevista en GestionaRadio. \u00a0 Marcos De La Cueva en eventos \u00a0 \u2014 Participaci\u00f3n como ponente en Accountex Espa\u00f1a 2023. \u00a0 Tem\u00e1ticas de especializaci\u00f3n \u00a0 negocios | startups | contabilidad| fiscalidad | empresas| asesor\u00edas| autonomos | emprendedores | peque\u00f1os negocios | econom\u00eda | ADE | pymes | desarrollo de negocio\u00a0","sameAs":["https:\/\/www.billin.net\/","https:\/\/www.linkedin.com\/in\/marcos-de-la-cueva-19750ba3\/"],"url":"https:\/\/www.billin.net\/blog\/author\/marcosdelacueva\/","jobTitle":"CEO y cofundador de TS Facturas Billin"}]}},"_links":{"self":[{"href":"https:\/\/www.billin.net\/blog\/wp-json\/wp\/v2\/posts\/14938","targetHints":{"allow":["GET"]}}],"collection":[{"href":"https:\/\/www.billin.net\/blog\/wp-json\/wp\/v2\/posts"}],"about":[{"href":"https:\/\/www.billin.net\/blog\/wp-json\/wp\/v2\/types\/post"}],"author":[{"embeddable":true,"href":"https:\/\/www.billin.net\/blog\/wp-json\/wp\/v2\/users\/20"}],"replies":[{"embeddable":true,"href":"https:\/\/www.billin.net\/blog\/wp-json\/wp\/v2\/comments?post=14938"}],"version-history":[{"count":28,"href":"https:\/\/www.billin.net\/blog\/wp-json\/wp\/v2\/posts\/14938\/revisions"}],"predecessor-version":[{"id":15491,"href":"https:\/\/www.billin.net\/blog\/wp-json\/wp\/v2\/posts\/14938\/revisions\/15491"}],"wp:featuredmedia":[{"embeddable":true,"href":"https:\/\/www.billin.net\/blog\/wp-json\/wp\/v2\/media\/29321"}],"wp:attachment":[{"href":"https:\/\/www.billin.net\/blog\/wp-json\/wp\/v2\/media?parent=14938"}],"wp:term":[{"taxonomy":"category","embeddable":true,"href":"https:\/\/www.billin.net\/blog\/wp-json\/wp\/v2\/categories?post=14938"},{"taxonomy":"post_tag","embeddable":true,"href":"https:\/\/www.billin.net\/blog\/wp-json\/wp\/v2\/tags?post=14938"}],"curies":[{"name":"wp","href":"https:\/\/api.w.org\/{rel}","templated":true}]}}