{"id":14506,"date":"2020-03-19T13:42:50","date_gmt":"2020-03-19T11:42:50","guid":{"rendered":"https:\/\/www.billin.net\/blog\/?p=14506"},"modified":"2025-09-25T20:48:19","modified_gmt":"2025-09-25T18:48:19","slug":"viajar-estando-de-baja","status":"publish","type":"post","link":"https:\/\/www.billin.net\/blog\/viajar-estando-de-baja\/","title":{"rendered":"\u00bfSe puede viajar estando de baja? Respondemos todas tus dudas"},"content":{"rendered":"<p>Desde este post vamos a responder claramente a la pregunta de si se <strong>puede viajar estando de baja<\/strong> como si fueran vacaciones, tanto fuera de la provincia como al extranjero, \u00a1entra y desc\u00fabrelo!<\/p>\n<p><!--more--><\/p>\n<h2><strong>\u00bfSe puede viajar estando de baja?<\/strong><\/h2>\n<p>Si buscamos una respuesta a esta pregunta concreta no la vamos a encontrar. Tan s\u00f3lo, podemos aclarar que en la <strong>Ley de la Seguridad Social<\/strong> no se contempla ninguna especificaci\u00f3n sobre el \u201c<em>no poder viajar mientras se est\u00e1 de baja<\/em>\u201d<\/p>\n<p>Ahora s\u00ed, <strong>en su art\u00edculo 175 se recogen todos los motivos por los que una prestaci\u00f3n por <a href=\"https:\/\/www.billin.net\/blog\/bajas-laborales-autonomos-trabajadores\/\" target=\"_blank\" rel=\"noopener noreferrer\">incapacidad temporal<\/a><\/strong> <strong>puede ser denegada o anulada<\/strong>, ya que, si el paciente act\u00faa de forma irresponsable, abandonando el tratamiento m\u00e9dico sin causa justificada, podr\u00eda perder dicha prestaci\u00f3n.<\/p>\n<p>En este art\u00edculo, vamos a intentar exponer en qu\u00e9 situaciones <strong>se puede viajar estando de baja<\/strong> y cuando es incompatible con el cobro de la prestaci\u00f3n.<\/p>\n<p>No olvidemos, que uno de los principales objetivos, tanto de las empresas como de la Seguridad Social, es acabar con el fraude que generan estas situaciones.<\/p>\n<p>Por tanto, si est\u00e1s <strong>en situaci\u00f3n de baja por desempleo<\/strong>, deber\u00e1s comunicarlo al INSS (actual <a href=\"https:\/\/www.billin.net\/glosario\/definicion-inem\/\" target=\"_blank\" rel=\"noopener noreferrer\">SEPE<\/a>), para que no te establezca una revisi\u00f3n en el periodo que estas de viaje, pero ten en cuenta, que este Organismo no te facilitar\u00e1 ninguna autorizaci\u00f3n para que te vayas de <strong>vacaciones estando de baja.<\/strong><\/p>\n<hr \/>\n<p style=\"color: #3366ff; background: #ececec;\">\u27a8 Si tienes cualquier duda sobre este tema o alguno relacionado <strong>utiliza los comentarios para dejar tu pregunta.<\/strong> Nuestros especialistas responder\u00e1n a todas las cuestiones.<\/p>\n<hr \/>\n<h3><strong>\u00bfPuedo viajar estando de baja m\u00e9dica?<\/strong><\/h3>\n<p>En un principio, la respuesta a si <strong>se puede viajar estando de baja laboral<\/strong> ser\u00eda <strong>SI<\/strong>, ya que, como hemos indicado anteriormente, no viene especificado en la Ley de la Seguridad Social como una incompatibilidad para el cobro de la baja m\u00e9dica.<\/p>\n<p>Ahora s\u00ed, habr\u00e1 que analizar que no en todas las situaciones se permitir\u00e1 el desplazamiento del incapacitado, es decir, depender\u00e1 del estado de salud de la persona y de las consecuencias que podr\u00eda acarrear dicho desplazamiento.<\/p>\n<p>Lo principal ser\u00eda consultar con tu m\u00e9dico, ya que, \u00e9l evaluar\u00e1 tu salud y comprobar\u00e1 si es favorable o no <strong>viajar estando de baja<\/strong>, ya que, en algunas ocasiones puede ser beneficioso para el paciente, el hecho de programar un viaje.<\/p>\n<h2><strong>\u00bfEstando de baja puedo salir fuera de la provincia?<\/strong><\/h2>\n<p>Muchos beneficiarios de esta prestaci\u00f3n se preguntan qu\u00e9 <strong>si estando de baja se puede salir fuera de la provincia<\/strong>, pues bien, existen unos l\u00edmites en estos desplazamientos, como hemos comentado anteriormente, debes seguir los siguientes pasos:<\/p>\n<ul>\n<li>Avisar al m\u00e9dico o a la Mutua (seg\u00fan el caso) para que autorice el viaje seg\u00fan tu estado de salud en ese momento.<\/li>\n<li>Habr\u00e1 que exponer que las causas del viaje no sean incompatibles con la incapacidad temporal que presenta el paciente.<\/li>\n<li>Y, tener en cuenta la obligatoriedad de la presentaci\u00f3n en las revisiones establecidas, las cuales, se comunicar\u00e1n con una antelaci\u00f3n m\u00ednima de cuatro d\u00edas h\u00e1biles.<\/li>\n<\/ul>\n<p>Lo principal es qu\u00e9 <strong>si se viaja estando en situaci\u00f3n de incapacidad laboral, habr\u00e1 que estar localizable<\/strong>, ya que, ni Seguridad Social ni la Mutua tiene obligaci\u00f3n de suspender las visitas que ya te hayan programado.<\/p>\n<h2><strong>\u00bfEs posible viajar al extranjero estando de baja?<\/strong><\/h2>\n<p><strong>Viajar al extranjero estando de baja<\/strong> tiene las mismas normativa y recomendaciones que viajar dentro del mismo pa\u00eds o provincia.<\/p>\n<p>De ah\u00ed, que tengas en cuenta que corres m\u00e1s riesgo de no poder presentarte ante una revisi\u00f3n con el m\u00e9dico o la Mutua, ya que, si te lo comunicaran cuando te encuentras de viaje, la distancia ser\u00eda demasiada, para que puedas presentarte en la fecha acordada.<\/p>\n<h2><strong>\u00bfEs posible ir de vacaciones estando de baja?<\/strong><\/h2>\n<p>La respuesta a la pregunta <strong>\u201csi puedo irme de vacaciones estando de baja\u201d<\/strong> sigue siendo <strong>SI<\/strong>, pero evidentemente tendr\u00e1s que seguir todas las recomendaciones para que no te anulen o denieguen la prestaci\u00f3n por incapacidad laboral.<\/p>\n<p>En conclusi\u00f3n, aconsejamos al beneficiario de la prestaci\u00f3n que quiera irse de <strong>vacaciones estando de baja<\/strong>, que no tome esa decisi\u00f3n de forma unilateral, sino que atienda la recomendaci\u00f3n de un profesional de la sanidad, ya que, podr\u00eda causar la p\u00e9rdida de la prestaci\u00f3n e incluso agravar su salud.<\/p>\n<p><strong>Desde TeamSystem Facturas Billin trabajamos diariamente<\/strong> para manteneros informados de cualquier novedad que surja, y que afecte a todos nuestros usuarios, y, si a\u00fan no lo eres, <strong>\u00a1a qu\u00e9 esperas!<\/strong><\/p>\n","protected":false},"excerpt":{"rendered":"<p>Desde este post vamos a responder claramente a la pregunta de si se puede viajar estando de baja como si fueran vacaciones, tanto fuera de la provincia como al extranjero, \u00a1entra y desc\u00fabrelo!<\/p>\n","protected":false},"author":20,"featured_media":14514,"comment_status":"open","ping_status":"open","sticky":false,"template":"","format":"standard","meta":{"_acf_changed":false,"_et_pb_use_builder":"","_et_pb_old_content":"","_et_gb_content_width":"","om_disable_all_campaigns":false,"inline_featured_image":false,"footnotes":""},"categories":[1026],"tags":[],"class_list":{"0":"post-14506","1":"post","2":"type-post","3":"status-publish","4":"format-standard","5":"has-post-thumbnail","7":"category-recursos-humanos"},"acf":{"selector_de_usuario":null,"fecha_de_revision":"20200828"},"yoast_head":"<!-- This site is optimized with the Yoast SEO plugin v27.1 - https:\/\/yoast.com\/product\/yoast-seo-wordpress\/ -->\n<title>\u00bfViajar Estando de Baja? Respondemos tus dudas - TeamSystem Facturas Billin<\/title>\n<meta name=\"description\" content=\"Respondemos si se puede viajar estando de baja, tanto si es de vacaciones, fuera de la provincia o al extranjero. \u00a1Entra y desc\u00fabrelo!\" \/>\n<meta name=\"robots\" content=\"index, follow, max-snippet:-1, max-image-preview:large, max-video-preview:-1\" \/>\n<link rel=\"canonical\" href=\"https:\/\/www.billin.net\/blog\/viajar-estando-de-baja\/\" \/>\n<meta property=\"og:locale\" content=\"es_ES\" \/>\n<meta property=\"og:type\" content=\"article\" \/>\n<meta property=\"og:title\" content=\"\u00bfViajar Estando de Baja? Respondemos tus dudas - TeamSystem Facturas Billin\" \/>\n<meta property=\"og:description\" content=\"Respondemos si se puede viajar estando de baja, tanto si es de vacaciones, fuera de la provincia o al extranjero. \u00a1Entra y desc\u00fabrelo!\" \/>\n<meta property=\"og:url\" content=\"https:\/\/www.billin.net\/blog\/viajar-estando-de-baja\/\" \/>\n<meta property=\"og:site_name\" content=\"Blog de TeamSystem Facturas Billin\" \/>\n<meta property=\"article:publisher\" content=\"https:\/\/www.facebook.com\/EsBillin\" \/>\n<meta property=\"article:published_time\" content=\"2020-03-19T11:42:50+00:00\" \/>\n<meta property=\"article:modified_time\" content=\"2025-09-25T18:48:19+00:00\" \/>\n<meta property=\"og:image\" content=\"https:\/\/www.billin.net\/blog\/wp-content\/uploads\/2020\/03\/Viajar-dado-de-baja.jpg\" \/>\n\t<meta property=\"og:image:width\" content=\"1200\" \/>\n\t<meta property=\"og:image:height\" content=\"798\" \/>\n\t<meta property=\"og:image:type\" content=\"image\/jpeg\" \/>\n<meta name=\"author\" content=\"Marcos De La Cueva - CEO TeamSystem Facturas Billin\" \/>\n<meta name=\"twitter:card\" content=\"summary_large_image\" \/>\n<meta name=\"twitter:creator\" content=\"@Billin_ES\" \/>\n<meta name=\"twitter:site\" content=\"@Billin_ES\" \/>\n<meta name=\"twitter:label1\" content=\"Escrito por\" \/>\n\t<meta name=\"twitter:data1\" content=\"Marcos De La Cueva - CEO TeamSystem Facturas Billin\" \/>\n\t<meta name=\"twitter:label2\" content=\"Tiempo de lectura\" \/>\n\t<meta name=\"twitter:data2\" content=\"4 minutos\" \/>\n<script type=\"application\/ld+json\" class=\"yoast-schema-graph\">{\"@context\":\"https:\/\/schema.org\",\"@graph\":[{\"@type\":\"Article\",\"@id\":\"https:\/\/www.billin.net\/blog\/viajar-estando-de-baja\/#article\",\"isPartOf\":{\"@id\":\"https:\/\/www.billin.net\/blog\/viajar-estando-de-baja\/\"},\"author\":{\"name\":\"Marcos De La Cueva - CEO TeamSystem Facturas Billin\",\"@id\":\"https:\/\/www.billin.net\/blog\/#\/schema\/person\/d0339ee6e869234614541b1e80a793e7\"},\"headline\":\"\u00bfSe puede viajar estando de baja? Respondemos todas tus dudas\",\"datePublished\":\"2020-03-19T11:42:50+00:00\",\"dateModified\":\"2025-09-25T18:48:19+00:00\",\"mainEntityOfPage\":{\"@id\":\"https:\/\/www.billin.net\/blog\/viajar-estando-de-baja\/\"},\"wordCount\":780,\"commentCount\":16,\"publisher\":{\"@id\":\"https:\/\/www.billin.net\/blog\/#organization\"},\"image\":{\"@id\":\"https:\/\/www.billin.net\/blog\/viajar-estando-de-baja\/#primaryimage\"},\"thumbnailUrl\":\"https:\/\/www.billin.net\/blog\/wp-content\/uploads\/2020\/03\/Viajar-dado-de-baja.jpg\",\"articleSection\":[\"Recursos humanos\"],\"inLanguage\":\"es\",\"potentialAction\":[{\"@type\":\"CommentAction\",\"name\":\"Comment\",\"target\":[\"https:\/\/www.billin.net\/blog\/viajar-estando-de-baja\/#respond\"]}]},{\"@type\":\"WebPage\",\"@id\":\"https:\/\/www.billin.net\/blog\/viajar-estando-de-baja\/\",\"url\":\"https:\/\/www.billin.net\/blog\/viajar-estando-de-baja\/\",\"name\":\"\u00bfViajar Estando de Baja? Respondemos tus dudas - TeamSystem Facturas Billin\",\"isPartOf\":{\"@id\":\"https:\/\/www.billin.net\/blog\/#website\"},\"primaryImageOfPage\":{\"@id\":\"https:\/\/www.billin.net\/blog\/viajar-estando-de-baja\/#primaryimage\"},\"image\":{\"@id\":\"https:\/\/www.billin.net\/blog\/viajar-estando-de-baja\/#primaryimage\"},\"thumbnailUrl\":\"https:\/\/www.billin.net\/blog\/wp-content\/uploads\/2020\/03\/Viajar-dado-de-baja.jpg\",\"datePublished\":\"2020-03-19T11:42:50+00:00\",\"dateModified\":\"2025-09-25T18:48:19+00:00\",\"description\":\"Respondemos si se puede viajar estando de baja, tanto si es de vacaciones, fuera de la provincia o al extranjero. \u00a1Entra y desc\u00fabrelo!\",\"breadcrumb\":{\"@id\":\"https:\/\/www.billin.net\/blog\/viajar-estando-de-baja\/#breadcrumb\"},\"inLanguage\":\"es\",\"potentialAction\":[{\"@type\":\"ReadAction\",\"target\":[\"https:\/\/www.billin.net\/blog\/viajar-estando-de-baja\/\"]}]},{\"@type\":\"ImageObject\",\"inLanguage\":\"es\",\"@id\":\"https:\/\/www.billin.net\/blog\/viajar-estando-de-baja\/#primaryimage\",\"url\":\"https:\/\/www.billin.net\/blog\/wp-content\/uploads\/2020\/03\/Viajar-dado-de-baja.jpg\",\"contentUrl\":\"https:\/\/www.billin.net\/blog\/wp-content\/uploads\/2020\/03\/Viajar-dado-de-baja.jpg\",\"width\":1200,\"height\":798,\"caption\":\"se puede viajar estando de baja\"},{\"@type\":\"BreadcrumbList\",\"@id\":\"https:\/\/www.billin.net\/blog\/viajar-estando-de-baja\/#breadcrumb\",\"itemListElement\":[{\"@type\":\"ListItem\",\"position\":1,\"name\":\"Blog\",\"item\":\"https:\/\/www.billin.net\/blog\/\"},{\"@type\":\"ListItem\",\"position\":2,\"name\":\"Recursos humanos\",\"item\":\"https:\/\/www.billin.net\/blog\/recursos-humanos\/\"},{\"@type\":\"ListItem\",\"position\":3,\"name\":\"\u00bfSe puede viajar estando de baja? Respondemos todas tus dudas\"}]},{\"@type\":\"WebSite\",\"@id\":\"https:\/\/www.billin.net\/blog\/#website\",\"url\":\"https:\/\/www.billin.net\/blog\/\",\"name\":\"Blog de Billin\",\"description\":\"Mantente informado con el blog de TeamSystem Facturas Billin:  facturaci\u00f3n, legislaci\u00f3n, contabilidad, management y toda la informaci\u00f3n \u00fatil para pymes y aut\u00f3nomos.\",\"publisher\":{\"@id\":\"https:\/\/www.billin.net\/blog\/#organization\"},\"potentialAction\":[{\"@type\":\"SearchAction\",\"target\":{\"@type\":\"EntryPoint\",\"urlTemplate\":\"https:\/\/www.billin.net\/blog\/?s={search_term_string}\"},\"query-input\":{\"@type\":\"PropertyValueSpecification\",\"valueRequired\":true,\"valueName\":\"search_term_string\"}}],\"inLanguage\":\"es\"},{\"@type\":\"Organization\",\"@id\":\"https:\/\/www.billin.net\/blog\/#organization\",\"name\":\"Billin\",\"alternateName\":\"Blog de Billin\",\"url\":\"https:\/\/www.billin.net\/blog\/\",\"logo\":{\"@type\":\"ImageObject\",\"inLanguage\":\"es\",\"@id\":\"https:\/\/www.billin.net\/blog\/#\/schema\/logo\/image\/\",\"url\":\"https:\/\/www.billin.net\/blog\/wp-content\/uploads\/2019\/06\/logotipo-billin-blog-1.png\",\"contentUrl\":\"https:\/\/www.billin.net\/blog\/wp-content\/uploads\/2019\/06\/logotipo-billin-blog-1.png\",\"width\":126,\"height\":50,\"caption\":\"Billin\"},\"image\":{\"@id\":\"https:\/\/www.billin.net\/blog\/#\/schema\/logo\/image\/\"},\"sameAs\":[\"https:\/\/www.facebook.com\/EsBillin\",\"https:\/\/x.com\/Billin_ES\",\"https:\/\/www.instagram.com\/billin_es\/\",\"https:\/\/www.linkedin.com\/company\/billin-spain\",\"https:\/\/www.youtube.com\/c\/BillinEsintercambiodefacturas\/\"],\"legalName\":\"MY EXPENSES SL\",\"contactPoint\":{\"@type\":\"ContactPoint\",\"telephone\":\"+34918318883\",\"contactType\":\"customer service\",\"email\":\"info@billin.eu\",\"availableLanguage\":\"es\"},\"foundingDate\":\"2015\",\"numberOfEmployees\":{\"@type\":\"QuantitativeValue\",\"minValue\":10,\"maxValue\":50},\"parentOrganization\":{\"@type\":\"Organization\",\"name\":\"TeamSystem\",\"url\":\"https:\/\/www.teamsystem.com\/\"},\"description\":\"Billin es el programa de facturaci\u00f3n online de TeamSystem para aut\u00f3nomos y pymes en Espa\u00f1a. Permite crear facturas, controlar gastos y cumplir con Verifactu.\",\"address\":{\"@type\":\"PostalAddress\",\"streetAddress\":\"Calle Arturo Soria, 336\",\"addressLocality\":\"Madrid\",\"addressRegion\":\"Madrid\",\"postalCode\":\"28033\",\"addressCountry\":\"ES\"}},{\"@type\":\"Person\",\"@id\":\"https:\/\/www.billin.net\/blog\/#\/schema\/person\/d0339ee6e869234614541b1e80a793e7\",\"name\":\"Marcos De La Cueva - CEO TeamSystem Facturas Billin\",\"image\":{\"@type\":\"ImageObject\",\"inLanguage\":\"es\",\"@id\":\"https:\/\/www.billin.net\/blog\/#\/schema\/person\/image\/\",\"url\":\"https:\/\/www.billin.net\/blog\/wp-content\/uploads\/2023\/10\/marcos-color-150x150.png\",\"contentUrl\":\"https:\/\/www.billin.net\/blog\/wp-content\/uploads\/2023\/10\/marcos-color-150x150.png\",\"caption\":\"Marcos De La Cueva - CEO TeamSystem Facturas Billin\"},\"description\":\"Licenciado en ADE por la Universidad Aut\u00f3noma de Madrid, Marcos De la Cueva es CEO y cofundador de TeamSystem Facturas Billin, un programa online que lleva m\u00e1s de 9 a\u00f1os ayudando a aut\u00f3nomos, peque\u00f1os negocios y gestor\u00edas a digitalizar sus presupuestos, facturas, tickets y gastos. \u00a0 Sobre Marcos De La Cueva \u00a0 Apasionado por el mundo empresarial y la tecnolog\u00eda, curs\u00f3 su M\u00e1ster de Finanzas en la Universidad Pontificia de Comillas y estuvo en el Programa de Cooperaci\u00f3n Educativa de la Universidad Aut\u00f3noma de Madrid. \u00a0 Marcos siempre ha tenido su objetivo claro: ayudar a la creaci\u00f3n de negocios financieramente sostenibles a trav\u00e9s de una herramienta de facturaci\u00f3n que les permita ahorrar tiempo y tener la contabilidad bajo control. \u00a0 Marcos De La Cueva en los medios \u2014 Noticia sobre Kit Digital y Ley Antifraude (VeriFactu) en El Economista. \u2014 Noticia sobre Kit Digital y factura electr\u00f3nica obligatoria en Diario Jur\u00eddico. \u2014 Noticia sobre el a\u00f1o de transici\u00f3n para la factura electr\u00f3nica en Muy Pymes. \u2014 Entrevista sobre factura electr\u00f3nica obligatoria en Canal Sur. \u2014 Noticia sobre el informe factura electr\u00f3nica de TeamSystem en Channel Partner. \u2014 Charla sobre productividad y Ley Crea y Crece en El Economista. \u2014 Charla sobre factura electr\u00f3nica obligatoria en Muy Pymes. \u2014 Charla sobre digitalizaci\u00f3n aut\u00f3nomos y productividad en esdiario. \u2014 Charla sobre productividad y factura electr\u00f3nica en La Raz\u00f3n. \u2014 Charla sobre factura electr\u00f3nica obligatoria en Aut\u00f3nomos y Emprendedores. \u2014 Entrevista sobre Ley Antifraude y Ley Crea y Crece en Expansi\u00f3n. \u2014 Entrevista sobre Ley Antifraude y Ley Crea y Crece en La Raz\u00f3n. \u2014 Entrevista sobre factura electr\u00f3nica obligatoria en El Economista. \u2014 Comunicado Billin y TeamSystem en Business Insider. \u2014 Entrevista en Econom\u00eda Digital. \u2014 Entrevista en Ideas para tu empresa de Vodafone. \u2014 Entrevista en M\u00e1sQradio. \u2014 Entrevista en Armas para emprender de El M\u00e9todo Gallardo. \u2014 Entrevista en KFund. \u2014 Entrevista en AXA Seguros Espa\u00f1a. \u2014 Entrevista en GestionaRadio. \u00a0 Marcos De La Cueva en eventos \u00a0 \u2014 Participaci\u00f3n como ponente en Accountex Espa\u00f1a 2023. \u00a0 Tem\u00e1ticas de especializaci\u00f3n \u00a0 negocios | startups | contabilidad| fiscalidad | empresas| asesor\u00edas| autonomos | emprendedores | peque\u00f1os negocios | econom\u00eda | ADE | pymes | desarrollo de negocio\u00a0\",\"sameAs\":[\"https:\/\/www.billin.net\/\",\"https:\/\/www.linkedin.com\/in\/marcos-de-la-cueva-19750ba3\/\"],\"url\":\"https:\/\/www.billin.net\/blog\/author\/marcosdelacueva\/\",\"jobTitle\":\"CEO y cofundador de TS Facturas Billin\"}]}<\/script>\n<!-- \/ Yoast SEO plugin. -->","yoast_head_json":{"title":"\u00bfViajar Estando de Baja? Respondemos tus dudas - TeamSystem Facturas Billin","description":"Respondemos si se puede viajar estando de baja, tanto si es de vacaciones, fuera de la provincia o al extranjero. \u00a1Entra y desc\u00fabrelo!","robots":{"index":"index","follow":"follow","max-snippet":"max-snippet:-1","max-image-preview":"max-image-preview:large","max-video-preview":"max-video-preview:-1"},"canonical":"https:\/\/www.billin.net\/blog\/viajar-estando-de-baja\/","og_locale":"es_ES","og_type":"article","og_title":"\u00bfViajar Estando de Baja? Respondemos tus dudas - TeamSystem Facturas Billin","og_description":"Respondemos si se puede viajar estando de baja, tanto si es de vacaciones, fuera de la provincia o al extranjero. \u00a1Entra y desc\u00fabrelo!","og_url":"https:\/\/www.billin.net\/blog\/viajar-estando-de-baja\/","og_site_name":"Blog de TeamSystem Facturas Billin","article_publisher":"https:\/\/www.facebook.com\/EsBillin","article_published_time":"2020-03-19T11:42:50+00:00","article_modified_time":"2025-09-25T18:48:19+00:00","og_image":[{"width":1200,"height":798,"url":"https:\/\/www.billin.net\/blog\/wp-content\/uploads\/2020\/03\/Viajar-dado-de-baja.jpg","type":"image\/jpeg"}],"author":"Marcos De La Cueva - CEO TeamSystem Facturas Billin","twitter_card":"summary_large_image","twitter_creator":"@Billin_ES","twitter_site":"@Billin_ES","twitter_misc":{"Escrito por":"Marcos De La Cueva - CEO TeamSystem Facturas Billin","Tiempo de lectura":"4 minutos"},"schema":{"@context":"https:\/\/schema.org","@graph":[{"@type":"Article","@id":"https:\/\/www.billin.net\/blog\/viajar-estando-de-baja\/#article","isPartOf":{"@id":"https:\/\/www.billin.net\/blog\/viajar-estando-de-baja\/"},"author":{"name":"Marcos De La Cueva - CEO TeamSystem Facturas Billin","@id":"https:\/\/www.billin.net\/blog\/#\/schema\/person\/d0339ee6e869234614541b1e80a793e7"},"headline":"\u00bfSe puede viajar estando de baja? Respondemos todas tus dudas","datePublished":"2020-03-19T11:42:50+00:00","dateModified":"2025-09-25T18:48:19+00:00","mainEntityOfPage":{"@id":"https:\/\/www.billin.net\/blog\/viajar-estando-de-baja\/"},"wordCount":780,"commentCount":16,"publisher":{"@id":"https:\/\/www.billin.net\/blog\/#organization"},"image":{"@id":"https:\/\/www.billin.net\/blog\/viajar-estando-de-baja\/#primaryimage"},"thumbnailUrl":"https:\/\/www.billin.net\/blog\/wp-content\/uploads\/2020\/03\/Viajar-dado-de-baja.jpg","articleSection":["Recursos humanos"],"inLanguage":"es","potentialAction":[{"@type":"CommentAction","name":"Comment","target":["https:\/\/www.billin.net\/blog\/viajar-estando-de-baja\/#respond"]}]},{"@type":"WebPage","@id":"https:\/\/www.billin.net\/blog\/viajar-estando-de-baja\/","url":"https:\/\/www.billin.net\/blog\/viajar-estando-de-baja\/","name":"\u00bfViajar Estando de Baja? Respondemos tus dudas - TeamSystem Facturas Billin","isPartOf":{"@id":"https:\/\/www.billin.net\/blog\/#website"},"primaryImageOfPage":{"@id":"https:\/\/www.billin.net\/blog\/viajar-estando-de-baja\/#primaryimage"},"image":{"@id":"https:\/\/www.billin.net\/blog\/viajar-estando-de-baja\/#primaryimage"},"thumbnailUrl":"https:\/\/www.billin.net\/blog\/wp-content\/uploads\/2020\/03\/Viajar-dado-de-baja.jpg","datePublished":"2020-03-19T11:42:50+00:00","dateModified":"2025-09-25T18:48:19+00:00","description":"Respondemos si se puede viajar estando de baja, tanto si es de vacaciones, fuera de la provincia o al extranjero. \u00a1Entra y desc\u00fabrelo!","breadcrumb":{"@id":"https:\/\/www.billin.net\/blog\/viajar-estando-de-baja\/#breadcrumb"},"inLanguage":"es","potentialAction":[{"@type":"ReadAction","target":["https:\/\/www.billin.net\/blog\/viajar-estando-de-baja\/"]}]},{"@type":"ImageObject","inLanguage":"es","@id":"https:\/\/www.billin.net\/blog\/viajar-estando-de-baja\/#primaryimage","url":"https:\/\/www.billin.net\/blog\/wp-content\/uploads\/2020\/03\/Viajar-dado-de-baja.jpg","contentUrl":"https:\/\/www.billin.net\/blog\/wp-content\/uploads\/2020\/03\/Viajar-dado-de-baja.jpg","width":1200,"height":798,"caption":"se puede viajar estando de baja"},{"@type":"BreadcrumbList","@id":"https:\/\/www.billin.net\/blog\/viajar-estando-de-baja\/#breadcrumb","itemListElement":[{"@type":"ListItem","position":1,"name":"Blog","item":"https:\/\/www.billin.net\/blog\/"},{"@type":"ListItem","position":2,"name":"Recursos humanos","item":"https:\/\/www.billin.net\/blog\/recursos-humanos\/"},{"@type":"ListItem","position":3,"name":"\u00bfSe puede viajar estando de baja? Respondemos todas tus dudas"}]},{"@type":"WebSite","@id":"https:\/\/www.billin.net\/blog\/#website","url":"https:\/\/www.billin.net\/blog\/","name":"Blog de Billin","description":"Mantente informado con el blog de TeamSystem Facturas Billin:  facturaci\u00f3n, legislaci\u00f3n, contabilidad, management y toda la informaci\u00f3n \u00fatil para pymes y aut\u00f3nomos.","publisher":{"@id":"https:\/\/www.billin.net\/blog\/#organization"},"potentialAction":[{"@type":"SearchAction","target":{"@type":"EntryPoint","urlTemplate":"https:\/\/www.billin.net\/blog\/?s={search_term_string}"},"query-input":{"@type":"PropertyValueSpecification","valueRequired":true,"valueName":"search_term_string"}}],"inLanguage":"es"},{"@type":"Organization","@id":"https:\/\/www.billin.net\/blog\/#organization","name":"Billin","alternateName":"Blog de Billin","url":"https:\/\/www.billin.net\/blog\/","logo":{"@type":"ImageObject","inLanguage":"es","@id":"https:\/\/www.billin.net\/blog\/#\/schema\/logo\/image\/","url":"https:\/\/www.billin.net\/blog\/wp-content\/uploads\/2019\/06\/logotipo-billin-blog-1.png","contentUrl":"https:\/\/www.billin.net\/blog\/wp-content\/uploads\/2019\/06\/logotipo-billin-blog-1.png","width":126,"height":50,"caption":"Billin"},"image":{"@id":"https:\/\/www.billin.net\/blog\/#\/schema\/logo\/image\/"},"sameAs":["https:\/\/www.facebook.com\/EsBillin","https:\/\/x.com\/Billin_ES","https:\/\/www.instagram.com\/billin_es\/","https:\/\/www.linkedin.com\/company\/billin-spain","https:\/\/www.youtube.com\/c\/BillinEsintercambiodefacturas\/"],"legalName":"MY EXPENSES SL","contactPoint":{"@type":"ContactPoint","telephone":"+34918318883","contactType":"customer service","email":"info@billin.eu","availableLanguage":"es"},"foundingDate":"2015","numberOfEmployees":{"@type":"QuantitativeValue","minValue":10,"maxValue":50},"parentOrganization":{"@type":"Organization","name":"TeamSystem","url":"https:\/\/www.teamsystem.com\/"},"description":"Billin es el programa de facturaci\u00f3n online de TeamSystem para aut\u00f3nomos y pymes en Espa\u00f1a. Permite crear facturas, controlar gastos y cumplir con Verifactu.","address":{"@type":"PostalAddress","streetAddress":"Calle Arturo Soria, 336","addressLocality":"Madrid","addressRegion":"Madrid","postalCode":"28033","addressCountry":"ES"}},{"@type":"Person","@id":"https:\/\/www.billin.net\/blog\/#\/schema\/person\/d0339ee6e869234614541b1e80a793e7","name":"Marcos De La Cueva - CEO TeamSystem Facturas Billin","image":{"@type":"ImageObject","inLanguage":"es","@id":"https:\/\/www.billin.net\/blog\/#\/schema\/person\/image\/","url":"https:\/\/www.billin.net\/blog\/wp-content\/uploads\/2023\/10\/marcos-color-150x150.png","contentUrl":"https:\/\/www.billin.net\/blog\/wp-content\/uploads\/2023\/10\/marcos-color-150x150.png","caption":"Marcos De La Cueva - CEO TeamSystem Facturas Billin"},"description":"Licenciado en ADE por la Universidad Aut\u00f3noma de Madrid, Marcos De la Cueva es CEO y cofundador de TeamSystem Facturas Billin, un programa online que lleva m\u00e1s de 9 a\u00f1os ayudando a aut\u00f3nomos, peque\u00f1os negocios y gestor\u00edas a digitalizar sus presupuestos, facturas, tickets y gastos. \u00a0 Sobre Marcos De La Cueva \u00a0 Apasionado por el mundo empresarial y la tecnolog\u00eda, curs\u00f3 su M\u00e1ster de Finanzas en la Universidad Pontificia de Comillas y estuvo en el Programa de Cooperaci\u00f3n Educativa de la Universidad Aut\u00f3noma de Madrid. \u00a0 Marcos siempre ha tenido su objetivo claro: ayudar a la creaci\u00f3n de negocios financieramente sostenibles a trav\u00e9s de una herramienta de facturaci\u00f3n que les permita ahorrar tiempo y tener la contabilidad bajo control. \u00a0 Marcos De La Cueva en los medios \u2014 Noticia sobre Kit Digital y Ley Antifraude (VeriFactu) en El Economista. \u2014 Noticia sobre Kit Digital y factura electr\u00f3nica obligatoria en Diario Jur\u00eddico. \u2014 Noticia sobre el a\u00f1o de transici\u00f3n para la factura electr\u00f3nica en Muy Pymes. \u2014 Entrevista sobre factura electr\u00f3nica obligatoria en Canal Sur. \u2014 Noticia sobre el informe factura electr\u00f3nica de TeamSystem en Channel Partner. \u2014 Charla sobre productividad y Ley Crea y Crece en El Economista. \u2014 Charla sobre factura electr\u00f3nica obligatoria en Muy Pymes. \u2014 Charla sobre digitalizaci\u00f3n aut\u00f3nomos y productividad en esdiario. \u2014 Charla sobre productividad y factura electr\u00f3nica en La Raz\u00f3n. \u2014 Charla sobre factura electr\u00f3nica obligatoria en Aut\u00f3nomos y Emprendedores. \u2014 Entrevista sobre Ley Antifraude y Ley Crea y Crece en Expansi\u00f3n. \u2014 Entrevista sobre Ley Antifraude y Ley Crea y Crece en La Raz\u00f3n. \u2014 Entrevista sobre factura electr\u00f3nica obligatoria en El Economista. \u2014 Comunicado Billin y TeamSystem en Business Insider. \u2014 Entrevista en Econom\u00eda Digital. \u2014 Entrevista en Ideas para tu empresa de Vodafone. \u2014 Entrevista en M\u00e1sQradio. \u2014 Entrevista en Armas para emprender de El M\u00e9todo Gallardo. \u2014 Entrevista en KFund. \u2014 Entrevista en AXA Seguros Espa\u00f1a. \u2014 Entrevista en GestionaRadio. \u00a0 Marcos De La Cueva en eventos \u00a0 \u2014 Participaci\u00f3n como ponente en Accountex Espa\u00f1a 2023. \u00a0 Tem\u00e1ticas de especializaci\u00f3n \u00a0 negocios | startups | contabilidad| fiscalidad | empresas| asesor\u00edas| autonomos | emprendedores | peque\u00f1os negocios | econom\u00eda | ADE | pymes | desarrollo de negocio\u00a0","sameAs":["https:\/\/www.billin.net\/","https:\/\/www.linkedin.com\/in\/marcos-de-la-cueva-19750ba3\/"],"url":"https:\/\/www.billin.net\/blog\/author\/marcosdelacueva\/","jobTitle":"CEO y cofundador de TS Facturas Billin"}]}},"_links":{"self":[{"href":"https:\/\/www.billin.net\/blog\/wp-json\/wp\/v2\/posts\/14506","targetHints":{"allow":["GET"]}}],"collection":[{"href":"https:\/\/www.billin.net\/blog\/wp-json\/wp\/v2\/posts"}],"about":[{"href":"https:\/\/www.billin.net\/blog\/wp-json\/wp\/v2\/types\/post"}],"author":[{"embeddable":true,"href":"https:\/\/www.billin.net\/blog\/wp-json\/wp\/v2\/users\/20"}],"replies":[{"embeddable":true,"href":"https:\/\/www.billin.net\/blog\/wp-json\/wp\/v2\/comments?post=14506"}],"version-history":[{"count":8,"href":"https:\/\/www.billin.net\/blog\/wp-json\/wp\/v2\/posts\/14506\/revisions"}],"predecessor-version":[{"id":27785,"href":"https:\/\/www.billin.net\/blog\/wp-json\/wp\/v2\/posts\/14506\/revisions\/27785"}],"wp:featuredmedia":[{"embeddable":true,"href":"https:\/\/www.billin.net\/blog\/wp-json\/wp\/v2\/media\/14514"}],"wp:attachment":[{"href":"https:\/\/www.billin.net\/blog\/wp-json\/wp\/v2\/media?parent=14506"}],"wp:term":[{"taxonomy":"category","embeddable":true,"href":"https:\/\/www.billin.net\/blog\/wp-json\/wp\/v2\/categories?post=14506"},{"taxonomy":"post_tag","embeddable":true,"href":"https:\/\/www.billin.net\/blog\/wp-json\/wp\/v2\/tags?post=14506"}],"curies":[{"name":"wp","href":"https:\/\/api.w.org\/{rel}","templated":true}]}}