{"id":13843,"date":"2020-01-13T17:10:26","date_gmt":"2020-01-13T15:10:26","guid":{"rendered":"https:\/\/www.billin.net\/blog\/?p=13843"},"modified":"2025-09-25T20:49:17","modified_gmt":"2025-09-25T18:49:17","slug":"como-puedo-saber-si-estoy-dado-de-alta-en-la-seguridad-social","status":"publish","type":"post","link":"https:\/\/www.billin.net\/blog\/como-puedo-saber-si-estoy-dado-de-alta-en-la-seguridad-social\/","title":{"rendered":"\u00bfC\u00f3mo puedo saber si estoy dado de alta en la Seguridad Social?"},"content":{"rendered":"\r\n<p><em>\u00bfHas empezado a trabajar en un empleo nuevo o te has emprendido como un trabajador aut\u00f3nomo?<\/em>, pues bien, con este art\u00edculo te voy a mostrar c\u00f3mo puedes <strong>comprobar si est\u00e1s dado de alta en Seguridad Social<\/strong>, ya que, \u00a1t\u00fa mismo podr\u00e1s realizar este tr\u00e1mite!, sin tener que buscar la ayuda de ning\u00fan profesional, adem\u00e1s te ense\u00f1ar\u00e9 a darte de alta en la seguridad social como aut\u00f3nomo:<\/p>\r\n\r\n\r\n\r\n<p><!--more--><\/p>\r\n\r\n\r\n\r\n<h2 class=\"wp-block-heading\">C\u00f3mo saber tu situaci\u00f3n actual en Seguridad Social<\/h2>\r\n\r\n\r\n\r\n<p>Suponte que has empezado a trabajar en un nuevo empleo, y tienes la duda de si te han tramitado t\u00fa <strong>alta en Seguridad Social<\/strong>, entonces te preguntas \u00bfc\u00f3mo puedo averiguarlo?, pues bien:<\/p>\r\n\r\n\r\n\r\n<ul class=\"wp-block-list\">\r\n<li>Podr\u00edas dirigirte a tu Jefe para que te lo aclarara.<\/li>\r\n<li>Leer tu contrato de trabajo, el cual, tiene que cumplir unos requisitos formales para que sea un documento oficial<\/li>\r\n<li>Preg\u00fantale a la <a href=\"https:\/\/www.billin.net\/asesoria-fiscal-online\/\" target=\"_blank\" rel=\"noopener noreferrer\">asesor\u00eda<\/a>\u00a0que elabora los contratos y las n\u00f3minas<\/li>\r\n<li>Da de alta tu n\u00famero de tel\u00e9fono en la Tesorer\u00eda de la Seguridad Social, y te informar\u00e1 mediante un mensaje SMS<\/li>\r\n<li>Pide cita previa por internet o por tel\u00e9fono, en \u201cafiliaci\u00f3n\u201d de Seguridad Social y te informar\u00e1 el funcionario directamente.<\/li>\r\n<li>Descarga de forma gratuita la aplicaci\u00f3n de la Seguridad Social llamada \u201cinforme de situaci\u00f3n\u201d, \u00a1podr\u00e1s instalarla en tu m\u00f3vil o tablet!<\/li>\r\n<li>O, por \u00faltimo, solicita una vida laboral actualizada, ah\u00ed se ver\u00e1 directamente si est\u00e1s o no dado de alta en Seguridad Social.<\/li>\r\n<\/ul>\r\n\r\n\r\n\r\n<h3 class=\"wp-block-heading\">C\u00f3mo solicitar una vida laboral.<\/h3>\r\n\r\n\r\n\r\n<p>Como ves hay bastantes posibilidades de <strong>comprobar tu situaci\u00f3n de alta en Seguridad Social<\/strong>, si te decides por solicitar la vida laboral, que ser\u00e1 la forma m\u00e1s r\u00e1pida y sencilla, te contamos como puedes pedirla:<\/p>\r\n\r\n\r\n\r\n<h4 class=\"wp-block-heading\">Por internet<\/h4>\r\n\r\n\r\n\r\n<p>En la p\u00e1gina web de la <a href=\"http:\/\/www.seg-social.es\/wps\/portal\/wss\/internet\/Inicio\"><strong>Seguridad Social<\/strong><\/a>, dir\u00edgite a <em>\u201csede electr\u00f3nica\u201d\/\u201dciudadanos\u201d\/\u201dInformes y Certificados\u201d\/\u201dInforme de vida laboral\u201d,<\/em> ver\u00e1s que tienes distintas opciones para solicitarlo:<\/p>\r\n\r\n\r\n\r\n<p>\u00a0\u00a0\u00a0\u00a0\u00a0\u00a0\u00a0\u00a0\u00a0\u00a0\u00a0\u00a0\u00a0\u00a0\u00a0 a) Con certificado digital<\/p>\r\n\r\n\r\n\r\n<p>\u00a0\u00a0\u00a0\u00a0\u00a0\u00a0\u00a0\u00a0\u00a0\u00a0\u00a0\u00a0\u00a0\u00a0\u00a0 b) Con usuario y contrase\u00f1a<\/p>\r\n\r\n\r\n\r\n<p>\u00a0\u00a0\u00a0\u00a0\u00a0\u00a0\u00a0\u00a0\u00a0\u00a0\u00a0\u00a0\u00a0\u00a0\u00a0 c) Cl@ve<\/p>\r\n\r\n\r\n\r\n<p>\u00a0\u00a0\u00a0\u00a0\u00a0\u00a0\u00a0\u00a0\u00a0\u00a0\u00a0\u00a0\u00a0\u00a0\u00a0 d) Sin certificado digital<\/p>\r\n\r\n\r\n\r\n<p>\u00a0\u00a0\u00a0\u00a0\u00a0\u00a0\u00a0\u00a0\u00a0\u00a0\u00a0\u00a0\u00a0\u00a0\u00a0 e) V\u00eda SMS<\/p>\r\n\r\n\r\n\r\n<p>De estas formas podr\u00e1s <strong>acceder al Informe de vida laboral<\/strong> y desc\u00e1rgalo como un archivo PDF, a no ser, que lo hagas sin certificado digital que tendr\u00e1s que rellenar un formulario de solicitud y te lo enviar\u00e1n a tu domicilio postal.<\/p>\r\n\r\n\r\n\r\n<h4 class=\"wp-block-heading\">De forma ordinaria<\/h4>\r\n\r\n\r\n\r\n<p>Si no est\u00e1s muy suelto con el funcionamiento de internet, la Seguridad Social te ofrece la v\u00eda telef\u00f3nica, basta con que llames cualquier d\u00eda h\u00e1bil desde las 9:00 de la ma\u00f1ana hasta las 19:00 de la tarde al tel\u00e9fono <strong>901502050<\/strong>, pero ten en cuenta que esta llamada te costar\u00e1 dinero, adem\u00e1s te har\u00e1n una multitud de cuestiones sobre tus datos personales.<\/p>\r\n\r\n\r\n\r\n<p>Tanto la v\u00eda telef\u00f3nica como la solicitud sin <a href=\"https:\/\/www.billin.net\/blog\/certificado-digital-empresas\/\">certificado digital<\/a>, ser\u00e1 el proceso m\u00e1s lento, ya que, Seguridad Social tardar\u00e1 m\u00e1s de una semana en enviarla a tu domicilio.<\/p>\r\n\r\n\r\n\r\n<h2 class=\"wp-block-heading\">Formas para darse de alta en Seguridad Social.<\/h2>\r\n\r\n\r\n\r\n<p>Evidentemente si trabajas para una empresa, no tendr\u00e1s que preocuparte de <strong>dar el alta en Seguridad Social<\/strong>, pero, si por el contrario decides <a href=\"https:\/\/www.billin.net\/blog\/crear-una-empresa\/\">emprender un negocio<\/a> y quieres darte de <a href=\"https:\/\/www.billin.net\/blog\/alta-autonomo-seguridad-social\/\">alta en el regimen especial de autonomos<\/a>, te explicamos c\u00f3mo hacerlo.<\/p>\r\n\r\n\r\n\r\n<p>En el caso que no sepas usar la v\u00eda telem\u00e1tica, te recomiendo que acudas a un profesional para que te gestione el alta en Seguridad Social, ya que, actualmente es obligatorio realizarlo por internet.<\/p>\r\n\r\n\r\n\r\n<p>Si por el contrario sabes usar la v\u00eda telem\u00e1tica, podr\u00e1s realizar este tr\u00e1mite mediante <strong>certificado digital, usuario y contrase\u00f1a o cl@ve<\/strong>, y seguir los siguientes pasos que voy a indicarte:<\/p>\r\n\r\n\r\n\r\n<ol class=\"wp-block-list\">\r\n<li>Pincha <a href=\"https:\/\/sede.seg-social.gob.es\/wps\/portal\/sede\/sede\/Ciudadanos\/afiliacion%20e%20inscripcion\/07afiliacion%20e%20inscripcion\/!ut\/p\/z1\/tVLLboJAFP2VunBJ5g4gjyXahmpBSyny2JhxGHRaGVSotn_fwTZp0gRNYzqr-zzn3rkHZShBmSAHviINrwTZSD_NjIWGDR3bgD0XxnfgRP5DZGuB5qoGik8F0PEcQNn5_jnKUEZFs23WKK1Zzha0Eg0TPK_qPrSBPlD-lpOciDZCCr7hhMrpbtgNFzXd823r9QHMrlxLIY0cpUuqgg2MKWDkqqJTMBUCVqHYRNUNbFAVm4PvlTpmlu2XVopbvgsIp4IzvxayGqVyDvMHBcCVqWgI4RxUDK6G4gNnRxSJal_KU4V_XPMefjO4OBi0DDNr_BRgsMwrGb7gBzML8ARUDwzfAscOwsibYg1M_Ur4yaVDSPGqe3_kryQsadYKF0WFkk6VJGcUJKH4y26XOVKsrT7fG5T8l1q3ZVRa2ofyWtwOp4o7WlrH56KMHz2n1_sESjZHmQ!!\/dz\/d5\/L2dBISEvZ0FBIS9nQSEh\/\"><strong>aqu\u00ed<\/strong><\/a> y ya estar\u00e1s dentro de \u201cAlta de Trabajador en el r\u00e9gimen especial de Trabajadores aut\u00f3nomos (RETA)\u201d<\/li>\r\n<li><strong>Elige la opci\u00f3n que vas a usar<\/strong> para tramitar el alta, es decir, el certificado digital, usuario y contrase\u00f1a o la cl@ve<\/li>\r\n<li>La <strong>primera p\u00e1gina<\/strong> que te aparecer\u00e1 ser\u00e1 la \u201caceptaci\u00f3n de la incorporaci\u00f3n al SISTEMA RED\u201d, ac\u00e9ptala y contin\u00faa.<\/li>\r\n<li>En la <strong>segunda p\u00e1gina<\/strong>, tendr\u00e1s que indicar el domicilio de residencia, el domicilio de actividad y tus datos de contacto, en el caso de que aparezca tus datos antiguos, podr\u00e1s modificarlos.<\/li>\r\n<li>En la <strong>tercera p\u00e1gina<\/strong> tendr\u00e1s que indicar el tipo de aut\u00f3nomo que vas a escoger, es decir:<\/li>\r\n<li>Trabajador aut\u00f3nomo<\/li>\r\n<li>Trabajador aut\u00f3nomo dependiente<\/li>\r\n<li>Profesional colegiado<\/li>\r\n<li>Si eres un miembro del \u00f3rgano de administraci\u00f3n de una sociedad<\/li>\r\n<li>Un colaborador familiar<\/li>\r\n<li>Un socio de empresa colectiva<\/li>\r\n<li>Un socio de una cooperativa<\/li>\r\n<\/ol>\r\n\r\n\r\n\r\n<ul class=\"wp-block-list\">\r\n<li>En la <strong>cuarta p\u00e1gina<\/strong> tendr\u00e1s que volver a realizar una aceptaci\u00f3n sobre \u201c<em>El solicitante declara que re\u00fane los requisitos establecidos en el cap\u00edtulo II del decreto 2530\/1970 y en el Estatuto del Trabajador Aut\u00f3nomo (Ley 20\/2007) que determina en el art\u00edculo 1 el concepto de trabajador por cuenta propia y en el art\u00edculo 23.2 su inclusi\u00f3n en RETA\u201d, <\/em>acepta y continua.<\/li>\r\n<li>En la <strong>quinta p\u00e1gina<\/strong> tendr\u00e1s que rellenar los datos referentes a la Agencia tributaria o la Hacienda Foral seg\u00fan donde vivas, indicando tu impuesto de actividad econ\u00f3mica (IAE) y la fecha de inicio de tu actividad, estos datos los encontrar\u00e1s en tu Modelo 037 de alta censal<\/li>\r\n<li>En la <strong>sexta p\u00e1gina<\/strong> tendr\u00e1s que informar a Seguridad Social si te encuentras en situaci\u00f3n de pluriactividad, si te acoges a la revalorizaci\u00f3n anual de la cuota de aut\u00f3nomos, la base de cotizaci\u00f3n, la mutua, el n\u00famero de cuenta donde pagar\u00e1s el aut\u00f3nomo, y si cumples los requisitos necesarios para que se te aplique la tarifa plana.<\/li>\r\n<li><strong>Por \u00faltimo<\/strong>, te pedir\u00e1 la confirmaci\u00f3n de toda la informaci\u00f3n que has ido incluyendo y se generar\u00e1 de forma autom\u00e1tica la <strong>Resoluci\u00f3n de Alta<\/strong>, la cual, podr\u00e1s descargarla en PDF y guardarla.<\/li>\r\n<\/ul>\r\n\r\n\r\n\r\n<p>Desde este momento ser\u00e1s un aut\u00f3nomo m\u00e1s en Espa\u00f1a, \u00a1ya est\u00e1s preparado para emprender tu actividad!, recuerda que desde este momento tendr\u00e1s obligaciones fiscales que tienes que cumplir de forma trimestral y anual.<\/p>\r\n\r\n\r\n\r\n<p>Te invitamos a que pruebes el <a href=\"https:\/\/www.billin.net\/programa-facturacion-gratuito\/\">programa de facturaci\u00f3n gratis<\/a> <strong>TeamSystem Facturas Billin<\/strong>, ya que, har\u00e1 que tus tareas administrativas sean mucho m\u00e1s sencillas y r\u00e1pidas.<\/p>\r\n","protected":false},"excerpt":{"rendered":"<p>\u00bfHas empezado a trabajar en un empleo nuevo o te has emprendido como un trabajador aut\u00f3nomo?, pues bien, con este art\u00edculo te voy a mostrar c\u00f3mo puedes comprobar si est\u00e1s dado de alta en Seguridad Social, ya que, \u00a1t\u00fa mismo podr\u00e1s realizar este tr\u00e1mite!, sin tener que buscar la ayuda de ning\u00fan profesional, adem\u00e1s te [&hellip;]<\/p>\n","protected":false},"author":20,"featured_media":13846,"comment_status":"open","ping_status":"open","sticky":false,"template":"","format":"standard","meta":{"_acf_changed":false,"_et_pb_use_builder":"","_et_pb_old_content":"","_et_gb_content_width":"","om_disable_all_campaigns":false,"inline_featured_image":false,"footnotes":""},"categories":[1014],"tags":[],"class_list":{"0":"post-13843","1":"post","2":"type-post","3":"status-publish","4":"format-standard","5":"has-post-thumbnail","7":"category-fiscalidad"},"acf":{"selector_de_usuario":null,"fecha_de_revision":"20200728"},"yoast_head":"<!-- This site is optimized with the Yoast SEO plugin v27.1 - https:\/\/yoast.com\/product\/yoast-seo-wordpress\/ -->\n<title>C\u00f3mo saber si estoy dado de alta en la Seguridad Social - TeamSystem Facturas Billin<\/title>\n<meta name=\"description\" content=\"Cuando nos contratan o somos aut\u00f3nomos nos puede interesar saber si estamos dados de alta en la seguridad social. Desc\u00fabrelo aqu\u00ed!\" \/>\n<meta name=\"robots\" content=\"index, follow, max-snippet:-1, max-image-preview:large, max-video-preview:-1\" \/>\n<link rel=\"canonical\" href=\"https:\/\/www.billin.net\/blog\/como-puedo-saber-si-estoy-dado-de-alta-en-la-seguridad-social\/\" \/>\n<meta property=\"og:locale\" content=\"es_ES\" \/>\n<meta property=\"og:type\" content=\"article\" \/>\n<meta property=\"og:title\" content=\"C\u00f3mo saber si estoy dado de alta en la Seguridad Social - TeamSystem Facturas Billin\" \/>\n<meta property=\"og:description\" content=\"Cuando nos contratan o somos aut\u00f3nomos nos puede interesar saber si estamos dados de alta en la seguridad social. Desc\u00fabrelo aqu\u00ed!\" \/>\n<meta property=\"og:url\" content=\"https:\/\/www.billin.net\/blog\/como-puedo-saber-si-estoy-dado-de-alta-en-la-seguridad-social\/\" \/>\n<meta property=\"og:site_name\" content=\"Blog de TeamSystem Facturas Billin\" \/>\n<meta property=\"article:publisher\" content=\"https:\/\/www.facebook.com\/EsBillin\" \/>\n<meta property=\"article:published_time\" content=\"2020-01-13T15:10:26+00:00\" \/>\n<meta property=\"article:modified_time\" content=\"2025-09-25T18:49:17+00:00\" \/>\n<meta property=\"og:image\" content=\"https:\/\/www.billin.net\/blog\/wp-content\/uploads\/2020\/01\/saber-dado-alta-seguridad-social-min.jpg\" \/>\n\t<meta property=\"og:image:width\" content=\"1200\" \/>\n\t<meta property=\"og:image:height\" content=\"727\" \/>\n\t<meta property=\"og:image:type\" content=\"image\/jpeg\" \/>\n<meta name=\"author\" content=\"Marcos De La Cueva - CEO TeamSystem Facturas Billin\" \/>\n<meta name=\"twitter:card\" content=\"summary_large_image\" \/>\n<meta name=\"twitter:creator\" content=\"@Billin_ES\" \/>\n<meta name=\"twitter:site\" content=\"@Billin_ES\" \/>\n<meta name=\"twitter:label1\" content=\"Escrito por\" \/>\n\t<meta name=\"twitter:data1\" content=\"Marcos De La Cueva - CEO TeamSystem Facturas Billin\" \/>\n\t<meta name=\"twitter:label2\" content=\"Tiempo de lectura\" \/>\n\t<meta name=\"twitter:data2\" content=\"5 minutos\" \/>\n<script type=\"application\/ld+json\" class=\"yoast-schema-graph\">{\"@context\":\"https:\/\/schema.org\",\"@graph\":[{\"@type\":\"Article\",\"@id\":\"https:\/\/www.billin.net\/blog\/como-puedo-saber-si-estoy-dado-de-alta-en-la-seguridad-social\/#article\",\"isPartOf\":{\"@id\":\"https:\/\/www.billin.net\/blog\/como-puedo-saber-si-estoy-dado-de-alta-en-la-seguridad-social\/\"},\"author\":{\"name\":\"Marcos De La Cueva - CEO TeamSystem Facturas Billin\",\"@id\":\"https:\/\/www.billin.net\/blog\/#\/schema\/person\/d0339ee6e869234614541b1e80a793e7\"},\"headline\":\"\u00bfC\u00f3mo puedo saber si estoy dado de alta en la Seguridad Social?\",\"datePublished\":\"2020-01-13T15:10:26+00:00\",\"dateModified\":\"2025-09-25T18:49:17+00:00\",\"mainEntityOfPage\":{\"@id\":\"https:\/\/www.billin.net\/blog\/como-puedo-saber-si-estoy-dado-de-alta-en-la-seguridad-social\/\"},\"wordCount\":1083,\"commentCount\":4,\"publisher\":{\"@id\":\"https:\/\/www.billin.net\/blog\/#organization\"},\"image\":{\"@id\":\"https:\/\/www.billin.net\/blog\/como-puedo-saber-si-estoy-dado-de-alta-en-la-seguridad-social\/#primaryimage\"},\"thumbnailUrl\":\"https:\/\/www.billin.net\/blog\/wp-content\/uploads\/2020\/01\/saber-dado-alta-seguridad-social-min.jpg\",\"articleSection\":[\"Fiscalidad\"],\"inLanguage\":\"es\",\"potentialAction\":[{\"@type\":\"CommentAction\",\"name\":\"Comment\",\"target\":[\"https:\/\/www.billin.net\/blog\/como-puedo-saber-si-estoy-dado-de-alta-en-la-seguridad-social\/#respond\"]}]},{\"@type\":\"WebPage\",\"@id\":\"https:\/\/www.billin.net\/blog\/como-puedo-saber-si-estoy-dado-de-alta-en-la-seguridad-social\/\",\"url\":\"https:\/\/www.billin.net\/blog\/como-puedo-saber-si-estoy-dado-de-alta-en-la-seguridad-social\/\",\"name\":\"C\u00f3mo saber si estoy dado de alta en la Seguridad Social - TeamSystem Facturas Billin\",\"isPartOf\":{\"@id\":\"https:\/\/www.billin.net\/blog\/#website\"},\"primaryImageOfPage\":{\"@id\":\"https:\/\/www.billin.net\/blog\/como-puedo-saber-si-estoy-dado-de-alta-en-la-seguridad-social\/#primaryimage\"},\"image\":{\"@id\":\"https:\/\/www.billin.net\/blog\/como-puedo-saber-si-estoy-dado-de-alta-en-la-seguridad-social\/#primaryimage\"},\"thumbnailUrl\":\"https:\/\/www.billin.net\/blog\/wp-content\/uploads\/2020\/01\/saber-dado-alta-seguridad-social-min.jpg\",\"datePublished\":\"2020-01-13T15:10:26+00:00\",\"dateModified\":\"2025-09-25T18:49:17+00:00\",\"description\":\"Cuando nos contratan o somos aut\u00f3nomos nos puede interesar saber si estamos dados de alta en la seguridad social. Desc\u00fabrelo aqu\u00ed!\",\"breadcrumb\":{\"@id\":\"https:\/\/www.billin.net\/blog\/como-puedo-saber-si-estoy-dado-de-alta-en-la-seguridad-social\/#breadcrumb\"},\"inLanguage\":\"es\",\"potentialAction\":[{\"@type\":\"ReadAction\",\"target\":[\"https:\/\/www.billin.net\/blog\/como-puedo-saber-si-estoy-dado-de-alta-en-la-seguridad-social\/\"]}]},{\"@type\":\"ImageObject\",\"inLanguage\":\"es\",\"@id\":\"https:\/\/www.billin.net\/blog\/como-puedo-saber-si-estoy-dado-de-alta-en-la-seguridad-social\/#primaryimage\",\"url\":\"https:\/\/www.billin.net\/blog\/wp-content\/uploads\/2020\/01\/saber-dado-alta-seguridad-social-min.jpg\",\"contentUrl\":\"https:\/\/www.billin.net\/blog\/wp-content\/uploads\/2020\/01\/saber-dado-alta-seguridad-social-min.jpg\",\"width\":1200,\"height\":727,\"caption\":\"como saber si estoy dado de alta en la seguridad social\"},{\"@type\":\"BreadcrumbList\",\"@id\":\"https:\/\/www.billin.net\/blog\/como-puedo-saber-si-estoy-dado-de-alta-en-la-seguridad-social\/#breadcrumb\",\"itemListElement\":[{\"@type\":\"ListItem\",\"position\":1,\"name\":\"Blog\",\"item\":\"https:\/\/www.billin.net\/blog\/\"},{\"@type\":\"ListItem\",\"position\":2,\"name\":\"Fiscalidad\",\"item\":\"https:\/\/www.billin.net\/blog\/fiscalidad\/\"},{\"@type\":\"ListItem\",\"position\":3,\"name\":\"\u00bfC\u00f3mo puedo saber si estoy dado de alta en la Seguridad Social?\"}]},{\"@type\":\"WebSite\",\"@id\":\"https:\/\/www.billin.net\/blog\/#website\",\"url\":\"https:\/\/www.billin.net\/blog\/\",\"name\":\"Blog de Billin\",\"description\":\"Mantente informado con el blog de TeamSystem Facturas Billin:  facturaci\u00f3n, legislaci\u00f3n, contabilidad, management y toda la informaci\u00f3n \u00fatil para pymes y aut\u00f3nomos.\",\"publisher\":{\"@id\":\"https:\/\/www.billin.net\/blog\/#organization\"},\"potentialAction\":[{\"@type\":\"SearchAction\",\"target\":{\"@type\":\"EntryPoint\",\"urlTemplate\":\"https:\/\/www.billin.net\/blog\/?s={search_term_string}\"},\"query-input\":{\"@type\":\"PropertyValueSpecification\",\"valueRequired\":true,\"valueName\":\"search_term_string\"}}],\"inLanguage\":\"es\"},{\"@type\":\"Organization\",\"@id\":\"https:\/\/www.billin.net\/blog\/#organization\",\"name\":\"Billin\",\"alternateName\":\"Blog de Billin\",\"url\":\"https:\/\/www.billin.net\/blog\/\",\"logo\":{\"@type\":\"ImageObject\",\"inLanguage\":\"es\",\"@id\":\"https:\/\/www.billin.net\/blog\/#\/schema\/logo\/image\/\",\"url\":\"https:\/\/www.billin.net\/blog\/wp-content\/uploads\/2019\/06\/logotipo-billin-blog-1.png\",\"contentUrl\":\"https:\/\/www.billin.net\/blog\/wp-content\/uploads\/2019\/06\/logotipo-billin-blog-1.png\",\"width\":126,\"height\":50,\"caption\":\"Billin\"},\"image\":{\"@id\":\"https:\/\/www.billin.net\/blog\/#\/schema\/logo\/image\/\"},\"sameAs\":[\"https:\/\/www.facebook.com\/EsBillin\",\"https:\/\/x.com\/Billin_ES\",\"https:\/\/www.instagram.com\/billin_es\/\",\"https:\/\/www.linkedin.com\/company\/billin-spain\",\"https:\/\/www.youtube.com\/c\/BillinEsintercambiodefacturas\/\"],\"legalName\":\"MY EXPENSES SL\",\"contactPoint\":{\"@type\":\"ContactPoint\",\"telephone\":\"+34918318883\",\"contactType\":\"customer service\",\"email\":\"info@billin.eu\",\"availableLanguage\":\"es\"},\"foundingDate\":\"2015\",\"numberOfEmployees\":{\"@type\":\"QuantitativeValue\",\"minValue\":10,\"maxValue\":50},\"parentOrganization\":{\"@type\":\"Organization\",\"name\":\"TeamSystem\",\"url\":\"https:\/\/www.teamsystem.com\/\"},\"description\":\"Billin es el programa de facturaci\u00f3n online de TeamSystem para aut\u00f3nomos y pymes en Espa\u00f1a. Permite crear facturas, controlar gastos y cumplir con Verifactu.\",\"address\":{\"@type\":\"PostalAddress\",\"streetAddress\":\"Calle Arturo Soria, 336\",\"addressLocality\":\"Madrid\",\"addressRegion\":\"Madrid\",\"postalCode\":\"28033\",\"addressCountry\":\"ES\"}},{\"@type\":\"Person\",\"@id\":\"https:\/\/www.billin.net\/blog\/#\/schema\/person\/d0339ee6e869234614541b1e80a793e7\",\"name\":\"Marcos De La Cueva - CEO TeamSystem Facturas Billin\",\"image\":{\"@type\":\"ImageObject\",\"inLanguage\":\"es\",\"@id\":\"https:\/\/www.billin.net\/blog\/#\/schema\/person\/image\/\",\"url\":\"https:\/\/www.billin.net\/blog\/wp-content\/uploads\/2023\/10\/marcos-color-150x150.png\",\"contentUrl\":\"https:\/\/www.billin.net\/blog\/wp-content\/uploads\/2023\/10\/marcos-color-150x150.png\",\"caption\":\"Marcos De La Cueva - CEO TeamSystem Facturas Billin\"},\"description\":\"Licenciado en ADE por la Universidad Aut\u00f3noma de Madrid, Marcos De la Cueva es CEO y cofundador de TeamSystem Facturas Billin, un programa online que lleva m\u00e1s de 9 a\u00f1os ayudando a aut\u00f3nomos, peque\u00f1os negocios y gestor\u00edas a digitalizar sus presupuestos, facturas, tickets y gastos. \u00a0 Sobre Marcos De La Cueva \u00a0 Apasionado por el mundo empresarial y la tecnolog\u00eda, curs\u00f3 su M\u00e1ster de Finanzas en la Universidad Pontificia de Comillas y estuvo en el Programa de Cooperaci\u00f3n Educativa de la Universidad Aut\u00f3noma de Madrid. \u00a0 Marcos siempre ha tenido su objetivo claro: ayudar a la creaci\u00f3n de negocios financieramente sostenibles a trav\u00e9s de una herramienta de facturaci\u00f3n que les permita ahorrar tiempo y tener la contabilidad bajo control. \u00a0 Marcos De La Cueva en los medios \u2014 Noticia sobre Kit Digital y Ley Antifraude (VeriFactu) en El Economista. \u2014 Noticia sobre Kit Digital y factura electr\u00f3nica obligatoria en Diario Jur\u00eddico. \u2014 Noticia sobre el a\u00f1o de transici\u00f3n para la factura electr\u00f3nica en Muy Pymes. \u2014 Entrevista sobre factura electr\u00f3nica obligatoria en Canal Sur. \u2014 Noticia sobre el informe factura electr\u00f3nica de TeamSystem en Channel Partner. \u2014 Charla sobre productividad y Ley Crea y Crece en El Economista. \u2014 Charla sobre factura electr\u00f3nica obligatoria en Muy Pymes. \u2014 Charla sobre digitalizaci\u00f3n aut\u00f3nomos y productividad en esdiario. \u2014 Charla sobre productividad y factura electr\u00f3nica en La Raz\u00f3n. \u2014 Charla sobre factura electr\u00f3nica obligatoria en Aut\u00f3nomos y Emprendedores. \u2014 Entrevista sobre Ley Antifraude y Ley Crea y Crece en Expansi\u00f3n. \u2014 Entrevista sobre Ley Antifraude y Ley Crea y Crece en La Raz\u00f3n. \u2014 Entrevista sobre factura electr\u00f3nica obligatoria en El Economista. \u2014 Comunicado Billin y TeamSystem en Business Insider. \u2014 Entrevista en Econom\u00eda Digital. \u2014 Entrevista en Ideas para tu empresa de Vodafone. \u2014 Entrevista en M\u00e1sQradio. \u2014 Entrevista en Armas para emprender de El M\u00e9todo Gallardo. \u2014 Entrevista en KFund. \u2014 Entrevista en AXA Seguros Espa\u00f1a. \u2014 Entrevista en GestionaRadio. \u00a0 Marcos De La Cueva en eventos \u00a0 \u2014 Participaci\u00f3n como ponente en Accountex Espa\u00f1a 2023. \u00a0 Tem\u00e1ticas de especializaci\u00f3n \u00a0 negocios | startups | contabilidad| fiscalidad | empresas| asesor\u00edas| autonomos | emprendedores | peque\u00f1os negocios | econom\u00eda | ADE | pymes | desarrollo de negocio\u00a0\",\"sameAs\":[\"https:\/\/www.billin.net\/\",\"https:\/\/www.linkedin.com\/in\/marcos-de-la-cueva-19750ba3\/\"],\"url\":\"https:\/\/www.billin.net\/blog\/author\/marcosdelacueva\/\",\"jobTitle\":\"CEO y cofundador de TS Facturas Billin\"}]}<\/script>\n<!-- \/ Yoast SEO plugin. -->","yoast_head_json":{"title":"C\u00f3mo saber si estoy dado de alta en la Seguridad Social - TeamSystem Facturas Billin","description":"Cuando nos contratan o somos aut\u00f3nomos nos puede interesar saber si estamos dados de alta en la seguridad social. Desc\u00fabrelo aqu\u00ed!","robots":{"index":"index","follow":"follow","max-snippet":"max-snippet:-1","max-image-preview":"max-image-preview:large","max-video-preview":"max-video-preview:-1"},"canonical":"https:\/\/www.billin.net\/blog\/como-puedo-saber-si-estoy-dado-de-alta-en-la-seguridad-social\/","og_locale":"es_ES","og_type":"article","og_title":"C\u00f3mo saber si estoy dado de alta en la Seguridad Social - TeamSystem Facturas Billin","og_description":"Cuando nos contratan o somos aut\u00f3nomos nos puede interesar saber si estamos dados de alta en la seguridad social. Desc\u00fabrelo aqu\u00ed!","og_url":"https:\/\/www.billin.net\/blog\/como-puedo-saber-si-estoy-dado-de-alta-en-la-seguridad-social\/","og_site_name":"Blog de TeamSystem Facturas Billin","article_publisher":"https:\/\/www.facebook.com\/EsBillin","article_published_time":"2020-01-13T15:10:26+00:00","article_modified_time":"2025-09-25T18:49:17+00:00","og_image":[{"width":1200,"height":727,"url":"https:\/\/www.billin.net\/blog\/wp-content\/uploads\/2020\/01\/saber-dado-alta-seguridad-social-min.jpg","type":"image\/jpeg"}],"author":"Marcos De La Cueva - CEO TeamSystem Facturas Billin","twitter_card":"summary_large_image","twitter_creator":"@Billin_ES","twitter_site":"@Billin_ES","twitter_misc":{"Escrito por":"Marcos De La Cueva - CEO TeamSystem Facturas Billin","Tiempo de lectura":"5 minutos"},"schema":{"@context":"https:\/\/schema.org","@graph":[{"@type":"Article","@id":"https:\/\/www.billin.net\/blog\/como-puedo-saber-si-estoy-dado-de-alta-en-la-seguridad-social\/#article","isPartOf":{"@id":"https:\/\/www.billin.net\/blog\/como-puedo-saber-si-estoy-dado-de-alta-en-la-seguridad-social\/"},"author":{"name":"Marcos De La Cueva - CEO TeamSystem Facturas Billin","@id":"https:\/\/www.billin.net\/blog\/#\/schema\/person\/d0339ee6e869234614541b1e80a793e7"},"headline":"\u00bfC\u00f3mo puedo saber si estoy dado de alta en la Seguridad Social?","datePublished":"2020-01-13T15:10:26+00:00","dateModified":"2025-09-25T18:49:17+00:00","mainEntityOfPage":{"@id":"https:\/\/www.billin.net\/blog\/como-puedo-saber-si-estoy-dado-de-alta-en-la-seguridad-social\/"},"wordCount":1083,"commentCount":4,"publisher":{"@id":"https:\/\/www.billin.net\/blog\/#organization"},"image":{"@id":"https:\/\/www.billin.net\/blog\/como-puedo-saber-si-estoy-dado-de-alta-en-la-seguridad-social\/#primaryimage"},"thumbnailUrl":"https:\/\/www.billin.net\/blog\/wp-content\/uploads\/2020\/01\/saber-dado-alta-seguridad-social-min.jpg","articleSection":["Fiscalidad"],"inLanguage":"es","potentialAction":[{"@type":"CommentAction","name":"Comment","target":["https:\/\/www.billin.net\/blog\/como-puedo-saber-si-estoy-dado-de-alta-en-la-seguridad-social\/#respond"]}]},{"@type":"WebPage","@id":"https:\/\/www.billin.net\/blog\/como-puedo-saber-si-estoy-dado-de-alta-en-la-seguridad-social\/","url":"https:\/\/www.billin.net\/blog\/como-puedo-saber-si-estoy-dado-de-alta-en-la-seguridad-social\/","name":"C\u00f3mo saber si estoy dado de alta en la Seguridad Social - TeamSystem Facturas Billin","isPartOf":{"@id":"https:\/\/www.billin.net\/blog\/#website"},"primaryImageOfPage":{"@id":"https:\/\/www.billin.net\/blog\/como-puedo-saber-si-estoy-dado-de-alta-en-la-seguridad-social\/#primaryimage"},"image":{"@id":"https:\/\/www.billin.net\/blog\/como-puedo-saber-si-estoy-dado-de-alta-en-la-seguridad-social\/#primaryimage"},"thumbnailUrl":"https:\/\/www.billin.net\/blog\/wp-content\/uploads\/2020\/01\/saber-dado-alta-seguridad-social-min.jpg","datePublished":"2020-01-13T15:10:26+00:00","dateModified":"2025-09-25T18:49:17+00:00","description":"Cuando nos contratan o somos aut\u00f3nomos nos puede interesar saber si estamos dados de alta en la seguridad social. Desc\u00fabrelo aqu\u00ed!","breadcrumb":{"@id":"https:\/\/www.billin.net\/blog\/como-puedo-saber-si-estoy-dado-de-alta-en-la-seguridad-social\/#breadcrumb"},"inLanguage":"es","potentialAction":[{"@type":"ReadAction","target":["https:\/\/www.billin.net\/blog\/como-puedo-saber-si-estoy-dado-de-alta-en-la-seguridad-social\/"]}]},{"@type":"ImageObject","inLanguage":"es","@id":"https:\/\/www.billin.net\/blog\/como-puedo-saber-si-estoy-dado-de-alta-en-la-seguridad-social\/#primaryimage","url":"https:\/\/www.billin.net\/blog\/wp-content\/uploads\/2020\/01\/saber-dado-alta-seguridad-social-min.jpg","contentUrl":"https:\/\/www.billin.net\/blog\/wp-content\/uploads\/2020\/01\/saber-dado-alta-seguridad-social-min.jpg","width":1200,"height":727,"caption":"como saber si estoy dado de alta en la seguridad social"},{"@type":"BreadcrumbList","@id":"https:\/\/www.billin.net\/blog\/como-puedo-saber-si-estoy-dado-de-alta-en-la-seguridad-social\/#breadcrumb","itemListElement":[{"@type":"ListItem","position":1,"name":"Blog","item":"https:\/\/www.billin.net\/blog\/"},{"@type":"ListItem","position":2,"name":"Fiscalidad","item":"https:\/\/www.billin.net\/blog\/fiscalidad\/"},{"@type":"ListItem","position":3,"name":"\u00bfC\u00f3mo puedo saber si estoy dado de alta en la Seguridad Social?"}]},{"@type":"WebSite","@id":"https:\/\/www.billin.net\/blog\/#website","url":"https:\/\/www.billin.net\/blog\/","name":"Blog de Billin","description":"Mantente informado con el blog de TeamSystem Facturas Billin:  facturaci\u00f3n, legislaci\u00f3n, contabilidad, management y toda la informaci\u00f3n \u00fatil para pymes y aut\u00f3nomos.","publisher":{"@id":"https:\/\/www.billin.net\/blog\/#organization"},"potentialAction":[{"@type":"SearchAction","target":{"@type":"EntryPoint","urlTemplate":"https:\/\/www.billin.net\/blog\/?s={search_term_string}"},"query-input":{"@type":"PropertyValueSpecification","valueRequired":true,"valueName":"search_term_string"}}],"inLanguage":"es"},{"@type":"Organization","@id":"https:\/\/www.billin.net\/blog\/#organization","name":"Billin","alternateName":"Blog de Billin","url":"https:\/\/www.billin.net\/blog\/","logo":{"@type":"ImageObject","inLanguage":"es","@id":"https:\/\/www.billin.net\/blog\/#\/schema\/logo\/image\/","url":"https:\/\/www.billin.net\/blog\/wp-content\/uploads\/2019\/06\/logotipo-billin-blog-1.png","contentUrl":"https:\/\/www.billin.net\/blog\/wp-content\/uploads\/2019\/06\/logotipo-billin-blog-1.png","width":126,"height":50,"caption":"Billin"},"image":{"@id":"https:\/\/www.billin.net\/blog\/#\/schema\/logo\/image\/"},"sameAs":["https:\/\/www.facebook.com\/EsBillin","https:\/\/x.com\/Billin_ES","https:\/\/www.instagram.com\/billin_es\/","https:\/\/www.linkedin.com\/company\/billin-spain","https:\/\/www.youtube.com\/c\/BillinEsintercambiodefacturas\/"],"legalName":"MY EXPENSES SL","contactPoint":{"@type":"ContactPoint","telephone":"+34918318883","contactType":"customer service","email":"info@billin.eu","availableLanguage":"es"},"foundingDate":"2015","numberOfEmployees":{"@type":"QuantitativeValue","minValue":10,"maxValue":50},"parentOrganization":{"@type":"Organization","name":"TeamSystem","url":"https:\/\/www.teamsystem.com\/"},"description":"Billin es el programa de facturaci\u00f3n online de TeamSystem para aut\u00f3nomos y pymes en Espa\u00f1a. Permite crear facturas, controlar gastos y cumplir con Verifactu.","address":{"@type":"PostalAddress","streetAddress":"Calle Arturo Soria, 336","addressLocality":"Madrid","addressRegion":"Madrid","postalCode":"28033","addressCountry":"ES"}},{"@type":"Person","@id":"https:\/\/www.billin.net\/blog\/#\/schema\/person\/d0339ee6e869234614541b1e80a793e7","name":"Marcos De La Cueva - CEO TeamSystem Facturas Billin","image":{"@type":"ImageObject","inLanguage":"es","@id":"https:\/\/www.billin.net\/blog\/#\/schema\/person\/image\/","url":"https:\/\/www.billin.net\/blog\/wp-content\/uploads\/2023\/10\/marcos-color-150x150.png","contentUrl":"https:\/\/www.billin.net\/blog\/wp-content\/uploads\/2023\/10\/marcos-color-150x150.png","caption":"Marcos De La Cueva - CEO TeamSystem Facturas Billin"},"description":"Licenciado en ADE por la Universidad Aut\u00f3noma de Madrid, Marcos De la Cueva es CEO y cofundador de TeamSystem Facturas Billin, un programa online que lleva m\u00e1s de 9 a\u00f1os ayudando a aut\u00f3nomos, peque\u00f1os negocios y gestor\u00edas a digitalizar sus presupuestos, facturas, tickets y gastos. \u00a0 Sobre Marcos De La Cueva \u00a0 Apasionado por el mundo empresarial y la tecnolog\u00eda, curs\u00f3 su M\u00e1ster de Finanzas en la Universidad Pontificia de Comillas y estuvo en el Programa de Cooperaci\u00f3n Educativa de la Universidad Aut\u00f3noma de Madrid. \u00a0 Marcos siempre ha tenido su objetivo claro: ayudar a la creaci\u00f3n de negocios financieramente sostenibles a trav\u00e9s de una herramienta de facturaci\u00f3n que les permita ahorrar tiempo y tener la contabilidad bajo control. \u00a0 Marcos De La Cueva en los medios \u2014 Noticia sobre Kit Digital y Ley Antifraude (VeriFactu) en El Economista. \u2014 Noticia sobre Kit Digital y factura electr\u00f3nica obligatoria en Diario Jur\u00eddico. \u2014 Noticia sobre el a\u00f1o de transici\u00f3n para la factura electr\u00f3nica en Muy Pymes. \u2014 Entrevista sobre factura electr\u00f3nica obligatoria en Canal Sur. \u2014 Noticia sobre el informe factura electr\u00f3nica de TeamSystem en Channel Partner. \u2014 Charla sobre productividad y Ley Crea y Crece en El Economista. \u2014 Charla sobre factura electr\u00f3nica obligatoria en Muy Pymes. \u2014 Charla sobre digitalizaci\u00f3n aut\u00f3nomos y productividad en esdiario. \u2014 Charla sobre productividad y factura electr\u00f3nica en La Raz\u00f3n. \u2014 Charla sobre factura electr\u00f3nica obligatoria en Aut\u00f3nomos y Emprendedores. \u2014 Entrevista sobre Ley Antifraude y Ley Crea y Crece en Expansi\u00f3n. \u2014 Entrevista sobre Ley Antifraude y Ley Crea y Crece en La Raz\u00f3n. \u2014 Entrevista sobre factura electr\u00f3nica obligatoria en El Economista. \u2014 Comunicado Billin y TeamSystem en Business Insider. \u2014 Entrevista en Econom\u00eda Digital. \u2014 Entrevista en Ideas para tu empresa de Vodafone. \u2014 Entrevista en M\u00e1sQradio. \u2014 Entrevista en Armas para emprender de El M\u00e9todo Gallardo. \u2014 Entrevista en KFund. \u2014 Entrevista en AXA Seguros Espa\u00f1a. \u2014 Entrevista en GestionaRadio. \u00a0 Marcos De La Cueva en eventos \u00a0 \u2014 Participaci\u00f3n como ponente en Accountex Espa\u00f1a 2023. \u00a0 Tem\u00e1ticas de especializaci\u00f3n \u00a0 negocios | startups | contabilidad| fiscalidad | empresas| asesor\u00edas| autonomos | emprendedores | peque\u00f1os negocios | econom\u00eda | ADE | pymes | desarrollo de negocio\u00a0","sameAs":["https:\/\/www.billin.net\/","https:\/\/www.linkedin.com\/in\/marcos-de-la-cueva-19750ba3\/"],"url":"https:\/\/www.billin.net\/blog\/author\/marcosdelacueva\/","jobTitle":"CEO y cofundador de TS Facturas Billin"}]}},"_links":{"self":[{"href":"https:\/\/www.billin.net\/blog\/wp-json\/wp\/v2\/posts\/13843","targetHints":{"allow":["GET"]}}],"collection":[{"href":"https:\/\/www.billin.net\/blog\/wp-json\/wp\/v2\/posts"}],"about":[{"href":"https:\/\/www.billin.net\/blog\/wp-json\/wp\/v2\/types\/post"}],"author":[{"embeddable":true,"href":"https:\/\/www.billin.net\/blog\/wp-json\/wp\/v2\/users\/20"}],"replies":[{"embeddable":true,"href":"https:\/\/www.billin.net\/blog\/wp-json\/wp\/v2\/comments?post=13843"}],"version-history":[{"count":11,"href":"https:\/\/www.billin.net\/blog\/wp-json\/wp\/v2\/posts\/13843\/revisions"}],"predecessor-version":[{"id":27803,"href":"https:\/\/www.billin.net\/blog\/wp-json\/wp\/v2\/posts\/13843\/revisions\/27803"}],"wp:featuredmedia":[{"embeddable":true,"href":"https:\/\/www.billin.net\/blog\/wp-json\/wp\/v2\/media\/13846"}],"wp:attachment":[{"href":"https:\/\/www.billin.net\/blog\/wp-json\/wp\/v2\/media?parent=13843"}],"wp:term":[{"taxonomy":"category","embeddable":true,"href":"https:\/\/www.billin.net\/blog\/wp-json\/wp\/v2\/categories?post=13843"},{"taxonomy":"post_tag","embeddable":true,"href":"https:\/\/www.billin.net\/blog\/wp-json\/wp\/v2\/tags?post=13843"}],"curies":[{"name":"wp","href":"https:\/\/api.w.org\/{rel}","templated":true}]}}