{"id":12260,"date":"2019-08-19T18:14:53","date_gmt":"2019-08-19T16:14:53","guid":{"rendered":"https:\/\/www.billin.net\/blog\/?p=12260"},"modified":"2025-09-25T20:49:40","modified_gmt":"2025-09-25T18:49:40","slug":"como-estimar-pagar-iva","status":"publish","type":"post","link":"https:\/\/www.billin.net\/blog\/como-estimar-pagar-iva\/","title":{"rendered":"C\u00f3mo estimar lo que se va a pagar de IVA"},"content":{"rendered":"\r\n<p>Empezar una actividad como aut\u00f3nomo, no es una tarea sencilla, ya que, tendr\u00e1s que elaborar una multitud de gestiones administrativas, que te ser\u00e1n complicadas, piensa que no es habitual que realices este tipo de tr\u00e1mites.<\/p>\r\n\r\n\r\n\r\n<p>A lo largo de este art\u00edculo te mostramos todo lo que necesitas saber sobre la presentaci\u00f3n de las declaraciones trimestrales, tanto para un aut\u00f3nomo como para una pyme, adem\u00e1s de informarte del calendario fiscal que tienen las empresas en Espa\u00f1a.<\/p>\r\n<p><!--more--><\/p>\r\n\r\n\r\n\r\n<h2 class=\"wp-block-heading\">Tributaci\u00f3n fiscal de los aut\u00f3nomos y pymes<\/h2>\r\n\r\n\r\n\r\n<p>Una vez hayas decidido <strong>iniciar una actividad como aut\u00f3nomo o como pyme<\/strong>, comenzar\u00e1s a\u00a0 tener obligaciones fiscales, las cuales, deber\u00e1s cumplir de forma trimestral o mensual, seg\u00fan el volumen de facturaci\u00f3n o la actividad que desarrolles.<\/p>\r\n\r\n\r\n\r\n<p>De todos los impuestos que existen en nuestro pa\u00eds, los m\u00e1s importantes ser\u00e1n, el Impuesto sobre la Renta de las personas f\u00edsicas (IRPF) y el Impuesto sobre el valor a\u00f1adido (IVA).<\/p>\r\n<p>\u27a8 Si quieres calcular el IVA e IRPF utiliza nuestra <strong><a href=\"https:\/\/www.billin.net\/calculadora\/\" target=\"_blank\" rel=\"noopener noreferrer\">calculadora de IVA<\/a><\/strong><\/p>\r\n\r\n\r\n\r\n<p>Tanto el IRPF como el IVA, se presentar\u00e1n de forma trimestral, con algunas excepciones, y en ellos, habr\u00e1 que incluir tanto los ingresos obtenidos como los gastos deducidos, durante un periodo de tiempo.<\/p>\r\n\r\n\r\n\r\n<p>Hay excepciones donde el IVA se presentar\u00e1 de forma mensual, evidentemente, ocurrir\u00e1 en empresas donde el IVA que emitimos en nuestras facturas sea inferior al del IVA soportado, lo cual, implicar\u00e1 que el resultado de nuestra autoliquidaci\u00f3n sea negativo, de ah\u00ed, que la empresa solicite la devoluci\u00f3n de forma mensual y pueda obtener una mayor liquidez.<\/p>\r\n\r\n\r\n\r\n<p>Para presentar el IVA mensual, tendr\u00e1s que darte de alta en el Registro de IVA mensual, es decir, presentar el Modelo 036 marcando la casilla 129, pero recuerda, que junto al Modelo 303 de IVA mensual, tendr\u00e1s que adjuntar el Modelo 340 de Declaraci\u00f3n Informativa de operaciones de libros registros.<\/p>\r\n\r\n\r\n\r\n<h2 class=\"wp-block-heading\">\u00bfQu\u00e9 es el IVA trimestral?<\/h2>\r\n\r\n\r\n\r\n<p>Es un impuesto que grava el consumo, es decir, las empresas y los aut\u00f3nomos trasladar\u00e1n el <strong><a href=\"https:\/\/www.billin.net\/blog\/tipos-iva-espana\/\">IVA<\/a><\/strong> al siguiente eslab\u00f3n, hasta que llegue al consumidor final, por tanto, el aut\u00f3nomo funcionar\u00e1 como un intermediario entre Hacienda y el consumidor final.<\/p>\r\n\r\n\r\n\r\n<p>Es uno de los impuestos m\u00e1s importantes para la financiaci\u00f3n del Estado, ya que, supone el 33% de los ingresos presupuestarios, actualmente en Espa\u00f1a el tipo general es el 21%, aunque existen otros como el reducido 10% o el superreducido del 4%.<\/p>\r\n\r\n\r\n\r\n<p>Tanto el profesional aut\u00f3nomo como la pyme, una vez que inicia su actividad, empezar\u00e1 a comprar bienes y servicios, para m\u00e1s tarde, venderlos a otro profesional o al consumidor final, pues bien, dicha empresa tendr\u00e1 que hacer balance entre el IVA que ha pagado y el IVA que ha cobrado, de manera que abone al Estado lo que haya cobrado de m\u00e1s, y en otros casos, el Estado le devolver\u00e1 por haber pagado m\u00e1s IVA soportado que repercutido.<\/p>\r\n\r\n\r\n\r\n<p>Cuando nos referimos al <strong>IVA repercutido<\/strong> o devengado, es aquel que forma parte del precio final de un producto o servicio, y que la empresa vender\u00e1 a un tercero, bien sea otra empresa o el cliente final.<\/p>\r\n\r\n\r\n\r\n<p>Y cuando hablamos de <strong>IVA soportado<\/strong> nos referimos al que pagamos a la hora de adquirir bienes y servicios para el desarrollo de nuestra actividad, por ejemplo, imagina que necesitas material de oficina para preparar unos presupuestos que te han encargado, pues bien, necesitas un <a href=\"https:\/\/www.billin.net\/creacion-presupuesto\/\" target=\"_blank\" rel=\"noreferrer noopener\" aria-label=\"programa para hacer presupuestos gratis y en espa\u00f1ol (abre en una nueva pesta\u00f1a)\">programa para hacer presupuestos<\/a> online y en espa\u00f1ol.<\/p>\r\n\r\n\r\n\r\n<p>El IVA que pagues de ese material, ser\u00e1 deducible en tu trimestral. Debemos tener claro que no todo el IVA soportado ser\u00e1 deducible, para ello, debe cumplir los siguientes requisitos:<\/p>\r\n\r\n\r\n\r\n<ul class=\"wp-block-list\">\r\n<li>Las cuotas soportadas tienen que ser deducibles<\/li>\r\n<li>Esta deducci\u00f3n s\u00f3lo podr\u00e1n efectuarla los aut\u00f3nomos y empresarios<\/li>\r\n<li>Tanto los bienes como los servicios que adquiramos tienen que estar afectos a la actividad econ\u00f3mica.<\/li>\r\n<li>Es necesario tener un documento justificativo<\/li>\r\n<\/ul>\r\n\r\n\r\n\r\n<p>De este modo, podemos deducir los siguientes tipos de gastos: material de trabajo, como papeler\u00eda y tarjetas de visita, dietas y hospedaje en horario de trabajo, gastos de desplazamiento, suministros, como tel\u00e9fono e internet, asesor\u00eda fiscal y laboral, etc.<\/p>\r\n\r\n\r\n\r\n<p>Por tanto, el IVA no siempre ser\u00e1 deducible, a no ser que se pueda demostrar que tiene una relaci\u00f3n directa con nuestra actividad, como, por ejemplo, las dietas y hospedaje siempre que sea deducible en IRPF o impuesto de sociedades, alimentos, tabaco o bebidas, joyas o piedras preciosas, bienes o servicios destinados a la atenci\u00f3n al cliente, etc.<\/p>\r\n\r\n\r\n\r\n<h2 class=\"wp-block-heading\">\u00bfPodemos estimar el IVA que pagaremos?<\/h2>\r\n\r\n\r\n\r\n<p>De forma trimestral calcularemos la cantidad de IVA que tenemos que incluir en nuestra declaraci\u00f3n trimestral, pero antes de eso, podr\u00edamos estimar el IVA que llevamos tanto a nuestro favor como en contra.<\/p>\r\n\r\n\r\n\r\n<p>Para poder realizar esa estimaci\u00f3n debemos seguir los siguientes pasos:<\/p>\r\n\r\n\r\n\r\n<ul class=\"wp-block-list\">\r\n<li><strong>Calcular la cuota de IVA repercutido<\/strong><\/li>\r\n<\/ul>\r\n\r\n\r\n\r\n<p>Esta cuota se calcular\u00e1, multiplicando al precio del producto, el IVA que el corresponda (4%, 10% o 21%).<\/p>\r\n\r\n\r\n\r\n<p>Por ejemplo, imagina que te dedicas a vender muebles, pues bien, te compran un sill\u00f3n que tiene un precio de 1.000 euros, al cual, tendr\u00e1s que multiplicarle el IVA que le corresponda, en este caso, el 21%, siendo el precio final del producto 1.210 euros, de los cuales, 210 euros ser\u00e1 la cuota de IVA repercutido.<\/p>\r\n\r\n\r\n\r\n<ul class=\"wp-block-list\">\r\n<li><strong>Calcular la cuota de IVA soportado<\/strong><\/li>\r\n<\/ul>\r\n\r\n\r\n\r\n<p>Se calcular\u00e1 multiplicando el IVA que corresponda al precio del producto que hayamos adquirido al proveedor.<\/p>\r\n\r\n\r\n\r\n<p>Por ejemplo, imagina que compramos unos muebles para venderlos en nuestro comercio, pues bien, el IVA ser\u00eda el resultado de multiplicar 21% por el precio del producto, en este caso, nos costar\u00eda 5.000 euros, y, por tanto, el precio final del producto que hemos adquirido valdr\u00eda 6.050 euros, de los cuales, 1.050 corresponder\u00eda a la cuota de IVA soportado.<\/p>\r\n\r\n\r\n\r\n<p>Ahora supongamos que queremos realizar una estimaci\u00f3n de cu\u00e1nto IVA pagaremos en el trimestre, si suponemos que las operaciones realizadas en el mes de enero son:<\/p>\r\n\r\n\r\n\r\n<ul class=\"wp-block-list\">\r\n<li><strong>Ventas<\/strong>: 1.210 euros, donde 210 euros es la cuota de IVA repercutido<\/li>\r\n<\/ul>\r\n\r\n\r\n\r\n<ul class=\"wp-block-list\">\r\n<li><strong>Compras<\/strong>: 6.050 euros, donde 1.050 euros es la cuota de IVA soportado<\/li>\r\n<\/ul>\r\n\r\n\r\n\r\n<p>Estar\u00edamos en el caso donde <strong>el IVA repercutido es menor que el IVA soportado<\/strong>, por tanto, el Estado tendr\u00eda que devolvernos la diferencia que hemos pagado de m\u00e1s, en este caso ser\u00eda, 210 \u2013 1.050 = -840 euros, nos tendr\u00edan que abonar Hacienda.<\/p>\r\n\r\n\r\n\r\n<p>En el caso contrario, si suponemos que las operaciones del mes de enero son:<\/p>\r\n\r\n\r\n\r\n<ul class=\"wp-block-list\">\r\n<li><strong>Ventas<\/strong>: 6.050 euros, donde 1.050 euros es la cuota de IVA repercutido<\/li>\r\n<\/ul>\r\n\r\n\r\n\r\n<ul class=\"wp-block-list\">\r\n<li><strong>Compras<\/strong>: 1.210 euros, donde 210 euros es la cuota de IVA soportado<\/li>\r\n<\/ul>\r\n\r\n\r\n\r\n<p>En este caso, el IVA repercutido es mayor que el IVA soportado, por tanto, el Estado tendr\u00eda que cobrarnos la diferencia que hemos pagado de menos, en este caso ser\u00eda, 1.050 \u2013 210 = 840 euros, tendr\u00edamos que pagar a Hacienda.<\/p>\r\n\r\n\r\n\r\n<p>Cuando no se conocen los datos num\u00e9ricos de ventas y compras que vayamos a efectuar en el mes posterior, se aconseja que el empresario lo compare con el a\u00f1o anterior, de manera que realice una previsi\u00f3n sobre las ventas estimadas en el siguiente mes, \u00e9sta ser\u00e1 una forma de poder estimar el IVA que nos saldr\u00eda a pagar en la declaraci\u00f3n trimestral, o en su caso, a devolver.<\/p>\r\n\r\n\r\n\r\n<figure class=\"wp-block-image\"><img loading=\"lazy\" decoding=\"async\" width=\"1200\" height=\"800\" class=\"wp-image-12264\" src=\"https:\/\/www.billin.net\/blog\/wp-content\/uploads\/2019\/08\/fechas-fiscales-pago-iva-min.jpg\" alt=\"estimar el IVA que se va a pagar\" \/><\/figure>\r\n\r\n\r\n\r\n<h2 class=\"wp-block-heading\">Fechas fiscales para la presentaci\u00f3n del IVA<\/h2>\r\n\r\n\r\n\r\n<p>El calendario de las presentaciones fiscales, tanto de IVA como del resto de impuestos, lo publican todos los a\u00f1os en la p\u00e1gina web de la Agencia Tributaria, para que te sea m\u00e1s f\u00e1cil consultarlo, te dejamos el enlace del <a href=\"https:\/\/www.billin.net\/blog\/calendario-fiscal-2021\/\" target=\"_blank\" rel=\"noopener noreferrer\"><strong>Calendario Fiscal 2021<\/strong><\/a>, tanto para <strong>aut\u00f3nomos <\/strong>como <strong>pymes<\/strong>.<\/p>\r\n\r\n\r\n\r\n<p>El ejercicio fiscal de una empresa, sea aut\u00f3nomo o pyme, se divide en cuatro trimestres, es decir:<\/p>\r\n\r\n\r\n\r\n<ul class=\"wp-block-list\">\r\n<li><strong>Primer Trimestre<\/strong>: enero, febrero y marzo<\/li>\r\n<\/ul>\r\n\r\n\r\n\r\n<ul class=\"wp-block-list\">\r\n<li><strong>Segundo Trimestre<\/strong>: abril, mayo y junio<\/li>\r\n<\/ul>\r\n\r\n\r\n\r\n<ul class=\"wp-block-list\">\r\n<li><strong>Tercer<\/strong> <strong>Trimestre<\/strong>: julio, agosto y septiembre<\/li>\r\n<\/ul>\r\n\r\n\r\n\r\n<ul class=\"wp-block-list\">\r\n<li><strong>Cuarto<\/strong> <strong>Trimestre<\/strong>: octubre, noviembre y diciembre<\/li>\r\n<\/ul>\r\n\r\n\r\n\r\n<p>La fecha de presentaci\u00f3n de cada uno de los trimestres ser\u00e1 del d\u00eda 1 al 20 del mes posterior, teniendo en cuenta, qu\u00e9 si el d\u00eda 20 del mes es un s\u00e1bado, un domingo o un festivo, se pasar\u00eda al siguiente d\u00eda h\u00e1bil, por ejemplo, el d\u00eda 20 de octubre de 2019, que tendremos que presentar el tercer trimestre del ejercicio 2019, es domingo, por tanto, el \u00faltimo d\u00eda para la presentaci\u00f3n del impuesto ser\u00eda el 21 de octubre de 2019.<\/p>\r\n\r\n\r\n\r\n<h2 class=\"wp-block-heading\">\u00bfQu\u00e9 gastos se incluyen en el IVA?<\/h2>\r\n\r\n\r\n\r\n<p>Dentro del IVA soportado, Hacienda en su art\u00edculo 95 (uno) de la Ley de IVA, nos explica que no se podr\u00e1 deducir el IVA soportado cuando los bienes y servicios no est\u00e9n relacionados directa o indirectamente con la actividad de la empresa, es decir, habr\u00e1 que cumplir tres requisitos fundamentales para que se considere un <a href=\"https:\/\/www.billin.net\/calculadora-gastos-deducibles\/\"><strong>gasto deducible<\/strong><\/a>:<\/p>\r\n\r\n\r\n\r\n<ul class=\"wp-block-list\">\r\n<li><strong>Que est\u00e9 vinculado a la actividad<\/strong><\/li>\r\n<\/ul>\r\n\r\n\r\n\r\n<ul class=\"wp-block-list\">\r\n<li><strong>Que est\u00e9 justificado documentalmente<\/strong><\/li>\r\n<\/ul>\r\n\r\n\r\n\r\n<ul class=\"wp-block-list\">\r\n<li><strong>Se encuentre registrado de forma contable<\/strong><\/li>\r\n<\/ul>\r\n\r\n\r\n\r\n<ul class=\"wp-block-list\">\r\n<li><strong>Si realizamos una formaci\u00f3n espec\u00edfica para poder iniciar el negocio, tambi\u00e9n se deducir\u00eda, etc.<\/strong><\/li>\r\n<\/ul>\r\n\r\n\r\n\r\n<h2 class=\"wp-block-heading\">\u00bfQu\u00e9 ingresos se incluyen en el IVA?<\/h2>\r\n\r\n\r\n\r\n<p>Como hemos comentado anteriormente, el IVA que corresponde a los ingresos, se denomina IVA repercutido, y consiste, en la cuota tributaria que cobraros por vender nuestros productos o servicios.<\/p>\r\n\r\n\r\n\r\n<p>Veamos <strong>un ejemplo para entender mejor la pregunta<\/strong>:<\/p>\r\n\r\n\r\n\r\n<p>Supongamos un fontanero que en el segundo trimestre (abril, mayo y junio), ha facturado unas reformas por un importe de 10.000 euros, las cuales, est\u00e1n presupuestadas en 20.000 euros, esta factura emitida tiene fecha de factura el 1 de junio de 2019, y su vencimiento para el pago ser\u00eda el 1 de agosto de 2019 (60 d\u00edas), \u00bftendr\u00eda que declarar esa factura emitida, aunque no la hubiese cobrado?<\/p>\r\n\r\n\r\n\r\n<p>La respuesta es no, la Ley dice claramente, que se tendr\u00e1 que <strong>declarar el IVA cuando se ejecuta la venta del producto o servicio<\/strong>, independientemente de si la has cobrado o no, por tanto, tendr\u00e1s que ingresar el IVA de forma anticipada a la Agencia Tributaria, aunque no tengas una buena situaci\u00f3n de liquidez, recuerda que tambi\u00e9n podr\u00e1s <strong>solicitar un <\/strong><a href=\"https:\/\/www.billin.net\/blog\/aplazamiento-o-fraccionamiento\/\"><strong>aplazamiento o fraccionamiento<\/strong><\/a>.<\/p>\r\n\r\n\r\n\r\n<h3 class=\"wp-block-heading\">\u00bfQu\u00e9 pasa si no declaro las facturas no cobradas?<\/h3>\r\n\r\n\r\n\r\n<p>Lo correcto en el caso de que no hayas declarado el IVA de una factura no cobrada, ser\u00eda presentar una declaraci\u00f3n complementaria de la anterior presentada, incluyendo la factura que no hab\u00edas declarado.<\/p>\r\n\r\n\r\n\r\n<p>Debes tener cuidado porque si tu cliente ha declarado tu ingreso como gasto deducible, Haciendas podr\u00eda darse cuenta y enviarte un requerimiento. Por eso a veces es mejor utilizar una <strong><a href=\"https:\/\/www.billin.net\/blog\/una-factura-proforma\/\" target=\"_blank\" rel=\"noopener noreferrer\">factura proforma<\/a>.<\/strong><\/p>\r\n\r\n\r\n\r\n<h3 class=\"wp-block-heading\">\u00bfPuedo traspasar las facturas emitidas a otro trimestre?<\/h3>\r\n\r\n\r\n\r\n<p>Si presentas <strong>IVA trimestral<\/strong>, hasta que no completes el a\u00f1o 2019, es dif\u00edcil que Hacienda pueda darse cuenta de que no has incluido una factura no cobrada, es decir, no suele revisar los ejercicios que a\u00fan est\u00e1n abiertos, por ello, si decides no declarar una factura no cobrada en un trimestre porque no tienes liquidez para poder anticipar el IVA, si te recomendamos que la incluyas en el siguiente trimestre, para que al cerrar el a\u00f1o, el volumen de la venta coincida con el volumen de la compra que declare tu cliente, de esta manera, habr\u00e1s declarado el IVA en su a\u00f1o correspondiente.<\/p>\r\n\r\n\r\n\r\n<p>Pero bien, si tuvieses una revisi\u00f3n de ese ejercicio, por cualquier otro motivo, y Hacienda comprobara que no has declarado las facturas seg\u00fan las fechas de emisi\u00f3n, es probable que te sancione por no haberlo hecho de forma correcta.<\/p>\r\n\r\n\r\n\r\n<h2 class=\"wp-block-heading\">\u00bfC\u00f3mo se prepara el IVA trimestral?<\/h2>\r\n\r\n\r\n\r\n<p>Ha llegado la hora de tener que preparar el IVA trimestral, pues bien, te mostramos como la plataforma de BILLIN, facilitar\u00e1 tu trabajo, ya que, es un programa de facturaci\u00f3n gratuito, que te permitir\u00e1 crear las facturas a tus clientes de forma personalizada, adem\u00e1s de poder seguir el estado de cada una de ellas.<\/p>\r\n\r\n\r\n\r\n<p>Utiliza TeamSystem Facturas Billin para centralizar el env\u00edo y recepci\u00f3n de facturas de clientes y proveedores,\u00a0<strong>no es necesario que tus clientes y proveedores est\u00e9n registrados en TeamSystem Facturas Billin para poder utilizarlos y hacerte llegar tus facturas autom\u00e1ticamente, a trav\u00e9s de tu correo de Billlin.<\/strong><\/p>\r\n\r\n\r\n\r\n<p>Con la domiciliaci\u00f3n SEPA, tambi\u00e9n podr\u00e1s cobrar tus facturas de una forma r\u00e1pida y sencilla, ya que, en el momento de tu vencimiento, tu entidad bancaria enviar\u00e1 un recibo inmediato para cargar el importe correspondiente.<\/p>\r\n\r\n\r\n\r\n<p>A la hora de preparar el trimestre, tu gestor podr\u00e1 acceder a tu informaci\u00f3n sobre las facturas, ya que, podr\u00e1s configurar distintos permisos de acceso: lector, editor y administrador.<\/p>\r\n\r\n\r\n\r\n<p>Tambi\u00e9n podr\u00e1s descargar dicha informaci\u00f3n en pdf o en Excel, a qu\u00e9 esperas, <strong><a href=\"https:\/\/www.billin.net\/\">reg\u00edstrate gratis<\/a><\/strong>.<\/p>\r\n\r\n\r\n\r\n<h3 class=\"wp-block-heading\">Modelo 303 y 390<\/h3>\r\n\r\n\r\n\r\n<p>Estos IVA trimestrales se declarar\u00e1n en una autoliquidaci\u00f3n, independientemente de tributar en estimaci\u00f3n directa como en m\u00f3dulos, denominado Modelo 303.<\/p>\r\n\r\n\r\n\r\n<p>El Modelo 303 es publicado por la Agencia Tributaria, para este a\u00f1o 2019 y siguientes, se publicaron en la Orden HAP\/2323\/2014 del 9 de diciembre, <a href=\"https:\/\/www.billin.net\/blog\/como-hacer-la-declaracion-del-iva-trimestral-con-billin\/\"><strong>R\u00e9gimen General Declaraci\u00f3n Trimestral<\/strong><\/a>, el cual, se podr\u00e1 confeccionar desde la p\u00e1gina de la Agencia Tributaria.<\/p>\r\n\r\n\r\n\r\n<p>Presentar\u00e1n este modelo las siguientes tributaciones:<\/p>\r\n\r\n\r\n\r\n<ul class=\"wp-block-list\">\r\n<li><strong>R\u00e9gimen general<\/strong><\/li>\r\n<\/ul>\r\n\r\n\r\n\r\n<p>Se aplicar\u00e1 cuando no tribute por ning\u00fan r\u00e9gimen especial, cuando se haya renunciado o se excluya del r\u00e9gimen simplificado (m\u00f3dulos) o del r\u00e9gimen especial de la agricultura, ganader\u00eda y pesca.<\/p>\r\n\r\n\r\n\r\n<p>Este r\u00e9gimen consiste en que se repercutir\u00e1 a los clientes el IVA que corresponda seg\u00fan su tributaci\u00f3n (21%, 10% y 4%).<\/p>\r\n\r\n\r\n\r\n<p>Las grandes empresas o las sujetas al Registro de IVA mensual presentar\u00e1n de forma obligatoria el Modelo 303 mensual y electr\u00f3nicamente, en el resto de empresas y aut\u00f3nomos, ser\u00e1n de forma trimestral, cuatro veces al a\u00f1o. Aunque no se tenga actividad, habr\u00e1 que presentar dicho Modelo marcando la casilla \u201csin actividad\u201d.<\/p>\r\n\r\n\r\n\r\n<ul class=\"wp-block-list\">\r\n<li><strong>R\u00e9gimen simplificado<\/strong><\/li>\r\n<\/ul>\r\n\r\n\r\n\r\n<p>Se aplicar\u00e1 para todas aquellas actividades comprendidas en la Orden del Ministerio de Haciendas y Administraciones P\u00fablicas, que tributan en estimaci\u00f3n objetiva y que no rebasan unos l\u00edmites de facturaci\u00f3n, establecidos para cada una de las actividades<\/p>\r\n\r\n\r\n\r\n<ul class=\"wp-block-list\">\r\n<li><strong>R\u00e9gimen especial de recargo de equivalencia<\/strong><\/li>\r\n<\/ul>\r\n\r\n\r\n\r\n<p>Se aplica a los comerciantes, personas f\u00edsicas, o entidades en atribuci\u00f3n de rentas de personas f\u00edsicas, por ejemplo, comunidades de bienes.<\/p>\r\n\r\n\r\n\r\n<p>Este r\u00e9gimen lo tienen cualquier comerciante que venda bienes muebles o semovientes sin haberlos sometido a proceso de manipulaci\u00f3n, y siempre que las ventas a los consumidores finales del a\u00f1o anterior no hayan superado el 80% de las ventas totales realizadas, sino se cumplieran estos requisitos, el contribuyente tributar\u00eda en r\u00e9gimen general.<\/p>\r\n\r\n\r\n\r\n<ul class=\"wp-block-list\">\r\n<li><strong>R\u00e9gimen especial de agricultura, ganader\u00eda y pesca<\/strong><\/li>\r\n<\/ul>\r\n\r\n\r\n\r\n<p>Se aplica a los titulares de explotaciones agrarias, forestales o pesqueras que no hayan renunciado ni est\u00e9n excluidos del mismo.<\/p>\r\n\r\n\r\n\r\n<p>En este r\u00e9gimen no se podr\u00e1n incluir las sociedades mercantiles de ning\u00fan tipo, ni contribuyentes que superen el volumen de operaciones del a\u00f1o anterior en 250.000 euros.<\/p>\r\n\r\n\r\n\r\n<p>A parte del Modelo 303, habr\u00e1 que presentar un resumen de los cuatro trimestres del a\u00f1o, es el Modelo 390, el cual para el a\u00f1o 2019 a\u00fan no se encuentra publicado, ya que, su presentaci\u00f3n se realiza desde el 1 al 30 de enero del a\u00f1o posterior al que se est\u00e1 cerrando, es decir, para el a\u00f1o 2019, se presentar\u00e1 como fecha l\u00edmite el 30 de enero de 2020.<\/p>\r\n\r\n\r\n\r\n<p>Te dejamos estos enlaces para que puedas elaborar el <a href=\"https:\/\/www.billin.net\/blog\/como-rellenar-modelo-303\/\">Modelo 303<\/a> y el <a href=\"https:\/\/www.billin.net\/blog\/modelo-390-resumen-anual-modelo-303\/\"><strong>Modelo 390<\/strong><\/a>, de forma sencilla y sin cometer errores.<\/p>\r\n\r\n\r\n\r\n<figure class=\"wp-block-image\"><img loading=\"lazy\" decoding=\"async\" width=\"1200\" height=\"800\" class=\"wp-image-12265\" src=\"https:\/\/www.billin.net\/blog\/wp-content\/uploads\/2019\/08\/irpf-pago-trimestral-min.jpg\" alt=\"estimacion del pago de IVA\" \/><\/figure>\r\n\r\n\r\n\r\n<h2 class=\"wp-block-heading\">\u00bfY el IRPF? \u00bfEs trimestral?<\/h2>\r\n\r\n\r\n\r\n<p>Todos los aut\u00f3nomos y profesionales que realizan una actividad econ\u00f3mica y los socios de comunidades de bienes o de sociedades civiles sin objeto mercantil, deber\u00e1n declarar su beneficio y tributar en IRPF.<\/p>\r\n\r\n\r\n\r\n<p>Lo presentar\u00e1n los aut\u00f3nomos que ejerzan cualquier actividad, incluida la agr\u00edcola, ganadera, forestales y pesquera, y que calculen su rendimiento en funci\u00f3n de la estimaci\u00f3n directa, tanto en la forma normal como la simplificada.<\/p>\r\n\r\n\r\n\r\n<p>En el caso de sociedades civiles o comunidades de bienes, cada socio, declarar\u00e1 en funci\u00f3n de su participaci\u00f3n.<\/p>\r\n\r\n\r\n\r\n<h3 class=\"wp-block-heading\">Modelo 130 y 131<\/h3>\r\n\r\n\r\n\r\n<p>El Modelo que presentar\u00e1n estos contribuyentes son el 130 (estimaci\u00f3n directa) y el 131 (tributaci\u00f3n en m\u00f3dulos), y se presentan de forma trimestral, es decir:<\/p>\r\n\r\n\r\n\r\n<ul class=\"wp-block-list\">\r\n<li><strong>Primer trimestre<\/strong>: del 1 al 20 de abril del mismo a\u00f1o (enero, febrero y marzo)<\/li>\r\n<\/ul>\r\n\r\n\r\n\r\n<ul class=\"wp-block-list\">\r\n<li><strong>Segundo trimestre<\/strong>: del 1 al 20 de julio del mismo a\u00f1o (abril, mayo y junio)<\/li>\r\n<\/ul>\r\n\r\n\r\n\r\n<ul class=\"wp-block-list\">\r\n<li><strong>Tercer trimestre<\/strong>: del 1 al 20 de octubre del mismo a\u00f1o (julio, agosto y septiembre)<\/li>\r\n<\/ul>\r\n\r\n\r\n\r\n<ul class=\"wp-block-list\">\r\n<li><strong>Cuarto trimestre<\/strong>: del 1 al 20 de enero del siguiente a\u00f1o (octubre, noviembre y diciembre)<\/li>\r\n<\/ul>\r\n\r\n\r\n\r\n<p>Estos modelos, <a href=\"https:\/\/www.billin.net\/blog\/modelo-130\/\" target=\"_blank\" rel=\"noopener noreferrer\">Modelo 130<\/a> y 131, se puede presentar de forma electr\u00f3nica o en formato papel, y fueron publicados en la Orden HAP\/258\/2015.<\/p>\r\n\r\n\r\n\r\n<h2 class=\"wp-block-heading\">\u00bfQu\u00e9 ocurre si presentamos una autoliquidaci\u00f3n fuera de plazo?<\/h2>\r\n\r\n\r\n\r\n<p>En el caso de que se nos hubiese olvidado, debemos presentarla como si no lo supi\u00e9ramos, es decir, se rellenar\u00edan exactamente igual como si fuera dentro de plazo, adem\u00e1s debes hacerlo en cuanto te des cuenta, aunque Hacienda no te haya enviado ninguna carta.<\/p>\r\n\r\n\r\n\r\n<p>En este caso Hacienda no te sancionar\u00e1, pero s\u00ed nos aplicar\u00e1 unos intereses de demora desde la fecha del \u00faltimo d\u00eda de presentaci\u00f3n, hasta el d\u00eda que lo presentamos.<\/p>\r\n\r\n\r\n\r\n<p>Pero s\u00ed, por el contrario, Hacienda te hubiese enviado una carta requiri\u00e9ndote dicho Modelo, entonces te sancionar\u00eda en funci\u00f3n del tiempo que hubiese pasado hasta que nos dimos cuenta, calculando la sanci\u00f3n en funci\u00f3n de la siguiente tabla:<\/p>\r\n\r\n\r\n\r\n<div class=\"wp-block-image\">\r\n<figure class=\"aligncenter\"><img loading=\"lazy\" decoding=\"async\" width=\"496\" height=\"77\" class=\"wp-image-12261\" src=\"https:\/\/www.billin.net\/blog\/wp-content\/uploads\/2019\/08\/tabla-calculo-sancion.jpg\" alt=\"Sanciones en funci\u00f3n del tiempo \" srcset=\"https:\/\/www.billin.net\/blog\/wp-content\/uploads\/2019\/08\/tabla-calculo-sancion.jpg 496w, https:\/\/www.billin.net\/blog\/wp-content\/uploads\/2019\/08\/tabla-calculo-sancion-300x47.jpg 300w\" sizes=\"(max-width: 496px) 100vw, 496px\" \/><\/figure>\r\n<\/div>\r\n\r\n\r\n\r\n<p>Estos porcentajes se le aplicar\u00e1n al importe que hayamos dejado de ingresar en la fecha de vencimiento de dicho impuesto.<\/p>\r\n\r\n\r\n\r\n<p>Adem\u00e1s, se aplicar\u00eda la sanci\u00f3n correspondiente, por no haberlo presentado de forma voluntaria, y esperar a que Hacienda nos notificara.<\/p>\r\n\r\n\r\n\r\n<h3 class=\"wp-block-heading\">\u00bfY si el resultado de la autoliquidaci\u00f3n es cero o negativo?<\/h3>\r\n\r\n\r\n\r\n<p>En el caso de que el impuesto resulte negativo o a cero, y la Administraci\u00f3n no nos lo haya requerido, tendremos que pagar una multa fija de 200 euros, en el caso de que fuese una declaraci\u00f3n informativa, nos sancionar\u00edan con 20 euros por cada dato que ocultado y que haga referencia a la misma empresa, teniendo como l\u00edmites un m\u00ednimo de 300 euros hasta un m\u00e1ximo de 20.000 euros de sanci\u00f3n.<\/p>\r\n\r\n\r\n\r\n<p>Te recomendamos que, si recibes una notificaci\u00f3n de Hacienda, compruebes lo que te est\u00e1n requiriendo, ya que, algunas veces la Administraci\u00f3n no ha contemplado de forma correcta las bajas o las altas espor\u00e1dicas.<\/p>\r\n\r\n\r\n\r\n<p>Te dejamos un enlace de inter\u00e9s para que conozcas los <a href=\"https:\/\/www.billin.net\/blog\/requerimiento-de-hacienda\/\">posibles requerimientos que una empresa puede recibir por parte de Hacienda<\/a>.<\/p>\r\n\r\n\r\n\r\n<h3 class=\"wp-block-heading\">Ejemplo<\/h3>\r\n\r\n\r\n\r\n<p><strong>1.<\/strong> Supongamos que hemos olvidado presentar el IRPF del a\u00f1o 2018, el cual, nos sal\u00eda a devolver 850 euros, y los hemos presentado el 1 de agosto de 2019.<\/p>\r\n\r\n\r\n\r\n<p><strong>\u00bfQu\u00e9 tipo de infracci\u00f3n estar\u00eda cometiendo? \u00bfCu\u00e1l es el importe de la sanci\u00f3n?:<\/strong><\/p>\r\n\r\n\r\n\r\n<p>La infracci\u00f3n se considerar\u00eda leve, ya que, no causar\u00eda perjuicio a la Administraci\u00f3n P\u00fablica, y se sancionar\u00eda con un importe de 100 euros, siempre que no hubiese recibido una notificaci\u00f3n de Hacienda, que entonces, ser\u00edan 200 euros.<\/p>\r\n\r\n\r\n\r\n<p><strong>2.<\/strong> Supongamos un empresario que no ha presentado el IVA del segundo trimestre (finaliz\u00f3 el 20 de julio), y en fecha 20 de agosto ha recibido una notificaci\u00f3n de Hacienda.<\/p>\r\n\r\n\r\n\r\n<p><strong>\u00bfQu\u00e9 tipo de infracci\u00f3n estar\u00eda cometiendo? \u00bfCu\u00e1l es el importe de la sanci\u00f3n?:<\/strong><\/p>\r\n\r\n\r\n\r\n<p>La infracci\u00f3n se calificar\u00eda como grave, ya que, existe ocultaci\u00f3n de datos, y la sanci\u00f3n en este caso se calcular\u00eda el 50% sobre el importe que ha dejado de ingresar, si se considerara una infracci\u00f3n muy grave, podr\u00eda llegar al 100% de la cuota que no ha ingresado.<\/p>\r\n\r\n\r\n\r\n<p>No obstante Hacienda te permitir\u00e1 una reducci\u00f3n del 30% por conformidad.<\/p>\r\n","protected":false},"excerpt":{"rendered":"<p>Empezar una actividad como aut\u00f3nomo, no es una tarea sencilla, ya que, tendr\u00e1s que elaborar una multitud de gestiones administrativas, que te ser\u00e1n complicadas, piensa que no es habitual que realices este tipo de tr\u00e1mites. A lo largo de este art\u00edculo te mostramos todo lo que necesitas saber sobre la presentaci\u00f3n de las declaraciones trimestrales, [&hellip;]<\/p>\n","protected":false},"author":20,"featured_media":12263,"comment_status":"open","ping_status":"open","sticky":false,"template":"","format":"standard","meta":{"_acf_changed":false,"_et_pb_use_builder":"","_et_pb_old_content":"","_et_gb_content_width":"","om_disable_all_campaigns":false,"inline_featured_image":false,"footnotes":""},"categories":[1014],"tags":[],"class_list":{"0":"post-12260","1":"post","2":"type-post","3":"status-publish","4":"format-standard","5":"has-post-thumbnail","7":"category-fiscalidad"},"acf":{"selector_de_usuario":null,"fecha_de_revision":"20210517"},"yoast_head":"<!-- This site is optimized with the Yoast SEO plugin v27.1 - https:\/\/yoast.com\/product\/yoast-seo-wordpress\/ -->\n<title>C\u00f3mo estimar lo que se va a pagar de IVA | TeamSystem Facturas Billin<\/title>\n<meta name=\"description\" content=\"C\u00f3mo estimar lo ue se va a pagar de IVA. Tributaci\u00f3n del IVA, modelos 303, 390, 130 y 131. Informaci\u00f3n sobre c\u00f3mo rellenar los modelos.\" \/>\n<meta name=\"robots\" content=\"index, follow, max-snippet:-1, max-image-preview:large, max-video-preview:-1\" \/>\n<link rel=\"canonical\" href=\"https:\/\/www.billin.net\/blog\/como-estimar-pagar-iva\/\" \/>\n<meta property=\"og:locale\" content=\"es_ES\" \/>\n<meta property=\"og:type\" content=\"article\" \/>\n<meta property=\"og:title\" content=\"C\u00f3mo estimar lo que se va a pagar de IVA | TeamSystem Facturas Billin\" \/>\n<meta property=\"og:description\" content=\"C\u00f3mo estimar lo ue se va a pagar de IVA. Tributaci\u00f3n del IVA, modelos 303, 390, 130 y 131. Informaci\u00f3n sobre c\u00f3mo rellenar los modelos.\" \/>\n<meta property=\"og:url\" content=\"https:\/\/www.billin.net\/blog\/como-estimar-pagar-iva\/\" \/>\n<meta property=\"og:site_name\" content=\"Blog de TeamSystem Facturas Billin\" \/>\n<meta property=\"article:publisher\" content=\"https:\/\/www.facebook.com\/EsBillin\" \/>\n<meta property=\"article:published_time\" content=\"2019-08-19T16:14:53+00:00\" \/>\n<meta property=\"article:modified_time\" content=\"2025-09-25T18:49:40+00:00\" \/>\n<meta property=\"og:image\" content=\"https:\/\/www.billin.net\/blog\/wp-content\/uploads\/2019\/08\/estimar-pago-iva-min.jpg\" \/>\n\t<meta property=\"og:image:width\" content=\"1200\" \/>\n\t<meta property=\"og:image:height\" content=\"800\" \/>\n\t<meta property=\"og:image:type\" content=\"image\/jpeg\" \/>\n<meta name=\"author\" content=\"Marcos De La Cueva - CEO TeamSystem Facturas Billin\" \/>\n<meta name=\"twitter:card\" content=\"summary_large_image\" \/>\n<meta name=\"twitter:creator\" content=\"@Billin_ES\" \/>\n<meta name=\"twitter:site\" content=\"@Billin_ES\" \/>\n<meta name=\"twitter:label1\" content=\"Escrito por\" \/>\n\t<meta name=\"twitter:data1\" content=\"Marcos De La Cueva - CEO TeamSystem Facturas Billin\" \/>\n\t<meta name=\"twitter:label2\" content=\"Tiempo de lectura\" \/>\n\t<meta name=\"twitter:data2\" content=\"16 minutos\" \/>\n<script type=\"application\/ld+json\" class=\"yoast-schema-graph\">{\"@context\":\"https:\/\/schema.org\",\"@graph\":[{\"@type\":\"Article\",\"@id\":\"https:\/\/www.billin.net\/blog\/como-estimar-pagar-iva\/#article\",\"isPartOf\":{\"@id\":\"https:\/\/www.billin.net\/blog\/como-estimar-pagar-iva\/\"},\"author\":{\"name\":\"Marcos De La Cueva - CEO TeamSystem Facturas Billin\",\"@id\":\"https:\/\/www.billin.net\/blog\/#\/schema\/person\/d0339ee6e869234614541b1e80a793e7\"},\"headline\":\"C\u00f3mo estimar lo que se va a pagar de IVA\",\"datePublished\":\"2019-08-19T16:14:53+00:00\",\"dateModified\":\"2025-09-25T18:49:40+00:00\",\"mainEntityOfPage\":{\"@id\":\"https:\/\/www.billin.net\/blog\/como-estimar-pagar-iva\/\"},\"wordCount\":3310,\"commentCount\":0,\"publisher\":{\"@id\":\"https:\/\/www.billin.net\/blog\/#organization\"},\"image\":{\"@id\":\"https:\/\/www.billin.net\/blog\/como-estimar-pagar-iva\/#primaryimage\"},\"thumbnailUrl\":\"https:\/\/www.billin.net\/blog\/wp-content\/uploads\/2019\/08\/estimar-pago-iva-min.jpg\",\"articleSection\":[\"Fiscalidad\"],\"inLanguage\":\"es\",\"potentialAction\":[{\"@type\":\"CommentAction\",\"name\":\"Comment\",\"target\":[\"https:\/\/www.billin.net\/blog\/como-estimar-pagar-iva\/#respond\"]}]},{\"@type\":\"WebPage\",\"@id\":\"https:\/\/www.billin.net\/blog\/como-estimar-pagar-iva\/\",\"url\":\"https:\/\/www.billin.net\/blog\/como-estimar-pagar-iva\/\",\"name\":\"C\u00f3mo estimar lo que se va a pagar de IVA | TeamSystem Facturas Billin\",\"isPartOf\":{\"@id\":\"https:\/\/www.billin.net\/blog\/#website\"},\"primaryImageOfPage\":{\"@id\":\"https:\/\/www.billin.net\/blog\/como-estimar-pagar-iva\/#primaryimage\"},\"image\":{\"@id\":\"https:\/\/www.billin.net\/blog\/como-estimar-pagar-iva\/#primaryimage\"},\"thumbnailUrl\":\"https:\/\/www.billin.net\/blog\/wp-content\/uploads\/2019\/08\/estimar-pago-iva-min.jpg\",\"datePublished\":\"2019-08-19T16:14:53+00:00\",\"dateModified\":\"2025-09-25T18:49:40+00:00\",\"description\":\"C\u00f3mo estimar lo ue se va a pagar de IVA. Tributaci\u00f3n del IVA, modelos 303, 390, 130 y 131. Informaci\u00f3n sobre c\u00f3mo rellenar los modelos.\",\"breadcrumb\":{\"@id\":\"https:\/\/www.billin.net\/blog\/como-estimar-pagar-iva\/#breadcrumb\"},\"inLanguage\":\"es\",\"potentialAction\":[{\"@type\":\"ReadAction\",\"target\":[\"https:\/\/www.billin.net\/blog\/como-estimar-pagar-iva\/\"]}]},{\"@type\":\"ImageObject\",\"inLanguage\":\"es\",\"@id\":\"https:\/\/www.billin.net\/blog\/como-estimar-pagar-iva\/#primaryimage\",\"url\":\"https:\/\/www.billin.net\/blog\/wp-content\/uploads\/2019\/08\/estimar-pago-iva-min.jpg\",\"contentUrl\":\"https:\/\/www.billin.net\/blog\/wp-content\/uploads\/2019\/08\/estimar-pago-iva-min.jpg\",\"width\":1200,\"height\":800,\"caption\":\"C\u00f3mo estimar lo que se va a pagar de IVA\"},{\"@type\":\"BreadcrumbList\",\"@id\":\"https:\/\/www.billin.net\/blog\/como-estimar-pagar-iva\/#breadcrumb\",\"itemListElement\":[{\"@type\":\"ListItem\",\"position\":1,\"name\":\"Blog\",\"item\":\"https:\/\/www.billin.net\/blog\/\"},{\"@type\":\"ListItem\",\"position\":2,\"name\":\"Fiscalidad\",\"item\":\"https:\/\/www.billin.net\/blog\/fiscalidad\/\"},{\"@type\":\"ListItem\",\"position\":3,\"name\":\"C\u00f3mo estimar lo que se va a pagar de IVA\"}]},{\"@type\":\"WebSite\",\"@id\":\"https:\/\/www.billin.net\/blog\/#website\",\"url\":\"https:\/\/www.billin.net\/blog\/\",\"name\":\"Blog de Billin\",\"description\":\"Mantente informado con el blog de TeamSystem Facturas Billin:  facturaci\u00f3n, legislaci\u00f3n, contabilidad, management y toda la informaci\u00f3n \u00fatil para pymes y aut\u00f3nomos.\",\"publisher\":{\"@id\":\"https:\/\/www.billin.net\/blog\/#organization\"},\"potentialAction\":[{\"@type\":\"SearchAction\",\"target\":{\"@type\":\"EntryPoint\",\"urlTemplate\":\"https:\/\/www.billin.net\/blog\/?s={search_term_string}\"},\"query-input\":{\"@type\":\"PropertyValueSpecification\",\"valueRequired\":true,\"valueName\":\"search_term_string\"}}],\"inLanguage\":\"es\"},{\"@type\":\"Organization\",\"@id\":\"https:\/\/www.billin.net\/blog\/#organization\",\"name\":\"Billin\",\"alternateName\":\"Blog de Billin\",\"url\":\"https:\/\/www.billin.net\/blog\/\",\"logo\":{\"@type\":\"ImageObject\",\"inLanguage\":\"es\",\"@id\":\"https:\/\/www.billin.net\/blog\/#\/schema\/logo\/image\/\",\"url\":\"https:\/\/www.billin.net\/blog\/wp-content\/uploads\/2019\/06\/logotipo-billin-blog-1.png\",\"contentUrl\":\"https:\/\/www.billin.net\/blog\/wp-content\/uploads\/2019\/06\/logotipo-billin-blog-1.png\",\"width\":126,\"height\":50,\"caption\":\"Billin\"},\"image\":{\"@id\":\"https:\/\/www.billin.net\/blog\/#\/schema\/logo\/image\/\"},\"sameAs\":[\"https:\/\/www.facebook.com\/EsBillin\",\"https:\/\/x.com\/Billin_ES\",\"https:\/\/www.instagram.com\/billin_es\/\",\"https:\/\/www.linkedin.com\/company\/billin-spain\",\"https:\/\/www.youtube.com\/c\/BillinEsintercambiodefacturas\/\"],\"legalName\":\"MY EXPENSES SL\",\"contactPoint\":{\"@type\":\"ContactPoint\",\"telephone\":\"+34918318883\",\"contactType\":\"customer service\",\"email\":\"info@billin.eu\",\"availableLanguage\":\"es\"},\"foundingDate\":\"2015\",\"numberOfEmployees\":{\"@type\":\"QuantitativeValue\",\"minValue\":10,\"maxValue\":50},\"parentOrganization\":{\"@type\":\"Organization\",\"name\":\"TeamSystem\",\"url\":\"https:\/\/www.teamsystem.com\/\"},\"description\":\"Billin es el programa de facturaci\u00f3n online de TeamSystem para aut\u00f3nomos y pymes en Espa\u00f1a. Permite crear facturas, controlar gastos y cumplir con Verifactu.\",\"address\":{\"@type\":\"PostalAddress\",\"streetAddress\":\"Calle Arturo Soria, 336\",\"addressLocality\":\"Madrid\",\"addressRegion\":\"Madrid\",\"postalCode\":\"28033\",\"addressCountry\":\"ES\"}},{\"@type\":\"Person\",\"@id\":\"https:\/\/www.billin.net\/blog\/#\/schema\/person\/d0339ee6e869234614541b1e80a793e7\",\"name\":\"Marcos De La Cueva - CEO TeamSystem Facturas Billin\",\"image\":{\"@type\":\"ImageObject\",\"inLanguage\":\"es\",\"@id\":\"https:\/\/www.billin.net\/blog\/#\/schema\/person\/image\/\",\"url\":\"https:\/\/www.billin.net\/blog\/wp-content\/uploads\/2023\/10\/marcos-color-150x150.png\",\"contentUrl\":\"https:\/\/www.billin.net\/blog\/wp-content\/uploads\/2023\/10\/marcos-color-150x150.png\",\"caption\":\"Marcos De La Cueva - CEO TeamSystem Facturas Billin\"},\"description\":\"Licenciado en ADE por la Universidad Aut\u00f3noma de Madrid, Marcos De la Cueva es CEO y cofundador de TeamSystem Facturas Billin, un programa online que lleva m\u00e1s de 9 a\u00f1os ayudando a aut\u00f3nomos, peque\u00f1os negocios y gestor\u00edas a digitalizar sus presupuestos, facturas, tickets y gastos. \u00a0 Sobre Marcos De La Cueva \u00a0 Apasionado por el mundo empresarial y la tecnolog\u00eda, curs\u00f3 su M\u00e1ster de Finanzas en la Universidad Pontificia de Comillas y estuvo en el Programa de Cooperaci\u00f3n Educativa de la Universidad Aut\u00f3noma de Madrid. \u00a0 Marcos siempre ha tenido su objetivo claro: ayudar a la creaci\u00f3n de negocios financieramente sostenibles a trav\u00e9s de una herramienta de facturaci\u00f3n que les permita ahorrar tiempo y tener la contabilidad bajo control. \u00a0 Marcos De La Cueva en los medios \u2014 Noticia sobre Kit Digital y Ley Antifraude (VeriFactu) en El Economista. \u2014 Noticia sobre Kit Digital y factura electr\u00f3nica obligatoria en Diario Jur\u00eddico. \u2014 Noticia sobre el a\u00f1o de transici\u00f3n para la factura electr\u00f3nica en Muy Pymes. \u2014 Entrevista sobre factura electr\u00f3nica obligatoria en Canal Sur. \u2014 Noticia sobre el informe factura electr\u00f3nica de TeamSystem en Channel Partner. \u2014 Charla sobre productividad y Ley Crea y Crece en El Economista. \u2014 Charla sobre factura electr\u00f3nica obligatoria en Muy Pymes. \u2014 Charla sobre digitalizaci\u00f3n aut\u00f3nomos y productividad en esdiario. \u2014 Charla sobre productividad y factura electr\u00f3nica en La Raz\u00f3n. \u2014 Charla sobre factura electr\u00f3nica obligatoria en Aut\u00f3nomos y Emprendedores. \u2014 Entrevista sobre Ley Antifraude y Ley Crea y Crece en Expansi\u00f3n. \u2014 Entrevista sobre Ley Antifraude y Ley Crea y Crece en La Raz\u00f3n. \u2014 Entrevista sobre factura electr\u00f3nica obligatoria en El Economista. \u2014 Comunicado Billin y TeamSystem en Business Insider. \u2014 Entrevista en Econom\u00eda Digital. \u2014 Entrevista en Ideas para tu empresa de Vodafone. \u2014 Entrevista en M\u00e1sQradio. \u2014 Entrevista en Armas para emprender de El M\u00e9todo Gallardo. \u2014 Entrevista en KFund. \u2014 Entrevista en AXA Seguros Espa\u00f1a. \u2014 Entrevista en GestionaRadio. \u00a0 Marcos De La Cueva en eventos \u00a0 \u2014 Participaci\u00f3n como ponente en Accountex Espa\u00f1a 2023. \u00a0 Tem\u00e1ticas de especializaci\u00f3n \u00a0 negocios | startups | contabilidad| fiscalidad | empresas| asesor\u00edas| autonomos | emprendedores | peque\u00f1os negocios | econom\u00eda | ADE | pymes | desarrollo de negocio\u00a0\",\"sameAs\":[\"https:\/\/www.billin.net\/\",\"https:\/\/www.linkedin.com\/in\/marcos-de-la-cueva-19750ba3\/\"],\"url\":\"https:\/\/www.billin.net\/blog\/author\/marcosdelacueva\/\",\"jobTitle\":\"CEO y cofundador de TS Facturas Billin\"}]}<\/script>\n<!-- \/ Yoast SEO plugin. -->","yoast_head_json":{"title":"C\u00f3mo estimar lo que se va a pagar de IVA | TeamSystem Facturas Billin","description":"C\u00f3mo estimar lo ue se va a pagar de IVA. Tributaci\u00f3n del IVA, modelos 303, 390, 130 y 131. Informaci\u00f3n sobre c\u00f3mo rellenar los modelos.","robots":{"index":"index","follow":"follow","max-snippet":"max-snippet:-1","max-image-preview":"max-image-preview:large","max-video-preview":"max-video-preview:-1"},"canonical":"https:\/\/www.billin.net\/blog\/como-estimar-pagar-iva\/","og_locale":"es_ES","og_type":"article","og_title":"C\u00f3mo estimar lo que se va a pagar de IVA | TeamSystem Facturas Billin","og_description":"C\u00f3mo estimar lo ue se va a pagar de IVA. Tributaci\u00f3n del IVA, modelos 303, 390, 130 y 131. Informaci\u00f3n sobre c\u00f3mo rellenar los modelos.","og_url":"https:\/\/www.billin.net\/blog\/como-estimar-pagar-iva\/","og_site_name":"Blog de TeamSystem Facturas Billin","article_publisher":"https:\/\/www.facebook.com\/EsBillin","article_published_time":"2019-08-19T16:14:53+00:00","article_modified_time":"2025-09-25T18:49:40+00:00","og_image":[{"width":1200,"height":800,"url":"https:\/\/www.billin.net\/blog\/wp-content\/uploads\/2019\/08\/estimar-pago-iva-min.jpg","type":"image\/jpeg"}],"author":"Marcos De La Cueva - CEO TeamSystem Facturas Billin","twitter_card":"summary_large_image","twitter_creator":"@Billin_ES","twitter_site":"@Billin_ES","twitter_misc":{"Escrito por":"Marcos De La Cueva - CEO TeamSystem Facturas Billin","Tiempo de lectura":"16 minutos"},"schema":{"@context":"https:\/\/schema.org","@graph":[{"@type":"Article","@id":"https:\/\/www.billin.net\/blog\/como-estimar-pagar-iva\/#article","isPartOf":{"@id":"https:\/\/www.billin.net\/blog\/como-estimar-pagar-iva\/"},"author":{"name":"Marcos De La Cueva - CEO TeamSystem Facturas Billin","@id":"https:\/\/www.billin.net\/blog\/#\/schema\/person\/d0339ee6e869234614541b1e80a793e7"},"headline":"C\u00f3mo estimar lo que se va a pagar de IVA","datePublished":"2019-08-19T16:14:53+00:00","dateModified":"2025-09-25T18:49:40+00:00","mainEntityOfPage":{"@id":"https:\/\/www.billin.net\/blog\/como-estimar-pagar-iva\/"},"wordCount":3310,"commentCount":0,"publisher":{"@id":"https:\/\/www.billin.net\/blog\/#organization"},"image":{"@id":"https:\/\/www.billin.net\/blog\/como-estimar-pagar-iva\/#primaryimage"},"thumbnailUrl":"https:\/\/www.billin.net\/blog\/wp-content\/uploads\/2019\/08\/estimar-pago-iva-min.jpg","articleSection":["Fiscalidad"],"inLanguage":"es","potentialAction":[{"@type":"CommentAction","name":"Comment","target":["https:\/\/www.billin.net\/blog\/como-estimar-pagar-iva\/#respond"]}]},{"@type":"WebPage","@id":"https:\/\/www.billin.net\/blog\/como-estimar-pagar-iva\/","url":"https:\/\/www.billin.net\/blog\/como-estimar-pagar-iva\/","name":"C\u00f3mo estimar lo que se va a pagar de IVA | TeamSystem Facturas Billin","isPartOf":{"@id":"https:\/\/www.billin.net\/blog\/#website"},"primaryImageOfPage":{"@id":"https:\/\/www.billin.net\/blog\/como-estimar-pagar-iva\/#primaryimage"},"image":{"@id":"https:\/\/www.billin.net\/blog\/como-estimar-pagar-iva\/#primaryimage"},"thumbnailUrl":"https:\/\/www.billin.net\/blog\/wp-content\/uploads\/2019\/08\/estimar-pago-iva-min.jpg","datePublished":"2019-08-19T16:14:53+00:00","dateModified":"2025-09-25T18:49:40+00:00","description":"C\u00f3mo estimar lo ue se va a pagar de IVA. Tributaci\u00f3n del IVA, modelos 303, 390, 130 y 131. Informaci\u00f3n sobre c\u00f3mo rellenar los modelos.","breadcrumb":{"@id":"https:\/\/www.billin.net\/blog\/como-estimar-pagar-iva\/#breadcrumb"},"inLanguage":"es","potentialAction":[{"@type":"ReadAction","target":["https:\/\/www.billin.net\/blog\/como-estimar-pagar-iva\/"]}]},{"@type":"ImageObject","inLanguage":"es","@id":"https:\/\/www.billin.net\/blog\/como-estimar-pagar-iva\/#primaryimage","url":"https:\/\/www.billin.net\/blog\/wp-content\/uploads\/2019\/08\/estimar-pago-iva-min.jpg","contentUrl":"https:\/\/www.billin.net\/blog\/wp-content\/uploads\/2019\/08\/estimar-pago-iva-min.jpg","width":1200,"height":800,"caption":"C\u00f3mo estimar lo que se va a pagar de IVA"},{"@type":"BreadcrumbList","@id":"https:\/\/www.billin.net\/blog\/como-estimar-pagar-iva\/#breadcrumb","itemListElement":[{"@type":"ListItem","position":1,"name":"Blog","item":"https:\/\/www.billin.net\/blog\/"},{"@type":"ListItem","position":2,"name":"Fiscalidad","item":"https:\/\/www.billin.net\/blog\/fiscalidad\/"},{"@type":"ListItem","position":3,"name":"C\u00f3mo estimar lo que se va a pagar de IVA"}]},{"@type":"WebSite","@id":"https:\/\/www.billin.net\/blog\/#website","url":"https:\/\/www.billin.net\/blog\/","name":"Blog de Billin","description":"Mantente informado con el blog de TeamSystem Facturas Billin:  facturaci\u00f3n, legislaci\u00f3n, contabilidad, management y toda la informaci\u00f3n \u00fatil para pymes y aut\u00f3nomos.","publisher":{"@id":"https:\/\/www.billin.net\/blog\/#organization"},"potentialAction":[{"@type":"SearchAction","target":{"@type":"EntryPoint","urlTemplate":"https:\/\/www.billin.net\/blog\/?s={search_term_string}"},"query-input":{"@type":"PropertyValueSpecification","valueRequired":true,"valueName":"search_term_string"}}],"inLanguage":"es"},{"@type":"Organization","@id":"https:\/\/www.billin.net\/blog\/#organization","name":"Billin","alternateName":"Blog de Billin","url":"https:\/\/www.billin.net\/blog\/","logo":{"@type":"ImageObject","inLanguage":"es","@id":"https:\/\/www.billin.net\/blog\/#\/schema\/logo\/image\/","url":"https:\/\/www.billin.net\/blog\/wp-content\/uploads\/2019\/06\/logotipo-billin-blog-1.png","contentUrl":"https:\/\/www.billin.net\/blog\/wp-content\/uploads\/2019\/06\/logotipo-billin-blog-1.png","width":126,"height":50,"caption":"Billin"},"image":{"@id":"https:\/\/www.billin.net\/blog\/#\/schema\/logo\/image\/"},"sameAs":["https:\/\/www.facebook.com\/EsBillin","https:\/\/x.com\/Billin_ES","https:\/\/www.instagram.com\/billin_es\/","https:\/\/www.linkedin.com\/company\/billin-spain","https:\/\/www.youtube.com\/c\/BillinEsintercambiodefacturas\/"],"legalName":"MY EXPENSES SL","contactPoint":{"@type":"ContactPoint","telephone":"+34918318883","contactType":"customer service","email":"info@billin.eu","availableLanguage":"es"},"foundingDate":"2015","numberOfEmployees":{"@type":"QuantitativeValue","minValue":10,"maxValue":50},"parentOrganization":{"@type":"Organization","name":"TeamSystem","url":"https:\/\/www.teamsystem.com\/"},"description":"Billin es el programa de facturaci\u00f3n online de TeamSystem para aut\u00f3nomos y pymes en Espa\u00f1a. Permite crear facturas, controlar gastos y cumplir con Verifactu.","address":{"@type":"PostalAddress","streetAddress":"Calle Arturo Soria, 336","addressLocality":"Madrid","addressRegion":"Madrid","postalCode":"28033","addressCountry":"ES"}},{"@type":"Person","@id":"https:\/\/www.billin.net\/blog\/#\/schema\/person\/d0339ee6e869234614541b1e80a793e7","name":"Marcos De La Cueva - CEO TeamSystem Facturas Billin","image":{"@type":"ImageObject","inLanguage":"es","@id":"https:\/\/www.billin.net\/blog\/#\/schema\/person\/image\/","url":"https:\/\/www.billin.net\/blog\/wp-content\/uploads\/2023\/10\/marcos-color-150x150.png","contentUrl":"https:\/\/www.billin.net\/blog\/wp-content\/uploads\/2023\/10\/marcos-color-150x150.png","caption":"Marcos De La Cueva - CEO TeamSystem Facturas Billin"},"description":"Licenciado en ADE por la Universidad Aut\u00f3noma de Madrid, Marcos De la Cueva es CEO y cofundador de TeamSystem Facturas Billin, un programa online que lleva m\u00e1s de 9 a\u00f1os ayudando a aut\u00f3nomos, peque\u00f1os negocios y gestor\u00edas a digitalizar sus presupuestos, facturas, tickets y gastos. \u00a0 Sobre Marcos De La Cueva \u00a0 Apasionado por el mundo empresarial y la tecnolog\u00eda, curs\u00f3 su M\u00e1ster de Finanzas en la Universidad Pontificia de Comillas y estuvo en el Programa de Cooperaci\u00f3n Educativa de la Universidad Aut\u00f3noma de Madrid. \u00a0 Marcos siempre ha tenido su objetivo claro: ayudar a la creaci\u00f3n de negocios financieramente sostenibles a trav\u00e9s de una herramienta de facturaci\u00f3n que les permita ahorrar tiempo y tener la contabilidad bajo control. \u00a0 Marcos De La Cueva en los medios \u2014 Noticia sobre Kit Digital y Ley Antifraude (VeriFactu) en El Economista. \u2014 Noticia sobre Kit Digital y factura electr\u00f3nica obligatoria en Diario Jur\u00eddico. \u2014 Noticia sobre el a\u00f1o de transici\u00f3n para la factura electr\u00f3nica en Muy Pymes. \u2014 Entrevista sobre factura electr\u00f3nica obligatoria en Canal Sur. \u2014 Noticia sobre el informe factura electr\u00f3nica de TeamSystem en Channel Partner. \u2014 Charla sobre productividad y Ley Crea y Crece en El Economista. \u2014 Charla sobre factura electr\u00f3nica obligatoria en Muy Pymes. \u2014 Charla sobre digitalizaci\u00f3n aut\u00f3nomos y productividad en esdiario. \u2014 Charla sobre productividad y factura electr\u00f3nica en La Raz\u00f3n. \u2014 Charla sobre factura electr\u00f3nica obligatoria en Aut\u00f3nomos y Emprendedores. \u2014 Entrevista sobre Ley Antifraude y Ley Crea y Crece en Expansi\u00f3n. \u2014 Entrevista sobre Ley Antifraude y Ley Crea y Crece en La Raz\u00f3n. \u2014 Entrevista sobre factura electr\u00f3nica obligatoria en El Economista. \u2014 Comunicado Billin y TeamSystem en Business Insider. \u2014 Entrevista en Econom\u00eda Digital. \u2014 Entrevista en Ideas para tu empresa de Vodafone. \u2014 Entrevista en M\u00e1sQradio. \u2014 Entrevista en Armas para emprender de El M\u00e9todo Gallardo. \u2014 Entrevista en KFund. \u2014 Entrevista en AXA Seguros Espa\u00f1a. \u2014 Entrevista en GestionaRadio. \u00a0 Marcos De La Cueva en eventos \u00a0 \u2014 Participaci\u00f3n como ponente en Accountex Espa\u00f1a 2023. \u00a0 Tem\u00e1ticas de especializaci\u00f3n \u00a0 negocios | startups | contabilidad| fiscalidad | empresas| asesor\u00edas| autonomos | emprendedores | peque\u00f1os negocios | econom\u00eda | ADE | pymes | desarrollo de negocio\u00a0","sameAs":["https:\/\/www.billin.net\/","https:\/\/www.linkedin.com\/in\/marcos-de-la-cueva-19750ba3\/"],"url":"https:\/\/www.billin.net\/blog\/author\/marcosdelacueva\/","jobTitle":"CEO y cofundador de TS Facturas Billin"}]}},"_links":{"self":[{"href":"https:\/\/www.billin.net\/blog\/wp-json\/wp\/v2\/posts\/12260","targetHints":{"allow":["GET"]}}],"collection":[{"href":"https:\/\/www.billin.net\/blog\/wp-json\/wp\/v2\/posts"}],"about":[{"href":"https:\/\/www.billin.net\/blog\/wp-json\/wp\/v2\/types\/post"}],"author":[{"embeddable":true,"href":"https:\/\/www.billin.net\/blog\/wp-json\/wp\/v2\/users\/20"}],"replies":[{"embeddable":true,"href":"https:\/\/www.billin.net\/blog\/wp-json\/wp\/v2\/comments?post=12260"}],"version-history":[{"count":17,"href":"https:\/\/www.billin.net\/blog\/wp-json\/wp\/v2\/posts\/12260\/revisions"}],"predecessor-version":[{"id":27810,"href":"https:\/\/www.billin.net\/blog\/wp-json\/wp\/v2\/posts\/12260\/revisions\/27810"}],"wp:featuredmedia":[{"embeddable":true,"href":"https:\/\/www.billin.net\/blog\/wp-json\/wp\/v2\/media\/12263"}],"wp:attachment":[{"href":"https:\/\/www.billin.net\/blog\/wp-json\/wp\/v2\/media?parent=12260"}],"wp:term":[{"taxonomy":"category","embeddable":true,"href":"https:\/\/www.billin.net\/blog\/wp-json\/wp\/v2\/categories?post=12260"},{"taxonomy":"post_tag","embeddable":true,"href":"https:\/\/www.billin.net\/blog\/wp-json\/wp\/v2\/tags?post=12260"}],"curies":[{"name":"wp","href":"https:\/\/api.w.org\/{rel}","templated":true}]}}