{"id":11889,"date":"2019-06-28T12:06:55","date_gmt":"2019-06-28T10:06:55","guid":{"rendered":"https:\/\/www.billin.net\/blog\/?p=11889"},"modified":"2025-09-25T20:49:48","modified_gmt":"2025-09-25T18:49:48","slug":"cuales-son-las-redes-sociales-que-necesito-como-pyme-o-autonomo","status":"publish","type":"post","link":"https:\/\/www.billin.net\/blog\/cuales-son-las-redes-sociales-que-necesito-como-pyme-o-autonomo\/","title":{"rendered":"\u00bfCu\u00e1les son las redes sociales que necesito como pyme o aut\u00f3nomo?"},"content":{"rendered":"<p>En este art\u00edculo, vamos a ense\u00f1arte a sacarle provecho a las redes sociales m\u00e1s utilizadas, para que consigas que tu negocio capte m\u00e1s usuarios.<!--more--><\/p>\n<h2>\u00bfCu\u00e1les son las redes sociales m\u00e1s utilizadas?<\/h2>\n<p>Actualmente, el mundo digital es muy cambiante, ya que, surgen redes sociales nuevas todos los d\u00edas, pero las m\u00e1s recomendables, son las que llevan a\u00f1os funcionando, ya que, con ellas aumentar\u00e1s tus usuarios todos los d\u00edas.<\/p>\n<p>Partiendo de que cada usuario espa\u00f1ol hace uso de una media de 4 a 5 redes sociales, ser\u00e1 f\u00e1cil que dicho cliente nos encuentre en alguna de ellas.<\/p>\n<h3>Facebook<\/h3>\n<p>La herramienta perfecta es <strong>Facebook Ards<\/strong>, ya que, sus anuncios nos permitir\u00e1n atraer clics sobre nuestro sitio web, aumentar\u00e1n las interacciones, conseguir\u00e1s m\u00e1s ofertas, una mayor difusi\u00f3n local, obtendr\u00e1s respuestas de eventos o hacer que los usuarios vean nuestros videos.<\/p>\n<p>Es fundamental realizar publicaciones diarias, ya que, esta frecuencia se conseguir\u00e1 <strong>generando contenidos todos los d\u00edas<\/strong>, adem\u00e1s de convocar concursos o sorteos que permitan al usuario interactuar contestando sus comentarios, de manera que, nos permita aumentar sus usuarios.<\/p>\n<h3>Twitter<\/h3>\n<p>Esta red social, a diferencia del Facebook, tiene una duraci\u00f3n de sus contenidos m\u00e1s corta, por lo que tendr\u00e1s que <strong>publicar contenidos con una mayor frecuencia<\/strong>, y as\u00ed conseguir el mismo impacto que en Facebook, de ah\u00ed, que esta red social, necesite una mayor dedicaci\u00f3n.<\/p>\n<p>Debes usar un grupo o lista de usuarios para localizar a tu cliente, adem\u00e1s de contestar a sus tuits para mantener una mayor relaci\u00f3n y poder dialogar con futuros clientes potenciales.<\/p>\n<h3>Instagram<\/h3>\n<p>Esta red social est\u00e1 enfocada a la publicaci\u00f3n de im\u00e1genes, por ello, debes <strong>a\u00f1adir enlaces a la biograf\u00eda para dar una mayor publicidad a tus promociones<\/strong>.<\/p>\n<p>Usando los hashtags ganar\u00e1s presencia en la red, adem\u00e1s de conseguir nuevos seguidores.<\/p>\n<p>Tambi\u00e9n debes usar las<strong> stories de Instagram<\/strong> y los v\u00eddeos en directo, usando la continuidad con fotos o videos que desaparecer\u00e1n en 24 horas, y as\u00ed no colapsar\u00e1s a tus seguidores.<\/p>\n<h3>LinkedIn<\/h3>\n<p>Esta es la <strong>red social profesional m\u00e1s importante que existe actualmente<\/strong>, con un solo clic conseguir\u00e1s encontrar proveedores, inversores, etc.<\/p>\n<p>Podr\u00e1s solicitar profesionales para un trabajo concreto, pedir financiaci\u00f3n y disponer de una red de profesionales para poder consultar dudas o pedir consejos a la hora de efectuar alguna operaci\u00f3n concreta.<\/p>\n<p>Tambi\u00e9n nos servir\u00e1 para dar a conocer un producto o servicio, ya que, nos permitir\u00e1 publicar eventos, anunciar promociones de la empresa, hacer publicidad, etc.<\/p>\n<p>Se aconseja hacer grupos para que tus empleados se vinculen a la p\u00e1gina de la empresa, y le hagas sentir parte de ella.<\/p>\n<p>Te damos los siguientes consejos para <strong>conseguir posicionar nuestra empresa<\/strong> como un referente dentro de nuestro sector, adem\u00e1s de ayudarnos a conseguir clientes potenciales:<\/p>\n<ul>\n<li>Haz uso del listado de sugerencias de LinkedIn<\/li>\n<li>Inf\u00f3rmate de quien ve tu perfil, ya que, podr\u00e1n ser futuros clientes potenciales y no solamente competidores para cotillear<\/li>\n<li>Usa la b\u00fasqueda avanzada<\/li>\n<li>Accede a los contactos de tus contactos, de manera que, si encuentras alguien interesante, puedas solicitar que os lo presente<\/li>\n<\/ul>\n<p><img loading=\"lazy\" decoding=\"async\" class=\"aligncenter size-full wp-image-11889\" src=\"https:\/\/www.billin.net\/blog\/wp-content\/uploads\/2019\/06\/redes-sociales-autonomo-min.jpg\" alt=\"\" width=\"1200\" height=\"800\" \/><\/p>\n<h2>Beneficios del uso de las redes sociales<\/h2>\n<p>Con este tipo de redes sociales, muchas empresas han conseguido<strong> mayores posibilidades comerciales<\/strong>, sobre todo, para aquellas empresas que estaban a merced de las grandes compa\u00f1\u00edas.<\/p>\n<p>Los <strong>principales beneficios<\/strong> ser\u00e1n:<\/p>\n<ul>\n<li>Nos permitir\u00e1n aumentar la visibilidad online de nuestra marca, ya que, servir\u00e1 como escaparate para darnos a conocer.<\/li>\n<li>Mejorar\u00e1 la reputaci\u00f3n online de nuestro negocio, por ello, se recomienda rodearse de profesionales capacitados para gestionar los contenidos y poder hacer frente ante cualquier crisis sobre su reputaci\u00f3n, aqu\u00ed entra en juego la figura del Community Manager.<\/li>\n<li>Atraer\u00e1 m\u00e1s visitantes a nuestra p\u00e1gina web o blog.<\/li>\n<li>Podr\u00e1s hacer crecer tu negocio.<\/li>\n<li>Te ayudar\u00e1 a aumentar tus ventas, ya que, este canal de comunicaci\u00f3n se convertir\u00e1 en una v\u00eda de venta indirecta.<\/li>\n<li>Mayor comunicaci\u00f3n entre el cliente y la empresa, ya que, nos permite interactuar con un p\u00fablico objetivo<\/li>\n<li>El uso de una estrategia networking, abrir\u00e1 paso a la colaboraci\u00f3n de nuevos profesionales.<\/li>\n<li>Conoceremos la situaci\u00f3n del mercado, ya que, nos mantendremos informados diariamente.<\/li>\n<li>Nos permitir\u00e1 poder estudiar a nuestra competencia.<\/li>\n<li>Nos facilitar\u00e1 informaci\u00f3n sobre la demanda de nuestros clientes objetivos.<\/li>\n<li>Son plataformas que servir\u00e1n para promocionar a la empresa y a tu producto.<\/li>\n<\/ul>\n<p>Aqu\u00ed te dejamos como <a href=\"https:\/\/www.billin.net\/kit-digital-redes-sociales\/\" target=\"_blank\" rel=\"noopener\">Solicitar el Kit Digital para redes sociales<\/a><\/p>\n<p>Estas plataformas digitales tendr\u00e1n tambi\u00e9n muchas desventajas, por ejemplo, un error muy com\u00fan que cometen las empresas, es centrarse en lo que le interesa a su negocio, y no lo que realmente necesita su cliente, tambi\u00e9n tendr\u00e1n problemas de privacidad y seguridad, requerir\u00e1n mucho tiempo y paciencia, se necesitar\u00e1 un personal cualificado, se exigir\u00e1 una inversi\u00f3n adecuada, nos expondremos a unas cr\u00edticas muy negativas, los errores que cometamos estar\u00e1n visibles para todo el mundo, se facilitar\u00e1n pistas a tu competencia y podr\u00e1s recibir chantajes o extorsiones.<\/p>\n","protected":false},"excerpt":{"rendered":"<p>En este art\u00edculo, vamos a ense\u00f1arte a sacarle provecho a las redes sociales m\u00e1s utilizadas, para que consigas que tu negocio capte m\u00e1s usuarios.<\/p>\n","protected":false},"author":20,"featured_media":11892,"comment_status":"open","ping_status":"open","sticky":false,"template":"","format":"standard","meta":{"_acf_changed":false,"_et_pb_use_builder":"","_et_pb_old_content":"","_et_gb_content_width":"","om_disable_all_campaigns":false,"inline_featured_image":false,"footnotes":""},"categories":[1013],"tags":[1380,1381],"class_list":{"0":"post-11889","1":"post","2":"type-post","3":"status-publish","4":"format-standard","5":"has-post-thumbnail","7":"category-marketing","8":"tag-autonomos","9":"tag-pymes"},"acf":{"selector_de_usuario":"","fecha_de_revision":"20230112"},"yoast_head":"<!-- This site is optimized with the Yoast SEO plugin v27.1 - https:\/\/yoast.com\/product\/yoast-seo-wordpress\/ -->\n<title>Redes sociales populares para aut\u00f3nomos y pymes | TeamSystem Facturas Billin<\/title>\n<meta name=\"description\" content=\"En este art\u00edculo, vamos a ense\u00f1arte a sacarle provecho a las redes sociales m\u00e1s utilizadas para tu negocio.\" \/>\n<meta name=\"robots\" content=\"index, follow, max-snippet:-1, max-image-preview:large, max-video-preview:-1\" \/>\n<link rel=\"canonical\" href=\"https:\/\/www.billin.net\/blog\/cuales-son-las-redes-sociales-que-necesito-como-pyme-o-autonomo\/\" \/>\n<meta property=\"og:locale\" content=\"es_ES\" \/>\n<meta property=\"og:type\" content=\"article\" \/>\n<meta property=\"og:title\" content=\"Redes sociales populares para aut\u00f3nomos y pymes | TeamSystem Facturas Billin\" \/>\n<meta property=\"og:description\" content=\"En este art\u00edculo, vamos a ense\u00f1arte a sacarle provecho a las redes sociales m\u00e1s utilizadas para tu negocio.\" \/>\n<meta property=\"og:url\" content=\"https:\/\/www.billin.net\/blog\/cuales-son-las-redes-sociales-que-necesito-como-pyme-o-autonomo\/\" \/>\n<meta property=\"og:site_name\" content=\"Blog de TeamSystem Facturas Billin\" \/>\n<meta property=\"article:publisher\" content=\"https:\/\/www.facebook.com\/EsBillin\" \/>\n<meta property=\"article:published_time\" content=\"2019-06-28T10:06:55+00:00\" \/>\n<meta property=\"article:modified_time\" content=\"2025-09-25T18:49:48+00:00\" \/>\n<meta property=\"og:image\" content=\"https:\/\/www.billin.net\/blog\/wp-content\/uploads\/2019\/06\/redes-sociales-pymes-1.jpg\" \/>\n\t<meta property=\"og:image:width\" content=\"1200\" \/>\n\t<meta property=\"og:image:height\" content=\"800\" \/>\n\t<meta property=\"og:image:type\" content=\"image\/jpeg\" \/>\n<meta name=\"author\" content=\"Marcos De La Cueva - CEO TeamSystem Facturas Billin\" \/>\n<meta name=\"twitter:card\" content=\"summary_large_image\" \/>\n<meta name=\"twitter:creator\" content=\"@Billin_ES\" \/>\n<meta name=\"twitter:site\" content=\"@Billin_ES\" \/>\n<meta name=\"twitter:label1\" content=\"Escrito por\" \/>\n\t<meta name=\"twitter:data1\" content=\"Marcos De La Cueva - CEO TeamSystem Facturas Billin\" \/>\n\t<meta name=\"twitter:label2\" content=\"Tiempo de lectura\" \/>\n\t<meta name=\"twitter:data2\" content=\"4 minutos\" \/>\n<script type=\"application\/ld+json\" class=\"yoast-schema-graph\">{\"@context\":\"https:\/\/schema.org\",\"@graph\":[{\"@type\":\"Article\",\"@id\":\"https:\/\/www.billin.net\/blog\/cuales-son-las-redes-sociales-que-necesito-como-pyme-o-autonomo\/#article\",\"isPartOf\":{\"@id\":\"https:\/\/www.billin.net\/blog\/cuales-son-las-redes-sociales-que-necesito-como-pyme-o-autonomo\/\"},\"author\":{\"name\":\"Marcos De La Cueva - CEO TeamSystem Facturas Billin\",\"@id\":\"https:\/\/www.billin.net\/blog\/#\/schema\/person\/d0339ee6e869234614541b1e80a793e7\"},\"headline\":\"\u00bfCu\u00e1les son las redes sociales que necesito como pyme o aut\u00f3nomo?\",\"datePublished\":\"2019-06-28T10:06:55+00:00\",\"dateModified\":\"2025-09-25T18:49:48+00:00\",\"mainEntityOfPage\":{\"@id\":\"https:\/\/www.billin.net\/blog\/cuales-son-las-redes-sociales-que-necesito-como-pyme-o-autonomo\/\"},\"wordCount\":878,\"commentCount\":0,\"publisher\":{\"@id\":\"https:\/\/www.billin.net\/blog\/#organization\"},\"image\":{\"@id\":\"https:\/\/www.billin.net\/blog\/cuales-son-las-redes-sociales-que-necesito-como-pyme-o-autonomo\/#primaryimage\"},\"thumbnailUrl\":\"https:\/\/www.billin.net\/blog\/wp-content\/uploads\/2019\/06\/redes-sociales-pymes-1.jpg\",\"keywords\":[\"Aut\u00f3nomos\",\"Pymes\"],\"articleSection\":[\"Marketing\"],\"inLanguage\":\"es\",\"potentialAction\":[{\"@type\":\"CommentAction\",\"name\":\"Comment\",\"target\":[\"https:\/\/www.billin.net\/blog\/cuales-son-las-redes-sociales-que-necesito-como-pyme-o-autonomo\/#respond\"]}]},{\"@type\":\"WebPage\",\"@id\":\"https:\/\/www.billin.net\/blog\/cuales-son-las-redes-sociales-que-necesito-como-pyme-o-autonomo\/\",\"url\":\"https:\/\/www.billin.net\/blog\/cuales-son-las-redes-sociales-que-necesito-como-pyme-o-autonomo\/\",\"name\":\"Redes sociales populares para aut\u00f3nomos y pymes | TeamSystem Facturas Billin\",\"isPartOf\":{\"@id\":\"https:\/\/www.billin.net\/blog\/#website\"},\"primaryImageOfPage\":{\"@id\":\"https:\/\/www.billin.net\/blog\/cuales-son-las-redes-sociales-que-necesito-como-pyme-o-autonomo\/#primaryimage\"},\"image\":{\"@id\":\"https:\/\/www.billin.net\/blog\/cuales-son-las-redes-sociales-que-necesito-como-pyme-o-autonomo\/#primaryimage\"},\"thumbnailUrl\":\"https:\/\/www.billin.net\/blog\/wp-content\/uploads\/2019\/06\/redes-sociales-pymes-1.jpg\",\"datePublished\":\"2019-06-28T10:06:55+00:00\",\"dateModified\":\"2025-09-25T18:49:48+00:00\",\"description\":\"En este art\u00edculo, vamos a ense\u00f1arte a sacarle provecho a las redes sociales m\u00e1s utilizadas para tu negocio.\",\"breadcrumb\":{\"@id\":\"https:\/\/www.billin.net\/blog\/cuales-son-las-redes-sociales-que-necesito-como-pyme-o-autonomo\/#breadcrumb\"},\"inLanguage\":\"es\",\"potentialAction\":[{\"@type\":\"ReadAction\",\"target\":[\"https:\/\/www.billin.net\/blog\/cuales-son-las-redes-sociales-que-necesito-como-pyme-o-autonomo\/\"]}]},{\"@type\":\"ImageObject\",\"inLanguage\":\"es\",\"@id\":\"https:\/\/www.billin.net\/blog\/cuales-son-las-redes-sociales-que-necesito-como-pyme-o-autonomo\/#primaryimage\",\"url\":\"https:\/\/www.billin.net\/blog\/wp-content\/uploads\/2019\/06\/redes-sociales-pymes-1.jpg\",\"contentUrl\":\"https:\/\/www.billin.net\/blog\/wp-content\/uploads\/2019\/06\/redes-sociales-pymes-1.jpg\",\"width\":1200,\"height\":800,\"caption\":\"Young handsome minded man in jeans shirt and spectacles sitting at the table and typink a letter to his acquaintance\"},{\"@type\":\"BreadcrumbList\",\"@id\":\"https:\/\/www.billin.net\/blog\/cuales-son-las-redes-sociales-que-necesito-como-pyme-o-autonomo\/#breadcrumb\",\"itemListElement\":[{\"@type\":\"ListItem\",\"position\":1,\"name\":\"Blog\",\"item\":\"https:\/\/www.billin.net\/blog\/\"},{\"@type\":\"ListItem\",\"position\":2,\"name\":\"Marketing\",\"item\":\"https:\/\/www.billin.net\/blog\/marketing\/\"},{\"@type\":\"ListItem\",\"position\":3,\"name\":\"\u00bfCu\u00e1les son las redes sociales que necesito como pyme o aut\u00f3nomo?\"}]},{\"@type\":\"WebSite\",\"@id\":\"https:\/\/www.billin.net\/blog\/#website\",\"url\":\"https:\/\/www.billin.net\/blog\/\",\"name\":\"Blog de Billin\",\"description\":\"Mantente informado con el blog de TeamSystem Facturas Billin:  facturaci\u00f3n, legislaci\u00f3n, contabilidad, management y toda la informaci\u00f3n \u00fatil para pymes y aut\u00f3nomos.\",\"publisher\":{\"@id\":\"https:\/\/www.billin.net\/blog\/#organization\"},\"potentialAction\":[{\"@type\":\"SearchAction\",\"target\":{\"@type\":\"EntryPoint\",\"urlTemplate\":\"https:\/\/www.billin.net\/blog\/?s={search_term_string}\"},\"query-input\":{\"@type\":\"PropertyValueSpecification\",\"valueRequired\":true,\"valueName\":\"search_term_string\"}}],\"inLanguage\":\"es\"},{\"@type\":\"Organization\",\"@id\":\"https:\/\/www.billin.net\/blog\/#organization\",\"name\":\"Billin\",\"alternateName\":\"Blog de Billin\",\"url\":\"https:\/\/www.billin.net\/blog\/\",\"logo\":{\"@type\":\"ImageObject\",\"inLanguage\":\"es\",\"@id\":\"https:\/\/www.billin.net\/blog\/#\/schema\/logo\/image\/\",\"url\":\"https:\/\/www.billin.net\/blog\/wp-content\/uploads\/2019\/06\/logotipo-billin-blog-1.png\",\"contentUrl\":\"https:\/\/www.billin.net\/blog\/wp-content\/uploads\/2019\/06\/logotipo-billin-blog-1.png\",\"width\":126,\"height\":50,\"caption\":\"Billin\"},\"image\":{\"@id\":\"https:\/\/www.billin.net\/blog\/#\/schema\/logo\/image\/\"},\"sameAs\":[\"https:\/\/www.facebook.com\/EsBillin\",\"https:\/\/x.com\/Billin_ES\",\"https:\/\/www.instagram.com\/billin_es\/\",\"https:\/\/www.linkedin.com\/company\/billin-spain\",\"https:\/\/www.youtube.com\/c\/BillinEsintercambiodefacturas\/\"],\"legalName\":\"MY EXPENSES SL\",\"contactPoint\":{\"@type\":\"ContactPoint\",\"telephone\":\"+34918318883\",\"contactType\":\"customer service\",\"email\":\"info@billin.eu\",\"availableLanguage\":\"es\"},\"foundingDate\":\"2015\",\"numberOfEmployees\":{\"@type\":\"QuantitativeValue\",\"minValue\":10,\"maxValue\":50},\"parentOrganization\":{\"@type\":\"Organization\",\"name\":\"TeamSystem\",\"url\":\"https:\/\/www.teamsystem.com\/\"},\"description\":\"Billin es el programa de facturaci\u00f3n online de TeamSystem para aut\u00f3nomos y pymes en Espa\u00f1a. Permite crear facturas, controlar gastos y cumplir con Verifactu.\",\"address\":{\"@type\":\"PostalAddress\",\"streetAddress\":\"Calle Arturo Soria, 336\",\"addressLocality\":\"Madrid\",\"addressRegion\":\"Madrid\",\"postalCode\":\"28033\",\"addressCountry\":\"ES\"}},{\"@type\":\"Person\",\"@id\":\"https:\/\/www.billin.net\/blog\/#\/schema\/person\/d0339ee6e869234614541b1e80a793e7\",\"name\":\"Marcos De La Cueva - CEO TeamSystem Facturas Billin\",\"image\":{\"@type\":\"ImageObject\",\"inLanguage\":\"es\",\"@id\":\"https:\/\/www.billin.net\/blog\/#\/schema\/person\/image\/\",\"url\":\"https:\/\/www.billin.net\/blog\/wp-content\/uploads\/2023\/10\/marcos-color-150x150.png\",\"contentUrl\":\"https:\/\/www.billin.net\/blog\/wp-content\/uploads\/2023\/10\/marcos-color-150x150.png\",\"caption\":\"Marcos De La Cueva - CEO TeamSystem Facturas Billin\"},\"description\":\"Licenciado en ADE por la Universidad Aut\u00f3noma de Madrid, Marcos De la Cueva es CEO y cofundador de TeamSystem Facturas Billin, un programa online que lleva m\u00e1s de 9 a\u00f1os ayudando a aut\u00f3nomos, peque\u00f1os negocios y gestor\u00edas a digitalizar sus presupuestos, facturas, tickets y gastos. \u00a0 Sobre Marcos De La Cueva \u00a0 Apasionado por el mundo empresarial y la tecnolog\u00eda, curs\u00f3 su M\u00e1ster de Finanzas en la Universidad Pontificia de Comillas y estuvo en el Programa de Cooperaci\u00f3n Educativa de la Universidad Aut\u00f3noma de Madrid. \u00a0 Marcos siempre ha tenido su objetivo claro: ayudar a la creaci\u00f3n de negocios financieramente sostenibles a trav\u00e9s de una herramienta de facturaci\u00f3n que les permita ahorrar tiempo y tener la contabilidad bajo control. \u00a0 Marcos De La Cueva en los medios \u2014 Noticia sobre Kit Digital y Ley Antifraude (VeriFactu) en El Economista. \u2014 Noticia sobre Kit Digital y factura electr\u00f3nica obligatoria en Diario Jur\u00eddico. \u2014 Noticia sobre el a\u00f1o de transici\u00f3n para la factura electr\u00f3nica en Muy Pymes. \u2014 Entrevista sobre factura electr\u00f3nica obligatoria en Canal Sur. \u2014 Noticia sobre el informe factura electr\u00f3nica de TeamSystem en Channel Partner. \u2014 Charla sobre productividad y Ley Crea y Crece en El Economista. \u2014 Charla sobre factura electr\u00f3nica obligatoria en Muy Pymes. \u2014 Charla sobre digitalizaci\u00f3n aut\u00f3nomos y productividad en esdiario. \u2014 Charla sobre productividad y factura electr\u00f3nica en La Raz\u00f3n. \u2014 Charla sobre factura electr\u00f3nica obligatoria en Aut\u00f3nomos y Emprendedores. \u2014 Entrevista sobre Ley Antifraude y Ley Crea y Crece en Expansi\u00f3n. \u2014 Entrevista sobre Ley Antifraude y Ley Crea y Crece en La Raz\u00f3n. \u2014 Entrevista sobre factura electr\u00f3nica obligatoria en El Economista. \u2014 Comunicado Billin y TeamSystem en Business Insider. \u2014 Entrevista en Econom\u00eda Digital. \u2014 Entrevista en Ideas para tu empresa de Vodafone. \u2014 Entrevista en M\u00e1sQradio. \u2014 Entrevista en Armas para emprender de El M\u00e9todo Gallardo. \u2014 Entrevista en KFund. \u2014 Entrevista en AXA Seguros Espa\u00f1a. \u2014 Entrevista en GestionaRadio. \u00a0 Marcos De La Cueva en eventos \u00a0 \u2014 Participaci\u00f3n como ponente en Accountex Espa\u00f1a 2023. \u00a0 Tem\u00e1ticas de especializaci\u00f3n \u00a0 negocios | startups | contabilidad| fiscalidad | empresas| asesor\u00edas| autonomos | emprendedores | peque\u00f1os negocios | econom\u00eda | ADE | pymes | desarrollo de negocio\u00a0\",\"sameAs\":[\"https:\/\/www.billin.net\/\",\"https:\/\/www.linkedin.com\/in\/marcos-de-la-cueva-19750ba3\/\"],\"url\":\"https:\/\/www.billin.net\/blog\/author\/marcosdelacueva\/\",\"jobTitle\":\"CEO y cofundador de TS Facturas Billin\"}]}<\/script>\n<!-- \/ Yoast SEO plugin. -->","yoast_head_json":{"title":"Redes sociales populares para aut\u00f3nomos y pymes | TeamSystem Facturas Billin","description":"En este art\u00edculo, vamos a ense\u00f1arte a sacarle provecho a las redes sociales m\u00e1s utilizadas para tu negocio.","robots":{"index":"index","follow":"follow","max-snippet":"max-snippet:-1","max-image-preview":"max-image-preview:large","max-video-preview":"max-video-preview:-1"},"canonical":"https:\/\/www.billin.net\/blog\/cuales-son-las-redes-sociales-que-necesito-como-pyme-o-autonomo\/","og_locale":"es_ES","og_type":"article","og_title":"Redes sociales populares para aut\u00f3nomos y pymes | TeamSystem Facturas Billin","og_description":"En este art\u00edculo, vamos a ense\u00f1arte a sacarle provecho a las redes sociales m\u00e1s utilizadas para tu negocio.","og_url":"https:\/\/www.billin.net\/blog\/cuales-son-las-redes-sociales-que-necesito-como-pyme-o-autonomo\/","og_site_name":"Blog de TeamSystem Facturas Billin","article_publisher":"https:\/\/www.facebook.com\/EsBillin","article_published_time":"2019-06-28T10:06:55+00:00","article_modified_time":"2025-09-25T18:49:48+00:00","og_image":[{"width":1200,"height":800,"url":"https:\/\/www.billin.net\/blog\/wp-content\/uploads\/2019\/06\/redes-sociales-pymes-1.jpg","type":"image\/jpeg"}],"author":"Marcos De La Cueva - CEO TeamSystem Facturas Billin","twitter_card":"summary_large_image","twitter_creator":"@Billin_ES","twitter_site":"@Billin_ES","twitter_misc":{"Escrito por":"Marcos De La Cueva - CEO TeamSystem Facturas Billin","Tiempo de lectura":"4 minutos"},"schema":{"@context":"https:\/\/schema.org","@graph":[{"@type":"Article","@id":"https:\/\/www.billin.net\/blog\/cuales-son-las-redes-sociales-que-necesito-como-pyme-o-autonomo\/#article","isPartOf":{"@id":"https:\/\/www.billin.net\/blog\/cuales-son-las-redes-sociales-que-necesito-como-pyme-o-autonomo\/"},"author":{"name":"Marcos De La Cueva - CEO TeamSystem Facturas Billin","@id":"https:\/\/www.billin.net\/blog\/#\/schema\/person\/d0339ee6e869234614541b1e80a793e7"},"headline":"\u00bfCu\u00e1les son las redes sociales que necesito como pyme o aut\u00f3nomo?","datePublished":"2019-06-28T10:06:55+00:00","dateModified":"2025-09-25T18:49:48+00:00","mainEntityOfPage":{"@id":"https:\/\/www.billin.net\/blog\/cuales-son-las-redes-sociales-que-necesito-como-pyme-o-autonomo\/"},"wordCount":878,"commentCount":0,"publisher":{"@id":"https:\/\/www.billin.net\/blog\/#organization"},"image":{"@id":"https:\/\/www.billin.net\/blog\/cuales-son-las-redes-sociales-que-necesito-como-pyme-o-autonomo\/#primaryimage"},"thumbnailUrl":"https:\/\/www.billin.net\/blog\/wp-content\/uploads\/2019\/06\/redes-sociales-pymes-1.jpg","keywords":["Aut\u00f3nomos","Pymes"],"articleSection":["Marketing"],"inLanguage":"es","potentialAction":[{"@type":"CommentAction","name":"Comment","target":["https:\/\/www.billin.net\/blog\/cuales-son-las-redes-sociales-que-necesito-como-pyme-o-autonomo\/#respond"]}]},{"@type":"WebPage","@id":"https:\/\/www.billin.net\/blog\/cuales-son-las-redes-sociales-que-necesito-como-pyme-o-autonomo\/","url":"https:\/\/www.billin.net\/blog\/cuales-son-las-redes-sociales-que-necesito-como-pyme-o-autonomo\/","name":"Redes sociales populares para aut\u00f3nomos y pymes | TeamSystem Facturas Billin","isPartOf":{"@id":"https:\/\/www.billin.net\/blog\/#website"},"primaryImageOfPage":{"@id":"https:\/\/www.billin.net\/blog\/cuales-son-las-redes-sociales-que-necesito-como-pyme-o-autonomo\/#primaryimage"},"image":{"@id":"https:\/\/www.billin.net\/blog\/cuales-son-las-redes-sociales-que-necesito-como-pyme-o-autonomo\/#primaryimage"},"thumbnailUrl":"https:\/\/www.billin.net\/blog\/wp-content\/uploads\/2019\/06\/redes-sociales-pymes-1.jpg","datePublished":"2019-06-28T10:06:55+00:00","dateModified":"2025-09-25T18:49:48+00:00","description":"En este art\u00edculo, vamos a ense\u00f1arte a sacarle provecho a las redes sociales m\u00e1s utilizadas para tu negocio.","breadcrumb":{"@id":"https:\/\/www.billin.net\/blog\/cuales-son-las-redes-sociales-que-necesito-como-pyme-o-autonomo\/#breadcrumb"},"inLanguage":"es","potentialAction":[{"@type":"ReadAction","target":["https:\/\/www.billin.net\/blog\/cuales-son-las-redes-sociales-que-necesito-como-pyme-o-autonomo\/"]}]},{"@type":"ImageObject","inLanguage":"es","@id":"https:\/\/www.billin.net\/blog\/cuales-son-las-redes-sociales-que-necesito-como-pyme-o-autonomo\/#primaryimage","url":"https:\/\/www.billin.net\/blog\/wp-content\/uploads\/2019\/06\/redes-sociales-pymes-1.jpg","contentUrl":"https:\/\/www.billin.net\/blog\/wp-content\/uploads\/2019\/06\/redes-sociales-pymes-1.jpg","width":1200,"height":800,"caption":"Young handsome minded man in jeans shirt and spectacles sitting at the table and typink a letter to his acquaintance"},{"@type":"BreadcrumbList","@id":"https:\/\/www.billin.net\/blog\/cuales-son-las-redes-sociales-que-necesito-como-pyme-o-autonomo\/#breadcrumb","itemListElement":[{"@type":"ListItem","position":1,"name":"Blog","item":"https:\/\/www.billin.net\/blog\/"},{"@type":"ListItem","position":2,"name":"Marketing","item":"https:\/\/www.billin.net\/blog\/marketing\/"},{"@type":"ListItem","position":3,"name":"\u00bfCu\u00e1les son las redes sociales que necesito como pyme o aut\u00f3nomo?"}]},{"@type":"WebSite","@id":"https:\/\/www.billin.net\/blog\/#website","url":"https:\/\/www.billin.net\/blog\/","name":"Blog de Billin","description":"Mantente informado con el blog de TeamSystem Facturas Billin:  facturaci\u00f3n, legislaci\u00f3n, contabilidad, management y toda la informaci\u00f3n \u00fatil para pymes y aut\u00f3nomos.","publisher":{"@id":"https:\/\/www.billin.net\/blog\/#organization"},"potentialAction":[{"@type":"SearchAction","target":{"@type":"EntryPoint","urlTemplate":"https:\/\/www.billin.net\/blog\/?s={search_term_string}"},"query-input":{"@type":"PropertyValueSpecification","valueRequired":true,"valueName":"search_term_string"}}],"inLanguage":"es"},{"@type":"Organization","@id":"https:\/\/www.billin.net\/blog\/#organization","name":"Billin","alternateName":"Blog de Billin","url":"https:\/\/www.billin.net\/blog\/","logo":{"@type":"ImageObject","inLanguage":"es","@id":"https:\/\/www.billin.net\/blog\/#\/schema\/logo\/image\/","url":"https:\/\/www.billin.net\/blog\/wp-content\/uploads\/2019\/06\/logotipo-billin-blog-1.png","contentUrl":"https:\/\/www.billin.net\/blog\/wp-content\/uploads\/2019\/06\/logotipo-billin-blog-1.png","width":126,"height":50,"caption":"Billin"},"image":{"@id":"https:\/\/www.billin.net\/blog\/#\/schema\/logo\/image\/"},"sameAs":["https:\/\/www.facebook.com\/EsBillin","https:\/\/x.com\/Billin_ES","https:\/\/www.instagram.com\/billin_es\/","https:\/\/www.linkedin.com\/company\/billin-spain","https:\/\/www.youtube.com\/c\/BillinEsintercambiodefacturas\/"],"legalName":"MY EXPENSES SL","contactPoint":{"@type":"ContactPoint","telephone":"+34918318883","contactType":"customer service","email":"info@billin.eu","availableLanguage":"es"},"foundingDate":"2015","numberOfEmployees":{"@type":"QuantitativeValue","minValue":10,"maxValue":50},"parentOrganization":{"@type":"Organization","name":"TeamSystem","url":"https:\/\/www.teamsystem.com\/"},"description":"Billin es el programa de facturaci\u00f3n online de TeamSystem para aut\u00f3nomos y pymes en Espa\u00f1a. Permite crear facturas, controlar gastos y cumplir con Verifactu.","address":{"@type":"PostalAddress","streetAddress":"Calle Arturo Soria, 336","addressLocality":"Madrid","addressRegion":"Madrid","postalCode":"28033","addressCountry":"ES"}},{"@type":"Person","@id":"https:\/\/www.billin.net\/blog\/#\/schema\/person\/d0339ee6e869234614541b1e80a793e7","name":"Marcos De La Cueva - CEO TeamSystem Facturas Billin","image":{"@type":"ImageObject","inLanguage":"es","@id":"https:\/\/www.billin.net\/blog\/#\/schema\/person\/image\/","url":"https:\/\/www.billin.net\/blog\/wp-content\/uploads\/2023\/10\/marcos-color-150x150.png","contentUrl":"https:\/\/www.billin.net\/blog\/wp-content\/uploads\/2023\/10\/marcos-color-150x150.png","caption":"Marcos De La Cueva - CEO TeamSystem Facturas Billin"},"description":"Licenciado en ADE por la Universidad Aut\u00f3noma de Madrid, Marcos De la Cueva es CEO y cofundador de TeamSystem Facturas Billin, un programa online que lleva m\u00e1s de 9 a\u00f1os ayudando a aut\u00f3nomos, peque\u00f1os negocios y gestor\u00edas a digitalizar sus presupuestos, facturas, tickets y gastos. \u00a0 Sobre Marcos De La Cueva \u00a0 Apasionado por el mundo empresarial y la tecnolog\u00eda, curs\u00f3 su M\u00e1ster de Finanzas en la Universidad Pontificia de Comillas y estuvo en el Programa de Cooperaci\u00f3n Educativa de la Universidad Aut\u00f3noma de Madrid. \u00a0 Marcos siempre ha tenido su objetivo claro: ayudar a la creaci\u00f3n de negocios financieramente sostenibles a trav\u00e9s de una herramienta de facturaci\u00f3n que les permita ahorrar tiempo y tener la contabilidad bajo control. \u00a0 Marcos De La Cueva en los medios \u2014 Noticia sobre Kit Digital y Ley Antifraude (VeriFactu) en El Economista. \u2014 Noticia sobre Kit Digital y factura electr\u00f3nica obligatoria en Diario Jur\u00eddico. \u2014 Noticia sobre el a\u00f1o de transici\u00f3n para la factura electr\u00f3nica en Muy Pymes. \u2014 Entrevista sobre factura electr\u00f3nica obligatoria en Canal Sur. \u2014 Noticia sobre el informe factura electr\u00f3nica de TeamSystem en Channel Partner. \u2014 Charla sobre productividad y Ley Crea y Crece en El Economista. \u2014 Charla sobre factura electr\u00f3nica obligatoria en Muy Pymes. \u2014 Charla sobre digitalizaci\u00f3n aut\u00f3nomos y productividad en esdiario. \u2014 Charla sobre productividad y factura electr\u00f3nica en La Raz\u00f3n. \u2014 Charla sobre factura electr\u00f3nica obligatoria en Aut\u00f3nomos y Emprendedores. \u2014 Entrevista sobre Ley Antifraude y Ley Crea y Crece en Expansi\u00f3n. \u2014 Entrevista sobre Ley Antifraude y Ley Crea y Crece en La Raz\u00f3n. \u2014 Entrevista sobre factura electr\u00f3nica obligatoria en El Economista. \u2014 Comunicado Billin y TeamSystem en Business Insider. \u2014 Entrevista en Econom\u00eda Digital. \u2014 Entrevista en Ideas para tu empresa de Vodafone. \u2014 Entrevista en M\u00e1sQradio. \u2014 Entrevista en Armas para emprender de El M\u00e9todo Gallardo. \u2014 Entrevista en KFund. \u2014 Entrevista en AXA Seguros Espa\u00f1a. \u2014 Entrevista en GestionaRadio. \u00a0 Marcos De La Cueva en eventos \u00a0 \u2014 Participaci\u00f3n como ponente en Accountex Espa\u00f1a 2023. \u00a0 Tem\u00e1ticas de especializaci\u00f3n \u00a0 negocios | startups | contabilidad| fiscalidad | empresas| asesor\u00edas| autonomos | emprendedores | peque\u00f1os negocios | econom\u00eda | ADE | pymes | desarrollo de negocio\u00a0","sameAs":["https:\/\/www.billin.net\/","https:\/\/www.linkedin.com\/in\/marcos-de-la-cueva-19750ba3\/"],"url":"https:\/\/www.billin.net\/blog\/author\/marcosdelacueva\/","jobTitle":"CEO y cofundador de TS Facturas Billin"}]}},"_links":{"self":[{"href":"https:\/\/www.billin.net\/blog\/wp-json\/wp\/v2\/posts\/11889","targetHints":{"allow":["GET"]}}],"collection":[{"href":"https:\/\/www.billin.net\/blog\/wp-json\/wp\/v2\/posts"}],"about":[{"href":"https:\/\/www.billin.net\/blog\/wp-json\/wp\/v2\/types\/post"}],"author":[{"embeddable":true,"href":"https:\/\/www.billin.net\/blog\/wp-json\/wp\/v2\/users\/20"}],"replies":[{"embeddable":true,"href":"https:\/\/www.billin.net\/blog\/wp-json\/wp\/v2\/comments?post=11889"}],"version-history":[{"count":8,"href":"https:\/\/www.billin.net\/blog\/wp-json\/wp\/v2\/posts\/11889\/revisions"}],"predecessor-version":[{"id":27180,"href":"https:\/\/www.billin.net\/blog\/wp-json\/wp\/v2\/posts\/11889\/revisions\/27180"}],"wp:featuredmedia":[{"embeddable":true,"href":"https:\/\/www.billin.net\/blog\/wp-json\/wp\/v2\/media\/11892"}],"wp:attachment":[{"href":"https:\/\/www.billin.net\/blog\/wp-json\/wp\/v2\/media?parent=11889"}],"wp:term":[{"taxonomy":"category","embeddable":true,"href":"https:\/\/www.billin.net\/blog\/wp-json\/wp\/v2\/categories?post=11889"},{"taxonomy":"post_tag","embeddable":true,"href":"https:\/\/www.billin.net\/blog\/wp-json\/wp\/v2\/tags?post=11889"}],"curies":[{"name":"wp","href":"https:\/\/api.w.org\/{rel}","templated":true}]}}