{"id":11839,"date":"2019-06-10T13:49:49","date_gmt":"2019-06-10T11:49:49","guid":{"rendered":"https:\/\/www.billin.net\/blog\/?p=11839"},"modified":"2025-09-25T20:49:53","modified_gmt":"2025-09-25T18:49:53","slug":"calendario-obligaciones-fiscales-autonomos-2019","status":"publish","type":"post","link":"https:\/\/www.billin.net\/blog\/calendario-obligaciones-fiscales-autonomos-2019\/","title":{"rendered":"Calendario y obligaciones fiscales para aut\u00f3nomos en 2019"},"content":{"rendered":"<p>En este art\u00edculo, vamos a recoger todos los modelos que tendr\u00e1 que presentar un aut\u00f3nomo tanto de forma trimestral como anual, adem\u00e1s de informaros de todas las fechas fiscales importantes para el aut\u00f3nomo.<!--more--><\/p>\n<h2>Calendario fiscal y tributario para los aut\u00f3nomos en 2019<\/h2>\n<p>Si quieres puedes ver nuestro<strong> <a href=\"https:\/\/www.billin.net\/blog\/calendario-fiscal-2021\/\" target=\"_blank\" rel=\"noopener noreferrer\">CALENDARIO FISCAL 2021<\/a> <\/strong>con todas las fechas actualizadas<\/p>\n<h3>Liquidaciones trimestrales<\/h3>\n<p>Con este art\u00edculo, queremos ayudarte a que controles de forma correcta, todas las <strong>fechas fiscales obligatorias<\/strong> que tiene el aut\u00f3nomo durante el a\u00f1o 2019.<\/p>\n<p>En TeamSystem Facturas Billin, te ofrecemos un calendario fiscal, para el<strong> ejercicio 2019<\/strong>, que te servir\u00e1 de gu\u00eda para controlar todas las\u00a0fechas de <a href=\"https:\/\/www.billin.net\/blog\/impuestos-presenta-autonomo\/\">presentaci\u00f3n de los impuestos<\/a> que tengas que elaborar.<\/p>\n<p>Lo primero, ser\u00e1 indicar los <strong>trimestres que tiene un a\u00f1o fiscal<\/strong>, y, por tanto, podemos dividirlo en:<\/p>\n<ul>\n<li><strong>Primer trimestre<\/strong>: comprende desde el 01 de enero al 31 de marzo, y su fecha de presentaci\u00f3n, ir\u00e1 desde el <strong>01 de abril al 20 de abril<\/strong>. (Este a\u00f1o abarca hasta el 22 al caer en s\u00e1bado el 20)<\/li>\n<li><strong>Segundo trimestre<\/strong>: corresponde desde el 01 de abril al 30 de junio, y su fecha de presentaci\u00f3n, ir\u00e1 desde el <strong>01 de julio al 20 de julio<\/strong> (Este a\u00f1o abarca hasta el 22 al caer en s\u00e1bado el 20)<\/li>\n<li><strong>Tercer trimestre<\/strong>: corresponde desde el 01 de julio al 30 de septiembre, y su fecha de presentaci\u00f3n, ir\u00e1 desde el <strong>01 de octubre al 20 de octubre<\/strong>\u00a0(Este a\u00f1o abarca hasta el 21 al caer en domingo el 20)<\/li>\n<li><strong>Cuarto trimestre<\/strong>: corresponde desde el 01 de octubre al 31 de diciembre, y su fecha de presentaci\u00f3n, ir\u00e1 desde el <strong>01 de enero al 30 de enero<\/strong>\u00a0<strong>del siguiente a\u00f1o<\/strong>, en este caso del 2020.<\/li>\n<\/ul>\n<p>Todos los aut\u00f3nomos se ver\u00e1n obligados a presentar las liquidaciones trimestrales y las anuales que le correspondan.<\/p>\n<h4>Presentaci\u00f3n de IVA<\/h4>\n<p>El IVA corresponde al <a href=\"https:\/\/www.billin.net\/blog\/como-rellenar-modelo-303\/\"><strong>Modelo 303<\/strong><\/a>, el cual, se presentar\u00e1 en Hacienda de forma trimestral, es decir:<\/p>\n<p><img loading=\"lazy\" decoding=\"async\" class=\"aligncenter size-full wp-image-11842\" src=\"https:\/\/www.billin.net\/blog\/wp-content\/uploads\/2019\/06\/presnetacion-iva.jpg\" alt=\"\" width=\"574\" height=\"110\" srcset=\"https:\/\/www.billin.net\/blog\/wp-content\/uploads\/2019\/06\/presnetacion-iva.jpg 574w, https:\/\/www.billin.net\/blog\/wp-content\/uploads\/2019\/06\/presnetacion-iva-300x57.jpg 300w\" sizes=\"(max-width: 574px) 100vw, 574px\" \/><\/p>\n<p>Este Modelo, conlleva la presentaci\u00f3n de un resumen anual que se incluye en el <a href=\"https:\/\/www.billin.net\/blog\/modelo-390-resumen-anual-modelo-303\/\"><strong>Modelo 390<\/strong><\/a>, el cual, estar\u00e1 formado por los cuatro trimestres ya liquidados.<\/p>\n<p>Es un impuesto informativo, por tanto, no pagaremos nada, tan solo, habr\u00e1 que trasladar los datos de los trimestres ya presentados.<\/p>\n<h4>Presentaci\u00f3n de IRPF<\/h4>\n<p>El IRPF corresponde al <strong><a href=\"https:\/\/www.billin.net\/blog\/modelo-130\/\">Modelo 130<\/a> o <a href=\"https:\/\/www.billin.net\/blog\/modelo-131\/\">131,<\/a><\/strong>\u00a0donde se liquidar\u00e1 el pago fraccionado a cuenta del futuro beneficio que obtenga el aut\u00f3nomo.<\/p>\n<p>Este modelo no lo presentar\u00e1n todos los aut\u00f3nomos, ya que, depender\u00e1 del tipo de actividad que desarrolles.<\/p>\n<p>Si eres de los aut\u00f3nomos que tienes que presentarlo de forma trimestral, tendr\u00e1s las siguientes fechas fiscales:<\/p>\n<p><img loading=\"lazy\" decoding=\"async\" class=\"aligncenter size-full wp-image-11843\" src=\"https:\/\/www.billin.net\/blog\/wp-content\/uploads\/2019\/06\/presnetacion-irpf.jpg\" alt=\"\" width=\"575\" height=\"110\" srcset=\"https:\/\/www.billin.net\/blog\/wp-content\/uploads\/2019\/06\/presnetacion-irpf.jpg 575w, https:\/\/www.billin.net\/blog\/wp-content\/uploads\/2019\/06\/presnetacion-irpf-300x57.jpg 300w\" sizes=\"(max-width: 575px) 100vw, 575px\" \/><\/p>\n<p>Tambi\u00e9n existen otros modelos que debe presentar el aut\u00f3nomo seg\u00fan cumpla o no unos requisitos:<\/p>\n<p><a href=\"https:\/\/www.billin.net\/blog\/modelo-irpf-115\/\"><strong>Modelo 115<\/strong><\/a>, para los aut\u00f3nomos que tienen un local alquilado.<\/p>\n<p><a href=\"https:\/\/www.billin.net\/blog\/modelo-111\/\"><strong>Modelo 111<\/strong><\/a>, para los aut\u00f3nomos que tienen trabajadores o reciben facturas de profesionales.<\/p>\n<p>Tanto un modelo como el otro tendr\u00e1n las siguientes fechas fiscales:<\/p>\n<p><img loading=\"lazy\" decoding=\"async\" class=\"aligncenter size-full wp-image-11844\" src=\"https:\/\/www.billin.net\/blog\/wp-content\/uploads\/2019\/06\/fechas-fiscales.jpg\" alt=\"\" width=\"577\" height=\"111\" srcset=\"https:\/\/www.billin.net\/blog\/wp-content\/uploads\/2019\/06\/fechas-fiscales.jpg 577w, https:\/\/www.billin.net\/blog\/wp-content\/uploads\/2019\/06\/fechas-fiscales-300x58.jpg 300w\" sizes=\"(max-width: 577px) 100vw, 577px\" \/><\/p>\n<p>Adem\u00e1s de los impuestos comentados en el apartado anterior, hay que tener en cuenta que los aut\u00f3nomos deber\u00e1n presentar la <strong><a href=\"https:\/\/www.billin.net\/blog\/como-hacer-declaracion-renta-autonomo\/\"><u>Declaraci\u00f3n la Renta<\/u><\/a><\/strong> de forma obligatoria, adem\u00e1s de los res\u00famenes que le correspondan.<img loading=\"lazy\" decoding=\"async\" class=\"aligncenter size-full wp-image-12037\" src=\"https:\/\/www.billin.net\/blog\/wp-content\/uploads\/2019\/06\/BILLIN-calendario-2019-autonomos-comprimido_page-0001-1-min.jpg\" alt=\"\" width=\"3600\" height=\"13788\" \/><br \/>\n<a class=\"boton-cta\" href=\"https:\/\/www.billin.net\/blog\/wp-content\/uploads\/2019\/06\/calendario-2019-autonomos_compressed.pdf\" target=\"_blank\" rel=\"noopener noreferrer\">Descargar calendario fiscal<\/a><\/p>\n<h3>Presentaci\u00f3n de Declaraci\u00f3n de la Renta<\/h3>\n<p>El plazo de presentaci\u00f3n de este impuesto, dentro del Calendario fiscal de 2019, es desde la primera semana del mes de abril de 2019 hasta el 01 de julio de 2019.<\/p>\n<p>Este a\u00f1o, desde el 15 de marzo, ya pod\u00edas descargar los datos fiscales, pero, no se han podido presentar dicho impuesto, hasta la primera semana de abril.<\/p>\n<h3>Presentaci\u00f3n de los Res\u00famenes anuales<\/h3>\n<p>El modelo 115, lleva aparejado un resumen anual, al igual que el IVA, nombrado con el <a href=\"https:\/\/www.billin.net\/blog\/como-rellenar-modelo-180\/\"><strong>Modelo 180 <\/strong><\/a>, el cual, recoger\u00e1 los datos ya incluidos en las liquidaciones trimestrales, adem\u00e1s de a\u00f1adir los datos personales del propietario del local alquilado.<\/p>\n<p>Su fecha en el calendario fiscal de 2019 ser\u00e1, desde el d\u00eda 01 de enero al 31 de enero de 2020.<\/p>\n<p>El modelo 111, lleva aparejado un resumen anual, nombrado con el <a href=\"https:\/\/www.billin.net\/blog\/modelo-190-resumen-anual-de-retenciones-e-ingresos-a-cuenta-del-irpf\/\"><strong>Modelo 190<\/strong><\/a>, el cual, recoger\u00e1 los datos ya incluidos en las liquidaciones trimestrales, adem\u00e1s de a\u00f1adir los datos personales de los perceptores.<\/p>\n<p>Su fecha en el calendario fiscal de 2019 ser\u00e1, desde el 01 de enero al 31 de enero de 2020.<\/p>\n<h3>El Modelo 347<\/h3>\n<p>Este <strong><a href=\"https:\/\/www.billin.net\/blog\/modelo-347-declaracion-informativa-declaracion-anual-de-operaciones-con-terceros\/\">modelo anual 347<\/a><\/strong>, tiene como fecha de presentaci\u00f3n, en el calendario fiscal del 2019, desde el 1 al 28 de febrero de 2020.<\/p>\n<h2>Pago y presentaci\u00f3n de los impuestos<\/h2>\n<p>En el caso de que los <u><strong><a href=\"https:\/\/www.billin.net\/blog\/renta-de-2018-a-devolver-o-a-ingresar\/\">impuestos salgan a pagar<\/a><\/strong>, <\/u>habr\u00e1 dos maneras de presentarlos:<\/p>\n<p>1.- Domiciliando el importe a ingresar<\/p>\n<p>2.- Llev\u00e1ndolo directamente a tu entidad financiera o solicitando el NRC<\/p>\n<p>Para poder llevar estos tr\u00e1mites de la mejor forma posible, el <strong>contratar los servicios de un gestor te ayudar\u00e1<\/strong> a que todos los documentos que hemos tratado en este art\u00edculo est\u00e9n presentados en su fecha y forma correcta.<\/p>\n<p>Adem\u00e1s, si quieres centralizar en un mismo lugar todos esos documentos y facturas, tener todo al d\u00eda y no tener as\u00ed penalizaciones, <strong>TeamSystem Facturas Billin <\/strong>es el lugar id\u00f3neo para ello.<\/p>\n","protected":false},"excerpt":{"rendered":"<p>En este art\u00edculo, vamos a recoger todos los modelos que tendr\u00e1 que presentar un aut\u00f3nomo tanto de forma trimestral como anual, adem\u00e1s de informaros de todas las fechas fiscales importantes para el aut\u00f3nomo.<\/p>\n","protected":false},"author":20,"featured_media":11845,"comment_status":"open","ping_status":"open","sticky":false,"template":"","format":"standard","meta":{"_acf_changed":false,"_et_pb_use_builder":"","_et_pb_old_content":"","_et_gb_content_width":"","om_disable_all_campaigns":false,"inline_featured_image":false,"footnotes":""},"categories":[1014],"tags":[1380],"class_list":{"0":"post-11839","1":"post","2":"type-post","3":"status-publish","4":"format-standard","5":"has-post-thumbnail","7":"category-fiscalidad","8":"tag-autonomos"},"acf":{"selector_de_usuario":"","fecha_de_revision":"20210107"},"yoast_head":"<!-- This site is optimized with the Yoast SEO plugin v27.1 - https:\/\/yoast.com\/product\/yoast-seo-wordpress\/ -->\n<title>Calendario fiscal aut\u00f3nomos y pymes 2019 | TeamSystem Facturas Billin<\/title>\n<meta name=\"description\" content=\"Todos los modelos que tendr\u00e1 que presentar un aut\u00f3nomo tanto de forma trimestral como anual y todas las fechas fiscales importantes.\" \/>\n<meta name=\"robots\" content=\"index, follow, max-snippet:-1, max-image-preview:large, max-video-preview:-1\" \/>\n<link rel=\"canonical\" href=\"https:\/\/www.billin.net\/blog\/calendario-obligaciones-fiscales-autonomos-2019\/\" \/>\n<meta property=\"og:locale\" content=\"es_ES\" \/>\n<meta property=\"og:type\" content=\"article\" \/>\n<meta property=\"og:title\" content=\"Calendario fiscal aut\u00f3nomos y pymes 2019 | TeamSystem Facturas Billin\" \/>\n<meta property=\"og:description\" content=\"Todos los modelos que tendr\u00e1 que presentar un aut\u00f3nomo tanto de forma trimestral como anual y todas las fechas fiscales importantes.\" \/>\n<meta property=\"og:url\" content=\"https:\/\/www.billin.net\/blog\/calendario-obligaciones-fiscales-autonomos-2019\/\" \/>\n<meta property=\"og:site_name\" content=\"Blog de TeamSystem Facturas Billin\" \/>\n<meta property=\"article:publisher\" content=\"https:\/\/www.facebook.com\/EsBillin\" \/>\n<meta property=\"article:published_time\" content=\"2019-06-10T11:49:49+00:00\" \/>\n<meta property=\"article:modified_time\" content=\"2025-09-25T18:49:53+00:00\" \/>\n<meta property=\"og:image\" content=\"https:\/\/www.billin.net\/blog\/wp-content\/uploads\/2019\/06\/calendario-obligaciones-autonomo-2019.jpg\" \/>\n\t<meta property=\"og:image:width\" content=\"1200\" \/>\n\t<meta property=\"og:image:height\" content=\"800\" \/>\n\t<meta property=\"og:image:type\" content=\"image\/jpeg\" \/>\n<meta name=\"author\" content=\"Marcos De La Cueva - CEO TeamSystem Facturas Billin\" \/>\n<meta name=\"twitter:card\" content=\"summary_large_image\" \/>\n<meta name=\"twitter:creator\" content=\"@Billin_ES\" \/>\n<meta name=\"twitter:site\" content=\"@Billin_ES\" \/>\n<meta name=\"twitter:label1\" content=\"Escrito por\" \/>\n\t<meta name=\"twitter:data1\" content=\"Marcos De La Cueva - CEO TeamSystem Facturas Billin\" \/>\n\t<meta name=\"twitter:label2\" content=\"Tiempo de lectura\" \/>\n\t<meta name=\"twitter:data2\" content=\"5 minutos\" \/>\n<script type=\"application\/ld+json\" class=\"yoast-schema-graph\">{\"@context\":\"https:\/\/schema.org\",\"@graph\":[{\"@type\":\"Article\",\"@id\":\"https:\/\/www.billin.net\/blog\/calendario-obligaciones-fiscales-autonomos-2019\/#article\",\"isPartOf\":{\"@id\":\"https:\/\/www.billin.net\/blog\/calendario-obligaciones-fiscales-autonomos-2019\/\"},\"author\":{\"name\":\"Marcos De La Cueva - CEO TeamSystem Facturas Billin\",\"@id\":\"https:\/\/www.billin.net\/blog\/#\/schema\/person\/d0339ee6e869234614541b1e80a793e7\"},\"headline\":\"Calendario y obligaciones fiscales para aut\u00f3nomos en 2019\",\"datePublished\":\"2019-06-10T11:49:49+00:00\",\"dateModified\":\"2025-09-25T18:49:53+00:00\",\"mainEntityOfPage\":{\"@id\":\"https:\/\/www.billin.net\/blog\/calendario-obligaciones-fiscales-autonomos-2019\/\"},\"wordCount\":844,\"commentCount\":0,\"publisher\":{\"@id\":\"https:\/\/www.billin.net\/blog\/#organization\"},\"image\":{\"@id\":\"https:\/\/www.billin.net\/blog\/calendario-obligaciones-fiscales-autonomos-2019\/#primaryimage\"},\"thumbnailUrl\":\"https:\/\/www.billin.net\/blog\/wp-content\/uploads\/2019\/06\/calendario-obligaciones-autonomo-2019.jpg\",\"keywords\":[\"Aut\u00f3nomos\"],\"articleSection\":[\"Fiscalidad\"],\"inLanguage\":\"es\",\"potentialAction\":[{\"@type\":\"CommentAction\",\"name\":\"Comment\",\"target\":[\"https:\/\/www.billin.net\/blog\/calendario-obligaciones-fiscales-autonomos-2019\/#respond\"]}]},{\"@type\":\"WebPage\",\"@id\":\"https:\/\/www.billin.net\/blog\/calendario-obligaciones-fiscales-autonomos-2019\/\",\"url\":\"https:\/\/www.billin.net\/blog\/calendario-obligaciones-fiscales-autonomos-2019\/\",\"name\":\"Calendario fiscal aut\u00f3nomos y pymes 2019 | TeamSystem Facturas Billin\",\"isPartOf\":{\"@id\":\"https:\/\/www.billin.net\/blog\/#website\"},\"primaryImageOfPage\":{\"@id\":\"https:\/\/www.billin.net\/blog\/calendario-obligaciones-fiscales-autonomos-2019\/#primaryimage\"},\"image\":{\"@id\":\"https:\/\/www.billin.net\/blog\/calendario-obligaciones-fiscales-autonomos-2019\/#primaryimage\"},\"thumbnailUrl\":\"https:\/\/www.billin.net\/blog\/wp-content\/uploads\/2019\/06\/calendario-obligaciones-autonomo-2019.jpg\",\"datePublished\":\"2019-06-10T11:49:49+00:00\",\"dateModified\":\"2025-09-25T18:49:53+00:00\",\"description\":\"Todos los modelos que tendr\u00e1 que presentar un aut\u00f3nomo tanto de forma trimestral como anual y todas las fechas fiscales importantes.\",\"breadcrumb\":{\"@id\":\"https:\/\/www.billin.net\/blog\/calendario-obligaciones-fiscales-autonomos-2019\/#breadcrumb\"},\"inLanguage\":\"es\",\"potentialAction\":[{\"@type\":\"ReadAction\",\"target\":[\"https:\/\/www.billin.net\/blog\/calendario-obligaciones-fiscales-autonomos-2019\/\"]}]},{\"@type\":\"ImageObject\",\"inLanguage\":\"es\",\"@id\":\"https:\/\/www.billin.net\/blog\/calendario-obligaciones-fiscales-autonomos-2019\/#primaryimage\",\"url\":\"https:\/\/www.billin.net\/blog\/wp-content\/uploads\/2019\/06\/calendario-obligaciones-autonomo-2019.jpg\",\"contentUrl\":\"https:\/\/www.billin.net\/blog\/wp-content\/uploads\/2019\/06\/calendario-obligaciones-autonomo-2019.jpg\",\"width\":1200,\"height\":800},{\"@type\":\"BreadcrumbList\",\"@id\":\"https:\/\/www.billin.net\/blog\/calendario-obligaciones-fiscales-autonomos-2019\/#breadcrumb\",\"itemListElement\":[{\"@type\":\"ListItem\",\"position\":1,\"name\":\"Blog\",\"item\":\"https:\/\/www.billin.net\/blog\/\"},{\"@type\":\"ListItem\",\"position\":2,\"name\":\"Fiscalidad\",\"item\":\"https:\/\/www.billin.net\/blog\/fiscalidad\/\"},{\"@type\":\"ListItem\",\"position\":3,\"name\":\"Calendario y obligaciones fiscales para aut\u00f3nomos en 2019\"}]},{\"@type\":\"WebSite\",\"@id\":\"https:\/\/www.billin.net\/blog\/#website\",\"url\":\"https:\/\/www.billin.net\/blog\/\",\"name\":\"Blog de Billin\",\"description\":\"Mantente informado con el blog de TeamSystem Facturas Billin:  facturaci\u00f3n, legislaci\u00f3n, contabilidad, management y toda la informaci\u00f3n \u00fatil para pymes y aut\u00f3nomos.\",\"publisher\":{\"@id\":\"https:\/\/www.billin.net\/blog\/#organization\"},\"potentialAction\":[{\"@type\":\"SearchAction\",\"target\":{\"@type\":\"EntryPoint\",\"urlTemplate\":\"https:\/\/www.billin.net\/blog\/?s={search_term_string}\"},\"query-input\":{\"@type\":\"PropertyValueSpecification\",\"valueRequired\":true,\"valueName\":\"search_term_string\"}}],\"inLanguage\":\"es\"},{\"@type\":\"Organization\",\"@id\":\"https:\/\/www.billin.net\/blog\/#organization\",\"name\":\"Billin\",\"alternateName\":\"Blog de Billin\",\"url\":\"https:\/\/www.billin.net\/blog\/\",\"logo\":{\"@type\":\"ImageObject\",\"inLanguage\":\"es\",\"@id\":\"https:\/\/www.billin.net\/blog\/#\/schema\/logo\/image\/\",\"url\":\"https:\/\/www.billin.net\/blog\/wp-content\/uploads\/2019\/06\/logotipo-billin-blog-1.png\",\"contentUrl\":\"https:\/\/www.billin.net\/blog\/wp-content\/uploads\/2019\/06\/logotipo-billin-blog-1.png\",\"width\":126,\"height\":50,\"caption\":\"Billin\"},\"image\":{\"@id\":\"https:\/\/www.billin.net\/blog\/#\/schema\/logo\/image\/\"},\"sameAs\":[\"https:\/\/www.facebook.com\/EsBillin\",\"https:\/\/x.com\/Billin_ES\",\"https:\/\/www.instagram.com\/billin_es\/\",\"https:\/\/www.linkedin.com\/company\/billin-spain\",\"https:\/\/www.youtube.com\/c\/BillinEsintercambiodefacturas\/\"],\"legalName\":\"MY EXPENSES SL\",\"contactPoint\":{\"@type\":\"ContactPoint\",\"telephone\":\"+34918318883\",\"contactType\":\"customer service\",\"email\":\"info@billin.eu\",\"availableLanguage\":\"es\"},\"foundingDate\":\"2015\",\"numberOfEmployees\":{\"@type\":\"QuantitativeValue\",\"minValue\":10,\"maxValue\":50},\"parentOrganization\":{\"@type\":\"Organization\",\"name\":\"TeamSystem\",\"url\":\"https:\/\/www.teamsystem.com\/\"},\"description\":\"Billin es el programa de facturaci\u00f3n online de TeamSystem para aut\u00f3nomos y pymes en Espa\u00f1a. Permite crear facturas, controlar gastos y cumplir con Verifactu.\",\"address\":{\"@type\":\"PostalAddress\",\"streetAddress\":\"Calle Arturo Soria, 336\",\"addressLocality\":\"Madrid\",\"addressRegion\":\"Madrid\",\"postalCode\":\"28033\",\"addressCountry\":\"ES\"}},{\"@type\":\"Person\",\"@id\":\"https:\/\/www.billin.net\/blog\/#\/schema\/person\/d0339ee6e869234614541b1e80a793e7\",\"name\":\"Marcos De La Cueva - CEO TeamSystem Facturas Billin\",\"image\":{\"@type\":\"ImageObject\",\"inLanguage\":\"es\",\"@id\":\"https:\/\/www.billin.net\/blog\/#\/schema\/person\/image\/\",\"url\":\"https:\/\/www.billin.net\/blog\/wp-content\/uploads\/2023\/10\/marcos-color-150x150.png\",\"contentUrl\":\"https:\/\/www.billin.net\/blog\/wp-content\/uploads\/2023\/10\/marcos-color-150x150.png\",\"caption\":\"Marcos De La Cueva - CEO TeamSystem Facturas Billin\"},\"description\":\"Licenciado en ADE por la Universidad Aut\u00f3noma de Madrid, Marcos De la Cueva es CEO y cofundador de TeamSystem Facturas Billin, un programa online que lleva m\u00e1s de 9 a\u00f1os ayudando a aut\u00f3nomos, peque\u00f1os negocios y gestor\u00edas a digitalizar sus presupuestos, facturas, tickets y gastos. \u00a0 Sobre Marcos De La Cueva \u00a0 Apasionado por el mundo empresarial y la tecnolog\u00eda, curs\u00f3 su M\u00e1ster de Finanzas en la Universidad Pontificia de Comillas y estuvo en el Programa de Cooperaci\u00f3n Educativa de la Universidad Aut\u00f3noma de Madrid. \u00a0 Marcos siempre ha tenido su objetivo claro: ayudar a la creaci\u00f3n de negocios financieramente sostenibles a trav\u00e9s de una herramienta de facturaci\u00f3n que les permita ahorrar tiempo y tener la contabilidad bajo control. \u00a0 Marcos De La Cueva en los medios \u2014 Noticia sobre Kit Digital y Ley Antifraude (VeriFactu) en El Economista. \u2014 Noticia sobre Kit Digital y factura electr\u00f3nica obligatoria en Diario Jur\u00eddico. \u2014 Noticia sobre el a\u00f1o de transici\u00f3n para la factura electr\u00f3nica en Muy Pymes. \u2014 Entrevista sobre factura electr\u00f3nica obligatoria en Canal Sur. \u2014 Noticia sobre el informe factura electr\u00f3nica de TeamSystem en Channel Partner. \u2014 Charla sobre productividad y Ley Crea y Crece en El Economista. \u2014 Charla sobre factura electr\u00f3nica obligatoria en Muy Pymes. \u2014 Charla sobre digitalizaci\u00f3n aut\u00f3nomos y productividad en esdiario. \u2014 Charla sobre productividad y factura electr\u00f3nica en La Raz\u00f3n. \u2014 Charla sobre factura electr\u00f3nica obligatoria en Aut\u00f3nomos y Emprendedores. \u2014 Entrevista sobre Ley Antifraude y Ley Crea y Crece en Expansi\u00f3n. \u2014 Entrevista sobre Ley Antifraude y Ley Crea y Crece en La Raz\u00f3n. \u2014 Entrevista sobre factura electr\u00f3nica obligatoria en El Economista. \u2014 Comunicado Billin y TeamSystem en Business Insider. \u2014 Entrevista en Econom\u00eda Digital. \u2014 Entrevista en Ideas para tu empresa de Vodafone. \u2014 Entrevista en M\u00e1sQradio. \u2014 Entrevista en Armas para emprender de El M\u00e9todo Gallardo. \u2014 Entrevista en KFund. \u2014 Entrevista en AXA Seguros Espa\u00f1a. \u2014 Entrevista en GestionaRadio. \u00a0 Marcos De La Cueva en eventos \u00a0 \u2014 Participaci\u00f3n como ponente en Accountex Espa\u00f1a 2023. \u00a0 Tem\u00e1ticas de especializaci\u00f3n \u00a0 negocios | startups | contabilidad| fiscalidad | empresas| asesor\u00edas| autonomos | emprendedores | peque\u00f1os negocios | econom\u00eda | ADE | pymes | desarrollo de negocio\u00a0\",\"sameAs\":[\"https:\/\/www.billin.net\/\",\"https:\/\/www.linkedin.com\/in\/marcos-de-la-cueva-19750ba3\/\"],\"url\":\"https:\/\/www.billin.net\/blog\/author\/marcosdelacueva\/\",\"jobTitle\":\"CEO y cofundador de TS Facturas Billin\"}]}<\/script>\n<!-- \/ Yoast SEO plugin. -->","yoast_head_json":{"title":"Calendario fiscal aut\u00f3nomos y pymes 2019 | TeamSystem Facturas Billin","description":"Todos los modelos que tendr\u00e1 que presentar un aut\u00f3nomo tanto de forma trimestral como anual y todas las fechas fiscales importantes.","robots":{"index":"index","follow":"follow","max-snippet":"max-snippet:-1","max-image-preview":"max-image-preview:large","max-video-preview":"max-video-preview:-1"},"canonical":"https:\/\/www.billin.net\/blog\/calendario-obligaciones-fiscales-autonomos-2019\/","og_locale":"es_ES","og_type":"article","og_title":"Calendario fiscal aut\u00f3nomos y pymes 2019 | TeamSystem Facturas Billin","og_description":"Todos los modelos que tendr\u00e1 que presentar un aut\u00f3nomo tanto de forma trimestral como anual y todas las fechas fiscales importantes.","og_url":"https:\/\/www.billin.net\/blog\/calendario-obligaciones-fiscales-autonomos-2019\/","og_site_name":"Blog de TeamSystem Facturas Billin","article_publisher":"https:\/\/www.facebook.com\/EsBillin","article_published_time":"2019-06-10T11:49:49+00:00","article_modified_time":"2025-09-25T18:49:53+00:00","og_image":[{"width":1200,"height":800,"url":"https:\/\/www.billin.net\/blog\/wp-content\/uploads\/2019\/06\/calendario-obligaciones-autonomo-2019.jpg","type":"image\/jpeg"}],"author":"Marcos De La Cueva - CEO TeamSystem Facturas Billin","twitter_card":"summary_large_image","twitter_creator":"@Billin_ES","twitter_site":"@Billin_ES","twitter_misc":{"Escrito por":"Marcos De La Cueva - CEO TeamSystem Facturas Billin","Tiempo de lectura":"5 minutos"},"schema":{"@context":"https:\/\/schema.org","@graph":[{"@type":"Article","@id":"https:\/\/www.billin.net\/blog\/calendario-obligaciones-fiscales-autonomos-2019\/#article","isPartOf":{"@id":"https:\/\/www.billin.net\/blog\/calendario-obligaciones-fiscales-autonomos-2019\/"},"author":{"name":"Marcos De La Cueva - CEO TeamSystem Facturas Billin","@id":"https:\/\/www.billin.net\/blog\/#\/schema\/person\/d0339ee6e869234614541b1e80a793e7"},"headline":"Calendario y obligaciones fiscales para aut\u00f3nomos en 2019","datePublished":"2019-06-10T11:49:49+00:00","dateModified":"2025-09-25T18:49:53+00:00","mainEntityOfPage":{"@id":"https:\/\/www.billin.net\/blog\/calendario-obligaciones-fiscales-autonomos-2019\/"},"wordCount":844,"commentCount":0,"publisher":{"@id":"https:\/\/www.billin.net\/blog\/#organization"},"image":{"@id":"https:\/\/www.billin.net\/blog\/calendario-obligaciones-fiscales-autonomos-2019\/#primaryimage"},"thumbnailUrl":"https:\/\/www.billin.net\/blog\/wp-content\/uploads\/2019\/06\/calendario-obligaciones-autonomo-2019.jpg","keywords":["Aut\u00f3nomos"],"articleSection":["Fiscalidad"],"inLanguage":"es","potentialAction":[{"@type":"CommentAction","name":"Comment","target":["https:\/\/www.billin.net\/blog\/calendario-obligaciones-fiscales-autonomos-2019\/#respond"]}]},{"@type":"WebPage","@id":"https:\/\/www.billin.net\/blog\/calendario-obligaciones-fiscales-autonomos-2019\/","url":"https:\/\/www.billin.net\/blog\/calendario-obligaciones-fiscales-autonomos-2019\/","name":"Calendario fiscal aut\u00f3nomos y pymes 2019 | TeamSystem Facturas Billin","isPartOf":{"@id":"https:\/\/www.billin.net\/blog\/#website"},"primaryImageOfPage":{"@id":"https:\/\/www.billin.net\/blog\/calendario-obligaciones-fiscales-autonomos-2019\/#primaryimage"},"image":{"@id":"https:\/\/www.billin.net\/blog\/calendario-obligaciones-fiscales-autonomos-2019\/#primaryimage"},"thumbnailUrl":"https:\/\/www.billin.net\/blog\/wp-content\/uploads\/2019\/06\/calendario-obligaciones-autonomo-2019.jpg","datePublished":"2019-06-10T11:49:49+00:00","dateModified":"2025-09-25T18:49:53+00:00","description":"Todos los modelos que tendr\u00e1 que presentar un aut\u00f3nomo tanto de forma trimestral como anual y todas las fechas fiscales importantes.","breadcrumb":{"@id":"https:\/\/www.billin.net\/blog\/calendario-obligaciones-fiscales-autonomos-2019\/#breadcrumb"},"inLanguage":"es","potentialAction":[{"@type":"ReadAction","target":["https:\/\/www.billin.net\/blog\/calendario-obligaciones-fiscales-autonomos-2019\/"]}]},{"@type":"ImageObject","inLanguage":"es","@id":"https:\/\/www.billin.net\/blog\/calendario-obligaciones-fiscales-autonomos-2019\/#primaryimage","url":"https:\/\/www.billin.net\/blog\/wp-content\/uploads\/2019\/06\/calendario-obligaciones-autonomo-2019.jpg","contentUrl":"https:\/\/www.billin.net\/blog\/wp-content\/uploads\/2019\/06\/calendario-obligaciones-autonomo-2019.jpg","width":1200,"height":800},{"@type":"BreadcrumbList","@id":"https:\/\/www.billin.net\/blog\/calendario-obligaciones-fiscales-autonomos-2019\/#breadcrumb","itemListElement":[{"@type":"ListItem","position":1,"name":"Blog","item":"https:\/\/www.billin.net\/blog\/"},{"@type":"ListItem","position":2,"name":"Fiscalidad","item":"https:\/\/www.billin.net\/blog\/fiscalidad\/"},{"@type":"ListItem","position":3,"name":"Calendario y obligaciones fiscales para aut\u00f3nomos en 2019"}]},{"@type":"WebSite","@id":"https:\/\/www.billin.net\/blog\/#website","url":"https:\/\/www.billin.net\/blog\/","name":"Blog de Billin","description":"Mantente informado con el blog de TeamSystem Facturas Billin:  facturaci\u00f3n, legislaci\u00f3n, contabilidad, management y toda la informaci\u00f3n \u00fatil para pymes y aut\u00f3nomos.","publisher":{"@id":"https:\/\/www.billin.net\/blog\/#organization"},"potentialAction":[{"@type":"SearchAction","target":{"@type":"EntryPoint","urlTemplate":"https:\/\/www.billin.net\/blog\/?s={search_term_string}"},"query-input":{"@type":"PropertyValueSpecification","valueRequired":true,"valueName":"search_term_string"}}],"inLanguage":"es"},{"@type":"Organization","@id":"https:\/\/www.billin.net\/blog\/#organization","name":"Billin","alternateName":"Blog de Billin","url":"https:\/\/www.billin.net\/blog\/","logo":{"@type":"ImageObject","inLanguage":"es","@id":"https:\/\/www.billin.net\/blog\/#\/schema\/logo\/image\/","url":"https:\/\/www.billin.net\/blog\/wp-content\/uploads\/2019\/06\/logotipo-billin-blog-1.png","contentUrl":"https:\/\/www.billin.net\/blog\/wp-content\/uploads\/2019\/06\/logotipo-billin-blog-1.png","width":126,"height":50,"caption":"Billin"},"image":{"@id":"https:\/\/www.billin.net\/blog\/#\/schema\/logo\/image\/"},"sameAs":["https:\/\/www.facebook.com\/EsBillin","https:\/\/x.com\/Billin_ES","https:\/\/www.instagram.com\/billin_es\/","https:\/\/www.linkedin.com\/company\/billin-spain","https:\/\/www.youtube.com\/c\/BillinEsintercambiodefacturas\/"],"legalName":"MY EXPENSES SL","contactPoint":{"@type":"ContactPoint","telephone":"+34918318883","contactType":"customer service","email":"info@billin.eu","availableLanguage":"es"},"foundingDate":"2015","numberOfEmployees":{"@type":"QuantitativeValue","minValue":10,"maxValue":50},"parentOrganization":{"@type":"Organization","name":"TeamSystem","url":"https:\/\/www.teamsystem.com\/"},"description":"Billin es el programa de facturaci\u00f3n online de TeamSystem para aut\u00f3nomos y pymes en Espa\u00f1a. Permite crear facturas, controlar gastos y cumplir con Verifactu.","address":{"@type":"PostalAddress","streetAddress":"Calle Arturo Soria, 336","addressLocality":"Madrid","addressRegion":"Madrid","postalCode":"28033","addressCountry":"ES"}},{"@type":"Person","@id":"https:\/\/www.billin.net\/blog\/#\/schema\/person\/d0339ee6e869234614541b1e80a793e7","name":"Marcos De La Cueva - CEO TeamSystem Facturas Billin","image":{"@type":"ImageObject","inLanguage":"es","@id":"https:\/\/www.billin.net\/blog\/#\/schema\/person\/image\/","url":"https:\/\/www.billin.net\/blog\/wp-content\/uploads\/2023\/10\/marcos-color-150x150.png","contentUrl":"https:\/\/www.billin.net\/blog\/wp-content\/uploads\/2023\/10\/marcos-color-150x150.png","caption":"Marcos De La Cueva - CEO TeamSystem Facturas Billin"},"description":"Licenciado en ADE por la Universidad Aut\u00f3noma de Madrid, Marcos De la Cueva es CEO y cofundador de TeamSystem Facturas Billin, un programa online que lleva m\u00e1s de 9 a\u00f1os ayudando a aut\u00f3nomos, peque\u00f1os negocios y gestor\u00edas a digitalizar sus presupuestos, facturas, tickets y gastos. \u00a0 Sobre Marcos De La Cueva \u00a0 Apasionado por el mundo empresarial y la tecnolog\u00eda, curs\u00f3 su M\u00e1ster de Finanzas en la Universidad Pontificia de Comillas y estuvo en el Programa de Cooperaci\u00f3n Educativa de la Universidad Aut\u00f3noma de Madrid. \u00a0 Marcos siempre ha tenido su objetivo claro: ayudar a la creaci\u00f3n de negocios financieramente sostenibles a trav\u00e9s de una herramienta de facturaci\u00f3n que les permita ahorrar tiempo y tener la contabilidad bajo control. \u00a0 Marcos De La Cueva en los medios \u2014 Noticia sobre Kit Digital y Ley Antifraude (VeriFactu) en El Economista. \u2014 Noticia sobre Kit Digital y factura electr\u00f3nica obligatoria en Diario Jur\u00eddico. \u2014 Noticia sobre el a\u00f1o de transici\u00f3n para la factura electr\u00f3nica en Muy Pymes. \u2014 Entrevista sobre factura electr\u00f3nica obligatoria en Canal Sur. \u2014 Noticia sobre el informe factura electr\u00f3nica de TeamSystem en Channel Partner. \u2014 Charla sobre productividad y Ley Crea y Crece en El Economista. \u2014 Charla sobre factura electr\u00f3nica obligatoria en Muy Pymes. \u2014 Charla sobre digitalizaci\u00f3n aut\u00f3nomos y productividad en esdiario. \u2014 Charla sobre productividad y factura electr\u00f3nica en La Raz\u00f3n. \u2014 Charla sobre factura electr\u00f3nica obligatoria en Aut\u00f3nomos y Emprendedores. \u2014 Entrevista sobre Ley Antifraude y Ley Crea y Crece en Expansi\u00f3n. \u2014 Entrevista sobre Ley Antifraude y Ley Crea y Crece en La Raz\u00f3n. \u2014 Entrevista sobre factura electr\u00f3nica obligatoria en El Economista. \u2014 Comunicado Billin y TeamSystem en Business Insider. \u2014 Entrevista en Econom\u00eda Digital. \u2014 Entrevista en Ideas para tu empresa de Vodafone. \u2014 Entrevista en M\u00e1sQradio. \u2014 Entrevista en Armas para emprender de El M\u00e9todo Gallardo. \u2014 Entrevista en KFund. \u2014 Entrevista en AXA Seguros Espa\u00f1a. \u2014 Entrevista en GestionaRadio. \u00a0 Marcos De La Cueva en eventos \u00a0 \u2014 Participaci\u00f3n como ponente en Accountex Espa\u00f1a 2023. \u00a0 Tem\u00e1ticas de especializaci\u00f3n \u00a0 negocios | startups | contabilidad| fiscalidad | empresas| asesor\u00edas| autonomos | emprendedores | peque\u00f1os negocios | econom\u00eda | ADE | pymes | desarrollo de negocio\u00a0","sameAs":["https:\/\/www.billin.net\/","https:\/\/www.linkedin.com\/in\/marcos-de-la-cueva-19750ba3\/"],"url":"https:\/\/www.billin.net\/blog\/author\/marcosdelacueva\/","jobTitle":"CEO y cofundador de TS Facturas Billin"}]}},"_links":{"self":[{"href":"https:\/\/www.billin.net\/blog\/wp-json\/wp\/v2\/posts\/11839","targetHints":{"allow":["GET"]}}],"collection":[{"href":"https:\/\/www.billin.net\/blog\/wp-json\/wp\/v2\/posts"}],"about":[{"href":"https:\/\/www.billin.net\/blog\/wp-json\/wp\/v2\/types\/post"}],"author":[{"embeddable":true,"href":"https:\/\/www.billin.net\/blog\/wp-json\/wp\/v2\/users\/20"}],"replies":[{"embeddable":true,"href":"https:\/\/www.billin.net\/blog\/wp-json\/wp\/v2\/comments?post=11839"}],"version-history":[{"count":21,"href":"https:\/\/www.billin.net\/blog\/wp-json\/wp\/v2\/posts\/11839\/revisions"}],"predecessor-version":[{"id":27813,"href":"https:\/\/www.billin.net\/blog\/wp-json\/wp\/v2\/posts\/11839\/revisions\/27813"}],"wp:featuredmedia":[{"embeddable":true,"href":"https:\/\/www.billin.net\/blog\/wp-json\/wp\/v2\/media\/11845"}],"wp:attachment":[{"href":"https:\/\/www.billin.net\/blog\/wp-json\/wp\/v2\/media?parent=11839"}],"wp:term":[{"taxonomy":"category","embeddable":true,"href":"https:\/\/www.billin.net\/blog\/wp-json\/wp\/v2\/categories?post=11839"},{"taxonomy":"post_tag","embeddable":true,"href":"https:\/\/www.billin.net\/blog\/wp-json\/wp\/v2\/tags?post=11839"}],"curies":[{"name":"wp","href":"https:\/\/api.w.org\/{rel}","templated":true}]}}