{"id":11809,"date":"2019-05-31T00:00:00","date_gmt":"2019-05-30T22:00:00","guid":{"rendered":"https:\/\/www.billin.net\/blog\/?p=11809"},"modified":"2025-09-25T20:50:09","modified_gmt":"2025-09-25T18:50:09","slug":"conoces-el-modelo-232","status":"publish","type":"post","link":"https:\/\/www.billin.net\/blog\/conoces-el-modelo-232\/","title":{"rendered":"El modelo 232 de operaciones vinculadas"},"content":{"rendered":"<p>En este art\u00edculo, vamos a contarte en que consiste el<strong> Modelo 232 de Operaciones Vinculadas de la Agencia Tributaria<\/strong>, adem\u00e1s de ver, qui\u00e9n tendr\u00e1 que presentarlo de forma obligatoria, como se rellena, y, por \u00faltimo, cu\u00e1ndo lo tendr\u00e1s que presentar.<!--more--><\/p>\n<h2>\u00bfQu\u00e9 es el Modelo 232?<\/h2>\n<p>Es una declaraci\u00f3n informativa, que tendr\u00e1n que presentarla de forma obligada todas aquellas personas que lleven a cabo <b>operaciones vinculantes o que se relacionen con <a href=\"https:\/\/www.agenciatributaria.es\/AEAT.internet\/Inicio\/Ayuda\/Manuales__Folletos_y_Videos\/Manuales_practicos\/IRPF\/_Ayuda_IRPF\/Capitulo_10__Regimenes_especiales__imputacion_y_atribucion_de_rentas\/Imputacion_de_rentas_por_socios_o_participes_de_instituciones\/Relacion_de_paises_y_territorios\/Real_Decreto_1080_1991_Paraisos_Fiscales\/Relacion_de_paises_y_territorios_calificados_reglamentariamente_como_paraisos_fiscales.shtml\" target=\"_blank\" rel=\"noopener noreferrer\">para\u00edsos fiscales recogidos en Hacienda<\/a><\/b>.<\/p>\n<h3>\u00bfQu\u00e9 son operaciones vinculadas?<\/h3>\n<p>Se consideran operaciones vinculantes, aquellas que se realizan entre las personas f\u00edsicas o jur\u00eddicas, que tengan alguna vinculaci\u00f3n familiar o mercantil.<\/p>\n<p>Por ejemplo, hablamos de estas operaciones cuando se realizan entre <strong>empresas del mismo grupo, entre sociedad y socio<\/strong>, varias sociedades con el mismo administrador, etc.<\/p>\n<p>Para evitar el fraude en estas operaciones vinculantes, tendr\u00e1 que ajustarse a los precios de mercado que haya en ese momento.<\/p>\n<h2>\u00bfQui\u00e9n tiene que presentar el modelo 232?<\/h2>\n<p>Este modelo ser\u00e1 de obligado cumplimiento para aquellas sociedades o personas vinculadas, es decir, contribuyentes del <strong><a href=\"https:\/\/www.billin.net\/blog\/impuesto-de-sociedades\/\" target=\"_blank\" rel=\"noopener noreferrer\">Impuesto de Sociedades<\/a> y del Impuesto de la Renta de los no Residentes<\/strong>, que act\u00faen mediante un establecimiento permanente.<\/p>\n<p>Tambi\u00e9n para entidades en atribuci\u00f3n de rentas constituidas en el extranjero, pero que tengan presencia en el territorio espa\u00f1ol.<\/p>\n<p><strong>A todos estos sujetos se les obligar\u00e1 la presentaci\u00f3n si cumplen<\/strong>:<\/p>\n<ul>\n<li>Cuando el conjunto de operaciones del mismo tipo y bajo el mismo m\u00e9todo de valoraci\u00f3n, que se realicen en el mismo periodo impositivo, supere el 50% de volumen de negocios.<\/li>\n<li>Cuando el volumen de operaciones en el mismo ejercicio, supere los 100.000 euros en operaciones del mismo tipo y bajo el mismo m\u00e9todo de valoraci\u00f3n.<\/li>\n<li>Aquellas que realicen operaciones con la misma persona o entidad vinculadas por un valor superior a 250.000 euros (siempre que no sean operaciones espec\u00edficas)<\/li>\n<\/ul>\n<p>Con operaciones espec\u00edficas, nos referimos a<strong> operaciones realizadas entre una sociedad y una persona f\u00edsica que tribute en m\u00f3dulos<\/strong> (cuando esta persona o pariente supere el 25% de participaci\u00f3n en dicha sociedad), operaciones con personas situadas en un territorio fiscal, transmisi\u00f3n de participaciones o del negocio que no coticen en bolsa, transmisiones de inmuebles y operaciones sobre activos intangibles.<\/p>\n<h2>\u00bfC\u00f3mo lo rellenamos el Modelo 232?<\/h2>\n<p><img loading=\"lazy\" decoding=\"async\" class=\"aligncenter size-full wp-image-15883\" src=\"https:\/\/www.billin.net\/blog\/wp-content\/uploads\/2019\/06\/modelo-232.jpg\" alt=\"modelo 232 aeat\" width=\"697\" height=\"1000\" srcset=\"https:\/\/www.billin.net\/blog\/wp-content\/uploads\/2019\/06\/modelo-232.jpg 697w, https:\/\/www.billin.net\/blog\/wp-content\/uploads\/2019\/06\/modelo-232-209x300.jpg 209w\" sizes=\"(max-width: 697px) 100vw, 697px\" \/><\/p>\n<p>Vamos a identificar los principales bloques que conforman este impuesto, sin olvidar los datos personales e identificaci\u00f3n fiscal, como en cualquier otra autoliquidaci\u00f3n que tengamos que presentar.<\/p>\n<h3>Informaci\u00f3n de operaciones con personas o entidades vinculadas<\/h3>\n<p>En este bloque habr\u00e1 que<strong> indicar las operaciones por persona o entidad vinculada<\/strong>, que agrupen el mismo tipo de actividad y el mismo m\u00e9todo de valoraci\u00f3n.<\/p>\n<p>Habr\u00e1 que indicar de cada una de ellas:<\/p>\n<ul>\n<li>Identificaremos a la persona o entidad vinculada, es decir, NIF, nombre y apellidos o raz\u00f3n social, en caso de ser un no residente habr\u00e1 que indicar el NIF de su pa\u00eds de residencia.<\/li>\n<li>Indicaremos si es persona f\u00edsica o jur\u00eddica<\/li>\n<li>Vinculaci\u00f3n del tipo de operaci\u00f3n (saldr\u00e1 un listado y deber\u00e1s marcar el tipo de operaci\u00f3n)<\/li>\n<li>Habr\u00e1 que diferenciar entre los pagos y los ingresos<\/li>\n<li>Indicar el importe de cada operaci\u00f3n sin IVA<\/li>\n<\/ul>\n<h3>Operaciones con personas vinculadas en caso de aplicaci\u00f3n de reducci\u00f3n de rentas que procedan de activos intangibles<\/h3>\n<ul>\n<li>Identificar el n\u00famero de la matriz del declarante.<\/li>\n<li>Identificar a la persona o entidad que satisface las rentas.<\/li>\n<li>El c\u00f3digo de la provincia o pa\u00eds, tipo de vinculaci\u00f3n y el importe de la operaci\u00f3n.<\/li>\n<\/ul>\n<h3>Operaciones con pa\u00edses considerados para\u00edsos fiscales<\/h3>\n<p>En este apartado habr\u00e1 que dejar indicado el<strong> tipo de operaci\u00f3n que has realizado a lo largo del ejercicio impositivo<\/strong>:<\/p>\n<ul>\n<li>Identificar a la persona o entidad residente en el territorio fiscal, y con el cual, has realizado una operaci\u00f3n vinculada, adem\u00e1s de indicar, si es una persona f\u00edsica o jur\u00eddica.<\/li>\n<li>El pa\u00eds territorio y el importe de la operaci\u00f3n.<\/li>\n<\/ul>\n<p>Por \u00faltimo, habr\u00e1 que identificar el tipo de operaci\u00f3n seg\u00fan:<\/p>\n<ul>\n<li>Por poseer valores representativos de los fondos propios de una entidad en este tipo de territorios.<\/li>\n<li>Por poseer valores representativos de inversi\u00f3n colectiva en este tipo de territorios.<\/li>\n<li>Por poseer valores de renta fija en mercados secundarios en este tipo de territorios.<\/li>\n<\/ul>\n<p><img loading=\"lazy\" decoding=\"async\" class=\"aligncenter wp-image-11813 size-full\" src=\"https:\/\/www.billin.net\/blog\/wp-content\/uploads\/2019\/05\/modelo-232-presentar-min.jpg\" alt=\"plazo presentacion modelo 232\" width=\"1200\" height=\"800\" srcset=\"https:\/\/www.billin.net\/blog\/wp-content\/uploads\/2019\/05\/modelo-232-presentar-min.jpg 1200w, https:\/\/www.billin.net\/blog\/wp-content\/uploads\/2019\/05\/modelo-232-presentar-min-300x200.jpg 300w, https:\/\/www.billin.net\/blog\/wp-content\/uploads\/2019\/05\/modelo-232-presentar-min-768x512.jpg 768w, https:\/\/www.billin.net\/blog\/wp-content\/uploads\/2019\/05\/modelo-232-presentar-min-1024x683.jpg 1024w, https:\/\/www.billin.net\/blog\/wp-content\/uploads\/2019\/05\/modelo-232-presentar-min-600x400.jpg 600w, https:\/\/www.billin.net\/blog\/wp-content\/uploads\/2019\/05\/modelo-232-presentar-min-200x133.jpg 200w, https:\/\/www.billin.net\/blog\/wp-content\/uploads\/2019\/05\/modelo-232-presentar-min-810x540.jpg 810w, https:\/\/www.billin.net\/blog\/wp-content\/uploads\/2019\/05\/modelo-232-presentar-min-1140x760.jpg 1140w\" sizes=\"(max-width: 1200px) 100vw, 1200px\" \/><\/p>\n<h2>Plazo de presentaci\u00f3n del Modelo 232<\/h2>\n<p>Este Modelo se presenta obligatoriamente de forma telem\u00e1tica, dentro de la p\u00e1gina web de la <strong>Agencia Tributaria<\/strong>, y con un certificado digital.<\/p>\n<p>\u27a8\u00a0Aqu\u00ed tienes <strong><a href=\"https:\/\/www.billin.net\/blog\/certificado-digital-empresas\/\" target=\"_blank\" rel=\"noopener noreferrer\">como solicitar el certificado digital<\/a>.<\/strong><\/p>\n<p>El plazo para presentarlo es en el mes siguiente a los diez meses posteriores a la finalizaci\u00f3n del periodo impositivo, pero como norma general, siempre que el ejercicio coincida con el a\u00f1o natural, <strong>se fijar\u00e1 desde el 1 al 30 de noviembre.<\/strong><\/p>\n<p>Ahora que ya sabes lo que es el Modelo 232 de operaciones vinculadas debes tenerlo en cuenta cunado realices negocios con el extranjero, y revisar si tu posible cliente se encuentra en uno de los lugares recogidos en Hacienda como para\u00edso fiscal<\/p>\n","protected":false},"excerpt":{"rendered":"<p>En este art\u00edculo, vamos a contarte en que consiste el Modelo 232 de Operaciones Vinculadas de la Agencia Tributaria, adem\u00e1s de ver, qui\u00e9n tendr\u00e1 que presentarlo de forma obligatoria, como se rellena, y, por \u00faltimo, cu\u00e1ndo lo tendr\u00e1s que presentar.<\/p>\n","protected":false},"author":20,"featured_media":11812,"comment_status":"open","ping_status":"open","sticky":false,"template":"","format":"standard","meta":{"_acf_changed":false,"_et_pb_use_builder":"","_et_pb_old_content":"","_et_gb_content_width":"","om_disable_all_campaigns":false,"inline_featured_image":false,"footnotes":""},"categories":[1020],"tags":[],"class_list":{"0":"post-11809","1":"post","2":"type-post","3":"status-publish","4":"format-standard","5":"has-post-thumbnail","7":"category-contabilidad"},"acf":{"selector_de_usuario":null,"fecha_de_revision":"20210903"},"yoast_head":"<!-- This site is optimized with the Yoast SEO plugin v27.1 - https:\/\/yoast.com\/product\/yoast-seo-wordpress\/ -->\n<title>C\u00f3mo presentar el Modelo 232 y qui\u00e9n est\u00e1 obligado - TeamSystem Facturas Billin<\/title>\n<meta name=\"description\" content=\"Vamos a contarte en que consiste el Modelo 232 de la AEAT, adem\u00e1s de ver, qui\u00e9n tendr\u00e1 que presentarlo de forma obligatoria.\" \/>\n<meta name=\"robots\" content=\"index, follow, max-snippet:-1, max-image-preview:large, max-video-preview:-1\" \/>\n<link rel=\"canonical\" href=\"https:\/\/www.billin.net\/blog\/conoces-el-modelo-232\/\" \/>\n<meta property=\"og:locale\" content=\"es_ES\" \/>\n<meta property=\"og:type\" content=\"article\" \/>\n<meta property=\"og:title\" content=\"C\u00f3mo presentar el Modelo 232 y qui\u00e9n est\u00e1 obligado - TeamSystem Facturas Billin\" \/>\n<meta property=\"og:description\" content=\"Vamos a contarte en que consiste el Modelo 232 de la AEAT, adem\u00e1s de ver, qui\u00e9n tendr\u00e1 que presentarlo de forma obligatoria.\" \/>\n<meta property=\"og:url\" content=\"https:\/\/www.billin.net\/blog\/conoces-el-modelo-232\/\" \/>\n<meta property=\"og:site_name\" content=\"Blog de TeamSystem Facturas Billin\" \/>\n<meta property=\"article:publisher\" content=\"https:\/\/www.facebook.com\/EsBillin\" \/>\n<meta property=\"article:published_time\" content=\"2019-05-30T22:00:00+00:00\" \/>\n<meta property=\"article:modified_time\" content=\"2025-09-25T18:50:09+00:00\" \/>\n<meta property=\"og:image\" content=\"https:\/\/www.billin.net\/blog\/wp-content\/uploads\/2019\/05\/que-es-modelo-232-min.jpg\" \/>\n\t<meta property=\"og:image:width\" content=\"1200\" \/>\n\t<meta property=\"og:image:height\" content=\"800\" \/>\n\t<meta property=\"og:image:type\" content=\"image\/jpeg\" \/>\n<meta name=\"author\" content=\"Marcos De La Cueva - CEO TeamSystem Facturas Billin\" \/>\n<meta name=\"twitter:card\" content=\"summary_large_image\" \/>\n<meta name=\"twitter:creator\" content=\"@Billin_ES\" \/>\n<meta name=\"twitter:site\" content=\"@Billin_ES\" \/>\n<meta name=\"twitter:label1\" content=\"Escrito por\" \/>\n\t<meta name=\"twitter:data1\" content=\"Marcos De La Cueva - CEO TeamSystem Facturas Billin\" \/>\n\t<meta name=\"twitter:label2\" content=\"Tiempo de lectura\" \/>\n\t<meta name=\"twitter:data2\" content=\"4 minutos\" \/>\n<script type=\"application\/ld+json\" class=\"yoast-schema-graph\">{\"@context\":\"https:\/\/schema.org\",\"@graph\":[{\"@type\":\"Article\",\"@id\":\"https:\/\/www.billin.net\/blog\/conoces-el-modelo-232\/#article\",\"isPartOf\":{\"@id\":\"https:\/\/www.billin.net\/blog\/conoces-el-modelo-232\/\"},\"author\":{\"name\":\"Marcos De La Cueva - CEO TeamSystem Facturas Billin\",\"@id\":\"https:\/\/www.billin.net\/blog\/#\/schema\/person\/d0339ee6e869234614541b1e80a793e7\"},\"headline\":\"El modelo 232 de operaciones vinculadas\",\"datePublished\":\"2019-05-30T22:00:00+00:00\",\"dateModified\":\"2025-09-25T18:50:09+00:00\",\"mainEntityOfPage\":{\"@id\":\"https:\/\/www.billin.net\/blog\/conoces-el-modelo-232\/\"},\"wordCount\":850,\"commentCount\":0,\"publisher\":{\"@id\":\"https:\/\/www.billin.net\/blog\/#organization\"},\"image\":{\"@id\":\"https:\/\/www.billin.net\/blog\/conoces-el-modelo-232\/#primaryimage\"},\"thumbnailUrl\":\"https:\/\/www.billin.net\/blog\/wp-content\/uploads\/2019\/05\/que-es-modelo-232-min.jpg\",\"articleSection\":[\"Contabilidad\"],\"inLanguage\":\"es\",\"potentialAction\":[{\"@type\":\"CommentAction\",\"name\":\"Comment\",\"target\":[\"https:\/\/www.billin.net\/blog\/conoces-el-modelo-232\/#respond\"]}]},{\"@type\":\"WebPage\",\"@id\":\"https:\/\/www.billin.net\/blog\/conoces-el-modelo-232\/\",\"url\":\"https:\/\/www.billin.net\/blog\/conoces-el-modelo-232\/\",\"name\":\"C\u00f3mo presentar el Modelo 232 y qui\u00e9n est\u00e1 obligado - TeamSystem Facturas Billin\",\"isPartOf\":{\"@id\":\"https:\/\/www.billin.net\/blog\/#website\"},\"primaryImageOfPage\":{\"@id\":\"https:\/\/www.billin.net\/blog\/conoces-el-modelo-232\/#primaryimage\"},\"image\":{\"@id\":\"https:\/\/www.billin.net\/blog\/conoces-el-modelo-232\/#primaryimage\"},\"thumbnailUrl\":\"https:\/\/www.billin.net\/blog\/wp-content\/uploads\/2019\/05\/que-es-modelo-232-min.jpg\",\"datePublished\":\"2019-05-30T22:00:00+00:00\",\"dateModified\":\"2025-09-25T18:50:09+00:00\",\"description\":\"Vamos a contarte en que consiste el Modelo 232 de la AEAT, adem\u00e1s de ver, qui\u00e9n tendr\u00e1 que presentarlo de forma obligatoria.\",\"breadcrumb\":{\"@id\":\"https:\/\/www.billin.net\/blog\/conoces-el-modelo-232\/#breadcrumb\"},\"inLanguage\":\"es\",\"potentialAction\":[{\"@type\":\"ReadAction\",\"target\":[\"https:\/\/www.billin.net\/blog\/conoces-el-modelo-232\/\"]}]},{\"@type\":\"ImageObject\",\"inLanguage\":\"es\",\"@id\":\"https:\/\/www.billin.net\/blog\/conoces-el-modelo-232\/#primaryimage\",\"url\":\"https:\/\/www.billin.net\/blog\/wp-content\/uploads\/2019\/05\/que-es-modelo-232-min.jpg\",\"contentUrl\":\"https:\/\/www.billin.net\/blog\/wp-content\/uploads\/2019\/05\/que-es-modelo-232-min.jpg\",\"width\":1200,\"height\":800,\"caption\":\"modelo 232 hacienda\"},{\"@type\":\"BreadcrumbList\",\"@id\":\"https:\/\/www.billin.net\/blog\/conoces-el-modelo-232\/#breadcrumb\",\"itemListElement\":[{\"@type\":\"ListItem\",\"position\":1,\"name\":\"Blog\",\"item\":\"https:\/\/www.billin.net\/blog\/\"},{\"@type\":\"ListItem\",\"position\":2,\"name\":\"Contabilidad\",\"item\":\"https:\/\/www.billin.net\/blog\/contabilidad\/\"},{\"@type\":\"ListItem\",\"position\":3,\"name\":\"El modelo 232 de operaciones vinculadas\"}]},{\"@type\":\"WebSite\",\"@id\":\"https:\/\/www.billin.net\/blog\/#website\",\"url\":\"https:\/\/www.billin.net\/blog\/\",\"name\":\"Blog de Billin\",\"description\":\"Mantente informado con el blog de TeamSystem Facturas Billin:  facturaci\u00f3n, legislaci\u00f3n, contabilidad, management y toda la informaci\u00f3n \u00fatil para pymes y aut\u00f3nomos.\",\"publisher\":{\"@id\":\"https:\/\/www.billin.net\/blog\/#organization\"},\"potentialAction\":[{\"@type\":\"SearchAction\",\"target\":{\"@type\":\"EntryPoint\",\"urlTemplate\":\"https:\/\/www.billin.net\/blog\/?s={search_term_string}\"},\"query-input\":{\"@type\":\"PropertyValueSpecification\",\"valueRequired\":true,\"valueName\":\"search_term_string\"}}],\"inLanguage\":\"es\"},{\"@type\":\"Organization\",\"@id\":\"https:\/\/www.billin.net\/blog\/#organization\",\"name\":\"Billin\",\"alternateName\":\"Blog de Billin\",\"url\":\"https:\/\/www.billin.net\/blog\/\",\"logo\":{\"@type\":\"ImageObject\",\"inLanguage\":\"es\",\"@id\":\"https:\/\/www.billin.net\/blog\/#\/schema\/logo\/image\/\",\"url\":\"https:\/\/www.billin.net\/blog\/wp-content\/uploads\/2019\/06\/logotipo-billin-blog-1.png\",\"contentUrl\":\"https:\/\/www.billin.net\/blog\/wp-content\/uploads\/2019\/06\/logotipo-billin-blog-1.png\",\"width\":126,\"height\":50,\"caption\":\"Billin\"},\"image\":{\"@id\":\"https:\/\/www.billin.net\/blog\/#\/schema\/logo\/image\/\"},\"sameAs\":[\"https:\/\/www.facebook.com\/EsBillin\",\"https:\/\/x.com\/Billin_ES\",\"https:\/\/www.instagram.com\/billin_es\/\",\"https:\/\/www.linkedin.com\/company\/billin-spain\",\"https:\/\/www.youtube.com\/c\/BillinEsintercambiodefacturas\/\"],\"legalName\":\"MY EXPENSES SL\",\"contactPoint\":{\"@type\":\"ContactPoint\",\"telephone\":\"+34918318883\",\"contactType\":\"customer service\",\"email\":\"info@billin.eu\",\"availableLanguage\":\"es\"},\"foundingDate\":\"2015\",\"numberOfEmployees\":{\"@type\":\"QuantitativeValue\",\"minValue\":10,\"maxValue\":50},\"parentOrganization\":{\"@type\":\"Organization\",\"name\":\"TeamSystem\",\"url\":\"https:\/\/www.teamsystem.com\/\"},\"description\":\"Billin es el programa de facturaci\u00f3n online de TeamSystem para aut\u00f3nomos y pymes en Espa\u00f1a. Permite crear facturas, controlar gastos y cumplir con Verifactu.\",\"address\":{\"@type\":\"PostalAddress\",\"streetAddress\":\"Calle Arturo Soria, 336\",\"addressLocality\":\"Madrid\",\"addressRegion\":\"Madrid\",\"postalCode\":\"28033\",\"addressCountry\":\"ES\"}},{\"@type\":\"Person\",\"@id\":\"https:\/\/www.billin.net\/blog\/#\/schema\/person\/d0339ee6e869234614541b1e80a793e7\",\"name\":\"Marcos De La Cueva - CEO TeamSystem Facturas Billin\",\"image\":{\"@type\":\"ImageObject\",\"inLanguage\":\"es\",\"@id\":\"https:\/\/www.billin.net\/blog\/#\/schema\/person\/image\/\",\"url\":\"https:\/\/www.billin.net\/blog\/wp-content\/uploads\/2023\/10\/marcos-color-150x150.png\",\"contentUrl\":\"https:\/\/www.billin.net\/blog\/wp-content\/uploads\/2023\/10\/marcos-color-150x150.png\",\"caption\":\"Marcos De La Cueva - CEO TeamSystem Facturas Billin\"},\"description\":\"Licenciado en ADE por la Universidad Aut\u00f3noma de Madrid, Marcos De la Cueva es CEO y cofundador de TeamSystem Facturas Billin, un programa online que lleva m\u00e1s de 9 a\u00f1os ayudando a aut\u00f3nomos, peque\u00f1os negocios y gestor\u00edas a digitalizar sus presupuestos, facturas, tickets y gastos. \u00a0 Sobre Marcos De La Cueva \u00a0 Apasionado por el mundo empresarial y la tecnolog\u00eda, curs\u00f3 su M\u00e1ster de Finanzas en la Universidad Pontificia de Comillas y estuvo en el Programa de Cooperaci\u00f3n Educativa de la Universidad Aut\u00f3noma de Madrid. \u00a0 Marcos siempre ha tenido su objetivo claro: ayudar a la creaci\u00f3n de negocios financieramente sostenibles a trav\u00e9s de una herramienta de facturaci\u00f3n que les permita ahorrar tiempo y tener la contabilidad bajo control. \u00a0 Marcos De La Cueva en los medios \u2014 Noticia sobre Kit Digital y Ley Antifraude (VeriFactu) en El Economista. \u2014 Noticia sobre Kit Digital y factura electr\u00f3nica obligatoria en Diario Jur\u00eddico. \u2014 Noticia sobre el a\u00f1o de transici\u00f3n para la factura electr\u00f3nica en Muy Pymes. \u2014 Entrevista sobre factura electr\u00f3nica obligatoria en Canal Sur. \u2014 Noticia sobre el informe factura electr\u00f3nica de TeamSystem en Channel Partner. \u2014 Charla sobre productividad y Ley Crea y Crece en El Economista. \u2014 Charla sobre factura electr\u00f3nica obligatoria en Muy Pymes. \u2014 Charla sobre digitalizaci\u00f3n aut\u00f3nomos y productividad en esdiario. \u2014 Charla sobre productividad y factura electr\u00f3nica en La Raz\u00f3n. \u2014 Charla sobre factura electr\u00f3nica obligatoria en Aut\u00f3nomos y Emprendedores. \u2014 Entrevista sobre Ley Antifraude y Ley Crea y Crece en Expansi\u00f3n. \u2014 Entrevista sobre Ley Antifraude y Ley Crea y Crece en La Raz\u00f3n. \u2014 Entrevista sobre factura electr\u00f3nica obligatoria en El Economista. \u2014 Comunicado Billin y TeamSystem en Business Insider. \u2014 Entrevista en Econom\u00eda Digital. \u2014 Entrevista en Ideas para tu empresa de Vodafone. \u2014 Entrevista en M\u00e1sQradio. \u2014 Entrevista en Armas para emprender de El M\u00e9todo Gallardo. \u2014 Entrevista en KFund. \u2014 Entrevista en AXA Seguros Espa\u00f1a. \u2014 Entrevista en GestionaRadio. \u00a0 Marcos De La Cueva en eventos \u00a0 \u2014 Participaci\u00f3n como ponente en Accountex Espa\u00f1a 2023. \u00a0 Tem\u00e1ticas de especializaci\u00f3n \u00a0 negocios | startups | contabilidad| fiscalidad | empresas| asesor\u00edas| autonomos | emprendedores | peque\u00f1os negocios | econom\u00eda | ADE | pymes | desarrollo de negocio\u00a0\",\"sameAs\":[\"https:\/\/www.billin.net\/\",\"https:\/\/www.linkedin.com\/in\/marcos-de-la-cueva-19750ba3\/\"],\"url\":\"https:\/\/www.billin.net\/blog\/author\/marcosdelacueva\/\",\"jobTitle\":\"CEO y cofundador de TS Facturas Billin\"}]}<\/script>\n<!-- \/ Yoast SEO plugin. -->","yoast_head_json":{"title":"C\u00f3mo presentar el Modelo 232 y qui\u00e9n est\u00e1 obligado - TeamSystem Facturas Billin","description":"Vamos a contarte en que consiste el Modelo 232 de la AEAT, adem\u00e1s de ver, qui\u00e9n tendr\u00e1 que presentarlo de forma obligatoria.","robots":{"index":"index","follow":"follow","max-snippet":"max-snippet:-1","max-image-preview":"max-image-preview:large","max-video-preview":"max-video-preview:-1"},"canonical":"https:\/\/www.billin.net\/blog\/conoces-el-modelo-232\/","og_locale":"es_ES","og_type":"article","og_title":"C\u00f3mo presentar el Modelo 232 y qui\u00e9n est\u00e1 obligado - TeamSystem Facturas Billin","og_description":"Vamos a contarte en que consiste el Modelo 232 de la AEAT, adem\u00e1s de ver, qui\u00e9n tendr\u00e1 que presentarlo de forma obligatoria.","og_url":"https:\/\/www.billin.net\/blog\/conoces-el-modelo-232\/","og_site_name":"Blog de TeamSystem Facturas Billin","article_publisher":"https:\/\/www.facebook.com\/EsBillin","article_published_time":"2019-05-30T22:00:00+00:00","article_modified_time":"2025-09-25T18:50:09+00:00","og_image":[{"width":1200,"height":800,"url":"https:\/\/www.billin.net\/blog\/wp-content\/uploads\/2019\/05\/que-es-modelo-232-min.jpg","type":"image\/jpeg"}],"author":"Marcos De La Cueva - CEO TeamSystem Facturas Billin","twitter_card":"summary_large_image","twitter_creator":"@Billin_ES","twitter_site":"@Billin_ES","twitter_misc":{"Escrito por":"Marcos De La Cueva - CEO TeamSystem Facturas Billin","Tiempo de lectura":"4 minutos"},"schema":{"@context":"https:\/\/schema.org","@graph":[{"@type":"Article","@id":"https:\/\/www.billin.net\/blog\/conoces-el-modelo-232\/#article","isPartOf":{"@id":"https:\/\/www.billin.net\/blog\/conoces-el-modelo-232\/"},"author":{"name":"Marcos De La Cueva - CEO TeamSystem Facturas Billin","@id":"https:\/\/www.billin.net\/blog\/#\/schema\/person\/d0339ee6e869234614541b1e80a793e7"},"headline":"El modelo 232 de operaciones vinculadas","datePublished":"2019-05-30T22:00:00+00:00","dateModified":"2025-09-25T18:50:09+00:00","mainEntityOfPage":{"@id":"https:\/\/www.billin.net\/blog\/conoces-el-modelo-232\/"},"wordCount":850,"commentCount":0,"publisher":{"@id":"https:\/\/www.billin.net\/blog\/#organization"},"image":{"@id":"https:\/\/www.billin.net\/blog\/conoces-el-modelo-232\/#primaryimage"},"thumbnailUrl":"https:\/\/www.billin.net\/blog\/wp-content\/uploads\/2019\/05\/que-es-modelo-232-min.jpg","articleSection":["Contabilidad"],"inLanguage":"es","potentialAction":[{"@type":"CommentAction","name":"Comment","target":["https:\/\/www.billin.net\/blog\/conoces-el-modelo-232\/#respond"]}]},{"@type":"WebPage","@id":"https:\/\/www.billin.net\/blog\/conoces-el-modelo-232\/","url":"https:\/\/www.billin.net\/blog\/conoces-el-modelo-232\/","name":"C\u00f3mo presentar el Modelo 232 y qui\u00e9n est\u00e1 obligado - TeamSystem Facturas Billin","isPartOf":{"@id":"https:\/\/www.billin.net\/blog\/#website"},"primaryImageOfPage":{"@id":"https:\/\/www.billin.net\/blog\/conoces-el-modelo-232\/#primaryimage"},"image":{"@id":"https:\/\/www.billin.net\/blog\/conoces-el-modelo-232\/#primaryimage"},"thumbnailUrl":"https:\/\/www.billin.net\/blog\/wp-content\/uploads\/2019\/05\/que-es-modelo-232-min.jpg","datePublished":"2019-05-30T22:00:00+00:00","dateModified":"2025-09-25T18:50:09+00:00","description":"Vamos a contarte en que consiste el Modelo 232 de la AEAT, adem\u00e1s de ver, qui\u00e9n tendr\u00e1 que presentarlo de forma obligatoria.","breadcrumb":{"@id":"https:\/\/www.billin.net\/blog\/conoces-el-modelo-232\/#breadcrumb"},"inLanguage":"es","potentialAction":[{"@type":"ReadAction","target":["https:\/\/www.billin.net\/blog\/conoces-el-modelo-232\/"]}]},{"@type":"ImageObject","inLanguage":"es","@id":"https:\/\/www.billin.net\/blog\/conoces-el-modelo-232\/#primaryimage","url":"https:\/\/www.billin.net\/blog\/wp-content\/uploads\/2019\/05\/que-es-modelo-232-min.jpg","contentUrl":"https:\/\/www.billin.net\/blog\/wp-content\/uploads\/2019\/05\/que-es-modelo-232-min.jpg","width":1200,"height":800,"caption":"modelo 232 hacienda"},{"@type":"BreadcrumbList","@id":"https:\/\/www.billin.net\/blog\/conoces-el-modelo-232\/#breadcrumb","itemListElement":[{"@type":"ListItem","position":1,"name":"Blog","item":"https:\/\/www.billin.net\/blog\/"},{"@type":"ListItem","position":2,"name":"Contabilidad","item":"https:\/\/www.billin.net\/blog\/contabilidad\/"},{"@type":"ListItem","position":3,"name":"El modelo 232 de operaciones vinculadas"}]},{"@type":"WebSite","@id":"https:\/\/www.billin.net\/blog\/#website","url":"https:\/\/www.billin.net\/blog\/","name":"Blog de Billin","description":"Mantente informado con el blog de TeamSystem Facturas Billin:  facturaci\u00f3n, legislaci\u00f3n, contabilidad, management y toda la informaci\u00f3n \u00fatil para pymes y aut\u00f3nomos.","publisher":{"@id":"https:\/\/www.billin.net\/blog\/#organization"},"potentialAction":[{"@type":"SearchAction","target":{"@type":"EntryPoint","urlTemplate":"https:\/\/www.billin.net\/blog\/?s={search_term_string}"},"query-input":{"@type":"PropertyValueSpecification","valueRequired":true,"valueName":"search_term_string"}}],"inLanguage":"es"},{"@type":"Organization","@id":"https:\/\/www.billin.net\/blog\/#organization","name":"Billin","alternateName":"Blog de Billin","url":"https:\/\/www.billin.net\/blog\/","logo":{"@type":"ImageObject","inLanguage":"es","@id":"https:\/\/www.billin.net\/blog\/#\/schema\/logo\/image\/","url":"https:\/\/www.billin.net\/blog\/wp-content\/uploads\/2019\/06\/logotipo-billin-blog-1.png","contentUrl":"https:\/\/www.billin.net\/blog\/wp-content\/uploads\/2019\/06\/logotipo-billin-blog-1.png","width":126,"height":50,"caption":"Billin"},"image":{"@id":"https:\/\/www.billin.net\/blog\/#\/schema\/logo\/image\/"},"sameAs":["https:\/\/www.facebook.com\/EsBillin","https:\/\/x.com\/Billin_ES","https:\/\/www.instagram.com\/billin_es\/","https:\/\/www.linkedin.com\/company\/billin-spain","https:\/\/www.youtube.com\/c\/BillinEsintercambiodefacturas\/"],"legalName":"MY EXPENSES SL","contactPoint":{"@type":"ContactPoint","telephone":"+34918318883","contactType":"customer service","email":"info@billin.eu","availableLanguage":"es"},"foundingDate":"2015","numberOfEmployees":{"@type":"QuantitativeValue","minValue":10,"maxValue":50},"parentOrganization":{"@type":"Organization","name":"TeamSystem","url":"https:\/\/www.teamsystem.com\/"},"description":"Billin es el programa de facturaci\u00f3n online de TeamSystem para aut\u00f3nomos y pymes en Espa\u00f1a. Permite crear facturas, controlar gastos y cumplir con Verifactu.","address":{"@type":"PostalAddress","streetAddress":"Calle Arturo Soria, 336","addressLocality":"Madrid","addressRegion":"Madrid","postalCode":"28033","addressCountry":"ES"}},{"@type":"Person","@id":"https:\/\/www.billin.net\/blog\/#\/schema\/person\/d0339ee6e869234614541b1e80a793e7","name":"Marcos De La Cueva - CEO TeamSystem Facturas Billin","image":{"@type":"ImageObject","inLanguage":"es","@id":"https:\/\/www.billin.net\/blog\/#\/schema\/person\/image\/","url":"https:\/\/www.billin.net\/blog\/wp-content\/uploads\/2023\/10\/marcos-color-150x150.png","contentUrl":"https:\/\/www.billin.net\/blog\/wp-content\/uploads\/2023\/10\/marcos-color-150x150.png","caption":"Marcos De La Cueva - CEO TeamSystem Facturas Billin"},"description":"Licenciado en ADE por la Universidad Aut\u00f3noma de Madrid, Marcos De la Cueva es CEO y cofundador de TeamSystem Facturas Billin, un programa online que lleva m\u00e1s de 9 a\u00f1os ayudando a aut\u00f3nomos, peque\u00f1os negocios y gestor\u00edas a digitalizar sus presupuestos, facturas, tickets y gastos. \u00a0 Sobre Marcos De La Cueva \u00a0 Apasionado por el mundo empresarial y la tecnolog\u00eda, curs\u00f3 su M\u00e1ster de Finanzas en la Universidad Pontificia de Comillas y estuvo en el Programa de Cooperaci\u00f3n Educativa de la Universidad Aut\u00f3noma de Madrid. \u00a0 Marcos siempre ha tenido su objetivo claro: ayudar a la creaci\u00f3n de negocios financieramente sostenibles a trav\u00e9s de una herramienta de facturaci\u00f3n que les permita ahorrar tiempo y tener la contabilidad bajo control. \u00a0 Marcos De La Cueva en los medios \u2014 Noticia sobre Kit Digital y Ley Antifraude (VeriFactu) en El Economista. \u2014 Noticia sobre Kit Digital y factura electr\u00f3nica obligatoria en Diario Jur\u00eddico. \u2014 Noticia sobre el a\u00f1o de transici\u00f3n para la factura electr\u00f3nica en Muy Pymes. \u2014 Entrevista sobre factura electr\u00f3nica obligatoria en Canal Sur. \u2014 Noticia sobre el informe factura electr\u00f3nica de TeamSystem en Channel Partner. \u2014 Charla sobre productividad y Ley Crea y Crece en El Economista. \u2014 Charla sobre factura electr\u00f3nica obligatoria en Muy Pymes. \u2014 Charla sobre digitalizaci\u00f3n aut\u00f3nomos y productividad en esdiario. \u2014 Charla sobre productividad y factura electr\u00f3nica en La Raz\u00f3n. \u2014 Charla sobre factura electr\u00f3nica obligatoria en Aut\u00f3nomos y Emprendedores. \u2014 Entrevista sobre Ley Antifraude y Ley Crea y Crece en Expansi\u00f3n. \u2014 Entrevista sobre Ley Antifraude y Ley Crea y Crece en La Raz\u00f3n. \u2014 Entrevista sobre factura electr\u00f3nica obligatoria en El Economista. \u2014 Comunicado Billin y TeamSystem en Business Insider. \u2014 Entrevista en Econom\u00eda Digital. \u2014 Entrevista en Ideas para tu empresa de Vodafone. \u2014 Entrevista en M\u00e1sQradio. \u2014 Entrevista en Armas para emprender de El M\u00e9todo Gallardo. \u2014 Entrevista en KFund. \u2014 Entrevista en AXA Seguros Espa\u00f1a. \u2014 Entrevista en GestionaRadio. \u00a0 Marcos De La Cueva en eventos \u00a0 \u2014 Participaci\u00f3n como ponente en Accountex Espa\u00f1a 2023. \u00a0 Tem\u00e1ticas de especializaci\u00f3n \u00a0 negocios | startups | contabilidad| fiscalidad | empresas| asesor\u00edas| autonomos | emprendedores | peque\u00f1os negocios | econom\u00eda | ADE | pymes | desarrollo de negocio\u00a0","sameAs":["https:\/\/www.billin.net\/","https:\/\/www.linkedin.com\/in\/marcos-de-la-cueva-19750ba3\/"],"url":"https:\/\/www.billin.net\/blog\/author\/marcosdelacueva\/","jobTitle":"CEO y cofundador de TS Facturas Billin"}]}},"_links":{"self":[{"href":"https:\/\/www.billin.net\/blog\/wp-json\/wp\/v2\/posts\/11809","targetHints":{"allow":["GET"]}}],"collection":[{"href":"https:\/\/www.billin.net\/blog\/wp-json\/wp\/v2\/posts"}],"about":[{"href":"https:\/\/www.billin.net\/blog\/wp-json\/wp\/v2\/types\/post"}],"author":[{"embeddable":true,"href":"https:\/\/www.billin.net\/blog\/wp-json\/wp\/v2\/users\/20"}],"replies":[{"embeddable":true,"href":"https:\/\/www.billin.net\/blog\/wp-json\/wp\/v2\/comments?post=11809"}],"version-history":[{"count":10,"href":"https:\/\/www.billin.net\/blog\/wp-json\/wp\/v2\/posts\/11809\/revisions"}],"predecessor-version":[{"id":27186,"href":"https:\/\/www.billin.net\/blog\/wp-json\/wp\/v2\/posts\/11809\/revisions\/27186"}],"wp:featuredmedia":[{"embeddable":true,"href":"https:\/\/www.billin.net\/blog\/wp-json\/wp\/v2\/media\/11812"}],"wp:attachment":[{"href":"https:\/\/www.billin.net\/blog\/wp-json\/wp\/v2\/media?parent=11809"}],"wp:term":[{"taxonomy":"category","embeddable":true,"href":"https:\/\/www.billin.net\/blog\/wp-json\/wp\/v2\/categories?post=11809"},{"taxonomy":"post_tag","embeddable":true,"href":"https:\/\/www.billin.net\/blog\/wp-json\/wp\/v2\/tags?post=11809"}],"curies":[{"name":"wp","href":"https:\/\/api.w.org\/{rel}","templated":true}]}}