{"id":11748,"date":"2019-05-17T09:00:50","date_gmt":"2019-05-17T07:00:50","guid":{"rendered":"https:\/\/www.billin.net\/blog\/?p=11748"},"modified":"2025-09-25T20:50:24","modified_gmt":"2025-09-25T18:50:24","slug":"cerrar-contablemente-2018","status":"publish","type":"post","link":"https:\/\/www.billin.net\/blog\/cerrar-contablemente-2018\/","title":{"rendered":"\u00bfC\u00f3mo cerrar contablemente el a\u00f1o 2018?"},"content":{"rendered":"<p>Vamos a mostraros los ajustes principales que tendremos que realizar en los libros contables, cuya elaboraci\u00f3n debe estar lista para el <strong>ejercicio 2018<\/strong>, y, as\u00ed poder llevar a cabo el cierre contable y fiscal de dicho a\u00f1o.<!--more--><\/p>\n<h2>\u00bfQu\u00e9 es el cierre contable?<\/h2>\n<p>Lo primero que debemos tener en cuenta, es que la contabilidad de nuestra empresa est\u00e9 al d\u00eda, de manera que, llegado este momento, sea mucho m\u00e1s f\u00e1cil <strong>comenzar con dicho cierre contable<\/strong>.<\/p>\n<p>Generalmente, el a\u00f1o contable coincidir\u00e1 con el a\u00f1o natural, aunque hay algunas empresas que no lo tienen as\u00ed, pero lo normal, es que su fecha de cierre sea el 31 de diciembre del ejercicio que corresponda, en nuestro caso el 31\/12\/2018.<\/p>\n<p>Por tanto, podemos definir el <strong>cierre contable<\/strong>, como el proceso donde cancelaremos todas las cuentas contables, y as\u00ed poder calcularla cuenta de Resultados, de manera que, esos saldos contables, pasen a las partidas del balance y de la cuenta, seg\u00fan correspondan (activo, pasivo y patrimonio).<\/p>\n<h2>Pasos a seguir para dicho cierre<\/h2>\n<p>Antes de comenzar el cierre contable, debes asegurarte de que la contabilidad, coincide con los<strong> libros contables que has ido realizando a lo largo del a\u00f1o<\/strong>, y una vez, hayas hecho estas comprobaciones, debes seguir los siguientes pasos:<\/p>\n<ul>\n<li>Obt\u00e9n un Balance de Sumas y Saldos, con \u00e9l podr\u00e1s comprobar que todo lo reflejado en la contabilidad coincide con el libro diario.<\/li>\n<li>Revisa el Plan General Contable, es decir, comprueba cada uno de los grupos que forman el Balance de situaci\u00f3n y las cuentas que lo forman.<\/li>\n<li>Calcular las existencias finales, esto consiste en hacer un recuento de aquellas mercanc\u00edas que no hayamos consumido durante el ejercicio, lo cual, deber\u00e1 coincidir con la realidad.<\/li>\n<li>Revisar las deudas y los cr\u00e9ditos, ya que, cada a\u00f1o, habr\u00e1 que ir liquidando las deudas a corto plazo, para traspasar al ejercicio pr\u00f3ximo las que queden pendiente de pagar.<\/li>\n<li>Hay que ajustar los gastos e ingresos que se hayan pagado de forma anticipada, ya que, formar\u00e1n parte del a\u00f1o al que correspondan.<\/li>\n<li>Calcularemos la Cuenta de Resultados, que estar\u00e1 formada por los ingresos (grupo 7) y gastos (grupo 6), tambi\u00e9n se regularizar\u00e1 el patrimonio neto, que estar\u00e1 formado por las cuentas del grupo 8 y 9.<\/li>\n<li>Calcular las amortizaciones de los inmovilizados materiales e inmateriales que tengamos en el activo de la empresa.<\/li>\n<li>Lo \u00faltimo, ser\u00e1 cerrar los libros contables, es decir, el de las Cuentas Anuales e Inventario.<\/li>\n<\/ul>\n<p>Todos estos ajustes, se consiguen con el asiento de regularizaci\u00f3n, es decir, ser\u00e1 la <strong>diferencia entre los ingresos y los gastos<\/strong>, y de ah\u00ed, se obtendr\u00e1 el resultado econ\u00f3mico, es decir, p\u00e9rdidas o ganancias.<\/p>\n<p>Si obtienes beneficio, la cuenta de p\u00e9rdidas y ganancias tendr\u00e1 un saldo acreedor, y si son p\u00e9rdidas ser\u00e1 un saldo deudor.<\/p>\n<h2>\u00bfCu\u00e1l es el asiento de apertura?<\/h2>\n<p>El asiento de apertura es el primer asiento que realizamos en nuestra contabilidad, donde cargar\u00e1 las <strong>cuentas del Activo y abonar\u00e1 las cuentas del Pasivo<\/strong>.<\/p>\n<p>A la hora de realizar este asiento podemos encontrarnos las siguientes situaciones:<\/p>\n<ul>\n<li>Que la empresa no existiese anteriormente, y, por tanto, no habr\u00eda un balance inicial, en este caso, el asiento de apertura ser\u00eda la aportaci\u00f3n de los socios.<\/li>\n<li>Que s\u00ed exista un balance inicial, y, por tanto, los programas de contabilidad actuales lo calcular\u00e1n de forma autom\u00e1tica.<\/li>\n<li>Que s\u00ed exista un balance inicial, pero, la contabilidad la lleve una persona externa, entonces, tendr\u00edamos que crear todas las cuentas contables que aparezcan en el balance de sumas y saldos y luego realizar el asiento de apertura.<\/li>\n<\/ul>\n<h2>\u00bfCu\u00e1l es el asiento de cierre?<\/h2>\n<p>El asiento de cierre lo realizaremos cuando ya no vayamos a<strong> efectuar m\u00e1s anotaciones contables<\/strong> en nuestro libro diario.<\/p>\n<p>Este asiento posiciona las cuentas contables al contrario de su funcionamiento, de tal manera que, lo que va en el Debe, pasar\u00e1 al Haber, y lo que va en el Haber, pasar\u00e1 al Debe.<\/p>\n<p>Por tanto, todos los ajustes explicados en el apartado anterior, habr\u00e1 que efectuarlos antes de realizar este asiento de cierre.<\/p>\n<p><img loading=\"lazy\" decoding=\"async\" class=\"aligncenter size-full wp-image-11750\" src=\"https:\/\/www.billin.net\/blog\/wp-content\/uploads\/2019\/05\/contabilidad-cerrar-min.jpg\" alt=\"\" width=\"1200\" height=\"800\" srcset=\"https:\/\/www.billin.net\/blog\/wp-content\/uploads\/2019\/05\/contabilidad-cerrar-min.jpg 1200w, https:\/\/www.billin.net\/blog\/wp-content\/uploads\/2019\/05\/contabilidad-cerrar-min-300x200.jpg 300w, https:\/\/www.billin.net\/blog\/wp-content\/uploads\/2019\/05\/contabilidad-cerrar-min-768x512.jpg 768w, https:\/\/www.billin.net\/blog\/wp-content\/uploads\/2019\/05\/contabilidad-cerrar-min-1024x683.jpg 1024w, https:\/\/www.billin.net\/blog\/wp-content\/uploads\/2019\/05\/contabilidad-cerrar-min-600x400.jpg 600w, https:\/\/www.billin.net\/blog\/wp-content\/uploads\/2019\/05\/contabilidad-cerrar-min-200x133.jpg 200w, https:\/\/www.billin.net\/blog\/wp-content\/uploads\/2019\/05\/contabilidad-cerrar-min-810x540.jpg 810w, https:\/\/www.billin.net\/blog\/wp-content\/uploads\/2019\/05\/contabilidad-cerrar-min-1140x760.jpg 1140w\" sizes=\"(max-width: 1200px) 100vw, 1200px\" \/><\/p>\n<h2>Cierre fiscal del ejercicio<\/h2>\n<p>A diferencia del Cierre contable, existe el <strong>Cierre fiscal<\/strong>, el cual, se calcular\u00e1 a partir del resultado contable calculado, de manera que, tendr\u00e1s que realizar los siguientes ajustes:<\/p>\n<ul>\n<li>Habr\u00e1 que tener en cuenta los impuestos (en este caso el Impuesto de Sociedades)<\/li>\n<li>Las deducciones fiscales, como actividades de investigaci\u00f3n y desarrollo e innovaci\u00f3n tecnol\u00f3gica, por inversi\u00f3n en producciones cinematogr\u00e1ficas, creaci\u00f3n de empleo y otras deducciones para determinadas actividades<\/li>\n<li>La amortizaci\u00f3n de los Activos, que consiste en la depreciaci\u00f3n que tienen los activos de nuestra empresa con el paso del tiempo<\/li>\n<\/ul>\n","protected":false},"excerpt":{"rendered":"<p>Vamos a mostraros los ajustes principales que tendremos que realizar en los libros contables, cuya elaboraci\u00f3n debe estar lista para el ejercicio 2018, y, as\u00ed poder llevar a cabo el cierre contable y fiscal de dicho a\u00f1o.<\/p>\n","protected":false},"author":20,"featured_media":11749,"comment_status":"open","ping_status":"open","sticky":false,"template":"","format":"standard","meta":{"_acf_changed":false,"_et_pb_use_builder":"","_et_pb_old_content":"","_et_gb_content_width":"","om_disable_all_campaigns":false,"inline_featured_image":false,"footnotes":""},"categories":[1020],"tags":[],"class_list":{"0":"post-11748","1":"post","2":"type-post","3":"status-publish","4":"format-standard","5":"has-post-thumbnail","7":"category-contabilidad"},"acf":{"selector_de_usuario":null,"fecha_de_revision":null},"yoast_head":"<!-- This site is optimized with the Yoast SEO plugin v27.1 - https:\/\/yoast.com\/product\/yoast-seo-wordpress\/ -->\n<title>\u00bfC\u00f3mo cerrar contablemente el a\u00f1o 2018? - Blog de TeamSystem Facturas Billin<\/title>\n<meta name=\"description\" content=\"Los ajustes principales que tendremos que realizar en los libros contables, cuya elaboraci\u00f3n debe estar lista para el ejercicio 2018.\" \/>\n<meta name=\"robots\" content=\"index, follow, max-snippet:-1, max-image-preview:large, max-video-preview:-1\" \/>\n<link rel=\"canonical\" href=\"https:\/\/www.billin.net\/blog\/cerrar-contablemente-2018\/\" \/>\n<meta property=\"og:locale\" content=\"es_ES\" \/>\n<meta property=\"og:type\" content=\"article\" \/>\n<meta property=\"og:title\" content=\"\u00bfC\u00f3mo cerrar contablemente el a\u00f1o 2018? - Blog de TeamSystem Facturas Billin\" \/>\n<meta property=\"og:description\" content=\"Los ajustes principales que tendremos que realizar en los libros contables, cuya elaboraci\u00f3n debe estar lista para el ejercicio 2018.\" \/>\n<meta property=\"og:url\" content=\"https:\/\/www.billin.net\/blog\/cerrar-contablemente-2018\/\" \/>\n<meta property=\"og:site_name\" content=\"Blog de TeamSystem Facturas Billin\" \/>\n<meta property=\"article:publisher\" content=\"https:\/\/www.facebook.com\/EsBillin\" \/>\n<meta property=\"article:published_time\" content=\"2019-05-17T07:00:50+00:00\" \/>\n<meta property=\"article:modified_time\" content=\"2025-09-25T18:50:24+00:00\" \/>\n<meta property=\"og:image\" content=\"https:\/\/www.billin.net\/blog\/wp-content\/uploads\/2019\/05\/cerrar-contable-2018-min.jpg\" \/>\n\t<meta property=\"og:image:width\" content=\"1200\" \/>\n\t<meta property=\"og:image:height\" content=\"800\" \/>\n\t<meta property=\"og:image:type\" content=\"image\/jpeg\" \/>\n<meta name=\"author\" content=\"Marcos De La Cueva - CEO TeamSystem Facturas Billin\" \/>\n<meta name=\"twitter:card\" content=\"summary_large_image\" \/>\n<meta name=\"twitter:creator\" content=\"@Billin_ES\" \/>\n<meta name=\"twitter:site\" content=\"@Billin_ES\" \/>\n<meta name=\"twitter:label1\" content=\"Escrito por\" \/>\n\t<meta name=\"twitter:data1\" content=\"Marcos De La Cueva - CEO TeamSystem Facturas Billin\" \/>\n\t<meta name=\"twitter:label2\" content=\"Tiempo de lectura\" \/>\n\t<meta name=\"twitter:data2\" content=\"4 minutos\" \/>\n<script type=\"application\/ld+json\" class=\"yoast-schema-graph\">{\"@context\":\"https:\/\/schema.org\",\"@graph\":[{\"@type\":\"Article\",\"@id\":\"https:\/\/www.billin.net\/blog\/cerrar-contablemente-2018\/#article\",\"isPartOf\":{\"@id\":\"https:\/\/www.billin.net\/blog\/cerrar-contablemente-2018\/\"},\"author\":{\"name\":\"Marcos De La Cueva - CEO TeamSystem Facturas Billin\",\"@id\":\"https:\/\/www.billin.net\/blog\/#\/schema\/person\/d0339ee6e869234614541b1e80a793e7\"},\"headline\":\"\u00bfC\u00f3mo cerrar contablemente el a\u00f1o 2018?\",\"datePublished\":\"2019-05-17T07:00:50+00:00\",\"dateModified\":\"2025-09-25T18:50:24+00:00\",\"mainEntityOfPage\":{\"@id\":\"https:\/\/www.billin.net\/blog\/cerrar-contablemente-2018\/\"},\"wordCount\":796,\"commentCount\":0,\"publisher\":{\"@id\":\"https:\/\/www.billin.net\/blog\/#organization\"},\"image\":{\"@id\":\"https:\/\/www.billin.net\/blog\/cerrar-contablemente-2018\/#primaryimage\"},\"thumbnailUrl\":\"https:\/\/www.billin.net\/blog\/wp-content\/uploads\/2019\/05\/cerrar-contable-2018-min.jpg\",\"articleSection\":[\"Contabilidad\"],\"inLanguage\":\"es\",\"potentialAction\":[{\"@type\":\"CommentAction\",\"name\":\"Comment\",\"target\":[\"https:\/\/www.billin.net\/blog\/cerrar-contablemente-2018\/#respond\"]}]},{\"@type\":\"WebPage\",\"@id\":\"https:\/\/www.billin.net\/blog\/cerrar-contablemente-2018\/\",\"url\":\"https:\/\/www.billin.net\/blog\/cerrar-contablemente-2018\/\",\"name\":\"\u00bfC\u00f3mo cerrar contablemente el a\u00f1o 2018? - Blog de TeamSystem Facturas Billin\",\"isPartOf\":{\"@id\":\"https:\/\/www.billin.net\/blog\/#website\"},\"primaryImageOfPage\":{\"@id\":\"https:\/\/www.billin.net\/blog\/cerrar-contablemente-2018\/#primaryimage\"},\"image\":{\"@id\":\"https:\/\/www.billin.net\/blog\/cerrar-contablemente-2018\/#primaryimage\"},\"thumbnailUrl\":\"https:\/\/www.billin.net\/blog\/wp-content\/uploads\/2019\/05\/cerrar-contable-2018-min.jpg\",\"datePublished\":\"2019-05-17T07:00:50+00:00\",\"dateModified\":\"2025-09-25T18:50:24+00:00\",\"description\":\"Los ajustes principales que tendremos que realizar en los libros contables, cuya elaboraci\u00f3n debe estar lista para el ejercicio 2018.\",\"breadcrumb\":{\"@id\":\"https:\/\/www.billin.net\/blog\/cerrar-contablemente-2018\/#breadcrumb\"},\"inLanguage\":\"es\",\"potentialAction\":[{\"@type\":\"ReadAction\",\"target\":[\"https:\/\/www.billin.net\/blog\/cerrar-contablemente-2018\/\"]}]},{\"@type\":\"ImageObject\",\"inLanguage\":\"es\",\"@id\":\"https:\/\/www.billin.net\/blog\/cerrar-contablemente-2018\/#primaryimage\",\"url\":\"https:\/\/www.billin.net\/blog\/wp-content\/uploads\/2019\/05\/cerrar-contable-2018-min.jpg\",\"contentUrl\":\"https:\/\/www.billin.net\/blog\/wp-content\/uploads\/2019\/05\/cerrar-contable-2018-min.jpg\",\"width\":1200,\"height\":800},{\"@type\":\"BreadcrumbList\",\"@id\":\"https:\/\/www.billin.net\/blog\/cerrar-contablemente-2018\/#breadcrumb\",\"itemListElement\":[{\"@type\":\"ListItem\",\"position\":1,\"name\":\"Blog\",\"item\":\"https:\/\/www.billin.net\/blog\/\"},{\"@type\":\"ListItem\",\"position\":2,\"name\":\"Contabilidad\",\"item\":\"https:\/\/www.billin.net\/blog\/contabilidad\/\"},{\"@type\":\"ListItem\",\"position\":3,\"name\":\"\u00bfC\u00f3mo cerrar contablemente el a\u00f1o 2018?\"}]},{\"@type\":\"WebSite\",\"@id\":\"https:\/\/www.billin.net\/blog\/#website\",\"url\":\"https:\/\/www.billin.net\/blog\/\",\"name\":\"Blog de Billin\",\"description\":\"Mantente informado con el blog de TeamSystem Facturas Billin:  facturaci\u00f3n, legislaci\u00f3n, contabilidad, management y toda la informaci\u00f3n \u00fatil para pymes y aut\u00f3nomos.\",\"publisher\":{\"@id\":\"https:\/\/www.billin.net\/blog\/#organization\"},\"potentialAction\":[{\"@type\":\"SearchAction\",\"target\":{\"@type\":\"EntryPoint\",\"urlTemplate\":\"https:\/\/www.billin.net\/blog\/?s={search_term_string}\"},\"query-input\":{\"@type\":\"PropertyValueSpecification\",\"valueRequired\":true,\"valueName\":\"search_term_string\"}}],\"inLanguage\":\"es\"},{\"@type\":\"Organization\",\"@id\":\"https:\/\/www.billin.net\/blog\/#organization\",\"name\":\"Billin\",\"alternateName\":\"Blog de Billin\",\"url\":\"https:\/\/www.billin.net\/blog\/\",\"logo\":{\"@type\":\"ImageObject\",\"inLanguage\":\"es\",\"@id\":\"https:\/\/www.billin.net\/blog\/#\/schema\/logo\/image\/\",\"url\":\"https:\/\/www.billin.net\/blog\/wp-content\/uploads\/2019\/06\/logotipo-billin-blog-1.png\",\"contentUrl\":\"https:\/\/www.billin.net\/blog\/wp-content\/uploads\/2019\/06\/logotipo-billin-blog-1.png\",\"width\":126,\"height\":50,\"caption\":\"Billin\"},\"image\":{\"@id\":\"https:\/\/www.billin.net\/blog\/#\/schema\/logo\/image\/\"},\"sameAs\":[\"https:\/\/www.facebook.com\/EsBillin\",\"https:\/\/x.com\/Billin_ES\",\"https:\/\/www.instagram.com\/billin_es\/\",\"https:\/\/www.linkedin.com\/company\/billin-spain\",\"https:\/\/www.youtube.com\/c\/BillinEsintercambiodefacturas\/\"],\"legalName\":\"MY EXPENSES SL\",\"contactPoint\":{\"@type\":\"ContactPoint\",\"telephone\":\"+34918318883\",\"contactType\":\"customer service\",\"email\":\"info@billin.eu\",\"availableLanguage\":\"es\"},\"foundingDate\":\"2015\",\"numberOfEmployees\":{\"@type\":\"QuantitativeValue\",\"minValue\":10,\"maxValue\":50},\"parentOrganization\":{\"@type\":\"Organization\",\"name\":\"TeamSystem\",\"url\":\"https:\/\/www.teamsystem.com\/\"},\"description\":\"Billin es el programa de facturaci\u00f3n online de TeamSystem para aut\u00f3nomos y pymes en Espa\u00f1a. Permite crear facturas, controlar gastos y cumplir con Verifactu.\",\"address\":{\"@type\":\"PostalAddress\",\"streetAddress\":\"Calle Arturo Soria, 336\",\"addressLocality\":\"Madrid\",\"addressRegion\":\"Madrid\",\"postalCode\":\"28033\",\"addressCountry\":\"ES\"}},{\"@type\":\"Person\",\"@id\":\"https:\/\/www.billin.net\/blog\/#\/schema\/person\/d0339ee6e869234614541b1e80a793e7\",\"name\":\"Marcos De La Cueva - CEO TeamSystem Facturas Billin\",\"image\":{\"@type\":\"ImageObject\",\"inLanguage\":\"es\",\"@id\":\"https:\/\/www.billin.net\/blog\/#\/schema\/person\/image\/\",\"url\":\"https:\/\/www.billin.net\/blog\/wp-content\/uploads\/2023\/10\/marcos-color-150x150.png\",\"contentUrl\":\"https:\/\/www.billin.net\/blog\/wp-content\/uploads\/2023\/10\/marcos-color-150x150.png\",\"caption\":\"Marcos De La Cueva - CEO TeamSystem Facturas Billin\"},\"description\":\"Licenciado en ADE por la Universidad Aut\u00f3noma de Madrid, Marcos De la Cueva es CEO y cofundador de TeamSystem Facturas Billin, un programa online que lleva m\u00e1s de 9 a\u00f1os ayudando a aut\u00f3nomos, peque\u00f1os negocios y gestor\u00edas a digitalizar sus presupuestos, facturas, tickets y gastos. \u00a0 Sobre Marcos De La Cueva \u00a0 Apasionado por el mundo empresarial y la tecnolog\u00eda, curs\u00f3 su M\u00e1ster de Finanzas en la Universidad Pontificia de Comillas y estuvo en el Programa de Cooperaci\u00f3n Educativa de la Universidad Aut\u00f3noma de Madrid. \u00a0 Marcos siempre ha tenido su objetivo claro: ayudar a la creaci\u00f3n de negocios financieramente sostenibles a trav\u00e9s de una herramienta de facturaci\u00f3n que les permita ahorrar tiempo y tener la contabilidad bajo control. \u00a0 Marcos De La Cueva en los medios \u2014 Noticia sobre Kit Digital y Ley Antifraude (VeriFactu) en El Economista. \u2014 Noticia sobre Kit Digital y factura electr\u00f3nica obligatoria en Diario Jur\u00eddico. \u2014 Noticia sobre el a\u00f1o de transici\u00f3n para la factura electr\u00f3nica en Muy Pymes. \u2014 Entrevista sobre factura electr\u00f3nica obligatoria en Canal Sur. \u2014 Noticia sobre el informe factura electr\u00f3nica de TeamSystem en Channel Partner. \u2014 Charla sobre productividad y Ley Crea y Crece en El Economista. \u2014 Charla sobre factura electr\u00f3nica obligatoria en Muy Pymes. \u2014 Charla sobre digitalizaci\u00f3n aut\u00f3nomos y productividad en esdiario. \u2014 Charla sobre productividad y factura electr\u00f3nica en La Raz\u00f3n. \u2014 Charla sobre factura electr\u00f3nica obligatoria en Aut\u00f3nomos y Emprendedores. \u2014 Entrevista sobre Ley Antifraude y Ley Crea y Crece en Expansi\u00f3n. \u2014 Entrevista sobre Ley Antifraude y Ley Crea y Crece en La Raz\u00f3n. \u2014 Entrevista sobre factura electr\u00f3nica obligatoria en El Economista. \u2014 Comunicado Billin y TeamSystem en Business Insider. \u2014 Entrevista en Econom\u00eda Digital. \u2014 Entrevista en Ideas para tu empresa de Vodafone. \u2014 Entrevista en M\u00e1sQradio. \u2014 Entrevista en Armas para emprender de El M\u00e9todo Gallardo. \u2014 Entrevista en KFund. \u2014 Entrevista en AXA Seguros Espa\u00f1a. \u2014 Entrevista en GestionaRadio. \u00a0 Marcos De La Cueva en eventos \u00a0 \u2014 Participaci\u00f3n como ponente en Accountex Espa\u00f1a 2023. \u00a0 Tem\u00e1ticas de especializaci\u00f3n \u00a0 negocios | startups | contabilidad| fiscalidad | empresas| asesor\u00edas| autonomos | emprendedores | peque\u00f1os negocios | econom\u00eda | ADE | pymes | desarrollo de negocio\u00a0\",\"sameAs\":[\"https:\/\/www.billin.net\/\",\"https:\/\/www.linkedin.com\/in\/marcos-de-la-cueva-19750ba3\/\"],\"url\":\"https:\/\/www.billin.net\/blog\/author\/marcosdelacueva\/\",\"jobTitle\":\"CEO y cofundador de TS Facturas Billin\"}]}<\/script>\n<!-- \/ Yoast SEO plugin. -->","yoast_head_json":{"title":"\u00bfC\u00f3mo cerrar contablemente el a\u00f1o 2018? - Blog de TeamSystem Facturas Billin","description":"Los ajustes principales que tendremos que realizar en los libros contables, cuya elaboraci\u00f3n debe estar lista para el ejercicio 2018.","robots":{"index":"index","follow":"follow","max-snippet":"max-snippet:-1","max-image-preview":"max-image-preview:large","max-video-preview":"max-video-preview:-1"},"canonical":"https:\/\/www.billin.net\/blog\/cerrar-contablemente-2018\/","og_locale":"es_ES","og_type":"article","og_title":"\u00bfC\u00f3mo cerrar contablemente el a\u00f1o 2018? - Blog de TeamSystem Facturas Billin","og_description":"Los ajustes principales que tendremos que realizar en los libros contables, cuya elaboraci\u00f3n debe estar lista para el ejercicio 2018.","og_url":"https:\/\/www.billin.net\/blog\/cerrar-contablemente-2018\/","og_site_name":"Blog de TeamSystem Facturas Billin","article_publisher":"https:\/\/www.facebook.com\/EsBillin","article_published_time":"2019-05-17T07:00:50+00:00","article_modified_time":"2025-09-25T18:50:24+00:00","og_image":[{"width":1200,"height":800,"url":"https:\/\/www.billin.net\/blog\/wp-content\/uploads\/2019\/05\/cerrar-contable-2018-min.jpg","type":"image\/jpeg"}],"author":"Marcos De La Cueva - CEO TeamSystem Facturas Billin","twitter_card":"summary_large_image","twitter_creator":"@Billin_ES","twitter_site":"@Billin_ES","twitter_misc":{"Escrito por":"Marcos De La Cueva - CEO TeamSystem Facturas Billin","Tiempo de lectura":"4 minutos"},"schema":{"@context":"https:\/\/schema.org","@graph":[{"@type":"Article","@id":"https:\/\/www.billin.net\/blog\/cerrar-contablemente-2018\/#article","isPartOf":{"@id":"https:\/\/www.billin.net\/blog\/cerrar-contablemente-2018\/"},"author":{"name":"Marcos De La Cueva - CEO TeamSystem Facturas Billin","@id":"https:\/\/www.billin.net\/blog\/#\/schema\/person\/d0339ee6e869234614541b1e80a793e7"},"headline":"\u00bfC\u00f3mo cerrar contablemente el a\u00f1o 2018?","datePublished":"2019-05-17T07:00:50+00:00","dateModified":"2025-09-25T18:50:24+00:00","mainEntityOfPage":{"@id":"https:\/\/www.billin.net\/blog\/cerrar-contablemente-2018\/"},"wordCount":796,"commentCount":0,"publisher":{"@id":"https:\/\/www.billin.net\/blog\/#organization"},"image":{"@id":"https:\/\/www.billin.net\/blog\/cerrar-contablemente-2018\/#primaryimage"},"thumbnailUrl":"https:\/\/www.billin.net\/blog\/wp-content\/uploads\/2019\/05\/cerrar-contable-2018-min.jpg","articleSection":["Contabilidad"],"inLanguage":"es","potentialAction":[{"@type":"CommentAction","name":"Comment","target":["https:\/\/www.billin.net\/blog\/cerrar-contablemente-2018\/#respond"]}]},{"@type":"WebPage","@id":"https:\/\/www.billin.net\/blog\/cerrar-contablemente-2018\/","url":"https:\/\/www.billin.net\/blog\/cerrar-contablemente-2018\/","name":"\u00bfC\u00f3mo cerrar contablemente el a\u00f1o 2018? - Blog de TeamSystem Facturas Billin","isPartOf":{"@id":"https:\/\/www.billin.net\/blog\/#website"},"primaryImageOfPage":{"@id":"https:\/\/www.billin.net\/blog\/cerrar-contablemente-2018\/#primaryimage"},"image":{"@id":"https:\/\/www.billin.net\/blog\/cerrar-contablemente-2018\/#primaryimage"},"thumbnailUrl":"https:\/\/www.billin.net\/blog\/wp-content\/uploads\/2019\/05\/cerrar-contable-2018-min.jpg","datePublished":"2019-05-17T07:00:50+00:00","dateModified":"2025-09-25T18:50:24+00:00","description":"Los ajustes principales que tendremos que realizar en los libros contables, cuya elaboraci\u00f3n debe estar lista para el ejercicio 2018.","breadcrumb":{"@id":"https:\/\/www.billin.net\/blog\/cerrar-contablemente-2018\/#breadcrumb"},"inLanguage":"es","potentialAction":[{"@type":"ReadAction","target":["https:\/\/www.billin.net\/blog\/cerrar-contablemente-2018\/"]}]},{"@type":"ImageObject","inLanguage":"es","@id":"https:\/\/www.billin.net\/blog\/cerrar-contablemente-2018\/#primaryimage","url":"https:\/\/www.billin.net\/blog\/wp-content\/uploads\/2019\/05\/cerrar-contable-2018-min.jpg","contentUrl":"https:\/\/www.billin.net\/blog\/wp-content\/uploads\/2019\/05\/cerrar-contable-2018-min.jpg","width":1200,"height":800},{"@type":"BreadcrumbList","@id":"https:\/\/www.billin.net\/blog\/cerrar-contablemente-2018\/#breadcrumb","itemListElement":[{"@type":"ListItem","position":1,"name":"Blog","item":"https:\/\/www.billin.net\/blog\/"},{"@type":"ListItem","position":2,"name":"Contabilidad","item":"https:\/\/www.billin.net\/blog\/contabilidad\/"},{"@type":"ListItem","position":3,"name":"\u00bfC\u00f3mo cerrar contablemente el a\u00f1o 2018?"}]},{"@type":"WebSite","@id":"https:\/\/www.billin.net\/blog\/#website","url":"https:\/\/www.billin.net\/blog\/","name":"Blog de Billin","description":"Mantente informado con el blog de TeamSystem Facturas Billin:  facturaci\u00f3n, legislaci\u00f3n, contabilidad, management y toda la informaci\u00f3n \u00fatil para pymes y aut\u00f3nomos.","publisher":{"@id":"https:\/\/www.billin.net\/blog\/#organization"},"potentialAction":[{"@type":"SearchAction","target":{"@type":"EntryPoint","urlTemplate":"https:\/\/www.billin.net\/blog\/?s={search_term_string}"},"query-input":{"@type":"PropertyValueSpecification","valueRequired":true,"valueName":"search_term_string"}}],"inLanguage":"es"},{"@type":"Organization","@id":"https:\/\/www.billin.net\/blog\/#organization","name":"Billin","alternateName":"Blog de Billin","url":"https:\/\/www.billin.net\/blog\/","logo":{"@type":"ImageObject","inLanguage":"es","@id":"https:\/\/www.billin.net\/blog\/#\/schema\/logo\/image\/","url":"https:\/\/www.billin.net\/blog\/wp-content\/uploads\/2019\/06\/logotipo-billin-blog-1.png","contentUrl":"https:\/\/www.billin.net\/blog\/wp-content\/uploads\/2019\/06\/logotipo-billin-blog-1.png","width":126,"height":50,"caption":"Billin"},"image":{"@id":"https:\/\/www.billin.net\/blog\/#\/schema\/logo\/image\/"},"sameAs":["https:\/\/www.facebook.com\/EsBillin","https:\/\/x.com\/Billin_ES","https:\/\/www.instagram.com\/billin_es\/","https:\/\/www.linkedin.com\/company\/billin-spain","https:\/\/www.youtube.com\/c\/BillinEsintercambiodefacturas\/"],"legalName":"MY EXPENSES SL","contactPoint":{"@type":"ContactPoint","telephone":"+34918318883","contactType":"customer service","email":"info@billin.eu","availableLanguage":"es"},"foundingDate":"2015","numberOfEmployees":{"@type":"QuantitativeValue","minValue":10,"maxValue":50},"parentOrganization":{"@type":"Organization","name":"TeamSystem","url":"https:\/\/www.teamsystem.com\/"},"description":"Billin es el programa de facturaci\u00f3n online de TeamSystem para aut\u00f3nomos y pymes en Espa\u00f1a. Permite crear facturas, controlar gastos y cumplir con Verifactu.","address":{"@type":"PostalAddress","streetAddress":"Calle Arturo Soria, 336","addressLocality":"Madrid","addressRegion":"Madrid","postalCode":"28033","addressCountry":"ES"}},{"@type":"Person","@id":"https:\/\/www.billin.net\/blog\/#\/schema\/person\/d0339ee6e869234614541b1e80a793e7","name":"Marcos De La Cueva - CEO TeamSystem Facturas Billin","image":{"@type":"ImageObject","inLanguage":"es","@id":"https:\/\/www.billin.net\/blog\/#\/schema\/person\/image\/","url":"https:\/\/www.billin.net\/blog\/wp-content\/uploads\/2023\/10\/marcos-color-150x150.png","contentUrl":"https:\/\/www.billin.net\/blog\/wp-content\/uploads\/2023\/10\/marcos-color-150x150.png","caption":"Marcos De La Cueva - CEO TeamSystem Facturas Billin"},"description":"Licenciado en ADE por la Universidad Aut\u00f3noma de Madrid, Marcos De la Cueva es CEO y cofundador de TeamSystem Facturas Billin, un programa online que lleva m\u00e1s de 9 a\u00f1os ayudando a aut\u00f3nomos, peque\u00f1os negocios y gestor\u00edas a digitalizar sus presupuestos, facturas, tickets y gastos. \u00a0 Sobre Marcos De La Cueva \u00a0 Apasionado por el mundo empresarial y la tecnolog\u00eda, curs\u00f3 su M\u00e1ster de Finanzas en la Universidad Pontificia de Comillas y estuvo en el Programa de Cooperaci\u00f3n Educativa de la Universidad Aut\u00f3noma de Madrid. \u00a0 Marcos siempre ha tenido su objetivo claro: ayudar a la creaci\u00f3n de negocios financieramente sostenibles a trav\u00e9s de una herramienta de facturaci\u00f3n que les permita ahorrar tiempo y tener la contabilidad bajo control. \u00a0 Marcos De La Cueva en los medios \u2014 Noticia sobre Kit Digital y Ley Antifraude (VeriFactu) en El Economista. \u2014 Noticia sobre Kit Digital y factura electr\u00f3nica obligatoria en Diario Jur\u00eddico. \u2014 Noticia sobre el a\u00f1o de transici\u00f3n para la factura electr\u00f3nica en Muy Pymes. \u2014 Entrevista sobre factura electr\u00f3nica obligatoria en Canal Sur. \u2014 Noticia sobre el informe factura electr\u00f3nica de TeamSystem en Channel Partner. \u2014 Charla sobre productividad y Ley Crea y Crece en El Economista. \u2014 Charla sobre factura electr\u00f3nica obligatoria en Muy Pymes. \u2014 Charla sobre digitalizaci\u00f3n aut\u00f3nomos y productividad en esdiario. \u2014 Charla sobre productividad y factura electr\u00f3nica en La Raz\u00f3n. \u2014 Charla sobre factura electr\u00f3nica obligatoria en Aut\u00f3nomos y Emprendedores. \u2014 Entrevista sobre Ley Antifraude y Ley Crea y Crece en Expansi\u00f3n. \u2014 Entrevista sobre Ley Antifraude y Ley Crea y Crece en La Raz\u00f3n. \u2014 Entrevista sobre factura electr\u00f3nica obligatoria en El Economista. \u2014 Comunicado Billin y TeamSystem en Business Insider. \u2014 Entrevista en Econom\u00eda Digital. \u2014 Entrevista en Ideas para tu empresa de Vodafone. \u2014 Entrevista en M\u00e1sQradio. \u2014 Entrevista en Armas para emprender de El M\u00e9todo Gallardo. \u2014 Entrevista en KFund. \u2014 Entrevista en AXA Seguros Espa\u00f1a. \u2014 Entrevista en GestionaRadio. \u00a0 Marcos De La Cueva en eventos \u00a0 \u2014 Participaci\u00f3n como ponente en Accountex Espa\u00f1a 2023. \u00a0 Tem\u00e1ticas de especializaci\u00f3n \u00a0 negocios | startups | contabilidad| fiscalidad | empresas| asesor\u00edas| autonomos | emprendedores | peque\u00f1os negocios | econom\u00eda | ADE | pymes | desarrollo de negocio\u00a0","sameAs":["https:\/\/www.billin.net\/","https:\/\/www.linkedin.com\/in\/marcos-de-la-cueva-19750ba3\/"],"url":"https:\/\/www.billin.net\/blog\/author\/marcosdelacueva\/","jobTitle":"CEO y cofundador de TS Facturas Billin"}]}},"_links":{"self":[{"href":"https:\/\/www.billin.net\/blog\/wp-json\/wp\/v2\/posts\/11748","targetHints":{"allow":["GET"]}}],"collection":[{"href":"https:\/\/www.billin.net\/blog\/wp-json\/wp\/v2\/posts"}],"about":[{"href":"https:\/\/www.billin.net\/blog\/wp-json\/wp\/v2\/types\/post"}],"author":[{"embeddable":true,"href":"https:\/\/www.billin.net\/blog\/wp-json\/wp\/v2\/users\/20"}],"replies":[{"embeddable":true,"href":"https:\/\/www.billin.net\/blog\/wp-json\/wp\/v2\/comments?post=11748"}],"version-history":[{"count":3,"href":"https:\/\/www.billin.net\/blog\/wp-json\/wp\/v2\/posts\/11748\/revisions"}],"predecessor-version":[{"id":27192,"href":"https:\/\/www.billin.net\/blog\/wp-json\/wp\/v2\/posts\/11748\/revisions\/27192"}],"wp:featuredmedia":[{"embeddable":true,"href":"https:\/\/www.billin.net\/blog\/wp-json\/wp\/v2\/media\/11749"}],"wp:attachment":[{"href":"https:\/\/www.billin.net\/blog\/wp-json\/wp\/v2\/media?parent=11748"}],"wp:term":[{"taxonomy":"category","embeddable":true,"href":"https:\/\/www.billin.net\/blog\/wp-json\/wp\/v2\/categories?post=11748"},{"taxonomy":"post_tag","embeddable":true,"href":"https:\/\/www.billin.net\/blog\/wp-json\/wp\/v2\/tags?post=11748"}],"curies":[{"name":"wp","href":"https:\/\/api.w.org\/{rel}","templated":true}]}}