{"id":11738,"date":"2019-05-13T10:22:19","date_gmt":"2019-05-13T08:22:19","guid":{"rendered":"https:\/\/www.billin.net\/blog\/?p=11738"},"modified":"2025-09-25T20:50:28","modified_gmt":"2025-09-25T18:50:28","slug":"cuanto-tarda-hacienda-devolver-iva-empresas","status":"publish","type":"post","link":"https:\/\/www.billin.net\/blog\/cuanto-tarda-hacienda-devolver-iva-empresas\/","title":{"rendered":"\u00bfCu\u00e1nto tarda Hacienda en devolver el IVA a las empresas?"},"content":{"rendered":"<p>Muchas empresas esperan esta devoluci\u00f3n como el \u201cmes de mayo\u201d, te contamos<strong> cu\u00e1nto pueden tardar en devolverte el IVA<\/strong>, y, qu\u00e9 pasar\u00eda si recibieses una notificaci\u00f3n administrativa.<!--more--><\/p>\n<h2>Plazo m\u00e1ximo legal para la devoluci\u00f3n<\/h2>\n<p>Las fases del <strong><a href=\"https:\/\/www.billin.net\/glosario\/definicion-devolucion\/\">procedimiento de devoluci\u00f3n<\/a> de IVA<\/strong> son:<\/p>\n<ul>\n<li>Inicio: a instancias del contribuyente, mediante la presentaci\u00f3n de la liquidaci\u00f3n correspondiente.<\/li>\n<li>Posteriormente, la Administraci\u00f3n revisar\u00e1 la documentaci\u00f3n presentadas y la contrastar\u00e1 con los datos y antecedentes que tenga en su poder<\/li>\n<li>La terminaci\u00f3n de este proceso puede ser de la siguiente manera:\n<ul>\n<li>Acuerdo por parte de la Administraci\u00f3n en la cantidad a devolver, donde el contribuyente tendr\u00e1 conocimiento debido a la transferencia bancaria a su favor, hay que tener en cuenta, que, aunque te devuelvan, podr\u00edan revisarte dicho procedimiento posteriormente.<\/li>\n<li>Caducidad por parte del obligado tributario, con un periodo m\u00e1ximo de tres meses.<\/li>\n<li>Por el inicio de un procedimiento de comprobaci\u00f3n, verificaci\u00f3n de datos o inspecci\u00f3n.<\/li>\n<\/ul>\n<\/li>\n<\/ul>\n<p><strong>El plazo de resoluci\u00f3n m\u00e1ximo que tiene la Administraci\u00f3n para llevar a cabo este procedimiento, es de seis meses<\/strong>, pero en caso, de que el plazo hubiese transcurrido para la devoluci\u00f3n, imputable a la Administraci\u00f3n, \u00e9sta abonar\u00e1 los intereses de demora correspondientes, sin que el contribuyente tenga que solicitarlos.<\/p>\n<p>Esta <strong>autoliquidaci\u00f3n de IVA<\/strong>, se pedir\u00e1 en el cuarto trimestre del ejercicio al que corresponda, esta situaci\u00f3n ocurre, cuando a lo largo del a\u00f1o, hemos pagado m\u00e1s IVA del que hemos cobrado, es decir, tenemos un IVA soportado superior al IVA repercutido.<\/p>\n<p>Este periodo de seis meses, empieza a contar desde el \u00faltimo d\u00eda voluntario que tenemos para presentar el Modelo de IVA del cuarto trimestre, normalmente, suele ser el d\u00eda 30 de enero del a\u00f1o posterior, al que estamos cerrando, por ejemplo, el cuarto trimestre del ejercicio 2018 se present\u00f3 el 30 de enero de 2019.<\/p>\n<p>En caso de que Hacienda tuviese que indemnizar al contribuyente, por el incumplimiento del plazo de seis meses, se pagar\u00eda un 3,75% de inter\u00e9s de demora.<\/p>\n<p>Existe <strong>otro tipo de devoluci\u00f3n de IVA<\/strong>, que <a href=\"https:\/\/www.billin.net\/glosario\/definicion-impuesto-sobre-el-valor-anadido-iva\/\">es el conocido como IVA<\/a> mensual, el cual, el abono del IVA se har\u00e1 de forma mensual, por tanto, esa devoluci\u00f3n no podr\u00e1 tardar m\u00e1s de uno a dos meses.<\/p>\n<h2>\u00bfQu\u00e9 ocurre si te mandan una notificaci\u00f3n?<\/h2>\n<p>Cuando recibimos una <strong>notificaci\u00f3n correspondiente a un impuesto con un resultado a nuestro favor<\/strong>, a instancia de la Administraci\u00f3n, paralizar\u00e1 dicho periodo de seis meses para que se resuelva.<\/p>\n<p>En consecuencia, si recibes un requerimiento o <a href=\"https:\/\/www.billin.net\/glosario\/definicion-liquidacion\/\">una liquidaci\u00f3n<\/a> provisional correspondiente al impuesto que te ten\u00edan que devolver, deber\u00e1s acreditar, que tus datos declarados coinciden con los traspasados en los libros contables, de ah\u00ed, que cuando pedimos esa devoluci\u00f3n, debemos tener la firmeza de que lo hemos hecho, de forma correcta.<\/p>\n<p>Si, por el contrario, no recibes ninguna notificaci\u00f3n, el acuerdo de tu devoluci\u00f3n se ver\u00e1 reflejado en la cuenta bancaria que hayas indicado a la Administraci\u00f3n, para su reintegro.<\/p>\n<h3>\u00bfQu\u00e9 ocurre si contestas tarde a una notificaci\u00f3n?<\/h3>\n<p>Te recomendamos, que, si han pasado pocos d\u00edas,<strong> vayas directamente a la Delegaci\u00f3n de Hacienda<\/strong>, y le comentes tu situaci\u00f3n, es probable, que te admitan tu argumento, si, por el contrario, haces caso omiso, la Agencia Tributaria te sancionar\u00e1.<\/p>\n<p>Seg\u00fan el Tribunal Supremo en la Sentencia del 13 de mayo de 2015, dict\u00f3, que, si el contribuyente se encuentra de vacaciones, esas comunicaciones no tendr\u00e1n validez, por ello,<strong> la Administraci\u00f3n suele enviar varias notificaciones<\/strong>, de manera que, se asegure la percepci\u00f3n de dicha carta.<\/p>\n<p><img loading=\"lazy\" decoding=\"async\" class=\"aligncenter wp-image-11740 size-full\" src=\"https:\/\/www.billin.net\/blog\/wp-content\/uploads\/2019\/05\/hacienda-tarda-devolver-iva-min.jpg\" alt=\"devolucion iva empresas\" width=\"1200\" height=\"800\" srcset=\"https:\/\/www.billin.net\/blog\/wp-content\/uploads\/2019\/05\/hacienda-tarda-devolver-iva-min.jpg 1200w, https:\/\/www.billin.net\/blog\/wp-content\/uploads\/2019\/05\/hacienda-tarda-devolver-iva-min-300x200.jpg 300w, https:\/\/www.billin.net\/blog\/wp-content\/uploads\/2019\/05\/hacienda-tarda-devolver-iva-min-768x512.jpg 768w, https:\/\/www.billin.net\/blog\/wp-content\/uploads\/2019\/05\/hacienda-tarda-devolver-iva-min-1024x683.jpg 1024w, https:\/\/www.billin.net\/blog\/wp-content\/uploads\/2019\/05\/hacienda-tarda-devolver-iva-min-600x400.jpg 600w, https:\/\/www.billin.net\/blog\/wp-content\/uploads\/2019\/05\/hacienda-tarda-devolver-iva-min-200x133.jpg 200w, https:\/\/www.billin.net\/blog\/wp-content\/uploads\/2019\/05\/hacienda-tarda-devolver-iva-min-810x540.jpg 810w, https:\/\/www.billin.net\/blog\/wp-content\/uploads\/2019\/05\/hacienda-tarda-devolver-iva-min-1140x760.jpg 1140w\" sizes=\"(max-width: 1200px) 100vw, 1200px\" \/><\/p>\n<h2>Tipos de notificaciones de Hacienda<\/h2>\n<p>Las principales notificaciones que podemos recibir por parte de Hacienda son:<\/p>\n<ul>\n<li><strong>Comunicaci\u00f3n<\/strong>: conocida como notificaci\u00f3n informativa, es una carta que no requiere intervenci\u00f3n, pero, es importante su recepci\u00f3n, ya que, sino, la publicar\u00edan en el Bolet\u00edn Oficial del Estado.<\/li>\n<li><strong>Procedimiento de comprobaci\u00f3n limitada<\/strong>:\n<ul>\n<li><strong>Requerimiento<\/strong>: es la notificaci\u00f3n m\u00e1s leve que env\u00eda la Agencia Tributaria, normalmente, es para revisar algunas incoherencias num\u00e9ricas.<\/li>\n<li><strong>Propuesta Liquidaci\u00f3n Provisional<\/strong>: en esta notificaci\u00f3n se nos solicita corregir algunos datos num\u00e9ricos que hacen variar el resultado de la autoliquidaci\u00f3n que hemos presentado.<\/li>\n<li><strong>Notificaci\u00f3n<\/strong> <strong>Resoluci\u00f3n<\/strong>: \u00e9sta suele ser la \u00faltima notificaci\u00f3n que recibas, normalmente, ser\u00e1 despu\u00e9s de las dos anteriores, la cual, si no estamos de acuerdo, podremos recurrir.<\/li>\n<li>Providencia de apremio: es una notificaci\u00f3n de deuda, aumentada con el recargo de no haberla pagado en el plazo voluntario, puede ir desde el 5% hasta el 20%.<\/li>\n<li><strong>Embargo<\/strong>: en este caso, se nos informar\u00e1 de la deuda que tiene la Agencia Tributaria con nuestro proveedor, de tal manera, que nos obligan a informar, si tenemos deudas vigentes con dicho proveedor.<\/li>\n<\/ul>\n<\/li>\n<\/ul>\n<p>En caso de que existiesen, habr\u00eda que practicar un embargo sobre las facturas que tenemos pendientes, y, <a href=\"https:\/\/www.billin.net\/glosario\/definicion-pago\/\">realizar el pago<\/a> mediante el ingreso de la caja de la Administraci\u00f3n.<\/p>\n","protected":false},"excerpt":{"rendered":"<p>Muchas empresas esperan esta devoluci\u00f3n como el \u201cmes de mayo\u201d, te contamos cu\u00e1nto pueden tardar en devolverte el IVA, y, qu\u00e9 pasar\u00eda si recibieses una notificaci\u00f3n administrativa.<\/p>\n","protected":false},"author":20,"featured_media":11739,"comment_status":"open","ping_status":"open","sticky":false,"template":"","format":"standard","meta":{"_acf_changed":false,"_et_pb_use_builder":"","_et_pb_old_content":"","_et_gb_content_width":"","om_disable_all_campaigns":false,"inline_featured_image":false,"footnotes":""},"categories":[1014],"tags":[1381],"class_list":{"0":"post-11738","1":"post","2":"type-post","3":"status-publish","4":"format-standard","5":"has-post-thumbnail","7":"category-fiscalidad","8":"tag-pymes"},"acf":{"selector_de_usuario":"","fecha_de_revision":"20230830"},"yoast_head":"<!-- This site is optimized with the Yoast SEO plugin v27.1 - https:\/\/yoast.com\/product\/yoast-seo-wordpress\/ -->\n<title>Tiempo que tarda Hacienda en devolver el IVA | TeamSystem Facturas Billin<\/title>\n<meta name=\"description\" content=\"Te contamos cu\u00e1nto pueden tardar en devolverte el IVA, y, qu\u00e9 pasa si recibieses una notificaci\u00f3n administrativa.\" \/>\n<meta name=\"robots\" content=\"index, follow, max-snippet:-1, max-image-preview:large, max-video-preview:-1\" \/>\n<link rel=\"canonical\" href=\"https:\/\/www.billin.net\/blog\/cuanto-tarda-hacienda-devolver-iva-empresas\/\" \/>\n<meta property=\"og:locale\" content=\"es_ES\" \/>\n<meta property=\"og:type\" content=\"article\" \/>\n<meta property=\"og:title\" content=\"Tiempo que tarda Hacienda en devolver el IVA | TeamSystem Facturas Billin\" \/>\n<meta property=\"og:description\" content=\"Te contamos cu\u00e1nto pueden tardar en devolverte el IVA, y, qu\u00e9 pasa si recibieses una notificaci\u00f3n administrativa.\" \/>\n<meta property=\"og:url\" content=\"https:\/\/www.billin.net\/blog\/cuanto-tarda-hacienda-devolver-iva-empresas\/\" \/>\n<meta property=\"og:site_name\" content=\"Blog de TeamSystem Facturas Billin\" \/>\n<meta property=\"article:publisher\" content=\"https:\/\/www.facebook.com\/EsBillin\" \/>\n<meta property=\"article:published_time\" content=\"2019-05-13T08:22:19+00:00\" \/>\n<meta property=\"article:modified_time\" content=\"2025-09-25T18:50:28+00:00\" \/>\n<meta property=\"og:image\" content=\"https:\/\/www.billin.net\/blog\/wp-content\/uploads\/2019\/05\/devolver-iva-hacienda-min.jpg\" \/>\n\t<meta property=\"og:image:width\" content=\"1200\" \/>\n\t<meta property=\"og:image:height\" content=\"800\" \/>\n\t<meta property=\"og:image:type\" content=\"image\/jpeg\" \/>\n<meta name=\"author\" content=\"Marcos De La Cueva - CEO TeamSystem Facturas Billin\" \/>\n<meta name=\"twitter:card\" content=\"summary_large_image\" \/>\n<meta name=\"twitter:creator\" content=\"@Billin_ES\" \/>\n<meta name=\"twitter:site\" content=\"@Billin_ES\" \/>\n<meta name=\"twitter:label1\" content=\"Escrito por\" \/>\n\t<meta name=\"twitter:data1\" content=\"Marcos De La Cueva - CEO TeamSystem Facturas Billin\" \/>\n\t<meta name=\"twitter:label2\" content=\"Tiempo de lectura\" \/>\n\t<meta name=\"twitter:data2\" content=\"4 minutos\" \/>\n<script type=\"application\/ld+json\" class=\"yoast-schema-graph\">{\"@context\":\"https:\/\/schema.org\",\"@graph\":[{\"@type\":\"Article\",\"@id\":\"https:\/\/www.billin.net\/blog\/cuanto-tarda-hacienda-devolver-iva-empresas\/#article\",\"isPartOf\":{\"@id\":\"https:\/\/www.billin.net\/blog\/cuanto-tarda-hacienda-devolver-iva-empresas\/\"},\"author\":{\"name\":\"Marcos De La Cueva - CEO TeamSystem Facturas Billin\",\"@id\":\"https:\/\/www.billin.net\/blog\/#\/schema\/person\/d0339ee6e869234614541b1e80a793e7\"},\"headline\":\"\u00bfCu\u00e1nto tarda Hacienda en devolver el IVA a las empresas?\",\"datePublished\":\"2019-05-13T08:22:19+00:00\",\"dateModified\":\"2025-09-25T18:50:28+00:00\",\"mainEntityOfPage\":{\"@id\":\"https:\/\/www.billin.net\/blog\/cuanto-tarda-hacienda-devolver-iva-empresas\/\"},\"wordCount\":850,\"commentCount\":0,\"publisher\":{\"@id\":\"https:\/\/www.billin.net\/blog\/#organization\"},\"image\":{\"@id\":\"https:\/\/www.billin.net\/blog\/cuanto-tarda-hacienda-devolver-iva-empresas\/#primaryimage\"},\"thumbnailUrl\":\"https:\/\/www.billin.net\/blog\/wp-content\/uploads\/2019\/05\/devolver-iva-hacienda-min.jpg\",\"keywords\":[\"Pymes\"],\"articleSection\":[\"Fiscalidad\"],\"inLanguage\":\"es\",\"potentialAction\":[{\"@type\":\"CommentAction\",\"name\":\"Comment\",\"target\":[\"https:\/\/www.billin.net\/blog\/cuanto-tarda-hacienda-devolver-iva-empresas\/#respond\"]}]},{\"@type\":\"WebPage\",\"@id\":\"https:\/\/www.billin.net\/blog\/cuanto-tarda-hacienda-devolver-iva-empresas\/\",\"url\":\"https:\/\/www.billin.net\/blog\/cuanto-tarda-hacienda-devolver-iva-empresas\/\",\"name\":\"Tiempo que tarda Hacienda en devolver el IVA | TeamSystem Facturas Billin\",\"isPartOf\":{\"@id\":\"https:\/\/www.billin.net\/blog\/#website\"},\"primaryImageOfPage\":{\"@id\":\"https:\/\/www.billin.net\/blog\/cuanto-tarda-hacienda-devolver-iva-empresas\/#primaryimage\"},\"image\":{\"@id\":\"https:\/\/www.billin.net\/blog\/cuanto-tarda-hacienda-devolver-iva-empresas\/#primaryimage\"},\"thumbnailUrl\":\"https:\/\/www.billin.net\/blog\/wp-content\/uploads\/2019\/05\/devolver-iva-hacienda-min.jpg\",\"datePublished\":\"2019-05-13T08:22:19+00:00\",\"dateModified\":\"2025-09-25T18:50:28+00:00\",\"description\":\"Te contamos cu\u00e1nto pueden tardar en devolverte el IVA, y, qu\u00e9 pasa si recibieses una notificaci\u00f3n administrativa.\",\"breadcrumb\":{\"@id\":\"https:\/\/www.billin.net\/blog\/cuanto-tarda-hacienda-devolver-iva-empresas\/#breadcrumb\"},\"inLanguage\":\"es\",\"potentialAction\":[{\"@type\":\"ReadAction\",\"target\":[\"https:\/\/www.billin.net\/blog\/cuanto-tarda-hacienda-devolver-iva-empresas\/\"]}]},{\"@type\":\"ImageObject\",\"inLanguage\":\"es\",\"@id\":\"https:\/\/www.billin.net\/blog\/cuanto-tarda-hacienda-devolver-iva-empresas\/#primaryimage\",\"url\":\"https:\/\/www.billin.net\/blog\/wp-content\/uploads\/2019\/05\/devolver-iva-hacienda-min.jpg\",\"contentUrl\":\"https:\/\/www.billin.net\/blog\/wp-content\/uploads\/2019\/05\/devolver-iva-hacienda-min.jpg\",\"width\":1200,\"height\":800},{\"@type\":\"BreadcrumbList\",\"@id\":\"https:\/\/www.billin.net\/blog\/cuanto-tarda-hacienda-devolver-iva-empresas\/#breadcrumb\",\"itemListElement\":[{\"@type\":\"ListItem\",\"position\":1,\"name\":\"Blog\",\"item\":\"https:\/\/www.billin.net\/blog\/\"},{\"@type\":\"ListItem\",\"position\":2,\"name\":\"Fiscalidad\",\"item\":\"https:\/\/www.billin.net\/blog\/fiscalidad\/\"},{\"@type\":\"ListItem\",\"position\":3,\"name\":\"\u00bfCu\u00e1nto tarda Hacienda en devolver el IVA a las empresas?\"}]},{\"@type\":\"WebSite\",\"@id\":\"https:\/\/www.billin.net\/blog\/#website\",\"url\":\"https:\/\/www.billin.net\/blog\/\",\"name\":\"Blog de Billin\",\"description\":\"Mantente informado con el blog de TeamSystem Facturas Billin:  facturaci\u00f3n, legislaci\u00f3n, contabilidad, management y toda la informaci\u00f3n \u00fatil para pymes y aut\u00f3nomos.\",\"publisher\":{\"@id\":\"https:\/\/www.billin.net\/blog\/#organization\"},\"potentialAction\":[{\"@type\":\"SearchAction\",\"target\":{\"@type\":\"EntryPoint\",\"urlTemplate\":\"https:\/\/www.billin.net\/blog\/?s={search_term_string}\"},\"query-input\":{\"@type\":\"PropertyValueSpecification\",\"valueRequired\":true,\"valueName\":\"search_term_string\"}}],\"inLanguage\":\"es\"},{\"@type\":\"Organization\",\"@id\":\"https:\/\/www.billin.net\/blog\/#organization\",\"name\":\"Billin\",\"alternateName\":\"Blog de Billin\",\"url\":\"https:\/\/www.billin.net\/blog\/\",\"logo\":{\"@type\":\"ImageObject\",\"inLanguage\":\"es\",\"@id\":\"https:\/\/www.billin.net\/blog\/#\/schema\/logo\/image\/\",\"url\":\"https:\/\/www.billin.net\/blog\/wp-content\/uploads\/2019\/06\/logotipo-billin-blog-1.png\",\"contentUrl\":\"https:\/\/www.billin.net\/blog\/wp-content\/uploads\/2019\/06\/logotipo-billin-blog-1.png\",\"width\":126,\"height\":50,\"caption\":\"Billin\"},\"image\":{\"@id\":\"https:\/\/www.billin.net\/blog\/#\/schema\/logo\/image\/\"},\"sameAs\":[\"https:\/\/www.facebook.com\/EsBillin\",\"https:\/\/x.com\/Billin_ES\",\"https:\/\/www.instagram.com\/billin_es\/\",\"https:\/\/www.linkedin.com\/company\/billin-spain\",\"https:\/\/www.youtube.com\/c\/BillinEsintercambiodefacturas\/\"],\"legalName\":\"MY EXPENSES SL\",\"contactPoint\":{\"@type\":\"ContactPoint\",\"telephone\":\"+34918318883\",\"contactType\":\"customer service\",\"email\":\"info@billin.eu\",\"availableLanguage\":\"es\"},\"foundingDate\":\"2015\",\"numberOfEmployees\":{\"@type\":\"QuantitativeValue\",\"minValue\":10,\"maxValue\":50},\"parentOrganization\":{\"@type\":\"Organization\",\"name\":\"TeamSystem\",\"url\":\"https:\/\/www.teamsystem.com\/\"},\"description\":\"Billin es el programa de facturaci\u00f3n online de TeamSystem para aut\u00f3nomos y pymes en Espa\u00f1a. Permite crear facturas, controlar gastos y cumplir con Verifactu.\",\"address\":{\"@type\":\"PostalAddress\",\"streetAddress\":\"Calle Arturo Soria, 336\",\"addressLocality\":\"Madrid\",\"addressRegion\":\"Madrid\",\"postalCode\":\"28033\",\"addressCountry\":\"ES\"}},{\"@type\":\"Person\",\"@id\":\"https:\/\/www.billin.net\/blog\/#\/schema\/person\/d0339ee6e869234614541b1e80a793e7\",\"name\":\"Marcos De La Cueva - CEO TeamSystem Facturas Billin\",\"image\":{\"@type\":\"ImageObject\",\"inLanguage\":\"es\",\"@id\":\"https:\/\/www.billin.net\/blog\/#\/schema\/person\/image\/\",\"url\":\"https:\/\/www.billin.net\/blog\/wp-content\/uploads\/2023\/10\/marcos-color-150x150.png\",\"contentUrl\":\"https:\/\/www.billin.net\/blog\/wp-content\/uploads\/2023\/10\/marcos-color-150x150.png\",\"caption\":\"Marcos De La Cueva - CEO TeamSystem Facturas Billin\"},\"description\":\"Licenciado en ADE por la Universidad Aut\u00f3noma de Madrid, Marcos De la Cueva es CEO y cofundador de TeamSystem Facturas Billin, un programa online que lleva m\u00e1s de 9 a\u00f1os ayudando a aut\u00f3nomos, peque\u00f1os negocios y gestor\u00edas a digitalizar sus presupuestos, facturas, tickets y gastos. \u00a0 Sobre Marcos De La Cueva \u00a0 Apasionado por el mundo empresarial y la tecnolog\u00eda, curs\u00f3 su M\u00e1ster de Finanzas en la Universidad Pontificia de Comillas y estuvo en el Programa de Cooperaci\u00f3n Educativa de la Universidad Aut\u00f3noma de Madrid. \u00a0 Marcos siempre ha tenido su objetivo claro: ayudar a la creaci\u00f3n de negocios financieramente sostenibles a trav\u00e9s de una herramienta de facturaci\u00f3n que les permita ahorrar tiempo y tener la contabilidad bajo control. \u00a0 Marcos De La Cueva en los medios \u2014 Noticia sobre Kit Digital y Ley Antifraude (VeriFactu) en El Economista. \u2014 Noticia sobre Kit Digital y factura electr\u00f3nica obligatoria en Diario Jur\u00eddico. \u2014 Noticia sobre el a\u00f1o de transici\u00f3n para la factura electr\u00f3nica en Muy Pymes. \u2014 Entrevista sobre factura electr\u00f3nica obligatoria en Canal Sur. \u2014 Noticia sobre el informe factura electr\u00f3nica de TeamSystem en Channel Partner. \u2014 Charla sobre productividad y Ley Crea y Crece en El Economista. \u2014 Charla sobre factura electr\u00f3nica obligatoria en Muy Pymes. \u2014 Charla sobre digitalizaci\u00f3n aut\u00f3nomos y productividad en esdiario. \u2014 Charla sobre productividad y factura electr\u00f3nica en La Raz\u00f3n. \u2014 Charla sobre factura electr\u00f3nica obligatoria en Aut\u00f3nomos y Emprendedores. \u2014 Entrevista sobre Ley Antifraude y Ley Crea y Crece en Expansi\u00f3n. \u2014 Entrevista sobre Ley Antifraude y Ley Crea y Crece en La Raz\u00f3n. \u2014 Entrevista sobre factura electr\u00f3nica obligatoria en El Economista. \u2014 Comunicado Billin y TeamSystem en Business Insider. \u2014 Entrevista en Econom\u00eda Digital. \u2014 Entrevista en Ideas para tu empresa de Vodafone. \u2014 Entrevista en M\u00e1sQradio. \u2014 Entrevista en Armas para emprender de El M\u00e9todo Gallardo. \u2014 Entrevista en KFund. \u2014 Entrevista en AXA Seguros Espa\u00f1a. \u2014 Entrevista en GestionaRadio. \u00a0 Marcos De La Cueva en eventos \u00a0 \u2014 Participaci\u00f3n como ponente en Accountex Espa\u00f1a 2023. \u00a0 Tem\u00e1ticas de especializaci\u00f3n \u00a0 negocios | startups | contabilidad| fiscalidad | empresas| asesor\u00edas| autonomos | emprendedores | peque\u00f1os negocios | econom\u00eda | ADE | pymes | desarrollo de negocio\u00a0\",\"sameAs\":[\"https:\/\/www.billin.net\/\",\"https:\/\/www.linkedin.com\/in\/marcos-de-la-cueva-19750ba3\/\"],\"url\":\"https:\/\/www.billin.net\/blog\/author\/marcosdelacueva\/\",\"jobTitle\":\"CEO y cofundador de TS Facturas Billin\"}]}<\/script>\n<!-- \/ Yoast SEO plugin. -->","yoast_head_json":{"title":"Tiempo que tarda Hacienda en devolver el IVA | TeamSystem Facturas Billin","description":"Te contamos cu\u00e1nto pueden tardar en devolverte el IVA, y, qu\u00e9 pasa si recibieses una notificaci\u00f3n administrativa.","robots":{"index":"index","follow":"follow","max-snippet":"max-snippet:-1","max-image-preview":"max-image-preview:large","max-video-preview":"max-video-preview:-1"},"canonical":"https:\/\/www.billin.net\/blog\/cuanto-tarda-hacienda-devolver-iva-empresas\/","og_locale":"es_ES","og_type":"article","og_title":"Tiempo que tarda Hacienda en devolver el IVA | TeamSystem Facturas Billin","og_description":"Te contamos cu\u00e1nto pueden tardar en devolverte el IVA, y, qu\u00e9 pasa si recibieses una notificaci\u00f3n administrativa.","og_url":"https:\/\/www.billin.net\/blog\/cuanto-tarda-hacienda-devolver-iva-empresas\/","og_site_name":"Blog de TeamSystem Facturas Billin","article_publisher":"https:\/\/www.facebook.com\/EsBillin","article_published_time":"2019-05-13T08:22:19+00:00","article_modified_time":"2025-09-25T18:50:28+00:00","og_image":[{"width":1200,"height":800,"url":"https:\/\/www.billin.net\/blog\/wp-content\/uploads\/2019\/05\/devolver-iva-hacienda-min.jpg","type":"image\/jpeg"}],"author":"Marcos De La Cueva - CEO TeamSystem Facturas Billin","twitter_card":"summary_large_image","twitter_creator":"@Billin_ES","twitter_site":"@Billin_ES","twitter_misc":{"Escrito por":"Marcos De La Cueva - CEO TeamSystem Facturas Billin","Tiempo de lectura":"4 minutos"},"schema":{"@context":"https:\/\/schema.org","@graph":[{"@type":"Article","@id":"https:\/\/www.billin.net\/blog\/cuanto-tarda-hacienda-devolver-iva-empresas\/#article","isPartOf":{"@id":"https:\/\/www.billin.net\/blog\/cuanto-tarda-hacienda-devolver-iva-empresas\/"},"author":{"name":"Marcos De La Cueva - CEO TeamSystem Facturas Billin","@id":"https:\/\/www.billin.net\/blog\/#\/schema\/person\/d0339ee6e869234614541b1e80a793e7"},"headline":"\u00bfCu\u00e1nto tarda Hacienda en devolver el IVA a las empresas?","datePublished":"2019-05-13T08:22:19+00:00","dateModified":"2025-09-25T18:50:28+00:00","mainEntityOfPage":{"@id":"https:\/\/www.billin.net\/blog\/cuanto-tarda-hacienda-devolver-iva-empresas\/"},"wordCount":850,"commentCount":0,"publisher":{"@id":"https:\/\/www.billin.net\/blog\/#organization"},"image":{"@id":"https:\/\/www.billin.net\/blog\/cuanto-tarda-hacienda-devolver-iva-empresas\/#primaryimage"},"thumbnailUrl":"https:\/\/www.billin.net\/blog\/wp-content\/uploads\/2019\/05\/devolver-iva-hacienda-min.jpg","keywords":["Pymes"],"articleSection":["Fiscalidad"],"inLanguage":"es","potentialAction":[{"@type":"CommentAction","name":"Comment","target":["https:\/\/www.billin.net\/blog\/cuanto-tarda-hacienda-devolver-iva-empresas\/#respond"]}]},{"@type":"WebPage","@id":"https:\/\/www.billin.net\/blog\/cuanto-tarda-hacienda-devolver-iva-empresas\/","url":"https:\/\/www.billin.net\/blog\/cuanto-tarda-hacienda-devolver-iva-empresas\/","name":"Tiempo que tarda Hacienda en devolver el IVA | TeamSystem Facturas Billin","isPartOf":{"@id":"https:\/\/www.billin.net\/blog\/#website"},"primaryImageOfPage":{"@id":"https:\/\/www.billin.net\/blog\/cuanto-tarda-hacienda-devolver-iva-empresas\/#primaryimage"},"image":{"@id":"https:\/\/www.billin.net\/blog\/cuanto-tarda-hacienda-devolver-iva-empresas\/#primaryimage"},"thumbnailUrl":"https:\/\/www.billin.net\/blog\/wp-content\/uploads\/2019\/05\/devolver-iva-hacienda-min.jpg","datePublished":"2019-05-13T08:22:19+00:00","dateModified":"2025-09-25T18:50:28+00:00","description":"Te contamos cu\u00e1nto pueden tardar en devolverte el IVA, y, qu\u00e9 pasa si recibieses una notificaci\u00f3n administrativa.","breadcrumb":{"@id":"https:\/\/www.billin.net\/blog\/cuanto-tarda-hacienda-devolver-iva-empresas\/#breadcrumb"},"inLanguage":"es","potentialAction":[{"@type":"ReadAction","target":["https:\/\/www.billin.net\/blog\/cuanto-tarda-hacienda-devolver-iva-empresas\/"]}]},{"@type":"ImageObject","inLanguage":"es","@id":"https:\/\/www.billin.net\/blog\/cuanto-tarda-hacienda-devolver-iva-empresas\/#primaryimage","url":"https:\/\/www.billin.net\/blog\/wp-content\/uploads\/2019\/05\/devolver-iva-hacienda-min.jpg","contentUrl":"https:\/\/www.billin.net\/blog\/wp-content\/uploads\/2019\/05\/devolver-iva-hacienda-min.jpg","width":1200,"height":800},{"@type":"BreadcrumbList","@id":"https:\/\/www.billin.net\/blog\/cuanto-tarda-hacienda-devolver-iva-empresas\/#breadcrumb","itemListElement":[{"@type":"ListItem","position":1,"name":"Blog","item":"https:\/\/www.billin.net\/blog\/"},{"@type":"ListItem","position":2,"name":"Fiscalidad","item":"https:\/\/www.billin.net\/blog\/fiscalidad\/"},{"@type":"ListItem","position":3,"name":"\u00bfCu\u00e1nto tarda Hacienda en devolver el IVA a las empresas?"}]},{"@type":"WebSite","@id":"https:\/\/www.billin.net\/blog\/#website","url":"https:\/\/www.billin.net\/blog\/","name":"Blog de Billin","description":"Mantente informado con el blog de TeamSystem Facturas Billin:  facturaci\u00f3n, legislaci\u00f3n, contabilidad, management y toda la informaci\u00f3n \u00fatil para pymes y aut\u00f3nomos.","publisher":{"@id":"https:\/\/www.billin.net\/blog\/#organization"},"potentialAction":[{"@type":"SearchAction","target":{"@type":"EntryPoint","urlTemplate":"https:\/\/www.billin.net\/blog\/?s={search_term_string}"},"query-input":{"@type":"PropertyValueSpecification","valueRequired":true,"valueName":"search_term_string"}}],"inLanguage":"es"},{"@type":"Organization","@id":"https:\/\/www.billin.net\/blog\/#organization","name":"Billin","alternateName":"Blog de Billin","url":"https:\/\/www.billin.net\/blog\/","logo":{"@type":"ImageObject","inLanguage":"es","@id":"https:\/\/www.billin.net\/blog\/#\/schema\/logo\/image\/","url":"https:\/\/www.billin.net\/blog\/wp-content\/uploads\/2019\/06\/logotipo-billin-blog-1.png","contentUrl":"https:\/\/www.billin.net\/blog\/wp-content\/uploads\/2019\/06\/logotipo-billin-blog-1.png","width":126,"height":50,"caption":"Billin"},"image":{"@id":"https:\/\/www.billin.net\/blog\/#\/schema\/logo\/image\/"},"sameAs":["https:\/\/www.facebook.com\/EsBillin","https:\/\/x.com\/Billin_ES","https:\/\/www.instagram.com\/billin_es\/","https:\/\/www.linkedin.com\/company\/billin-spain","https:\/\/www.youtube.com\/c\/BillinEsintercambiodefacturas\/"],"legalName":"MY EXPENSES SL","contactPoint":{"@type":"ContactPoint","telephone":"+34918318883","contactType":"customer service","email":"info@billin.eu","availableLanguage":"es"},"foundingDate":"2015","numberOfEmployees":{"@type":"QuantitativeValue","minValue":10,"maxValue":50},"parentOrganization":{"@type":"Organization","name":"TeamSystem","url":"https:\/\/www.teamsystem.com\/"},"description":"Billin es el programa de facturaci\u00f3n online de TeamSystem para aut\u00f3nomos y pymes en Espa\u00f1a. Permite crear facturas, controlar gastos y cumplir con Verifactu.","address":{"@type":"PostalAddress","streetAddress":"Calle Arturo Soria, 336","addressLocality":"Madrid","addressRegion":"Madrid","postalCode":"28033","addressCountry":"ES"}},{"@type":"Person","@id":"https:\/\/www.billin.net\/blog\/#\/schema\/person\/d0339ee6e869234614541b1e80a793e7","name":"Marcos De La Cueva - CEO TeamSystem Facturas Billin","image":{"@type":"ImageObject","inLanguage":"es","@id":"https:\/\/www.billin.net\/blog\/#\/schema\/person\/image\/","url":"https:\/\/www.billin.net\/blog\/wp-content\/uploads\/2023\/10\/marcos-color-150x150.png","contentUrl":"https:\/\/www.billin.net\/blog\/wp-content\/uploads\/2023\/10\/marcos-color-150x150.png","caption":"Marcos De La Cueva - CEO TeamSystem Facturas Billin"},"description":"Licenciado en ADE por la Universidad Aut\u00f3noma de Madrid, Marcos De la Cueva es CEO y cofundador de TeamSystem Facturas Billin, un programa online que lleva m\u00e1s de 9 a\u00f1os ayudando a aut\u00f3nomos, peque\u00f1os negocios y gestor\u00edas a digitalizar sus presupuestos, facturas, tickets y gastos. \u00a0 Sobre Marcos De La Cueva \u00a0 Apasionado por el mundo empresarial y la tecnolog\u00eda, curs\u00f3 su M\u00e1ster de Finanzas en la Universidad Pontificia de Comillas y estuvo en el Programa de Cooperaci\u00f3n Educativa de la Universidad Aut\u00f3noma de Madrid. \u00a0 Marcos siempre ha tenido su objetivo claro: ayudar a la creaci\u00f3n de negocios financieramente sostenibles a trav\u00e9s de una herramienta de facturaci\u00f3n que les permita ahorrar tiempo y tener la contabilidad bajo control. \u00a0 Marcos De La Cueva en los medios \u2014 Noticia sobre Kit Digital y Ley Antifraude (VeriFactu) en El Economista. \u2014 Noticia sobre Kit Digital y factura electr\u00f3nica obligatoria en Diario Jur\u00eddico. \u2014 Noticia sobre el a\u00f1o de transici\u00f3n para la factura electr\u00f3nica en Muy Pymes. \u2014 Entrevista sobre factura electr\u00f3nica obligatoria en Canal Sur. \u2014 Noticia sobre el informe factura electr\u00f3nica de TeamSystem en Channel Partner. \u2014 Charla sobre productividad y Ley Crea y Crece en El Economista. \u2014 Charla sobre factura electr\u00f3nica obligatoria en Muy Pymes. \u2014 Charla sobre digitalizaci\u00f3n aut\u00f3nomos y productividad en esdiario. \u2014 Charla sobre productividad y factura electr\u00f3nica en La Raz\u00f3n. \u2014 Charla sobre factura electr\u00f3nica obligatoria en Aut\u00f3nomos y Emprendedores. \u2014 Entrevista sobre Ley Antifraude y Ley Crea y Crece en Expansi\u00f3n. \u2014 Entrevista sobre Ley Antifraude y Ley Crea y Crece en La Raz\u00f3n. \u2014 Entrevista sobre factura electr\u00f3nica obligatoria en El Economista. \u2014 Comunicado Billin y TeamSystem en Business Insider. \u2014 Entrevista en Econom\u00eda Digital. \u2014 Entrevista en Ideas para tu empresa de Vodafone. \u2014 Entrevista en M\u00e1sQradio. \u2014 Entrevista en Armas para emprender de El M\u00e9todo Gallardo. \u2014 Entrevista en KFund. \u2014 Entrevista en AXA Seguros Espa\u00f1a. \u2014 Entrevista en GestionaRadio. \u00a0 Marcos De La Cueva en eventos \u00a0 \u2014 Participaci\u00f3n como ponente en Accountex Espa\u00f1a 2023. \u00a0 Tem\u00e1ticas de especializaci\u00f3n \u00a0 negocios | startups | contabilidad| fiscalidad | empresas| asesor\u00edas| autonomos | emprendedores | peque\u00f1os negocios | econom\u00eda | ADE | pymes | desarrollo de negocio\u00a0","sameAs":["https:\/\/www.billin.net\/","https:\/\/www.linkedin.com\/in\/marcos-de-la-cueva-19750ba3\/"],"url":"https:\/\/www.billin.net\/blog\/author\/marcosdelacueva\/","jobTitle":"CEO y cofundador de TS Facturas Billin"}]}},"_links":{"self":[{"href":"https:\/\/www.billin.net\/blog\/wp-json\/wp\/v2\/posts\/11738","targetHints":{"allow":["GET"]}}],"collection":[{"href":"https:\/\/www.billin.net\/blog\/wp-json\/wp\/v2\/posts"}],"about":[{"href":"https:\/\/www.billin.net\/blog\/wp-json\/wp\/v2\/types\/post"}],"author":[{"embeddable":true,"href":"https:\/\/www.billin.net\/blog\/wp-json\/wp\/v2\/users\/20"}],"replies":[{"embeddable":true,"href":"https:\/\/www.billin.net\/blog\/wp-json\/wp\/v2\/comments?post=11738"}],"version-history":[{"count":8,"href":"https:\/\/www.billin.net\/blog\/wp-json\/wp\/v2\/posts\/11738\/revisions"}],"predecessor-version":[{"id":27194,"href":"https:\/\/www.billin.net\/blog\/wp-json\/wp\/v2\/posts\/11738\/revisions\/27194"}],"wp:featuredmedia":[{"embeddable":true,"href":"https:\/\/www.billin.net\/blog\/wp-json\/wp\/v2\/media\/11739"}],"wp:attachment":[{"href":"https:\/\/www.billin.net\/blog\/wp-json\/wp\/v2\/media?parent=11738"}],"wp:term":[{"taxonomy":"category","embeddable":true,"href":"https:\/\/www.billin.net\/blog\/wp-json\/wp\/v2\/categories?post=11738"},{"taxonomy":"post_tag","embeddable":true,"href":"https:\/\/www.billin.net\/blog\/wp-json\/wp\/v2\/tags?post=11738"}],"curies":[{"name":"wp","href":"https:\/\/api.w.org\/{rel}","templated":true}]}}