{"id":11730,"date":"2019-05-08T10:39:46","date_gmt":"2019-05-08T08:39:46","guid":{"rendered":"https:\/\/www.billin.net\/blog\/?p=11730"},"modified":"2025-09-25T20:50:30","modified_gmt":"2025-09-25T18:50:30","slug":"todas-las-novedades-para-los-autonomos-en-2019-hacienda-y-seguridad-social","status":"publish","type":"post","link":"https:\/\/www.billin.net\/blog\/todas-las-novedades-para-los-autonomos-en-2019-hacienda-y-seguridad-social\/","title":{"rendered":"Todas las novedades para los aut\u00f3nomos en 2019 Hacienda y Seguridad Social"},"content":{"rendered":"<p>Hoy queremos hablar de todas esas novedades que debes tener en cuenta, si eres aut\u00f3nomo, de cara a la <strong>Hacienda de 2019 y la Seguridad Social<\/strong>.<!--more--><\/p>\n<h2>Novedades en Seguridad Social<\/h2>\n<h3>Tramitaci\u00f3n del alta de aut\u00f3nomo<\/h3>\n<p>A partir del a\u00f1o 2019, para darse de alta de aut\u00f3nomo no ser\u00e1 necesaria el <strong>alta censal de Hacienda<\/strong>, sino que, podr\u00e1s hacerlo en el orden que quieras.<\/p>\n<p>Es m\u00e1s, el alta de Seguridad Social, deber\u00e1 ser previa al alta de Hacienda, es decir, qu\u00e9 si quieres estar dado de alta el 10 de mayo, deber\u00e1s tramitar el alta, como muy tarde, el d\u00eda 9 de mayo, pero en este caso, el alta de Hacienda deber\u00eda ser tambi\u00e9n el mismo d\u00eda 9 de mayo.<\/p>\n<p>Por tanto, te recomendamos, que lo realices en la misma fecha, tanto el alta de Hacienda, como la de Seguridad Social.<\/p>\n<p>Recuerda que si eres nuevo aut\u00f3nomo tienes derecho a la conocida como la <a href=\"https:\/\/www.billin.net\/blog\/requisitos-cumplir-tarifa-plana\/\" target=\"_blank\" rel=\"noopener noreferrer\"><strong>tarifa plana aut\u00f3nomos<\/strong><\/a><\/p>\n<h3>Bases de cotizaci\u00f3n del aut\u00f3nomo<\/h3>\n<p>En este a\u00f1o 2019, tanto la base de cotizaci\u00f3n m\u00ednima, como la m\u00e1xima, se ha visto aumentada en un 1.30 % aproximadamente, quedando de la siguiente manera:<\/p>\n<p><strong>Base m\u00ednima: 944,40 euros<\/strong><br \/>\n<strong>Base m\u00e1xima: 4.070,10 euros<\/strong><\/p>\n<p>Actualmente, estas bases de cotizaci\u00f3n han sido calculadas de forma provisional, ya que, el objetivo, ser\u00e1 implantar una base de cotizaci\u00f3n que funcione, teniendo en cuenta los ingresos reales.<\/p>\n<p>El Gobierno actual, se comprometi\u00f3 en presentar un borrador de este modelo de cotizaci\u00f3n, con el fin de que entrara en vigor el d\u00eda 1 de enero de 2021.<\/p>\n<p>Tambi\u00e9n este a\u00f1o, se ha aprobado la inclusi\u00f3n en cualquier tipo de base de cotizaci\u00f3n, es decir, la base m\u00ednima estar\u00e1 formada, tanto por las contingencias comunes, contingencias profesionales, cese de actividad y formaci\u00f3n:<\/p>\n<p><img loading=\"lazy\" decoding=\"async\" class=\"aligncenter size-full wp-image-11731\" src=\"https:\/\/www.billin.net\/blog\/wp-content\/uploads\/2019\/05\/bases-cotizacion-autonomo.jpg\" alt=\"\" width=\"376\" height=\"89\" srcset=\"https:\/\/www.billin.net\/blog\/wp-content\/uploads\/2019\/05\/bases-cotizacion-autonomo.jpg 376w, https:\/\/www.billin.net\/blog\/wp-content\/uploads\/2019\/05\/bases-cotizacion-autonomo-300x71.jpg 300w\" sizes=\"(max-width: 376px) 100vw, 376px\" \/><\/p>\n<p>Todo este aumento, ha tenido una consecuencia econ\u00f3mica, sobre la <a href=\"https:\/\/www.billin.net\/glosario\/cuota-autonomo\/\" target=\"_blank\" rel=\"noopener noreferrer\">cuota de aut\u00f3nomo<\/a>, suponiendo 5,36 euros m\u00e1s al mes, pero ya, con todas las coberturas anteriores incluidas.<\/p>\n<p>Siendo la cuota de aut\u00f3nomos por la base m\u00ednima 283,30, y la m\u00ednima de los societarios 364,23 euros.<\/p>\n<p>Desde el 1 de enero de 2019, la tarifa plana pasa a ser de 60 euros al mes, durante el primer a\u00f1o de alta en el RETA, menos los aut\u00f3nomos agrarios, que seguir\u00e1n pagando 50 euros al mes.<\/p>\n<h2>Coberturas sociales<\/h2>\n<p><strong>A partir de 2019<\/strong>, tendr\u00e1s derecho a:<\/p>\n<ul>\n<li>Cobrar por accidente de trabajo o enfermedad profesional.<\/li>\n<li>No pagar\u00e1s la cuota de aut\u00f3nomos desde el d\u00eda 61 de la baja por enfermedad o incapacidad laboral<\/li>\n<li>Cotizar\u00e1s por el desempleo, donde su gran novedad es la ampliaci\u00f3n de plazo, que pasa de 12 a 24 meses, quedando de la siguiente manera:<\/li>\n<\/ul>\n<p><img loading=\"lazy\" decoding=\"async\" class=\"aligncenter size-full wp-image-11732\" src=\"https:\/\/www.billin.net\/blog\/wp-content\/uploads\/2019\/05\/coberturas-sociales.jpg\" alt=\"\" width=\"526\" height=\"171\" srcset=\"https:\/\/www.billin.net\/blog\/wp-content\/uploads\/2019\/05\/coberturas-sociales.jpg 526w, https:\/\/www.billin.net\/blog\/wp-content\/uploads\/2019\/05\/coberturas-sociales-300x98.jpg 300w\" sizes=\"(max-width: 526px) 100vw, 526px\" \/><\/p>\n<h3>Novedades para los empleadores<\/h3>\n<p>Las <strong>modificaciones que afectar\u00e1n a los empleadores<\/strong>, son:<\/p>\n<ul>\n<li>Aumento del salario m\u00ednimo interprofesional se establece en 30 euros al d\u00eda o 900 euros al mes.<\/li>\n<li>Se derogan los contratos de apoyo al emprendedor, a no ser, que tengas el contrato realizado con anterioridad a esta derogaci\u00f3n, que entonces, s\u00ed se ten mantendr\u00e1n estas bonificaciones.<\/li>\n<li>Se elimina la ayuda a la contrataci\u00f3n a desempleados suscritos al sistema de garant\u00eda juvenil.<\/li>\n<li>Se suspende el sistema de reducci\u00f3n de las cotizaciones por contingencias profesionales.<\/li>\n<li>Si contratas por un periodo de 5 o 6 d\u00edas, la cuota de cotizaci\u00f3n de contingencias comunes aumentar\u00e1 hasta un 40%.<\/li>\n<\/ul>\n<p><img loading=\"lazy\" decoding=\"async\" class=\"aligncenter size-full wp-image-11734\" src=\"https:\/\/www.billin.net\/blog\/wp-content\/uploads\/2019\/05\/autonomos-seguridad-social-hacienda-min.jpg\" alt=\"\" width=\"1200\" height=\"800\" srcset=\"https:\/\/www.billin.net\/blog\/wp-content\/uploads\/2019\/05\/autonomos-seguridad-social-hacienda-min.jpg 1200w, https:\/\/www.billin.net\/blog\/wp-content\/uploads\/2019\/05\/autonomos-seguridad-social-hacienda-min-300x200.jpg 300w, https:\/\/www.billin.net\/blog\/wp-content\/uploads\/2019\/05\/autonomos-seguridad-social-hacienda-min-768x512.jpg 768w, https:\/\/www.billin.net\/blog\/wp-content\/uploads\/2019\/05\/autonomos-seguridad-social-hacienda-min-1024x683.jpg 1024w, https:\/\/www.billin.net\/blog\/wp-content\/uploads\/2019\/05\/autonomos-seguridad-social-hacienda-min-600x400.jpg 600w, https:\/\/www.billin.net\/blog\/wp-content\/uploads\/2019\/05\/autonomos-seguridad-social-hacienda-min-200x133.jpg 200w, https:\/\/www.billin.net\/blog\/wp-content\/uploads\/2019\/05\/autonomos-seguridad-social-hacienda-min-810x540.jpg 810w, https:\/\/www.billin.net\/blog\/wp-content\/uploads\/2019\/05\/autonomos-seguridad-social-hacienda-min-1140x760.jpg 1140w\" sizes=\"(max-width: 1200px) 100vw, 1200px\" \/><\/p>\n<h2>Novedades en Hacienda para el 2019<\/h2>\n<p>Como <strong>novedades a destacar dentro del ejercicio 2019<\/strong>, podemos se\u00f1alar las siguientes:<\/p>\n<ul>\n<li>La prestaci\u00f3n por maternidad y paternidad ya est\u00e1 exenta de IRPF.<\/li>\n<li>Se mantienen los l\u00edmites de los ingresos de la facturaci\u00f3n de los m\u00f3dulos para todo el a\u00f1o 2019.<\/li>\n<li>Se consigue una nueva deducci\u00f3n de hasta 1.000 euros por gastos en guarder\u00eda, mediante el Modelo 233, que presentar\u00e1n aquellos centros homologados.<\/li>\n<li>Se consigue hasta un 30% de la deducci\u00f3n de suministros, para los aut\u00f3nomos que tengan su oficina dentro de su vivienda habitual, en funci\u00f3n de los metros sujetos a su actividad.<\/li>\n<li>Se recupera el IVA del 10% para los aut\u00f3nomos artistas en determinados servicios.<\/li>\n<li>Nace el Modelo 173, el cual, tendr\u00e1n que presentarlo, tanto empresas como personas f\u00edsicas que se encarguen de la intermediaci\u00f3n en los alquileres de viviendas tur\u00edsticas.<\/li>\n<li>Otra propuesta que ha quedado en los Presupuestos General del Estado de 2019, es la disminuci\u00f3n del <a href=\"https:\/\/www.billin.net\/blog\/impuesto-de-sociedades\/\" target=\"_blank\" rel=\"noopener noreferrer\">Impuesto de Sociedades<\/a> del 25% al 23%, al igual, que el l\u00edmite de los pagos en efectivo, que pase del actual 2.500 euros a 1.000 euros.<\/li>\n<\/ul>\n","protected":false},"excerpt":{"rendered":"<p>Hoy queremos hablar de todas esas novedades que debes tener en cuenta, si eres aut\u00f3nomo, de cara a la Hacienda de 2019 y la Seguridad Social.<\/p>\n","protected":false},"author":20,"featured_media":11733,"comment_status":"open","ping_status":"open","sticky":false,"template":"","format":"standard","meta":{"_acf_changed":false,"_et_pb_use_builder":"","_et_pb_old_content":"","_et_gb_content_width":"","om_disable_all_campaigns":false,"inline_featured_image":false,"footnotes":""},"categories":[1014],"tags":[1380],"class_list":{"0":"post-11730","1":"post","2":"type-post","3":"status-publish","4":"format-standard","5":"has-post-thumbnail","7":"category-fiscalidad","8":"tag-autonomos"},"acf":{"selector_de_usuario":"","fecha_de_revision":"20200515"},"yoast_head":"<!-- This site is optimized with the Yoast SEO plugin v27.1 - https:\/\/yoast.com\/product\/yoast-seo-wordpress\/ -->\n<title>Novedades autonomos Hacienda y Seguridad social 2019 | TeamSystem Facturas Billin<\/title>\n<meta name=\"description\" content=\"En este art\u00edculo queremos hablar de todas esas novedades que debes tener en cuenta de cara a la Hacienda de 2019 y la Seguridad Social.\" \/>\n<meta name=\"robots\" content=\"index, follow, max-snippet:-1, max-image-preview:large, max-video-preview:-1\" \/>\n<link rel=\"canonical\" href=\"https:\/\/www.billin.net\/blog\/todas-las-novedades-para-los-autonomos-en-2019-hacienda-y-seguridad-social\/\" \/>\n<meta property=\"og:locale\" content=\"es_ES\" \/>\n<meta property=\"og:type\" content=\"article\" \/>\n<meta property=\"og:title\" content=\"Novedades autonomos Hacienda y Seguridad social 2019 | TeamSystem Facturas Billin\" \/>\n<meta property=\"og:description\" content=\"En este art\u00edculo queremos hablar de todas esas novedades que debes tener en cuenta de cara a la Hacienda de 2019 y la Seguridad Social.\" \/>\n<meta property=\"og:url\" content=\"https:\/\/www.billin.net\/blog\/todas-las-novedades-para-los-autonomos-en-2019-hacienda-y-seguridad-social\/\" \/>\n<meta property=\"og:site_name\" content=\"Blog de TeamSystem Facturas Billin\" \/>\n<meta property=\"article:publisher\" content=\"https:\/\/www.facebook.com\/EsBillin\" \/>\n<meta property=\"article:published_time\" content=\"2019-05-08T08:39:46+00:00\" \/>\n<meta property=\"article:modified_time\" content=\"2025-09-25T18:50:30+00:00\" \/>\n<meta property=\"og:image\" content=\"https:\/\/www.billin.net\/blog\/wp-content\/uploads\/2019\/05\/hacienda-seguridad-social-autonomos-min.jpg\" \/>\n\t<meta property=\"og:image:width\" content=\"1200\" \/>\n\t<meta property=\"og:image:height\" content=\"800\" \/>\n\t<meta property=\"og:image:type\" content=\"image\/jpeg\" \/>\n<meta name=\"author\" content=\"Marcos De La Cueva - CEO TeamSystem Facturas Billin\" \/>\n<meta name=\"twitter:card\" content=\"summary_large_image\" \/>\n<meta name=\"twitter:creator\" content=\"@Billin_ES\" \/>\n<meta name=\"twitter:site\" content=\"@Billin_ES\" \/>\n<meta name=\"twitter:label1\" content=\"Escrito por\" \/>\n\t<meta name=\"twitter:data1\" content=\"Marcos De La Cueva - CEO TeamSystem Facturas Billin\" \/>\n\t<meta name=\"twitter:label2\" content=\"Tiempo de lectura\" \/>\n\t<meta name=\"twitter:data2\" content=\"4 minutos\" \/>\n<script type=\"application\/ld+json\" class=\"yoast-schema-graph\">{\"@context\":\"https:\/\/schema.org\",\"@graph\":[{\"@type\":\"Article\",\"@id\":\"https:\/\/www.billin.net\/blog\/todas-las-novedades-para-los-autonomos-en-2019-hacienda-y-seguridad-social\/#article\",\"isPartOf\":{\"@id\":\"https:\/\/www.billin.net\/blog\/todas-las-novedades-para-los-autonomos-en-2019-hacienda-y-seguridad-social\/\"},\"author\":{\"name\":\"Marcos De La Cueva - CEO TeamSystem Facturas Billin\",\"@id\":\"https:\/\/www.billin.net\/blog\/#\/schema\/person\/d0339ee6e869234614541b1e80a793e7\"},\"headline\":\"Todas las novedades para los aut\u00f3nomos en 2019 Hacienda y Seguridad Social\",\"datePublished\":\"2019-05-08T08:39:46+00:00\",\"dateModified\":\"2025-09-25T18:50:30+00:00\",\"mainEntityOfPage\":{\"@id\":\"https:\/\/www.billin.net\/blog\/todas-las-novedades-para-los-autonomos-en-2019-hacienda-y-seguridad-social\/\"},\"wordCount\":766,\"commentCount\":0,\"publisher\":{\"@id\":\"https:\/\/www.billin.net\/blog\/#organization\"},\"image\":{\"@id\":\"https:\/\/www.billin.net\/blog\/todas-las-novedades-para-los-autonomos-en-2019-hacienda-y-seguridad-social\/#primaryimage\"},\"thumbnailUrl\":\"https:\/\/www.billin.net\/blog\/wp-content\/uploads\/2019\/05\/hacienda-seguridad-social-autonomos-min.jpg\",\"keywords\":[\"Aut\u00f3nomos\"],\"articleSection\":[\"Fiscalidad\"],\"inLanguage\":\"es\",\"potentialAction\":[{\"@type\":\"CommentAction\",\"name\":\"Comment\",\"target\":[\"https:\/\/www.billin.net\/blog\/todas-las-novedades-para-los-autonomos-en-2019-hacienda-y-seguridad-social\/#respond\"]}]},{\"@type\":\"WebPage\",\"@id\":\"https:\/\/www.billin.net\/blog\/todas-las-novedades-para-los-autonomos-en-2019-hacienda-y-seguridad-social\/\",\"url\":\"https:\/\/www.billin.net\/blog\/todas-las-novedades-para-los-autonomos-en-2019-hacienda-y-seguridad-social\/\",\"name\":\"Novedades autonomos Hacienda y Seguridad social 2019 | TeamSystem Facturas Billin\",\"isPartOf\":{\"@id\":\"https:\/\/www.billin.net\/blog\/#website\"},\"primaryImageOfPage\":{\"@id\":\"https:\/\/www.billin.net\/blog\/todas-las-novedades-para-los-autonomos-en-2019-hacienda-y-seguridad-social\/#primaryimage\"},\"image\":{\"@id\":\"https:\/\/www.billin.net\/blog\/todas-las-novedades-para-los-autonomos-en-2019-hacienda-y-seguridad-social\/#primaryimage\"},\"thumbnailUrl\":\"https:\/\/www.billin.net\/blog\/wp-content\/uploads\/2019\/05\/hacienda-seguridad-social-autonomos-min.jpg\",\"datePublished\":\"2019-05-08T08:39:46+00:00\",\"dateModified\":\"2025-09-25T18:50:30+00:00\",\"description\":\"En este art\u00edculo queremos hablar de todas esas novedades que debes tener en cuenta de cara a la Hacienda de 2019 y la Seguridad Social.\",\"breadcrumb\":{\"@id\":\"https:\/\/www.billin.net\/blog\/todas-las-novedades-para-los-autonomos-en-2019-hacienda-y-seguridad-social\/#breadcrumb\"},\"inLanguage\":\"es\",\"potentialAction\":[{\"@type\":\"ReadAction\",\"target\":[\"https:\/\/www.billin.net\/blog\/todas-las-novedades-para-los-autonomos-en-2019-hacienda-y-seguridad-social\/\"]}]},{\"@type\":\"ImageObject\",\"inLanguage\":\"es\",\"@id\":\"https:\/\/www.billin.net\/blog\/todas-las-novedades-para-los-autonomos-en-2019-hacienda-y-seguridad-social\/#primaryimage\",\"url\":\"https:\/\/www.billin.net\/blog\/wp-content\/uploads\/2019\/05\/hacienda-seguridad-social-autonomos-min.jpg\",\"contentUrl\":\"https:\/\/www.billin.net\/blog\/wp-content\/uploads\/2019\/05\/hacienda-seguridad-social-autonomos-min.jpg\",\"width\":1200,\"height\":800},{\"@type\":\"BreadcrumbList\",\"@id\":\"https:\/\/www.billin.net\/blog\/todas-las-novedades-para-los-autonomos-en-2019-hacienda-y-seguridad-social\/#breadcrumb\",\"itemListElement\":[{\"@type\":\"ListItem\",\"position\":1,\"name\":\"Blog\",\"item\":\"https:\/\/www.billin.net\/blog\/\"},{\"@type\":\"ListItem\",\"position\":2,\"name\":\"Fiscalidad\",\"item\":\"https:\/\/www.billin.net\/blog\/fiscalidad\/\"},{\"@type\":\"ListItem\",\"position\":3,\"name\":\"Todas las novedades para los aut\u00f3nomos en 2019 Hacienda y Seguridad Social\"}]},{\"@type\":\"WebSite\",\"@id\":\"https:\/\/www.billin.net\/blog\/#website\",\"url\":\"https:\/\/www.billin.net\/blog\/\",\"name\":\"Blog de Billin\",\"description\":\"Mantente informado con el blog de TeamSystem Facturas Billin:  facturaci\u00f3n, legislaci\u00f3n, contabilidad, management y toda la informaci\u00f3n \u00fatil para pymes y aut\u00f3nomos.\",\"publisher\":{\"@id\":\"https:\/\/www.billin.net\/blog\/#organization\"},\"potentialAction\":[{\"@type\":\"SearchAction\",\"target\":{\"@type\":\"EntryPoint\",\"urlTemplate\":\"https:\/\/www.billin.net\/blog\/?s={search_term_string}\"},\"query-input\":{\"@type\":\"PropertyValueSpecification\",\"valueRequired\":true,\"valueName\":\"search_term_string\"}}],\"inLanguage\":\"es\"},{\"@type\":\"Organization\",\"@id\":\"https:\/\/www.billin.net\/blog\/#organization\",\"name\":\"Billin\",\"alternateName\":\"Blog de Billin\",\"url\":\"https:\/\/www.billin.net\/blog\/\",\"logo\":{\"@type\":\"ImageObject\",\"inLanguage\":\"es\",\"@id\":\"https:\/\/www.billin.net\/blog\/#\/schema\/logo\/image\/\",\"url\":\"https:\/\/www.billin.net\/blog\/wp-content\/uploads\/2019\/06\/logotipo-billin-blog-1.png\",\"contentUrl\":\"https:\/\/www.billin.net\/blog\/wp-content\/uploads\/2019\/06\/logotipo-billin-blog-1.png\",\"width\":126,\"height\":50,\"caption\":\"Billin\"},\"image\":{\"@id\":\"https:\/\/www.billin.net\/blog\/#\/schema\/logo\/image\/\"},\"sameAs\":[\"https:\/\/www.facebook.com\/EsBillin\",\"https:\/\/x.com\/Billin_ES\",\"https:\/\/www.instagram.com\/billin_es\/\",\"https:\/\/www.linkedin.com\/company\/billin-spain\",\"https:\/\/www.youtube.com\/c\/BillinEsintercambiodefacturas\/\"],\"legalName\":\"MY EXPENSES SL\",\"contactPoint\":{\"@type\":\"ContactPoint\",\"telephone\":\"+34918318883\",\"contactType\":\"customer service\",\"email\":\"info@billin.eu\",\"availableLanguage\":\"es\"},\"foundingDate\":\"2015\",\"numberOfEmployees\":{\"@type\":\"QuantitativeValue\",\"minValue\":10,\"maxValue\":50},\"parentOrganization\":{\"@type\":\"Organization\",\"name\":\"TeamSystem\",\"url\":\"https:\/\/www.teamsystem.com\/\"},\"description\":\"Billin es el programa de facturaci\u00f3n online de TeamSystem para aut\u00f3nomos y pymes en Espa\u00f1a. Permite crear facturas, controlar gastos y cumplir con Verifactu.\",\"address\":{\"@type\":\"PostalAddress\",\"streetAddress\":\"Calle Arturo Soria, 336\",\"addressLocality\":\"Madrid\",\"addressRegion\":\"Madrid\",\"postalCode\":\"28033\",\"addressCountry\":\"ES\"}},{\"@type\":\"Person\",\"@id\":\"https:\/\/www.billin.net\/blog\/#\/schema\/person\/d0339ee6e869234614541b1e80a793e7\",\"name\":\"Marcos De La Cueva - CEO TeamSystem Facturas Billin\",\"image\":{\"@type\":\"ImageObject\",\"inLanguage\":\"es\",\"@id\":\"https:\/\/www.billin.net\/blog\/#\/schema\/person\/image\/\",\"url\":\"https:\/\/www.billin.net\/blog\/wp-content\/uploads\/2023\/10\/marcos-color-150x150.png\",\"contentUrl\":\"https:\/\/www.billin.net\/blog\/wp-content\/uploads\/2023\/10\/marcos-color-150x150.png\",\"caption\":\"Marcos De La Cueva - CEO TeamSystem Facturas Billin\"},\"description\":\"Licenciado en ADE por la Universidad Aut\u00f3noma de Madrid, Marcos De la Cueva es CEO y cofundador de TeamSystem Facturas Billin, un programa online que lleva m\u00e1s de 9 a\u00f1os ayudando a aut\u00f3nomos, peque\u00f1os negocios y gestor\u00edas a digitalizar sus presupuestos, facturas, tickets y gastos. \u00a0 Sobre Marcos De La Cueva \u00a0 Apasionado por el mundo empresarial y la tecnolog\u00eda, curs\u00f3 su M\u00e1ster de Finanzas en la Universidad Pontificia de Comillas y estuvo en el Programa de Cooperaci\u00f3n Educativa de la Universidad Aut\u00f3noma de Madrid. \u00a0 Marcos siempre ha tenido su objetivo claro: ayudar a la creaci\u00f3n de negocios financieramente sostenibles a trav\u00e9s de una herramienta de facturaci\u00f3n que les permita ahorrar tiempo y tener la contabilidad bajo control. \u00a0 Marcos De La Cueva en los medios \u2014 Noticia sobre Kit Digital y Ley Antifraude (VeriFactu) en El Economista. \u2014 Noticia sobre Kit Digital y factura electr\u00f3nica obligatoria en Diario Jur\u00eddico. \u2014 Noticia sobre el a\u00f1o de transici\u00f3n para la factura electr\u00f3nica en Muy Pymes. \u2014 Entrevista sobre factura electr\u00f3nica obligatoria en Canal Sur. \u2014 Noticia sobre el informe factura electr\u00f3nica de TeamSystem en Channel Partner. \u2014 Charla sobre productividad y Ley Crea y Crece en El Economista. \u2014 Charla sobre factura electr\u00f3nica obligatoria en Muy Pymes. \u2014 Charla sobre digitalizaci\u00f3n aut\u00f3nomos y productividad en esdiario. \u2014 Charla sobre productividad y factura electr\u00f3nica en La Raz\u00f3n. \u2014 Charla sobre factura electr\u00f3nica obligatoria en Aut\u00f3nomos y Emprendedores. \u2014 Entrevista sobre Ley Antifraude y Ley Crea y Crece en Expansi\u00f3n. \u2014 Entrevista sobre Ley Antifraude y Ley Crea y Crece en La Raz\u00f3n. \u2014 Entrevista sobre factura electr\u00f3nica obligatoria en El Economista. \u2014 Comunicado Billin y TeamSystem en Business Insider. \u2014 Entrevista en Econom\u00eda Digital. \u2014 Entrevista en Ideas para tu empresa de Vodafone. \u2014 Entrevista en M\u00e1sQradio. \u2014 Entrevista en Armas para emprender de El M\u00e9todo Gallardo. \u2014 Entrevista en KFund. \u2014 Entrevista en AXA Seguros Espa\u00f1a. \u2014 Entrevista en GestionaRadio. \u00a0 Marcos De La Cueva en eventos \u00a0 \u2014 Participaci\u00f3n como ponente en Accountex Espa\u00f1a 2023. \u00a0 Tem\u00e1ticas de especializaci\u00f3n \u00a0 negocios | startups | contabilidad| fiscalidad | empresas| asesor\u00edas| autonomos | emprendedores | peque\u00f1os negocios | econom\u00eda | ADE | pymes | desarrollo de negocio\u00a0\",\"sameAs\":[\"https:\/\/www.billin.net\/\",\"https:\/\/www.linkedin.com\/in\/marcos-de-la-cueva-19750ba3\/\"],\"url\":\"https:\/\/www.billin.net\/blog\/author\/marcosdelacueva\/\",\"jobTitle\":\"CEO y cofundador de TS Facturas Billin\"}]}<\/script>\n<!-- \/ Yoast SEO plugin. -->","yoast_head_json":{"title":"Novedades autonomos Hacienda y Seguridad social 2019 | TeamSystem Facturas Billin","description":"En este art\u00edculo queremos hablar de todas esas novedades que debes tener en cuenta de cara a la Hacienda de 2019 y la Seguridad Social.","robots":{"index":"index","follow":"follow","max-snippet":"max-snippet:-1","max-image-preview":"max-image-preview:large","max-video-preview":"max-video-preview:-1"},"canonical":"https:\/\/www.billin.net\/blog\/todas-las-novedades-para-los-autonomos-en-2019-hacienda-y-seguridad-social\/","og_locale":"es_ES","og_type":"article","og_title":"Novedades autonomos Hacienda y Seguridad social 2019 | TeamSystem Facturas Billin","og_description":"En este art\u00edculo queremos hablar de todas esas novedades que debes tener en cuenta de cara a la Hacienda de 2019 y la Seguridad Social.","og_url":"https:\/\/www.billin.net\/blog\/todas-las-novedades-para-los-autonomos-en-2019-hacienda-y-seguridad-social\/","og_site_name":"Blog de TeamSystem Facturas Billin","article_publisher":"https:\/\/www.facebook.com\/EsBillin","article_published_time":"2019-05-08T08:39:46+00:00","article_modified_time":"2025-09-25T18:50:30+00:00","og_image":[{"width":1200,"height":800,"url":"https:\/\/www.billin.net\/blog\/wp-content\/uploads\/2019\/05\/hacienda-seguridad-social-autonomos-min.jpg","type":"image\/jpeg"}],"author":"Marcos De La Cueva - CEO TeamSystem Facturas Billin","twitter_card":"summary_large_image","twitter_creator":"@Billin_ES","twitter_site":"@Billin_ES","twitter_misc":{"Escrito por":"Marcos De La Cueva - CEO TeamSystem Facturas Billin","Tiempo de lectura":"4 minutos"},"schema":{"@context":"https:\/\/schema.org","@graph":[{"@type":"Article","@id":"https:\/\/www.billin.net\/blog\/todas-las-novedades-para-los-autonomos-en-2019-hacienda-y-seguridad-social\/#article","isPartOf":{"@id":"https:\/\/www.billin.net\/blog\/todas-las-novedades-para-los-autonomos-en-2019-hacienda-y-seguridad-social\/"},"author":{"name":"Marcos De La Cueva - CEO TeamSystem Facturas Billin","@id":"https:\/\/www.billin.net\/blog\/#\/schema\/person\/d0339ee6e869234614541b1e80a793e7"},"headline":"Todas las novedades para los aut\u00f3nomos en 2019 Hacienda y Seguridad Social","datePublished":"2019-05-08T08:39:46+00:00","dateModified":"2025-09-25T18:50:30+00:00","mainEntityOfPage":{"@id":"https:\/\/www.billin.net\/blog\/todas-las-novedades-para-los-autonomos-en-2019-hacienda-y-seguridad-social\/"},"wordCount":766,"commentCount":0,"publisher":{"@id":"https:\/\/www.billin.net\/blog\/#organization"},"image":{"@id":"https:\/\/www.billin.net\/blog\/todas-las-novedades-para-los-autonomos-en-2019-hacienda-y-seguridad-social\/#primaryimage"},"thumbnailUrl":"https:\/\/www.billin.net\/blog\/wp-content\/uploads\/2019\/05\/hacienda-seguridad-social-autonomos-min.jpg","keywords":["Aut\u00f3nomos"],"articleSection":["Fiscalidad"],"inLanguage":"es","potentialAction":[{"@type":"CommentAction","name":"Comment","target":["https:\/\/www.billin.net\/blog\/todas-las-novedades-para-los-autonomos-en-2019-hacienda-y-seguridad-social\/#respond"]}]},{"@type":"WebPage","@id":"https:\/\/www.billin.net\/blog\/todas-las-novedades-para-los-autonomos-en-2019-hacienda-y-seguridad-social\/","url":"https:\/\/www.billin.net\/blog\/todas-las-novedades-para-los-autonomos-en-2019-hacienda-y-seguridad-social\/","name":"Novedades autonomos Hacienda y Seguridad social 2019 | TeamSystem Facturas Billin","isPartOf":{"@id":"https:\/\/www.billin.net\/blog\/#website"},"primaryImageOfPage":{"@id":"https:\/\/www.billin.net\/blog\/todas-las-novedades-para-los-autonomos-en-2019-hacienda-y-seguridad-social\/#primaryimage"},"image":{"@id":"https:\/\/www.billin.net\/blog\/todas-las-novedades-para-los-autonomos-en-2019-hacienda-y-seguridad-social\/#primaryimage"},"thumbnailUrl":"https:\/\/www.billin.net\/blog\/wp-content\/uploads\/2019\/05\/hacienda-seguridad-social-autonomos-min.jpg","datePublished":"2019-05-08T08:39:46+00:00","dateModified":"2025-09-25T18:50:30+00:00","description":"En este art\u00edculo queremos hablar de todas esas novedades que debes tener en cuenta de cara a la Hacienda de 2019 y la Seguridad Social.","breadcrumb":{"@id":"https:\/\/www.billin.net\/blog\/todas-las-novedades-para-los-autonomos-en-2019-hacienda-y-seguridad-social\/#breadcrumb"},"inLanguage":"es","potentialAction":[{"@type":"ReadAction","target":["https:\/\/www.billin.net\/blog\/todas-las-novedades-para-los-autonomos-en-2019-hacienda-y-seguridad-social\/"]}]},{"@type":"ImageObject","inLanguage":"es","@id":"https:\/\/www.billin.net\/blog\/todas-las-novedades-para-los-autonomos-en-2019-hacienda-y-seguridad-social\/#primaryimage","url":"https:\/\/www.billin.net\/blog\/wp-content\/uploads\/2019\/05\/hacienda-seguridad-social-autonomos-min.jpg","contentUrl":"https:\/\/www.billin.net\/blog\/wp-content\/uploads\/2019\/05\/hacienda-seguridad-social-autonomos-min.jpg","width":1200,"height":800},{"@type":"BreadcrumbList","@id":"https:\/\/www.billin.net\/blog\/todas-las-novedades-para-los-autonomos-en-2019-hacienda-y-seguridad-social\/#breadcrumb","itemListElement":[{"@type":"ListItem","position":1,"name":"Blog","item":"https:\/\/www.billin.net\/blog\/"},{"@type":"ListItem","position":2,"name":"Fiscalidad","item":"https:\/\/www.billin.net\/blog\/fiscalidad\/"},{"@type":"ListItem","position":3,"name":"Todas las novedades para los aut\u00f3nomos en 2019 Hacienda y Seguridad Social"}]},{"@type":"WebSite","@id":"https:\/\/www.billin.net\/blog\/#website","url":"https:\/\/www.billin.net\/blog\/","name":"Blog de Billin","description":"Mantente informado con el blog de TeamSystem Facturas Billin:  facturaci\u00f3n, legislaci\u00f3n, contabilidad, management y toda la informaci\u00f3n \u00fatil para pymes y aut\u00f3nomos.","publisher":{"@id":"https:\/\/www.billin.net\/blog\/#organization"},"potentialAction":[{"@type":"SearchAction","target":{"@type":"EntryPoint","urlTemplate":"https:\/\/www.billin.net\/blog\/?s={search_term_string}"},"query-input":{"@type":"PropertyValueSpecification","valueRequired":true,"valueName":"search_term_string"}}],"inLanguage":"es"},{"@type":"Organization","@id":"https:\/\/www.billin.net\/blog\/#organization","name":"Billin","alternateName":"Blog de Billin","url":"https:\/\/www.billin.net\/blog\/","logo":{"@type":"ImageObject","inLanguage":"es","@id":"https:\/\/www.billin.net\/blog\/#\/schema\/logo\/image\/","url":"https:\/\/www.billin.net\/blog\/wp-content\/uploads\/2019\/06\/logotipo-billin-blog-1.png","contentUrl":"https:\/\/www.billin.net\/blog\/wp-content\/uploads\/2019\/06\/logotipo-billin-blog-1.png","width":126,"height":50,"caption":"Billin"},"image":{"@id":"https:\/\/www.billin.net\/blog\/#\/schema\/logo\/image\/"},"sameAs":["https:\/\/www.facebook.com\/EsBillin","https:\/\/x.com\/Billin_ES","https:\/\/www.instagram.com\/billin_es\/","https:\/\/www.linkedin.com\/company\/billin-spain","https:\/\/www.youtube.com\/c\/BillinEsintercambiodefacturas\/"],"legalName":"MY EXPENSES SL","contactPoint":{"@type":"ContactPoint","telephone":"+34918318883","contactType":"customer service","email":"info@billin.eu","availableLanguage":"es"},"foundingDate":"2015","numberOfEmployees":{"@type":"QuantitativeValue","minValue":10,"maxValue":50},"parentOrganization":{"@type":"Organization","name":"TeamSystem","url":"https:\/\/www.teamsystem.com\/"},"description":"Billin es el programa de facturaci\u00f3n online de TeamSystem para aut\u00f3nomos y pymes en Espa\u00f1a. Permite crear facturas, controlar gastos y cumplir con Verifactu.","address":{"@type":"PostalAddress","streetAddress":"Calle Arturo Soria, 336","addressLocality":"Madrid","addressRegion":"Madrid","postalCode":"28033","addressCountry":"ES"}},{"@type":"Person","@id":"https:\/\/www.billin.net\/blog\/#\/schema\/person\/d0339ee6e869234614541b1e80a793e7","name":"Marcos De La Cueva - CEO TeamSystem Facturas Billin","image":{"@type":"ImageObject","inLanguage":"es","@id":"https:\/\/www.billin.net\/blog\/#\/schema\/person\/image\/","url":"https:\/\/www.billin.net\/blog\/wp-content\/uploads\/2023\/10\/marcos-color-150x150.png","contentUrl":"https:\/\/www.billin.net\/blog\/wp-content\/uploads\/2023\/10\/marcos-color-150x150.png","caption":"Marcos De La Cueva - CEO TeamSystem Facturas Billin"},"description":"Licenciado en ADE por la Universidad Aut\u00f3noma de Madrid, Marcos De la Cueva es CEO y cofundador de TeamSystem Facturas Billin, un programa online que lleva m\u00e1s de 9 a\u00f1os ayudando a aut\u00f3nomos, peque\u00f1os negocios y gestor\u00edas a digitalizar sus presupuestos, facturas, tickets y gastos. \u00a0 Sobre Marcos De La Cueva \u00a0 Apasionado por el mundo empresarial y la tecnolog\u00eda, curs\u00f3 su M\u00e1ster de Finanzas en la Universidad Pontificia de Comillas y estuvo en el Programa de Cooperaci\u00f3n Educativa de la Universidad Aut\u00f3noma de Madrid. \u00a0 Marcos siempre ha tenido su objetivo claro: ayudar a la creaci\u00f3n de negocios financieramente sostenibles a trav\u00e9s de una herramienta de facturaci\u00f3n que les permita ahorrar tiempo y tener la contabilidad bajo control. \u00a0 Marcos De La Cueva en los medios \u2014 Noticia sobre Kit Digital y Ley Antifraude (VeriFactu) en El Economista. \u2014 Noticia sobre Kit Digital y factura electr\u00f3nica obligatoria en Diario Jur\u00eddico. \u2014 Noticia sobre el a\u00f1o de transici\u00f3n para la factura electr\u00f3nica en Muy Pymes. \u2014 Entrevista sobre factura electr\u00f3nica obligatoria en Canal Sur. \u2014 Noticia sobre el informe factura electr\u00f3nica de TeamSystem en Channel Partner. \u2014 Charla sobre productividad y Ley Crea y Crece en El Economista. \u2014 Charla sobre factura electr\u00f3nica obligatoria en Muy Pymes. \u2014 Charla sobre digitalizaci\u00f3n aut\u00f3nomos y productividad en esdiario. \u2014 Charla sobre productividad y factura electr\u00f3nica en La Raz\u00f3n. \u2014 Charla sobre factura electr\u00f3nica obligatoria en Aut\u00f3nomos y Emprendedores. \u2014 Entrevista sobre Ley Antifraude y Ley Crea y Crece en Expansi\u00f3n. \u2014 Entrevista sobre Ley Antifraude y Ley Crea y Crece en La Raz\u00f3n. \u2014 Entrevista sobre factura electr\u00f3nica obligatoria en El Economista. \u2014 Comunicado Billin y TeamSystem en Business Insider. \u2014 Entrevista en Econom\u00eda Digital. \u2014 Entrevista en Ideas para tu empresa de Vodafone. \u2014 Entrevista en M\u00e1sQradio. \u2014 Entrevista en Armas para emprender de El M\u00e9todo Gallardo. \u2014 Entrevista en KFund. \u2014 Entrevista en AXA Seguros Espa\u00f1a. \u2014 Entrevista en GestionaRadio. \u00a0 Marcos De La Cueva en eventos \u00a0 \u2014 Participaci\u00f3n como ponente en Accountex Espa\u00f1a 2023. \u00a0 Tem\u00e1ticas de especializaci\u00f3n \u00a0 negocios | startups | contabilidad| fiscalidad | empresas| asesor\u00edas| autonomos | emprendedores | peque\u00f1os negocios | econom\u00eda | ADE | pymes | desarrollo de negocio\u00a0","sameAs":["https:\/\/www.billin.net\/","https:\/\/www.linkedin.com\/in\/marcos-de-la-cueva-19750ba3\/"],"url":"https:\/\/www.billin.net\/blog\/author\/marcosdelacueva\/","jobTitle":"CEO y cofundador de TS Facturas Billin"}]}},"_links":{"self":[{"href":"https:\/\/www.billin.net\/blog\/wp-json\/wp\/v2\/posts\/11730","targetHints":{"allow":["GET"]}}],"collection":[{"href":"https:\/\/www.billin.net\/blog\/wp-json\/wp\/v2\/posts"}],"about":[{"href":"https:\/\/www.billin.net\/blog\/wp-json\/wp\/v2\/types\/post"}],"author":[{"embeddable":true,"href":"https:\/\/www.billin.net\/blog\/wp-json\/wp\/v2\/users\/20"}],"replies":[{"embeddable":true,"href":"https:\/\/www.billin.net\/blog\/wp-json\/wp\/v2\/comments?post=11730"}],"version-history":[{"count":7,"href":"https:\/\/www.billin.net\/blog\/wp-json\/wp\/v2\/posts\/11730\/revisions"}],"predecessor-version":[{"id":27195,"href":"https:\/\/www.billin.net\/blog\/wp-json\/wp\/v2\/posts\/11730\/revisions\/27195"}],"wp:featuredmedia":[{"embeddable":true,"href":"https:\/\/www.billin.net\/blog\/wp-json\/wp\/v2\/media\/11733"}],"wp:attachment":[{"href":"https:\/\/www.billin.net\/blog\/wp-json\/wp\/v2\/media?parent=11730"}],"wp:term":[{"taxonomy":"category","embeddable":true,"href":"https:\/\/www.billin.net\/blog\/wp-json\/wp\/v2\/categories?post=11730"},{"taxonomy":"post_tag","embeddable":true,"href":"https:\/\/www.billin.net\/blog\/wp-json\/wp\/v2\/tags?post=11730"}],"curies":[{"name":"wp","href":"https:\/\/api.w.org\/{rel}","templated":true}]}}