{"id":11701,"date":"2019-04-29T08:54:47","date_gmt":"2019-04-29T06:54:47","guid":{"rendered":"https:\/\/www.billin.net\/blog\/?p=11701"},"modified":"2025-09-25T20:50:39","modified_gmt":"2025-09-25T18:50:39","slug":"como-declaro-los-ingresos-de-viviendas-turisticas","status":"publish","type":"post","link":"https:\/\/www.billin.net\/blog\/como-declaro-los-ingresos-de-viviendas-turisticas\/","title":{"rendered":"\u00bfC\u00f3mo declaro los ingresos de viviendas tur\u00edsticas?"},"content":{"rendered":"<p>El alquiler vacacional est\u00e1 de moda, y actualmente, las familias optamos por una <strong>vivienda alquilada<\/strong> para el disfrute de nuestras vacaciones, por ello, si est\u00e1s en la situaci\u00f3n de percibir esos ingresos, \u00a1no olvides que tendr\u00e1 una repercusi\u00f3n fiscal!, te la contamos.<!--more--><\/p>\n<h2>\u00bfQu\u00e9 requisitos hay que cumplir para alquilar nuestra vivienda como vacacional?<\/h2>\n<p>Los cambios que se han producido en la<strong> Ley de Arrendamientos<\/strong>, deja en manos de las Comunidades Aut\u00f3nomas esta competencia, de manera, que cada Comunidad tendr\u00e1 sus propios requisitos que exigir\u00e1n a estas viviendas vacacionales.<\/p>\n<p>Por ejemplo, en la Comunidad de Madrid, se obliga a estos propietarios, que quieran ofrecer su vivienda como vacacional, <strong>rellenar una Declaraci\u00f3n de Responsable para el inicio de actividad<\/strong>, adem\u00e1s de, informar p\u00fablicamente, mediante una placa denominativa en su puerta, sin embargo, en Barcelona, habr\u00e1 que tener una licencia concreta para poder acogerse a este tipo de ingresos de viviendas tur\u00edsticas.<\/p>\n<p>Estas modificaciones, hacen necesario, que consultes los requisitos de tu ciudad, antes de comenzar a alquilar una vivienda vacacional.<\/p>\n<h2>\u00bfHay que pagar IVA en este arrendamiento vacacional?<\/h2>\n<p>En un principio, este tipo de arrendamiento, no llevar\u00eda IVA, aunque habr\u00e1 que estudiar el caso en concreto.<br \/>\n<strong>Existen tres modalidades de desarrollar este tipo de alquiler<\/strong>:<\/p>\n<ul>\n<li>Alquilar como empresa gestora: en este caso, el propietario cede su vivienda a una empresa para no tener que preocuparse de nada, esta empresa se encargar\u00e1 de gestionar todo lo relacionado con este ingreso para obtener el mayor rendimiento posible.<br \/>\nCuando se cede una vivienda a una empresa gestora, s\u00ed se le aplicar\u00e1 el 21% de IVA.<\/li>\n<li>Alquilar el piso directamente t\u00fa: en este caso, el propietario se encargar\u00e1 de todo los relacionado con ese arrendamiento, es habitual, que las casas rurales se gestionen as\u00ed.<br \/>\nSi solamente alquilas la vivienda, sin dar servicios accesorios, no tendr\u00e1s que incluir IVA, pero s\u00ed se incluyen servicios adicionales, como la comida, habr\u00eda que cobrar el 10%, al igual, que los servicios de un Hotel.<\/li>\n<li>Alquilar mediante las plataformas de Airbnb y otras: es la m\u00e1s usada, esto es, debido a que las nuevas tecnolog\u00edas ayudan a conectar al propietario y al inquilino.<br \/>\nPara que lo tengas claro, el propietario tendr\u00e1 que aumentar el 21% de IVA a la factura del intermediario, y, si, adem\u00e1s, ofreces servicios propios de Hoteles, que no sea s\u00f3lo el alojamiento, ser\u00e1 un 10%.<br \/>\nSi has alquilado con las plataformas Airbnb, Wimdu, Homeaway, Numba, Hometogo, Rentalia o similar, ten en cuenta, que Hacienda pedir\u00e1 a estas plataformas, la informaci\u00f3n de todos los propietarios y arrendatarios que hayan usado su servicio, solicitando tanto sus nombres como su DNI.<\/li>\n<\/ul>\n<h2>\u00bfC\u00f3mo incorporo estos ingresos en mi Renta?<\/h2>\n<p>Existen dos <strong>modos de declarar los ingresos<\/strong> por alquiler vacacional:<\/p>\n<ul>\n<li>Como una segunda residencia<\/li>\n<li>Como vivienda tur\u00edstica<\/li>\n<\/ul>\n<p>Esta segunda manera, es la m\u00e1s adecuada, y la que m\u00e1s se ajusta a la Legislaci\u00f3n vigente, mientras que la primera, se usa cuando se <strong>generan los ingresos de alquiler de forma espor\u00e1dica<\/strong>.<\/p>\n<ul>\n<li>Si lo declaramos como una segunda residencia, ser\u00eda el caso de una vivienda vacacional, que s\u00f3lo se alquila en periodos de vacaciones y algunos fines de semana, mientras que el resto de tiempo, permanecer\u00e1 a disposici\u00f3n del propietario.<\/li>\n<\/ul>\n<p>C\u00f3mo sabes, este alquiler no tendr\u00e1 la consideraci\u00f3n de <strong>arrendamiento de vivienda habitual<\/strong>, y, por tanto, no podr\u00e1 deducirse reducciones.<\/p>\n<p>Lo m\u00e1s importante ser\u00e1, que tendr\u00e1s que declarar los ingresos por el periodo que lo hayas alquilado y el resto de a\u00f1o, lo tendr\u00e1s que incluir por tenerlo a tu disposici\u00f3n.<\/p>\n<ul>\n<li>Si lo declaramos como ingresos del alquiler, habr\u00e1 que incluirlos como rendimientos de capital inmobiliario, y as\u00ed determinar la ganancia que se ha producido, despu\u00e9s de deducir todos los costes, como el IBI, seguros del hogar, tasa de basura, gastos de comunidad, gastos en la Agencia de colocaci\u00f3n y publicidad en portales inmobiliarios.<\/li>\n<\/ul>\n<p>Habr\u00e1 que tener en cuenta, que estos costes se deducir\u00e1n en proporci\u00f3n al tiempo que haya estado la vivienda alquilada, adem\u00e1s, de perder la <strong>deducci\u00f3n del 60% por arrendamiento de vivienda<\/strong> habitual.<\/p>\n<p><img loading=\"lazy\" decoding=\"async\" class=\"aligncenter size-full wp-image-11703\" src=\"https:\/\/www.billin.net\/blog\/wp-content\/uploads\/2019\/04\/alquilar-viviendas-ingresos-min.jpg\" alt=\"\" width=\"1200\" height=\"801\" srcset=\"https:\/\/www.billin.net\/blog\/wp-content\/uploads\/2019\/04\/alquilar-viviendas-ingresos-min.jpg 1200w, https:\/\/www.billin.net\/blog\/wp-content\/uploads\/2019\/04\/alquilar-viviendas-ingresos-min-300x200.jpg 300w, https:\/\/www.billin.net\/blog\/wp-content\/uploads\/2019\/04\/alquilar-viviendas-ingresos-min-768x513.jpg 768w, https:\/\/www.billin.net\/blog\/wp-content\/uploads\/2019\/04\/alquilar-viviendas-ingresos-min-1024x684.jpg 1024w, https:\/\/www.billin.net\/blog\/wp-content\/uploads\/2019\/04\/alquilar-viviendas-ingresos-min-600x401.jpg 600w, https:\/\/www.billin.net\/blog\/wp-content\/uploads\/2019\/04\/alquilar-viviendas-ingresos-min-200x134.jpg 200w, https:\/\/www.billin.net\/blog\/wp-content\/uploads\/2019\/04\/alquilar-viviendas-ingresos-min-810x541.jpg 810w, https:\/\/www.billin.net\/blog\/wp-content\/uploads\/2019\/04\/alquilar-viviendas-ingresos-min-1140x761.jpg 1140w\" sizes=\"(max-width: 1200px) 100vw, 1200px\" \/><\/p>\n<h2>\u00bfQu\u00e9 har\u00e9 cuando la vivienda tur\u00edstica est\u00e9 vac\u00eda?<\/h2>\n<p>Por el simple hecho, de tener una vivienda vac\u00eda a tu disposici\u00f3n, Hacienda te pedir\u00e1 el 2% sobre el valor catastral de la vivienda si no estuviese su valor actualizado desde el a\u00f1o 1994 o el 1% si estuviese actualizado, hay que tener en cuenta, que el simple hecho de tener una vivienda cerrada y vac\u00eda, <strong>Hacienda lo interpreta como una tendr\u00eda posibilidad para generar ingresos<\/strong> en cualquier momento.<br \/>\nPor tanto, se incluir\u00e1n en el apartado de <em>imputaci\u00f3n de rentas inmobiliarias<\/em>, que pasar\u00e1 a forma parte de la base imponible general.<\/p>\n","protected":false},"excerpt":{"rendered":"<p>El alquiler vacacional est\u00e1 de moda, y actualmente, las familias optamos por una vivienda alquilada para el disfrute de nuestras vacaciones, por ello, si est\u00e1s en la situaci\u00f3n de percibir esos ingresos, \u00a1no olvides que tendr\u00e1 una repercusi\u00f3n fiscal!, te la contamos.<\/p>\n","protected":false},"author":20,"featured_media":11702,"comment_status":"open","ping_status":"open","sticky":false,"template":"","format":"standard","meta":{"_acf_changed":false,"_et_pb_use_builder":"","_et_pb_old_content":"","_et_gb_content_width":"","om_disable_all_campaigns":false,"inline_featured_image":false,"footnotes":""},"categories":[1014],"tags":[],"class_list":{"0":"post-11701","1":"post","2":"type-post","3":"status-publish","4":"format-standard","5":"has-post-thumbnail","7":"category-fiscalidad"},"acf":{"selector_de_usuario":"","fecha_de_revision":"20190430"},"yoast_head":"<!-- This site is optimized with the Yoast SEO plugin v27.1 - https:\/\/yoast.com\/product\/yoast-seo-wordpress\/ -->\n<title>\u00bfC\u00f3mo declaro los ingresos de una vivienda tur\u00edstica? | TeamSystem Facturas Billin<\/title>\n<meta name=\"description\" content=\"Los cambios que se han producido en la Ley de Arrendamientos, deja en manos de las Comunidades Aut\u00f3nomas esta competencia.\" \/>\n<meta name=\"robots\" content=\"index, follow, max-snippet:-1, max-image-preview:large, max-video-preview:-1\" \/>\n<link rel=\"canonical\" href=\"https:\/\/www.billin.net\/blog\/como-declaro-los-ingresos-de-viviendas-turisticas\/\" \/>\n<meta property=\"og:locale\" content=\"es_ES\" \/>\n<meta property=\"og:type\" content=\"article\" \/>\n<meta property=\"og:title\" content=\"\u00bfC\u00f3mo declaro los ingresos de una vivienda tur\u00edstica? | TeamSystem Facturas Billin\" \/>\n<meta property=\"og:description\" content=\"Los cambios que se han producido en la Ley de Arrendamientos, deja en manos de las Comunidades Aut\u00f3nomas esta competencia.\" \/>\n<meta property=\"og:url\" content=\"https:\/\/www.billin.net\/blog\/como-declaro-los-ingresos-de-viviendas-turisticas\/\" \/>\n<meta property=\"og:site_name\" content=\"Blog de TeamSystem Facturas Billin\" \/>\n<meta property=\"article:publisher\" content=\"https:\/\/www.facebook.com\/EsBillin\" \/>\n<meta property=\"article:published_time\" content=\"2019-04-29T06:54:47+00:00\" \/>\n<meta property=\"article:modified_time\" content=\"2025-09-25T18:50:39+00:00\" \/>\n<meta property=\"og:image\" content=\"https:\/\/www.billin.net\/blog\/wp-content\/uploads\/2019\/04\/ingresos-viviendas-turisticas-min.jpg\" \/>\n\t<meta property=\"og:image:width\" content=\"1200\" \/>\n\t<meta property=\"og:image:height\" content=\"801\" \/>\n\t<meta property=\"og:image:type\" content=\"image\/jpeg\" \/>\n<meta name=\"author\" content=\"Marcos De La Cueva - CEO TeamSystem Facturas Billin\" \/>\n<meta name=\"twitter:card\" content=\"summary_large_image\" \/>\n<meta name=\"twitter:creator\" content=\"@Billin_ES\" \/>\n<meta name=\"twitter:site\" content=\"@Billin_ES\" \/>\n<meta name=\"twitter:label1\" content=\"Escrito por\" \/>\n\t<meta name=\"twitter:data1\" content=\"Marcos De La Cueva - CEO TeamSystem Facturas Billin\" \/>\n\t<meta name=\"twitter:label2\" content=\"Tiempo de lectura\" \/>\n\t<meta name=\"twitter:data2\" content=\"4 minutos\" \/>\n<script type=\"application\/ld+json\" class=\"yoast-schema-graph\">{\"@context\":\"https:\/\/schema.org\",\"@graph\":[{\"@type\":\"Article\",\"@id\":\"https:\/\/www.billin.net\/blog\/como-declaro-los-ingresos-de-viviendas-turisticas\/#article\",\"isPartOf\":{\"@id\":\"https:\/\/www.billin.net\/blog\/como-declaro-los-ingresos-de-viviendas-turisticas\/\"},\"author\":{\"name\":\"Marcos De La Cueva - CEO TeamSystem Facturas Billin\",\"@id\":\"https:\/\/www.billin.net\/blog\/#\/schema\/person\/d0339ee6e869234614541b1e80a793e7\"},\"headline\":\"\u00bfC\u00f3mo declaro los ingresos de viviendas tur\u00edsticas?\",\"datePublished\":\"2019-04-29T06:54:47+00:00\",\"dateModified\":\"2025-09-25T18:50:39+00:00\",\"mainEntityOfPage\":{\"@id\":\"https:\/\/www.billin.net\/blog\/como-declaro-los-ingresos-de-viviendas-turisticas\/\"},\"wordCount\":810,\"commentCount\":0,\"publisher\":{\"@id\":\"https:\/\/www.billin.net\/blog\/#organization\"},\"image\":{\"@id\":\"https:\/\/www.billin.net\/blog\/como-declaro-los-ingresos-de-viviendas-turisticas\/#primaryimage\"},\"thumbnailUrl\":\"https:\/\/www.billin.net\/blog\/wp-content\/uploads\/2019\/04\/ingresos-viviendas-turisticas-min.jpg\",\"articleSection\":[\"Fiscalidad\"],\"inLanguage\":\"es\",\"potentialAction\":[{\"@type\":\"CommentAction\",\"name\":\"Comment\",\"target\":[\"https:\/\/www.billin.net\/blog\/como-declaro-los-ingresos-de-viviendas-turisticas\/#respond\"]}]},{\"@type\":\"WebPage\",\"@id\":\"https:\/\/www.billin.net\/blog\/como-declaro-los-ingresos-de-viviendas-turisticas\/\",\"url\":\"https:\/\/www.billin.net\/blog\/como-declaro-los-ingresos-de-viviendas-turisticas\/\",\"name\":\"\u00bfC\u00f3mo declaro los ingresos de una vivienda tur\u00edstica? | TeamSystem Facturas Billin\",\"isPartOf\":{\"@id\":\"https:\/\/www.billin.net\/blog\/#website\"},\"primaryImageOfPage\":{\"@id\":\"https:\/\/www.billin.net\/blog\/como-declaro-los-ingresos-de-viviendas-turisticas\/#primaryimage\"},\"image\":{\"@id\":\"https:\/\/www.billin.net\/blog\/como-declaro-los-ingresos-de-viviendas-turisticas\/#primaryimage\"},\"thumbnailUrl\":\"https:\/\/www.billin.net\/blog\/wp-content\/uploads\/2019\/04\/ingresos-viviendas-turisticas-min.jpg\",\"datePublished\":\"2019-04-29T06:54:47+00:00\",\"dateModified\":\"2025-09-25T18:50:39+00:00\",\"description\":\"Los cambios que se han producido en la Ley de Arrendamientos, deja en manos de las Comunidades Aut\u00f3nomas esta competencia.\",\"breadcrumb\":{\"@id\":\"https:\/\/www.billin.net\/blog\/como-declaro-los-ingresos-de-viviendas-turisticas\/#breadcrumb\"},\"inLanguage\":\"es\",\"potentialAction\":[{\"@type\":\"ReadAction\",\"target\":[\"https:\/\/www.billin.net\/blog\/como-declaro-los-ingresos-de-viviendas-turisticas\/\"]}]},{\"@type\":\"ImageObject\",\"inLanguage\":\"es\",\"@id\":\"https:\/\/www.billin.net\/blog\/como-declaro-los-ingresos-de-viviendas-turisticas\/#primaryimage\",\"url\":\"https:\/\/www.billin.net\/blog\/wp-content\/uploads\/2019\/04\/ingresos-viviendas-turisticas-min.jpg\",\"contentUrl\":\"https:\/\/www.billin.net\/blog\/wp-content\/uploads\/2019\/04\/ingresos-viviendas-turisticas-min.jpg\",\"width\":1200,\"height\":801},{\"@type\":\"BreadcrumbList\",\"@id\":\"https:\/\/www.billin.net\/blog\/como-declaro-los-ingresos-de-viviendas-turisticas\/#breadcrumb\",\"itemListElement\":[{\"@type\":\"ListItem\",\"position\":1,\"name\":\"Blog\",\"item\":\"https:\/\/www.billin.net\/blog\/\"},{\"@type\":\"ListItem\",\"position\":2,\"name\":\"Fiscalidad\",\"item\":\"https:\/\/www.billin.net\/blog\/fiscalidad\/\"},{\"@type\":\"ListItem\",\"position\":3,\"name\":\"\u00bfC\u00f3mo declaro los ingresos de viviendas tur\u00edsticas?\"}]},{\"@type\":\"WebSite\",\"@id\":\"https:\/\/www.billin.net\/blog\/#website\",\"url\":\"https:\/\/www.billin.net\/blog\/\",\"name\":\"Blog de Billin\",\"description\":\"Mantente informado con el blog de TeamSystem Facturas Billin:  facturaci\u00f3n, legislaci\u00f3n, contabilidad, management y toda la informaci\u00f3n \u00fatil para pymes y aut\u00f3nomos.\",\"publisher\":{\"@id\":\"https:\/\/www.billin.net\/blog\/#organization\"},\"potentialAction\":[{\"@type\":\"SearchAction\",\"target\":{\"@type\":\"EntryPoint\",\"urlTemplate\":\"https:\/\/www.billin.net\/blog\/?s={search_term_string}\"},\"query-input\":{\"@type\":\"PropertyValueSpecification\",\"valueRequired\":true,\"valueName\":\"search_term_string\"}}],\"inLanguage\":\"es\"},{\"@type\":\"Organization\",\"@id\":\"https:\/\/www.billin.net\/blog\/#organization\",\"name\":\"Billin\",\"alternateName\":\"Blog de Billin\",\"url\":\"https:\/\/www.billin.net\/blog\/\",\"logo\":{\"@type\":\"ImageObject\",\"inLanguage\":\"es\",\"@id\":\"https:\/\/www.billin.net\/blog\/#\/schema\/logo\/image\/\",\"url\":\"https:\/\/www.billin.net\/blog\/wp-content\/uploads\/2019\/06\/logotipo-billin-blog-1.png\",\"contentUrl\":\"https:\/\/www.billin.net\/blog\/wp-content\/uploads\/2019\/06\/logotipo-billin-blog-1.png\",\"width\":126,\"height\":50,\"caption\":\"Billin\"},\"image\":{\"@id\":\"https:\/\/www.billin.net\/blog\/#\/schema\/logo\/image\/\"},\"sameAs\":[\"https:\/\/www.facebook.com\/EsBillin\",\"https:\/\/x.com\/Billin_ES\",\"https:\/\/www.instagram.com\/billin_es\/\",\"https:\/\/www.linkedin.com\/company\/billin-spain\",\"https:\/\/www.youtube.com\/c\/BillinEsintercambiodefacturas\/\"],\"legalName\":\"MY EXPENSES SL\",\"contactPoint\":{\"@type\":\"ContactPoint\",\"telephone\":\"+34918318883\",\"contactType\":\"customer service\",\"email\":\"info@billin.eu\",\"availableLanguage\":\"es\"},\"foundingDate\":\"2015\",\"numberOfEmployees\":{\"@type\":\"QuantitativeValue\",\"minValue\":10,\"maxValue\":50},\"parentOrganization\":{\"@type\":\"Organization\",\"name\":\"TeamSystem\",\"url\":\"https:\/\/www.teamsystem.com\/\"},\"description\":\"Billin es el programa de facturaci\u00f3n online de TeamSystem para aut\u00f3nomos y pymes en Espa\u00f1a. Permite crear facturas, controlar gastos y cumplir con Verifactu.\",\"address\":{\"@type\":\"PostalAddress\",\"streetAddress\":\"Calle Arturo Soria, 336\",\"addressLocality\":\"Madrid\",\"addressRegion\":\"Madrid\",\"postalCode\":\"28033\",\"addressCountry\":\"ES\"}},{\"@type\":\"Person\",\"@id\":\"https:\/\/www.billin.net\/blog\/#\/schema\/person\/d0339ee6e869234614541b1e80a793e7\",\"name\":\"Marcos De La Cueva - CEO TeamSystem Facturas Billin\",\"image\":{\"@type\":\"ImageObject\",\"inLanguage\":\"es\",\"@id\":\"https:\/\/www.billin.net\/blog\/#\/schema\/person\/image\/\",\"url\":\"https:\/\/www.billin.net\/blog\/wp-content\/uploads\/2023\/10\/marcos-color-150x150.png\",\"contentUrl\":\"https:\/\/www.billin.net\/blog\/wp-content\/uploads\/2023\/10\/marcos-color-150x150.png\",\"caption\":\"Marcos De La Cueva - CEO TeamSystem Facturas Billin\"},\"description\":\"Licenciado en ADE por la Universidad Aut\u00f3noma de Madrid, Marcos De la Cueva es CEO y cofundador de TeamSystem Facturas Billin, un programa online que lleva m\u00e1s de 9 a\u00f1os ayudando a aut\u00f3nomos, peque\u00f1os negocios y gestor\u00edas a digitalizar sus presupuestos, facturas, tickets y gastos. \u00a0 Sobre Marcos De La Cueva \u00a0 Apasionado por el mundo empresarial y la tecnolog\u00eda, curs\u00f3 su M\u00e1ster de Finanzas en la Universidad Pontificia de Comillas y estuvo en el Programa de Cooperaci\u00f3n Educativa de la Universidad Aut\u00f3noma de Madrid. \u00a0 Marcos siempre ha tenido su objetivo claro: ayudar a la creaci\u00f3n de negocios financieramente sostenibles a trav\u00e9s de una herramienta de facturaci\u00f3n que les permita ahorrar tiempo y tener la contabilidad bajo control. \u00a0 Marcos De La Cueva en los medios \u2014 Noticia sobre Kit Digital y Ley Antifraude (VeriFactu) en El Economista. \u2014 Noticia sobre Kit Digital y factura electr\u00f3nica obligatoria en Diario Jur\u00eddico. \u2014 Noticia sobre el a\u00f1o de transici\u00f3n para la factura electr\u00f3nica en Muy Pymes. \u2014 Entrevista sobre factura electr\u00f3nica obligatoria en Canal Sur. \u2014 Noticia sobre el informe factura electr\u00f3nica de TeamSystem en Channel Partner. \u2014 Charla sobre productividad y Ley Crea y Crece en El Economista. \u2014 Charla sobre factura electr\u00f3nica obligatoria en Muy Pymes. \u2014 Charla sobre digitalizaci\u00f3n aut\u00f3nomos y productividad en esdiario. \u2014 Charla sobre productividad y factura electr\u00f3nica en La Raz\u00f3n. \u2014 Charla sobre factura electr\u00f3nica obligatoria en Aut\u00f3nomos y Emprendedores. \u2014 Entrevista sobre Ley Antifraude y Ley Crea y Crece en Expansi\u00f3n. \u2014 Entrevista sobre Ley Antifraude y Ley Crea y Crece en La Raz\u00f3n. \u2014 Entrevista sobre factura electr\u00f3nica obligatoria en El Economista. \u2014 Comunicado Billin y TeamSystem en Business Insider. \u2014 Entrevista en Econom\u00eda Digital. \u2014 Entrevista en Ideas para tu empresa de Vodafone. \u2014 Entrevista en M\u00e1sQradio. \u2014 Entrevista en Armas para emprender de El M\u00e9todo Gallardo. \u2014 Entrevista en KFund. \u2014 Entrevista en AXA Seguros Espa\u00f1a. \u2014 Entrevista en GestionaRadio. \u00a0 Marcos De La Cueva en eventos \u00a0 \u2014 Participaci\u00f3n como ponente en Accountex Espa\u00f1a 2023. \u00a0 Tem\u00e1ticas de especializaci\u00f3n \u00a0 negocios | startups | contabilidad| fiscalidad | empresas| asesor\u00edas| autonomos | emprendedores | peque\u00f1os negocios | econom\u00eda | ADE | pymes | desarrollo de negocio\u00a0\",\"sameAs\":[\"https:\/\/www.billin.net\/\",\"https:\/\/www.linkedin.com\/in\/marcos-de-la-cueva-19750ba3\/\"],\"url\":\"https:\/\/www.billin.net\/blog\/author\/marcosdelacueva\/\",\"jobTitle\":\"CEO y cofundador de TS Facturas Billin\"}]}<\/script>\n<!-- \/ Yoast SEO plugin. -->","yoast_head_json":{"title":"\u00bfC\u00f3mo declaro los ingresos de una vivienda tur\u00edstica? | TeamSystem Facturas Billin","description":"Los cambios que se han producido en la Ley de Arrendamientos, deja en manos de las Comunidades Aut\u00f3nomas esta competencia.","robots":{"index":"index","follow":"follow","max-snippet":"max-snippet:-1","max-image-preview":"max-image-preview:large","max-video-preview":"max-video-preview:-1"},"canonical":"https:\/\/www.billin.net\/blog\/como-declaro-los-ingresos-de-viviendas-turisticas\/","og_locale":"es_ES","og_type":"article","og_title":"\u00bfC\u00f3mo declaro los ingresos de una vivienda tur\u00edstica? | TeamSystem Facturas Billin","og_description":"Los cambios que se han producido en la Ley de Arrendamientos, deja en manos de las Comunidades Aut\u00f3nomas esta competencia.","og_url":"https:\/\/www.billin.net\/blog\/como-declaro-los-ingresos-de-viviendas-turisticas\/","og_site_name":"Blog de TeamSystem Facturas Billin","article_publisher":"https:\/\/www.facebook.com\/EsBillin","article_published_time":"2019-04-29T06:54:47+00:00","article_modified_time":"2025-09-25T18:50:39+00:00","og_image":[{"width":1200,"height":801,"url":"https:\/\/www.billin.net\/blog\/wp-content\/uploads\/2019\/04\/ingresos-viviendas-turisticas-min.jpg","type":"image\/jpeg"}],"author":"Marcos De La Cueva - CEO TeamSystem Facturas Billin","twitter_card":"summary_large_image","twitter_creator":"@Billin_ES","twitter_site":"@Billin_ES","twitter_misc":{"Escrito por":"Marcos De La Cueva - CEO TeamSystem Facturas Billin","Tiempo de lectura":"4 minutos"},"schema":{"@context":"https:\/\/schema.org","@graph":[{"@type":"Article","@id":"https:\/\/www.billin.net\/blog\/como-declaro-los-ingresos-de-viviendas-turisticas\/#article","isPartOf":{"@id":"https:\/\/www.billin.net\/blog\/como-declaro-los-ingresos-de-viviendas-turisticas\/"},"author":{"name":"Marcos De La Cueva - CEO TeamSystem Facturas Billin","@id":"https:\/\/www.billin.net\/blog\/#\/schema\/person\/d0339ee6e869234614541b1e80a793e7"},"headline":"\u00bfC\u00f3mo declaro los ingresos de viviendas tur\u00edsticas?","datePublished":"2019-04-29T06:54:47+00:00","dateModified":"2025-09-25T18:50:39+00:00","mainEntityOfPage":{"@id":"https:\/\/www.billin.net\/blog\/como-declaro-los-ingresos-de-viviendas-turisticas\/"},"wordCount":810,"commentCount":0,"publisher":{"@id":"https:\/\/www.billin.net\/blog\/#organization"},"image":{"@id":"https:\/\/www.billin.net\/blog\/como-declaro-los-ingresos-de-viviendas-turisticas\/#primaryimage"},"thumbnailUrl":"https:\/\/www.billin.net\/blog\/wp-content\/uploads\/2019\/04\/ingresos-viviendas-turisticas-min.jpg","articleSection":["Fiscalidad"],"inLanguage":"es","potentialAction":[{"@type":"CommentAction","name":"Comment","target":["https:\/\/www.billin.net\/blog\/como-declaro-los-ingresos-de-viviendas-turisticas\/#respond"]}]},{"@type":"WebPage","@id":"https:\/\/www.billin.net\/blog\/como-declaro-los-ingresos-de-viviendas-turisticas\/","url":"https:\/\/www.billin.net\/blog\/como-declaro-los-ingresos-de-viviendas-turisticas\/","name":"\u00bfC\u00f3mo declaro los ingresos de una vivienda tur\u00edstica? | TeamSystem Facturas Billin","isPartOf":{"@id":"https:\/\/www.billin.net\/blog\/#website"},"primaryImageOfPage":{"@id":"https:\/\/www.billin.net\/blog\/como-declaro-los-ingresos-de-viviendas-turisticas\/#primaryimage"},"image":{"@id":"https:\/\/www.billin.net\/blog\/como-declaro-los-ingresos-de-viviendas-turisticas\/#primaryimage"},"thumbnailUrl":"https:\/\/www.billin.net\/blog\/wp-content\/uploads\/2019\/04\/ingresos-viviendas-turisticas-min.jpg","datePublished":"2019-04-29T06:54:47+00:00","dateModified":"2025-09-25T18:50:39+00:00","description":"Los cambios que se han producido en la Ley de Arrendamientos, deja en manos de las Comunidades Aut\u00f3nomas esta competencia.","breadcrumb":{"@id":"https:\/\/www.billin.net\/blog\/como-declaro-los-ingresos-de-viviendas-turisticas\/#breadcrumb"},"inLanguage":"es","potentialAction":[{"@type":"ReadAction","target":["https:\/\/www.billin.net\/blog\/como-declaro-los-ingresos-de-viviendas-turisticas\/"]}]},{"@type":"ImageObject","inLanguage":"es","@id":"https:\/\/www.billin.net\/blog\/como-declaro-los-ingresos-de-viviendas-turisticas\/#primaryimage","url":"https:\/\/www.billin.net\/blog\/wp-content\/uploads\/2019\/04\/ingresos-viviendas-turisticas-min.jpg","contentUrl":"https:\/\/www.billin.net\/blog\/wp-content\/uploads\/2019\/04\/ingresos-viviendas-turisticas-min.jpg","width":1200,"height":801},{"@type":"BreadcrumbList","@id":"https:\/\/www.billin.net\/blog\/como-declaro-los-ingresos-de-viviendas-turisticas\/#breadcrumb","itemListElement":[{"@type":"ListItem","position":1,"name":"Blog","item":"https:\/\/www.billin.net\/blog\/"},{"@type":"ListItem","position":2,"name":"Fiscalidad","item":"https:\/\/www.billin.net\/blog\/fiscalidad\/"},{"@type":"ListItem","position":3,"name":"\u00bfC\u00f3mo declaro los ingresos de viviendas tur\u00edsticas?"}]},{"@type":"WebSite","@id":"https:\/\/www.billin.net\/blog\/#website","url":"https:\/\/www.billin.net\/blog\/","name":"Blog de Billin","description":"Mantente informado con el blog de TeamSystem Facturas Billin:  facturaci\u00f3n, legislaci\u00f3n, contabilidad, management y toda la informaci\u00f3n \u00fatil para pymes y aut\u00f3nomos.","publisher":{"@id":"https:\/\/www.billin.net\/blog\/#organization"},"potentialAction":[{"@type":"SearchAction","target":{"@type":"EntryPoint","urlTemplate":"https:\/\/www.billin.net\/blog\/?s={search_term_string}"},"query-input":{"@type":"PropertyValueSpecification","valueRequired":true,"valueName":"search_term_string"}}],"inLanguage":"es"},{"@type":"Organization","@id":"https:\/\/www.billin.net\/blog\/#organization","name":"Billin","alternateName":"Blog de Billin","url":"https:\/\/www.billin.net\/blog\/","logo":{"@type":"ImageObject","inLanguage":"es","@id":"https:\/\/www.billin.net\/blog\/#\/schema\/logo\/image\/","url":"https:\/\/www.billin.net\/blog\/wp-content\/uploads\/2019\/06\/logotipo-billin-blog-1.png","contentUrl":"https:\/\/www.billin.net\/blog\/wp-content\/uploads\/2019\/06\/logotipo-billin-blog-1.png","width":126,"height":50,"caption":"Billin"},"image":{"@id":"https:\/\/www.billin.net\/blog\/#\/schema\/logo\/image\/"},"sameAs":["https:\/\/www.facebook.com\/EsBillin","https:\/\/x.com\/Billin_ES","https:\/\/www.instagram.com\/billin_es\/","https:\/\/www.linkedin.com\/company\/billin-spain","https:\/\/www.youtube.com\/c\/BillinEsintercambiodefacturas\/"],"legalName":"MY EXPENSES SL","contactPoint":{"@type":"ContactPoint","telephone":"+34918318883","contactType":"customer service","email":"info@billin.eu","availableLanguage":"es"},"foundingDate":"2015","numberOfEmployees":{"@type":"QuantitativeValue","minValue":10,"maxValue":50},"parentOrganization":{"@type":"Organization","name":"TeamSystem","url":"https:\/\/www.teamsystem.com\/"},"description":"Billin es el programa de facturaci\u00f3n online de TeamSystem para aut\u00f3nomos y pymes en Espa\u00f1a. Permite crear facturas, controlar gastos y cumplir con Verifactu.","address":{"@type":"PostalAddress","streetAddress":"Calle Arturo Soria, 336","addressLocality":"Madrid","addressRegion":"Madrid","postalCode":"28033","addressCountry":"ES"}},{"@type":"Person","@id":"https:\/\/www.billin.net\/blog\/#\/schema\/person\/d0339ee6e869234614541b1e80a793e7","name":"Marcos De La Cueva - CEO TeamSystem Facturas Billin","image":{"@type":"ImageObject","inLanguage":"es","@id":"https:\/\/www.billin.net\/blog\/#\/schema\/person\/image\/","url":"https:\/\/www.billin.net\/blog\/wp-content\/uploads\/2023\/10\/marcos-color-150x150.png","contentUrl":"https:\/\/www.billin.net\/blog\/wp-content\/uploads\/2023\/10\/marcos-color-150x150.png","caption":"Marcos De La Cueva - CEO TeamSystem Facturas Billin"},"description":"Licenciado en ADE por la Universidad Aut\u00f3noma de Madrid, Marcos De la Cueva es CEO y cofundador de TeamSystem Facturas Billin, un programa online que lleva m\u00e1s de 9 a\u00f1os ayudando a aut\u00f3nomos, peque\u00f1os negocios y gestor\u00edas a digitalizar sus presupuestos, facturas, tickets y gastos. \u00a0 Sobre Marcos De La Cueva \u00a0 Apasionado por el mundo empresarial y la tecnolog\u00eda, curs\u00f3 su M\u00e1ster de Finanzas en la Universidad Pontificia de Comillas y estuvo en el Programa de Cooperaci\u00f3n Educativa de la Universidad Aut\u00f3noma de Madrid. \u00a0 Marcos siempre ha tenido su objetivo claro: ayudar a la creaci\u00f3n de negocios financieramente sostenibles a trav\u00e9s de una herramienta de facturaci\u00f3n que les permita ahorrar tiempo y tener la contabilidad bajo control. \u00a0 Marcos De La Cueva en los medios \u2014 Noticia sobre Kit Digital y Ley Antifraude (VeriFactu) en El Economista. \u2014 Noticia sobre Kit Digital y factura electr\u00f3nica obligatoria en Diario Jur\u00eddico. \u2014 Noticia sobre el a\u00f1o de transici\u00f3n para la factura electr\u00f3nica en Muy Pymes. \u2014 Entrevista sobre factura electr\u00f3nica obligatoria en Canal Sur. \u2014 Noticia sobre el informe factura electr\u00f3nica de TeamSystem en Channel Partner. \u2014 Charla sobre productividad y Ley Crea y Crece en El Economista. \u2014 Charla sobre factura electr\u00f3nica obligatoria en Muy Pymes. \u2014 Charla sobre digitalizaci\u00f3n aut\u00f3nomos y productividad en esdiario. \u2014 Charla sobre productividad y factura electr\u00f3nica en La Raz\u00f3n. \u2014 Charla sobre factura electr\u00f3nica obligatoria en Aut\u00f3nomos y Emprendedores. \u2014 Entrevista sobre Ley Antifraude y Ley Crea y Crece en Expansi\u00f3n. \u2014 Entrevista sobre Ley Antifraude y Ley Crea y Crece en La Raz\u00f3n. \u2014 Entrevista sobre factura electr\u00f3nica obligatoria en El Economista. \u2014 Comunicado Billin y TeamSystem en Business Insider. \u2014 Entrevista en Econom\u00eda Digital. \u2014 Entrevista en Ideas para tu empresa de Vodafone. \u2014 Entrevista en M\u00e1sQradio. \u2014 Entrevista en Armas para emprender de El M\u00e9todo Gallardo. \u2014 Entrevista en KFund. \u2014 Entrevista en AXA Seguros Espa\u00f1a. \u2014 Entrevista en GestionaRadio. \u00a0 Marcos De La Cueva en eventos \u00a0 \u2014 Participaci\u00f3n como ponente en Accountex Espa\u00f1a 2023. \u00a0 Tem\u00e1ticas de especializaci\u00f3n \u00a0 negocios | startups | contabilidad| fiscalidad | empresas| asesor\u00edas| autonomos | emprendedores | peque\u00f1os negocios | econom\u00eda | ADE | pymes | desarrollo de negocio\u00a0","sameAs":["https:\/\/www.billin.net\/","https:\/\/www.linkedin.com\/in\/marcos-de-la-cueva-19750ba3\/"],"url":"https:\/\/www.billin.net\/blog\/author\/marcosdelacueva\/","jobTitle":"CEO y cofundador de TS Facturas Billin"}]}},"_links":{"self":[{"href":"https:\/\/www.billin.net\/blog\/wp-json\/wp\/v2\/posts\/11701","targetHints":{"allow":["GET"]}}],"collection":[{"href":"https:\/\/www.billin.net\/blog\/wp-json\/wp\/v2\/posts"}],"about":[{"href":"https:\/\/www.billin.net\/blog\/wp-json\/wp\/v2\/types\/post"}],"author":[{"embeddable":true,"href":"https:\/\/www.billin.net\/blog\/wp-json\/wp\/v2\/users\/20"}],"replies":[{"embeddable":true,"href":"https:\/\/www.billin.net\/blog\/wp-json\/wp\/v2\/comments?post=11701"}],"version-history":[{"count":3,"href":"https:\/\/www.billin.net\/blog\/wp-json\/wp\/v2\/posts\/11701\/revisions"}],"predecessor-version":[{"id":27199,"href":"https:\/\/www.billin.net\/blog\/wp-json\/wp\/v2\/posts\/11701\/revisions\/27199"}],"wp:featuredmedia":[{"embeddable":true,"href":"https:\/\/www.billin.net\/blog\/wp-json\/wp\/v2\/media\/11702"}],"wp:attachment":[{"href":"https:\/\/www.billin.net\/blog\/wp-json\/wp\/v2\/media?parent=11701"}],"wp:term":[{"taxonomy":"category","embeddable":true,"href":"https:\/\/www.billin.net\/blog\/wp-json\/wp\/v2\/categories?post=11701"},{"taxonomy":"post_tag","embeddable":true,"href":"https:\/\/www.billin.net\/blog\/wp-json\/wp\/v2\/tags?post=11701"}],"curies":[{"name":"wp","href":"https:\/\/api.w.org\/{rel}","templated":true}]}}