{"id":11682,"date":"2019-04-23T00:00:00","date_gmt":"2019-04-22T22:00:00","guid":{"rendered":"https:\/\/www.billin.net\/blog\/?p=11682"},"modified":"2025-09-25T20:50:48","modified_gmt":"2025-09-25T18:50:48","slug":"principales-deducciones-irpf-2018","status":"publish","type":"post","link":"https:\/\/www.billin.net\/blog\/principales-deducciones-irpf-2018\/","title":{"rendered":"Principales deducciones para el IRPF 2018"},"content":{"rendered":"<p>Conocer las<strong> deducciones y saber si se tiene derecho a ellas<\/strong>, ser\u00e1 un elemento clave para tu Declaraci\u00f3n de la Renta, ya que, marcar\u00e1 la diferencia entre ingresar o devolver, te lo contamos.<!--more--><\/p>\n<h2>R\u00e9gimen transitorio: Deducci\u00f3n de vivienda habitual<\/h2>\n<p>La <strong>deducci\u00f3n en inversi\u00f3n en vivienda habitual<\/strong>, fue suprimida en el a\u00f1o 2013, pero se sigue aplicando sin cambios, para aquellos contribuyentes que hayan adquirido su vivienda habitual antes del 01 de enero de 2013, pudiendo llegar a desgravar hasta el 15% de la hipoteca, con un l\u00edmite de 9.040 euros, actualmente, sigue siendo una de las desgravaciones m\u00e1s importantes que tiene la Declaraci\u00f3n de la Renta.<\/p>\n<p>Para poder aplicar esta deducci\u00f3n, es necesario haber adquirido tu vivienda habitual en el a\u00f1o 2012 o anteriores, a no ser, que el importe de la reinversi\u00f3n no haya superado el importe exento por dicha reinversi\u00f3n, por tanto, las personas que hayan usado las cuentas de ahorro viviendas, ya no podr\u00e1n usar esta desgravaci\u00f3n.<\/p>\n<p>Las personas que hayan aportado por <strong>rehabilitaci\u00f3n de la vivienda o ampliaci\u00f3n de vivienda habitual<\/strong> anterior al 2013, podr\u00e1n acogerse siempre que las obras hayan finalizado el 01 de enero de 2017.<\/p>\n<h2>R\u00e9gimen transitorio<\/h2>\n<p><strong>Alquiler de viviendas habitual:<\/strong><\/p>\n<p>Este incentivo fiscal, se suprimi\u00f3 para contribuyentes que tuviesen un contrato de arrendamiento de la vivienda habitual posterior al 01 de enero de 2015, manteniendo este r\u00e9gimen transitorio para los contratos anteriores a esa fecha, pudiendo deducirse en id\u00e9nticos t\u00e9rminos e igual condiciones que hab\u00eda hasta esa fecha.<\/p>\n<p><strong>Deducci\u00f3n de maternidad:<\/strong><\/p>\n<p>Desde el 01 de enero de 2018, el importe de la deducci\u00f3n de la maternidad se podr\u00e1 incrementar hasta en mil euros adicionales, sobre la deducci\u00f3n de 1.200 euros por hijo menor de tres a\u00f1os.<\/p>\n<p>Para tener derecho a esta deducci\u00f3n, los contribuyentes tienen que realizar una actividad por cuenta propia o ajena, adem\u00e1s de, estar dado de alta en el R\u00e9gimen de la Seguridad Social que corresponda.<\/p>\n<p>La Agencia Tributaria recuerda, que esta deducci\u00f3n no es viable si se cobra la prestaci\u00f3n o el subsidio del desempleo.<\/p>\n<h2>Deducci\u00f3n por familia numerosa, ascendiente con dos hijos o personas con discapacidad<\/h2>\n<p>A partir del 5 de julio de 2018, qued\u00f3 aprobado en la <strong>Ley General de Presupuestos de 2018<\/strong>, la ampliaci\u00f3n de las deducciones por familia numerosa y la de personas con discapacidad a cargo.<\/p>\n<p>Por tanto, a la <strong>deducci\u00f3n de 1.200 euros por familia numerosa<\/strong> general, se incrementar\u00e1 en 600 euros, al igual que la de 2400 por familia numerosa especial, se aplicar\u00e1 solo en los cinco \u00faltimos meses del a\u00f1o, ya que, entr\u00f3 en vigor al d\u00eda siguiente de su publicaci\u00f3n, por tanto, ser\u00e1 de agosto a diciembre.<\/p>\n<p>Se incluye una nueva deducci\u00f3n para el c\u00f3nyuge con discapacidad, que puede llegar a 1.200 euros, la cual, se aplicar\u00e1 en contribuyentes que su c\u00f3nyuge no tenga ingresos, excluidas las rentas exentas, superiores a 8.000 euros, ni tenga deducciones por ascendientes ni descendientes con discapacidad, al igual que la anterior deducci\u00f3n, para el a\u00f1o 2018 el m\u00e1ximo ser\u00e1n 500 euros.<\/p>\n<h2>Deducci\u00f3n en empresas nuevas o de reciente creaci\u00f3n<\/h2>\n<p>A partir del 01 de enero de 2018<strong> se ampl\u00eda el importe m\u00e1ximo de deducci\u00f3n<\/strong>, que pasar\u00e1 de 50.000 a 60.000 euros, adem\u00e1s de incrementar el porcentaje de deducci\u00f3n que pasar\u00e1 del 20% al 30%.<\/p>\n<p>Esta es una deducci\u00f3n estatal, y, por tanto, act\u00faa sobre la cuota \u00edntegra total, y no formar\u00e1 parte de las deducciones auton\u00f3micas,<\/p>\n<p>La ayuda estar\u00e1 limitada por el tama\u00f1o de la empresa, no pudiendo superar la cifra de los fondos propios de 400.000 euros, al inicio del periodo impositivo al que el contribuyente adquiera las acciones.<\/p>\n<p>Estas acciones tendr\u00e1n que ser adquiridas durante la constituci\u00f3n o mediante ampliaci\u00f3n de capital durante los tres a\u00f1os siguientes a su constituci\u00f3n, adem\u00e1s de, permanecer en su patrimonio durante un periodo superior a tres a\u00f1os e inferior a doce a\u00f1os.<\/p>\n<p>Esa participaci\u00f3n<strong> no podr\u00e1 superar el 40% del capital social<\/strong> o de sus derechos a voto.<\/p>\n<p><img loading=\"lazy\" decoding=\"async\" class=\"aligncenter size-full wp-image-11684\" src=\"https:\/\/www.billin.net\/blog\/wp-content\/uploads\/2019\/04\/deducciones-irpf-min.jpg\" alt=\"\" width=\"1000\" height=\"666\" srcset=\"https:\/\/www.billin.net\/blog\/wp-content\/uploads\/2019\/04\/deducciones-irpf-min.jpg 1000w, https:\/\/www.billin.net\/blog\/wp-content\/uploads\/2019\/04\/deducciones-irpf-min-300x200.jpg 300w, https:\/\/www.billin.net\/blog\/wp-content\/uploads\/2019\/04\/deducciones-irpf-min-768x511.jpg 768w, https:\/\/www.billin.net\/blog\/wp-content\/uploads\/2019\/04\/deducciones-irpf-min-600x400.jpg 600w, https:\/\/www.billin.net\/blog\/wp-content\/uploads\/2019\/04\/deducciones-irpf-min-200x133.jpg 200w, https:\/\/www.billin.net\/blog\/wp-content\/uploads\/2019\/04\/deducciones-irpf-min-810x539.jpg 810w\" sizes=\"(max-width: 1000px) 100vw, 1000px\" \/><\/p>\n<h2>Deducciones por donativos, sindicatos y partidos pol\u00edticos<\/h2>\n<p>Los contribuyentes tendr\u00e1n derecho a <strong>deducir los donativos a fundaciones, ONG o Instituciones recogidas en la Ley 49\/2002<\/strong>, para ello, habr\u00e1 que acreditar el pago de dicha donaci\u00f3n, mediante certificaci\u00f3n expedida por la entidad donataria.<\/p>\n<p>Las cuotas de afiliaci\u00f3n a sindicatos y a partidos pol\u00edticos podr\u00e1s deducir hasta un 20%, en el caso que el pago de sindicatos o colegios profesionales, sea obligatoria, se deducir\u00e1n como rendimientos del trabajo, con un m\u00e1ximo de<strong> 500 euros al a\u00f1o<\/strong>.<\/p>\n<p>Tambi\u00e9n desde el 01 de enero de 2018 se incrementa del 50% al 60% para los contribuyentes residentes en Ceuta o Melilla durante un plazo no inferior a tres a\u00f1os.<\/p>\n","protected":false},"excerpt":{"rendered":"<p>Conocer las deducciones y saber si se tiene derecho a ellas, ser\u00e1 un elemento clave para tu Declaraci\u00f3n de la Renta, ya que, marcar\u00e1 la diferencia entre ingresar o devolver, te lo contamos.<\/p>\n","protected":false},"author":20,"featured_media":11683,"comment_status":"open","ping_status":"open","sticky":false,"template":"","format":"standard","meta":{"_acf_changed":false,"_et_pb_use_builder":"","_et_pb_old_content":"","_et_gb_content_width":"","om_disable_all_campaigns":false,"inline_featured_image":false,"footnotes":""},"categories":[1014],"tags":[],"class_list":{"0":"post-11682","1":"post","2":"type-post","3":"status-publish","4":"format-standard","5":"has-post-thumbnail","7":"category-fiscalidad"},"acf":{"selector_de_usuario":null,"fecha_de_revision":"20191120"},"yoast_head":"<!-- This site is optimized with the Yoast SEO plugin v27.1 - https:\/\/yoast.com\/product\/yoast-seo-wordpress\/ -->\n<title>Principales deducciones para el IRPF 2018 - Blog de TeamSystem Facturas Billin<\/title>\n<meta name=\"description\" content=\"Conocer las deducciones y saber si se tiene derecho a ellas, ser\u00e1 un elemento clave para tu Declaraci\u00f3n de la Renta en este a\u00f1o.\" \/>\n<meta name=\"robots\" content=\"index, follow, max-snippet:-1, max-image-preview:large, max-video-preview:-1\" \/>\n<link rel=\"canonical\" href=\"https:\/\/www.billin.net\/blog\/principales-deducciones-irpf-2018\/\" \/>\n<meta property=\"og:locale\" content=\"es_ES\" \/>\n<meta property=\"og:type\" content=\"article\" \/>\n<meta property=\"og:title\" content=\"Principales deducciones para el IRPF 2018 - Blog de TeamSystem Facturas Billin\" \/>\n<meta property=\"og:description\" content=\"Conocer las deducciones y saber si se tiene derecho a ellas, ser\u00e1 un elemento clave para tu Declaraci\u00f3n de la Renta en este a\u00f1o.\" \/>\n<meta property=\"og:url\" content=\"https:\/\/www.billin.net\/blog\/principales-deducciones-irpf-2018\/\" \/>\n<meta property=\"og:site_name\" content=\"Blog de TeamSystem Facturas Billin\" \/>\n<meta property=\"article:publisher\" content=\"https:\/\/www.facebook.com\/EsBillin\" \/>\n<meta property=\"article:published_time\" content=\"2019-04-22T22:00:00+00:00\" \/>\n<meta property=\"article:modified_time\" content=\"2025-09-25T18:50:48+00:00\" \/>\n<meta property=\"og:image\" content=\"https:\/\/www.billin.net\/blog\/wp-content\/uploads\/2019\/04\/principales-deducciones-irpf-min.jpg\" \/>\n\t<meta property=\"og:image:width\" content=\"1000\" \/>\n\t<meta property=\"og:image:height\" content=\"666\" \/>\n\t<meta property=\"og:image:type\" content=\"image\/jpeg\" \/>\n<meta name=\"author\" content=\"Marcos De La Cueva - CEO TeamSystem Facturas Billin\" \/>\n<meta name=\"twitter:card\" content=\"summary_large_image\" \/>\n<meta name=\"twitter:creator\" content=\"@Billin_ES\" \/>\n<meta name=\"twitter:site\" content=\"@Billin_ES\" \/>\n<meta name=\"twitter:label1\" content=\"Escrito por\" \/>\n\t<meta name=\"twitter:data1\" content=\"Marcos De La Cueva - CEO TeamSystem Facturas Billin\" \/>\n\t<meta name=\"twitter:label2\" content=\"Tiempo de lectura\" \/>\n\t<meta name=\"twitter:data2\" content=\"4 minutos\" \/>\n<script type=\"application\/ld+json\" class=\"yoast-schema-graph\">{\"@context\":\"https:\/\/schema.org\",\"@graph\":[{\"@type\":\"Article\",\"@id\":\"https:\/\/www.billin.net\/blog\/principales-deducciones-irpf-2018\/#article\",\"isPartOf\":{\"@id\":\"https:\/\/www.billin.net\/blog\/principales-deducciones-irpf-2018\/\"},\"author\":{\"name\":\"Marcos De La Cueva - CEO TeamSystem Facturas Billin\",\"@id\":\"https:\/\/www.billin.net\/blog\/#\/schema\/person\/d0339ee6e869234614541b1e80a793e7\"},\"headline\":\"Principales deducciones para el IRPF 2018\",\"datePublished\":\"2019-04-22T22:00:00+00:00\",\"dateModified\":\"2025-09-25T18:50:48+00:00\",\"mainEntityOfPage\":{\"@id\":\"https:\/\/www.billin.net\/blog\/principales-deducciones-irpf-2018\/\"},\"wordCount\":810,\"commentCount\":0,\"publisher\":{\"@id\":\"https:\/\/www.billin.net\/blog\/#organization\"},\"image\":{\"@id\":\"https:\/\/www.billin.net\/blog\/principales-deducciones-irpf-2018\/#primaryimage\"},\"thumbnailUrl\":\"https:\/\/www.billin.net\/blog\/wp-content\/uploads\/2019\/04\/principales-deducciones-irpf-min.jpg\",\"articleSection\":[\"Fiscalidad\"],\"inLanguage\":\"es\",\"potentialAction\":[{\"@type\":\"CommentAction\",\"name\":\"Comment\",\"target\":[\"https:\/\/www.billin.net\/blog\/principales-deducciones-irpf-2018\/#respond\"]}]},{\"@type\":\"WebPage\",\"@id\":\"https:\/\/www.billin.net\/blog\/principales-deducciones-irpf-2018\/\",\"url\":\"https:\/\/www.billin.net\/blog\/principales-deducciones-irpf-2018\/\",\"name\":\"Principales deducciones para el IRPF 2018 - Blog de TeamSystem Facturas Billin\",\"isPartOf\":{\"@id\":\"https:\/\/www.billin.net\/blog\/#website\"},\"primaryImageOfPage\":{\"@id\":\"https:\/\/www.billin.net\/blog\/principales-deducciones-irpf-2018\/#primaryimage\"},\"image\":{\"@id\":\"https:\/\/www.billin.net\/blog\/principales-deducciones-irpf-2018\/#primaryimage\"},\"thumbnailUrl\":\"https:\/\/www.billin.net\/blog\/wp-content\/uploads\/2019\/04\/principales-deducciones-irpf-min.jpg\",\"datePublished\":\"2019-04-22T22:00:00+00:00\",\"dateModified\":\"2025-09-25T18:50:48+00:00\",\"description\":\"Conocer las deducciones y saber si se tiene derecho a ellas, ser\u00e1 un elemento clave para tu Declaraci\u00f3n de la Renta en este a\u00f1o.\",\"breadcrumb\":{\"@id\":\"https:\/\/www.billin.net\/blog\/principales-deducciones-irpf-2018\/#breadcrumb\"},\"inLanguage\":\"es\",\"potentialAction\":[{\"@type\":\"ReadAction\",\"target\":[\"https:\/\/www.billin.net\/blog\/principales-deducciones-irpf-2018\/\"]}]},{\"@type\":\"ImageObject\",\"inLanguage\":\"es\",\"@id\":\"https:\/\/www.billin.net\/blog\/principales-deducciones-irpf-2018\/#primaryimage\",\"url\":\"https:\/\/www.billin.net\/blog\/wp-content\/uploads\/2019\/04\/principales-deducciones-irpf-min.jpg\",\"contentUrl\":\"https:\/\/www.billin.net\/blog\/wp-content\/uploads\/2019\/04\/principales-deducciones-irpf-min.jpg\",\"width\":1000,\"height\":666},{\"@type\":\"BreadcrumbList\",\"@id\":\"https:\/\/www.billin.net\/blog\/principales-deducciones-irpf-2018\/#breadcrumb\",\"itemListElement\":[{\"@type\":\"ListItem\",\"position\":1,\"name\":\"Blog\",\"item\":\"https:\/\/www.billin.net\/blog\/\"},{\"@type\":\"ListItem\",\"position\":2,\"name\":\"Fiscalidad\",\"item\":\"https:\/\/www.billin.net\/blog\/fiscalidad\/\"},{\"@type\":\"ListItem\",\"position\":3,\"name\":\"Principales deducciones para el IRPF 2018\"}]},{\"@type\":\"WebSite\",\"@id\":\"https:\/\/www.billin.net\/blog\/#website\",\"url\":\"https:\/\/www.billin.net\/blog\/\",\"name\":\"Blog de Billin\",\"description\":\"Mantente informado con el blog de TeamSystem Facturas Billin:  facturaci\u00f3n, legislaci\u00f3n, contabilidad, management y toda la informaci\u00f3n \u00fatil para pymes y aut\u00f3nomos.\",\"publisher\":{\"@id\":\"https:\/\/www.billin.net\/blog\/#organization\"},\"potentialAction\":[{\"@type\":\"SearchAction\",\"target\":{\"@type\":\"EntryPoint\",\"urlTemplate\":\"https:\/\/www.billin.net\/blog\/?s={search_term_string}\"},\"query-input\":{\"@type\":\"PropertyValueSpecification\",\"valueRequired\":true,\"valueName\":\"search_term_string\"}}],\"inLanguage\":\"es\"},{\"@type\":\"Organization\",\"@id\":\"https:\/\/www.billin.net\/blog\/#organization\",\"name\":\"Billin\",\"alternateName\":\"Blog de Billin\",\"url\":\"https:\/\/www.billin.net\/blog\/\",\"logo\":{\"@type\":\"ImageObject\",\"inLanguage\":\"es\",\"@id\":\"https:\/\/www.billin.net\/blog\/#\/schema\/logo\/image\/\",\"url\":\"https:\/\/www.billin.net\/blog\/wp-content\/uploads\/2019\/06\/logotipo-billin-blog-1.png\",\"contentUrl\":\"https:\/\/www.billin.net\/blog\/wp-content\/uploads\/2019\/06\/logotipo-billin-blog-1.png\",\"width\":126,\"height\":50,\"caption\":\"Billin\"},\"image\":{\"@id\":\"https:\/\/www.billin.net\/blog\/#\/schema\/logo\/image\/\"},\"sameAs\":[\"https:\/\/www.facebook.com\/EsBillin\",\"https:\/\/x.com\/Billin_ES\",\"https:\/\/www.instagram.com\/billin_es\/\",\"https:\/\/www.linkedin.com\/company\/billin-spain\",\"https:\/\/www.youtube.com\/c\/BillinEsintercambiodefacturas\/\"],\"legalName\":\"MY EXPENSES SL\",\"contactPoint\":{\"@type\":\"ContactPoint\",\"telephone\":\"+34918318883\",\"contactType\":\"customer service\",\"email\":\"info@billin.eu\",\"availableLanguage\":\"es\"},\"foundingDate\":\"2015\",\"numberOfEmployees\":{\"@type\":\"QuantitativeValue\",\"minValue\":10,\"maxValue\":50},\"parentOrganization\":{\"@type\":\"Organization\",\"name\":\"TeamSystem\",\"url\":\"https:\/\/www.teamsystem.com\/\"},\"description\":\"Billin es el programa de facturaci\u00f3n online de TeamSystem para aut\u00f3nomos y pymes en Espa\u00f1a. Permite crear facturas, controlar gastos y cumplir con Verifactu.\",\"address\":{\"@type\":\"PostalAddress\",\"streetAddress\":\"Calle Arturo Soria, 336\",\"addressLocality\":\"Madrid\",\"addressRegion\":\"Madrid\",\"postalCode\":\"28033\",\"addressCountry\":\"ES\"}},{\"@type\":\"Person\",\"@id\":\"https:\/\/www.billin.net\/blog\/#\/schema\/person\/d0339ee6e869234614541b1e80a793e7\",\"name\":\"Marcos De La Cueva - CEO TeamSystem Facturas Billin\",\"image\":{\"@type\":\"ImageObject\",\"inLanguage\":\"es\",\"@id\":\"https:\/\/www.billin.net\/blog\/#\/schema\/person\/image\/\",\"url\":\"https:\/\/www.billin.net\/blog\/wp-content\/uploads\/2023\/10\/marcos-color-150x150.png\",\"contentUrl\":\"https:\/\/www.billin.net\/blog\/wp-content\/uploads\/2023\/10\/marcos-color-150x150.png\",\"caption\":\"Marcos De La Cueva - CEO TeamSystem Facturas Billin\"},\"description\":\"Licenciado en ADE por la Universidad Aut\u00f3noma de Madrid, Marcos De la Cueva es CEO y cofundador de TeamSystem Facturas Billin, un programa online que lleva m\u00e1s de 9 a\u00f1os ayudando a aut\u00f3nomos, peque\u00f1os negocios y gestor\u00edas a digitalizar sus presupuestos, facturas, tickets y gastos. \u00a0 Sobre Marcos De La Cueva \u00a0 Apasionado por el mundo empresarial y la tecnolog\u00eda, curs\u00f3 su M\u00e1ster de Finanzas en la Universidad Pontificia de Comillas y estuvo en el Programa de Cooperaci\u00f3n Educativa de la Universidad Aut\u00f3noma de Madrid. \u00a0 Marcos siempre ha tenido su objetivo claro: ayudar a la creaci\u00f3n de negocios financieramente sostenibles a trav\u00e9s de una herramienta de facturaci\u00f3n que les permita ahorrar tiempo y tener la contabilidad bajo control. \u00a0 Marcos De La Cueva en los medios \u2014 Noticia sobre Kit Digital y Ley Antifraude (VeriFactu) en El Economista. \u2014 Noticia sobre Kit Digital y factura electr\u00f3nica obligatoria en Diario Jur\u00eddico. \u2014 Noticia sobre el a\u00f1o de transici\u00f3n para la factura electr\u00f3nica en Muy Pymes. \u2014 Entrevista sobre factura electr\u00f3nica obligatoria en Canal Sur. \u2014 Noticia sobre el informe factura electr\u00f3nica de TeamSystem en Channel Partner. \u2014 Charla sobre productividad y Ley Crea y Crece en El Economista. \u2014 Charla sobre factura electr\u00f3nica obligatoria en Muy Pymes. \u2014 Charla sobre digitalizaci\u00f3n aut\u00f3nomos y productividad en esdiario. \u2014 Charla sobre productividad y factura electr\u00f3nica en La Raz\u00f3n. \u2014 Charla sobre factura electr\u00f3nica obligatoria en Aut\u00f3nomos y Emprendedores. \u2014 Entrevista sobre Ley Antifraude y Ley Crea y Crece en Expansi\u00f3n. \u2014 Entrevista sobre Ley Antifraude y Ley Crea y Crece en La Raz\u00f3n. \u2014 Entrevista sobre factura electr\u00f3nica obligatoria en El Economista. \u2014 Comunicado Billin y TeamSystem en Business Insider. \u2014 Entrevista en Econom\u00eda Digital. \u2014 Entrevista en Ideas para tu empresa de Vodafone. \u2014 Entrevista en M\u00e1sQradio. \u2014 Entrevista en Armas para emprender de El M\u00e9todo Gallardo. \u2014 Entrevista en KFund. \u2014 Entrevista en AXA Seguros Espa\u00f1a. \u2014 Entrevista en GestionaRadio. \u00a0 Marcos De La Cueva en eventos \u00a0 \u2014 Participaci\u00f3n como ponente en Accountex Espa\u00f1a 2023. \u00a0 Tem\u00e1ticas de especializaci\u00f3n \u00a0 negocios | startups | contabilidad| fiscalidad | empresas| asesor\u00edas| autonomos | emprendedores | peque\u00f1os negocios | econom\u00eda | ADE | pymes | desarrollo de negocio\u00a0\",\"sameAs\":[\"https:\/\/www.billin.net\/\",\"https:\/\/www.linkedin.com\/in\/marcos-de-la-cueva-19750ba3\/\"],\"url\":\"https:\/\/www.billin.net\/blog\/author\/marcosdelacueva\/\",\"jobTitle\":\"CEO y cofundador de TS Facturas Billin\"}]}<\/script>\n<!-- \/ Yoast SEO plugin. -->","yoast_head_json":{"title":"Principales deducciones para el IRPF 2018 - Blog de TeamSystem Facturas Billin","description":"Conocer las deducciones y saber si se tiene derecho a ellas, ser\u00e1 un elemento clave para tu Declaraci\u00f3n de la Renta en este a\u00f1o.","robots":{"index":"index","follow":"follow","max-snippet":"max-snippet:-1","max-image-preview":"max-image-preview:large","max-video-preview":"max-video-preview:-1"},"canonical":"https:\/\/www.billin.net\/blog\/principales-deducciones-irpf-2018\/","og_locale":"es_ES","og_type":"article","og_title":"Principales deducciones para el IRPF 2018 - Blog de TeamSystem Facturas Billin","og_description":"Conocer las deducciones y saber si se tiene derecho a ellas, ser\u00e1 un elemento clave para tu Declaraci\u00f3n de la Renta en este a\u00f1o.","og_url":"https:\/\/www.billin.net\/blog\/principales-deducciones-irpf-2018\/","og_site_name":"Blog de TeamSystem Facturas Billin","article_publisher":"https:\/\/www.facebook.com\/EsBillin","article_published_time":"2019-04-22T22:00:00+00:00","article_modified_time":"2025-09-25T18:50:48+00:00","og_image":[{"width":1000,"height":666,"url":"https:\/\/www.billin.net\/blog\/wp-content\/uploads\/2019\/04\/principales-deducciones-irpf-min.jpg","type":"image\/jpeg"}],"author":"Marcos De La Cueva - CEO TeamSystem Facturas Billin","twitter_card":"summary_large_image","twitter_creator":"@Billin_ES","twitter_site":"@Billin_ES","twitter_misc":{"Escrito por":"Marcos De La Cueva - CEO TeamSystem Facturas Billin","Tiempo de lectura":"4 minutos"},"schema":{"@context":"https:\/\/schema.org","@graph":[{"@type":"Article","@id":"https:\/\/www.billin.net\/blog\/principales-deducciones-irpf-2018\/#article","isPartOf":{"@id":"https:\/\/www.billin.net\/blog\/principales-deducciones-irpf-2018\/"},"author":{"name":"Marcos De La Cueva - CEO TeamSystem Facturas Billin","@id":"https:\/\/www.billin.net\/blog\/#\/schema\/person\/d0339ee6e869234614541b1e80a793e7"},"headline":"Principales deducciones para el IRPF 2018","datePublished":"2019-04-22T22:00:00+00:00","dateModified":"2025-09-25T18:50:48+00:00","mainEntityOfPage":{"@id":"https:\/\/www.billin.net\/blog\/principales-deducciones-irpf-2018\/"},"wordCount":810,"commentCount":0,"publisher":{"@id":"https:\/\/www.billin.net\/blog\/#organization"},"image":{"@id":"https:\/\/www.billin.net\/blog\/principales-deducciones-irpf-2018\/#primaryimage"},"thumbnailUrl":"https:\/\/www.billin.net\/blog\/wp-content\/uploads\/2019\/04\/principales-deducciones-irpf-min.jpg","articleSection":["Fiscalidad"],"inLanguage":"es","potentialAction":[{"@type":"CommentAction","name":"Comment","target":["https:\/\/www.billin.net\/blog\/principales-deducciones-irpf-2018\/#respond"]}]},{"@type":"WebPage","@id":"https:\/\/www.billin.net\/blog\/principales-deducciones-irpf-2018\/","url":"https:\/\/www.billin.net\/blog\/principales-deducciones-irpf-2018\/","name":"Principales deducciones para el IRPF 2018 - Blog de TeamSystem Facturas Billin","isPartOf":{"@id":"https:\/\/www.billin.net\/blog\/#website"},"primaryImageOfPage":{"@id":"https:\/\/www.billin.net\/blog\/principales-deducciones-irpf-2018\/#primaryimage"},"image":{"@id":"https:\/\/www.billin.net\/blog\/principales-deducciones-irpf-2018\/#primaryimage"},"thumbnailUrl":"https:\/\/www.billin.net\/blog\/wp-content\/uploads\/2019\/04\/principales-deducciones-irpf-min.jpg","datePublished":"2019-04-22T22:00:00+00:00","dateModified":"2025-09-25T18:50:48+00:00","description":"Conocer las deducciones y saber si se tiene derecho a ellas, ser\u00e1 un elemento clave para tu Declaraci\u00f3n de la Renta en este a\u00f1o.","breadcrumb":{"@id":"https:\/\/www.billin.net\/blog\/principales-deducciones-irpf-2018\/#breadcrumb"},"inLanguage":"es","potentialAction":[{"@type":"ReadAction","target":["https:\/\/www.billin.net\/blog\/principales-deducciones-irpf-2018\/"]}]},{"@type":"ImageObject","inLanguage":"es","@id":"https:\/\/www.billin.net\/blog\/principales-deducciones-irpf-2018\/#primaryimage","url":"https:\/\/www.billin.net\/blog\/wp-content\/uploads\/2019\/04\/principales-deducciones-irpf-min.jpg","contentUrl":"https:\/\/www.billin.net\/blog\/wp-content\/uploads\/2019\/04\/principales-deducciones-irpf-min.jpg","width":1000,"height":666},{"@type":"BreadcrumbList","@id":"https:\/\/www.billin.net\/blog\/principales-deducciones-irpf-2018\/#breadcrumb","itemListElement":[{"@type":"ListItem","position":1,"name":"Blog","item":"https:\/\/www.billin.net\/blog\/"},{"@type":"ListItem","position":2,"name":"Fiscalidad","item":"https:\/\/www.billin.net\/blog\/fiscalidad\/"},{"@type":"ListItem","position":3,"name":"Principales deducciones para el IRPF 2018"}]},{"@type":"WebSite","@id":"https:\/\/www.billin.net\/blog\/#website","url":"https:\/\/www.billin.net\/blog\/","name":"Blog de Billin","description":"Mantente informado con el blog de TeamSystem Facturas Billin:  facturaci\u00f3n, legislaci\u00f3n, contabilidad, management y toda la informaci\u00f3n \u00fatil para pymes y aut\u00f3nomos.","publisher":{"@id":"https:\/\/www.billin.net\/blog\/#organization"},"potentialAction":[{"@type":"SearchAction","target":{"@type":"EntryPoint","urlTemplate":"https:\/\/www.billin.net\/blog\/?s={search_term_string}"},"query-input":{"@type":"PropertyValueSpecification","valueRequired":true,"valueName":"search_term_string"}}],"inLanguage":"es"},{"@type":"Organization","@id":"https:\/\/www.billin.net\/blog\/#organization","name":"Billin","alternateName":"Blog de Billin","url":"https:\/\/www.billin.net\/blog\/","logo":{"@type":"ImageObject","inLanguage":"es","@id":"https:\/\/www.billin.net\/blog\/#\/schema\/logo\/image\/","url":"https:\/\/www.billin.net\/blog\/wp-content\/uploads\/2019\/06\/logotipo-billin-blog-1.png","contentUrl":"https:\/\/www.billin.net\/blog\/wp-content\/uploads\/2019\/06\/logotipo-billin-blog-1.png","width":126,"height":50,"caption":"Billin"},"image":{"@id":"https:\/\/www.billin.net\/blog\/#\/schema\/logo\/image\/"},"sameAs":["https:\/\/www.facebook.com\/EsBillin","https:\/\/x.com\/Billin_ES","https:\/\/www.instagram.com\/billin_es\/","https:\/\/www.linkedin.com\/company\/billin-spain","https:\/\/www.youtube.com\/c\/BillinEsintercambiodefacturas\/"],"legalName":"MY EXPENSES SL","contactPoint":{"@type":"ContactPoint","telephone":"+34918318883","contactType":"customer service","email":"info@billin.eu","availableLanguage":"es"},"foundingDate":"2015","numberOfEmployees":{"@type":"QuantitativeValue","minValue":10,"maxValue":50},"parentOrganization":{"@type":"Organization","name":"TeamSystem","url":"https:\/\/www.teamsystem.com\/"},"description":"Billin es el programa de facturaci\u00f3n online de TeamSystem para aut\u00f3nomos y pymes en Espa\u00f1a. Permite crear facturas, controlar gastos y cumplir con Verifactu.","address":{"@type":"PostalAddress","streetAddress":"Calle Arturo Soria, 336","addressLocality":"Madrid","addressRegion":"Madrid","postalCode":"28033","addressCountry":"ES"}},{"@type":"Person","@id":"https:\/\/www.billin.net\/blog\/#\/schema\/person\/d0339ee6e869234614541b1e80a793e7","name":"Marcos De La Cueva - CEO TeamSystem Facturas Billin","image":{"@type":"ImageObject","inLanguage":"es","@id":"https:\/\/www.billin.net\/blog\/#\/schema\/person\/image\/","url":"https:\/\/www.billin.net\/blog\/wp-content\/uploads\/2023\/10\/marcos-color-150x150.png","contentUrl":"https:\/\/www.billin.net\/blog\/wp-content\/uploads\/2023\/10\/marcos-color-150x150.png","caption":"Marcos De La Cueva - CEO TeamSystem Facturas Billin"},"description":"Licenciado en ADE por la Universidad Aut\u00f3noma de Madrid, Marcos De la Cueva es CEO y cofundador de TeamSystem Facturas Billin, un programa online que lleva m\u00e1s de 9 a\u00f1os ayudando a aut\u00f3nomos, peque\u00f1os negocios y gestor\u00edas a digitalizar sus presupuestos, facturas, tickets y gastos. \u00a0 Sobre Marcos De La Cueva \u00a0 Apasionado por el mundo empresarial y la tecnolog\u00eda, curs\u00f3 su M\u00e1ster de Finanzas en la Universidad Pontificia de Comillas y estuvo en el Programa de Cooperaci\u00f3n Educativa de la Universidad Aut\u00f3noma de Madrid. \u00a0 Marcos siempre ha tenido su objetivo claro: ayudar a la creaci\u00f3n de negocios financieramente sostenibles a trav\u00e9s de una herramienta de facturaci\u00f3n que les permita ahorrar tiempo y tener la contabilidad bajo control. \u00a0 Marcos De La Cueva en los medios \u2014 Noticia sobre Kit Digital y Ley Antifraude (VeriFactu) en El Economista. \u2014 Noticia sobre Kit Digital y factura electr\u00f3nica obligatoria en Diario Jur\u00eddico. \u2014 Noticia sobre el a\u00f1o de transici\u00f3n para la factura electr\u00f3nica en Muy Pymes. \u2014 Entrevista sobre factura electr\u00f3nica obligatoria en Canal Sur. \u2014 Noticia sobre el informe factura electr\u00f3nica de TeamSystem en Channel Partner. \u2014 Charla sobre productividad y Ley Crea y Crece en El Economista. \u2014 Charla sobre factura electr\u00f3nica obligatoria en Muy Pymes. \u2014 Charla sobre digitalizaci\u00f3n aut\u00f3nomos y productividad en esdiario. \u2014 Charla sobre productividad y factura electr\u00f3nica en La Raz\u00f3n. \u2014 Charla sobre factura electr\u00f3nica obligatoria en Aut\u00f3nomos y Emprendedores. \u2014 Entrevista sobre Ley Antifraude y Ley Crea y Crece en Expansi\u00f3n. \u2014 Entrevista sobre Ley Antifraude y Ley Crea y Crece en La Raz\u00f3n. \u2014 Entrevista sobre factura electr\u00f3nica obligatoria en El Economista. \u2014 Comunicado Billin y TeamSystem en Business Insider. \u2014 Entrevista en Econom\u00eda Digital. \u2014 Entrevista en Ideas para tu empresa de Vodafone. \u2014 Entrevista en M\u00e1sQradio. \u2014 Entrevista en Armas para emprender de El M\u00e9todo Gallardo. \u2014 Entrevista en KFund. \u2014 Entrevista en AXA Seguros Espa\u00f1a. \u2014 Entrevista en GestionaRadio. \u00a0 Marcos De La Cueva en eventos \u00a0 \u2014 Participaci\u00f3n como ponente en Accountex Espa\u00f1a 2023. \u00a0 Tem\u00e1ticas de especializaci\u00f3n \u00a0 negocios | startups | contabilidad| fiscalidad | empresas| asesor\u00edas| autonomos | emprendedores | peque\u00f1os negocios | econom\u00eda | ADE | pymes | desarrollo de negocio\u00a0","sameAs":["https:\/\/www.billin.net\/","https:\/\/www.linkedin.com\/in\/marcos-de-la-cueva-19750ba3\/"],"url":"https:\/\/www.billin.net\/blog\/author\/marcosdelacueva\/","jobTitle":"CEO y cofundador de TS Facturas Billin"}]}},"_links":{"self":[{"href":"https:\/\/www.billin.net\/blog\/wp-json\/wp\/v2\/posts\/11682","targetHints":{"allow":["GET"]}}],"collection":[{"href":"https:\/\/www.billin.net\/blog\/wp-json\/wp\/v2\/posts"}],"about":[{"href":"https:\/\/www.billin.net\/blog\/wp-json\/wp\/v2\/types\/post"}],"author":[{"embeddable":true,"href":"https:\/\/www.billin.net\/blog\/wp-json\/wp\/v2\/users\/20"}],"replies":[{"embeddable":true,"href":"https:\/\/www.billin.net\/blog\/wp-json\/wp\/v2\/comments?post=11682"}],"version-history":[{"count":6,"href":"https:\/\/www.billin.net\/blog\/wp-json\/wp\/v2\/posts\/11682\/revisions"}],"predecessor-version":[{"id":27203,"href":"https:\/\/www.billin.net\/blog\/wp-json\/wp\/v2\/posts\/11682\/revisions\/27203"}],"wp:featuredmedia":[{"embeddable":true,"href":"https:\/\/www.billin.net\/blog\/wp-json\/wp\/v2\/media\/11683"}],"wp:attachment":[{"href":"https:\/\/www.billin.net\/blog\/wp-json\/wp\/v2\/media?parent=11682"}],"wp:term":[{"taxonomy":"category","embeddable":true,"href":"https:\/\/www.billin.net\/blog\/wp-json\/wp\/v2\/categories?post=11682"},{"taxonomy":"post_tag","embeddable":true,"href":"https:\/\/www.billin.net\/blog\/wp-json\/wp\/v2\/tags?post=11682"}],"curies":[{"name":"wp","href":"https:\/\/api.w.org\/{rel}","templated":true}]}}