{"id":11670,"date":"2019-04-17T00:00:00","date_gmt":"2019-04-16T22:00:00","guid":{"rendered":"https:\/\/www.billin.net\/blog\/?p=11670"},"modified":"2025-09-25T20:50:53","modified_gmt":"2025-09-25T18:50:53","slug":"objetivos-persiguen-autonomos-2019","status":"publish","type":"post","link":"https:\/\/www.billin.net\/blog\/objetivos-persiguen-autonomos-2019\/","title":{"rendered":"Objetivos que persiguen los aut\u00f3nomos en 2019"},"content":{"rendered":"<p>Si formas parte de los 3,2 millones de aut\u00f3nomos que hay en Espa\u00f1a, te contamos todas las novedades aprobadas para el 2019, pero, <strong><em>\u00bfy, las que se han quedado en el tintero?<\/em><\/strong><\/p>\n<h2><strong>\u00bfC\u00f3mo se estrena el 2019 para los aut\u00f3nomos?<\/strong><\/h2>\n<p>Este a\u00f1o, ha venido cargado de novedades para el aut\u00f3nomo, sobre todo, las referentes a la base de cotizaci\u00f3n de los trabajadores por cuenta propia, aunque muchas otras reformas, se han quedado en el camino, principalmente, <strong>el c\u00e1lculo de la <a href=\"https:\/\/www.billin.net\/glosario\/cuota-autonomo\/\" target=\"_blank\" rel=\"noopener noreferrer\">cuota de aut\u00f3nomo<\/a> en funci\u00f3n de los ingresos reales.<\/strong><\/p>\n<p>Tambi\u00e9n, tenemos que destacar <strong>novedades importantes para la Renta de 2018<\/strong>, ya que, se incluyen:<\/p>\n<ul>\n<li>Se ampl\u00eda hasta un 30% la deducci\u00f3n en dietas y suministros para los aut\u00f3nomos que trabajen desde casa.<\/li>\n<li>La exenci\u00f3n en el IRPF de la maternidad, por tanto, si este a\u00f1o, has recibido alguna prestaci\u00f3n tanto por maternidad como paternidad, no tendr\u00e1s que incluirla como rentas, adem\u00e1s la Seguridad Social, no podr\u00e1 retener sobre dicha prestaci\u00f3n.<\/li>\n<li>Si eres un intermediario entre propietario e inquilino de una vivienda vacacional, tendr\u00e1s la obligaci\u00f3n de presentar el Modelo 179, especialmente, estar\u00e1 dirigido a plataformas colaborativas como Airbnb o Wundu, dejar\u00e1 fuera de esta obligaci\u00f3n fiscal a los alojamientos tur\u00edsticos.<\/li>\n<li>El <a href=\"https:\/\/www.billin.net\/blog\/modelo-347-declaracion-informativa-declaracion-anual-de-operaciones-con-terceros\/\" target=\"_blank\" rel=\"noopener noreferrer\">Modelo 347<\/a> se mantendr\u00e1 su obligaci\u00f3n de presentaci\u00f3n en el mes de febrero, aunque se haya intentado adelantar al mes de enero.<\/li>\n<li>Se aprueba la pr\u00f3rroga del l\u00edmite de tributaci\u00f3n para los m\u00f3dulos.<\/li>\n<\/ul>\n<h2><strong>Cambios en la base de cotizaci\u00f3n<\/strong><\/h2>\n<p>Como ya hemos comentado, una de las medidas aprobadas en el Real Decreto 28\/2018 del 28 de diciembre, <strong>tiene que ver con las bases y el tipo de cotizaci\u00f3n.<\/strong><\/p>\n<p>Concretamente, la base m\u00ednima de cotizaci\u00f3n del aut\u00f3nomo se ha visto incrementada en un 1,25% desde el 01 de enero de 2019, por otro lado, <strong>el tipo de cotizaci\u00f3n ha pasado del 29,80% al 30%,<\/strong> este es el porcentaje que se aplica a la base de cotizaci\u00f3n para el c\u00e1lculo de la cuota de aut\u00f3nomo que tienes que pagar cada mes.<\/p>\n<p>Por tanto, los aut\u00f3nomos que sean personas f\u00edsicas, tendr\u00e1n que pagar 6,89 euros m\u00e1s al mes, lo que supondr\u00e1 unos 64 euros al a\u00f1o, sin embargo, los aut\u00f3nomos societarios pagar\u00e1n 6,89 euros m\u00e1s al mes, es decir, 82 euros m\u00e1s al a\u00f1o.<\/p>\n<p>Podemos afirmar que quien cotice por la base m\u00ednima, lo estar\u00e1 haciendo por 944,35 euros, y, por tanto, pagar\u00e1n 283,30 cada mes, mientras que los societarios pagar\u00e1n 364,22 euros, por una base de cotizaci\u00f3n de 1.214,08.<\/p>\n<p>Se entiende, que este r\u00e9gimen ser\u00e1 transitorio, ya que, el Gobierno se comprometi\u00f3 a establecer una relaci\u00f3n directa entre ingresos y cuota a pagar, ya que, esta forma de calcular la cuota ser\u00eda la m\u00e1s justa para todos los aut\u00f3nomos.<\/p>\n<h2><strong>Maternidad y tarifa plana<\/strong><\/h2>\n<p>Otra novedad a destacar dentro de este Decreto, es la protecci\u00f3n social que se le ofrece a la mujer aut\u00f3noma, tras la maternidad, ya que, una vez que se incorporen tras su baja, podr\u00e1n disfrutar de una tarifa plana, igual que la que se aplica a los nuevos aut\u00f3nomos, es decir, 12 meses con una cuota de 60 euros (esta tarifa solo se aplicar\u00e1 para aut\u00f3nomos que nunca se hayan dado de alta en este r\u00e9gimen o que lleven m\u00e1s de dos a\u00f1os, sin ejercer la actividad).<\/p>\n<p>Tambi\u00e9n la tarifa plana para los nuevos aut\u00f3nomos se prorroga, suponiendo una gran rebaja en las cuotas m\u00ednimas que tienen que pagar a lo largo del a\u00f1o siguiente a los 12 meses que durar\u00eda la <a href=\"https:\/\/www.billin.net\/blog\/requisitos-cumplir-tarifa-plana\/\" target=\"_blank\" rel=\"noopener noreferrer\">tarifa plana de 60 euros<\/a>, adem\u00e1s, estos aut\u00f3nomos tendr\u00e1n derechos a las mismas prestaciones que los dem\u00e1s, excepto la cobertura de cese de actividad y formaci\u00f3n, que s\u00f3lo ser\u00e1n efectivas en las que se den de alta desde el 01 de enero de 2019.<\/p>\n<h2><img loading=\"lazy\" decoding=\"async\" class=\"size-full wp-image-11672 aligncenter\" style=\"font-size: 16px;\" src=\"https:\/\/www.billin.net\/blog\/wp-content\/uploads\/2019\/04\/autonomos-2019.jpeg\" alt=\"Aut\u00f3nomos 2019\" width=\"1200\" height=\"801\" srcset=\"https:\/\/www.billin.net\/blog\/wp-content\/uploads\/2019\/04\/autonomos-2019.jpeg 1200w, https:\/\/www.billin.net\/blog\/wp-content\/uploads\/2019\/04\/autonomos-2019-300x200.jpeg 300w, https:\/\/www.billin.net\/blog\/wp-content\/uploads\/2019\/04\/autonomos-2019-1024x684.jpeg 1024w, https:\/\/www.billin.net\/blog\/wp-content\/uploads\/2019\/04\/autonomos-2019-768x513.jpeg 768w, https:\/\/www.billin.net\/blog\/wp-content\/uploads\/2019\/04\/autonomos-2019-810x541.jpeg 810w, https:\/\/www.billin.net\/blog\/wp-content\/uploads\/2019\/04\/autonomos-2019-1140x761.jpeg 1140w\" sizes=\"(max-width: 1200px) 100vw, 1200px\" \/><\/h2>\n<h2><strong>Retos pendientes para el aut\u00f3nomo en 2019<\/strong><\/h2>\n<p><strong>Los aut\u00f3nomos durante el a\u00f1o 2019<\/strong>, tendremos que seguir luchando por nuestros intereses, ya que, seguimos siendo un sector desfavorecido.<\/p>\n<p>Destaca un papel muy importante la mujer como aut\u00f3noma, ya que, hay datos muy positivos, aunque sigue habiendo actualmente muchos m\u00e1s hombres que mujeres.<\/p>\n<p><strong>Tendremos que afrontar la subida de cuota de aut\u00f3nomo,<\/strong> que nos repercutir\u00e1 en 64 euros al a\u00f1o m\u00e1s que el anterior.<\/p>\n<p>Otro gran reto, ser\u00e1 la b\u00fasqueda de nuevos clientes, y as\u00ed, poder aumentar las ventas, tenemos que buscar una cartera de clientes que sean rentables, y poder conseguir el objetivo econ\u00f3mico propuesto en cada uno de ellos.<\/p>\n<p>Por ejemplo, si quieres aumentar los clientes te damos los siguientes consejos, <strong>debes invertir en publicidad, tanto impresa, como radio, prensa, Ads de Facebook, etc., practica el Networking, participa en Ferias y Congresos, y, por \u00faltimo, entra en Asociaciones de comerciantes, te facilitar\u00e1n mucha informaci\u00f3n y ayuda de forma gratuita.<\/strong><\/p>\n","protected":false},"excerpt":{"rendered":"<p>Si formas parte de los 3,2 millones de aut\u00f3nomos que hay en Espa\u00f1a, te contamos todas las novedades aprobadas para el 2019, pero, \u00bfy, las que se han quedado en el tintero? \u00bfC\u00f3mo se estrena el 2019 para los aut\u00f3nomos? Este a\u00f1o, ha venido cargado de novedades para el aut\u00f3nomo, sobre todo, las referentes a [&hellip;]<\/p>\n","protected":false},"author":20,"featured_media":11671,"comment_status":"open","ping_status":"open","sticky":false,"template":"","format":"standard","meta":{"_acf_changed":false,"_et_pb_use_builder":"","_et_pb_old_content":"","_et_gb_content_width":"","om_disable_all_campaigns":false,"inline_featured_image":false,"footnotes":""},"categories":[1015],"tags":[1380],"class_list":{"0":"post-11670","1":"post","2":"type-post","3":"status-publish","4":"format-standard","5":"has-post-thumbnail","7":"category-facturacion","8":"tag-autonomos"},"acf":{"selector_de_usuario":null,"fecha_de_revision":"20200515"},"yoast_head":"<!-- This site is optimized with the Yoast SEO plugin v27.1 - https:\/\/yoast.com\/product\/yoast-seo-wordpress\/ -->\n<title>Objetivos que persiguen los aut\u00f3nomos en 2019 - Blog de TeamSystem Facturas Billin<\/title>\n<meta name=\"description\" content=\"Si eres parte de los 3,2 millones de aut\u00f3nomos de Espa\u00f1a, te contamos todas las novedades para el 2019, pero, \u00bfy, las que se han quedado en el tintero?\" \/>\n<meta name=\"robots\" content=\"index, follow, max-snippet:-1, max-image-preview:large, max-video-preview:-1\" \/>\n<link rel=\"canonical\" href=\"https:\/\/www.billin.net\/blog\/objetivos-persiguen-autonomos-2019\/\" \/>\n<meta property=\"og:locale\" content=\"es_ES\" \/>\n<meta property=\"og:type\" content=\"article\" \/>\n<meta property=\"og:title\" content=\"Objetivos que persiguen los aut\u00f3nomos en 2019 - Blog de TeamSystem Facturas Billin\" \/>\n<meta property=\"og:description\" content=\"Si eres parte de los 3,2 millones de aut\u00f3nomos de Espa\u00f1a, te contamos todas las novedades para el 2019, pero, \u00bfy, las que se han quedado en el tintero?\" \/>\n<meta property=\"og:url\" content=\"https:\/\/www.billin.net\/blog\/objetivos-persiguen-autonomos-2019\/\" \/>\n<meta property=\"og:site_name\" content=\"Blog de TeamSystem Facturas Billin\" \/>\n<meta property=\"article:publisher\" content=\"https:\/\/www.facebook.com\/EsBillin\" \/>\n<meta property=\"article:published_time\" content=\"2019-04-16T22:00:00+00:00\" \/>\n<meta property=\"article:modified_time\" content=\"2025-09-25T18:50:53+00:00\" \/>\n<meta property=\"og:image\" content=\"https:\/\/www.billin.net\/blog\/wp-content\/uploads\/2019\/04\/novedades-autonomos-2019.jpeg\" \/>\n\t<meta property=\"og:image:width\" content=\"1200\" \/>\n\t<meta property=\"og:image:height\" content=\"801\" \/>\n\t<meta property=\"og:image:type\" content=\"image\/jpeg\" \/>\n<meta name=\"author\" content=\"Marcos De La Cueva - CEO TeamSystem Facturas Billin\" \/>\n<meta name=\"twitter:card\" content=\"summary_large_image\" \/>\n<meta name=\"twitter:creator\" content=\"@Billin_ES\" \/>\n<meta name=\"twitter:site\" content=\"@Billin_ES\" \/>\n<meta name=\"twitter:label1\" content=\"Escrito por\" \/>\n\t<meta name=\"twitter:data1\" content=\"Marcos De La Cueva - CEO TeamSystem Facturas Billin\" \/>\n\t<meta name=\"twitter:label2\" content=\"Tiempo de lectura\" \/>\n\t<meta name=\"twitter:data2\" content=\"4 minutos\" \/>\n<script type=\"application\/ld+json\" class=\"yoast-schema-graph\">{\"@context\":\"https:\/\/schema.org\",\"@graph\":[{\"@type\":\"Article\",\"@id\":\"https:\/\/www.billin.net\/blog\/objetivos-persiguen-autonomos-2019\/#article\",\"isPartOf\":{\"@id\":\"https:\/\/www.billin.net\/blog\/objetivos-persiguen-autonomos-2019\/\"},\"author\":{\"name\":\"Marcos De La Cueva - CEO TeamSystem Facturas Billin\",\"@id\":\"https:\/\/www.billin.net\/blog\/#\/schema\/person\/d0339ee6e869234614541b1e80a793e7\"},\"headline\":\"Objetivos que persiguen los aut\u00f3nomos en 2019\",\"datePublished\":\"2019-04-16T22:00:00+00:00\",\"dateModified\":\"2025-09-25T18:50:53+00:00\",\"mainEntityOfPage\":{\"@id\":\"https:\/\/www.billin.net\/blog\/objetivos-persiguen-autonomos-2019\/\"},\"wordCount\":843,\"commentCount\":0,\"publisher\":{\"@id\":\"https:\/\/www.billin.net\/blog\/#organization\"},\"image\":{\"@id\":\"https:\/\/www.billin.net\/blog\/objetivos-persiguen-autonomos-2019\/#primaryimage\"},\"thumbnailUrl\":\"https:\/\/www.billin.net\/blog\/wp-content\/uploads\/2019\/04\/novedades-autonomos-2019.jpeg\",\"keywords\":[\"Aut\u00f3nomos\"],\"articleSection\":[\"Facturaci\u00f3n\"],\"inLanguage\":\"es\",\"potentialAction\":[{\"@type\":\"CommentAction\",\"name\":\"Comment\",\"target\":[\"https:\/\/www.billin.net\/blog\/objetivos-persiguen-autonomos-2019\/#respond\"]}]},{\"@type\":\"WebPage\",\"@id\":\"https:\/\/www.billin.net\/blog\/objetivos-persiguen-autonomos-2019\/\",\"url\":\"https:\/\/www.billin.net\/blog\/objetivos-persiguen-autonomos-2019\/\",\"name\":\"Objetivos que persiguen los aut\u00f3nomos en 2019 - Blog de TeamSystem Facturas Billin\",\"isPartOf\":{\"@id\":\"https:\/\/www.billin.net\/blog\/#website\"},\"primaryImageOfPage\":{\"@id\":\"https:\/\/www.billin.net\/blog\/objetivos-persiguen-autonomos-2019\/#primaryimage\"},\"image\":{\"@id\":\"https:\/\/www.billin.net\/blog\/objetivos-persiguen-autonomos-2019\/#primaryimage\"},\"thumbnailUrl\":\"https:\/\/www.billin.net\/blog\/wp-content\/uploads\/2019\/04\/novedades-autonomos-2019.jpeg\",\"datePublished\":\"2019-04-16T22:00:00+00:00\",\"dateModified\":\"2025-09-25T18:50:53+00:00\",\"description\":\"Si eres parte de los 3,2 millones de aut\u00f3nomos de Espa\u00f1a, te contamos todas las novedades para el 2019, pero, \u00bfy, las que se han quedado en el tintero?\",\"breadcrumb\":{\"@id\":\"https:\/\/www.billin.net\/blog\/objetivos-persiguen-autonomos-2019\/#breadcrumb\"},\"inLanguage\":\"es\",\"potentialAction\":[{\"@type\":\"ReadAction\",\"target\":[\"https:\/\/www.billin.net\/blog\/objetivos-persiguen-autonomos-2019\/\"]}]},{\"@type\":\"ImageObject\",\"inLanguage\":\"es\",\"@id\":\"https:\/\/www.billin.net\/blog\/objetivos-persiguen-autonomos-2019\/#primaryimage\",\"url\":\"https:\/\/www.billin.net\/blog\/wp-content\/uploads\/2019\/04\/novedades-autonomos-2019.jpeg\",\"contentUrl\":\"https:\/\/www.billin.net\/blog\/wp-content\/uploads\/2019\/04\/novedades-autonomos-2019.jpeg\",\"width\":1200,\"height\":801,\"caption\":\"Novedades de aut\u00f3nomos 2019\"},{\"@type\":\"BreadcrumbList\",\"@id\":\"https:\/\/www.billin.net\/blog\/objetivos-persiguen-autonomos-2019\/#breadcrumb\",\"itemListElement\":[{\"@type\":\"ListItem\",\"position\":1,\"name\":\"Blog\",\"item\":\"https:\/\/www.billin.net\/blog\/\"},{\"@type\":\"ListItem\",\"position\":2,\"name\":\"Facturaci\u00f3n\",\"item\":\"https:\/\/www.billin.net\/blog\/facturacion\/\"},{\"@type\":\"ListItem\",\"position\":3,\"name\":\"Objetivos que persiguen los aut\u00f3nomos en 2019\"}]},{\"@type\":\"WebSite\",\"@id\":\"https:\/\/www.billin.net\/blog\/#website\",\"url\":\"https:\/\/www.billin.net\/blog\/\",\"name\":\"Blog de Billin\",\"description\":\"Mantente informado con el blog de TeamSystem Facturas Billin:  facturaci\u00f3n, legislaci\u00f3n, contabilidad, management y toda la informaci\u00f3n \u00fatil para pymes y aut\u00f3nomos.\",\"publisher\":{\"@id\":\"https:\/\/www.billin.net\/blog\/#organization\"},\"potentialAction\":[{\"@type\":\"SearchAction\",\"target\":{\"@type\":\"EntryPoint\",\"urlTemplate\":\"https:\/\/www.billin.net\/blog\/?s={search_term_string}\"},\"query-input\":{\"@type\":\"PropertyValueSpecification\",\"valueRequired\":true,\"valueName\":\"search_term_string\"}}],\"inLanguage\":\"es\"},{\"@type\":\"Organization\",\"@id\":\"https:\/\/www.billin.net\/blog\/#organization\",\"name\":\"Billin\",\"alternateName\":\"Blog de Billin\",\"url\":\"https:\/\/www.billin.net\/blog\/\",\"logo\":{\"@type\":\"ImageObject\",\"inLanguage\":\"es\",\"@id\":\"https:\/\/www.billin.net\/blog\/#\/schema\/logo\/image\/\",\"url\":\"https:\/\/www.billin.net\/blog\/wp-content\/uploads\/2019\/06\/logotipo-billin-blog-1.png\",\"contentUrl\":\"https:\/\/www.billin.net\/blog\/wp-content\/uploads\/2019\/06\/logotipo-billin-blog-1.png\",\"width\":126,\"height\":50,\"caption\":\"Billin\"},\"image\":{\"@id\":\"https:\/\/www.billin.net\/blog\/#\/schema\/logo\/image\/\"},\"sameAs\":[\"https:\/\/www.facebook.com\/EsBillin\",\"https:\/\/x.com\/Billin_ES\",\"https:\/\/www.instagram.com\/billin_es\/\",\"https:\/\/www.linkedin.com\/company\/billin-spain\",\"https:\/\/www.youtube.com\/c\/BillinEsintercambiodefacturas\/\"],\"legalName\":\"MY EXPENSES SL\",\"contactPoint\":{\"@type\":\"ContactPoint\",\"telephone\":\"+34918318883\",\"contactType\":\"customer service\",\"email\":\"info@billin.eu\",\"availableLanguage\":\"es\"},\"foundingDate\":\"2015\",\"numberOfEmployees\":{\"@type\":\"QuantitativeValue\",\"minValue\":10,\"maxValue\":50},\"parentOrganization\":{\"@type\":\"Organization\",\"name\":\"TeamSystem\",\"url\":\"https:\/\/www.teamsystem.com\/\"},\"description\":\"Billin es el programa de facturaci\u00f3n online de TeamSystem para aut\u00f3nomos y pymes en Espa\u00f1a. Permite crear facturas, controlar gastos y cumplir con Verifactu.\",\"address\":{\"@type\":\"PostalAddress\",\"streetAddress\":\"Calle Arturo Soria, 336\",\"addressLocality\":\"Madrid\",\"addressRegion\":\"Madrid\",\"postalCode\":\"28033\",\"addressCountry\":\"ES\"}},{\"@type\":\"Person\",\"@id\":\"https:\/\/www.billin.net\/blog\/#\/schema\/person\/d0339ee6e869234614541b1e80a793e7\",\"name\":\"Marcos De La Cueva - CEO TeamSystem Facturas Billin\",\"image\":{\"@type\":\"ImageObject\",\"inLanguage\":\"es\",\"@id\":\"https:\/\/www.billin.net\/blog\/#\/schema\/person\/image\/\",\"url\":\"https:\/\/www.billin.net\/blog\/wp-content\/uploads\/2023\/10\/marcos-color-150x150.png\",\"contentUrl\":\"https:\/\/www.billin.net\/blog\/wp-content\/uploads\/2023\/10\/marcos-color-150x150.png\",\"caption\":\"Marcos De La Cueva - CEO TeamSystem Facturas Billin\"},\"description\":\"Licenciado en ADE por la Universidad Aut\u00f3noma de Madrid, Marcos De la Cueva es CEO y cofundador de TeamSystem Facturas Billin, un programa online que lleva m\u00e1s de 9 a\u00f1os ayudando a aut\u00f3nomos, peque\u00f1os negocios y gestor\u00edas a digitalizar sus presupuestos, facturas, tickets y gastos. \u00a0 Sobre Marcos De La Cueva \u00a0 Apasionado por el mundo empresarial y la tecnolog\u00eda, curs\u00f3 su M\u00e1ster de Finanzas en la Universidad Pontificia de Comillas y estuvo en el Programa de Cooperaci\u00f3n Educativa de la Universidad Aut\u00f3noma de Madrid. \u00a0 Marcos siempre ha tenido su objetivo claro: ayudar a la creaci\u00f3n de negocios financieramente sostenibles a trav\u00e9s de una herramienta de facturaci\u00f3n que les permita ahorrar tiempo y tener la contabilidad bajo control. \u00a0 Marcos De La Cueva en los medios \u2014 Noticia sobre Kit Digital y Ley Antifraude (VeriFactu) en El Economista. \u2014 Noticia sobre Kit Digital y factura electr\u00f3nica obligatoria en Diario Jur\u00eddico. \u2014 Noticia sobre el a\u00f1o de transici\u00f3n para la factura electr\u00f3nica en Muy Pymes. \u2014 Entrevista sobre factura electr\u00f3nica obligatoria en Canal Sur. \u2014 Noticia sobre el informe factura electr\u00f3nica de TeamSystem en Channel Partner. \u2014 Charla sobre productividad y Ley Crea y Crece en El Economista. \u2014 Charla sobre factura electr\u00f3nica obligatoria en Muy Pymes. \u2014 Charla sobre digitalizaci\u00f3n aut\u00f3nomos y productividad en esdiario. \u2014 Charla sobre productividad y factura electr\u00f3nica en La Raz\u00f3n. \u2014 Charla sobre factura electr\u00f3nica obligatoria en Aut\u00f3nomos y Emprendedores. \u2014 Entrevista sobre Ley Antifraude y Ley Crea y Crece en Expansi\u00f3n. \u2014 Entrevista sobre Ley Antifraude y Ley Crea y Crece en La Raz\u00f3n. \u2014 Entrevista sobre factura electr\u00f3nica obligatoria en El Economista. \u2014 Comunicado Billin y TeamSystem en Business Insider. \u2014 Entrevista en Econom\u00eda Digital. \u2014 Entrevista en Ideas para tu empresa de Vodafone. \u2014 Entrevista en M\u00e1sQradio. \u2014 Entrevista en Armas para emprender de El M\u00e9todo Gallardo. \u2014 Entrevista en KFund. \u2014 Entrevista en AXA Seguros Espa\u00f1a. \u2014 Entrevista en GestionaRadio. \u00a0 Marcos De La Cueva en eventos \u00a0 \u2014 Participaci\u00f3n como ponente en Accountex Espa\u00f1a 2023. \u00a0 Tem\u00e1ticas de especializaci\u00f3n \u00a0 negocios | startups | contabilidad| fiscalidad | empresas| asesor\u00edas| autonomos | emprendedores | peque\u00f1os negocios | econom\u00eda | ADE | pymes | desarrollo de negocio\u00a0\",\"sameAs\":[\"https:\/\/www.billin.net\/\",\"https:\/\/www.linkedin.com\/in\/marcos-de-la-cueva-19750ba3\/\"],\"url\":\"https:\/\/www.billin.net\/blog\/author\/marcosdelacueva\/\",\"jobTitle\":\"CEO y cofundador de TS Facturas Billin\"}]}<\/script>\n<!-- \/ Yoast SEO plugin. -->","yoast_head_json":{"title":"Objetivos que persiguen los aut\u00f3nomos en 2019 - Blog de TeamSystem Facturas Billin","description":"Si eres parte de los 3,2 millones de aut\u00f3nomos de Espa\u00f1a, te contamos todas las novedades para el 2019, pero, \u00bfy, las que se han quedado en el tintero?","robots":{"index":"index","follow":"follow","max-snippet":"max-snippet:-1","max-image-preview":"max-image-preview:large","max-video-preview":"max-video-preview:-1"},"canonical":"https:\/\/www.billin.net\/blog\/objetivos-persiguen-autonomos-2019\/","og_locale":"es_ES","og_type":"article","og_title":"Objetivos que persiguen los aut\u00f3nomos en 2019 - Blog de TeamSystem Facturas Billin","og_description":"Si eres parte de los 3,2 millones de aut\u00f3nomos de Espa\u00f1a, te contamos todas las novedades para el 2019, pero, \u00bfy, las que se han quedado en el tintero?","og_url":"https:\/\/www.billin.net\/blog\/objetivos-persiguen-autonomos-2019\/","og_site_name":"Blog de TeamSystem Facturas Billin","article_publisher":"https:\/\/www.facebook.com\/EsBillin","article_published_time":"2019-04-16T22:00:00+00:00","article_modified_time":"2025-09-25T18:50:53+00:00","og_image":[{"width":1200,"height":801,"url":"https:\/\/www.billin.net\/blog\/wp-content\/uploads\/2019\/04\/novedades-autonomos-2019.jpeg","type":"image\/jpeg"}],"author":"Marcos De La Cueva - CEO TeamSystem Facturas Billin","twitter_card":"summary_large_image","twitter_creator":"@Billin_ES","twitter_site":"@Billin_ES","twitter_misc":{"Escrito por":"Marcos De La Cueva - CEO TeamSystem Facturas Billin","Tiempo de lectura":"4 minutos"},"schema":{"@context":"https:\/\/schema.org","@graph":[{"@type":"Article","@id":"https:\/\/www.billin.net\/blog\/objetivos-persiguen-autonomos-2019\/#article","isPartOf":{"@id":"https:\/\/www.billin.net\/blog\/objetivos-persiguen-autonomos-2019\/"},"author":{"name":"Marcos De La Cueva - CEO TeamSystem Facturas Billin","@id":"https:\/\/www.billin.net\/blog\/#\/schema\/person\/d0339ee6e869234614541b1e80a793e7"},"headline":"Objetivos que persiguen los aut\u00f3nomos en 2019","datePublished":"2019-04-16T22:00:00+00:00","dateModified":"2025-09-25T18:50:53+00:00","mainEntityOfPage":{"@id":"https:\/\/www.billin.net\/blog\/objetivos-persiguen-autonomos-2019\/"},"wordCount":843,"commentCount":0,"publisher":{"@id":"https:\/\/www.billin.net\/blog\/#organization"},"image":{"@id":"https:\/\/www.billin.net\/blog\/objetivos-persiguen-autonomos-2019\/#primaryimage"},"thumbnailUrl":"https:\/\/www.billin.net\/blog\/wp-content\/uploads\/2019\/04\/novedades-autonomos-2019.jpeg","keywords":["Aut\u00f3nomos"],"articleSection":["Facturaci\u00f3n"],"inLanguage":"es","potentialAction":[{"@type":"CommentAction","name":"Comment","target":["https:\/\/www.billin.net\/blog\/objetivos-persiguen-autonomos-2019\/#respond"]}]},{"@type":"WebPage","@id":"https:\/\/www.billin.net\/blog\/objetivos-persiguen-autonomos-2019\/","url":"https:\/\/www.billin.net\/blog\/objetivos-persiguen-autonomos-2019\/","name":"Objetivos que persiguen los aut\u00f3nomos en 2019 - Blog de TeamSystem Facturas Billin","isPartOf":{"@id":"https:\/\/www.billin.net\/blog\/#website"},"primaryImageOfPage":{"@id":"https:\/\/www.billin.net\/blog\/objetivos-persiguen-autonomos-2019\/#primaryimage"},"image":{"@id":"https:\/\/www.billin.net\/blog\/objetivos-persiguen-autonomos-2019\/#primaryimage"},"thumbnailUrl":"https:\/\/www.billin.net\/blog\/wp-content\/uploads\/2019\/04\/novedades-autonomos-2019.jpeg","datePublished":"2019-04-16T22:00:00+00:00","dateModified":"2025-09-25T18:50:53+00:00","description":"Si eres parte de los 3,2 millones de aut\u00f3nomos de Espa\u00f1a, te contamos todas las novedades para el 2019, pero, \u00bfy, las que se han quedado en el tintero?","breadcrumb":{"@id":"https:\/\/www.billin.net\/blog\/objetivos-persiguen-autonomos-2019\/#breadcrumb"},"inLanguage":"es","potentialAction":[{"@type":"ReadAction","target":["https:\/\/www.billin.net\/blog\/objetivos-persiguen-autonomos-2019\/"]}]},{"@type":"ImageObject","inLanguage":"es","@id":"https:\/\/www.billin.net\/blog\/objetivos-persiguen-autonomos-2019\/#primaryimage","url":"https:\/\/www.billin.net\/blog\/wp-content\/uploads\/2019\/04\/novedades-autonomos-2019.jpeg","contentUrl":"https:\/\/www.billin.net\/blog\/wp-content\/uploads\/2019\/04\/novedades-autonomos-2019.jpeg","width":1200,"height":801,"caption":"Novedades de aut\u00f3nomos 2019"},{"@type":"BreadcrumbList","@id":"https:\/\/www.billin.net\/blog\/objetivos-persiguen-autonomos-2019\/#breadcrumb","itemListElement":[{"@type":"ListItem","position":1,"name":"Blog","item":"https:\/\/www.billin.net\/blog\/"},{"@type":"ListItem","position":2,"name":"Facturaci\u00f3n","item":"https:\/\/www.billin.net\/blog\/facturacion\/"},{"@type":"ListItem","position":3,"name":"Objetivos que persiguen los aut\u00f3nomos en 2019"}]},{"@type":"WebSite","@id":"https:\/\/www.billin.net\/blog\/#website","url":"https:\/\/www.billin.net\/blog\/","name":"Blog de Billin","description":"Mantente informado con el blog de TeamSystem Facturas Billin:  facturaci\u00f3n, legislaci\u00f3n, contabilidad, management y toda la informaci\u00f3n \u00fatil para pymes y aut\u00f3nomos.","publisher":{"@id":"https:\/\/www.billin.net\/blog\/#organization"},"potentialAction":[{"@type":"SearchAction","target":{"@type":"EntryPoint","urlTemplate":"https:\/\/www.billin.net\/blog\/?s={search_term_string}"},"query-input":{"@type":"PropertyValueSpecification","valueRequired":true,"valueName":"search_term_string"}}],"inLanguage":"es"},{"@type":"Organization","@id":"https:\/\/www.billin.net\/blog\/#organization","name":"Billin","alternateName":"Blog de Billin","url":"https:\/\/www.billin.net\/blog\/","logo":{"@type":"ImageObject","inLanguage":"es","@id":"https:\/\/www.billin.net\/blog\/#\/schema\/logo\/image\/","url":"https:\/\/www.billin.net\/blog\/wp-content\/uploads\/2019\/06\/logotipo-billin-blog-1.png","contentUrl":"https:\/\/www.billin.net\/blog\/wp-content\/uploads\/2019\/06\/logotipo-billin-blog-1.png","width":126,"height":50,"caption":"Billin"},"image":{"@id":"https:\/\/www.billin.net\/blog\/#\/schema\/logo\/image\/"},"sameAs":["https:\/\/www.facebook.com\/EsBillin","https:\/\/x.com\/Billin_ES","https:\/\/www.instagram.com\/billin_es\/","https:\/\/www.linkedin.com\/company\/billin-spain","https:\/\/www.youtube.com\/c\/BillinEsintercambiodefacturas\/"],"legalName":"MY EXPENSES SL","contactPoint":{"@type":"ContactPoint","telephone":"+34918318883","contactType":"customer service","email":"info@billin.eu","availableLanguage":"es"},"foundingDate":"2015","numberOfEmployees":{"@type":"QuantitativeValue","minValue":10,"maxValue":50},"parentOrganization":{"@type":"Organization","name":"TeamSystem","url":"https:\/\/www.teamsystem.com\/"},"description":"Billin es el programa de facturaci\u00f3n online de TeamSystem para aut\u00f3nomos y pymes en Espa\u00f1a. Permite crear facturas, controlar gastos y cumplir con Verifactu.","address":{"@type":"PostalAddress","streetAddress":"Calle Arturo Soria, 336","addressLocality":"Madrid","addressRegion":"Madrid","postalCode":"28033","addressCountry":"ES"}},{"@type":"Person","@id":"https:\/\/www.billin.net\/blog\/#\/schema\/person\/d0339ee6e869234614541b1e80a793e7","name":"Marcos De La Cueva - CEO TeamSystem Facturas Billin","image":{"@type":"ImageObject","inLanguage":"es","@id":"https:\/\/www.billin.net\/blog\/#\/schema\/person\/image\/","url":"https:\/\/www.billin.net\/blog\/wp-content\/uploads\/2023\/10\/marcos-color-150x150.png","contentUrl":"https:\/\/www.billin.net\/blog\/wp-content\/uploads\/2023\/10\/marcos-color-150x150.png","caption":"Marcos De La Cueva - CEO TeamSystem Facturas Billin"},"description":"Licenciado en ADE por la Universidad Aut\u00f3noma de Madrid, Marcos De la Cueva es CEO y cofundador de TeamSystem Facturas Billin, un programa online que lleva m\u00e1s de 9 a\u00f1os ayudando a aut\u00f3nomos, peque\u00f1os negocios y gestor\u00edas a digitalizar sus presupuestos, facturas, tickets y gastos. \u00a0 Sobre Marcos De La Cueva \u00a0 Apasionado por el mundo empresarial y la tecnolog\u00eda, curs\u00f3 su M\u00e1ster de Finanzas en la Universidad Pontificia de Comillas y estuvo en el Programa de Cooperaci\u00f3n Educativa de la Universidad Aut\u00f3noma de Madrid. \u00a0 Marcos siempre ha tenido su objetivo claro: ayudar a la creaci\u00f3n de negocios financieramente sostenibles a trav\u00e9s de una herramienta de facturaci\u00f3n que les permita ahorrar tiempo y tener la contabilidad bajo control. \u00a0 Marcos De La Cueva en los medios \u2014 Noticia sobre Kit Digital y Ley Antifraude (VeriFactu) en El Economista. \u2014 Noticia sobre Kit Digital y factura electr\u00f3nica obligatoria en Diario Jur\u00eddico. \u2014 Noticia sobre el a\u00f1o de transici\u00f3n para la factura electr\u00f3nica en Muy Pymes. \u2014 Entrevista sobre factura electr\u00f3nica obligatoria en Canal Sur. \u2014 Noticia sobre el informe factura electr\u00f3nica de TeamSystem en Channel Partner. \u2014 Charla sobre productividad y Ley Crea y Crece en El Economista. \u2014 Charla sobre factura electr\u00f3nica obligatoria en Muy Pymes. \u2014 Charla sobre digitalizaci\u00f3n aut\u00f3nomos y productividad en esdiario. \u2014 Charla sobre productividad y factura electr\u00f3nica en La Raz\u00f3n. \u2014 Charla sobre factura electr\u00f3nica obligatoria en Aut\u00f3nomos y Emprendedores. \u2014 Entrevista sobre Ley Antifraude y Ley Crea y Crece en Expansi\u00f3n. \u2014 Entrevista sobre Ley Antifraude y Ley Crea y Crece en La Raz\u00f3n. \u2014 Entrevista sobre factura electr\u00f3nica obligatoria en El Economista. \u2014 Comunicado Billin y TeamSystem en Business Insider. \u2014 Entrevista en Econom\u00eda Digital. \u2014 Entrevista en Ideas para tu empresa de Vodafone. \u2014 Entrevista en M\u00e1sQradio. \u2014 Entrevista en Armas para emprender de El M\u00e9todo Gallardo. \u2014 Entrevista en KFund. \u2014 Entrevista en AXA Seguros Espa\u00f1a. \u2014 Entrevista en GestionaRadio. \u00a0 Marcos De La Cueva en eventos \u00a0 \u2014 Participaci\u00f3n como ponente en Accountex Espa\u00f1a 2023. \u00a0 Tem\u00e1ticas de especializaci\u00f3n \u00a0 negocios | startups | contabilidad| fiscalidad | empresas| asesor\u00edas| autonomos | emprendedores | peque\u00f1os negocios | econom\u00eda | ADE | pymes | desarrollo de negocio\u00a0","sameAs":["https:\/\/www.billin.net\/","https:\/\/www.linkedin.com\/in\/marcos-de-la-cueva-19750ba3\/"],"url":"https:\/\/www.billin.net\/blog\/author\/marcosdelacueva\/","jobTitle":"CEO y cofundador de TS Facturas Billin"}]}},"_links":{"self":[{"href":"https:\/\/www.billin.net\/blog\/wp-json\/wp\/v2\/posts\/11670","targetHints":{"allow":["GET"]}}],"collection":[{"href":"https:\/\/www.billin.net\/blog\/wp-json\/wp\/v2\/posts"}],"about":[{"href":"https:\/\/www.billin.net\/blog\/wp-json\/wp\/v2\/types\/post"}],"author":[{"embeddable":true,"href":"https:\/\/www.billin.net\/blog\/wp-json\/wp\/v2\/users\/20"}],"replies":[{"embeddable":true,"href":"https:\/\/www.billin.net\/blog\/wp-json\/wp\/v2\/comments?post=11670"}],"version-history":[{"count":7,"href":"https:\/\/www.billin.net\/blog\/wp-json\/wp\/v2\/posts\/11670\/revisions"}],"predecessor-version":[{"id":27205,"href":"https:\/\/www.billin.net\/blog\/wp-json\/wp\/v2\/posts\/11670\/revisions\/27205"}],"wp:featuredmedia":[{"embeddable":true,"href":"https:\/\/www.billin.net\/blog\/wp-json\/wp\/v2\/media\/11671"}],"wp:attachment":[{"href":"https:\/\/www.billin.net\/blog\/wp-json\/wp\/v2\/media?parent=11670"}],"wp:term":[{"taxonomy":"category","embeddable":true,"href":"https:\/\/www.billin.net\/blog\/wp-json\/wp\/v2\/categories?post=11670"},{"taxonomy":"post_tag","embeddable":true,"href":"https:\/\/www.billin.net\/blog\/wp-json\/wp\/v2\/tags?post=11670"}],"curies":[{"name":"wp","href":"https:\/\/api.w.org\/{rel}","templated":true}]}}