{"id":11571,"date":"2019-03-26T00:00:00","date_gmt":"2019-03-25T22:00:00","guid":{"rendered":"https:\/\/www.billin.net\/blog\/?p=11571"},"modified":"2025-09-25T20:51:16","modified_gmt":"2025-09-25T18:51:16","slug":"modelo-233-quien-lo-presenta","status":"publish","type":"post","link":"https:\/\/www.billin.net\/blog\/modelo-233-quien-lo-presenta\/","title":{"rendered":"Modelo 233: \u00bfQui\u00e9n lo presenta?"},"content":{"rendered":"\r\n<p>\u00a1Nace una <strong>nueva deducci\u00f3n por maternidad<\/strong> de hasta 1.000 euros con el Modelo 233! Y se beneficiar\u00e1n quienes tengan gastos de guarder\u00eda por la custodia de un hijo menor de tres a\u00f1os. Si te interesa te lo contamos.<\/p>\r\n\r\n\r\n\r\n<p><!--more--><\/p>\r\n\r\n\r\n\r\n<h2 class=\"wp-block-heading\">\u00bfQu\u00e9 es el Modelo 233?<\/h2>\r\n\r\n\r\n\r\n<p>La presentaci\u00f3n de este impuesto se realizar\u00e1 a lo largo del mes de enero, y la <a href=\"https:\/\/www.billin.net\/blog\/ley-irpf\/\" target=\"_blank\" rel=\"noopener noreferrer\">Ley del IRPF<\/a>, prev\u00e9 que aquellas<strong> mujeres con menores de tres a\u00f1os a su cargo y custodia<\/strong>, y que realicen una actividad por cuenta propia o cuenta ajena, podr\u00e1n <strong>disminuir la cuota de la renta hasta en 1.200 euros anuales por cada uno de los hijos.<\/strong><\/p>\r\n\r\n\r\n\r\n<p>Si adem\u00e1s durante el mismo periodo hubiese tenido <strong>gastos de guarder\u00edas o en centros infantiles <\/strong>autorizados, la deducci\u00f3n a la que se refiere el p\u00e1rrafo anterior, se podr\u00eda aumentar en 1.000 euros m\u00e1s.<\/p>\r\n\r\n\r\n\r\n<p>Estos gastos de custodia se refieren a las cantidades que se pagar\u00e1n por la prescripci\u00f3n, asistencia y alimentaci\u00f3n, <strong>el gasto de transporte no estar\u00eda incluido.<\/strong><\/p>\r\n\r\n\r\n\r\n<p>El <strong>Modelo 233<\/strong>, se ha aprobado para que las guarder\u00edas y centros infantiles autorizados lo presenten, proporcionando toda la informaci\u00f3n necesaria sobre los menores de 3 a\u00f1os que asisten, adem\u00e1s de paralizarla cuando el menor ya sea mayor de 3 a\u00f1os.<\/p>\r\n\r\n\r\n\r\n<p>Este Modelo queda denominado como <em><strong>\u201cDeclaraci\u00f3n Informativa por gastos en guarder\u00edas o centros de educaci\u00f3n infantil autorizados\u201d<\/strong><\/em>, que fue aprobado en la Orden HAC\/1400\/2018, de 21 de diciembre, donde se determina el modelo en concreto, el lugar, la forma, el plazo y el procedimiento.<\/p>\r\n\r\n\r\n\r\n<h2 class=\"wp-block-heading\">\u00bfQui\u00e9n presenta el Modelo 233?<\/h2>\r\n\r\n\r\n\r\n<ul class=\"wp-block-list\">\r\n<li><strong>Los obligados <\/strong>a presentar el Modelo <strong>ser\u00e1n los centros educativos de infantil que est\u00e9n autorizados<\/strong> (seg\u00fan art\u00edculo 80.2 Ley de IRPF) y <strong>las guarder\u00edas.<\/strong><\/li>\r\n<li>La forma de <strong>presentarlos<\/strong> ser\u00e1 electr\u00f3nica, bien con el <a href=\"https:\/\/www.billin.net\/blog\/certificado-digital-empresas\/\" target=\"_blank\" rel=\"noopener noreferrer\">certificado digital<\/a> o con el sistema cl@ve.<\/li>\r\n<li>Su <strong>plazo<\/strong> de presentaci\u00f3n ser\u00e1 el mes de enero de cada a\u00f1o, en relaci\u00f3n con el ejercicio anterior, respecto los menores de tres a\u00f1os que est\u00e9n inscritos en dichos centros.<\/li>\r\n<\/ul>\r\n\r\n\r\n\r\n\r\n\r\n<p>Es conveniente que aquellos contribuyentes que puedan verse beneficiados de dicha deducci\u00f3n soliciten un <strong>justificante documental que acredite las cantidades entregadas <\/strong>en concepto de gastos de custodia al centro educativo.<\/p>\r\n\r\n\r\n\r\n<p>Por tanto, se aconseja a todos estos centros o guarder\u00edas, que tengan que cumplir esta normativa, que emitan un <strong>certificado detallado<\/strong> con las cuant\u00edas recibidas por los padres o tutores del menor de tres a\u00f1os, ya que, ser\u00e1 necesario para obtener esta deducci\u00f3n adicional.<\/p>\r\n\r\n\r\n\r\n<figure class=\"wp-block-image\"><img loading=\"lazy\" decoding=\"async\" class=\"alignnone wp-image-11575\" src=\"https:\/\/www.billin.net\/blog\/wp-content\/uploads\/2019\/03\/maternidad-233-modelo-min.jpg\" alt=\"como se rellena el modelo 233\" width=\"850\" height=\"606\" srcset=\"https:\/\/www.billin.net\/blog\/wp-content\/uploads\/2019\/03\/maternidad-233-modelo-min.jpg 850w, https:\/\/www.billin.net\/blog\/wp-content\/uploads\/2019\/03\/maternidad-233-modelo-min-300x214.jpg 300w, https:\/\/www.billin.net\/blog\/wp-content\/uploads\/2019\/03\/maternidad-233-modelo-min-768x548.jpg 768w, https:\/\/www.billin.net\/blog\/wp-content\/uploads\/2019\/03\/maternidad-233-modelo-min-600x428.jpg 600w, https:\/\/www.billin.net\/blog\/wp-content\/uploads\/2019\/03\/maternidad-233-modelo-min-200x143.jpg 200w, https:\/\/www.billin.net\/blog\/wp-content\/uploads\/2019\/03\/maternidad-233-modelo-min-810x577.jpg 810w\" sizes=\"(max-width: 850px) 100vw, 850px\" \/><\/figure>\r\n\r\n\r\n\r\n<h2 class=\"wp-block-heading\">C\u00f3mo rellenar el Modelo 233<\/h2>\r\n\r\n\r\n\r\n<p>Lo primero que debe quedar claro, es que la <strong>presentaci\u00f3n de este impuesto se har\u00e1 de forma electr\u00f3nica<\/strong>, por tanto, lo m\u00e1s aconsejable es tener instalado el certificado digital, o si eres persona f\u00edsica, podr\u00e1s usar el sistema cl@ve.<\/p>\r\n\r\n\r\n\r\n<p>Se indicar\u00e1 en la <strong><a href=\"https:\/\/www.agenciatributaria.gob.es\/AEAT.sede\/procedimientoini\/GI43.shtml\">p\u00e1gina<\/a><\/strong> que esta declaraci\u00f3n no tienen que presentarla los padres o tutores, sino los centros autorizados y guarder\u00edas.<\/p>\r\n\r\n\r\n\r\n<h3 class=\"wp-block-heading\">Cumplimentar la solicitud<\/h3>\r\n\r\n\r\n\r\n<p>En este apartado se nos pedir\u00e1n los<strong> datos fiscales del declarante<\/strong>: DNI, nombre y apellidos o raz\u00f3n social, ejercicio, autorizaci\u00f3n del centro y los datos de la persona con quien relacionarse.<\/p>\r\n\r\n\r\n\r\n<p>Si hubi\u00e9ramos presentado una declaraci\u00f3n anterior del mismo ejercicio, la autorizaci\u00f3n del centro y los de la persona con quien relacionarse no se podr\u00e1n modificar.<\/p>\r\n\r\n\r\n\r\n<p>A partir de este momento, habr\u00e1 que ir rellenando uno a uno los <strong>registros correspondientes a cada uno de los menores de tres a\u00f1os<\/strong>, donde nos solicitar\u00e1 la siguiente informaci\u00f3n:<\/p>\r\n\r\n\r\n\r\n<ul class=\"wp-block-list\">\r\n<li>Se le asignar\u00e1 un Identificador, el cual, ya no podr\u00e1 ser modificado.<\/li>\r\n<li>NIF, nombre y apellidos de la madre<\/li>\r\n<li>NIF, nombre y apellidos del otro progenitor<\/li>\r\n<li>NIF (si tuviese), nombre y apellidos del menor de tres a\u00f1os<\/li>\r\n<li>Fecha de nacimiento del menor de tres a\u00f1os<\/li>\r\n<li>Deber\u00e1s marcar los meses que el menor ha estado en la guarder\u00eda<\/li>\r\n<li>Si durante el ejercicio hubiese variaciones sobre la custodia del menor, habr\u00eda que presentar un registro por cada uno de los progenitores, indicando los meses que le han correspondido a cada uno de ellos.<\/li>\r\n<\/ul>\r\n\r\n\r\n\r\n<p>Una vez que hayamos registrado un menor completo, es decir, con todos los datos que nos solicitan, habr\u00e1 que pulsar el bot\u00f3n \u201ca\u00f1adir\u201d, para que los datos se vayan guardando y cargando en la parte denominada contenido.<\/p>\r\n\r\n\r\n\r\n<p>Si tienes un programa de contabilidad que elabore los modelos tributarios, podr\u00edas importar un fichero, y ser\u00eda mucho m\u00e1s sencillo.<\/p>\r\n\r\n\r\n\r\n<h3 class=\"wp-block-heading\">Presentaci\u00f3n y justificante<\/h3>\r\n\r\n\r\n\r\n<p>Por tanto, ya tan s\u00f3lo te quedar\u00e1 pulsar el bot\u00f3n <strong>\u201cpresentar y enviar solicitud\u201d<\/strong>, posteriormente, la Agencia Tributaria te generar\u00e1 de forma autom\u00e1tica un recibo de presentaci\u00f3n y la consulta \u00edntegra del impuesto.<\/p>\r\n\r\n\r\n\r\n<p>El anuncio p\u00fablico del <strong>Modelo 233<\/strong>, gener\u00f3 mucha confusi\u00f3n con respecto a qui\u00e9n le correspond\u00eda presentarlo, ya que, la mayor\u00eda de padres y madres, cre\u00edan que ten\u00edan que solicitar ellos esa deducci\u00f3n. Como ves son los centros responsables y es por ello que <strong>si tienes hijos que cumplan con los requisitos es mejor que te informes si el centro realiza esta pr\u00e1ctica.<\/strong><\/p>\r\n","protected":false},"excerpt":{"rendered":"<p>\u00a1Nace una nueva deducci\u00f3n por maternidad de hasta 1.000 euros con el Modelo 233! Y se beneficiar\u00e1n quienes tengan gastos de guarder\u00eda por la custodia de un hijo menor de tres a\u00f1os. Si te interesa te lo contamos.<\/p>\n","protected":false},"author":20,"featured_media":11574,"comment_status":"open","ping_status":"open","sticky":false,"template":"","format":"standard","meta":{"_acf_changed":false,"_et_pb_use_builder":"","_et_pb_old_content":"","_et_gb_content_width":"","om_disable_all_campaigns":false,"inline_featured_image":false,"footnotes":""},"categories":[1020],"tags":[],"class_list":{"0":"post-11571","1":"post","2":"type-post","3":"status-publish","4":"format-standard","5":"has-post-thumbnail","7":"category-contabilidad"},"acf":{"selector_de_usuario":null,"fecha_de_revision":"20200812"},"yoast_head":"<!-- This site is optimized with the Yoast SEO plugin v27.1 - https:\/\/yoast.com\/product\/yoast-seo-wordpress\/ -->\n<title>Modelo 233 \u25b7 El Cheque Guarder\u00eda por maternidad - TeamSystem Facturas Billin<\/title>\n<meta name=\"description\" content=\"En este art\u00edculo te presentamos el Modelo 233 para la deducci\u00f3n de los gatos de guarder\u00eda o centros infantiles por maternidad.\" \/>\n<meta name=\"robots\" content=\"index, follow, max-snippet:-1, max-image-preview:large, max-video-preview:-1\" \/>\n<link rel=\"canonical\" href=\"https:\/\/www.billin.net\/blog\/modelo-233-quien-lo-presenta\/\" \/>\n<meta property=\"og:locale\" content=\"es_ES\" \/>\n<meta property=\"og:type\" content=\"article\" \/>\n<meta property=\"og:title\" content=\"Modelo 233 \u25b7 El Cheque Guarder\u00eda por maternidad - TeamSystem Facturas Billin\" \/>\n<meta property=\"og:description\" content=\"En este art\u00edculo te presentamos el Modelo 233 para la deducci\u00f3n de los gatos de guarder\u00eda o centros infantiles por maternidad.\" \/>\n<meta property=\"og:url\" content=\"https:\/\/www.billin.net\/blog\/modelo-233-quien-lo-presenta\/\" \/>\n<meta property=\"og:site_name\" content=\"Blog de TeamSystem Facturas Billin\" \/>\n<meta property=\"article:publisher\" content=\"https:\/\/www.facebook.com\/EsBillin\" \/>\n<meta property=\"article:published_time\" content=\"2019-03-25T22:00:00+00:00\" \/>\n<meta property=\"article:modified_time\" content=\"2025-09-25T18:51:16+00:00\" \/>\n<meta property=\"og:image\" content=\"https:\/\/www.billin.net\/blog\/wp-content\/uploads\/2019\/03\/modelo-233-maternidad-min.jpg\" \/>\n\t<meta property=\"og:image:width\" content=\"850\" \/>\n\t<meta property=\"og:image:height\" content=\"583\" \/>\n\t<meta property=\"og:image:type\" content=\"image\/jpeg\" \/>\n<meta name=\"author\" content=\"Marcos De La Cueva - CEO TeamSystem Facturas Billin\" \/>\n<meta name=\"twitter:card\" content=\"summary_large_image\" \/>\n<meta name=\"twitter:creator\" content=\"@Billin_ES\" \/>\n<meta name=\"twitter:site\" content=\"@Billin_ES\" \/>\n<meta name=\"twitter:label1\" content=\"Escrito por\" \/>\n\t<meta name=\"twitter:data1\" content=\"Marcos De La Cueva - CEO TeamSystem Facturas Billin\" \/>\n\t<meta name=\"twitter:label2\" content=\"Tiempo de lectura\" \/>\n\t<meta name=\"twitter:data2\" content=\"4 minutos\" \/>\n<script type=\"application\/ld+json\" class=\"yoast-schema-graph\">{\"@context\":\"https:\/\/schema.org\",\"@graph\":[{\"@type\":\"Article\",\"@id\":\"https:\/\/www.billin.net\/blog\/modelo-233-quien-lo-presenta\/#article\",\"isPartOf\":{\"@id\":\"https:\/\/www.billin.net\/blog\/modelo-233-quien-lo-presenta\/\"},\"author\":{\"name\":\"Marcos De La Cueva - CEO TeamSystem Facturas Billin\",\"@id\":\"https:\/\/www.billin.net\/blog\/#\/schema\/person\/d0339ee6e869234614541b1e80a793e7\"},\"headline\":\"Modelo 233: \u00bfQui\u00e9n lo presenta?\",\"datePublished\":\"2019-03-25T22:00:00+00:00\",\"dateModified\":\"2025-09-25T18:51:16+00:00\",\"mainEntityOfPage\":{\"@id\":\"https:\/\/www.billin.net\/blog\/modelo-233-quien-lo-presenta\/\"},\"wordCount\":876,\"commentCount\":0,\"publisher\":{\"@id\":\"https:\/\/www.billin.net\/blog\/#organization\"},\"image\":{\"@id\":\"https:\/\/www.billin.net\/blog\/modelo-233-quien-lo-presenta\/#primaryimage\"},\"thumbnailUrl\":\"https:\/\/www.billin.net\/blog\/wp-content\/uploads\/2019\/03\/modelo-233-maternidad-min.jpg\",\"articleSection\":[\"Contabilidad\"],\"inLanguage\":\"es\",\"potentialAction\":[{\"@type\":\"CommentAction\",\"name\":\"Comment\",\"target\":[\"https:\/\/www.billin.net\/blog\/modelo-233-quien-lo-presenta\/#respond\"]}]},{\"@type\":\"WebPage\",\"@id\":\"https:\/\/www.billin.net\/blog\/modelo-233-quien-lo-presenta\/\",\"url\":\"https:\/\/www.billin.net\/blog\/modelo-233-quien-lo-presenta\/\",\"name\":\"Modelo 233 \u25b7 El Cheque Guarder\u00eda por maternidad - TeamSystem Facturas Billin\",\"isPartOf\":{\"@id\":\"https:\/\/www.billin.net\/blog\/#website\"},\"primaryImageOfPage\":{\"@id\":\"https:\/\/www.billin.net\/blog\/modelo-233-quien-lo-presenta\/#primaryimage\"},\"image\":{\"@id\":\"https:\/\/www.billin.net\/blog\/modelo-233-quien-lo-presenta\/#primaryimage\"},\"thumbnailUrl\":\"https:\/\/www.billin.net\/blog\/wp-content\/uploads\/2019\/03\/modelo-233-maternidad-min.jpg\",\"datePublished\":\"2019-03-25T22:00:00+00:00\",\"dateModified\":\"2025-09-25T18:51:16+00:00\",\"description\":\"En este art\u00edculo te presentamos el Modelo 233 para la deducci\u00f3n de los gatos de guarder\u00eda o centros infantiles por maternidad.\",\"breadcrumb\":{\"@id\":\"https:\/\/www.billin.net\/blog\/modelo-233-quien-lo-presenta\/#breadcrumb\"},\"inLanguage\":\"es\",\"potentialAction\":[{\"@type\":\"ReadAction\",\"target\":[\"https:\/\/www.billin.net\/blog\/modelo-233-quien-lo-presenta\/\"]}]},{\"@type\":\"ImageObject\",\"inLanguage\":\"es\",\"@id\":\"https:\/\/www.billin.net\/blog\/modelo-233-quien-lo-presenta\/#primaryimage\",\"url\":\"https:\/\/www.billin.net\/blog\/wp-content\/uploads\/2019\/03\/modelo-233-maternidad-min.jpg\",\"contentUrl\":\"https:\/\/www.billin.net\/blog\/wp-content\/uploads\/2019\/03\/modelo-233-maternidad-min.jpg\",\"width\":850,\"height\":583,\"caption\":\"modelo 233\"},{\"@type\":\"BreadcrumbList\",\"@id\":\"https:\/\/www.billin.net\/blog\/modelo-233-quien-lo-presenta\/#breadcrumb\",\"itemListElement\":[{\"@type\":\"ListItem\",\"position\":1,\"name\":\"Blog\",\"item\":\"https:\/\/www.billin.net\/blog\/\"},{\"@type\":\"ListItem\",\"position\":2,\"name\":\"Contabilidad\",\"item\":\"https:\/\/www.billin.net\/blog\/contabilidad\/\"},{\"@type\":\"ListItem\",\"position\":3,\"name\":\"Modelo 233: \u00bfQui\u00e9n lo presenta?\"}]},{\"@type\":\"WebSite\",\"@id\":\"https:\/\/www.billin.net\/blog\/#website\",\"url\":\"https:\/\/www.billin.net\/blog\/\",\"name\":\"Blog de Billin\",\"description\":\"Mantente informado con el blog de TeamSystem Facturas Billin:  facturaci\u00f3n, legislaci\u00f3n, contabilidad, management y toda la informaci\u00f3n \u00fatil para pymes y aut\u00f3nomos.\",\"publisher\":{\"@id\":\"https:\/\/www.billin.net\/blog\/#organization\"},\"potentialAction\":[{\"@type\":\"SearchAction\",\"target\":{\"@type\":\"EntryPoint\",\"urlTemplate\":\"https:\/\/www.billin.net\/blog\/?s={search_term_string}\"},\"query-input\":{\"@type\":\"PropertyValueSpecification\",\"valueRequired\":true,\"valueName\":\"search_term_string\"}}],\"inLanguage\":\"es\"},{\"@type\":\"Organization\",\"@id\":\"https:\/\/www.billin.net\/blog\/#organization\",\"name\":\"Billin\",\"alternateName\":\"Blog de Billin\",\"url\":\"https:\/\/www.billin.net\/blog\/\",\"logo\":{\"@type\":\"ImageObject\",\"inLanguage\":\"es\",\"@id\":\"https:\/\/www.billin.net\/blog\/#\/schema\/logo\/image\/\",\"url\":\"https:\/\/www.billin.net\/blog\/wp-content\/uploads\/2019\/06\/logotipo-billin-blog-1.png\",\"contentUrl\":\"https:\/\/www.billin.net\/blog\/wp-content\/uploads\/2019\/06\/logotipo-billin-blog-1.png\",\"width\":126,\"height\":50,\"caption\":\"Billin\"},\"image\":{\"@id\":\"https:\/\/www.billin.net\/blog\/#\/schema\/logo\/image\/\"},\"sameAs\":[\"https:\/\/www.facebook.com\/EsBillin\",\"https:\/\/x.com\/Billin_ES\",\"https:\/\/www.instagram.com\/billin_es\/\",\"https:\/\/www.linkedin.com\/company\/billin-spain\",\"https:\/\/www.youtube.com\/c\/BillinEsintercambiodefacturas\/\"],\"legalName\":\"MY EXPENSES SL\",\"contactPoint\":{\"@type\":\"ContactPoint\",\"telephone\":\"+34918318883\",\"contactType\":\"customer service\",\"email\":\"info@billin.eu\",\"availableLanguage\":\"es\"},\"foundingDate\":\"2015\",\"numberOfEmployees\":{\"@type\":\"QuantitativeValue\",\"minValue\":10,\"maxValue\":50},\"parentOrganization\":{\"@type\":\"Organization\",\"name\":\"TeamSystem\",\"url\":\"https:\/\/www.teamsystem.com\/\"},\"description\":\"Billin es el programa de facturaci\u00f3n online de TeamSystem para aut\u00f3nomos y pymes en Espa\u00f1a. Permite crear facturas, controlar gastos y cumplir con Verifactu.\",\"address\":{\"@type\":\"PostalAddress\",\"streetAddress\":\"Calle Arturo Soria, 336\",\"addressLocality\":\"Madrid\",\"addressRegion\":\"Madrid\",\"postalCode\":\"28033\",\"addressCountry\":\"ES\"}},{\"@type\":\"Person\",\"@id\":\"https:\/\/www.billin.net\/blog\/#\/schema\/person\/d0339ee6e869234614541b1e80a793e7\",\"name\":\"Marcos De La Cueva - CEO TeamSystem Facturas Billin\",\"image\":{\"@type\":\"ImageObject\",\"inLanguage\":\"es\",\"@id\":\"https:\/\/www.billin.net\/blog\/#\/schema\/person\/image\/\",\"url\":\"https:\/\/www.billin.net\/blog\/wp-content\/uploads\/2023\/10\/marcos-color-150x150.png\",\"contentUrl\":\"https:\/\/www.billin.net\/blog\/wp-content\/uploads\/2023\/10\/marcos-color-150x150.png\",\"caption\":\"Marcos De La Cueva - CEO TeamSystem Facturas Billin\"},\"description\":\"Licenciado en ADE por la Universidad Aut\u00f3noma de Madrid, Marcos De la Cueva es CEO y cofundador de TeamSystem Facturas Billin, un programa online que lleva m\u00e1s de 9 a\u00f1os ayudando a aut\u00f3nomos, peque\u00f1os negocios y gestor\u00edas a digitalizar sus presupuestos, facturas, tickets y gastos. \u00a0 Sobre Marcos De La Cueva \u00a0 Apasionado por el mundo empresarial y la tecnolog\u00eda, curs\u00f3 su M\u00e1ster de Finanzas en la Universidad Pontificia de Comillas y estuvo en el Programa de Cooperaci\u00f3n Educativa de la Universidad Aut\u00f3noma de Madrid. \u00a0 Marcos siempre ha tenido su objetivo claro: ayudar a la creaci\u00f3n de negocios financieramente sostenibles a trav\u00e9s de una herramienta de facturaci\u00f3n que les permita ahorrar tiempo y tener la contabilidad bajo control. \u00a0 Marcos De La Cueva en los medios \u2014 Noticia sobre Kit Digital y Ley Antifraude (VeriFactu) en El Economista. \u2014 Noticia sobre Kit Digital y factura electr\u00f3nica obligatoria en Diario Jur\u00eddico. \u2014 Noticia sobre el a\u00f1o de transici\u00f3n para la factura electr\u00f3nica en Muy Pymes. \u2014 Entrevista sobre factura electr\u00f3nica obligatoria en Canal Sur. \u2014 Noticia sobre el informe factura electr\u00f3nica de TeamSystem en Channel Partner. \u2014 Charla sobre productividad y Ley Crea y Crece en El Economista. \u2014 Charla sobre factura electr\u00f3nica obligatoria en Muy Pymes. \u2014 Charla sobre digitalizaci\u00f3n aut\u00f3nomos y productividad en esdiario. \u2014 Charla sobre productividad y factura electr\u00f3nica en La Raz\u00f3n. \u2014 Charla sobre factura electr\u00f3nica obligatoria en Aut\u00f3nomos y Emprendedores. \u2014 Entrevista sobre Ley Antifraude y Ley Crea y Crece en Expansi\u00f3n. \u2014 Entrevista sobre Ley Antifraude y Ley Crea y Crece en La Raz\u00f3n. \u2014 Entrevista sobre factura electr\u00f3nica obligatoria en El Economista. \u2014 Comunicado Billin y TeamSystem en Business Insider. \u2014 Entrevista en Econom\u00eda Digital. \u2014 Entrevista en Ideas para tu empresa de Vodafone. \u2014 Entrevista en M\u00e1sQradio. \u2014 Entrevista en Armas para emprender de El M\u00e9todo Gallardo. \u2014 Entrevista en KFund. \u2014 Entrevista en AXA Seguros Espa\u00f1a. \u2014 Entrevista en GestionaRadio. \u00a0 Marcos De La Cueva en eventos \u00a0 \u2014 Participaci\u00f3n como ponente en Accountex Espa\u00f1a 2023. \u00a0 Tem\u00e1ticas de especializaci\u00f3n \u00a0 negocios | startups | contabilidad| fiscalidad | empresas| asesor\u00edas| autonomos | emprendedores | peque\u00f1os negocios | econom\u00eda | ADE | pymes | desarrollo de negocio\u00a0\",\"sameAs\":[\"https:\/\/www.billin.net\/\",\"https:\/\/www.linkedin.com\/in\/marcos-de-la-cueva-19750ba3\/\"],\"url\":\"https:\/\/www.billin.net\/blog\/author\/marcosdelacueva\/\",\"jobTitle\":\"CEO y cofundador de TS Facturas Billin\"}]}<\/script>\n<!-- \/ Yoast SEO plugin. -->","yoast_head_json":{"title":"Modelo 233 \u25b7 El Cheque Guarder\u00eda por maternidad - TeamSystem Facturas Billin","description":"En este art\u00edculo te presentamos el Modelo 233 para la deducci\u00f3n de los gatos de guarder\u00eda o centros infantiles por maternidad.","robots":{"index":"index","follow":"follow","max-snippet":"max-snippet:-1","max-image-preview":"max-image-preview:large","max-video-preview":"max-video-preview:-1"},"canonical":"https:\/\/www.billin.net\/blog\/modelo-233-quien-lo-presenta\/","og_locale":"es_ES","og_type":"article","og_title":"Modelo 233 \u25b7 El Cheque Guarder\u00eda por maternidad - TeamSystem Facturas Billin","og_description":"En este art\u00edculo te presentamos el Modelo 233 para la deducci\u00f3n de los gatos de guarder\u00eda o centros infantiles por maternidad.","og_url":"https:\/\/www.billin.net\/blog\/modelo-233-quien-lo-presenta\/","og_site_name":"Blog de TeamSystem Facturas Billin","article_publisher":"https:\/\/www.facebook.com\/EsBillin","article_published_time":"2019-03-25T22:00:00+00:00","article_modified_time":"2025-09-25T18:51:16+00:00","og_image":[{"width":850,"height":583,"url":"https:\/\/www.billin.net\/blog\/wp-content\/uploads\/2019\/03\/modelo-233-maternidad-min.jpg","type":"image\/jpeg"}],"author":"Marcos De La Cueva - CEO TeamSystem Facturas Billin","twitter_card":"summary_large_image","twitter_creator":"@Billin_ES","twitter_site":"@Billin_ES","twitter_misc":{"Escrito por":"Marcos De La Cueva - CEO TeamSystem Facturas Billin","Tiempo de lectura":"4 minutos"},"schema":{"@context":"https:\/\/schema.org","@graph":[{"@type":"Article","@id":"https:\/\/www.billin.net\/blog\/modelo-233-quien-lo-presenta\/#article","isPartOf":{"@id":"https:\/\/www.billin.net\/blog\/modelo-233-quien-lo-presenta\/"},"author":{"name":"Marcos De La Cueva - CEO TeamSystem Facturas Billin","@id":"https:\/\/www.billin.net\/blog\/#\/schema\/person\/d0339ee6e869234614541b1e80a793e7"},"headline":"Modelo 233: \u00bfQui\u00e9n lo presenta?","datePublished":"2019-03-25T22:00:00+00:00","dateModified":"2025-09-25T18:51:16+00:00","mainEntityOfPage":{"@id":"https:\/\/www.billin.net\/blog\/modelo-233-quien-lo-presenta\/"},"wordCount":876,"commentCount":0,"publisher":{"@id":"https:\/\/www.billin.net\/blog\/#organization"},"image":{"@id":"https:\/\/www.billin.net\/blog\/modelo-233-quien-lo-presenta\/#primaryimage"},"thumbnailUrl":"https:\/\/www.billin.net\/blog\/wp-content\/uploads\/2019\/03\/modelo-233-maternidad-min.jpg","articleSection":["Contabilidad"],"inLanguage":"es","potentialAction":[{"@type":"CommentAction","name":"Comment","target":["https:\/\/www.billin.net\/blog\/modelo-233-quien-lo-presenta\/#respond"]}]},{"@type":"WebPage","@id":"https:\/\/www.billin.net\/blog\/modelo-233-quien-lo-presenta\/","url":"https:\/\/www.billin.net\/blog\/modelo-233-quien-lo-presenta\/","name":"Modelo 233 \u25b7 El Cheque Guarder\u00eda por maternidad - TeamSystem Facturas Billin","isPartOf":{"@id":"https:\/\/www.billin.net\/blog\/#website"},"primaryImageOfPage":{"@id":"https:\/\/www.billin.net\/blog\/modelo-233-quien-lo-presenta\/#primaryimage"},"image":{"@id":"https:\/\/www.billin.net\/blog\/modelo-233-quien-lo-presenta\/#primaryimage"},"thumbnailUrl":"https:\/\/www.billin.net\/blog\/wp-content\/uploads\/2019\/03\/modelo-233-maternidad-min.jpg","datePublished":"2019-03-25T22:00:00+00:00","dateModified":"2025-09-25T18:51:16+00:00","description":"En este art\u00edculo te presentamos el Modelo 233 para la deducci\u00f3n de los gatos de guarder\u00eda o centros infantiles por maternidad.","breadcrumb":{"@id":"https:\/\/www.billin.net\/blog\/modelo-233-quien-lo-presenta\/#breadcrumb"},"inLanguage":"es","potentialAction":[{"@type":"ReadAction","target":["https:\/\/www.billin.net\/blog\/modelo-233-quien-lo-presenta\/"]}]},{"@type":"ImageObject","inLanguage":"es","@id":"https:\/\/www.billin.net\/blog\/modelo-233-quien-lo-presenta\/#primaryimage","url":"https:\/\/www.billin.net\/blog\/wp-content\/uploads\/2019\/03\/modelo-233-maternidad-min.jpg","contentUrl":"https:\/\/www.billin.net\/blog\/wp-content\/uploads\/2019\/03\/modelo-233-maternidad-min.jpg","width":850,"height":583,"caption":"modelo 233"},{"@type":"BreadcrumbList","@id":"https:\/\/www.billin.net\/blog\/modelo-233-quien-lo-presenta\/#breadcrumb","itemListElement":[{"@type":"ListItem","position":1,"name":"Blog","item":"https:\/\/www.billin.net\/blog\/"},{"@type":"ListItem","position":2,"name":"Contabilidad","item":"https:\/\/www.billin.net\/blog\/contabilidad\/"},{"@type":"ListItem","position":3,"name":"Modelo 233: \u00bfQui\u00e9n lo presenta?"}]},{"@type":"WebSite","@id":"https:\/\/www.billin.net\/blog\/#website","url":"https:\/\/www.billin.net\/blog\/","name":"Blog de Billin","description":"Mantente informado con el blog de TeamSystem Facturas Billin:  facturaci\u00f3n, legislaci\u00f3n, contabilidad, management y toda la informaci\u00f3n \u00fatil para pymes y aut\u00f3nomos.","publisher":{"@id":"https:\/\/www.billin.net\/blog\/#organization"},"potentialAction":[{"@type":"SearchAction","target":{"@type":"EntryPoint","urlTemplate":"https:\/\/www.billin.net\/blog\/?s={search_term_string}"},"query-input":{"@type":"PropertyValueSpecification","valueRequired":true,"valueName":"search_term_string"}}],"inLanguage":"es"},{"@type":"Organization","@id":"https:\/\/www.billin.net\/blog\/#organization","name":"Billin","alternateName":"Blog de Billin","url":"https:\/\/www.billin.net\/blog\/","logo":{"@type":"ImageObject","inLanguage":"es","@id":"https:\/\/www.billin.net\/blog\/#\/schema\/logo\/image\/","url":"https:\/\/www.billin.net\/blog\/wp-content\/uploads\/2019\/06\/logotipo-billin-blog-1.png","contentUrl":"https:\/\/www.billin.net\/blog\/wp-content\/uploads\/2019\/06\/logotipo-billin-blog-1.png","width":126,"height":50,"caption":"Billin"},"image":{"@id":"https:\/\/www.billin.net\/blog\/#\/schema\/logo\/image\/"},"sameAs":["https:\/\/www.facebook.com\/EsBillin","https:\/\/x.com\/Billin_ES","https:\/\/www.instagram.com\/billin_es\/","https:\/\/www.linkedin.com\/company\/billin-spain","https:\/\/www.youtube.com\/c\/BillinEsintercambiodefacturas\/"],"legalName":"MY EXPENSES SL","contactPoint":{"@type":"ContactPoint","telephone":"+34918318883","contactType":"customer service","email":"info@billin.eu","availableLanguage":"es"},"foundingDate":"2015","numberOfEmployees":{"@type":"QuantitativeValue","minValue":10,"maxValue":50},"parentOrganization":{"@type":"Organization","name":"TeamSystem","url":"https:\/\/www.teamsystem.com\/"},"description":"Billin es el programa de facturaci\u00f3n online de TeamSystem para aut\u00f3nomos y pymes en Espa\u00f1a. Permite crear facturas, controlar gastos y cumplir con Verifactu.","address":{"@type":"PostalAddress","streetAddress":"Calle Arturo Soria, 336","addressLocality":"Madrid","addressRegion":"Madrid","postalCode":"28033","addressCountry":"ES"}},{"@type":"Person","@id":"https:\/\/www.billin.net\/blog\/#\/schema\/person\/d0339ee6e869234614541b1e80a793e7","name":"Marcos De La Cueva - CEO TeamSystem Facturas Billin","image":{"@type":"ImageObject","inLanguage":"es","@id":"https:\/\/www.billin.net\/blog\/#\/schema\/person\/image\/","url":"https:\/\/www.billin.net\/blog\/wp-content\/uploads\/2023\/10\/marcos-color-150x150.png","contentUrl":"https:\/\/www.billin.net\/blog\/wp-content\/uploads\/2023\/10\/marcos-color-150x150.png","caption":"Marcos De La Cueva - CEO TeamSystem Facturas Billin"},"description":"Licenciado en ADE por la Universidad Aut\u00f3noma de Madrid, Marcos De la Cueva es CEO y cofundador de TeamSystem Facturas Billin, un programa online que lleva m\u00e1s de 9 a\u00f1os ayudando a aut\u00f3nomos, peque\u00f1os negocios y gestor\u00edas a digitalizar sus presupuestos, facturas, tickets y gastos. \u00a0 Sobre Marcos De La Cueva \u00a0 Apasionado por el mundo empresarial y la tecnolog\u00eda, curs\u00f3 su M\u00e1ster de Finanzas en la Universidad Pontificia de Comillas y estuvo en el Programa de Cooperaci\u00f3n Educativa de la Universidad Aut\u00f3noma de Madrid. \u00a0 Marcos siempre ha tenido su objetivo claro: ayudar a la creaci\u00f3n de negocios financieramente sostenibles a trav\u00e9s de una herramienta de facturaci\u00f3n que les permita ahorrar tiempo y tener la contabilidad bajo control. \u00a0 Marcos De La Cueva en los medios \u2014 Noticia sobre Kit Digital y Ley Antifraude (VeriFactu) en El Economista. \u2014 Noticia sobre Kit Digital y factura electr\u00f3nica obligatoria en Diario Jur\u00eddico. \u2014 Noticia sobre el a\u00f1o de transici\u00f3n para la factura electr\u00f3nica en Muy Pymes. \u2014 Entrevista sobre factura electr\u00f3nica obligatoria en Canal Sur. \u2014 Noticia sobre el informe factura electr\u00f3nica de TeamSystem en Channel Partner. \u2014 Charla sobre productividad y Ley Crea y Crece en El Economista. \u2014 Charla sobre factura electr\u00f3nica obligatoria en Muy Pymes. \u2014 Charla sobre digitalizaci\u00f3n aut\u00f3nomos y productividad en esdiario. \u2014 Charla sobre productividad y factura electr\u00f3nica en La Raz\u00f3n. \u2014 Charla sobre factura electr\u00f3nica obligatoria en Aut\u00f3nomos y Emprendedores. \u2014 Entrevista sobre Ley Antifraude y Ley Crea y Crece en Expansi\u00f3n. \u2014 Entrevista sobre Ley Antifraude y Ley Crea y Crece en La Raz\u00f3n. \u2014 Entrevista sobre factura electr\u00f3nica obligatoria en El Economista. \u2014 Comunicado Billin y TeamSystem en Business Insider. \u2014 Entrevista en Econom\u00eda Digital. \u2014 Entrevista en Ideas para tu empresa de Vodafone. \u2014 Entrevista en M\u00e1sQradio. \u2014 Entrevista en Armas para emprender de El M\u00e9todo Gallardo. \u2014 Entrevista en KFund. \u2014 Entrevista en AXA Seguros Espa\u00f1a. \u2014 Entrevista en GestionaRadio. \u00a0 Marcos De La Cueva en eventos \u00a0 \u2014 Participaci\u00f3n como ponente en Accountex Espa\u00f1a 2023. \u00a0 Tem\u00e1ticas de especializaci\u00f3n \u00a0 negocios | startups | contabilidad| fiscalidad | empresas| asesor\u00edas| autonomos | emprendedores | peque\u00f1os negocios | econom\u00eda | ADE | pymes | desarrollo de negocio\u00a0","sameAs":["https:\/\/www.billin.net\/","https:\/\/www.linkedin.com\/in\/marcos-de-la-cueva-19750ba3\/"],"url":"https:\/\/www.billin.net\/blog\/author\/marcosdelacueva\/","jobTitle":"CEO y cofundador de TS Facturas Billin"}]}},"_links":{"self":[{"href":"https:\/\/www.billin.net\/blog\/wp-json\/wp\/v2\/posts\/11571","targetHints":{"allow":["GET"]}}],"collection":[{"href":"https:\/\/www.billin.net\/blog\/wp-json\/wp\/v2\/posts"}],"about":[{"href":"https:\/\/www.billin.net\/blog\/wp-json\/wp\/v2\/types\/post"}],"author":[{"embeddable":true,"href":"https:\/\/www.billin.net\/blog\/wp-json\/wp\/v2\/users\/20"}],"replies":[{"embeddable":true,"href":"https:\/\/www.billin.net\/blog\/wp-json\/wp\/v2\/comments?post=11571"}],"version-history":[{"count":8,"href":"https:\/\/www.billin.net\/blog\/wp-json\/wp\/v2\/posts\/11571\/revisions"}],"predecessor-version":[{"id":27215,"href":"https:\/\/www.billin.net\/blog\/wp-json\/wp\/v2\/posts\/11571\/revisions\/27215"}],"wp:featuredmedia":[{"embeddable":true,"href":"https:\/\/www.billin.net\/blog\/wp-json\/wp\/v2\/media\/11574"}],"wp:attachment":[{"href":"https:\/\/www.billin.net\/blog\/wp-json\/wp\/v2\/media?parent=11571"}],"wp:term":[{"taxonomy":"category","embeddable":true,"href":"https:\/\/www.billin.net\/blog\/wp-json\/wp\/v2\/categories?post=11571"},{"taxonomy":"post_tag","embeddable":true,"href":"https:\/\/www.billin.net\/blog\/wp-json\/wp\/v2\/tags?post=11571"}],"curies":[{"name":"wp","href":"https:\/\/api.w.org\/{rel}","templated":true}]}}