{"id":11552,"date":"2019-03-22T00:00:00","date_gmt":"2019-03-21T22:00:00","guid":{"rendered":"https:\/\/www.billin.net\/blog\/?p=11552"},"modified":"2025-09-25T20:51:25","modified_gmt":"2025-09-25T18:51:25","slug":"que-me-cuesta-dar-de-alta-una-empleada-de-hogar","status":"publish","type":"post","link":"https:\/\/www.billin.net\/blog\/que-me-cuesta-dar-de-alta-una-empleada-de-hogar\/","title":{"rendered":"\u00bfQu\u00e9 cuesta dar de alta una empleada de hogar?"},"content":{"rendered":"\r\n<p>\u00bfTe encuentras en una situaci\u00f3n donde<strong> necesitas ayuda en tu hogar<\/strong>?, bien sea, por el exceso de trabajo o por el cuidado de alg\u00fan familiar enfermo, pues bien, tendr\u00e1s que convertir tu familia en empresa y contratar a una empleada del hogar, te lo contamos.<\/p>\r\n\r\n\r\n\r\n<p><!--more--><\/p>\r\n\r\n\r\n\r\n<h2 class=\"wp-block-heading\">Funciones de un empleado de hogar<\/h2>\r\n\r\n\r\n\r\n<p>Comencemos por explicar, cu\u00e1les son las <strong>tareas habituales que suele desarrollar un empleado de hogar<\/strong>:<\/p>\r\n\r\n\r\n\r\n<ul class=\"wp-block-list\">\r\n<li>Tareas de limpieza de la vivienda en general.<\/li>\r\n<li>Desarrollar tareas de canguro o el cuidado de alg\u00fan familiar de avanzada edad.<\/li>\r\n<li>Realizar las compras de alimentaci\u00f3n y preparaci\u00f3n de comida.<\/li>\r\n<\/ul>\r\n\r\n\r\n\r\n<p>Este tipo de contrato naci\u00f3 por la necesidad que tiene la sociedad actual, ya que, cada vez cuesta m\u00e1s,<strong> poder conciliar la vida familiar con la laboral<\/strong>.<\/p>\r\n\r\n\r\n\r\n<p>Estos empleados cobrar\u00e1n una n\u00f3mina salarial, que variar\u00e1 en funci\u00f3n de las horas trabajadas que lleve a cabo dentro de su centro de trabajo.<\/p>\r\n<p>Aqu\u00ed tienes <strong><a href=\"https:\/\/www.billin.net\/blog\/como-hacer-una-nomina\/\" target=\"_blank\" rel=\"noopener noreferrer\">como hacer una nomina<\/a>.<\/strong><\/p>\r\n\r\n\r\n\r\n<p>Seg\u00fan donde estemos situados en el territorio espa\u00f1ol, <strong>podr\u00eda variar el precio de la hora<\/strong>, pero la media est\u00e1 en 10 euros la hora, aunque en las grandes ciudades este importe ser\u00e1 m\u00e1s elevado.<\/p>\r\n\r\n\r\n\r\n<p>En general, por media jornada se est\u00e1 cobrando entre 300 y 500 euros al mes, mientras que la jornada completa, oscila entre 600 y 900 euros al mes, pero si necesitaras que esta empleada trabajara por la noche o los fines de semana, habr\u00eda que aumentar el salario entre un 20 % o 30%.<\/p>\r\n<hr \/>\r\n<p style=\"color: #3366ff; background: #ececec;\">\u27a8 Si tienes cualquier duda sobre este tema o alguno relacionado <strong>utiliza los comentarios para dejar tu pregunta.<\/strong> Nuestros especialistas responder\u00e1n a todas las cuestiones.<\/p>\r\n<hr \/>\r\n<h2 class=\"wp-block-heading\"><strong>\u00bfComo dar de alta a un trabajador del hogar?\u00a0<\/strong><\/h2>\r\n\r\n\r\n\r\n<p>Para dar de alta a un empleado de hogar, habr\u00e1 que <strong>realizar unos tr\u00e1mites administrativos que ser\u00e1n sencillos<\/strong> ante el Organismo de la Tesorer\u00eda General de la Seguridad Social.<\/p>\r\n\r\n\r\n\r\n<p>Antes de comenzar la relaci\u00f3n laboral con tu emplead@, tendr\u00e1s que preparar la siguiente documentaci\u00f3n:<\/p>\r\n\r\n\r\n\r\n<ul class=\"wp-block-list\">\r\n<li>DNI de ambas partes, el empleado y el empleador.<\/li>\r\n<li>Los impresos de alta en la seguridad social<\/li>\r\n<li>El contrato de trabajo<\/li>\r\n<li>Si es la primera vez que lo presentas, deber\u00e1s adjuntar el Modelo TA6, para solicitar el c\u00f3digo de cotizaci\u00f3n como empresa.<\/li>\r\n<li>Si el empleado no tiene n\u00famero de afiliaci\u00f3n, deber\u00e1s adjunta el Modelo TA1.<\/li>\r\n<\/ul>\r\n\r\n\r\n\r\n<p>Adem\u00e1s de todos estos datos personales que deber\u00e1s rellenar en los formularios, tendr\u00e1s que facilitarle<strong> otros datos<\/strong> importantes como:<\/p>\r\n\r\n\r\n\r\n<ul class=\"wp-block-list\">\r\n<li>El <a href=\"https:\/\/www.billin.net\/glosario\/definicion-sueldo\/\" target=\"_blank\" rel=\"noopener noreferrer\">salario<\/a> que va a recibir<\/li>\r\n<li>El n\u00famero de horas que trabajar\u00e1 a la semana<\/li>\r\n<li>La cuenta bancaria donde se cargar\u00e1n los seguros sociales, en el caso que el empleado trabaje m\u00e1s de 60 horas mensuales, el titular de la cuenta debe ser el empleador, ya que, si fueran menos horas podr\u00eda ingresar la trabajadora sus propias cuotas.<\/li>\r\n<\/ul>\r\n\r\n\r\n\r\n<h2 class=\"wp-block-heading\">\u00bfCuanto cuesta contratar a una empleada de hogar?<\/h2>\r\n\r\n\r\n\r\n<p>Siempre que el trabajo convenido entre la empleada de hogar y la familia supere las cuatro horas a la semana, <strong>deber\u00e1 recogerse por escrito<\/strong>, aunque se recomienda hacerlo siempre, ya que, evitar\u00e1 futuros problemas.<\/p>\r\n\r\n\r\n\r\n<p>Es importante, que <strong>en ese contrato quede recogido<\/strong> su horario, el salario acordado, la duraci\u00f3n del contrato, si existe prestaci\u00f3n en especie y el r\u00e9gimen de pernocta en el hogar.<\/p>\r\n\r\n\r\n\r\n<p>Se podr\u00e1 pactar a tiempo completo o parcial, seg\u00fan el empleado desarrolle sus servicios en distintas familias.<\/p>\r\n\r\n\r\n\r\n<p>Si el empleado va a trabajar a jornada completa, <strong>se le tendr\u00e1 que pagar el <a href=\"https:\/\/www.billin.net\/blog\/salario-minimo-interprofesional-embargo\/\" target=\"_blank\" rel=\"noopener noreferrer\">salario m\u00ednimo interprofesional<\/a> que haya vigente en 14 pagas,<\/strong> ya que, tendr\u00e1n derecho a dos pagas extraordinarias, una se recibir\u00e1 en junio y la otra en diciembre, o tambi\u00e9n se podr\u00e1 prorratear.<\/p>\r\n\r\n\r\n\r\n<p>Se le podr\u00e1 <strong>descontar la manutenci\u00f3n de la empleada de hogar<\/strong>, siempre que se haya pactado, pero en ning\u00fan caso podr\u00e1 exceder del 30% del salario total.<\/p>\r\n\r\n\r\n\r\n<p>Durante el a\u00f1o 2018 se pagaba por una empleada de hogar el 22,85% sobre el salario base e ir\u00eda a cargo del empleador, y el 4,55% a cargo de la empleada, por ejemplo, si tuvieses una n\u00f3mina de 765 euros al mes, la base ser\u00eda 858 euros, por tanto, habr\u00eda que pagar a la seguridad social que corresponde a unos 196 euros aproximadamente, mientras que la empleada de hogar pagar\u00e1 39 euros, que le <strong>ser\u00e1n descontados de la n\u00f3mina<\/strong>.<\/p>\r\n\r\n\r\n\r\n<figure class=\"wp-block-image\"><img loading=\"lazy\" decoding=\"async\" class=\"alignnone wp-image-11554\" src=\"https:\/\/www.billin.net\/blog\/wp-content\/uploads\/2019\/03\/contratar-hogar-empleada-min.jpg\" alt=\"empleada de hogar\" width=\"850\" height=\"566\" srcset=\"https:\/\/www.billin.net\/blog\/wp-content\/uploads\/2019\/03\/contratar-hogar-empleada-min.jpg 850w, https:\/\/www.billin.net\/blog\/wp-content\/uploads\/2019\/03\/contratar-hogar-empleada-min-300x200.jpg 300w, https:\/\/www.billin.net\/blog\/wp-content\/uploads\/2019\/03\/contratar-hogar-empleada-min-768x511.jpg 768w, https:\/\/www.billin.net\/blog\/wp-content\/uploads\/2019\/03\/contratar-hogar-empleada-min-600x400.jpg 600w, https:\/\/www.billin.net\/blog\/wp-content\/uploads\/2019\/03\/contratar-hogar-empleada-min-200x133.jpg 200w, https:\/\/www.billin.net\/blog\/wp-content\/uploads\/2019\/03\/contratar-hogar-empleada-min-810x539.jpg 810w\" sizes=\"(max-width: 850px) 100vw, 850px\" \/><\/figure>\r\n\r\n\r\n\r\n<h2 class=\"wp-block-heading\">Descanso y vacaciones de las empleadas de hogar<\/h2>\r\n\r\n\r\n\r\n<p>Al igual que el resto de los contratos de trabajo, el contrato de una empleada de hogar tendr\u00e1 una serie de <strong>descansos y vacaciones pactadas<\/strong>:<\/p>\r\n\r\n\r\n\r\n<ul class=\"wp-block-list\">\r\n<li>Entre la finalizaci\u00f3n de una jornada y el comienzo de la siguiente, habr\u00e1 que mediar un descanso de 12 horas, podr\u00eda reducirse a 10 horas si la empleada trabajara en el r\u00e9gimen interno.<\/li>\r\n<li>El periodo de vacaciones ser\u00e1 de 30 d\u00edas naturales que podr\u00e1 dividir en varios periodos, aunque al menos uno de ellos, ser\u00e1 en 15 d\u00edas consecutivos. Si no hubiese acuerdo entre las partes, 15 d\u00edas lo pactar\u00eda el empleador y el resto lo elegir\u00e1 la empleada de hogar.<\/li>\r\n<\/ul>\r\n\r\n\r\n\r\n<h2>\u00bfLas empleadas de hogar pueden ser autonomas?<\/h2>\r\n<p>Por \u00faltimo, quiero recordarte que una aut\u00f3noma no puede ser empleada de hogar, ya que, <strong>los aut\u00f3nomos facturar\u00e1n sus servicios con IVA<\/strong>, y en el servicio dom\u00e9stico no se factura ese impuesto.<\/p>\r\n<p>Si ya tienes claro cuanto cuesta dar de alta a una empleada del hogar puedes considerar si contratarla para que te ayude. Y si tienes dudas puedes utilizar los comentarios y te responderemos a todas ellas.<\/p>\r\n","protected":false},"excerpt":{"rendered":"<p>\u00bfTe encuentras en una situaci\u00f3n donde necesitas ayuda en tu hogar?, bien sea, por el exceso de trabajo o por el cuidado de alg\u00fan familiar enfermo, pues bien, tendr\u00e1s que convertir tu familia en empresa y contratar a una empleada del hogar, te lo contamos.<\/p>\n","protected":false},"author":20,"featured_media":11553,"comment_status":"open","ping_status":"open","sticky":false,"template":"","format":"standard","meta":{"_acf_changed":false,"_et_pb_use_builder":"","_et_pb_old_content":"","_et_gb_content_width":"","om_disable_all_campaigns":false,"inline_featured_image":false,"footnotes":""},"categories":[1014],"tags":[],"class_list":{"0":"post-11552","1":"post","2":"type-post","3":"status-publish","4":"format-standard","5":"has-post-thumbnail","7":"category-fiscalidad"},"acf":{"selector_de_usuario":null,"fecha_de_revision":"20200828"},"yoast_head":"<!-- This site is optimized with the Yoast SEO plugin v27.1 - https:\/\/yoast.com\/product\/yoast-seo-wordpress\/ -->\n<title>\u00bfCuanto cuesta contratar a una empleada del hogar? - TeamSystem Facturas Billin<\/title>\n<meta name=\"description\" content=\"Si quieres conocer todo sobre la contrataci\u00f3n de empleados del hogar sigue leyendo y nosotros te to dejaremos claro en este art\u00edculo.\" \/>\n<meta name=\"robots\" content=\"index, follow, max-snippet:-1, max-image-preview:large, max-video-preview:-1\" \/>\n<link rel=\"canonical\" href=\"https:\/\/www.billin.net\/blog\/que-me-cuesta-dar-de-alta-una-empleada-de-hogar\/\" \/>\n<meta property=\"og:locale\" content=\"es_ES\" \/>\n<meta property=\"og:type\" content=\"article\" \/>\n<meta property=\"og:title\" content=\"\u00bfCuanto cuesta contratar a una empleada del hogar? - TeamSystem Facturas Billin\" \/>\n<meta property=\"og:description\" content=\"Si quieres conocer todo sobre la contrataci\u00f3n de empleados del hogar sigue leyendo y nosotros te to dejaremos claro en este art\u00edculo.\" \/>\n<meta property=\"og:url\" content=\"https:\/\/www.billin.net\/blog\/que-me-cuesta-dar-de-alta-una-empleada-de-hogar\/\" \/>\n<meta property=\"og:site_name\" content=\"Blog de TeamSystem Facturas Billin\" \/>\n<meta property=\"article:publisher\" content=\"https:\/\/www.facebook.com\/EsBillin\" \/>\n<meta property=\"article:published_time\" content=\"2019-03-21T22:00:00+00:00\" \/>\n<meta property=\"article:modified_time\" content=\"2025-09-25T18:51:25+00:00\" \/>\n<meta property=\"og:image\" content=\"https:\/\/www.billin.net\/blog\/wp-content\/uploads\/2019\/03\/contratar-empleada-hogar-min.jpg\" \/>\n\t<meta property=\"og:image:width\" content=\"850\" \/>\n\t<meta property=\"og:image:height\" content=\"567\" \/>\n\t<meta property=\"og:image:type\" content=\"image\/jpeg\" \/>\n<meta name=\"author\" content=\"Marcos De La Cueva - CEO TeamSystem Facturas Billin\" \/>\n<meta name=\"twitter:card\" content=\"summary_large_image\" \/>\n<meta name=\"twitter:creator\" content=\"@Billin_ES\" \/>\n<meta name=\"twitter:site\" content=\"@Billin_ES\" \/>\n<meta name=\"twitter:label1\" content=\"Escrito por\" \/>\n\t<meta name=\"twitter:data1\" content=\"Marcos De La Cueva - CEO TeamSystem Facturas Billin\" \/>\n\t<meta name=\"twitter:label2\" content=\"Tiempo de lectura\" \/>\n\t<meta name=\"twitter:data2\" content=\"5 minutos\" \/>\n<script type=\"application\/ld+json\" class=\"yoast-schema-graph\">{\"@context\":\"https:\/\/schema.org\",\"@graph\":[{\"@type\":\"Article\",\"@id\":\"https:\/\/www.billin.net\/blog\/que-me-cuesta-dar-de-alta-una-empleada-de-hogar\/#article\",\"isPartOf\":{\"@id\":\"https:\/\/www.billin.net\/blog\/que-me-cuesta-dar-de-alta-una-empleada-de-hogar\/\"},\"author\":{\"name\":\"Marcos De La Cueva - CEO TeamSystem Facturas Billin\",\"@id\":\"https:\/\/www.billin.net\/blog\/#\/schema\/person\/d0339ee6e869234614541b1e80a793e7\"},\"headline\":\"\u00bfQu\u00e9 cuesta dar de alta una empleada de hogar?\",\"datePublished\":\"2019-03-21T22:00:00+00:00\",\"dateModified\":\"2025-09-25T18:51:25+00:00\",\"mainEntityOfPage\":{\"@id\":\"https:\/\/www.billin.net\/blog\/que-me-cuesta-dar-de-alta-una-empleada-de-hogar\/\"},\"wordCount\":930,\"commentCount\":127,\"publisher\":{\"@id\":\"https:\/\/www.billin.net\/blog\/#organization\"},\"image\":{\"@id\":\"https:\/\/www.billin.net\/blog\/que-me-cuesta-dar-de-alta-una-empleada-de-hogar\/#primaryimage\"},\"thumbnailUrl\":\"https:\/\/www.billin.net\/blog\/wp-content\/uploads\/2019\/03\/contratar-empleada-hogar-min.jpg\",\"articleSection\":[\"Fiscalidad\"],\"inLanguage\":\"es\",\"potentialAction\":[{\"@type\":\"CommentAction\",\"name\":\"Comment\",\"target\":[\"https:\/\/www.billin.net\/blog\/que-me-cuesta-dar-de-alta-una-empleada-de-hogar\/#respond\"]}]},{\"@type\":\"WebPage\",\"@id\":\"https:\/\/www.billin.net\/blog\/que-me-cuesta-dar-de-alta-una-empleada-de-hogar\/\",\"url\":\"https:\/\/www.billin.net\/blog\/que-me-cuesta-dar-de-alta-una-empleada-de-hogar\/\",\"name\":\"\u00bfCuanto cuesta contratar a una empleada del hogar? - TeamSystem Facturas Billin\",\"isPartOf\":{\"@id\":\"https:\/\/www.billin.net\/blog\/#website\"},\"primaryImageOfPage\":{\"@id\":\"https:\/\/www.billin.net\/blog\/que-me-cuesta-dar-de-alta-una-empleada-de-hogar\/#primaryimage\"},\"image\":{\"@id\":\"https:\/\/www.billin.net\/blog\/que-me-cuesta-dar-de-alta-una-empleada-de-hogar\/#primaryimage\"},\"thumbnailUrl\":\"https:\/\/www.billin.net\/blog\/wp-content\/uploads\/2019\/03\/contratar-empleada-hogar-min.jpg\",\"datePublished\":\"2019-03-21T22:00:00+00:00\",\"dateModified\":\"2025-09-25T18:51:25+00:00\",\"description\":\"Si quieres conocer todo sobre la contrataci\u00f3n de empleados del hogar sigue leyendo y nosotros te to dejaremos claro en este art\u00edculo.\",\"breadcrumb\":{\"@id\":\"https:\/\/www.billin.net\/blog\/que-me-cuesta-dar-de-alta-una-empleada-de-hogar\/#breadcrumb\"},\"inLanguage\":\"es\",\"potentialAction\":[{\"@type\":\"ReadAction\",\"target\":[\"https:\/\/www.billin.net\/blog\/que-me-cuesta-dar-de-alta-una-empleada-de-hogar\/\"]}]},{\"@type\":\"ImageObject\",\"inLanguage\":\"es\",\"@id\":\"https:\/\/www.billin.net\/blog\/que-me-cuesta-dar-de-alta-una-empleada-de-hogar\/#primaryimage\",\"url\":\"https:\/\/www.billin.net\/blog\/wp-content\/uploads\/2019\/03\/contratar-empleada-hogar-min.jpg\",\"contentUrl\":\"https:\/\/www.billin.net\/blog\/wp-content\/uploads\/2019\/03\/contratar-empleada-hogar-min.jpg\",\"width\":850,\"height\":567,\"caption\":\"alta empleada del hogar\"},{\"@type\":\"BreadcrumbList\",\"@id\":\"https:\/\/www.billin.net\/blog\/que-me-cuesta-dar-de-alta-una-empleada-de-hogar\/#breadcrumb\",\"itemListElement\":[{\"@type\":\"ListItem\",\"position\":1,\"name\":\"Blog\",\"item\":\"https:\/\/www.billin.net\/blog\/\"},{\"@type\":\"ListItem\",\"position\":2,\"name\":\"Fiscalidad\",\"item\":\"https:\/\/www.billin.net\/blog\/fiscalidad\/\"},{\"@type\":\"ListItem\",\"position\":3,\"name\":\"\u00bfQu\u00e9 cuesta dar de alta una empleada de hogar?\"}]},{\"@type\":\"WebSite\",\"@id\":\"https:\/\/www.billin.net\/blog\/#website\",\"url\":\"https:\/\/www.billin.net\/blog\/\",\"name\":\"Blog de Billin\",\"description\":\"Mantente informado con el blog de TeamSystem Facturas Billin:  facturaci\u00f3n, legislaci\u00f3n, contabilidad, management y toda la informaci\u00f3n \u00fatil para pymes y aut\u00f3nomos.\",\"publisher\":{\"@id\":\"https:\/\/www.billin.net\/blog\/#organization\"},\"potentialAction\":[{\"@type\":\"SearchAction\",\"target\":{\"@type\":\"EntryPoint\",\"urlTemplate\":\"https:\/\/www.billin.net\/blog\/?s={search_term_string}\"},\"query-input\":{\"@type\":\"PropertyValueSpecification\",\"valueRequired\":true,\"valueName\":\"search_term_string\"}}],\"inLanguage\":\"es\"},{\"@type\":\"Organization\",\"@id\":\"https:\/\/www.billin.net\/blog\/#organization\",\"name\":\"Billin\",\"alternateName\":\"Blog de Billin\",\"url\":\"https:\/\/www.billin.net\/blog\/\",\"logo\":{\"@type\":\"ImageObject\",\"inLanguage\":\"es\",\"@id\":\"https:\/\/www.billin.net\/blog\/#\/schema\/logo\/image\/\",\"url\":\"https:\/\/www.billin.net\/blog\/wp-content\/uploads\/2019\/06\/logotipo-billin-blog-1.png\",\"contentUrl\":\"https:\/\/www.billin.net\/blog\/wp-content\/uploads\/2019\/06\/logotipo-billin-blog-1.png\",\"width\":126,\"height\":50,\"caption\":\"Billin\"},\"image\":{\"@id\":\"https:\/\/www.billin.net\/blog\/#\/schema\/logo\/image\/\"},\"sameAs\":[\"https:\/\/www.facebook.com\/EsBillin\",\"https:\/\/x.com\/Billin_ES\",\"https:\/\/www.instagram.com\/billin_es\/\",\"https:\/\/www.linkedin.com\/company\/billin-spain\",\"https:\/\/www.youtube.com\/c\/BillinEsintercambiodefacturas\/\"],\"legalName\":\"MY EXPENSES SL\",\"contactPoint\":{\"@type\":\"ContactPoint\",\"telephone\":\"+34918318883\",\"contactType\":\"customer service\",\"email\":\"info@billin.eu\",\"availableLanguage\":\"es\"},\"foundingDate\":\"2015\",\"numberOfEmployees\":{\"@type\":\"QuantitativeValue\",\"minValue\":10,\"maxValue\":50},\"parentOrganization\":{\"@type\":\"Organization\",\"name\":\"TeamSystem\",\"url\":\"https:\/\/www.teamsystem.com\/\"},\"description\":\"Billin es el programa de facturaci\u00f3n online de TeamSystem para aut\u00f3nomos y pymes en Espa\u00f1a. Permite crear facturas, controlar gastos y cumplir con Verifactu.\",\"address\":{\"@type\":\"PostalAddress\",\"streetAddress\":\"Calle Arturo Soria, 336\",\"addressLocality\":\"Madrid\",\"addressRegion\":\"Madrid\",\"postalCode\":\"28033\",\"addressCountry\":\"ES\"}},{\"@type\":\"Person\",\"@id\":\"https:\/\/www.billin.net\/blog\/#\/schema\/person\/d0339ee6e869234614541b1e80a793e7\",\"name\":\"Marcos De La Cueva - CEO TeamSystem Facturas Billin\",\"image\":{\"@type\":\"ImageObject\",\"inLanguage\":\"es\",\"@id\":\"https:\/\/www.billin.net\/blog\/#\/schema\/person\/image\/\",\"url\":\"https:\/\/www.billin.net\/blog\/wp-content\/uploads\/2023\/10\/marcos-color-150x150.png\",\"contentUrl\":\"https:\/\/www.billin.net\/blog\/wp-content\/uploads\/2023\/10\/marcos-color-150x150.png\",\"caption\":\"Marcos De La Cueva - CEO TeamSystem Facturas Billin\"},\"description\":\"Licenciado en ADE por la Universidad Aut\u00f3noma de Madrid, Marcos De la Cueva es CEO y cofundador de TeamSystem Facturas Billin, un programa online que lleva m\u00e1s de 9 a\u00f1os ayudando a aut\u00f3nomos, peque\u00f1os negocios y gestor\u00edas a digitalizar sus presupuestos, facturas, tickets y gastos. \u00a0 Sobre Marcos De La Cueva \u00a0 Apasionado por el mundo empresarial y la tecnolog\u00eda, curs\u00f3 su M\u00e1ster de Finanzas en la Universidad Pontificia de Comillas y estuvo en el Programa de Cooperaci\u00f3n Educativa de la Universidad Aut\u00f3noma de Madrid. \u00a0 Marcos siempre ha tenido su objetivo claro: ayudar a la creaci\u00f3n de negocios financieramente sostenibles a trav\u00e9s de una herramienta de facturaci\u00f3n que les permita ahorrar tiempo y tener la contabilidad bajo control. \u00a0 Marcos De La Cueva en los medios \u2014 Noticia sobre Kit Digital y Ley Antifraude (VeriFactu) en El Economista. \u2014 Noticia sobre Kit Digital y factura electr\u00f3nica obligatoria en Diario Jur\u00eddico. \u2014 Noticia sobre el a\u00f1o de transici\u00f3n para la factura electr\u00f3nica en Muy Pymes. \u2014 Entrevista sobre factura electr\u00f3nica obligatoria en Canal Sur. \u2014 Noticia sobre el informe factura electr\u00f3nica de TeamSystem en Channel Partner. \u2014 Charla sobre productividad y Ley Crea y Crece en El Economista. \u2014 Charla sobre factura electr\u00f3nica obligatoria en Muy Pymes. \u2014 Charla sobre digitalizaci\u00f3n aut\u00f3nomos y productividad en esdiario. \u2014 Charla sobre productividad y factura electr\u00f3nica en La Raz\u00f3n. \u2014 Charla sobre factura electr\u00f3nica obligatoria en Aut\u00f3nomos y Emprendedores. \u2014 Entrevista sobre Ley Antifraude y Ley Crea y Crece en Expansi\u00f3n. \u2014 Entrevista sobre Ley Antifraude y Ley Crea y Crece en La Raz\u00f3n. \u2014 Entrevista sobre factura electr\u00f3nica obligatoria en El Economista. \u2014 Comunicado Billin y TeamSystem en Business Insider. \u2014 Entrevista en Econom\u00eda Digital. \u2014 Entrevista en Ideas para tu empresa de Vodafone. \u2014 Entrevista en M\u00e1sQradio. \u2014 Entrevista en Armas para emprender de El M\u00e9todo Gallardo. \u2014 Entrevista en KFund. \u2014 Entrevista en AXA Seguros Espa\u00f1a. \u2014 Entrevista en GestionaRadio. \u00a0 Marcos De La Cueva en eventos \u00a0 \u2014 Participaci\u00f3n como ponente en Accountex Espa\u00f1a 2023. \u00a0 Tem\u00e1ticas de especializaci\u00f3n \u00a0 negocios | startups | contabilidad| fiscalidad | empresas| asesor\u00edas| autonomos | emprendedores | peque\u00f1os negocios | econom\u00eda | ADE | pymes | desarrollo de negocio\u00a0\",\"sameAs\":[\"https:\/\/www.billin.net\/\",\"https:\/\/www.linkedin.com\/in\/marcos-de-la-cueva-19750ba3\/\"],\"url\":\"https:\/\/www.billin.net\/blog\/author\/marcosdelacueva\/\",\"jobTitle\":\"CEO y cofundador de TS Facturas Billin\"}]}<\/script>\n<!-- \/ Yoast SEO plugin. -->","yoast_head_json":{"title":"\u00bfCuanto cuesta contratar a una empleada del hogar? - TeamSystem Facturas Billin","description":"Si quieres conocer todo sobre la contrataci\u00f3n de empleados del hogar sigue leyendo y nosotros te to dejaremos claro en este art\u00edculo.","robots":{"index":"index","follow":"follow","max-snippet":"max-snippet:-1","max-image-preview":"max-image-preview:large","max-video-preview":"max-video-preview:-1"},"canonical":"https:\/\/www.billin.net\/blog\/que-me-cuesta-dar-de-alta-una-empleada-de-hogar\/","og_locale":"es_ES","og_type":"article","og_title":"\u00bfCuanto cuesta contratar a una empleada del hogar? - TeamSystem Facturas Billin","og_description":"Si quieres conocer todo sobre la contrataci\u00f3n de empleados del hogar sigue leyendo y nosotros te to dejaremos claro en este art\u00edculo.","og_url":"https:\/\/www.billin.net\/blog\/que-me-cuesta-dar-de-alta-una-empleada-de-hogar\/","og_site_name":"Blog de TeamSystem Facturas Billin","article_publisher":"https:\/\/www.facebook.com\/EsBillin","article_published_time":"2019-03-21T22:00:00+00:00","article_modified_time":"2025-09-25T18:51:25+00:00","og_image":[{"width":850,"height":567,"url":"https:\/\/www.billin.net\/blog\/wp-content\/uploads\/2019\/03\/contratar-empleada-hogar-min.jpg","type":"image\/jpeg"}],"author":"Marcos De La Cueva - CEO TeamSystem Facturas Billin","twitter_card":"summary_large_image","twitter_creator":"@Billin_ES","twitter_site":"@Billin_ES","twitter_misc":{"Escrito por":"Marcos De La Cueva - CEO TeamSystem Facturas Billin","Tiempo de lectura":"5 minutos"},"schema":{"@context":"https:\/\/schema.org","@graph":[{"@type":"Article","@id":"https:\/\/www.billin.net\/blog\/que-me-cuesta-dar-de-alta-una-empleada-de-hogar\/#article","isPartOf":{"@id":"https:\/\/www.billin.net\/blog\/que-me-cuesta-dar-de-alta-una-empleada-de-hogar\/"},"author":{"name":"Marcos De La Cueva - CEO TeamSystem Facturas Billin","@id":"https:\/\/www.billin.net\/blog\/#\/schema\/person\/d0339ee6e869234614541b1e80a793e7"},"headline":"\u00bfQu\u00e9 cuesta dar de alta una empleada de hogar?","datePublished":"2019-03-21T22:00:00+00:00","dateModified":"2025-09-25T18:51:25+00:00","mainEntityOfPage":{"@id":"https:\/\/www.billin.net\/blog\/que-me-cuesta-dar-de-alta-una-empleada-de-hogar\/"},"wordCount":930,"commentCount":127,"publisher":{"@id":"https:\/\/www.billin.net\/blog\/#organization"},"image":{"@id":"https:\/\/www.billin.net\/blog\/que-me-cuesta-dar-de-alta-una-empleada-de-hogar\/#primaryimage"},"thumbnailUrl":"https:\/\/www.billin.net\/blog\/wp-content\/uploads\/2019\/03\/contratar-empleada-hogar-min.jpg","articleSection":["Fiscalidad"],"inLanguage":"es","potentialAction":[{"@type":"CommentAction","name":"Comment","target":["https:\/\/www.billin.net\/blog\/que-me-cuesta-dar-de-alta-una-empleada-de-hogar\/#respond"]}]},{"@type":"WebPage","@id":"https:\/\/www.billin.net\/blog\/que-me-cuesta-dar-de-alta-una-empleada-de-hogar\/","url":"https:\/\/www.billin.net\/blog\/que-me-cuesta-dar-de-alta-una-empleada-de-hogar\/","name":"\u00bfCuanto cuesta contratar a una empleada del hogar? - TeamSystem Facturas Billin","isPartOf":{"@id":"https:\/\/www.billin.net\/blog\/#website"},"primaryImageOfPage":{"@id":"https:\/\/www.billin.net\/blog\/que-me-cuesta-dar-de-alta-una-empleada-de-hogar\/#primaryimage"},"image":{"@id":"https:\/\/www.billin.net\/blog\/que-me-cuesta-dar-de-alta-una-empleada-de-hogar\/#primaryimage"},"thumbnailUrl":"https:\/\/www.billin.net\/blog\/wp-content\/uploads\/2019\/03\/contratar-empleada-hogar-min.jpg","datePublished":"2019-03-21T22:00:00+00:00","dateModified":"2025-09-25T18:51:25+00:00","description":"Si quieres conocer todo sobre la contrataci\u00f3n de empleados del hogar sigue leyendo y nosotros te to dejaremos claro en este art\u00edculo.","breadcrumb":{"@id":"https:\/\/www.billin.net\/blog\/que-me-cuesta-dar-de-alta-una-empleada-de-hogar\/#breadcrumb"},"inLanguage":"es","potentialAction":[{"@type":"ReadAction","target":["https:\/\/www.billin.net\/blog\/que-me-cuesta-dar-de-alta-una-empleada-de-hogar\/"]}]},{"@type":"ImageObject","inLanguage":"es","@id":"https:\/\/www.billin.net\/blog\/que-me-cuesta-dar-de-alta-una-empleada-de-hogar\/#primaryimage","url":"https:\/\/www.billin.net\/blog\/wp-content\/uploads\/2019\/03\/contratar-empleada-hogar-min.jpg","contentUrl":"https:\/\/www.billin.net\/blog\/wp-content\/uploads\/2019\/03\/contratar-empleada-hogar-min.jpg","width":850,"height":567,"caption":"alta empleada del hogar"},{"@type":"BreadcrumbList","@id":"https:\/\/www.billin.net\/blog\/que-me-cuesta-dar-de-alta-una-empleada-de-hogar\/#breadcrumb","itemListElement":[{"@type":"ListItem","position":1,"name":"Blog","item":"https:\/\/www.billin.net\/blog\/"},{"@type":"ListItem","position":2,"name":"Fiscalidad","item":"https:\/\/www.billin.net\/blog\/fiscalidad\/"},{"@type":"ListItem","position":3,"name":"\u00bfQu\u00e9 cuesta dar de alta una empleada de hogar?"}]},{"@type":"WebSite","@id":"https:\/\/www.billin.net\/blog\/#website","url":"https:\/\/www.billin.net\/blog\/","name":"Blog de Billin","description":"Mantente informado con el blog de TeamSystem Facturas Billin:  facturaci\u00f3n, legislaci\u00f3n, contabilidad, management y toda la informaci\u00f3n \u00fatil para pymes y aut\u00f3nomos.","publisher":{"@id":"https:\/\/www.billin.net\/blog\/#organization"},"potentialAction":[{"@type":"SearchAction","target":{"@type":"EntryPoint","urlTemplate":"https:\/\/www.billin.net\/blog\/?s={search_term_string}"},"query-input":{"@type":"PropertyValueSpecification","valueRequired":true,"valueName":"search_term_string"}}],"inLanguage":"es"},{"@type":"Organization","@id":"https:\/\/www.billin.net\/blog\/#organization","name":"Billin","alternateName":"Blog de Billin","url":"https:\/\/www.billin.net\/blog\/","logo":{"@type":"ImageObject","inLanguage":"es","@id":"https:\/\/www.billin.net\/blog\/#\/schema\/logo\/image\/","url":"https:\/\/www.billin.net\/blog\/wp-content\/uploads\/2019\/06\/logotipo-billin-blog-1.png","contentUrl":"https:\/\/www.billin.net\/blog\/wp-content\/uploads\/2019\/06\/logotipo-billin-blog-1.png","width":126,"height":50,"caption":"Billin"},"image":{"@id":"https:\/\/www.billin.net\/blog\/#\/schema\/logo\/image\/"},"sameAs":["https:\/\/www.facebook.com\/EsBillin","https:\/\/x.com\/Billin_ES","https:\/\/www.instagram.com\/billin_es\/","https:\/\/www.linkedin.com\/company\/billin-spain","https:\/\/www.youtube.com\/c\/BillinEsintercambiodefacturas\/"],"legalName":"MY EXPENSES SL","contactPoint":{"@type":"ContactPoint","telephone":"+34918318883","contactType":"customer service","email":"info@billin.eu","availableLanguage":"es"},"foundingDate":"2015","numberOfEmployees":{"@type":"QuantitativeValue","minValue":10,"maxValue":50},"parentOrganization":{"@type":"Organization","name":"TeamSystem","url":"https:\/\/www.teamsystem.com\/"},"description":"Billin es el programa de facturaci\u00f3n online de TeamSystem para aut\u00f3nomos y pymes en Espa\u00f1a. Permite crear facturas, controlar gastos y cumplir con Verifactu.","address":{"@type":"PostalAddress","streetAddress":"Calle Arturo Soria, 336","addressLocality":"Madrid","addressRegion":"Madrid","postalCode":"28033","addressCountry":"ES"}},{"@type":"Person","@id":"https:\/\/www.billin.net\/blog\/#\/schema\/person\/d0339ee6e869234614541b1e80a793e7","name":"Marcos De La Cueva - CEO TeamSystem Facturas Billin","image":{"@type":"ImageObject","inLanguage":"es","@id":"https:\/\/www.billin.net\/blog\/#\/schema\/person\/image\/","url":"https:\/\/www.billin.net\/blog\/wp-content\/uploads\/2023\/10\/marcos-color-150x150.png","contentUrl":"https:\/\/www.billin.net\/blog\/wp-content\/uploads\/2023\/10\/marcos-color-150x150.png","caption":"Marcos De La Cueva - CEO TeamSystem Facturas Billin"},"description":"Licenciado en ADE por la Universidad Aut\u00f3noma de Madrid, Marcos De la Cueva es CEO y cofundador de TeamSystem Facturas Billin, un programa online que lleva m\u00e1s de 9 a\u00f1os ayudando a aut\u00f3nomos, peque\u00f1os negocios y gestor\u00edas a digitalizar sus presupuestos, facturas, tickets y gastos. \u00a0 Sobre Marcos De La Cueva \u00a0 Apasionado por el mundo empresarial y la tecnolog\u00eda, curs\u00f3 su M\u00e1ster de Finanzas en la Universidad Pontificia de Comillas y estuvo en el Programa de Cooperaci\u00f3n Educativa de la Universidad Aut\u00f3noma de Madrid. \u00a0 Marcos siempre ha tenido su objetivo claro: ayudar a la creaci\u00f3n de negocios financieramente sostenibles a trav\u00e9s de una herramienta de facturaci\u00f3n que les permita ahorrar tiempo y tener la contabilidad bajo control. \u00a0 Marcos De La Cueva en los medios \u2014 Noticia sobre Kit Digital y Ley Antifraude (VeriFactu) en El Economista. \u2014 Noticia sobre Kit Digital y factura electr\u00f3nica obligatoria en Diario Jur\u00eddico. \u2014 Noticia sobre el a\u00f1o de transici\u00f3n para la factura electr\u00f3nica en Muy Pymes. \u2014 Entrevista sobre factura electr\u00f3nica obligatoria en Canal Sur. \u2014 Noticia sobre el informe factura electr\u00f3nica de TeamSystem en Channel Partner. \u2014 Charla sobre productividad y Ley Crea y Crece en El Economista. \u2014 Charla sobre factura electr\u00f3nica obligatoria en Muy Pymes. \u2014 Charla sobre digitalizaci\u00f3n aut\u00f3nomos y productividad en esdiario. \u2014 Charla sobre productividad y factura electr\u00f3nica en La Raz\u00f3n. \u2014 Charla sobre factura electr\u00f3nica obligatoria en Aut\u00f3nomos y Emprendedores. \u2014 Entrevista sobre Ley Antifraude y Ley Crea y Crece en Expansi\u00f3n. \u2014 Entrevista sobre Ley Antifraude y Ley Crea y Crece en La Raz\u00f3n. \u2014 Entrevista sobre factura electr\u00f3nica obligatoria en El Economista. \u2014 Comunicado Billin y TeamSystem en Business Insider. \u2014 Entrevista en Econom\u00eda Digital. \u2014 Entrevista en Ideas para tu empresa de Vodafone. \u2014 Entrevista en M\u00e1sQradio. \u2014 Entrevista en Armas para emprender de El M\u00e9todo Gallardo. \u2014 Entrevista en KFund. \u2014 Entrevista en AXA Seguros Espa\u00f1a. \u2014 Entrevista en GestionaRadio. \u00a0 Marcos De La Cueva en eventos \u00a0 \u2014 Participaci\u00f3n como ponente en Accountex Espa\u00f1a 2023. \u00a0 Tem\u00e1ticas de especializaci\u00f3n \u00a0 negocios | startups | contabilidad| fiscalidad | empresas| asesor\u00edas| autonomos | emprendedores | peque\u00f1os negocios | econom\u00eda | ADE | pymes | desarrollo de negocio\u00a0","sameAs":["https:\/\/www.billin.net\/","https:\/\/www.linkedin.com\/in\/marcos-de-la-cueva-19750ba3\/"],"url":"https:\/\/www.billin.net\/blog\/author\/marcosdelacueva\/","jobTitle":"CEO y cofundador de TS Facturas Billin"}]}},"_links":{"self":[{"href":"https:\/\/www.billin.net\/blog\/wp-json\/wp\/v2\/posts\/11552","targetHints":{"allow":["GET"]}}],"collection":[{"href":"https:\/\/www.billin.net\/blog\/wp-json\/wp\/v2\/posts"}],"about":[{"href":"https:\/\/www.billin.net\/blog\/wp-json\/wp\/v2\/types\/post"}],"author":[{"embeddable":true,"href":"https:\/\/www.billin.net\/blog\/wp-json\/wp\/v2\/users\/20"}],"replies":[{"embeddable":true,"href":"https:\/\/www.billin.net\/blog\/wp-json\/wp\/v2\/comments?post=11552"}],"version-history":[{"count":10,"href":"https:\/\/www.billin.net\/blog\/wp-json\/wp\/v2\/posts\/11552\/revisions"}],"predecessor-version":[{"id":27219,"href":"https:\/\/www.billin.net\/blog\/wp-json\/wp\/v2\/posts\/11552\/revisions\/27219"}],"wp:featuredmedia":[{"embeddable":true,"href":"https:\/\/www.billin.net\/blog\/wp-json\/wp\/v2\/media\/11553"}],"wp:attachment":[{"href":"https:\/\/www.billin.net\/blog\/wp-json\/wp\/v2\/media?parent=11552"}],"wp:term":[{"taxonomy":"category","embeddable":true,"href":"https:\/\/www.billin.net\/blog\/wp-json\/wp\/v2\/categories?post=11552"},{"taxonomy":"post_tag","embeddable":true,"href":"https:\/\/www.billin.net\/blog\/wp-json\/wp\/v2\/tags?post=11552"}],"curies":[{"name":"wp","href":"https:\/\/api.w.org\/{rel}","templated":true}]}}