{"id":11543,"date":"2019-03-20T15:52:17","date_gmt":"2019-03-20T13:52:17","guid":{"rendered":"https:\/\/www.billin.net\/blog\/?p=11543"},"modified":"2025-09-25T20:51:29","modified_gmt":"2025-09-25T18:51:29","slug":"tributacion-e-impuestos-de-los-autonomos","status":"publish","type":"post","link":"https:\/\/www.billin.net\/blog\/tributacion-e-impuestos-de-los-autonomos\/","title":{"rendered":"Las obligaciones tributarias de los aut\u00f3nomos"},"content":{"rendered":"\r\n<p>En este art\u00edculo, vamos a enumerar todos los <strong>impuestos, tributaciones y obligaciones fiscales que tendr\u00e1s si decides ser aut\u00f3nomo<\/strong>, ya que, no te bastar\u00e1 con tan solo elaborar tus facturas.<\/p>\r\n\r\n\r\n\r\n<p><!--more--><\/p>\r\n\r\n\r\n\r\n<h2 class=\"wp-block-heading\">Los primeros pasos para ser aut\u00f3nomo<\/h2>\r\n\r\n\r\n\r\n<p>Empezar una actividad como aut\u00f3nomo, no es una tarea sencilla, ya que, tendr\u00e1s que elaborar una <strong>multitud de gestiones administrativas<\/strong>, que te ser\u00e1n complicadas, ya que, no es habitual que realices este tipo de tr\u00e1mites.<\/p>\r\n\r\n\r\n\r\n<p>Por ello, te vamos a dar un sencillo esquema de los <strong>pasos que debes seguir si quieres darte de alta como aut\u00f3nomo<\/strong>.<\/p>\r\n\r\n\r\n\r\n<h3 class=\"wp-block-heading\">Alta en el censo de Hacienda<\/h3>\r\n\r\n\r\n\r\n<p>Este paso <strong>es obligatorio para cualquier persona f\u00edsica o jur\u00eddica<\/strong> que quiera iniciar una actividad econ\u00f3mica dentro del territorio espa\u00f1ol.<\/p>\r\n\r\n\r\n\r\n<p>Se usar\u00e1 el <strong><a href=\"https:\/\/www.billin.net\/blog\/capitulo-guia-solicitud-nif-modelo-036\/\">Modelo 036<\/a>\/037<\/strong> de la Agencia Tributaria, seg\u00fan sea el ordinario o el simplificado, adem\u00e1s de escoger el r\u00e9gimen de tributaci\u00f3n que te corresponde por la actividad que vayas a desarrollar.<\/p>\r\n\r\n\r\n\r\n<p>Habr\u00e1 que darse de alta antes de iniciar la actividad, actualmente el alta de Hacienda debe tramitarse de forma posterior al alta en la Seguridad Social o el mismo d\u00eda.<\/p>\r\n\r\n\r\n\r\n<p>Esta alta, no tiene ninguna tasa sujeta, pero debido a su dificultad por la elecci\u00f3n del r\u00e9gimen a tributar, te aconsejamos, que dicha alta sea tramitada por un <strong>asesor fiscal<\/strong>, ya que, las consecuencias de tributar en un r\u00e9gimen equivocado pueden traerte graves sanciones.<\/p>\r\n\r\n\r\n\r\n<h3 class=\"wp-block-heading\">Alta en Seguridad Social<\/h3>\r\n\r\n\r\n\r\n<p>Anteriormente hab\u00eda que presentar el<strong> Modelo TA-521 <\/strong>en la Tesorer\u00eda General de la Seguridad Social, pero actualmente, hay que hacerlo por la p\u00e1gina web de la Seguridad Social, donde necesitar\u00e1s un certificado digital.<\/p>\r\n\r\n\r\n\r\n<p>En dicha alta <strong>te solicitar\u00e1n datos <\/strong>como, el DNI, nombre y apellidos, domicilio de notificaciones y de actividad, el IAE, el CNAE, la base de cotizaci\u00f3n (desde la m\u00ednima hasta la m\u00e1xima), la pluriactividad, las contingencias, la mutua, la fecha de inicio, y, por \u00faltimo, el n\u00famero de cuenta donde se domiciliar\u00e1 tu cuota de aut\u00f3nomo, no olvides, que tienes que ser el titular de la cuenta.<\/p>\r\n\r\n\r\n\r\n<p>Esta alta, debe realizarse con anterioridad al alta en el censo de Hacienda, o el mismo d\u00eda, con ello, nos obligar\u00e1n a darnos de alta antes de iniciar la actividad.<\/p>\r\n\r\n\r\n\r\n<p>La cuota que te cobrar\u00e1n como aut\u00f3nomo, depender\u00e1 de si te corresponde, o no, la <strong>aplicaci\u00f3n de la tarifa plana<\/strong>, como ya sabr\u00e1s, ser\u00e1n 60 euros al mes durante el primer a\u00f1o, siempre y cuando, no hayas ejercido la actividad en los dos a\u00f1os inmediatamente anteriores.<\/p>\r\n\r\n\r\n\r\n<figure class=\"wp-block-image\"><img loading=\"lazy\" decoding=\"async\" class=\"alignnone wp-image-11545\" src=\"https:\/\/www.billin.net\/blog\/wp-content\/uploads\/2019\/03\/tributacion-impuestos-autonomos-min.jpg\" alt=\"tributacion autonomos\" width=\"850\" height=\"567\" srcset=\"https:\/\/www.billin.net\/blog\/wp-content\/uploads\/2019\/03\/tributacion-impuestos-autonomos-min.jpg 850w, https:\/\/www.billin.net\/blog\/wp-content\/uploads\/2019\/03\/tributacion-impuestos-autonomos-min-300x200.jpg 300w, https:\/\/www.billin.net\/blog\/wp-content\/uploads\/2019\/03\/tributacion-impuestos-autonomos-min-768x512.jpg 768w, https:\/\/www.billin.net\/blog\/wp-content\/uploads\/2019\/03\/tributacion-impuestos-autonomos-min-600x400.jpg 600w, https:\/\/www.billin.net\/blog\/wp-content\/uploads\/2019\/03\/tributacion-impuestos-autonomos-min-200x133.jpg 200w, https:\/\/www.billin.net\/blog\/wp-content\/uploads\/2019\/03\/tributacion-impuestos-autonomos-min-810x540.jpg 810w\" sizes=\"(max-width: 850px) 100vw, 850px\" \/><\/figure>\r\n\r\n\r\n\r\n<h2 class=\"wp-block-heading\">El IRPF e IVA. La tributaci\u00f3n para los aut\u00f3nomos<\/h2>\r\n<p>\u27a8 Aqu\u00ed tienes de forma detallada <strong><a href=\"https:\/\/www.billin.net\/blog\/impuestos-presenta-autonomo\/\" target=\"_blank\" rel=\"noopener noreferrer\">qu\u00e9 impuestos paga un aut\u00f3nomo<\/a><\/strong>.<\/p>\r\n\r\n\r\n\r\n<h3 class=\"wp-block-heading\">\u00bfQu\u00e9 es el IRPF?<\/h3>\r\n\r\n\r\n\r\n<p>Es el <strong>impuesto m\u00e1s importante a nivel recaudatorio<\/strong> que hay en Espa\u00f1a, aunque parte de \u00e9l, est\u00e1 delegado en las Comunidades Aut\u00f3nomas.<\/p>\r\n\r\n\r\n\r\n<p>Grava a todas las personas f\u00edsicas en la medida que satisfagan rentas del trabajo, honorarios, pensiones, cursos, etc., por tanto, no se aplicar\u00e1 en las personas jur\u00eddicas.<\/p>\r\n\r\n\r\n\r\n<p>El IRPF, se grava de forma trimestral, mediante el <strong><a href=\"https:\/\/www.billin.net\/blog\/modelo-130\/\" target=\"_blank\" rel=\"noreferrer noopener\" aria-label=\" (abre en una nueva pesta\u00f1a)\">Modelo 130<\/a><\/strong> que presentan algunos aut\u00f3nomos, sin embargo, los profesionales tendr\u00e1n que aplicarlo en su factura, es decir, si un abogado emite una factura a una empresa, deber\u00e1 aplicar el IVA vigente y practicar el IRPF que le corresponda, para ello, Hacienda emite una <a href=\"https:\/\/www.agenciatributaria.es\/AEAT.internet\/Inicio\/La_Agencia_Tributaria\/Campanas\/Retenciones\/Cuadro_informativo_tipos_de_retencion_aplicables__2019_.shtml\"><strong>tabla<\/strong><\/a><strong> sobre el porcentaje que habr\u00e1 que aplicar seg\u00fan el hecho imponible<\/strong><strong>.<\/strong><\/p>\r\n<p>\u27a8 Consulta aqu\u00ed tambi\u00e9n la tabla de los <strong><a href=\"https:\/\/www.billin.net\/blog\/nuevas-tablas-irpf\/\" target=\"_blank\" rel=\"noopener noreferrer\">tramos de IRPF<\/a>.<\/strong><\/p>\r\n\r\n\r\n\r\n<h3 class=\"wp-block-heading\">\u00bfQu\u00e9 es el IVA?<\/h3>\r\n\r\n\r\n\r\n<p>Es un<strong> impuesto que grava el consumo<\/strong>, es decir, las empresas y los aut\u00f3nomos trasladar\u00e1n el IVA al siguiente eslab\u00f3n, hasta que llegue al consumidor final, por tanto, el aut\u00f3nomo funcionar\u00e1 como un intermediario entre Hacienda y el consumidor final.<\/p>\r\n\r\n\r\n\r\n<p>Es uno de los impuestos m\u00e1s importantes para la <strong>financiaci\u00f3n del Estado<\/strong>, ya que, supone el 33% de los ingresos presupuestarios, actualmente en Espa\u00f1a el tipo general es el 21%, aunque existen otros como el reducido 10% o el superreducido del 4%.<\/p>\r\n\r\n\r\n\r\n<p>El IVA se pagar\u00e1 de forma trimestral o mensual, dependiendo de una serie de requisitos establece la Agencia Tributaria.<\/p>\r\n\r\n\r\n\r\n<p>La f\u00f3rmula para calcular el IVA que tenemos que pagar ser\u00eda:<\/p>\r\n\r\n\r\n\r\n<p><strong>IVA repercutido \u2013 IVA soportado = IVA a pagar o a compensar<\/strong><\/p>\r\n\r\n\r\n\r\n<ul class=\"wp-block-list\">\r\n<li>El IVA repercutido, ser\u00e1 el IVA que cobramos en las facturas a nuestros clientes, es decir, el precio de venta m\u00e1s el IVA que corresponde.<\/li>\r\n<li>El IVA soportado, ser\u00e1 el IVA que pagamos en las facturas de nuestras compras y gastos, siempre que sean afectos a la actividad.<\/li>\r\n<\/ul>\r\n\r\n\r\n\r\n<p>Por tanto, si el resultado de la f\u00f3rmula nos da un <strong>IVA repercutido &gt; IVA soportado<\/strong>, el resultado de la autoliquidaci\u00f3n ser\u00e1 a ingresar, mientras que si el <strong>IVA repercutido &lt; IVA soportado<\/strong>, el resultado ser\u00e1 a compensar, aunque debes saber, qu\u00e9 si est\u00e1s presentando el \u00faltimo trimestre del a\u00f1o, la Agencia Tributaria te permitir\u00e1 dos posibilidades, una compensarlo para los a\u00f1os pr\u00f3ximos (con un l\u00edmite de cuatro a\u00f1os, sino caducar\u00eda) o pedir la devoluci\u00f3n.<\/p>\r\n<p>\u27a8 Visita nuestra <a href=\"https:\/\/www.billin.net\/calculadora\/\" target=\"_blank\" rel=\"noopener noreferrer\"><strong>calculadora de IVA<\/strong><\/a> para realizar los c\u00e1lculos que necesites.<\/p>\r\n<p>Es muy importante tener clara cual es la tributaci\u00f3n de los aut\u00f3nomos para realizar correctamente la presentaci\u00f3n de los impuestos ante Hacienda ya que es una obligaci\u00f3n hacerlo. Si te interesan estos temas no dejes de visitar nuestro blog.\u00a0<\/p>\r\n","protected":false},"excerpt":{"rendered":"<p>En este art\u00edculo, vamos a enumerar todos los impuestos, tributaciones y obligaciones fiscales que tendr\u00e1s si decides ser aut\u00f3nomo, ya que, no te bastar\u00e1 con tan solo elaborar tus facturas.<\/p>\n","protected":false},"author":20,"featured_media":11544,"comment_status":"open","ping_status":"open","sticky":false,"template":"","format":"standard","meta":{"_acf_changed":false,"_et_pb_use_builder":"","_et_pb_old_content":"","_et_gb_content_width":"","om_disable_all_campaigns":false,"inline_featured_image":false,"footnotes":""},"categories":[1014],"tags":[1380],"class_list":{"0":"post-11543","1":"post","2":"type-post","3":"status-publish","4":"format-standard","5":"has-post-thumbnail","7":"category-fiscalidad","8":"tag-autonomos"},"acf":{"selector_de_usuario":null,"fecha_de_revision":"20200415"},"yoast_head":"<!-- This site is optimized with the Yoast SEO plugin v27.1 - https:\/\/yoast.com\/product\/yoast-seo-wordpress\/ -->\n<title>Tributaci\u00f3n de los Aut\u00f3nomos y primeros pasos - TeamSystem Facturas Billin<\/title>\n<meta name=\"description\" content=\"Te explicamos cual es la tributaci\u00f3n de los aut\u00f3nomos y los primeros pasos para emprezar tu andadura en la vida del emprendedor.\" \/>\n<meta name=\"robots\" content=\"index, follow, max-snippet:-1, max-image-preview:large, max-video-preview:-1\" \/>\n<link rel=\"canonical\" href=\"https:\/\/www.billin.net\/blog\/tributacion-e-impuestos-de-los-autonomos\/\" \/>\n<meta property=\"og:locale\" content=\"es_ES\" \/>\n<meta property=\"og:type\" content=\"article\" \/>\n<meta property=\"og:title\" content=\"Tributaci\u00f3n de los Aut\u00f3nomos y primeros pasos - TeamSystem Facturas Billin\" \/>\n<meta property=\"og:description\" content=\"Te explicamos cual es la tributaci\u00f3n de los aut\u00f3nomos y los primeros pasos para emprezar tu andadura en la vida del emprendedor.\" \/>\n<meta property=\"og:url\" content=\"https:\/\/www.billin.net\/blog\/tributacion-e-impuestos-de-los-autonomos\/\" \/>\n<meta property=\"og:site_name\" content=\"Blog de TeamSystem Facturas Billin\" \/>\n<meta property=\"article:publisher\" content=\"https:\/\/www.facebook.com\/EsBillin\" \/>\n<meta property=\"article:published_time\" content=\"2019-03-20T13:52:17+00:00\" \/>\n<meta property=\"article:modified_time\" content=\"2025-09-25T18:51:29+00:00\" \/>\n<meta property=\"og:image\" content=\"https:\/\/www.billin.net\/blog\/wp-content\/uploads\/2019\/03\/impuestos-autonomos-min.jpg\" \/>\n\t<meta property=\"og:image:width\" content=\"850\" \/>\n\t<meta property=\"og:image:height\" content=\"567\" \/>\n\t<meta property=\"og:image:type\" content=\"image\/jpeg\" \/>\n<meta name=\"author\" content=\"Marcos De La Cueva - CEO TeamSystem Facturas Billin\" \/>\n<meta name=\"twitter:card\" content=\"summary_large_image\" \/>\n<meta name=\"twitter:creator\" content=\"@Billin_ES\" \/>\n<meta name=\"twitter:site\" content=\"@Billin_ES\" \/>\n<meta name=\"twitter:label1\" content=\"Escrito por\" \/>\n\t<meta name=\"twitter:data1\" content=\"Marcos De La Cueva - CEO TeamSystem Facturas Billin\" \/>\n\t<meta name=\"twitter:label2\" content=\"Tiempo de lectura\" \/>\n\t<meta name=\"twitter:data2\" content=\"5 minutos\" \/>\n<script type=\"application\/ld+json\" class=\"yoast-schema-graph\">{\"@context\":\"https:\/\/schema.org\",\"@graph\":[{\"@type\":\"Article\",\"@id\":\"https:\/\/www.billin.net\/blog\/tributacion-e-impuestos-de-los-autonomos\/#article\",\"isPartOf\":{\"@id\":\"https:\/\/www.billin.net\/blog\/tributacion-e-impuestos-de-los-autonomos\/\"},\"author\":{\"name\":\"Marcos De La Cueva - CEO TeamSystem Facturas Billin\",\"@id\":\"https:\/\/www.billin.net\/blog\/#\/schema\/person\/d0339ee6e869234614541b1e80a793e7\"},\"headline\":\"Las obligaciones tributarias de los aut\u00f3nomos\",\"datePublished\":\"2019-03-20T13:52:17+00:00\",\"dateModified\":\"2025-09-25T18:51:29+00:00\",\"mainEntityOfPage\":{\"@id\":\"https:\/\/www.billin.net\/blog\/tributacion-e-impuestos-de-los-autonomos\/\"},\"wordCount\":929,\"commentCount\":0,\"publisher\":{\"@id\":\"https:\/\/www.billin.net\/blog\/#organization\"},\"image\":{\"@id\":\"https:\/\/www.billin.net\/blog\/tributacion-e-impuestos-de-los-autonomos\/#primaryimage\"},\"thumbnailUrl\":\"https:\/\/www.billin.net\/blog\/wp-content\/uploads\/2019\/03\/impuestos-autonomos-min.jpg\",\"keywords\":[\"Aut\u00f3nomos\"],\"articleSection\":[\"Fiscalidad\"],\"inLanguage\":\"es\",\"potentialAction\":[{\"@type\":\"CommentAction\",\"name\":\"Comment\",\"target\":[\"https:\/\/www.billin.net\/blog\/tributacion-e-impuestos-de-los-autonomos\/#respond\"]}]},{\"@type\":\"WebPage\",\"@id\":\"https:\/\/www.billin.net\/blog\/tributacion-e-impuestos-de-los-autonomos\/\",\"url\":\"https:\/\/www.billin.net\/blog\/tributacion-e-impuestos-de-los-autonomos\/\",\"name\":\"Tributaci\u00f3n de los Aut\u00f3nomos y primeros pasos - TeamSystem Facturas Billin\",\"isPartOf\":{\"@id\":\"https:\/\/www.billin.net\/blog\/#website\"},\"primaryImageOfPage\":{\"@id\":\"https:\/\/www.billin.net\/blog\/tributacion-e-impuestos-de-los-autonomos\/#primaryimage\"},\"image\":{\"@id\":\"https:\/\/www.billin.net\/blog\/tributacion-e-impuestos-de-los-autonomos\/#primaryimage\"},\"thumbnailUrl\":\"https:\/\/www.billin.net\/blog\/wp-content\/uploads\/2019\/03\/impuestos-autonomos-min.jpg\",\"datePublished\":\"2019-03-20T13:52:17+00:00\",\"dateModified\":\"2025-09-25T18:51:29+00:00\",\"description\":\"Te explicamos cual es la tributaci\u00f3n de los aut\u00f3nomos y los primeros pasos para emprezar tu andadura en la vida del emprendedor.\",\"breadcrumb\":{\"@id\":\"https:\/\/www.billin.net\/blog\/tributacion-e-impuestos-de-los-autonomos\/#breadcrumb\"},\"inLanguage\":\"es\",\"potentialAction\":[{\"@type\":\"ReadAction\",\"target\":[\"https:\/\/www.billin.net\/blog\/tributacion-e-impuestos-de-los-autonomos\/\"]}]},{\"@type\":\"ImageObject\",\"inLanguage\":\"es\",\"@id\":\"https:\/\/www.billin.net\/blog\/tributacion-e-impuestos-de-los-autonomos\/#primaryimage\",\"url\":\"https:\/\/www.billin.net\/blog\/wp-content\/uploads\/2019\/03\/impuestos-autonomos-min.jpg\",\"contentUrl\":\"https:\/\/www.billin.net\/blog\/wp-content\/uploads\/2019\/03\/impuestos-autonomos-min.jpg\",\"width\":850,\"height\":567,\"caption\":\"obligaciones tributarias autonomos\"},{\"@type\":\"BreadcrumbList\",\"@id\":\"https:\/\/www.billin.net\/blog\/tributacion-e-impuestos-de-los-autonomos\/#breadcrumb\",\"itemListElement\":[{\"@type\":\"ListItem\",\"position\":1,\"name\":\"Blog\",\"item\":\"https:\/\/www.billin.net\/blog\/\"},{\"@type\":\"ListItem\",\"position\":2,\"name\":\"Fiscalidad\",\"item\":\"https:\/\/www.billin.net\/blog\/fiscalidad\/\"},{\"@type\":\"ListItem\",\"position\":3,\"name\":\"Las obligaciones tributarias de los aut\u00f3nomos\"}]},{\"@type\":\"WebSite\",\"@id\":\"https:\/\/www.billin.net\/blog\/#website\",\"url\":\"https:\/\/www.billin.net\/blog\/\",\"name\":\"Blog de Billin\",\"description\":\"Mantente informado con el blog de TeamSystem Facturas Billin:  facturaci\u00f3n, legislaci\u00f3n, contabilidad, management y toda la informaci\u00f3n \u00fatil para pymes y aut\u00f3nomos.\",\"publisher\":{\"@id\":\"https:\/\/www.billin.net\/blog\/#organization\"},\"potentialAction\":[{\"@type\":\"SearchAction\",\"target\":{\"@type\":\"EntryPoint\",\"urlTemplate\":\"https:\/\/www.billin.net\/blog\/?s={search_term_string}\"},\"query-input\":{\"@type\":\"PropertyValueSpecification\",\"valueRequired\":true,\"valueName\":\"search_term_string\"}}],\"inLanguage\":\"es\"},{\"@type\":\"Organization\",\"@id\":\"https:\/\/www.billin.net\/blog\/#organization\",\"name\":\"Billin\",\"alternateName\":\"Blog de Billin\",\"url\":\"https:\/\/www.billin.net\/blog\/\",\"logo\":{\"@type\":\"ImageObject\",\"inLanguage\":\"es\",\"@id\":\"https:\/\/www.billin.net\/blog\/#\/schema\/logo\/image\/\",\"url\":\"https:\/\/www.billin.net\/blog\/wp-content\/uploads\/2019\/06\/logotipo-billin-blog-1.png\",\"contentUrl\":\"https:\/\/www.billin.net\/blog\/wp-content\/uploads\/2019\/06\/logotipo-billin-blog-1.png\",\"width\":126,\"height\":50,\"caption\":\"Billin\"},\"image\":{\"@id\":\"https:\/\/www.billin.net\/blog\/#\/schema\/logo\/image\/\"},\"sameAs\":[\"https:\/\/www.facebook.com\/EsBillin\",\"https:\/\/x.com\/Billin_ES\",\"https:\/\/www.instagram.com\/billin_es\/\",\"https:\/\/www.linkedin.com\/company\/billin-spain\",\"https:\/\/www.youtube.com\/c\/BillinEsintercambiodefacturas\/\"],\"legalName\":\"MY EXPENSES SL\",\"contactPoint\":{\"@type\":\"ContactPoint\",\"telephone\":\"+34918318883\",\"contactType\":\"customer service\",\"email\":\"info@billin.eu\",\"availableLanguage\":\"es\"},\"foundingDate\":\"2015\",\"numberOfEmployees\":{\"@type\":\"QuantitativeValue\",\"minValue\":10,\"maxValue\":50},\"parentOrganization\":{\"@type\":\"Organization\",\"name\":\"TeamSystem\",\"url\":\"https:\/\/www.teamsystem.com\/\"},\"description\":\"Billin es el programa de facturaci\u00f3n online de TeamSystem para aut\u00f3nomos y pymes en Espa\u00f1a. Permite crear facturas, controlar gastos y cumplir con Verifactu.\",\"address\":{\"@type\":\"PostalAddress\",\"streetAddress\":\"Calle Arturo Soria, 336\",\"addressLocality\":\"Madrid\",\"addressRegion\":\"Madrid\",\"postalCode\":\"28033\",\"addressCountry\":\"ES\"}},{\"@type\":\"Person\",\"@id\":\"https:\/\/www.billin.net\/blog\/#\/schema\/person\/d0339ee6e869234614541b1e80a793e7\",\"name\":\"Marcos De La Cueva - CEO TeamSystem Facturas Billin\",\"image\":{\"@type\":\"ImageObject\",\"inLanguage\":\"es\",\"@id\":\"https:\/\/www.billin.net\/blog\/#\/schema\/person\/image\/\",\"url\":\"https:\/\/www.billin.net\/blog\/wp-content\/uploads\/2023\/10\/marcos-color-150x150.png\",\"contentUrl\":\"https:\/\/www.billin.net\/blog\/wp-content\/uploads\/2023\/10\/marcos-color-150x150.png\",\"caption\":\"Marcos De La Cueva - CEO TeamSystem Facturas Billin\"},\"description\":\"Licenciado en ADE por la Universidad Aut\u00f3noma de Madrid, Marcos De la Cueva es CEO y cofundador de TeamSystem Facturas Billin, un programa online que lleva m\u00e1s de 9 a\u00f1os ayudando a aut\u00f3nomos, peque\u00f1os negocios y gestor\u00edas a digitalizar sus presupuestos, facturas, tickets y gastos. \u00a0 Sobre Marcos De La Cueva \u00a0 Apasionado por el mundo empresarial y la tecnolog\u00eda, curs\u00f3 su M\u00e1ster de Finanzas en la Universidad Pontificia de Comillas y estuvo en el Programa de Cooperaci\u00f3n Educativa de la Universidad Aut\u00f3noma de Madrid. \u00a0 Marcos siempre ha tenido su objetivo claro: ayudar a la creaci\u00f3n de negocios financieramente sostenibles a trav\u00e9s de una herramienta de facturaci\u00f3n que les permita ahorrar tiempo y tener la contabilidad bajo control. \u00a0 Marcos De La Cueva en los medios \u2014 Noticia sobre Kit Digital y Ley Antifraude (VeriFactu) en El Economista. \u2014 Noticia sobre Kit Digital y factura electr\u00f3nica obligatoria en Diario Jur\u00eddico. \u2014 Noticia sobre el a\u00f1o de transici\u00f3n para la factura electr\u00f3nica en Muy Pymes. \u2014 Entrevista sobre factura electr\u00f3nica obligatoria en Canal Sur. \u2014 Noticia sobre el informe factura electr\u00f3nica de TeamSystem en Channel Partner. \u2014 Charla sobre productividad y Ley Crea y Crece en El Economista. \u2014 Charla sobre factura electr\u00f3nica obligatoria en Muy Pymes. \u2014 Charla sobre digitalizaci\u00f3n aut\u00f3nomos y productividad en esdiario. \u2014 Charla sobre productividad y factura electr\u00f3nica en La Raz\u00f3n. \u2014 Charla sobre factura electr\u00f3nica obligatoria en Aut\u00f3nomos y Emprendedores. \u2014 Entrevista sobre Ley Antifraude y Ley Crea y Crece en Expansi\u00f3n. \u2014 Entrevista sobre Ley Antifraude y Ley Crea y Crece en La Raz\u00f3n. \u2014 Entrevista sobre factura electr\u00f3nica obligatoria en El Economista. \u2014 Comunicado Billin y TeamSystem en Business Insider. \u2014 Entrevista en Econom\u00eda Digital. \u2014 Entrevista en Ideas para tu empresa de Vodafone. \u2014 Entrevista en M\u00e1sQradio. \u2014 Entrevista en Armas para emprender de El M\u00e9todo Gallardo. \u2014 Entrevista en KFund. \u2014 Entrevista en AXA Seguros Espa\u00f1a. \u2014 Entrevista en GestionaRadio. \u00a0 Marcos De La Cueva en eventos \u00a0 \u2014 Participaci\u00f3n como ponente en Accountex Espa\u00f1a 2023. \u00a0 Tem\u00e1ticas de especializaci\u00f3n \u00a0 negocios | startups | contabilidad| fiscalidad | empresas| asesor\u00edas| autonomos | emprendedores | peque\u00f1os negocios | econom\u00eda | ADE | pymes | desarrollo de negocio\u00a0\",\"sameAs\":[\"https:\/\/www.billin.net\/\",\"https:\/\/www.linkedin.com\/in\/marcos-de-la-cueva-19750ba3\/\"],\"url\":\"https:\/\/www.billin.net\/blog\/author\/marcosdelacueva\/\",\"jobTitle\":\"CEO y cofundador de TS Facturas Billin\"}]}<\/script>\n<!-- \/ Yoast SEO plugin. -->","yoast_head_json":{"title":"Tributaci\u00f3n de los Aut\u00f3nomos y primeros pasos - TeamSystem Facturas Billin","description":"Te explicamos cual es la tributaci\u00f3n de los aut\u00f3nomos y los primeros pasos para emprezar tu andadura en la vida del emprendedor.","robots":{"index":"index","follow":"follow","max-snippet":"max-snippet:-1","max-image-preview":"max-image-preview:large","max-video-preview":"max-video-preview:-1"},"canonical":"https:\/\/www.billin.net\/blog\/tributacion-e-impuestos-de-los-autonomos\/","og_locale":"es_ES","og_type":"article","og_title":"Tributaci\u00f3n de los Aut\u00f3nomos y primeros pasos - TeamSystem Facturas Billin","og_description":"Te explicamos cual es la tributaci\u00f3n de los aut\u00f3nomos y los primeros pasos para emprezar tu andadura en la vida del emprendedor.","og_url":"https:\/\/www.billin.net\/blog\/tributacion-e-impuestos-de-los-autonomos\/","og_site_name":"Blog de TeamSystem Facturas Billin","article_publisher":"https:\/\/www.facebook.com\/EsBillin","article_published_time":"2019-03-20T13:52:17+00:00","article_modified_time":"2025-09-25T18:51:29+00:00","og_image":[{"width":850,"height":567,"url":"https:\/\/www.billin.net\/blog\/wp-content\/uploads\/2019\/03\/impuestos-autonomos-min.jpg","type":"image\/jpeg"}],"author":"Marcos De La Cueva - CEO TeamSystem Facturas Billin","twitter_card":"summary_large_image","twitter_creator":"@Billin_ES","twitter_site":"@Billin_ES","twitter_misc":{"Escrito por":"Marcos De La Cueva - CEO TeamSystem Facturas Billin","Tiempo de lectura":"5 minutos"},"schema":{"@context":"https:\/\/schema.org","@graph":[{"@type":"Article","@id":"https:\/\/www.billin.net\/blog\/tributacion-e-impuestos-de-los-autonomos\/#article","isPartOf":{"@id":"https:\/\/www.billin.net\/blog\/tributacion-e-impuestos-de-los-autonomos\/"},"author":{"name":"Marcos De La Cueva - CEO TeamSystem Facturas Billin","@id":"https:\/\/www.billin.net\/blog\/#\/schema\/person\/d0339ee6e869234614541b1e80a793e7"},"headline":"Las obligaciones tributarias de los aut\u00f3nomos","datePublished":"2019-03-20T13:52:17+00:00","dateModified":"2025-09-25T18:51:29+00:00","mainEntityOfPage":{"@id":"https:\/\/www.billin.net\/blog\/tributacion-e-impuestos-de-los-autonomos\/"},"wordCount":929,"commentCount":0,"publisher":{"@id":"https:\/\/www.billin.net\/blog\/#organization"},"image":{"@id":"https:\/\/www.billin.net\/blog\/tributacion-e-impuestos-de-los-autonomos\/#primaryimage"},"thumbnailUrl":"https:\/\/www.billin.net\/blog\/wp-content\/uploads\/2019\/03\/impuestos-autonomos-min.jpg","keywords":["Aut\u00f3nomos"],"articleSection":["Fiscalidad"],"inLanguage":"es","potentialAction":[{"@type":"CommentAction","name":"Comment","target":["https:\/\/www.billin.net\/blog\/tributacion-e-impuestos-de-los-autonomos\/#respond"]}]},{"@type":"WebPage","@id":"https:\/\/www.billin.net\/blog\/tributacion-e-impuestos-de-los-autonomos\/","url":"https:\/\/www.billin.net\/blog\/tributacion-e-impuestos-de-los-autonomos\/","name":"Tributaci\u00f3n de los Aut\u00f3nomos y primeros pasos - TeamSystem Facturas Billin","isPartOf":{"@id":"https:\/\/www.billin.net\/blog\/#website"},"primaryImageOfPage":{"@id":"https:\/\/www.billin.net\/blog\/tributacion-e-impuestos-de-los-autonomos\/#primaryimage"},"image":{"@id":"https:\/\/www.billin.net\/blog\/tributacion-e-impuestos-de-los-autonomos\/#primaryimage"},"thumbnailUrl":"https:\/\/www.billin.net\/blog\/wp-content\/uploads\/2019\/03\/impuestos-autonomos-min.jpg","datePublished":"2019-03-20T13:52:17+00:00","dateModified":"2025-09-25T18:51:29+00:00","description":"Te explicamos cual es la tributaci\u00f3n de los aut\u00f3nomos y los primeros pasos para emprezar tu andadura en la vida del emprendedor.","breadcrumb":{"@id":"https:\/\/www.billin.net\/blog\/tributacion-e-impuestos-de-los-autonomos\/#breadcrumb"},"inLanguage":"es","potentialAction":[{"@type":"ReadAction","target":["https:\/\/www.billin.net\/blog\/tributacion-e-impuestos-de-los-autonomos\/"]}]},{"@type":"ImageObject","inLanguage":"es","@id":"https:\/\/www.billin.net\/blog\/tributacion-e-impuestos-de-los-autonomos\/#primaryimage","url":"https:\/\/www.billin.net\/blog\/wp-content\/uploads\/2019\/03\/impuestos-autonomos-min.jpg","contentUrl":"https:\/\/www.billin.net\/blog\/wp-content\/uploads\/2019\/03\/impuestos-autonomos-min.jpg","width":850,"height":567,"caption":"obligaciones tributarias autonomos"},{"@type":"BreadcrumbList","@id":"https:\/\/www.billin.net\/blog\/tributacion-e-impuestos-de-los-autonomos\/#breadcrumb","itemListElement":[{"@type":"ListItem","position":1,"name":"Blog","item":"https:\/\/www.billin.net\/blog\/"},{"@type":"ListItem","position":2,"name":"Fiscalidad","item":"https:\/\/www.billin.net\/blog\/fiscalidad\/"},{"@type":"ListItem","position":3,"name":"Las obligaciones tributarias de los aut\u00f3nomos"}]},{"@type":"WebSite","@id":"https:\/\/www.billin.net\/blog\/#website","url":"https:\/\/www.billin.net\/blog\/","name":"Blog de Billin","description":"Mantente informado con el blog de TeamSystem Facturas Billin:  facturaci\u00f3n, legislaci\u00f3n, contabilidad, management y toda la informaci\u00f3n \u00fatil para pymes y aut\u00f3nomos.","publisher":{"@id":"https:\/\/www.billin.net\/blog\/#organization"},"potentialAction":[{"@type":"SearchAction","target":{"@type":"EntryPoint","urlTemplate":"https:\/\/www.billin.net\/blog\/?s={search_term_string}"},"query-input":{"@type":"PropertyValueSpecification","valueRequired":true,"valueName":"search_term_string"}}],"inLanguage":"es"},{"@type":"Organization","@id":"https:\/\/www.billin.net\/blog\/#organization","name":"Billin","alternateName":"Blog de Billin","url":"https:\/\/www.billin.net\/blog\/","logo":{"@type":"ImageObject","inLanguage":"es","@id":"https:\/\/www.billin.net\/blog\/#\/schema\/logo\/image\/","url":"https:\/\/www.billin.net\/blog\/wp-content\/uploads\/2019\/06\/logotipo-billin-blog-1.png","contentUrl":"https:\/\/www.billin.net\/blog\/wp-content\/uploads\/2019\/06\/logotipo-billin-blog-1.png","width":126,"height":50,"caption":"Billin"},"image":{"@id":"https:\/\/www.billin.net\/blog\/#\/schema\/logo\/image\/"},"sameAs":["https:\/\/www.facebook.com\/EsBillin","https:\/\/x.com\/Billin_ES","https:\/\/www.instagram.com\/billin_es\/","https:\/\/www.linkedin.com\/company\/billin-spain","https:\/\/www.youtube.com\/c\/BillinEsintercambiodefacturas\/"],"legalName":"MY EXPENSES SL","contactPoint":{"@type":"ContactPoint","telephone":"+34918318883","contactType":"customer service","email":"info@billin.eu","availableLanguage":"es"},"foundingDate":"2015","numberOfEmployees":{"@type":"QuantitativeValue","minValue":10,"maxValue":50},"parentOrganization":{"@type":"Organization","name":"TeamSystem","url":"https:\/\/www.teamsystem.com\/"},"description":"Billin es el programa de facturaci\u00f3n online de TeamSystem para aut\u00f3nomos y pymes en Espa\u00f1a. Permite crear facturas, controlar gastos y cumplir con Verifactu.","address":{"@type":"PostalAddress","streetAddress":"Calle Arturo Soria, 336","addressLocality":"Madrid","addressRegion":"Madrid","postalCode":"28033","addressCountry":"ES"}},{"@type":"Person","@id":"https:\/\/www.billin.net\/blog\/#\/schema\/person\/d0339ee6e869234614541b1e80a793e7","name":"Marcos De La Cueva - CEO TeamSystem Facturas Billin","image":{"@type":"ImageObject","inLanguage":"es","@id":"https:\/\/www.billin.net\/blog\/#\/schema\/person\/image\/","url":"https:\/\/www.billin.net\/blog\/wp-content\/uploads\/2023\/10\/marcos-color-150x150.png","contentUrl":"https:\/\/www.billin.net\/blog\/wp-content\/uploads\/2023\/10\/marcos-color-150x150.png","caption":"Marcos De La Cueva - CEO TeamSystem Facturas Billin"},"description":"Licenciado en ADE por la Universidad Aut\u00f3noma de Madrid, Marcos De la Cueva es CEO y cofundador de TeamSystem Facturas Billin, un programa online que lleva m\u00e1s de 9 a\u00f1os ayudando a aut\u00f3nomos, peque\u00f1os negocios y gestor\u00edas a digitalizar sus presupuestos, facturas, tickets y gastos. \u00a0 Sobre Marcos De La Cueva \u00a0 Apasionado por el mundo empresarial y la tecnolog\u00eda, curs\u00f3 su M\u00e1ster de Finanzas en la Universidad Pontificia de Comillas y estuvo en el Programa de Cooperaci\u00f3n Educativa de la Universidad Aut\u00f3noma de Madrid. \u00a0 Marcos siempre ha tenido su objetivo claro: ayudar a la creaci\u00f3n de negocios financieramente sostenibles a trav\u00e9s de una herramienta de facturaci\u00f3n que les permita ahorrar tiempo y tener la contabilidad bajo control. \u00a0 Marcos De La Cueva en los medios \u2014 Noticia sobre Kit Digital y Ley Antifraude (VeriFactu) en El Economista. \u2014 Noticia sobre Kit Digital y factura electr\u00f3nica obligatoria en Diario Jur\u00eddico. \u2014 Noticia sobre el a\u00f1o de transici\u00f3n para la factura electr\u00f3nica en Muy Pymes. \u2014 Entrevista sobre factura electr\u00f3nica obligatoria en Canal Sur. \u2014 Noticia sobre el informe factura electr\u00f3nica de TeamSystem en Channel Partner. \u2014 Charla sobre productividad y Ley Crea y Crece en El Economista. \u2014 Charla sobre factura electr\u00f3nica obligatoria en Muy Pymes. \u2014 Charla sobre digitalizaci\u00f3n aut\u00f3nomos y productividad en esdiario. \u2014 Charla sobre productividad y factura electr\u00f3nica en La Raz\u00f3n. \u2014 Charla sobre factura electr\u00f3nica obligatoria en Aut\u00f3nomos y Emprendedores. \u2014 Entrevista sobre Ley Antifraude y Ley Crea y Crece en Expansi\u00f3n. \u2014 Entrevista sobre Ley Antifraude y Ley Crea y Crece en La Raz\u00f3n. \u2014 Entrevista sobre factura electr\u00f3nica obligatoria en El Economista. \u2014 Comunicado Billin y TeamSystem en Business Insider. \u2014 Entrevista en Econom\u00eda Digital. \u2014 Entrevista en Ideas para tu empresa de Vodafone. \u2014 Entrevista en M\u00e1sQradio. \u2014 Entrevista en Armas para emprender de El M\u00e9todo Gallardo. \u2014 Entrevista en KFund. \u2014 Entrevista en AXA Seguros Espa\u00f1a. \u2014 Entrevista en GestionaRadio. \u00a0 Marcos De La Cueva en eventos \u00a0 \u2014 Participaci\u00f3n como ponente en Accountex Espa\u00f1a 2023. \u00a0 Tem\u00e1ticas de especializaci\u00f3n \u00a0 negocios | startups | contabilidad| fiscalidad | empresas| asesor\u00edas| autonomos | emprendedores | peque\u00f1os negocios | econom\u00eda | ADE | pymes | desarrollo de negocio\u00a0","sameAs":["https:\/\/www.billin.net\/","https:\/\/www.linkedin.com\/in\/marcos-de-la-cueva-19750ba3\/"],"url":"https:\/\/www.billin.net\/blog\/author\/marcosdelacueva\/","jobTitle":"CEO y cofundador de TS Facturas Billin"}]}},"_links":{"self":[{"href":"https:\/\/www.billin.net\/blog\/wp-json\/wp\/v2\/posts\/11543","targetHints":{"allow":["GET"]}}],"collection":[{"href":"https:\/\/www.billin.net\/blog\/wp-json\/wp\/v2\/posts"}],"about":[{"href":"https:\/\/www.billin.net\/blog\/wp-json\/wp\/v2\/types\/post"}],"author":[{"embeddable":true,"href":"https:\/\/www.billin.net\/blog\/wp-json\/wp\/v2\/users\/20"}],"replies":[{"embeddable":true,"href":"https:\/\/www.billin.net\/blog\/wp-json\/wp\/v2\/comments?post=11543"}],"version-history":[{"count":9,"href":"https:\/\/www.billin.net\/blog\/wp-json\/wp\/v2\/posts\/11543\/revisions"}],"predecessor-version":[{"id":27221,"href":"https:\/\/www.billin.net\/blog\/wp-json\/wp\/v2\/posts\/11543\/revisions\/27221"}],"wp:featuredmedia":[{"embeddable":true,"href":"https:\/\/www.billin.net\/blog\/wp-json\/wp\/v2\/media\/11544"}],"wp:attachment":[{"href":"https:\/\/www.billin.net\/blog\/wp-json\/wp\/v2\/media?parent=11543"}],"wp:term":[{"taxonomy":"category","embeddable":true,"href":"https:\/\/www.billin.net\/blog\/wp-json\/wp\/v2\/categories?post=11543"},{"taxonomy":"post_tag","embeddable":true,"href":"https:\/\/www.billin.net\/blog\/wp-json\/wp\/v2\/tags?post=11543"}],"curies":[{"name":"wp","href":"https:\/\/api.w.org\/{rel}","templated":true}]}}