{"id":11371,"date":"2019-02-18T15:12:42","date_gmt":"2019-02-18T13:12:42","guid":{"rendered":"https:\/\/www.billin.net\/blog\/?p=11371"},"modified":"2025-09-25T20:51:53","modified_gmt":"2025-09-25T18:51:53","slug":"que-nos-espera-a-los-autonomos-en-2019","status":"publish","type":"post","link":"https:\/\/www.billin.net\/blog\/que-nos-espera-a-los-autonomos-en-2019\/","title":{"rendered":"\u00bfQu\u00e9 espera a los aut\u00f3nomos en 2019?"},"content":{"rendered":"\n<p>Los m\u00e1s de tres millones de aut\u00f3nomos, que hay en la actualidad, son lo que han participado de forma m\u00e1s activa para la recuperaci\u00f3n econ\u00f3mica de nuestro pa\u00eds, sobre todo, con respecto el empleo, ya que, <strong>uno de cada cinco trabajadores aut\u00f3nomos, tienen como m\u00ednimo un empleado<\/strong>.<\/p>\n\n\n\n<!--more-->\n\n\n\n<h2 class=\"wp-block-heading\">El tejido empresarial formado por los aut\u00f3nomos<\/h2>\n\n\n\n<p>En la \u00faltima semana del a\u00f1o 2018, se firm\u00f3 un Acuerdo entre el Gobierno y las principales Asociaciones de Aut\u00f3nomos, aunque, quedaron muchas inc\u00f3gnitas por resolver, c\u00f3mo, por ejemplo, saber s\u00ed ser\u00e1 rentable la <strong>subida de la base m\u00ednima de aut\u00f3nomo en 1,25 %<\/strong>.<\/p>\n\n\n\n<p>En el peri\u00f3dico \u201cEl Pa\u00eds\u201d, se public\u00f3 que de los tres millones de aut\u00f3nomos que hay en la actualidad, han sido fundamentales para la recuperaci\u00f3n econ\u00f3mica de Espa\u00f1a, sobre todo, en concepto de generaci\u00f3n de empleo, ya que, uno de cada cinco trabajadores aut\u00f3nomos tiene como m\u00ednimo un trabajador contratado.<\/p>\n\n\n\n<p>La Ministra de Trabajo, asegura que tanto la <strong>creaci\u00f3n de riqueza, como de empleo estable<\/strong>, tiene que pasar por quienes emprende una iniciativa de empleo.<\/p>\n\n\n\n<p>Podemos decir, que el grupo de aut\u00f3nomos representa el 17% de todos los trabajadores que constan dados de alta en la Seguridad Social, por tanto, todos los emprendedores son fundamentales para que funcione nuestro sistema econ\u00f3mico.<\/p>\n\n\n\n<p>Sin embargo, las<strong> medidas que puedan fomentar el empleo<\/strong> no terminan de llegar, y las que llegan son insuficientes.<\/p>\n\n\n\n<h2 class=\"wp-block-heading\">\u00daltimos cambios aprobados para el aut\u00f3nomo<\/h2>\n\n\n\n<p>Hace un a\u00f1o m\u00e1s o menos, entr\u00f3 en vigor un <strong>paquete de medidas urgentes del Trabajador Aut\u00f3nomo<\/strong>, aunque los representantes de las Asociaciones del colectivo indican que muchas de ellas no han llegado a producirse, y las que se han producido son insuficientes, de ah\u00ed, que se siga reclamando la aprobaci\u00f3n de medidas que mejoren este colectivo.<\/p>\n\n\n\n<p>Una nueva reuni\u00f3n del Gobierno con las principales Asociaciones de este colectivo,<strong> han llegado a fijar los siguientes acuerdos<\/strong>:<\/p>\n\n\n\n<ul class=\"wp-block-list\"><li>Se aumentar\u00e1 la base de cotizaci\u00f3n en 1,25% desde el 1 de enero de 2019<\/li><li>Por tanto, la base m\u00ednima pasa a ser 944,35 euros al mes<\/li><li>Lo que quiere decir, que el aut\u00f3nomo pasar\u00e1 a pagar 5,36 euros m\u00e1s de cuota<\/li><\/ul>\n\n\n\n<p>Un <strong>aumento en la base de cotizaci\u00f3n<\/strong> no ser\u00e1 malo, pero deber\u00e1 ir acompa\u00f1ado de una subida en las prestaciones y de las condiciones de los trabajadores.<\/p>\n\n\n\n<p>Una de las grandes medidas es que el aut\u00f3nomo a partir del a\u00f1o 2019 los aut\u00f3nomos tendr\u00e1n <strong>derecho a cobrar prestaci\u00f3n por accidente o enfermedad <\/strong>profesional desde el primer d\u00eda de baja.<\/p>\n\n\n\n<p>Adem\u00e1s de que los trabajadores aut\u00f3nomos, ya no tendr\u00e1n la <strong>obligaci\u00f3n de pagar su cuota de aut\u00f3nomos <\/strong>desde los 30 d\u00edas de baja, cuando se solicite una incapacidad temporal, en la anterior ley s\u00ed que estaban obligados a pagar la cuota todo el tiempo que durase dicha baja.<\/p>\n\n\n\n<p>Por otro lado, tambi\u00e9n se consigue el derecho a poder optar a una formaci\u00f3n y a un reciclaje profesional.<\/p>\n\n\n\n<p>Tambi\u00e9n se beneficiar\u00e1n las<strong> mujeres aut\u00f3nomas<\/strong>, ya que, tendr\u00e1n derecho a una tarifa plana de 60 euros al mes durante un a\u00f1o, tras la incorporaci\u00f3n por su baja maternal, para ello, deber\u00e1n incorporarse en los dos a\u00f1os siguientes a la baja maternal, incluso aunque hayan cesado en su actividad.<\/p>\n\n\n\n<p>La tarifa plana general pasa a ser de 60 euros, en vez de los 50 euros anteriores, ya que, tiene que equiparase a la subida de la base m\u00ednima del aut\u00f3nomo.<\/p>\n\n\n\n<p>Adem\u00e1s, en el mes de octubre se public\u00f3 en el B.O.E, la <strong>convocatoria de subvenciones para el aut\u00f3nomo<\/strong>, cuya finalidad, es promover el trabajo aut\u00f3nomo, as\u00ed como la econom\u00eda social.<\/p>\n\n\n\n<h2 class=\"wp-block-heading\">Retos pendientes para el a\u00f1o 2019<\/h2>\n\n\n\n<p>Pero todav\u00eda no est\u00e1 todo el camino hecho, a\u00fan al colectivo de aut\u00f3nomos nos queda mucho, para poder equipararnos a los <strong>trabajadores por cuenta ajena<\/strong>.<\/p>\n\n\n\n<p>Una de las medidas que se han quedado pendientes es el c\u00e1lculo de la cuota de aut\u00f3nomos en funci\u00f3n de los ingresos reales.<\/p>\n\n\n\n<p>Desde el 01 de enero, nos han subido a todos, las cuotas de aut\u00f3nomos (siempre que tuvieses la base m\u00ednima), aunque no super\u00e1ramos el salario m\u00ednimo interprofesional, es por ello, que uno de los principales objetivos para el 2019 es la creaci\u00f3n de esa <strong>cuota calculada en funci\u00f3n de los ingresos reales que obtenga el aut\u00f3nomo<\/strong>, de esta manera, cada profesional ingresar\u00e1 en funci\u00f3n de lo que gane.<\/p>\n\n\n\n<p>Otro objetivo importante para el a\u00f1o 2019, comentado por la Ministra de Trabajo, es la <strong>transformaci\u00f3n digital y fomentar la mayor incorporaci\u00f3n de la mujer al trabajo por cuenta propia<\/strong>.<\/p>\n\n\n\n<p>Tambi\u00e9n, se luchar\u00e1 por la cotizaci\u00f3n parcial para trabajadores por cuenta propia, la jubilaci\u00f3n parcial para este colectivo, as\u00ed como un<strong> plan de acci\u00f3n <\/strong>para que se garantice el relevo generacional.<\/p>\n","protected":false},"excerpt":{"rendered":"<p>Los m\u00e1s de tres millones de aut\u00f3nomos, que hay en la actualidad, son lo que han participado de forma m\u00e1s activa para la recuperaci\u00f3n econ\u00f3mica de nuestro pa\u00eds, sobre todo, con respecto el empleo, ya que, uno de cada cinco trabajadores aut\u00f3nomos, tienen como m\u00ednimo un empleado.<\/p>\n","protected":false},"author":20,"featured_media":11375,"comment_status":"open","ping_status":"open","sticky":false,"template":"","format":"standard","meta":{"_acf_changed":false,"_et_pb_use_builder":"","_et_pb_old_content":"","_et_gb_content_width":"","om_disable_all_campaigns":false,"inline_featured_image":false,"footnotes":""},"categories":[1014],"tags":[1380],"class_list":{"0":"post-11371","1":"post","2":"type-post","3":"status-publish","4":"format-standard","5":"has-post-thumbnail","7":"category-fiscalidad","8":"tag-autonomos"},"acf":{"selector_de_usuario":null,"fecha_de_revision":null},"yoast_head":"<!-- This site is optimized with the Yoast SEO plugin v27.1 - https:\/\/yoast.com\/product\/yoast-seo-wordpress\/ -->\n<title>\u00bfQu\u00e9 espera a los aut\u00f3nomos en 2019? - Blog de TeamSystem Facturas Billin<\/title>\n<meta name=\"description\" content=\"Una nueva reuni\u00f3n del Gobierno con las principales Asociaciones de este colectivo, han llegado a fijar los acuerdos que vamos a comentar en este art\u00edculo.\" \/>\n<meta name=\"robots\" content=\"index, follow, max-snippet:-1, max-image-preview:large, max-video-preview:-1\" \/>\n<link rel=\"canonical\" href=\"https:\/\/www.billin.net\/blog\/que-nos-espera-a-los-autonomos-en-2019\/\" \/>\n<meta property=\"og:locale\" content=\"es_ES\" \/>\n<meta property=\"og:type\" content=\"article\" \/>\n<meta property=\"og:title\" content=\"\u00bfQu\u00e9 espera a los aut\u00f3nomos en 2019? - Blog de TeamSystem Facturas Billin\" \/>\n<meta property=\"og:description\" content=\"Una nueva reuni\u00f3n del Gobierno con las principales Asociaciones de este colectivo, han llegado a fijar los acuerdos que vamos a comentar en este art\u00edculo.\" \/>\n<meta property=\"og:url\" content=\"https:\/\/www.billin.net\/blog\/que-nos-espera-a-los-autonomos-en-2019\/\" \/>\n<meta property=\"og:site_name\" content=\"Blog de TeamSystem Facturas Billin\" \/>\n<meta property=\"article:publisher\" content=\"https:\/\/www.facebook.com\/EsBillin\" \/>\n<meta property=\"article:published_time\" content=\"2019-02-18T13:12:42+00:00\" \/>\n<meta property=\"article:modified_time\" content=\"2025-09-25T18:51:53+00:00\" \/>\n<meta property=\"og:image\" content=\"https:\/\/www.billin.net\/blog\/wp-content\/uploads\/2019\/02\/autonomos-2019-empresas-min.jpg\" \/>\n\t<meta property=\"og:image:width\" content=\"850\" \/>\n\t<meta property=\"og:image:height\" content=\"531\" \/>\n\t<meta property=\"og:image:type\" content=\"image\/jpeg\" \/>\n<meta name=\"author\" content=\"Marcos De La Cueva - CEO TeamSystem Facturas Billin\" \/>\n<meta name=\"twitter:card\" content=\"summary_large_image\" \/>\n<meta name=\"twitter:creator\" content=\"@Billin_ES\" \/>\n<meta name=\"twitter:site\" content=\"@Billin_ES\" \/>\n<meta name=\"twitter:label1\" content=\"Escrito por\" \/>\n\t<meta name=\"twitter:data1\" content=\"Marcos De La Cueva - CEO TeamSystem Facturas Billin\" \/>\n\t<meta name=\"twitter:label2\" content=\"Tiempo de lectura\" \/>\n\t<meta name=\"twitter:data2\" content=\"4 minutos\" \/>\n<script type=\"application\/ld+json\" class=\"yoast-schema-graph\">{\"@context\":\"https:\/\/schema.org\",\"@graph\":[{\"@type\":\"Article\",\"@id\":\"https:\/\/www.billin.net\/blog\/que-nos-espera-a-los-autonomos-en-2019\/#article\",\"isPartOf\":{\"@id\":\"https:\/\/www.billin.net\/blog\/que-nos-espera-a-los-autonomos-en-2019\/\"},\"author\":{\"name\":\"Marcos De La Cueva - CEO TeamSystem Facturas Billin\",\"@id\":\"https:\/\/www.billin.net\/blog\/#\/schema\/person\/d0339ee6e869234614541b1e80a793e7\"},\"headline\":\"\u00bfQu\u00e9 espera a los aut\u00f3nomos en 2019?\",\"datePublished\":\"2019-02-18T13:12:42+00:00\",\"dateModified\":\"2025-09-25T18:51:53+00:00\",\"mainEntityOfPage\":{\"@id\":\"https:\/\/www.billin.net\/blog\/que-nos-espera-a-los-autonomos-en-2019\/\"},\"wordCount\":851,\"commentCount\":0,\"publisher\":{\"@id\":\"https:\/\/www.billin.net\/blog\/#organization\"},\"image\":{\"@id\":\"https:\/\/www.billin.net\/blog\/que-nos-espera-a-los-autonomos-en-2019\/#primaryimage\"},\"thumbnailUrl\":\"https:\/\/www.billin.net\/blog\/wp-content\/uploads\/2019\/02\/autonomos-2019-empresas-min.jpg\",\"keywords\":[\"Aut\u00f3nomos\"],\"articleSection\":[\"Fiscalidad\"],\"inLanguage\":\"es\",\"potentialAction\":[{\"@type\":\"CommentAction\",\"name\":\"Comment\",\"target\":[\"https:\/\/www.billin.net\/blog\/que-nos-espera-a-los-autonomos-en-2019\/#respond\"]}]},{\"@type\":\"WebPage\",\"@id\":\"https:\/\/www.billin.net\/blog\/que-nos-espera-a-los-autonomos-en-2019\/\",\"url\":\"https:\/\/www.billin.net\/blog\/que-nos-espera-a-los-autonomos-en-2019\/\",\"name\":\"\u00bfQu\u00e9 espera a los aut\u00f3nomos en 2019? - Blog de TeamSystem Facturas Billin\",\"isPartOf\":{\"@id\":\"https:\/\/www.billin.net\/blog\/#website\"},\"primaryImageOfPage\":{\"@id\":\"https:\/\/www.billin.net\/blog\/que-nos-espera-a-los-autonomos-en-2019\/#primaryimage\"},\"image\":{\"@id\":\"https:\/\/www.billin.net\/blog\/que-nos-espera-a-los-autonomos-en-2019\/#primaryimage\"},\"thumbnailUrl\":\"https:\/\/www.billin.net\/blog\/wp-content\/uploads\/2019\/02\/autonomos-2019-empresas-min.jpg\",\"datePublished\":\"2019-02-18T13:12:42+00:00\",\"dateModified\":\"2025-09-25T18:51:53+00:00\",\"description\":\"Una nueva reuni\u00f3n del Gobierno con las principales Asociaciones de este colectivo, han llegado a fijar los acuerdos que vamos a comentar en este art\u00edculo.\",\"breadcrumb\":{\"@id\":\"https:\/\/www.billin.net\/blog\/que-nos-espera-a-los-autonomos-en-2019\/#breadcrumb\"},\"inLanguage\":\"es\",\"potentialAction\":[{\"@type\":\"ReadAction\",\"target\":[\"https:\/\/www.billin.net\/blog\/que-nos-espera-a-los-autonomos-en-2019\/\"]}]},{\"@type\":\"ImageObject\",\"inLanguage\":\"es\",\"@id\":\"https:\/\/www.billin.net\/blog\/que-nos-espera-a-los-autonomos-en-2019\/#primaryimage\",\"url\":\"https:\/\/www.billin.net\/blog\/wp-content\/uploads\/2019\/02\/autonomos-2019-empresas-min.jpg\",\"contentUrl\":\"https:\/\/www.billin.net\/blog\/wp-content\/uploads\/2019\/02\/autonomos-2019-empresas-min.jpg\",\"width\":850,\"height\":531},{\"@type\":\"BreadcrumbList\",\"@id\":\"https:\/\/www.billin.net\/blog\/que-nos-espera-a-los-autonomos-en-2019\/#breadcrumb\",\"itemListElement\":[{\"@type\":\"ListItem\",\"position\":1,\"name\":\"Blog\",\"item\":\"https:\/\/www.billin.net\/blog\/\"},{\"@type\":\"ListItem\",\"position\":2,\"name\":\"Fiscalidad\",\"item\":\"https:\/\/www.billin.net\/blog\/fiscalidad\/\"},{\"@type\":\"ListItem\",\"position\":3,\"name\":\"\u00bfQu\u00e9 espera a los aut\u00f3nomos en 2019?\"}]},{\"@type\":\"WebSite\",\"@id\":\"https:\/\/www.billin.net\/blog\/#website\",\"url\":\"https:\/\/www.billin.net\/blog\/\",\"name\":\"Blog de Billin\",\"description\":\"Mantente informado con el blog de TeamSystem Facturas Billin:  facturaci\u00f3n, legislaci\u00f3n, contabilidad, management y toda la informaci\u00f3n \u00fatil para pymes y aut\u00f3nomos.\",\"publisher\":{\"@id\":\"https:\/\/www.billin.net\/blog\/#organization\"},\"potentialAction\":[{\"@type\":\"SearchAction\",\"target\":{\"@type\":\"EntryPoint\",\"urlTemplate\":\"https:\/\/www.billin.net\/blog\/?s={search_term_string}\"},\"query-input\":{\"@type\":\"PropertyValueSpecification\",\"valueRequired\":true,\"valueName\":\"search_term_string\"}}],\"inLanguage\":\"es\"},{\"@type\":\"Organization\",\"@id\":\"https:\/\/www.billin.net\/blog\/#organization\",\"name\":\"Billin\",\"alternateName\":\"Blog de Billin\",\"url\":\"https:\/\/www.billin.net\/blog\/\",\"logo\":{\"@type\":\"ImageObject\",\"inLanguage\":\"es\",\"@id\":\"https:\/\/www.billin.net\/blog\/#\/schema\/logo\/image\/\",\"url\":\"https:\/\/www.billin.net\/blog\/wp-content\/uploads\/2019\/06\/logotipo-billin-blog-1.png\",\"contentUrl\":\"https:\/\/www.billin.net\/blog\/wp-content\/uploads\/2019\/06\/logotipo-billin-blog-1.png\",\"width\":126,\"height\":50,\"caption\":\"Billin\"},\"image\":{\"@id\":\"https:\/\/www.billin.net\/blog\/#\/schema\/logo\/image\/\"},\"sameAs\":[\"https:\/\/www.facebook.com\/EsBillin\",\"https:\/\/x.com\/Billin_ES\",\"https:\/\/www.instagram.com\/billin_es\/\",\"https:\/\/www.linkedin.com\/company\/billin-spain\",\"https:\/\/www.youtube.com\/c\/BillinEsintercambiodefacturas\/\"],\"legalName\":\"MY EXPENSES SL\",\"contactPoint\":{\"@type\":\"ContactPoint\",\"telephone\":\"+34918318883\",\"contactType\":\"customer service\",\"email\":\"info@billin.eu\",\"availableLanguage\":\"es\"},\"foundingDate\":\"2015\",\"numberOfEmployees\":{\"@type\":\"QuantitativeValue\",\"minValue\":10,\"maxValue\":50},\"parentOrganization\":{\"@type\":\"Organization\",\"name\":\"TeamSystem\",\"url\":\"https:\/\/www.teamsystem.com\/\"},\"description\":\"Billin es el programa de facturaci\u00f3n online de TeamSystem para aut\u00f3nomos y pymes en Espa\u00f1a. Permite crear facturas, controlar gastos y cumplir con Verifactu.\",\"address\":{\"@type\":\"PostalAddress\",\"streetAddress\":\"Calle Arturo Soria, 336\",\"addressLocality\":\"Madrid\",\"addressRegion\":\"Madrid\",\"postalCode\":\"28033\",\"addressCountry\":\"ES\"}},{\"@type\":\"Person\",\"@id\":\"https:\/\/www.billin.net\/blog\/#\/schema\/person\/d0339ee6e869234614541b1e80a793e7\",\"name\":\"Marcos De La Cueva - CEO TeamSystem Facturas Billin\",\"image\":{\"@type\":\"ImageObject\",\"inLanguage\":\"es\",\"@id\":\"https:\/\/www.billin.net\/blog\/#\/schema\/person\/image\/\",\"url\":\"https:\/\/www.billin.net\/blog\/wp-content\/uploads\/2023\/10\/marcos-color-150x150.png\",\"contentUrl\":\"https:\/\/www.billin.net\/blog\/wp-content\/uploads\/2023\/10\/marcos-color-150x150.png\",\"caption\":\"Marcos De La Cueva - CEO TeamSystem Facturas Billin\"},\"description\":\"Licenciado en ADE por la Universidad Aut\u00f3noma de Madrid, Marcos De la Cueva es CEO y cofundador de TeamSystem Facturas Billin, un programa online que lleva m\u00e1s de 9 a\u00f1os ayudando a aut\u00f3nomos, peque\u00f1os negocios y gestor\u00edas a digitalizar sus presupuestos, facturas, tickets y gastos. \u00a0 Sobre Marcos De La Cueva \u00a0 Apasionado por el mundo empresarial y la tecnolog\u00eda, curs\u00f3 su M\u00e1ster de Finanzas en la Universidad Pontificia de Comillas y estuvo en el Programa de Cooperaci\u00f3n Educativa de la Universidad Aut\u00f3noma de Madrid. \u00a0 Marcos siempre ha tenido su objetivo claro: ayudar a la creaci\u00f3n de negocios financieramente sostenibles a trav\u00e9s de una herramienta de facturaci\u00f3n que les permita ahorrar tiempo y tener la contabilidad bajo control. \u00a0 Marcos De La Cueva en los medios \u2014 Noticia sobre Kit Digital y Ley Antifraude (VeriFactu) en El Economista. \u2014 Noticia sobre Kit Digital y factura electr\u00f3nica obligatoria en Diario Jur\u00eddico. \u2014 Noticia sobre el a\u00f1o de transici\u00f3n para la factura electr\u00f3nica en Muy Pymes. \u2014 Entrevista sobre factura electr\u00f3nica obligatoria en Canal Sur. \u2014 Noticia sobre el informe factura electr\u00f3nica de TeamSystem en Channel Partner. \u2014 Charla sobre productividad y Ley Crea y Crece en El Economista. \u2014 Charla sobre factura electr\u00f3nica obligatoria en Muy Pymes. \u2014 Charla sobre digitalizaci\u00f3n aut\u00f3nomos y productividad en esdiario. \u2014 Charla sobre productividad y factura electr\u00f3nica en La Raz\u00f3n. \u2014 Charla sobre factura electr\u00f3nica obligatoria en Aut\u00f3nomos y Emprendedores. \u2014 Entrevista sobre Ley Antifraude y Ley Crea y Crece en Expansi\u00f3n. \u2014 Entrevista sobre Ley Antifraude y Ley Crea y Crece en La Raz\u00f3n. \u2014 Entrevista sobre factura electr\u00f3nica obligatoria en El Economista. \u2014 Comunicado Billin y TeamSystem en Business Insider. \u2014 Entrevista en Econom\u00eda Digital. \u2014 Entrevista en Ideas para tu empresa de Vodafone. \u2014 Entrevista en M\u00e1sQradio. \u2014 Entrevista en Armas para emprender de El M\u00e9todo Gallardo. \u2014 Entrevista en KFund. \u2014 Entrevista en AXA Seguros Espa\u00f1a. \u2014 Entrevista en GestionaRadio. \u00a0 Marcos De La Cueva en eventos \u00a0 \u2014 Participaci\u00f3n como ponente en Accountex Espa\u00f1a 2023. \u00a0 Tem\u00e1ticas de especializaci\u00f3n \u00a0 negocios | startups | contabilidad| fiscalidad | empresas| asesor\u00edas| autonomos | emprendedores | peque\u00f1os negocios | econom\u00eda | ADE | pymes | desarrollo de negocio\u00a0\",\"sameAs\":[\"https:\/\/www.billin.net\/\",\"https:\/\/www.linkedin.com\/in\/marcos-de-la-cueva-19750ba3\/\"],\"url\":\"https:\/\/www.billin.net\/blog\/author\/marcosdelacueva\/\",\"jobTitle\":\"CEO y cofundador de TS Facturas Billin\"}]}<\/script>\n<!-- \/ Yoast SEO plugin. -->","yoast_head_json":{"title":"\u00bfQu\u00e9 espera a los aut\u00f3nomos en 2019? - Blog de TeamSystem Facturas Billin","description":"Una nueva reuni\u00f3n del Gobierno con las principales Asociaciones de este colectivo, han llegado a fijar los acuerdos que vamos a comentar en este art\u00edculo.","robots":{"index":"index","follow":"follow","max-snippet":"max-snippet:-1","max-image-preview":"max-image-preview:large","max-video-preview":"max-video-preview:-1"},"canonical":"https:\/\/www.billin.net\/blog\/que-nos-espera-a-los-autonomos-en-2019\/","og_locale":"es_ES","og_type":"article","og_title":"\u00bfQu\u00e9 espera a los aut\u00f3nomos en 2019? - Blog de TeamSystem Facturas Billin","og_description":"Una nueva reuni\u00f3n del Gobierno con las principales Asociaciones de este colectivo, han llegado a fijar los acuerdos que vamos a comentar en este art\u00edculo.","og_url":"https:\/\/www.billin.net\/blog\/que-nos-espera-a-los-autonomos-en-2019\/","og_site_name":"Blog de TeamSystem Facturas Billin","article_publisher":"https:\/\/www.facebook.com\/EsBillin","article_published_time":"2019-02-18T13:12:42+00:00","article_modified_time":"2025-09-25T18:51:53+00:00","og_image":[{"width":850,"height":531,"url":"https:\/\/www.billin.net\/blog\/wp-content\/uploads\/2019\/02\/autonomos-2019-empresas-min.jpg","type":"image\/jpeg"}],"author":"Marcos De La Cueva - CEO TeamSystem Facturas Billin","twitter_card":"summary_large_image","twitter_creator":"@Billin_ES","twitter_site":"@Billin_ES","twitter_misc":{"Escrito por":"Marcos De La Cueva - CEO TeamSystem Facturas Billin","Tiempo de lectura":"4 minutos"},"schema":{"@context":"https:\/\/schema.org","@graph":[{"@type":"Article","@id":"https:\/\/www.billin.net\/blog\/que-nos-espera-a-los-autonomos-en-2019\/#article","isPartOf":{"@id":"https:\/\/www.billin.net\/blog\/que-nos-espera-a-los-autonomos-en-2019\/"},"author":{"name":"Marcos De La Cueva - CEO TeamSystem Facturas Billin","@id":"https:\/\/www.billin.net\/blog\/#\/schema\/person\/d0339ee6e869234614541b1e80a793e7"},"headline":"\u00bfQu\u00e9 espera a los aut\u00f3nomos en 2019?","datePublished":"2019-02-18T13:12:42+00:00","dateModified":"2025-09-25T18:51:53+00:00","mainEntityOfPage":{"@id":"https:\/\/www.billin.net\/blog\/que-nos-espera-a-los-autonomos-en-2019\/"},"wordCount":851,"commentCount":0,"publisher":{"@id":"https:\/\/www.billin.net\/blog\/#organization"},"image":{"@id":"https:\/\/www.billin.net\/blog\/que-nos-espera-a-los-autonomos-en-2019\/#primaryimage"},"thumbnailUrl":"https:\/\/www.billin.net\/blog\/wp-content\/uploads\/2019\/02\/autonomos-2019-empresas-min.jpg","keywords":["Aut\u00f3nomos"],"articleSection":["Fiscalidad"],"inLanguage":"es","potentialAction":[{"@type":"CommentAction","name":"Comment","target":["https:\/\/www.billin.net\/blog\/que-nos-espera-a-los-autonomos-en-2019\/#respond"]}]},{"@type":"WebPage","@id":"https:\/\/www.billin.net\/blog\/que-nos-espera-a-los-autonomos-en-2019\/","url":"https:\/\/www.billin.net\/blog\/que-nos-espera-a-los-autonomos-en-2019\/","name":"\u00bfQu\u00e9 espera a los aut\u00f3nomos en 2019? - Blog de TeamSystem Facturas Billin","isPartOf":{"@id":"https:\/\/www.billin.net\/blog\/#website"},"primaryImageOfPage":{"@id":"https:\/\/www.billin.net\/blog\/que-nos-espera-a-los-autonomos-en-2019\/#primaryimage"},"image":{"@id":"https:\/\/www.billin.net\/blog\/que-nos-espera-a-los-autonomos-en-2019\/#primaryimage"},"thumbnailUrl":"https:\/\/www.billin.net\/blog\/wp-content\/uploads\/2019\/02\/autonomos-2019-empresas-min.jpg","datePublished":"2019-02-18T13:12:42+00:00","dateModified":"2025-09-25T18:51:53+00:00","description":"Una nueva reuni\u00f3n del Gobierno con las principales Asociaciones de este colectivo, han llegado a fijar los acuerdos que vamos a comentar en este art\u00edculo.","breadcrumb":{"@id":"https:\/\/www.billin.net\/blog\/que-nos-espera-a-los-autonomos-en-2019\/#breadcrumb"},"inLanguage":"es","potentialAction":[{"@type":"ReadAction","target":["https:\/\/www.billin.net\/blog\/que-nos-espera-a-los-autonomos-en-2019\/"]}]},{"@type":"ImageObject","inLanguage":"es","@id":"https:\/\/www.billin.net\/blog\/que-nos-espera-a-los-autonomos-en-2019\/#primaryimage","url":"https:\/\/www.billin.net\/blog\/wp-content\/uploads\/2019\/02\/autonomos-2019-empresas-min.jpg","contentUrl":"https:\/\/www.billin.net\/blog\/wp-content\/uploads\/2019\/02\/autonomos-2019-empresas-min.jpg","width":850,"height":531},{"@type":"BreadcrumbList","@id":"https:\/\/www.billin.net\/blog\/que-nos-espera-a-los-autonomos-en-2019\/#breadcrumb","itemListElement":[{"@type":"ListItem","position":1,"name":"Blog","item":"https:\/\/www.billin.net\/blog\/"},{"@type":"ListItem","position":2,"name":"Fiscalidad","item":"https:\/\/www.billin.net\/blog\/fiscalidad\/"},{"@type":"ListItem","position":3,"name":"\u00bfQu\u00e9 espera a los aut\u00f3nomos en 2019?"}]},{"@type":"WebSite","@id":"https:\/\/www.billin.net\/blog\/#website","url":"https:\/\/www.billin.net\/blog\/","name":"Blog de Billin","description":"Mantente informado con el blog de TeamSystem Facturas Billin:  facturaci\u00f3n, legislaci\u00f3n, contabilidad, management y toda la informaci\u00f3n \u00fatil para pymes y aut\u00f3nomos.","publisher":{"@id":"https:\/\/www.billin.net\/blog\/#organization"},"potentialAction":[{"@type":"SearchAction","target":{"@type":"EntryPoint","urlTemplate":"https:\/\/www.billin.net\/blog\/?s={search_term_string}"},"query-input":{"@type":"PropertyValueSpecification","valueRequired":true,"valueName":"search_term_string"}}],"inLanguage":"es"},{"@type":"Organization","@id":"https:\/\/www.billin.net\/blog\/#organization","name":"Billin","alternateName":"Blog de Billin","url":"https:\/\/www.billin.net\/blog\/","logo":{"@type":"ImageObject","inLanguage":"es","@id":"https:\/\/www.billin.net\/blog\/#\/schema\/logo\/image\/","url":"https:\/\/www.billin.net\/blog\/wp-content\/uploads\/2019\/06\/logotipo-billin-blog-1.png","contentUrl":"https:\/\/www.billin.net\/blog\/wp-content\/uploads\/2019\/06\/logotipo-billin-blog-1.png","width":126,"height":50,"caption":"Billin"},"image":{"@id":"https:\/\/www.billin.net\/blog\/#\/schema\/logo\/image\/"},"sameAs":["https:\/\/www.facebook.com\/EsBillin","https:\/\/x.com\/Billin_ES","https:\/\/www.instagram.com\/billin_es\/","https:\/\/www.linkedin.com\/company\/billin-spain","https:\/\/www.youtube.com\/c\/BillinEsintercambiodefacturas\/"],"legalName":"MY EXPENSES SL","contactPoint":{"@type":"ContactPoint","telephone":"+34918318883","contactType":"customer service","email":"info@billin.eu","availableLanguage":"es"},"foundingDate":"2015","numberOfEmployees":{"@type":"QuantitativeValue","minValue":10,"maxValue":50},"parentOrganization":{"@type":"Organization","name":"TeamSystem","url":"https:\/\/www.teamsystem.com\/"},"description":"Billin es el programa de facturaci\u00f3n online de TeamSystem para aut\u00f3nomos y pymes en Espa\u00f1a. Permite crear facturas, controlar gastos y cumplir con Verifactu.","address":{"@type":"PostalAddress","streetAddress":"Calle Arturo Soria, 336","addressLocality":"Madrid","addressRegion":"Madrid","postalCode":"28033","addressCountry":"ES"}},{"@type":"Person","@id":"https:\/\/www.billin.net\/blog\/#\/schema\/person\/d0339ee6e869234614541b1e80a793e7","name":"Marcos De La Cueva - CEO TeamSystem Facturas Billin","image":{"@type":"ImageObject","inLanguage":"es","@id":"https:\/\/www.billin.net\/blog\/#\/schema\/person\/image\/","url":"https:\/\/www.billin.net\/blog\/wp-content\/uploads\/2023\/10\/marcos-color-150x150.png","contentUrl":"https:\/\/www.billin.net\/blog\/wp-content\/uploads\/2023\/10\/marcos-color-150x150.png","caption":"Marcos De La Cueva - CEO TeamSystem Facturas Billin"},"description":"Licenciado en ADE por la Universidad Aut\u00f3noma de Madrid, Marcos De la Cueva es CEO y cofundador de TeamSystem Facturas Billin, un programa online que lleva m\u00e1s de 9 a\u00f1os ayudando a aut\u00f3nomos, peque\u00f1os negocios y gestor\u00edas a digitalizar sus presupuestos, facturas, tickets y gastos. \u00a0 Sobre Marcos De La Cueva \u00a0 Apasionado por el mundo empresarial y la tecnolog\u00eda, curs\u00f3 su M\u00e1ster de Finanzas en la Universidad Pontificia de Comillas y estuvo en el Programa de Cooperaci\u00f3n Educativa de la Universidad Aut\u00f3noma de Madrid. \u00a0 Marcos siempre ha tenido su objetivo claro: ayudar a la creaci\u00f3n de negocios financieramente sostenibles a trav\u00e9s de una herramienta de facturaci\u00f3n que les permita ahorrar tiempo y tener la contabilidad bajo control. \u00a0 Marcos De La Cueva en los medios \u2014 Noticia sobre Kit Digital y Ley Antifraude (VeriFactu) en El Economista. \u2014 Noticia sobre Kit Digital y factura electr\u00f3nica obligatoria en Diario Jur\u00eddico. \u2014 Noticia sobre el a\u00f1o de transici\u00f3n para la factura electr\u00f3nica en Muy Pymes. \u2014 Entrevista sobre factura electr\u00f3nica obligatoria en Canal Sur. \u2014 Noticia sobre el informe factura electr\u00f3nica de TeamSystem en Channel Partner. \u2014 Charla sobre productividad y Ley Crea y Crece en El Economista. \u2014 Charla sobre factura electr\u00f3nica obligatoria en Muy Pymes. \u2014 Charla sobre digitalizaci\u00f3n aut\u00f3nomos y productividad en esdiario. \u2014 Charla sobre productividad y factura electr\u00f3nica en La Raz\u00f3n. \u2014 Charla sobre factura electr\u00f3nica obligatoria en Aut\u00f3nomos y Emprendedores. \u2014 Entrevista sobre Ley Antifraude y Ley Crea y Crece en Expansi\u00f3n. \u2014 Entrevista sobre Ley Antifraude y Ley Crea y Crece en La Raz\u00f3n. \u2014 Entrevista sobre factura electr\u00f3nica obligatoria en El Economista. \u2014 Comunicado Billin y TeamSystem en Business Insider. \u2014 Entrevista en Econom\u00eda Digital. \u2014 Entrevista en Ideas para tu empresa de Vodafone. \u2014 Entrevista en M\u00e1sQradio. \u2014 Entrevista en Armas para emprender de El M\u00e9todo Gallardo. \u2014 Entrevista en KFund. \u2014 Entrevista en AXA Seguros Espa\u00f1a. \u2014 Entrevista en GestionaRadio. \u00a0 Marcos De La Cueva en eventos \u00a0 \u2014 Participaci\u00f3n como ponente en Accountex Espa\u00f1a 2023. \u00a0 Tem\u00e1ticas de especializaci\u00f3n \u00a0 negocios | startups | contabilidad| fiscalidad | empresas| asesor\u00edas| autonomos | emprendedores | peque\u00f1os negocios | econom\u00eda | ADE | pymes | desarrollo de negocio\u00a0","sameAs":["https:\/\/www.billin.net\/","https:\/\/www.linkedin.com\/in\/marcos-de-la-cueva-19750ba3\/"],"url":"https:\/\/www.billin.net\/blog\/author\/marcosdelacueva\/","jobTitle":"CEO y cofundador de TS Facturas Billin"}]}},"_links":{"self":[{"href":"https:\/\/www.billin.net\/blog\/wp-json\/wp\/v2\/posts\/11371","targetHints":{"allow":["GET"]}}],"collection":[{"href":"https:\/\/www.billin.net\/blog\/wp-json\/wp\/v2\/posts"}],"about":[{"href":"https:\/\/www.billin.net\/blog\/wp-json\/wp\/v2\/types\/post"}],"author":[{"embeddable":true,"href":"https:\/\/www.billin.net\/blog\/wp-json\/wp\/v2\/users\/20"}],"replies":[{"embeddable":true,"href":"https:\/\/www.billin.net\/blog\/wp-json\/wp\/v2\/comments?post=11371"}],"version-history":[{"count":7,"href":"https:\/\/www.billin.net\/blog\/wp-json\/wp\/v2\/posts\/11371\/revisions"}],"predecessor-version":[{"id":27232,"href":"https:\/\/www.billin.net\/blog\/wp-json\/wp\/v2\/posts\/11371\/revisions\/27232"}],"wp:featuredmedia":[{"embeddable":true,"href":"https:\/\/www.billin.net\/blog\/wp-json\/wp\/v2\/media\/11375"}],"wp:attachment":[{"href":"https:\/\/www.billin.net\/blog\/wp-json\/wp\/v2\/media?parent=11371"}],"wp:term":[{"taxonomy":"category","embeddable":true,"href":"https:\/\/www.billin.net\/blog\/wp-json\/wp\/v2\/categories?post=11371"},{"taxonomy":"post_tag","embeddable":true,"href":"https:\/\/www.billin.net\/blog\/wp-json\/wp\/v2\/tags?post=11371"}],"curies":[{"name":"wp","href":"https:\/\/api.w.org\/{rel}","templated":true}]}}