{"id":10751,"date":"2019-02-11T00:00:00","date_gmt":"2019-02-10T22:00:00","guid":{"rendered":"https:\/\/www.billin.net\/blog\/que-ocurrira-con-el-desempleo-del-autonomo-en-2019\/"},"modified":"2025-09-25T20:52:02","modified_gmt":"2025-09-25T18:52:02","slug":"que-ocurrira-con-el-desempleo-del-autonomo-en-2019","status":"publish","type":"post","link":"https:\/\/www.billin.net\/blog\/que-ocurrira-con-el-desempleo-del-autonomo-en-2019\/","title":{"rendered":"\u00bfQu\u00e9 ocurrir\u00e1 con el desempleo del aut\u00f3nomo en 2019?"},"content":{"rendered":"\r\n<p>Las <strong>Organizaciones de aut\u00f3nomos<\/strong> consiguen ganarle el pulso al Gobierno, firmando un acuerdo donde el aut\u00f3nomo obtendr\u00e1 los siguientes beneficios por parte del Estado.<\/p>\r\n\r\n\r\n\r\n<p><!--more--><\/p>\r\n\r\n\r\n\r\n<h2 class=\"wp-block-heading\">Contenido del acuerdo<\/h2>\r\n\r\n\r\n\r\n<p>La Ministra de Trabajo, Magdalena Valerio, ha firmado junto a las grandes Organizaciones de <a href=\"https:\/\/www.billin.net\/programa-facturacion-autonomos\/\" target=\"_blank\" rel=\"noopener noreferrer\">trabajadores aut\u00f3nomos<\/a> un acuerdo, por el que, <strong>los aut\u00f3nomos cotizar\u00e1n por todas las contingencias posibles<\/strong>, al igual que los asalariados, que son las contingencias comunes y profesionales, incapacidad temporal, accidente profesional o enfermedades profesionales, cese de actividad y formaci\u00f3n.<\/p>\r\n<p>\u27a8 Aqu\u00ed tienes el proceso para <strong><a href=\"https:\/\/www.billin.net\/blog\/darse-de-baja-autonomo-online\/\" target=\"_blank\" rel=\"noopener noreferrer\">darse de baja como aut\u00f3nomo<\/a><\/strong>.<\/p>\r\n\r\n\r\n\r\n<p>Se produce un <strong>crecimiento en la base m\u00ednima de cotizaci\u00f3n del aut\u00f3nomo <\/strong>de un 1,25%, quedando establecidas en 944,30 euros al mes, un aumento de 11,60 euros al mes, y el tipo de cotizaci\u00f3n se incrementar\u00e1 en 0,2 puntos pasando del 29,80 al 30%, aunque en 2020 aumentar\u00e1 a 30,3%, en 2021 a 30,6%, hasta llegar a 30,9% el cuarto a\u00f1o.<\/p>\r\n\r\n\r\n\r\n<p>Por tanto, los aut\u00f3nomos en el a\u00f1o 2019, qui\u00e9n cotice por la base m\u00ednima, observar\u00e1n un<strong> aumento de 64 euros al a\u00f1o<\/strong>, en lugar de los 260 euros que pretend\u00eda el Gobierno.<\/p>\r\n\r\n\r\n\r\n<p>Para los socios que pertenezcan a sociedades, aumentar\u00e1 en 82 euros al a\u00f1o.<\/p>\r\n\r\n\r\n\r\n<p>Otro tema importante que se incluye en este Acuerdo, ser\u00eda las <strong>bajas laborales y la formaci\u00f3n<\/strong>:<\/p>\r\n\r\n\r\n\r\n<ul class=\"wp-block-list\">\r\n<li>Los aut\u00f3nomos comenzar\u00e1n a cotizar por contingencias profesionales, incapacidad temporal, cese de actividad y formaci\u00f3n, adem\u00e1s cobrar\u00e1n la baja por incapacidad desde el primer d\u00eda, tendr\u00e1n acceso a formaci\u00f3n continua y reciclaje, y dejar\u00e1n de cotizar a la Seguridad Social desde el segundo mes de baja, hasta el momento del alta.<\/li>\r\n<li>Con respecto el cese de actividad o desempleo, aumentar\u00e1 de 12 a 24 meses, se flexibilizar\u00e1n los requisitos necesarios para solicitarlos, ya que, hasta ahora no hab\u00eda funcionado por los requisitos tan exhaustivos.<\/li>\r\n<li>Se mantendr\u00e1 la tarifa plana del aut\u00f3nomo, pasando de 50 a 60 euros, aqu\u00ed ya ir\u00e1n incluidas tanto las contingencias comunes como profesionales, adem\u00e1s el aut\u00f3nomo tambi\u00e9n cotizar\u00e1 por cese de actividad.<\/li>\r\n<\/ul>\r\n\r\n\r\n\r\n<p>Los <strong>requisitos para acceder a la <a href=\"https:\/\/www.billin.net\/blog\/requisitos-cumplir-tarifa-plana\/\" target=\"_blank\" rel=\"noopener noreferrer\">tarifa plana aut\u00f3nomos<\/a><\/strong>, consiste en no haber iniciado actividad econ\u00f3mica en los dos \u00faltimos a\u00f1os inmediatamente anteriores, a contar desde la fecha de alta.<\/p>\r\n\r\n\r\n\r\n<p>Los aut\u00f3nomos agrarios tambi\u00e9n podr\u00e1n beneficiarse de la tarifa plana de 60 euros, pero en su caso, ser\u00e1 de 50 euros.<\/p>\r\n\r\n\r\n\r\n<p>La pluriactividad, para los que se encuentren en esta situaci\u00f3n, ya no tendr\u00e1 que solicitar a la Administraci\u00f3n la devoluci\u00f3n de cuotas, sino que, <strong>la Seguridad Social las devolver\u00e1 de oficio a partir del mes de mayo<\/strong>.<\/p>\r\n\r\n\r\n\r\n<h2 class=\"wp-block-heading\">Nuevos requisitos para cobrar el desempleo en 2019<\/h2>\r\n\r\n\r\n\r\n<p>No todos los trabajadores cobrar\u00e1n la <strong>misma cuant\u00eda por el cese de actividad<\/strong>, el desempleo del aut\u00f3nomo depender\u00e1 de la base de cotizaci\u00f3n, al igual, que para los trabajadores por cuenta ajena.<\/p>\r\n\r\n\r\n\r\n<p>Esto significa, que cuanto m\u00e1s aumenta la base de cotizaci\u00f3n, mayor cantidad de desempleo podr\u00e1s cobrar, una vez que finalices la actividad econ\u00f3mica.<\/p>\r\n\r\n\r\n\r\n<p>La duraci\u00f3n del paro de aut\u00f3nomos depender\u00e1 de la <strong>cantidad de meses que hayas cotizado a la Seguridad Social<\/strong>, dependiendo de esa cotizaci\u00f3n podr\u00e1 cobrar el paro durante dos meses o dos a\u00f1os, desde el 01 de enero de 2019 se iguala la duraci\u00f3n al paro de los trabajadores por cuenta ajena.<\/p>\r\n\r\n\r\n\r\n<p>Seg\u00fan la edad que tengas, necesitar\u00e1s m\u00e1s o menos meses de cotizaci\u00f3n, por ejemplo, si eres mayor de 60 a\u00f1os, necesitar\u00e1s menos meses para cobrar el desempleo durante 24 meses.<\/p>\r\n<p>\u27a8 Aqu\u00ed tienes m\u00e1s informaci\u00f3n de como <strong><a href=\"https:\/\/www.billin.net\/blog\/capitalizacion-prestacion-por-desempleo\/\" target=\"_blank\" rel=\"noopener noreferrer\">capitalizar el paro<\/a><\/strong>.<\/p>\r\n\r\n\r\n\r\n<h2 class=\"wp-block-heading\">Conclusi\u00f3n: \u00bfhabr\u00e1 paro para los aut\u00f3nomos en 2019?<\/h2>\r\n\r\n\r\n\r\n<p>Seg\u00fan el Acuerdo comentado, los aut\u00f3nomos por cinco euros m\u00e1s al mes, tendr\u00e1n <strong>derecho al paro y a la baja por enfermedad<\/strong>.<\/p>\r\n\r\n\r\n\r\n<p>\u27a8 Aqu\u00ed tienes toda la informaci\u00f3n sobre el <strong><a href=\"https:\/\/www.billin.net\/blog\/derecho-paro-autonomo\/\" target=\"_blank\" rel=\"noopener noreferrer\">paro para aut\u00f3nomos<\/a><\/strong> y sobre como <strong><a href=\"https:\/\/www.billin.net\/blog\/cobrar-paro-ser-autonomo\/\" target=\"_blank\" rel=\"noopener noreferrer\">cobrar paro y ser aut\u00f3nomo<\/a><\/strong>.<\/p>\r\n<p>Desde el Gobierno se habla de el mejor acuerdo conseguido, aunque, sigue a la espera la confirmaci\u00f3n definitiva, a la espera de llevar este acuerdo a la mesa con patronal y sindicatos, y plantear la propuesta en el Congreso de los Diputados, las asociaciones conf\u00edan en llevar a cabo este acuerdo, bien por la v\u00eda de los<strong> Presupuestos P\u00fablicos o por un Decreto Ley<\/strong>.<\/p>\r\n\r\n\r\n\r\n<p>La cotizaci\u00f3n de ingresos reales queda pendiente a que el Gobierno establezca una propuesta<strong> antes del 31 de enero de 2019<\/strong>, ya que, eta cotizaci\u00f3n requiere un estudio m\u00e1s exhaustivo.<\/p>\r\n\r\n\r\n\r\n<p>En conclusi\u00f3n, podemos pintar el panorama para los aut\u00f3nomos a partir del 2019 de la siguiente manera:<\/p>\r\n\r\n\r\n\r\n<div class=\"wp-block-image\">\r\n<figure class=\"aligncenter\"><img decoding=\"async\" class=\"wp-image-9461\" src=\"https:\/\/www.billin.net\/blog\/wp-content\/uploads\/2019\/02\/autonomos-panorama.jpg\" alt=\"\" \/><\/figure>\r\n<\/div>\r\n\r\n\r\n\r\n<p>La tarifa plana, se prolonga y se establece en 60\u20ac, y se tendr\u00e1 derecho a <strong>solicitar la tarifa plana<\/strong> hasta dos a\u00f1os tras la baja por maternidad.<\/p>\r\n\r\n\r\n\r\n<p>El acuerdo contempla el derecho al paro para todos los aut\u00f3nomos, aumentando la duraci\u00f3n de la prestaci\u00f3n y facilitando el acceso, ya que, <strong>hasta ahora se denegaba al 70% de las solicitudes presentadas<\/strong>.<\/p>\r\n","protected":false},"excerpt":{"rendered":"<p>Las Organizaciones de aut\u00f3nomos consiguen ganarle el pulso al Gobierno, firmando un acuerdo donde el aut\u00f3nomo obtendr\u00e1 los siguientes beneficios por parte del Estado.<\/p>\n","protected":false},"author":20,"featured_media":10752,"comment_status":"open","ping_status":"open","sticky":false,"template":"","format":"standard","meta":{"_acf_changed":false,"_et_pb_use_builder":"","_et_pb_old_content":"","_et_gb_content_width":"","om_disable_all_campaigns":false,"inline_featured_image":false,"footnotes":""},"categories":[1014],"tags":[1380],"class_list":{"0":"post-10751","1":"post","2":"type-post","3":"status-publish","4":"format-standard","5":"has-post-thumbnail","7":"category-fiscalidad","8":"tag-autonomos"},"acf":{"selector_de_usuario":null,"fecha_de_revision":"20200324"},"yoast_head":"<!-- This site is optimized with the Yoast SEO plugin v27.1 - https:\/\/yoast.com\/product\/yoast-seo-wordpress\/ -->\n<title>\u00bfQu\u00e9 ocurrir\u00e1 con el desempleo del aut\u00f3nomo? - TeamSystem Facturas Billin<\/title>\n<meta name=\"description\" content=\"Descubre todos los beneficios que se han conseguido para los aut\u00f3nomos en materia de desempleo y los derechos que tienes desde el 2019.\" \/>\n<meta name=\"robots\" content=\"index, follow, max-snippet:-1, max-image-preview:large, max-video-preview:-1\" \/>\n<link rel=\"canonical\" href=\"https:\/\/www.billin.net\/blog\/que-ocurrira-con-el-desempleo-del-autonomo-en-2019\/\" \/>\n<meta property=\"og:locale\" content=\"es_ES\" \/>\n<meta property=\"og:type\" content=\"article\" \/>\n<meta property=\"og:title\" content=\"\u00bfQu\u00e9 ocurrir\u00e1 con el desempleo del aut\u00f3nomo? - TeamSystem Facturas Billin\" \/>\n<meta property=\"og:description\" content=\"Descubre todos los beneficios que se han conseguido para los aut\u00f3nomos en materia de desempleo y los derechos que tienes desde el 2019.\" \/>\n<meta property=\"og:url\" content=\"https:\/\/www.billin.net\/blog\/que-ocurrira-con-el-desempleo-del-autonomo-en-2019\/\" \/>\n<meta property=\"og:site_name\" content=\"Blog de TeamSystem Facturas Billin\" \/>\n<meta property=\"article:publisher\" content=\"https:\/\/www.facebook.com\/EsBillin\" \/>\n<meta property=\"article:published_time\" content=\"2019-02-10T22:00:00+00:00\" \/>\n<meta property=\"article:modified_time\" content=\"2025-09-25T18:52:02+00:00\" \/>\n<meta property=\"og:image\" content=\"https:\/\/www.billin.net\/blog\/wp-content\/uploads\/2019\/02\/autonomo-despido-2019-min.jpg\" \/>\n\t<meta property=\"og:image:width\" content=\"850\" \/>\n\t<meta property=\"og:image:height\" content=\"567\" \/>\n\t<meta property=\"og:image:type\" content=\"image\/jpeg\" \/>\n<meta name=\"author\" content=\"Marcos De La Cueva - CEO TeamSystem Facturas Billin\" \/>\n<meta name=\"twitter:card\" content=\"summary_large_image\" \/>\n<meta name=\"twitter:creator\" content=\"@Billin_ES\" \/>\n<meta name=\"twitter:site\" content=\"@Billin_ES\" \/>\n<meta name=\"twitter:label1\" content=\"Escrito por\" \/>\n\t<meta name=\"twitter:data1\" content=\"Marcos De La Cueva - CEO TeamSystem Facturas Billin\" \/>\n\t<meta name=\"twitter:label2\" content=\"Tiempo de lectura\" \/>\n\t<meta name=\"twitter:data2\" content=\"4 minutos\" \/>\n<script type=\"application\/ld+json\" class=\"yoast-schema-graph\">{\"@context\":\"https:\/\/schema.org\",\"@graph\":[{\"@type\":\"Article\",\"@id\":\"https:\/\/www.billin.net\/blog\/que-ocurrira-con-el-desempleo-del-autonomo-en-2019\/#article\",\"isPartOf\":{\"@id\":\"https:\/\/www.billin.net\/blog\/que-ocurrira-con-el-desempleo-del-autonomo-en-2019\/\"},\"author\":{\"name\":\"Marcos De La Cueva - CEO TeamSystem Facturas Billin\",\"@id\":\"https:\/\/www.billin.net\/blog\/#\/schema\/person\/d0339ee6e869234614541b1e80a793e7\"},\"headline\":\"\u00bfQu\u00e9 ocurrir\u00e1 con el desempleo del aut\u00f3nomo en 2019?\",\"datePublished\":\"2019-02-10T22:00:00+00:00\",\"dateModified\":\"2025-09-25T18:52:02+00:00\",\"mainEntityOfPage\":{\"@id\":\"https:\/\/www.billin.net\/blog\/que-ocurrira-con-el-desempleo-del-autonomo-en-2019\/\"},\"wordCount\":856,\"commentCount\":6,\"publisher\":{\"@id\":\"https:\/\/www.billin.net\/blog\/#organization\"},\"image\":{\"@id\":\"https:\/\/www.billin.net\/blog\/que-ocurrira-con-el-desempleo-del-autonomo-en-2019\/#primaryimage\"},\"thumbnailUrl\":\"https:\/\/www.billin.net\/blog\/wp-content\/uploads\/2019\/02\/autonomo-despido-2019-min.jpg\",\"keywords\":[\"Aut\u00f3nomos\"],\"articleSection\":[\"Fiscalidad\"],\"inLanguage\":\"es\",\"potentialAction\":[{\"@type\":\"CommentAction\",\"name\":\"Comment\",\"target\":[\"https:\/\/www.billin.net\/blog\/que-ocurrira-con-el-desempleo-del-autonomo-en-2019\/#respond\"]}]},{\"@type\":\"WebPage\",\"@id\":\"https:\/\/www.billin.net\/blog\/que-ocurrira-con-el-desempleo-del-autonomo-en-2019\/\",\"url\":\"https:\/\/www.billin.net\/blog\/que-ocurrira-con-el-desempleo-del-autonomo-en-2019\/\",\"name\":\"\u00bfQu\u00e9 ocurrir\u00e1 con el desempleo del aut\u00f3nomo? - TeamSystem Facturas Billin\",\"isPartOf\":{\"@id\":\"https:\/\/www.billin.net\/blog\/#website\"},\"primaryImageOfPage\":{\"@id\":\"https:\/\/www.billin.net\/blog\/que-ocurrira-con-el-desempleo-del-autonomo-en-2019\/#primaryimage\"},\"image\":{\"@id\":\"https:\/\/www.billin.net\/blog\/que-ocurrira-con-el-desempleo-del-autonomo-en-2019\/#primaryimage\"},\"thumbnailUrl\":\"https:\/\/www.billin.net\/blog\/wp-content\/uploads\/2019\/02\/autonomo-despido-2019-min.jpg\",\"datePublished\":\"2019-02-10T22:00:00+00:00\",\"dateModified\":\"2025-09-25T18:52:02+00:00\",\"description\":\"Descubre todos los beneficios que se han conseguido para los aut\u00f3nomos en materia de desempleo y los derechos que tienes desde el 2019.\",\"breadcrumb\":{\"@id\":\"https:\/\/www.billin.net\/blog\/que-ocurrira-con-el-desempleo-del-autonomo-en-2019\/#breadcrumb\"},\"inLanguage\":\"es\",\"potentialAction\":[{\"@type\":\"ReadAction\",\"target\":[\"https:\/\/www.billin.net\/blog\/que-ocurrira-con-el-desempleo-del-autonomo-en-2019\/\"]}]},{\"@type\":\"ImageObject\",\"inLanguage\":\"es\",\"@id\":\"https:\/\/www.billin.net\/blog\/que-ocurrira-con-el-desempleo-del-autonomo-en-2019\/#primaryimage\",\"url\":\"https:\/\/www.billin.net\/blog\/wp-content\/uploads\/2019\/02\/autonomo-despido-2019-min.jpg\",\"contentUrl\":\"https:\/\/www.billin.net\/blog\/wp-content\/uploads\/2019\/02\/autonomo-despido-2019-min.jpg\",\"width\":850,\"height\":567},{\"@type\":\"BreadcrumbList\",\"@id\":\"https:\/\/www.billin.net\/blog\/que-ocurrira-con-el-desempleo-del-autonomo-en-2019\/#breadcrumb\",\"itemListElement\":[{\"@type\":\"ListItem\",\"position\":1,\"name\":\"Blog\",\"item\":\"https:\/\/www.billin.net\/blog\/\"},{\"@type\":\"ListItem\",\"position\":2,\"name\":\"Fiscalidad\",\"item\":\"https:\/\/www.billin.net\/blog\/fiscalidad\/\"},{\"@type\":\"ListItem\",\"position\":3,\"name\":\"\u00bfQu\u00e9 ocurrir\u00e1 con el desempleo del aut\u00f3nomo en 2019?\"}]},{\"@type\":\"WebSite\",\"@id\":\"https:\/\/www.billin.net\/blog\/#website\",\"url\":\"https:\/\/www.billin.net\/blog\/\",\"name\":\"Blog de Billin\",\"description\":\"Mantente informado con el blog de TeamSystem Facturas Billin:  facturaci\u00f3n, legislaci\u00f3n, contabilidad, management y toda la informaci\u00f3n \u00fatil para pymes y aut\u00f3nomos.\",\"publisher\":{\"@id\":\"https:\/\/www.billin.net\/blog\/#organization\"},\"potentialAction\":[{\"@type\":\"SearchAction\",\"target\":{\"@type\":\"EntryPoint\",\"urlTemplate\":\"https:\/\/www.billin.net\/blog\/?s={search_term_string}\"},\"query-input\":{\"@type\":\"PropertyValueSpecification\",\"valueRequired\":true,\"valueName\":\"search_term_string\"}}],\"inLanguage\":\"es\"},{\"@type\":\"Organization\",\"@id\":\"https:\/\/www.billin.net\/blog\/#organization\",\"name\":\"Billin\",\"alternateName\":\"Blog de Billin\",\"url\":\"https:\/\/www.billin.net\/blog\/\",\"logo\":{\"@type\":\"ImageObject\",\"inLanguage\":\"es\",\"@id\":\"https:\/\/www.billin.net\/blog\/#\/schema\/logo\/image\/\",\"url\":\"https:\/\/www.billin.net\/blog\/wp-content\/uploads\/2019\/06\/logotipo-billin-blog-1.png\",\"contentUrl\":\"https:\/\/www.billin.net\/blog\/wp-content\/uploads\/2019\/06\/logotipo-billin-blog-1.png\",\"width\":126,\"height\":50,\"caption\":\"Billin\"},\"image\":{\"@id\":\"https:\/\/www.billin.net\/blog\/#\/schema\/logo\/image\/\"},\"sameAs\":[\"https:\/\/www.facebook.com\/EsBillin\",\"https:\/\/x.com\/Billin_ES\",\"https:\/\/www.instagram.com\/billin_es\/\",\"https:\/\/www.linkedin.com\/company\/billin-spain\",\"https:\/\/www.youtube.com\/c\/BillinEsintercambiodefacturas\/\"],\"legalName\":\"MY EXPENSES SL\",\"contactPoint\":{\"@type\":\"ContactPoint\",\"telephone\":\"+34918318883\",\"contactType\":\"customer service\",\"email\":\"info@billin.eu\",\"availableLanguage\":\"es\"},\"foundingDate\":\"2015\",\"numberOfEmployees\":{\"@type\":\"QuantitativeValue\",\"minValue\":10,\"maxValue\":50},\"parentOrganization\":{\"@type\":\"Organization\",\"name\":\"TeamSystem\",\"url\":\"https:\/\/www.teamsystem.com\/\"},\"description\":\"Billin es el programa de facturaci\u00f3n online de TeamSystem para aut\u00f3nomos y pymes en Espa\u00f1a. Permite crear facturas, controlar gastos y cumplir con Verifactu.\",\"address\":{\"@type\":\"PostalAddress\",\"streetAddress\":\"Calle Arturo Soria, 336\",\"addressLocality\":\"Madrid\",\"addressRegion\":\"Madrid\",\"postalCode\":\"28033\",\"addressCountry\":\"ES\"}},{\"@type\":\"Person\",\"@id\":\"https:\/\/www.billin.net\/blog\/#\/schema\/person\/d0339ee6e869234614541b1e80a793e7\",\"name\":\"Marcos De La Cueva - CEO TeamSystem Facturas Billin\",\"image\":{\"@type\":\"ImageObject\",\"inLanguage\":\"es\",\"@id\":\"https:\/\/www.billin.net\/blog\/#\/schema\/person\/image\/\",\"url\":\"https:\/\/www.billin.net\/blog\/wp-content\/uploads\/2023\/10\/marcos-color-150x150.png\",\"contentUrl\":\"https:\/\/www.billin.net\/blog\/wp-content\/uploads\/2023\/10\/marcos-color-150x150.png\",\"caption\":\"Marcos De La Cueva - CEO TeamSystem Facturas Billin\"},\"description\":\"Licenciado en ADE por la Universidad Aut\u00f3noma de Madrid, Marcos De la Cueva es CEO y cofundador de TeamSystem Facturas Billin, un programa online que lleva m\u00e1s de 9 a\u00f1os ayudando a aut\u00f3nomos, peque\u00f1os negocios y gestor\u00edas a digitalizar sus presupuestos, facturas, tickets y gastos. \u00a0 Sobre Marcos De La Cueva \u00a0 Apasionado por el mundo empresarial y la tecnolog\u00eda, curs\u00f3 su M\u00e1ster de Finanzas en la Universidad Pontificia de Comillas y estuvo en el Programa de Cooperaci\u00f3n Educativa de la Universidad Aut\u00f3noma de Madrid. \u00a0 Marcos siempre ha tenido su objetivo claro: ayudar a la creaci\u00f3n de negocios financieramente sostenibles a trav\u00e9s de una herramienta de facturaci\u00f3n que les permita ahorrar tiempo y tener la contabilidad bajo control. \u00a0 Marcos De La Cueva en los medios \u2014 Noticia sobre Kit Digital y Ley Antifraude (VeriFactu) en El Economista. \u2014 Noticia sobre Kit Digital y factura electr\u00f3nica obligatoria en Diario Jur\u00eddico. \u2014 Noticia sobre el a\u00f1o de transici\u00f3n para la factura electr\u00f3nica en Muy Pymes. \u2014 Entrevista sobre factura electr\u00f3nica obligatoria en Canal Sur. \u2014 Noticia sobre el informe factura electr\u00f3nica de TeamSystem en Channel Partner. \u2014 Charla sobre productividad y Ley Crea y Crece en El Economista. \u2014 Charla sobre factura electr\u00f3nica obligatoria en Muy Pymes. \u2014 Charla sobre digitalizaci\u00f3n aut\u00f3nomos y productividad en esdiario. \u2014 Charla sobre productividad y factura electr\u00f3nica en La Raz\u00f3n. \u2014 Charla sobre factura electr\u00f3nica obligatoria en Aut\u00f3nomos y Emprendedores. \u2014 Entrevista sobre Ley Antifraude y Ley Crea y Crece en Expansi\u00f3n. \u2014 Entrevista sobre Ley Antifraude y Ley Crea y Crece en La Raz\u00f3n. \u2014 Entrevista sobre factura electr\u00f3nica obligatoria en El Economista. \u2014 Comunicado Billin y TeamSystem en Business Insider. \u2014 Entrevista en Econom\u00eda Digital. \u2014 Entrevista en Ideas para tu empresa de Vodafone. \u2014 Entrevista en M\u00e1sQradio. \u2014 Entrevista en Armas para emprender de El M\u00e9todo Gallardo. \u2014 Entrevista en KFund. \u2014 Entrevista en AXA Seguros Espa\u00f1a. \u2014 Entrevista en GestionaRadio. \u00a0 Marcos De La Cueva en eventos \u00a0 \u2014 Participaci\u00f3n como ponente en Accountex Espa\u00f1a 2023. \u00a0 Tem\u00e1ticas de especializaci\u00f3n \u00a0 negocios | startups | contabilidad| fiscalidad | empresas| asesor\u00edas| autonomos | emprendedores | peque\u00f1os negocios | econom\u00eda | ADE | pymes | desarrollo de negocio\u00a0\",\"sameAs\":[\"https:\/\/www.billin.net\/\",\"https:\/\/www.linkedin.com\/in\/marcos-de-la-cueva-19750ba3\/\"],\"url\":\"https:\/\/www.billin.net\/blog\/author\/marcosdelacueva\/\",\"jobTitle\":\"CEO y cofundador de TS Facturas Billin\"}]}<\/script>\n<!-- \/ Yoast SEO plugin. -->","yoast_head_json":{"title":"\u00bfQu\u00e9 ocurrir\u00e1 con el desempleo del aut\u00f3nomo? - TeamSystem Facturas Billin","description":"Descubre todos los beneficios que se han conseguido para los aut\u00f3nomos en materia de desempleo y los derechos que tienes desde el 2019.","robots":{"index":"index","follow":"follow","max-snippet":"max-snippet:-1","max-image-preview":"max-image-preview:large","max-video-preview":"max-video-preview:-1"},"canonical":"https:\/\/www.billin.net\/blog\/que-ocurrira-con-el-desempleo-del-autonomo-en-2019\/","og_locale":"es_ES","og_type":"article","og_title":"\u00bfQu\u00e9 ocurrir\u00e1 con el desempleo del aut\u00f3nomo? - TeamSystem Facturas Billin","og_description":"Descubre todos los beneficios que se han conseguido para los aut\u00f3nomos en materia de desempleo y los derechos que tienes desde el 2019.","og_url":"https:\/\/www.billin.net\/blog\/que-ocurrira-con-el-desempleo-del-autonomo-en-2019\/","og_site_name":"Blog de TeamSystem Facturas Billin","article_publisher":"https:\/\/www.facebook.com\/EsBillin","article_published_time":"2019-02-10T22:00:00+00:00","article_modified_time":"2025-09-25T18:52:02+00:00","og_image":[{"width":850,"height":567,"url":"https:\/\/www.billin.net\/blog\/wp-content\/uploads\/2019\/02\/autonomo-despido-2019-min.jpg","type":"image\/jpeg"}],"author":"Marcos De La Cueva - CEO TeamSystem Facturas Billin","twitter_card":"summary_large_image","twitter_creator":"@Billin_ES","twitter_site":"@Billin_ES","twitter_misc":{"Escrito por":"Marcos De La Cueva - CEO TeamSystem Facturas Billin","Tiempo de lectura":"4 minutos"},"schema":{"@context":"https:\/\/schema.org","@graph":[{"@type":"Article","@id":"https:\/\/www.billin.net\/blog\/que-ocurrira-con-el-desempleo-del-autonomo-en-2019\/#article","isPartOf":{"@id":"https:\/\/www.billin.net\/blog\/que-ocurrira-con-el-desempleo-del-autonomo-en-2019\/"},"author":{"name":"Marcos De La Cueva - CEO TeamSystem Facturas Billin","@id":"https:\/\/www.billin.net\/blog\/#\/schema\/person\/d0339ee6e869234614541b1e80a793e7"},"headline":"\u00bfQu\u00e9 ocurrir\u00e1 con el desempleo del aut\u00f3nomo en 2019?","datePublished":"2019-02-10T22:00:00+00:00","dateModified":"2025-09-25T18:52:02+00:00","mainEntityOfPage":{"@id":"https:\/\/www.billin.net\/blog\/que-ocurrira-con-el-desempleo-del-autonomo-en-2019\/"},"wordCount":856,"commentCount":6,"publisher":{"@id":"https:\/\/www.billin.net\/blog\/#organization"},"image":{"@id":"https:\/\/www.billin.net\/blog\/que-ocurrira-con-el-desempleo-del-autonomo-en-2019\/#primaryimage"},"thumbnailUrl":"https:\/\/www.billin.net\/blog\/wp-content\/uploads\/2019\/02\/autonomo-despido-2019-min.jpg","keywords":["Aut\u00f3nomos"],"articleSection":["Fiscalidad"],"inLanguage":"es","potentialAction":[{"@type":"CommentAction","name":"Comment","target":["https:\/\/www.billin.net\/blog\/que-ocurrira-con-el-desempleo-del-autonomo-en-2019\/#respond"]}]},{"@type":"WebPage","@id":"https:\/\/www.billin.net\/blog\/que-ocurrira-con-el-desempleo-del-autonomo-en-2019\/","url":"https:\/\/www.billin.net\/blog\/que-ocurrira-con-el-desempleo-del-autonomo-en-2019\/","name":"\u00bfQu\u00e9 ocurrir\u00e1 con el desempleo del aut\u00f3nomo? - TeamSystem Facturas Billin","isPartOf":{"@id":"https:\/\/www.billin.net\/blog\/#website"},"primaryImageOfPage":{"@id":"https:\/\/www.billin.net\/blog\/que-ocurrira-con-el-desempleo-del-autonomo-en-2019\/#primaryimage"},"image":{"@id":"https:\/\/www.billin.net\/blog\/que-ocurrira-con-el-desempleo-del-autonomo-en-2019\/#primaryimage"},"thumbnailUrl":"https:\/\/www.billin.net\/blog\/wp-content\/uploads\/2019\/02\/autonomo-despido-2019-min.jpg","datePublished":"2019-02-10T22:00:00+00:00","dateModified":"2025-09-25T18:52:02+00:00","description":"Descubre todos los beneficios que se han conseguido para los aut\u00f3nomos en materia de desempleo y los derechos que tienes desde el 2019.","breadcrumb":{"@id":"https:\/\/www.billin.net\/blog\/que-ocurrira-con-el-desempleo-del-autonomo-en-2019\/#breadcrumb"},"inLanguage":"es","potentialAction":[{"@type":"ReadAction","target":["https:\/\/www.billin.net\/blog\/que-ocurrira-con-el-desempleo-del-autonomo-en-2019\/"]}]},{"@type":"ImageObject","inLanguage":"es","@id":"https:\/\/www.billin.net\/blog\/que-ocurrira-con-el-desempleo-del-autonomo-en-2019\/#primaryimage","url":"https:\/\/www.billin.net\/blog\/wp-content\/uploads\/2019\/02\/autonomo-despido-2019-min.jpg","contentUrl":"https:\/\/www.billin.net\/blog\/wp-content\/uploads\/2019\/02\/autonomo-despido-2019-min.jpg","width":850,"height":567},{"@type":"BreadcrumbList","@id":"https:\/\/www.billin.net\/blog\/que-ocurrira-con-el-desempleo-del-autonomo-en-2019\/#breadcrumb","itemListElement":[{"@type":"ListItem","position":1,"name":"Blog","item":"https:\/\/www.billin.net\/blog\/"},{"@type":"ListItem","position":2,"name":"Fiscalidad","item":"https:\/\/www.billin.net\/blog\/fiscalidad\/"},{"@type":"ListItem","position":3,"name":"\u00bfQu\u00e9 ocurrir\u00e1 con el desempleo del aut\u00f3nomo en 2019?"}]},{"@type":"WebSite","@id":"https:\/\/www.billin.net\/blog\/#website","url":"https:\/\/www.billin.net\/blog\/","name":"Blog de Billin","description":"Mantente informado con el blog de TeamSystem Facturas Billin:  facturaci\u00f3n, legislaci\u00f3n, contabilidad, management y toda la informaci\u00f3n \u00fatil para pymes y aut\u00f3nomos.","publisher":{"@id":"https:\/\/www.billin.net\/blog\/#organization"},"potentialAction":[{"@type":"SearchAction","target":{"@type":"EntryPoint","urlTemplate":"https:\/\/www.billin.net\/blog\/?s={search_term_string}"},"query-input":{"@type":"PropertyValueSpecification","valueRequired":true,"valueName":"search_term_string"}}],"inLanguage":"es"},{"@type":"Organization","@id":"https:\/\/www.billin.net\/blog\/#organization","name":"Billin","alternateName":"Blog de Billin","url":"https:\/\/www.billin.net\/blog\/","logo":{"@type":"ImageObject","inLanguage":"es","@id":"https:\/\/www.billin.net\/blog\/#\/schema\/logo\/image\/","url":"https:\/\/www.billin.net\/blog\/wp-content\/uploads\/2019\/06\/logotipo-billin-blog-1.png","contentUrl":"https:\/\/www.billin.net\/blog\/wp-content\/uploads\/2019\/06\/logotipo-billin-blog-1.png","width":126,"height":50,"caption":"Billin"},"image":{"@id":"https:\/\/www.billin.net\/blog\/#\/schema\/logo\/image\/"},"sameAs":["https:\/\/www.facebook.com\/EsBillin","https:\/\/x.com\/Billin_ES","https:\/\/www.instagram.com\/billin_es\/","https:\/\/www.linkedin.com\/company\/billin-spain","https:\/\/www.youtube.com\/c\/BillinEsintercambiodefacturas\/"],"legalName":"MY EXPENSES SL","contactPoint":{"@type":"ContactPoint","telephone":"+34918318883","contactType":"customer service","email":"info@billin.eu","availableLanguage":"es"},"foundingDate":"2015","numberOfEmployees":{"@type":"QuantitativeValue","minValue":10,"maxValue":50},"parentOrganization":{"@type":"Organization","name":"TeamSystem","url":"https:\/\/www.teamsystem.com\/"},"description":"Billin es el programa de facturaci\u00f3n online de TeamSystem para aut\u00f3nomos y pymes en Espa\u00f1a. Permite crear facturas, controlar gastos y cumplir con Verifactu.","address":{"@type":"PostalAddress","streetAddress":"Calle Arturo Soria, 336","addressLocality":"Madrid","addressRegion":"Madrid","postalCode":"28033","addressCountry":"ES"}},{"@type":"Person","@id":"https:\/\/www.billin.net\/blog\/#\/schema\/person\/d0339ee6e869234614541b1e80a793e7","name":"Marcos De La Cueva - CEO TeamSystem Facturas Billin","image":{"@type":"ImageObject","inLanguage":"es","@id":"https:\/\/www.billin.net\/blog\/#\/schema\/person\/image\/","url":"https:\/\/www.billin.net\/blog\/wp-content\/uploads\/2023\/10\/marcos-color-150x150.png","contentUrl":"https:\/\/www.billin.net\/blog\/wp-content\/uploads\/2023\/10\/marcos-color-150x150.png","caption":"Marcos De La Cueva - CEO TeamSystem Facturas Billin"},"description":"Licenciado en ADE por la Universidad Aut\u00f3noma de Madrid, Marcos De la Cueva es CEO y cofundador de TeamSystem Facturas Billin, un programa online que lleva m\u00e1s de 9 a\u00f1os ayudando a aut\u00f3nomos, peque\u00f1os negocios y gestor\u00edas a digitalizar sus presupuestos, facturas, tickets y gastos. \u00a0 Sobre Marcos De La Cueva \u00a0 Apasionado por el mundo empresarial y la tecnolog\u00eda, curs\u00f3 su M\u00e1ster de Finanzas en la Universidad Pontificia de Comillas y estuvo en el Programa de Cooperaci\u00f3n Educativa de la Universidad Aut\u00f3noma de Madrid. \u00a0 Marcos siempre ha tenido su objetivo claro: ayudar a la creaci\u00f3n de negocios financieramente sostenibles a trav\u00e9s de una herramienta de facturaci\u00f3n que les permita ahorrar tiempo y tener la contabilidad bajo control. \u00a0 Marcos De La Cueva en los medios \u2014 Noticia sobre Kit Digital y Ley Antifraude (VeriFactu) en El Economista. \u2014 Noticia sobre Kit Digital y factura electr\u00f3nica obligatoria en Diario Jur\u00eddico. \u2014 Noticia sobre el a\u00f1o de transici\u00f3n para la factura electr\u00f3nica en Muy Pymes. \u2014 Entrevista sobre factura electr\u00f3nica obligatoria en Canal Sur. \u2014 Noticia sobre el informe factura electr\u00f3nica de TeamSystem en Channel Partner. \u2014 Charla sobre productividad y Ley Crea y Crece en El Economista. \u2014 Charla sobre factura electr\u00f3nica obligatoria en Muy Pymes. \u2014 Charla sobre digitalizaci\u00f3n aut\u00f3nomos y productividad en esdiario. \u2014 Charla sobre productividad y factura electr\u00f3nica en La Raz\u00f3n. \u2014 Charla sobre factura electr\u00f3nica obligatoria en Aut\u00f3nomos y Emprendedores. \u2014 Entrevista sobre Ley Antifraude y Ley Crea y Crece en Expansi\u00f3n. \u2014 Entrevista sobre Ley Antifraude y Ley Crea y Crece en La Raz\u00f3n. \u2014 Entrevista sobre factura electr\u00f3nica obligatoria en El Economista. \u2014 Comunicado Billin y TeamSystem en Business Insider. \u2014 Entrevista en Econom\u00eda Digital. \u2014 Entrevista en Ideas para tu empresa de Vodafone. \u2014 Entrevista en M\u00e1sQradio. \u2014 Entrevista en Armas para emprender de El M\u00e9todo Gallardo. \u2014 Entrevista en KFund. \u2014 Entrevista en AXA Seguros Espa\u00f1a. \u2014 Entrevista en GestionaRadio. \u00a0 Marcos De La Cueva en eventos \u00a0 \u2014 Participaci\u00f3n como ponente en Accountex Espa\u00f1a 2023. \u00a0 Tem\u00e1ticas de especializaci\u00f3n \u00a0 negocios | startups | contabilidad| fiscalidad | empresas| asesor\u00edas| autonomos | emprendedores | peque\u00f1os negocios | econom\u00eda | ADE | pymes | desarrollo de negocio\u00a0","sameAs":["https:\/\/www.billin.net\/","https:\/\/www.linkedin.com\/in\/marcos-de-la-cueva-19750ba3\/"],"url":"https:\/\/www.billin.net\/blog\/author\/marcosdelacueva\/","jobTitle":"CEO y cofundador de TS Facturas Billin"}]}},"_links":{"self":[{"href":"https:\/\/www.billin.net\/blog\/wp-json\/wp\/v2\/posts\/10751","targetHints":{"allow":["GET"]}}],"collection":[{"href":"https:\/\/www.billin.net\/blog\/wp-json\/wp\/v2\/posts"}],"about":[{"href":"https:\/\/www.billin.net\/blog\/wp-json\/wp\/v2\/types\/post"}],"author":[{"embeddable":true,"href":"https:\/\/www.billin.net\/blog\/wp-json\/wp\/v2\/users\/20"}],"replies":[{"embeddable":true,"href":"https:\/\/www.billin.net\/blog\/wp-json\/wp\/v2\/comments?post=10751"}],"version-history":[{"count":9,"href":"https:\/\/www.billin.net\/blog\/wp-json\/wp\/v2\/posts\/10751\/revisions"}],"predecessor-version":[{"id":27236,"href":"https:\/\/www.billin.net\/blog\/wp-json\/wp\/v2\/posts\/10751\/revisions\/27236"}],"wp:featuredmedia":[{"embeddable":true,"href":"https:\/\/www.billin.net\/blog\/wp-json\/wp\/v2\/media\/10752"}],"wp:attachment":[{"href":"https:\/\/www.billin.net\/blog\/wp-json\/wp\/v2\/media?parent=10751"}],"wp:term":[{"taxonomy":"category","embeddable":true,"href":"https:\/\/www.billin.net\/blog\/wp-json\/wp\/v2\/categories?post=10751"},{"taxonomy":"post_tag","embeddable":true,"href":"https:\/\/www.billin.net\/blog\/wp-json\/wp\/v2\/tags?post=10751"}],"curies":[{"name":"wp","href":"https:\/\/api.w.org\/{rel}","templated":true}]}}