{"id":10743,"date":"2019-01-18T00:00:00","date_gmt":"2019-01-17T22:00:00","guid":{"rendered":"https:\/\/www.billin.net\/blog\/nuevos-derechos-autonomos-2019\/"},"modified":"2025-09-25T20:52:23","modified_gmt":"2025-09-25T18:52:23","slug":"nuevos-derechos-autonomos-2019","status":"publish","type":"post","link":"https:\/\/www.billin.net\/blog\/nuevos-derechos-autonomos-2019\/","title":{"rendered":"Nuevos derechos para los aut\u00f3nomos en 2019"},"content":{"rendered":"<p>\u00a1Ya es una realidad en el a\u00f1o 2019!, se aprueba la <strong>subida de la cuota de aut\u00f3nomos a cambio de unas mayores cobertura para el aut\u00f3nomo<\/strong>, y se mantendr\u00e1 el sistema de m\u00f3dulos, te lo contamos.<!--more--><\/p>\n<h2>Mayores coberturas para el aut\u00f3nomo<\/h2>\n<p>La Ministra de Trabajo durante su comparecencia el d\u00eda 30 de diciembre de 2018, se ratifica sobre el acuerdo llevado a cabo entre el Gobierno y las distintas Asociaciones de aut\u00f3nomos donde <strong>se ha pactado el siguiente acuerdo<\/strong>:<\/p>\n<ul>\n<li>La <strong>base de cotizaci\u00f3n del aut\u00f3nomo se incrementa<\/strong> en un 1,25% a partir de enero de 2019, pasando el tipo de cotizaci\u00f3n al 30%, esto se traduce en un aumento en la cuota de aut\u00f3nomo de 5,36 euros al mes, y para los aut\u00f3nomos solitarios ser\u00e1 6,89 euros.<\/li>\n<li>Esta <strong>cotizaci\u00f3n cubre las siguientes coberturas<\/strong>:\n<ul>\n<li>El 28,30% de enfermedad com\u00fan<\/li>\n<li>El 0,9% de enfermedad professional<\/li>\n<li>El 0,7% por cese de actividad<\/li>\n<li>El 0,1% de formaci\u00f3n y prevenci\u00f3n<\/li>\n<\/ul>\n<\/li>\n<\/ul>\n<ul>\n<li>En los pr\u00f3ximos a\u00f1os se aplicar\u00e1 la <strong>subida del porcentaje de cotizaci\u00f3n de forma gradual<\/strong>, es decir, para el 2019 ser\u00e1 el 30%, para el 2020 ser\u00e1 el 30,60% y en 2021 y 2022 se fija en 31%.<\/li>\n<\/ul>\n<p>Todo esto nos conllevar\u00e1 a una <strong>mejora en las coberturas de aut\u00f3nomos a partir del a\u00f1o 2019<\/strong>, como son:<\/p>\n<ul>\n<li>Se nos mejora el acceso al desempleo de aut\u00f3nomos, flexibilizando sus requisitos y ampliando su duraci\u00f3n.<\/li>\n<li>Se podr\u00e1 cobrar la baja por enfermedad o accidente profesional desde el primer d\u00eda de la baja.<\/li>\n<li>Se podr\u00e1 acceder a la formaci\u00f3n continua.<\/li>\n<li>A partir del segundo mes de baja por enfermedad com\u00fan, el aut\u00f3nomo dejar\u00e1 de pagar la <a href=\"https:\/\/www.billin.net\/glosario\/cuota-autonomo\/\" target=\"_blank\" rel=\"noopener noreferrer\">cuota del aut\u00f3nomo<\/a>.<\/li>\n<li>Las mujeres aut\u00f3nomas podr\u00e1n beneficiarse de una tarifa de 60 euros durante 12 meses, dentro de los 24 meses posteriores a la maternidad.<\/li>\n<li>Se mantendr\u00e1 durante el a\u00f1o 2019 la tarifa plana de los 12 primeros meses de actividad.<\/li>\n<li>Cuando se contemple la figura del <a href=\"https:\/\/www.billin.net\/blog\/autonomo-dependiente\/\" target=\"_blank\" rel=\"noopener noreferrer\">TRADE<\/a> ser\u00e1 obligatorio comunicarlo a la Tesorer\u00eda de la Seguridad Social.<\/li>\n<\/ul>\n<h2>Claves pactadas para el aut\u00f3nomo<\/h2>\n<p>A partir de 2019, seg\u00fan el Acuerdo adoptado, los aut\u00f3nomos pagar\u00e1n una <strong>cuota al mes de 283,3 euros si cotizan por la base m\u00ednima<\/strong>, y si fuese un aut\u00f3nomo solitario ser\u00eda 364,22 euros al mes.<\/p>\n<p>Para que sea de forma correlativa la subida de tipos y bases de cotizaci\u00f3n, se ha hecho de forma escalonada, de manera, que <strong>ir\u00e1 subiendo de forma paulatina hasta plantarse en el 2022<\/strong> que se establecer\u00e1 de forma fija.<\/p>\n<p>Como hemos comentado, esta cotizaci\u00f3n cubrir\u00e1 al aut\u00f3nomo por<strong> contingencias comunes y profesionales, cese de actividad y formaci\u00f3n<\/strong>, incluyendo algunas que antes eran voluntarias.<\/p>\n<p>La principal idea, es que estamos ante un sistema de cotizaci\u00f3n transitorio, ya que, el objetivo es implantar un procedimiento de cotizaci\u00f3n, que funcione con los ingresos reales del aut\u00f3nomo.<\/p>\n<p><strong>Esta subida, se va a mantener hasta que la Seguridad Social presente un documento con diferentes propuestas<\/strong> para establecer un sistema de cotizaci\u00f3n basado en ingresos reales.<\/p>\n<h2>Tributaci\u00f3n en m\u00f3dulos<\/h2>\n<p>Todos los aut\u00f3nomos que tributen en el r\u00e9gimen de estimaci\u00f3n objetiva o m\u00f3dulos, tambi\u00e9n se beneficiar\u00e1n de las <strong>medidas adoptadas para el 2019<\/strong>, en concreto, m\u00e1s de 400.000 aut\u00f3nomos, sin incluir a los agricultores, podr\u00e1n seguir tributando en el sistema de m\u00f3dulos durante un a\u00f1o m\u00e1s.<\/p>\n<p>En un principio estaba previsto que se endurecieran los <strong>l\u00edmites para el sistema de <a href=\"https:\/\/www.billin.net\/blog\/estimacion-objetiva-modulos\/\" target=\"_blank\" rel=\"noopener noreferrer\">estimaci\u00f3n objetiva<\/a><\/strong>, pero al final, un a\u00f1o m\u00e1s, se ha mantenido las mismas condiciones que en el a\u00f1o anterior:<\/p>\n<ul>\n<li>Que los rendimientos \u00edntegros del trabajador no superen 250.000 euros al a\u00f1o.<\/li>\n<li>Que la facturaci\u00f3n a otros empresarios no supere 125.000 euros al a\u00f1o.<\/li>\n<li>Que las compras en bienes y servicios no superen 250.000 euros.<\/li>\n<\/ul>\n<p>Este sistema de m\u00f3dulos es sencillo y \u00e1gil, y est\u00e1 especialmente dise\u00f1ado para aquellos aut\u00f3nomos m\u00e1s bajos, ya que, se fija en una cuota fiscal, lo que hace que<strong> el empresario se despreocupe de llevar una contabilidad<\/strong>.<\/p>\n<p><img loading=\"lazy\" decoding=\"async\" class=\"aligncenter size-full wp-image-9393\" src=\"https:\/\/www.billin.net\/blog\/wp-content\/uploads\/2019\/01\/autonomos-2019-novedades-min.jpg\" alt=\"autonomos-2019-novedades-min.jpg\" width=\"850\" height=\"567\" \/><\/p>\n<h2>\u00bfQu\u00e9 nos depara el a\u00f1o 2019?<\/h2>\n<p>Como cada cambio de a\u00f1o, nos atrae algunas subidas que nos afectar\u00e1n a la econom\u00eda dom\u00e9stica, es decir, a todos, seg\u00fan las previsiones del Banco de Espa\u00f1a <strong>la econom\u00eda crecer\u00e1 en un 2,2%,<\/strong> con una moderaci\u00f3n en el crecimiento del empleo.<\/p>\n<p>Habr\u00e1 una subida en el <strong>salario m\u00ednimo \u00ednter-profesional quedando fijado en 900 euros al mes<\/strong>, lo que supone un aumento del 22%.<\/p>\n<p>La <strong>edad de jubilaci\u00f3n se retrasa a 65 a\u00f1os y ocho meses<\/strong>, se mantendr\u00e1 en el 100% a los 65 a\u00f1os, quienes hayan cotizado al menos 36 a\u00f1os y nueve meses.<\/p>\n<p>El precio de la vivienda se mantendr\u00e1 en alza, es decir, crecer\u00e1 en torno al 3% de forma nacional.<\/p>\n<p>Aparecen nuevas normas de circulaci\u00f3n, como por ejemplo, en <strong>carreteras convencionales bajar\u00e1 el l\u00edmite de velocidad a 90km\/h<\/strong>, se endurece la multa por el uso del m\u00f3vil o por no llevar la silla reglamentaria para menores de 12 a\u00f1os.<\/p>\n<p><strong>El periodo de <a href=\"https:\/\/www.billin.net\/blog\/baja-paternidad-autonomos-lo-debes-saber\/\" target=\"_blank\" rel=\"noopener noreferrer\">baja por paternidad<\/a> de ampliar\u00e1 a 5 semanas<\/strong>, lo cual, se lleva aplicando desde julio de 2018, y los ingresos por paternidad no cotizar\u00e1n por IRPF.<\/p>\n","protected":false},"excerpt":{"rendered":"<p>\u00a1Ya es una realidad en el a\u00f1o 2019!, se aprueba la subida de la cuota de aut\u00f3nomos a cambio de unas mayores cobertura para el aut\u00f3nomo, y se mantendr\u00e1 el sistema de m\u00f3dulos, te lo contamos.<\/p>\n","protected":false},"author":20,"featured_media":10744,"comment_status":"open","ping_status":"open","sticky":false,"template":"","format":"standard","meta":{"_acf_changed":false,"_et_pb_use_builder":"","_et_pb_old_content":"","_et_gb_content_width":"","om_disable_all_campaigns":false,"inline_featured_image":false,"footnotes":""},"categories":[1014],"tags":[1380],"class_list":{"0":"post-10743","1":"post","2":"type-post","3":"status-publish","4":"format-standard","5":"has-post-thumbnail","7":"category-fiscalidad","8":"tag-autonomos"},"acf":{"selector_de_usuario":null,"fecha_de_revision":"20200515"},"yoast_head":"<!-- This site is optimized with the Yoast SEO plugin v27.1 - https:\/\/yoast.com\/product\/yoast-seo-wordpress\/ -->\n<title>Nuevos derechos para los aut\u00f3nomos en 2019 - Blog de TeamSystem Facturas Billin<\/title>\n<meta name=\"description\" content=\"Se aprueba la subida de la cuota de aut\u00f3nomos a cambio de unas mayores cobertura para el aut\u00f3nomo, y se mantendr\u00e1 el sistema de m\u00f3dulos.\" \/>\n<meta name=\"robots\" content=\"index, follow, max-snippet:-1, max-image-preview:large, max-video-preview:-1\" \/>\n<link rel=\"canonical\" href=\"https:\/\/www.billin.net\/blog\/nuevos-derechos-autonomos-2019\/\" \/>\n<meta property=\"og:locale\" content=\"es_ES\" \/>\n<meta property=\"og:type\" content=\"article\" \/>\n<meta property=\"og:title\" content=\"Nuevos derechos para los aut\u00f3nomos en 2019 - Blog de TeamSystem Facturas Billin\" \/>\n<meta property=\"og:description\" content=\"Se aprueba la subida de la cuota de aut\u00f3nomos a cambio de unas mayores cobertura para el aut\u00f3nomo, y se mantendr\u00e1 el sistema de m\u00f3dulos.\" \/>\n<meta property=\"og:url\" content=\"https:\/\/www.billin.net\/blog\/nuevos-derechos-autonomos-2019\/\" \/>\n<meta property=\"og:site_name\" content=\"Blog de TeamSystem Facturas Billin\" \/>\n<meta property=\"article:publisher\" content=\"https:\/\/www.facebook.com\/EsBillin\" \/>\n<meta property=\"article:published_time\" content=\"2019-01-17T22:00:00+00:00\" \/>\n<meta property=\"article:modified_time\" content=\"2025-09-25T18:52:23+00:00\" \/>\n<meta property=\"og:image\" content=\"https:\/\/www.billin.net\/blog\/wp-content\/uploads\/2019\/02\/nuevos-derechos-autonomos-2019-min.jpg\" \/>\n\t<meta property=\"og:image:width\" content=\"850\" \/>\n\t<meta property=\"og:image:height\" content=\"567\" \/>\n\t<meta property=\"og:image:type\" content=\"image\/jpeg\" \/>\n<meta name=\"author\" content=\"Marcos De La Cueva - CEO TeamSystem Facturas Billin\" \/>\n<meta name=\"twitter:card\" content=\"summary_large_image\" \/>\n<meta name=\"twitter:creator\" content=\"@Billin_ES\" \/>\n<meta name=\"twitter:site\" content=\"@Billin_ES\" \/>\n<meta name=\"twitter:label1\" content=\"Escrito por\" \/>\n\t<meta name=\"twitter:data1\" content=\"Marcos De La Cueva - CEO TeamSystem Facturas Billin\" \/>\n\t<meta name=\"twitter:label2\" content=\"Tiempo de lectura\" \/>\n\t<meta name=\"twitter:data2\" content=\"4 minutos\" \/>\n<script type=\"application\/ld+json\" class=\"yoast-schema-graph\">{\"@context\":\"https:\/\/schema.org\",\"@graph\":[{\"@type\":\"Article\",\"@id\":\"https:\/\/www.billin.net\/blog\/nuevos-derechos-autonomos-2019\/#article\",\"isPartOf\":{\"@id\":\"https:\/\/www.billin.net\/blog\/nuevos-derechos-autonomos-2019\/\"},\"author\":{\"name\":\"Marcos De La Cueva - CEO TeamSystem Facturas Billin\",\"@id\":\"https:\/\/www.billin.net\/blog\/#\/schema\/person\/d0339ee6e869234614541b1e80a793e7\"},\"headline\":\"Nuevos derechos para los aut\u00f3nomos en 2019\",\"datePublished\":\"2019-01-17T22:00:00+00:00\",\"dateModified\":\"2025-09-25T18:52:23+00:00\",\"mainEntityOfPage\":{\"@id\":\"https:\/\/www.billin.net\/blog\/nuevos-derechos-autonomos-2019\/\"},\"wordCount\":882,\"commentCount\":0,\"publisher\":{\"@id\":\"https:\/\/www.billin.net\/blog\/#organization\"},\"image\":{\"@id\":\"https:\/\/www.billin.net\/blog\/nuevos-derechos-autonomos-2019\/#primaryimage\"},\"thumbnailUrl\":\"https:\/\/www.billin.net\/blog\/wp-content\/uploads\/2019\/02\/nuevos-derechos-autonomos-2019-min.jpg\",\"keywords\":[\"Aut\u00f3nomos\"],\"articleSection\":[\"Fiscalidad\"],\"inLanguage\":\"es\",\"potentialAction\":[{\"@type\":\"CommentAction\",\"name\":\"Comment\",\"target\":[\"https:\/\/www.billin.net\/blog\/nuevos-derechos-autonomos-2019\/#respond\"]}]},{\"@type\":\"WebPage\",\"@id\":\"https:\/\/www.billin.net\/blog\/nuevos-derechos-autonomos-2019\/\",\"url\":\"https:\/\/www.billin.net\/blog\/nuevos-derechos-autonomos-2019\/\",\"name\":\"Nuevos derechos para los aut\u00f3nomos en 2019 - Blog de TeamSystem Facturas Billin\",\"isPartOf\":{\"@id\":\"https:\/\/www.billin.net\/blog\/#website\"},\"primaryImageOfPage\":{\"@id\":\"https:\/\/www.billin.net\/blog\/nuevos-derechos-autonomos-2019\/#primaryimage\"},\"image\":{\"@id\":\"https:\/\/www.billin.net\/blog\/nuevos-derechos-autonomos-2019\/#primaryimage\"},\"thumbnailUrl\":\"https:\/\/www.billin.net\/blog\/wp-content\/uploads\/2019\/02\/nuevos-derechos-autonomos-2019-min.jpg\",\"datePublished\":\"2019-01-17T22:00:00+00:00\",\"dateModified\":\"2025-09-25T18:52:23+00:00\",\"description\":\"Se aprueba la subida de la cuota de aut\u00f3nomos a cambio de unas mayores cobertura para el aut\u00f3nomo, y se mantendr\u00e1 el sistema de m\u00f3dulos.\",\"breadcrumb\":{\"@id\":\"https:\/\/www.billin.net\/blog\/nuevos-derechos-autonomos-2019\/#breadcrumb\"},\"inLanguage\":\"es\",\"potentialAction\":[{\"@type\":\"ReadAction\",\"target\":[\"https:\/\/www.billin.net\/blog\/nuevos-derechos-autonomos-2019\/\"]}]},{\"@type\":\"ImageObject\",\"inLanguage\":\"es\",\"@id\":\"https:\/\/www.billin.net\/blog\/nuevos-derechos-autonomos-2019\/#primaryimage\",\"url\":\"https:\/\/www.billin.net\/blog\/wp-content\/uploads\/2019\/02\/nuevos-derechos-autonomos-2019-min.jpg\",\"contentUrl\":\"https:\/\/www.billin.net\/blog\/wp-content\/uploads\/2019\/02\/nuevos-derechos-autonomos-2019-min.jpg\",\"width\":850,\"height\":567},{\"@type\":\"BreadcrumbList\",\"@id\":\"https:\/\/www.billin.net\/blog\/nuevos-derechos-autonomos-2019\/#breadcrumb\",\"itemListElement\":[{\"@type\":\"ListItem\",\"position\":1,\"name\":\"Blog\",\"item\":\"https:\/\/www.billin.net\/blog\/\"},{\"@type\":\"ListItem\",\"position\":2,\"name\":\"Fiscalidad\",\"item\":\"https:\/\/www.billin.net\/blog\/fiscalidad\/\"},{\"@type\":\"ListItem\",\"position\":3,\"name\":\"Nuevos derechos para los aut\u00f3nomos en 2019\"}]},{\"@type\":\"WebSite\",\"@id\":\"https:\/\/www.billin.net\/blog\/#website\",\"url\":\"https:\/\/www.billin.net\/blog\/\",\"name\":\"Blog de Billin\",\"description\":\"Mantente informado con el blog de TeamSystem Facturas Billin:  facturaci\u00f3n, legislaci\u00f3n, contabilidad, management y toda la informaci\u00f3n \u00fatil para pymes y aut\u00f3nomos.\",\"publisher\":{\"@id\":\"https:\/\/www.billin.net\/blog\/#organization\"},\"potentialAction\":[{\"@type\":\"SearchAction\",\"target\":{\"@type\":\"EntryPoint\",\"urlTemplate\":\"https:\/\/www.billin.net\/blog\/?s={search_term_string}\"},\"query-input\":{\"@type\":\"PropertyValueSpecification\",\"valueRequired\":true,\"valueName\":\"search_term_string\"}}],\"inLanguage\":\"es\"},{\"@type\":\"Organization\",\"@id\":\"https:\/\/www.billin.net\/blog\/#organization\",\"name\":\"Billin\",\"alternateName\":\"Blog de Billin\",\"url\":\"https:\/\/www.billin.net\/blog\/\",\"logo\":{\"@type\":\"ImageObject\",\"inLanguage\":\"es\",\"@id\":\"https:\/\/www.billin.net\/blog\/#\/schema\/logo\/image\/\",\"url\":\"https:\/\/www.billin.net\/blog\/wp-content\/uploads\/2019\/06\/logotipo-billin-blog-1.png\",\"contentUrl\":\"https:\/\/www.billin.net\/blog\/wp-content\/uploads\/2019\/06\/logotipo-billin-blog-1.png\",\"width\":126,\"height\":50,\"caption\":\"Billin\"},\"image\":{\"@id\":\"https:\/\/www.billin.net\/blog\/#\/schema\/logo\/image\/\"},\"sameAs\":[\"https:\/\/www.facebook.com\/EsBillin\",\"https:\/\/x.com\/Billin_ES\",\"https:\/\/www.instagram.com\/billin_es\/\",\"https:\/\/www.linkedin.com\/company\/billin-spain\",\"https:\/\/www.youtube.com\/c\/BillinEsintercambiodefacturas\/\"],\"legalName\":\"MY EXPENSES SL\",\"contactPoint\":{\"@type\":\"ContactPoint\",\"telephone\":\"+34918318883\",\"contactType\":\"customer service\",\"email\":\"info@billin.eu\",\"availableLanguage\":\"es\"},\"foundingDate\":\"2015\",\"numberOfEmployees\":{\"@type\":\"QuantitativeValue\",\"minValue\":10,\"maxValue\":50},\"parentOrganization\":{\"@type\":\"Organization\",\"name\":\"TeamSystem\",\"url\":\"https:\/\/www.teamsystem.com\/\"},\"description\":\"Billin es el programa de facturaci\u00f3n online de TeamSystem para aut\u00f3nomos y pymes en Espa\u00f1a. Permite crear facturas, controlar gastos y cumplir con Verifactu.\",\"address\":{\"@type\":\"PostalAddress\",\"streetAddress\":\"Calle Arturo Soria, 336\",\"addressLocality\":\"Madrid\",\"addressRegion\":\"Madrid\",\"postalCode\":\"28033\",\"addressCountry\":\"ES\"}},{\"@type\":\"Person\",\"@id\":\"https:\/\/www.billin.net\/blog\/#\/schema\/person\/d0339ee6e869234614541b1e80a793e7\",\"name\":\"Marcos De La Cueva - CEO TeamSystem Facturas Billin\",\"image\":{\"@type\":\"ImageObject\",\"inLanguage\":\"es\",\"@id\":\"https:\/\/www.billin.net\/blog\/#\/schema\/person\/image\/\",\"url\":\"https:\/\/www.billin.net\/blog\/wp-content\/uploads\/2023\/10\/marcos-color-150x150.png\",\"contentUrl\":\"https:\/\/www.billin.net\/blog\/wp-content\/uploads\/2023\/10\/marcos-color-150x150.png\",\"caption\":\"Marcos De La Cueva - CEO TeamSystem Facturas Billin\"},\"description\":\"Licenciado en ADE por la Universidad Aut\u00f3noma de Madrid, Marcos De la Cueva es CEO y cofundador de TeamSystem Facturas Billin, un programa online que lleva m\u00e1s de 9 a\u00f1os ayudando a aut\u00f3nomos, peque\u00f1os negocios y gestor\u00edas a digitalizar sus presupuestos, facturas, tickets y gastos. \u00a0 Sobre Marcos De La Cueva \u00a0 Apasionado por el mundo empresarial y la tecnolog\u00eda, curs\u00f3 su M\u00e1ster de Finanzas en la Universidad Pontificia de Comillas y estuvo en el Programa de Cooperaci\u00f3n Educativa de la Universidad Aut\u00f3noma de Madrid. \u00a0 Marcos siempre ha tenido su objetivo claro: ayudar a la creaci\u00f3n de negocios financieramente sostenibles a trav\u00e9s de una herramienta de facturaci\u00f3n que les permita ahorrar tiempo y tener la contabilidad bajo control. \u00a0 Marcos De La Cueva en los medios \u2014 Noticia sobre Kit Digital y Ley Antifraude (VeriFactu) en El Economista. \u2014 Noticia sobre Kit Digital y factura electr\u00f3nica obligatoria en Diario Jur\u00eddico. \u2014 Noticia sobre el a\u00f1o de transici\u00f3n para la factura electr\u00f3nica en Muy Pymes. \u2014 Entrevista sobre factura electr\u00f3nica obligatoria en Canal Sur. \u2014 Noticia sobre el informe factura electr\u00f3nica de TeamSystem en Channel Partner. \u2014 Charla sobre productividad y Ley Crea y Crece en El Economista. \u2014 Charla sobre factura electr\u00f3nica obligatoria en Muy Pymes. \u2014 Charla sobre digitalizaci\u00f3n aut\u00f3nomos y productividad en esdiario. \u2014 Charla sobre productividad y factura electr\u00f3nica en La Raz\u00f3n. \u2014 Charla sobre factura electr\u00f3nica obligatoria en Aut\u00f3nomos y Emprendedores. \u2014 Entrevista sobre Ley Antifraude y Ley Crea y Crece en Expansi\u00f3n. \u2014 Entrevista sobre Ley Antifraude y Ley Crea y Crece en La Raz\u00f3n. \u2014 Entrevista sobre factura electr\u00f3nica obligatoria en El Economista. \u2014 Comunicado Billin y TeamSystem en Business Insider. \u2014 Entrevista en Econom\u00eda Digital. \u2014 Entrevista en Ideas para tu empresa de Vodafone. \u2014 Entrevista en M\u00e1sQradio. \u2014 Entrevista en Armas para emprender de El M\u00e9todo Gallardo. \u2014 Entrevista en KFund. \u2014 Entrevista en AXA Seguros Espa\u00f1a. \u2014 Entrevista en GestionaRadio. \u00a0 Marcos De La Cueva en eventos \u00a0 \u2014 Participaci\u00f3n como ponente en Accountex Espa\u00f1a 2023. \u00a0 Tem\u00e1ticas de especializaci\u00f3n \u00a0 negocios | startups | contabilidad| fiscalidad | empresas| asesor\u00edas| autonomos | emprendedores | peque\u00f1os negocios | econom\u00eda | ADE | pymes | desarrollo de negocio\u00a0\",\"sameAs\":[\"https:\/\/www.billin.net\/\",\"https:\/\/www.linkedin.com\/in\/marcos-de-la-cueva-19750ba3\/\"],\"url\":\"https:\/\/www.billin.net\/blog\/author\/marcosdelacueva\/\",\"jobTitle\":\"CEO y cofundador de TS Facturas Billin\"}]}<\/script>\n<!-- \/ Yoast SEO plugin. -->","yoast_head_json":{"title":"Nuevos derechos para los aut\u00f3nomos en 2019 - Blog de TeamSystem Facturas Billin","description":"Se aprueba la subida de la cuota de aut\u00f3nomos a cambio de unas mayores cobertura para el aut\u00f3nomo, y se mantendr\u00e1 el sistema de m\u00f3dulos.","robots":{"index":"index","follow":"follow","max-snippet":"max-snippet:-1","max-image-preview":"max-image-preview:large","max-video-preview":"max-video-preview:-1"},"canonical":"https:\/\/www.billin.net\/blog\/nuevos-derechos-autonomos-2019\/","og_locale":"es_ES","og_type":"article","og_title":"Nuevos derechos para los aut\u00f3nomos en 2019 - Blog de TeamSystem Facturas Billin","og_description":"Se aprueba la subida de la cuota de aut\u00f3nomos a cambio de unas mayores cobertura para el aut\u00f3nomo, y se mantendr\u00e1 el sistema de m\u00f3dulos.","og_url":"https:\/\/www.billin.net\/blog\/nuevos-derechos-autonomos-2019\/","og_site_name":"Blog de TeamSystem Facturas Billin","article_publisher":"https:\/\/www.facebook.com\/EsBillin","article_published_time":"2019-01-17T22:00:00+00:00","article_modified_time":"2025-09-25T18:52:23+00:00","og_image":[{"width":850,"height":567,"url":"https:\/\/www.billin.net\/blog\/wp-content\/uploads\/2019\/02\/nuevos-derechos-autonomos-2019-min.jpg","type":"image\/jpeg"}],"author":"Marcos De La Cueva - CEO TeamSystem Facturas Billin","twitter_card":"summary_large_image","twitter_creator":"@Billin_ES","twitter_site":"@Billin_ES","twitter_misc":{"Escrito por":"Marcos De La Cueva - CEO TeamSystem Facturas Billin","Tiempo de lectura":"4 minutos"},"schema":{"@context":"https:\/\/schema.org","@graph":[{"@type":"Article","@id":"https:\/\/www.billin.net\/blog\/nuevos-derechos-autonomos-2019\/#article","isPartOf":{"@id":"https:\/\/www.billin.net\/blog\/nuevos-derechos-autonomos-2019\/"},"author":{"name":"Marcos De La Cueva - CEO TeamSystem Facturas Billin","@id":"https:\/\/www.billin.net\/blog\/#\/schema\/person\/d0339ee6e869234614541b1e80a793e7"},"headline":"Nuevos derechos para los aut\u00f3nomos en 2019","datePublished":"2019-01-17T22:00:00+00:00","dateModified":"2025-09-25T18:52:23+00:00","mainEntityOfPage":{"@id":"https:\/\/www.billin.net\/blog\/nuevos-derechos-autonomos-2019\/"},"wordCount":882,"commentCount":0,"publisher":{"@id":"https:\/\/www.billin.net\/blog\/#organization"},"image":{"@id":"https:\/\/www.billin.net\/blog\/nuevos-derechos-autonomos-2019\/#primaryimage"},"thumbnailUrl":"https:\/\/www.billin.net\/blog\/wp-content\/uploads\/2019\/02\/nuevos-derechos-autonomos-2019-min.jpg","keywords":["Aut\u00f3nomos"],"articleSection":["Fiscalidad"],"inLanguage":"es","potentialAction":[{"@type":"CommentAction","name":"Comment","target":["https:\/\/www.billin.net\/blog\/nuevos-derechos-autonomos-2019\/#respond"]}]},{"@type":"WebPage","@id":"https:\/\/www.billin.net\/blog\/nuevos-derechos-autonomos-2019\/","url":"https:\/\/www.billin.net\/blog\/nuevos-derechos-autonomos-2019\/","name":"Nuevos derechos para los aut\u00f3nomos en 2019 - Blog de TeamSystem Facturas Billin","isPartOf":{"@id":"https:\/\/www.billin.net\/blog\/#website"},"primaryImageOfPage":{"@id":"https:\/\/www.billin.net\/blog\/nuevos-derechos-autonomos-2019\/#primaryimage"},"image":{"@id":"https:\/\/www.billin.net\/blog\/nuevos-derechos-autonomos-2019\/#primaryimage"},"thumbnailUrl":"https:\/\/www.billin.net\/blog\/wp-content\/uploads\/2019\/02\/nuevos-derechos-autonomos-2019-min.jpg","datePublished":"2019-01-17T22:00:00+00:00","dateModified":"2025-09-25T18:52:23+00:00","description":"Se aprueba la subida de la cuota de aut\u00f3nomos a cambio de unas mayores cobertura para el aut\u00f3nomo, y se mantendr\u00e1 el sistema de m\u00f3dulos.","breadcrumb":{"@id":"https:\/\/www.billin.net\/blog\/nuevos-derechos-autonomos-2019\/#breadcrumb"},"inLanguage":"es","potentialAction":[{"@type":"ReadAction","target":["https:\/\/www.billin.net\/blog\/nuevos-derechos-autonomos-2019\/"]}]},{"@type":"ImageObject","inLanguage":"es","@id":"https:\/\/www.billin.net\/blog\/nuevos-derechos-autonomos-2019\/#primaryimage","url":"https:\/\/www.billin.net\/blog\/wp-content\/uploads\/2019\/02\/nuevos-derechos-autonomos-2019-min.jpg","contentUrl":"https:\/\/www.billin.net\/blog\/wp-content\/uploads\/2019\/02\/nuevos-derechos-autonomos-2019-min.jpg","width":850,"height":567},{"@type":"BreadcrumbList","@id":"https:\/\/www.billin.net\/blog\/nuevos-derechos-autonomos-2019\/#breadcrumb","itemListElement":[{"@type":"ListItem","position":1,"name":"Blog","item":"https:\/\/www.billin.net\/blog\/"},{"@type":"ListItem","position":2,"name":"Fiscalidad","item":"https:\/\/www.billin.net\/blog\/fiscalidad\/"},{"@type":"ListItem","position":3,"name":"Nuevos derechos para los aut\u00f3nomos en 2019"}]},{"@type":"WebSite","@id":"https:\/\/www.billin.net\/blog\/#website","url":"https:\/\/www.billin.net\/blog\/","name":"Blog de Billin","description":"Mantente informado con el blog de TeamSystem Facturas Billin:  facturaci\u00f3n, legislaci\u00f3n, contabilidad, management y toda la informaci\u00f3n \u00fatil para pymes y aut\u00f3nomos.","publisher":{"@id":"https:\/\/www.billin.net\/blog\/#organization"},"potentialAction":[{"@type":"SearchAction","target":{"@type":"EntryPoint","urlTemplate":"https:\/\/www.billin.net\/blog\/?s={search_term_string}"},"query-input":{"@type":"PropertyValueSpecification","valueRequired":true,"valueName":"search_term_string"}}],"inLanguage":"es"},{"@type":"Organization","@id":"https:\/\/www.billin.net\/blog\/#organization","name":"Billin","alternateName":"Blog de Billin","url":"https:\/\/www.billin.net\/blog\/","logo":{"@type":"ImageObject","inLanguage":"es","@id":"https:\/\/www.billin.net\/blog\/#\/schema\/logo\/image\/","url":"https:\/\/www.billin.net\/blog\/wp-content\/uploads\/2019\/06\/logotipo-billin-blog-1.png","contentUrl":"https:\/\/www.billin.net\/blog\/wp-content\/uploads\/2019\/06\/logotipo-billin-blog-1.png","width":126,"height":50,"caption":"Billin"},"image":{"@id":"https:\/\/www.billin.net\/blog\/#\/schema\/logo\/image\/"},"sameAs":["https:\/\/www.facebook.com\/EsBillin","https:\/\/x.com\/Billin_ES","https:\/\/www.instagram.com\/billin_es\/","https:\/\/www.linkedin.com\/company\/billin-spain","https:\/\/www.youtube.com\/c\/BillinEsintercambiodefacturas\/"],"legalName":"MY EXPENSES SL","contactPoint":{"@type":"ContactPoint","telephone":"+34918318883","contactType":"customer service","email":"info@billin.eu","availableLanguage":"es"},"foundingDate":"2015","numberOfEmployees":{"@type":"QuantitativeValue","minValue":10,"maxValue":50},"parentOrganization":{"@type":"Organization","name":"TeamSystem","url":"https:\/\/www.teamsystem.com\/"},"description":"Billin es el programa de facturaci\u00f3n online de TeamSystem para aut\u00f3nomos y pymes en Espa\u00f1a. Permite crear facturas, controlar gastos y cumplir con Verifactu.","address":{"@type":"PostalAddress","streetAddress":"Calle Arturo Soria, 336","addressLocality":"Madrid","addressRegion":"Madrid","postalCode":"28033","addressCountry":"ES"}},{"@type":"Person","@id":"https:\/\/www.billin.net\/blog\/#\/schema\/person\/d0339ee6e869234614541b1e80a793e7","name":"Marcos De La Cueva - CEO TeamSystem Facturas Billin","image":{"@type":"ImageObject","inLanguage":"es","@id":"https:\/\/www.billin.net\/blog\/#\/schema\/person\/image\/","url":"https:\/\/www.billin.net\/blog\/wp-content\/uploads\/2023\/10\/marcos-color-150x150.png","contentUrl":"https:\/\/www.billin.net\/blog\/wp-content\/uploads\/2023\/10\/marcos-color-150x150.png","caption":"Marcos De La Cueva - CEO TeamSystem Facturas Billin"},"description":"Licenciado en ADE por la Universidad Aut\u00f3noma de Madrid, Marcos De la Cueva es CEO y cofundador de TeamSystem Facturas Billin, un programa online que lleva m\u00e1s de 9 a\u00f1os ayudando a aut\u00f3nomos, peque\u00f1os negocios y gestor\u00edas a digitalizar sus presupuestos, facturas, tickets y gastos. \u00a0 Sobre Marcos De La Cueva \u00a0 Apasionado por el mundo empresarial y la tecnolog\u00eda, curs\u00f3 su M\u00e1ster de Finanzas en la Universidad Pontificia de Comillas y estuvo en el Programa de Cooperaci\u00f3n Educativa de la Universidad Aut\u00f3noma de Madrid. \u00a0 Marcos siempre ha tenido su objetivo claro: ayudar a la creaci\u00f3n de negocios financieramente sostenibles a trav\u00e9s de una herramienta de facturaci\u00f3n que les permita ahorrar tiempo y tener la contabilidad bajo control. \u00a0 Marcos De La Cueva en los medios \u2014 Noticia sobre Kit Digital y Ley Antifraude (VeriFactu) en El Economista. \u2014 Noticia sobre Kit Digital y factura electr\u00f3nica obligatoria en Diario Jur\u00eddico. \u2014 Noticia sobre el a\u00f1o de transici\u00f3n para la factura electr\u00f3nica en Muy Pymes. \u2014 Entrevista sobre factura electr\u00f3nica obligatoria en Canal Sur. \u2014 Noticia sobre el informe factura electr\u00f3nica de TeamSystem en Channel Partner. \u2014 Charla sobre productividad y Ley Crea y Crece en El Economista. \u2014 Charla sobre factura electr\u00f3nica obligatoria en Muy Pymes. \u2014 Charla sobre digitalizaci\u00f3n aut\u00f3nomos y productividad en esdiario. \u2014 Charla sobre productividad y factura electr\u00f3nica en La Raz\u00f3n. \u2014 Charla sobre factura electr\u00f3nica obligatoria en Aut\u00f3nomos y Emprendedores. \u2014 Entrevista sobre Ley Antifraude y Ley Crea y Crece en Expansi\u00f3n. \u2014 Entrevista sobre Ley Antifraude y Ley Crea y Crece en La Raz\u00f3n. \u2014 Entrevista sobre factura electr\u00f3nica obligatoria en El Economista. \u2014 Comunicado Billin y TeamSystem en Business Insider. \u2014 Entrevista en Econom\u00eda Digital. \u2014 Entrevista en Ideas para tu empresa de Vodafone. \u2014 Entrevista en M\u00e1sQradio. \u2014 Entrevista en Armas para emprender de El M\u00e9todo Gallardo. \u2014 Entrevista en KFund. \u2014 Entrevista en AXA Seguros Espa\u00f1a. \u2014 Entrevista en GestionaRadio. \u00a0 Marcos De La Cueva en eventos \u00a0 \u2014 Participaci\u00f3n como ponente en Accountex Espa\u00f1a 2023. \u00a0 Tem\u00e1ticas de especializaci\u00f3n \u00a0 negocios | startups | contabilidad| fiscalidad | empresas| asesor\u00edas| autonomos | emprendedores | peque\u00f1os negocios | econom\u00eda | ADE | pymes | desarrollo de negocio\u00a0","sameAs":["https:\/\/www.billin.net\/","https:\/\/www.linkedin.com\/in\/marcos-de-la-cueva-19750ba3\/"],"url":"https:\/\/www.billin.net\/blog\/author\/marcosdelacueva\/","jobTitle":"CEO y cofundador de TS Facturas Billin"}]}},"_links":{"self":[{"href":"https:\/\/www.billin.net\/blog\/wp-json\/wp\/v2\/posts\/10743","targetHints":{"allow":["GET"]}}],"collection":[{"href":"https:\/\/www.billin.net\/blog\/wp-json\/wp\/v2\/posts"}],"about":[{"href":"https:\/\/www.billin.net\/blog\/wp-json\/wp\/v2\/types\/post"}],"author":[{"embeddable":true,"href":"https:\/\/www.billin.net\/blog\/wp-json\/wp\/v2\/users\/20"}],"replies":[{"embeddable":true,"href":"https:\/\/www.billin.net\/blog\/wp-json\/wp\/v2\/comments?post=10743"}],"version-history":[{"count":7,"href":"https:\/\/www.billin.net\/blog\/wp-json\/wp\/v2\/posts\/10743\/revisions"}],"predecessor-version":[{"id":27245,"href":"https:\/\/www.billin.net\/blog\/wp-json\/wp\/v2\/posts\/10743\/revisions\/27245"}],"wp:featuredmedia":[{"embeddable":true,"href":"https:\/\/www.billin.net\/blog\/wp-json\/wp\/v2\/media\/10744"}],"wp:attachment":[{"href":"https:\/\/www.billin.net\/blog\/wp-json\/wp\/v2\/media?parent=10743"}],"wp:term":[{"taxonomy":"category","embeddable":true,"href":"https:\/\/www.billin.net\/blog\/wp-json\/wp\/v2\/categories?post=10743"},{"taxonomy":"post_tag","embeddable":true,"href":"https:\/\/www.billin.net\/blog\/wp-json\/wp\/v2\/tags?post=10743"}],"curies":[{"name":"wp","href":"https:\/\/api.w.org\/{rel}","templated":true}]}}