{"id":10734,"date":"2018-12-24T00:00:00","date_gmt":"2018-12-23T22:00:00","guid":{"rendered":"https:\/\/www.billin.net\/blog\/nuevo-sistema-de-declaraciones-informativas-para-2019\/"},"modified":"2025-09-25T20:52:37","modified_gmt":"2025-09-25T18:52:37","slug":"nuevo-sistema-de-declaraciones-informativas-para-2019","status":"publish","type":"post","link":"https:\/\/www.billin.net\/blog\/nuevo-sistema-de-declaraciones-informativas-para-2019\/","title":{"rendered":"Nuevo sistema de declaraciones informativas para 2019"},"content":{"rendered":"<p>Conoce todas las novedades que surgen en el <strong>sistema de declaraciones informativas<\/strong> para la pr\u00f3xima campa\u00f1a de 2018, que comenzar\u00e1 a partir del 01 de enero de 2019.<!--more--><\/p>\n<h2>Sistema actual TGVI<\/h2>\n<p>El sistema actual TGVI (presentaci\u00f3n de grandes vol\u00famenes de informaci\u00f3n) es sustituido por el <strong>nuevo TGVI online<\/strong>, el cual, afectar\u00e1 a aquellas empresas que los modelos de presentaci\u00f3n superen los 40.000 registros.<\/p>\n<p>La Agencia Tributaria, para poder manejar la informaci\u00f3n de forma m\u00e1s eficiente, requiere una correcta identificaci\u00f3n del contribuyente.<\/p>\n<p>En la campa\u00f1a que comenzar\u00e1 el 01 de enero de 2019, de declaraciones informativas 2018, se va a modificar el modo en que se transmite la informaci\u00f3n, ya que, el sistema actual de Transformaci\u00f3n de Grandes Vol\u00famenes de Informaci\u00f3n, el cual, se sustituir\u00e1 por el TGVI online, que adem\u00e1s de transmitir la informaci\u00f3n tambi\u00e9n la validar\u00e1 de forma simult\u00e1nea.<\/p>\n<p>Esta sustituci\u00f3n se ir\u00e1 haciendo de forma paulatina, ahora en la campa\u00f1a que comienza el 01 de enero 2019 s\u00f3lo <strong>se ver\u00e1n algunos modelos afectados<\/strong>.<\/p>\n<p>De esta manera, los registros que lleven errores, no se admitir\u00e1n por el sistema de informaci\u00f3n de Hacienda, sobre todo,<strong> incidencias relacionadas con los datos fiscales del contribuyente<\/strong>.<\/p>\n<h2>\u00bfQu\u00e9 modelos se ver\u00e1n afectados?<\/h2>\n<p>Como hemos comentado este cambio se har\u00e1 de forma paulatina, en esta campa\u00f1a de 2018, solo se ver\u00e1n afectados los siguientes modelos:<\/p>\n<ul>\n<li><strong>156<\/strong>: cotizaciones de afiliados y mutualidades a efectos de la deducci\u00f3n por maternidad.<\/li>\n<li><strong>181<\/strong>: pr\u00e9stamos y cr\u00e9ditos, y operaciones financieras relacionadas con bienes inmuebles.<\/li>\n<li><strong>182<\/strong>: donativos, donaciones y aportaciones recibidas.<\/li>\n<li><strong>187<\/strong>: acciones y participaciones representativas del capital o patrimonio de instituciones de inversi\u00f3n colectiva.<\/li>\n<li><strong>188<\/strong>: rendimientos de capital mobiliario procedentes de operaciones de capitalizaci\u00f3n y de contratos de seguro de vida o invalidez.<\/li>\n<li><strong>190<\/strong>: resumen del modelo 111, retenciones e ingresos a cuenta por actividades econ\u00f3micas y rendimientos del trabajo, premios y determinadas ganancias patrimoniales.<\/li>\n<li><strong>192<\/strong>: operaciones con letras del tesoro.<\/li>\n<li><strong>193<\/strong>: retenciones e ingresos a cuenta de determinados rendimientos de capital mobiliario del Impuesto de sociedades y IRNR<\/li>\n<li><strong>194<\/strong>: retenciones e ingresos a cuenta de IRPF, IS y IRNR de determinados rendimientos de capital mobiliario y rentas derivadas de la transmisi\u00f3n y reembolso de cualquier activo.<\/li>\n<li><strong>196<\/strong>: retenciones e ingresos a cuenta de rendimientos de capital mobiliario obtenidas a trav\u00e9s de instituciones financieras.<\/li>\n<li><strong>198<\/strong>: operaciones con activos financieros y otros valores mobiliarios.<\/li>\n<li><strong>291<\/strong>: impuesto sobre la renta de no residentes (IRNR)<\/li>\n<li><strong>345<\/strong>: planes de pensiones, fondos y sistemas alternativos.<\/li>\n<li><strong>346<\/strong>: subvenciones e indemnizaciones satisfechas por entidades p\u00fablicas o privadas a ganaderos y agricultores.<\/li>\n<li><strong>347<\/strong>: declaraci\u00f3n anual de operaciones con terceras personas<\/li>\n<\/ul>\n<p>Como vemos, uno de los Modelos m\u00e1s conocidos para nosotros ser\u00e1n el Modelo 190 que ser\u00e1 el resumen del <a href=\"https:\/\/www.billin.net\/blog\/modelo-111\/\" target=\"_blank\" rel=\"noopener noreferrer\">Modelo 111<\/a>, que presentamos de forma trimestral, y donde <strong>ingresamos las retenciones tanto por actividad econ\u00f3mica<\/strong> como por rendimientos del trabajo, es decir, de las n\u00f3minas.<\/p>\n<p>Igual ocurre con el Modelo 347 de operaciones con terceras personas, ya que, tendr\u00e1n que presentarlo, cualquier persona f\u00edsica o jur\u00eddica, que realice operaciones con clientes o proveedores y superen 3005 euros al a\u00f1o (con IVA incluido), los cuales, tendr\u00e1n que informar de todos los datos fiscales del tercero y desglosar de forma trimestral el volumen de operaci\u00f3n, tanto de compra como de venta, que haya realizado con un tercero.<\/p>\n<p>Aqu\u00ed puedes <a href=\"https:\/\/www.billin.net\/como-sacar-el-iva\/\" target=\"_blank\" rel=\"noopener noreferrer\">calcular el IVA<\/a><\/p>\n<p><img loading=\"lazy\" decoding=\"async\" class=\"aligncenter size-full wp-image-9355\" src=\"https:\/\/www.billin.net\/blog\/wp-content\/uploads\/2018\/12\/modelos-afectados-declaraciones-informativas-min.jpg\" alt=\"\" width=\"850\" height=\"567\" srcset=\"https:\/\/www.billin.net\/blog\/wp-content\/uploads\/2018\/12\/modelos-afectados-declaraciones-informativas-min.jpg 850w, https:\/\/www.billin.net\/blog\/wp-content\/uploads\/2018\/12\/modelos-afectados-declaraciones-informativas-min-300x200.jpg 300w, https:\/\/www.billin.net\/blog\/wp-content\/uploads\/2018\/12\/modelos-afectados-declaraciones-informativas-min-768x512.jpg 768w, https:\/\/www.billin.net\/blog\/wp-content\/uploads\/2018\/12\/modelos-afectados-declaraciones-informativas-min-600x400.jpg 600w, https:\/\/www.billin.net\/blog\/wp-content\/uploads\/2018\/12\/modelos-afectados-declaraciones-informativas-min-200x133.jpg 200w, https:\/\/www.billin.net\/blog\/wp-content\/uploads\/2018\/12\/modelos-afectados-declaraciones-informativas-min-810x540.jpg 810w\" sizes=\"(max-width: 850px) 100vw, 850px\" \/><\/p>\n<h2>C\u00f3mo descargar la plataforma de declaraciones informativas<\/h2>\n<p>Para poder descargar el programa de ayuda, y poder confeccionar determinados modelos informativos, debes descargar una <strong><a href=\"https:\/\/www.agenciatributaria.es\/AEAT.internet\/Inicio\/Ayuda\/_comp_Consultas_informaticas\/Categorias\/Presentacion_de_declaraciones\/Plataforma_Informativas\/Descarga_e_instalacion_de_la_Plataforma_Informativas\/Descarga_e_instalacion_de_la_Plataforma_Informativas.shtml\">plataforma informativa<\/a> <\/strong>y los programas de ayuda correspondientes, los cuales, deben corresponder a su sistema operativo, es decir, estar\u00e1 disponible para Windows, Lino o Mac.<\/p>\n<p>Una vez descargada la plataforma podr\u00e1s <strong>incorporarle los m\u00f3dulos espec\u00edficos de cada modelo<\/strong> y que vayas a necesitar, tanto de este a\u00f1o como de a\u00f1os anteriores.<\/p>\n<p>Te recomendamos que hagas las siguientes comprobaciones en tu ordenador antes de descargar la plataforma (v\u00e1lidas para el sistema operativo Windows)<\/p>\n<ul>\n<li>Acceda a <em>\u201cInicio\u201d, \u201cPanel de control\u201d, \u201cAgregar o quitar programas\u201d<\/em>, en la ventana que aparecen todos los programas descargados, busca el Java, y si no lo tienes instalado, hazlo en: <em>\u201cDescarga e instalaci\u00f3n de la M\u00e1quina Virtual de Java\u201d<\/em>, en caso, de que s\u00ed la tuviese, ya podr\u00edas descargar la plataforma.<\/li>\n<\/ul>\n<p>Los pasos a seguir para <strong>instalar la plataforma y los m\u00f3dulos de las declaraciones informativas<\/strong> son:<\/p>\n<ul>\n<li>Accede a <strong><a href=\"http:\/\/www.agenciatributaria.es\">agenciatributaria.es<\/a><\/strong> y sit\u00faate en descarga de programas de ayuda, encontrar\u00e1s la descarga para todos los sistemas operativos, pincha la que te corresponda y guarda el archivo.<\/li>\n<li>Instala la Plataforma informativa, se ejecutar\u00e1 autom\u00e1ticamente la instalaci\u00f3n, donde s\u00f3lo habr\u00e1 que seguir las secuencias que van apareciendo.<\/li>\n<li>Ahora tocar\u00eda ejecutar la plataforma, bastar\u00e1 con pinchar el <strong>icono instalado en nuestro escritorio<\/strong>, donde cada vez que se abra la aplicaci\u00f3n, aparecer\u00e1 una sugerencia del d\u00eda, la cual, se podr\u00e1 desactivar.<\/li>\n<li>Desde el bot\u00f3n de Archivo de la plataforma podremos ir a\u00f1adiendo todas las declaraciones informativas que necesitemos, tanto de este ejercicio como de a\u00f1os anteriores<\/li>\n<li>Aparecer\u00e1 un listado donde marcar\u00e1s en el bot\u00f3n instalar el modelo que est\u00e1s buscando.<\/li>\n<\/ul>\n<p>\u00a1Y listo!, ya est\u00e1 preparado el modelo para empezar a rellenarlo.<\/p>\n<p><a href=\"https:\/\/www.billin.net\/modelos-tributarios\/\"><span data-sheets-value=\"{&quot;1&quot;:2,&quot;2&quot;:&quot; Modelos m\u00e1s conocidos&quot;}\" data-sheets-userformat=\"{&quot;2&quot;:573,&quot;3&quot;:{&quot;1&quot;:0},&quot;5&quot;:{&quot;1&quot;:[{&quot;1&quot;:2,&quot;2&quot;:0,&quot;5&quot;:[null,2,0]},{&quot;1&quot;:0,&quot;2&quot;:0,&quot;3&quot;:3},{&quot;1&quot;:1,&quot;2&quot;:0,&quot;4&quot;:1}]},&quot;6&quot;:{&quot;1&quot;:[{&quot;1&quot;:2,&quot;2&quot;:0,&quot;5&quot;:[null,2,0]},{&quot;1&quot;:0,&quot;2&quot;:0,&quot;3&quot;:3},{&quot;1&quot;:1,&quot;2&quot;:0,&quot;4&quot;:1}]},&quot;7&quot;:{&quot;1&quot;:[{&quot;1&quot;:2,&quot;2&quot;:0,&quot;5&quot;:[null,2,0]},{&quot;1&quot;:0,&quot;2&quot;:0,&quot;3&quot;:3},{&quot;1&quot;:1,&quot;2&quot;:0,&quot;4&quot;:1}]},&quot;8&quot;:{&quot;1&quot;:[{&quot;1&quot;:2,&quot;2&quot;:0,&quot;5&quot;:[null,2,0]},{&quot;1&quot;:0,&quot;2&quot;:0,&quot;3&quot;:3},{&quot;1&quot;:1,&quot;2&quot;:0,&quot;4&quot;:1}]},&quot;12&quot;:0}\">Modelos m\u00e1s conocidos<\/span><\/a><\/p>\n","protected":false},"excerpt":{"rendered":"<p>Conoce todas las novedades que surgen en el sistema de declaraciones informativas para la pr\u00f3xima campa\u00f1a de 2018, que comenzar\u00e1 a partir del 01 de enero de 2019.<\/p>\n","protected":false},"author":20,"featured_media":9354,"comment_status":"open","ping_status":"open","sticky":false,"template":"","format":"standard","meta":{"_acf_changed":false,"_et_pb_use_builder":"","_et_pb_old_content":"","_et_gb_content_width":"","om_disable_all_campaigns":false,"inline_featured_image":false,"footnotes":""},"categories":[1014],"tags":[],"class_list":{"0":"post-10734","1":"post","2":"type-post","3":"status-publish","4":"format-standard","5":"has-post-thumbnail","7":"category-fiscalidad"},"acf":{"selector_de_usuario":"","fecha_de_revision":"20200708"},"yoast_head":"<!-- This site is optimized with the Yoast SEO plugin v27.1 - https:\/\/yoast.com\/product\/yoast-seo-wordpress\/ -->\n<title>Nuevo sistema de declaraciones informativas 2019 | TeamSystem Facturas Billin<\/title>\n<meta name=\"description\" content=\"Conoce las novedades que surgen en el sistema de declaraciones informativas para la pr\u00f3xima campa\u00f1a de 2018.\" \/>\n<meta name=\"robots\" content=\"index, follow, max-snippet:-1, max-image-preview:large, max-video-preview:-1\" \/>\n<link rel=\"canonical\" href=\"https:\/\/www.billin.net\/blog\/nuevo-sistema-de-declaraciones-informativas-para-2019\/\" \/>\n<meta property=\"og:locale\" content=\"es_ES\" \/>\n<meta property=\"og:type\" content=\"article\" \/>\n<meta property=\"og:title\" content=\"Nuevo sistema de declaraciones informativas 2019 | TeamSystem Facturas Billin\" \/>\n<meta property=\"og:description\" content=\"Conoce las novedades que surgen en el sistema de declaraciones informativas para la pr\u00f3xima campa\u00f1a de 2018.\" \/>\n<meta property=\"og:url\" content=\"https:\/\/www.billin.net\/blog\/nuevo-sistema-de-declaraciones-informativas-para-2019\/\" \/>\n<meta property=\"og:site_name\" content=\"Blog de TeamSystem Facturas Billin\" \/>\n<meta property=\"article:publisher\" content=\"https:\/\/www.facebook.com\/EsBillin\" \/>\n<meta property=\"article:published_time\" content=\"2018-12-23T22:00:00+00:00\" \/>\n<meta property=\"article:modified_time\" content=\"2025-09-25T18:52:37+00:00\" \/>\n<meta property=\"og:image\" content=\"https:\/\/www.billin.net\/blog\/wp-content\/uploads\/2018\/12\/declaraciones-informativas-2019-min.jpg\" \/>\n\t<meta property=\"og:image:width\" content=\"850\" \/>\n\t<meta property=\"og:image:height\" content=\"567\" \/>\n\t<meta property=\"og:image:type\" content=\"image\/jpeg\" \/>\n<meta name=\"author\" content=\"Marcos De La Cueva - CEO TeamSystem Facturas Billin\" \/>\n<meta name=\"twitter:card\" content=\"summary_large_image\" \/>\n<meta name=\"twitter:creator\" content=\"@Billin_ES\" \/>\n<meta name=\"twitter:site\" content=\"@Billin_ES\" \/>\n<meta name=\"twitter:label1\" content=\"Escrito por\" \/>\n\t<meta name=\"twitter:data1\" content=\"Marcos De La Cueva - CEO TeamSystem Facturas Billin\" \/>\n\t<meta name=\"twitter:label2\" content=\"Tiempo de lectura\" \/>\n\t<meta name=\"twitter:data2\" content=\"5 minutos\" \/>\n<script type=\"application\/ld+json\" class=\"yoast-schema-graph\">{\"@context\":\"https:\/\/schema.org\",\"@graph\":[{\"@type\":\"Article\",\"@id\":\"https:\/\/www.billin.net\/blog\/nuevo-sistema-de-declaraciones-informativas-para-2019\/#article\",\"isPartOf\":{\"@id\":\"https:\/\/www.billin.net\/blog\/nuevo-sistema-de-declaraciones-informativas-para-2019\/\"},\"author\":{\"name\":\"Marcos De La Cueva - CEO TeamSystem Facturas Billin\",\"@id\":\"https:\/\/www.billin.net\/blog\/#\/schema\/person\/d0339ee6e869234614541b1e80a793e7\"},\"headline\":\"Nuevo sistema de declaraciones informativas para 2019\",\"datePublished\":\"2018-12-23T22:00:00+00:00\",\"dateModified\":\"2025-09-25T18:52:37+00:00\",\"mainEntityOfPage\":{\"@id\":\"https:\/\/www.billin.net\/blog\/nuevo-sistema-de-declaraciones-informativas-para-2019\/\"},\"wordCount\":886,\"commentCount\":1,\"publisher\":{\"@id\":\"https:\/\/www.billin.net\/blog\/#organization\"},\"image\":{\"@id\":\"https:\/\/www.billin.net\/blog\/nuevo-sistema-de-declaraciones-informativas-para-2019\/#primaryimage\"},\"thumbnailUrl\":\"https:\/\/www.billin.net\/blog\/wp-content\/uploads\/2018\/12\/declaraciones-informativas-2019-min.jpg\",\"articleSection\":[\"Fiscalidad\"],\"inLanguage\":\"es\",\"potentialAction\":[{\"@type\":\"CommentAction\",\"name\":\"Comment\",\"target\":[\"https:\/\/www.billin.net\/blog\/nuevo-sistema-de-declaraciones-informativas-para-2019\/#respond\"]}]},{\"@type\":\"WebPage\",\"@id\":\"https:\/\/www.billin.net\/blog\/nuevo-sistema-de-declaraciones-informativas-para-2019\/\",\"url\":\"https:\/\/www.billin.net\/blog\/nuevo-sistema-de-declaraciones-informativas-para-2019\/\",\"name\":\"Nuevo sistema de declaraciones informativas 2019 | TeamSystem Facturas Billin\",\"isPartOf\":{\"@id\":\"https:\/\/www.billin.net\/blog\/#website\"},\"primaryImageOfPage\":{\"@id\":\"https:\/\/www.billin.net\/blog\/nuevo-sistema-de-declaraciones-informativas-para-2019\/#primaryimage\"},\"image\":{\"@id\":\"https:\/\/www.billin.net\/blog\/nuevo-sistema-de-declaraciones-informativas-para-2019\/#primaryimage\"},\"thumbnailUrl\":\"https:\/\/www.billin.net\/blog\/wp-content\/uploads\/2018\/12\/declaraciones-informativas-2019-min.jpg\",\"datePublished\":\"2018-12-23T22:00:00+00:00\",\"dateModified\":\"2025-09-25T18:52:37+00:00\",\"description\":\"Conoce las novedades que surgen en el sistema de declaraciones informativas para la pr\u00f3xima campa\u00f1a de 2018.\",\"breadcrumb\":{\"@id\":\"https:\/\/www.billin.net\/blog\/nuevo-sistema-de-declaraciones-informativas-para-2019\/#breadcrumb\"},\"inLanguage\":\"es\",\"potentialAction\":[{\"@type\":\"ReadAction\",\"target\":[\"https:\/\/www.billin.net\/blog\/nuevo-sistema-de-declaraciones-informativas-para-2019\/\"]}]},{\"@type\":\"ImageObject\",\"inLanguage\":\"es\",\"@id\":\"https:\/\/www.billin.net\/blog\/nuevo-sistema-de-declaraciones-informativas-para-2019\/#primaryimage\",\"url\":\"https:\/\/www.billin.net\/blog\/wp-content\/uploads\/2018\/12\/declaraciones-informativas-2019-min.jpg\",\"contentUrl\":\"https:\/\/www.billin.net\/blog\/wp-content\/uploads\/2018\/12\/declaraciones-informativas-2019-min.jpg\",\"width\":850,\"height\":567},{\"@type\":\"BreadcrumbList\",\"@id\":\"https:\/\/www.billin.net\/blog\/nuevo-sistema-de-declaraciones-informativas-para-2019\/#breadcrumb\",\"itemListElement\":[{\"@type\":\"ListItem\",\"position\":1,\"name\":\"Blog\",\"item\":\"https:\/\/www.billin.net\/blog\/\"},{\"@type\":\"ListItem\",\"position\":2,\"name\":\"Fiscalidad\",\"item\":\"https:\/\/www.billin.net\/blog\/fiscalidad\/\"},{\"@type\":\"ListItem\",\"position\":3,\"name\":\"Nuevo sistema de declaraciones informativas para 2019\"}]},{\"@type\":\"WebSite\",\"@id\":\"https:\/\/www.billin.net\/blog\/#website\",\"url\":\"https:\/\/www.billin.net\/blog\/\",\"name\":\"Blog de Billin\",\"description\":\"Mantente informado con el blog de TeamSystem Facturas Billin:  facturaci\u00f3n, legislaci\u00f3n, contabilidad, management y toda la informaci\u00f3n \u00fatil para pymes y aut\u00f3nomos.\",\"publisher\":{\"@id\":\"https:\/\/www.billin.net\/blog\/#organization\"},\"potentialAction\":[{\"@type\":\"SearchAction\",\"target\":{\"@type\":\"EntryPoint\",\"urlTemplate\":\"https:\/\/www.billin.net\/blog\/?s={search_term_string}\"},\"query-input\":{\"@type\":\"PropertyValueSpecification\",\"valueRequired\":true,\"valueName\":\"search_term_string\"}}],\"inLanguage\":\"es\"},{\"@type\":\"Organization\",\"@id\":\"https:\/\/www.billin.net\/blog\/#organization\",\"name\":\"Billin\",\"alternateName\":\"Blog de Billin\",\"url\":\"https:\/\/www.billin.net\/blog\/\",\"logo\":{\"@type\":\"ImageObject\",\"inLanguage\":\"es\",\"@id\":\"https:\/\/www.billin.net\/blog\/#\/schema\/logo\/image\/\",\"url\":\"https:\/\/www.billin.net\/blog\/wp-content\/uploads\/2019\/06\/logotipo-billin-blog-1.png\",\"contentUrl\":\"https:\/\/www.billin.net\/blog\/wp-content\/uploads\/2019\/06\/logotipo-billin-blog-1.png\",\"width\":126,\"height\":50,\"caption\":\"Billin\"},\"image\":{\"@id\":\"https:\/\/www.billin.net\/blog\/#\/schema\/logo\/image\/\"},\"sameAs\":[\"https:\/\/www.facebook.com\/EsBillin\",\"https:\/\/x.com\/Billin_ES\",\"https:\/\/www.instagram.com\/billin_es\/\",\"https:\/\/www.linkedin.com\/company\/billin-spain\",\"https:\/\/www.youtube.com\/c\/BillinEsintercambiodefacturas\/\"],\"legalName\":\"MY EXPENSES SL\",\"contactPoint\":{\"@type\":\"ContactPoint\",\"telephone\":\"+34918318883\",\"contactType\":\"customer service\",\"email\":\"info@billin.eu\",\"availableLanguage\":\"es\"},\"foundingDate\":\"2015\",\"numberOfEmployees\":{\"@type\":\"QuantitativeValue\",\"minValue\":10,\"maxValue\":50},\"parentOrganization\":{\"@type\":\"Organization\",\"name\":\"TeamSystem\",\"url\":\"https:\/\/www.teamsystem.com\/\"},\"description\":\"Billin es el programa de facturaci\u00f3n online de TeamSystem para aut\u00f3nomos y pymes en Espa\u00f1a. Permite crear facturas, controlar gastos y cumplir con Verifactu.\",\"address\":{\"@type\":\"PostalAddress\",\"streetAddress\":\"Calle Arturo Soria, 336\",\"addressLocality\":\"Madrid\",\"addressRegion\":\"Madrid\",\"postalCode\":\"28033\",\"addressCountry\":\"ES\"}},{\"@type\":\"Person\",\"@id\":\"https:\/\/www.billin.net\/blog\/#\/schema\/person\/d0339ee6e869234614541b1e80a793e7\",\"name\":\"Marcos De La Cueva - CEO TeamSystem Facturas Billin\",\"image\":{\"@type\":\"ImageObject\",\"inLanguage\":\"es\",\"@id\":\"https:\/\/www.billin.net\/blog\/#\/schema\/person\/image\/\",\"url\":\"https:\/\/www.billin.net\/blog\/wp-content\/uploads\/2023\/10\/marcos-color-150x150.png\",\"contentUrl\":\"https:\/\/www.billin.net\/blog\/wp-content\/uploads\/2023\/10\/marcos-color-150x150.png\",\"caption\":\"Marcos De La Cueva - CEO TeamSystem Facturas Billin\"},\"description\":\"Licenciado en ADE por la Universidad Aut\u00f3noma de Madrid, Marcos De la Cueva es CEO y cofundador de TeamSystem Facturas Billin, un programa online que lleva m\u00e1s de 9 a\u00f1os ayudando a aut\u00f3nomos, peque\u00f1os negocios y gestor\u00edas a digitalizar sus presupuestos, facturas, tickets y gastos. \u00a0 Sobre Marcos De La Cueva \u00a0 Apasionado por el mundo empresarial y la tecnolog\u00eda, curs\u00f3 su M\u00e1ster de Finanzas en la Universidad Pontificia de Comillas y estuvo en el Programa de Cooperaci\u00f3n Educativa de la Universidad Aut\u00f3noma de Madrid. \u00a0 Marcos siempre ha tenido su objetivo claro: ayudar a la creaci\u00f3n de negocios financieramente sostenibles a trav\u00e9s de una herramienta de facturaci\u00f3n que les permita ahorrar tiempo y tener la contabilidad bajo control. \u00a0 Marcos De La Cueva en los medios \u2014 Noticia sobre Kit Digital y Ley Antifraude (VeriFactu) en El Economista. \u2014 Noticia sobre Kit Digital y factura electr\u00f3nica obligatoria en Diario Jur\u00eddico. \u2014 Noticia sobre el a\u00f1o de transici\u00f3n para la factura electr\u00f3nica en Muy Pymes. \u2014 Entrevista sobre factura electr\u00f3nica obligatoria en Canal Sur. \u2014 Noticia sobre el informe factura electr\u00f3nica de TeamSystem en Channel Partner. \u2014 Charla sobre productividad y Ley Crea y Crece en El Economista. \u2014 Charla sobre factura electr\u00f3nica obligatoria en Muy Pymes. \u2014 Charla sobre digitalizaci\u00f3n aut\u00f3nomos y productividad en esdiario. \u2014 Charla sobre productividad y factura electr\u00f3nica en La Raz\u00f3n. \u2014 Charla sobre factura electr\u00f3nica obligatoria en Aut\u00f3nomos y Emprendedores. \u2014 Entrevista sobre Ley Antifraude y Ley Crea y Crece en Expansi\u00f3n. \u2014 Entrevista sobre Ley Antifraude y Ley Crea y Crece en La Raz\u00f3n. \u2014 Entrevista sobre factura electr\u00f3nica obligatoria en El Economista. \u2014 Comunicado Billin y TeamSystem en Business Insider. \u2014 Entrevista en Econom\u00eda Digital. \u2014 Entrevista en Ideas para tu empresa de Vodafone. \u2014 Entrevista en M\u00e1sQradio. \u2014 Entrevista en Armas para emprender de El M\u00e9todo Gallardo. \u2014 Entrevista en KFund. \u2014 Entrevista en AXA Seguros Espa\u00f1a. \u2014 Entrevista en GestionaRadio. \u00a0 Marcos De La Cueva en eventos \u00a0 \u2014 Participaci\u00f3n como ponente en Accountex Espa\u00f1a 2023. \u00a0 Tem\u00e1ticas de especializaci\u00f3n \u00a0 negocios | startups | contabilidad| fiscalidad | empresas| asesor\u00edas| autonomos | emprendedores | peque\u00f1os negocios | econom\u00eda | ADE | pymes | desarrollo de negocio\u00a0\",\"sameAs\":[\"https:\/\/www.billin.net\/\",\"https:\/\/www.linkedin.com\/in\/marcos-de-la-cueva-19750ba3\/\"],\"url\":\"https:\/\/www.billin.net\/blog\/author\/marcosdelacueva\/\",\"jobTitle\":\"CEO y cofundador de TS Facturas Billin\"}]}<\/script>\n<!-- \/ Yoast SEO plugin. -->","yoast_head_json":{"title":"Nuevo sistema de declaraciones informativas 2019 | TeamSystem Facturas Billin","description":"Conoce las novedades que surgen en el sistema de declaraciones informativas para la pr\u00f3xima campa\u00f1a de 2018.","robots":{"index":"index","follow":"follow","max-snippet":"max-snippet:-1","max-image-preview":"max-image-preview:large","max-video-preview":"max-video-preview:-1"},"canonical":"https:\/\/www.billin.net\/blog\/nuevo-sistema-de-declaraciones-informativas-para-2019\/","og_locale":"es_ES","og_type":"article","og_title":"Nuevo sistema de declaraciones informativas 2019 | TeamSystem Facturas Billin","og_description":"Conoce las novedades que surgen en el sistema de declaraciones informativas para la pr\u00f3xima campa\u00f1a de 2018.","og_url":"https:\/\/www.billin.net\/blog\/nuevo-sistema-de-declaraciones-informativas-para-2019\/","og_site_name":"Blog de TeamSystem Facturas Billin","article_publisher":"https:\/\/www.facebook.com\/EsBillin","article_published_time":"2018-12-23T22:00:00+00:00","article_modified_time":"2025-09-25T18:52:37+00:00","og_image":[{"width":850,"height":567,"url":"https:\/\/www.billin.net\/blog\/wp-content\/uploads\/2018\/12\/declaraciones-informativas-2019-min.jpg","type":"image\/jpeg"}],"author":"Marcos De La Cueva - CEO TeamSystem Facturas Billin","twitter_card":"summary_large_image","twitter_creator":"@Billin_ES","twitter_site":"@Billin_ES","twitter_misc":{"Escrito por":"Marcos De La Cueva - CEO TeamSystem Facturas Billin","Tiempo de lectura":"5 minutos"},"schema":{"@context":"https:\/\/schema.org","@graph":[{"@type":"Article","@id":"https:\/\/www.billin.net\/blog\/nuevo-sistema-de-declaraciones-informativas-para-2019\/#article","isPartOf":{"@id":"https:\/\/www.billin.net\/blog\/nuevo-sistema-de-declaraciones-informativas-para-2019\/"},"author":{"name":"Marcos De La Cueva - CEO TeamSystem Facturas Billin","@id":"https:\/\/www.billin.net\/blog\/#\/schema\/person\/d0339ee6e869234614541b1e80a793e7"},"headline":"Nuevo sistema de declaraciones informativas para 2019","datePublished":"2018-12-23T22:00:00+00:00","dateModified":"2025-09-25T18:52:37+00:00","mainEntityOfPage":{"@id":"https:\/\/www.billin.net\/blog\/nuevo-sistema-de-declaraciones-informativas-para-2019\/"},"wordCount":886,"commentCount":1,"publisher":{"@id":"https:\/\/www.billin.net\/blog\/#organization"},"image":{"@id":"https:\/\/www.billin.net\/blog\/nuevo-sistema-de-declaraciones-informativas-para-2019\/#primaryimage"},"thumbnailUrl":"https:\/\/www.billin.net\/blog\/wp-content\/uploads\/2018\/12\/declaraciones-informativas-2019-min.jpg","articleSection":["Fiscalidad"],"inLanguage":"es","potentialAction":[{"@type":"CommentAction","name":"Comment","target":["https:\/\/www.billin.net\/blog\/nuevo-sistema-de-declaraciones-informativas-para-2019\/#respond"]}]},{"@type":"WebPage","@id":"https:\/\/www.billin.net\/blog\/nuevo-sistema-de-declaraciones-informativas-para-2019\/","url":"https:\/\/www.billin.net\/blog\/nuevo-sistema-de-declaraciones-informativas-para-2019\/","name":"Nuevo sistema de declaraciones informativas 2019 | TeamSystem Facturas Billin","isPartOf":{"@id":"https:\/\/www.billin.net\/blog\/#website"},"primaryImageOfPage":{"@id":"https:\/\/www.billin.net\/blog\/nuevo-sistema-de-declaraciones-informativas-para-2019\/#primaryimage"},"image":{"@id":"https:\/\/www.billin.net\/blog\/nuevo-sistema-de-declaraciones-informativas-para-2019\/#primaryimage"},"thumbnailUrl":"https:\/\/www.billin.net\/blog\/wp-content\/uploads\/2018\/12\/declaraciones-informativas-2019-min.jpg","datePublished":"2018-12-23T22:00:00+00:00","dateModified":"2025-09-25T18:52:37+00:00","description":"Conoce las novedades que surgen en el sistema de declaraciones informativas para la pr\u00f3xima campa\u00f1a de 2018.","breadcrumb":{"@id":"https:\/\/www.billin.net\/blog\/nuevo-sistema-de-declaraciones-informativas-para-2019\/#breadcrumb"},"inLanguage":"es","potentialAction":[{"@type":"ReadAction","target":["https:\/\/www.billin.net\/blog\/nuevo-sistema-de-declaraciones-informativas-para-2019\/"]}]},{"@type":"ImageObject","inLanguage":"es","@id":"https:\/\/www.billin.net\/blog\/nuevo-sistema-de-declaraciones-informativas-para-2019\/#primaryimage","url":"https:\/\/www.billin.net\/blog\/wp-content\/uploads\/2018\/12\/declaraciones-informativas-2019-min.jpg","contentUrl":"https:\/\/www.billin.net\/blog\/wp-content\/uploads\/2018\/12\/declaraciones-informativas-2019-min.jpg","width":850,"height":567},{"@type":"BreadcrumbList","@id":"https:\/\/www.billin.net\/blog\/nuevo-sistema-de-declaraciones-informativas-para-2019\/#breadcrumb","itemListElement":[{"@type":"ListItem","position":1,"name":"Blog","item":"https:\/\/www.billin.net\/blog\/"},{"@type":"ListItem","position":2,"name":"Fiscalidad","item":"https:\/\/www.billin.net\/blog\/fiscalidad\/"},{"@type":"ListItem","position":3,"name":"Nuevo sistema de declaraciones informativas para 2019"}]},{"@type":"WebSite","@id":"https:\/\/www.billin.net\/blog\/#website","url":"https:\/\/www.billin.net\/blog\/","name":"Blog de Billin","description":"Mantente informado con el blog de TeamSystem Facturas Billin:  facturaci\u00f3n, legislaci\u00f3n, contabilidad, management y toda la informaci\u00f3n \u00fatil para pymes y aut\u00f3nomos.","publisher":{"@id":"https:\/\/www.billin.net\/blog\/#organization"},"potentialAction":[{"@type":"SearchAction","target":{"@type":"EntryPoint","urlTemplate":"https:\/\/www.billin.net\/blog\/?s={search_term_string}"},"query-input":{"@type":"PropertyValueSpecification","valueRequired":true,"valueName":"search_term_string"}}],"inLanguage":"es"},{"@type":"Organization","@id":"https:\/\/www.billin.net\/blog\/#organization","name":"Billin","alternateName":"Blog de Billin","url":"https:\/\/www.billin.net\/blog\/","logo":{"@type":"ImageObject","inLanguage":"es","@id":"https:\/\/www.billin.net\/blog\/#\/schema\/logo\/image\/","url":"https:\/\/www.billin.net\/blog\/wp-content\/uploads\/2019\/06\/logotipo-billin-blog-1.png","contentUrl":"https:\/\/www.billin.net\/blog\/wp-content\/uploads\/2019\/06\/logotipo-billin-blog-1.png","width":126,"height":50,"caption":"Billin"},"image":{"@id":"https:\/\/www.billin.net\/blog\/#\/schema\/logo\/image\/"},"sameAs":["https:\/\/www.facebook.com\/EsBillin","https:\/\/x.com\/Billin_ES","https:\/\/www.instagram.com\/billin_es\/","https:\/\/www.linkedin.com\/company\/billin-spain","https:\/\/www.youtube.com\/c\/BillinEsintercambiodefacturas\/"],"legalName":"MY EXPENSES SL","contactPoint":{"@type":"ContactPoint","telephone":"+34918318883","contactType":"customer service","email":"info@billin.eu","availableLanguage":"es"},"foundingDate":"2015","numberOfEmployees":{"@type":"QuantitativeValue","minValue":10,"maxValue":50},"parentOrganization":{"@type":"Organization","name":"TeamSystem","url":"https:\/\/www.teamsystem.com\/"},"description":"Billin es el programa de facturaci\u00f3n online de TeamSystem para aut\u00f3nomos y pymes en Espa\u00f1a. Permite crear facturas, controlar gastos y cumplir con Verifactu.","address":{"@type":"PostalAddress","streetAddress":"Calle Arturo Soria, 336","addressLocality":"Madrid","addressRegion":"Madrid","postalCode":"28033","addressCountry":"ES"}},{"@type":"Person","@id":"https:\/\/www.billin.net\/blog\/#\/schema\/person\/d0339ee6e869234614541b1e80a793e7","name":"Marcos De La Cueva - CEO TeamSystem Facturas Billin","image":{"@type":"ImageObject","inLanguage":"es","@id":"https:\/\/www.billin.net\/blog\/#\/schema\/person\/image\/","url":"https:\/\/www.billin.net\/blog\/wp-content\/uploads\/2023\/10\/marcos-color-150x150.png","contentUrl":"https:\/\/www.billin.net\/blog\/wp-content\/uploads\/2023\/10\/marcos-color-150x150.png","caption":"Marcos De La Cueva - CEO TeamSystem Facturas Billin"},"description":"Licenciado en ADE por la Universidad Aut\u00f3noma de Madrid, Marcos De la Cueva es CEO y cofundador de TeamSystem Facturas Billin, un programa online que lleva m\u00e1s de 9 a\u00f1os ayudando a aut\u00f3nomos, peque\u00f1os negocios y gestor\u00edas a digitalizar sus presupuestos, facturas, tickets y gastos. \u00a0 Sobre Marcos De La Cueva \u00a0 Apasionado por el mundo empresarial y la tecnolog\u00eda, curs\u00f3 su M\u00e1ster de Finanzas en la Universidad Pontificia de Comillas y estuvo en el Programa de Cooperaci\u00f3n Educativa de la Universidad Aut\u00f3noma de Madrid. \u00a0 Marcos siempre ha tenido su objetivo claro: ayudar a la creaci\u00f3n de negocios financieramente sostenibles a trav\u00e9s de una herramienta de facturaci\u00f3n que les permita ahorrar tiempo y tener la contabilidad bajo control. \u00a0 Marcos De La Cueva en los medios \u2014 Noticia sobre Kit Digital y Ley Antifraude (VeriFactu) en El Economista. \u2014 Noticia sobre Kit Digital y factura electr\u00f3nica obligatoria en Diario Jur\u00eddico. \u2014 Noticia sobre el a\u00f1o de transici\u00f3n para la factura electr\u00f3nica en Muy Pymes. \u2014 Entrevista sobre factura electr\u00f3nica obligatoria en Canal Sur. \u2014 Noticia sobre el informe factura electr\u00f3nica de TeamSystem en Channel Partner. \u2014 Charla sobre productividad y Ley Crea y Crece en El Economista. \u2014 Charla sobre factura electr\u00f3nica obligatoria en Muy Pymes. \u2014 Charla sobre digitalizaci\u00f3n aut\u00f3nomos y productividad en esdiario. \u2014 Charla sobre productividad y factura electr\u00f3nica en La Raz\u00f3n. \u2014 Charla sobre factura electr\u00f3nica obligatoria en Aut\u00f3nomos y Emprendedores. \u2014 Entrevista sobre Ley Antifraude y Ley Crea y Crece en Expansi\u00f3n. \u2014 Entrevista sobre Ley Antifraude y Ley Crea y Crece en La Raz\u00f3n. \u2014 Entrevista sobre factura electr\u00f3nica obligatoria en El Economista. \u2014 Comunicado Billin y TeamSystem en Business Insider. \u2014 Entrevista en Econom\u00eda Digital. \u2014 Entrevista en Ideas para tu empresa de Vodafone. \u2014 Entrevista en M\u00e1sQradio. \u2014 Entrevista en Armas para emprender de El M\u00e9todo Gallardo. \u2014 Entrevista en KFund. \u2014 Entrevista en AXA Seguros Espa\u00f1a. \u2014 Entrevista en GestionaRadio. \u00a0 Marcos De La Cueva en eventos \u00a0 \u2014 Participaci\u00f3n como ponente en Accountex Espa\u00f1a 2023. \u00a0 Tem\u00e1ticas de especializaci\u00f3n \u00a0 negocios | startups | contabilidad| fiscalidad | empresas| asesor\u00edas| autonomos | emprendedores | peque\u00f1os negocios | econom\u00eda | ADE | pymes | desarrollo de negocio\u00a0","sameAs":["https:\/\/www.billin.net\/","https:\/\/www.linkedin.com\/in\/marcos-de-la-cueva-19750ba3\/"],"url":"https:\/\/www.billin.net\/blog\/author\/marcosdelacueva\/","jobTitle":"CEO y cofundador de TS Facturas Billin"}]}},"_links":{"self":[{"href":"https:\/\/www.billin.net\/blog\/wp-json\/wp\/v2\/posts\/10734","targetHints":{"allow":["GET"]}}],"collection":[{"href":"https:\/\/www.billin.net\/blog\/wp-json\/wp\/v2\/posts"}],"about":[{"href":"https:\/\/www.billin.net\/blog\/wp-json\/wp\/v2\/types\/post"}],"author":[{"embeddable":true,"href":"https:\/\/www.billin.net\/blog\/wp-json\/wp\/v2\/users\/20"}],"replies":[{"embeddable":true,"href":"https:\/\/www.billin.net\/blog\/wp-json\/wp\/v2\/comments?post=10734"}],"version-history":[{"count":10,"href":"https:\/\/www.billin.net\/blog\/wp-json\/wp\/v2\/posts\/10734\/revisions"}],"predecessor-version":[{"id":27251,"href":"https:\/\/www.billin.net\/blog\/wp-json\/wp\/v2\/posts\/10734\/revisions\/27251"}],"wp:featuredmedia":[{"embeddable":true,"href":"https:\/\/www.billin.net\/blog\/wp-json\/wp\/v2\/media\/9354"}],"wp:attachment":[{"href":"https:\/\/www.billin.net\/blog\/wp-json\/wp\/v2\/media?parent=10734"}],"wp:term":[{"taxonomy":"category","embeddable":true,"href":"https:\/\/www.billin.net\/blog\/wp-json\/wp\/v2\/categories?post=10734"},{"taxonomy":"post_tag","embeddable":true,"href":"https:\/\/www.billin.net\/blog\/wp-json\/wp\/v2\/tags?post=10734"}],"curies":[{"name":"wp","href":"https:\/\/api.w.org\/{rel}","templated":true}]}}