{"id":10730,"date":"2018-12-17T00:00:00","date_gmt":"2018-12-16T22:00:00","guid":{"rendered":"https:\/\/www.billin.net\/blog\/cuanto-subira-autonomo-2019\/"},"modified":"2025-09-25T20:52:45","modified_gmt":"2025-09-25T18:52:45","slug":"cuanto-subira-autonomo-2019","status":"publish","type":"post","link":"https:\/\/www.billin.net\/blog\/cuanto-subira-autonomo-2019\/","title":{"rendered":"\u00bfCu\u00e1nto subir\u00e1 el aut\u00f3nomo en 2019?"},"content":{"rendered":"<p>\u00bfQu\u00e9 ocurrir\u00e1 a partir del 01 de enero de 2019?, \u00bf<strong>cu\u00e1nto subir\u00e1 la <a href=\"https:\/\/www.billin.net\/glosario\/cuota-autonomo\/\" target=\"_blank\" rel=\"noopener noreferrer\">cuota de aut\u00f3nomo<\/a><\/strong>?, veamos c\u00f3mo afectar\u00e1.<!--more--><\/p>\n<h2>\u00bfSubir\u00e1 la cuota de aut\u00f3nomos en 2019?<\/h2>\n<p>Por parte del Ministerio de Trabajo y Hacienda informaron el 17 de octubre, que esa <strong>probable subida del SMI<\/strong>, no supondr\u00eda un aumento en la cuota de aut\u00f3nomos, sino que el plan que tiene el gobierno es que entre en vigor el 01 de enero de 2019 la reforma del RETA, donde se incluir\u00eda la <strong>reforma por ingresos reales<\/strong>, donde est\u00e1 garantizada la rebaja en la cuota de aut\u00f3nomos.<\/p>\n<p>Observando este panorama, podemos decir que <strong>en un principio no subir\u00e1 la cuota de aut\u00f3nomos en 2019<\/strong>, ya que, el Gobierno ha asegurado que en caso de que la reforma del RETA no est\u00e9 preparada para su aplicaci\u00f3n se desvincular\u00e1 la subida del SMI de la cuota de aut\u00f3nomos.<\/p>\n<p>A\u00fan nada est\u00e1 decidido, actualmente se encuentra negociando con las asociaciones de aut\u00f3nomos las futuras cotizaciones de este colectivo, proponiendo <strong>tres escenarios<\/strong>:<\/p>\n<ul>\n<li>Subir la base en 1,25% y los tipos de cotizaci\u00f3n pasen de 30,8% a 33,7% (supondr\u00eda una subida de 13 euros al mes<\/li>\n<li>Incrementar la base m\u00ednima en un 6,25% y subir los tipos hasta el 31,8% (supondr\u00eda una subida de 40 euros al mes<\/li>\n<li>Igualar la base de cotizaci\u00f3n con la de los asalariados siendo un 12,5% superior, quedando los tipos en un 31,2% (supondr\u00eda una subida de 90 euros al mes)<\/li>\n<\/ul>\n<h2>\u00bfQu\u00e9 tiene que ver el SMI (salario m\u00ednimo interprofesional) con cuota de aut\u00f3nomo?<\/h2>\n<p>En el art\u00edculo 19.2 de la Ley General de la Seguridad Social dice \u201c<strong><em>las bases de cotizaci\u00f3n a la Seguridad Social<\/em><\/strong><em>, en cada uno de sus reg\u00edmenes, tendr\u00e1n como\u00a0<strong>tope m\u00e1ximo las cuant\u00edas fijadas para cada a\u00f1o por la correspondiente Ley de Presupuestos Generales del Estado<\/strong>\u00a0y como\u00a0<strong>tope m\u00ednimo las cuant\u00edas del salario m\u00ednimo interprofesional vigente<\/strong>\u00a0en cada momento, incrementadas en un sexto, salvo disposici\u00f3n expresa en contrario\u201d.<\/em><\/p>\n<p>Por tanto, si sube el <strong><a href=\"https:\/\/www.billin.net\/blog\/salario-minimo-interprofesional-embargo\/\" target=\"_blank\" rel=\"noopener noreferrer\">sueldo m\u00ednimo en Espa\u00f1a<\/a><\/strong>, autom\u00e1ticamente se ver\u00e1 afectada la base de cotizaci\u00f3n del aut\u00f3nomo, actualmente la base de cotizaci\u00f3n m\u00ednima es 932,70 euros, la cual, es inferior a c\u00f3mo quedar\u00eda el SMI, ya que, un aut\u00f3nomo no recibe 14 pagas de 900 euros, siendo 12.400 euros, sino, que tendr\u00eda que <strong>dividir esa cifra en 12 meses<\/strong> dando una base de cotizaci\u00f3n de 1.050 euros.<\/p>\n<p>Ahora supongamos que entra en vigor la subida del SMI el 01 de enero de 2019, entonces la <strong>base m\u00ednima ser\u00eda 1.050 euros<\/strong>, esto supondr\u00eda un aumento en la cuota de 35,07 euros al mes.<\/p>\n<p>Por parte de la asociaci\u00f3n de ATA, se ha pedido al Gobierno qu\u00e9 si se aprobara esa subida del SMI, se aplicar\u00e1 una cuota m\u00ednima a los que no superaran los 12.600 euros el a\u00f1o anterior.<\/p>\n<p>Como ya hemos comentado los <strong>Presupuestos es algo que actualmente est\u00e1 en negociaci\u00f3n y aprobaci\u00f3n<\/strong>.<\/p>\n<p><img loading=\"lazy\" decoding=\"async\" class=\"alignnone size-full wp-image-9320\" src=\"https:\/\/www.billin.net\/blog\/wp-content\/uploads\/2018\/12\/subida-autonomo-2019-min.jpg\" alt=\"\" width=\"850\" height=\"515\" srcset=\"https:\/\/www.billin.net\/blog\/wp-content\/uploads\/2018\/12\/subida-autonomo-2019-min.jpg 850w, https:\/\/www.billin.net\/blog\/wp-content\/uploads\/2018\/12\/subida-autonomo-2019-min-300x182.jpg 300w, https:\/\/www.billin.net\/blog\/wp-content\/uploads\/2018\/12\/subida-autonomo-2019-min-768x465.jpg 768w, https:\/\/www.billin.net\/blog\/wp-content\/uploads\/2018\/12\/subida-autonomo-2019-min-600x364.jpg 600w, https:\/\/www.billin.net\/blog\/wp-content\/uploads\/2018\/12\/subida-autonomo-2019-min-200x121.jpg 200w, https:\/\/www.billin.net\/blog\/wp-content\/uploads\/2018\/12\/subida-autonomo-2019-min-810x491.jpg 810w\" sizes=\"(max-width: 850px) 100vw, 850px\" \/><\/p>\n<h2>\u00bfCu\u00e1l es el acuerdo definitivo de la subida de la base de cotizaci\u00f3n?<\/h2>\n<p>Seg\u00fan Europapress anunciado el 20 de noviembre en Madrid, <strong>la base m\u00ednima se incrementar\u00e1 en un 1,25%<\/strong>, mientras que el tipo pasar\u00e1 a 30%, mientras que a cambio se mejorar\u00e1 la protecci\u00f3n social.<\/p>\n<p>La base m\u00ednima del aut\u00f3nomo a partir del 01 de enero de 2019 pasar\u00e1 a ser de 944,35 euros al mes, y el tipo al 30%, con lo que cada aut\u00f3nomo deber\u00e1 pagar 5,36 euros m\u00e1s de la cuota de aut\u00f3nomo.<\/p>\n<p>Todo esto ha surgido, del <strong>acuerdo obtenido entre las Organizaciones de aut\u00f3nomos y el Gobierno<\/strong>, aunque UATAE se desmarca del pacto.<\/p>\n<p>Los aut\u00f3nomos a partir del 01 de enero pasar\u00e1n a pagar 283,30 euros mensuales si cotizan por la base m\u00ednima, en el caso de aut\u00f3nomos societarios, la cuota a pagar ser\u00e1 de 364,22 euros al mes.<\/p>\n<p>Para acomodar las bases de cotizaci\u00f3n, se ha previsto de un tipo que ir\u00e1 aumentando, es decir, en el a\u00f1o 2019 ser\u00e1 del 30%, pasando en 2020 al 30,3 % y en 2021 al 30,6%, llegando al 2022 con el tipo definitivo.<\/p>\n<p>Este modelo cubrir\u00e1 las <strong><a href=\"https:\/\/www.billin.net\/glosario\/contingencia\/\" target=\"_blank\" rel=\"noopener noreferrer\">contingencias<\/a> comunes y profesionales<\/strong>, el cese de actividad y formaci\u00f3n profesional.<\/p>\n<p>Este nuevo sistema de cotizaci\u00f3n ser\u00eda provisional mientras se aprobase el sistema de cotizaci\u00f3n por ingresos reales, se pretende que se mantenga hasta que el cruce de datos entre la Agencia Tributaria y la Seguridad Social ocurra y se presente un documento el 31 de enero de 2019, con el objetivo de llegar al acuerdo con las organizaciones de aut\u00f3nomos para dar prioridad a los aut\u00f3nomos cuyos ingresos reales sean inferiores a los del <strong>salario m\u00ednimo interprofesional<\/strong>.<\/p>\n<p>Este acuerdo conllevar\u00e1 una <strong>mayor protecci\u00f3n social<\/strong>, como es el cese de actividad (paro), flexibilizando los requisitos y ampliando su duraci\u00f3n.<\/p>\n<p>Tambi\u00e9n, tendr\u00e1n derecho a cobrar por accidente laboral desde el primer d\u00eda de la baja, adem\u00e1s de no pagar la cuota de aut\u00f3nomos desde el segundo mes de baja por enfermedad.<\/p>\n","protected":false},"excerpt":{"rendered":"<p>\u00bfQu\u00e9 ocurrir\u00e1 a partir del 01 de enero de 2019?, \u00bfcu\u00e1nto subir\u00e1 la cuota de aut\u00f3nomo?, veamos c\u00f3mo afectar\u00e1.<\/p>\n","protected":false},"author":20,"featured_media":9319,"comment_status":"open","ping_status":"open","sticky":false,"template":"","format":"standard","meta":{"_acf_changed":false,"_et_pb_use_builder":"","_et_pb_old_content":"","_et_gb_content_width":"","om_disable_all_campaigns":false,"inline_featured_image":false,"footnotes":""},"categories":[1015],"tags":[1380],"class_list":{"0":"post-10730","1":"post","2":"type-post","3":"status-publish","4":"format-standard","5":"has-post-thumbnail","7":"category-facturacion","8":"tag-autonomos"},"acf":{"selector_de_usuario":null,"fecha_de_revision":"20200515"},"yoast_head":"<!-- This site is optimized with the Yoast SEO plugin v27.1 - https:\/\/yoast.com\/product\/yoast-seo-wordpress\/ -->\n<title>\u00bfCu\u00e1nto subir\u00e1 el aut\u00f3nomo en 2019? - Blog de TeamSystem Facturas Billin<\/title>\n<meta name=\"description\" content=\"Esa probable subida del SMI, no supondr\u00eda un aumento en la cuota de aut\u00f3nomos, sino que el plan del gobierno es que entre en vigor la reforma del RETA.\" \/>\n<meta name=\"robots\" content=\"index, follow, max-snippet:-1, max-image-preview:large, max-video-preview:-1\" \/>\n<link rel=\"canonical\" href=\"https:\/\/www.billin.net\/blog\/cuanto-subira-autonomo-2019\/\" \/>\n<meta property=\"og:locale\" content=\"es_ES\" \/>\n<meta property=\"og:type\" content=\"article\" \/>\n<meta property=\"og:title\" content=\"\u00bfCu\u00e1nto subir\u00e1 el aut\u00f3nomo en 2019? - Blog de TeamSystem Facturas Billin\" \/>\n<meta property=\"og:description\" content=\"Esa probable subida del SMI, no supondr\u00eda un aumento en la cuota de aut\u00f3nomos, sino que el plan del gobierno es que entre en vigor la reforma del RETA.\" \/>\n<meta property=\"og:url\" content=\"https:\/\/www.billin.net\/blog\/cuanto-subira-autonomo-2019\/\" \/>\n<meta property=\"og:site_name\" content=\"Blog de TeamSystem Facturas Billin\" \/>\n<meta property=\"article:publisher\" content=\"https:\/\/www.facebook.com\/EsBillin\" \/>\n<meta property=\"article:published_time\" content=\"2018-12-16T22:00:00+00:00\" \/>\n<meta property=\"article:modified_time\" content=\"2025-09-25T18:52:45+00:00\" \/>\n<meta property=\"og:image\" content=\"https:\/\/www.billin.net\/blog\/wp-content\/uploads\/2018\/12\/autonomos-2019-min.jpg\" \/>\n\t<meta property=\"og:image:width\" content=\"850\" \/>\n\t<meta property=\"og:image:height\" content=\"480\" \/>\n\t<meta property=\"og:image:type\" content=\"image\/jpeg\" \/>\n<meta name=\"author\" content=\"Marcos De La Cueva - CEO TeamSystem Facturas Billin\" \/>\n<meta name=\"twitter:card\" content=\"summary_large_image\" \/>\n<meta name=\"twitter:creator\" content=\"@Billin_ES\" \/>\n<meta name=\"twitter:site\" content=\"@Billin_ES\" \/>\n<meta name=\"twitter:label1\" content=\"Escrito por\" \/>\n\t<meta name=\"twitter:data1\" content=\"Marcos De La Cueva - CEO TeamSystem Facturas Billin\" \/>\n\t<meta name=\"twitter:label2\" content=\"Tiempo de lectura\" \/>\n\t<meta name=\"twitter:data2\" content=\"4 minutos\" \/>\n<script type=\"application\/ld+json\" class=\"yoast-schema-graph\">{\"@context\":\"https:\/\/schema.org\",\"@graph\":[{\"@type\":\"Article\",\"@id\":\"https:\/\/www.billin.net\/blog\/cuanto-subira-autonomo-2019\/#article\",\"isPartOf\":{\"@id\":\"https:\/\/www.billin.net\/blog\/cuanto-subira-autonomo-2019\/\"},\"author\":{\"name\":\"Marcos De La Cueva - CEO TeamSystem Facturas Billin\",\"@id\":\"https:\/\/www.billin.net\/blog\/#\/schema\/person\/d0339ee6e869234614541b1e80a793e7\"},\"headline\":\"\u00bfCu\u00e1nto subir\u00e1 el aut\u00f3nomo en 2019?\",\"datePublished\":\"2018-12-16T22:00:00+00:00\",\"dateModified\":\"2025-09-25T18:52:45+00:00\",\"mainEntityOfPage\":{\"@id\":\"https:\/\/www.billin.net\/blog\/cuanto-subira-autonomo-2019\/\"},\"wordCount\":846,\"commentCount\":0,\"publisher\":{\"@id\":\"https:\/\/www.billin.net\/blog\/#organization\"},\"image\":{\"@id\":\"https:\/\/www.billin.net\/blog\/cuanto-subira-autonomo-2019\/#primaryimage\"},\"thumbnailUrl\":\"https:\/\/www.billin.net\/blog\/wp-content\/uploads\/2018\/12\/autonomos-2019-min.jpg\",\"keywords\":[\"Aut\u00f3nomos\"],\"articleSection\":[\"Facturaci\u00f3n\"],\"inLanguage\":\"es\",\"potentialAction\":[{\"@type\":\"CommentAction\",\"name\":\"Comment\",\"target\":[\"https:\/\/www.billin.net\/blog\/cuanto-subira-autonomo-2019\/#respond\"]}]},{\"@type\":\"WebPage\",\"@id\":\"https:\/\/www.billin.net\/blog\/cuanto-subira-autonomo-2019\/\",\"url\":\"https:\/\/www.billin.net\/blog\/cuanto-subira-autonomo-2019\/\",\"name\":\"\u00bfCu\u00e1nto subir\u00e1 el aut\u00f3nomo en 2019? - Blog de TeamSystem Facturas Billin\",\"isPartOf\":{\"@id\":\"https:\/\/www.billin.net\/blog\/#website\"},\"primaryImageOfPage\":{\"@id\":\"https:\/\/www.billin.net\/blog\/cuanto-subira-autonomo-2019\/#primaryimage\"},\"image\":{\"@id\":\"https:\/\/www.billin.net\/blog\/cuanto-subira-autonomo-2019\/#primaryimage\"},\"thumbnailUrl\":\"https:\/\/www.billin.net\/blog\/wp-content\/uploads\/2018\/12\/autonomos-2019-min.jpg\",\"datePublished\":\"2018-12-16T22:00:00+00:00\",\"dateModified\":\"2025-09-25T18:52:45+00:00\",\"description\":\"Esa probable subida del SMI, no supondr\u00eda un aumento en la cuota de aut\u00f3nomos, sino que el plan del gobierno es que entre en vigor la reforma del RETA.\",\"breadcrumb\":{\"@id\":\"https:\/\/www.billin.net\/blog\/cuanto-subira-autonomo-2019\/#breadcrumb\"},\"inLanguage\":\"es\",\"potentialAction\":[{\"@type\":\"ReadAction\",\"target\":[\"https:\/\/www.billin.net\/blog\/cuanto-subira-autonomo-2019\/\"]}]},{\"@type\":\"ImageObject\",\"inLanguage\":\"es\",\"@id\":\"https:\/\/www.billin.net\/blog\/cuanto-subira-autonomo-2019\/#primaryimage\",\"url\":\"https:\/\/www.billin.net\/blog\/wp-content\/uploads\/2018\/12\/autonomos-2019-min.jpg\",\"contentUrl\":\"https:\/\/www.billin.net\/blog\/wp-content\/uploads\/2018\/12\/autonomos-2019-min.jpg\",\"width\":850,\"height\":480},{\"@type\":\"BreadcrumbList\",\"@id\":\"https:\/\/www.billin.net\/blog\/cuanto-subira-autonomo-2019\/#breadcrumb\",\"itemListElement\":[{\"@type\":\"ListItem\",\"position\":1,\"name\":\"Blog\",\"item\":\"https:\/\/www.billin.net\/blog\/\"},{\"@type\":\"ListItem\",\"position\":2,\"name\":\"Facturaci\u00f3n\",\"item\":\"https:\/\/www.billin.net\/blog\/facturacion\/\"},{\"@type\":\"ListItem\",\"position\":3,\"name\":\"\u00bfCu\u00e1nto subir\u00e1 el aut\u00f3nomo en 2019?\"}]},{\"@type\":\"WebSite\",\"@id\":\"https:\/\/www.billin.net\/blog\/#website\",\"url\":\"https:\/\/www.billin.net\/blog\/\",\"name\":\"Blog de Billin\",\"description\":\"Mantente informado con el blog de TeamSystem Facturas Billin:  facturaci\u00f3n, legislaci\u00f3n, contabilidad, management y toda la informaci\u00f3n \u00fatil para pymes y aut\u00f3nomos.\",\"publisher\":{\"@id\":\"https:\/\/www.billin.net\/blog\/#organization\"},\"potentialAction\":[{\"@type\":\"SearchAction\",\"target\":{\"@type\":\"EntryPoint\",\"urlTemplate\":\"https:\/\/www.billin.net\/blog\/?s={search_term_string}\"},\"query-input\":{\"@type\":\"PropertyValueSpecification\",\"valueRequired\":true,\"valueName\":\"search_term_string\"}}],\"inLanguage\":\"es\"},{\"@type\":\"Organization\",\"@id\":\"https:\/\/www.billin.net\/blog\/#organization\",\"name\":\"Billin\",\"alternateName\":\"Blog de Billin\",\"url\":\"https:\/\/www.billin.net\/blog\/\",\"logo\":{\"@type\":\"ImageObject\",\"inLanguage\":\"es\",\"@id\":\"https:\/\/www.billin.net\/blog\/#\/schema\/logo\/image\/\",\"url\":\"https:\/\/www.billin.net\/blog\/wp-content\/uploads\/2019\/06\/logotipo-billin-blog-1.png\",\"contentUrl\":\"https:\/\/www.billin.net\/blog\/wp-content\/uploads\/2019\/06\/logotipo-billin-blog-1.png\",\"width\":126,\"height\":50,\"caption\":\"Billin\"},\"image\":{\"@id\":\"https:\/\/www.billin.net\/blog\/#\/schema\/logo\/image\/\"},\"sameAs\":[\"https:\/\/www.facebook.com\/EsBillin\",\"https:\/\/x.com\/Billin_ES\",\"https:\/\/www.instagram.com\/billin_es\/\",\"https:\/\/www.linkedin.com\/company\/billin-spain\",\"https:\/\/www.youtube.com\/c\/BillinEsintercambiodefacturas\/\"],\"legalName\":\"MY EXPENSES SL\",\"contactPoint\":{\"@type\":\"ContactPoint\",\"telephone\":\"+34918318883\",\"contactType\":\"customer service\",\"email\":\"info@billin.eu\",\"availableLanguage\":\"es\"},\"foundingDate\":\"2015\",\"numberOfEmployees\":{\"@type\":\"QuantitativeValue\",\"minValue\":10,\"maxValue\":50},\"parentOrganization\":{\"@type\":\"Organization\",\"name\":\"TeamSystem\",\"url\":\"https:\/\/www.teamsystem.com\/\"},\"description\":\"Billin es el programa de facturaci\u00f3n online de TeamSystem para aut\u00f3nomos y pymes en Espa\u00f1a. Permite crear facturas, controlar gastos y cumplir con Verifactu.\",\"address\":{\"@type\":\"PostalAddress\",\"streetAddress\":\"Calle Arturo Soria, 336\",\"addressLocality\":\"Madrid\",\"addressRegion\":\"Madrid\",\"postalCode\":\"28033\",\"addressCountry\":\"ES\"}},{\"@type\":\"Person\",\"@id\":\"https:\/\/www.billin.net\/blog\/#\/schema\/person\/d0339ee6e869234614541b1e80a793e7\",\"name\":\"Marcos De La Cueva - CEO TeamSystem Facturas Billin\",\"image\":{\"@type\":\"ImageObject\",\"inLanguage\":\"es\",\"@id\":\"https:\/\/www.billin.net\/blog\/#\/schema\/person\/image\/\",\"url\":\"https:\/\/www.billin.net\/blog\/wp-content\/uploads\/2023\/10\/marcos-color-150x150.png\",\"contentUrl\":\"https:\/\/www.billin.net\/blog\/wp-content\/uploads\/2023\/10\/marcos-color-150x150.png\",\"caption\":\"Marcos De La Cueva - CEO TeamSystem Facturas Billin\"},\"description\":\"Licenciado en ADE por la Universidad Aut\u00f3noma de Madrid, Marcos De la Cueva es CEO y cofundador de TeamSystem Facturas Billin, un programa online que lleva m\u00e1s de 9 a\u00f1os ayudando a aut\u00f3nomos, peque\u00f1os negocios y gestor\u00edas a digitalizar sus presupuestos, facturas, tickets y gastos. \u00a0 Sobre Marcos De La Cueva \u00a0 Apasionado por el mundo empresarial y la tecnolog\u00eda, curs\u00f3 su M\u00e1ster de Finanzas en la Universidad Pontificia de Comillas y estuvo en el Programa de Cooperaci\u00f3n Educativa de la Universidad Aut\u00f3noma de Madrid. \u00a0 Marcos siempre ha tenido su objetivo claro: ayudar a la creaci\u00f3n de negocios financieramente sostenibles a trav\u00e9s de una herramienta de facturaci\u00f3n que les permita ahorrar tiempo y tener la contabilidad bajo control. \u00a0 Marcos De La Cueva en los medios \u2014 Noticia sobre Kit Digital y Ley Antifraude (VeriFactu) en El Economista. \u2014 Noticia sobre Kit Digital y factura electr\u00f3nica obligatoria en Diario Jur\u00eddico. \u2014 Noticia sobre el a\u00f1o de transici\u00f3n para la factura electr\u00f3nica en Muy Pymes. \u2014 Entrevista sobre factura electr\u00f3nica obligatoria en Canal Sur. \u2014 Noticia sobre el informe factura electr\u00f3nica de TeamSystem en Channel Partner. \u2014 Charla sobre productividad y Ley Crea y Crece en El Economista. \u2014 Charla sobre factura electr\u00f3nica obligatoria en Muy Pymes. \u2014 Charla sobre digitalizaci\u00f3n aut\u00f3nomos y productividad en esdiario. \u2014 Charla sobre productividad y factura electr\u00f3nica en La Raz\u00f3n. \u2014 Charla sobre factura electr\u00f3nica obligatoria en Aut\u00f3nomos y Emprendedores. \u2014 Entrevista sobre Ley Antifraude y Ley Crea y Crece en Expansi\u00f3n. \u2014 Entrevista sobre Ley Antifraude y Ley Crea y Crece en La Raz\u00f3n. \u2014 Entrevista sobre factura electr\u00f3nica obligatoria en El Economista. \u2014 Comunicado Billin y TeamSystem en Business Insider. \u2014 Entrevista en Econom\u00eda Digital. \u2014 Entrevista en Ideas para tu empresa de Vodafone. \u2014 Entrevista en M\u00e1sQradio. \u2014 Entrevista en Armas para emprender de El M\u00e9todo Gallardo. \u2014 Entrevista en KFund. \u2014 Entrevista en AXA Seguros Espa\u00f1a. \u2014 Entrevista en GestionaRadio. \u00a0 Marcos De La Cueva en eventos \u00a0 \u2014 Participaci\u00f3n como ponente en Accountex Espa\u00f1a 2023. \u00a0 Tem\u00e1ticas de especializaci\u00f3n \u00a0 negocios | startups | contabilidad| fiscalidad | empresas| asesor\u00edas| autonomos | emprendedores | peque\u00f1os negocios | econom\u00eda | ADE | pymes | desarrollo de negocio\u00a0\",\"sameAs\":[\"https:\/\/www.billin.net\/\",\"https:\/\/www.linkedin.com\/in\/marcos-de-la-cueva-19750ba3\/\"],\"url\":\"https:\/\/www.billin.net\/blog\/author\/marcosdelacueva\/\",\"jobTitle\":\"CEO y cofundador de TS Facturas Billin\"}]}<\/script>\n<!-- \/ Yoast SEO plugin. -->","yoast_head_json":{"title":"\u00bfCu\u00e1nto subir\u00e1 el aut\u00f3nomo en 2019? - Blog de TeamSystem Facturas Billin","description":"Esa probable subida del SMI, no supondr\u00eda un aumento en la cuota de aut\u00f3nomos, sino que el plan del gobierno es que entre en vigor la reforma del RETA.","robots":{"index":"index","follow":"follow","max-snippet":"max-snippet:-1","max-image-preview":"max-image-preview:large","max-video-preview":"max-video-preview:-1"},"canonical":"https:\/\/www.billin.net\/blog\/cuanto-subira-autonomo-2019\/","og_locale":"es_ES","og_type":"article","og_title":"\u00bfCu\u00e1nto subir\u00e1 el aut\u00f3nomo en 2019? - Blog de TeamSystem Facturas Billin","og_description":"Esa probable subida del SMI, no supondr\u00eda un aumento en la cuota de aut\u00f3nomos, sino que el plan del gobierno es que entre en vigor la reforma del RETA.","og_url":"https:\/\/www.billin.net\/blog\/cuanto-subira-autonomo-2019\/","og_site_name":"Blog de TeamSystem Facturas Billin","article_publisher":"https:\/\/www.facebook.com\/EsBillin","article_published_time":"2018-12-16T22:00:00+00:00","article_modified_time":"2025-09-25T18:52:45+00:00","og_image":[{"width":850,"height":480,"url":"https:\/\/www.billin.net\/blog\/wp-content\/uploads\/2018\/12\/autonomos-2019-min.jpg","type":"image\/jpeg"}],"author":"Marcos De La Cueva - CEO TeamSystem Facturas Billin","twitter_card":"summary_large_image","twitter_creator":"@Billin_ES","twitter_site":"@Billin_ES","twitter_misc":{"Escrito por":"Marcos De La Cueva - CEO TeamSystem Facturas Billin","Tiempo de lectura":"4 minutos"},"schema":{"@context":"https:\/\/schema.org","@graph":[{"@type":"Article","@id":"https:\/\/www.billin.net\/blog\/cuanto-subira-autonomo-2019\/#article","isPartOf":{"@id":"https:\/\/www.billin.net\/blog\/cuanto-subira-autonomo-2019\/"},"author":{"name":"Marcos De La Cueva - CEO TeamSystem Facturas Billin","@id":"https:\/\/www.billin.net\/blog\/#\/schema\/person\/d0339ee6e869234614541b1e80a793e7"},"headline":"\u00bfCu\u00e1nto subir\u00e1 el aut\u00f3nomo en 2019?","datePublished":"2018-12-16T22:00:00+00:00","dateModified":"2025-09-25T18:52:45+00:00","mainEntityOfPage":{"@id":"https:\/\/www.billin.net\/blog\/cuanto-subira-autonomo-2019\/"},"wordCount":846,"commentCount":0,"publisher":{"@id":"https:\/\/www.billin.net\/blog\/#organization"},"image":{"@id":"https:\/\/www.billin.net\/blog\/cuanto-subira-autonomo-2019\/#primaryimage"},"thumbnailUrl":"https:\/\/www.billin.net\/blog\/wp-content\/uploads\/2018\/12\/autonomos-2019-min.jpg","keywords":["Aut\u00f3nomos"],"articleSection":["Facturaci\u00f3n"],"inLanguage":"es","potentialAction":[{"@type":"CommentAction","name":"Comment","target":["https:\/\/www.billin.net\/blog\/cuanto-subira-autonomo-2019\/#respond"]}]},{"@type":"WebPage","@id":"https:\/\/www.billin.net\/blog\/cuanto-subira-autonomo-2019\/","url":"https:\/\/www.billin.net\/blog\/cuanto-subira-autonomo-2019\/","name":"\u00bfCu\u00e1nto subir\u00e1 el aut\u00f3nomo en 2019? - Blog de TeamSystem Facturas Billin","isPartOf":{"@id":"https:\/\/www.billin.net\/blog\/#website"},"primaryImageOfPage":{"@id":"https:\/\/www.billin.net\/blog\/cuanto-subira-autonomo-2019\/#primaryimage"},"image":{"@id":"https:\/\/www.billin.net\/blog\/cuanto-subira-autonomo-2019\/#primaryimage"},"thumbnailUrl":"https:\/\/www.billin.net\/blog\/wp-content\/uploads\/2018\/12\/autonomos-2019-min.jpg","datePublished":"2018-12-16T22:00:00+00:00","dateModified":"2025-09-25T18:52:45+00:00","description":"Esa probable subida del SMI, no supondr\u00eda un aumento en la cuota de aut\u00f3nomos, sino que el plan del gobierno es que entre en vigor la reforma del RETA.","breadcrumb":{"@id":"https:\/\/www.billin.net\/blog\/cuanto-subira-autonomo-2019\/#breadcrumb"},"inLanguage":"es","potentialAction":[{"@type":"ReadAction","target":["https:\/\/www.billin.net\/blog\/cuanto-subira-autonomo-2019\/"]}]},{"@type":"ImageObject","inLanguage":"es","@id":"https:\/\/www.billin.net\/blog\/cuanto-subira-autonomo-2019\/#primaryimage","url":"https:\/\/www.billin.net\/blog\/wp-content\/uploads\/2018\/12\/autonomos-2019-min.jpg","contentUrl":"https:\/\/www.billin.net\/blog\/wp-content\/uploads\/2018\/12\/autonomos-2019-min.jpg","width":850,"height":480},{"@type":"BreadcrumbList","@id":"https:\/\/www.billin.net\/blog\/cuanto-subira-autonomo-2019\/#breadcrumb","itemListElement":[{"@type":"ListItem","position":1,"name":"Blog","item":"https:\/\/www.billin.net\/blog\/"},{"@type":"ListItem","position":2,"name":"Facturaci\u00f3n","item":"https:\/\/www.billin.net\/blog\/facturacion\/"},{"@type":"ListItem","position":3,"name":"\u00bfCu\u00e1nto subir\u00e1 el aut\u00f3nomo en 2019?"}]},{"@type":"WebSite","@id":"https:\/\/www.billin.net\/blog\/#website","url":"https:\/\/www.billin.net\/blog\/","name":"Blog de Billin","description":"Mantente informado con el blog de TeamSystem Facturas Billin:  facturaci\u00f3n, legislaci\u00f3n, contabilidad, management y toda la informaci\u00f3n \u00fatil para pymes y aut\u00f3nomos.","publisher":{"@id":"https:\/\/www.billin.net\/blog\/#organization"},"potentialAction":[{"@type":"SearchAction","target":{"@type":"EntryPoint","urlTemplate":"https:\/\/www.billin.net\/blog\/?s={search_term_string}"},"query-input":{"@type":"PropertyValueSpecification","valueRequired":true,"valueName":"search_term_string"}}],"inLanguage":"es"},{"@type":"Organization","@id":"https:\/\/www.billin.net\/blog\/#organization","name":"Billin","alternateName":"Blog de Billin","url":"https:\/\/www.billin.net\/blog\/","logo":{"@type":"ImageObject","inLanguage":"es","@id":"https:\/\/www.billin.net\/blog\/#\/schema\/logo\/image\/","url":"https:\/\/www.billin.net\/blog\/wp-content\/uploads\/2019\/06\/logotipo-billin-blog-1.png","contentUrl":"https:\/\/www.billin.net\/blog\/wp-content\/uploads\/2019\/06\/logotipo-billin-blog-1.png","width":126,"height":50,"caption":"Billin"},"image":{"@id":"https:\/\/www.billin.net\/blog\/#\/schema\/logo\/image\/"},"sameAs":["https:\/\/www.facebook.com\/EsBillin","https:\/\/x.com\/Billin_ES","https:\/\/www.instagram.com\/billin_es\/","https:\/\/www.linkedin.com\/company\/billin-spain","https:\/\/www.youtube.com\/c\/BillinEsintercambiodefacturas\/"],"legalName":"MY EXPENSES SL","contactPoint":{"@type":"ContactPoint","telephone":"+34918318883","contactType":"customer service","email":"info@billin.eu","availableLanguage":"es"},"foundingDate":"2015","numberOfEmployees":{"@type":"QuantitativeValue","minValue":10,"maxValue":50},"parentOrganization":{"@type":"Organization","name":"TeamSystem","url":"https:\/\/www.teamsystem.com\/"},"description":"Billin es el programa de facturaci\u00f3n online de TeamSystem para aut\u00f3nomos y pymes en Espa\u00f1a. Permite crear facturas, controlar gastos y cumplir con Verifactu.","address":{"@type":"PostalAddress","streetAddress":"Calle Arturo Soria, 336","addressLocality":"Madrid","addressRegion":"Madrid","postalCode":"28033","addressCountry":"ES"}},{"@type":"Person","@id":"https:\/\/www.billin.net\/blog\/#\/schema\/person\/d0339ee6e869234614541b1e80a793e7","name":"Marcos De La Cueva - CEO TeamSystem Facturas Billin","image":{"@type":"ImageObject","inLanguage":"es","@id":"https:\/\/www.billin.net\/blog\/#\/schema\/person\/image\/","url":"https:\/\/www.billin.net\/blog\/wp-content\/uploads\/2023\/10\/marcos-color-150x150.png","contentUrl":"https:\/\/www.billin.net\/blog\/wp-content\/uploads\/2023\/10\/marcos-color-150x150.png","caption":"Marcos De La Cueva - CEO TeamSystem Facturas Billin"},"description":"Licenciado en ADE por la Universidad Aut\u00f3noma de Madrid, Marcos De la Cueva es CEO y cofundador de TeamSystem Facturas Billin, un programa online que lleva m\u00e1s de 9 a\u00f1os ayudando a aut\u00f3nomos, peque\u00f1os negocios y gestor\u00edas a digitalizar sus presupuestos, facturas, tickets y gastos. \u00a0 Sobre Marcos De La Cueva \u00a0 Apasionado por el mundo empresarial y la tecnolog\u00eda, curs\u00f3 su M\u00e1ster de Finanzas en la Universidad Pontificia de Comillas y estuvo en el Programa de Cooperaci\u00f3n Educativa de la Universidad Aut\u00f3noma de Madrid. \u00a0 Marcos siempre ha tenido su objetivo claro: ayudar a la creaci\u00f3n de negocios financieramente sostenibles a trav\u00e9s de una herramienta de facturaci\u00f3n que les permita ahorrar tiempo y tener la contabilidad bajo control. \u00a0 Marcos De La Cueva en los medios \u2014 Noticia sobre Kit Digital y Ley Antifraude (VeriFactu) en El Economista. \u2014 Noticia sobre Kit Digital y factura electr\u00f3nica obligatoria en Diario Jur\u00eddico. \u2014 Noticia sobre el a\u00f1o de transici\u00f3n para la factura electr\u00f3nica en Muy Pymes. \u2014 Entrevista sobre factura electr\u00f3nica obligatoria en Canal Sur. \u2014 Noticia sobre el informe factura electr\u00f3nica de TeamSystem en Channel Partner. \u2014 Charla sobre productividad y Ley Crea y Crece en El Economista. \u2014 Charla sobre factura electr\u00f3nica obligatoria en Muy Pymes. \u2014 Charla sobre digitalizaci\u00f3n aut\u00f3nomos y productividad en esdiario. \u2014 Charla sobre productividad y factura electr\u00f3nica en La Raz\u00f3n. \u2014 Charla sobre factura electr\u00f3nica obligatoria en Aut\u00f3nomos y Emprendedores. \u2014 Entrevista sobre Ley Antifraude y Ley Crea y Crece en Expansi\u00f3n. \u2014 Entrevista sobre Ley Antifraude y Ley Crea y Crece en La Raz\u00f3n. \u2014 Entrevista sobre factura electr\u00f3nica obligatoria en El Economista. \u2014 Comunicado Billin y TeamSystem en Business Insider. \u2014 Entrevista en Econom\u00eda Digital. \u2014 Entrevista en Ideas para tu empresa de Vodafone. \u2014 Entrevista en M\u00e1sQradio. \u2014 Entrevista en Armas para emprender de El M\u00e9todo Gallardo. \u2014 Entrevista en KFund. \u2014 Entrevista en AXA Seguros Espa\u00f1a. \u2014 Entrevista en GestionaRadio. \u00a0 Marcos De La Cueva en eventos \u00a0 \u2014 Participaci\u00f3n como ponente en Accountex Espa\u00f1a 2023. \u00a0 Tem\u00e1ticas de especializaci\u00f3n \u00a0 negocios | startups | contabilidad| fiscalidad | empresas| asesor\u00edas| autonomos | emprendedores | peque\u00f1os negocios | econom\u00eda | ADE | pymes | desarrollo de negocio\u00a0","sameAs":["https:\/\/www.billin.net\/","https:\/\/www.linkedin.com\/in\/marcos-de-la-cueva-19750ba3\/"],"url":"https:\/\/www.billin.net\/blog\/author\/marcosdelacueva\/","jobTitle":"CEO y cofundador de TS Facturas Billin"}]}},"_links":{"self":[{"href":"https:\/\/www.billin.net\/blog\/wp-json\/wp\/v2\/posts\/10730","targetHints":{"allow":["GET"]}}],"collection":[{"href":"https:\/\/www.billin.net\/blog\/wp-json\/wp\/v2\/posts"}],"about":[{"href":"https:\/\/www.billin.net\/blog\/wp-json\/wp\/v2\/types\/post"}],"author":[{"embeddable":true,"href":"https:\/\/www.billin.net\/blog\/wp-json\/wp\/v2\/users\/20"}],"replies":[{"embeddable":true,"href":"https:\/\/www.billin.net\/blog\/wp-json\/wp\/v2\/comments?post=10730"}],"version-history":[{"count":5,"href":"https:\/\/www.billin.net\/blog\/wp-json\/wp\/v2\/posts\/10730\/revisions"}],"predecessor-version":[{"id":27255,"href":"https:\/\/www.billin.net\/blog\/wp-json\/wp\/v2\/posts\/10730\/revisions\/27255"}],"wp:featuredmedia":[{"embeddable":true,"href":"https:\/\/www.billin.net\/blog\/wp-json\/wp\/v2\/media\/9319"}],"wp:attachment":[{"href":"https:\/\/www.billin.net\/blog\/wp-json\/wp\/v2\/media?parent=10730"}],"wp:term":[{"taxonomy":"category","embeddable":true,"href":"https:\/\/www.billin.net\/blog\/wp-json\/wp\/v2\/categories?post=10730"},{"taxonomy":"post_tag","embeddable":true,"href":"https:\/\/www.billin.net\/blog\/wp-json\/wp\/v2\/tags?post=10730"}],"curies":[{"name":"wp","href":"https:\/\/api.w.org\/{rel}","templated":true}]}}