{"id":10717,"date":"2018-11-29T00:00:00","date_gmt":"2018-11-28T22:00:00","guid":{"rendered":"https:\/\/www.billin.net\/blog\/capitulo-guia-solicitud-denominacion-social\/"},"modified":"2025-09-25T20:53:13","modified_gmt":"2025-09-25T18:53:13","slug":"capitulo-guia-solicitud-denominacion-social","status":"publish","type":"post","link":"https:\/\/www.billin.net\/blog\/capitulo-guia-solicitud-denominacion-social\/","title":{"rendered":"La denominaci\u00f3n social de una empresa"},"content":{"rendered":"<p>Si est\u00e1s pensando en constituir una sociedad, lo primero que debes saber, es que tendr\u00e1s que ponerle un <strong>nombre a tu empresa<\/strong>, te explicamos c\u00f3mo hacerlo en unos sencillos pasos y solicitar la denominaci\u00f3n social.<!--more--><\/p>\n<h2>\u00bfQu\u00e9 es denominaci\u00f3n social? y \u00bfd\u00f3nde se solicita?<\/h2>\n<p>Podemos definir la denominaci\u00f3n social como el nombre que servir\u00e1 para <strong>identificar a una persona jur\u00eddica en el mercado mercantil<\/strong>, y que realizar\u00e1 operaciones comerciales, y por ello, tendr\u00e1 que cumplir unos derechos y unas obligaciones.<\/p>\n<p>Por tanto, es el nombre identificador de cualquier sociedad de capital, y ser\u00e1 este nombre el que lo diferencie del resto de sociedades mercantiles, por ello, a la hora de constituir una sociedad se nos solicita la certificaci\u00f3n negativa de la denominaci\u00f3n social.<\/p>\n<p>\u27a8\u00a0Descubre aqu\u00ed <strong><a href=\"https:\/\/www.billin.net\/blog\/crear-una-empresa\/\" target=\"_blank\" rel=\"noopener noreferrer\">como crear una empresa<\/a>.<\/strong><\/p>\n<p>Esta certificaci\u00f3n favorable habr\u00e1 que solicitarla al Registro Mercantil Central, que recoja el nombre designado para esa persona jur\u00eddica.<\/p>\n<p>En el <strong>art\u00edculo 413 del Reglamento del Registro Mercantil<\/strong>, en su apartado primero, dice:\u00a0 <em>\u00abNo podr\u00e1 autorizarse escritura de constituci\u00f3n de sociedades y dem\u00e1s entidades inscribibles o de modificaci\u00f3n de denominaci\u00f3n, sin que se presente al Notario la\u00a0<\/em><strong>certificaci\u00f3n<\/strong><em>\u00a0que acredite que\u00a0<\/em><strong>no figura registrada<\/strong><em>\u00a0la denominaci\u00f3n elegida.\u201d<\/em><\/p>\n<p>Esta denominaci\u00f3n deber\u00e1 coincidir con la que aparece en la Certificaci\u00f3n negativa que nos emita el Registro Mercantil.<\/p>\n<h2>Criterios de b\u00fasqueda para tu denominaci\u00f3n social<\/h2>\n<p>A la hora de decidirse por una denominaci\u00f3n social, tenemos que tener en cuenta varios aspectos, ya que, podr\u00eda llegar a convertirse en nuestra <strong>denominaci\u00f3n comercial o marca<\/strong>.<\/p>\n<p>\u27a8\u00a0Aqu\u00ed tienes si lo necesitas<strong> <a href=\"https:\/\/www.billin.net\/blog\/como-resgistrar-marca\/\" target=\"_blank\" rel=\"noopener noreferrer\">como registrar una marca<\/a>.<\/strong><\/p>\n<p>Ha quedado claro, que para crear una empresa deber\u00e1s disponer de una denominaci\u00f3n \u00fanica, es decir, que no aparezca a\u00fan en el Registro Mercantil.<\/p>\n<p>Hay una forma muy sencilla y econ\u00f3mica de comprobar si tu denominaci\u00f3n social elegida se encuentra disponible, y es, seleccionando del Registro la opci\u00f3n de su <strong>bolsa de denominaciones<\/strong> que est\u00e1n a nuestra disposici\u00f3n.<\/p>\n<p>Si no, la otra forma, es rellenar una solicitud donde incluiremos los<strong> cinco nombres elegidos para la nueva empresa<\/strong>, en este caso, te aconsejamos lo siguiente:<\/p>\n<ul>\n<li>Se creativo y utiliza varias palabras<\/li>\n<li>Ten en cuenta que el Registro no diferenciar\u00e1 entre palabras gen\u00e9ricas, aunque cambiemos el g\u00e9nero o el n\u00famero<\/li>\n<li>A\u00f1ade alg\u00fan n\u00famero<\/li>\n<li>No habr\u00e1 diferencia si le a\u00f1adimos a una denominaci\u00f3n social el nombre de un pa\u00eds, CCAA, ciudad, municipio o pueblo.<\/li>\n<li>No se puede solicitar la denominaci\u00f3n de una marca conocida, a no ser que vaya autorizada por el titular<\/li>\n<li>Si tu nombre en espa\u00f1ol ya est\u00e1 concedido, aunque lo cambies de idioma no se te conceder\u00e1<\/li>\n<li>Cambia el orden de las palabras si hay alguna denominaci\u00f3n similar ya emitida<\/li>\n<\/ul>\n<h2>Formas de solicitar tu denominaci\u00f3n social<\/h2>\n<p>Las distintas <strong>v\u00edas que existen para solicitar la denominaci\u00f3n social<\/strong> son las siguientes:<\/p>\n<ul>\n<li>Por correos, se podr\u00e1 solicitar por correo certificado a\u00f1adiendo el pago de la tasa de la solicitud que son actualmente Arancel + 3,80 \u20ac + IVA.<\/li>\n<li>Por mensajer\u00eda ordinaria (s\u00f3lo la pen\u00ednsula), al solicitar la denominaci\u00f3n se pagar\u00e1 la tasa mediante tarjeta de cr\u00e9dito correspondiente a Arancel + 6,57\u20ac + IVA.<\/li>\n<li>Recogida en la sede central del Registro Mercantil, donde a la hora de solicitar la denominaci\u00f3n se pagar\u00e1n las tasas con tarjeta de cr\u00e9dito, para poder retirar posteriormente la certificaci\u00f3n habr\u00e1 que aportar la siguiente documentaci\u00f3n:\n<ul>\n<li>N\u00famero de presentaci\u00f3n o n\u00famero de referencia<\/li>\n<li>DNI del presentante de la solicitud, o autorizaci\u00f3n en caso de acudir un representante<\/li>\n<\/ul>\n<\/li>\n<li>Env\u00edo por mensajer\u00eda contra reembolso, una vez solicitada la solicitud v\u00eda telem\u00e1tica, se entregar\u00e1 dicha certificaci\u00f3n mediante la mensajer\u00eda, pagando los aranceles y los portes.<\/li>\n<li>Entrega telem\u00e1tica de la certificaci\u00f3n firmada electr\u00f3nicamente, se emitir\u00e1n dichas Certificaciones mediante firma electr\u00f3nica del Registrador, pudiendo obtenerla mediante la web del Registro mercantil<\/li>\n<\/ul>\n<p>Vamos a ense\u00f1aros paso a paso, como rellenar la solicitud para la denominaci\u00f3n social y c\u00f3mo presentarla v\u00eda telem\u00e1tica:<\/p>\n<p>Tendr\u00e1s que<strong> <a href=\"http:\/\/www.rmc.es\/Deno_solicitud.aspx\">incluir las denominaciones que has elegido para tu negocio<\/a><\/strong>, tambi\u00e9n tendr\u00e1s que poner los datos identificativos de la persona f\u00edsica que lo solicita, siempre que sea para constituir una sociedad, si present\u00e1ramos un cambio de denominaci\u00f3n social, bastar\u00eda con indicar la anterior denominaci\u00f3n.<\/p>\n<p><img loading=\"lazy\" decoding=\"async\" class=\"aligncenter wp-image-9239 size-full\" src=\"https:\/\/www.billin.net\/blog\/wp-content\/uploads\/2018\/11\/denominaciones-sociales.jpg\" alt=\"registro mercantil central denominaciones\" width=\"450\" height=\"516\" srcset=\"https:\/\/www.billin.net\/blog\/wp-content\/uploads\/2018\/11\/denominaciones-sociales.jpg 450w, https:\/\/www.billin.net\/blog\/wp-content\/uploads\/2018\/11\/denominaciones-sociales-262x300.jpg 262w\" sizes=\"(max-width: 450px) 100vw, 450px\" \/><\/p>\n<p>Hay que tener en cuenta, que la denominaci\u00f3n social habr\u00e1 que incluirlas en la solicitud, con <strong>orden de preferencia<\/strong>, es decir, la primera debe ser la que m\u00e1s te gustar\u00eda obtener, as\u00ed hasta la quinta, adem\u00e1s tendr\u00e1s que indicar la forma jur\u00eddica de la sociedad que se va a constituir, c\u00f3mo, por ejemplo, sociedad limitada, sociedad an\u00f3nima, etc.<\/p>\n<h2>Certificaci\u00f3n negativa de la denominaci\u00f3n social<\/h2>\n<p>Como sabemos dos sociedades no pueden tener el mismo nombre y tener la misma denominaci\u00f3n social con lo que es importante contar con el certificado de denominaci\u00f3n social.<\/p>\n<p>Que sea negativo este certificado nos garantiza que el nombre que queremos utilizar no est\u00e1 usado con lo que podremos utilizarlo para nuestra empresa.<\/p>\n<p>Es un tr\u00e1mite obligatorio para la obtenci\u00f3n de la Escritura P\u00fablica de constituci\u00f3n.<\/p>\n<p>Esta certificaci\u00f3n se consigue en la web del Registro Mercantil Central y tiene una validez de 6 meses en las que el nombre queda reservado para ser utilizado por nosotros.<\/p>\n","protected":false},"excerpt":{"rendered":"<p>Si est\u00e1s pensando en constituir una sociedad, lo primero que debes saber, es que tendr\u00e1s que ponerle un nombre a tu empresa, te explicamos c\u00f3mo hacerlo en unos sencillos pasos y solicitar la denominaci\u00f3n social.<\/p>\n","protected":false},"author":20,"featured_media":9240,"comment_status":"open","ping_status":"open","sticky":false,"template":"","format":"standard","meta":{"_acf_changed":false,"_et_pb_use_builder":"","_et_pb_old_content":"","_et_gb_content_width":"","om_disable_all_campaigns":false,"inline_featured_image":false,"footnotes":""},"categories":[1014],"tags":[1381],"class_list":{"0":"post-10717","1":"post","2":"type-post","3":"status-publish","4":"format-standard","5":"has-post-thumbnail","7":"category-fiscalidad","8":"tag-pymes"},"acf":{"selector_de_usuario":null,"fecha_de_revision":"20200520"},"yoast_head":"<!-- This site is optimized with the Yoast SEO plugin v27.1 - https:\/\/yoast.com\/product\/yoast-seo-wordpress\/ -->\n<title>Solicitud de la Denominaci\u00f3n Social [GU\u00cdA] - TeamSystem Facturas Billin<\/title>\n<meta name=\"description\" content=\"Si vas a constituir una sociedad tendr\u00e1s que ponerle un nombre a tu empresa. Aqu\u00ed te explicamos c\u00f3mo solicitar la denominaci\u00f3n social.\" \/>\n<meta name=\"robots\" content=\"index, follow, max-snippet:-1, max-image-preview:large, max-video-preview:-1\" \/>\n<link rel=\"canonical\" href=\"https:\/\/www.billin.net\/blog\/capitulo-guia-solicitud-denominacion-social\/\" \/>\n<meta property=\"og:locale\" content=\"es_ES\" \/>\n<meta property=\"og:type\" content=\"article\" \/>\n<meta property=\"og:title\" content=\"Solicitud de la Denominaci\u00f3n Social [GU\u00cdA] - TeamSystem Facturas Billin\" \/>\n<meta property=\"og:description\" content=\"Si vas a constituir una sociedad tendr\u00e1s que ponerle un nombre a tu empresa. Aqu\u00ed te explicamos c\u00f3mo solicitar la denominaci\u00f3n social.\" \/>\n<meta property=\"og:url\" content=\"https:\/\/www.billin.net\/blog\/capitulo-guia-solicitud-denominacion-social\/\" \/>\n<meta property=\"og:site_name\" content=\"Blog de TeamSystem Facturas Billin\" \/>\n<meta property=\"article:publisher\" content=\"https:\/\/www.facebook.com\/EsBillin\" \/>\n<meta property=\"article:published_time\" content=\"2018-11-28T22:00:00+00:00\" \/>\n<meta property=\"article:modified_time\" content=\"2025-09-25T18:53:13+00:00\" \/>\n<meta property=\"og:image\" content=\"https:\/\/www.billin.net\/blog\/wp-content\/uploads\/2018\/11\/solicitud-denominacion-social-min.jpg\" \/>\n\t<meta property=\"og:image:width\" content=\"850\" \/>\n\t<meta property=\"og:image:height\" content=\"566\" \/>\n\t<meta property=\"og:image:type\" content=\"image\/jpeg\" \/>\n<meta name=\"author\" content=\"Marcos De La Cueva - CEO TeamSystem Facturas Billin\" \/>\n<meta name=\"twitter:card\" content=\"summary_large_image\" \/>\n<meta name=\"twitter:creator\" content=\"@Billin_ES\" \/>\n<meta name=\"twitter:site\" content=\"@Billin_ES\" \/>\n<meta name=\"twitter:label1\" content=\"Escrito por\" \/>\n\t<meta name=\"twitter:data1\" content=\"Marcos De La Cueva - CEO TeamSystem Facturas Billin\" \/>\n\t<meta name=\"twitter:label2\" content=\"Tiempo de lectura\" \/>\n\t<meta name=\"twitter:data2\" content=\"5 minutos\" \/>\n<script type=\"application\/ld+json\" class=\"yoast-schema-graph\">{\"@context\":\"https:\/\/schema.org\",\"@graph\":[{\"@type\":\"Article\",\"@id\":\"https:\/\/www.billin.net\/blog\/capitulo-guia-solicitud-denominacion-social\/#article\",\"isPartOf\":{\"@id\":\"https:\/\/www.billin.net\/blog\/capitulo-guia-solicitud-denominacion-social\/\"},\"author\":{\"name\":\"Marcos De La Cueva - CEO TeamSystem Facturas Billin\",\"@id\":\"https:\/\/www.billin.net\/blog\/#\/schema\/person\/d0339ee6e869234614541b1e80a793e7\"},\"headline\":\"La denominaci\u00f3n social de una empresa\",\"datePublished\":\"2018-11-28T22:00:00+00:00\",\"dateModified\":\"2025-09-25T18:53:13+00:00\",\"mainEntityOfPage\":{\"@id\":\"https:\/\/www.billin.net\/blog\/capitulo-guia-solicitud-denominacion-social\/\"},\"wordCount\":939,\"commentCount\":0,\"publisher\":{\"@id\":\"https:\/\/www.billin.net\/blog\/#organization\"},\"image\":{\"@id\":\"https:\/\/www.billin.net\/blog\/capitulo-guia-solicitud-denominacion-social\/#primaryimage\"},\"thumbnailUrl\":\"https:\/\/www.billin.net\/blog\/wp-content\/uploads\/2018\/11\/solicitud-denominacion-social-min.jpg\",\"keywords\":[\"Pymes\"],\"articleSection\":[\"Fiscalidad\"],\"inLanguage\":\"es\",\"potentialAction\":[{\"@type\":\"CommentAction\",\"name\":\"Comment\",\"target\":[\"https:\/\/www.billin.net\/blog\/capitulo-guia-solicitud-denominacion-social\/#respond\"]}]},{\"@type\":\"WebPage\",\"@id\":\"https:\/\/www.billin.net\/blog\/capitulo-guia-solicitud-denominacion-social\/\",\"url\":\"https:\/\/www.billin.net\/blog\/capitulo-guia-solicitud-denominacion-social\/\",\"name\":\"Solicitud de la Denominaci\u00f3n Social [GU\u00cdA] - TeamSystem Facturas Billin\",\"isPartOf\":{\"@id\":\"https:\/\/www.billin.net\/blog\/#website\"},\"primaryImageOfPage\":{\"@id\":\"https:\/\/www.billin.net\/blog\/capitulo-guia-solicitud-denominacion-social\/#primaryimage\"},\"image\":{\"@id\":\"https:\/\/www.billin.net\/blog\/capitulo-guia-solicitud-denominacion-social\/#primaryimage\"},\"thumbnailUrl\":\"https:\/\/www.billin.net\/blog\/wp-content\/uploads\/2018\/11\/solicitud-denominacion-social-min.jpg\",\"datePublished\":\"2018-11-28T22:00:00+00:00\",\"dateModified\":\"2025-09-25T18:53:13+00:00\",\"description\":\"Si vas a constituir una sociedad tendr\u00e1s que ponerle un nombre a tu empresa. Aqu\u00ed te explicamos c\u00f3mo solicitar la denominaci\u00f3n social.\",\"breadcrumb\":{\"@id\":\"https:\/\/www.billin.net\/blog\/capitulo-guia-solicitud-denominacion-social\/#breadcrumb\"},\"inLanguage\":\"es\",\"potentialAction\":[{\"@type\":\"ReadAction\",\"target\":[\"https:\/\/www.billin.net\/blog\/capitulo-guia-solicitud-denominacion-social\/\"]}]},{\"@type\":\"ImageObject\",\"inLanguage\":\"es\",\"@id\":\"https:\/\/www.billin.net\/blog\/capitulo-guia-solicitud-denominacion-social\/#primaryimage\",\"url\":\"https:\/\/www.billin.net\/blog\/wp-content\/uploads\/2018\/11\/solicitud-denominacion-social-min.jpg\",\"contentUrl\":\"https:\/\/www.billin.net\/blog\/wp-content\/uploads\/2018\/11\/solicitud-denominacion-social-min.jpg\",\"width\":850,\"height\":566,\"caption\":\"solicitud denominacion social\"},{\"@type\":\"BreadcrumbList\",\"@id\":\"https:\/\/www.billin.net\/blog\/capitulo-guia-solicitud-denominacion-social\/#breadcrumb\",\"itemListElement\":[{\"@type\":\"ListItem\",\"position\":1,\"name\":\"Blog\",\"item\":\"https:\/\/www.billin.net\/blog\/\"},{\"@type\":\"ListItem\",\"position\":2,\"name\":\"Fiscalidad\",\"item\":\"https:\/\/www.billin.net\/blog\/fiscalidad\/\"},{\"@type\":\"ListItem\",\"position\":3,\"name\":\"La denominaci\u00f3n social de una empresa\"}]},{\"@type\":\"WebSite\",\"@id\":\"https:\/\/www.billin.net\/blog\/#website\",\"url\":\"https:\/\/www.billin.net\/blog\/\",\"name\":\"Blog de Billin\",\"description\":\"Mantente informado con el blog de TeamSystem Facturas Billin:  facturaci\u00f3n, legislaci\u00f3n, contabilidad, management y toda la informaci\u00f3n \u00fatil para pymes y aut\u00f3nomos.\",\"publisher\":{\"@id\":\"https:\/\/www.billin.net\/blog\/#organization\"},\"potentialAction\":[{\"@type\":\"SearchAction\",\"target\":{\"@type\":\"EntryPoint\",\"urlTemplate\":\"https:\/\/www.billin.net\/blog\/?s={search_term_string}\"},\"query-input\":{\"@type\":\"PropertyValueSpecification\",\"valueRequired\":true,\"valueName\":\"search_term_string\"}}],\"inLanguage\":\"es\"},{\"@type\":\"Organization\",\"@id\":\"https:\/\/www.billin.net\/blog\/#organization\",\"name\":\"Billin\",\"alternateName\":\"Blog de Billin\",\"url\":\"https:\/\/www.billin.net\/blog\/\",\"logo\":{\"@type\":\"ImageObject\",\"inLanguage\":\"es\",\"@id\":\"https:\/\/www.billin.net\/blog\/#\/schema\/logo\/image\/\",\"url\":\"https:\/\/www.billin.net\/blog\/wp-content\/uploads\/2019\/06\/logotipo-billin-blog-1.png\",\"contentUrl\":\"https:\/\/www.billin.net\/blog\/wp-content\/uploads\/2019\/06\/logotipo-billin-blog-1.png\",\"width\":126,\"height\":50,\"caption\":\"Billin\"},\"image\":{\"@id\":\"https:\/\/www.billin.net\/blog\/#\/schema\/logo\/image\/\"},\"sameAs\":[\"https:\/\/www.facebook.com\/EsBillin\",\"https:\/\/x.com\/Billin_ES\",\"https:\/\/www.instagram.com\/billin_es\/\",\"https:\/\/www.linkedin.com\/company\/billin-spain\",\"https:\/\/www.youtube.com\/c\/BillinEsintercambiodefacturas\/\"],\"legalName\":\"MY EXPENSES SL\",\"contactPoint\":{\"@type\":\"ContactPoint\",\"telephone\":\"+34918318883\",\"contactType\":\"customer service\",\"email\":\"info@billin.eu\",\"availableLanguage\":\"es\"},\"foundingDate\":\"2015\",\"numberOfEmployees\":{\"@type\":\"QuantitativeValue\",\"minValue\":10,\"maxValue\":50},\"parentOrganization\":{\"@type\":\"Organization\",\"name\":\"TeamSystem\",\"url\":\"https:\/\/www.teamsystem.com\/\"},\"description\":\"Billin es el programa de facturaci\u00f3n online de TeamSystem para aut\u00f3nomos y pymes en Espa\u00f1a. Permite crear facturas, controlar gastos y cumplir con Verifactu.\",\"address\":{\"@type\":\"PostalAddress\",\"streetAddress\":\"Calle Arturo Soria, 336\",\"addressLocality\":\"Madrid\",\"addressRegion\":\"Madrid\",\"postalCode\":\"28033\",\"addressCountry\":\"ES\"}},{\"@type\":\"Person\",\"@id\":\"https:\/\/www.billin.net\/blog\/#\/schema\/person\/d0339ee6e869234614541b1e80a793e7\",\"name\":\"Marcos De La Cueva - CEO TeamSystem Facturas Billin\",\"image\":{\"@type\":\"ImageObject\",\"inLanguage\":\"es\",\"@id\":\"https:\/\/www.billin.net\/blog\/#\/schema\/person\/image\/\",\"url\":\"https:\/\/www.billin.net\/blog\/wp-content\/uploads\/2023\/10\/marcos-color-150x150.png\",\"contentUrl\":\"https:\/\/www.billin.net\/blog\/wp-content\/uploads\/2023\/10\/marcos-color-150x150.png\",\"caption\":\"Marcos De La Cueva - CEO TeamSystem Facturas Billin\"},\"description\":\"Licenciado en ADE por la Universidad Aut\u00f3noma de Madrid, Marcos De la Cueva es CEO y cofundador de TeamSystem Facturas Billin, un programa online que lleva m\u00e1s de 9 a\u00f1os ayudando a aut\u00f3nomos, peque\u00f1os negocios y gestor\u00edas a digitalizar sus presupuestos, facturas, tickets y gastos. \u00a0 Sobre Marcos De La Cueva \u00a0 Apasionado por el mundo empresarial y la tecnolog\u00eda, curs\u00f3 su M\u00e1ster de Finanzas en la Universidad Pontificia de Comillas y estuvo en el Programa de Cooperaci\u00f3n Educativa de la Universidad Aut\u00f3noma de Madrid. \u00a0 Marcos siempre ha tenido su objetivo claro: ayudar a la creaci\u00f3n de negocios financieramente sostenibles a trav\u00e9s de una herramienta de facturaci\u00f3n que les permita ahorrar tiempo y tener la contabilidad bajo control. \u00a0 Marcos De La Cueva en los medios \u2014 Noticia sobre Kit Digital y Ley Antifraude (VeriFactu) en El Economista. \u2014 Noticia sobre Kit Digital y factura electr\u00f3nica obligatoria en Diario Jur\u00eddico. \u2014 Noticia sobre el a\u00f1o de transici\u00f3n para la factura electr\u00f3nica en Muy Pymes. \u2014 Entrevista sobre factura electr\u00f3nica obligatoria en Canal Sur. \u2014 Noticia sobre el informe factura electr\u00f3nica de TeamSystem en Channel Partner. \u2014 Charla sobre productividad y Ley Crea y Crece en El Economista. \u2014 Charla sobre factura electr\u00f3nica obligatoria en Muy Pymes. \u2014 Charla sobre digitalizaci\u00f3n aut\u00f3nomos y productividad en esdiario. \u2014 Charla sobre productividad y factura electr\u00f3nica en La Raz\u00f3n. \u2014 Charla sobre factura electr\u00f3nica obligatoria en Aut\u00f3nomos y Emprendedores. \u2014 Entrevista sobre Ley Antifraude y Ley Crea y Crece en Expansi\u00f3n. \u2014 Entrevista sobre Ley Antifraude y Ley Crea y Crece en La Raz\u00f3n. \u2014 Entrevista sobre factura electr\u00f3nica obligatoria en El Economista. \u2014 Comunicado Billin y TeamSystem en Business Insider. \u2014 Entrevista en Econom\u00eda Digital. \u2014 Entrevista en Ideas para tu empresa de Vodafone. \u2014 Entrevista en M\u00e1sQradio. \u2014 Entrevista en Armas para emprender de El M\u00e9todo Gallardo. \u2014 Entrevista en KFund. \u2014 Entrevista en AXA Seguros Espa\u00f1a. \u2014 Entrevista en GestionaRadio. \u00a0 Marcos De La Cueva en eventos \u00a0 \u2014 Participaci\u00f3n como ponente en Accountex Espa\u00f1a 2023. \u00a0 Tem\u00e1ticas de especializaci\u00f3n \u00a0 negocios | startups | contabilidad| fiscalidad | empresas| asesor\u00edas| autonomos | emprendedores | peque\u00f1os negocios | econom\u00eda | ADE | pymes | desarrollo de negocio\u00a0\",\"sameAs\":[\"https:\/\/www.billin.net\/\",\"https:\/\/www.linkedin.com\/in\/marcos-de-la-cueva-19750ba3\/\"],\"url\":\"https:\/\/www.billin.net\/blog\/author\/marcosdelacueva\/\",\"jobTitle\":\"CEO y cofundador de TS Facturas Billin\"}]}<\/script>\n<!-- \/ Yoast SEO plugin. -->","yoast_head_json":{"title":"Solicitud de la Denominaci\u00f3n Social [GU\u00cdA] - TeamSystem Facturas Billin","description":"Si vas a constituir una sociedad tendr\u00e1s que ponerle un nombre a tu empresa. Aqu\u00ed te explicamos c\u00f3mo solicitar la denominaci\u00f3n social.","robots":{"index":"index","follow":"follow","max-snippet":"max-snippet:-1","max-image-preview":"max-image-preview:large","max-video-preview":"max-video-preview:-1"},"canonical":"https:\/\/www.billin.net\/blog\/capitulo-guia-solicitud-denominacion-social\/","og_locale":"es_ES","og_type":"article","og_title":"Solicitud de la Denominaci\u00f3n Social [GU\u00cdA] - TeamSystem Facturas Billin","og_description":"Si vas a constituir una sociedad tendr\u00e1s que ponerle un nombre a tu empresa. Aqu\u00ed te explicamos c\u00f3mo solicitar la denominaci\u00f3n social.","og_url":"https:\/\/www.billin.net\/blog\/capitulo-guia-solicitud-denominacion-social\/","og_site_name":"Blog de TeamSystem Facturas Billin","article_publisher":"https:\/\/www.facebook.com\/EsBillin","article_published_time":"2018-11-28T22:00:00+00:00","article_modified_time":"2025-09-25T18:53:13+00:00","og_image":[{"width":850,"height":566,"url":"https:\/\/www.billin.net\/blog\/wp-content\/uploads\/2018\/11\/solicitud-denominacion-social-min.jpg","type":"image\/jpeg"}],"author":"Marcos De La Cueva - CEO TeamSystem Facturas Billin","twitter_card":"summary_large_image","twitter_creator":"@Billin_ES","twitter_site":"@Billin_ES","twitter_misc":{"Escrito por":"Marcos De La Cueva - CEO TeamSystem Facturas Billin","Tiempo de lectura":"5 minutos"},"schema":{"@context":"https:\/\/schema.org","@graph":[{"@type":"Article","@id":"https:\/\/www.billin.net\/blog\/capitulo-guia-solicitud-denominacion-social\/#article","isPartOf":{"@id":"https:\/\/www.billin.net\/blog\/capitulo-guia-solicitud-denominacion-social\/"},"author":{"name":"Marcos De La Cueva - CEO TeamSystem Facturas Billin","@id":"https:\/\/www.billin.net\/blog\/#\/schema\/person\/d0339ee6e869234614541b1e80a793e7"},"headline":"La denominaci\u00f3n social de una empresa","datePublished":"2018-11-28T22:00:00+00:00","dateModified":"2025-09-25T18:53:13+00:00","mainEntityOfPage":{"@id":"https:\/\/www.billin.net\/blog\/capitulo-guia-solicitud-denominacion-social\/"},"wordCount":939,"commentCount":0,"publisher":{"@id":"https:\/\/www.billin.net\/blog\/#organization"},"image":{"@id":"https:\/\/www.billin.net\/blog\/capitulo-guia-solicitud-denominacion-social\/#primaryimage"},"thumbnailUrl":"https:\/\/www.billin.net\/blog\/wp-content\/uploads\/2018\/11\/solicitud-denominacion-social-min.jpg","keywords":["Pymes"],"articleSection":["Fiscalidad"],"inLanguage":"es","potentialAction":[{"@type":"CommentAction","name":"Comment","target":["https:\/\/www.billin.net\/blog\/capitulo-guia-solicitud-denominacion-social\/#respond"]}]},{"@type":"WebPage","@id":"https:\/\/www.billin.net\/blog\/capitulo-guia-solicitud-denominacion-social\/","url":"https:\/\/www.billin.net\/blog\/capitulo-guia-solicitud-denominacion-social\/","name":"Solicitud de la Denominaci\u00f3n Social [GU\u00cdA] - TeamSystem Facturas Billin","isPartOf":{"@id":"https:\/\/www.billin.net\/blog\/#website"},"primaryImageOfPage":{"@id":"https:\/\/www.billin.net\/blog\/capitulo-guia-solicitud-denominacion-social\/#primaryimage"},"image":{"@id":"https:\/\/www.billin.net\/blog\/capitulo-guia-solicitud-denominacion-social\/#primaryimage"},"thumbnailUrl":"https:\/\/www.billin.net\/blog\/wp-content\/uploads\/2018\/11\/solicitud-denominacion-social-min.jpg","datePublished":"2018-11-28T22:00:00+00:00","dateModified":"2025-09-25T18:53:13+00:00","description":"Si vas a constituir una sociedad tendr\u00e1s que ponerle un nombre a tu empresa. Aqu\u00ed te explicamos c\u00f3mo solicitar la denominaci\u00f3n social.","breadcrumb":{"@id":"https:\/\/www.billin.net\/blog\/capitulo-guia-solicitud-denominacion-social\/#breadcrumb"},"inLanguage":"es","potentialAction":[{"@type":"ReadAction","target":["https:\/\/www.billin.net\/blog\/capitulo-guia-solicitud-denominacion-social\/"]}]},{"@type":"ImageObject","inLanguage":"es","@id":"https:\/\/www.billin.net\/blog\/capitulo-guia-solicitud-denominacion-social\/#primaryimage","url":"https:\/\/www.billin.net\/blog\/wp-content\/uploads\/2018\/11\/solicitud-denominacion-social-min.jpg","contentUrl":"https:\/\/www.billin.net\/blog\/wp-content\/uploads\/2018\/11\/solicitud-denominacion-social-min.jpg","width":850,"height":566,"caption":"solicitud denominacion social"},{"@type":"BreadcrumbList","@id":"https:\/\/www.billin.net\/blog\/capitulo-guia-solicitud-denominacion-social\/#breadcrumb","itemListElement":[{"@type":"ListItem","position":1,"name":"Blog","item":"https:\/\/www.billin.net\/blog\/"},{"@type":"ListItem","position":2,"name":"Fiscalidad","item":"https:\/\/www.billin.net\/blog\/fiscalidad\/"},{"@type":"ListItem","position":3,"name":"La denominaci\u00f3n social de una empresa"}]},{"@type":"WebSite","@id":"https:\/\/www.billin.net\/blog\/#website","url":"https:\/\/www.billin.net\/blog\/","name":"Blog de Billin","description":"Mantente informado con el blog de TeamSystem Facturas Billin:  facturaci\u00f3n, legislaci\u00f3n, contabilidad, management y toda la informaci\u00f3n \u00fatil para pymes y aut\u00f3nomos.","publisher":{"@id":"https:\/\/www.billin.net\/blog\/#organization"},"potentialAction":[{"@type":"SearchAction","target":{"@type":"EntryPoint","urlTemplate":"https:\/\/www.billin.net\/blog\/?s={search_term_string}"},"query-input":{"@type":"PropertyValueSpecification","valueRequired":true,"valueName":"search_term_string"}}],"inLanguage":"es"},{"@type":"Organization","@id":"https:\/\/www.billin.net\/blog\/#organization","name":"Billin","alternateName":"Blog de Billin","url":"https:\/\/www.billin.net\/blog\/","logo":{"@type":"ImageObject","inLanguage":"es","@id":"https:\/\/www.billin.net\/blog\/#\/schema\/logo\/image\/","url":"https:\/\/www.billin.net\/blog\/wp-content\/uploads\/2019\/06\/logotipo-billin-blog-1.png","contentUrl":"https:\/\/www.billin.net\/blog\/wp-content\/uploads\/2019\/06\/logotipo-billin-blog-1.png","width":126,"height":50,"caption":"Billin"},"image":{"@id":"https:\/\/www.billin.net\/blog\/#\/schema\/logo\/image\/"},"sameAs":["https:\/\/www.facebook.com\/EsBillin","https:\/\/x.com\/Billin_ES","https:\/\/www.instagram.com\/billin_es\/","https:\/\/www.linkedin.com\/company\/billin-spain","https:\/\/www.youtube.com\/c\/BillinEsintercambiodefacturas\/"],"legalName":"MY EXPENSES SL","contactPoint":{"@type":"ContactPoint","telephone":"+34918318883","contactType":"customer service","email":"info@billin.eu","availableLanguage":"es"},"foundingDate":"2015","numberOfEmployees":{"@type":"QuantitativeValue","minValue":10,"maxValue":50},"parentOrganization":{"@type":"Organization","name":"TeamSystem","url":"https:\/\/www.teamsystem.com\/"},"description":"Billin es el programa de facturaci\u00f3n online de TeamSystem para aut\u00f3nomos y pymes en Espa\u00f1a. Permite crear facturas, controlar gastos y cumplir con Verifactu.","address":{"@type":"PostalAddress","streetAddress":"Calle Arturo Soria, 336","addressLocality":"Madrid","addressRegion":"Madrid","postalCode":"28033","addressCountry":"ES"}},{"@type":"Person","@id":"https:\/\/www.billin.net\/blog\/#\/schema\/person\/d0339ee6e869234614541b1e80a793e7","name":"Marcos De La Cueva - CEO TeamSystem Facturas Billin","image":{"@type":"ImageObject","inLanguage":"es","@id":"https:\/\/www.billin.net\/blog\/#\/schema\/person\/image\/","url":"https:\/\/www.billin.net\/blog\/wp-content\/uploads\/2023\/10\/marcos-color-150x150.png","contentUrl":"https:\/\/www.billin.net\/blog\/wp-content\/uploads\/2023\/10\/marcos-color-150x150.png","caption":"Marcos De La Cueva - CEO TeamSystem Facturas Billin"},"description":"Licenciado en ADE por la Universidad Aut\u00f3noma de Madrid, Marcos De la Cueva es CEO y cofundador de TeamSystem Facturas Billin, un programa online que lleva m\u00e1s de 9 a\u00f1os ayudando a aut\u00f3nomos, peque\u00f1os negocios y gestor\u00edas a digitalizar sus presupuestos, facturas, tickets y gastos. \u00a0 Sobre Marcos De La Cueva \u00a0 Apasionado por el mundo empresarial y la tecnolog\u00eda, curs\u00f3 su M\u00e1ster de Finanzas en la Universidad Pontificia de Comillas y estuvo en el Programa de Cooperaci\u00f3n Educativa de la Universidad Aut\u00f3noma de Madrid. \u00a0 Marcos siempre ha tenido su objetivo claro: ayudar a la creaci\u00f3n de negocios financieramente sostenibles a trav\u00e9s de una herramienta de facturaci\u00f3n que les permita ahorrar tiempo y tener la contabilidad bajo control. \u00a0 Marcos De La Cueva en los medios \u2014 Noticia sobre Kit Digital y Ley Antifraude (VeriFactu) en El Economista. \u2014 Noticia sobre Kit Digital y factura electr\u00f3nica obligatoria en Diario Jur\u00eddico. \u2014 Noticia sobre el a\u00f1o de transici\u00f3n para la factura electr\u00f3nica en Muy Pymes. \u2014 Entrevista sobre factura electr\u00f3nica obligatoria en Canal Sur. \u2014 Noticia sobre el informe factura electr\u00f3nica de TeamSystem en Channel Partner. \u2014 Charla sobre productividad y Ley Crea y Crece en El Economista. \u2014 Charla sobre factura electr\u00f3nica obligatoria en Muy Pymes. \u2014 Charla sobre digitalizaci\u00f3n aut\u00f3nomos y productividad en esdiario. \u2014 Charla sobre productividad y factura electr\u00f3nica en La Raz\u00f3n. \u2014 Charla sobre factura electr\u00f3nica obligatoria en Aut\u00f3nomos y Emprendedores. \u2014 Entrevista sobre Ley Antifraude y Ley Crea y Crece en Expansi\u00f3n. \u2014 Entrevista sobre Ley Antifraude y Ley Crea y Crece en La Raz\u00f3n. \u2014 Entrevista sobre factura electr\u00f3nica obligatoria en El Economista. \u2014 Comunicado Billin y TeamSystem en Business Insider. \u2014 Entrevista en Econom\u00eda Digital. \u2014 Entrevista en Ideas para tu empresa de Vodafone. \u2014 Entrevista en M\u00e1sQradio. \u2014 Entrevista en Armas para emprender de El M\u00e9todo Gallardo. \u2014 Entrevista en KFund. \u2014 Entrevista en AXA Seguros Espa\u00f1a. \u2014 Entrevista en GestionaRadio. \u00a0 Marcos De La Cueva en eventos \u00a0 \u2014 Participaci\u00f3n como ponente en Accountex Espa\u00f1a 2023. \u00a0 Tem\u00e1ticas de especializaci\u00f3n \u00a0 negocios | startups | contabilidad| fiscalidad | empresas| asesor\u00edas| autonomos | emprendedores | peque\u00f1os negocios | econom\u00eda | ADE | pymes | desarrollo de negocio\u00a0","sameAs":["https:\/\/www.billin.net\/","https:\/\/www.linkedin.com\/in\/marcos-de-la-cueva-19750ba3\/"],"url":"https:\/\/www.billin.net\/blog\/author\/marcosdelacueva\/","jobTitle":"CEO y cofundador de TS Facturas Billin"}]}},"_links":{"self":[{"href":"https:\/\/www.billin.net\/blog\/wp-json\/wp\/v2\/posts\/10717","targetHints":{"allow":["GET"]}}],"collection":[{"href":"https:\/\/www.billin.net\/blog\/wp-json\/wp\/v2\/posts"}],"about":[{"href":"https:\/\/www.billin.net\/blog\/wp-json\/wp\/v2\/types\/post"}],"author":[{"embeddable":true,"href":"https:\/\/www.billin.net\/blog\/wp-json\/wp\/v2\/users\/20"}],"replies":[{"embeddable":true,"href":"https:\/\/www.billin.net\/blog\/wp-json\/wp\/v2\/comments?post=10717"}],"version-history":[{"count":6,"href":"https:\/\/www.billin.net\/blog\/wp-json\/wp\/v2\/posts\/10717\/revisions"}],"predecessor-version":[{"id":27267,"href":"https:\/\/www.billin.net\/blog\/wp-json\/wp\/v2\/posts\/10717\/revisions\/27267"}],"wp:featuredmedia":[{"embeddable":true,"href":"https:\/\/www.billin.net\/blog\/wp-json\/wp\/v2\/media\/9240"}],"wp:attachment":[{"href":"https:\/\/www.billin.net\/blog\/wp-json\/wp\/v2\/media?parent=10717"}],"wp:term":[{"taxonomy":"category","embeddable":true,"href":"https:\/\/www.billin.net\/blog\/wp-json\/wp\/v2\/categories?post=10717"},{"taxonomy":"post_tag","embeddable":true,"href":"https:\/\/www.billin.net\/blog\/wp-json\/wp\/v2\/tags?post=10717"}],"curies":[{"name":"wp","href":"https:\/\/api.w.org\/{rel}","templated":true}]}}