{"id":10713,"date":"2018-11-23T00:00:00","date_gmt":"2018-11-22T22:00:00","guid":{"rendered":"https:\/\/www.billin.net\/blog\/capitulo-guia-creacion-imagen-corporativa-negocio\/"},"modified":"2025-09-25T20:53:20","modified_gmt":"2025-09-25T18:53:20","slug":"capitulo-guia-creacion-imagen-corporativa-negocio","status":"publish","type":"post","link":"https:\/\/www.billin.net\/blog\/capitulo-guia-creacion-imagen-corporativa-negocio\/","title":{"rendered":"Creaci\u00f3n de la imagen corporativa del negocio"},"content":{"rendered":"<p>\u00bfEst\u00e1s pensando en <strong>renovar o crear la imagen corporativa de tu empresa<\/strong>?, entonces lee este art\u00edculo, te daremos las claves para conseguirlo.<!--more--><\/p>\n<h2>Ideas para crear un buen nombre para tu negocio<\/h2>\n<p>Es un trabajo complicado, quiz\u00e1s tengas que usar otro tipo de herramientas para visualizar todas esas ideas que tienes en tu mente.<\/p>\n<p>Antes de c<strong>onseguir el nombre perfecto para tu negocio<\/strong>, debes tener claro los siguientes aspectos de tu empresa:<\/p>\n<ul>\n<li>Actividad de la empresa<\/li>\n<li>Conocer tus propias metas<\/li>\n<\/ul>\n<p>A partir de aqu\u00ed, debes seguir el siguiente camino:<\/p>\n<ul>\n<li>Tendr\u00e1s que conocer a fondo la <strong>actividad de tu negocio<\/strong>, es decir, los servicios que prestar\u00e1 y los valores que la representan, de esta forma, simplificaras la actividad en conceptos.<\/li>\n<li>Lo segundo, ser\u00e1 preguntarte qu\u00e9 es lo que quieres lograr con ella en un futuro, deber\u00e1s plasmar esas ideas para definir la identidad de tu empresa y el logotipo de tu marca.<\/li>\n<li>Debes plantearte las emociones que esperas despertar en tus clientes potenciales, es decir, como quieres que se te recuerde.<\/li>\n<li>Lo \u00faltimo, ser\u00eda reunirte con tu equipo de trabajo y plasmar esa <strong>lluvia de ideas<\/strong>, que vaya de acuerdo con tu filosof\u00eda de empresa, para ello, deber\u00e1s tener en cuenta lo siguiente:\n<ul>\n<li>Elige un nombre que est\u00e9 libre, es decir, un nombre original, que no est\u00e9 inscrito como marca.<\/li>\n<li>Analiza tu competencia, verificando los nombres que ellos usan.<\/li>\n<li>Utiliza nombres cortos.<\/li>\n<li>Elige nombre que su pronunciaci\u00f3n sea sencilla, si tienes dudas, utiliza a amigos o familiares para que la pronuncien una y otra vez.<\/li>\n<li>Haz que sea original.<\/li>\n<li>Evita nombres obvios.<\/li>\n<li>Evita el uso de caracteres que generen confusi\u00f3n.<\/li>\n<\/ul>\n<\/li>\n<li>Una vez llevados a cabo, todos estos consejos, tengamos en cuenta las siguientes consideraciones para <strong>perfeccionar nuestro nombre<\/strong>:\n<ul>\n<li>Usa sufijos o prefijos, que acompa\u00f1e a palabras obvias de tu actividad, lo \u00fanico, es que a veces dar\u00e1 lugar a nombres no muy diferenciadores.<\/li>\n<li>Prefijos o sufijos, que signifiquen bajo coste, como por ejemplo \u201cganga\u201d, \u201cahorra\u201d, etc.<\/li>\n<li>El uso de nombre gen\u00e9ricos es una opci\u00f3n no muy recomendable, ya que, no causar\u00edan un impacto la primera vez que escuchen tu marca.<\/li>\n<li>El uso de generadores de nombres puede ayudar o sugerir a buscar dominios o nombres que puedas usar para tu nombre.<\/li>\n<\/ul>\n<\/li>\n<li>Una vez que consigas el <strong>nombre ideal<\/strong>, tendr\u00e1s que investigar que no signifique ninguna groser\u00eda en otro idioma.<\/li>\n<\/ul>\n<p>Recuerda, que lo m\u00e1s importante, es que puedas recordar, escribir y pronunciar con facilidad el nombre.<\/p>\n<h2>Logo: opciones y servicios disponibles<\/h2>\n<p>Para conseguir un<strong> logo con \u00e9xito<\/strong> debes tener en cuenta las siguientes premisas:<\/p>\n<ul>\n<li>Debes <strong>manifestar un mensaje emocional en tu logotipo<\/strong><\/li>\n<li>Escoge las palabras que definen tu actividad, puedes usar un diccionario y hacer que esas palabras encajen, de forma que:\n<ul>\n<li>Creas algo original y que puedas recordar<\/li>\n<li>Escoge un color o varios que hagan destacar tu logotipo frente a la competencia, <strong>no elijas m\u00e1s de tres colores como norma general.<\/strong><\/li>\n<\/ul>\n<\/li>\n<li>Comparte con tus amigos y familiares para conocer la aceptaci\u00f3n que tendr\u00e1 tu logo en el mercado, has de tener en cuenta tanto las cr\u00edticas como las felicitaciones.<\/li>\n<li>Usa un proceso m\u00e1s t\u00e9cnico, para comprobar que tu logo es sim\u00e9trico.<\/li>\n<li>Aseg\u00farate de que tu logo, tendr\u00e1 varias opciones de color, de esta manera, estar\u00e1 preparado para promover una variedad de nuevos productos.<\/li>\n<li>Es necesario que la elecci\u00f3n de la fuente no sea una cl\u00e1sica como la \u201ctimes new roman\u201d.<\/li>\n<li>No olvides, que los logos se usan para representar a tu empresa en distintas plataformas.<\/li>\n<\/ul>\n<p>La elecci\u00f3n del logo nos ayudar\u00e1 a proyectar la imagen de tu negocio, por tanto, ser\u00e1n identificadores para sus empresas y marcas.<\/p>\n<h2>Registro del nombre y logo en Oficina Espa\u00f1ola de Patentes y Marcas<\/h2>\n<p>Las distintas denominaciones que podr\u00e1s registrar ser\u00e1n, las marcas y nombres comerciales, la marca internacional, la marca comunitaria y los <strong>dominios de Internet<\/strong>.<\/p>\n<p>Las marcas pueden adoptar muchas formas, es decir, podr\u00e1n ser palabras, dibujos, s\u00edmbolos.<\/p>\n<p>Tambi\u00e9n podr\u00e1n inscribirse los nombres comerciales, usados para identificar a la empresa, no tendr\u00eda nada que ver con la<strong> denominaci\u00f3n social inscrita en el Registro Mercantil<\/strong>.<\/p>\n<p>Los nombres comerciales ser\u00edan: los nombres de la empresa, denominaciones de fantas\u00eda, denominaciones alusivas al objeto de la actividad, anagramas y logotipos, im\u00e1genes, figuras o dibujos, o cualquier otra combinaci\u00f3n.<\/p>\n<p>La<strong> duraci\u00f3n de la protecci\u00f3n de tu marca<\/strong> <strong>durar\u00e1 10 a\u00f1os desde la inscripci\u00f3n en la Oficina de Patentes y Marcas, la cual, se ir\u00e1 renovando, ya que, la propia oficina de marcas de avisar\u00e1 de dicho vencimiento.<\/strong><\/p>\n<p>Para evitar gastos y tr\u00e1mites necesarios, deber\u00e1s comprobar que no exista una denominaci\u00f3n similar, para posteriormente realizar su inscripci\u00f3n.<\/p>\n<p>El coste de esta inscripci\u00f3n, tendr\u00e1 unas tasas de 145 euros aproximadamente, con un 15%, si se realiza v\u00eda telem\u00e1tica.<\/p>\n<p>Seg\u00fan sea tu situaci\u00f3n, a veces, es recomendable que encargues esta gesti\u00f3n a una empresa especializada por un importe que ir\u00e1 desde 300 euros hasta 800 euros, dependiendo de los servicios que le contrates.<\/p>\n<p>Las solicitudes para <a href=\"https:\/\/www.billin.net\/blog\/como-resgistrar-marca\/\" target=\"_blank\" rel=\"noopener noreferrer\">registrar una marca<\/a> se presentar\u00e1n en la p\u00e1gina <strong><a href=\"http:\/\/www.oepm.es\/\">web de la Oficina de Patentes y Marcas<\/a><\/strong>, rellenando el siguiente formulario (adjuntamos imagen 1).<\/p>\n<p>Habr\u00e1 que rellenar los datos del solicitante, datos del representante (si lo hubiese) y los documentos que acompa\u00f1an a dicha solicitud, como son:<\/p>\n<p><img loading=\"lazy\" decoding=\"async\" class=\"aligncenter size-full wp-image-9220\" src=\"https:\/\/www.billin.net\/blog\/wp-content\/uploads\/2018\/11\/imagen-corporativa.jpg\" alt=\"\" width=\"567\" height=\"320\" srcset=\"https:\/\/www.billin.net\/blog\/wp-content\/uploads\/2018\/11\/imagen-corporativa.jpg 567w, https:\/\/www.billin.net\/blog\/wp-content\/uploads\/2018\/11\/imagen-corporativa-300x169.jpg 300w\" sizes=\"(max-width: 567px) 100vw, 567px\" \/><\/p>\n<p><img loading=\"lazy\" decoding=\"async\" class=\"aligncenter size-full wp-image-9221\" src=\"https:\/\/www.billin.net\/blog\/wp-content\/uploads\/2018\/11\/registro-marca.jpg\" alt=\"\" width=\"500\" height=\"748\" srcset=\"https:\/\/www.billin.net\/blog\/wp-content\/uploads\/2018\/11\/registro-marca.jpg 500w, https:\/\/www.billin.net\/blog\/wp-content\/uploads\/2018\/11\/registro-marca-201x300.jpg 201w\" sizes=\"(max-width: 500px) 100vw, 500px\" \/><\/p>\n<p>La imagen corporativa de una empresa es muy importante. Tenemos ejemplos muy claros como Airbnb, Netflix o Apple las cuales tienen una imagen reconocida y f\u00e1cilmente identificable<\/p>\n","protected":false},"excerpt":{"rendered":"<p>\u00bfEst\u00e1s pensando en renovar o crear la imagen corporativa de tu empresa?, entonces lee este art\u00edculo, te daremos las claves para conseguirlo.<\/p>\n","protected":false},"author":20,"featured_media":9222,"comment_status":"open","ping_status":"open","sticky":false,"template":"","format":"standard","meta":{"_acf_changed":false,"_et_pb_use_builder":"","_et_pb_old_content":"","_et_gb_content_width":"","om_disable_all_campaigns":false,"inline_featured_image":false,"footnotes":""},"categories":[1013],"tags":[],"class_list":{"0":"post-10713","1":"post","2":"type-post","3":"status-publish","4":"format-standard","5":"has-post-thumbnail","7":"category-marketing"},"acf":{"selector_de_usuario":null,"fecha_de_revision":"20210506"},"yoast_head":"<!-- This site is optimized with the Yoast SEO plugin v27.1 - https:\/\/yoast.com\/product\/yoast-seo-wordpress\/ -->\n<title>\u00bfQu\u00e9 es la Imagen Corporativa de una empresa? - TeamSystem Facturas Billin<\/title>\n<meta name=\"description\" content=\"En este art\u00edculo te contamos lo que es la imagen corporativa de una empresa y todas las claves para que puedas trabajarla bien.\" \/>\n<meta name=\"robots\" content=\"index, follow, max-snippet:-1, max-image-preview:large, max-video-preview:-1\" \/>\n<link rel=\"canonical\" href=\"https:\/\/www.billin.net\/blog\/capitulo-guia-creacion-imagen-corporativa-negocio\/\" \/>\n<meta property=\"og:locale\" content=\"es_ES\" \/>\n<meta property=\"og:type\" content=\"article\" \/>\n<meta property=\"og:title\" content=\"\u00bfQu\u00e9 es la Imagen Corporativa de una empresa? - TeamSystem Facturas Billin\" \/>\n<meta property=\"og:description\" content=\"En este art\u00edculo te contamos lo que es la imagen corporativa de una empresa y todas las claves para que puedas trabajarla bien.\" \/>\n<meta property=\"og:url\" content=\"https:\/\/www.billin.net\/blog\/capitulo-guia-creacion-imagen-corporativa-negocio\/\" \/>\n<meta property=\"og:site_name\" content=\"Blog de TeamSystem Facturas Billin\" \/>\n<meta property=\"article:publisher\" content=\"https:\/\/www.facebook.com\/EsBillin\" \/>\n<meta property=\"article:published_time\" content=\"2018-11-22T22:00:00+00:00\" \/>\n<meta property=\"article:modified_time\" content=\"2025-09-25T18:53:20+00:00\" \/>\n<meta property=\"og:image\" content=\"https:\/\/www.billin.net\/blog\/wp-content\/uploads\/2018\/11\/marca-registrada.jpg\" \/>\n\t<meta property=\"og:image:width\" content=\"728\" \/>\n\t<meta property=\"og:image:height\" content=\"439\" \/>\n\t<meta property=\"og:image:type\" content=\"image\/jpeg\" \/>\n<meta name=\"author\" content=\"Marcos De La Cueva - CEO TeamSystem Facturas Billin\" \/>\n<meta name=\"twitter:card\" content=\"summary_large_image\" \/>\n<meta name=\"twitter:creator\" content=\"@Billin_ES\" \/>\n<meta name=\"twitter:site\" content=\"@Billin_ES\" \/>\n<meta name=\"twitter:label1\" content=\"Escrito por\" \/>\n\t<meta name=\"twitter:data1\" content=\"Marcos De La Cueva - CEO TeamSystem Facturas Billin\" \/>\n\t<meta name=\"twitter:label2\" content=\"Tiempo de lectura\" \/>\n\t<meta name=\"twitter:data2\" content=\"5 minutos\" \/>\n<script type=\"application\/ld+json\" class=\"yoast-schema-graph\">{\"@context\":\"https:\/\/schema.org\",\"@graph\":[{\"@type\":\"Article\",\"@id\":\"https:\/\/www.billin.net\/blog\/capitulo-guia-creacion-imagen-corporativa-negocio\/#article\",\"isPartOf\":{\"@id\":\"https:\/\/www.billin.net\/blog\/capitulo-guia-creacion-imagen-corporativa-negocio\/\"},\"author\":{\"name\":\"Marcos De La Cueva - CEO TeamSystem Facturas Billin\",\"@id\":\"https:\/\/www.billin.net\/blog\/#\/schema\/person\/d0339ee6e869234614541b1e80a793e7\"},\"headline\":\"Creaci\u00f3n de la imagen corporativa del negocio\",\"datePublished\":\"2018-11-22T22:00:00+00:00\",\"dateModified\":\"2025-09-25T18:53:20+00:00\",\"mainEntityOfPage\":{\"@id\":\"https:\/\/www.billin.net\/blog\/capitulo-guia-creacion-imagen-corporativa-negocio\/\"},\"wordCount\":947,\"commentCount\":0,\"publisher\":{\"@id\":\"https:\/\/www.billin.net\/blog\/#organization\"},\"image\":{\"@id\":\"https:\/\/www.billin.net\/blog\/capitulo-guia-creacion-imagen-corporativa-negocio\/#primaryimage\"},\"thumbnailUrl\":\"https:\/\/www.billin.net\/blog\/wp-content\/uploads\/2018\/11\/marca-registrada.jpg\",\"articleSection\":[\"Marketing\"],\"inLanguage\":\"es\",\"potentialAction\":[{\"@type\":\"CommentAction\",\"name\":\"Comment\",\"target\":[\"https:\/\/www.billin.net\/blog\/capitulo-guia-creacion-imagen-corporativa-negocio\/#respond\"]}]},{\"@type\":\"WebPage\",\"@id\":\"https:\/\/www.billin.net\/blog\/capitulo-guia-creacion-imagen-corporativa-negocio\/\",\"url\":\"https:\/\/www.billin.net\/blog\/capitulo-guia-creacion-imagen-corporativa-negocio\/\",\"name\":\"\u00bfQu\u00e9 es la Imagen Corporativa de una empresa? - TeamSystem Facturas Billin\",\"isPartOf\":{\"@id\":\"https:\/\/www.billin.net\/blog\/#website\"},\"primaryImageOfPage\":{\"@id\":\"https:\/\/www.billin.net\/blog\/capitulo-guia-creacion-imagen-corporativa-negocio\/#primaryimage\"},\"image\":{\"@id\":\"https:\/\/www.billin.net\/blog\/capitulo-guia-creacion-imagen-corporativa-negocio\/#primaryimage\"},\"thumbnailUrl\":\"https:\/\/www.billin.net\/blog\/wp-content\/uploads\/2018\/11\/marca-registrada.jpg\",\"datePublished\":\"2018-11-22T22:00:00+00:00\",\"dateModified\":\"2025-09-25T18:53:20+00:00\",\"description\":\"En este art\u00edculo te contamos lo que es la imagen corporativa de una empresa y todas las claves para que puedas trabajarla bien.\",\"breadcrumb\":{\"@id\":\"https:\/\/www.billin.net\/blog\/capitulo-guia-creacion-imagen-corporativa-negocio\/#breadcrumb\"},\"inLanguage\":\"es\",\"potentialAction\":[{\"@type\":\"ReadAction\",\"target\":[\"https:\/\/www.billin.net\/blog\/capitulo-guia-creacion-imagen-corporativa-negocio\/\"]}]},{\"@type\":\"ImageObject\",\"inLanguage\":\"es\",\"@id\":\"https:\/\/www.billin.net\/blog\/capitulo-guia-creacion-imagen-corporativa-negocio\/#primaryimage\",\"url\":\"https:\/\/www.billin.net\/blog\/wp-content\/uploads\/2018\/11\/marca-registrada.jpg\",\"contentUrl\":\"https:\/\/www.billin.net\/blog\/wp-content\/uploads\/2018\/11\/marca-registrada.jpg\",\"width\":728,\"height\":439,\"caption\":\"imagen corporativa de una empresa\"},{\"@type\":\"BreadcrumbList\",\"@id\":\"https:\/\/www.billin.net\/blog\/capitulo-guia-creacion-imagen-corporativa-negocio\/#breadcrumb\",\"itemListElement\":[{\"@type\":\"ListItem\",\"position\":1,\"name\":\"Blog\",\"item\":\"https:\/\/www.billin.net\/blog\/\"},{\"@type\":\"ListItem\",\"position\":2,\"name\":\"Marketing\",\"item\":\"https:\/\/www.billin.net\/blog\/marketing\/\"},{\"@type\":\"ListItem\",\"position\":3,\"name\":\"Creaci\u00f3n de la imagen corporativa del negocio\"}]},{\"@type\":\"WebSite\",\"@id\":\"https:\/\/www.billin.net\/blog\/#website\",\"url\":\"https:\/\/www.billin.net\/blog\/\",\"name\":\"Blog de Billin\",\"description\":\"Mantente informado con el blog de TeamSystem Facturas Billin:  facturaci\u00f3n, legislaci\u00f3n, contabilidad, management y toda la informaci\u00f3n \u00fatil para pymes y aut\u00f3nomos.\",\"publisher\":{\"@id\":\"https:\/\/www.billin.net\/blog\/#organization\"},\"potentialAction\":[{\"@type\":\"SearchAction\",\"target\":{\"@type\":\"EntryPoint\",\"urlTemplate\":\"https:\/\/www.billin.net\/blog\/?s={search_term_string}\"},\"query-input\":{\"@type\":\"PropertyValueSpecification\",\"valueRequired\":true,\"valueName\":\"search_term_string\"}}],\"inLanguage\":\"es\"},{\"@type\":\"Organization\",\"@id\":\"https:\/\/www.billin.net\/blog\/#organization\",\"name\":\"Billin\",\"alternateName\":\"Blog de Billin\",\"url\":\"https:\/\/www.billin.net\/blog\/\",\"logo\":{\"@type\":\"ImageObject\",\"inLanguage\":\"es\",\"@id\":\"https:\/\/www.billin.net\/blog\/#\/schema\/logo\/image\/\",\"url\":\"https:\/\/www.billin.net\/blog\/wp-content\/uploads\/2019\/06\/logotipo-billin-blog-1.png\",\"contentUrl\":\"https:\/\/www.billin.net\/blog\/wp-content\/uploads\/2019\/06\/logotipo-billin-blog-1.png\",\"width\":126,\"height\":50,\"caption\":\"Billin\"},\"image\":{\"@id\":\"https:\/\/www.billin.net\/blog\/#\/schema\/logo\/image\/\"},\"sameAs\":[\"https:\/\/www.facebook.com\/EsBillin\",\"https:\/\/x.com\/Billin_ES\",\"https:\/\/www.instagram.com\/billin_es\/\",\"https:\/\/www.linkedin.com\/company\/billin-spain\",\"https:\/\/www.youtube.com\/c\/BillinEsintercambiodefacturas\/\"],\"legalName\":\"MY EXPENSES SL\",\"contactPoint\":{\"@type\":\"ContactPoint\",\"telephone\":\"+34918318883\",\"contactType\":\"customer service\",\"email\":\"info@billin.eu\",\"availableLanguage\":\"es\"},\"foundingDate\":\"2015\",\"numberOfEmployees\":{\"@type\":\"QuantitativeValue\",\"minValue\":10,\"maxValue\":50},\"parentOrganization\":{\"@type\":\"Organization\",\"name\":\"TeamSystem\",\"url\":\"https:\/\/www.teamsystem.com\/\"},\"description\":\"Billin es el programa de facturaci\u00f3n online de TeamSystem para aut\u00f3nomos y pymes en Espa\u00f1a. Permite crear facturas, controlar gastos y cumplir con Verifactu.\",\"address\":{\"@type\":\"PostalAddress\",\"streetAddress\":\"Calle Arturo Soria, 336\",\"addressLocality\":\"Madrid\",\"addressRegion\":\"Madrid\",\"postalCode\":\"28033\",\"addressCountry\":\"ES\"}},{\"@type\":\"Person\",\"@id\":\"https:\/\/www.billin.net\/blog\/#\/schema\/person\/d0339ee6e869234614541b1e80a793e7\",\"name\":\"Marcos De La Cueva - CEO TeamSystem Facturas Billin\",\"image\":{\"@type\":\"ImageObject\",\"inLanguage\":\"es\",\"@id\":\"https:\/\/www.billin.net\/blog\/#\/schema\/person\/image\/\",\"url\":\"https:\/\/www.billin.net\/blog\/wp-content\/uploads\/2023\/10\/marcos-color-150x150.png\",\"contentUrl\":\"https:\/\/www.billin.net\/blog\/wp-content\/uploads\/2023\/10\/marcos-color-150x150.png\",\"caption\":\"Marcos De La Cueva - CEO TeamSystem Facturas Billin\"},\"description\":\"Licenciado en ADE por la Universidad Aut\u00f3noma de Madrid, Marcos De la Cueva es CEO y cofundador de TeamSystem Facturas Billin, un programa online que lleva m\u00e1s de 9 a\u00f1os ayudando a aut\u00f3nomos, peque\u00f1os negocios y gestor\u00edas a digitalizar sus presupuestos, facturas, tickets y gastos. \u00a0 Sobre Marcos De La Cueva \u00a0 Apasionado por el mundo empresarial y la tecnolog\u00eda, curs\u00f3 su M\u00e1ster de Finanzas en la Universidad Pontificia de Comillas y estuvo en el Programa de Cooperaci\u00f3n Educativa de la Universidad Aut\u00f3noma de Madrid. \u00a0 Marcos siempre ha tenido su objetivo claro: ayudar a la creaci\u00f3n de negocios financieramente sostenibles a trav\u00e9s de una herramienta de facturaci\u00f3n que les permita ahorrar tiempo y tener la contabilidad bajo control. \u00a0 Marcos De La Cueva en los medios \u2014 Noticia sobre Kit Digital y Ley Antifraude (VeriFactu) en El Economista. \u2014 Noticia sobre Kit Digital y factura electr\u00f3nica obligatoria en Diario Jur\u00eddico. \u2014 Noticia sobre el a\u00f1o de transici\u00f3n para la factura electr\u00f3nica en Muy Pymes. \u2014 Entrevista sobre factura electr\u00f3nica obligatoria en Canal Sur. \u2014 Noticia sobre el informe factura electr\u00f3nica de TeamSystem en Channel Partner. \u2014 Charla sobre productividad y Ley Crea y Crece en El Economista. \u2014 Charla sobre factura electr\u00f3nica obligatoria en Muy Pymes. \u2014 Charla sobre digitalizaci\u00f3n aut\u00f3nomos y productividad en esdiario. \u2014 Charla sobre productividad y factura electr\u00f3nica en La Raz\u00f3n. \u2014 Charla sobre factura electr\u00f3nica obligatoria en Aut\u00f3nomos y Emprendedores. \u2014 Entrevista sobre Ley Antifraude y Ley Crea y Crece en Expansi\u00f3n. \u2014 Entrevista sobre Ley Antifraude y Ley Crea y Crece en La Raz\u00f3n. \u2014 Entrevista sobre factura electr\u00f3nica obligatoria en El Economista. \u2014 Comunicado Billin y TeamSystem en Business Insider. \u2014 Entrevista en Econom\u00eda Digital. \u2014 Entrevista en Ideas para tu empresa de Vodafone. \u2014 Entrevista en M\u00e1sQradio. \u2014 Entrevista en Armas para emprender de El M\u00e9todo Gallardo. \u2014 Entrevista en KFund. \u2014 Entrevista en AXA Seguros Espa\u00f1a. \u2014 Entrevista en GestionaRadio. \u00a0 Marcos De La Cueva en eventos \u00a0 \u2014 Participaci\u00f3n como ponente en Accountex Espa\u00f1a 2023. \u00a0 Tem\u00e1ticas de especializaci\u00f3n \u00a0 negocios | startups | contabilidad| fiscalidad | empresas| asesor\u00edas| autonomos | emprendedores | peque\u00f1os negocios | econom\u00eda | ADE | pymes | desarrollo de negocio\u00a0\",\"sameAs\":[\"https:\/\/www.billin.net\/\",\"https:\/\/www.linkedin.com\/in\/marcos-de-la-cueva-19750ba3\/\"],\"url\":\"https:\/\/www.billin.net\/blog\/author\/marcosdelacueva\/\",\"jobTitle\":\"CEO y cofundador de TS Facturas Billin\"}]}<\/script>\n<!-- \/ Yoast SEO plugin. -->","yoast_head_json":{"title":"\u00bfQu\u00e9 es la Imagen Corporativa de una empresa? - TeamSystem Facturas Billin","description":"En este art\u00edculo te contamos lo que es la imagen corporativa de una empresa y todas las claves para que puedas trabajarla bien.","robots":{"index":"index","follow":"follow","max-snippet":"max-snippet:-1","max-image-preview":"max-image-preview:large","max-video-preview":"max-video-preview:-1"},"canonical":"https:\/\/www.billin.net\/blog\/capitulo-guia-creacion-imagen-corporativa-negocio\/","og_locale":"es_ES","og_type":"article","og_title":"\u00bfQu\u00e9 es la Imagen Corporativa de una empresa? - TeamSystem Facturas Billin","og_description":"En este art\u00edculo te contamos lo que es la imagen corporativa de una empresa y todas las claves para que puedas trabajarla bien.","og_url":"https:\/\/www.billin.net\/blog\/capitulo-guia-creacion-imagen-corporativa-negocio\/","og_site_name":"Blog de TeamSystem Facturas Billin","article_publisher":"https:\/\/www.facebook.com\/EsBillin","article_published_time":"2018-11-22T22:00:00+00:00","article_modified_time":"2025-09-25T18:53:20+00:00","og_image":[{"width":728,"height":439,"url":"https:\/\/www.billin.net\/blog\/wp-content\/uploads\/2018\/11\/marca-registrada.jpg","type":"image\/jpeg"}],"author":"Marcos De La Cueva - CEO TeamSystem Facturas Billin","twitter_card":"summary_large_image","twitter_creator":"@Billin_ES","twitter_site":"@Billin_ES","twitter_misc":{"Escrito por":"Marcos De La Cueva - CEO TeamSystem Facturas Billin","Tiempo de lectura":"5 minutos"},"schema":{"@context":"https:\/\/schema.org","@graph":[{"@type":"Article","@id":"https:\/\/www.billin.net\/blog\/capitulo-guia-creacion-imagen-corporativa-negocio\/#article","isPartOf":{"@id":"https:\/\/www.billin.net\/blog\/capitulo-guia-creacion-imagen-corporativa-negocio\/"},"author":{"name":"Marcos De La Cueva - CEO TeamSystem Facturas Billin","@id":"https:\/\/www.billin.net\/blog\/#\/schema\/person\/d0339ee6e869234614541b1e80a793e7"},"headline":"Creaci\u00f3n de la imagen corporativa del negocio","datePublished":"2018-11-22T22:00:00+00:00","dateModified":"2025-09-25T18:53:20+00:00","mainEntityOfPage":{"@id":"https:\/\/www.billin.net\/blog\/capitulo-guia-creacion-imagen-corporativa-negocio\/"},"wordCount":947,"commentCount":0,"publisher":{"@id":"https:\/\/www.billin.net\/blog\/#organization"},"image":{"@id":"https:\/\/www.billin.net\/blog\/capitulo-guia-creacion-imagen-corporativa-negocio\/#primaryimage"},"thumbnailUrl":"https:\/\/www.billin.net\/blog\/wp-content\/uploads\/2018\/11\/marca-registrada.jpg","articleSection":["Marketing"],"inLanguage":"es","potentialAction":[{"@type":"CommentAction","name":"Comment","target":["https:\/\/www.billin.net\/blog\/capitulo-guia-creacion-imagen-corporativa-negocio\/#respond"]}]},{"@type":"WebPage","@id":"https:\/\/www.billin.net\/blog\/capitulo-guia-creacion-imagen-corporativa-negocio\/","url":"https:\/\/www.billin.net\/blog\/capitulo-guia-creacion-imagen-corporativa-negocio\/","name":"\u00bfQu\u00e9 es la Imagen Corporativa de una empresa? - TeamSystem Facturas Billin","isPartOf":{"@id":"https:\/\/www.billin.net\/blog\/#website"},"primaryImageOfPage":{"@id":"https:\/\/www.billin.net\/blog\/capitulo-guia-creacion-imagen-corporativa-negocio\/#primaryimage"},"image":{"@id":"https:\/\/www.billin.net\/blog\/capitulo-guia-creacion-imagen-corporativa-negocio\/#primaryimage"},"thumbnailUrl":"https:\/\/www.billin.net\/blog\/wp-content\/uploads\/2018\/11\/marca-registrada.jpg","datePublished":"2018-11-22T22:00:00+00:00","dateModified":"2025-09-25T18:53:20+00:00","description":"En este art\u00edculo te contamos lo que es la imagen corporativa de una empresa y todas las claves para que puedas trabajarla bien.","breadcrumb":{"@id":"https:\/\/www.billin.net\/blog\/capitulo-guia-creacion-imagen-corporativa-negocio\/#breadcrumb"},"inLanguage":"es","potentialAction":[{"@type":"ReadAction","target":["https:\/\/www.billin.net\/blog\/capitulo-guia-creacion-imagen-corporativa-negocio\/"]}]},{"@type":"ImageObject","inLanguage":"es","@id":"https:\/\/www.billin.net\/blog\/capitulo-guia-creacion-imagen-corporativa-negocio\/#primaryimage","url":"https:\/\/www.billin.net\/blog\/wp-content\/uploads\/2018\/11\/marca-registrada.jpg","contentUrl":"https:\/\/www.billin.net\/blog\/wp-content\/uploads\/2018\/11\/marca-registrada.jpg","width":728,"height":439,"caption":"imagen corporativa de una empresa"},{"@type":"BreadcrumbList","@id":"https:\/\/www.billin.net\/blog\/capitulo-guia-creacion-imagen-corporativa-negocio\/#breadcrumb","itemListElement":[{"@type":"ListItem","position":1,"name":"Blog","item":"https:\/\/www.billin.net\/blog\/"},{"@type":"ListItem","position":2,"name":"Marketing","item":"https:\/\/www.billin.net\/blog\/marketing\/"},{"@type":"ListItem","position":3,"name":"Creaci\u00f3n de la imagen corporativa del negocio"}]},{"@type":"WebSite","@id":"https:\/\/www.billin.net\/blog\/#website","url":"https:\/\/www.billin.net\/blog\/","name":"Blog de Billin","description":"Mantente informado con el blog de TeamSystem Facturas Billin:  facturaci\u00f3n, legislaci\u00f3n, contabilidad, management y toda la informaci\u00f3n \u00fatil para pymes y aut\u00f3nomos.","publisher":{"@id":"https:\/\/www.billin.net\/blog\/#organization"},"potentialAction":[{"@type":"SearchAction","target":{"@type":"EntryPoint","urlTemplate":"https:\/\/www.billin.net\/blog\/?s={search_term_string}"},"query-input":{"@type":"PropertyValueSpecification","valueRequired":true,"valueName":"search_term_string"}}],"inLanguage":"es"},{"@type":"Organization","@id":"https:\/\/www.billin.net\/blog\/#organization","name":"Billin","alternateName":"Blog de Billin","url":"https:\/\/www.billin.net\/blog\/","logo":{"@type":"ImageObject","inLanguage":"es","@id":"https:\/\/www.billin.net\/blog\/#\/schema\/logo\/image\/","url":"https:\/\/www.billin.net\/blog\/wp-content\/uploads\/2019\/06\/logotipo-billin-blog-1.png","contentUrl":"https:\/\/www.billin.net\/blog\/wp-content\/uploads\/2019\/06\/logotipo-billin-blog-1.png","width":126,"height":50,"caption":"Billin"},"image":{"@id":"https:\/\/www.billin.net\/blog\/#\/schema\/logo\/image\/"},"sameAs":["https:\/\/www.facebook.com\/EsBillin","https:\/\/x.com\/Billin_ES","https:\/\/www.instagram.com\/billin_es\/","https:\/\/www.linkedin.com\/company\/billin-spain","https:\/\/www.youtube.com\/c\/BillinEsintercambiodefacturas\/"],"legalName":"MY EXPENSES SL","contactPoint":{"@type":"ContactPoint","telephone":"+34918318883","contactType":"customer service","email":"info@billin.eu","availableLanguage":"es"},"foundingDate":"2015","numberOfEmployees":{"@type":"QuantitativeValue","minValue":10,"maxValue":50},"parentOrganization":{"@type":"Organization","name":"TeamSystem","url":"https:\/\/www.teamsystem.com\/"},"description":"Billin es el programa de facturaci\u00f3n online de TeamSystem para aut\u00f3nomos y pymes en Espa\u00f1a. Permite crear facturas, controlar gastos y cumplir con Verifactu.","address":{"@type":"PostalAddress","streetAddress":"Calle Arturo Soria, 336","addressLocality":"Madrid","addressRegion":"Madrid","postalCode":"28033","addressCountry":"ES"}},{"@type":"Person","@id":"https:\/\/www.billin.net\/blog\/#\/schema\/person\/d0339ee6e869234614541b1e80a793e7","name":"Marcos De La Cueva - CEO TeamSystem Facturas Billin","image":{"@type":"ImageObject","inLanguage":"es","@id":"https:\/\/www.billin.net\/blog\/#\/schema\/person\/image\/","url":"https:\/\/www.billin.net\/blog\/wp-content\/uploads\/2023\/10\/marcos-color-150x150.png","contentUrl":"https:\/\/www.billin.net\/blog\/wp-content\/uploads\/2023\/10\/marcos-color-150x150.png","caption":"Marcos De La Cueva - CEO TeamSystem Facturas Billin"},"description":"Licenciado en ADE por la Universidad Aut\u00f3noma de Madrid, Marcos De la Cueva es CEO y cofundador de TeamSystem Facturas Billin, un programa online que lleva m\u00e1s de 9 a\u00f1os ayudando a aut\u00f3nomos, peque\u00f1os negocios y gestor\u00edas a digitalizar sus presupuestos, facturas, tickets y gastos. \u00a0 Sobre Marcos De La Cueva \u00a0 Apasionado por el mundo empresarial y la tecnolog\u00eda, curs\u00f3 su M\u00e1ster de Finanzas en la Universidad Pontificia de Comillas y estuvo en el Programa de Cooperaci\u00f3n Educativa de la Universidad Aut\u00f3noma de Madrid. \u00a0 Marcos siempre ha tenido su objetivo claro: ayudar a la creaci\u00f3n de negocios financieramente sostenibles a trav\u00e9s de una herramienta de facturaci\u00f3n que les permita ahorrar tiempo y tener la contabilidad bajo control. \u00a0 Marcos De La Cueva en los medios \u2014 Noticia sobre Kit Digital y Ley Antifraude (VeriFactu) en El Economista. \u2014 Noticia sobre Kit Digital y factura electr\u00f3nica obligatoria en Diario Jur\u00eddico. \u2014 Noticia sobre el a\u00f1o de transici\u00f3n para la factura electr\u00f3nica en Muy Pymes. \u2014 Entrevista sobre factura electr\u00f3nica obligatoria en Canal Sur. \u2014 Noticia sobre el informe factura electr\u00f3nica de TeamSystem en Channel Partner. \u2014 Charla sobre productividad y Ley Crea y Crece en El Economista. \u2014 Charla sobre factura electr\u00f3nica obligatoria en Muy Pymes. \u2014 Charla sobre digitalizaci\u00f3n aut\u00f3nomos y productividad en esdiario. \u2014 Charla sobre productividad y factura electr\u00f3nica en La Raz\u00f3n. \u2014 Charla sobre factura electr\u00f3nica obligatoria en Aut\u00f3nomos y Emprendedores. \u2014 Entrevista sobre Ley Antifraude y Ley Crea y Crece en Expansi\u00f3n. \u2014 Entrevista sobre Ley Antifraude y Ley Crea y Crece en La Raz\u00f3n. \u2014 Entrevista sobre factura electr\u00f3nica obligatoria en El Economista. \u2014 Comunicado Billin y TeamSystem en Business Insider. \u2014 Entrevista en Econom\u00eda Digital. \u2014 Entrevista en Ideas para tu empresa de Vodafone. \u2014 Entrevista en M\u00e1sQradio. \u2014 Entrevista en Armas para emprender de El M\u00e9todo Gallardo. \u2014 Entrevista en KFund. \u2014 Entrevista en AXA Seguros Espa\u00f1a. \u2014 Entrevista en GestionaRadio. \u00a0 Marcos De La Cueva en eventos \u00a0 \u2014 Participaci\u00f3n como ponente en Accountex Espa\u00f1a 2023. \u00a0 Tem\u00e1ticas de especializaci\u00f3n \u00a0 negocios | startups | contabilidad| fiscalidad | empresas| asesor\u00edas| autonomos | emprendedores | peque\u00f1os negocios | econom\u00eda | ADE | pymes | desarrollo de negocio\u00a0","sameAs":["https:\/\/www.billin.net\/","https:\/\/www.linkedin.com\/in\/marcos-de-la-cueva-19750ba3\/"],"url":"https:\/\/www.billin.net\/blog\/author\/marcosdelacueva\/","jobTitle":"CEO y cofundador de TS Facturas Billin"}]}},"_links":{"self":[{"href":"https:\/\/www.billin.net\/blog\/wp-json\/wp\/v2\/posts\/10713","targetHints":{"allow":["GET"]}}],"collection":[{"href":"https:\/\/www.billin.net\/blog\/wp-json\/wp\/v2\/posts"}],"about":[{"href":"https:\/\/www.billin.net\/blog\/wp-json\/wp\/v2\/types\/post"}],"author":[{"embeddable":true,"href":"https:\/\/www.billin.net\/blog\/wp-json\/wp\/v2\/users\/20"}],"replies":[{"embeddable":true,"href":"https:\/\/www.billin.net\/blog\/wp-json\/wp\/v2\/comments?post=10713"}],"version-history":[{"count":6,"href":"https:\/\/www.billin.net\/blog\/wp-json\/wp\/v2\/posts\/10713\/revisions"}],"predecessor-version":[{"id":27270,"href":"https:\/\/www.billin.net\/blog\/wp-json\/wp\/v2\/posts\/10713\/revisions\/27270"}],"wp:featuredmedia":[{"embeddable":true,"href":"https:\/\/www.billin.net\/blog\/wp-json\/wp\/v2\/media\/9222"}],"wp:attachment":[{"href":"https:\/\/www.billin.net\/blog\/wp-json\/wp\/v2\/media?parent=10713"}],"wp:term":[{"taxonomy":"category","embeddable":true,"href":"https:\/\/www.billin.net\/blog\/wp-json\/wp\/v2\/categories?post=10713"},{"taxonomy":"post_tag","embeddable":true,"href":"https:\/\/www.billin.net\/blog\/wp-json\/wp\/v2\/tags?post=10713"}],"curies":[{"name":"wp","href":"https:\/\/api.w.org\/{rel}","templated":true}]}}