{"id":10705,"date":"2018-11-14T00:00:00","date_gmt":"2018-11-13T22:00:00","guid":{"rendered":"https:\/\/www.billin.net\/blog\/modelo-309-impuesto-valor-anadido-autoliquidacion\/"},"modified":"2025-09-25T20:53:35","modified_gmt":"2025-09-25T18:53:35","slug":"modelo-309-impuesto-valor-anadido-autoliquidacion","status":"publish","type":"post","link":"https:\/\/www.billin.net\/blog\/modelo-309-impuesto-valor-anadido-autoliquidacion\/","title":{"rendered":"Qu\u00e9 es el modelo 309 AEAT y cu\u00e1ndo se presenta: gu\u00eda para aut\u00f3nomos"},"content":{"rendered":"<p>El Modelo 309 presenta varias peculiaridades en cuanto a su uso y aplicaci\u00f3n y por ello te daremos todas las claves para que sepas como presentarlo paso a paso y sin errores en 2023. \u00a1Vamos all\u00e1!<!--more--><\/p>\n<h2>\u00bfPara qu\u00e9 sirve el Modelo 309 de IVA?<\/h2>\n<p>El Modelo 309 es poco frecuente, pero es usado para declarar el IVA en diferentes situaciones en las que no se contempla el uso del <a href=\"https:\/\/www.billin.net\/blog\/como-rellenar-modelo-303\/\" target=\"_blank\" rel=\"noopener noreferrer\">modelo 303<\/a>:<\/p>\n<ul>\n<li>Para ingresar el IVA de una compra intracomunitaria de un medio de transporte nuevo.<\/li>\n<li>Para ingresar el IVA una serie de sujetos pasivos que realicen compras intracomunitarias de bienes, entregas de bienes de inversi\u00f3n inmobiliaria, entregas de bienes y prestaci\u00f3n de servicios en procedimientos judiciales de ejecuci\u00f3n forzosa, como:\n<ul>\n<li>Agricultores incluidos en el r\u00e9gimen especial de agricultura, ganader\u00eda y pesca.<\/li>\n<li>Los que pertenezcan al r\u00e9gimen del <a href=\"https:\/\/www.billin.net\/blog\/que-es-el-recargo-de-equivalencia\/\">recargo de equivalencia.<\/a><\/li>\n<li>Fundaciones ben\u00e9ficas.<\/li>\n<li>Empresarios sin derecho a deducci\u00f3n de IVA soportado.<\/li>\n<\/ul>\n<\/li>\n<\/ul>\n<p>Consulta que es una <strong><a href=\"https:\/\/www.billin.net\/blog\/modelo-factura-intracomunitaria\/\">factura comunitaria<\/a>.<\/strong><\/p>\n<h3>\u00bfQui\u00e9nes est\u00e1n obligados a presentar el Modelo 309 en 2023?<\/h3>\n<p><strong>Todos los aut\u00f3nomos en r\u00e9gimen de recargo de equivalencia<\/strong> tienen la obligaci\u00f3n de presentar este escrito.<\/p>\n<p>Quien tiene que presentar el Modelo 309 adem\u00e1s de estos, son las personas en r\u00e9gimen especial de Agricultura, Ganader\u00eda y Pesca, los empresarios sin derecho a <a href=\"https:\/\/www.billin.net\/blog\/iva-deducible\/\" target=\"_blank\" rel=\"noopener noreferrer\">IVA deducible<\/a> soportado y las personas jur\u00eddicas como fundaciones que no sean empresas.<\/p>\n<h2>C\u00f3mo rellenar el Modelo 309 &#8211; Instrucciones paso a paso con ejemplos<\/h2>\n<p>Es un impuesto que siempre obtendr\u00e1 un resultado a ingresar y estar\u00e1 formada por las siguientes partes que debe ir rellenando el sujeto pasivo que le corresponda presentarlo.<\/p>\n<p><img loading=\"lazy\" decoding=\"async\" class=\"aligncenter wp-image-14095 size-full\" src=\"https:\/\/www.billin.net\/blog\/wp-content\/uploads\/2018\/11\/modelo-309-ejemplo.jpg\" alt=\"modelo 309 ejemplo\" width=\"708\" height=\"1000\" srcset=\"https:\/\/www.billin.net\/blog\/wp-content\/uploads\/2018\/11\/modelo-309-ejemplo.jpg 708w, https:\/\/www.billin.net\/blog\/wp-content\/uploads\/2018\/11\/modelo-309-ejemplo-212x300.jpg 212w\" sizes=\"(max-width: 708px) 100vw, 708px\" \/><\/p>\n<ul>\n<li><strong>IDENTIFICACI\u00d3N<\/strong>: incluir los datos identificativos, ejercicio y periodo.<\/li>\n<li><strong>TRANSMITENTE<\/strong>: datos identificativos.<\/li>\n<li><strong>SITUACI\u00d3N TRIBUTARIA<\/strong>: especificar el tipo de r\u00e9gimen del empresario que le genera la obligaci\u00f3n de la presentaci\u00f3n de este <a href=\"https:\/\/www.billin.net\/glosario\/definicion-impuesto-sobre-el-valor-anadido-iva\/\">impuesto.<\/a><\/li>\n<li><strong>HECHO IMPONIBLE<\/strong>: el tipo de operaci\u00f3n, tanto adquisiciones como sujeto pasivo, u otros supuestos.<\/li>\n<li><strong>CARACTER\u00cdSTICAS Y DATOS T\u00c9CNICOS<\/strong>: en caso de compra intracomunitaria de un medio de transporte.<\/li>\n<li><strong>LIQUIDACI\u00d3N<\/strong>: indicar la base imponible sobre la que se calcula tanto el IVA como el recargo de equivalencia, dependiendo del r\u00e9gimen del sujeto pasivo.<\/li>\n<\/ul>\n<h3>Modelo 309: ejemplo<\/h3>\n<p>Por ejemplo, supongamos un minorista que compra camisetas en Alemania por 1.000 euros: \u00bfQu\u00e9 IVA y recargo tendr\u00eda que ingresar a la agencia tributaria?, pues se tomar\u00eda como base imponible los 1.000 euros y habr\u00eda que calcular el 21% + 5,20%, ya que este empresario se encuentra en recargo de equivalencia, obteniendo un IVA a pagar de 262 euros<\/p>\n<ul>\n<li><strong>DECLARACI\u00d3N COMPLEMENTARIA<\/strong>: en caso de que sea complementaria de otra presentada en el mismo ejercicio y periodo habr\u00e1 que indicar el n\u00famero de justificante.<\/li>\n<li><strong>OBLIGADO TRIBUTARIO<\/strong>: firma y fecha.<\/li>\n<li><strong>INGRESO<\/strong>: marcamos la forma de pago y el n\u00famero de cuenta.<\/li>\n<\/ul>\n<h2>\u00bfCu\u00e1ndo se presenta el 309 en 2023? Plazos de presentaci\u00f3n<\/h2>\n<p>La presentaci\u00f3n del Modelo 309 se realiza todos los a\u00f1os y de forma trimestral similar a otros impuestos, es decir:<\/p>\n<ul>\n<li>Primer trimestre: 20 de abril.<\/li>\n<li>Segundo trimestre: 20 de julio.<\/li>\n<li>Tercer trimestre: 20 de octubre.<\/li>\n<li>Cuarto trimestre: 31 de enero (del pr\u00f3ximo a\u00f1o).<\/li>\n<\/ul>\n<p>Se podr\u00e1 presentar <a href=\"https:\/\/www.agenciatributaria.gob.es\/AEAT.sede\/procedimientoini\/G404.shtml\">v\u00eda electr\u00f3nica<\/a> (con un <a href=\"https:\/\/www.billin.net\/blog\/certificado-digital-empresas\/\" target=\"_blank\" rel=\"noopener noreferrer\">certificado digital<\/a>) o en formato papel.<\/p>\n<p><img loading=\"lazy\" decoding=\"async\" class=\"aligncenter wp-image-9117 size-full\" src=\"https:\/\/www.billin.net\/blog\/wp-content\/uploads\/2018\/11\/309-no-periodica.png\" alt=\"modelo 309 iva\" width=\"718\" height=\"276\" srcset=\"https:\/\/www.billin.net\/blog\/wp-content\/uploads\/2018\/11\/309-no-periodica.png 718w, https:\/\/www.billin.net\/blog\/wp-content\/uploads\/2018\/11\/309-no-periodica-300x115.png 300w\" sizes=\"(max-width: 718px) 100vw, 718px\" \/><\/p>\n<p><span data-sheets-value=\"{&quot;1&quot;:2,&quot;2&quot;:&quot;Consulta m\u00e1s modelos tributarios aqu\u00ed&quot;}\" data-sheets-userformat=\"{&quot;2&quot;:573,&quot;3&quot;:{&quot;1&quot;:0},&quot;5&quot;:{&quot;1&quot;:[{&quot;1&quot;:2,&quot;2&quot;:0,&quot;5&quot;:[null,2,0]},{&quot;1&quot;:0,&quot;2&quot;:0,&quot;3&quot;:3},{&quot;1&quot;:1,&quot;2&quot;:0,&quot;4&quot;:1}]},&quot;6&quot;:{&quot;1&quot;:[{&quot;1&quot;:2,&quot;2&quot;:0,&quot;5&quot;:[null,2,0]},{&quot;1&quot;:0,&quot;2&quot;:0,&quot;3&quot;:3},{&quot;1&quot;:1,&quot;2&quot;:0,&quot;4&quot;:1}]},&quot;7&quot;:{&quot;1&quot;:[{&quot;1&quot;:2,&quot;2&quot;:0,&quot;5&quot;:[null,2,0]},{&quot;1&quot;:0,&quot;2&quot;:0,&quot;3&quot;:3},{&quot;1&quot;:1,&quot;2&quot;:0,&quot;4&quot;:1}]},&quot;8&quot;:{&quot;1&quot;:[{&quot;1&quot;:2,&quot;2&quot;:0,&quot;5&quot;:[null,2,0]},{&quot;1&quot;:0,&quot;2&quot;:0,&quot;3&quot;:3},{&quot;1&quot;:1,&quot;2&quot;:0,&quot;4&quot;:1}]},&quot;12&quot;:0}\">Si lo necesitas puedes consultar aqu\u00ed m\u00e1s <\/span><a href=\"https:\/\/www.billin.net\/modelos-tributarios\/\"><span data-sheets-value=\"{&quot;1&quot;:2,&quot;2&quot;:&quot;Consulta m\u00e1s modelos tributarios aqu\u00ed&quot;}\" data-sheets-userformat=\"{&quot;2&quot;:573,&quot;3&quot;:{&quot;1&quot;:0},&quot;5&quot;:{&quot;1&quot;:[{&quot;1&quot;:2,&quot;2&quot;:0,&quot;5&quot;:[null,2,0]},{&quot;1&quot;:0,&quot;2&quot;:0,&quot;3&quot;:3},{&quot;1&quot;:1,&quot;2&quot;:0,&quot;4&quot;:1}]},&quot;6&quot;:{&quot;1&quot;:[{&quot;1&quot;:2,&quot;2&quot;:0,&quot;5&quot;:[null,2,0]},{&quot;1&quot;:0,&quot;2&quot;:0,&quot;3&quot;:3},{&quot;1&quot;:1,&quot;2&quot;:0,&quot;4&quot;:1}]},&quot;7&quot;:{&quot;1&quot;:[{&quot;1&quot;:2,&quot;2&quot;:0,&quot;5&quot;:[null,2,0]},{&quot;1&quot;:0,&quot;2&quot;:0,&quot;3&quot;:3},{&quot;1&quot;:1,&quot;2&quot;:0,&quot;4&quot;:1}]},&quot;8&quot;:{&quot;1&quot;:[{&quot;1&quot;:2,&quot;2&quot;:0,&quot;5&quot;:[null,2,0]},{&quot;1&quot;:0,&quot;2&quot;:0,&quot;3&quot;:3},{&quot;1&quot;:1,&quot;2&quot;:0,&quot;4&quot;:1}]},&quot;12&quot;:0}\">modelos tributarios<\/span><\/a><\/p>\n<p>El Modelo 309 es poco utilizado, pero es conveniente tenerlo en cuenta por si est\u00e1s sujeto a su r\u00e9gimen o tienes que presentarlo por alguna compra. Si tienes alguna duda con esto utiliza los comentarios y desde TeamSystem Facturas Billin las resolveremos.<\/p>\n","protected":false},"excerpt":{"rendered":"<p>El Modelo 309 presenta varias peculiaridades en cuanto a su uso y aplicaci\u00f3n y por ello te daremos todas las claves para que sepas como presentarlo paso a paso y sin errores en 2023. \u00a1Vamos all\u00e1!<\/p>\n","protected":false},"author":20,"featured_media":9119,"comment_status":"open","ping_status":"open","sticky":false,"template":"","format":"standard","meta":{"_acf_changed":false,"_et_pb_use_builder":"","_et_pb_old_content":"","_et_gb_content_width":"","om_disable_all_campaigns":false,"inline_featured_image":false,"footnotes":""},"categories":[1020],"tags":[1380],"class_list":{"0":"post-10705","1":"post","2":"type-post","3":"status-publish","4":"format-standard","5":"has-post-thumbnail","7":"category-contabilidad","8":"tag-autonomos"},"acf":{"selector_de_usuario":"","fecha_de_revision":"20230123"},"yoast_head":"<!-- This site is optimized with the Yoast SEO plugin v27.1 - https:\/\/yoast.com\/product\/yoast-seo-wordpress\/ -->\n<title>\u25b7 Modelo 309: qu\u00e9 es y c\u00f3mo rellenar | TeamSystem Facturas Billin Blog<\/title>\n<meta name=\"description\" content=\"Hoy te mostraremos para qu\u00e9 sirve el Modelo 309 y te daremos todas las instrucciones necesarias para rellenarlo paso a paso.\" \/>\n<meta name=\"robots\" content=\"index, follow, max-snippet:-1, max-image-preview:large, max-video-preview:-1\" \/>\n<link rel=\"canonical\" href=\"https:\/\/www.billin.net\/blog\/modelo-309-impuesto-valor-anadido-autoliquidacion\/\" \/>\n<meta property=\"og:locale\" content=\"es_ES\" \/>\n<meta property=\"og:type\" content=\"article\" \/>\n<meta property=\"og:title\" content=\"\u25b7 Modelo 309: qu\u00e9 es y c\u00f3mo rellenar | TeamSystem Facturas Billin Blog\" \/>\n<meta property=\"og:description\" content=\"Hoy te mostraremos para qu\u00e9 sirve el Modelo 309 y te daremos todas las instrucciones necesarias para rellenarlo paso a paso.\" \/>\n<meta property=\"og:url\" content=\"https:\/\/www.billin.net\/blog\/modelo-309-impuesto-valor-anadido-autoliquidacion\/\" \/>\n<meta property=\"og:site_name\" content=\"Blog de TeamSystem Facturas Billin\" \/>\n<meta property=\"article:publisher\" content=\"https:\/\/www.facebook.com\/EsBillin\" \/>\n<meta property=\"article:published_time\" content=\"2018-11-13T22:00:00+00:00\" \/>\n<meta property=\"article:modified_time\" content=\"2025-09-25T18:53:35+00:00\" \/>\n<meta property=\"og:image\" content=\"https:\/\/www.billin.net\/blog\/wp-content\/uploads\/2018\/11\/309-modelo-autoliquidacion.jpg\" \/>\n\t<meta property=\"og:image:width\" content=\"850\" \/>\n\t<meta property=\"og:image:height\" content=\"567\" \/>\n\t<meta property=\"og:image:type\" content=\"image\/jpeg\" \/>\n<meta name=\"author\" content=\"Marcos De La Cueva - CEO TeamSystem Facturas Billin\" \/>\n<meta name=\"twitter:card\" content=\"summary_large_image\" \/>\n<meta name=\"twitter:creator\" content=\"@Billin_ES\" \/>\n<meta name=\"twitter:site\" content=\"@Billin_ES\" \/>\n<meta name=\"twitter:label1\" content=\"Escrito por\" \/>\n\t<meta name=\"twitter:data1\" content=\"Marcos De La Cueva - CEO TeamSystem Facturas Billin\" \/>\n\t<meta name=\"twitter:label2\" content=\"Tiempo de lectura\" \/>\n\t<meta name=\"twitter:data2\" content=\"3 minutos\" \/>\n<script type=\"application\/ld+json\" class=\"yoast-schema-graph\">{\"@context\":\"https:\/\/schema.org\",\"@graph\":[{\"@type\":\"Article\",\"@id\":\"https:\/\/www.billin.net\/blog\/modelo-309-impuesto-valor-anadido-autoliquidacion\/#article\",\"isPartOf\":{\"@id\":\"https:\/\/www.billin.net\/blog\/modelo-309-impuesto-valor-anadido-autoliquidacion\/\"},\"author\":{\"name\":\"Marcos De La Cueva - CEO TeamSystem Facturas Billin\",\"@id\":\"https:\/\/www.billin.net\/blog\/#\/schema\/person\/d0339ee6e869234614541b1e80a793e7\"},\"headline\":\"Qu\u00e9 es el modelo 309 AEAT y cu\u00e1ndo se presenta: gu\u00eda para aut\u00f3nomos\",\"datePublished\":\"2018-11-13T22:00:00+00:00\",\"dateModified\":\"2025-09-25T18:53:35+00:00\",\"mainEntityOfPage\":{\"@id\":\"https:\/\/www.billin.net\/blog\/modelo-309-impuesto-valor-anadido-autoliquidacion\/\"},\"wordCount\":600,\"commentCount\":40,\"publisher\":{\"@id\":\"https:\/\/www.billin.net\/blog\/#organization\"},\"image\":{\"@id\":\"https:\/\/www.billin.net\/blog\/modelo-309-impuesto-valor-anadido-autoliquidacion\/#primaryimage\"},\"thumbnailUrl\":\"https:\/\/www.billin.net\/blog\/wp-content\/uploads\/2018\/11\/309-modelo-autoliquidacion.jpg\",\"keywords\":[\"Aut\u00f3nomos\"],\"articleSection\":[\"Contabilidad\"],\"inLanguage\":\"es\",\"potentialAction\":[{\"@type\":\"CommentAction\",\"name\":\"Comment\",\"target\":[\"https:\/\/www.billin.net\/blog\/modelo-309-impuesto-valor-anadido-autoliquidacion\/#respond\"]}]},{\"@type\":\"WebPage\",\"@id\":\"https:\/\/www.billin.net\/blog\/modelo-309-impuesto-valor-anadido-autoliquidacion\/\",\"url\":\"https:\/\/www.billin.net\/blog\/modelo-309-impuesto-valor-anadido-autoliquidacion\/\",\"name\":\"\u25b7 Modelo 309: qu\u00e9 es y c\u00f3mo rellenar | TeamSystem Facturas Billin Blog\",\"isPartOf\":{\"@id\":\"https:\/\/www.billin.net\/blog\/#website\"},\"primaryImageOfPage\":{\"@id\":\"https:\/\/www.billin.net\/blog\/modelo-309-impuesto-valor-anadido-autoliquidacion\/#primaryimage\"},\"image\":{\"@id\":\"https:\/\/www.billin.net\/blog\/modelo-309-impuesto-valor-anadido-autoliquidacion\/#primaryimage\"},\"thumbnailUrl\":\"https:\/\/www.billin.net\/blog\/wp-content\/uploads\/2018\/11\/309-modelo-autoliquidacion.jpg\",\"datePublished\":\"2018-11-13T22:00:00+00:00\",\"dateModified\":\"2025-09-25T18:53:35+00:00\",\"description\":\"Hoy te mostraremos para qu\u00e9 sirve el Modelo 309 y te daremos todas las instrucciones necesarias para rellenarlo paso a paso.\",\"breadcrumb\":{\"@id\":\"https:\/\/www.billin.net\/blog\/modelo-309-impuesto-valor-anadido-autoliquidacion\/#breadcrumb\"},\"inLanguage\":\"es\",\"potentialAction\":[{\"@type\":\"ReadAction\",\"target\":[\"https:\/\/www.billin.net\/blog\/modelo-309-impuesto-valor-anadido-autoliquidacion\/\"]}]},{\"@type\":\"ImageObject\",\"inLanguage\":\"es\",\"@id\":\"https:\/\/www.billin.net\/blog\/modelo-309-impuesto-valor-anadido-autoliquidacion\/#primaryimage\",\"url\":\"https:\/\/www.billin.net\/blog\/wp-content\/uploads\/2018\/11\/309-modelo-autoliquidacion.jpg\",\"contentUrl\":\"https:\/\/www.billin.net\/blog\/wp-content\/uploads\/2018\/11\/309-modelo-autoliquidacion.jpg\",\"width\":850,\"height\":567,\"caption\":\"modelo 309 IVA aeat\"},{\"@type\":\"BreadcrumbList\",\"@id\":\"https:\/\/www.billin.net\/blog\/modelo-309-impuesto-valor-anadido-autoliquidacion\/#breadcrumb\",\"itemListElement\":[{\"@type\":\"ListItem\",\"position\":1,\"name\":\"Blog\",\"item\":\"https:\/\/www.billin.net\/blog\/\"},{\"@type\":\"ListItem\",\"position\":2,\"name\":\"Contabilidad\",\"item\":\"https:\/\/www.billin.net\/blog\/contabilidad\/\"},{\"@type\":\"ListItem\",\"position\":3,\"name\":\"Qu\u00e9 es el modelo 309 AEAT y cu\u00e1ndo se presenta: gu\u00eda para aut\u00f3nomos\"}]},{\"@type\":\"WebSite\",\"@id\":\"https:\/\/www.billin.net\/blog\/#website\",\"url\":\"https:\/\/www.billin.net\/blog\/\",\"name\":\"Blog de Billin\",\"description\":\"Mantente informado con el blog de TeamSystem Facturas Billin:  facturaci\u00f3n, legislaci\u00f3n, contabilidad, management y toda la informaci\u00f3n \u00fatil para pymes y aut\u00f3nomos.\",\"publisher\":{\"@id\":\"https:\/\/www.billin.net\/blog\/#organization\"},\"potentialAction\":[{\"@type\":\"SearchAction\",\"target\":{\"@type\":\"EntryPoint\",\"urlTemplate\":\"https:\/\/www.billin.net\/blog\/?s={search_term_string}\"},\"query-input\":{\"@type\":\"PropertyValueSpecification\",\"valueRequired\":true,\"valueName\":\"search_term_string\"}}],\"inLanguage\":\"es\"},{\"@type\":\"Organization\",\"@id\":\"https:\/\/www.billin.net\/blog\/#organization\",\"name\":\"Billin\",\"alternateName\":\"Blog de Billin\",\"url\":\"https:\/\/www.billin.net\/blog\/\",\"logo\":{\"@type\":\"ImageObject\",\"inLanguage\":\"es\",\"@id\":\"https:\/\/www.billin.net\/blog\/#\/schema\/logo\/image\/\",\"url\":\"https:\/\/www.billin.net\/blog\/wp-content\/uploads\/2019\/06\/logotipo-billin-blog-1.png\",\"contentUrl\":\"https:\/\/www.billin.net\/blog\/wp-content\/uploads\/2019\/06\/logotipo-billin-blog-1.png\",\"width\":126,\"height\":50,\"caption\":\"Billin\"},\"image\":{\"@id\":\"https:\/\/www.billin.net\/blog\/#\/schema\/logo\/image\/\"},\"sameAs\":[\"https:\/\/www.facebook.com\/EsBillin\",\"https:\/\/x.com\/Billin_ES\",\"https:\/\/www.instagram.com\/billin_es\/\",\"https:\/\/www.linkedin.com\/company\/billin-spain\",\"https:\/\/www.youtube.com\/c\/BillinEsintercambiodefacturas\/\"],\"legalName\":\"MY EXPENSES SL\",\"contactPoint\":{\"@type\":\"ContactPoint\",\"telephone\":\"+34918318883\",\"contactType\":\"customer service\",\"email\":\"info@billin.eu\",\"availableLanguage\":\"es\"},\"foundingDate\":\"2015\",\"numberOfEmployees\":{\"@type\":\"QuantitativeValue\",\"minValue\":10,\"maxValue\":50},\"parentOrganization\":{\"@type\":\"Organization\",\"name\":\"TeamSystem\",\"url\":\"https:\/\/www.teamsystem.com\/\"},\"description\":\"Billin es el programa de facturaci\u00f3n online de TeamSystem para aut\u00f3nomos y pymes en Espa\u00f1a. Permite crear facturas, controlar gastos y cumplir con Verifactu.\",\"address\":{\"@type\":\"PostalAddress\",\"streetAddress\":\"Calle Arturo Soria, 336\",\"addressLocality\":\"Madrid\",\"addressRegion\":\"Madrid\",\"postalCode\":\"28033\",\"addressCountry\":\"ES\"}},{\"@type\":\"Person\",\"@id\":\"https:\/\/www.billin.net\/blog\/#\/schema\/person\/d0339ee6e869234614541b1e80a793e7\",\"name\":\"Marcos De La Cueva - CEO TeamSystem Facturas Billin\",\"image\":{\"@type\":\"ImageObject\",\"inLanguage\":\"es\",\"@id\":\"https:\/\/www.billin.net\/blog\/#\/schema\/person\/image\/\",\"url\":\"https:\/\/www.billin.net\/blog\/wp-content\/uploads\/2023\/10\/marcos-color-150x150.png\",\"contentUrl\":\"https:\/\/www.billin.net\/blog\/wp-content\/uploads\/2023\/10\/marcos-color-150x150.png\",\"caption\":\"Marcos De La Cueva - CEO TeamSystem Facturas Billin\"},\"description\":\"Licenciado en ADE por la Universidad Aut\u00f3noma de Madrid, Marcos De la Cueva es CEO y cofundador de TeamSystem Facturas Billin, un programa online que lleva m\u00e1s de 9 a\u00f1os ayudando a aut\u00f3nomos, peque\u00f1os negocios y gestor\u00edas a digitalizar sus presupuestos, facturas, tickets y gastos. \u00a0 Sobre Marcos De La Cueva \u00a0 Apasionado por el mundo empresarial y la tecnolog\u00eda, curs\u00f3 su M\u00e1ster de Finanzas en la Universidad Pontificia de Comillas y estuvo en el Programa de Cooperaci\u00f3n Educativa de la Universidad Aut\u00f3noma de Madrid. \u00a0 Marcos siempre ha tenido su objetivo claro: ayudar a la creaci\u00f3n de negocios financieramente sostenibles a trav\u00e9s de una herramienta de facturaci\u00f3n que les permita ahorrar tiempo y tener la contabilidad bajo control. \u00a0 Marcos De La Cueva en los medios \u2014 Noticia sobre Kit Digital y Ley Antifraude (VeriFactu) en El Economista. \u2014 Noticia sobre Kit Digital y factura electr\u00f3nica obligatoria en Diario Jur\u00eddico. \u2014 Noticia sobre el a\u00f1o de transici\u00f3n para la factura electr\u00f3nica en Muy Pymes. \u2014 Entrevista sobre factura electr\u00f3nica obligatoria en Canal Sur. \u2014 Noticia sobre el informe factura electr\u00f3nica de TeamSystem en Channel Partner. \u2014 Charla sobre productividad y Ley Crea y Crece en El Economista. \u2014 Charla sobre factura electr\u00f3nica obligatoria en Muy Pymes. \u2014 Charla sobre digitalizaci\u00f3n aut\u00f3nomos y productividad en esdiario. \u2014 Charla sobre productividad y factura electr\u00f3nica en La Raz\u00f3n. \u2014 Charla sobre factura electr\u00f3nica obligatoria en Aut\u00f3nomos y Emprendedores. \u2014 Entrevista sobre Ley Antifraude y Ley Crea y Crece en Expansi\u00f3n. \u2014 Entrevista sobre Ley Antifraude y Ley Crea y Crece en La Raz\u00f3n. \u2014 Entrevista sobre factura electr\u00f3nica obligatoria en El Economista. \u2014 Comunicado Billin y TeamSystem en Business Insider. \u2014 Entrevista en Econom\u00eda Digital. \u2014 Entrevista en Ideas para tu empresa de Vodafone. \u2014 Entrevista en M\u00e1sQradio. \u2014 Entrevista en Armas para emprender de El M\u00e9todo Gallardo. \u2014 Entrevista en KFund. \u2014 Entrevista en AXA Seguros Espa\u00f1a. \u2014 Entrevista en GestionaRadio. \u00a0 Marcos De La Cueva en eventos \u00a0 \u2014 Participaci\u00f3n como ponente en Accountex Espa\u00f1a 2023. \u00a0 Tem\u00e1ticas de especializaci\u00f3n \u00a0 negocios | startups | contabilidad| fiscalidad | empresas| asesor\u00edas| autonomos | emprendedores | peque\u00f1os negocios | econom\u00eda | ADE | pymes | desarrollo de negocio\u00a0\",\"sameAs\":[\"https:\/\/www.billin.net\/\",\"https:\/\/www.linkedin.com\/in\/marcos-de-la-cueva-19750ba3\/\"],\"url\":\"https:\/\/www.billin.net\/blog\/author\/marcosdelacueva\/\",\"jobTitle\":\"CEO y cofundador de TS Facturas Billin\"}]}<\/script>\n<!-- \/ Yoast SEO plugin. -->","yoast_head_json":{"title":"\u25b7 Modelo 309: qu\u00e9 es y c\u00f3mo rellenar | TeamSystem Facturas Billin Blog","description":"Hoy te mostraremos para qu\u00e9 sirve el Modelo 309 y te daremos todas las instrucciones necesarias para rellenarlo paso a paso.","robots":{"index":"index","follow":"follow","max-snippet":"max-snippet:-1","max-image-preview":"max-image-preview:large","max-video-preview":"max-video-preview:-1"},"canonical":"https:\/\/www.billin.net\/blog\/modelo-309-impuesto-valor-anadido-autoliquidacion\/","og_locale":"es_ES","og_type":"article","og_title":"\u25b7 Modelo 309: qu\u00e9 es y c\u00f3mo rellenar | TeamSystem Facturas Billin Blog","og_description":"Hoy te mostraremos para qu\u00e9 sirve el Modelo 309 y te daremos todas las instrucciones necesarias para rellenarlo paso a paso.","og_url":"https:\/\/www.billin.net\/blog\/modelo-309-impuesto-valor-anadido-autoliquidacion\/","og_site_name":"Blog de TeamSystem Facturas Billin","article_publisher":"https:\/\/www.facebook.com\/EsBillin","article_published_time":"2018-11-13T22:00:00+00:00","article_modified_time":"2025-09-25T18:53:35+00:00","og_image":[{"width":850,"height":567,"url":"https:\/\/www.billin.net\/blog\/wp-content\/uploads\/2018\/11\/309-modelo-autoliquidacion.jpg","type":"image\/jpeg"}],"author":"Marcos De La Cueva - CEO TeamSystem Facturas Billin","twitter_card":"summary_large_image","twitter_creator":"@Billin_ES","twitter_site":"@Billin_ES","twitter_misc":{"Escrito por":"Marcos De La Cueva - CEO TeamSystem Facturas Billin","Tiempo de lectura":"3 minutos"},"schema":{"@context":"https:\/\/schema.org","@graph":[{"@type":"Article","@id":"https:\/\/www.billin.net\/blog\/modelo-309-impuesto-valor-anadido-autoliquidacion\/#article","isPartOf":{"@id":"https:\/\/www.billin.net\/blog\/modelo-309-impuesto-valor-anadido-autoliquidacion\/"},"author":{"name":"Marcos De La Cueva - CEO TeamSystem Facturas Billin","@id":"https:\/\/www.billin.net\/blog\/#\/schema\/person\/d0339ee6e869234614541b1e80a793e7"},"headline":"Qu\u00e9 es el modelo 309 AEAT y cu\u00e1ndo se presenta: gu\u00eda para aut\u00f3nomos","datePublished":"2018-11-13T22:00:00+00:00","dateModified":"2025-09-25T18:53:35+00:00","mainEntityOfPage":{"@id":"https:\/\/www.billin.net\/blog\/modelo-309-impuesto-valor-anadido-autoliquidacion\/"},"wordCount":600,"commentCount":40,"publisher":{"@id":"https:\/\/www.billin.net\/blog\/#organization"},"image":{"@id":"https:\/\/www.billin.net\/blog\/modelo-309-impuesto-valor-anadido-autoliquidacion\/#primaryimage"},"thumbnailUrl":"https:\/\/www.billin.net\/blog\/wp-content\/uploads\/2018\/11\/309-modelo-autoliquidacion.jpg","keywords":["Aut\u00f3nomos"],"articleSection":["Contabilidad"],"inLanguage":"es","potentialAction":[{"@type":"CommentAction","name":"Comment","target":["https:\/\/www.billin.net\/blog\/modelo-309-impuesto-valor-anadido-autoliquidacion\/#respond"]}]},{"@type":"WebPage","@id":"https:\/\/www.billin.net\/blog\/modelo-309-impuesto-valor-anadido-autoliquidacion\/","url":"https:\/\/www.billin.net\/blog\/modelo-309-impuesto-valor-anadido-autoliquidacion\/","name":"\u25b7 Modelo 309: qu\u00e9 es y c\u00f3mo rellenar | TeamSystem Facturas Billin Blog","isPartOf":{"@id":"https:\/\/www.billin.net\/blog\/#website"},"primaryImageOfPage":{"@id":"https:\/\/www.billin.net\/blog\/modelo-309-impuesto-valor-anadido-autoliquidacion\/#primaryimage"},"image":{"@id":"https:\/\/www.billin.net\/blog\/modelo-309-impuesto-valor-anadido-autoliquidacion\/#primaryimage"},"thumbnailUrl":"https:\/\/www.billin.net\/blog\/wp-content\/uploads\/2018\/11\/309-modelo-autoliquidacion.jpg","datePublished":"2018-11-13T22:00:00+00:00","dateModified":"2025-09-25T18:53:35+00:00","description":"Hoy te mostraremos para qu\u00e9 sirve el Modelo 309 y te daremos todas las instrucciones necesarias para rellenarlo paso a paso.","breadcrumb":{"@id":"https:\/\/www.billin.net\/blog\/modelo-309-impuesto-valor-anadido-autoliquidacion\/#breadcrumb"},"inLanguage":"es","potentialAction":[{"@type":"ReadAction","target":["https:\/\/www.billin.net\/blog\/modelo-309-impuesto-valor-anadido-autoliquidacion\/"]}]},{"@type":"ImageObject","inLanguage":"es","@id":"https:\/\/www.billin.net\/blog\/modelo-309-impuesto-valor-anadido-autoliquidacion\/#primaryimage","url":"https:\/\/www.billin.net\/blog\/wp-content\/uploads\/2018\/11\/309-modelo-autoliquidacion.jpg","contentUrl":"https:\/\/www.billin.net\/blog\/wp-content\/uploads\/2018\/11\/309-modelo-autoliquidacion.jpg","width":850,"height":567,"caption":"modelo 309 IVA aeat"},{"@type":"BreadcrumbList","@id":"https:\/\/www.billin.net\/blog\/modelo-309-impuesto-valor-anadido-autoliquidacion\/#breadcrumb","itemListElement":[{"@type":"ListItem","position":1,"name":"Blog","item":"https:\/\/www.billin.net\/blog\/"},{"@type":"ListItem","position":2,"name":"Contabilidad","item":"https:\/\/www.billin.net\/blog\/contabilidad\/"},{"@type":"ListItem","position":3,"name":"Qu\u00e9 es el modelo 309 AEAT y cu\u00e1ndo se presenta: gu\u00eda para aut\u00f3nomos"}]},{"@type":"WebSite","@id":"https:\/\/www.billin.net\/blog\/#website","url":"https:\/\/www.billin.net\/blog\/","name":"Blog de Billin","description":"Mantente informado con el blog de TeamSystem Facturas Billin:  facturaci\u00f3n, legislaci\u00f3n, contabilidad, management y toda la informaci\u00f3n \u00fatil para pymes y aut\u00f3nomos.","publisher":{"@id":"https:\/\/www.billin.net\/blog\/#organization"},"potentialAction":[{"@type":"SearchAction","target":{"@type":"EntryPoint","urlTemplate":"https:\/\/www.billin.net\/blog\/?s={search_term_string}"},"query-input":{"@type":"PropertyValueSpecification","valueRequired":true,"valueName":"search_term_string"}}],"inLanguage":"es"},{"@type":"Organization","@id":"https:\/\/www.billin.net\/blog\/#organization","name":"Billin","alternateName":"Blog de Billin","url":"https:\/\/www.billin.net\/blog\/","logo":{"@type":"ImageObject","inLanguage":"es","@id":"https:\/\/www.billin.net\/blog\/#\/schema\/logo\/image\/","url":"https:\/\/www.billin.net\/blog\/wp-content\/uploads\/2019\/06\/logotipo-billin-blog-1.png","contentUrl":"https:\/\/www.billin.net\/blog\/wp-content\/uploads\/2019\/06\/logotipo-billin-blog-1.png","width":126,"height":50,"caption":"Billin"},"image":{"@id":"https:\/\/www.billin.net\/blog\/#\/schema\/logo\/image\/"},"sameAs":["https:\/\/www.facebook.com\/EsBillin","https:\/\/x.com\/Billin_ES","https:\/\/www.instagram.com\/billin_es\/","https:\/\/www.linkedin.com\/company\/billin-spain","https:\/\/www.youtube.com\/c\/BillinEsintercambiodefacturas\/"],"legalName":"MY EXPENSES SL","contactPoint":{"@type":"ContactPoint","telephone":"+34918318883","contactType":"customer service","email":"info@billin.eu","availableLanguage":"es"},"foundingDate":"2015","numberOfEmployees":{"@type":"QuantitativeValue","minValue":10,"maxValue":50},"parentOrganization":{"@type":"Organization","name":"TeamSystem","url":"https:\/\/www.teamsystem.com\/"},"description":"Billin es el programa de facturaci\u00f3n online de TeamSystem para aut\u00f3nomos y pymes en Espa\u00f1a. Permite crear facturas, controlar gastos y cumplir con Verifactu.","address":{"@type":"PostalAddress","streetAddress":"Calle Arturo Soria, 336","addressLocality":"Madrid","addressRegion":"Madrid","postalCode":"28033","addressCountry":"ES"}},{"@type":"Person","@id":"https:\/\/www.billin.net\/blog\/#\/schema\/person\/d0339ee6e869234614541b1e80a793e7","name":"Marcos De La Cueva - CEO TeamSystem Facturas Billin","image":{"@type":"ImageObject","inLanguage":"es","@id":"https:\/\/www.billin.net\/blog\/#\/schema\/person\/image\/","url":"https:\/\/www.billin.net\/blog\/wp-content\/uploads\/2023\/10\/marcos-color-150x150.png","contentUrl":"https:\/\/www.billin.net\/blog\/wp-content\/uploads\/2023\/10\/marcos-color-150x150.png","caption":"Marcos De La Cueva - CEO TeamSystem Facturas Billin"},"description":"Licenciado en ADE por la Universidad Aut\u00f3noma de Madrid, Marcos De la Cueva es CEO y cofundador de TeamSystem Facturas Billin, un programa online que lleva m\u00e1s de 9 a\u00f1os ayudando a aut\u00f3nomos, peque\u00f1os negocios y gestor\u00edas a digitalizar sus presupuestos, facturas, tickets y gastos. \u00a0 Sobre Marcos De La Cueva \u00a0 Apasionado por el mundo empresarial y la tecnolog\u00eda, curs\u00f3 su M\u00e1ster de Finanzas en la Universidad Pontificia de Comillas y estuvo en el Programa de Cooperaci\u00f3n Educativa de la Universidad Aut\u00f3noma de Madrid. \u00a0 Marcos siempre ha tenido su objetivo claro: ayudar a la creaci\u00f3n de negocios financieramente sostenibles a trav\u00e9s de una herramienta de facturaci\u00f3n que les permita ahorrar tiempo y tener la contabilidad bajo control. \u00a0 Marcos De La Cueva en los medios \u2014 Noticia sobre Kit Digital y Ley Antifraude (VeriFactu) en El Economista. \u2014 Noticia sobre Kit Digital y factura electr\u00f3nica obligatoria en Diario Jur\u00eddico. \u2014 Noticia sobre el a\u00f1o de transici\u00f3n para la factura electr\u00f3nica en Muy Pymes. \u2014 Entrevista sobre factura electr\u00f3nica obligatoria en Canal Sur. \u2014 Noticia sobre el informe factura electr\u00f3nica de TeamSystem en Channel Partner. \u2014 Charla sobre productividad y Ley Crea y Crece en El Economista. \u2014 Charla sobre factura electr\u00f3nica obligatoria en Muy Pymes. \u2014 Charla sobre digitalizaci\u00f3n aut\u00f3nomos y productividad en esdiario. \u2014 Charla sobre productividad y factura electr\u00f3nica en La Raz\u00f3n. \u2014 Charla sobre factura electr\u00f3nica obligatoria en Aut\u00f3nomos y Emprendedores. \u2014 Entrevista sobre Ley Antifraude y Ley Crea y Crece en Expansi\u00f3n. \u2014 Entrevista sobre Ley Antifraude y Ley Crea y Crece en La Raz\u00f3n. \u2014 Entrevista sobre factura electr\u00f3nica obligatoria en El Economista. \u2014 Comunicado Billin y TeamSystem en Business Insider. \u2014 Entrevista en Econom\u00eda Digital. \u2014 Entrevista en Ideas para tu empresa de Vodafone. \u2014 Entrevista en M\u00e1sQradio. \u2014 Entrevista en Armas para emprender de El M\u00e9todo Gallardo. \u2014 Entrevista en KFund. \u2014 Entrevista en AXA Seguros Espa\u00f1a. \u2014 Entrevista en GestionaRadio. \u00a0 Marcos De La Cueva en eventos \u00a0 \u2014 Participaci\u00f3n como ponente en Accountex Espa\u00f1a 2023. \u00a0 Tem\u00e1ticas de especializaci\u00f3n \u00a0 negocios | startups | contabilidad| fiscalidad | empresas| asesor\u00edas| autonomos | emprendedores | peque\u00f1os negocios | econom\u00eda | ADE | pymes | desarrollo de negocio\u00a0","sameAs":["https:\/\/www.billin.net\/","https:\/\/www.linkedin.com\/in\/marcos-de-la-cueva-19750ba3\/"],"url":"https:\/\/www.billin.net\/blog\/author\/marcosdelacueva\/","jobTitle":"CEO y cofundador de TS Facturas Billin"}]}},"_links":{"self":[{"href":"https:\/\/www.billin.net\/blog\/wp-json\/wp\/v2\/posts\/10705","targetHints":{"allow":["GET"]}}],"collection":[{"href":"https:\/\/www.billin.net\/blog\/wp-json\/wp\/v2\/posts"}],"about":[{"href":"https:\/\/www.billin.net\/blog\/wp-json\/wp\/v2\/types\/post"}],"author":[{"embeddable":true,"href":"https:\/\/www.billin.net\/blog\/wp-json\/wp\/v2\/users\/20"}],"replies":[{"embeddable":true,"href":"https:\/\/www.billin.net\/blog\/wp-json\/wp\/v2\/comments?post=10705"}],"version-history":[{"count":21,"href":"https:\/\/www.billin.net\/blog\/wp-json\/wp\/v2\/posts\/10705\/revisions"}],"predecessor-version":[{"id":27836,"href":"https:\/\/www.billin.net\/blog\/wp-json\/wp\/v2\/posts\/10705\/revisions\/27836"}],"wp:featuredmedia":[{"embeddable":true,"href":"https:\/\/www.billin.net\/blog\/wp-json\/wp\/v2\/media\/9119"}],"wp:attachment":[{"href":"https:\/\/www.billin.net\/blog\/wp-json\/wp\/v2\/media?parent=10705"}],"wp:term":[{"taxonomy":"category","embeddable":true,"href":"https:\/\/www.billin.net\/blog\/wp-json\/wp\/v2\/categories?post=10705"},{"taxonomy":"post_tag","embeddable":true,"href":"https:\/\/www.billin.net\/blog\/wp-json\/wp\/v2\/tags?post=10705"}],"curies":[{"name":"wp","href":"https:\/\/api.w.org\/{rel}","templated":true}]}}