{"id":10699,"date":"2018-11-08T00:00:00","date_gmt":"2018-11-07T22:00:00","guid":{"rendered":"https:\/\/www.billin.net\/blog\/autonomos-seguridad-social-nunca-pierde\/"},"modified":"2025-09-25T20:53:42","modified_gmt":"2025-09-25T18:53:42","slug":"autonomos-seguridad-social-nunca-pierde","status":"publish","type":"post","link":"https:\/\/www.billin.net\/blog\/autonomos-seguridad-social-nunca-pierde\/","title":{"rendered":"Aut\u00f3nomos: La Seguridad Social nunca pierde"},"content":{"rendered":"<p>Entre los m\u00faltiples problemas a los que nos enfrentamos los aut\u00f3nomos, existe uno del que casi nadie habla.<!--more--> Cada d\u00eda conozco m\u00e1s trabajadores aut\u00f3nomos que aun teniendo dinero en su cuenta, viven la experiencia de enfrentarse a <strong>sanciones de la Seguridad Social<\/strong> porque no les han cobrado la cuota mensual correspondiente.<\/p>\n<h2><strong>\u00bfQu\u00e9 pasa si no me cobran el recibo de aut\u00f3nomo en fecha?<\/strong><\/h2>\n<p>Los recargos para aut\u00f3nomos han cambiado para este a\u00f1o 2018. Los mismos van desde un 10% de recargo hasta un 35% del importe de la cuota. A esto <strong>hay que sumarle intereses demora,<\/strong> el cual se te aplica si recibes una <em>providencia de apremio <\/em>y no realizas el pago en el plazo que te dan.<\/p>\n<p>Si buscas informaci\u00f3n en Internet, comprobar\u00e1s que muchos te hablan sobre las<strong> reclamaciones que puedes hacerle a la Seguridad Social<\/strong> si el error es de ellos, pero ten cuidado; estas situaciones que por desgracias son m\u00e1s comunes de lo que pensamos, son para preocuparse y mucho, porque vivir\u00e1s meses sin tu dinero y perder\u00e1s mucho tiempo intentando solucionar tu problema.<\/p>\n<h2><strong>Cuando el error no es tuyo<\/strong><\/h2>\n<p>Adem\u00e1s de estar desprotegidos en varios aspectos en comparaci\u00f3n con los<strong> trabajadores por cuenta ajena<\/strong>, tambi\u00e9n lo est\u00e1s cuando no tienes la culpa del impago de tu cuota.<\/p>\n<p>Un caso bastante com\u00fan es cuando tienes m\u00e1s de una cuenta en el mismo banco. En el alta de aut\u00f3nomo se especifica la cuenta para domiciliar los pagos, pero en ocasiones el banco pasa el recibo a tu otra cuenta. \u00bfCrees que esto no sucede? Te aseguro que pasa m\u00e1s de lo que crees.<\/p>\n<p>Lo m\u00e1s recomendable es acudir de inmediato a un asesor o gestor para que te indique como resolver este asunto. Debes <strong>estar muy pendiente de que te cobren todos los meses<\/strong>, porque cuando un d\u00eda no pasan el recibo a tu cuenta afiliada, no te enterar\u00e1s de que tienes un recibo devuelto.<\/p>\n<p>Es entonces cuando recibir\u00e1s una providencia de apremio, la cual implica un recargo por impago y la p\u00e9rdida de las bonificaciones, si disfrutas de ellas.<\/p>\n<p>Para ello te animamos a que utilices un <a href=\"https:\/\/www.billin.net\/programa-facturacion-autonomos\/\" target=\"_blank\" rel=\"noopener noreferrer\">programa de facturaci\u00f3n para aut\u00f3nomos<\/a> con <a href=\"https:\/\/www.billin.net\/blog\/conciliacion-bancaria-automatizada\/\" target=\"_blank\" rel=\"noopener noreferrer\">conciliaci\u00f3n bancaria<\/a>.<\/p>\n<h2><strong>Un dolor de cabeza de meses. <\/strong><\/h2>\n<p>Cierto es que <strong>puedes reclamar<\/strong>, pero no es algo f\u00e1cil. Cuando puedes demostrar a la Seguridad Social que ten\u00edas dinero en tu cuenta y que el error fue del banco, el primer problema que te enfrentas es que te piden documentaci\u00f3n sellada y firmada por la agencia bancaria y cr\u00e9eme, tu banco no querr\u00e1 darte nada con firma y sello a la primera.<\/p>\n<p>Cuando re\u00fanes los requisitos, el siguiente paso es <strong>conseguir un abogado<\/strong> para que te redacte un <a href=\"https:\/\/www.billin.net\/blog\/recurso-de-alzada\/\" target=\"_blank\" rel=\"noopener noreferrer\">recurso de alzada<\/a>, ya que si lo redactas t\u00fa, existe la posibilidad de omitir alguna informaci\u00f3n que te perjudique al final del proceso.seguridad-social-autonomo<\/p>\n<p>Para que puedas reclamar, te obligan a pagar la deuda que te reclaman. S\u00ed, aun y cuando tengas dinero en tu cuenta y no hayas devuelto el recibo de aut\u00f3nomo. Si te enteraste un poco m\u00e1s tarde por no revisar todos los meses el cobro de la cuota, pueden retenerte dinero de tu cuenta bancaria y si tienes alg\u00fan contrato por cuenta ajena, te pueden llegar a<strong> embargar tu n\u00f3mina<\/strong> sin ning\u00fan problema. Por ello siempre debes hacer seguimiento al cobro de las cuotas todos los meses.<\/p>\n<p>Luego de ingresar el recurso de alzada, aunque te aseguren que recibir\u00e1s respuesta en 90 d\u00edas, te adelanto que esto <strong>puede tardar hasta un a\u00f1o en solucionarlo<\/strong>. Por lo general, recibir\u00e1s una respuesta negativa la cual podr\u00e1s recurrir, hasta que por fin puedas recuperar tu dinero para a la Seguridad Social le parezca bien.<\/p>\n<p>Todas estas gestiones debes hacerla en la <strong>Unidad de Recaudaci\u00f3n Ejecutiva<\/strong>, pero ojo no existe una, son varias y te adelanto que si llegas a pasar por una situaci\u00f3n parecida, echar\u00e1s muchas horas en sus oficinas y te aprender\u00e1s los nombres de todos los que all\u00ed trabajan mientras continuas la misi\u00f3n de recuperar tu dinero.<\/p>\n","protected":false},"excerpt":{"rendered":"<p>Entre los m\u00faltiples problemas a los que nos enfrentamos los aut\u00f3nomos, existe uno del que casi nadie habla.<\/p>\n","protected":false},"author":20,"featured_media":9053,"comment_status":"open","ping_status":"open","sticky":false,"template":"","format":"standard","meta":{"_acf_changed":false,"_et_pb_use_builder":"","_et_pb_old_content":"","_et_gb_content_width":"","om_disable_all_campaigns":false,"inline_featured_image":false,"footnotes":""},"categories":[1014],"tags":[1380],"class_list":{"0":"post-10699","1":"post","2":"type-post","3":"status-publish","4":"format-standard","5":"has-post-thumbnail","7":"category-fiscalidad","8":"tag-autonomos"},"acf":{"selector_de_usuario":null,"fecha_de_revision":"20200507"},"yoast_head":"<!-- This site is optimized with the Yoast SEO plugin v27.1 - https:\/\/yoast.com\/product\/yoast-seo-wordpress\/ -->\n<title>Aut\u00f3nomos: La Seguridad Social nunca pierde - Blog de TeamSystem Facturas Billin<\/title>\n<meta name=\"description\" content=\"Entre los m\u00faltiples problemas a los que nos enfrentamos los aut\u00f3nomos, existe uno del que casi nadie habla. Las sanciones de la Seguridad Sociales.\" \/>\n<meta name=\"robots\" content=\"index, follow, max-snippet:-1, max-image-preview:large, max-video-preview:-1\" \/>\n<link rel=\"canonical\" href=\"https:\/\/www.billin.net\/blog\/autonomos-seguridad-social-nunca-pierde\/\" \/>\n<meta property=\"og:locale\" content=\"es_ES\" \/>\n<meta property=\"og:type\" content=\"article\" \/>\n<meta property=\"og:title\" content=\"Aut\u00f3nomos: La Seguridad Social nunca pierde - Blog de TeamSystem Facturas Billin\" \/>\n<meta property=\"og:description\" content=\"Entre los m\u00faltiples problemas a los que nos enfrentamos los aut\u00f3nomos, existe uno del que casi nadie habla. Las sanciones de la Seguridad Sociales.\" \/>\n<meta property=\"og:url\" content=\"https:\/\/www.billin.net\/blog\/autonomos-seguridad-social-nunca-pierde\/\" \/>\n<meta property=\"og:site_name\" content=\"Blog de TeamSystem Facturas Billin\" \/>\n<meta property=\"article:publisher\" content=\"https:\/\/www.facebook.com\/EsBillin\" \/>\n<meta property=\"article:published_time\" content=\"2018-11-07T22:00:00+00:00\" \/>\n<meta property=\"article:modified_time\" content=\"2025-09-25T18:53:42+00:00\" \/>\n<meta property=\"og:image\" content=\"https:\/\/www.billin.net\/blog\/wp-content\/uploads\/2018\/11\/seguridad-social-autonomo-min.jpg\" \/>\n\t<meta property=\"og:image:width\" content=\"850\" \/>\n\t<meta property=\"og:image:height\" content=\"566\" \/>\n\t<meta property=\"og:image:type\" content=\"image\/jpeg\" \/>\n<meta name=\"author\" content=\"Marcos De La Cueva - CEO TeamSystem Facturas Billin\" \/>\n<meta name=\"twitter:card\" content=\"summary_large_image\" \/>\n<meta name=\"twitter:creator\" content=\"@Billin_ES\" \/>\n<meta name=\"twitter:site\" content=\"@Billin_ES\" \/>\n<meta name=\"twitter:label1\" content=\"Escrito por\" \/>\n\t<meta name=\"twitter:data1\" content=\"Marcos De La Cueva - CEO TeamSystem Facturas Billin\" \/>\n\t<meta name=\"twitter:label2\" content=\"Tiempo de lectura\" \/>\n\t<meta name=\"twitter:data2\" content=\"4 minutos\" \/>\n<script type=\"application\/ld+json\" class=\"yoast-schema-graph\">{\"@context\":\"https:\/\/schema.org\",\"@graph\":[{\"@type\":\"Article\",\"@id\":\"https:\/\/www.billin.net\/blog\/autonomos-seguridad-social-nunca-pierde\/#article\",\"isPartOf\":{\"@id\":\"https:\/\/www.billin.net\/blog\/autonomos-seguridad-social-nunca-pierde\/\"},\"author\":{\"name\":\"Marcos De La Cueva - CEO TeamSystem Facturas Billin\",\"@id\":\"https:\/\/www.billin.net\/blog\/#\/schema\/person\/d0339ee6e869234614541b1e80a793e7\"},\"headline\":\"Aut\u00f3nomos: La Seguridad Social nunca pierde\",\"datePublished\":\"2018-11-07T22:00:00+00:00\",\"dateModified\":\"2025-09-25T18:53:42+00:00\",\"mainEntityOfPage\":{\"@id\":\"https:\/\/www.billin.net\/blog\/autonomos-seguridad-social-nunca-pierde\/\"},\"wordCount\":717,\"commentCount\":2,\"publisher\":{\"@id\":\"https:\/\/www.billin.net\/blog\/#organization\"},\"image\":{\"@id\":\"https:\/\/www.billin.net\/blog\/autonomos-seguridad-social-nunca-pierde\/#primaryimage\"},\"thumbnailUrl\":\"https:\/\/www.billin.net\/blog\/wp-content\/uploads\/2018\/11\/seguridad-social-autonomo-min.jpg\",\"keywords\":[\"Aut\u00f3nomos\"],\"articleSection\":[\"Fiscalidad\"],\"inLanguage\":\"es\",\"potentialAction\":[{\"@type\":\"CommentAction\",\"name\":\"Comment\",\"target\":[\"https:\/\/www.billin.net\/blog\/autonomos-seguridad-social-nunca-pierde\/#respond\"]}]},{\"@type\":\"WebPage\",\"@id\":\"https:\/\/www.billin.net\/blog\/autonomos-seguridad-social-nunca-pierde\/\",\"url\":\"https:\/\/www.billin.net\/blog\/autonomos-seguridad-social-nunca-pierde\/\",\"name\":\"Aut\u00f3nomos: La Seguridad Social nunca pierde - Blog de TeamSystem Facturas Billin\",\"isPartOf\":{\"@id\":\"https:\/\/www.billin.net\/blog\/#website\"},\"primaryImageOfPage\":{\"@id\":\"https:\/\/www.billin.net\/blog\/autonomos-seguridad-social-nunca-pierde\/#primaryimage\"},\"image\":{\"@id\":\"https:\/\/www.billin.net\/blog\/autonomos-seguridad-social-nunca-pierde\/#primaryimage\"},\"thumbnailUrl\":\"https:\/\/www.billin.net\/blog\/wp-content\/uploads\/2018\/11\/seguridad-social-autonomo-min.jpg\",\"datePublished\":\"2018-11-07T22:00:00+00:00\",\"dateModified\":\"2025-09-25T18:53:42+00:00\",\"description\":\"Entre los m\u00faltiples problemas a los que nos enfrentamos los aut\u00f3nomos, existe uno del que casi nadie habla. Las sanciones de la Seguridad Sociales.\",\"breadcrumb\":{\"@id\":\"https:\/\/www.billin.net\/blog\/autonomos-seguridad-social-nunca-pierde\/#breadcrumb\"},\"inLanguage\":\"es\",\"potentialAction\":[{\"@type\":\"ReadAction\",\"target\":[\"https:\/\/www.billin.net\/blog\/autonomos-seguridad-social-nunca-pierde\/\"]}]},{\"@type\":\"ImageObject\",\"inLanguage\":\"es\",\"@id\":\"https:\/\/www.billin.net\/blog\/autonomos-seguridad-social-nunca-pierde\/#primaryimage\",\"url\":\"https:\/\/www.billin.net\/blog\/wp-content\/uploads\/2018\/11\/seguridad-social-autonomo-min.jpg\",\"contentUrl\":\"https:\/\/www.billin.net\/blog\/wp-content\/uploads\/2018\/11\/seguridad-social-autonomo-min.jpg\",\"width\":850,\"height\":566},{\"@type\":\"BreadcrumbList\",\"@id\":\"https:\/\/www.billin.net\/blog\/autonomos-seguridad-social-nunca-pierde\/#breadcrumb\",\"itemListElement\":[{\"@type\":\"ListItem\",\"position\":1,\"name\":\"Blog\",\"item\":\"https:\/\/www.billin.net\/blog\/\"},{\"@type\":\"ListItem\",\"position\":2,\"name\":\"Fiscalidad\",\"item\":\"https:\/\/www.billin.net\/blog\/fiscalidad\/\"},{\"@type\":\"ListItem\",\"position\":3,\"name\":\"Aut\u00f3nomos: La Seguridad Social nunca pierde\"}]},{\"@type\":\"WebSite\",\"@id\":\"https:\/\/www.billin.net\/blog\/#website\",\"url\":\"https:\/\/www.billin.net\/blog\/\",\"name\":\"Blog de Billin\",\"description\":\"Mantente informado con el blog de TeamSystem Facturas Billin:  facturaci\u00f3n, legislaci\u00f3n, contabilidad, management y toda la informaci\u00f3n \u00fatil para pymes y aut\u00f3nomos.\",\"publisher\":{\"@id\":\"https:\/\/www.billin.net\/blog\/#organization\"},\"potentialAction\":[{\"@type\":\"SearchAction\",\"target\":{\"@type\":\"EntryPoint\",\"urlTemplate\":\"https:\/\/www.billin.net\/blog\/?s={search_term_string}\"},\"query-input\":{\"@type\":\"PropertyValueSpecification\",\"valueRequired\":true,\"valueName\":\"search_term_string\"}}],\"inLanguage\":\"es\"},{\"@type\":\"Organization\",\"@id\":\"https:\/\/www.billin.net\/blog\/#organization\",\"name\":\"Billin\",\"alternateName\":\"Blog de Billin\",\"url\":\"https:\/\/www.billin.net\/blog\/\",\"logo\":{\"@type\":\"ImageObject\",\"inLanguage\":\"es\",\"@id\":\"https:\/\/www.billin.net\/blog\/#\/schema\/logo\/image\/\",\"url\":\"https:\/\/www.billin.net\/blog\/wp-content\/uploads\/2019\/06\/logotipo-billin-blog-1.png\",\"contentUrl\":\"https:\/\/www.billin.net\/blog\/wp-content\/uploads\/2019\/06\/logotipo-billin-blog-1.png\",\"width\":126,\"height\":50,\"caption\":\"Billin\"},\"image\":{\"@id\":\"https:\/\/www.billin.net\/blog\/#\/schema\/logo\/image\/\"},\"sameAs\":[\"https:\/\/www.facebook.com\/EsBillin\",\"https:\/\/x.com\/Billin_ES\",\"https:\/\/www.instagram.com\/billin_es\/\",\"https:\/\/www.linkedin.com\/company\/billin-spain\",\"https:\/\/www.youtube.com\/c\/BillinEsintercambiodefacturas\/\"],\"legalName\":\"MY EXPENSES SL\",\"contactPoint\":{\"@type\":\"ContactPoint\",\"telephone\":\"+34918318883\",\"contactType\":\"customer service\",\"email\":\"info@billin.eu\",\"availableLanguage\":\"es\"},\"foundingDate\":\"2015\",\"numberOfEmployees\":{\"@type\":\"QuantitativeValue\",\"minValue\":10,\"maxValue\":50},\"parentOrganization\":{\"@type\":\"Organization\",\"name\":\"TeamSystem\",\"url\":\"https:\/\/www.teamsystem.com\/\"},\"description\":\"Billin es el programa de facturaci\u00f3n online de TeamSystem para aut\u00f3nomos y pymes en Espa\u00f1a. Permite crear facturas, controlar gastos y cumplir con Verifactu.\",\"address\":{\"@type\":\"PostalAddress\",\"streetAddress\":\"Calle Arturo Soria, 336\",\"addressLocality\":\"Madrid\",\"addressRegion\":\"Madrid\",\"postalCode\":\"28033\",\"addressCountry\":\"ES\"}},{\"@type\":\"Person\",\"@id\":\"https:\/\/www.billin.net\/blog\/#\/schema\/person\/d0339ee6e869234614541b1e80a793e7\",\"name\":\"Marcos De La Cueva - CEO TeamSystem Facturas Billin\",\"image\":{\"@type\":\"ImageObject\",\"inLanguage\":\"es\",\"@id\":\"https:\/\/www.billin.net\/blog\/#\/schema\/person\/image\/\",\"url\":\"https:\/\/www.billin.net\/blog\/wp-content\/uploads\/2023\/10\/marcos-color-150x150.png\",\"contentUrl\":\"https:\/\/www.billin.net\/blog\/wp-content\/uploads\/2023\/10\/marcos-color-150x150.png\",\"caption\":\"Marcos De La Cueva - CEO TeamSystem Facturas Billin\"},\"description\":\"Licenciado en ADE por la Universidad Aut\u00f3noma de Madrid, Marcos De la Cueva es CEO y cofundador de TeamSystem Facturas Billin, un programa online que lleva m\u00e1s de 9 a\u00f1os ayudando a aut\u00f3nomos, peque\u00f1os negocios y gestor\u00edas a digitalizar sus presupuestos, facturas, tickets y gastos. \u00a0 Sobre Marcos De La Cueva \u00a0 Apasionado por el mundo empresarial y la tecnolog\u00eda, curs\u00f3 su M\u00e1ster de Finanzas en la Universidad Pontificia de Comillas y estuvo en el Programa de Cooperaci\u00f3n Educativa de la Universidad Aut\u00f3noma de Madrid. \u00a0 Marcos siempre ha tenido su objetivo claro: ayudar a la creaci\u00f3n de negocios financieramente sostenibles a trav\u00e9s de una herramienta de facturaci\u00f3n que les permita ahorrar tiempo y tener la contabilidad bajo control. \u00a0 Marcos De La Cueva en los medios \u2014 Noticia sobre Kit Digital y Ley Antifraude (VeriFactu) en El Economista. \u2014 Noticia sobre Kit Digital y factura electr\u00f3nica obligatoria en Diario Jur\u00eddico. \u2014 Noticia sobre el a\u00f1o de transici\u00f3n para la factura electr\u00f3nica en Muy Pymes. \u2014 Entrevista sobre factura electr\u00f3nica obligatoria en Canal Sur. \u2014 Noticia sobre el informe factura electr\u00f3nica de TeamSystem en Channel Partner. \u2014 Charla sobre productividad y Ley Crea y Crece en El Economista. \u2014 Charla sobre factura electr\u00f3nica obligatoria en Muy Pymes. \u2014 Charla sobre digitalizaci\u00f3n aut\u00f3nomos y productividad en esdiario. \u2014 Charla sobre productividad y factura electr\u00f3nica en La Raz\u00f3n. \u2014 Charla sobre factura electr\u00f3nica obligatoria en Aut\u00f3nomos y Emprendedores. \u2014 Entrevista sobre Ley Antifraude y Ley Crea y Crece en Expansi\u00f3n. \u2014 Entrevista sobre Ley Antifraude y Ley Crea y Crece en La Raz\u00f3n. \u2014 Entrevista sobre factura electr\u00f3nica obligatoria en El Economista. \u2014 Comunicado Billin y TeamSystem en Business Insider. \u2014 Entrevista en Econom\u00eda Digital. \u2014 Entrevista en Ideas para tu empresa de Vodafone. \u2014 Entrevista en M\u00e1sQradio. \u2014 Entrevista en Armas para emprender de El M\u00e9todo Gallardo. \u2014 Entrevista en KFund. \u2014 Entrevista en AXA Seguros Espa\u00f1a. \u2014 Entrevista en GestionaRadio. \u00a0 Marcos De La Cueva en eventos \u00a0 \u2014 Participaci\u00f3n como ponente en Accountex Espa\u00f1a 2023. \u00a0 Tem\u00e1ticas de especializaci\u00f3n \u00a0 negocios | startups | contabilidad| fiscalidad | empresas| asesor\u00edas| autonomos | emprendedores | peque\u00f1os negocios | econom\u00eda | ADE | pymes | desarrollo de negocio\u00a0\",\"sameAs\":[\"https:\/\/www.billin.net\/\",\"https:\/\/www.linkedin.com\/in\/marcos-de-la-cueva-19750ba3\/\"],\"url\":\"https:\/\/www.billin.net\/blog\/author\/marcosdelacueva\/\",\"jobTitle\":\"CEO y cofundador de TS Facturas Billin\"}]}<\/script>\n<!-- \/ Yoast SEO plugin. -->","yoast_head_json":{"title":"Aut\u00f3nomos: La Seguridad Social nunca pierde - Blog de TeamSystem Facturas Billin","description":"Entre los m\u00faltiples problemas a los que nos enfrentamos los aut\u00f3nomos, existe uno del que casi nadie habla. Las sanciones de la Seguridad Sociales.","robots":{"index":"index","follow":"follow","max-snippet":"max-snippet:-1","max-image-preview":"max-image-preview:large","max-video-preview":"max-video-preview:-1"},"canonical":"https:\/\/www.billin.net\/blog\/autonomos-seguridad-social-nunca-pierde\/","og_locale":"es_ES","og_type":"article","og_title":"Aut\u00f3nomos: La Seguridad Social nunca pierde - Blog de TeamSystem Facturas Billin","og_description":"Entre los m\u00faltiples problemas a los que nos enfrentamos los aut\u00f3nomos, existe uno del que casi nadie habla. Las sanciones de la Seguridad Sociales.","og_url":"https:\/\/www.billin.net\/blog\/autonomos-seguridad-social-nunca-pierde\/","og_site_name":"Blog de TeamSystem Facturas Billin","article_publisher":"https:\/\/www.facebook.com\/EsBillin","article_published_time":"2018-11-07T22:00:00+00:00","article_modified_time":"2025-09-25T18:53:42+00:00","og_image":[{"width":850,"height":566,"url":"https:\/\/www.billin.net\/blog\/wp-content\/uploads\/2018\/11\/seguridad-social-autonomo-min.jpg","type":"image\/jpeg"}],"author":"Marcos De La Cueva - CEO TeamSystem Facturas Billin","twitter_card":"summary_large_image","twitter_creator":"@Billin_ES","twitter_site":"@Billin_ES","twitter_misc":{"Escrito por":"Marcos De La Cueva - CEO TeamSystem Facturas Billin","Tiempo de lectura":"4 minutos"},"schema":{"@context":"https:\/\/schema.org","@graph":[{"@type":"Article","@id":"https:\/\/www.billin.net\/blog\/autonomos-seguridad-social-nunca-pierde\/#article","isPartOf":{"@id":"https:\/\/www.billin.net\/blog\/autonomos-seguridad-social-nunca-pierde\/"},"author":{"name":"Marcos De La Cueva - CEO TeamSystem Facturas Billin","@id":"https:\/\/www.billin.net\/blog\/#\/schema\/person\/d0339ee6e869234614541b1e80a793e7"},"headline":"Aut\u00f3nomos: La Seguridad Social nunca pierde","datePublished":"2018-11-07T22:00:00+00:00","dateModified":"2025-09-25T18:53:42+00:00","mainEntityOfPage":{"@id":"https:\/\/www.billin.net\/blog\/autonomos-seguridad-social-nunca-pierde\/"},"wordCount":717,"commentCount":2,"publisher":{"@id":"https:\/\/www.billin.net\/blog\/#organization"},"image":{"@id":"https:\/\/www.billin.net\/blog\/autonomos-seguridad-social-nunca-pierde\/#primaryimage"},"thumbnailUrl":"https:\/\/www.billin.net\/blog\/wp-content\/uploads\/2018\/11\/seguridad-social-autonomo-min.jpg","keywords":["Aut\u00f3nomos"],"articleSection":["Fiscalidad"],"inLanguage":"es","potentialAction":[{"@type":"CommentAction","name":"Comment","target":["https:\/\/www.billin.net\/blog\/autonomos-seguridad-social-nunca-pierde\/#respond"]}]},{"@type":"WebPage","@id":"https:\/\/www.billin.net\/blog\/autonomos-seguridad-social-nunca-pierde\/","url":"https:\/\/www.billin.net\/blog\/autonomos-seguridad-social-nunca-pierde\/","name":"Aut\u00f3nomos: La Seguridad Social nunca pierde - Blog de TeamSystem Facturas Billin","isPartOf":{"@id":"https:\/\/www.billin.net\/blog\/#website"},"primaryImageOfPage":{"@id":"https:\/\/www.billin.net\/blog\/autonomos-seguridad-social-nunca-pierde\/#primaryimage"},"image":{"@id":"https:\/\/www.billin.net\/blog\/autonomos-seguridad-social-nunca-pierde\/#primaryimage"},"thumbnailUrl":"https:\/\/www.billin.net\/blog\/wp-content\/uploads\/2018\/11\/seguridad-social-autonomo-min.jpg","datePublished":"2018-11-07T22:00:00+00:00","dateModified":"2025-09-25T18:53:42+00:00","description":"Entre los m\u00faltiples problemas a los que nos enfrentamos los aut\u00f3nomos, existe uno del que casi nadie habla. Las sanciones de la Seguridad Sociales.","breadcrumb":{"@id":"https:\/\/www.billin.net\/blog\/autonomos-seguridad-social-nunca-pierde\/#breadcrumb"},"inLanguage":"es","potentialAction":[{"@type":"ReadAction","target":["https:\/\/www.billin.net\/blog\/autonomos-seguridad-social-nunca-pierde\/"]}]},{"@type":"ImageObject","inLanguage":"es","@id":"https:\/\/www.billin.net\/blog\/autonomos-seguridad-social-nunca-pierde\/#primaryimage","url":"https:\/\/www.billin.net\/blog\/wp-content\/uploads\/2018\/11\/seguridad-social-autonomo-min.jpg","contentUrl":"https:\/\/www.billin.net\/blog\/wp-content\/uploads\/2018\/11\/seguridad-social-autonomo-min.jpg","width":850,"height":566},{"@type":"BreadcrumbList","@id":"https:\/\/www.billin.net\/blog\/autonomos-seguridad-social-nunca-pierde\/#breadcrumb","itemListElement":[{"@type":"ListItem","position":1,"name":"Blog","item":"https:\/\/www.billin.net\/blog\/"},{"@type":"ListItem","position":2,"name":"Fiscalidad","item":"https:\/\/www.billin.net\/blog\/fiscalidad\/"},{"@type":"ListItem","position":3,"name":"Aut\u00f3nomos: La Seguridad Social nunca pierde"}]},{"@type":"WebSite","@id":"https:\/\/www.billin.net\/blog\/#website","url":"https:\/\/www.billin.net\/blog\/","name":"Blog de Billin","description":"Mantente informado con el blog de TeamSystem Facturas Billin:  facturaci\u00f3n, legislaci\u00f3n, contabilidad, management y toda la informaci\u00f3n \u00fatil para pymes y aut\u00f3nomos.","publisher":{"@id":"https:\/\/www.billin.net\/blog\/#organization"},"potentialAction":[{"@type":"SearchAction","target":{"@type":"EntryPoint","urlTemplate":"https:\/\/www.billin.net\/blog\/?s={search_term_string}"},"query-input":{"@type":"PropertyValueSpecification","valueRequired":true,"valueName":"search_term_string"}}],"inLanguage":"es"},{"@type":"Organization","@id":"https:\/\/www.billin.net\/blog\/#organization","name":"Billin","alternateName":"Blog de Billin","url":"https:\/\/www.billin.net\/blog\/","logo":{"@type":"ImageObject","inLanguage":"es","@id":"https:\/\/www.billin.net\/blog\/#\/schema\/logo\/image\/","url":"https:\/\/www.billin.net\/blog\/wp-content\/uploads\/2019\/06\/logotipo-billin-blog-1.png","contentUrl":"https:\/\/www.billin.net\/blog\/wp-content\/uploads\/2019\/06\/logotipo-billin-blog-1.png","width":126,"height":50,"caption":"Billin"},"image":{"@id":"https:\/\/www.billin.net\/blog\/#\/schema\/logo\/image\/"},"sameAs":["https:\/\/www.facebook.com\/EsBillin","https:\/\/x.com\/Billin_ES","https:\/\/www.instagram.com\/billin_es\/","https:\/\/www.linkedin.com\/company\/billin-spain","https:\/\/www.youtube.com\/c\/BillinEsintercambiodefacturas\/"],"legalName":"MY EXPENSES SL","contactPoint":{"@type":"ContactPoint","telephone":"+34918318883","contactType":"customer service","email":"info@billin.eu","availableLanguage":"es"},"foundingDate":"2015","numberOfEmployees":{"@type":"QuantitativeValue","minValue":10,"maxValue":50},"parentOrganization":{"@type":"Organization","name":"TeamSystem","url":"https:\/\/www.teamsystem.com\/"},"description":"Billin es el programa de facturaci\u00f3n online de TeamSystem para aut\u00f3nomos y pymes en Espa\u00f1a. Permite crear facturas, controlar gastos y cumplir con Verifactu.","address":{"@type":"PostalAddress","streetAddress":"Calle Arturo Soria, 336","addressLocality":"Madrid","addressRegion":"Madrid","postalCode":"28033","addressCountry":"ES"}},{"@type":"Person","@id":"https:\/\/www.billin.net\/blog\/#\/schema\/person\/d0339ee6e869234614541b1e80a793e7","name":"Marcos De La Cueva - CEO TeamSystem Facturas Billin","image":{"@type":"ImageObject","inLanguage":"es","@id":"https:\/\/www.billin.net\/blog\/#\/schema\/person\/image\/","url":"https:\/\/www.billin.net\/blog\/wp-content\/uploads\/2023\/10\/marcos-color-150x150.png","contentUrl":"https:\/\/www.billin.net\/blog\/wp-content\/uploads\/2023\/10\/marcos-color-150x150.png","caption":"Marcos De La Cueva - CEO TeamSystem Facturas Billin"},"description":"Licenciado en ADE por la Universidad Aut\u00f3noma de Madrid, Marcos De la Cueva es CEO y cofundador de TeamSystem Facturas Billin, un programa online que lleva m\u00e1s de 9 a\u00f1os ayudando a aut\u00f3nomos, peque\u00f1os negocios y gestor\u00edas a digitalizar sus presupuestos, facturas, tickets y gastos. \u00a0 Sobre Marcos De La Cueva \u00a0 Apasionado por el mundo empresarial y la tecnolog\u00eda, curs\u00f3 su M\u00e1ster de Finanzas en la Universidad Pontificia de Comillas y estuvo en el Programa de Cooperaci\u00f3n Educativa de la Universidad Aut\u00f3noma de Madrid. \u00a0 Marcos siempre ha tenido su objetivo claro: ayudar a la creaci\u00f3n de negocios financieramente sostenibles a trav\u00e9s de una herramienta de facturaci\u00f3n que les permita ahorrar tiempo y tener la contabilidad bajo control. \u00a0 Marcos De La Cueva en los medios \u2014 Noticia sobre Kit Digital y Ley Antifraude (VeriFactu) en El Economista. \u2014 Noticia sobre Kit Digital y factura electr\u00f3nica obligatoria en Diario Jur\u00eddico. \u2014 Noticia sobre el a\u00f1o de transici\u00f3n para la factura electr\u00f3nica en Muy Pymes. \u2014 Entrevista sobre factura electr\u00f3nica obligatoria en Canal Sur. \u2014 Noticia sobre el informe factura electr\u00f3nica de TeamSystem en Channel Partner. \u2014 Charla sobre productividad y Ley Crea y Crece en El Economista. \u2014 Charla sobre factura electr\u00f3nica obligatoria en Muy Pymes. \u2014 Charla sobre digitalizaci\u00f3n aut\u00f3nomos y productividad en esdiario. \u2014 Charla sobre productividad y factura electr\u00f3nica en La Raz\u00f3n. \u2014 Charla sobre factura electr\u00f3nica obligatoria en Aut\u00f3nomos y Emprendedores. \u2014 Entrevista sobre Ley Antifraude y Ley Crea y Crece en Expansi\u00f3n. \u2014 Entrevista sobre Ley Antifraude y Ley Crea y Crece en La Raz\u00f3n. \u2014 Entrevista sobre factura electr\u00f3nica obligatoria en El Economista. \u2014 Comunicado Billin y TeamSystem en Business Insider. \u2014 Entrevista en Econom\u00eda Digital. \u2014 Entrevista en Ideas para tu empresa de Vodafone. \u2014 Entrevista en M\u00e1sQradio. \u2014 Entrevista en Armas para emprender de El M\u00e9todo Gallardo. \u2014 Entrevista en KFund. \u2014 Entrevista en AXA Seguros Espa\u00f1a. \u2014 Entrevista en GestionaRadio. \u00a0 Marcos De La Cueva en eventos \u00a0 \u2014 Participaci\u00f3n como ponente en Accountex Espa\u00f1a 2023. \u00a0 Tem\u00e1ticas de especializaci\u00f3n \u00a0 negocios | startups | contabilidad| fiscalidad | empresas| asesor\u00edas| autonomos | emprendedores | peque\u00f1os negocios | econom\u00eda | ADE | pymes | desarrollo de negocio\u00a0","sameAs":["https:\/\/www.billin.net\/","https:\/\/www.linkedin.com\/in\/marcos-de-la-cueva-19750ba3\/"],"url":"https:\/\/www.billin.net\/blog\/author\/marcosdelacueva\/","jobTitle":"CEO y cofundador de TS Facturas Billin"}]}},"_links":{"self":[{"href":"https:\/\/www.billin.net\/blog\/wp-json\/wp\/v2\/posts\/10699","targetHints":{"allow":["GET"]}}],"collection":[{"href":"https:\/\/www.billin.net\/blog\/wp-json\/wp\/v2\/posts"}],"about":[{"href":"https:\/\/www.billin.net\/blog\/wp-json\/wp\/v2\/types\/post"}],"author":[{"embeddable":true,"href":"https:\/\/www.billin.net\/blog\/wp-json\/wp\/v2\/users\/20"}],"replies":[{"embeddable":true,"href":"https:\/\/www.billin.net\/blog\/wp-json\/wp\/v2\/comments?post=10699"}],"version-history":[{"count":5,"href":"https:\/\/www.billin.net\/blog\/wp-json\/wp\/v2\/posts\/10699\/revisions"}],"predecessor-version":[{"id":27280,"href":"https:\/\/www.billin.net\/blog\/wp-json\/wp\/v2\/posts\/10699\/revisions\/27280"}],"wp:featuredmedia":[{"embeddable":true,"href":"https:\/\/www.billin.net\/blog\/wp-json\/wp\/v2\/media\/9053"}],"wp:attachment":[{"href":"https:\/\/www.billin.net\/blog\/wp-json\/wp\/v2\/media?parent=10699"}],"wp:term":[{"taxonomy":"category","embeddable":true,"href":"https:\/\/www.billin.net\/blog\/wp-json\/wp\/v2\/categories?post=10699"},{"taxonomy":"post_tag","embeddable":true,"href":"https:\/\/www.billin.net\/blog\/wp-json\/wp\/v2\/tags?post=10699"}],"curies":[{"name":"wp","href":"https:\/\/api.w.org\/{rel}","templated":true}]}}