{"id":10697,"date":"2018-11-06T00:00:00","date_gmt":"2018-11-05T22:00:00","guid":{"rendered":"https:\/\/www.billin.net\/blog\/capitulo-guia-riesgo-estar-legal\/"},"modified":"2025-09-25T20:53:45","modified_gmt":"2025-09-25T18:53:45","slug":"capitulo-guia-riesgo-estar-legal","status":"publish","type":"post","link":"https:\/\/www.billin.net\/blog\/capitulo-guia-riesgo-estar-legal\/","title":{"rendered":"Riesgos de no estar dado de alta como aut\u00f3nomo y facturar"},"content":{"rendered":"<p>Queremos advertirte de todos los riesgos que puedes llegar a correr, en caso de <strong>facturar sin estar dado de alta<\/strong>, y querer desarrollar esta opci\u00f3n laboral. <!--more--><\/p>\n<h2>Situaci\u00f3n actual de los aut\u00f3nomos<\/h2>\n<p>La situaci\u00f3n actual en Espa\u00f1a provocada por una escasez de recursos y la crisis econ\u00f3mica ha dado lugar a un empobrecimiento en la <strong>b\u00fasqueda de empleo por cuenta ajena<\/strong>.<\/p>\n<p>Por tanto, la opci\u00f3n que nos queda es intentar <a href=\"https:\/\/www.billin.net\/blog\/crear-una-empresa\/\" target=\"_blank\" rel=\"noopener noreferrer\">montar un negocio<\/a> por nuestra cuenta, bien sea como una sociedad o como un aut\u00f3nomo.<\/p>\n<p>Como norma general, cualquier persona que ejerza una actividad econ\u00f3mica por cuenta propia, estar\u00e1n obligados a registrarse en el <strong>R\u00e9gimen Especial de Trabajadores Aut\u00f3nomos<\/strong>, sino podr\u00e1 tener duras sanciones.<\/p>\n<p>Cualquier persona f\u00edsica que quiera realizar una actividad propia lucrativa, habitual, continuada, directa y personal tendr\u00e1 que <a href=\"https:\/\/www.billin.net\/blog\/alta-autonomo-seguridad-social\/\" target=\"_blank\" rel=\"noopener noreferrer\">darse de alta en el RETA<\/a>, y pagar mensualmente 283.3 euros, siempre que no le corresponda la <strong>bonificaci\u00f3n de la <a href=\"https:\/\/www.billin.net\/blog\/requisitos-cumplir-tarifa-plana\/\" target=\"_blank\" rel=\"noopener noreferrer\">tarifa plana aut\u00f3nomos<\/a> actualmente vigente<\/strong>, sin olvidar, que se pagar\u00e1 la cuota sin tener en cuenta el volumen de facturaci\u00f3n que tenga el aut\u00f3nomo.<\/p>\n<p>Adem\u00e1s, tendr\u00e1n que darse de alta en el registro de empresarios en el censo de la Agencia Tributaria, mediante los modelos 036 y 037, seg\u00fan corresponda, evidentemente es una situaci\u00f3n dif\u00edcil para el nuevo empresario o emprendedor.<\/p>\n<p>Existe un vac\u00edo legal donde se permitir\u00eda <a href=\"https:\/\/www.billin.net\/blog\/facturar-sin-autonomo\/\" target=\"_blank\" rel=\"noopener noreferrer\">facturar sin ser aut\u00f3nomo<\/a>, pero como hemos comentado, son unas <strong>excepciones m\u00ednimas<\/strong>, que podr\u00edan contener riesgos.<\/p>\n<h2>\u00bfSe puede facturar sin ser aut\u00f3nomo o pyme?<\/h2>\n<p>Seg\u00fan establece la normativa, existe <strong>una circunstancia de ilegalidad en lo que se conoce como \u201chabitual\u201d<\/strong>, ya que, la Seguridad Social no diferencia entre el trabajo de un profesional durante cuarenta horas en una empresa o el de un profesor que da clases particulares durante el fin de semana un par de horas.<\/p>\n<p>De ah\u00ed surge la laguna en la normativa, ya que, algunos Juzgados han dado la raz\u00f3n a los trabajadores que han recurrido por que sus ingresos han sido inferiores al m\u00ednimo salario interprofesional, pero en realidad, la normativa no contempla esta situaci\u00f3n en la que una profesional por ingresar menos del salario m\u00ednimo interprofesional no deber\u00eda darse de alta en el R\u00e9gimen de aut\u00f3nomos.<\/p>\n<p>La mejor opci\u00f3n, ser\u00eda regularizar la situaci\u00f3n, ya que <strong>la Seguridad social podr\u00eda obligarte a pagar todos los aut\u00f3nomos atrasados con un 20% de recargo<\/strong> en cada uno.<\/p>\n<p>En la actualidad, debes informarte sobre las bonificaciones vigentes y no pagar esa cuota tan alta que se solicita, siempre que te correspondan, tambi\u00e9n podr\u00e1s compatibilizar el aut\u00f3nomo con el cobro del desempleo, y as\u00ed sobre llevar la etapa inicial como emprendedor, de una forma m\u00e1s saneada.<\/p>\n<p>Otra opci\u00f3n, ser\u00eda facturar s\u00f3lo en algunos meses, y siempre intentar <strong>no superar ese <a href=\"https:\/\/www.billin.net\/blog\/salario-minimo-interprofesional-embargo\/\" target=\"_blank\" rel=\"noopener noreferrer\">salario m\u00ednimo interprofesional<\/a><\/strong>.<\/p>\n<p>Tambi\u00e9n muchos emprendedores, acuden a las cooperativas de trabajo, que suelen ser m\u00e1s baratas que el coste del aut\u00f3nomo, siempre que factures salarios bajos.<\/p>\n<p>Anteriormente, se podr\u00eda dar de alta en Hacienda y no en Seguridad Social, pero actualmente, es imposible, ya que, ambas Administraciones trabajan de forma coordinada, por tanto, esta opci\u00f3n habr\u00eda que descartarla ya que<strong> existe el riesgo de que te pillen<\/strong>, y tener que pagar la sanci\u00f3n que te impongan.<\/p>\n<p>Por \u00faltimo, hay que indicar que mientras no cambie la normativa o se establezca un sistema progresivo del pago de las cuotas de aut\u00f3nomo, los emprendedores, estar\u00e1n obligados a darse de alta tanto en la Agencia Tributaria como en Seguridad Social.<\/p>\n<p><img loading=\"lazy\" decoding=\"async\" class=\"aligncenter wp-image-9036 size-full\" src=\"https:\/\/www.billin.net\/blog\/wp-content\/uploads\/2018\/11\/riesgos-no-legal-min.jpg\" alt=\"facturar sin estar dado de alta\" width=\"850\" height=\"567\" srcset=\"https:\/\/www.billin.net\/blog\/wp-content\/uploads\/2018\/11\/riesgos-no-legal-min.jpg 850w, https:\/\/www.billin.net\/blog\/wp-content\/uploads\/2018\/11\/riesgos-no-legal-min-300x200.jpg 300w, https:\/\/www.billin.net\/blog\/wp-content\/uploads\/2018\/11\/riesgos-no-legal-min-768x512.jpg 768w, https:\/\/www.billin.net\/blog\/wp-content\/uploads\/2018\/11\/riesgos-no-legal-min-600x400.jpg 600w, https:\/\/www.billin.net\/blog\/wp-content\/uploads\/2018\/11\/riesgos-no-legal-min-200x133.jpg 200w, https:\/\/www.billin.net\/blog\/wp-content\/uploads\/2018\/11\/riesgos-no-legal-min-810x540.jpg 810w\" sizes=\"(max-width: 850px) 100vw, 850px\" \/><\/p>\n<h2>Consecuencias de no estar dado de alta<\/h2>\n<p>Si cumples algunos de estos requisitos <strong>cabe la posibilidad de que no tuvieras que darte de alta en R\u00e9gimen especial de Aut\u00f3nomos<\/strong>, pero s\u00ed en Hacienda para poder facturar:<\/p>\n<ul>\n<li>Que no desempe\u00f1es la actividad de forma habitual<\/li>\n<li>Que el montante de los ingresos no supere el salario m\u00ednimo interprofesional<\/li>\n<\/ul>\n<p>El problema radica en lo que se considera como habitual para la Seguridad Social, aunque no es muy fiable esta teor\u00eda, aunque a primera vista no deber\u00edas de<strong> darte de <a href=\"https:\/\/www.billin.net\/blog\/darse-de-alta-como-autonomo\/\" target=\"_blank\" rel=\"noopener noreferrer\">alta de aut\u00f3nomo<\/a><\/strong> si cumples los anteriores requisitos, ya que, ser\u00edan actividades que no suponen tu medio de vida, sino algo espor\u00e1dico y ocasional.<\/p>\n<p>Como hemos comentado, existe <strong>jurisprudencia con fallos contrapuestos<\/strong>, por ello, lo \u00fanico que puedo aconsejar por mi experiencia laboral relacion\u00e1ndome con la Administraci\u00f3n es, qu\u00e9 si los ingresos no alcanzan el salario m\u00ednimo interprofesional, y el negocio no cuenta con un local abierto al p\u00fablico, no ser\u00eda obligatorio el alta en el RETA, pero insisto en que no existe una regla escrita que determine el significado de la palabra habitualidad.<\/p>\n<p>Si al final, decidieras trabajar sin darte de alta como aut\u00f3nomo, y <strong>te pillan mediante una inspecci\u00f3n de trabajo<\/strong>, se considerar\u00e1 que has cometido una infracci\u00f3n grave, y pagar\u00e1s una sanci\u00f3n que podr\u00e1 oscilar desde 300 euros hasta 3000 euros, adem\u00e1s del alta de oficio que emitir\u00eda la Seguridad Social, y te reclamar\u00eda las cotizaciones de forma retroactiva, adem\u00e1s de a\u00f1adir el 20% de recargo.<\/p>\n<p>Ahora ya conoces los riesgos de no estar dado de alta y facturar con lo que debes tenerlo en cuenta. Quiz\u00e1s puede que no sea muy justo en algunas circunstancias pero es lo que tenemos a d\u00eda de hoy.<\/p>\n","protected":false},"excerpt":{"rendered":"<p>Queremos advertirte de todos los riesgos que puedes llegar a correr, en caso de facturar sin estar dado de alta, y querer desarrollar esta opci\u00f3n laboral.<\/p>\n","protected":false},"author":20,"featured_media":9035,"comment_status":"open","ping_status":"open","sticky":false,"template":"","format":"standard","meta":{"_acf_changed":false,"_et_pb_use_builder":"","_et_pb_old_content":"","_et_gb_content_width":"","om_disable_all_campaigns":false,"inline_featured_image":false,"footnotes":""},"categories":[1014],"tags":[1380],"class_list":{"0":"post-10697","1":"post","2":"type-post","3":"status-publish","4":"format-standard","5":"has-post-thumbnail","7":"category-fiscalidad","8":"tag-autonomos"},"acf":{"selector_de_usuario":null,"fecha_de_revision":"20210225"},"yoast_head":"<!-- This site is optimized with the Yoast SEO plugin v27.1 - https:\/\/yoast.com\/product\/yoast-seo-wordpress\/ -->\n<title>Riesgos de facturar sin estar dado de alta - TeamSystem Facturas Billin<\/title>\n<meta name=\"description\" content=\"Todos los riesgos que puedes llegar a correr, en caso de no estar dado de alta como aut\u00f3nomo o pyme, y querer desarrollar esta opci\u00f3n laboral.\" \/>\n<meta name=\"robots\" content=\"index, follow, max-snippet:-1, max-image-preview:large, max-video-preview:-1\" \/>\n<link rel=\"canonical\" href=\"https:\/\/www.billin.net\/blog\/capitulo-guia-riesgo-estar-legal\/\" \/>\n<meta property=\"og:locale\" content=\"es_ES\" \/>\n<meta property=\"og:type\" content=\"article\" \/>\n<meta property=\"og:title\" content=\"Riesgos de facturar sin estar dado de alta - TeamSystem Facturas Billin\" \/>\n<meta property=\"og:description\" content=\"Todos los riesgos que puedes llegar a correr, en caso de no estar dado de alta como aut\u00f3nomo o pyme, y querer desarrollar esta opci\u00f3n laboral.\" \/>\n<meta property=\"og:url\" content=\"https:\/\/www.billin.net\/blog\/capitulo-guia-riesgo-estar-legal\/\" \/>\n<meta property=\"og:site_name\" content=\"Blog de TeamSystem Facturas Billin\" \/>\n<meta property=\"article:publisher\" content=\"https:\/\/www.facebook.com\/EsBillin\" \/>\n<meta property=\"article:published_time\" content=\"2018-11-05T22:00:00+00:00\" \/>\n<meta property=\"article:modified_time\" content=\"2025-09-25T18:53:45+00:00\" \/>\n<meta property=\"og:image\" content=\"https:\/\/www.billin.net\/blog\/wp-content\/uploads\/2018\/11\/no-legal-riesgos-min.jpg\" \/>\n\t<meta property=\"og:image:width\" content=\"850\" \/>\n\t<meta property=\"og:image:height\" content=\"567\" \/>\n\t<meta property=\"og:image:type\" content=\"image\/jpeg\" \/>\n<meta name=\"author\" content=\"Marcos De La Cueva - CEO TeamSystem Facturas Billin\" \/>\n<meta name=\"twitter:card\" content=\"summary_large_image\" \/>\n<meta name=\"twitter:creator\" content=\"@Billin_ES\" \/>\n<meta name=\"twitter:site\" content=\"@Billin_ES\" \/>\n<meta name=\"twitter:label1\" content=\"Escrito por\" \/>\n\t<meta name=\"twitter:data1\" content=\"Marcos De La Cueva - CEO TeamSystem Facturas Billin\" \/>\n\t<meta name=\"twitter:label2\" content=\"Tiempo de lectura\" \/>\n\t<meta name=\"twitter:data2\" content=\"5 minutos\" \/>\n<script type=\"application\/ld+json\" class=\"yoast-schema-graph\">{\"@context\":\"https:\/\/schema.org\",\"@graph\":[{\"@type\":\"Article\",\"@id\":\"https:\/\/www.billin.net\/blog\/capitulo-guia-riesgo-estar-legal\/#article\",\"isPartOf\":{\"@id\":\"https:\/\/www.billin.net\/blog\/capitulo-guia-riesgo-estar-legal\/\"},\"author\":{\"name\":\"Marcos De La Cueva - CEO TeamSystem Facturas Billin\",\"@id\":\"https:\/\/www.billin.net\/blog\/#\/schema\/person\/d0339ee6e869234614541b1e80a793e7\"},\"headline\":\"Riesgos de no estar dado de alta como aut\u00f3nomo y facturar\",\"datePublished\":\"2018-11-05T22:00:00+00:00\",\"dateModified\":\"2025-09-25T18:53:45+00:00\",\"mainEntityOfPage\":{\"@id\":\"https:\/\/www.billin.net\/blog\/capitulo-guia-riesgo-estar-legal\/\"},\"wordCount\":940,\"commentCount\":4,\"publisher\":{\"@id\":\"https:\/\/www.billin.net\/blog\/#organization\"},\"image\":{\"@id\":\"https:\/\/www.billin.net\/blog\/capitulo-guia-riesgo-estar-legal\/#primaryimage\"},\"thumbnailUrl\":\"https:\/\/www.billin.net\/blog\/wp-content\/uploads\/2018\/11\/no-legal-riesgos-min.jpg\",\"keywords\":[\"Aut\u00f3nomos\"],\"articleSection\":[\"Fiscalidad\"],\"inLanguage\":\"es\",\"potentialAction\":[{\"@type\":\"CommentAction\",\"name\":\"Comment\",\"target\":[\"https:\/\/www.billin.net\/blog\/capitulo-guia-riesgo-estar-legal\/#respond\"]}]},{\"@type\":\"WebPage\",\"@id\":\"https:\/\/www.billin.net\/blog\/capitulo-guia-riesgo-estar-legal\/\",\"url\":\"https:\/\/www.billin.net\/blog\/capitulo-guia-riesgo-estar-legal\/\",\"name\":\"Riesgos de facturar sin estar dado de alta - TeamSystem Facturas Billin\",\"isPartOf\":{\"@id\":\"https:\/\/www.billin.net\/blog\/#website\"},\"primaryImageOfPage\":{\"@id\":\"https:\/\/www.billin.net\/blog\/capitulo-guia-riesgo-estar-legal\/#primaryimage\"},\"image\":{\"@id\":\"https:\/\/www.billin.net\/blog\/capitulo-guia-riesgo-estar-legal\/#primaryimage\"},\"thumbnailUrl\":\"https:\/\/www.billin.net\/blog\/wp-content\/uploads\/2018\/11\/no-legal-riesgos-min.jpg\",\"datePublished\":\"2018-11-05T22:00:00+00:00\",\"dateModified\":\"2025-09-25T18:53:45+00:00\",\"description\":\"Todos los riesgos que puedes llegar a correr, en caso de no estar dado de alta como aut\u00f3nomo o pyme, y querer desarrollar esta opci\u00f3n laboral.\",\"breadcrumb\":{\"@id\":\"https:\/\/www.billin.net\/blog\/capitulo-guia-riesgo-estar-legal\/#breadcrumb\"},\"inLanguage\":\"es\",\"potentialAction\":[{\"@type\":\"ReadAction\",\"target\":[\"https:\/\/www.billin.net\/blog\/capitulo-guia-riesgo-estar-legal\/\"]}]},{\"@type\":\"ImageObject\",\"inLanguage\":\"es\",\"@id\":\"https:\/\/www.billin.net\/blog\/capitulo-guia-riesgo-estar-legal\/#primaryimage\",\"url\":\"https:\/\/www.billin.net\/blog\/wp-content\/uploads\/2018\/11\/no-legal-riesgos-min.jpg\",\"contentUrl\":\"https:\/\/www.billin.net\/blog\/wp-content\/uploads\/2018\/11\/no-legal-riesgos-min.jpg\",\"width\":850,\"height\":567,\"caption\":\"facturar sin estar dado de alta autonomo\"},{\"@type\":\"BreadcrumbList\",\"@id\":\"https:\/\/www.billin.net\/blog\/capitulo-guia-riesgo-estar-legal\/#breadcrumb\",\"itemListElement\":[{\"@type\":\"ListItem\",\"position\":1,\"name\":\"Blog\",\"item\":\"https:\/\/www.billin.net\/blog\/\"},{\"@type\":\"ListItem\",\"position\":2,\"name\":\"Fiscalidad\",\"item\":\"https:\/\/www.billin.net\/blog\/fiscalidad\/\"},{\"@type\":\"ListItem\",\"position\":3,\"name\":\"Riesgos de no estar dado de alta como aut\u00f3nomo y facturar\"}]},{\"@type\":\"WebSite\",\"@id\":\"https:\/\/www.billin.net\/blog\/#website\",\"url\":\"https:\/\/www.billin.net\/blog\/\",\"name\":\"Blog de Billin\",\"description\":\"Mantente informado con el blog de TeamSystem Facturas Billin:  facturaci\u00f3n, legislaci\u00f3n, contabilidad, management y toda la informaci\u00f3n \u00fatil para pymes y aut\u00f3nomos.\",\"publisher\":{\"@id\":\"https:\/\/www.billin.net\/blog\/#organization\"},\"potentialAction\":[{\"@type\":\"SearchAction\",\"target\":{\"@type\":\"EntryPoint\",\"urlTemplate\":\"https:\/\/www.billin.net\/blog\/?s={search_term_string}\"},\"query-input\":{\"@type\":\"PropertyValueSpecification\",\"valueRequired\":true,\"valueName\":\"search_term_string\"}}],\"inLanguage\":\"es\"},{\"@type\":\"Organization\",\"@id\":\"https:\/\/www.billin.net\/blog\/#organization\",\"name\":\"Billin\",\"alternateName\":\"Blog de Billin\",\"url\":\"https:\/\/www.billin.net\/blog\/\",\"logo\":{\"@type\":\"ImageObject\",\"inLanguage\":\"es\",\"@id\":\"https:\/\/www.billin.net\/blog\/#\/schema\/logo\/image\/\",\"url\":\"https:\/\/www.billin.net\/blog\/wp-content\/uploads\/2019\/06\/logotipo-billin-blog-1.png\",\"contentUrl\":\"https:\/\/www.billin.net\/blog\/wp-content\/uploads\/2019\/06\/logotipo-billin-blog-1.png\",\"width\":126,\"height\":50,\"caption\":\"Billin\"},\"image\":{\"@id\":\"https:\/\/www.billin.net\/blog\/#\/schema\/logo\/image\/\"},\"sameAs\":[\"https:\/\/www.facebook.com\/EsBillin\",\"https:\/\/x.com\/Billin_ES\",\"https:\/\/www.instagram.com\/billin_es\/\",\"https:\/\/www.linkedin.com\/company\/billin-spain\",\"https:\/\/www.youtube.com\/c\/BillinEsintercambiodefacturas\/\"],\"legalName\":\"MY EXPENSES SL\",\"contactPoint\":{\"@type\":\"ContactPoint\",\"telephone\":\"+34918318883\",\"contactType\":\"customer service\",\"email\":\"info@billin.eu\",\"availableLanguage\":\"es\"},\"foundingDate\":\"2015\",\"numberOfEmployees\":{\"@type\":\"QuantitativeValue\",\"minValue\":10,\"maxValue\":50},\"parentOrganization\":{\"@type\":\"Organization\",\"name\":\"TeamSystem\",\"url\":\"https:\/\/www.teamsystem.com\/\"},\"description\":\"Billin es el programa de facturaci\u00f3n online de TeamSystem para aut\u00f3nomos y pymes en Espa\u00f1a. Permite crear facturas, controlar gastos y cumplir con Verifactu.\",\"address\":{\"@type\":\"PostalAddress\",\"streetAddress\":\"Calle Arturo Soria, 336\",\"addressLocality\":\"Madrid\",\"addressRegion\":\"Madrid\",\"postalCode\":\"28033\",\"addressCountry\":\"ES\"}},{\"@type\":\"Person\",\"@id\":\"https:\/\/www.billin.net\/blog\/#\/schema\/person\/d0339ee6e869234614541b1e80a793e7\",\"name\":\"Marcos De La Cueva - CEO TeamSystem Facturas Billin\",\"image\":{\"@type\":\"ImageObject\",\"inLanguage\":\"es\",\"@id\":\"https:\/\/www.billin.net\/blog\/#\/schema\/person\/image\/\",\"url\":\"https:\/\/www.billin.net\/blog\/wp-content\/uploads\/2023\/10\/marcos-color-150x150.png\",\"contentUrl\":\"https:\/\/www.billin.net\/blog\/wp-content\/uploads\/2023\/10\/marcos-color-150x150.png\",\"caption\":\"Marcos De La Cueva - CEO TeamSystem Facturas Billin\"},\"description\":\"Licenciado en ADE por la Universidad Aut\u00f3noma de Madrid, Marcos De la Cueva es CEO y cofundador de TeamSystem Facturas Billin, un programa online que lleva m\u00e1s de 9 a\u00f1os ayudando a aut\u00f3nomos, peque\u00f1os negocios y gestor\u00edas a digitalizar sus presupuestos, facturas, tickets y gastos. \u00a0 Sobre Marcos De La Cueva \u00a0 Apasionado por el mundo empresarial y la tecnolog\u00eda, curs\u00f3 su M\u00e1ster de Finanzas en la Universidad Pontificia de Comillas y estuvo en el Programa de Cooperaci\u00f3n Educativa de la Universidad Aut\u00f3noma de Madrid. \u00a0 Marcos siempre ha tenido su objetivo claro: ayudar a la creaci\u00f3n de negocios financieramente sostenibles a trav\u00e9s de una herramienta de facturaci\u00f3n que les permita ahorrar tiempo y tener la contabilidad bajo control. \u00a0 Marcos De La Cueva en los medios \u2014 Noticia sobre Kit Digital y Ley Antifraude (VeriFactu) en El Economista. \u2014 Noticia sobre Kit Digital y factura electr\u00f3nica obligatoria en Diario Jur\u00eddico. \u2014 Noticia sobre el a\u00f1o de transici\u00f3n para la factura electr\u00f3nica en Muy Pymes. \u2014 Entrevista sobre factura electr\u00f3nica obligatoria en Canal Sur. \u2014 Noticia sobre el informe factura electr\u00f3nica de TeamSystem en Channel Partner. \u2014 Charla sobre productividad y Ley Crea y Crece en El Economista. \u2014 Charla sobre factura electr\u00f3nica obligatoria en Muy Pymes. \u2014 Charla sobre digitalizaci\u00f3n aut\u00f3nomos y productividad en esdiario. \u2014 Charla sobre productividad y factura electr\u00f3nica en La Raz\u00f3n. \u2014 Charla sobre factura electr\u00f3nica obligatoria en Aut\u00f3nomos y Emprendedores. \u2014 Entrevista sobre Ley Antifraude y Ley Crea y Crece en Expansi\u00f3n. \u2014 Entrevista sobre Ley Antifraude y Ley Crea y Crece en La Raz\u00f3n. \u2014 Entrevista sobre factura electr\u00f3nica obligatoria en El Economista. \u2014 Comunicado Billin y TeamSystem en Business Insider. \u2014 Entrevista en Econom\u00eda Digital. \u2014 Entrevista en Ideas para tu empresa de Vodafone. \u2014 Entrevista en M\u00e1sQradio. \u2014 Entrevista en Armas para emprender de El M\u00e9todo Gallardo. \u2014 Entrevista en KFund. \u2014 Entrevista en AXA Seguros Espa\u00f1a. \u2014 Entrevista en GestionaRadio. \u00a0 Marcos De La Cueva en eventos \u00a0 \u2014 Participaci\u00f3n como ponente en Accountex Espa\u00f1a 2023. \u00a0 Tem\u00e1ticas de especializaci\u00f3n \u00a0 negocios | startups | contabilidad| fiscalidad | empresas| asesor\u00edas| autonomos | emprendedores | peque\u00f1os negocios | econom\u00eda | ADE | pymes | desarrollo de negocio\u00a0\",\"sameAs\":[\"https:\/\/www.billin.net\/\",\"https:\/\/www.linkedin.com\/in\/marcos-de-la-cueva-19750ba3\/\"],\"url\":\"https:\/\/www.billin.net\/blog\/author\/marcosdelacueva\/\",\"jobTitle\":\"CEO y cofundador de TS Facturas Billin\"}]}<\/script>\n<!-- \/ Yoast SEO plugin. -->","yoast_head_json":{"title":"Riesgos de facturar sin estar dado de alta - TeamSystem Facturas Billin","description":"Todos los riesgos que puedes llegar a correr, en caso de no estar dado de alta como aut\u00f3nomo o pyme, y querer desarrollar esta opci\u00f3n laboral.","robots":{"index":"index","follow":"follow","max-snippet":"max-snippet:-1","max-image-preview":"max-image-preview:large","max-video-preview":"max-video-preview:-1"},"canonical":"https:\/\/www.billin.net\/blog\/capitulo-guia-riesgo-estar-legal\/","og_locale":"es_ES","og_type":"article","og_title":"Riesgos de facturar sin estar dado de alta - TeamSystem Facturas Billin","og_description":"Todos los riesgos que puedes llegar a correr, en caso de no estar dado de alta como aut\u00f3nomo o pyme, y querer desarrollar esta opci\u00f3n laboral.","og_url":"https:\/\/www.billin.net\/blog\/capitulo-guia-riesgo-estar-legal\/","og_site_name":"Blog de TeamSystem Facturas Billin","article_publisher":"https:\/\/www.facebook.com\/EsBillin","article_published_time":"2018-11-05T22:00:00+00:00","article_modified_time":"2025-09-25T18:53:45+00:00","og_image":[{"width":850,"height":567,"url":"https:\/\/www.billin.net\/blog\/wp-content\/uploads\/2018\/11\/no-legal-riesgos-min.jpg","type":"image\/jpeg"}],"author":"Marcos De La Cueva - CEO TeamSystem Facturas Billin","twitter_card":"summary_large_image","twitter_creator":"@Billin_ES","twitter_site":"@Billin_ES","twitter_misc":{"Escrito por":"Marcos De La Cueva - CEO TeamSystem Facturas Billin","Tiempo de lectura":"5 minutos"},"schema":{"@context":"https:\/\/schema.org","@graph":[{"@type":"Article","@id":"https:\/\/www.billin.net\/blog\/capitulo-guia-riesgo-estar-legal\/#article","isPartOf":{"@id":"https:\/\/www.billin.net\/blog\/capitulo-guia-riesgo-estar-legal\/"},"author":{"name":"Marcos De La Cueva - CEO TeamSystem Facturas Billin","@id":"https:\/\/www.billin.net\/blog\/#\/schema\/person\/d0339ee6e869234614541b1e80a793e7"},"headline":"Riesgos de no estar dado de alta como aut\u00f3nomo y facturar","datePublished":"2018-11-05T22:00:00+00:00","dateModified":"2025-09-25T18:53:45+00:00","mainEntityOfPage":{"@id":"https:\/\/www.billin.net\/blog\/capitulo-guia-riesgo-estar-legal\/"},"wordCount":940,"commentCount":4,"publisher":{"@id":"https:\/\/www.billin.net\/blog\/#organization"},"image":{"@id":"https:\/\/www.billin.net\/blog\/capitulo-guia-riesgo-estar-legal\/#primaryimage"},"thumbnailUrl":"https:\/\/www.billin.net\/blog\/wp-content\/uploads\/2018\/11\/no-legal-riesgos-min.jpg","keywords":["Aut\u00f3nomos"],"articleSection":["Fiscalidad"],"inLanguage":"es","potentialAction":[{"@type":"CommentAction","name":"Comment","target":["https:\/\/www.billin.net\/blog\/capitulo-guia-riesgo-estar-legal\/#respond"]}]},{"@type":"WebPage","@id":"https:\/\/www.billin.net\/blog\/capitulo-guia-riesgo-estar-legal\/","url":"https:\/\/www.billin.net\/blog\/capitulo-guia-riesgo-estar-legal\/","name":"Riesgos de facturar sin estar dado de alta - TeamSystem Facturas Billin","isPartOf":{"@id":"https:\/\/www.billin.net\/blog\/#website"},"primaryImageOfPage":{"@id":"https:\/\/www.billin.net\/blog\/capitulo-guia-riesgo-estar-legal\/#primaryimage"},"image":{"@id":"https:\/\/www.billin.net\/blog\/capitulo-guia-riesgo-estar-legal\/#primaryimage"},"thumbnailUrl":"https:\/\/www.billin.net\/blog\/wp-content\/uploads\/2018\/11\/no-legal-riesgos-min.jpg","datePublished":"2018-11-05T22:00:00+00:00","dateModified":"2025-09-25T18:53:45+00:00","description":"Todos los riesgos que puedes llegar a correr, en caso de no estar dado de alta como aut\u00f3nomo o pyme, y querer desarrollar esta opci\u00f3n laboral.","breadcrumb":{"@id":"https:\/\/www.billin.net\/blog\/capitulo-guia-riesgo-estar-legal\/#breadcrumb"},"inLanguage":"es","potentialAction":[{"@type":"ReadAction","target":["https:\/\/www.billin.net\/blog\/capitulo-guia-riesgo-estar-legal\/"]}]},{"@type":"ImageObject","inLanguage":"es","@id":"https:\/\/www.billin.net\/blog\/capitulo-guia-riesgo-estar-legal\/#primaryimage","url":"https:\/\/www.billin.net\/blog\/wp-content\/uploads\/2018\/11\/no-legal-riesgos-min.jpg","contentUrl":"https:\/\/www.billin.net\/blog\/wp-content\/uploads\/2018\/11\/no-legal-riesgos-min.jpg","width":850,"height":567,"caption":"facturar sin estar dado de alta autonomo"},{"@type":"BreadcrumbList","@id":"https:\/\/www.billin.net\/blog\/capitulo-guia-riesgo-estar-legal\/#breadcrumb","itemListElement":[{"@type":"ListItem","position":1,"name":"Blog","item":"https:\/\/www.billin.net\/blog\/"},{"@type":"ListItem","position":2,"name":"Fiscalidad","item":"https:\/\/www.billin.net\/blog\/fiscalidad\/"},{"@type":"ListItem","position":3,"name":"Riesgos de no estar dado de alta como aut\u00f3nomo y facturar"}]},{"@type":"WebSite","@id":"https:\/\/www.billin.net\/blog\/#website","url":"https:\/\/www.billin.net\/blog\/","name":"Blog de Billin","description":"Mantente informado con el blog de TeamSystem Facturas Billin:  facturaci\u00f3n, legislaci\u00f3n, contabilidad, management y toda la informaci\u00f3n \u00fatil para pymes y aut\u00f3nomos.","publisher":{"@id":"https:\/\/www.billin.net\/blog\/#organization"},"potentialAction":[{"@type":"SearchAction","target":{"@type":"EntryPoint","urlTemplate":"https:\/\/www.billin.net\/blog\/?s={search_term_string}"},"query-input":{"@type":"PropertyValueSpecification","valueRequired":true,"valueName":"search_term_string"}}],"inLanguage":"es"},{"@type":"Organization","@id":"https:\/\/www.billin.net\/blog\/#organization","name":"Billin","alternateName":"Blog de Billin","url":"https:\/\/www.billin.net\/blog\/","logo":{"@type":"ImageObject","inLanguage":"es","@id":"https:\/\/www.billin.net\/blog\/#\/schema\/logo\/image\/","url":"https:\/\/www.billin.net\/blog\/wp-content\/uploads\/2019\/06\/logotipo-billin-blog-1.png","contentUrl":"https:\/\/www.billin.net\/blog\/wp-content\/uploads\/2019\/06\/logotipo-billin-blog-1.png","width":126,"height":50,"caption":"Billin"},"image":{"@id":"https:\/\/www.billin.net\/blog\/#\/schema\/logo\/image\/"},"sameAs":["https:\/\/www.facebook.com\/EsBillin","https:\/\/x.com\/Billin_ES","https:\/\/www.instagram.com\/billin_es\/","https:\/\/www.linkedin.com\/company\/billin-spain","https:\/\/www.youtube.com\/c\/BillinEsintercambiodefacturas\/"],"legalName":"MY EXPENSES SL","contactPoint":{"@type":"ContactPoint","telephone":"+34918318883","contactType":"customer service","email":"info@billin.eu","availableLanguage":"es"},"foundingDate":"2015","numberOfEmployees":{"@type":"QuantitativeValue","minValue":10,"maxValue":50},"parentOrganization":{"@type":"Organization","name":"TeamSystem","url":"https:\/\/www.teamsystem.com\/"},"description":"Billin es el programa de facturaci\u00f3n online de TeamSystem para aut\u00f3nomos y pymes en Espa\u00f1a. Permite crear facturas, controlar gastos y cumplir con Verifactu.","address":{"@type":"PostalAddress","streetAddress":"Calle Arturo Soria, 336","addressLocality":"Madrid","addressRegion":"Madrid","postalCode":"28033","addressCountry":"ES"}},{"@type":"Person","@id":"https:\/\/www.billin.net\/blog\/#\/schema\/person\/d0339ee6e869234614541b1e80a793e7","name":"Marcos De La Cueva - CEO TeamSystem Facturas Billin","image":{"@type":"ImageObject","inLanguage":"es","@id":"https:\/\/www.billin.net\/blog\/#\/schema\/person\/image\/","url":"https:\/\/www.billin.net\/blog\/wp-content\/uploads\/2023\/10\/marcos-color-150x150.png","contentUrl":"https:\/\/www.billin.net\/blog\/wp-content\/uploads\/2023\/10\/marcos-color-150x150.png","caption":"Marcos De La Cueva - CEO TeamSystem Facturas Billin"},"description":"Licenciado en ADE por la Universidad Aut\u00f3noma de Madrid, Marcos De la Cueva es CEO y cofundador de TeamSystem Facturas Billin, un programa online que lleva m\u00e1s de 9 a\u00f1os ayudando a aut\u00f3nomos, peque\u00f1os negocios y gestor\u00edas a digitalizar sus presupuestos, facturas, tickets y gastos. \u00a0 Sobre Marcos De La Cueva \u00a0 Apasionado por el mundo empresarial y la tecnolog\u00eda, curs\u00f3 su M\u00e1ster de Finanzas en la Universidad Pontificia de Comillas y estuvo en el Programa de Cooperaci\u00f3n Educativa de la Universidad Aut\u00f3noma de Madrid. \u00a0 Marcos siempre ha tenido su objetivo claro: ayudar a la creaci\u00f3n de negocios financieramente sostenibles a trav\u00e9s de una herramienta de facturaci\u00f3n que les permita ahorrar tiempo y tener la contabilidad bajo control. \u00a0 Marcos De La Cueva en los medios \u2014 Noticia sobre Kit Digital y Ley Antifraude (VeriFactu) en El Economista. \u2014 Noticia sobre Kit Digital y factura electr\u00f3nica obligatoria en Diario Jur\u00eddico. \u2014 Noticia sobre el a\u00f1o de transici\u00f3n para la factura electr\u00f3nica en Muy Pymes. \u2014 Entrevista sobre factura electr\u00f3nica obligatoria en Canal Sur. \u2014 Noticia sobre el informe factura electr\u00f3nica de TeamSystem en Channel Partner. \u2014 Charla sobre productividad y Ley Crea y Crece en El Economista. \u2014 Charla sobre factura electr\u00f3nica obligatoria en Muy Pymes. \u2014 Charla sobre digitalizaci\u00f3n aut\u00f3nomos y productividad en esdiario. \u2014 Charla sobre productividad y factura electr\u00f3nica en La Raz\u00f3n. \u2014 Charla sobre factura electr\u00f3nica obligatoria en Aut\u00f3nomos y Emprendedores. \u2014 Entrevista sobre Ley Antifraude y Ley Crea y Crece en Expansi\u00f3n. \u2014 Entrevista sobre Ley Antifraude y Ley Crea y Crece en La Raz\u00f3n. \u2014 Entrevista sobre factura electr\u00f3nica obligatoria en El Economista. \u2014 Comunicado Billin y TeamSystem en Business Insider. \u2014 Entrevista en Econom\u00eda Digital. \u2014 Entrevista en Ideas para tu empresa de Vodafone. \u2014 Entrevista en M\u00e1sQradio. \u2014 Entrevista en Armas para emprender de El M\u00e9todo Gallardo. \u2014 Entrevista en KFund. \u2014 Entrevista en AXA Seguros Espa\u00f1a. \u2014 Entrevista en GestionaRadio. \u00a0 Marcos De La Cueva en eventos \u00a0 \u2014 Participaci\u00f3n como ponente en Accountex Espa\u00f1a 2023. \u00a0 Tem\u00e1ticas de especializaci\u00f3n \u00a0 negocios | startups | contabilidad| fiscalidad | empresas| asesor\u00edas| autonomos | emprendedores | peque\u00f1os negocios | econom\u00eda | ADE | pymes | desarrollo de negocio\u00a0","sameAs":["https:\/\/www.billin.net\/","https:\/\/www.linkedin.com\/in\/marcos-de-la-cueva-19750ba3\/"],"url":"https:\/\/www.billin.net\/blog\/author\/marcosdelacueva\/","jobTitle":"CEO y cofundador de TS Facturas Billin"}]}},"_links":{"self":[{"href":"https:\/\/www.billin.net\/blog\/wp-json\/wp\/v2\/posts\/10697","targetHints":{"allow":["GET"]}}],"collection":[{"href":"https:\/\/www.billin.net\/blog\/wp-json\/wp\/v2\/posts"}],"about":[{"href":"https:\/\/www.billin.net\/blog\/wp-json\/wp\/v2\/types\/post"}],"author":[{"embeddable":true,"href":"https:\/\/www.billin.net\/blog\/wp-json\/wp\/v2\/users\/20"}],"replies":[{"embeddable":true,"href":"https:\/\/www.billin.net\/blog\/wp-json\/wp\/v2\/comments?post=10697"}],"version-history":[{"count":7,"href":"https:\/\/www.billin.net\/blog\/wp-json\/wp\/v2\/posts\/10697\/revisions"}],"predecessor-version":[{"id":27281,"href":"https:\/\/www.billin.net\/blog\/wp-json\/wp\/v2\/posts\/10697\/revisions\/27281"}],"wp:featuredmedia":[{"embeddable":true,"href":"https:\/\/www.billin.net\/blog\/wp-json\/wp\/v2\/media\/9035"}],"wp:attachment":[{"href":"https:\/\/www.billin.net\/blog\/wp-json\/wp\/v2\/media?parent=10697"}],"wp:term":[{"taxonomy":"category","embeddable":true,"href":"https:\/\/www.billin.net\/blog\/wp-json\/wp\/v2\/categories?post=10697"},{"taxonomy":"post_tag","embeddable":true,"href":"https:\/\/www.billin.net\/blog\/wp-json\/wp\/v2\/tags?post=10697"}],"curies":[{"name":"wp","href":"https:\/\/api.w.org\/{rel}","templated":true}]}}