{"id":10683,"date":"2018-10-17T00:00:00","date_gmt":"2018-10-16T22:00:00","guid":{"rendered":"https:\/\/www.billin.net\/blog\/mejoras-para-el-autonomo-solicitadas-al-gobierno\/"},"modified":"2025-09-25T20:54:05","modified_gmt":"2025-09-25T18:54:05","slug":"mejoras-para-el-autonomo-solicitadas-al-gobierno","status":"publish","type":"post","link":"https:\/\/www.billin.net\/blog\/mejoras-para-el-autonomo-solicitadas-al-gobierno\/","title":{"rendered":"Mejoras para el aut\u00f3nomo solicitadas al Gobierno"},"content":{"rendered":"<p>Conoce los cambios en la Ley de Aut\u00f3nomo ya aprobados y los solicitados, con los que se busca incrementar las altas en RETA y generar autoempleo, te lo contamos.<!--more--><\/p>\n<h2>Novedades en la Ley de Aut\u00f3nomos<\/h2>\n<p>La nueva Ley de Reformas Urgentes para el Aut\u00f3nomo fue aprobada en octubre, aunque muchas de las medidas entraron en vigor desde enero.<\/p>\n<ul>\n<li><strong>Deducci\u00f3n en el gasto de comidas:<\/strong><\/li>\n<\/ul>\n<p>Los trabajadores por cuenta propia podr\u00e1n deducir como m\u00e1ximo 26,67 euros en concepto de comida, para ello, deber\u00e1 pagarse con tarjeta y solicitar una factura, en caso de que fuese en el extranjero, el l\u00edmite se ampl\u00eda a 48,08 euros.<\/p>\n<p>Compartimo este <a href=\"https:\/\/www.billin.net\/crear-factura-gratis\/\">generador de facturas<\/a> de TeamSystem Facturas Billin, para hacerte el d\u00eda a d\u00eda m\u00e1s f\u00e1cil.<\/p>\n<ul>\n<li><strong>Jubilaci\u00f3n del aut\u00f3nomo:<\/strong><\/li>\n<\/ul>\n<p>Los aut\u00f3nomos podr\u00e1n recibir el 100% de las pensiones de jubilaci\u00f3n, siempre que mantenga al menos a un asalariado.<\/p>\n<ul>\n<li><strong>Cuota de aut\u00f3nomo:<\/strong><\/li>\n<\/ul>\n<p>Se aprueba en los Presupuestos Generales del Estado y no se relaciona con el Salario M\u00ednimo Interprofesional.<\/p>\n<ul>\n<li><strong>Conciliaci\u00f3n familiar:<\/strong><\/li>\n<\/ul>\n<p>Se ampl\u00eda a 12 a\u00f1os de edad la bonificaci\u00f3n del 100% de las cuotas cuando se tengan menores, en los casos de maternidad, paternidad y o adopci\u00f3n estar\u00e1n exentos de pagar la cuota de aut\u00f3nomo.<\/p>\n<ul>\n<li><strong>Madres aut\u00f3nomas:<\/strong><\/li>\n<\/ul>\n<p>Se podr\u00e1n beneficiar de una bonificaci\u00f3n en la cuota de contingencias comunes tras la baja, esta bonificaci\u00f3n consiste en una tarifa plana de 50 euros durante un a\u00f1o.<\/p>\n<ul>\n<li><strong>Familiares:<\/strong><\/li>\n<\/ul>\n<p>Los aut\u00f3nomos podr\u00e1n contratar a familiares de hasta segundo grado con una bonificaci\u00f3n del 100% de la cuota durante un a\u00f1o.<\/p>\n<p><strong>Esta nueva Ley ha tra\u00eddo tambi\u00e9n una serie de medidas como:<\/strong><\/p>\n<ul>\n<li>Ampliaci\u00f3n de plazo para laTarifa plana de 50 euros que se ampl\u00eda a un a\u00f1o, despu\u00e9s los seis meses se acoger\u00e1 a una bonificaci\u00f3n de del 50% de la cuota, y los siguientes 6 meses posteriores ser\u00e1 del 30%,<\/li>\n<li>Adem\u00e1s de los hombres menores de 30 a\u00f1os y mujeres menores de 35 a\u00f1os, tendr\u00e1n una bonificaci\u00f3n extra durante un a\u00f1o m\u00e1s.<\/li>\n<li>Un requisito indispensable para la tarifa plana es no haberse dado de alta en los dos a\u00f1os anteriores (y no los cinco que se contemplaban antes de la reforma)<\/li>\n<li>Los trabajadores que realicen su actividad econ\u00f3mica desde su domicilio podr\u00e1n deducir los suministros del hogar en un 30%. como la luz, el agua e internet.<\/li>\n<li>Los aut\u00f3nomos podr\u00e1n darse de alta y baja hasta tres veces al a\u00f1o, dependiendo de sus intereses.<\/li>\n<li>Podr\u00e1s modificar las bases de cotizaci\u00f3n hasta cuatro veces a lo largo de un a\u00f1o, esto ser\u00e1 muy usado en negocios estacionales.<\/li>\n<li>El aut\u00f3nomo cotizar\u00e1 desde el d\u00eda que se de alta, y no por el mes completo, s\u00f3lo pagar\u00e1 por los d\u00edas cotizados.<\/li>\n<li>Las personas con discapacidad, de violencia de g\u00e9nero o terrorista tendr\u00e1n una deducci\u00f3n del 80% de la cuota durante un a\u00f1o, y del 50% en los 48 meses siguientes.<\/li>\n<\/ul>\n<p>Todas estas medidas ya se encuentran en vigor, y el aut\u00f3nomo que cumpla todos los requisitos podr\u00e1 beneficiarse de ellas.<\/p>\n<p><img loading=\"lazy\" decoding=\"async\" class=\"aligncenter size-full wp-image-8923\" src=\"https:\/\/www.billin.net\/blog\/wp-content\/uploads\/2018\/10\/mejoras-autonomo-gobiermo-min.jpg\" alt=\"\" width=\"850\" height=\"566\" srcset=\"https:\/\/www.billin.net\/blog\/wp-content\/uploads\/2018\/10\/mejoras-autonomo-gobiermo-min.jpg 850w, https:\/\/www.billin.net\/blog\/wp-content\/uploads\/2018\/10\/mejoras-autonomo-gobiermo-min-300x200.jpg 300w, https:\/\/www.billin.net\/blog\/wp-content\/uploads\/2018\/10\/mejoras-autonomo-gobiermo-min-768x511.jpg 768w, https:\/\/www.billin.net\/blog\/wp-content\/uploads\/2018\/10\/mejoras-autonomo-gobiermo-min-600x400.jpg 600w, https:\/\/www.billin.net\/blog\/wp-content\/uploads\/2018\/10\/mejoras-autonomo-gobiermo-min-200x133.jpg 200w, https:\/\/www.billin.net\/blog\/wp-content\/uploads\/2018\/10\/mejoras-autonomo-gobiermo-min-810x539.jpg 810w\" sizes=\"(max-width: 850px) 100vw, 850px\" \/><\/p>\n<h2>Medidas planteadas al Gobierno actual<\/h2>\n<p>Todas las Asociaciones en defensa del aut\u00f3nomo esperan que el nuevo Ejecutivo ponga a los <strong>aut\u00f3nomos como tema central para mejorar su situaci\u00f3n<\/strong>.<\/p>\n<p>UPTA Y ATA, se reunieron en febrero con el nuevo Gobierno, donde se comprometieron a recoger todas las propuestas en una Proposici\u00f3n de Ley.<\/p>\n<p>Ah\u00ed se habl\u00f3 de la reforma sobre el sistema de cotizaci\u00f3n adaptada a los ingresos reales, as\u00ed como <strong>mejorar la situaci\u00f3n del TRADE<\/strong>.<\/p>\n<p>Se desarrollan <strong>medidas enfocadas a los emprendedores m\u00e1s tecnol\u00f3gicos<\/strong> como:<\/p>\n<ul>\n<li>Reformar el sistema de cotizaciones en funci\u00f3n de los ingresos reales o rendimiento neto, se establecen unos tramos de cotizaci\u00f3n.<\/li>\n<li>Medidas sobre la cobertura social de los aut\u00f3nomos, se estudiar\u00e1 que los aut\u00f3nomos no tengan que pagar cuota durante la baja temporal cubierta por contingencias comunes.<\/li>\n<li>Se est\u00e1n analizando limitaciones para aquellos aut\u00f3nomos que trabajan para un solo cliente, el objetivo ser\u00e1 conseguir que las empresas no contraten a falsos aut\u00f3nomos.<\/li>\n<li>Reformas del sistema de pago de impuestos, de tal manera, que sea un impuesto m\u00e1s equitativo, ajust\u00e1ndose a los ingresos reales, lo que facilitar\u00e1 el inicio de actividad y la mejora en la situaci\u00f3n de crisis del negocio.<\/li>\n<li>Se establecer\u00eda un tipo \u00fanico de IRPF seg\u00fan los tramos, se escucha un 1% para los que perciban menos de 12.000 euros.<\/li>\n<li>Incluir a las personas f\u00edsicas en los incentivos fiscales a las inversiones en j\u00f3venes empresas emprendedoras.<\/li>\n<li>Con respecto a la Segunda oportunidad, permitiendo a aquellos aut\u00f3nomos que hayan cerrado su negocio y se hayan acogido a la ley de la segunda oportunidad, podr\u00e1n beneficiarse de nuevo a todos los incentivos y medidas de apoyo al emprendimiento que haya para nuevos aut\u00f3nomos.<\/li>\n<li>Otra medida muy interesante ser\u00eda la \u201cExcedencia para emprender\u201d, consistir\u00eda en la posibilidad de respetar el puesto de trabajo en caso de querer abrir un negocio,<\/li>\n<li>Se habla de una L\u00ednea ICO para las nuevas empresas destinadas a financiar inversiones y dar liquidez a las pymes.<\/li>\n<li>Reformar la capitalizaci\u00f3n del paro, de forma que se pagara solo una vez independientemente de la edad, siempre que se justifique la inversi\u00f3n, incluyendo los gastos necesarios para poder abrir un negocio.<\/li>\n<li>Luchar\u00e1 para acabar con los falsos aut\u00f3nomos.<\/li>\n<\/ul>\n","protected":false},"excerpt":{"rendered":"<p>Conoce los cambios en la Ley de Aut\u00f3nomo ya aprobados y los solicitados, con los que se busca incrementar las altas en RETA y generar autoempleo, te lo contamos.<\/p>\n","protected":false},"author":20,"featured_media":8922,"comment_status":"open","ping_status":"open","sticky":false,"template":"","format":"standard","meta":{"_acf_changed":false,"_et_pb_use_builder":"","_et_pb_old_content":"","_et_gb_content_width":"","om_disable_all_campaigns":false,"inline_featured_image":false,"footnotes":""},"categories":[1014],"tags":[1380],"class_list":{"0":"post-10683","1":"post","2":"type-post","3":"status-publish","4":"format-standard","5":"has-post-thumbnail","7":"category-fiscalidad","8":"tag-autonomos"},"acf":{"selector_de_usuario":"","fecha_de_revision":"20230801"},"yoast_head":"<!-- This site is optimized with the Yoast SEO plugin v27.1 - https:\/\/yoast.com\/product\/yoast-seo-wordpress\/ -->\n<title>Mejoras para el aut\u00f3nomo solicitadas al Gobierno - Blog de TeamSystem Facturas Billin<\/title>\n<meta name=\"description\" content=\"Conoce los cambios en la Ley de Aut\u00f3nomo ya aprobados y los solicitados, con los que se busca incrementar las altas en RETA y generar autoempleo.\" \/>\n<meta name=\"robots\" content=\"index, follow, max-snippet:-1, max-image-preview:large, max-video-preview:-1\" \/>\n<link rel=\"canonical\" href=\"https:\/\/www.billin.net\/blog\/mejoras-para-el-autonomo-solicitadas-al-gobierno\/\" \/>\n<meta property=\"og:locale\" content=\"es_ES\" \/>\n<meta property=\"og:type\" content=\"article\" \/>\n<meta property=\"og:title\" content=\"Mejoras para el aut\u00f3nomo solicitadas al Gobierno - Blog de TeamSystem Facturas Billin\" \/>\n<meta property=\"og:description\" content=\"Conoce los cambios en la Ley de Aut\u00f3nomo ya aprobados y los solicitados, con los que se busca incrementar las altas en RETA y generar autoempleo.\" \/>\n<meta property=\"og:url\" content=\"https:\/\/www.billin.net\/blog\/mejoras-para-el-autonomo-solicitadas-al-gobierno\/\" \/>\n<meta property=\"og:site_name\" content=\"Blog de TeamSystem Facturas Billin\" \/>\n<meta property=\"article:publisher\" content=\"https:\/\/www.facebook.com\/EsBillin\" \/>\n<meta property=\"article:published_time\" content=\"2018-10-16T22:00:00+00:00\" \/>\n<meta property=\"article:modified_time\" content=\"2025-09-25T18:54:05+00:00\" \/>\n<meta property=\"og:image\" content=\"https:\/\/www.billin.net\/blog\/wp-content\/uploads\/2018\/10\/gobierno-mejoras-autonomo-min.jpg\" \/>\n\t<meta property=\"og:image:width\" content=\"850\" \/>\n\t<meta property=\"og:image:height\" content=\"566\" \/>\n\t<meta property=\"og:image:type\" content=\"image\/jpeg\" \/>\n<meta name=\"author\" content=\"Marcos De La Cueva - CEO TeamSystem Facturas Billin\" \/>\n<meta name=\"twitter:card\" content=\"summary_large_image\" \/>\n<meta name=\"twitter:creator\" content=\"@Billin_ES\" \/>\n<meta name=\"twitter:site\" content=\"@Billin_ES\" \/>\n<meta name=\"twitter:label1\" content=\"Escrito por\" \/>\n\t<meta name=\"twitter:data1\" content=\"Marcos De La Cueva - CEO TeamSystem Facturas Billin\" \/>\n\t<meta name=\"twitter:label2\" content=\"Tiempo de lectura\" \/>\n\t<meta name=\"twitter:data2\" content=\"5 minutos\" \/>\n<script type=\"application\/ld+json\" class=\"yoast-schema-graph\">{\"@context\":\"https:\/\/schema.org\",\"@graph\":[{\"@type\":\"Article\",\"@id\":\"https:\/\/www.billin.net\/blog\/mejoras-para-el-autonomo-solicitadas-al-gobierno\/#article\",\"isPartOf\":{\"@id\":\"https:\/\/www.billin.net\/blog\/mejoras-para-el-autonomo-solicitadas-al-gobierno\/\"},\"author\":{\"name\":\"Marcos De La Cueva - CEO TeamSystem Facturas Billin\",\"@id\":\"https:\/\/www.billin.net\/blog\/#\/schema\/person\/d0339ee6e869234614541b1e80a793e7\"},\"headline\":\"Mejoras para el aut\u00f3nomo solicitadas al Gobierno\",\"datePublished\":\"2018-10-16T22:00:00+00:00\",\"dateModified\":\"2025-09-25T18:54:05+00:00\",\"mainEntityOfPage\":{\"@id\":\"https:\/\/www.billin.net\/blog\/mejoras-para-el-autonomo-solicitadas-al-gobierno\/\"},\"wordCount\":938,\"commentCount\":0,\"publisher\":{\"@id\":\"https:\/\/www.billin.net\/blog\/#organization\"},\"image\":{\"@id\":\"https:\/\/www.billin.net\/blog\/mejoras-para-el-autonomo-solicitadas-al-gobierno\/#primaryimage\"},\"thumbnailUrl\":\"https:\/\/www.billin.net\/blog\/wp-content\/uploads\/2018\/10\/gobierno-mejoras-autonomo-min.jpg\",\"keywords\":[\"Aut\u00f3nomos\"],\"articleSection\":[\"Fiscalidad\"],\"inLanguage\":\"es\",\"potentialAction\":[{\"@type\":\"CommentAction\",\"name\":\"Comment\",\"target\":[\"https:\/\/www.billin.net\/blog\/mejoras-para-el-autonomo-solicitadas-al-gobierno\/#respond\"]}]},{\"@type\":\"WebPage\",\"@id\":\"https:\/\/www.billin.net\/blog\/mejoras-para-el-autonomo-solicitadas-al-gobierno\/\",\"url\":\"https:\/\/www.billin.net\/blog\/mejoras-para-el-autonomo-solicitadas-al-gobierno\/\",\"name\":\"Mejoras para el aut\u00f3nomo solicitadas al Gobierno - Blog de TeamSystem Facturas Billin\",\"isPartOf\":{\"@id\":\"https:\/\/www.billin.net\/blog\/#website\"},\"primaryImageOfPage\":{\"@id\":\"https:\/\/www.billin.net\/blog\/mejoras-para-el-autonomo-solicitadas-al-gobierno\/#primaryimage\"},\"image\":{\"@id\":\"https:\/\/www.billin.net\/blog\/mejoras-para-el-autonomo-solicitadas-al-gobierno\/#primaryimage\"},\"thumbnailUrl\":\"https:\/\/www.billin.net\/blog\/wp-content\/uploads\/2018\/10\/gobierno-mejoras-autonomo-min.jpg\",\"datePublished\":\"2018-10-16T22:00:00+00:00\",\"dateModified\":\"2025-09-25T18:54:05+00:00\",\"description\":\"Conoce los cambios en la Ley de Aut\u00f3nomo ya aprobados y los solicitados, con los que se busca incrementar las altas en RETA y generar autoempleo.\",\"breadcrumb\":{\"@id\":\"https:\/\/www.billin.net\/blog\/mejoras-para-el-autonomo-solicitadas-al-gobierno\/#breadcrumb\"},\"inLanguage\":\"es\",\"potentialAction\":[{\"@type\":\"ReadAction\",\"target\":[\"https:\/\/www.billin.net\/blog\/mejoras-para-el-autonomo-solicitadas-al-gobierno\/\"]}]},{\"@type\":\"ImageObject\",\"inLanguage\":\"es\",\"@id\":\"https:\/\/www.billin.net\/blog\/mejoras-para-el-autonomo-solicitadas-al-gobierno\/#primaryimage\",\"url\":\"https:\/\/www.billin.net\/blog\/wp-content\/uploads\/2018\/10\/gobierno-mejoras-autonomo-min.jpg\",\"contentUrl\":\"https:\/\/www.billin.net\/blog\/wp-content\/uploads\/2018\/10\/gobierno-mejoras-autonomo-min.jpg\",\"width\":850,\"height\":566},{\"@type\":\"BreadcrumbList\",\"@id\":\"https:\/\/www.billin.net\/blog\/mejoras-para-el-autonomo-solicitadas-al-gobierno\/#breadcrumb\",\"itemListElement\":[{\"@type\":\"ListItem\",\"position\":1,\"name\":\"Blog\",\"item\":\"https:\/\/www.billin.net\/blog\/\"},{\"@type\":\"ListItem\",\"position\":2,\"name\":\"Fiscalidad\",\"item\":\"https:\/\/www.billin.net\/blog\/fiscalidad\/\"},{\"@type\":\"ListItem\",\"position\":3,\"name\":\"Mejoras para el aut\u00f3nomo solicitadas al Gobierno\"}]},{\"@type\":\"WebSite\",\"@id\":\"https:\/\/www.billin.net\/blog\/#website\",\"url\":\"https:\/\/www.billin.net\/blog\/\",\"name\":\"Blog de Billin\",\"description\":\"Mantente informado con el blog de TeamSystem Facturas Billin:  facturaci\u00f3n, legislaci\u00f3n, contabilidad, management y toda la informaci\u00f3n \u00fatil para pymes y aut\u00f3nomos.\",\"publisher\":{\"@id\":\"https:\/\/www.billin.net\/blog\/#organization\"},\"potentialAction\":[{\"@type\":\"SearchAction\",\"target\":{\"@type\":\"EntryPoint\",\"urlTemplate\":\"https:\/\/www.billin.net\/blog\/?s={search_term_string}\"},\"query-input\":{\"@type\":\"PropertyValueSpecification\",\"valueRequired\":true,\"valueName\":\"search_term_string\"}}],\"inLanguage\":\"es\"},{\"@type\":\"Organization\",\"@id\":\"https:\/\/www.billin.net\/blog\/#organization\",\"name\":\"Billin\",\"alternateName\":\"Blog de Billin\",\"url\":\"https:\/\/www.billin.net\/blog\/\",\"logo\":{\"@type\":\"ImageObject\",\"inLanguage\":\"es\",\"@id\":\"https:\/\/www.billin.net\/blog\/#\/schema\/logo\/image\/\",\"url\":\"https:\/\/www.billin.net\/blog\/wp-content\/uploads\/2019\/06\/logotipo-billin-blog-1.png\",\"contentUrl\":\"https:\/\/www.billin.net\/blog\/wp-content\/uploads\/2019\/06\/logotipo-billin-blog-1.png\",\"width\":126,\"height\":50,\"caption\":\"Billin\"},\"image\":{\"@id\":\"https:\/\/www.billin.net\/blog\/#\/schema\/logo\/image\/\"},\"sameAs\":[\"https:\/\/www.facebook.com\/EsBillin\",\"https:\/\/x.com\/Billin_ES\",\"https:\/\/www.instagram.com\/billin_es\/\",\"https:\/\/www.linkedin.com\/company\/billin-spain\",\"https:\/\/www.youtube.com\/c\/BillinEsintercambiodefacturas\/\"],\"legalName\":\"MY EXPENSES SL\",\"contactPoint\":{\"@type\":\"ContactPoint\",\"telephone\":\"+34918318883\",\"contactType\":\"customer service\",\"email\":\"info@billin.eu\",\"availableLanguage\":\"es\"},\"foundingDate\":\"2015\",\"numberOfEmployees\":{\"@type\":\"QuantitativeValue\",\"minValue\":10,\"maxValue\":50},\"parentOrganization\":{\"@type\":\"Organization\",\"name\":\"TeamSystem\",\"url\":\"https:\/\/www.teamsystem.com\/\"},\"description\":\"Billin es el programa de facturaci\u00f3n online de TeamSystem para aut\u00f3nomos y pymes en Espa\u00f1a. Permite crear facturas, controlar gastos y cumplir con Verifactu.\",\"address\":{\"@type\":\"PostalAddress\",\"streetAddress\":\"Calle Arturo Soria, 336\",\"addressLocality\":\"Madrid\",\"addressRegion\":\"Madrid\",\"postalCode\":\"28033\",\"addressCountry\":\"ES\"}},{\"@type\":\"Person\",\"@id\":\"https:\/\/www.billin.net\/blog\/#\/schema\/person\/d0339ee6e869234614541b1e80a793e7\",\"name\":\"Marcos De La Cueva - CEO TeamSystem Facturas Billin\",\"image\":{\"@type\":\"ImageObject\",\"inLanguage\":\"es\",\"@id\":\"https:\/\/www.billin.net\/blog\/#\/schema\/person\/image\/\",\"url\":\"https:\/\/www.billin.net\/blog\/wp-content\/uploads\/2023\/10\/marcos-color-150x150.png\",\"contentUrl\":\"https:\/\/www.billin.net\/blog\/wp-content\/uploads\/2023\/10\/marcos-color-150x150.png\",\"caption\":\"Marcos De La Cueva - CEO TeamSystem Facturas Billin\"},\"description\":\"Licenciado en ADE por la Universidad Aut\u00f3noma de Madrid, Marcos De la Cueva es CEO y cofundador de TeamSystem Facturas Billin, un programa online que lleva m\u00e1s de 9 a\u00f1os ayudando a aut\u00f3nomos, peque\u00f1os negocios y gestor\u00edas a digitalizar sus presupuestos, facturas, tickets y gastos. \u00a0 Sobre Marcos De La Cueva \u00a0 Apasionado por el mundo empresarial y la tecnolog\u00eda, curs\u00f3 su M\u00e1ster de Finanzas en la Universidad Pontificia de Comillas y estuvo en el Programa de Cooperaci\u00f3n Educativa de la Universidad Aut\u00f3noma de Madrid. \u00a0 Marcos siempre ha tenido su objetivo claro: ayudar a la creaci\u00f3n de negocios financieramente sostenibles a trav\u00e9s de una herramienta de facturaci\u00f3n que les permita ahorrar tiempo y tener la contabilidad bajo control. \u00a0 Marcos De La Cueva en los medios \u2014 Noticia sobre Kit Digital y Ley Antifraude (VeriFactu) en El Economista. \u2014 Noticia sobre Kit Digital y factura electr\u00f3nica obligatoria en Diario Jur\u00eddico. \u2014 Noticia sobre el a\u00f1o de transici\u00f3n para la factura electr\u00f3nica en Muy Pymes. \u2014 Entrevista sobre factura electr\u00f3nica obligatoria en Canal Sur. \u2014 Noticia sobre el informe factura electr\u00f3nica de TeamSystem en Channel Partner. \u2014 Charla sobre productividad y Ley Crea y Crece en El Economista. \u2014 Charla sobre factura electr\u00f3nica obligatoria en Muy Pymes. \u2014 Charla sobre digitalizaci\u00f3n aut\u00f3nomos y productividad en esdiario. \u2014 Charla sobre productividad y factura electr\u00f3nica en La Raz\u00f3n. \u2014 Charla sobre factura electr\u00f3nica obligatoria en Aut\u00f3nomos y Emprendedores. \u2014 Entrevista sobre Ley Antifraude y Ley Crea y Crece en Expansi\u00f3n. \u2014 Entrevista sobre Ley Antifraude y Ley Crea y Crece en La Raz\u00f3n. \u2014 Entrevista sobre factura electr\u00f3nica obligatoria en El Economista. \u2014 Comunicado Billin y TeamSystem en Business Insider. \u2014 Entrevista en Econom\u00eda Digital. \u2014 Entrevista en Ideas para tu empresa de Vodafone. \u2014 Entrevista en M\u00e1sQradio. \u2014 Entrevista en Armas para emprender de El M\u00e9todo Gallardo. \u2014 Entrevista en KFund. \u2014 Entrevista en AXA Seguros Espa\u00f1a. \u2014 Entrevista en GestionaRadio. \u00a0 Marcos De La Cueva en eventos \u00a0 \u2014 Participaci\u00f3n como ponente en Accountex Espa\u00f1a 2023. \u00a0 Tem\u00e1ticas de especializaci\u00f3n \u00a0 negocios | startups | contabilidad| fiscalidad | empresas| asesor\u00edas| autonomos | emprendedores | peque\u00f1os negocios | econom\u00eda | ADE | pymes | desarrollo de negocio\u00a0\",\"sameAs\":[\"https:\/\/www.billin.net\/\",\"https:\/\/www.linkedin.com\/in\/marcos-de-la-cueva-19750ba3\/\"],\"url\":\"https:\/\/www.billin.net\/blog\/author\/marcosdelacueva\/\",\"jobTitle\":\"CEO y cofundador de TS Facturas Billin\"}]}<\/script>\n<!-- \/ Yoast SEO plugin. -->","yoast_head_json":{"title":"Mejoras para el aut\u00f3nomo solicitadas al Gobierno - Blog de TeamSystem Facturas Billin","description":"Conoce los cambios en la Ley de Aut\u00f3nomo ya aprobados y los solicitados, con los que se busca incrementar las altas en RETA y generar autoempleo.","robots":{"index":"index","follow":"follow","max-snippet":"max-snippet:-1","max-image-preview":"max-image-preview:large","max-video-preview":"max-video-preview:-1"},"canonical":"https:\/\/www.billin.net\/blog\/mejoras-para-el-autonomo-solicitadas-al-gobierno\/","og_locale":"es_ES","og_type":"article","og_title":"Mejoras para el aut\u00f3nomo solicitadas al Gobierno - Blog de TeamSystem Facturas Billin","og_description":"Conoce los cambios en la Ley de Aut\u00f3nomo ya aprobados y los solicitados, con los que se busca incrementar las altas en RETA y generar autoempleo.","og_url":"https:\/\/www.billin.net\/blog\/mejoras-para-el-autonomo-solicitadas-al-gobierno\/","og_site_name":"Blog de TeamSystem Facturas Billin","article_publisher":"https:\/\/www.facebook.com\/EsBillin","article_published_time":"2018-10-16T22:00:00+00:00","article_modified_time":"2025-09-25T18:54:05+00:00","og_image":[{"width":850,"height":566,"url":"https:\/\/www.billin.net\/blog\/wp-content\/uploads\/2018\/10\/gobierno-mejoras-autonomo-min.jpg","type":"image\/jpeg"}],"author":"Marcos De La Cueva - CEO TeamSystem Facturas Billin","twitter_card":"summary_large_image","twitter_creator":"@Billin_ES","twitter_site":"@Billin_ES","twitter_misc":{"Escrito por":"Marcos De La Cueva - CEO TeamSystem Facturas Billin","Tiempo de lectura":"5 minutos"},"schema":{"@context":"https:\/\/schema.org","@graph":[{"@type":"Article","@id":"https:\/\/www.billin.net\/blog\/mejoras-para-el-autonomo-solicitadas-al-gobierno\/#article","isPartOf":{"@id":"https:\/\/www.billin.net\/blog\/mejoras-para-el-autonomo-solicitadas-al-gobierno\/"},"author":{"name":"Marcos De La Cueva - CEO TeamSystem Facturas Billin","@id":"https:\/\/www.billin.net\/blog\/#\/schema\/person\/d0339ee6e869234614541b1e80a793e7"},"headline":"Mejoras para el aut\u00f3nomo solicitadas al Gobierno","datePublished":"2018-10-16T22:00:00+00:00","dateModified":"2025-09-25T18:54:05+00:00","mainEntityOfPage":{"@id":"https:\/\/www.billin.net\/blog\/mejoras-para-el-autonomo-solicitadas-al-gobierno\/"},"wordCount":938,"commentCount":0,"publisher":{"@id":"https:\/\/www.billin.net\/blog\/#organization"},"image":{"@id":"https:\/\/www.billin.net\/blog\/mejoras-para-el-autonomo-solicitadas-al-gobierno\/#primaryimage"},"thumbnailUrl":"https:\/\/www.billin.net\/blog\/wp-content\/uploads\/2018\/10\/gobierno-mejoras-autonomo-min.jpg","keywords":["Aut\u00f3nomos"],"articleSection":["Fiscalidad"],"inLanguage":"es","potentialAction":[{"@type":"CommentAction","name":"Comment","target":["https:\/\/www.billin.net\/blog\/mejoras-para-el-autonomo-solicitadas-al-gobierno\/#respond"]}]},{"@type":"WebPage","@id":"https:\/\/www.billin.net\/blog\/mejoras-para-el-autonomo-solicitadas-al-gobierno\/","url":"https:\/\/www.billin.net\/blog\/mejoras-para-el-autonomo-solicitadas-al-gobierno\/","name":"Mejoras para el aut\u00f3nomo solicitadas al Gobierno - Blog de TeamSystem Facturas Billin","isPartOf":{"@id":"https:\/\/www.billin.net\/blog\/#website"},"primaryImageOfPage":{"@id":"https:\/\/www.billin.net\/blog\/mejoras-para-el-autonomo-solicitadas-al-gobierno\/#primaryimage"},"image":{"@id":"https:\/\/www.billin.net\/blog\/mejoras-para-el-autonomo-solicitadas-al-gobierno\/#primaryimage"},"thumbnailUrl":"https:\/\/www.billin.net\/blog\/wp-content\/uploads\/2018\/10\/gobierno-mejoras-autonomo-min.jpg","datePublished":"2018-10-16T22:00:00+00:00","dateModified":"2025-09-25T18:54:05+00:00","description":"Conoce los cambios en la Ley de Aut\u00f3nomo ya aprobados y los solicitados, con los que se busca incrementar las altas en RETA y generar autoempleo.","breadcrumb":{"@id":"https:\/\/www.billin.net\/blog\/mejoras-para-el-autonomo-solicitadas-al-gobierno\/#breadcrumb"},"inLanguage":"es","potentialAction":[{"@type":"ReadAction","target":["https:\/\/www.billin.net\/blog\/mejoras-para-el-autonomo-solicitadas-al-gobierno\/"]}]},{"@type":"ImageObject","inLanguage":"es","@id":"https:\/\/www.billin.net\/blog\/mejoras-para-el-autonomo-solicitadas-al-gobierno\/#primaryimage","url":"https:\/\/www.billin.net\/blog\/wp-content\/uploads\/2018\/10\/gobierno-mejoras-autonomo-min.jpg","contentUrl":"https:\/\/www.billin.net\/blog\/wp-content\/uploads\/2018\/10\/gobierno-mejoras-autonomo-min.jpg","width":850,"height":566},{"@type":"BreadcrumbList","@id":"https:\/\/www.billin.net\/blog\/mejoras-para-el-autonomo-solicitadas-al-gobierno\/#breadcrumb","itemListElement":[{"@type":"ListItem","position":1,"name":"Blog","item":"https:\/\/www.billin.net\/blog\/"},{"@type":"ListItem","position":2,"name":"Fiscalidad","item":"https:\/\/www.billin.net\/blog\/fiscalidad\/"},{"@type":"ListItem","position":3,"name":"Mejoras para el aut\u00f3nomo solicitadas al Gobierno"}]},{"@type":"WebSite","@id":"https:\/\/www.billin.net\/blog\/#website","url":"https:\/\/www.billin.net\/blog\/","name":"Blog de Billin","description":"Mantente informado con el blog de TeamSystem Facturas Billin:  facturaci\u00f3n, legislaci\u00f3n, contabilidad, management y toda la informaci\u00f3n \u00fatil para pymes y aut\u00f3nomos.","publisher":{"@id":"https:\/\/www.billin.net\/blog\/#organization"},"potentialAction":[{"@type":"SearchAction","target":{"@type":"EntryPoint","urlTemplate":"https:\/\/www.billin.net\/blog\/?s={search_term_string}"},"query-input":{"@type":"PropertyValueSpecification","valueRequired":true,"valueName":"search_term_string"}}],"inLanguage":"es"},{"@type":"Organization","@id":"https:\/\/www.billin.net\/blog\/#organization","name":"Billin","alternateName":"Blog de Billin","url":"https:\/\/www.billin.net\/blog\/","logo":{"@type":"ImageObject","inLanguage":"es","@id":"https:\/\/www.billin.net\/blog\/#\/schema\/logo\/image\/","url":"https:\/\/www.billin.net\/blog\/wp-content\/uploads\/2019\/06\/logotipo-billin-blog-1.png","contentUrl":"https:\/\/www.billin.net\/blog\/wp-content\/uploads\/2019\/06\/logotipo-billin-blog-1.png","width":126,"height":50,"caption":"Billin"},"image":{"@id":"https:\/\/www.billin.net\/blog\/#\/schema\/logo\/image\/"},"sameAs":["https:\/\/www.facebook.com\/EsBillin","https:\/\/x.com\/Billin_ES","https:\/\/www.instagram.com\/billin_es\/","https:\/\/www.linkedin.com\/company\/billin-spain","https:\/\/www.youtube.com\/c\/BillinEsintercambiodefacturas\/"],"legalName":"MY EXPENSES SL","contactPoint":{"@type":"ContactPoint","telephone":"+34918318883","contactType":"customer service","email":"info@billin.eu","availableLanguage":"es"},"foundingDate":"2015","numberOfEmployees":{"@type":"QuantitativeValue","minValue":10,"maxValue":50},"parentOrganization":{"@type":"Organization","name":"TeamSystem","url":"https:\/\/www.teamsystem.com\/"},"description":"Billin es el programa de facturaci\u00f3n online de TeamSystem para aut\u00f3nomos y pymes en Espa\u00f1a. Permite crear facturas, controlar gastos y cumplir con Verifactu.","address":{"@type":"PostalAddress","streetAddress":"Calle Arturo Soria, 336","addressLocality":"Madrid","addressRegion":"Madrid","postalCode":"28033","addressCountry":"ES"}},{"@type":"Person","@id":"https:\/\/www.billin.net\/blog\/#\/schema\/person\/d0339ee6e869234614541b1e80a793e7","name":"Marcos De La Cueva - CEO TeamSystem Facturas Billin","image":{"@type":"ImageObject","inLanguage":"es","@id":"https:\/\/www.billin.net\/blog\/#\/schema\/person\/image\/","url":"https:\/\/www.billin.net\/blog\/wp-content\/uploads\/2023\/10\/marcos-color-150x150.png","contentUrl":"https:\/\/www.billin.net\/blog\/wp-content\/uploads\/2023\/10\/marcos-color-150x150.png","caption":"Marcos De La Cueva - CEO TeamSystem Facturas Billin"},"description":"Licenciado en ADE por la Universidad Aut\u00f3noma de Madrid, Marcos De la Cueva es CEO y cofundador de TeamSystem Facturas Billin, un programa online que lleva m\u00e1s de 9 a\u00f1os ayudando a aut\u00f3nomos, peque\u00f1os negocios y gestor\u00edas a digitalizar sus presupuestos, facturas, tickets y gastos. \u00a0 Sobre Marcos De La Cueva \u00a0 Apasionado por el mundo empresarial y la tecnolog\u00eda, curs\u00f3 su M\u00e1ster de Finanzas en la Universidad Pontificia de Comillas y estuvo en el Programa de Cooperaci\u00f3n Educativa de la Universidad Aut\u00f3noma de Madrid. \u00a0 Marcos siempre ha tenido su objetivo claro: ayudar a la creaci\u00f3n de negocios financieramente sostenibles a trav\u00e9s de una herramienta de facturaci\u00f3n que les permita ahorrar tiempo y tener la contabilidad bajo control. \u00a0 Marcos De La Cueva en los medios \u2014 Noticia sobre Kit Digital y Ley Antifraude (VeriFactu) en El Economista. \u2014 Noticia sobre Kit Digital y factura electr\u00f3nica obligatoria en Diario Jur\u00eddico. \u2014 Noticia sobre el a\u00f1o de transici\u00f3n para la factura electr\u00f3nica en Muy Pymes. \u2014 Entrevista sobre factura electr\u00f3nica obligatoria en Canal Sur. \u2014 Noticia sobre el informe factura electr\u00f3nica de TeamSystem en Channel Partner. \u2014 Charla sobre productividad y Ley Crea y Crece en El Economista. \u2014 Charla sobre factura electr\u00f3nica obligatoria en Muy Pymes. \u2014 Charla sobre digitalizaci\u00f3n aut\u00f3nomos y productividad en esdiario. \u2014 Charla sobre productividad y factura electr\u00f3nica en La Raz\u00f3n. \u2014 Charla sobre factura electr\u00f3nica obligatoria en Aut\u00f3nomos y Emprendedores. \u2014 Entrevista sobre Ley Antifraude y Ley Crea y Crece en Expansi\u00f3n. \u2014 Entrevista sobre Ley Antifraude y Ley Crea y Crece en La Raz\u00f3n. \u2014 Entrevista sobre factura electr\u00f3nica obligatoria en El Economista. \u2014 Comunicado Billin y TeamSystem en Business Insider. \u2014 Entrevista en Econom\u00eda Digital. \u2014 Entrevista en Ideas para tu empresa de Vodafone. \u2014 Entrevista en M\u00e1sQradio. \u2014 Entrevista en Armas para emprender de El M\u00e9todo Gallardo. \u2014 Entrevista en KFund. \u2014 Entrevista en AXA Seguros Espa\u00f1a. \u2014 Entrevista en GestionaRadio. \u00a0 Marcos De La Cueva en eventos \u00a0 \u2014 Participaci\u00f3n como ponente en Accountex Espa\u00f1a 2023. \u00a0 Tem\u00e1ticas de especializaci\u00f3n \u00a0 negocios | startups | contabilidad| fiscalidad | empresas| asesor\u00edas| autonomos | emprendedores | peque\u00f1os negocios | econom\u00eda | ADE | pymes | desarrollo de negocio\u00a0","sameAs":["https:\/\/www.billin.net\/","https:\/\/www.linkedin.com\/in\/marcos-de-la-cueva-19750ba3\/"],"url":"https:\/\/www.billin.net\/blog\/author\/marcosdelacueva\/","jobTitle":"CEO y cofundador de TS Facturas Billin"}]}},"_links":{"self":[{"href":"https:\/\/www.billin.net\/blog\/wp-json\/wp\/v2\/posts\/10683","targetHints":{"allow":["GET"]}}],"collection":[{"href":"https:\/\/www.billin.net\/blog\/wp-json\/wp\/v2\/posts"}],"about":[{"href":"https:\/\/www.billin.net\/blog\/wp-json\/wp\/v2\/types\/post"}],"author":[{"embeddable":true,"href":"https:\/\/www.billin.net\/blog\/wp-json\/wp\/v2\/users\/20"}],"replies":[{"embeddable":true,"href":"https:\/\/www.billin.net\/blog\/wp-json\/wp\/v2\/comments?post=10683"}],"version-history":[{"count":8,"href":"https:\/\/www.billin.net\/blog\/wp-json\/wp\/v2\/posts\/10683\/revisions"}],"predecessor-version":[{"id":27841,"href":"https:\/\/www.billin.net\/blog\/wp-json\/wp\/v2\/posts\/10683\/revisions\/27841"}],"wp:featuredmedia":[{"embeddable":true,"href":"https:\/\/www.billin.net\/blog\/wp-json\/wp\/v2\/media\/8922"}],"wp:attachment":[{"href":"https:\/\/www.billin.net\/blog\/wp-json\/wp\/v2\/media?parent=10683"}],"wp:term":[{"taxonomy":"category","embeddable":true,"href":"https:\/\/www.billin.net\/blog\/wp-json\/wp\/v2\/categories?post=10683"},{"taxonomy":"post_tag","embeddable":true,"href":"https:\/\/www.billin.net\/blog\/wp-json\/wp\/v2\/tags?post=10683"}],"curies":[{"name":"wp","href":"https:\/\/api.w.org\/{rel}","templated":true}]}}