{"id":10681,"date":"2018-10-16T00:00:00","date_gmt":"2018-10-15T22:00:00","guid":{"rendered":"https:\/\/www.billin.net\/glosario\/definicion-pluriactividad\/"},"modified":"2025-09-25T20:54:10","modified_gmt":"2025-09-25T18:54:10","slug":"bonificaciones-por-pluriactividad","status":"publish","type":"post","link":"https:\/\/www.billin.net\/blog\/bonificaciones-por-pluriactividad\/","title":{"rendered":"Bonificaciones por pluriactividad"},"content":{"rendered":"<p>\u00bfTe encuentras en la situaci\u00f3n donde, aparte de ser aut\u00f3nomo te han ofrecido un <strong>contrato de trabajo por cuenta ajena<\/strong>?, eso es posible, te lo contamos.<!--more--><\/p>\n<h2>\u00bfQu\u00e9 es la situaci\u00f3n de pluriactividad?, y sus bonificaciones<\/h2>\n<p>Se define la situaci\u00f3n de pluriactividad, cuando una persona desarrolla distintas actividades a la vez o la misma actividad, pero en<strong> reg\u00edmenes diferentes<\/strong>, es decir, que se encuadre dentro de la Seguridad Social con diferentes cotizaciones, por tanto, se encontrar\u00e1 de alta en reg\u00edmenes diferentes.<\/p>\n<p>Esta situaci\u00f3n, es cada vez m\u00e1s com\u00fan en la actualidad, ya que, hay muchos asalariados que deciden realizar una actividad por cuenta propia sin tener que despedirse de su trabajo actual.<\/p>\n<p>Hay que <strong>diferenciar entre pluriactividad y pluriempleo<\/strong>, ya que, este \u00faltimo es el que tiene distintos contratos parciales en diferentes empresas a la misma vez, mientras que la pluriactividad es aquel que desempe\u00f1a una actividad como asalariado y otra por cuenta propia simult\u00e1neamente.<\/p>\n<p>Antes de la entrada en vigor de la Ley de Emprendedores, los aut\u00f3nomos que se encontraban en esta situaci\u00f3n, y cuyas cotizaciones en los dos reg\u00edmenes durante el a\u00f1o que alcance los 10.680 euros, podr\u00e1n obtener la devoluci\u00f3n del 50% de las cuotas del aut\u00f3nomo que se hayan pagado.<\/p>\n<p>El aut\u00f3nomo deb\u00eda solicitarlos durante los tres primeros meses del ejercicio posterior al que re\u00fane todos los requisitos, habr\u00e1 que tener en cuenta, que si la suma de esas cotizaciones no alcanza el importe mencionado tendr\u00edan que seguir pagando las cuotas de aut\u00f3nomos de forma \u00edntegra.<\/p>\n<p>Desde la aprobaci\u00f3n de la<strong> Ley de emprendedores<\/strong>, a efectos del 01 de enero de este a\u00f1o, los aut\u00f3nomos en pluriactividad podr\u00e1n obtener la bonificaci\u00f3n del 50% de la cuota de aut\u00f3nomo, que solamente se aplicar\u00e1 a los trabajadores que est\u00e9n cotizando en el r\u00e9gimen general y se den de alta en aut\u00f3nomos por primera vez.<\/p>\n<p>Esta normativa favorece a aquellos que adem\u00e1s de estar contratados deciden establecerse como aut\u00f3nomos, de esta forma, se genera un incentivo m\u00e1s al fomento del autoempleo.<\/p>\n<h2>Cotizaciones en los supuestos de pluriactividad<\/h2>\n<p>Los aut\u00f3nomos que, en raz\u00f3n por su trabajo por cuenta ajena desarrollado de forma simult\u00e1nea, haya cotizado en 2017, respecto las contingencias comunes en r\u00e9gimen de pluriactividad y teniendo en cuenta las aportaciones empresariales y las del trabajador que correspondan a su actividad por cuenta ajena, as\u00ed como las efectuadas en el r\u00e9gimen especial de los aut\u00f3nomos por una cuant\u00eda igual o superior a <strong>12.739,08<\/strong> tendr\u00e1n derecho a una devoluci\u00f3n del 50% del exceso en que sus cotizaciones que ingresan superen la cuant\u00eda mencionada, con el tope del 50% de las cuotas ingresadas en r\u00e9gimen de aut\u00f3nomo, en raz\u00f3n de su cotizaci\u00f3n por las contingencias comunes que son obligatorias.<\/p>\n<p>Esa devoluci\u00f3n se efectuar\u00e1 por parte de la Seguridad Social de oficio y antes del 01 de mayo de 2018, salvo haya alguna <strong>situaci\u00f3n especial en la cotizaci\u00f3n<\/strong> que impidieses efectuarlo en el plazo establecido, en cuyo caso, se reintegrar\u00e1 con posterioridad.<\/p>\n<p>Cuando el alta inicial de aut\u00f3nomo d\u00e9 lugar a la situaci\u00f3n de pluriactividad se aplicar\u00e1n las siguientes reglas en la cotizaci\u00f3n:<\/p>\n<ul>\n<li><strong>Alta inicial en el RETA por parte del trabajador aut\u00f3nomo que origine dicha situaci\u00f3n de pluriactividad:<\/strong><\/li>\n<\/ul>\n<p>Los trabajadores que causen alta por primera vez en el r\u00e9gimen de aut\u00f3nomo y que por ese motivo se incluyan en una situaci\u00f3n pluriactividad podr\u00e1n elegir la base de cotizaci\u00f3n en ese momento, la comprendidas entre el 50% de la base m\u00ednima establecida en los Presupuestos Generales del Estado durante los dieciocho primeros meses, y el 75% durante los siguientes dieciocho meses, hasta las bases m\u00e1ximas establecidas para este r\u00e9gimen especial.<\/p>\n<p><img loading=\"lazy\" decoding=\"async\" class=\"aligncenter size-full wp-image-8913\" src=\"https:\/\/www.billin.net\/blog\/wp-content\/uploads\/2018\/10\/pluriactividad-bonificacion-min.jpg\" alt=\"\" width=\"850\" height=\"566\" srcset=\"https:\/\/www.billin.net\/blog\/wp-content\/uploads\/2018\/10\/pluriactividad-bonificacion-min.jpg 850w, https:\/\/www.billin.net\/blog\/wp-content\/uploads\/2018\/10\/pluriactividad-bonificacion-min-300x200.jpg 300w, https:\/\/www.billin.net\/blog\/wp-content\/uploads\/2018\/10\/pluriactividad-bonificacion-min-768x511.jpg 768w, https:\/\/www.billin.net\/blog\/wp-content\/uploads\/2018\/10\/pluriactividad-bonificacion-min-600x400.jpg 600w, https:\/\/www.billin.net\/blog\/wp-content\/uploads\/2018\/10\/pluriactividad-bonificacion-min-200x133.jpg 200w, https:\/\/www.billin.net\/blog\/wp-content\/uploads\/2018\/10\/pluriactividad-bonificacion-min-810x539.jpg 810w\" sizes=\"(max-width: 850px) 100vw, 850px\" \/><\/p>\n<ul>\n<li><strong>Alta inicial en el RETA por parte del trabajador aut\u00f3nomo que origine la pluriactividad existiendo una contrataci\u00f3n a tiempo parcial.<\/strong><\/li>\n<\/ul>\n<p>En los supuestos de <strong>trabajadores en situaci\u00f3n de pluriactividad<\/strong> en que la actividad laboral por cuenta ajena fuera a tiempo parcial con una jornada del 50%, en el momento del alta, podr\u00e1 elegir base de cotizaci\u00f3n la comprendida entre el 75% por ciento de la base m\u00ednima de cotizaci\u00f3n establecida por los Presupuestos Generales del Estado durante los dieciocho primeros meses y el 85% durante los siguientes dieciocho, hasta las bases m\u00e1ximas establecidas para este r\u00e9gimen especial.<\/p>\n<p>Tambi\u00e9n habr\u00e1 que tener en cuenta que, desde el 01 de enero de 2018, la cobertura de la prestaci\u00f3n econ\u00f3mica por una incapacidad temporal tendr\u00e1 car\u00e1cter obligatorio para todos los que se quieran dar de alta como aut\u00f3nomo, es decir, se excluye de dicha cotizaci\u00f3n por incapacidad temporal en caso de pluriactividad.<\/p>\n<p>Sin embargo, la <strong>cobertura por contingencias profesionales en el RETA<\/strong> tendr\u00e1 car\u00e1cter voluntario, a excepci\u00f3n de los aut\u00f3nomos dependientes y para aquellos que est\u00e9n obligados a formalizar esa protecci\u00f3n o porque la actividad que desarrollen tenga un elevado riesgo de siniestralidad.<\/p>\n<p>Cuando un trabajador tenga acreditados periodos de cotizaci\u00f3n tanto en el r\u00e9gimen general como en el RETA, todos los periodos se tendr\u00e1n en cuenta para obtener dicha prestaci\u00f3n econ\u00f3mica.<\/p>\n","protected":false},"excerpt":{"rendered":"<p>\u00bfTe encuentras en la situaci\u00f3n donde, aparte de ser aut\u00f3nomo te han ofrecido un contrato de trabajo por cuenta ajena?, eso es posible, te lo contamos.<\/p>\n","protected":false},"author":20,"featured_media":8912,"comment_status":"open","ping_status":"open","sticky":false,"template":"","format":"standard","meta":{"_acf_changed":false,"_et_pb_use_builder":"","_et_pb_old_content":"","_et_gb_content_width":"","om_disable_all_campaigns":false,"inline_featured_image":false,"footnotes":""},"categories":[1014],"tags":[],"class_list":{"0":"post-10681","1":"post","2":"type-post","3":"status-publish","4":"format-standard","5":"has-post-thumbnail","7":"category-fiscalidad"},"acf":{"selector_de_usuario":"","fecha_de_revision":"20190212"},"yoast_head":"<!-- This site is optimized with the Yoast SEO plugin v27.1 - https:\/\/yoast.com\/product\/yoast-seo-wordpress\/ -->\n<title>Bonificaciones por pluriactividad - Blog de TeamSystem Facturas Billin<\/title>\n<meta name=\"description\" content=\"\u00bfTe encuentras en la situaci\u00f3n donde, aparte de ser aut\u00f3nomo te han ofrecido un contrato de trabajo por cuenta ajena?, eso es posible, te lo contamos.\" \/>\n<meta name=\"robots\" content=\"index, follow, max-snippet:-1, max-image-preview:large, max-video-preview:-1\" \/>\n<link rel=\"canonical\" href=\"https:\/\/www.billin.net\/blog\/bonificaciones-por-pluriactividad\/\" \/>\n<meta property=\"og:locale\" content=\"es_ES\" \/>\n<meta property=\"og:type\" content=\"article\" \/>\n<meta property=\"og:title\" content=\"Bonificaciones por pluriactividad - Blog de TeamSystem Facturas Billin\" \/>\n<meta property=\"og:description\" content=\"\u00bfTe encuentras en la situaci\u00f3n donde, aparte de ser aut\u00f3nomo te han ofrecido un contrato de trabajo por cuenta ajena?, eso es posible, te lo contamos.\" \/>\n<meta property=\"og:url\" content=\"https:\/\/www.billin.net\/blog\/bonificaciones-por-pluriactividad\/\" \/>\n<meta property=\"og:site_name\" content=\"Blog de TeamSystem Facturas Billin\" \/>\n<meta property=\"article:publisher\" content=\"https:\/\/www.facebook.com\/EsBillin\" \/>\n<meta property=\"article:published_time\" content=\"2018-10-15T22:00:00+00:00\" \/>\n<meta property=\"article:modified_time\" content=\"2025-09-25T18:54:10+00:00\" \/>\n<meta property=\"og:image\" content=\"https:\/\/www.billin.net\/blog\/wp-content\/uploads\/2018\/10\/BONIFICACIONES-PLURIACTIVIDAD-min.jpg\" \/>\n\t<meta property=\"og:image:width\" content=\"850\" \/>\n\t<meta property=\"og:image:height\" content=\"566\" \/>\n\t<meta property=\"og:image:type\" content=\"image\/jpeg\" \/>\n<meta name=\"author\" content=\"Marcos De La Cueva - CEO TeamSystem Facturas Billin\" \/>\n<meta name=\"twitter:card\" content=\"summary_large_image\" \/>\n<meta name=\"twitter:creator\" content=\"@Billin_ES\" \/>\n<meta name=\"twitter:site\" content=\"@Billin_ES\" \/>\n<meta name=\"twitter:label1\" content=\"Escrito por\" \/>\n\t<meta name=\"twitter:data1\" content=\"Marcos De La Cueva - CEO TeamSystem Facturas Billin\" \/>\n\t<meta name=\"twitter:label2\" content=\"Tiempo de lectura\" \/>\n\t<meta name=\"twitter:data2\" content=\"4 minutos\" \/>\n<script type=\"application\/ld+json\" class=\"yoast-schema-graph\">{\"@context\":\"https:\/\/schema.org\",\"@graph\":[{\"@type\":\"Article\",\"@id\":\"https:\/\/www.billin.net\/blog\/bonificaciones-por-pluriactividad\/#article\",\"isPartOf\":{\"@id\":\"https:\/\/www.billin.net\/blog\/bonificaciones-por-pluriactividad\/\"},\"author\":{\"name\":\"Marcos De La Cueva - CEO TeamSystem Facturas Billin\",\"@id\":\"https:\/\/www.billin.net\/blog\/#\/schema\/person\/d0339ee6e869234614541b1e80a793e7\"},\"headline\":\"Bonificaciones por pluriactividad\",\"datePublished\":\"2018-10-15T22:00:00+00:00\",\"dateModified\":\"2025-09-25T18:54:10+00:00\",\"mainEntityOfPage\":{\"@id\":\"https:\/\/www.billin.net\/blog\/bonificaciones-por-pluriactividad\/\"},\"wordCount\":891,\"commentCount\":0,\"publisher\":{\"@id\":\"https:\/\/www.billin.net\/blog\/#organization\"},\"image\":{\"@id\":\"https:\/\/www.billin.net\/blog\/bonificaciones-por-pluriactividad\/#primaryimage\"},\"thumbnailUrl\":\"https:\/\/www.billin.net\/blog\/wp-content\/uploads\/2018\/10\/BONIFICACIONES-PLURIACTIVIDAD-min.jpg\",\"articleSection\":[\"Fiscalidad\"],\"inLanguage\":\"es\",\"potentialAction\":[{\"@type\":\"CommentAction\",\"name\":\"Comment\",\"target\":[\"https:\/\/www.billin.net\/blog\/bonificaciones-por-pluriactividad\/#respond\"]}]},{\"@type\":\"WebPage\",\"@id\":\"https:\/\/www.billin.net\/blog\/bonificaciones-por-pluriactividad\/\",\"url\":\"https:\/\/www.billin.net\/blog\/bonificaciones-por-pluriactividad\/\",\"name\":\"Bonificaciones por pluriactividad - Blog de TeamSystem Facturas Billin\",\"isPartOf\":{\"@id\":\"https:\/\/www.billin.net\/blog\/#website\"},\"primaryImageOfPage\":{\"@id\":\"https:\/\/www.billin.net\/blog\/bonificaciones-por-pluriactividad\/#primaryimage\"},\"image\":{\"@id\":\"https:\/\/www.billin.net\/blog\/bonificaciones-por-pluriactividad\/#primaryimage\"},\"thumbnailUrl\":\"https:\/\/www.billin.net\/blog\/wp-content\/uploads\/2018\/10\/BONIFICACIONES-PLURIACTIVIDAD-min.jpg\",\"datePublished\":\"2018-10-15T22:00:00+00:00\",\"dateModified\":\"2025-09-25T18:54:10+00:00\",\"description\":\"\u00bfTe encuentras en la situaci\u00f3n donde, aparte de ser aut\u00f3nomo te han ofrecido un contrato de trabajo por cuenta ajena?, eso es posible, te lo contamos.\",\"breadcrumb\":{\"@id\":\"https:\/\/www.billin.net\/blog\/bonificaciones-por-pluriactividad\/#breadcrumb\"},\"inLanguage\":\"es\",\"potentialAction\":[{\"@type\":\"ReadAction\",\"target\":[\"https:\/\/www.billin.net\/blog\/bonificaciones-por-pluriactividad\/\"]}]},{\"@type\":\"ImageObject\",\"inLanguage\":\"es\",\"@id\":\"https:\/\/www.billin.net\/blog\/bonificaciones-por-pluriactividad\/#primaryimage\",\"url\":\"https:\/\/www.billin.net\/blog\/wp-content\/uploads\/2018\/10\/BONIFICACIONES-PLURIACTIVIDAD-min.jpg\",\"contentUrl\":\"https:\/\/www.billin.net\/blog\/wp-content\/uploads\/2018\/10\/BONIFICACIONES-PLURIACTIVIDAD-min.jpg\",\"width\":850,\"height\":566},{\"@type\":\"BreadcrumbList\",\"@id\":\"https:\/\/www.billin.net\/blog\/bonificaciones-por-pluriactividad\/#breadcrumb\",\"itemListElement\":[{\"@type\":\"ListItem\",\"position\":1,\"name\":\"Blog\",\"item\":\"https:\/\/www.billin.net\/blog\/\"},{\"@type\":\"ListItem\",\"position\":2,\"name\":\"Fiscalidad\",\"item\":\"https:\/\/www.billin.net\/blog\/fiscalidad\/\"},{\"@type\":\"ListItem\",\"position\":3,\"name\":\"Bonificaciones por pluriactividad\"}]},{\"@type\":\"WebSite\",\"@id\":\"https:\/\/www.billin.net\/blog\/#website\",\"url\":\"https:\/\/www.billin.net\/blog\/\",\"name\":\"Blog de Billin\",\"description\":\"Mantente informado con el blog de TeamSystem Facturas Billin:  facturaci\u00f3n, legislaci\u00f3n, contabilidad, management y toda la informaci\u00f3n \u00fatil para pymes y aut\u00f3nomos.\",\"publisher\":{\"@id\":\"https:\/\/www.billin.net\/blog\/#organization\"},\"potentialAction\":[{\"@type\":\"SearchAction\",\"target\":{\"@type\":\"EntryPoint\",\"urlTemplate\":\"https:\/\/www.billin.net\/blog\/?s={search_term_string}\"},\"query-input\":{\"@type\":\"PropertyValueSpecification\",\"valueRequired\":true,\"valueName\":\"search_term_string\"}}],\"inLanguage\":\"es\"},{\"@type\":\"Organization\",\"@id\":\"https:\/\/www.billin.net\/blog\/#organization\",\"name\":\"Billin\",\"alternateName\":\"Blog de Billin\",\"url\":\"https:\/\/www.billin.net\/blog\/\",\"logo\":{\"@type\":\"ImageObject\",\"inLanguage\":\"es\",\"@id\":\"https:\/\/www.billin.net\/blog\/#\/schema\/logo\/image\/\",\"url\":\"https:\/\/www.billin.net\/blog\/wp-content\/uploads\/2019\/06\/logotipo-billin-blog-1.png\",\"contentUrl\":\"https:\/\/www.billin.net\/blog\/wp-content\/uploads\/2019\/06\/logotipo-billin-blog-1.png\",\"width\":126,\"height\":50,\"caption\":\"Billin\"},\"image\":{\"@id\":\"https:\/\/www.billin.net\/blog\/#\/schema\/logo\/image\/\"},\"sameAs\":[\"https:\/\/www.facebook.com\/EsBillin\",\"https:\/\/x.com\/Billin_ES\",\"https:\/\/www.instagram.com\/billin_es\/\",\"https:\/\/www.linkedin.com\/company\/billin-spain\",\"https:\/\/www.youtube.com\/c\/BillinEsintercambiodefacturas\/\"],\"legalName\":\"MY EXPENSES SL\",\"contactPoint\":{\"@type\":\"ContactPoint\",\"telephone\":\"+34918318883\",\"contactType\":\"customer service\",\"email\":\"info@billin.eu\",\"availableLanguage\":\"es\"},\"foundingDate\":\"2015\",\"numberOfEmployees\":{\"@type\":\"QuantitativeValue\",\"minValue\":10,\"maxValue\":50},\"parentOrganization\":{\"@type\":\"Organization\",\"name\":\"TeamSystem\",\"url\":\"https:\/\/www.teamsystem.com\/\"},\"description\":\"Billin es el programa de facturaci\u00f3n online de TeamSystem para aut\u00f3nomos y pymes en Espa\u00f1a. Permite crear facturas, controlar gastos y cumplir con Verifactu.\",\"address\":{\"@type\":\"PostalAddress\",\"streetAddress\":\"Calle Arturo Soria, 336\",\"addressLocality\":\"Madrid\",\"addressRegion\":\"Madrid\",\"postalCode\":\"28033\",\"addressCountry\":\"ES\"}},{\"@type\":\"Person\",\"@id\":\"https:\/\/www.billin.net\/blog\/#\/schema\/person\/d0339ee6e869234614541b1e80a793e7\",\"name\":\"Marcos De La Cueva - CEO TeamSystem Facturas Billin\",\"image\":{\"@type\":\"ImageObject\",\"inLanguage\":\"es\",\"@id\":\"https:\/\/www.billin.net\/blog\/#\/schema\/person\/image\/\",\"url\":\"https:\/\/www.billin.net\/blog\/wp-content\/uploads\/2023\/10\/marcos-color-150x150.png\",\"contentUrl\":\"https:\/\/www.billin.net\/blog\/wp-content\/uploads\/2023\/10\/marcos-color-150x150.png\",\"caption\":\"Marcos De La Cueva - CEO TeamSystem Facturas Billin\"},\"description\":\"Licenciado en ADE por la Universidad Aut\u00f3noma de Madrid, Marcos De la Cueva es CEO y cofundador de TeamSystem Facturas Billin, un programa online que lleva m\u00e1s de 9 a\u00f1os ayudando a aut\u00f3nomos, peque\u00f1os negocios y gestor\u00edas a digitalizar sus presupuestos, facturas, tickets y gastos. \u00a0 Sobre Marcos De La Cueva \u00a0 Apasionado por el mundo empresarial y la tecnolog\u00eda, curs\u00f3 su M\u00e1ster de Finanzas en la Universidad Pontificia de Comillas y estuvo en el Programa de Cooperaci\u00f3n Educativa de la Universidad Aut\u00f3noma de Madrid. \u00a0 Marcos siempre ha tenido su objetivo claro: ayudar a la creaci\u00f3n de negocios financieramente sostenibles a trav\u00e9s de una herramienta de facturaci\u00f3n que les permita ahorrar tiempo y tener la contabilidad bajo control. \u00a0 Marcos De La Cueva en los medios \u2014 Noticia sobre Kit Digital y Ley Antifraude (VeriFactu) en El Economista. \u2014 Noticia sobre Kit Digital y factura electr\u00f3nica obligatoria en Diario Jur\u00eddico. \u2014 Noticia sobre el a\u00f1o de transici\u00f3n para la factura electr\u00f3nica en Muy Pymes. \u2014 Entrevista sobre factura electr\u00f3nica obligatoria en Canal Sur. \u2014 Noticia sobre el informe factura electr\u00f3nica de TeamSystem en Channel Partner. \u2014 Charla sobre productividad y Ley Crea y Crece en El Economista. \u2014 Charla sobre factura electr\u00f3nica obligatoria en Muy Pymes. \u2014 Charla sobre digitalizaci\u00f3n aut\u00f3nomos y productividad en esdiario. \u2014 Charla sobre productividad y factura electr\u00f3nica en La Raz\u00f3n. \u2014 Charla sobre factura electr\u00f3nica obligatoria en Aut\u00f3nomos y Emprendedores. \u2014 Entrevista sobre Ley Antifraude y Ley Crea y Crece en Expansi\u00f3n. \u2014 Entrevista sobre Ley Antifraude y Ley Crea y Crece en La Raz\u00f3n. \u2014 Entrevista sobre factura electr\u00f3nica obligatoria en El Economista. \u2014 Comunicado Billin y TeamSystem en Business Insider. \u2014 Entrevista en Econom\u00eda Digital. \u2014 Entrevista en Ideas para tu empresa de Vodafone. \u2014 Entrevista en M\u00e1sQradio. \u2014 Entrevista en Armas para emprender de El M\u00e9todo Gallardo. \u2014 Entrevista en KFund. \u2014 Entrevista en AXA Seguros Espa\u00f1a. \u2014 Entrevista en GestionaRadio. \u00a0 Marcos De La Cueva en eventos \u00a0 \u2014 Participaci\u00f3n como ponente en Accountex Espa\u00f1a 2023. \u00a0 Tem\u00e1ticas de especializaci\u00f3n \u00a0 negocios | startups | contabilidad| fiscalidad | empresas| asesor\u00edas| autonomos | emprendedores | peque\u00f1os negocios | econom\u00eda | ADE | pymes | desarrollo de negocio\u00a0\",\"sameAs\":[\"https:\/\/www.billin.net\/\",\"https:\/\/www.linkedin.com\/in\/marcos-de-la-cueva-19750ba3\/\"],\"url\":\"https:\/\/www.billin.net\/blog\/author\/marcosdelacueva\/\",\"jobTitle\":\"CEO y cofundador de TS Facturas Billin\"}]}<\/script>\n<!-- \/ Yoast SEO plugin. -->","yoast_head_json":{"title":"Bonificaciones por pluriactividad - Blog de TeamSystem Facturas Billin","description":"\u00bfTe encuentras en la situaci\u00f3n donde, aparte de ser aut\u00f3nomo te han ofrecido un contrato de trabajo por cuenta ajena?, eso es posible, te lo contamos.","robots":{"index":"index","follow":"follow","max-snippet":"max-snippet:-1","max-image-preview":"max-image-preview:large","max-video-preview":"max-video-preview:-1"},"canonical":"https:\/\/www.billin.net\/blog\/bonificaciones-por-pluriactividad\/","og_locale":"es_ES","og_type":"article","og_title":"Bonificaciones por pluriactividad - Blog de TeamSystem Facturas Billin","og_description":"\u00bfTe encuentras en la situaci\u00f3n donde, aparte de ser aut\u00f3nomo te han ofrecido un contrato de trabajo por cuenta ajena?, eso es posible, te lo contamos.","og_url":"https:\/\/www.billin.net\/blog\/bonificaciones-por-pluriactividad\/","og_site_name":"Blog de TeamSystem Facturas Billin","article_publisher":"https:\/\/www.facebook.com\/EsBillin","article_published_time":"2018-10-15T22:00:00+00:00","article_modified_time":"2025-09-25T18:54:10+00:00","og_image":[{"width":850,"height":566,"url":"https:\/\/www.billin.net\/blog\/wp-content\/uploads\/2018\/10\/BONIFICACIONES-PLURIACTIVIDAD-min.jpg","type":"image\/jpeg"}],"author":"Marcos De La Cueva - CEO TeamSystem Facturas Billin","twitter_card":"summary_large_image","twitter_creator":"@Billin_ES","twitter_site":"@Billin_ES","twitter_misc":{"Escrito por":"Marcos De La Cueva - CEO TeamSystem Facturas Billin","Tiempo de lectura":"4 minutos"},"schema":{"@context":"https:\/\/schema.org","@graph":[{"@type":"Article","@id":"https:\/\/www.billin.net\/blog\/bonificaciones-por-pluriactividad\/#article","isPartOf":{"@id":"https:\/\/www.billin.net\/blog\/bonificaciones-por-pluriactividad\/"},"author":{"name":"Marcos De La Cueva - CEO TeamSystem Facturas Billin","@id":"https:\/\/www.billin.net\/blog\/#\/schema\/person\/d0339ee6e869234614541b1e80a793e7"},"headline":"Bonificaciones por pluriactividad","datePublished":"2018-10-15T22:00:00+00:00","dateModified":"2025-09-25T18:54:10+00:00","mainEntityOfPage":{"@id":"https:\/\/www.billin.net\/blog\/bonificaciones-por-pluriactividad\/"},"wordCount":891,"commentCount":0,"publisher":{"@id":"https:\/\/www.billin.net\/blog\/#organization"},"image":{"@id":"https:\/\/www.billin.net\/blog\/bonificaciones-por-pluriactividad\/#primaryimage"},"thumbnailUrl":"https:\/\/www.billin.net\/blog\/wp-content\/uploads\/2018\/10\/BONIFICACIONES-PLURIACTIVIDAD-min.jpg","articleSection":["Fiscalidad"],"inLanguage":"es","potentialAction":[{"@type":"CommentAction","name":"Comment","target":["https:\/\/www.billin.net\/blog\/bonificaciones-por-pluriactividad\/#respond"]}]},{"@type":"WebPage","@id":"https:\/\/www.billin.net\/blog\/bonificaciones-por-pluriactividad\/","url":"https:\/\/www.billin.net\/blog\/bonificaciones-por-pluriactividad\/","name":"Bonificaciones por pluriactividad - Blog de TeamSystem Facturas Billin","isPartOf":{"@id":"https:\/\/www.billin.net\/blog\/#website"},"primaryImageOfPage":{"@id":"https:\/\/www.billin.net\/blog\/bonificaciones-por-pluriactividad\/#primaryimage"},"image":{"@id":"https:\/\/www.billin.net\/blog\/bonificaciones-por-pluriactividad\/#primaryimage"},"thumbnailUrl":"https:\/\/www.billin.net\/blog\/wp-content\/uploads\/2018\/10\/BONIFICACIONES-PLURIACTIVIDAD-min.jpg","datePublished":"2018-10-15T22:00:00+00:00","dateModified":"2025-09-25T18:54:10+00:00","description":"\u00bfTe encuentras en la situaci\u00f3n donde, aparte de ser aut\u00f3nomo te han ofrecido un contrato de trabajo por cuenta ajena?, eso es posible, te lo contamos.","breadcrumb":{"@id":"https:\/\/www.billin.net\/blog\/bonificaciones-por-pluriactividad\/#breadcrumb"},"inLanguage":"es","potentialAction":[{"@type":"ReadAction","target":["https:\/\/www.billin.net\/blog\/bonificaciones-por-pluriactividad\/"]}]},{"@type":"ImageObject","inLanguage":"es","@id":"https:\/\/www.billin.net\/blog\/bonificaciones-por-pluriactividad\/#primaryimage","url":"https:\/\/www.billin.net\/blog\/wp-content\/uploads\/2018\/10\/BONIFICACIONES-PLURIACTIVIDAD-min.jpg","contentUrl":"https:\/\/www.billin.net\/blog\/wp-content\/uploads\/2018\/10\/BONIFICACIONES-PLURIACTIVIDAD-min.jpg","width":850,"height":566},{"@type":"BreadcrumbList","@id":"https:\/\/www.billin.net\/blog\/bonificaciones-por-pluriactividad\/#breadcrumb","itemListElement":[{"@type":"ListItem","position":1,"name":"Blog","item":"https:\/\/www.billin.net\/blog\/"},{"@type":"ListItem","position":2,"name":"Fiscalidad","item":"https:\/\/www.billin.net\/blog\/fiscalidad\/"},{"@type":"ListItem","position":3,"name":"Bonificaciones por pluriactividad"}]},{"@type":"WebSite","@id":"https:\/\/www.billin.net\/blog\/#website","url":"https:\/\/www.billin.net\/blog\/","name":"Blog de Billin","description":"Mantente informado con el blog de TeamSystem Facturas Billin:  facturaci\u00f3n, legislaci\u00f3n, contabilidad, management y toda la informaci\u00f3n \u00fatil para pymes y aut\u00f3nomos.","publisher":{"@id":"https:\/\/www.billin.net\/blog\/#organization"},"potentialAction":[{"@type":"SearchAction","target":{"@type":"EntryPoint","urlTemplate":"https:\/\/www.billin.net\/blog\/?s={search_term_string}"},"query-input":{"@type":"PropertyValueSpecification","valueRequired":true,"valueName":"search_term_string"}}],"inLanguage":"es"},{"@type":"Organization","@id":"https:\/\/www.billin.net\/blog\/#organization","name":"Billin","alternateName":"Blog de Billin","url":"https:\/\/www.billin.net\/blog\/","logo":{"@type":"ImageObject","inLanguage":"es","@id":"https:\/\/www.billin.net\/blog\/#\/schema\/logo\/image\/","url":"https:\/\/www.billin.net\/blog\/wp-content\/uploads\/2019\/06\/logotipo-billin-blog-1.png","contentUrl":"https:\/\/www.billin.net\/blog\/wp-content\/uploads\/2019\/06\/logotipo-billin-blog-1.png","width":126,"height":50,"caption":"Billin"},"image":{"@id":"https:\/\/www.billin.net\/blog\/#\/schema\/logo\/image\/"},"sameAs":["https:\/\/www.facebook.com\/EsBillin","https:\/\/x.com\/Billin_ES","https:\/\/www.instagram.com\/billin_es\/","https:\/\/www.linkedin.com\/company\/billin-spain","https:\/\/www.youtube.com\/c\/BillinEsintercambiodefacturas\/"],"legalName":"MY EXPENSES SL","contactPoint":{"@type":"ContactPoint","telephone":"+34918318883","contactType":"customer service","email":"info@billin.eu","availableLanguage":"es"},"foundingDate":"2015","numberOfEmployees":{"@type":"QuantitativeValue","minValue":10,"maxValue":50},"parentOrganization":{"@type":"Organization","name":"TeamSystem","url":"https:\/\/www.teamsystem.com\/"},"description":"Billin es el programa de facturaci\u00f3n online de TeamSystem para aut\u00f3nomos y pymes en Espa\u00f1a. Permite crear facturas, controlar gastos y cumplir con Verifactu.","address":{"@type":"PostalAddress","streetAddress":"Calle Arturo Soria, 336","addressLocality":"Madrid","addressRegion":"Madrid","postalCode":"28033","addressCountry":"ES"}},{"@type":"Person","@id":"https:\/\/www.billin.net\/blog\/#\/schema\/person\/d0339ee6e869234614541b1e80a793e7","name":"Marcos De La Cueva - CEO TeamSystem Facturas Billin","image":{"@type":"ImageObject","inLanguage":"es","@id":"https:\/\/www.billin.net\/blog\/#\/schema\/person\/image\/","url":"https:\/\/www.billin.net\/blog\/wp-content\/uploads\/2023\/10\/marcos-color-150x150.png","contentUrl":"https:\/\/www.billin.net\/blog\/wp-content\/uploads\/2023\/10\/marcos-color-150x150.png","caption":"Marcos De La Cueva - CEO TeamSystem Facturas Billin"},"description":"Licenciado en ADE por la Universidad Aut\u00f3noma de Madrid, Marcos De la Cueva es CEO y cofundador de TeamSystem Facturas Billin, un programa online que lleva m\u00e1s de 9 a\u00f1os ayudando a aut\u00f3nomos, peque\u00f1os negocios y gestor\u00edas a digitalizar sus presupuestos, facturas, tickets y gastos. \u00a0 Sobre Marcos De La Cueva \u00a0 Apasionado por el mundo empresarial y la tecnolog\u00eda, curs\u00f3 su M\u00e1ster de Finanzas en la Universidad Pontificia de Comillas y estuvo en el Programa de Cooperaci\u00f3n Educativa de la Universidad Aut\u00f3noma de Madrid. \u00a0 Marcos siempre ha tenido su objetivo claro: ayudar a la creaci\u00f3n de negocios financieramente sostenibles a trav\u00e9s de una herramienta de facturaci\u00f3n que les permita ahorrar tiempo y tener la contabilidad bajo control. \u00a0 Marcos De La Cueva en los medios \u2014 Noticia sobre Kit Digital y Ley Antifraude (VeriFactu) en El Economista. \u2014 Noticia sobre Kit Digital y factura electr\u00f3nica obligatoria en Diario Jur\u00eddico. \u2014 Noticia sobre el a\u00f1o de transici\u00f3n para la factura electr\u00f3nica en Muy Pymes. \u2014 Entrevista sobre factura electr\u00f3nica obligatoria en Canal Sur. \u2014 Noticia sobre el informe factura electr\u00f3nica de TeamSystem en Channel Partner. \u2014 Charla sobre productividad y Ley Crea y Crece en El Economista. \u2014 Charla sobre factura electr\u00f3nica obligatoria en Muy Pymes. \u2014 Charla sobre digitalizaci\u00f3n aut\u00f3nomos y productividad en esdiario. \u2014 Charla sobre productividad y factura electr\u00f3nica en La Raz\u00f3n. \u2014 Charla sobre factura electr\u00f3nica obligatoria en Aut\u00f3nomos y Emprendedores. \u2014 Entrevista sobre Ley Antifraude y Ley Crea y Crece en Expansi\u00f3n. \u2014 Entrevista sobre Ley Antifraude y Ley Crea y Crece en La Raz\u00f3n. \u2014 Entrevista sobre factura electr\u00f3nica obligatoria en El Economista. \u2014 Comunicado Billin y TeamSystem en Business Insider. \u2014 Entrevista en Econom\u00eda Digital. \u2014 Entrevista en Ideas para tu empresa de Vodafone. \u2014 Entrevista en M\u00e1sQradio. \u2014 Entrevista en Armas para emprender de El M\u00e9todo Gallardo. \u2014 Entrevista en KFund. \u2014 Entrevista en AXA Seguros Espa\u00f1a. \u2014 Entrevista en GestionaRadio. \u00a0 Marcos De La Cueva en eventos \u00a0 \u2014 Participaci\u00f3n como ponente en Accountex Espa\u00f1a 2023. \u00a0 Tem\u00e1ticas de especializaci\u00f3n \u00a0 negocios | startups | contabilidad| fiscalidad | empresas| asesor\u00edas| autonomos | emprendedores | peque\u00f1os negocios | econom\u00eda | ADE | pymes | desarrollo de negocio\u00a0","sameAs":["https:\/\/www.billin.net\/","https:\/\/www.linkedin.com\/in\/marcos-de-la-cueva-19750ba3\/"],"url":"https:\/\/www.billin.net\/blog\/author\/marcosdelacueva\/","jobTitle":"CEO y cofundador de TS Facturas Billin"}]}},"_links":{"self":[{"href":"https:\/\/www.billin.net\/blog\/wp-json\/wp\/v2\/posts\/10681","targetHints":{"allow":["GET"]}}],"collection":[{"href":"https:\/\/www.billin.net\/blog\/wp-json\/wp\/v2\/posts"}],"about":[{"href":"https:\/\/www.billin.net\/blog\/wp-json\/wp\/v2\/types\/post"}],"author":[{"embeddable":true,"href":"https:\/\/www.billin.net\/blog\/wp-json\/wp\/v2\/users\/20"}],"replies":[{"embeddable":true,"href":"https:\/\/www.billin.net\/blog\/wp-json\/wp\/v2\/comments?post=10681"}],"version-history":[{"count":4,"href":"https:\/\/www.billin.net\/blog\/wp-json\/wp\/v2\/posts\/10681\/revisions"}],"predecessor-version":[{"id":27292,"href":"https:\/\/www.billin.net\/blog\/wp-json\/wp\/v2\/posts\/10681\/revisions\/27292"}],"wp:featuredmedia":[{"embeddable":true,"href":"https:\/\/www.billin.net\/blog\/wp-json\/wp\/v2\/media\/8912"}],"wp:attachment":[{"href":"https:\/\/www.billin.net\/blog\/wp-json\/wp\/v2\/media?parent=10681"}],"wp:term":[{"taxonomy":"category","embeddable":true,"href":"https:\/\/www.billin.net\/blog\/wp-json\/wp\/v2\/categories?post=10681"},{"taxonomy":"post_tag","embeddable":true,"href":"https:\/\/www.billin.net\/blog\/wp-json\/wp\/v2\/tags?post=10681"}],"curies":[{"name":"wp","href":"https:\/\/api.w.org\/{rel}","templated":true}]}}