{"id":10669,"date":"2018-09-21T00:00:00","date_gmt":"2018-09-20T22:00:00","guid":{"rendered":"https:\/\/www.billin.net\/blog\/hacienda-adelantara-varias-declaraciones\/"},"modified":"2025-09-25T20:54:33","modified_gmt":"2025-09-25T18:54:33","slug":"hacienda-adelantara-varias-declaraciones","status":"publish","type":"post","link":"https:\/\/www.billin.net\/blog\/hacienda-adelantara-varias-declaraciones\/","title":{"rendered":"En 2019 Hacienda adelantar\u00e1 varias declaraciones"},"content":{"rendered":"<p>Pr\u00f3ximamente entraremos en el cuarto trimestre del a\u00f1o 2018, veamos los impuestos que Hacienda adelantar\u00e1 al mes de enero del 2019, <strong>\u00a1evitar\u00e1s que te coja el toro!<\/strong><!--more--><\/p>\n<h2>Campa\u00f1a de la Declaraci\u00f3n de la Renta (IRPF)<\/h2>\n<p>Hacienda, prev\u00e9 adelantar la campa\u00f1a de las declaraciones de la <strong>renta del ejercicio 2018<\/strong>, al mes de marzo de 2019, actualmente, esta campa\u00f1a comenzaba en el mes de abril, donde el 75% de los contribuyentes, le sale a devolver.<\/p>\n<p>Adelanta esta campa\u00f1a, ya que, los <strong>modelo 347, 184, 171 y 345<\/strong>, se adelantar\u00e1n al mes de enero de 2019, ya que, ser\u00e1n necesarios para obtener los datos fiscales de la mayor\u00eda de los contribuyentes.<\/p>\n<p>De esta manera, la Agencia Tributaria, agiliza la presentaci\u00f3n de impuestos a trav\u00e9s de internet, y aumenta la veracidad de los datos fiscales obtenidos.<\/p>\n<p>Este adelanto, permitir\u00e1 a los contribuyentes acceder a sus datos fiscales con m\u00e1s antelaci\u00f3n, en este caso en el mes de marzo, y comprobar que son correctos.<\/p>\n<p>Este impuesto, lo <strong>presentan tanto particulares como aut\u00f3nomos,<\/strong> es decir, cualquier ciudadano que obtenga unos rendimientos econ\u00f3micos, sean por actividad econ\u00f3mica, como del trabajo, de capital mobiliario, alquileres, ingresos agrarios, ganancias patrimoniales, etc.<\/p>\n<h2>Modelo 347 de operaciones con terceros<\/h2>\n<p>Es un modelo informativo que tienen que presentar tanto aut\u00f3nomos como sociedades de todas las<strong> operaciones que realizan con terceros<\/strong>, sean ventas como compras, que superen el l\u00edmite de 3.005,06 euros en el ejercicio anterior.<\/p>\n<p>Este impuesto no supone un pago ni una devoluci\u00f3n con la Administraci\u00f3n.<\/p>\n<p>Hasta este a\u00f1o, la presentaci\u00f3n de este impuesto ten\u00eda fecha l\u00edmite el 28 de febrero de 2018, al que correspondi\u00f3 el ejercicio 2017.<\/p>\n<p>Con el adelanto que pretende aprobar la Agencia Tributaria, se trasladar\u00eda al 31 de enero de 2019, un mes antes.<\/p>\n<p>De esta forma, Hacienda intenta homogeneizar las declaraciones informativas, y aumentar la calidad de los datos fiscales.<\/p>\n<p>Esta noticia, <strong>en el campo de los asesores fiscales no ha sentado muy bien<\/strong>, ya que, en el mismo tiempo habr\u00e1 una mayor carga de trabajo, y tendr\u00e1n que agrupar m\u00e1s obligaciones tributarias al aut\u00f3nomo.<\/p>\n<p>La FETAFF (Federaci\u00f3n Espa\u00f1ola de Asociaciones Profesionales de T\u00e9cnicos Tributarios y Asesores Fiscales) ha manifestado su rechazo a este adelanto.<\/p>\n<p>Esto hace que nos preguntemos, si realmente este adelanto, es para aumentar la calidad de los datos fiscales, o m\u00e1s bien, es para controlar el fraude fiscal mediante la comparativa entre proveedor y cliente.<\/p>\n<h2>Modelo 184 entidades en r\u00e9gimen de atribuci\u00f3n de rentas<\/h2>\n<p>Es el modelo que tienen que presentar todas las entidades que se encuentren en atribuci\u00f3n de rentas sean tanto espa\u00f1olas como extranjeras.<\/p>\n<p>Este r\u00e9gimen consiste en entidades, que se agrupan y que no tributar\u00e1n por impuesto de sociedades, pero s\u00ed tributar\u00e1n en funci\u00f3n de la imposici\u00f3n de cada socio, es decir, la persona f\u00edsica lo har\u00e1 por IRPF, mientras que la persona jur\u00eddica ser\u00e1 por IS.<\/p>\n<p>El Consejo General de Economista entienden que este adelanto del Modelo 184 y 347 al mes de enero, generar\u00e1 una mayor presi\u00f3n fiscal indirecta para las empresas y disminuir\u00e1 la calidad en la informaci\u00f3n que suministran.<\/p>\n<p>La oposici\u00f3n de este Consejo se basa en:<\/p>\n<ul>\n<li>Ya en el mes de enero se concentran las autoliquidaciones anuales de resumen e informativas, como el modelo 190 (resumen del modelo 111), modelo 180 (resumen del <a href=\"https:\/\/www.billin.net\/blog\/modelo-irpf-115\/\" target=\"_blank\" rel=\"noopener noreferrer\">modelo 115<\/a>), modelo 390 (resumen de <a href=\"https:\/\/www.billin.net\/blog\/como-rellenar-modelo-303\/\" target=\"_blank\" rel=\"noopener noreferrer\">IVA modelo 303<\/a>)<\/li>\n<li>Debido a la disminuci\u00f3n de plazo la informaci\u00f3n recibida podr\u00eda contener mayores errores.<\/li>\n<li>En la norma mercantil se permite 3 meses para la elaboraci\u00f3n de las cuentas, aqu\u00ed las reducen a 1 mes.<\/li>\n<\/ul>\n<p><img loading=\"lazy\" decoding=\"async\" class=\"aligncenter size-full wp-image-8847\" src=\"https:\/\/www.billin.net\/blog\/wp-content\/uploads\/2018\/09\/declaraciones-adelantadas-min.jpg\" alt=\"\" width=\"850\" height=\"566\" srcset=\"https:\/\/www.billin.net\/blog\/wp-content\/uploads\/2018\/09\/declaraciones-adelantadas-min.jpg 850w, https:\/\/www.billin.net\/blog\/wp-content\/uploads\/2018\/09\/declaraciones-adelantadas-min-300x200.jpg 300w, https:\/\/www.billin.net\/blog\/wp-content\/uploads\/2018\/09\/declaraciones-adelantadas-min-768x511.jpg 768w, https:\/\/www.billin.net\/blog\/wp-content\/uploads\/2018\/09\/declaraciones-adelantadas-min-600x400.jpg 600w, https:\/\/www.billin.net\/blog\/wp-content\/uploads\/2018\/09\/declaraciones-adelantadas-min-200x133.jpg 200w, https:\/\/www.billin.net\/blog\/wp-content\/uploads\/2018\/09\/declaraciones-adelantadas-min-810x539.jpg 810w\" sizes=\"(max-width: 850px) 100vw, 850px\" \/><\/p>\n<h2>Modelo 171 declaraci\u00f3n anual de imposiciones, disposiciones de fondos y cobros de cualquier documento.<\/h2>\n<p>Con este Modelo los bancos, tendr\u00e1n que informar a la Agencia Tributaria de todos los cobros y pagos en met\u00e1lico que superen los 3.000 euros, de esta manera, Hacienda podr\u00e1 hacer un mejor seguimiento de todos estos movimientos, ya que, la mayor\u00eda son fraudulentos seg\u00fan la Orden Ministerial.<\/p>\n<p>En este modelo adem\u00e1s del importe se incluir\u00e1 el NIF, nombre y apellidos o raz\u00f3n social, la fecha de la misma, y si fue un cobro o un pago.<\/p>\n<h2>Modelo 345 Planes de pensiones, sistemas alternativos, Mutualidades<\/h2>\n<p>Es la declaraci\u00f3n anual de Planes de Pensiones, Sistemas Alternativos, Mutualidades de Previsi\u00f3n Social, Planes de Previsi\u00f3n Asegurados, Planes Individuales de Ahorro Sistem\u00e1tico, Planes de Previsi\u00f3n Social Empresarial y Seguros de Dependencia.<\/p>\n<p>Este impuesto le corresponde a las entidades gestoras y promotoras de planes de pensiones, Mutualidades y entidades aseguradoras, principalmente.<\/p>\n<p>Se informar\u00e1 de todas las aportaciones, contribuciones o cantidades aportadas.<\/p>\n","protected":false},"excerpt":{"rendered":"<p>Pr\u00f3ximamente entraremos en el cuarto trimestre del a\u00f1o 2018, veamos los impuestos que Hacienda adelantar\u00e1 al mes de enero del 2019, \u00a1evitar\u00e1s que te coja el toro!<\/p>\n","protected":false},"author":20,"featured_media":8846,"comment_status":"open","ping_status":"open","sticky":false,"template":"","format":"standard","meta":{"_acf_changed":false,"_et_pb_use_builder":"","_et_pb_old_content":"","_et_gb_content_width":"","om_disable_all_campaigns":false,"inline_featured_image":false,"footnotes":""},"categories":[1014],"tags":[],"class_list":{"0":"post-10669","1":"post","2":"type-post","3":"status-publish","4":"format-standard","5":"has-post-thumbnail","7":"category-fiscalidad"},"acf":{"selector_de_usuario":null,"fecha_de_revision":"20200708"},"yoast_head":"<!-- This site is optimized with the Yoast SEO plugin v27.1 - https:\/\/yoast.com\/product\/yoast-seo-wordpress\/ -->\n<title>En 2019 Hacienda adelantar\u00e1 varias declaraciones - Blog de TeamSystem Facturas Billin<\/title>\n<meta name=\"description\" content=\"Pr\u00f3ximamente entraremos en el cuarto trimestre del a\u00f1o 2018, veamos los impuestos que Hacienda adelantar\u00e1 al mes de enero del 2019.\" \/>\n<meta name=\"robots\" content=\"index, follow, max-snippet:-1, max-image-preview:large, max-video-preview:-1\" \/>\n<link rel=\"canonical\" href=\"https:\/\/www.billin.net\/blog\/hacienda-adelantara-varias-declaraciones\/\" \/>\n<meta property=\"og:locale\" content=\"es_ES\" \/>\n<meta property=\"og:type\" content=\"article\" \/>\n<meta property=\"og:title\" content=\"En 2019 Hacienda adelantar\u00e1 varias declaraciones - Blog de TeamSystem Facturas Billin\" \/>\n<meta property=\"og:description\" content=\"Pr\u00f3ximamente entraremos en el cuarto trimestre del a\u00f1o 2018, veamos los impuestos que Hacienda adelantar\u00e1 al mes de enero del 2019.\" \/>\n<meta property=\"og:url\" content=\"https:\/\/www.billin.net\/blog\/hacienda-adelantara-varias-declaraciones\/\" \/>\n<meta property=\"og:site_name\" content=\"Blog de TeamSystem Facturas Billin\" \/>\n<meta property=\"article:publisher\" content=\"https:\/\/www.facebook.com\/EsBillin\" \/>\n<meta property=\"article:published_time\" content=\"2018-09-20T22:00:00+00:00\" \/>\n<meta property=\"article:modified_time\" content=\"2025-09-25T18:54:33+00:00\" \/>\n<meta property=\"og:image\" content=\"https:\/\/www.billin.net\/blog\/wp-content\/uploads\/2018\/09\/hacienda-adelanta-declaraciones-min.jpg\" \/>\n\t<meta property=\"og:image:width\" content=\"850\" \/>\n\t<meta property=\"og:image:height\" content=\"566\" \/>\n\t<meta property=\"og:image:type\" content=\"image\/jpeg\" \/>\n<meta name=\"author\" content=\"Marcos De La Cueva - CEO TeamSystem Facturas Billin\" \/>\n<meta name=\"twitter:card\" content=\"summary_large_image\" \/>\n<meta name=\"twitter:creator\" content=\"@Billin_ES\" \/>\n<meta name=\"twitter:site\" content=\"@Billin_ES\" \/>\n<meta name=\"twitter:label1\" content=\"Escrito por\" \/>\n\t<meta name=\"twitter:data1\" content=\"Marcos De La Cueva - CEO TeamSystem Facturas Billin\" \/>\n\t<meta name=\"twitter:label2\" content=\"Tiempo de lectura\" \/>\n\t<meta name=\"twitter:data2\" content=\"4 minutos\" \/>\n<script type=\"application\/ld+json\" class=\"yoast-schema-graph\">{\"@context\":\"https:\/\/schema.org\",\"@graph\":[{\"@type\":\"Article\",\"@id\":\"https:\/\/www.billin.net\/blog\/hacienda-adelantara-varias-declaraciones\/#article\",\"isPartOf\":{\"@id\":\"https:\/\/www.billin.net\/blog\/hacienda-adelantara-varias-declaraciones\/\"},\"author\":{\"name\":\"Marcos De La Cueva - CEO TeamSystem Facturas Billin\",\"@id\":\"https:\/\/www.billin.net\/blog\/#\/schema\/person\/d0339ee6e869234614541b1e80a793e7\"},\"headline\":\"En 2019 Hacienda adelantar\u00e1 varias declaraciones\",\"datePublished\":\"2018-09-20T22:00:00+00:00\",\"dateModified\":\"2025-09-25T18:54:33+00:00\",\"mainEntityOfPage\":{\"@id\":\"https:\/\/www.billin.net\/blog\/hacienda-adelantara-varias-declaraciones\/\"},\"wordCount\":781,\"commentCount\":0,\"publisher\":{\"@id\":\"https:\/\/www.billin.net\/blog\/#organization\"},\"image\":{\"@id\":\"https:\/\/www.billin.net\/blog\/hacienda-adelantara-varias-declaraciones\/#primaryimage\"},\"thumbnailUrl\":\"https:\/\/www.billin.net\/blog\/wp-content\/uploads\/2018\/09\/hacienda-adelanta-declaraciones-min.jpg\",\"articleSection\":[\"Fiscalidad\"],\"inLanguage\":\"es\",\"potentialAction\":[{\"@type\":\"CommentAction\",\"name\":\"Comment\",\"target\":[\"https:\/\/www.billin.net\/blog\/hacienda-adelantara-varias-declaraciones\/#respond\"]}]},{\"@type\":\"WebPage\",\"@id\":\"https:\/\/www.billin.net\/blog\/hacienda-adelantara-varias-declaraciones\/\",\"url\":\"https:\/\/www.billin.net\/blog\/hacienda-adelantara-varias-declaraciones\/\",\"name\":\"En 2019 Hacienda adelantar\u00e1 varias declaraciones - Blog de TeamSystem Facturas Billin\",\"isPartOf\":{\"@id\":\"https:\/\/www.billin.net\/blog\/#website\"},\"primaryImageOfPage\":{\"@id\":\"https:\/\/www.billin.net\/blog\/hacienda-adelantara-varias-declaraciones\/#primaryimage\"},\"image\":{\"@id\":\"https:\/\/www.billin.net\/blog\/hacienda-adelantara-varias-declaraciones\/#primaryimage\"},\"thumbnailUrl\":\"https:\/\/www.billin.net\/blog\/wp-content\/uploads\/2018\/09\/hacienda-adelanta-declaraciones-min.jpg\",\"datePublished\":\"2018-09-20T22:00:00+00:00\",\"dateModified\":\"2025-09-25T18:54:33+00:00\",\"description\":\"Pr\u00f3ximamente entraremos en el cuarto trimestre del a\u00f1o 2018, veamos los impuestos que Hacienda adelantar\u00e1 al mes de enero del 2019.\",\"breadcrumb\":{\"@id\":\"https:\/\/www.billin.net\/blog\/hacienda-adelantara-varias-declaraciones\/#breadcrumb\"},\"inLanguage\":\"es\",\"potentialAction\":[{\"@type\":\"ReadAction\",\"target\":[\"https:\/\/www.billin.net\/blog\/hacienda-adelantara-varias-declaraciones\/\"]}]},{\"@type\":\"ImageObject\",\"inLanguage\":\"es\",\"@id\":\"https:\/\/www.billin.net\/blog\/hacienda-adelantara-varias-declaraciones\/#primaryimage\",\"url\":\"https:\/\/www.billin.net\/blog\/wp-content\/uploads\/2018\/09\/hacienda-adelanta-declaraciones-min.jpg\",\"contentUrl\":\"https:\/\/www.billin.net\/blog\/wp-content\/uploads\/2018\/09\/hacienda-adelanta-declaraciones-min.jpg\",\"width\":850,\"height\":566},{\"@type\":\"BreadcrumbList\",\"@id\":\"https:\/\/www.billin.net\/blog\/hacienda-adelantara-varias-declaraciones\/#breadcrumb\",\"itemListElement\":[{\"@type\":\"ListItem\",\"position\":1,\"name\":\"Blog\",\"item\":\"https:\/\/www.billin.net\/blog\/\"},{\"@type\":\"ListItem\",\"position\":2,\"name\":\"Fiscalidad\",\"item\":\"https:\/\/www.billin.net\/blog\/fiscalidad\/\"},{\"@type\":\"ListItem\",\"position\":3,\"name\":\"En 2019 Hacienda adelantar\u00e1 varias declaraciones\"}]},{\"@type\":\"WebSite\",\"@id\":\"https:\/\/www.billin.net\/blog\/#website\",\"url\":\"https:\/\/www.billin.net\/blog\/\",\"name\":\"Blog de Billin\",\"description\":\"Mantente informado con el blog de TeamSystem Facturas Billin:  facturaci\u00f3n, legislaci\u00f3n, contabilidad, management y toda la informaci\u00f3n \u00fatil para pymes y aut\u00f3nomos.\",\"publisher\":{\"@id\":\"https:\/\/www.billin.net\/blog\/#organization\"},\"potentialAction\":[{\"@type\":\"SearchAction\",\"target\":{\"@type\":\"EntryPoint\",\"urlTemplate\":\"https:\/\/www.billin.net\/blog\/?s={search_term_string}\"},\"query-input\":{\"@type\":\"PropertyValueSpecification\",\"valueRequired\":true,\"valueName\":\"search_term_string\"}}],\"inLanguage\":\"es\"},{\"@type\":\"Organization\",\"@id\":\"https:\/\/www.billin.net\/blog\/#organization\",\"name\":\"Billin\",\"alternateName\":\"Blog de Billin\",\"url\":\"https:\/\/www.billin.net\/blog\/\",\"logo\":{\"@type\":\"ImageObject\",\"inLanguage\":\"es\",\"@id\":\"https:\/\/www.billin.net\/blog\/#\/schema\/logo\/image\/\",\"url\":\"https:\/\/www.billin.net\/blog\/wp-content\/uploads\/2019\/06\/logotipo-billin-blog-1.png\",\"contentUrl\":\"https:\/\/www.billin.net\/blog\/wp-content\/uploads\/2019\/06\/logotipo-billin-blog-1.png\",\"width\":126,\"height\":50,\"caption\":\"Billin\"},\"image\":{\"@id\":\"https:\/\/www.billin.net\/blog\/#\/schema\/logo\/image\/\"},\"sameAs\":[\"https:\/\/www.facebook.com\/EsBillin\",\"https:\/\/x.com\/Billin_ES\",\"https:\/\/www.instagram.com\/billin_es\/\",\"https:\/\/www.linkedin.com\/company\/billin-spain\",\"https:\/\/www.youtube.com\/c\/BillinEsintercambiodefacturas\/\"],\"legalName\":\"MY EXPENSES SL\",\"contactPoint\":{\"@type\":\"ContactPoint\",\"telephone\":\"+34918318883\",\"contactType\":\"customer service\",\"email\":\"info@billin.eu\",\"availableLanguage\":\"es\"},\"foundingDate\":\"2015\",\"numberOfEmployees\":{\"@type\":\"QuantitativeValue\",\"minValue\":10,\"maxValue\":50},\"parentOrganization\":{\"@type\":\"Organization\",\"name\":\"TeamSystem\",\"url\":\"https:\/\/www.teamsystem.com\/\"},\"description\":\"Billin es el programa de facturaci\u00f3n online de TeamSystem para aut\u00f3nomos y pymes en Espa\u00f1a. Permite crear facturas, controlar gastos y cumplir con Verifactu.\",\"address\":{\"@type\":\"PostalAddress\",\"streetAddress\":\"Calle Arturo Soria, 336\",\"addressLocality\":\"Madrid\",\"addressRegion\":\"Madrid\",\"postalCode\":\"28033\",\"addressCountry\":\"ES\"}},{\"@type\":\"Person\",\"@id\":\"https:\/\/www.billin.net\/blog\/#\/schema\/person\/d0339ee6e869234614541b1e80a793e7\",\"name\":\"Marcos De La Cueva - CEO TeamSystem Facturas Billin\",\"image\":{\"@type\":\"ImageObject\",\"inLanguage\":\"es\",\"@id\":\"https:\/\/www.billin.net\/blog\/#\/schema\/person\/image\/\",\"url\":\"https:\/\/www.billin.net\/blog\/wp-content\/uploads\/2023\/10\/marcos-color-150x150.png\",\"contentUrl\":\"https:\/\/www.billin.net\/blog\/wp-content\/uploads\/2023\/10\/marcos-color-150x150.png\",\"caption\":\"Marcos De La Cueva - CEO TeamSystem Facturas Billin\"},\"description\":\"Licenciado en ADE por la Universidad Aut\u00f3noma de Madrid, Marcos De la Cueva es CEO y cofundador de TeamSystem Facturas Billin, un programa online que lleva m\u00e1s de 9 a\u00f1os ayudando a aut\u00f3nomos, peque\u00f1os negocios y gestor\u00edas a digitalizar sus presupuestos, facturas, tickets y gastos. \u00a0 Sobre Marcos De La Cueva \u00a0 Apasionado por el mundo empresarial y la tecnolog\u00eda, curs\u00f3 su M\u00e1ster de Finanzas en la Universidad Pontificia de Comillas y estuvo en el Programa de Cooperaci\u00f3n Educativa de la Universidad Aut\u00f3noma de Madrid. \u00a0 Marcos siempre ha tenido su objetivo claro: ayudar a la creaci\u00f3n de negocios financieramente sostenibles a trav\u00e9s de una herramienta de facturaci\u00f3n que les permita ahorrar tiempo y tener la contabilidad bajo control. \u00a0 Marcos De La Cueva en los medios \u2014 Noticia sobre Kit Digital y Ley Antifraude (VeriFactu) en El Economista. \u2014 Noticia sobre Kit Digital y factura electr\u00f3nica obligatoria en Diario Jur\u00eddico. \u2014 Noticia sobre el a\u00f1o de transici\u00f3n para la factura electr\u00f3nica en Muy Pymes. \u2014 Entrevista sobre factura electr\u00f3nica obligatoria en Canal Sur. \u2014 Noticia sobre el informe factura electr\u00f3nica de TeamSystem en Channel Partner. \u2014 Charla sobre productividad y Ley Crea y Crece en El Economista. \u2014 Charla sobre factura electr\u00f3nica obligatoria en Muy Pymes. \u2014 Charla sobre digitalizaci\u00f3n aut\u00f3nomos y productividad en esdiario. \u2014 Charla sobre productividad y factura electr\u00f3nica en La Raz\u00f3n. \u2014 Charla sobre factura electr\u00f3nica obligatoria en Aut\u00f3nomos y Emprendedores. \u2014 Entrevista sobre Ley Antifraude y Ley Crea y Crece en Expansi\u00f3n. \u2014 Entrevista sobre Ley Antifraude y Ley Crea y Crece en La Raz\u00f3n. \u2014 Entrevista sobre factura electr\u00f3nica obligatoria en El Economista. \u2014 Comunicado Billin y TeamSystem en Business Insider. \u2014 Entrevista en Econom\u00eda Digital. \u2014 Entrevista en Ideas para tu empresa de Vodafone. \u2014 Entrevista en M\u00e1sQradio. \u2014 Entrevista en Armas para emprender de El M\u00e9todo Gallardo. \u2014 Entrevista en KFund. \u2014 Entrevista en AXA Seguros Espa\u00f1a. \u2014 Entrevista en GestionaRadio. \u00a0 Marcos De La Cueva en eventos \u00a0 \u2014 Participaci\u00f3n como ponente en Accountex Espa\u00f1a 2023. \u00a0 Tem\u00e1ticas de especializaci\u00f3n \u00a0 negocios | startups | contabilidad| fiscalidad | empresas| asesor\u00edas| autonomos | emprendedores | peque\u00f1os negocios | econom\u00eda | ADE | pymes | desarrollo de negocio\u00a0\",\"sameAs\":[\"https:\/\/www.billin.net\/\",\"https:\/\/www.linkedin.com\/in\/marcos-de-la-cueva-19750ba3\/\"],\"url\":\"https:\/\/www.billin.net\/blog\/author\/marcosdelacueva\/\",\"jobTitle\":\"CEO y cofundador de TS Facturas Billin\"}]}<\/script>\n<!-- \/ Yoast SEO plugin. -->","yoast_head_json":{"title":"En 2019 Hacienda adelantar\u00e1 varias declaraciones - Blog de TeamSystem Facturas Billin","description":"Pr\u00f3ximamente entraremos en el cuarto trimestre del a\u00f1o 2018, veamos los impuestos que Hacienda adelantar\u00e1 al mes de enero del 2019.","robots":{"index":"index","follow":"follow","max-snippet":"max-snippet:-1","max-image-preview":"max-image-preview:large","max-video-preview":"max-video-preview:-1"},"canonical":"https:\/\/www.billin.net\/blog\/hacienda-adelantara-varias-declaraciones\/","og_locale":"es_ES","og_type":"article","og_title":"En 2019 Hacienda adelantar\u00e1 varias declaraciones - Blog de TeamSystem Facturas Billin","og_description":"Pr\u00f3ximamente entraremos en el cuarto trimestre del a\u00f1o 2018, veamos los impuestos que Hacienda adelantar\u00e1 al mes de enero del 2019.","og_url":"https:\/\/www.billin.net\/blog\/hacienda-adelantara-varias-declaraciones\/","og_site_name":"Blog de TeamSystem Facturas Billin","article_publisher":"https:\/\/www.facebook.com\/EsBillin","article_published_time":"2018-09-20T22:00:00+00:00","article_modified_time":"2025-09-25T18:54:33+00:00","og_image":[{"width":850,"height":566,"url":"https:\/\/www.billin.net\/blog\/wp-content\/uploads\/2018\/09\/hacienda-adelanta-declaraciones-min.jpg","type":"image\/jpeg"}],"author":"Marcos De La Cueva - CEO TeamSystem Facturas Billin","twitter_card":"summary_large_image","twitter_creator":"@Billin_ES","twitter_site":"@Billin_ES","twitter_misc":{"Escrito por":"Marcos De La Cueva - CEO TeamSystem Facturas Billin","Tiempo de lectura":"4 minutos"},"schema":{"@context":"https:\/\/schema.org","@graph":[{"@type":"Article","@id":"https:\/\/www.billin.net\/blog\/hacienda-adelantara-varias-declaraciones\/#article","isPartOf":{"@id":"https:\/\/www.billin.net\/blog\/hacienda-adelantara-varias-declaraciones\/"},"author":{"name":"Marcos De La Cueva - CEO TeamSystem Facturas Billin","@id":"https:\/\/www.billin.net\/blog\/#\/schema\/person\/d0339ee6e869234614541b1e80a793e7"},"headline":"En 2019 Hacienda adelantar\u00e1 varias declaraciones","datePublished":"2018-09-20T22:00:00+00:00","dateModified":"2025-09-25T18:54:33+00:00","mainEntityOfPage":{"@id":"https:\/\/www.billin.net\/blog\/hacienda-adelantara-varias-declaraciones\/"},"wordCount":781,"commentCount":0,"publisher":{"@id":"https:\/\/www.billin.net\/blog\/#organization"},"image":{"@id":"https:\/\/www.billin.net\/blog\/hacienda-adelantara-varias-declaraciones\/#primaryimage"},"thumbnailUrl":"https:\/\/www.billin.net\/blog\/wp-content\/uploads\/2018\/09\/hacienda-adelanta-declaraciones-min.jpg","articleSection":["Fiscalidad"],"inLanguage":"es","potentialAction":[{"@type":"CommentAction","name":"Comment","target":["https:\/\/www.billin.net\/blog\/hacienda-adelantara-varias-declaraciones\/#respond"]}]},{"@type":"WebPage","@id":"https:\/\/www.billin.net\/blog\/hacienda-adelantara-varias-declaraciones\/","url":"https:\/\/www.billin.net\/blog\/hacienda-adelantara-varias-declaraciones\/","name":"En 2019 Hacienda adelantar\u00e1 varias declaraciones - Blog de TeamSystem Facturas Billin","isPartOf":{"@id":"https:\/\/www.billin.net\/blog\/#website"},"primaryImageOfPage":{"@id":"https:\/\/www.billin.net\/blog\/hacienda-adelantara-varias-declaraciones\/#primaryimage"},"image":{"@id":"https:\/\/www.billin.net\/blog\/hacienda-adelantara-varias-declaraciones\/#primaryimage"},"thumbnailUrl":"https:\/\/www.billin.net\/blog\/wp-content\/uploads\/2018\/09\/hacienda-adelanta-declaraciones-min.jpg","datePublished":"2018-09-20T22:00:00+00:00","dateModified":"2025-09-25T18:54:33+00:00","description":"Pr\u00f3ximamente entraremos en el cuarto trimestre del a\u00f1o 2018, veamos los impuestos que Hacienda adelantar\u00e1 al mes de enero del 2019.","breadcrumb":{"@id":"https:\/\/www.billin.net\/blog\/hacienda-adelantara-varias-declaraciones\/#breadcrumb"},"inLanguage":"es","potentialAction":[{"@type":"ReadAction","target":["https:\/\/www.billin.net\/blog\/hacienda-adelantara-varias-declaraciones\/"]}]},{"@type":"ImageObject","inLanguage":"es","@id":"https:\/\/www.billin.net\/blog\/hacienda-adelantara-varias-declaraciones\/#primaryimage","url":"https:\/\/www.billin.net\/blog\/wp-content\/uploads\/2018\/09\/hacienda-adelanta-declaraciones-min.jpg","contentUrl":"https:\/\/www.billin.net\/blog\/wp-content\/uploads\/2018\/09\/hacienda-adelanta-declaraciones-min.jpg","width":850,"height":566},{"@type":"BreadcrumbList","@id":"https:\/\/www.billin.net\/blog\/hacienda-adelantara-varias-declaraciones\/#breadcrumb","itemListElement":[{"@type":"ListItem","position":1,"name":"Blog","item":"https:\/\/www.billin.net\/blog\/"},{"@type":"ListItem","position":2,"name":"Fiscalidad","item":"https:\/\/www.billin.net\/blog\/fiscalidad\/"},{"@type":"ListItem","position":3,"name":"En 2019 Hacienda adelantar\u00e1 varias declaraciones"}]},{"@type":"WebSite","@id":"https:\/\/www.billin.net\/blog\/#website","url":"https:\/\/www.billin.net\/blog\/","name":"Blog de Billin","description":"Mantente informado con el blog de TeamSystem Facturas Billin:  facturaci\u00f3n, legislaci\u00f3n, contabilidad, management y toda la informaci\u00f3n \u00fatil para pymes y aut\u00f3nomos.","publisher":{"@id":"https:\/\/www.billin.net\/blog\/#organization"},"potentialAction":[{"@type":"SearchAction","target":{"@type":"EntryPoint","urlTemplate":"https:\/\/www.billin.net\/blog\/?s={search_term_string}"},"query-input":{"@type":"PropertyValueSpecification","valueRequired":true,"valueName":"search_term_string"}}],"inLanguage":"es"},{"@type":"Organization","@id":"https:\/\/www.billin.net\/blog\/#organization","name":"Billin","alternateName":"Blog de Billin","url":"https:\/\/www.billin.net\/blog\/","logo":{"@type":"ImageObject","inLanguage":"es","@id":"https:\/\/www.billin.net\/blog\/#\/schema\/logo\/image\/","url":"https:\/\/www.billin.net\/blog\/wp-content\/uploads\/2019\/06\/logotipo-billin-blog-1.png","contentUrl":"https:\/\/www.billin.net\/blog\/wp-content\/uploads\/2019\/06\/logotipo-billin-blog-1.png","width":126,"height":50,"caption":"Billin"},"image":{"@id":"https:\/\/www.billin.net\/blog\/#\/schema\/logo\/image\/"},"sameAs":["https:\/\/www.facebook.com\/EsBillin","https:\/\/x.com\/Billin_ES","https:\/\/www.instagram.com\/billin_es\/","https:\/\/www.linkedin.com\/company\/billin-spain","https:\/\/www.youtube.com\/c\/BillinEsintercambiodefacturas\/"],"legalName":"MY EXPENSES SL","contactPoint":{"@type":"ContactPoint","telephone":"+34918318883","contactType":"customer service","email":"info@billin.eu","availableLanguage":"es"},"foundingDate":"2015","numberOfEmployees":{"@type":"QuantitativeValue","minValue":10,"maxValue":50},"parentOrganization":{"@type":"Organization","name":"TeamSystem","url":"https:\/\/www.teamsystem.com\/"},"description":"Billin es el programa de facturaci\u00f3n online de TeamSystem para aut\u00f3nomos y pymes en Espa\u00f1a. Permite crear facturas, controlar gastos y cumplir con Verifactu.","address":{"@type":"PostalAddress","streetAddress":"Calle Arturo Soria, 336","addressLocality":"Madrid","addressRegion":"Madrid","postalCode":"28033","addressCountry":"ES"}},{"@type":"Person","@id":"https:\/\/www.billin.net\/blog\/#\/schema\/person\/d0339ee6e869234614541b1e80a793e7","name":"Marcos De La Cueva - CEO TeamSystem Facturas Billin","image":{"@type":"ImageObject","inLanguage":"es","@id":"https:\/\/www.billin.net\/blog\/#\/schema\/person\/image\/","url":"https:\/\/www.billin.net\/blog\/wp-content\/uploads\/2023\/10\/marcos-color-150x150.png","contentUrl":"https:\/\/www.billin.net\/blog\/wp-content\/uploads\/2023\/10\/marcos-color-150x150.png","caption":"Marcos De La Cueva - CEO TeamSystem Facturas Billin"},"description":"Licenciado en ADE por la Universidad Aut\u00f3noma de Madrid, Marcos De la Cueva es CEO y cofundador de TeamSystem Facturas Billin, un programa online que lleva m\u00e1s de 9 a\u00f1os ayudando a aut\u00f3nomos, peque\u00f1os negocios y gestor\u00edas a digitalizar sus presupuestos, facturas, tickets y gastos. \u00a0 Sobre Marcos De La Cueva \u00a0 Apasionado por el mundo empresarial y la tecnolog\u00eda, curs\u00f3 su M\u00e1ster de Finanzas en la Universidad Pontificia de Comillas y estuvo en el Programa de Cooperaci\u00f3n Educativa de la Universidad Aut\u00f3noma de Madrid. \u00a0 Marcos siempre ha tenido su objetivo claro: ayudar a la creaci\u00f3n de negocios financieramente sostenibles a trav\u00e9s de una herramienta de facturaci\u00f3n que les permita ahorrar tiempo y tener la contabilidad bajo control. \u00a0 Marcos De La Cueva en los medios \u2014 Noticia sobre Kit Digital y Ley Antifraude (VeriFactu) en El Economista. \u2014 Noticia sobre Kit Digital y factura electr\u00f3nica obligatoria en Diario Jur\u00eddico. \u2014 Noticia sobre el a\u00f1o de transici\u00f3n para la factura electr\u00f3nica en Muy Pymes. \u2014 Entrevista sobre factura electr\u00f3nica obligatoria en Canal Sur. \u2014 Noticia sobre el informe factura electr\u00f3nica de TeamSystem en Channel Partner. \u2014 Charla sobre productividad y Ley Crea y Crece en El Economista. \u2014 Charla sobre factura electr\u00f3nica obligatoria en Muy Pymes. \u2014 Charla sobre digitalizaci\u00f3n aut\u00f3nomos y productividad en esdiario. \u2014 Charla sobre productividad y factura electr\u00f3nica en La Raz\u00f3n. \u2014 Charla sobre factura electr\u00f3nica obligatoria en Aut\u00f3nomos y Emprendedores. \u2014 Entrevista sobre Ley Antifraude y Ley Crea y Crece en Expansi\u00f3n. \u2014 Entrevista sobre Ley Antifraude y Ley Crea y Crece en La Raz\u00f3n. \u2014 Entrevista sobre factura electr\u00f3nica obligatoria en El Economista. \u2014 Comunicado Billin y TeamSystem en Business Insider. \u2014 Entrevista en Econom\u00eda Digital. \u2014 Entrevista en Ideas para tu empresa de Vodafone. \u2014 Entrevista en M\u00e1sQradio. \u2014 Entrevista en Armas para emprender de El M\u00e9todo Gallardo. \u2014 Entrevista en KFund. \u2014 Entrevista en AXA Seguros Espa\u00f1a. \u2014 Entrevista en GestionaRadio. \u00a0 Marcos De La Cueva en eventos \u00a0 \u2014 Participaci\u00f3n como ponente en Accountex Espa\u00f1a 2023. \u00a0 Tem\u00e1ticas de especializaci\u00f3n \u00a0 negocios | startups | contabilidad| fiscalidad | empresas| asesor\u00edas| autonomos | emprendedores | peque\u00f1os negocios | econom\u00eda | ADE | pymes | desarrollo de negocio\u00a0","sameAs":["https:\/\/www.billin.net\/","https:\/\/www.linkedin.com\/in\/marcos-de-la-cueva-19750ba3\/"],"url":"https:\/\/www.billin.net\/blog\/author\/marcosdelacueva\/","jobTitle":"CEO y cofundador de TS Facturas Billin"}]}},"_links":{"self":[{"href":"https:\/\/www.billin.net\/blog\/wp-json\/wp\/v2\/posts\/10669","targetHints":{"allow":["GET"]}}],"collection":[{"href":"https:\/\/www.billin.net\/blog\/wp-json\/wp\/v2\/posts"}],"about":[{"href":"https:\/\/www.billin.net\/blog\/wp-json\/wp\/v2\/types\/post"}],"author":[{"embeddable":true,"href":"https:\/\/www.billin.net\/blog\/wp-json\/wp\/v2\/users\/20"}],"replies":[{"embeddable":true,"href":"https:\/\/www.billin.net\/blog\/wp-json\/wp\/v2\/comments?post=10669"}],"version-history":[{"count":9,"href":"https:\/\/www.billin.net\/blog\/wp-json\/wp\/v2\/posts\/10669\/revisions"}],"predecessor-version":[{"id":27303,"href":"https:\/\/www.billin.net\/blog\/wp-json\/wp\/v2\/posts\/10669\/revisions\/27303"}],"wp:featuredmedia":[{"embeddable":true,"href":"https:\/\/www.billin.net\/blog\/wp-json\/wp\/v2\/media\/8846"}],"wp:attachment":[{"href":"https:\/\/www.billin.net\/blog\/wp-json\/wp\/v2\/media?parent=10669"}],"wp:term":[{"taxonomy":"category","embeddable":true,"href":"https:\/\/www.billin.net\/blog\/wp-json\/wp\/v2\/categories?post=10669"},{"taxonomy":"post_tag","embeddable":true,"href":"https:\/\/www.billin.net\/blog\/wp-json\/wp\/v2\/tags?post=10669"}],"curies":[{"name":"wp","href":"https:\/\/api.w.org\/{rel}","templated":true}]}}