{"id":10667,"date":"2018-09-20T00:00:00","date_gmt":"2018-09-19T22:00:00","guid":{"rendered":"https:\/\/www.billin.net\/blog\/despido-de-una-trabajadora-embarazada\/"},"modified":"2025-09-25T20:54:37","modified_gmt":"2025-09-25T18:54:37","slug":"despido-de-una-trabajadora-embarazada","status":"publish","type":"post","link":"https:\/\/www.billin.net\/blog\/despido-de-una-trabajadora-embarazada\/","title":{"rendered":"El despido durante el embarazo"},"content":{"rendered":"<p>\u00bfTe encuentras en esta situaci\u00f3n?, te mostramos todas las posibilidades que te ofrece la <strong>Ley seg\u00fan el contrato de trabajo<\/strong> que tenga la trabajadora embarazada y si procede el <strong>despido por embarazo.<\/strong><!--more--><\/p>\n<h2>\u00bfSe puede despedir a una embarazada?<\/h2>\n<p>Como a cualquier trabajador, <strong>a una mujer embarazada se le puede despedir<\/strong>, siempre que tenga la empresa los motivos suficientes para llevar a cabo ese despido, y pueda justificarlo.<\/p>\n<p>En Espa\u00f1a, un empresario puede despedir a un trabajador de forma libre, siempre que lo indemnice seg\u00fan un <strong><a href=\"https:\/\/www.billin.net\/blog\/despido-improcedente\/\" target=\"_blank\" rel=\"noopener noreferrer\">despido improcedente<\/a><\/strong>, por tanto, la Ley permite el despido libre, cosa que no deber\u00eda ocurrir, ya que, en realidad deber\u00edan estar justificados por un motivo con base jur\u00eddica.<\/p>\n<p>\u27a8\u00a0Consulta aqu\u00ed los <strong><a href=\"https:\/\/www.billin.net\/blog\/que-tipos-de-despido-hay-en-la-actualidad\/\" target=\"_blank\" rel=\"noopener noreferrer\">tipos de despido<\/a>.<\/strong><\/p>\n<p>Claramente, cuando detr\u00e1s de un despido hay un motivo de violaci\u00f3n de los derechos fundamentales, se declarar\u00e1 <strong><a href=\"https:\/\/www.billin.net\/blog\/despido-nulo\/\" target=\"_blank\" rel=\"noopener noreferrer\">despido nulo<\/a><\/strong>, de tal manera, que el empresario tendr\u00e1 que readmitir al trabajador si \u00e9ste lo pidiese y se negara a recibir la indemnizaci\u00f3n.<\/p>\n<p>Esta protecci\u00f3n tambi\u00e9n se refleja, cuando la trabajadora se encuentra embarazada, es decir, que, si el motivo es por estar en gestaci\u00f3n, ese despido se calificar\u00eda como nulo y tendr\u00edan que admitir a la trabajadora sino aceptase la indemnizaci\u00f3n.<\/p>\n<p>Supongamos <strong>un despido no justificado de una empleada que no est\u00e9 embarazada<\/strong>, claramente, si la empresa no puede demostrar los motivos por los que despide a esta trabajadora, se declarar\u00e1 despido improcedente, y la empresa tendr\u00e1 que readmitir a la trabajadora o pagarle la indemnizaci\u00f3n.<\/p>\n<p>Si la empresa readmite a la trabajadora, tendr\u00e1 que respetar las condiciones anteriores, pagarle los salarios de tramitaci\u00f3n y cotizarlos en la Seguridad Social, y la trabajadora tendr\u00e1 que devolver la indemnizaci\u00f3n que hubiese recibido.<\/p>\n<p>Si la empresa decide indemnizarla, entonces tendr\u00e1 que pagarle un finiquito por el despido improcedente, donde la cantidad depender\u00e1 de la fecha en la que firm\u00f3 dicho contrato, ya que, si es anterior al 12 de febrero de 2012 se le pagar\u00e1n 45 d\u00edas por a\u00f1o trabajado con un m\u00e1ximo de 45 mensualidades, y 33 d\u00edas por a\u00f1o con un m\u00e1ximo de 42 mensualidades desde esa fecha en adelante.<\/p>\n<p>\u27a8\u00a0Haz aqu\u00ed el <strong><a href=\"https:\/\/www.billin.net\/calculadora-despedir-trabajador\/\" target=\"_blank\" rel=\"noopener noreferrer\">c\u00e1lculo de indemnizaci\u00f3n por despido<\/a>.<\/strong><\/p>\n<h3>Te pueden despedir estando embarazada<\/h3>\n<p>Ahora veamos el caso, de <strong>un despido no justificado de una empleada que s\u00ed est\u00e1 embarazada<\/strong>, ser\u00eda un caso donde una trabajadora es despedida por unos motivos que no puede demostrar la empresa ante un juicio laboral, y por tanto, se declara un despido improcedente, en este caso tanto la readmisi\u00f3n como el pago de una indemnizaci\u00f3n depender\u00e1 de lo que decida la trabajadora exclusivamente, debido a que el motivo del despido es el embarazo.<\/p>\n<p>Y en el caso contrario, donde el <strong>despido est\u00e9 justificado de una empleada que s\u00ed est\u00e1 embarazada<\/strong>, aqu\u00ed ser\u00eda un despido procedente, donde la trabajadora lo \u00fanico que recibir\u00e1 ser\u00e1 su finiquito, independientemente, de que se encuentre embarazada, ya que, ha cometido las suficientes faltas graves para que la empresa tome la decisi\u00f3n de despedirla.<\/p>\n<p>\u27a8\u00a0Aqu\u00ed tienes que es y <strong><a href=\"https:\/\/www.billin.net\/blog\/como-calcular-el-finiquito-por-fin-de-contrato-baja-voluntaria-y-despido\/\" target=\"_blank\" rel=\"noopener noreferrer\">c\u00f3mo calcular el finiquito<\/a>.<\/strong><\/p>\n<h2>Protecci\u00f3n a la maternidad en los Estatutos de los Trabajadores<\/h2>\n<p>Como hemos visto el despido de una mujer embarazada sin causa justificada, se considerar\u00e1 nulo desde la fecha del despido, de tal manera, que <strong>el empresario tendr\u00e1 que readmitir a la trabajadora<\/strong> pagando todos los salarios de tramitaci\u00f3n y cotiz\u00e1ndolos a la Seguridad Social.<\/p>\n<p>Seg\u00fan el Tribunal Constitucional, esto no se aplicar\u00e1 si la trabajadora se encuentra en el periodo de prueba.<\/p>\n<p>Este mecanismo de protecci\u00f3n se regula en el Estatuto de los Trabajadores, donde se incluyen todos los casos posibles de nulidad de despido, en su art\u00edculo 55.5., indicando que ser\u00e1 nulo cualquier despido causado por una acci\u00f3n discriminatoria que viole los derechos fundamentales y la libertad del trabajador.<\/p>\n<p><img loading=\"lazy\" decoding=\"async\" class=\"aligncenter wp-image-8833 size-full\" src=\"https:\/\/www.billin.net\/blog\/wp-content\/uploads\/2018\/09\/embarazada-despedida-min.jpg\" alt=\"despido embarazada\" width=\"850\" height=\"566\" srcset=\"https:\/\/www.billin.net\/blog\/wp-content\/uploads\/2018\/09\/embarazada-despedida-min.jpg 850w, https:\/\/www.billin.net\/blog\/wp-content\/uploads\/2018\/09\/embarazada-despedida-min-300x200.jpg 300w, https:\/\/www.billin.net\/blog\/wp-content\/uploads\/2018\/09\/embarazada-despedida-min-768x511.jpg 768w, https:\/\/www.billin.net\/blog\/wp-content\/uploads\/2018\/09\/embarazada-despedida-min-600x400.jpg 600w, https:\/\/www.billin.net\/blog\/wp-content\/uploads\/2018\/09\/embarazada-despedida-min-200x133.jpg 200w, https:\/\/www.billin.net\/blog\/wp-content\/uploads\/2018\/09\/embarazada-despedida-min-810x539.jpg 810w\" sizes=\"(max-width: 850px) 100vw, 850px\" \/><\/p>\n<h2>Mecanismo de protecci\u00f3n de la mujer embarazada<\/h2>\n<p>Supongamos que <strong>una trabajadora comunica a la empresa que est\u00e1 embarazada<\/strong>, y a partir de ese momento, se genera una situaci\u00f3n de conflicto, \u00bfqu\u00e9 podr\u00eda hacer la trabajadora?<\/p>\n<ul>\n<li>En caso de que existiese un enlace sindical, deber\u00e1 comunicarlo, y si son empresas m\u00e1s peque\u00f1as que no hay enlace, habr\u00eda que denunciarlo a la Inspecci\u00f3n de Trabajo.<\/li>\n<li>Otra opci\u00f3n, ser\u00eda plantear una finalizaci\u00f3n de contrato, seg\u00fan el art\u00edculo 50.1 del Estatuto de los Trabajadores, donde se solicita una indemnizaci\u00f3n por despido improcedente adem\u00e1s de da\u00f1os y perjuicios por la discriminaci\u00f3n de una mujer.<\/li>\n<\/ul>\n<p>Si una empresa ante un juicio con una empleada demuestra la veracidad de los <strong>motivos por los que ha despedido a esa trabajadora embarazada<\/strong>, se calificar\u00eda como un despido procedente y ser\u00eda v\u00e1lido, ya que, se demostrar\u00edan las faltas graves que hubiese cometido la empleada, y que han dado lugar a dicho despido.<\/p>\n<p>Esta empleada podr\u00eda solicitar el desempleo durante el periodo que tardara el juicio en salir, siempre que tuviese 360 d\u00edas cotizados en los \u00faltimos 6 a\u00f1os, si no, el subsidio por p\u00e9rdida de empleo.<\/p>\n<p>Desde la legislaci\u00f3n se intenta dar la <strong>m\u00e1xima protecci\u00f3n a la mujer embarazada<\/strong>, pero si nos fijamos en la pr\u00e1ctica veremos que son la minor\u00eda qui\u00e9n solicita la readmisi\u00f3n en el puesto de trabajo, ya que, lo normal es que ambas parten opten por la resoluci\u00f3n del contrato.<\/p>\n<p>Si te interesa este tema sobre el despido por embarazo no puedes dejar de ver el informe sobre la <a href=\"https:\/\/www.billin.net\/land\/brecha-salarial-de-genero\/\" target=\"_blank\" rel=\"noopener noreferrer\">desigualdad salarial<\/a> de TeamSystem Facturas Billin, el <a href=\"https:\/\/www.billin.net\/facturacion-pymes\/\" target=\"_blank\" rel=\"noopener noreferrer\">software para Pymes<\/a> y aut\u00f3nomos de facturaci\u00f3n.<\/p>\n","protected":false},"excerpt":{"rendered":"<p>\u00bfTe encuentras en esta situaci\u00f3n?, te mostramos todas las posibilidades que te ofrece la Ley seg\u00fan el contrato de trabajo que tenga la trabajadora embarazada y si procede el despido por embarazo.<\/p>\n","protected":false},"author":20,"featured_media":8832,"comment_status":"open","ping_status":"open","sticky":false,"template":"","format":"standard","meta":{"_acf_changed":false,"_et_pb_use_builder":"","_et_pb_old_content":"","_et_gb_content_width":"","om_disable_all_campaigns":false,"inline_featured_image":false,"footnotes":""},"categories":[1026],"tags":[],"class_list":{"0":"post-10667","1":"post","2":"type-post","3":"status-publish","4":"format-standard","5":"has-post-thumbnail","7":"category-recursos-humanos"},"acf":{"selector_de_usuario":null,"fecha_de_revision":"20200424"},"yoast_head":"<!-- This site is optimized with the Yoast SEO plugin v27.1 - https:\/\/yoast.com\/product\/yoast-seo-wordpress\/ -->\n<title>Despido por Embarazo: \u00bfEs posible? Legislaci\u00f3n - TeamSystem Facturas Billin<\/title>\n<meta name=\"description\" content=\"Como a cualquier trabajador, a una mujer embarazada se le puede despedir, siempre que tenga la empresa los motivos suficientes.\" \/>\n<meta name=\"robots\" content=\"index, follow, max-snippet:-1, max-image-preview:large, max-video-preview:-1\" \/>\n<link rel=\"canonical\" href=\"https:\/\/www.billin.net\/blog\/despido-de-una-trabajadora-embarazada\/\" \/>\n<meta property=\"og:locale\" content=\"es_ES\" \/>\n<meta property=\"og:type\" content=\"article\" \/>\n<meta property=\"og:title\" content=\"Despido por Embarazo: \u00bfEs posible? Legislaci\u00f3n - TeamSystem Facturas Billin\" \/>\n<meta property=\"og:description\" content=\"Como a cualquier trabajador, a una mujer embarazada se le puede despedir, siempre que tenga la empresa los motivos suficientes.\" \/>\n<meta property=\"og:url\" content=\"https:\/\/www.billin.net\/blog\/despido-de-una-trabajadora-embarazada\/\" \/>\n<meta property=\"og:site_name\" content=\"Blog de TeamSystem Facturas Billin\" \/>\n<meta property=\"article:publisher\" content=\"https:\/\/www.facebook.com\/EsBillin\" \/>\n<meta property=\"article:published_time\" content=\"2018-09-19T22:00:00+00:00\" \/>\n<meta property=\"article:modified_time\" content=\"2025-09-25T18:54:37+00:00\" \/>\n<meta property=\"og:image\" content=\"https:\/\/www.billin.net\/blog\/wp-content\/uploads\/2018\/09\/despedir-embarazada-min.jpg\" \/>\n\t<meta property=\"og:image:width\" content=\"850\" \/>\n\t<meta property=\"og:image:height\" content=\"566\" \/>\n\t<meta property=\"og:image:type\" content=\"image\/jpeg\" \/>\n<meta name=\"author\" content=\"Marcos De La Cueva - CEO TeamSystem Facturas Billin\" \/>\n<meta name=\"twitter:card\" content=\"summary_large_image\" \/>\n<meta name=\"twitter:creator\" content=\"@Billin_ES\" \/>\n<meta name=\"twitter:site\" content=\"@Billin_ES\" \/>\n<meta name=\"twitter:label1\" content=\"Escrito por\" \/>\n\t<meta name=\"twitter:data1\" content=\"Marcos De La Cueva - CEO TeamSystem Facturas Billin\" \/>\n\t<meta name=\"twitter:label2\" content=\"Tiempo de lectura\" \/>\n\t<meta name=\"twitter:data2\" content=\"5 minutos\" \/>\n<script type=\"application\/ld+json\" class=\"yoast-schema-graph\">{\"@context\":\"https:\/\/schema.org\",\"@graph\":[{\"@type\":\"Article\",\"@id\":\"https:\/\/www.billin.net\/blog\/despido-de-una-trabajadora-embarazada\/#article\",\"isPartOf\":{\"@id\":\"https:\/\/www.billin.net\/blog\/despido-de-una-trabajadora-embarazada\/\"},\"author\":{\"name\":\"Marcos De La Cueva - CEO TeamSystem Facturas Billin\",\"@id\":\"https:\/\/www.billin.net\/blog\/#\/schema\/person\/d0339ee6e869234614541b1e80a793e7\"},\"headline\":\"El despido durante el embarazo\",\"datePublished\":\"2018-09-19T22:00:00+00:00\",\"dateModified\":\"2025-09-25T18:54:37+00:00\",\"mainEntityOfPage\":{\"@id\":\"https:\/\/www.billin.net\/blog\/despido-de-una-trabajadora-embarazada\/\"},\"wordCount\":957,\"commentCount\":0,\"publisher\":{\"@id\":\"https:\/\/www.billin.net\/blog\/#organization\"},\"image\":{\"@id\":\"https:\/\/www.billin.net\/blog\/despido-de-una-trabajadora-embarazada\/#primaryimage\"},\"thumbnailUrl\":\"https:\/\/www.billin.net\/blog\/wp-content\/uploads\/2018\/09\/despedir-embarazada-min.jpg\",\"articleSection\":[\"Recursos humanos\"],\"inLanguage\":\"es\",\"potentialAction\":[{\"@type\":\"CommentAction\",\"name\":\"Comment\",\"target\":[\"https:\/\/www.billin.net\/blog\/despido-de-una-trabajadora-embarazada\/#respond\"]}]},{\"@type\":\"WebPage\",\"@id\":\"https:\/\/www.billin.net\/blog\/despido-de-una-trabajadora-embarazada\/\",\"url\":\"https:\/\/www.billin.net\/blog\/despido-de-una-trabajadora-embarazada\/\",\"name\":\"Despido por Embarazo: \u00bfEs posible? Legislaci\u00f3n - TeamSystem Facturas Billin\",\"isPartOf\":{\"@id\":\"https:\/\/www.billin.net\/blog\/#website\"},\"primaryImageOfPage\":{\"@id\":\"https:\/\/www.billin.net\/blog\/despido-de-una-trabajadora-embarazada\/#primaryimage\"},\"image\":{\"@id\":\"https:\/\/www.billin.net\/blog\/despido-de-una-trabajadora-embarazada\/#primaryimage\"},\"thumbnailUrl\":\"https:\/\/www.billin.net\/blog\/wp-content\/uploads\/2018\/09\/despedir-embarazada-min.jpg\",\"datePublished\":\"2018-09-19T22:00:00+00:00\",\"dateModified\":\"2025-09-25T18:54:37+00:00\",\"description\":\"Como a cualquier trabajador, a una mujer embarazada se le puede despedir, siempre que tenga la empresa los motivos suficientes.\",\"breadcrumb\":{\"@id\":\"https:\/\/www.billin.net\/blog\/despido-de-una-trabajadora-embarazada\/#breadcrumb\"},\"inLanguage\":\"es\",\"potentialAction\":[{\"@type\":\"ReadAction\",\"target\":[\"https:\/\/www.billin.net\/blog\/despido-de-una-trabajadora-embarazada\/\"]}]},{\"@type\":\"ImageObject\",\"inLanguage\":\"es\",\"@id\":\"https:\/\/www.billin.net\/blog\/despido-de-una-trabajadora-embarazada\/#primaryimage\",\"url\":\"https:\/\/www.billin.net\/blog\/wp-content\/uploads\/2018\/09\/despedir-embarazada-min.jpg\",\"contentUrl\":\"https:\/\/www.billin.net\/blog\/wp-content\/uploads\/2018\/09\/despedir-embarazada-min.jpg\",\"width\":850,\"height\":566,\"caption\":\"despido por embarazo\"},{\"@type\":\"BreadcrumbList\",\"@id\":\"https:\/\/www.billin.net\/blog\/despido-de-una-trabajadora-embarazada\/#breadcrumb\",\"itemListElement\":[{\"@type\":\"ListItem\",\"position\":1,\"name\":\"Blog\",\"item\":\"https:\/\/www.billin.net\/blog\/\"},{\"@type\":\"ListItem\",\"position\":2,\"name\":\"Recursos humanos\",\"item\":\"https:\/\/www.billin.net\/blog\/recursos-humanos\/\"},{\"@type\":\"ListItem\",\"position\":3,\"name\":\"El despido durante el embarazo\"}]},{\"@type\":\"WebSite\",\"@id\":\"https:\/\/www.billin.net\/blog\/#website\",\"url\":\"https:\/\/www.billin.net\/blog\/\",\"name\":\"Blog de Billin\",\"description\":\"Mantente informado con el blog de TeamSystem Facturas Billin:  facturaci\u00f3n, legislaci\u00f3n, contabilidad, management y toda la informaci\u00f3n \u00fatil para pymes y aut\u00f3nomos.\",\"publisher\":{\"@id\":\"https:\/\/www.billin.net\/blog\/#organization\"},\"potentialAction\":[{\"@type\":\"SearchAction\",\"target\":{\"@type\":\"EntryPoint\",\"urlTemplate\":\"https:\/\/www.billin.net\/blog\/?s={search_term_string}\"},\"query-input\":{\"@type\":\"PropertyValueSpecification\",\"valueRequired\":true,\"valueName\":\"search_term_string\"}}],\"inLanguage\":\"es\"},{\"@type\":\"Organization\",\"@id\":\"https:\/\/www.billin.net\/blog\/#organization\",\"name\":\"Billin\",\"alternateName\":\"Blog de Billin\",\"url\":\"https:\/\/www.billin.net\/blog\/\",\"logo\":{\"@type\":\"ImageObject\",\"inLanguage\":\"es\",\"@id\":\"https:\/\/www.billin.net\/blog\/#\/schema\/logo\/image\/\",\"url\":\"https:\/\/www.billin.net\/blog\/wp-content\/uploads\/2019\/06\/logotipo-billin-blog-1.png\",\"contentUrl\":\"https:\/\/www.billin.net\/blog\/wp-content\/uploads\/2019\/06\/logotipo-billin-blog-1.png\",\"width\":126,\"height\":50,\"caption\":\"Billin\"},\"image\":{\"@id\":\"https:\/\/www.billin.net\/blog\/#\/schema\/logo\/image\/\"},\"sameAs\":[\"https:\/\/www.facebook.com\/EsBillin\",\"https:\/\/x.com\/Billin_ES\",\"https:\/\/www.instagram.com\/billin_es\/\",\"https:\/\/www.linkedin.com\/company\/billin-spain\",\"https:\/\/www.youtube.com\/c\/BillinEsintercambiodefacturas\/\"],\"legalName\":\"MY EXPENSES SL\",\"contactPoint\":{\"@type\":\"ContactPoint\",\"telephone\":\"+34918318883\",\"contactType\":\"customer service\",\"email\":\"info@billin.eu\",\"availableLanguage\":\"es\"},\"foundingDate\":\"2015\",\"numberOfEmployees\":{\"@type\":\"QuantitativeValue\",\"minValue\":10,\"maxValue\":50},\"parentOrganization\":{\"@type\":\"Organization\",\"name\":\"TeamSystem\",\"url\":\"https:\/\/www.teamsystem.com\/\"},\"description\":\"Billin es el programa de facturaci\u00f3n online de TeamSystem para aut\u00f3nomos y pymes en Espa\u00f1a. Permite crear facturas, controlar gastos y cumplir con Verifactu.\",\"address\":{\"@type\":\"PostalAddress\",\"streetAddress\":\"Calle Arturo Soria, 336\",\"addressLocality\":\"Madrid\",\"addressRegion\":\"Madrid\",\"postalCode\":\"28033\",\"addressCountry\":\"ES\"}},{\"@type\":\"Person\",\"@id\":\"https:\/\/www.billin.net\/blog\/#\/schema\/person\/d0339ee6e869234614541b1e80a793e7\",\"name\":\"Marcos De La Cueva - CEO TeamSystem Facturas Billin\",\"image\":{\"@type\":\"ImageObject\",\"inLanguage\":\"es\",\"@id\":\"https:\/\/www.billin.net\/blog\/#\/schema\/person\/image\/\",\"url\":\"https:\/\/www.billin.net\/blog\/wp-content\/uploads\/2023\/10\/marcos-color-150x150.png\",\"contentUrl\":\"https:\/\/www.billin.net\/blog\/wp-content\/uploads\/2023\/10\/marcos-color-150x150.png\",\"caption\":\"Marcos De La Cueva - CEO TeamSystem Facturas Billin\"},\"description\":\"Licenciado en ADE por la Universidad Aut\u00f3noma de Madrid, Marcos De la Cueva es CEO y cofundador de TeamSystem Facturas Billin, un programa online que lleva m\u00e1s de 9 a\u00f1os ayudando a aut\u00f3nomos, peque\u00f1os negocios y gestor\u00edas a digitalizar sus presupuestos, facturas, tickets y gastos. \u00a0 Sobre Marcos De La Cueva \u00a0 Apasionado por el mundo empresarial y la tecnolog\u00eda, curs\u00f3 su M\u00e1ster de Finanzas en la Universidad Pontificia de Comillas y estuvo en el Programa de Cooperaci\u00f3n Educativa de la Universidad Aut\u00f3noma de Madrid. \u00a0 Marcos siempre ha tenido su objetivo claro: ayudar a la creaci\u00f3n de negocios financieramente sostenibles a trav\u00e9s de una herramienta de facturaci\u00f3n que les permita ahorrar tiempo y tener la contabilidad bajo control. \u00a0 Marcos De La Cueva en los medios \u2014 Noticia sobre Kit Digital y Ley Antifraude (VeriFactu) en El Economista. \u2014 Noticia sobre Kit Digital y factura electr\u00f3nica obligatoria en Diario Jur\u00eddico. \u2014 Noticia sobre el a\u00f1o de transici\u00f3n para la factura electr\u00f3nica en Muy Pymes. \u2014 Entrevista sobre factura electr\u00f3nica obligatoria en Canal Sur. \u2014 Noticia sobre el informe factura electr\u00f3nica de TeamSystem en Channel Partner. \u2014 Charla sobre productividad y Ley Crea y Crece en El Economista. \u2014 Charla sobre factura electr\u00f3nica obligatoria en Muy Pymes. \u2014 Charla sobre digitalizaci\u00f3n aut\u00f3nomos y productividad en esdiario. \u2014 Charla sobre productividad y factura electr\u00f3nica en La Raz\u00f3n. \u2014 Charla sobre factura electr\u00f3nica obligatoria en Aut\u00f3nomos y Emprendedores. \u2014 Entrevista sobre Ley Antifraude y Ley Crea y Crece en Expansi\u00f3n. \u2014 Entrevista sobre Ley Antifraude y Ley Crea y Crece en La Raz\u00f3n. \u2014 Entrevista sobre factura electr\u00f3nica obligatoria en El Economista. \u2014 Comunicado Billin y TeamSystem en Business Insider. \u2014 Entrevista en Econom\u00eda Digital. \u2014 Entrevista en Ideas para tu empresa de Vodafone. \u2014 Entrevista en M\u00e1sQradio. \u2014 Entrevista en Armas para emprender de El M\u00e9todo Gallardo. \u2014 Entrevista en KFund. \u2014 Entrevista en AXA Seguros Espa\u00f1a. \u2014 Entrevista en GestionaRadio. \u00a0 Marcos De La Cueva en eventos \u00a0 \u2014 Participaci\u00f3n como ponente en Accountex Espa\u00f1a 2023. \u00a0 Tem\u00e1ticas de especializaci\u00f3n \u00a0 negocios | startups | contabilidad| fiscalidad | empresas| asesor\u00edas| autonomos | emprendedores | peque\u00f1os negocios | econom\u00eda | ADE | pymes | desarrollo de negocio\u00a0\",\"sameAs\":[\"https:\/\/www.billin.net\/\",\"https:\/\/www.linkedin.com\/in\/marcos-de-la-cueva-19750ba3\/\"],\"url\":\"https:\/\/www.billin.net\/blog\/author\/marcosdelacueva\/\",\"jobTitle\":\"CEO y cofundador de TS Facturas Billin\"}]}<\/script>\n<!-- \/ Yoast SEO plugin. -->","yoast_head_json":{"title":"Despido por Embarazo: \u00bfEs posible? Legislaci\u00f3n - TeamSystem Facturas Billin","description":"Como a cualquier trabajador, a una mujer embarazada se le puede despedir, siempre que tenga la empresa los motivos suficientes.","robots":{"index":"index","follow":"follow","max-snippet":"max-snippet:-1","max-image-preview":"max-image-preview:large","max-video-preview":"max-video-preview:-1"},"canonical":"https:\/\/www.billin.net\/blog\/despido-de-una-trabajadora-embarazada\/","og_locale":"es_ES","og_type":"article","og_title":"Despido por Embarazo: \u00bfEs posible? Legislaci\u00f3n - TeamSystem Facturas Billin","og_description":"Como a cualquier trabajador, a una mujer embarazada se le puede despedir, siempre que tenga la empresa los motivos suficientes.","og_url":"https:\/\/www.billin.net\/blog\/despido-de-una-trabajadora-embarazada\/","og_site_name":"Blog de TeamSystem Facturas Billin","article_publisher":"https:\/\/www.facebook.com\/EsBillin","article_published_time":"2018-09-19T22:00:00+00:00","article_modified_time":"2025-09-25T18:54:37+00:00","og_image":[{"width":850,"height":566,"url":"https:\/\/www.billin.net\/blog\/wp-content\/uploads\/2018\/09\/despedir-embarazada-min.jpg","type":"image\/jpeg"}],"author":"Marcos De La Cueva - CEO TeamSystem Facturas Billin","twitter_card":"summary_large_image","twitter_creator":"@Billin_ES","twitter_site":"@Billin_ES","twitter_misc":{"Escrito por":"Marcos De La Cueva - CEO TeamSystem Facturas Billin","Tiempo de lectura":"5 minutos"},"schema":{"@context":"https:\/\/schema.org","@graph":[{"@type":"Article","@id":"https:\/\/www.billin.net\/blog\/despido-de-una-trabajadora-embarazada\/#article","isPartOf":{"@id":"https:\/\/www.billin.net\/blog\/despido-de-una-trabajadora-embarazada\/"},"author":{"name":"Marcos De La Cueva - CEO TeamSystem Facturas Billin","@id":"https:\/\/www.billin.net\/blog\/#\/schema\/person\/d0339ee6e869234614541b1e80a793e7"},"headline":"El despido durante el embarazo","datePublished":"2018-09-19T22:00:00+00:00","dateModified":"2025-09-25T18:54:37+00:00","mainEntityOfPage":{"@id":"https:\/\/www.billin.net\/blog\/despido-de-una-trabajadora-embarazada\/"},"wordCount":957,"commentCount":0,"publisher":{"@id":"https:\/\/www.billin.net\/blog\/#organization"},"image":{"@id":"https:\/\/www.billin.net\/blog\/despido-de-una-trabajadora-embarazada\/#primaryimage"},"thumbnailUrl":"https:\/\/www.billin.net\/blog\/wp-content\/uploads\/2018\/09\/despedir-embarazada-min.jpg","articleSection":["Recursos humanos"],"inLanguage":"es","potentialAction":[{"@type":"CommentAction","name":"Comment","target":["https:\/\/www.billin.net\/blog\/despido-de-una-trabajadora-embarazada\/#respond"]}]},{"@type":"WebPage","@id":"https:\/\/www.billin.net\/blog\/despido-de-una-trabajadora-embarazada\/","url":"https:\/\/www.billin.net\/blog\/despido-de-una-trabajadora-embarazada\/","name":"Despido por Embarazo: \u00bfEs posible? Legislaci\u00f3n - TeamSystem Facturas Billin","isPartOf":{"@id":"https:\/\/www.billin.net\/blog\/#website"},"primaryImageOfPage":{"@id":"https:\/\/www.billin.net\/blog\/despido-de-una-trabajadora-embarazada\/#primaryimage"},"image":{"@id":"https:\/\/www.billin.net\/blog\/despido-de-una-trabajadora-embarazada\/#primaryimage"},"thumbnailUrl":"https:\/\/www.billin.net\/blog\/wp-content\/uploads\/2018\/09\/despedir-embarazada-min.jpg","datePublished":"2018-09-19T22:00:00+00:00","dateModified":"2025-09-25T18:54:37+00:00","description":"Como a cualquier trabajador, a una mujer embarazada se le puede despedir, siempre que tenga la empresa los motivos suficientes.","breadcrumb":{"@id":"https:\/\/www.billin.net\/blog\/despido-de-una-trabajadora-embarazada\/#breadcrumb"},"inLanguage":"es","potentialAction":[{"@type":"ReadAction","target":["https:\/\/www.billin.net\/blog\/despido-de-una-trabajadora-embarazada\/"]}]},{"@type":"ImageObject","inLanguage":"es","@id":"https:\/\/www.billin.net\/blog\/despido-de-una-trabajadora-embarazada\/#primaryimage","url":"https:\/\/www.billin.net\/blog\/wp-content\/uploads\/2018\/09\/despedir-embarazada-min.jpg","contentUrl":"https:\/\/www.billin.net\/blog\/wp-content\/uploads\/2018\/09\/despedir-embarazada-min.jpg","width":850,"height":566,"caption":"despido por embarazo"},{"@type":"BreadcrumbList","@id":"https:\/\/www.billin.net\/blog\/despido-de-una-trabajadora-embarazada\/#breadcrumb","itemListElement":[{"@type":"ListItem","position":1,"name":"Blog","item":"https:\/\/www.billin.net\/blog\/"},{"@type":"ListItem","position":2,"name":"Recursos humanos","item":"https:\/\/www.billin.net\/blog\/recursos-humanos\/"},{"@type":"ListItem","position":3,"name":"El despido durante el embarazo"}]},{"@type":"WebSite","@id":"https:\/\/www.billin.net\/blog\/#website","url":"https:\/\/www.billin.net\/blog\/","name":"Blog de Billin","description":"Mantente informado con el blog de TeamSystem Facturas Billin:  facturaci\u00f3n, legislaci\u00f3n, contabilidad, management y toda la informaci\u00f3n \u00fatil para pymes y aut\u00f3nomos.","publisher":{"@id":"https:\/\/www.billin.net\/blog\/#organization"},"potentialAction":[{"@type":"SearchAction","target":{"@type":"EntryPoint","urlTemplate":"https:\/\/www.billin.net\/blog\/?s={search_term_string}"},"query-input":{"@type":"PropertyValueSpecification","valueRequired":true,"valueName":"search_term_string"}}],"inLanguage":"es"},{"@type":"Organization","@id":"https:\/\/www.billin.net\/blog\/#organization","name":"Billin","alternateName":"Blog de Billin","url":"https:\/\/www.billin.net\/blog\/","logo":{"@type":"ImageObject","inLanguage":"es","@id":"https:\/\/www.billin.net\/blog\/#\/schema\/logo\/image\/","url":"https:\/\/www.billin.net\/blog\/wp-content\/uploads\/2019\/06\/logotipo-billin-blog-1.png","contentUrl":"https:\/\/www.billin.net\/blog\/wp-content\/uploads\/2019\/06\/logotipo-billin-blog-1.png","width":126,"height":50,"caption":"Billin"},"image":{"@id":"https:\/\/www.billin.net\/blog\/#\/schema\/logo\/image\/"},"sameAs":["https:\/\/www.facebook.com\/EsBillin","https:\/\/x.com\/Billin_ES","https:\/\/www.instagram.com\/billin_es\/","https:\/\/www.linkedin.com\/company\/billin-spain","https:\/\/www.youtube.com\/c\/BillinEsintercambiodefacturas\/"],"legalName":"MY EXPENSES SL","contactPoint":{"@type":"ContactPoint","telephone":"+34918318883","contactType":"customer service","email":"info@billin.eu","availableLanguage":"es"},"foundingDate":"2015","numberOfEmployees":{"@type":"QuantitativeValue","minValue":10,"maxValue":50},"parentOrganization":{"@type":"Organization","name":"TeamSystem","url":"https:\/\/www.teamsystem.com\/"},"description":"Billin es el programa de facturaci\u00f3n online de TeamSystem para aut\u00f3nomos y pymes en Espa\u00f1a. Permite crear facturas, controlar gastos y cumplir con Verifactu.","address":{"@type":"PostalAddress","streetAddress":"Calle Arturo Soria, 336","addressLocality":"Madrid","addressRegion":"Madrid","postalCode":"28033","addressCountry":"ES"}},{"@type":"Person","@id":"https:\/\/www.billin.net\/blog\/#\/schema\/person\/d0339ee6e869234614541b1e80a793e7","name":"Marcos De La Cueva - CEO TeamSystem Facturas Billin","image":{"@type":"ImageObject","inLanguage":"es","@id":"https:\/\/www.billin.net\/blog\/#\/schema\/person\/image\/","url":"https:\/\/www.billin.net\/blog\/wp-content\/uploads\/2023\/10\/marcos-color-150x150.png","contentUrl":"https:\/\/www.billin.net\/blog\/wp-content\/uploads\/2023\/10\/marcos-color-150x150.png","caption":"Marcos De La Cueva - CEO TeamSystem Facturas Billin"},"description":"Licenciado en ADE por la Universidad Aut\u00f3noma de Madrid, Marcos De la Cueva es CEO y cofundador de TeamSystem Facturas Billin, un programa online que lleva m\u00e1s de 9 a\u00f1os ayudando a aut\u00f3nomos, peque\u00f1os negocios y gestor\u00edas a digitalizar sus presupuestos, facturas, tickets y gastos. \u00a0 Sobre Marcos De La Cueva \u00a0 Apasionado por el mundo empresarial y la tecnolog\u00eda, curs\u00f3 su M\u00e1ster de Finanzas en la Universidad Pontificia de Comillas y estuvo en el Programa de Cooperaci\u00f3n Educativa de la Universidad Aut\u00f3noma de Madrid. \u00a0 Marcos siempre ha tenido su objetivo claro: ayudar a la creaci\u00f3n de negocios financieramente sostenibles a trav\u00e9s de una herramienta de facturaci\u00f3n que les permita ahorrar tiempo y tener la contabilidad bajo control. \u00a0 Marcos De La Cueva en los medios \u2014 Noticia sobre Kit Digital y Ley Antifraude (VeriFactu) en El Economista. \u2014 Noticia sobre Kit Digital y factura electr\u00f3nica obligatoria en Diario Jur\u00eddico. \u2014 Noticia sobre el a\u00f1o de transici\u00f3n para la factura electr\u00f3nica en Muy Pymes. \u2014 Entrevista sobre factura electr\u00f3nica obligatoria en Canal Sur. \u2014 Noticia sobre el informe factura electr\u00f3nica de TeamSystem en Channel Partner. \u2014 Charla sobre productividad y Ley Crea y Crece en El Economista. \u2014 Charla sobre factura electr\u00f3nica obligatoria en Muy Pymes. \u2014 Charla sobre digitalizaci\u00f3n aut\u00f3nomos y productividad en esdiario. \u2014 Charla sobre productividad y factura electr\u00f3nica en La Raz\u00f3n. \u2014 Charla sobre factura electr\u00f3nica obligatoria en Aut\u00f3nomos y Emprendedores. \u2014 Entrevista sobre Ley Antifraude y Ley Crea y Crece en Expansi\u00f3n. \u2014 Entrevista sobre Ley Antifraude y Ley Crea y Crece en La Raz\u00f3n. \u2014 Entrevista sobre factura electr\u00f3nica obligatoria en El Economista. \u2014 Comunicado Billin y TeamSystem en Business Insider. \u2014 Entrevista en Econom\u00eda Digital. \u2014 Entrevista en Ideas para tu empresa de Vodafone. \u2014 Entrevista en M\u00e1sQradio. \u2014 Entrevista en Armas para emprender de El M\u00e9todo Gallardo. \u2014 Entrevista en KFund. \u2014 Entrevista en AXA Seguros Espa\u00f1a. \u2014 Entrevista en GestionaRadio. \u00a0 Marcos De La Cueva en eventos \u00a0 \u2014 Participaci\u00f3n como ponente en Accountex Espa\u00f1a 2023. \u00a0 Tem\u00e1ticas de especializaci\u00f3n \u00a0 negocios | startups | contabilidad| fiscalidad | empresas| asesor\u00edas| autonomos | emprendedores | peque\u00f1os negocios | econom\u00eda | ADE | pymes | desarrollo de negocio\u00a0","sameAs":["https:\/\/www.billin.net\/","https:\/\/www.linkedin.com\/in\/marcos-de-la-cueva-19750ba3\/"],"url":"https:\/\/www.billin.net\/blog\/author\/marcosdelacueva\/","jobTitle":"CEO y cofundador de TS Facturas Billin"}]}},"_links":{"self":[{"href":"https:\/\/www.billin.net\/blog\/wp-json\/wp\/v2\/posts\/10667","targetHints":{"allow":["GET"]}}],"collection":[{"href":"https:\/\/www.billin.net\/blog\/wp-json\/wp\/v2\/posts"}],"about":[{"href":"https:\/\/www.billin.net\/blog\/wp-json\/wp\/v2\/types\/post"}],"author":[{"embeddable":true,"href":"https:\/\/www.billin.net\/blog\/wp-json\/wp\/v2\/users\/20"}],"replies":[{"embeddable":true,"href":"https:\/\/www.billin.net\/blog\/wp-json\/wp\/v2\/comments?post=10667"}],"version-history":[{"count":10,"href":"https:\/\/www.billin.net\/blog\/wp-json\/wp\/v2\/posts\/10667\/revisions"}],"predecessor-version":[{"id":27844,"href":"https:\/\/www.billin.net\/blog\/wp-json\/wp\/v2\/posts\/10667\/revisions\/27844"}],"wp:featuredmedia":[{"embeddable":true,"href":"https:\/\/www.billin.net\/blog\/wp-json\/wp\/v2\/media\/8832"}],"wp:attachment":[{"href":"https:\/\/www.billin.net\/blog\/wp-json\/wp\/v2\/media?parent=10667"}],"wp:term":[{"taxonomy":"category","embeddable":true,"href":"https:\/\/www.billin.net\/blog\/wp-json\/wp\/v2\/categories?post=10667"},{"taxonomy":"post_tag","embeddable":true,"href":"https:\/\/www.billin.net\/blog\/wp-json\/wp\/v2\/tags?post=10667"}],"curies":[{"name":"wp","href":"https:\/\/api.w.org\/{rel}","templated":true}]}}