{"id":10662,"date":"2018-09-14T00:00:00","date_gmt":"2018-09-13T22:00:00","guid":{"rendered":"https:\/\/www.billin.net\/blog\/bajas-laborales-autonomos-trabajadores\/"},"modified":"2025-09-25T20:54:48","modified_gmt":"2025-09-25T18:54:48","slug":"bajas-laborales-autonomos-trabajadores","status":"publish","type":"post","link":"https:\/\/www.billin.net\/blog\/bajas-laborales-autonomos-trabajadores\/","title":{"rendered":"C\u00f3mo pedir la baja laboral de aut\u00f3nomos y trabajadores en 2025"},"content":{"rendered":"<p><span style=\"font-weight: 400;\">\u00bfSab\u00edas que un aut\u00f3nomo tambi\u00e9n puede cobrar una baja laboral, igual que un trabajador por cuenta ajena? \u00bfY qu\u00e9 pasa si sufres un accidente laboral? \u00bfSabes cu\u00e1nto cobrar\u00edas si te encuentras de baja?\u00a0<\/span><\/p>\n<p><span style=\"font-weight: 400;\">Estos son solo algunos de los aspectos que vamos a cubrir en este art\u00edculo. Si te interesa conocer los <\/span><b>derechos y requisitos que tienes como aut\u00f3nomo en caso de necesitar una baja<\/b><span style=\"font-weight: 400;\">, o si ya est\u00e1s pasando por una situaci\u00f3n similar, aqu\u00ed te contamos todo lo que debes saber sobre las prestaciones por baja laboral y c\u00f3mo tramitarla.<\/span><\/p>\n<p><!--more--><\/p>\n<h2><b>\u00bfQu\u00e9 es la baja laboral de los aut\u00f3nomos?<\/b><\/h2>\n<p><span style=\"font-weight: 400;\">La baja laboral de los aut\u00f3nomos es un derecho que permite a los trabajadores por cuenta propia suspender su actividad debido a problemas de salud, ya sea por enfermedad com\u00fan, accidente o enfermedad laboral.\u00a0<\/span><\/p>\n<p><b>As\u00ed como, aquellas situaciones en que pueda encontrarse la mujer en caso de:<\/b><\/p>\n<ul>\n<li style=\"font-weight: 400;\" aria-level=\"1\"><span style=\"font-weight: 400;\">Menstruaci\u00f3n incapacitante secundaria.<\/span><\/li>\n<li style=\"font-weight: 400;\" aria-level=\"1\"><span style=\"font-weight: 400;\">Interrupci\u00f3n del embarazo, voluntaria o no, mientras reciba asistencia sanitaria por el Servicio P\u00fablico de Salud y est\u00e9 impedida para el trabajo.<\/span><\/li>\n<li style=\"font-weight: 400;\" aria-level=\"1\"><span style=\"font-weight: 400;\">Gestaci\u00f3n de la mujer trabajadora desde el d\u00eda primero de la semana trig\u00e9sima novena.<\/span><\/li>\n<\/ul>\n<p><span style=\"font-weight: 400;\">Dependiendo de la causa, el aut\u00f3nomo\/a puede tener <\/span><b>derecho a percibir una prestaci\u00f3n econ\u00f3mica <\/b><span style=\"font-weight: 400;\">que le sustituya por la p\u00e9rdida de ingresos durante el tiempo que est\u00e9 incapacitado.<\/span><\/p>\n<h2><b>\u00bfUn aut\u00f3nomo tiene derecho a cobrar la baja?<\/b><\/h2>\n<p><b>La respuesta es S\u00ed<\/b><span style=\"font-weight: 400;\">,<\/span><b> un aut\u00f3nomo tiene derecho a baja laboral<\/b><span style=\"font-weight: 400;\">. Sin embargo, este derecho est\u00e1 condicionado a que el aut\u00f3nomo est\u00e9 <\/span><a href=\"https:\/\/www.billin.net\/blog\/darse-de-alta-como-autonomo\/\"><span style=\"font-weight: 400;\">dado de alta en el R\u00e9gimen Especial de Trabajadores Aut\u00f3nomos (RETA)<\/span><\/a><span style=\"font-weight: 400;\"> y haya cotizado al menos durante 180 d\u00edas en los \u00faltimos 5 a\u00f1os, seg\u00fan el tipo de baja.\u00a0<\/span><\/p>\n<p><span style=\"font-weight: 400;\">Adem\u00e1s, debe cumplir con los plazos establecidos para solicitarla. En caso de accidente laboral, no se exige un per\u00edodo de cotizaci\u00f3n previo.<\/span><\/p>\n<h2><b>\u00bfCu\u00e1nto cobra un aut\u00f3nomo estando de baja?<\/b><\/h2>\n<p><span style=\"font-weight: 400;\">La prestaci\u00f3n que cobra un aut\u00f3nomo de baja laboral depende del motivo de la baja, la duraci\u00f3n de la misma y la base de cotizaci\u00f3n elegida.<\/span><\/p>\n<p><span style=\"font-weight: 400;\">En caso de <\/span><b>enfermedad com\u00fan y accidente no laboral<\/b><span style=\"font-weight: 400;\">: 60% de la base reguladora desde el 4\u00ba d\u00eda de la baja hasta el 20\u00ba inclusive y el 75% desde el d\u00eda 21 en adelante.<\/span><\/p>\n<p><span style=\"font-weight: 400;\">En caso de <\/span><b>enfermedad profesional o accidente de trabajo:<\/b><span style=\"font-weight: 400;\"> 75% de la base reguladora desde el d\u00eda siguiente al de la baja en el trabajo.<\/span><\/p>\n<p><span style=\"font-weight: 400;\">En caso de <\/span><b>menstruaci\u00f3n incapacitante secundaria: <\/b><span style=\"font-weight: 400;\">Del primer d\u00eda al vig\u00e9simo: 60% de la base reguladora y a partir del vig\u00e9simo primero: 75%.<\/span><\/p>\n<p><span style=\"font-weight: 400;\">En caso de<\/span><b> interrupci\u00f3n del embarazo y d\u00eda primero semana trig\u00e9sima novena de gestaci\u00f3n: <\/b><span style=\"font-weight: 400;\">Primer d\u00eda: salario. Del segundo al vig\u00e9simo d\u00eda: 60% de la base reguladora. A partir del vig\u00e9simo primer d\u00eda: 75%.<\/span><\/p>\n<p><span style=\"font-weight: 400;\">En caso de <\/span><b>maternidad o <\/b><a href=\"https:\/\/www.billin.net\/blog\/baja-paternidad-autonomos-lo-debes-saber\/\"><b>baja por paternidad<\/b><\/a><b>: <\/b><span style=\"font-weight: 400;\">El 100% de la base durante el per\u00edodo de baja.<\/span><\/p>\n<p><img loading=\"lazy\" decoding=\"async\" class=\"aligncenter wp-image-8811 size-full\" src=\"https:\/\/www.billin.net\/blog\/wp-content\/uploads\/2018\/09\/autonomo-baja-laboral-min.jpg\" alt=\"cuanto cobra un autonomo de baja\" width=\"850\" height=\"567\" srcset=\"https:\/\/www.billin.net\/blog\/wp-content\/uploads\/2018\/09\/autonomo-baja-laboral-min.jpg 850w, https:\/\/www.billin.net\/blog\/wp-content\/uploads\/2018\/09\/autonomo-baja-laboral-min-300x200.jpg 300w, https:\/\/www.billin.net\/blog\/wp-content\/uploads\/2018\/09\/autonomo-baja-laboral-min-768x512.jpg 768w, https:\/\/www.billin.net\/blog\/wp-content\/uploads\/2018\/09\/autonomo-baja-laboral-min-600x400.jpg 600w, https:\/\/www.billin.net\/blog\/wp-content\/uploads\/2018\/09\/autonomo-baja-laboral-min-200x133.jpg 200w, https:\/\/www.billin.net\/blog\/wp-content\/uploads\/2018\/09\/autonomo-baja-laboral-min-810x540.jpg 810w\" sizes=\"(max-width: 850px) 100vw, 850px\" \/><\/p>\n<h2><b>Requisitos para pedir la baja laboral de aut\u00f3nomos<\/b><\/h2>\n<p><span style=\"font-weight: 400;\">Los aut\u00f3nomos deben cumplir ciertos requisitos generales y espec\u00edficos para <\/span><b>acceder a la baja laboral:<\/b><\/p>\n<p><span style=\"font-weight: 400;\">Los <\/span><b>requisitos generales son los siguientes:<\/b><\/p>\n<ul>\n<li style=\"font-weight: 400;\" aria-level=\"1\"><b>Alta en el RETA:<\/b><span style=\"font-weight: 400;\"> el aut\u00f3nomo debe estar registrado en el R\u00e9gimen Especial de Trabajadores Aut\u00f3nomos.<\/span><\/li>\n<\/ul>\n<ul>\n<li style=\"font-weight: 400;\" aria-level=\"1\"><b>Al corriente de pago <\/b><span style=\"font-weight: 400;\">de las <\/span><a href=\"https:\/\/www.billin.net\/blog\/cuotas-autonomos-2023-2031\/\"><span style=\"font-weight: 400;\">cotizaciones<\/span><\/a><span style=\"font-weight: 400;\"> a la Seguridad Social.<\/span><\/li>\n<\/ul>\n<p><span style=\"font-weight: 400;\">Dependiendo de la causa que motiva la baja, los<\/span><b> requisitos espec\u00edficos<\/b><span style=\"font-weight: 400;\"> est\u00e1n relacionados con el tiempo exigido de cotizaci\u00f3n:<\/span><\/p>\n<ul>\n<li style=\"font-weight: 400;\" aria-level=\"1\"><b>Enfermedad com\u00fan:<\/b><span style=\"font-weight: 400;\"> haber cotizado al menos<\/span><b> 180 d\u00edas en los \u00faltimos 5 a\u00f1os<\/b><span style=\"font-weight: 400;\">.<\/span><\/li>\n<li style=\"font-weight: 400;\" aria-level=\"1\"><b>Accidente laboral o enfermedad profesional:<\/b><span style=\"font-weight: 400;\"> en estos casos no se exige tiempo previo de cotizaci\u00f3n.<\/span><\/li>\n<li style=\"font-weight: 400;\" aria-level=\"1\"><b>Maternidad o paternidad:<\/b><span style=\"font-weight: 400;\"> los periodos de cotizaci\u00f3n var\u00edan seg\u00fan la edad:<\/span><\/li>\n<li style=\"font-weight: 400;\" aria-level=\"1\"><b>Menos de 21 a\u00f1os:<\/b><span style=\"font-weight: 400;\"> no se exige cotizaci\u00f3n.<\/span><\/li>\n<li style=\"font-weight: 400;\" aria-level=\"1\"><b>Entre 21 y 26 a\u00f1os:<\/b><span style=\"font-weight: 400;\"> al menos 90 d\u00edas en los \u00faltimos 7 a\u00f1os o 180 d\u00edas en total.<\/span><\/li>\n<li style=\"font-weight: 400;\" aria-level=\"1\"><b>M\u00e1s de 26 a\u00f1os:<\/b><span style=\"font-weight: 400;\"> 180 d\u00edas en los \u00faltimos 7 a\u00f1os o 360 d\u00edas en toda la vida laboral.<\/span><\/li>\n<\/ul>\n<h3><b>C\u00f3mo pedir la baja laboral si soy aut\u00f3nomo<\/b><\/h3>\n<p><span style=\"font-weight: 400;\">El formulario para tramitar la baja enfermedad de un aut\u00f3nomo puede descargarse directamente desde la sede electr\u00f3nica de la Seguridad Social (en <\/span><a href=\"https:\/\/www.seg-social.es\/wps\/portal\/wss\/internet\/Pensionistas\/Servicios\/34887\/40968\/41028#BIN41036\"><span style=\"font-weight: 400;\">este enlace<\/span><\/a><span style=\"font-weight: 400;\">) o la Mutua colaboradora con la que haya concertado la contingencia de IT.<\/span><\/p>\n<p><img loading=\"lazy\" decoding=\"async\" class=\"alignnone wp-image-24110 size-full\" src=\"https:\/\/www.billin.net\/blog\/wp-content\/uploads\/2018\/09\/Captura-de-pantalla-2025-01-07-122059.png\" alt=\"Baja laboral de aut\u00f3nomos \" width=\"986\" height=\"437\" srcset=\"https:\/\/www.billin.net\/blog\/wp-content\/uploads\/2018\/09\/Captura-de-pantalla-2025-01-07-122059.png 986w, https:\/\/www.billin.net\/blog\/wp-content\/uploads\/2018\/09\/Captura-de-pantalla-2025-01-07-122059-300x133.png 300w, https:\/\/www.billin.net\/blog\/wp-content\/uploads\/2018\/09\/Captura-de-pantalla-2025-01-07-122059-768x340.png 768w\" sizes=\"(max-width: 986px) 100vw, 986px\" \/><\/p>\n<p><b>Junto a la solicitud firmada, hay que presentar:<\/b><\/p>\n<ul>\n<li style=\"font-weight: 400;\" aria-level=\"1\"><span style=\"font-weight: 400;\">El original del<\/span><b> DNI <\/b><span style=\"font-weight: 400;\">del interesado o una fotocopia compulsada.<\/span><\/li>\n<li style=\"font-weight: 400;\" aria-level=\"1\"><span style=\"font-weight: 400;\">Los<\/span><b> justificantes de pago de las cuotas<\/b><span style=\"font-weight: 400;\"> de los tres \u00faltimos meses.<\/span><\/li>\n<li style=\"font-weight: 400;\" aria-level=\"1\"><span style=\"font-weight: 400;\">El parte de baja m\u00e9dica.<\/span><\/li>\n<\/ul>\n<p><span style=\"font-weight: 400;\">Adem\u00e1s, debe presentar (a trav\u00e9s del INSS o de la Mutua) la <\/span><b>declaraci\u00f3n de situaci\u00f3n de la actividad<\/b><span style=\"font-weight: 400;\">, en el modelo oficial, informando sobre la persona que va a gestionar directamente el negocio del que sea titular el aut\u00f3nomo o, en su caso, el cese temporal o definitivo en la actividad desarrollada.<\/span><\/p>\n<p><span style=\"font-weight: 400;\">El aut\u00f3nomo dispone de un <\/span><b>plazo de 15 d\u00edas<\/b><span style=\"font-weight: 400;\"> para notificar a la Seguridad Social tanto la baja como la situaci\u00f3n en que queda la actividad, en los t\u00e9rminos que acabamos de explicar.<\/span><\/p>\n<h3><b>C\u00f3mo pedir la baja m\u00e9dica si soy aut\u00f3nomo<\/b><\/h3>\n<p><span style=\"font-weight: 400;\">Si eres aut\u00f3nomo y necesitas tramitar la baja de enfermedad, <\/span><b>debes acudir a tu centro de salud<\/b><span style=\"font-weight: 400;\"> para ser atendido por tu m\u00e9dico de cabecera. El m\u00e9dico evaluar\u00e1 tu estado de salud y, si corresponde, emitir\u00e1 el parte de baja m\u00e9dica.\u00a0<\/span><\/p>\n<p><span style=\"font-weight: 400;\">Adem\u00e1s, ser\u00e1 responsable de entregarte los partes de confirmaci\u00f3n durante el per\u00edodo de incapacidad y, finalmente, de emitir el alta m\u00e9dica cuando est\u00e9s en condiciones de retomar tu actividad profesional.\u00a0<\/span><\/p>\n<p><span style=\"font-weight: 400;\">Es fundamental conservar estos documentos para gestionar la prestaci\u00f3n.<\/span><\/p>\n<p><span style=\"font-weight: 400;\">En caso de<\/span><b> accidente laboral<\/b><span style=\"font-weight: 400;\"> debes tramitar la baja m\u00e9dica con la Mutua. Ponte en contacto con la Mutua para que te indiquen a qu\u00e9 centro asistencial debes acudir para poder recibir asistencia sanitaria.\u00a0<\/span><\/p>\n<h2><b>Tipos de baja laboral de los aut\u00f3nomos<\/b><\/h2>\n<p><span style=\"font-weight: 400;\">Los aut\u00f3nomos pueden acceder a diferentes tipos de baja laboral dependiendo del motivo de la incapacidad. A continuaci\u00f3n, se detallan las m\u00e1s habituales:<\/span><\/p>\n<h3><b>Baja por enfermedad com\u00fan<\/b><\/h3>\n<p><span style=\"font-weight: 400;\">Se produce cuando una enfermedad no relacionada con la actividad laboral impide trabajar. Aunque cubre una amplia variedad de dolencias, su prestaci\u00f3n inicial es menor en comparaci\u00f3n con otros tipos, especialmente durante los primeros 20 d\u00edas.<\/span><\/p>\n<h3><b>Baja por enfermedad laboral<\/b><\/h3>\n<p><span style=\"font-weight: 400;\">Relacionada con enfermedades derivadas directamente de las condiciones del trabajo, como tendinitis o lesiones musculares. Su cobertura es equiparable a la baja por accidente laboral.<\/span><\/p>\n<h3><b>Baja por accidente laboral<\/b><\/h3>\n<p><span style=\"font-weight: 400;\">Surge por lesiones causadas durante la actividad profesional o incluso en el trayecto hacia el lugar de trabajo (accidente in itinere). Proporciona prestaciones desde el primer d\u00eda.<\/span><\/p>\n<h3><b>Baja por maternidad o paternidad<\/b><\/h3>\n<p><span style=\"font-weight: 400;\">Consiste en una prestaci\u00f3n del 100% de la base de cotizaci\u00f3n durante <\/span><b>16 semanas<\/b><span style=\"font-weight: 400;\"> para ambos progenitores, con<\/span><b> 6 semanas <\/b><span style=\"font-weight: 400;\">iniciales obligatorias consecutivas.\u00a0<\/span><\/p>\n<p><span style=\"font-weight: 400;\">Adem\u00e1s, desde 2023, las trabajadoras aut\u00f3nomas tienen derecho a una bonificaci\u00f3n, tras reincorporarse al trabajo, del <\/span><b>80% de la cuota<\/b><span style=\"font-weight: 400;\"> por contingencias comunes.\u00a0<\/span><\/p>\n<h2><b>\u00bfCu\u00e1nto puede durar la baja laboral de los aut\u00f3nomos?<\/b><\/h2>\n<p><span style=\"font-weight: 400;\">Tanto en los casos de enfermedad como de accidente, la duraci\u00f3n m\u00e1xima de una baja es de <\/span><b>365 d\u00edas, prorrogables por otros 180<\/b><span style=\"font-weight: 400;\">, s\u00ed durante este transcurso se prev\u00e9 su curaci\u00f3n.<\/span><\/p>\n<h2><b>\u00bfUn aut\u00f3nomo de baja tiene que seguir pagando su cuota?<\/b><\/h2>\n<p><span style=\"font-weight: 400;\">En caso de <\/span><b>baja por enfermedad o accidente<\/b><span style=\"font-weight: 400;\">, el aut\u00f3nomo<\/span><b> debe seguir pagando la cuota<\/b><span style=\"font-weight: 400;\"> durante los dos primeros meses de baja. Pero, a partir del d\u00eda 61, la mutua asume el 100% del pago de las cotizaciones.<\/span><\/p>\n<p><span style=\"font-weight: 400;\">En caso de <\/span><b>maternidad o paternidad:<\/b><span style=\"font-weight: 400;\"> la cuota queda bonificada al 100% desde el primer d\u00eda, por lo que <\/span><b>no se paga durante este periodo<\/b><span style=\"font-weight: 400;\">.<\/span><\/p>\n<h2><b>\u00bfQu\u00e9 d\u00eda del mes se cobra la baja de aut\u00f3nomos?<\/b><\/h2>\n<p><span style=\"font-weight: 400;\">Una vez que la Seguridad Social tramita la baja laboral, el aut\u00f3nomo comienza a recibir la prestaci\u00f3n econ\u00f3mica. En caso de enfermedad com\u00fan, recuerda que se comienza a cobrar a partir del cuarto d\u00eda de la baja.<\/span><\/p>\n<p><span style=\"font-weight: 400;\">Por regla general, el ingreso suele realizarse<\/span><b> a finales de cada mes<\/b><span style=\"font-weight: 400;\"> directamente en la cuenta bancaria indicada por el aut\u00f3nomo, beneficiario de la prestaci\u00f3n.\u00a0<\/span><\/p>\n<p><span style=\"font-weight: 400;\">Pero, no hay una fecha exacta, y en muchos casos depende tanto de la entidad bancaria como de la Seguridad Social o la mutua encargada del tr\u00e1mite.<\/span><\/p>\n<h2><b>\u00bfQui\u00e9n paga la baja de un aut\u00f3nomo?<\/b><\/h2>\n<p><span style=\"font-weight: 400;\">En el caso de los trabajadores por cuenta ajena, en general, el pago de la prestaci\u00f3n por IT lo efect\u00faa directamente la empresa, como pago delegado, con la misma periodicidad que los salarios.<\/span><\/p>\n<p><span style=\"font-weight: 400;\">Pero, en el caso de trabajadores aut\u00f3nomos, el pago lo realiza directamente la mutua competente.\u00a0<\/span><\/p>\n<h2><b>\u00bfEs necesario presentar los modelos trimestrales?<\/b><\/h2>\n<p><span style=\"font-weight: 400;\">Aunque est\u00e9s de baja laboral, tus obligaciones fiscales con Hacienda no desaparecen. Debes seguir presentando los <\/span><a href=\"https:\/\/www.billin.net\/blog\/como-hacer-la-declaracion-del-iva-trimestral-con-billin\/\"><span style=\"font-weight: 400;\">modelos trimestrales de IVA<\/span><\/a><span style=\"font-weight: 400;\"> e IRPF, as\u00ed como las declaraciones anuales.<\/span><\/p>\n<p><span style=\"font-weight: 400;\">Sin embargo, si no has facturado durante el per\u00edodo de baja, las liquidaciones ser\u00e1n significativamente diferentes, reflejando la ausencia de ingresos.\u00a0<\/span><\/p>\n<p><span style=\"font-weight: 400;\">Es importante seguir cumpliendo estos tr\u00e1mites para evitar sanciones, incluso si est\u00e1s temporalmente incapacitado para trabajar.<\/span><\/p>\n<p><span style=\"font-weight: 400;\">En definitiva, la baja laboral para aut\u00f3nomos es un derecho que garantiza apoyo econ\u00f3mico en momentos de necesidad, ya sea por enfermedad, accidente o maternidad\/paternidad. Aunque implica cumplir con ciertos requisitos y responsabilidades fiscales, ofrece un respaldo fundamental para quienes trabajan por cuenta propia.<\/span><\/p>\n<p><span style=\"font-weight: 400;\">\u00bfQuieres gestionar tu facturaci\u00f3n y tr\u00e1mites de forma sencilla? <\/span><a href=\"https:\/\/www.billin.net\/\"><b>Billin<\/b><\/a><span style=\"font-weight: 400;\"> te ayuda a ahorrar tiempo y a centrarte en lo que importa. Descubre c\u00f3mo puede facilitar tu d\u00eda a d\u00eda como aut\u00f3nomo. <\/span><\/p>\n<p><a href=\"https:\/\/www.billin.net\/signup-mkt-app-nueva\/\"><span style=\"font-weight: 400;\">\u00a1Reg\u00edstrate gratis en TeamSystem Facturas Billin!<\/span><\/a><\/p>\n","protected":false},"excerpt":{"rendered":"<p>\u00bfSab\u00edas que un aut\u00f3nomo tambi\u00e9n puede cobrar una baja laboral, igual que un trabajador por cuenta ajena? \u00bfY qu\u00e9 pasa si sufres un accidente laboral? \u00bfSabes cu\u00e1nto cobrar\u00edas si te encuentras de baja?\u00a0 Estos son solo algunos de los aspectos que vamos a cubrir en este art\u00edculo. Si te interesa conocer los derechos y requisitos [&hellip;]<\/p>\n","protected":false},"author":20,"featured_media":8812,"comment_status":"open","ping_status":"open","sticky":false,"template":"","format":"standard","meta":{"_acf_changed":false,"_et_pb_use_builder":"","_et_pb_old_content":"","_et_gb_content_width":"","om_disable_all_campaigns":false,"inline_featured_image":false,"footnotes":""},"categories":[1014],"tags":[1380],"class_list":{"0":"post-10662","1":"post","2":"type-post","3":"status-publish","4":"format-standard","5":"has-post-thumbnail","7":"category-fiscalidad","8":"tag-autonomos"},"acf":{"selector_de_usuario":19,"fecha_de_revision":"20230922"},"yoast_head":"<!-- This site is optimized with the Yoast SEO plugin v27.1 - https:\/\/yoast.com\/product\/yoast-seo-wordpress\/ -->\n<title>\u25b7 La baja laboral de aut\u00f3nomos en 2025: c\u00f3mo pedirla<\/title>\n<meta name=\"description\" content=\"\u00bfSabes c\u00f3mo gestionar una baja laboral siendo aut\u00f3nomo? Descubre todos los tr\u00e1mites, requisitos y qu\u00e9 puedes cobrar \u2714\ufe0f Toda la informaci\u00f3n aqu\u00ed \u2192 Entra\" \/>\n<meta name=\"robots\" content=\"index, follow, max-snippet:-1, max-image-preview:large, max-video-preview:-1\" \/>\n<link rel=\"canonical\" href=\"https:\/\/www.billin.net\/blog\/bajas-laborales-autonomos-trabajadores\/\" \/>\n<meta property=\"og:locale\" content=\"es_ES\" \/>\n<meta property=\"og:type\" content=\"article\" \/>\n<meta property=\"og:title\" content=\"\u25b7 La baja laboral de aut\u00f3nomos en 2025: c\u00f3mo pedirla\" \/>\n<meta property=\"og:description\" content=\"\u00bfSabes c\u00f3mo gestionar una baja laboral siendo aut\u00f3nomo? Descubre todos los tr\u00e1mites, requisitos y qu\u00e9 puedes cobrar \u2714\ufe0f Toda la informaci\u00f3n aqu\u00ed \u2192 Entra\" \/>\n<meta property=\"og:url\" content=\"https:\/\/www.billin.net\/blog\/bajas-laborales-autonomos-trabajadores\/\" \/>\n<meta property=\"og:site_name\" content=\"Blog de TeamSystem Facturas Billin\" \/>\n<meta property=\"article:publisher\" content=\"https:\/\/www.facebook.com\/EsBillin\" \/>\n<meta property=\"article:published_time\" content=\"2018-09-13T22:00:00+00:00\" \/>\n<meta property=\"article:modified_time\" content=\"2025-09-25T18:54:48+00:00\" \/>\n<meta property=\"og:image\" content=\"https:\/\/www.billin.net\/blog\/wp-content\/uploads\/2018\/09\/baja-laboral-autonomo-min.jpg\" \/>\n\t<meta property=\"og:image:width\" content=\"850\" \/>\n\t<meta property=\"og:image:height\" content=\"567\" \/>\n\t<meta property=\"og:image:type\" content=\"image\/jpeg\" \/>\n<meta name=\"author\" content=\"Marcos De La Cueva - CEO TeamSystem Facturas Billin\" \/>\n<meta name=\"twitter:card\" content=\"summary_large_image\" \/>\n<meta name=\"twitter:creator\" content=\"@Billin_ES\" \/>\n<meta name=\"twitter:site\" content=\"@Billin_ES\" \/>\n<meta name=\"twitter:label1\" content=\"Escrito por\" \/>\n\t<meta name=\"twitter:data1\" content=\"Marcos De La Cueva - CEO TeamSystem Facturas Billin\" \/>\n\t<meta name=\"twitter:label2\" content=\"Tiempo de lectura\" \/>\n\t<meta name=\"twitter:data2\" content=\"8 minutos\" \/>\n<script type=\"application\/ld+json\" class=\"yoast-schema-graph\">{\"@context\":\"https:\/\/schema.org\",\"@graph\":[{\"@type\":\"Article\",\"@id\":\"https:\/\/www.billin.net\/blog\/bajas-laborales-autonomos-trabajadores\/#article\",\"isPartOf\":{\"@id\":\"https:\/\/www.billin.net\/blog\/bajas-laborales-autonomos-trabajadores\/\"},\"author\":{\"name\":\"Marcos De La Cueva - CEO TeamSystem Facturas Billin\",\"@id\":\"https:\/\/www.billin.net\/blog\/#\/schema\/person\/d0339ee6e869234614541b1e80a793e7\"},\"headline\":\"C\u00f3mo pedir la baja laboral de aut\u00f3nomos y trabajadores en 2025\",\"datePublished\":\"2018-09-13T22:00:00+00:00\",\"dateModified\":\"2025-09-25T18:54:48+00:00\",\"mainEntityOfPage\":{\"@id\":\"https:\/\/www.billin.net\/blog\/bajas-laborales-autonomos-trabajadores\/\"},\"wordCount\":1651,\"commentCount\":301,\"publisher\":{\"@id\":\"https:\/\/www.billin.net\/blog\/#organization\"},\"image\":{\"@id\":\"https:\/\/www.billin.net\/blog\/bajas-laborales-autonomos-trabajadores\/#primaryimage\"},\"thumbnailUrl\":\"https:\/\/www.billin.net\/blog\/wp-content\/uploads\/2018\/09\/baja-laboral-autonomo-min.jpg\",\"keywords\":[\"Aut\u00f3nomos\"],\"articleSection\":[\"Fiscalidad\"],\"inLanguage\":\"es\",\"potentialAction\":[{\"@type\":\"CommentAction\",\"name\":\"Comment\",\"target\":[\"https:\/\/www.billin.net\/blog\/bajas-laborales-autonomos-trabajadores\/#respond\"]}]},{\"@type\":\"WebPage\",\"@id\":\"https:\/\/www.billin.net\/blog\/bajas-laborales-autonomos-trabajadores\/\",\"url\":\"https:\/\/www.billin.net\/blog\/bajas-laborales-autonomos-trabajadores\/\",\"name\":\"\u25b7 La baja laboral de aut\u00f3nomos en 2025: c\u00f3mo pedirla\",\"isPartOf\":{\"@id\":\"https:\/\/www.billin.net\/blog\/#website\"},\"primaryImageOfPage\":{\"@id\":\"https:\/\/www.billin.net\/blog\/bajas-laborales-autonomos-trabajadores\/#primaryimage\"},\"image\":{\"@id\":\"https:\/\/www.billin.net\/blog\/bajas-laborales-autonomos-trabajadores\/#primaryimage\"},\"thumbnailUrl\":\"https:\/\/www.billin.net\/blog\/wp-content\/uploads\/2018\/09\/baja-laboral-autonomo-min.jpg\",\"datePublished\":\"2018-09-13T22:00:00+00:00\",\"dateModified\":\"2025-09-25T18:54:48+00:00\",\"description\":\"\u00bfSabes c\u00f3mo gestionar una baja laboral siendo aut\u00f3nomo? Descubre todos los tr\u00e1mites, requisitos y qu\u00e9 puedes cobrar \u2714\ufe0f Toda la informaci\u00f3n aqu\u00ed \u2192 Entra\",\"breadcrumb\":{\"@id\":\"https:\/\/www.billin.net\/blog\/bajas-laborales-autonomos-trabajadores\/#breadcrumb\"},\"inLanguage\":\"es\",\"potentialAction\":[{\"@type\":\"ReadAction\",\"target\":[\"https:\/\/www.billin.net\/blog\/bajas-laborales-autonomos-trabajadores\/\"]}]},{\"@type\":\"ImageObject\",\"inLanguage\":\"es\",\"@id\":\"https:\/\/www.billin.net\/blog\/bajas-laborales-autonomos-trabajadores\/#primaryimage\",\"url\":\"https:\/\/www.billin.net\/blog\/wp-content\/uploads\/2018\/09\/baja-laboral-autonomo-min.jpg\",\"contentUrl\":\"https:\/\/www.billin.net\/blog\/wp-content\/uploads\/2018\/09\/baja-laboral-autonomo-min.jpg\",\"width\":850,\"height\":567,\"caption\":\"C\u00f3mo pedir la baja laborar si soy aut\u00f3nomo\"},{\"@type\":\"BreadcrumbList\",\"@id\":\"https:\/\/www.billin.net\/blog\/bajas-laborales-autonomos-trabajadores\/#breadcrumb\",\"itemListElement\":[{\"@type\":\"ListItem\",\"position\":1,\"name\":\"Blog\",\"item\":\"https:\/\/www.billin.net\/blog\/\"},{\"@type\":\"ListItem\",\"position\":2,\"name\":\"Fiscalidad\",\"item\":\"https:\/\/www.billin.net\/blog\/fiscalidad\/\"},{\"@type\":\"ListItem\",\"position\":3,\"name\":\"C\u00f3mo pedir la baja laboral de aut\u00f3nomos y trabajadores en 2025\"}]},{\"@type\":\"WebSite\",\"@id\":\"https:\/\/www.billin.net\/blog\/#website\",\"url\":\"https:\/\/www.billin.net\/blog\/\",\"name\":\"Blog de Billin\",\"description\":\"Mantente informado con el blog de TeamSystem Facturas Billin:  facturaci\u00f3n, legislaci\u00f3n, contabilidad, management y toda la informaci\u00f3n \u00fatil para pymes y aut\u00f3nomos.\",\"publisher\":{\"@id\":\"https:\/\/www.billin.net\/blog\/#organization\"},\"potentialAction\":[{\"@type\":\"SearchAction\",\"target\":{\"@type\":\"EntryPoint\",\"urlTemplate\":\"https:\/\/www.billin.net\/blog\/?s={search_term_string}\"},\"query-input\":{\"@type\":\"PropertyValueSpecification\",\"valueRequired\":true,\"valueName\":\"search_term_string\"}}],\"inLanguage\":\"es\"},{\"@type\":\"Organization\",\"@id\":\"https:\/\/www.billin.net\/blog\/#organization\",\"name\":\"Billin\",\"alternateName\":\"Blog de Billin\",\"url\":\"https:\/\/www.billin.net\/blog\/\",\"logo\":{\"@type\":\"ImageObject\",\"inLanguage\":\"es\",\"@id\":\"https:\/\/www.billin.net\/blog\/#\/schema\/logo\/image\/\",\"url\":\"https:\/\/www.billin.net\/blog\/wp-content\/uploads\/2019\/06\/logotipo-billin-blog-1.png\",\"contentUrl\":\"https:\/\/www.billin.net\/blog\/wp-content\/uploads\/2019\/06\/logotipo-billin-blog-1.png\",\"width\":126,\"height\":50,\"caption\":\"Billin\"},\"image\":{\"@id\":\"https:\/\/www.billin.net\/blog\/#\/schema\/logo\/image\/\"},\"sameAs\":[\"https:\/\/www.facebook.com\/EsBillin\",\"https:\/\/x.com\/Billin_ES\",\"https:\/\/www.instagram.com\/billin_es\/\",\"https:\/\/www.linkedin.com\/company\/billin-spain\",\"https:\/\/www.youtube.com\/c\/BillinEsintercambiodefacturas\/\"],\"legalName\":\"MY EXPENSES SL\",\"contactPoint\":{\"@type\":\"ContactPoint\",\"telephone\":\"+34918318883\",\"contactType\":\"customer service\",\"email\":\"info@billin.eu\",\"availableLanguage\":\"es\"},\"foundingDate\":\"2015\",\"numberOfEmployees\":{\"@type\":\"QuantitativeValue\",\"minValue\":10,\"maxValue\":50},\"parentOrganization\":{\"@type\":\"Organization\",\"name\":\"TeamSystem\",\"url\":\"https:\/\/www.teamsystem.com\/\"},\"description\":\"Billin es el programa de facturaci\u00f3n online de TeamSystem para aut\u00f3nomos y pymes en Espa\u00f1a. Permite crear facturas, controlar gastos y cumplir con Verifactu.\",\"address\":{\"@type\":\"PostalAddress\",\"streetAddress\":\"Calle Arturo Soria, 336\",\"addressLocality\":\"Madrid\",\"addressRegion\":\"Madrid\",\"postalCode\":\"28033\",\"addressCountry\":\"ES\"}},{\"@type\":\"Person\",\"@id\":\"https:\/\/www.billin.net\/blog\/#\/schema\/person\/d0339ee6e869234614541b1e80a793e7\",\"name\":\"Marcos De La Cueva - CEO TeamSystem Facturas Billin\",\"image\":{\"@type\":\"ImageObject\",\"inLanguage\":\"es\",\"@id\":\"https:\/\/www.billin.net\/blog\/#\/schema\/person\/image\/\",\"url\":\"https:\/\/www.billin.net\/blog\/wp-content\/uploads\/2023\/10\/marcos-color-150x150.png\",\"contentUrl\":\"https:\/\/www.billin.net\/blog\/wp-content\/uploads\/2023\/10\/marcos-color-150x150.png\",\"caption\":\"Marcos De La Cueva - CEO TeamSystem Facturas Billin\"},\"description\":\"Licenciado en ADE por la Universidad Aut\u00f3noma de Madrid, Marcos De la Cueva es CEO y cofundador de TeamSystem Facturas Billin, un programa online que lleva m\u00e1s de 9 a\u00f1os ayudando a aut\u00f3nomos, peque\u00f1os negocios y gestor\u00edas a digitalizar sus presupuestos, facturas, tickets y gastos. \u00a0 Sobre Marcos De La Cueva \u00a0 Apasionado por el mundo empresarial y la tecnolog\u00eda, curs\u00f3 su M\u00e1ster de Finanzas en la Universidad Pontificia de Comillas y estuvo en el Programa de Cooperaci\u00f3n Educativa de la Universidad Aut\u00f3noma de Madrid. \u00a0 Marcos siempre ha tenido su objetivo claro: ayudar a la creaci\u00f3n de negocios financieramente sostenibles a trav\u00e9s de una herramienta de facturaci\u00f3n que les permita ahorrar tiempo y tener la contabilidad bajo control. \u00a0 Marcos De La Cueva en los medios \u2014 Noticia sobre Kit Digital y Ley Antifraude (VeriFactu) en El Economista. \u2014 Noticia sobre Kit Digital y factura electr\u00f3nica obligatoria en Diario Jur\u00eddico. \u2014 Noticia sobre el a\u00f1o de transici\u00f3n para la factura electr\u00f3nica en Muy Pymes. \u2014 Entrevista sobre factura electr\u00f3nica obligatoria en Canal Sur. \u2014 Noticia sobre el informe factura electr\u00f3nica de TeamSystem en Channel Partner. \u2014 Charla sobre productividad y Ley Crea y Crece en El Economista. \u2014 Charla sobre factura electr\u00f3nica obligatoria en Muy Pymes. \u2014 Charla sobre digitalizaci\u00f3n aut\u00f3nomos y productividad en esdiario. \u2014 Charla sobre productividad y factura electr\u00f3nica en La Raz\u00f3n. \u2014 Charla sobre factura electr\u00f3nica obligatoria en Aut\u00f3nomos y Emprendedores. \u2014 Entrevista sobre Ley Antifraude y Ley Crea y Crece en Expansi\u00f3n. \u2014 Entrevista sobre Ley Antifraude y Ley Crea y Crece en La Raz\u00f3n. \u2014 Entrevista sobre factura electr\u00f3nica obligatoria en El Economista. \u2014 Comunicado Billin y TeamSystem en Business Insider. \u2014 Entrevista en Econom\u00eda Digital. \u2014 Entrevista en Ideas para tu empresa de Vodafone. \u2014 Entrevista en M\u00e1sQradio. \u2014 Entrevista en Armas para emprender de El M\u00e9todo Gallardo. \u2014 Entrevista en KFund. \u2014 Entrevista en AXA Seguros Espa\u00f1a. \u2014 Entrevista en GestionaRadio. \u00a0 Marcos De La Cueva en eventos \u00a0 \u2014 Participaci\u00f3n como ponente en Accountex Espa\u00f1a 2023. \u00a0 Tem\u00e1ticas de especializaci\u00f3n \u00a0 negocios | startups | contabilidad| fiscalidad | empresas| asesor\u00edas| autonomos | emprendedores | peque\u00f1os negocios | econom\u00eda | ADE | pymes | desarrollo de negocio\u00a0\",\"sameAs\":[\"https:\/\/www.billin.net\/\",\"https:\/\/www.linkedin.com\/in\/marcos-de-la-cueva-19750ba3\/\"],\"url\":\"https:\/\/www.billin.net\/blog\/author\/marcosdelacueva\/\",\"jobTitle\":\"CEO y cofundador de TS Facturas Billin\"}]}<\/script>\n<!-- \/ Yoast SEO plugin. -->","yoast_head_json":{"title":"\u25b7 La baja laboral de aut\u00f3nomos en 2025: c\u00f3mo pedirla","description":"\u00bfSabes c\u00f3mo gestionar una baja laboral siendo aut\u00f3nomo? Descubre todos los tr\u00e1mites, requisitos y qu\u00e9 puedes cobrar \u2714\ufe0f Toda la informaci\u00f3n aqu\u00ed \u2192 Entra","robots":{"index":"index","follow":"follow","max-snippet":"max-snippet:-1","max-image-preview":"max-image-preview:large","max-video-preview":"max-video-preview:-1"},"canonical":"https:\/\/www.billin.net\/blog\/bajas-laborales-autonomos-trabajadores\/","og_locale":"es_ES","og_type":"article","og_title":"\u25b7 La baja laboral de aut\u00f3nomos en 2025: c\u00f3mo pedirla","og_description":"\u00bfSabes c\u00f3mo gestionar una baja laboral siendo aut\u00f3nomo? Descubre todos los tr\u00e1mites, requisitos y qu\u00e9 puedes cobrar \u2714\ufe0f Toda la informaci\u00f3n aqu\u00ed \u2192 Entra","og_url":"https:\/\/www.billin.net\/blog\/bajas-laborales-autonomos-trabajadores\/","og_site_name":"Blog de TeamSystem Facturas Billin","article_publisher":"https:\/\/www.facebook.com\/EsBillin","article_published_time":"2018-09-13T22:00:00+00:00","article_modified_time":"2025-09-25T18:54:48+00:00","og_image":[{"width":850,"height":567,"url":"https:\/\/www.billin.net\/blog\/wp-content\/uploads\/2018\/09\/baja-laboral-autonomo-min.jpg","type":"image\/jpeg"}],"author":"Marcos De La Cueva - CEO TeamSystem Facturas Billin","twitter_card":"summary_large_image","twitter_creator":"@Billin_ES","twitter_site":"@Billin_ES","twitter_misc":{"Escrito por":"Marcos De La Cueva - CEO TeamSystem Facturas Billin","Tiempo de lectura":"8 minutos"},"schema":{"@context":"https:\/\/schema.org","@graph":[{"@type":"Article","@id":"https:\/\/www.billin.net\/blog\/bajas-laborales-autonomos-trabajadores\/#article","isPartOf":{"@id":"https:\/\/www.billin.net\/blog\/bajas-laborales-autonomos-trabajadores\/"},"author":{"name":"Marcos De La Cueva - CEO TeamSystem Facturas Billin","@id":"https:\/\/www.billin.net\/blog\/#\/schema\/person\/d0339ee6e869234614541b1e80a793e7"},"headline":"C\u00f3mo pedir la baja laboral de aut\u00f3nomos y trabajadores en 2025","datePublished":"2018-09-13T22:00:00+00:00","dateModified":"2025-09-25T18:54:48+00:00","mainEntityOfPage":{"@id":"https:\/\/www.billin.net\/blog\/bajas-laborales-autonomos-trabajadores\/"},"wordCount":1651,"commentCount":301,"publisher":{"@id":"https:\/\/www.billin.net\/blog\/#organization"},"image":{"@id":"https:\/\/www.billin.net\/blog\/bajas-laborales-autonomos-trabajadores\/#primaryimage"},"thumbnailUrl":"https:\/\/www.billin.net\/blog\/wp-content\/uploads\/2018\/09\/baja-laboral-autonomo-min.jpg","keywords":["Aut\u00f3nomos"],"articleSection":["Fiscalidad"],"inLanguage":"es","potentialAction":[{"@type":"CommentAction","name":"Comment","target":["https:\/\/www.billin.net\/blog\/bajas-laborales-autonomos-trabajadores\/#respond"]}]},{"@type":"WebPage","@id":"https:\/\/www.billin.net\/blog\/bajas-laborales-autonomos-trabajadores\/","url":"https:\/\/www.billin.net\/blog\/bajas-laborales-autonomos-trabajadores\/","name":"\u25b7 La baja laboral de aut\u00f3nomos en 2025: c\u00f3mo pedirla","isPartOf":{"@id":"https:\/\/www.billin.net\/blog\/#website"},"primaryImageOfPage":{"@id":"https:\/\/www.billin.net\/blog\/bajas-laborales-autonomos-trabajadores\/#primaryimage"},"image":{"@id":"https:\/\/www.billin.net\/blog\/bajas-laborales-autonomos-trabajadores\/#primaryimage"},"thumbnailUrl":"https:\/\/www.billin.net\/blog\/wp-content\/uploads\/2018\/09\/baja-laboral-autonomo-min.jpg","datePublished":"2018-09-13T22:00:00+00:00","dateModified":"2025-09-25T18:54:48+00:00","description":"\u00bfSabes c\u00f3mo gestionar una baja laboral siendo aut\u00f3nomo? Descubre todos los tr\u00e1mites, requisitos y qu\u00e9 puedes cobrar \u2714\ufe0f Toda la informaci\u00f3n aqu\u00ed \u2192 Entra","breadcrumb":{"@id":"https:\/\/www.billin.net\/blog\/bajas-laborales-autonomos-trabajadores\/#breadcrumb"},"inLanguage":"es","potentialAction":[{"@type":"ReadAction","target":["https:\/\/www.billin.net\/blog\/bajas-laborales-autonomos-trabajadores\/"]}]},{"@type":"ImageObject","inLanguage":"es","@id":"https:\/\/www.billin.net\/blog\/bajas-laborales-autonomos-trabajadores\/#primaryimage","url":"https:\/\/www.billin.net\/blog\/wp-content\/uploads\/2018\/09\/baja-laboral-autonomo-min.jpg","contentUrl":"https:\/\/www.billin.net\/blog\/wp-content\/uploads\/2018\/09\/baja-laboral-autonomo-min.jpg","width":850,"height":567,"caption":"C\u00f3mo pedir la baja laborar si soy aut\u00f3nomo"},{"@type":"BreadcrumbList","@id":"https:\/\/www.billin.net\/blog\/bajas-laborales-autonomos-trabajadores\/#breadcrumb","itemListElement":[{"@type":"ListItem","position":1,"name":"Blog","item":"https:\/\/www.billin.net\/blog\/"},{"@type":"ListItem","position":2,"name":"Fiscalidad","item":"https:\/\/www.billin.net\/blog\/fiscalidad\/"},{"@type":"ListItem","position":3,"name":"C\u00f3mo pedir la baja laboral de aut\u00f3nomos y trabajadores en 2025"}]},{"@type":"WebSite","@id":"https:\/\/www.billin.net\/blog\/#website","url":"https:\/\/www.billin.net\/blog\/","name":"Blog de Billin","description":"Mantente informado con el blog de TeamSystem Facturas Billin:  facturaci\u00f3n, legislaci\u00f3n, contabilidad, management y toda la informaci\u00f3n \u00fatil para pymes y aut\u00f3nomos.","publisher":{"@id":"https:\/\/www.billin.net\/blog\/#organization"},"potentialAction":[{"@type":"SearchAction","target":{"@type":"EntryPoint","urlTemplate":"https:\/\/www.billin.net\/blog\/?s={search_term_string}"},"query-input":{"@type":"PropertyValueSpecification","valueRequired":true,"valueName":"search_term_string"}}],"inLanguage":"es"},{"@type":"Organization","@id":"https:\/\/www.billin.net\/blog\/#organization","name":"Billin","alternateName":"Blog de Billin","url":"https:\/\/www.billin.net\/blog\/","logo":{"@type":"ImageObject","inLanguage":"es","@id":"https:\/\/www.billin.net\/blog\/#\/schema\/logo\/image\/","url":"https:\/\/www.billin.net\/blog\/wp-content\/uploads\/2019\/06\/logotipo-billin-blog-1.png","contentUrl":"https:\/\/www.billin.net\/blog\/wp-content\/uploads\/2019\/06\/logotipo-billin-blog-1.png","width":126,"height":50,"caption":"Billin"},"image":{"@id":"https:\/\/www.billin.net\/blog\/#\/schema\/logo\/image\/"},"sameAs":["https:\/\/www.facebook.com\/EsBillin","https:\/\/x.com\/Billin_ES","https:\/\/www.instagram.com\/billin_es\/","https:\/\/www.linkedin.com\/company\/billin-spain","https:\/\/www.youtube.com\/c\/BillinEsintercambiodefacturas\/"],"legalName":"MY EXPENSES SL","contactPoint":{"@type":"ContactPoint","telephone":"+34918318883","contactType":"customer service","email":"info@billin.eu","availableLanguage":"es"},"foundingDate":"2015","numberOfEmployees":{"@type":"QuantitativeValue","minValue":10,"maxValue":50},"parentOrganization":{"@type":"Organization","name":"TeamSystem","url":"https:\/\/www.teamsystem.com\/"},"description":"Billin es el programa de facturaci\u00f3n online de TeamSystem para aut\u00f3nomos y pymes en Espa\u00f1a. Permite crear facturas, controlar gastos y cumplir con Verifactu.","address":{"@type":"PostalAddress","streetAddress":"Calle Arturo Soria, 336","addressLocality":"Madrid","addressRegion":"Madrid","postalCode":"28033","addressCountry":"ES"}},{"@type":"Person","@id":"https:\/\/www.billin.net\/blog\/#\/schema\/person\/d0339ee6e869234614541b1e80a793e7","name":"Marcos De La Cueva - CEO TeamSystem Facturas Billin","image":{"@type":"ImageObject","inLanguage":"es","@id":"https:\/\/www.billin.net\/blog\/#\/schema\/person\/image\/","url":"https:\/\/www.billin.net\/blog\/wp-content\/uploads\/2023\/10\/marcos-color-150x150.png","contentUrl":"https:\/\/www.billin.net\/blog\/wp-content\/uploads\/2023\/10\/marcos-color-150x150.png","caption":"Marcos De La Cueva - CEO TeamSystem Facturas Billin"},"description":"Licenciado en ADE por la Universidad Aut\u00f3noma de Madrid, Marcos De la Cueva es CEO y cofundador de TeamSystem Facturas Billin, un programa online que lleva m\u00e1s de 9 a\u00f1os ayudando a aut\u00f3nomos, peque\u00f1os negocios y gestor\u00edas a digitalizar sus presupuestos, facturas, tickets y gastos. \u00a0 Sobre Marcos De La Cueva \u00a0 Apasionado por el mundo empresarial y la tecnolog\u00eda, curs\u00f3 su M\u00e1ster de Finanzas en la Universidad Pontificia de Comillas y estuvo en el Programa de Cooperaci\u00f3n Educativa de la Universidad Aut\u00f3noma de Madrid. \u00a0 Marcos siempre ha tenido su objetivo claro: ayudar a la creaci\u00f3n de negocios financieramente sostenibles a trav\u00e9s de una herramienta de facturaci\u00f3n que les permita ahorrar tiempo y tener la contabilidad bajo control. \u00a0 Marcos De La Cueva en los medios \u2014 Noticia sobre Kit Digital y Ley Antifraude (VeriFactu) en El Economista. \u2014 Noticia sobre Kit Digital y factura electr\u00f3nica obligatoria en Diario Jur\u00eddico. \u2014 Noticia sobre el a\u00f1o de transici\u00f3n para la factura electr\u00f3nica en Muy Pymes. \u2014 Entrevista sobre factura electr\u00f3nica obligatoria en Canal Sur. \u2014 Noticia sobre el informe factura electr\u00f3nica de TeamSystem en Channel Partner. \u2014 Charla sobre productividad y Ley Crea y Crece en El Economista. \u2014 Charla sobre factura electr\u00f3nica obligatoria en Muy Pymes. \u2014 Charla sobre digitalizaci\u00f3n aut\u00f3nomos y productividad en esdiario. \u2014 Charla sobre productividad y factura electr\u00f3nica en La Raz\u00f3n. \u2014 Charla sobre factura electr\u00f3nica obligatoria en Aut\u00f3nomos y Emprendedores. \u2014 Entrevista sobre Ley Antifraude y Ley Crea y Crece en Expansi\u00f3n. \u2014 Entrevista sobre Ley Antifraude y Ley Crea y Crece en La Raz\u00f3n. \u2014 Entrevista sobre factura electr\u00f3nica obligatoria en El Economista. \u2014 Comunicado Billin y TeamSystem en Business Insider. \u2014 Entrevista en Econom\u00eda Digital. \u2014 Entrevista en Ideas para tu empresa de Vodafone. \u2014 Entrevista en M\u00e1sQradio. \u2014 Entrevista en Armas para emprender de El M\u00e9todo Gallardo. \u2014 Entrevista en KFund. \u2014 Entrevista en AXA Seguros Espa\u00f1a. \u2014 Entrevista en GestionaRadio. \u00a0 Marcos De La Cueva en eventos \u00a0 \u2014 Participaci\u00f3n como ponente en Accountex Espa\u00f1a 2023. \u00a0 Tem\u00e1ticas de especializaci\u00f3n \u00a0 negocios | startups | contabilidad| fiscalidad | empresas| asesor\u00edas| autonomos | emprendedores | peque\u00f1os negocios | econom\u00eda | ADE | pymes | desarrollo de negocio\u00a0","sameAs":["https:\/\/www.billin.net\/","https:\/\/www.linkedin.com\/in\/marcos-de-la-cueva-19750ba3\/"],"url":"https:\/\/www.billin.net\/blog\/author\/marcosdelacueva\/","jobTitle":"CEO y cofundador de TS Facturas Billin"}]}},"_links":{"self":[{"href":"https:\/\/www.billin.net\/blog\/wp-json\/wp\/v2\/posts\/10662","targetHints":{"allow":["GET"]}}],"collection":[{"href":"https:\/\/www.billin.net\/blog\/wp-json\/wp\/v2\/posts"}],"about":[{"href":"https:\/\/www.billin.net\/blog\/wp-json\/wp\/v2\/types\/post"}],"author":[{"embeddable":true,"href":"https:\/\/www.billin.net\/blog\/wp-json\/wp\/v2\/users\/20"}],"replies":[{"embeddable":true,"href":"https:\/\/www.billin.net\/blog\/wp-json\/wp\/v2\/comments?post=10662"}],"version-history":[{"count":37,"href":"https:\/\/www.billin.net\/blog\/wp-json\/wp\/v2\/posts\/10662\/revisions"}],"predecessor-version":[{"id":27845,"href":"https:\/\/www.billin.net\/blog\/wp-json\/wp\/v2\/posts\/10662\/revisions\/27845"}],"acf:user":[{"embeddable":true,"href":"https:\/\/www.billin.net\/blog\/wp-json\/wp\/v2\/users\/19"}],"wp:featuredmedia":[{"embeddable":true,"href":"https:\/\/www.billin.net\/blog\/wp-json\/wp\/v2\/media\/8812"}],"wp:attachment":[{"href":"https:\/\/www.billin.net\/blog\/wp-json\/wp\/v2\/media?parent=10662"}],"wp:term":[{"taxonomy":"category","embeddable":true,"href":"https:\/\/www.billin.net\/blog\/wp-json\/wp\/v2\/categories?post=10662"},{"taxonomy":"post_tag","embeddable":true,"href":"https:\/\/www.billin.net\/blog\/wp-json\/wp\/v2\/tags?post=10662"}],"curies":[{"name":"wp","href":"https:\/\/api.w.org\/{rel}","templated":true}]}}