{"id":10661,"date":"2018-09-13T00:00:00","date_gmt":"2018-09-12T22:00:00","guid":{"rendered":"https:\/\/www.billin.net\/blog\/comision-europea-reforma-iva\/"},"modified":"2025-09-25T20:54:50","modified_gmt":"2025-09-25T18:54:50","slug":"comision-europea-reforma-iva","status":"publish","type":"post","link":"https:\/\/www.billin.net\/blog\/comision-europea-reforma-iva\/","title":{"rendered":"La comisi\u00f3n europea y la reforma del IVA"},"content":{"rendered":"<p>La Comisi\u00f3n Europea quiere <strong>reformar el IVA<\/strong> de arriba abajo, dando m\u00e1s libertad a los pa\u00edses europeos para que lo fijen y establecer un tipo general del 15%.<!--more--><\/p>\n<h2>\u00bfQu\u00e9 reforma propone la Comisi\u00f3n Europea?<\/h2>\n<p>Se intenta eliminar la <strong>lista de bienes y servicios<\/strong> donde se aplican los tipos reducidos, y en su lugar crear una nueva donde se aplique un tipo est\u00e1ndar.<\/p>\n<p>Se propone reformar la normativa del IVA en la Uni\u00f3n Europea, de esta manera los gobiernos tendr\u00e1n m\u00e1s libertad a la hora de fijar el tipo general, reducido e incluso nulo, as\u00ed como facilitar los tr\u00e1mites de las peque\u00f1as y medianas empresas.<\/p>\n<p>Existen muchas<strong> divergencias entre los distintos pa\u00edses<\/strong>, dando lugar a un mosaico de regulaciones dentro de la Uni\u00f3n Europea que puede generar desigualdades en el bloque comunitario.<\/p>\n<p>El sistema actual estable un tipo general del 15% como m\u00ednimo para todos los bienes y servicios, no obstante, los del bloque comunitario puede usar un tipo reducido del 5% como m\u00ednimo, en una serie de bienes y servicios predefinidos.<\/p>\n<p>Algunos pa\u00edses europeos tienen una serie de <strong>derogaciones y exenciones<\/strong> por razones hist\u00f3ricas, concedi\u00e9ndole la autorizaci\u00f3n del 0%.<\/p>\n<p>Esta Comisi\u00f3n Europea, abre la posibilidad a que los Estados puedan introducir otros cuatro por debajo de este umbral del 15% como tipo general.<\/p>\n<p>En esta nueva lista de productos estar\u00e1n: las armas, las bebidas alcoh\u00f3licas, tabaco, juegos relacionados con apuestas, metales preciosos, los smartphones, los electrodom\u00e9sticos o servicios financieros.<\/p>\n<p>No obstante, la media ponderada de todos los IVA deber\u00e1 siempre ser al menos del 12% para evitar competencias fiscales entre los socios europeos.<\/p>\n<p>Tambi\u00e9n la Comisi\u00f3n plantea <strong>cambiar las normas del IVA<\/strong>, para peque\u00f1as y medianas empresas, que hoy se pueden beneficiar de una exenci\u00f3n de ese impuesto sobre sus ventas, siempre que su cifra de ventas est\u00e9 por debajo del timbra.<\/p>\n<p>Pretende introducir un umbral de 2 millones de euros en ingresos de toda la Uni\u00f3n Europea, por debajo del cual, podr\u00e1n beneficiarse de una simplificaci\u00f3n en el sistema del IVA.<\/p>\n<p>Tambi\u00e9n se plantea introducir un segundo l\u00edmite de 100.000 euros de cifras de negocios, para aquellas empresas que operen en m\u00e1s de un pa\u00eds de los veintiocho por debajo del cual podr\u00edan estar exentas de IVA.<\/p>\n<p>Les dejar\u00e1 libertad a los pa\u00edses para que liberen a las p\u00f3mez de ciertas<strong> obligaciones fiscales<\/strong>.<\/p>\n<h2>Con IVA o sin IVA.<\/h2>\n<p>Bruselas ha efectuado una revisi\u00f3n a los acuerdos que articulaban el impuesto sobre el valor a\u00f1adido (IVA), ya que, se han generado unas p\u00e9rdidas, tributarias por uso de <strong>mecanismo de fraude<\/strong>, entre los que se encuentran el conocido \u201ccarrusel\u201d en las adquisiciones intracomunitarias.<\/p>\n<p>Consulta que son las <strong><a href=\"https:\/\/www.billin.net\/blog\/modelo-factura-intracomunitaria\/\">facturas intracomunitarias<\/a>.<\/strong><\/p>\n<p>Las grandes lagunas existentes en la tributaci\u00f3n intracomunitaria est\u00e1n generando una evasi\u00f3n fiscal, al estar exenta de tributaci\u00f3n en origen las entregas transfronterizas de bienes, y al no existir un control de dichas operaciones dentro de la Uni\u00f3n Europea. Tambi\u00e9n hay una p\u00e9rdida en la competitividad de las empresas con operaciones intracomunitarias que cumplen sus obligaciones fiscales.<\/p>\n<p>Este esquema ha favorecido la aparici\u00f3n de entramados societarios, con el fin de defraudar por dos posibles v\u00edas, bien solicitando la <strong>devoluci\u00f3n de IVA<\/strong> soportado, o eludiendo el ingreso del IVA repercutido, utilizando facturas falsas o mercanc\u00edas inexistentes.<\/p>\n<p>Por todo esto, la Comisi\u00f3n Europea, propone una profunda reforma y armonizaci\u00f3n del IVA, dando una mayor libertad a los pa\u00edses para fijar los tipos, garantizando un tipo m\u00ednimo medio, y por otro, generar una ventanilla \u00fanica que elimine el fraude del IVA.<\/p>\n<p>Se busca que este impuesto se centralice a trav\u00e9s de esta ventanilla y elimine la exenci\u00f3n de <strong>tributaci\u00f3n en las operaciones intracomunitarias<\/strong>, que haga posible que el vendedor de un pa\u00eds pueda repercutir el IVA al comprador de otro, que a su vez pudiera deducirlo.<\/p>\n<p><img loading=\"lazy\" decoding=\"async\" class=\"aligncenter size-full wp-image-8807\" src=\"https:\/\/www.billin.net\/blog\/wp-content\/uploads\/2018\/09\/iva-comision-europea-min.jpg\" alt=\"\" width=\"950\" height=\"633\" srcset=\"https:\/\/www.billin.net\/blog\/wp-content\/uploads\/2018\/09\/iva-comision-europea-min.jpg 950w, https:\/\/www.billin.net\/blog\/wp-content\/uploads\/2018\/09\/iva-comision-europea-min-300x200.jpg 300w, https:\/\/www.billin.net\/blog\/wp-content\/uploads\/2018\/09\/iva-comision-europea-min-768x512.jpg 768w, https:\/\/www.billin.net\/blog\/wp-content\/uploads\/2018\/09\/iva-comision-europea-min-600x400.jpg 600w, https:\/\/www.billin.net\/blog\/wp-content\/uploads\/2018\/09\/iva-comision-europea-min-200x133.jpg 200w, https:\/\/www.billin.net\/blog\/wp-content\/uploads\/2018\/09\/iva-comision-europea-min-810x540.jpg 810w\" sizes=\"(max-width: 950px) 100vw, 950px\" \/><\/p>\n<p>Los Estados deber\u00e1n afrontar el gran reto si realmente est\u00e1n dispuestos a aceptar un sistema de compensaci\u00f3n que generar\u00e1 grades vol\u00famenes de transferencias entre los pa\u00edses.<\/p>\n<p>La eliminaci\u00f3n de la exenci\u00f3n del IVA en las adquisiciones intracomunitarias conlleva un efecto negativo sobre la gesti\u00f3n de la tesorer\u00eda de las empresas que realizan este tipo de operaciones, en especial de las PYMES, y de su capacidad para conseguir financiaci\u00f3n adicional necesaria para realizar los pagos del IVA.<\/p>\n<p>En la medida que se consigan alcanzar acuerdos, para armonizar los tipos m\u00ednimos que garanticen la recaudaci\u00f3n de los pa\u00edses, as\u00ed como un<strong> sistema de compensaci\u00f3n<\/strong> en una ventanilla \u00fanica, junto con una simplificaci\u00f3n del proceso para las empresas de reducida dimensi\u00f3n.<\/p>\n<p>Se aboga por mantener un tipo general del 15%, pero deja la puerta abierta a que los Estados, puedan introducir otros cuatro por debajo de este umbral.<\/p>\n<p>Se conf\u00eda en reducir el fraude en 41.000 mill\u00f3n de euros al a\u00f1o.<\/p>\n<p>Es dif\u00edcil pensar que Espa\u00f1a, rebaje la carga de IVA sin realizar un previo estudio, ya que, actualmente es uno de los pa\u00edses con m\u00e1s carga fiscal, adem\u00e1s de ser<strong> la fuente de ingresos m\u00e1s fundamental para conseguir el equilibrio presupuestario<\/strong>.<\/p>\n","protected":false},"excerpt":{"rendered":"<p>La Comisi\u00f3n Europea quiere reformar el IVA de arriba abajo, dando m\u00e1s libertad a los pa\u00edses europeos para que lo fijen y establecer un tipo general del 15%.<\/p>\n","protected":false},"author":20,"featured_media":8808,"comment_status":"open","ping_status":"open","sticky":false,"template":"","format":"standard","meta":{"_acf_changed":false,"_et_pb_use_builder":"","_et_pb_old_content":"","_et_gb_content_width":"","om_disable_all_campaigns":false,"inline_featured_image":false,"footnotes":""},"categories":[1014],"tags":[],"class_list":{"0":"post-10661","1":"post","2":"type-post","3":"status-publish","4":"format-standard","5":"has-post-thumbnail","7":"category-fiscalidad"},"acf":{"selector_de_usuario":null,"fecha_de_revision":"20200616"},"yoast_head":"<!-- This site is optimized with the Yoast SEO plugin v27.1 - https:\/\/yoast.com\/product\/yoast-seo-wordpress\/ -->\n<title>La comisi\u00f3n europea y la reforma del IVA - Blog de TeamSystem Facturas Billin<\/title>\n<meta name=\"description\" content=\"La Comisi\u00f3n Europea quiere reformar el IVA de arriba abajo, dando m\u00e1s libertad a los pa\u00edses europeos para que lo fijen y establecer un tipo general del 15%.\" \/>\n<meta name=\"robots\" content=\"index, follow, max-snippet:-1, max-image-preview:large, max-video-preview:-1\" \/>\n<link rel=\"canonical\" href=\"https:\/\/www.billin.net\/blog\/comision-europea-reforma-iva\/\" \/>\n<meta property=\"og:locale\" content=\"es_ES\" \/>\n<meta property=\"og:type\" content=\"article\" \/>\n<meta property=\"og:title\" content=\"La comisi\u00f3n europea y la reforma del IVA - Blog de TeamSystem Facturas Billin\" \/>\n<meta property=\"og:description\" content=\"La Comisi\u00f3n Europea quiere reformar el IVA de arriba abajo, dando m\u00e1s libertad a los pa\u00edses europeos para que lo fijen y establecer un tipo general del 15%.\" \/>\n<meta property=\"og:url\" content=\"https:\/\/www.billin.net\/blog\/comision-europea-reforma-iva\/\" \/>\n<meta property=\"og:site_name\" content=\"Blog de TeamSystem Facturas Billin\" \/>\n<meta property=\"article:publisher\" content=\"https:\/\/www.facebook.com\/EsBillin\" \/>\n<meta property=\"article:published_time\" content=\"2018-09-12T22:00:00+00:00\" \/>\n<meta property=\"article:modified_time\" content=\"2025-09-25T18:54:50+00:00\" \/>\n<meta property=\"og:image\" content=\"https:\/\/www.billin.net\/blog\/wp-content\/uploads\/2018\/09\/comision-europea-iva-min.jpg\" \/>\n\t<meta property=\"og:image:width\" content=\"950\" \/>\n\t<meta property=\"og:image:height\" content=\"633\" \/>\n\t<meta property=\"og:image:type\" content=\"image\/jpeg\" \/>\n<meta name=\"author\" content=\"Marcos De La Cueva - CEO TeamSystem Facturas Billin\" \/>\n<meta name=\"twitter:card\" content=\"summary_large_image\" \/>\n<meta name=\"twitter:creator\" content=\"@Billin_ES\" \/>\n<meta name=\"twitter:site\" content=\"@Billin_ES\" \/>\n<meta name=\"twitter:label1\" content=\"Escrito por\" \/>\n\t<meta name=\"twitter:data1\" content=\"Marcos De La Cueva - CEO TeamSystem Facturas Billin\" \/>\n\t<meta name=\"twitter:label2\" content=\"Tiempo de lectura\" \/>\n\t<meta name=\"twitter:data2\" content=\"4 minutos\" \/>\n<script type=\"application\/ld+json\" class=\"yoast-schema-graph\">{\"@context\":\"https:\/\/schema.org\",\"@graph\":[{\"@type\":\"Article\",\"@id\":\"https:\/\/www.billin.net\/blog\/comision-europea-reforma-iva\/#article\",\"isPartOf\":{\"@id\":\"https:\/\/www.billin.net\/blog\/comision-europea-reforma-iva\/\"},\"author\":{\"name\":\"Marcos De La Cueva - CEO TeamSystem Facturas Billin\",\"@id\":\"https:\/\/www.billin.net\/blog\/#\/schema\/person\/d0339ee6e869234614541b1e80a793e7\"},\"headline\":\"La comisi\u00f3n europea y la reforma del IVA\",\"datePublished\":\"2018-09-12T22:00:00+00:00\",\"dateModified\":\"2025-09-25T18:54:50+00:00\",\"mainEntityOfPage\":{\"@id\":\"https:\/\/www.billin.net\/blog\/comision-europea-reforma-iva\/\"},\"wordCount\":902,\"commentCount\":0,\"publisher\":{\"@id\":\"https:\/\/www.billin.net\/blog\/#organization\"},\"image\":{\"@id\":\"https:\/\/www.billin.net\/blog\/comision-europea-reforma-iva\/#primaryimage\"},\"thumbnailUrl\":\"https:\/\/www.billin.net\/blog\/wp-content\/uploads\/2018\/09\/comision-europea-iva-min.jpg\",\"articleSection\":[\"Fiscalidad\"],\"inLanguage\":\"es\",\"potentialAction\":[{\"@type\":\"CommentAction\",\"name\":\"Comment\",\"target\":[\"https:\/\/www.billin.net\/blog\/comision-europea-reforma-iva\/#respond\"]}]},{\"@type\":\"WebPage\",\"@id\":\"https:\/\/www.billin.net\/blog\/comision-europea-reforma-iva\/\",\"url\":\"https:\/\/www.billin.net\/blog\/comision-europea-reforma-iva\/\",\"name\":\"La comisi\u00f3n europea y la reforma del IVA - Blog de TeamSystem Facturas Billin\",\"isPartOf\":{\"@id\":\"https:\/\/www.billin.net\/blog\/#website\"},\"primaryImageOfPage\":{\"@id\":\"https:\/\/www.billin.net\/blog\/comision-europea-reforma-iva\/#primaryimage\"},\"image\":{\"@id\":\"https:\/\/www.billin.net\/blog\/comision-europea-reforma-iva\/#primaryimage\"},\"thumbnailUrl\":\"https:\/\/www.billin.net\/blog\/wp-content\/uploads\/2018\/09\/comision-europea-iva-min.jpg\",\"datePublished\":\"2018-09-12T22:00:00+00:00\",\"dateModified\":\"2025-09-25T18:54:50+00:00\",\"description\":\"La Comisi\u00f3n Europea quiere reformar el IVA de arriba abajo, dando m\u00e1s libertad a los pa\u00edses europeos para que lo fijen y establecer un tipo general del 15%.\",\"breadcrumb\":{\"@id\":\"https:\/\/www.billin.net\/blog\/comision-europea-reforma-iva\/#breadcrumb\"},\"inLanguage\":\"es\",\"potentialAction\":[{\"@type\":\"ReadAction\",\"target\":[\"https:\/\/www.billin.net\/blog\/comision-europea-reforma-iva\/\"]}]},{\"@type\":\"ImageObject\",\"inLanguage\":\"es\",\"@id\":\"https:\/\/www.billin.net\/blog\/comision-europea-reforma-iva\/#primaryimage\",\"url\":\"https:\/\/www.billin.net\/blog\/wp-content\/uploads\/2018\/09\/comision-europea-iva-min.jpg\",\"contentUrl\":\"https:\/\/www.billin.net\/blog\/wp-content\/uploads\/2018\/09\/comision-europea-iva-min.jpg\",\"width\":950,\"height\":633},{\"@type\":\"BreadcrumbList\",\"@id\":\"https:\/\/www.billin.net\/blog\/comision-europea-reforma-iva\/#breadcrumb\",\"itemListElement\":[{\"@type\":\"ListItem\",\"position\":1,\"name\":\"Blog\",\"item\":\"https:\/\/www.billin.net\/blog\/\"},{\"@type\":\"ListItem\",\"position\":2,\"name\":\"Fiscalidad\",\"item\":\"https:\/\/www.billin.net\/blog\/fiscalidad\/\"},{\"@type\":\"ListItem\",\"position\":3,\"name\":\"La comisi\u00f3n europea y la reforma del IVA\"}]},{\"@type\":\"WebSite\",\"@id\":\"https:\/\/www.billin.net\/blog\/#website\",\"url\":\"https:\/\/www.billin.net\/blog\/\",\"name\":\"Blog de Billin\",\"description\":\"Mantente informado con el blog de TeamSystem Facturas Billin:  facturaci\u00f3n, legislaci\u00f3n, contabilidad, management y toda la informaci\u00f3n \u00fatil para pymes y aut\u00f3nomos.\",\"publisher\":{\"@id\":\"https:\/\/www.billin.net\/blog\/#organization\"},\"potentialAction\":[{\"@type\":\"SearchAction\",\"target\":{\"@type\":\"EntryPoint\",\"urlTemplate\":\"https:\/\/www.billin.net\/blog\/?s={search_term_string}\"},\"query-input\":{\"@type\":\"PropertyValueSpecification\",\"valueRequired\":true,\"valueName\":\"search_term_string\"}}],\"inLanguage\":\"es\"},{\"@type\":\"Organization\",\"@id\":\"https:\/\/www.billin.net\/blog\/#organization\",\"name\":\"Billin\",\"alternateName\":\"Blog de Billin\",\"url\":\"https:\/\/www.billin.net\/blog\/\",\"logo\":{\"@type\":\"ImageObject\",\"inLanguage\":\"es\",\"@id\":\"https:\/\/www.billin.net\/blog\/#\/schema\/logo\/image\/\",\"url\":\"https:\/\/www.billin.net\/blog\/wp-content\/uploads\/2019\/06\/logotipo-billin-blog-1.png\",\"contentUrl\":\"https:\/\/www.billin.net\/blog\/wp-content\/uploads\/2019\/06\/logotipo-billin-blog-1.png\",\"width\":126,\"height\":50,\"caption\":\"Billin\"},\"image\":{\"@id\":\"https:\/\/www.billin.net\/blog\/#\/schema\/logo\/image\/\"},\"sameAs\":[\"https:\/\/www.facebook.com\/EsBillin\",\"https:\/\/x.com\/Billin_ES\",\"https:\/\/www.instagram.com\/billin_es\/\",\"https:\/\/www.linkedin.com\/company\/billin-spain\",\"https:\/\/www.youtube.com\/c\/BillinEsintercambiodefacturas\/\"],\"legalName\":\"MY EXPENSES SL\",\"contactPoint\":{\"@type\":\"ContactPoint\",\"telephone\":\"+34918318883\",\"contactType\":\"customer service\",\"email\":\"info@billin.eu\",\"availableLanguage\":\"es\"},\"foundingDate\":\"2015\",\"numberOfEmployees\":{\"@type\":\"QuantitativeValue\",\"minValue\":10,\"maxValue\":50},\"parentOrganization\":{\"@type\":\"Organization\",\"name\":\"TeamSystem\",\"url\":\"https:\/\/www.teamsystem.com\/\"},\"description\":\"Billin es el programa de facturaci\u00f3n online de TeamSystem para aut\u00f3nomos y pymes en Espa\u00f1a. Permite crear facturas, controlar gastos y cumplir con Verifactu.\",\"address\":{\"@type\":\"PostalAddress\",\"streetAddress\":\"Calle Arturo Soria, 336\",\"addressLocality\":\"Madrid\",\"addressRegion\":\"Madrid\",\"postalCode\":\"28033\",\"addressCountry\":\"ES\"}},{\"@type\":\"Person\",\"@id\":\"https:\/\/www.billin.net\/blog\/#\/schema\/person\/d0339ee6e869234614541b1e80a793e7\",\"name\":\"Marcos De La Cueva - CEO TeamSystem Facturas Billin\",\"image\":{\"@type\":\"ImageObject\",\"inLanguage\":\"es\",\"@id\":\"https:\/\/www.billin.net\/blog\/#\/schema\/person\/image\/\",\"url\":\"https:\/\/www.billin.net\/blog\/wp-content\/uploads\/2023\/10\/marcos-color-150x150.png\",\"contentUrl\":\"https:\/\/www.billin.net\/blog\/wp-content\/uploads\/2023\/10\/marcos-color-150x150.png\",\"caption\":\"Marcos De La Cueva - CEO TeamSystem Facturas Billin\"},\"description\":\"Licenciado en ADE por la Universidad Aut\u00f3noma de Madrid, Marcos De la Cueva es CEO y cofundador de TeamSystem Facturas Billin, un programa online que lleva m\u00e1s de 9 a\u00f1os ayudando a aut\u00f3nomos, peque\u00f1os negocios y gestor\u00edas a digitalizar sus presupuestos, facturas, tickets y gastos. \u00a0 Sobre Marcos De La Cueva \u00a0 Apasionado por el mundo empresarial y la tecnolog\u00eda, curs\u00f3 su M\u00e1ster de Finanzas en la Universidad Pontificia de Comillas y estuvo en el Programa de Cooperaci\u00f3n Educativa de la Universidad Aut\u00f3noma de Madrid. \u00a0 Marcos siempre ha tenido su objetivo claro: ayudar a la creaci\u00f3n de negocios financieramente sostenibles a trav\u00e9s de una herramienta de facturaci\u00f3n que les permita ahorrar tiempo y tener la contabilidad bajo control. \u00a0 Marcos De La Cueva en los medios \u2014 Noticia sobre Kit Digital y Ley Antifraude (VeriFactu) en El Economista. \u2014 Noticia sobre Kit Digital y factura electr\u00f3nica obligatoria en Diario Jur\u00eddico. \u2014 Noticia sobre el a\u00f1o de transici\u00f3n para la factura electr\u00f3nica en Muy Pymes. \u2014 Entrevista sobre factura electr\u00f3nica obligatoria en Canal Sur. \u2014 Noticia sobre el informe factura electr\u00f3nica de TeamSystem en Channel Partner. \u2014 Charla sobre productividad y Ley Crea y Crece en El Economista. \u2014 Charla sobre factura electr\u00f3nica obligatoria en Muy Pymes. \u2014 Charla sobre digitalizaci\u00f3n aut\u00f3nomos y productividad en esdiario. \u2014 Charla sobre productividad y factura electr\u00f3nica en La Raz\u00f3n. \u2014 Charla sobre factura electr\u00f3nica obligatoria en Aut\u00f3nomos y Emprendedores. \u2014 Entrevista sobre Ley Antifraude y Ley Crea y Crece en Expansi\u00f3n. \u2014 Entrevista sobre Ley Antifraude y Ley Crea y Crece en La Raz\u00f3n. \u2014 Entrevista sobre factura electr\u00f3nica obligatoria en El Economista. \u2014 Comunicado Billin y TeamSystem en Business Insider. \u2014 Entrevista en Econom\u00eda Digital. \u2014 Entrevista en Ideas para tu empresa de Vodafone. \u2014 Entrevista en M\u00e1sQradio. \u2014 Entrevista en Armas para emprender de El M\u00e9todo Gallardo. \u2014 Entrevista en KFund. \u2014 Entrevista en AXA Seguros Espa\u00f1a. \u2014 Entrevista en GestionaRadio. \u00a0 Marcos De La Cueva en eventos \u00a0 \u2014 Participaci\u00f3n como ponente en Accountex Espa\u00f1a 2023. \u00a0 Tem\u00e1ticas de especializaci\u00f3n \u00a0 negocios | startups | contabilidad| fiscalidad | empresas| asesor\u00edas| autonomos | emprendedores | peque\u00f1os negocios | econom\u00eda | ADE | pymes | desarrollo de negocio\u00a0\",\"sameAs\":[\"https:\/\/www.billin.net\/\",\"https:\/\/www.linkedin.com\/in\/marcos-de-la-cueva-19750ba3\/\"],\"url\":\"https:\/\/www.billin.net\/blog\/author\/marcosdelacueva\/\",\"jobTitle\":\"CEO y cofundador de TS Facturas Billin\"}]}<\/script>\n<!-- \/ Yoast SEO plugin. -->","yoast_head_json":{"title":"La comisi\u00f3n europea y la reforma del IVA - Blog de TeamSystem Facturas Billin","description":"La Comisi\u00f3n Europea quiere reformar el IVA de arriba abajo, dando m\u00e1s libertad a los pa\u00edses europeos para que lo fijen y establecer un tipo general del 15%.","robots":{"index":"index","follow":"follow","max-snippet":"max-snippet:-1","max-image-preview":"max-image-preview:large","max-video-preview":"max-video-preview:-1"},"canonical":"https:\/\/www.billin.net\/blog\/comision-europea-reforma-iva\/","og_locale":"es_ES","og_type":"article","og_title":"La comisi\u00f3n europea y la reforma del IVA - Blog de TeamSystem Facturas Billin","og_description":"La Comisi\u00f3n Europea quiere reformar el IVA de arriba abajo, dando m\u00e1s libertad a los pa\u00edses europeos para que lo fijen y establecer un tipo general del 15%.","og_url":"https:\/\/www.billin.net\/blog\/comision-europea-reforma-iva\/","og_site_name":"Blog de TeamSystem Facturas Billin","article_publisher":"https:\/\/www.facebook.com\/EsBillin","article_published_time":"2018-09-12T22:00:00+00:00","article_modified_time":"2025-09-25T18:54:50+00:00","og_image":[{"width":950,"height":633,"url":"https:\/\/www.billin.net\/blog\/wp-content\/uploads\/2018\/09\/comision-europea-iva-min.jpg","type":"image\/jpeg"}],"author":"Marcos De La Cueva - CEO TeamSystem Facturas Billin","twitter_card":"summary_large_image","twitter_creator":"@Billin_ES","twitter_site":"@Billin_ES","twitter_misc":{"Escrito por":"Marcos De La Cueva - CEO TeamSystem Facturas Billin","Tiempo de lectura":"4 minutos"},"schema":{"@context":"https:\/\/schema.org","@graph":[{"@type":"Article","@id":"https:\/\/www.billin.net\/blog\/comision-europea-reforma-iva\/#article","isPartOf":{"@id":"https:\/\/www.billin.net\/blog\/comision-europea-reforma-iva\/"},"author":{"name":"Marcos De La Cueva - CEO TeamSystem Facturas Billin","@id":"https:\/\/www.billin.net\/blog\/#\/schema\/person\/d0339ee6e869234614541b1e80a793e7"},"headline":"La comisi\u00f3n europea y la reforma del IVA","datePublished":"2018-09-12T22:00:00+00:00","dateModified":"2025-09-25T18:54:50+00:00","mainEntityOfPage":{"@id":"https:\/\/www.billin.net\/blog\/comision-europea-reforma-iva\/"},"wordCount":902,"commentCount":0,"publisher":{"@id":"https:\/\/www.billin.net\/blog\/#organization"},"image":{"@id":"https:\/\/www.billin.net\/blog\/comision-europea-reforma-iva\/#primaryimage"},"thumbnailUrl":"https:\/\/www.billin.net\/blog\/wp-content\/uploads\/2018\/09\/comision-europea-iva-min.jpg","articleSection":["Fiscalidad"],"inLanguage":"es","potentialAction":[{"@type":"CommentAction","name":"Comment","target":["https:\/\/www.billin.net\/blog\/comision-europea-reforma-iva\/#respond"]}]},{"@type":"WebPage","@id":"https:\/\/www.billin.net\/blog\/comision-europea-reforma-iva\/","url":"https:\/\/www.billin.net\/blog\/comision-europea-reforma-iva\/","name":"La comisi\u00f3n europea y la reforma del IVA - Blog de TeamSystem Facturas Billin","isPartOf":{"@id":"https:\/\/www.billin.net\/blog\/#website"},"primaryImageOfPage":{"@id":"https:\/\/www.billin.net\/blog\/comision-europea-reforma-iva\/#primaryimage"},"image":{"@id":"https:\/\/www.billin.net\/blog\/comision-europea-reforma-iva\/#primaryimage"},"thumbnailUrl":"https:\/\/www.billin.net\/blog\/wp-content\/uploads\/2018\/09\/comision-europea-iva-min.jpg","datePublished":"2018-09-12T22:00:00+00:00","dateModified":"2025-09-25T18:54:50+00:00","description":"La Comisi\u00f3n Europea quiere reformar el IVA de arriba abajo, dando m\u00e1s libertad a los pa\u00edses europeos para que lo fijen y establecer un tipo general del 15%.","breadcrumb":{"@id":"https:\/\/www.billin.net\/blog\/comision-europea-reforma-iva\/#breadcrumb"},"inLanguage":"es","potentialAction":[{"@type":"ReadAction","target":["https:\/\/www.billin.net\/blog\/comision-europea-reforma-iva\/"]}]},{"@type":"ImageObject","inLanguage":"es","@id":"https:\/\/www.billin.net\/blog\/comision-europea-reforma-iva\/#primaryimage","url":"https:\/\/www.billin.net\/blog\/wp-content\/uploads\/2018\/09\/comision-europea-iva-min.jpg","contentUrl":"https:\/\/www.billin.net\/blog\/wp-content\/uploads\/2018\/09\/comision-europea-iva-min.jpg","width":950,"height":633},{"@type":"BreadcrumbList","@id":"https:\/\/www.billin.net\/blog\/comision-europea-reforma-iva\/#breadcrumb","itemListElement":[{"@type":"ListItem","position":1,"name":"Blog","item":"https:\/\/www.billin.net\/blog\/"},{"@type":"ListItem","position":2,"name":"Fiscalidad","item":"https:\/\/www.billin.net\/blog\/fiscalidad\/"},{"@type":"ListItem","position":3,"name":"La comisi\u00f3n europea y la reforma del IVA"}]},{"@type":"WebSite","@id":"https:\/\/www.billin.net\/blog\/#website","url":"https:\/\/www.billin.net\/blog\/","name":"Blog de Billin","description":"Mantente informado con el blog de TeamSystem Facturas Billin:  facturaci\u00f3n, legislaci\u00f3n, contabilidad, management y toda la informaci\u00f3n \u00fatil para pymes y aut\u00f3nomos.","publisher":{"@id":"https:\/\/www.billin.net\/blog\/#organization"},"potentialAction":[{"@type":"SearchAction","target":{"@type":"EntryPoint","urlTemplate":"https:\/\/www.billin.net\/blog\/?s={search_term_string}"},"query-input":{"@type":"PropertyValueSpecification","valueRequired":true,"valueName":"search_term_string"}}],"inLanguage":"es"},{"@type":"Organization","@id":"https:\/\/www.billin.net\/blog\/#organization","name":"Billin","alternateName":"Blog de Billin","url":"https:\/\/www.billin.net\/blog\/","logo":{"@type":"ImageObject","inLanguage":"es","@id":"https:\/\/www.billin.net\/blog\/#\/schema\/logo\/image\/","url":"https:\/\/www.billin.net\/blog\/wp-content\/uploads\/2019\/06\/logotipo-billin-blog-1.png","contentUrl":"https:\/\/www.billin.net\/blog\/wp-content\/uploads\/2019\/06\/logotipo-billin-blog-1.png","width":126,"height":50,"caption":"Billin"},"image":{"@id":"https:\/\/www.billin.net\/blog\/#\/schema\/logo\/image\/"},"sameAs":["https:\/\/www.facebook.com\/EsBillin","https:\/\/x.com\/Billin_ES","https:\/\/www.instagram.com\/billin_es\/","https:\/\/www.linkedin.com\/company\/billin-spain","https:\/\/www.youtube.com\/c\/BillinEsintercambiodefacturas\/"],"legalName":"MY EXPENSES SL","contactPoint":{"@type":"ContactPoint","telephone":"+34918318883","contactType":"customer service","email":"info@billin.eu","availableLanguage":"es"},"foundingDate":"2015","numberOfEmployees":{"@type":"QuantitativeValue","minValue":10,"maxValue":50},"parentOrganization":{"@type":"Organization","name":"TeamSystem","url":"https:\/\/www.teamsystem.com\/"},"description":"Billin es el programa de facturaci\u00f3n online de TeamSystem para aut\u00f3nomos y pymes en Espa\u00f1a. Permite crear facturas, controlar gastos y cumplir con Verifactu.","address":{"@type":"PostalAddress","streetAddress":"Calle Arturo Soria, 336","addressLocality":"Madrid","addressRegion":"Madrid","postalCode":"28033","addressCountry":"ES"}},{"@type":"Person","@id":"https:\/\/www.billin.net\/blog\/#\/schema\/person\/d0339ee6e869234614541b1e80a793e7","name":"Marcos De La Cueva - CEO TeamSystem Facturas Billin","image":{"@type":"ImageObject","inLanguage":"es","@id":"https:\/\/www.billin.net\/blog\/#\/schema\/person\/image\/","url":"https:\/\/www.billin.net\/blog\/wp-content\/uploads\/2023\/10\/marcos-color-150x150.png","contentUrl":"https:\/\/www.billin.net\/blog\/wp-content\/uploads\/2023\/10\/marcos-color-150x150.png","caption":"Marcos De La Cueva - CEO TeamSystem Facturas Billin"},"description":"Licenciado en ADE por la Universidad Aut\u00f3noma de Madrid, Marcos De la Cueva es CEO y cofundador de TeamSystem Facturas Billin, un programa online que lleva m\u00e1s de 9 a\u00f1os ayudando a aut\u00f3nomos, peque\u00f1os negocios y gestor\u00edas a digitalizar sus presupuestos, facturas, tickets y gastos. \u00a0 Sobre Marcos De La Cueva \u00a0 Apasionado por el mundo empresarial y la tecnolog\u00eda, curs\u00f3 su M\u00e1ster de Finanzas en la Universidad Pontificia de Comillas y estuvo en el Programa de Cooperaci\u00f3n Educativa de la Universidad Aut\u00f3noma de Madrid. \u00a0 Marcos siempre ha tenido su objetivo claro: ayudar a la creaci\u00f3n de negocios financieramente sostenibles a trav\u00e9s de una herramienta de facturaci\u00f3n que les permita ahorrar tiempo y tener la contabilidad bajo control. \u00a0 Marcos De La Cueva en los medios \u2014 Noticia sobre Kit Digital y Ley Antifraude (VeriFactu) en El Economista. \u2014 Noticia sobre Kit Digital y factura electr\u00f3nica obligatoria en Diario Jur\u00eddico. \u2014 Noticia sobre el a\u00f1o de transici\u00f3n para la factura electr\u00f3nica en Muy Pymes. \u2014 Entrevista sobre factura electr\u00f3nica obligatoria en Canal Sur. \u2014 Noticia sobre el informe factura electr\u00f3nica de TeamSystem en Channel Partner. \u2014 Charla sobre productividad y Ley Crea y Crece en El Economista. \u2014 Charla sobre factura electr\u00f3nica obligatoria en Muy Pymes. \u2014 Charla sobre digitalizaci\u00f3n aut\u00f3nomos y productividad en esdiario. \u2014 Charla sobre productividad y factura electr\u00f3nica en La Raz\u00f3n. \u2014 Charla sobre factura electr\u00f3nica obligatoria en Aut\u00f3nomos y Emprendedores. \u2014 Entrevista sobre Ley Antifraude y Ley Crea y Crece en Expansi\u00f3n. \u2014 Entrevista sobre Ley Antifraude y Ley Crea y Crece en La Raz\u00f3n. \u2014 Entrevista sobre factura electr\u00f3nica obligatoria en El Economista. \u2014 Comunicado Billin y TeamSystem en Business Insider. \u2014 Entrevista en Econom\u00eda Digital. \u2014 Entrevista en Ideas para tu empresa de Vodafone. \u2014 Entrevista en M\u00e1sQradio. \u2014 Entrevista en Armas para emprender de El M\u00e9todo Gallardo. \u2014 Entrevista en KFund. \u2014 Entrevista en AXA Seguros Espa\u00f1a. \u2014 Entrevista en GestionaRadio. \u00a0 Marcos De La Cueva en eventos \u00a0 \u2014 Participaci\u00f3n como ponente en Accountex Espa\u00f1a 2023. \u00a0 Tem\u00e1ticas de especializaci\u00f3n \u00a0 negocios | startups | contabilidad| fiscalidad | empresas| asesor\u00edas| autonomos | emprendedores | peque\u00f1os negocios | econom\u00eda | ADE | pymes | desarrollo de negocio\u00a0","sameAs":["https:\/\/www.billin.net\/","https:\/\/www.linkedin.com\/in\/marcos-de-la-cueva-19750ba3\/"],"url":"https:\/\/www.billin.net\/blog\/author\/marcosdelacueva\/","jobTitle":"CEO y cofundador de TS Facturas Billin"}]}},"_links":{"self":[{"href":"https:\/\/www.billin.net\/blog\/wp-json\/wp\/v2\/posts\/10661","targetHints":{"allow":["GET"]}}],"collection":[{"href":"https:\/\/www.billin.net\/blog\/wp-json\/wp\/v2\/posts"}],"about":[{"href":"https:\/\/www.billin.net\/blog\/wp-json\/wp\/v2\/types\/post"}],"author":[{"embeddable":true,"href":"https:\/\/www.billin.net\/blog\/wp-json\/wp\/v2\/users\/20"}],"replies":[{"embeddable":true,"href":"https:\/\/www.billin.net\/blog\/wp-json\/wp\/v2\/comments?post=10661"}],"version-history":[{"count":6,"href":"https:\/\/www.billin.net\/blog\/wp-json\/wp\/v2\/posts\/10661\/revisions"}],"predecessor-version":[{"id":27311,"href":"https:\/\/www.billin.net\/blog\/wp-json\/wp\/v2\/posts\/10661\/revisions\/27311"}],"wp:featuredmedia":[{"embeddable":true,"href":"https:\/\/www.billin.net\/blog\/wp-json\/wp\/v2\/media\/8808"}],"wp:attachment":[{"href":"https:\/\/www.billin.net\/blog\/wp-json\/wp\/v2\/media?parent=10661"}],"wp:term":[{"taxonomy":"category","embeddable":true,"href":"https:\/\/www.billin.net\/blog\/wp-json\/wp\/v2\/categories?post=10661"},{"taxonomy":"post_tag","embeddable":true,"href":"https:\/\/www.billin.net\/blog\/wp-json\/wp\/v2\/tags?post=10661"}],"curies":[{"name":"wp","href":"https:\/\/api.w.org\/{rel}","templated":true}]}}