{"id":10651,"date":"2018-08-30T00:00:00","date_gmt":"2018-08-29T22:00:00","guid":{"rendered":"https:\/\/www.billin.net\/blog\/como-tributaran-modulos-2019\/"},"modified":"2025-09-25T20:55:14","modified_gmt":"2025-09-25T18:55:14","slug":"como-tributaran-modulos-2019","status":"publish","type":"post","link":"https:\/\/www.billin.net\/blog\/como-tributaran-modulos-2019\/","title":{"rendered":"\u00bfC\u00f3mo tributar\u00e1n los m\u00f3dulos en 2019?"},"content":{"rendered":"<p>Si tributas en estimaci\u00f3n objetiva o <strong>m\u00f3dulos<\/strong>, la Agencia Tributaria va a endurecer el l\u00edmite a partir del 01 de enero de 2019, te lo contamos.<!--more--><\/p>\n<h2>Estimaci\u00f3n objetiva o m\u00f3dulos<\/h2>\n<p>Existen tres formas de tributar ante la Agencia Tributaria:<\/p>\n<ul>\n<li><strong>Estimaci\u00f3n directa<\/strong>: con esta tributaci\u00f3n <a href=\"https:\/\/www.billin.net\/calcular-base-imponible\/\" target=\"_blank\" rel=\"noopener noreferrer\">el c\u00e1lculo de la base imponible<\/a> se realizar\u00e1 mediante la cuantificaci\u00f3n con exactitud de los datos reales aportados por el contribuyente.<\/li>\n<li><strong>Estimaci\u00f3n directa simplifica<\/strong>: funciona exactamente igual que la directa, pero no todo el mundo podr\u00e1 acogerse a este sistema, eso depender\u00e1 del volumen de ingresos.<\/li>\n<li><strong>Estimaci\u00f3n objetiva<\/strong>: ser\u00e1 aplicable para determinadas actividades econ\u00f3micas, ya que no depende de los gastos e ingresos reales, sino que, el rendimiento se calcular\u00e1 en base a unos \u00edndices fijados por Hacienda, como la superficie del local, plantilla, gastos de consumo, etc.<\/li>\n<\/ul>\n<p>Este <strong>r\u00e9gimen de m\u00f3dulos<\/strong> se aplicar\u00e1 a todas las personas f\u00edsicas o entidades en atribuci\u00f3n de rentas en IRPF, siempre que todos los comuneros sean personas f\u00edsicas.<\/p>\n<p>Las actividades que entran en esta tributaci\u00f3n se publicar\u00e1n en la Orden Ministerial de Hacienda y Administraciones P\u00fablicas, las cuales, no deber\u00e1n superar unos l\u00edmites.<\/p>\n<h2>Endurecimiento de los puntos umbrales de los m\u00f3dulos<\/h2>\n<p>A partir del 01 de enero de 2019, el l\u00edmite para poder <strong>tributar en m\u00f3dulos o estimaci\u00f3n objetiva<\/strong> van a disminuir, por lo que muchos empresarios dejar\u00e1n de poder tributar en este r\u00e9gimen con la entrada en vigor de los nuevos l\u00edmites.<\/p>\n<p>Estar\u00e1n incluidos en este r\u00e9gimen aquellos que el <strong>volumen de ingresos del a\u00f1o<\/strong> inmediatamente anterior no supere cualquiera de los siguientes importes:<\/p>\n<ul>\n<li>250.000 euros para el conjunto de actividades, a excepci\u00f3n de las agr\u00edcolas, forestales y ganaderas, a partir del 01 de enero de 2019 ese l\u00edmite se bajar\u00e1 a <em>150.000 euros.<\/em><\/li>\n<li>Para los que actualmente ten\u00edan el l\u00edmite de 125.000 euros, se ver\u00e1 reducido a <em>75.000 euros<\/em> en cuanto al volumen de facturaci\u00f3n.<\/li>\n<\/ul>\n<p>Este cambio ya se anuncia en la p\u00e1gina web de la Agencia Tributaria, donde se indica que dar\u00e1 comienzo el 01 de enero de 2019, esto conllevar\u00e1 a que muchos aut\u00f3nomos pasen a tributar en el r\u00e9gimen de estimaci\u00f3n directa simplificada.<\/p>\n<p>Desde la reforma realizada en el a\u00f1o 2015, Hacienda tiene en el punto de mira a este tipo de tributaci\u00f3n, ya que, estos cambios se preve\u00edan en el sistema de tributaci\u00f3n por m\u00f3dulos.<\/p>\n<p>Salvo cualquier novedad, todo se convertir\u00e1 en una realidad <strong>a partir de enero de 2019<\/strong>.<\/p>\n<p>El principal motivo que lleva a esta modificaci\u00f3n es la lucha contra la evasi\u00f3n fiscal, ya que, desde hace a\u00f1os, esta modalidad de tributaci\u00f3n ha estado bajo sospecha.<\/p>\n<p>Este sistema de m\u00f3dulos es usado por empresas y aut\u00f3nomos que tienen unos ingresos fijos m\u00e1s o menos, y quieren simplificar su forma de tributar, ya que, en este caso se pagar\u00eda lo mismo sin importar la facturaci\u00f3n.<\/p>\n<p>De esta manera, se consigue ahorrar costes y tiempo, el hecho de tener que ingresar siempre lo mismo, simplifica la gesti\u00f3n de los impuestos de una empresa.<\/p>\n<p>Esta <strong>reducci\u00f3n de l\u00edmite dejar\u00e1 fuera a todos los aut\u00f3nomos que tienen ingresos altos<\/strong>, como, por ejemplo, el sector del transporte, en el cual, facturan mucho, pero tambi\u00e9n los costes asociados son elevados como la gasolina, taller, etc.<\/p>\n<p>Un aut\u00f3nomo ver\u00e1 la tributaci\u00f3n de m\u00f3dulos m\u00e1s interesante cuando al aplicar los coeficientes que le correspondan pague menos que con los ingresos reales.<\/p>\n<p>Sin embargo, si tenemos ingresos inestables durante todo el a\u00f1o, o nuestros ingresos no superan los l\u00edmites establecidos, interesar\u00e1 m\u00e1s tributar en estimaci\u00f3n directa.<\/p>\n<p>Hay que tener en cuenta, que en estimaci\u00f3n directa tendremos unas obligaciones mayores, como, por ejemplo, la liquidaci\u00f3n trimestral de IVA, solo por esto, habr\u00e1 aut\u00f3nomos que tengan un mayor coste en asesor\u00eda fiscal, ya que, tambi\u00e9n tendr\u00edan que llevar la contabilidad al d\u00eda para <strong>generar los modelos de IRPF, as\u00ed como el <a href=\"https:\/\/www.billin.net\/blog\/modelo-347-declaracion-informativa-declaracion-anual-de-operaciones-con-terceros\/\">modelo 347<\/a><\/strong> de operaciones con terceros, todo esto, supondr\u00e1 una mayor carga administrativa sobre negocios, que normalmente, no tienen contratado un contable.<\/p>\n<p>Se acerca el fin de los m\u00f3dulos, haci\u00e9ndolo cada vez m\u00e1s restrictivo, para que, de esta manera, cada contribuyente pague por sus ingresos reales, consiguiendo un mayor control por parte de la Agencia Tributaria.<\/p>\n<p><img loading=\"lazy\" decoding=\"async\" class=\"aligncenter size-full wp-image-8755\" src=\"https:\/\/www.billin.net\/blog\/wp-content\/uploads\/2018\/08\/2019-modelos-tributarios-min.jpg\" alt=\"\" width=\"1000\" height=\"667\" srcset=\"https:\/\/www.billin.net\/blog\/wp-content\/uploads\/2018\/08\/2019-modelos-tributarios-min.jpg 1000w, https:\/\/www.billin.net\/blog\/wp-content\/uploads\/2018\/08\/2019-modelos-tributarios-min-300x200.jpg 300w, https:\/\/www.billin.net\/blog\/wp-content\/uploads\/2018\/08\/2019-modelos-tributarios-min-768x512.jpg 768w, https:\/\/www.billin.net\/blog\/wp-content\/uploads\/2018\/08\/2019-modelos-tributarios-min-600x400.jpg 600w, https:\/\/www.billin.net\/blog\/wp-content\/uploads\/2018\/08\/2019-modelos-tributarios-min-200x133.jpg 200w, https:\/\/www.billin.net\/blog\/wp-content\/uploads\/2018\/08\/2019-modelos-tributarios-min-810x540.jpg 810w\" sizes=\"(max-width: 1000px) 100vw, 1000px\" \/><\/p>\n<h2>Cr\u00edticas a la reforma de los m\u00f3dulos<\/h2>\n<p>El sector del transporte ser\u00e1 uno de los m\u00e1s afectados con esta disminuci\u00f3n de l\u00edmite de tributaci\u00f3n.<\/p>\n<p>Desde diversas empresas dedicadas al sector del transporte, sostienen que \u201cestas modificaciones, ya anunciadas durante los \u00faltimos meses del a\u00f1o pasado,&nbsp;<strong>determinar\u00e1n el futuro inmediato del transporte aut\u00f3nomo en nuestro pa\u00ed<\/strong><strong>s<\/strong>\u201d.<\/p>\n<p>Surgen incertidumbre sobre la situaci\u00f3n a la que se enfrentar\u00e1n los transportistas a partir de enero de 2019, ya que esta modificaci\u00f3n le implicar\u00e1 limitar el trabajo durante el \u00faltimo trimestre del a\u00f1o, para no excederse en los l\u00edmites futuros.<\/p>\n<p>Algunas asociaciones de profesionales han propuesto al Gobierno que se apliquen unos <strong>coeficientes reductores<\/strong>, al igual que en el Pa\u00eds Vasco, de un 45% sobre el rendimiento para el c\u00e1lculo del IRPF.<\/p>\n<p>Otras Asociaciones piden que se mantengan los mismos l\u00edmites que en el 2018.<\/p>\n<p>Hay que tener \u00e9l cuenta que el 40% de la facturaci\u00f3n se va a cubrir con el gasto en gasoil del transportista, por tanto, si se reduce el l\u00edmite a 75.000 euros, se le estar\u00e1 obligando a que pase a ser una sociedad, conllevando un aumento en sus obligaciones fiscales.<\/p>\n","protected":false},"excerpt":{"rendered":"<p>Si tributas en estimaci\u00f3n objetiva o m\u00f3dulos, la Agencia Tributaria va a endurecer el l\u00edmite a partir del 01 de enero de 2019, te lo contamos.<\/p>\n","protected":false},"author":20,"featured_media":8754,"comment_status":"open","ping_status":"open","sticky":false,"template":"","format":"standard","meta":{"_acf_changed":false,"_et_pb_use_builder":"","_et_pb_old_content":"","_et_gb_content_width":"","om_disable_all_campaigns":false,"inline_featured_image":false,"footnotes":""},"categories":[1020],"tags":[],"class_list":{"0":"post-10651","1":"post","2":"type-post","3":"status-publish","4":"format-standard","5":"has-post-thumbnail","7":"category-contabilidad"},"acf":{"selector_de_usuario":null,"fecha_de_revision":"20191029"},"yoast_head":"<!-- This site is optimized with the Yoast SEO plugin v27.1 - https:\/\/yoast.com\/product\/yoast-seo-wordpress\/ -->\n<title>\u00bfC\u00f3mo tributar\u00e1n los m\u00f3dulos en 2019? - Blog de TeamSystem Facturas Billin<\/title>\n<meta name=\"description\" content=\"Si tributas en estimaci\u00f3n objetiva o m\u00f3dulos, la Agencia Tributaria va a endurecer el l\u00edmite a partir del 01 de enero de 2019, te lo contamos.\" \/>\n<meta name=\"robots\" content=\"index, follow, max-snippet:-1, max-image-preview:large, max-video-preview:-1\" \/>\n<link rel=\"canonical\" href=\"https:\/\/www.billin.net\/blog\/como-tributaran-modulos-2019\/\" \/>\n<meta property=\"og:locale\" content=\"es_ES\" \/>\n<meta property=\"og:type\" content=\"article\" \/>\n<meta property=\"og:title\" content=\"\u00bfC\u00f3mo tributar\u00e1n los m\u00f3dulos en 2019? - Blog de TeamSystem Facturas Billin\" \/>\n<meta property=\"og:description\" content=\"Si tributas en estimaci\u00f3n objetiva o m\u00f3dulos, la Agencia Tributaria va a endurecer el l\u00edmite a partir del 01 de enero de 2019, te lo contamos.\" \/>\n<meta property=\"og:url\" content=\"https:\/\/www.billin.net\/blog\/como-tributaran-modulos-2019\/\" \/>\n<meta property=\"og:site_name\" content=\"Blog de TeamSystem Facturas Billin\" \/>\n<meta property=\"article:publisher\" content=\"https:\/\/www.facebook.com\/EsBillin\" \/>\n<meta property=\"article:published_time\" content=\"2018-08-29T22:00:00+00:00\" \/>\n<meta property=\"article:modified_time\" content=\"2025-09-25T18:55:14+00:00\" \/>\n<meta property=\"og:image\" content=\"https:\/\/www.billin.net\/blog\/wp-content\/uploads\/2018\/08\/modelos-tributarios-2019-min.jpg\" \/>\n\t<meta property=\"og:image:width\" content=\"1000\" \/>\n\t<meta property=\"og:image:height\" content=\"667\" \/>\n\t<meta property=\"og:image:type\" content=\"image\/jpeg\" \/>\n<meta name=\"author\" content=\"Marcos De La Cueva - CEO TeamSystem Facturas Billin\" \/>\n<meta name=\"twitter:card\" content=\"summary_large_image\" \/>\n<meta name=\"twitter:creator\" content=\"@Billin_ES\" \/>\n<meta name=\"twitter:site\" content=\"@Billin_ES\" \/>\n<meta name=\"twitter:label1\" content=\"Escrito por\" \/>\n\t<meta name=\"twitter:data1\" content=\"Marcos De La Cueva - CEO TeamSystem Facturas Billin\" \/>\n\t<meta name=\"twitter:label2\" content=\"Tiempo de lectura\" \/>\n\t<meta name=\"twitter:data2\" content=\"5 minutos\" \/>\n<script type=\"application\/ld+json\" class=\"yoast-schema-graph\">{\"@context\":\"https:\/\/schema.org\",\"@graph\":[{\"@type\":\"Article\",\"@id\":\"https:\/\/www.billin.net\/blog\/como-tributaran-modulos-2019\/#article\",\"isPartOf\":{\"@id\":\"https:\/\/www.billin.net\/blog\/como-tributaran-modulos-2019\/\"},\"author\":{\"name\":\"Marcos De La Cueva - CEO TeamSystem Facturas Billin\",\"@id\":\"https:\/\/www.billin.net\/blog\/#\/schema\/person\/d0339ee6e869234614541b1e80a793e7\"},\"headline\":\"\u00bfC\u00f3mo tributar\u00e1n los m\u00f3dulos en 2019?\",\"datePublished\":\"2018-08-29T22:00:00+00:00\",\"dateModified\":\"2025-09-25T18:55:14+00:00\",\"mainEntityOfPage\":{\"@id\":\"https:\/\/www.billin.net\/blog\/como-tributaran-modulos-2019\/\"},\"wordCount\":963,\"commentCount\":1,\"publisher\":{\"@id\":\"https:\/\/www.billin.net\/blog\/#organization\"},\"image\":{\"@id\":\"https:\/\/www.billin.net\/blog\/como-tributaran-modulos-2019\/#primaryimage\"},\"thumbnailUrl\":\"https:\/\/www.billin.net\/blog\/wp-content\/uploads\/2018\/08\/modelos-tributarios-2019-min.jpg\",\"articleSection\":[\"Contabilidad\"],\"inLanguage\":\"es\",\"potentialAction\":[{\"@type\":\"CommentAction\",\"name\":\"Comment\",\"target\":[\"https:\/\/www.billin.net\/blog\/como-tributaran-modulos-2019\/#respond\"]}]},{\"@type\":\"WebPage\",\"@id\":\"https:\/\/www.billin.net\/blog\/como-tributaran-modulos-2019\/\",\"url\":\"https:\/\/www.billin.net\/blog\/como-tributaran-modulos-2019\/\",\"name\":\"\u00bfC\u00f3mo tributar\u00e1n los m\u00f3dulos en 2019? - Blog de TeamSystem Facturas Billin\",\"isPartOf\":{\"@id\":\"https:\/\/www.billin.net\/blog\/#website\"},\"primaryImageOfPage\":{\"@id\":\"https:\/\/www.billin.net\/blog\/como-tributaran-modulos-2019\/#primaryimage\"},\"image\":{\"@id\":\"https:\/\/www.billin.net\/blog\/como-tributaran-modulos-2019\/#primaryimage\"},\"thumbnailUrl\":\"https:\/\/www.billin.net\/blog\/wp-content\/uploads\/2018\/08\/modelos-tributarios-2019-min.jpg\",\"datePublished\":\"2018-08-29T22:00:00+00:00\",\"dateModified\":\"2025-09-25T18:55:14+00:00\",\"description\":\"Si tributas en estimaci\u00f3n objetiva o m\u00f3dulos, la Agencia Tributaria va a endurecer el l\u00edmite a partir del 01 de enero de 2019, te lo contamos.\",\"breadcrumb\":{\"@id\":\"https:\/\/www.billin.net\/blog\/como-tributaran-modulos-2019\/#breadcrumb\"},\"inLanguage\":\"es\",\"potentialAction\":[{\"@type\":\"ReadAction\",\"target\":[\"https:\/\/www.billin.net\/blog\/como-tributaran-modulos-2019\/\"]}]},{\"@type\":\"ImageObject\",\"inLanguage\":\"es\",\"@id\":\"https:\/\/www.billin.net\/blog\/como-tributaran-modulos-2019\/#primaryimage\",\"url\":\"https:\/\/www.billin.net\/blog\/wp-content\/uploads\/2018\/08\/modelos-tributarios-2019-min.jpg\",\"contentUrl\":\"https:\/\/www.billin.net\/blog\/wp-content\/uploads\/2018\/08\/modelos-tributarios-2019-min.jpg\",\"width\":1000,\"height\":667,\"caption\":\"como tributan modulos 2019\"},{\"@type\":\"BreadcrumbList\",\"@id\":\"https:\/\/www.billin.net\/blog\/como-tributaran-modulos-2019\/#breadcrumb\",\"itemListElement\":[{\"@type\":\"ListItem\",\"position\":1,\"name\":\"Blog\",\"item\":\"https:\/\/www.billin.net\/blog\/\"},{\"@type\":\"ListItem\",\"position\":2,\"name\":\"Contabilidad\",\"item\":\"https:\/\/www.billin.net\/blog\/contabilidad\/\"},{\"@type\":\"ListItem\",\"position\":3,\"name\":\"\u00bfC\u00f3mo tributar\u00e1n los m\u00f3dulos en 2019?\"}]},{\"@type\":\"WebSite\",\"@id\":\"https:\/\/www.billin.net\/blog\/#website\",\"url\":\"https:\/\/www.billin.net\/blog\/\",\"name\":\"Blog de Billin\",\"description\":\"Mantente informado con el blog de TeamSystem Facturas Billin:  facturaci\u00f3n, legislaci\u00f3n, contabilidad, management y toda la informaci\u00f3n \u00fatil para pymes y aut\u00f3nomos.\",\"publisher\":{\"@id\":\"https:\/\/www.billin.net\/blog\/#organization\"},\"potentialAction\":[{\"@type\":\"SearchAction\",\"target\":{\"@type\":\"EntryPoint\",\"urlTemplate\":\"https:\/\/www.billin.net\/blog\/?s={search_term_string}\"},\"query-input\":{\"@type\":\"PropertyValueSpecification\",\"valueRequired\":true,\"valueName\":\"search_term_string\"}}],\"inLanguage\":\"es\"},{\"@type\":\"Organization\",\"@id\":\"https:\/\/www.billin.net\/blog\/#organization\",\"name\":\"Billin\",\"alternateName\":\"Blog de Billin\",\"url\":\"https:\/\/www.billin.net\/blog\/\",\"logo\":{\"@type\":\"ImageObject\",\"inLanguage\":\"es\",\"@id\":\"https:\/\/www.billin.net\/blog\/#\/schema\/logo\/image\/\",\"url\":\"https:\/\/www.billin.net\/blog\/wp-content\/uploads\/2019\/06\/logotipo-billin-blog-1.png\",\"contentUrl\":\"https:\/\/www.billin.net\/blog\/wp-content\/uploads\/2019\/06\/logotipo-billin-blog-1.png\",\"width\":126,\"height\":50,\"caption\":\"Billin\"},\"image\":{\"@id\":\"https:\/\/www.billin.net\/blog\/#\/schema\/logo\/image\/\"},\"sameAs\":[\"https:\/\/www.facebook.com\/EsBillin\",\"https:\/\/x.com\/Billin_ES\",\"https:\/\/www.instagram.com\/billin_es\/\",\"https:\/\/www.linkedin.com\/company\/billin-spain\",\"https:\/\/www.youtube.com\/c\/BillinEsintercambiodefacturas\/\"],\"legalName\":\"MY EXPENSES SL\",\"contactPoint\":{\"@type\":\"ContactPoint\",\"telephone\":\"+34918318883\",\"contactType\":\"customer service\",\"email\":\"info@billin.eu\",\"availableLanguage\":\"es\"},\"foundingDate\":\"2015\",\"numberOfEmployees\":{\"@type\":\"QuantitativeValue\",\"minValue\":10,\"maxValue\":50},\"parentOrganization\":{\"@type\":\"Organization\",\"name\":\"TeamSystem\",\"url\":\"https:\/\/www.teamsystem.com\/\"},\"description\":\"Billin es el programa de facturaci\u00f3n online de TeamSystem para aut\u00f3nomos y pymes en Espa\u00f1a. Permite crear facturas, controlar gastos y cumplir con Verifactu.\",\"address\":{\"@type\":\"PostalAddress\",\"streetAddress\":\"Calle Arturo Soria, 336\",\"addressLocality\":\"Madrid\",\"addressRegion\":\"Madrid\",\"postalCode\":\"28033\",\"addressCountry\":\"ES\"}},{\"@type\":\"Person\",\"@id\":\"https:\/\/www.billin.net\/blog\/#\/schema\/person\/d0339ee6e869234614541b1e80a793e7\",\"name\":\"Marcos De La Cueva - CEO TeamSystem Facturas Billin\",\"image\":{\"@type\":\"ImageObject\",\"inLanguage\":\"es\",\"@id\":\"https:\/\/www.billin.net\/blog\/#\/schema\/person\/image\/\",\"url\":\"https:\/\/www.billin.net\/blog\/wp-content\/uploads\/2023\/10\/marcos-color-150x150.png\",\"contentUrl\":\"https:\/\/www.billin.net\/blog\/wp-content\/uploads\/2023\/10\/marcos-color-150x150.png\",\"caption\":\"Marcos De La Cueva - CEO TeamSystem Facturas Billin\"},\"description\":\"Licenciado en ADE por la Universidad Aut\u00f3noma de Madrid, Marcos De la Cueva es CEO y cofundador de TeamSystem Facturas Billin, un programa online que lleva m\u00e1s de 9 a\u00f1os ayudando a aut\u00f3nomos, peque\u00f1os negocios y gestor\u00edas a digitalizar sus presupuestos, facturas, tickets y gastos. \u00a0 Sobre Marcos De La Cueva \u00a0 Apasionado por el mundo empresarial y la tecnolog\u00eda, curs\u00f3 su M\u00e1ster de Finanzas en la Universidad Pontificia de Comillas y estuvo en el Programa de Cooperaci\u00f3n Educativa de la Universidad Aut\u00f3noma de Madrid. \u00a0 Marcos siempre ha tenido su objetivo claro: ayudar a la creaci\u00f3n de negocios financieramente sostenibles a trav\u00e9s de una herramienta de facturaci\u00f3n que les permita ahorrar tiempo y tener la contabilidad bajo control. \u00a0 Marcos De La Cueva en los medios \u2014 Noticia sobre Kit Digital y Ley Antifraude (VeriFactu) en El Economista. \u2014 Noticia sobre Kit Digital y factura electr\u00f3nica obligatoria en Diario Jur\u00eddico. \u2014 Noticia sobre el a\u00f1o de transici\u00f3n para la factura electr\u00f3nica en Muy Pymes. \u2014 Entrevista sobre factura electr\u00f3nica obligatoria en Canal Sur. \u2014 Noticia sobre el informe factura electr\u00f3nica de TeamSystem en Channel Partner. \u2014 Charla sobre productividad y Ley Crea y Crece en El Economista. \u2014 Charla sobre factura electr\u00f3nica obligatoria en Muy Pymes. \u2014 Charla sobre digitalizaci\u00f3n aut\u00f3nomos y productividad en esdiario. \u2014 Charla sobre productividad y factura electr\u00f3nica en La Raz\u00f3n. \u2014 Charla sobre factura electr\u00f3nica obligatoria en Aut\u00f3nomos y Emprendedores. \u2014 Entrevista sobre Ley Antifraude y Ley Crea y Crece en Expansi\u00f3n. \u2014 Entrevista sobre Ley Antifraude y Ley Crea y Crece en La Raz\u00f3n. \u2014 Entrevista sobre factura electr\u00f3nica obligatoria en El Economista. \u2014 Comunicado Billin y TeamSystem en Business Insider. \u2014 Entrevista en Econom\u00eda Digital. \u2014 Entrevista en Ideas para tu empresa de Vodafone. \u2014 Entrevista en M\u00e1sQradio. \u2014 Entrevista en Armas para emprender de El M\u00e9todo Gallardo. \u2014 Entrevista en KFund. \u2014 Entrevista en AXA Seguros Espa\u00f1a. \u2014 Entrevista en GestionaRadio. \u00a0 Marcos De La Cueva en eventos \u00a0 \u2014 Participaci\u00f3n como ponente en Accountex Espa\u00f1a 2023. \u00a0 Tem\u00e1ticas de especializaci\u00f3n \u00a0 negocios | startups | contabilidad| fiscalidad | empresas| asesor\u00edas| autonomos | emprendedores | peque\u00f1os negocios | econom\u00eda | ADE | pymes | desarrollo de negocio\u00a0\",\"sameAs\":[\"https:\/\/www.billin.net\/\",\"https:\/\/www.linkedin.com\/in\/marcos-de-la-cueva-19750ba3\/\"],\"url\":\"https:\/\/www.billin.net\/blog\/author\/marcosdelacueva\/\",\"jobTitle\":\"CEO y cofundador de TS Facturas Billin\"}]}<\/script>\n<!-- \/ Yoast SEO plugin. -->","yoast_head_json":{"title":"\u00bfC\u00f3mo tributar\u00e1n los m\u00f3dulos en 2019? - Blog de TeamSystem Facturas Billin","description":"Si tributas en estimaci\u00f3n objetiva o m\u00f3dulos, la Agencia Tributaria va a endurecer el l\u00edmite a partir del 01 de enero de 2019, te lo contamos.","robots":{"index":"index","follow":"follow","max-snippet":"max-snippet:-1","max-image-preview":"max-image-preview:large","max-video-preview":"max-video-preview:-1"},"canonical":"https:\/\/www.billin.net\/blog\/como-tributaran-modulos-2019\/","og_locale":"es_ES","og_type":"article","og_title":"\u00bfC\u00f3mo tributar\u00e1n los m\u00f3dulos en 2019? - Blog de TeamSystem Facturas Billin","og_description":"Si tributas en estimaci\u00f3n objetiva o m\u00f3dulos, la Agencia Tributaria va a endurecer el l\u00edmite a partir del 01 de enero de 2019, te lo contamos.","og_url":"https:\/\/www.billin.net\/blog\/como-tributaran-modulos-2019\/","og_site_name":"Blog de TeamSystem Facturas Billin","article_publisher":"https:\/\/www.facebook.com\/EsBillin","article_published_time":"2018-08-29T22:00:00+00:00","article_modified_time":"2025-09-25T18:55:14+00:00","og_image":[{"width":1000,"height":667,"url":"https:\/\/www.billin.net\/blog\/wp-content\/uploads\/2018\/08\/modelos-tributarios-2019-min.jpg","type":"image\/jpeg"}],"author":"Marcos De La Cueva - CEO TeamSystem Facturas Billin","twitter_card":"summary_large_image","twitter_creator":"@Billin_ES","twitter_site":"@Billin_ES","twitter_misc":{"Escrito por":"Marcos De La Cueva - CEO TeamSystem Facturas Billin","Tiempo de lectura":"5 minutos"},"schema":{"@context":"https:\/\/schema.org","@graph":[{"@type":"Article","@id":"https:\/\/www.billin.net\/blog\/como-tributaran-modulos-2019\/#article","isPartOf":{"@id":"https:\/\/www.billin.net\/blog\/como-tributaran-modulos-2019\/"},"author":{"name":"Marcos De La Cueva - CEO TeamSystem Facturas Billin","@id":"https:\/\/www.billin.net\/blog\/#\/schema\/person\/d0339ee6e869234614541b1e80a793e7"},"headline":"\u00bfC\u00f3mo tributar\u00e1n los m\u00f3dulos en 2019?","datePublished":"2018-08-29T22:00:00+00:00","dateModified":"2025-09-25T18:55:14+00:00","mainEntityOfPage":{"@id":"https:\/\/www.billin.net\/blog\/como-tributaran-modulos-2019\/"},"wordCount":963,"commentCount":1,"publisher":{"@id":"https:\/\/www.billin.net\/blog\/#organization"},"image":{"@id":"https:\/\/www.billin.net\/blog\/como-tributaran-modulos-2019\/#primaryimage"},"thumbnailUrl":"https:\/\/www.billin.net\/blog\/wp-content\/uploads\/2018\/08\/modelos-tributarios-2019-min.jpg","articleSection":["Contabilidad"],"inLanguage":"es","potentialAction":[{"@type":"CommentAction","name":"Comment","target":["https:\/\/www.billin.net\/blog\/como-tributaran-modulos-2019\/#respond"]}]},{"@type":"WebPage","@id":"https:\/\/www.billin.net\/blog\/como-tributaran-modulos-2019\/","url":"https:\/\/www.billin.net\/blog\/como-tributaran-modulos-2019\/","name":"\u00bfC\u00f3mo tributar\u00e1n los m\u00f3dulos en 2019? - Blog de TeamSystem Facturas Billin","isPartOf":{"@id":"https:\/\/www.billin.net\/blog\/#website"},"primaryImageOfPage":{"@id":"https:\/\/www.billin.net\/blog\/como-tributaran-modulos-2019\/#primaryimage"},"image":{"@id":"https:\/\/www.billin.net\/blog\/como-tributaran-modulos-2019\/#primaryimage"},"thumbnailUrl":"https:\/\/www.billin.net\/blog\/wp-content\/uploads\/2018\/08\/modelos-tributarios-2019-min.jpg","datePublished":"2018-08-29T22:00:00+00:00","dateModified":"2025-09-25T18:55:14+00:00","description":"Si tributas en estimaci\u00f3n objetiva o m\u00f3dulos, la Agencia Tributaria va a endurecer el l\u00edmite a partir del 01 de enero de 2019, te lo contamos.","breadcrumb":{"@id":"https:\/\/www.billin.net\/blog\/como-tributaran-modulos-2019\/#breadcrumb"},"inLanguage":"es","potentialAction":[{"@type":"ReadAction","target":["https:\/\/www.billin.net\/blog\/como-tributaran-modulos-2019\/"]}]},{"@type":"ImageObject","inLanguage":"es","@id":"https:\/\/www.billin.net\/blog\/como-tributaran-modulos-2019\/#primaryimage","url":"https:\/\/www.billin.net\/blog\/wp-content\/uploads\/2018\/08\/modelos-tributarios-2019-min.jpg","contentUrl":"https:\/\/www.billin.net\/blog\/wp-content\/uploads\/2018\/08\/modelos-tributarios-2019-min.jpg","width":1000,"height":667,"caption":"como tributan modulos 2019"},{"@type":"BreadcrumbList","@id":"https:\/\/www.billin.net\/blog\/como-tributaran-modulos-2019\/#breadcrumb","itemListElement":[{"@type":"ListItem","position":1,"name":"Blog","item":"https:\/\/www.billin.net\/blog\/"},{"@type":"ListItem","position":2,"name":"Contabilidad","item":"https:\/\/www.billin.net\/blog\/contabilidad\/"},{"@type":"ListItem","position":3,"name":"\u00bfC\u00f3mo tributar\u00e1n los m\u00f3dulos en 2019?"}]},{"@type":"WebSite","@id":"https:\/\/www.billin.net\/blog\/#website","url":"https:\/\/www.billin.net\/blog\/","name":"Blog de Billin","description":"Mantente informado con el blog de TeamSystem Facturas Billin:  facturaci\u00f3n, legislaci\u00f3n, contabilidad, management y toda la informaci\u00f3n \u00fatil para pymes y aut\u00f3nomos.","publisher":{"@id":"https:\/\/www.billin.net\/blog\/#organization"},"potentialAction":[{"@type":"SearchAction","target":{"@type":"EntryPoint","urlTemplate":"https:\/\/www.billin.net\/blog\/?s={search_term_string}"},"query-input":{"@type":"PropertyValueSpecification","valueRequired":true,"valueName":"search_term_string"}}],"inLanguage":"es"},{"@type":"Organization","@id":"https:\/\/www.billin.net\/blog\/#organization","name":"Billin","alternateName":"Blog de Billin","url":"https:\/\/www.billin.net\/blog\/","logo":{"@type":"ImageObject","inLanguage":"es","@id":"https:\/\/www.billin.net\/blog\/#\/schema\/logo\/image\/","url":"https:\/\/www.billin.net\/blog\/wp-content\/uploads\/2019\/06\/logotipo-billin-blog-1.png","contentUrl":"https:\/\/www.billin.net\/blog\/wp-content\/uploads\/2019\/06\/logotipo-billin-blog-1.png","width":126,"height":50,"caption":"Billin"},"image":{"@id":"https:\/\/www.billin.net\/blog\/#\/schema\/logo\/image\/"},"sameAs":["https:\/\/www.facebook.com\/EsBillin","https:\/\/x.com\/Billin_ES","https:\/\/www.instagram.com\/billin_es\/","https:\/\/www.linkedin.com\/company\/billin-spain","https:\/\/www.youtube.com\/c\/BillinEsintercambiodefacturas\/"],"legalName":"MY EXPENSES SL","contactPoint":{"@type":"ContactPoint","telephone":"+34918318883","contactType":"customer service","email":"info@billin.eu","availableLanguage":"es"},"foundingDate":"2015","numberOfEmployees":{"@type":"QuantitativeValue","minValue":10,"maxValue":50},"parentOrganization":{"@type":"Organization","name":"TeamSystem","url":"https:\/\/www.teamsystem.com\/"},"description":"Billin es el programa de facturaci\u00f3n online de TeamSystem para aut\u00f3nomos y pymes en Espa\u00f1a. Permite crear facturas, controlar gastos y cumplir con Verifactu.","address":{"@type":"PostalAddress","streetAddress":"Calle Arturo Soria, 336","addressLocality":"Madrid","addressRegion":"Madrid","postalCode":"28033","addressCountry":"ES"}},{"@type":"Person","@id":"https:\/\/www.billin.net\/blog\/#\/schema\/person\/d0339ee6e869234614541b1e80a793e7","name":"Marcos De La Cueva - CEO TeamSystem Facturas Billin","image":{"@type":"ImageObject","inLanguage":"es","@id":"https:\/\/www.billin.net\/blog\/#\/schema\/person\/image\/","url":"https:\/\/www.billin.net\/blog\/wp-content\/uploads\/2023\/10\/marcos-color-150x150.png","contentUrl":"https:\/\/www.billin.net\/blog\/wp-content\/uploads\/2023\/10\/marcos-color-150x150.png","caption":"Marcos De La Cueva - CEO TeamSystem Facturas Billin"},"description":"Licenciado en ADE por la Universidad Aut\u00f3noma de Madrid, Marcos De la Cueva es CEO y cofundador de TeamSystem Facturas Billin, un programa online que lleva m\u00e1s de 9 a\u00f1os ayudando a aut\u00f3nomos, peque\u00f1os negocios y gestor\u00edas a digitalizar sus presupuestos, facturas, tickets y gastos. \u00a0 Sobre Marcos De La Cueva \u00a0 Apasionado por el mundo empresarial y la tecnolog\u00eda, curs\u00f3 su M\u00e1ster de Finanzas en la Universidad Pontificia de Comillas y estuvo en el Programa de Cooperaci\u00f3n Educativa de la Universidad Aut\u00f3noma de Madrid. \u00a0 Marcos siempre ha tenido su objetivo claro: ayudar a la creaci\u00f3n de negocios financieramente sostenibles a trav\u00e9s de una herramienta de facturaci\u00f3n que les permita ahorrar tiempo y tener la contabilidad bajo control. \u00a0 Marcos De La Cueva en los medios \u2014 Noticia sobre Kit Digital y Ley Antifraude (VeriFactu) en El Economista. \u2014 Noticia sobre Kit Digital y factura electr\u00f3nica obligatoria en Diario Jur\u00eddico. \u2014 Noticia sobre el a\u00f1o de transici\u00f3n para la factura electr\u00f3nica en Muy Pymes. \u2014 Entrevista sobre factura electr\u00f3nica obligatoria en Canal Sur. \u2014 Noticia sobre el informe factura electr\u00f3nica de TeamSystem en Channel Partner. \u2014 Charla sobre productividad y Ley Crea y Crece en El Economista. \u2014 Charla sobre factura electr\u00f3nica obligatoria en Muy Pymes. \u2014 Charla sobre digitalizaci\u00f3n aut\u00f3nomos y productividad en esdiario. \u2014 Charla sobre productividad y factura electr\u00f3nica en La Raz\u00f3n. \u2014 Charla sobre factura electr\u00f3nica obligatoria en Aut\u00f3nomos y Emprendedores. \u2014 Entrevista sobre Ley Antifraude y Ley Crea y Crece en Expansi\u00f3n. \u2014 Entrevista sobre Ley Antifraude y Ley Crea y Crece en La Raz\u00f3n. \u2014 Entrevista sobre factura electr\u00f3nica obligatoria en El Economista. \u2014 Comunicado Billin y TeamSystem en Business Insider. \u2014 Entrevista en Econom\u00eda Digital. \u2014 Entrevista en Ideas para tu empresa de Vodafone. \u2014 Entrevista en M\u00e1sQradio. \u2014 Entrevista en Armas para emprender de El M\u00e9todo Gallardo. \u2014 Entrevista en KFund. \u2014 Entrevista en AXA Seguros Espa\u00f1a. \u2014 Entrevista en GestionaRadio. \u00a0 Marcos De La Cueva en eventos \u00a0 \u2014 Participaci\u00f3n como ponente en Accountex Espa\u00f1a 2023. \u00a0 Tem\u00e1ticas de especializaci\u00f3n \u00a0 negocios | startups | contabilidad| fiscalidad | empresas| asesor\u00edas| autonomos | emprendedores | peque\u00f1os negocios | econom\u00eda | ADE | pymes | desarrollo de negocio\u00a0","sameAs":["https:\/\/www.billin.net\/","https:\/\/www.linkedin.com\/in\/marcos-de-la-cueva-19750ba3\/"],"url":"https:\/\/www.billin.net\/blog\/author\/marcosdelacueva\/","jobTitle":"CEO y cofundador de TS Facturas Billin"}]}},"_links":{"self":[{"href":"https:\/\/www.billin.net\/blog\/wp-json\/wp\/v2\/posts\/10651","targetHints":{"allow":["GET"]}}],"collection":[{"href":"https:\/\/www.billin.net\/blog\/wp-json\/wp\/v2\/posts"}],"about":[{"href":"https:\/\/www.billin.net\/blog\/wp-json\/wp\/v2\/types\/post"}],"author":[{"embeddable":true,"href":"https:\/\/www.billin.net\/blog\/wp-json\/wp\/v2\/users\/20"}],"replies":[{"embeddable":true,"href":"https:\/\/www.billin.net\/blog\/wp-json\/wp\/v2\/comments?post=10651"}],"version-history":[{"count":7,"href":"https:\/\/www.billin.net\/blog\/wp-json\/wp\/v2\/posts\/10651\/revisions"}],"predecessor-version":[{"id":27320,"href":"https:\/\/www.billin.net\/blog\/wp-json\/wp\/v2\/posts\/10651\/revisions\/27320"}],"wp:featuredmedia":[{"embeddable":true,"href":"https:\/\/www.billin.net\/blog\/wp-json\/wp\/v2\/media\/8754"}],"wp:attachment":[{"href":"https:\/\/www.billin.net\/blog\/wp-json\/wp\/v2\/media?parent=10651"}],"wp:term":[{"taxonomy":"category","embeddable":true,"href":"https:\/\/www.billin.net\/blog\/wp-json\/wp\/v2\/categories?post=10651"},{"taxonomy":"post_tag","embeddable":true,"href":"https:\/\/www.billin.net\/blog\/wp-json\/wp\/v2\/tags?post=10651"}],"curies":[{"name":"wp","href":"https:\/\/api.w.org\/{rel}","templated":true}]}}