{"id":10627,"date":"2018-07-27T00:00:00","date_gmt":"2018-07-26T22:00:00","guid":{"rendered":"https:\/\/www.billin.net\/blog\/community-manager-pyme\/"},"modified":"2025-09-25T20:55:58","modified_gmt":"2025-09-25T18:55:58","slug":"community-manager-pyme","status":"publish","type":"post","link":"https:\/\/www.billin.net\/blog\/community-manager-pyme\/","title":{"rendered":"Community manager en la pyme"},"content":{"rendered":"<p>\u00bfLo necesitas en tu empresa?,<strong> mejorar\u00e1n tus redes sociales<\/strong>, y lo conseguir\u00e1s con una peque\u00f1a inversi\u00f3n, te lo contamos.<!--more--><\/p>\n<h2>\u00bfEn qu\u00e9 consiste el trabajo de un Community manager?<\/h2>\n<p>Es el profesional encargado de <strong>construir, gestionar y administrar las redes sociales<\/strong>, alrededor de una marca por internet, creando y manteniendo las relaciones comerciales para que sean duraderas y estables, tanto con clientes como usuarios.<\/p>\n<p>Cualquier persona no puede desarrollar las funciones propias de un <strong>community manager<\/strong>, ya que, gestionar una marca en internet no es tan sencillo, exige tener unos conocimientos y habilidades que habr\u00e1 que ir trabajando, podr\u00edas intentarlo con un curso de formaci\u00f3n, porque, sino te aseguro que no podr\u00e1s hacerlo. Pero, no bastar\u00e1 con la formaci\u00f3n deber\u00e1s complementarlo con la experiencia, tendr\u00e1s que trabajar tu marca personal.<\/p>\n<p>La creatividad y el ingenio son la base que te ayudar\u00e1 a desarrollar todas las funciones del <strong>community manager<\/strong>.<\/p>\n<p>Sus principales funciones son crear un contenido atractivo y de calidad, adem\u00e1s de eso, se encargar\u00e1n de gestionar el blog corporativo de la pyme.<\/p>\n<p>Dentro del <strong>control de las redes sociales<\/strong>, tendr\u00e1n que tomar las siguientes decisiones:<\/p>\n<ul>\n<li>Horario de publicaci\u00f3n<\/li>\n<li>Novedades en el sector de la pyme<\/li>\n<li>Controla cualquier publicaci\u00f3n que sea de importancia para la pyme<\/li>\n<li>Seguimiento de sus publicaciones para obtener resultados<\/li>\n<li>Debe conocer al p\u00fablico objetivo, es decir, a quien diriges las estrategias de comunicaci\u00f3n y adem\u00e1s venderle tu producto<\/li>\n<li>Debe crear relaciones comerciales estables y duraderas con los usuarios, haz que se diviertan, en vez de parecer que est\u00e1n comprando<\/li>\n<li>Identificar a los clientes prescriptores, es decir, defender\u00e1n tu marca frente a cr\u00edticas ajenas, de ah\u00ed, que se tenga que conocer sus gustos y motivaciones<\/li>\n<li>En caso de tener una incidencia online, ser\u00e1n lo que tengan que dar la cara y solucionar el problema<\/li>\n<\/ul>\n<p><img loading=\"lazy\" decoding=\"async\" class=\"aligncenter size-full wp-image-8311\" src=\"https:\/\/www.billin.net\/blog\/wp-content\/uploads\/2018\/07\/community-manager-contratar-min.jpg\" alt=\"\" width=\"1000\" height=\"667\" srcset=\"https:\/\/www.billin.net\/blog\/wp-content\/uploads\/2018\/07\/community-manager-contratar-min.jpg 1000w, https:\/\/www.billin.net\/blog\/wp-content\/uploads\/2018\/07\/community-manager-contratar-min-300x200.jpg 300w, https:\/\/www.billin.net\/blog\/wp-content\/uploads\/2018\/07\/community-manager-contratar-min-768x512.jpg 768w, https:\/\/www.billin.net\/blog\/wp-content\/uploads\/2018\/07\/community-manager-contratar-min-600x400.jpg 600w, https:\/\/www.billin.net\/blog\/wp-content\/uploads\/2018\/07\/community-manager-contratar-min-200x133.jpg 200w, https:\/\/www.billin.net\/blog\/wp-content\/uploads\/2018\/07\/community-manager-contratar-min-810x540.jpg 810w\" sizes=\"(max-width: 1000px) 100vw, 1000px\" \/><\/p>\n<h2>\u00bfPor qu\u00e9 contratar al Community manager?<\/h2>\n<p>Con su contrataci\u00f3n conocer\u00e1s mejor al cliente potencial, ya que, a trav\u00e9s de las redes sociales tendr\u00e1n muchas m\u00e1s informaciones observando su comportamiento.<\/p>\n<p>Nos permite encontrar nuevos clientes, fomentando el di\u00e1logo y la interacci\u00f3n con los consumidores, nos mejorar\u00e1 la reputaci\u00f3n de tu empresa vigilando constantemente nuestro producto, ser\u00e1 un nuevo canal para tu usuario, te permitir\u00e1 generar m\u00e1s ventas atrayendo a los clientes a la tienda,<strong> tu marca destacar\u00e1 m\u00e1s<\/strong>, ya que, se consigue una relaci\u00f3n de confianza-marca.<\/p>\n<p>Cada vez son m\u00e1s los \u00e9xitos conseguidos por estos profesionales, permitiendo a las pymes que puedan ir creciendo gracias a la fortaleza que tienen estas empresas.<\/p>\n<p>Por todo esto, a la hora de <strong>la elecci\u00f3n del community manager<\/strong>, debemos buscar un buen perfil, ya que, su \u00fanico trabajo no ser\u00e1 publicar en la red, sino, que conocer\u00e1 todas las plataformas y herramientas para conseguir las mejores relaciones y aumentar nuestra visibilidad dentro de los distintos canales de comunicaci\u00f3n.<\/p>\n<p>El problema actual es que muchas pymes no tienen <a href=\"https:\/\/www.billin.net\/creacion-presupuesto\/\">programa de presupuestos<\/a> para incluir un trabajador en la plantilla.<\/p>\n<p>La soluci\u00f3n est\u00e1 en que est\u00e1n apareciendo <strong>community manager como aut\u00f3nomos<\/strong>, ya que, as\u00ed, s\u00ed pueden prestar los servicios a estas peque\u00f1as y medianas pymes factur\u00e1ndoles por sus servicios establecidos.<\/p>\n<p>Crear\u00e1 estrategias acordes a las necesidades, segmentando las redes sociales y facilitando por ejemplo, clientes de cierta edad y que vivan en ese lugar, y as\u00ed consiguiendo aumentar la efectividad.<\/p>\n<p>Compru\u00e9balo por ti mismo, est\u00e1 al alcance de cualquier usuario, esta soluci\u00f3n ofrece unos precios muy competitivos y podr\u00e1s crecer en las redes a cambio de una peque\u00f1a inversi\u00f3n, ya que, te ofrecer\u00e1 un servicio de calidad profesional con un presupuesto cerrado ajustado y que cubra tus necesidades.<\/p>\n<p><img loading=\"lazy\" decoding=\"async\" class=\"aligncenter size-full wp-image-8312\" src=\"https:\/\/www.billin.net\/blog\/wp-content\/uploads\/2018\/07\/community-manager-min.jpg\" alt=\"\" width=\"1000\" height=\"667\" srcset=\"https:\/\/www.billin.net\/blog\/wp-content\/uploads\/2018\/07\/community-manager-min.jpg 1000w, https:\/\/www.billin.net\/blog\/wp-content\/uploads\/2018\/07\/community-manager-min-300x200.jpg 300w, https:\/\/www.billin.net\/blog\/wp-content\/uploads\/2018\/07\/community-manager-min-768x512.jpg 768w, https:\/\/www.billin.net\/blog\/wp-content\/uploads\/2018\/07\/community-manager-min-600x400.jpg 600w, https:\/\/www.billin.net\/blog\/wp-content\/uploads\/2018\/07\/community-manager-min-200x133.jpg 200w, https:\/\/www.billin.net\/blog\/wp-content\/uploads\/2018\/07\/community-manager-min-810x540.jpg 810w\" sizes=\"(max-width: 1000px) 100vw, 1000px\" \/><\/p>\n<h2>Crecimiento del Community manager en la pyme<\/h2>\n<p>Cada vez son m\u00e1s las <strong>empresas que incluyen este gasto en su presupuesto<\/strong>, ya que, mejorar\u00e1 la imagen y la calidad de tu marca, ya que, una cuenta con interacci\u00f3n atraer\u00e1 a seguidores r\u00e1pidamente.<\/p>\n<p>Tambi\u00e9n servir\u00e1n para gestionar tus seguidores actuales, ya que, habr\u00e1 que aumentar las relaciones con los usuarios.<\/p>\n<p>El coste que puede suponer para una pyme peque\u00f1a se puede encontrar desde 100 euros al mes, donde como m\u00ednimo deben prestar los siguientes servicios:<\/p>\n<ul>\n<li>Gestionar\u00e1n las redes sociales<\/li>\n<li>Publicar\u00e1n diariamente contenido de calidad<\/li>\n<li>Incluir\u00e1n Twiter y Facebook<\/li>\n<\/ul>\n<p>Es importante que no te equivoques en la elecci\u00f3n del community manager, ya has visto la importancia que tendr\u00e1 en <strong>nuestras redes sociales<\/strong>, pero pronto, obtendr\u00e1s beneficios y te alegrar\u00e1s de incluirlo como gasto en tu empresa.<\/p>\n<p>Hay que tener en cuenta que el campo de las redes sociales es muy complicado, por ello, es recomendable disponer de un profesional experto que conozca y domine las distintas plataformas y herramientas, y que sea capaz de entender el comportamiento de los usuarios, bas\u00e1ndose en sus gustos, aficiones, b\u00fasquedas, afinidades, etc.<\/p>\n<p>Hoy en d\u00eda, la presencia de la pyme en las redes sociales es primordial, ser\u00eda como una empresa sin tel\u00e9fono, de ah\u00ed su importancia, ya que, una pyme sin estrategia digital no tendr\u00e1 \u00e9xito.<\/p>\n","protected":false},"excerpt":{"rendered":"<p>\u00bfLo necesitas en tu empresa?, mejorar\u00e1n tus redes sociales, y lo conseguir\u00e1s con una peque\u00f1a inversi\u00f3n, te lo contamos.<\/p>\n","protected":false},"author":20,"featured_media":8310,"comment_status":"open","ping_status":"open","sticky":false,"template":"","format":"standard","meta":{"_acf_changed":false,"_et_pb_use_builder":"","_et_pb_old_content":"","_et_gb_content_width":"","om_disable_all_campaigns":false,"inline_featured_image":false,"footnotes":""},"categories":[1013],"tags":[1381],"class_list":{"0":"post-10627","1":"post","2":"type-post","3":"status-publish","4":"format-standard","5":"has-post-thumbnail","7":"category-marketing","8":"tag-pymes"},"acf":{"selector_de_usuario":null,"fecha_de_revision":"20191120"},"yoast_head":"<!-- This site is optimized with the Yoast SEO plugin v27.1 - https:\/\/yoast.com\/product\/yoast-seo-wordpress\/ -->\n<title>Community manager en la pyme - Blog de TeamSystem Facturas Billin<\/title>\n<meta name=\"description\" content=\"El profesional encargado de construir, gestionar y administrar las redes sociales, creando y manteniendo las relaciones comerciales.\" \/>\n<meta name=\"robots\" content=\"index, follow, max-snippet:-1, max-image-preview:large, max-video-preview:-1\" \/>\n<link rel=\"canonical\" href=\"https:\/\/www.billin.net\/blog\/community-manager-pyme\/\" \/>\n<meta property=\"og:locale\" content=\"es_ES\" \/>\n<meta property=\"og:type\" content=\"article\" \/>\n<meta property=\"og:title\" content=\"Community manager en la pyme - Blog de TeamSystem Facturas Billin\" \/>\n<meta property=\"og:description\" content=\"El profesional encargado de construir, gestionar y administrar las redes sociales, creando y manteniendo las relaciones comerciales.\" \/>\n<meta property=\"og:url\" content=\"https:\/\/www.billin.net\/blog\/community-manager-pyme\/\" \/>\n<meta property=\"og:site_name\" content=\"Blog de TeamSystem Facturas Billin\" \/>\n<meta property=\"article:publisher\" content=\"https:\/\/www.facebook.com\/EsBillin\" \/>\n<meta property=\"article:published_time\" content=\"2018-07-26T22:00:00+00:00\" \/>\n<meta property=\"article:modified_time\" content=\"2025-09-25T18:55:58+00:00\" \/>\n<meta property=\"og:image\" content=\"https:\/\/www.billin.net\/blog\/wp-content\/uploads\/2018\/07\/contratar-community-manager-min.jpg\" \/>\n\t<meta property=\"og:image:width\" content=\"1000\" \/>\n\t<meta property=\"og:image:height\" content=\"667\" \/>\n\t<meta property=\"og:image:type\" content=\"image\/jpeg\" \/>\n<meta name=\"author\" content=\"Marcos De La Cueva - CEO TeamSystem Facturas Billin\" \/>\n<meta name=\"twitter:card\" content=\"summary_large_image\" \/>\n<meta name=\"twitter:creator\" content=\"@Billin_ES\" \/>\n<meta name=\"twitter:site\" content=\"@Billin_ES\" \/>\n<meta name=\"twitter:label1\" content=\"Escrito por\" \/>\n\t<meta name=\"twitter:data1\" content=\"Marcos De La Cueva - CEO TeamSystem Facturas Billin\" \/>\n\t<meta name=\"twitter:label2\" content=\"Tiempo de lectura\" \/>\n\t<meta name=\"twitter:data2\" content=\"4 minutos\" \/>\n<script type=\"application\/ld+json\" class=\"yoast-schema-graph\">{\"@context\":\"https:\/\/schema.org\",\"@graph\":[{\"@type\":\"Article\",\"@id\":\"https:\/\/www.billin.net\/blog\/community-manager-pyme\/#article\",\"isPartOf\":{\"@id\":\"https:\/\/www.billin.net\/blog\/community-manager-pyme\/\"},\"author\":{\"name\":\"Marcos De La Cueva - CEO TeamSystem Facturas Billin\",\"@id\":\"https:\/\/www.billin.net\/blog\/#\/schema\/person\/d0339ee6e869234614541b1e80a793e7\"},\"headline\":\"Community manager en la pyme\",\"datePublished\":\"2018-07-26T22:00:00+00:00\",\"dateModified\":\"2025-09-25T18:55:58+00:00\",\"mainEntityOfPage\":{\"@id\":\"https:\/\/www.billin.net\/blog\/community-manager-pyme\/\"},\"wordCount\":873,\"commentCount\":0,\"publisher\":{\"@id\":\"https:\/\/www.billin.net\/blog\/#organization\"},\"image\":{\"@id\":\"https:\/\/www.billin.net\/blog\/community-manager-pyme\/#primaryimage\"},\"thumbnailUrl\":\"https:\/\/www.billin.net\/blog\/wp-content\/uploads\/2018\/07\/contratar-community-manager-min.jpg\",\"keywords\":[\"Pymes\"],\"articleSection\":[\"Marketing\"],\"inLanguage\":\"es\",\"potentialAction\":[{\"@type\":\"CommentAction\",\"name\":\"Comment\",\"target\":[\"https:\/\/www.billin.net\/blog\/community-manager-pyme\/#respond\"]}]},{\"@type\":\"WebPage\",\"@id\":\"https:\/\/www.billin.net\/blog\/community-manager-pyme\/\",\"url\":\"https:\/\/www.billin.net\/blog\/community-manager-pyme\/\",\"name\":\"Community manager en la pyme - Blog de TeamSystem Facturas Billin\",\"isPartOf\":{\"@id\":\"https:\/\/www.billin.net\/blog\/#website\"},\"primaryImageOfPage\":{\"@id\":\"https:\/\/www.billin.net\/blog\/community-manager-pyme\/#primaryimage\"},\"image\":{\"@id\":\"https:\/\/www.billin.net\/blog\/community-manager-pyme\/#primaryimage\"},\"thumbnailUrl\":\"https:\/\/www.billin.net\/blog\/wp-content\/uploads\/2018\/07\/contratar-community-manager-min.jpg\",\"datePublished\":\"2018-07-26T22:00:00+00:00\",\"dateModified\":\"2025-09-25T18:55:58+00:00\",\"description\":\"El profesional encargado de construir, gestionar y administrar las redes sociales, creando y manteniendo las relaciones comerciales.\",\"breadcrumb\":{\"@id\":\"https:\/\/www.billin.net\/blog\/community-manager-pyme\/#breadcrumb\"},\"inLanguage\":\"es\",\"potentialAction\":[{\"@type\":\"ReadAction\",\"target\":[\"https:\/\/www.billin.net\/blog\/community-manager-pyme\/\"]}]},{\"@type\":\"ImageObject\",\"inLanguage\":\"es\",\"@id\":\"https:\/\/www.billin.net\/blog\/community-manager-pyme\/#primaryimage\",\"url\":\"https:\/\/www.billin.net\/blog\/wp-content\/uploads\/2018\/07\/contratar-community-manager-min.jpg\",\"contentUrl\":\"https:\/\/www.billin.net\/blog\/wp-content\/uploads\/2018\/07\/contratar-community-manager-min.jpg\",\"width\":1000,\"height\":667},{\"@type\":\"BreadcrumbList\",\"@id\":\"https:\/\/www.billin.net\/blog\/community-manager-pyme\/#breadcrumb\",\"itemListElement\":[{\"@type\":\"ListItem\",\"position\":1,\"name\":\"Blog\",\"item\":\"https:\/\/www.billin.net\/blog\/\"},{\"@type\":\"ListItem\",\"position\":2,\"name\":\"Marketing\",\"item\":\"https:\/\/www.billin.net\/blog\/marketing\/\"},{\"@type\":\"ListItem\",\"position\":3,\"name\":\"Community manager en la pyme\"}]},{\"@type\":\"WebSite\",\"@id\":\"https:\/\/www.billin.net\/blog\/#website\",\"url\":\"https:\/\/www.billin.net\/blog\/\",\"name\":\"Blog de Billin\",\"description\":\"Mantente informado con el blog de TeamSystem Facturas Billin:  facturaci\u00f3n, legislaci\u00f3n, contabilidad, management y toda la informaci\u00f3n \u00fatil para pymes y aut\u00f3nomos.\",\"publisher\":{\"@id\":\"https:\/\/www.billin.net\/blog\/#organization\"},\"potentialAction\":[{\"@type\":\"SearchAction\",\"target\":{\"@type\":\"EntryPoint\",\"urlTemplate\":\"https:\/\/www.billin.net\/blog\/?s={search_term_string}\"},\"query-input\":{\"@type\":\"PropertyValueSpecification\",\"valueRequired\":true,\"valueName\":\"search_term_string\"}}],\"inLanguage\":\"es\"},{\"@type\":\"Organization\",\"@id\":\"https:\/\/www.billin.net\/blog\/#organization\",\"name\":\"Billin\",\"alternateName\":\"Blog de Billin\",\"url\":\"https:\/\/www.billin.net\/blog\/\",\"logo\":{\"@type\":\"ImageObject\",\"inLanguage\":\"es\",\"@id\":\"https:\/\/www.billin.net\/blog\/#\/schema\/logo\/image\/\",\"url\":\"https:\/\/www.billin.net\/blog\/wp-content\/uploads\/2019\/06\/logotipo-billin-blog-1.png\",\"contentUrl\":\"https:\/\/www.billin.net\/blog\/wp-content\/uploads\/2019\/06\/logotipo-billin-blog-1.png\",\"width\":126,\"height\":50,\"caption\":\"Billin\"},\"image\":{\"@id\":\"https:\/\/www.billin.net\/blog\/#\/schema\/logo\/image\/\"},\"sameAs\":[\"https:\/\/www.facebook.com\/EsBillin\",\"https:\/\/x.com\/Billin_ES\",\"https:\/\/www.instagram.com\/billin_es\/\",\"https:\/\/www.linkedin.com\/company\/billin-spain\",\"https:\/\/www.youtube.com\/c\/BillinEsintercambiodefacturas\/\"],\"legalName\":\"MY EXPENSES SL\",\"contactPoint\":{\"@type\":\"ContactPoint\",\"telephone\":\"+34918318883\",\"contactType\":\"customer service\",\"email\":\"info@billin.eu\",\"availableLanguage\":\"es\"},\"foundingDate\":\"2015\",\"numberOfEmployees\":{\"@type\":\"QuantitativeValue\",\"minValue\":10,\"maxValue\":50},\"parentOrganization\":{\"@type\":\"Organization\",\"name\":\"TeamSystem\",\"url\":\"https:\/\/www.teamsystem.com\/\"},\"description\":\"Billin es el programa de facturaci\u00f3n online de TeamSystem para aut\u00f3nomos y pymes en Espa\u00f1a. Permite crear facturas, controlar gastos y cumplir con Verifactu.\",\"address\":{\"@type\":\"PostalAddress\",\"streetAddress\":\"Calle Arturo Soria, 336\",\"addressLocality\":\"Madrid\",\"addressRegion\":\"Madrid\",\"postalCode\":\"28033\",\"addressCountry\":\"ES\"}},{\"@type\":\"Person\",\"@id\":\"https:\/\/www.billin.net\/blog\/#\/schema\/person\/d0339ee6e869234614541b1e80a793e7\",\"name\":\"Marcos De La Cueva - CEO TeamSystem Facturas Billin\",\"image\":{\"@type\":\"ImageObject\",\"inLanguage\":\"es\",\"@id\":\"https:\/\/www.billin.net\/blog\/#\/schema\/person\/image\/\",\"url\":\"https:\/\/www.billin.net\/blog\/wp-content\/uploads\/2023\/10\/marcos-color-150x150.png\",\"contentUrl\":\"https:\/\/www.billin.net\/blog\/wp-content\/uploads\/2023\/10\/marcos-color-150x150.png\",\"caption\":\"Marcos De La Cueva - CEO TeamSystem Facturas Billin\"},\"description\":\"Licenciado en ADE por la Universidad Aut\u00f3noma de Madrid, Marcos De la Cueva es CEO y cofundador de TeamSystem Facturas Billin, un programa online que lleva m\u00e1s de 9 a\u00f1os ayudando a aut\u00f3nomos, peque\u00f1os negocios y gestor\u00edas a digitalizar sus presupuestos, facturas, tickets y gastos. \u00a0 Sobre Marcos De La Cueva \u00a0 Apasionado por el mundo empresarial y la tecnolog\u00eda, curs\u00f3 su M\u00e1ster de Finanzas en la Universidad Pontificia de Comillas y estuvo en el Programa de Cooperaci\u00f3n Educativa de la Universidad Aut\u00f3noma de Madrid. \u00a0 Marcos siempre ha tenido su objetivo claro: ayudar a la creaci\u00f3n de negocios financieramente sostenibles a trav\u00e9s de una herramienta de facturaci\u00f3n que les permita ahorrar tiempo y tener la contabilidad bajo control. \u00a0 Marcos De La Cueva en los medios \u2014 Noticia sobre Kit Digital y Ley Antifraude (VeriFactu) en El Economista. \u2014 Noticia sobre Kit Digital y factura electr\u00f3nica obligatoria en Diario Jur\u00eddico. \u2014 Noticia sobre el a\u00f1o de transici\u00f3n para la factura electr\u00f3nica en Muy Pymes. \u2014 Entrevista sobre factura electr\u00f3nica obligatoria en Canal Sur. \u2014 Noticia sobre el informe factura electr\u00f3nica de TeamSystem en Channel Partner. \u2014 Charla sobre productividad y Ley Crea y Crece en El Economista. \u2014 Charla sobre factura electr\u00f3nica obligatoria en Muy Pymes. \u2014 Charla sobre digitalizaci\u00f3n aut\u00f3nomos y productividad en esdiario. \u2014 Charla sobre productividad y factura electr\u00f3nica en La Raz\u00f3n. \u2014 Charla sobre factura electr\u00f3nica obligatoria en Aut\u00f3nomos y Emprendedores. \u2014 Entrevista sobre Ley Antifraude y Ley Crea y Crece en Expansi\u00f3n. \u2014 Entrevista sobre Ley Antifraude y Ley Crea y Crece en La Raz\u00f3n. \u2014 Entrevista sobre factura electr\u00f3nica obligatoria en El Economista. \u2014 Comunicado Billin y TeamSystem en Business Insider. \u2014 Entrevista en Econom\u00eda Digital. \u2014 Entrevista en Ideas para tu empresa de Vodafone. \u2014 Entrevista en M\u00e1sQradio. \u2014 Entrevista en Armas para emprender de El M\u00e9todo Gallardo. \u2014 Entrevista en KFund. \u2014 Entrevista en AXA Seguros Espa\u00f1a. \u2014 Entrevista en GestionaRadio. \u00a0 Marcos De La Cueva en eventos \u00a0 \u2014 Participaci\u00f3n como ponente en Accountex Espa\u00f1a 2023. \u00a0 Tem\u00e1ticas de especializaci\u00f3n \u00a0 negocios | startups | contabilidad| fiscalidad | empresas| asesor\u00edas| autonomos | emprendedores | peque\u00f1os negocios | econom\u00eda | ADE | pymes | desarrollo de negocio\u00a0\",\"sameAs\":[\"https:\/\/www.billin.net\/\",\"https:\/\/www.linkedin.com\/in\/marcos-de-la-cueva-19750ba3\/\"],\"url\":\"https:\/\/www.billin.net\/blog\/author\/marcosdelacueva\/\",\"jobTitle\":\"CEO y cofundador de TS Facturas Billin\"}]}<\/script>\n<!-- \/ Yoast SEO plugin. -->","yoast_head_json":{"title":"Community manager en la pyme - Blog de TeamSystem Facturas Billin","description":"El profesional encargado de construir, gestionar y administrar las redes sociales, creando y manteniendo las relaciones comerciales.","robots":{"index":"index","follow":"follow","max-snippet":"max-snippet:-1","max-image-preview":"max-image-preview:large","max-video-preview":"max-video-preview:-1"},"canonical":"https:\/\/www.billin.net\/blog\/community-manager-pyme\/","og_locale":"es_ES","og_type":"article","og_title":"Community manager en la pyme - Blog de TeamSystem Facturas Billin","og_description":"El profesional encargado de construir, gestionar y administrar las redes sociales, creando y manteniendo las relaciones comerciales.","og_url":"https:\/\/www.billin.net\/blog\/community-manager-pyme\/","og_site_name":"Blog de TeamSystem Facturas Billin","article_publisher":"https:\/\/www.facebook.com\/EsBillin","article_published_time":"2018-07-26T22:00:00+00:00","article_modified_time":"2025-09-25T18:55:58+00:00","og_image":[{"width":1000,"height":667,"url":"https:\/\/www.billin.net\/blog\/wp-content\/uploads\/2018\/07\/contratar-community-manager-min.jpg","type":"image\/jpeg"}],"author":"Marcos De La Cueva - CEO TeamSystem Facturas Billin","twitter_card":"summary_large_image","twitter_creator":"@Billin_ES","twitter_site":"@Billin_ES","twitter_misc":{"Escrito por":"Marcos De La Cueva - CEO TeamSystem Facturas Billin","Tiempo de lectura":"4 minutos"},"schema":{"@context":"https:\/\/schema.org","@graph":[{"@type":"Article","@id":"https:\/\/www.billin.net\/blog\/community-manager-pyme\/#article","isPartOf":{"@id":"https:\/\/www.billin.net\/blog\/community-manager-pyme\/"},"author":{"name":"Marcos De La Cueva - CEO TeamSystem Facturas Billin","@id":"https:\/\/www.billin.net\/blog\/#\/schema\/person\/d0339ee6e869234614541b1e80a793e7"},"headline":"Community manager en la pyme","datePublished":"2018-07-26T22:00:00+00:00","dateModified":"2025-09-25T18:55:58+00:00","mainEntityOfPage":{"@id":"https:\/\/www.billin.net\/blog\/community-manager-pyme\/"},"wordCount":873,"commentCount":0,"publisher":{"@id":"https:\/\/www.billin.net\/blog\/#organization"},"image":{"@id":"https:\/\/www.billin.net\/blog\/community-manager-pyme\/#primaryimage"},"thumbnailUrl":"https:\/\/www.billin.net\/blog\/wp-content\/uploads\/2018\/07\/contratar-community-manager-min.jpg","keywords":["Pymes"],"articleSection":["Marketing"],"inLanguage":"es","potentialAction":[{"@type":"CommentAction","name":"Comment","target":["https:\/\/www.billin.net\/blog\/community-manager-pyme\/#respond"]}]},{"@type":"WebPage","@id":"https:\/\/www.billin.net\/blog\/community-manager-pyme\/","url":"https:\/\/www.billin.net\/blog\/community-manager-pyme\/","name":"Community manager en la pyme - Blog de TeamSystem Facturas Billin","isPartOf":{"@id":"https:\/\/www.billin.net\/blog\/#website"},"primaryImageOfPage":{"@id":"https:\/\/www.billin.net\/blog\/community-manager-pyme\/#primaryimage"},"image":{"@id":"https:\/\/www.billin.net\/blog\/community-manager-pyme\/#primaryimage"},"thumbnailUrl":"https:\/\/www.billin.net\/blog\/wp-content\/uploads\/2018\/07\/contratar-community-manager-min.jpg","datePublished":"2018-07-26T22:00:00+00:00","dateModified":"2025-09-25T18:55:58+00:00","description":"El profesional encargado de construir, gestionar y administrar las redes sociales, creando y manteniendo las relaciones comerciales.","breadcrumb":{"@id":"https:\/\/www.billin.net\/blog\/community-manager-pyme\/#breadcrumb"},"inLanguage":"es","potentialAction":[{"@type":"ReadAction","target":["https:\/\/www.billin.net\/blog\/community-manager-pyme\/"]}]},{"@type":"ImageObject","inLanguage":"es","@id":"https:\/\/www.billin.net\/blog\/community-manager-pyme\/#primaryimage","url":"https:\/\/www.billin.net\/blog\/wp-content\/uploads\/2018\/07\/contratar-community-manager-min.jpg","contentUrl":"https:\/\/www.billin.net\/blog\/wp-content\/uploads\/2018\/07\/contratar-community-manager-min.jpg","width":1000,"height":667},{"@type":"BreadcrumbList","@id":"https:\/\/www.billin.net\/blog\/community-manager-pyme\/#breadcrumb","itemListElement":[{"@type":"ListItem","position":1,"name":"Blog","item":"https:\/\/www.billin.net\/blog\/"},{"@type":"ListItem","position":2,"name":"Marketing","item":"https:\/\/www.billin.net\/blog\/marketing\/"},{"@type":"ListItem","position":3,"name":"Community manager en la pyme"}]},{"@type":"WebSite","@id":"https:\/\/www.billin.net\/blog\/#website","url":"https:\/\/www.billin.net\/blog\/","name":"Blog de Billin","description":"Mantente informado con el blog de TeamSystem Facturas Billin:  facturaci\u00f3n, legislaci\u00f3n, contabilidad, management y toda la informaci\u00f3n \u00fatil para pymes y aut\u00f3nomos.","publisher":{"@id":"https:\/\/www.billin.net\/blog\/#organization"},"potentialAction":[{"@type":"SearchAction","target":{"@type":"EntryPoint","urlTemplate":"https:\/\/www.billin.net\/blog\/?s={search_term_string}"},"query-input":{"@type":"PropertyValueSpecification","valueRequired":true,"valueName":"search_term_string"}}],"inLanguage":"es"},{"@type":"Organization","@id":"https:\/\/www.billin.net\/blog\/#organization","name":"Billin","alternateName":"Blog de Billin","url":"https:\/\/www.billin.net\/blog\/","logo":{"@type":"ImageObject","inLanguage":"es","@id":"https:\/\/www.billin.net\/blog\/#\/schema\/logo\/image\/","url":"https:\/\/www.billin.net\/blog\/wp-content\/uploads\/2019\/06\/logotipo-billin-blog-1.png","contentUrl":"https:\/\/www.billin.net\/blog\/wp-content\/uploads\/2019\/06\/logotipo-billin-blog-1.png","width":126,"height":50,"caption":"Billin"},"image":{"@id":"https:\/\/www.billin.net\/blog\/#\/schema\/logo\/image\/"},"sameAs":["https:\/\/www.facebook.com\/EsBillin","https:\/\/x.com\/Billin_ES","https:\/\/www.instagram.com\/billin_es\/","https:\/\/www.linkedin.com\/company\/billin-spain","https:\/\/www.youtube.com\/c\/BillinEsintercambiodefacturas\/"],"legalName":"MY EXPENSES SL","contactPoint":{"@type":"ContactPoint","telephone":"+34918318883","contactType":"customer service","email":"info@billin.eu","availableLanguage":"es"},"foundingDate":"2015","numberOfEmployees":{"@type":"QuantitativeValue","minValue":10,"maxValue":50},"parentOrganization":{"@type":"Organization","name":"TeamSystem","url":"https:\/\/www.teamsystem.com\/"},"description":"Billin es el programa de facturaci\u00f3n online de TeamSystem para aut\u00f3nomos y pymes en Espa\u00f1a. Permite crear facturas, controlar gastos y cumplir con Verifactu.","address":{"@type":"PostalAddress","streetAddress":"Calle Arturo Soria, 336","addressLocality":"Madrid","addressRegion":"Madrid","postalCode":"28033","addressCountry":"ES"}},{"@type":"Person","@id":"https:\/\/www.billin.net\/blog\/#\/schema\/person\/d0339ee6e869234614541b1e80a793e7","name":"Marcos De La Cueva - CEO TeamSystem Facturas Billin","image":{"@type":"ImageObject","inLanguage":"es","@id":"https:\/\/www.billin.net\/blog\/#\/schema\/person\/image\/","url":"https:\/\/www.billin.net\/blog\/wp-content\/uploads\/2023\/10\/marcos-color-150x150.png","contentUrl":"https:\/\/www.billin.net\/blog\/wp-content\/uploads\/2023\/10\/marcos-color-150x150.png","caption":"Marcos De La Cueva - CEO TeamSystem Facturas Billin"},"description":"Licenciado en ADE por la Universidad Aut\u00f3noma de Madrid, Marcos De la Cueva es CEO y cofundador de TeamSystem Facturas Billin, un programa online que lleva m\u00e1s de 9 a\u00f1os ayudando a aut\u00f3nomos, peque\u00f1os negocios y gestor\u00edas a digitalizar sus presupuestos, facturas, tickets y gastos. \u00a0 Sobre Marcos De La Cueva \u00a0 Apasionado por el mundo empresarial y la tecnolog\u00eda, curs\u00f3 su M\u00e1ster de Finanzas en la Universidad Pontificia de Comillas y estuvo en el Programa de Cooperaci\u00f3n Educativa de la Universidad Aut\u00f3noma de Madrid. \u00a0 Marcos siempre ha tenido su objetivo claro: ayudar a la creaci\u00f3n de negocios financieramente sostenibles a trav\u00e9s de una herramienta de facturaci\u00f3n que les permita ahorrar tiempo y tener la contabilidad bajo control. \u00a0 Marcos De La Cueva en los medios \u2014 Noticia sobre Kit Digital y Ley Antifraude (VeriFactu) en El Economista. \u2014 Noticia sobre Kit Digital y factura electr\u00f3nica obligatoria en Diario Jur\u00eddico. \u2014 Noticia sobre el a\u00f1o de transici\u00f3n para la factura electr\u00f3nica en Muy Pymes. \u2014 Entrevista sobre factura electr\u00f3nica obligatoria en Canal Sur. \u2014 Noticia sobre el informe factura electr\u00f3nica de TeamSystem en Channel Partner. \u2014 Charla sobre productividad y Ley Crea y Crece en El Economista. \u2014 Charla sobre factura electr\u00f3nica obligatoria en Muy Pymes. \u2014 Charla sobre digitalizaci\u00f3n aut\u00f3nomos y productividad en esdiario. \u2014 Charla sobre productividad y factura electr\u00f3nica en La Raz\u00f3n. \u2014 Charla sobre factura electr\u00f3nica obligatoria en Aut\u00f3nomos y Emprendedores. \u2014 Entrevista sobre Ley Antifraude y Ley Crea y Crece en Expansi\u00f3n. \u2014 Entrevista sobre Ley Antifraude y Ley Crea y Crece en La Raz\u00f3n. \u2014 Entrevista sobre factura electr\u00f3nica obligatoria en El Economista. \u2014 Comunicado Billin y TeamSystem en Business Insider. \u2014 Entrevista en Econom\u00eda Digital. \u2014 Entrevista en Ideas para tu empresa de Vodafone. \u2014 Entrevista en M\u00e1sQradio. \u2014 Entrevista en Armas para emprender de El M\u00e9todo Gallardo. \u2014 Entrevista en KFund. \u2014 Entrevista en AXA Seguros Espa\u00f1a. \u2014 Entrevista en GestionaRadio. \u00a0 Marcos De La Cueva en eventos \u00a0 \u2014 Participaci\u00f3n como ponente en Accountex Espa\u00f1a 2023. \u00a0 Tem\u00e1ticas de especializaci\u00f3n \u00a0 negocios | startups | contabilidad| fiscalidad | empresas| asesor\u00edas| autonomos | emprendedores | peque\u00f1os negocios | econom\u00eda | ADE | pymes | desarrollo de negocio\u00a0","sameAs":["https:\/\/www.billin.net\/","https:\/\/www.linkedin.com\/in\/marcos-de-la-cueva-19750ba3\/"],"url":"https:\/\/www.billin.net\/blog\/author\/marcosdelacueva\/","jobTitle":"CEO y cofundador de TS Facturas Billin"}]}},"_links":{"self":[{"href":"https:\/\/www.billin.net\/blog\/wp-json\/wp\/v2\/posts\/10627","targetHints":{"allow":["GET"]}}],"collection":[{"href":"https:\/\/www.billin.net\/blog\/wp-json\/wp\/v2\/posts"}],"about":[{"href":"https:\/\/www.billin.net\/blog\/wp-json\/wp\/v2\/types\/post"}],"author":[{"embeddable":true,"href":"https:\/\/www.billin.net\/blog\/wp-json\/wp\/v2\/users\/20"}],"replies":[{"embeddable":true,"href":"https:\/\/www.billin.net\/blog\/wp-json\/wp\/v2\/comments?post=10627"}],"version-history":[{"count":8,"href":"https:\/\/www.billin.net\/blog\/wp-json\/wp\/v2\/posts\/10627\/revisions"}],"predecessor-version":[{"id":27339,"href":"https:\/\/www.billin.net\/blog\/wp-json\/wp\/v2\/posts\/10627\/revisions\/27339"}],"wp:featuredmedia":[{"embeddable":true,"href":"https:\/\/www.billin.net\/blog\/wp-json\/wp\/v2\/media\/8310"}],"wp:attachment":[{"href":"https:\/\/www.billin.net\/blog\/wp-json\/wp\/v2\/media?parent=10627"}],"wp:term":[{"taxonomy":"category","embeddable":true,"href":"https:\/\/www.billin.net\/blog\/wp-json\/wp\/v2\/categories?post=10627"},{"taxonomy":"post_tag","embeddable":true,"href":"https:\/\/www.billin.net\/blog\/wp-json\/wp\/v2\/tags?post=10627"}],"curies":[{"name":"wp","href":"https:\/\/api.w.org\/{rel}","templated":true}]}}