{"id":10623,"date":"2019-02-04T00:00:00","date_gmt":"2019-02-03T22:00:00","guid":{"rendered":"https:\/\/www.billin.net\/blog\/pensionista-autonomo-vez\/"},"modified":"2025-09-25T20:52:10","modified_gmt":"2025-09-25T18:52:10","slug":"pensionista-autonomo-vez","status":"publish","type":"post","link":"https:\/\/www.billin.net\/blog\/pensionista-autonomo-vez\/","title":{"rendered":"\u00bfSe puede ser pensionista y trabajar como aut\u00f3nomo?"},"content":{"rendered":"<p><strong>Cobrar la pensi\u00f3n p\u00fablica y seguir trabajando<\/strong> como aut\u00f3nomo, \u00bfes posible?, s\u00ed, ser\u00e1 posible bajo la figura de jubilado activo, te lo contamos.<!--more--><\/p>\r\n<p><span style=\"font-weight: 400;\">La <\/span><a href=\"https:\/\/www.billin.net\/glosario\/jubilacion\/\"><span style=\"font-weight: 400;\">jubilaci\u00f3n<\/span><\/a><span style=\"font-weight: 400;\"> no siempre marca el final de la vida laboral para muchas personas. De hecho, en Espa\u00f1a existe la posibilidad de compatibilizar la pensi\u00f3n con una actividad como aut\u00f3nomo, siempre que se cumplan ciertos requisitos.\u00a0<\/span><\/p>\r\n<p><span style=\"font-weight: 400;\">Este r\u00e9gimen especial, conocido como <\/span><b>jubilaci\u00f3n activa<\/b><span style=\"font-weight: 400;\">, permite que los pensionistas puedan seguir desempe\u00f1ando una actividad econ\u00f3mica y generar ingresos, sin renunciar por completo a la pensi\u00f3n que ya reciben.\u00a0<\/span><\/p>\r\n<p><span style=\"font-weight: 400;\">Para muchos, esta opci\u00f3n es una forma de mantenerse activos, seguir vinculados a su profesi\u00f3n o, simplemente, complementar sus ingresos en la jubilaci\u00f3n.<\/span><\/p>\r\n<p><span style=\"font-weight: 400;\">Sin embargo, este modelo plantea una serie de dudas y cuestiones importantes: <strong>\u00bf<\/strong><\/span><b>se puede ser pensionista y trabajar como aut\u00f3nomo<\/b><span style=\"font-weight: 400;\"><strong> sin perder derechos?<\/strong> \u00bfQu\u00e9 implicaciones tiene en la pensi\u00f3n o en las cotizaciones a la Seguridad Social? \u00bfCu\u00e1les son las opciones para aquellos que desean facturar sin necesidad de darse de alta como aut\u00f3nomos?\u00a0<\/span><\/p>\r\n<p><span style=\"font-weight: 400;\">En este art\u00edculo, no solo te <strong>vamos a explicar en detalle c\u00f3mo<\/strong> <\/span><b>trabajar despu\u00e9s de la jubilaci\u00f3n<\/b><span style=\"font-weight: 400;\">, sino tambi\u00e9n qu\u00e9 l\u00edmites existen, c\u00f3mo facturar legalmente y c\u00f3mo encontrar un equilibrio entre disfrutar de la jubilaci\u00f3n y seguir trabajando.\u00a0<\/span><\/p>\r\n<p><strong>Vamos a resolver todas estas dudas para que puedas tomar una decisi\u00f3n informada sobre tu futuro profesional despu\u00e9s de la jubilaci\u00f3n.<\/strong><\/p>\r\n<h2><b>\u00bfEs posible cobrar una pensi\u00f3n de jubilaci\u00f3n y ejercer como aut\u00f3nomo?<\/b><\/h2>\r\n<p><span style=\"font-weight: 400;\">S\u00ed, <\/span><b>se puede ser pensionista y trabajar como aut\u00f3nomo<\/b><span style=\"font-weight: 400;\"> en Espa\u00f1a gracias al r\u00e9gimen de <\/span><b>jubilaci\u00f3n activa<\/b><span style=\"font-weight: 400;\">. Este mecanismo permite a los jubilados compatibilizar la percepci\u00f3n de su pensi\u00f3n con una actividad econ\u00f3mica, ya sea como <\/span><a href=\"https:\/\/www.billin.net\/blog\/darse-de-alta-como-autonomo\/\"><span style=\"font-weight: 400;\">aut\u00f3nomo<\/span><\/a><span style=\"font-weight: 400;\"> o trabajador por cuenta ajena, siempre que se cumplan ciertos requisitos legales.\u00a0<\/span><\/p>\r\n<p><span style=\"font-weight: 400;\">Sin embargo, es importante conocer las particularidades de esta opci\u00f3n, ya que no siempre se recibir\u00e1 la totalidad de la pensi\u00f3n y existen algunas condiciones que deben respetarse para no perder derechos.<\/span><\/p>\r\n<h2><b>Requisitos para acceder a la jubilaci\u00f3n activa como aut\u00f3nomo<\/b><\/h2>\r\n<p><span style=\"font-weight: 400;\">Para acogerse a este r\u00e9gimen de <\/span><b>jubilaci\u00f3n y seguir trabajando<\/b><span style=\"font-weight: 400;\"> como aut\u00f3nomo mientras se cobra la pensi\u00f3n, <strong>es necesario cumplir con las siguientes condiciones:<\/strong><\/span><\/p>\r\n<ul>\r\n<li style=\"font-weight: 400;\" aria-level=\"1\"><b>Haber alcanzado la edad legal de jubilaci\u00f3n<\/b><span style=\"font-weight: 400;\">: este es un requisito imprescindible. No podr\u00e1n acceder a la jubilaci\u00f3n activa aquellos que se hayan jubilado de manera anticipada.\u00a0<\/span><\/li>\r\n<\/ul>\r\n<p><span style=\"font-weight: 400;\">A tenor de lo dispuesto en el<\/span><b> art\u00edculo 214 de la <\/b><a href=\"https:\/\/www.boe.es\/buscar\/act.php?id=BOE-A-2015-11724&amp;p=20240522&amp;tn=1#a214\"><span style=\"font-weight: 400;\">Ley General de la Seguridad Social<\/span><\/a> <b>(LGSS),<\/b><span style=\"font-weight: 400;\"> la jubilaci\u00f3n debe producirse, al menos, <\/span><b>un a\u00f1o despu\u00e9s de haber cumplido la edad ordinaria,<\/b><span style=\"font-weight: 400;\"> y adem\u00e1s, el porcentaje aplicable a la respectiva base reguladora a efectos de determinar la cuant\u00eda de<\/span><b> la pensi\u00f3n causada ha de alcanzar el 100%.<\/b><\/p>\r\n<p><span style=\"font-weight: 400;\">La edad legal de jubilaci\u00f3n en Espa\u00f1a se va incrementando de manera progresiva hasta alcanzar los 67 a\u00f1os en 2027, aunque quienes hayan cotizado m\u00e1s de 37 a\u00f1os y 9 meses podr\u00e1n jubilarse a los 65 a\u00f1os.<\/span><\/p>\r\n<ul>\r\n<li style=\"font-weight: 400;\" aria-level=\"1\"><b>Haber cotizado el periodo m\u00ednimo exigido<\/b><span style=\"font-weight: 400;\">: para acceder a la jubilaci\u00f3n activa es necesario haber cotizado, como m\u00ednimo, el tiempo requerido por ley, que <\/span><b>actualmente est\u00e1 en 37 a\u00f1os y 9 meses.<\/b><span style=\"font-weight: 400;\"> Si se cumple este periodo, el trabajador puede beneficiarse de esta modalidad sin problemas.<\/span><\/li>\r\n<li style=\"font-weight: 400;\" aria-level=\"1\"><b>Seguir cotizando a la Seguridad Social<\/b><span style=\"font-weight: 400;\">: A pesar de estar jubilado y recibir parte de la pensi\u00f3n, el aut\u00f3nomo debe seguir cotizando a la Seguridad Social, aunque con una reducci\u00f3n. Solo es obligatorio cotizar por <\/span><b>contingencias profesionales<\/b><span style=\"font-weight: 400;\"> (1,5%) y <\/span><b>por incapacidad temporal <\/b><span style=\"font-weight: 400;\">(1,3%), lo que supone un alivio en la carga de las cotizaciones.<\/span><\/li>\r\n<\/ul>\r\n<p><span style=\"font-weight: 400;\">Adem\u00e1s, quedan sujetos a una <\/span><b>cotizaci\u00f3n especial de solidaridad del 9% <\/b><span style=\"font-weight: 400;\">sobre la base de cotizaci\u00f3n por contingencias comunes, no computable para las prestaciones.<\/span><\/p>\r\n<h2><b>\u00bfC\u00f3mo afecta la jubilaci\u00f3n activa a la pensi\u00f3n?<\/b><\/h2>\r\n<p><span style=\"font-weight: 400;\">El hecho de <\/span><b>jubilarse y seguir trabajando<\/b><span style=\"font-weight: 400;\"> mientras se cobra la pensi\u00f3n no implica que se reciba el 100% de la misma.\u00a0<\/span><\/p>\r\n<p><span style=\"font-weight: 400;\">Seg\u00fan la normativa ya mencionada, en concreto el apartado 2 del art\u00edculo 214, los pensionistas que se acogen a la jubilaci\u00f3n activa perciben el <\/span><b>50% de la pensi\u00f3n<\/b><span style=\"font-weight: 400;\"> de jubilaci\u00f3n que les corresponder\u00eda si no trabajaran, independientemente de si la actividad es a tiempo completo o parcial.<\/span><\/p>\r\n<p><span style=\"font-weight: 400;\">Si el trabajador aut\u00f3nomo decide cesar su actividad laboral y dejar de trabajar, podr\u00e1 recuperar el cobro \u00edntegro de su pensi\u00f3n.\u00a0<\/span><\/p>\r\n<h3><b>Excepciones: pensi\u00f3n completa en algunos casos<\/b><\/h3>\r\n<p><span style=\"font-weight: 400;\">Hay un caso particular en el que es posible recibir el <\/span><b>100% de la pensi\u00f3n<\/b><span style=\"font-weight: 400;\"> mientras se sigue trabajando como aut\u00f3nomo: si el jubilado es <\/span><a href=\"https:\/\/www.billin.net\/blog\/autonomo-contratar\/\"><b>aut\u00f3nomo empleador<\/b><\/a><span style=\"font-weight: 400;\"> y tiene contratado, al menos, a un trabajador por cuenta ajena.\u00a0<\/span><\/p>\r\n<p><span style=\"font-weight: 400;\">Con esta medida se busca <\/span><b>fomentar la creaci\u00f3n de empleo y el emprendimiento en el colectivo de pensionistas.\u00a0<\/b><\/p>\r\n<p><span style=\"font-weight: 400;\">En este caso, el pensionista mantiene \u00edntegra su pensi\u00f3n y, adem\u00e1s, podr\u00e1 generar ingresos por su actividad econ\u00f3mica, aunque deber\u00e1 seguir cumpliendo con las obligaciones fiscales y de cotizaci\u00f3n.<\/span><\/p>\r\n<h2><b>\u00bfPuedo trabajar despu\u00e9s de la jubilaci\u00f3n?<\/b><\/h2>\r\n<p><span style=\"font-weight: 400;\">La regla general es que la pensi\u00f3n de jubilaci\u00f3n es incompatible con la realizaci\u00f3n de una actividad por cuenta ajena o propia que d\u00e9 lugar al alta en la Seguridad Social.\u00a0<\/span><\/p>\r\n<p><span style=\"font-weight: 400;\">As\u00ed viene establecido en el <\/span><b>art\u00edculo 213 de la LGSS <\/b><span style=\"font-weight: 400;\">que se\u00f1ala que <\/span><i><span style=\"font-weight: 400;\">\u201cel disfrute de la pensi\u00f3n de jubilaci\u00f3n ser\u00e1 incompatible con el trabajo del pensionista, con las salvedades y en los t\u00e9rminos que legal o reglamentariamente se determinen\u201d.<\/span><\/i><\/p>\r\n<p><b>\u00bfCu\u00e1les son estas salvedades o excepciones?\u00a0<\/b><\/p>\r\n<ul>\r\n<li style=\"font-weight: 400;\" aria-level=\"1\"><span style=\"font-weight: 400;\">La<\/span><b> jubilaci\u00f3n activa<\/b><span style=\"font-weight: 400;\">, que ya hemos comentado.<\/span><\/li>\r\n<li style=\"font-weight: 400;\" aria-level=\"1\"><span style=\"font-weight: 400;\">La <\/span><b>jubilaci\u00f3n parcial:<\/b><span style=\"font-weight: 400;\"> que permite al trabajador, de com\u00fan acuerdo con su empresa, <\/span><b>reducir su jornada de trabajo entre un 25% y un 50%<\/b><span style=\"font-weight: 400;\">, pasando a percibir la pensi\u00f3n de jubilaci\u00f3n en cuant\u00eda proporcional inversa a la reducci\u00f3n de jornada.\u00a0<\/span><\/li>\r\n<\/ul>\r\n<p><span style=\"font-weight: 400;\">En estos casos, si el trabajador no tiene cumplida la edad reglamentaria de jubilaci\u00f3n, la empresa deber\u00e1 concertar un contrato de relevo con otro trabajador.<\/span><\/p>\r\n<ul>\r\n<li style=\"font-weight: 400;\" aria-level=\"1\"><span style=\"font-weight: 400;\">La <\/span><b>jubilaci\u00f3n flexible: <\/b><span style=\"font-weight: 400;\">que<\/span> <span style=\"font-weight: 400;\">permite a quien ya es pensionista de jubilaci\u00f3n iniciar un trabajo a tiempo parcial con una reducci\u00f3n de jornada comprendida entre un 25% y un 50% sobre la jornada habitual en la actividad y compatibilizarlo con la pensi\u00f3n que ven\u00eda cobrando, reducida en proporci\u00f3n al porcentaje de jornada desempe\u00f1ada a tiempo parcial.<\/span><\/li>\r\n<li style=\"font-weight: 400;\" aria-level=\"1\"><span style=\"font-weight: 400;\">La pensi\u00f3n de jubilaci\u00f3n tambi\u00e9n es compatible con la realizaci\u00f3n de<\/span><b> trabajos por cuenta propia <\/b><span style=\"font-weight: 400;\">cuyos rendimientos totales anuales<\/span><b> no superen el importe del salario m\u00ednimo interprofesional <\/b><span style=\"font-weight: 400;\">en c\u00f3mputo anual. Quienes realicen estas actividades econ\u00f3micas no estar\u00e1n obligados a cotizar por las prestaciones de la Seguridad Social.<\/span><\/li>\r\n<\/ul>\r\n<h3><b>Caso especial: los aut\u00f3nomos societarios<\/b><\/h3>\r\n<p><span style=\"font-weight: 400;\">El Tribunal Supremo ha determinado recientemente que un <\/span><a href=\"https:\/\/www.billin.net\/blog\/autonomo-societario\/\"><span style=\"font-weight: 400;\">aut\u00f3nomo societario<\/span><\/a><span style=\"font-weight: 400;\">, es decir, aquel que es socio y administrador \u00fanico de una sociedad mercantil, no cumple los requisitos para acogerse a la <\/span><b>modalidad de jubilaci\u00f3n activa que permite cobrar el 100% de la pensi\u00f3n<\/b><span style=\"font-weight: 400;\">, incluso cuando tiene trabajadores a su cargo.<\/span><\/p>\r\n<p><span style=\"font-weight: 400;\">En efecto, en su <\/span><b>sentencia n\u00fam. 506\/2023, de 12 de julio de 2023<\/b><span style=\"font-weight: 400;\">, la Sala de lo Social del Tribunal Supremo ha estimado una reclamaci\u00f3n del Instituto Nacional de la Seguridad Social (INSS).<\/span><\/p>\r\n<p><span style=\"font-weight: 400;\">Ha considerado que un aut\u00f3nomo que sea socio y administrador \u00fanico de una sociedad mercantil <\/span><b>no cumple los requisitos para acogerse a la jubilaci\u00f3n activa.<\/b><\/p>\r\n<p><span style=\"font-weight: 400;\">En esta modalidad, se puede estar en activo y cobrar a la vez el 100% de la pensi\u00f3n, aunque est\u00e9 dado de alta en el RETA y tenga trabajadores a su cargo.<\/span><\/p>\r\n<p><span style=\"font-weight: 400;\">El alto Tribunal considera que, al realizar la actividad para una sociedad de capital, es esta quien asume los riesgos derivados de la actividad y no el aut\u00f3nomo en cuesti\u00f3n.<\/span><\/p>\r\n\r\n<figure class=\"wp-block-image\"><img decoding=\"async\" class=\"wp-image-9444\" src=\"https:\/\/www.billin.net\/blog\/wp-content\/uploads\/2019\/02\/autonomo-pensionista-min.jpg\" alt=\"quiero ser autonomo y soy pensionista\" \/><\/figure>\r\n<h2><b>C\u00f3mo puede un jubilado facturar sin ser aut\u00f3nomo<\/b><\/h2>\r\n<p><span style=\"font-weight: 400;\">Una opci\u00f3n que tienen los jubilados que quieren generar ingresos es facturar sin necesidad de darse de alta como aut\u00f3nomos. Esta alternativa es v\u00e1lida siempre que los ingresos sean espor\u00e1dicos y no superen el salario m\u00ednimo interprofesional <\/span><b>(SMI)<\/b><span style=\"font-weight: 400;\"> anual.\u00a0<\/span><\/p>\r\n<p><span style=\"font-weight: 400;\">En este caso, <\/span><b>puede un jubilado facturar sin ser aut\u00f3nomo<\/b><span style=\"font-weight: 400;\"> si emite <\/span><a href=\"https:\/\/www.billin.net\/blog\/como-hacer-factura-autonomos\/\"><span style=\"font-weight: 400;\">facturas<\/span><\/a><span style=\"font-weight: 400;\"> por trabajos puntuales o servicios de baja recurrencia, evitando la obligaci\u00f3n de cotizar como aut\u00f3nomo.<\/span><\/p>\r\n<p><span style=\"font-weight: 400;\">Para hacerlo de manera correcta, <\/span><b>el pensionista debe<\/b> <a href=\"https:\/\/www.billin.net\/blog\/ejemplo-factura-profesional-irpf\/\"><span style=\"font-weight: 400;\">emitir facturas con retenci\u00f3n de IRPF <\/span><\/a><span style=\"font-weight: 400;\">en los casos en que facture a otro aut\u00f3nomo o empresa. <\/span><\/p>\r\n<p><span style=\"font-weight: 400;\">Adem\u00e1s, debe asegurarse de presentar las declaraciones trimestrales a Hacienda por el cobro de <\/span><a href=\"https:\/\/www.billin.net\/blog\/tipos-iva-espana\/\"><span style=\"font-weight: 400;\">IVA<\/span><\/a><span style=\"font-weight: 400;\"> por sus servicios, cumpliendo as\u00ed con sus obligaciones fiscales sin estar sujeto a las cotizaciones a la Seguridad Social.\u00a0<\/span><\/p>\r\n<p><span style=\"font-weight: 400;\">Esto es <\/span><b>aplicable siempre y cuando no se trate de una actividad continuada<\/b><span style=\"font-weight: 400;\"> y no se supere el salario m\u00ednimo interprofesional anual.<\/span><\/p>\r\n<h2><b>\u00bfCu\u00e1nto puedo facturar estando jubilado?<\/b><\/h2>\r\n<p><span style=\"font-weight: 400;\">La clave est\u00e1 en la periodicidad y en la cantidad de los ingresos. Si los ingresos no superan el salario m\u00ednimo interprofesional (SMI), no ser\u00eda obligatorio <\/span><a href=\"https:\/\/www.billin.net\/blog\/alta-autonomo-seguridad-social\/\"><span style=\"font-weight: 400;\">darse de alta en el RETA<\/span><\/a><span style=\"font-weight: 400;\">\u00a0 como aut\u00f3nomo. Sin embargo, si la actividad es continuada o se superan esos l\u00edmites, ser\u00e1 necesario cotizar en el r\u00e9gimen de aut\u00f3nomos.<\/span><\/p>\r\n<p><span style=\"font-weight: 400;\">Para quienes se acogen a la jubilaci\u00f3n activa, los ingresos generados por su actividad aut\u00f3noma<\/span><b> no tienen un l\u00edmite concreto<\/b><span style=\"font-weight: 400;\">, pero deber\u00e1n seguir cotizando y declarar esos ingresos como parte de su actividad econ\u00f3mica, al mismo tiempo que reciben parte de su pensi\u00f3n, si estos ingresos superan el SMI.<\/span><\/p>\r\n<p><span style=\"font-weight: 400;\">Para <\/span><b>2024<\/b><span style=\"font-weight: 400;\">, el SMI en Espa\u00f1a ha quedado fijado en<\/span><b> 1.080 euros brutos mensuales<\/b><span style=\"font-weight: 400;\">, distribuidos en <\/span><b>14 pagas anuales<\/b><span style=\"font-weight: 400;\">, lo que equivale a un total de<\/span><b> 15.120 euros brutos al a\u00f1o<\/b><span style=\"font-weight: 400;\">.<\/span><\/p>\r\n<p><span style=\"font-weight: 400;\">Es importante tambi\u00e9n se\u00f1alar que no existe un criterio claro y uniforme sobre esta cuesti\u00f3n y por lo tanto, las interpretaciones y las dudas est\u00e1n ah\u00ed y son muchas. La Seguridad Social eval\u00faa cada caso de manera individual y puede tomar decisiones distintas en funci\u00f3n de las circunstancias espec\u00edficas de la actividad econ\u00f3mica del jubilado.<\/span><\/p>\r\n<p><b>Nuestra recomendaci\u00f3n<\/b><span style=\"font-weight: 400;\"> es que, para evitar problemas legales, los jubilados que realicen cualquier tipo de actividad econ\u00f3mica se inscriban en el <\/span><b>RETA<\/b><span style=\"font-weight: 400;\">.\u00a0<\/span><\/p>\r\n<p><span style=\"font-weight: 400;\">Si se acogen al r\u00e9gimen de <\/span><b>jubilaci\u00f3n activa<\/b><span style=\"font-weight: 400;\">, la cotizaci\u00f3n se limitar\u00e1 a <\/span><b>contingencias profesionales, incapacidad temporal y una cuota de solidaridad<\/b><span style=\"font-weight: 400;\">, lo que supone una <\/span><b>reducci\u00f3n significativa en las cuotas<\/b><span style=\"font-weight: 400;\"> en comparaci\u00f3n con los aut\u00f3nomos ordinarios.\u00a0<\/span><\/p>\r\n<p><span style=\"font-weight: 400;\">De este modo, podr\u00e1n cumplir con todas sus obligaciones de manera legal y beneficiarse de una cotizaci\u00f3n reducida.<\/span><\/p>\r\n<h2><b>Preguntas y respuestas frecuentes\u00a0<\/b><\/h2>\r\n<h3><b>\u00bfQu\u00e9 es la jubilaci\u00f3n activa y c\u00f3mo funciona?<\/b><\/h3>\r\n<p><span style=\"font-weight: 400;\">La jubilaci\u00f3n activa permite a los pensionistas cobrar una parte de su pensi\u00f3n (normalmente el 50%) y, al mismo tiempo, trabajar como aut\u00f3nomos. Esta opci\u00f3n suele estar sujeta a requisitos espec\u00edficos, como haber cumplido la edad legal de jubilaci\u00f3n y haber cotizado el m\u00e1ximo de a\u00f1os necesarios.<\/span><\/p>\r\n<h3><b>\u00bfUn jubilado que trabaja como aut\u00f3nomo sigue cotizando a la Seguridad Social?<\/b><\/h3>\r\n<p><span style=\"font-weight: 400;\">S\u00ed, en la modalidad de jubilaci\u00f3n activa, el pensionista aut\u00f3nomo sigue cotizando a la Seguridad Social, aunque en una cantidad reducida, destinada principalmente a contingencias comunes. Estas cotizaciones no incrementan su pensi\u00f3n de jubilaci\u00f3n futura.<\/span><\/p>\r\n<h3><b>\u00bfExisten sectores espec\u00edficos en los que un pensionista puede trabajar como aut\u00f3nomo?<\/b><\/h3>\r\n<p><span style=\"font-weight: 400;\">En general, cualquier pensionista puede ejercer como aut\u00f3nomo en cualquier sector, siempre y cuando cumpla con los requisitos establecidos por la Seguridad Social. Por ejemplo, es com\u00fan en sectores como la agricultura o consultor\u00eda, donde la experiencia es altamente valorada.<\/span><\/p>\r\n<h3><b>\u00bfQu\u00e9 ocurre si un agricultor jubilado desea seguir trabajando en el campo?<\/b><\/h3>\r\n<p><span style=\"font-weight: 400;\">Un agricultor jubilado puede acogerse a la jubilaci\u00f3n activa y seguir trabajando en el campo como aut\u00f3nomo, siempre y cuando cumpla los requisitos espec\u00edficos de la modalidad. De este modo, puede complementar su pensi\u00f3n y realizar actividades agr\u00edcolas.<\/span><\/p>\r\n<h3><b>\u00bfC\u00f3mo afecta la pensi\u00f3n a los ingresos generados como aut\u00f3nomo?<\/b><\/h3>\r\n<p><span style=\"font-weight: 400;\">Los ingresos generados como aut\u00f3nomo no afectan directamente a la pensi\u00f3n si se cumple con los requisitos de la jubilaci\u00f3n activa. Sin embargo, es importante cumplir con las obligaciones fiscales y de cotizaci\u00f3n, y declarar los ingresos adicionales.<\/span><\/p>\r\n<h2><b>Conclusiones finales\u00a0<\/b><\/h2>\r\n<p><span style=\"font-weight: 400;\">En resumen, <\/span><b>s\u00ed se puede ser pensionista y trabajar como aut\u00f3nomo<\/b><span style=\"font-weight: 400;\"> en Espa\u00f1a, gracias al r\u00e9gimen de jubilaci\u00f3n activa que permite compatibilizar la percepci\u00f3n de la pensi\u00f3n con una actividad econ\u00f3mica.\u00a0<\/span><\/p>\r\n<p><span style=\"font-weight: 400;\">Si eres aut\u00f3nomo o jubilado y necesitas gestionar tus facturas de manera sencilla y eficiente, <\/span><a href=\"https:\/\/www.billin.net\/\"><b>Billin<\/b><\/a><span style=\"font-weight: 400;\"> es la soluci\u00f3n ideal. Con nuestra plataforma, puedes emitir, recibir y organizar todas tus facturas de forma r\u00e1pida y sin complicaciones, asegurando el cumplimiento de todas tus obligaciones fiscales.<\/span><\/p>\r\n<p><span style=\"font-weight: 400;\">\u00a0\u00a1<\/span><a href=\"https:\/\/www.billin.net\/signup-mkt-app-nueva\/\"><span style=\"font-weight: 400;\">Reg\u00edstrate gratis<\/span><\/a><span style=\"font-weight: 400;\"> en<\/span><b> TeamSystem Facturas Billin<\/b><span style=\"font-weight: 400;\"> y simplifica la gesti\u00f3n de tu facturaci\u00f3n desde hoy!<\/span><\/p>\r\n\r\n\r\n\r\n<p>&nbsp;<\/p>\r\n","protected":false},"excerpt":{"rendered":"<p>Cobrar la pensi\u00f3n p\u00fablica y seguir trabajando como aut\u00f3nomo, \u00bfes posible?, s\u00ed, ser\u00e1 posible bajo la figura de jubilado activo, te lo contamos.<\/p>\n","protected":false},"author":20,"featured_media":10624,"comment_status":"open","ping_status":"open","sticky":false,"template":"","format":"standard","meta":{"_acf_changed":false,"_et_pb_use_builder":"","_et_pb_old_content":"","_et_gb_content_width":"","om_disable_all_campaigns":false,"inline_featured_image":false,"footnotes":""},"categories":[1014],"tags":[1380],"class_list":{"0":"post-10623","1":"post","2":"type-post","3":"status-publish","4":"format-standard","5":"has-post-thumbnail","7":"category-fiscalidad","8":"tag-autonomos"},"acf":{"selector_de_usuario":"","fecha_de_revision":"20190212"},"yoast_head":"<!-- This site is optimized with the Yoast SEO plugin v27.1 - https:\/\/yoast.com\/product\/yoast-seo-wordpress\/ -->\n<title>\u25b7 \u00bfSe puede ser pensionista y trabajar como aut\u00f3nomo?<\/title>\n<meta name=\"description\" content=\"\u00bfSe puede trabajar despu\u00e9s de la jubilaci\u00f3n?, \u00bfse puede ser pensionista y trabajar como aut\u00f3nomo al mismo tiempo? \u27a4 Resolvemos todas tus dudas aqu\u00ed\" \/>\n<meta name=\"robots\" content=\"index, follow, max-snippet:-1, max-image-preview:large, max-video-preview:-1\" \/>\n<link rel=\"canonical\" href=\"https:\/\/www.billin.net\/blog\/pensionista-autonomo-vez\/\" \/>\n<meta property=\"og:locale\" content=\"es_ES\" \/>\n<meta property=\"og:type\" content=\"article\" \/>\n<meta property=\"og:title\" content=\"\u25b7 \u00bfSe puede ser pensionista y trabajar como aut\u00f3nomo?\" \/>\n<meta property=\"og:description\" content=\"\u00bfSe puede trabajar despu\u00e9s de la jubilaci\u00f3n?, \u00bfse puede ser pensionista y trabajar como aut\u00f3nomo al mismo tiempo? \u27a4 Resolvemos todas tus dudas aqu\u00ed\" \/>\n<meta property=\"og:url\" content=\"https:\/\/www.billin.net\/blog\/pensionista-autonomo-vez\/\" \/>\n<meta property=\"og:site_name\" content=\"Blog de TeamSystem Facturas Billin\" \/>\n<meta property=\"article:publisher\" content=\"https:\/\/www.facebook.com\/EsBillin\" \/>\n<meta property=\"article:published_time\" content=\"2019-02-03T22:00:00+00:00\" \/>\n<meta property=\"article:modified_time\" content=\"2025-09-25T18:52:10+00:00\" \/>\n<meta property=\"og:image\" content=\"https:\/\/www.billin.net\/blog\/wp-content\/uploads\/2019\/02\/pensionistas-autonomos-min.jpg\" \/>\n\t<meta property=\"og:image:width\" content=\"850\" \/>\n\t<meta property=\"og:image:height\" content=\"566\" \/>\n\t<meta property=\"og:image:type\" content=\"image\/jpeg\" \/>\n<meta name=\"author\" content=\"Marcos De La Cueva - CEO TeamSystem Facturas Billin\" \/>\n<meta name=\"twitter:card\" content=\"summary_large_image\" \/>\n<meta name=\"twitter:creator\" content=\"@Billin_ES\" \/>\n<meta name=\"twitter:site\" content=\"@Billin_ES\" \/>\n<meta name=\"twitter:label1\" content=\"Escrito por\" \/>\n\t<meta name=\"twitter:data1\" content=\"Marcos De La Cueva - CEO TeamSystem Facturas Billin\" \/>\n\t<meta name=\"twitter:label2\" content=\"Tiempo de lectura\" \/>\n\t<meta name=\"twitter:data2\" content=\"10 minutos\" \/>\n<script type=\"application\/ld+json\" class=\"yoast-schema-graph\">{\"@context\":\"https:\/\/schema.org\",\"@graph\":[{\"@type\":\"Article\",\"@id\":\"https:\/\/www.billin.net\/blog\/pensionista-autonomo-vez\/#article\",\"isPartOf\":{\"@id\":\"https:\/\/www.billin.net\/blog\/pensionista-autonomo-vez\/\"},\"author\":{\"name\":\"Marcos De La Cueva - CEO TeamSystem Facturas Billin\",\"@id\":\"https:\/\/www.billin.net\/blog\/#\/schema\/person\/d0339ee6e869234614541b1e80a793e7\"},\"headline\":\"\u00bfSe puede ser pensionista y trabajar como aut\u00f3nomo?\",\"datePublished\":\"2019-02-03T22:00:00+00:00\",\"dateModified\":\"2025-09-25T18:52:10+00:00\",\"mainEntityOfPage\":{\"@id\":\"https:\/\/www.billin.net\/blog\/pensionista-autonomo-vez\/\"},\"wordCount\":2207,\"commentCount\":2,\"publisher\":{\"@id\":\"https:\/\/www.billin.net\/blog\/#organization\"},\"image\":{\"@id\":\"https:\/\/www.billin.net\/blog\/pensionista-autonomo-vez\/#primaryimage\"},\"thumbnailUrl\":\"https:\/\/www.billin.net\/blog\/wp-content\/uploads\/2019\/02\/pensionistas-autonomos-min.jpg\",\"keywords\":[\"Aut\u00f3nomos\"],\"articleSection\":[\"Fiscalidad\"],\"inLanguage\":\"es\",\"potentialAction\":[{\"@type\":\"CommentAction\",\"name\":\"Comment\",\"target\":[\"https:\/\/www.billin.net\/blog\/pensionista-autonomo-vez\/#respond\"]}]},{\"@type\":\"WebPage\",\"@id\":\"https:\/\/www.billin.net\/blog\/pensionista-autonomo-vez\/\",\"url\":\"https:\/\/www.billin.net\/blog\/pensionista-autonomo-vez\/\",\"name\":\"\u25b7 \u00bfSe puede ser pensionista y trabajar como aut\u00f3nomo?\",\"isPartOf\":{\"@id\":\"https:\/\/www.billin.net\/blog\/#website\"},\"primaryImageOfPage\":{\"@id\":\"https:\/\/www.billin.net\/blog\/pensionista-autonomo-vez\/#primaryimage\"},\"image\":{\"@id\":\"https:\/\/www.billin.net\/blog\/pensionista-autonomo-vez\/#primaryimage\"},\"thumbnailUrl\":\"https:\/\/www.billin.net\/blog\/wp-content\/uploads\/2019\/02\/pensionistas-autonomos-min.jpg\",\"datePublished\":\"2019-02-03T22:00:00+00:00\",\"dateModified\":\"2025-09-25T18:52:10+00:00\",\"description\":\"\u00bfSe puede trabajar despu\u00e9s de la jubilaci\u00f3n?, \u00bfse puede ser pensionista y trabajar como aut\u00f3nomo al mismo tiempo? \u27a4 Resolvemos todas tus dudas aqu\u00ed\",\"breadcrumb\":{\"@id\":\"https:\/\/www.billin.net\/blog\/pensionista-autonomo-vez\/#breadcrumb\"},\"inLanguage\":\"es\",\"potentialAction\":[{\"@type\":\"ReadAction\",\"target\":[\"https:\/\/www.billin.net\/blog\/pensionista-autonomo-vez\/\"]}]},{\"@type\":\"ImageObject\",\"inLanguage\":\"es\",\"@id\":\"https:\/\/www.billin.net\/blog\/pensionista-autonomo-vez\/#primaryimage\",\"url\":\"https:\/\/www.billin.net\/blog\/wp-content\/uploads\/2019\/02\/pensionistas-autonomos-min.jpg\",\"contentUrl\":\"https:\/\/www.billin.net\/blog\/wp-content\/uploads\/2019\/02\/pensionistas-autonomos-min.jpg\",\"width\":850,\"height\":566,\"caption\":\"se puede ser pensionista y trabajar como aut\u00f3nomo\"},{\"@type\":\"BreadcrumbList\",\"@id\":\"https:\/\/www.billin.net\/blog\/pensionista-autonomo-vez\/#breadcrumb\",\"itemListElement\":[{\"@type\":\"ListItem\",\"position\":1,\"name\":\"Blog\",\"item\":\"https:\/\/www.billin.net\/blog\/\"},{\"@type\":\"ListItem\",\"position\":2,\"name\":\"Fiscalidad\",\"item\":\"https:\/\/www.billin.net\/blog\/fiscalidad\/\"},{\"@type\":\"ListItem\",\"position\":3,\"name\":\"\u00bfSe puede ser pensionista y trabajar como aut\u00f3nomo?\"}]},{\"@type\":\"WebSite\",\"@id\":\"https:\/\/www.billin.net\/blog\/#website\",\"url\":\"https:\/\/www.billin.net\/blog\/\",\"name\":\"Blog de Billin\",\"description\":\"Mantente informado con el blog de TeamSystem Facturas Billin:  facturaci\u00f3n, legislaci\u00f3n, contabilidad, management y toda la informaci\u00f3n \u00fatil para pymes y aut\u00f3nomos.\",\"publisher\":{\"@id\":\"https:\/\/www.billin.net\/blog\/#organization\"},\"potentialAction\":[{\"@type\":\"SearchAction\",\"target\":{\"@type\":\"EntryPoint\",\"urlTemplate\":\"https:\/\/www.billin.net\/blog\/?s={search_term_string}\"},\"query-input\":{\"@type\":\"PropertyValueSpecification\",\"valueRequired\":true,\"valueName\":\"search_term_string\"}}],\"inLanguage\":\"es\"},{\"@type\":\"Organization\",\"@id\":\"https:\/\/www.billin.net\/blog\/#organization\",\"name\":\"Billin\",\"alternateName\":\"Blog de Billin\",\"url\":\"https:\/\/www.billin.net\/blog\/\",\"logo\":{\"@type\":\"ImageObject\",\"inLanguage\":\"es\",\"@id\":\"https:\/\/www.billin.net\/blog\/#\/schema\/logo\/image\/\",\"url\":\"https:\/\/www.billin.net\/blog\/wp-content\/uploads\/2019\/06\/logotipo-billin-blog-1.png\",\"contentUrl\":\"https:\/\/www.billin.net\/blog\/wp-content\/uploads\/2019\/06\/logotipo-billin-blog-1.png\",\"width\":126,\"height\":50,\"caption\":\"Billin\"},\"image\":{\"@id\":\"https:\/\/www.billin.net\/blog\/#\/schema\/logo\/image\/\"},\"sameAs\":[\"https:\/\/www.facebook.com\/EsBillin\",\"https:\/\/x.com\/Billin_ES\",\"https:\/\/www.instagram.com\/billin_es\/\",\"https:\/\/www.linkedin.com\/company\/billin-spain\",\"https:\/\/www.youtube.com\/c\/BillinEsintercambiodefacturas\/\"],\"legalName\":\"MY EXPENSES SL\",\"contactPoint\":{\"@type\":\"ContactPoint\",\"telephone\":\"+34918318883\",\"contactType\":\"customer service\",\"email\":\"info@billin.eu\",\"availableLanguage\":\"es\"},\"foundingDate\":\"2015\",\"numberOfEmployees\":{\"@type\":\"QuantitativeValue\",\"minValue\":10,\"maxValue\":50},\"parentOrganization\":{\"@type\":\"Organization\",\"name\":\"TeamSystem\",\"url\":\"https:\/\/www.teamsystem.com\/\"},\"description\":\"Billin es el programa de facturaci\u00f3n online de TeamSystem para aut\u00f3nomos y pymes en Espa\u00f1a. Permite crear facturas, controlar gastos y cumplir con Verifactu.\",\"address\":{\"@type\":\"PostalAddress\",\"streetAddress\":\"Calle Arturo Soria, 336\",\"addressLocality\":\"Madrid\",\"addressRegion\":\"Madrid\",\"postalCode\":\"28033\",\"addressCountry\":\"ES\"}},{\"@type\":\"Person\",\"@id\":\"https:\/\/www.billin.net\/blog\/#\/schema\/person\/d0339ee6e869234614541b1e80a793e7\",\"name\":\"Marcos De La Cueva - CEO TeamSystem Facturas Billin\",\"image\":{\"@type\":\"ImageObject\",\"inLanguage\":\"es\",\"@id\":\"https:\/\/www.billin.net\/blog\/#\/schema\/person\/image\/\",\"url\":\"https:\/\/www.billin.net\/blog\/wp-content\/uploads\/2023\/10\/marcos-color-150x150.png\",\"contentUrl\":\"https:\/\/www.billin.net\/blog\/wp-content\/uploads\/2023\/10\/marcos-color-150x150.png\",\"caption\":\"Marcos De La Cueva - CEO TeamSystem Facturas Billin\"},\"description\":\"Licenciado en ADE por la Universidad Aut\u00f3noma de Madrid, Marcos De la Cueva es CEO y cofundador de TeamSystem Facturas Billin, un programa online que lleva m\u00e1s de 9 a\u00f1os ayudando a aut\u00f3nomos, peque\u00f1os negocios y gestor\u00edas a digitalizar sus presupuestos, facturas, tickets y gastos. \u00a0 Sobre Marcos De La Cueva \u00a0 Apasionado por el mundo empresarial y la tecnolog\u00eda, curs\u00f3 su M\u00e1ster de Finanzas en la Universidad Pontificia de Comillas y estuvo en el Programa de Cooperaci\u00f3n Educativa de la Universidad Aut\u00f3noma de Madrid. \u00a0 Marcos siempre ha tenido su objetivo claro: ayudar a la creaci\u00f3n de negocios financieramente sostenibles a trav\u00e9s de una herramienta de facturaci\u00f3n que les permita ahorrar tiempo y tener la contabilidad bajo control. \u00a0 Marcos De La Cueva en los medios \u2014 Noticia sobre Kit Digital y Ley Antifraude (VeriFactu) en El Economista. \u2014 Noticia sobre Kit Digital y factura electr\u00f3nica obligatoria en Diario Jur\u00eddico. \u2014 Noticia sobre el a\u00f1o de transici\u00f3n para la factura electr\u00f3nica en Muy Pymes. \u2014 Entrevista sobre factura electr\u00f3nica obligatoria en Canal Sur. \u2014 Noticia sobre el informe factura electr\u00f3nica de TeamSystem en Channel Partner. \u2014 Charla sobre productividad y Ley Crea y Crece en El Economista. \u2014 Charla sobre factura electr\u00f3nica obligatoria en Muy Pymes. \u2014 Charla sobre digitalizaci\u00f3n aut\u00f3nomos y productividad en esdiario. \u2014 Charla sobre productividad y factura electr\u00f3nica en La Raz\u00f3n. \u2014 Charla sobre factura electr\u00f3nica obligatoria en Aut\u00f3nomos y Emprendedores. \u2014 Entrevista sobre Ley Antifraude y Ley Crea y Crece en Expansi\u00f3n. \u2014 Entrevista sobre Ley Antifraude y Ley Crea y Crece en La Raz\u00f3n. \u2014 Entrevista sobre factura electr\u00f3nica obligatoria en El Economista. \u2014 Comunicado Billin y TeamSystem en Business Insider. \u2014 Entrevista en Econom\u00eda Digital. \u2014 Entrevista en Ideas para tu empresa de Vodafone. \u2014 Entrevista en M\u00e1sQradio. \u2014 Entrevista en Armas para emprender de El M\u00e9todo Gallardo. \u2014 Entrevista en KFund. \u2014 Entrevista en AXA Seguros Espa\u00f1a. \u2014 Entrevista en GestionaRadio. \u00a0 Marcos De La Cueva en eventos \u00a0 \u2014 Participaci\u00f3n como ponente en Accountex Espa\u00f1a 2023. \u00a0 Tem\u00e1ticas de especializaci\u00f3n \u00a0 negocios | startups | contabilidad| fiscalidad | empresas| asesor\u00edas| autonomos | emprendedores | peque\u00f1os negocios | econom\u00eda | ADE | pymes | desarrollo de negocio\u00a0\",\"sameAs\":[\"https:\/\/www.billin.net\/\",\"https:\/\/www.linkedin.com\/in\/marcos-de-la-cueva-19750ba3\/\"],\"url\":\"https:\/\/www.billin.net\/blog\/author\/marcosdelacueva\/\",\"jobTitle\":\"CEO y cofundador de TS Facturas Billin\"}]}<\/script>\n<!-- \/ Yoast SEO plugin. -->","yoast_head_json":{"title":"\u25b7 \u00bfSe puede ser pensionista y trabajar como aut\u00f3nomo?","description":"\u00bfSe puede trabajar despu\u00e9s de la jubilaci\u00f3n?, \u00bfse puede ser pensionista y trabajar como aut\u00f3nomo al mismo tiempo? \u27a4 Resolvemos todas tus dudas aqu\u00ed","robots":{"index":"index","follow":"follow","max-snippet":"max-snippet:-1","max-image-preview":"max-image-preview:large","max-video-preview":"max-video-preview:-1"},"canonical":"https:\/\/www.billin.net\/blog\/pensionista-autonomo-vez\/","og_locale":"es_ES","og_type":"article","og_title":"\u25b7 \u00bfSe puede ser pensionista y trabajar como aut\u00f3nomo?","og_description":"\u00bfSe puede trabajar despu\u00e9s de la jubilaci\u00f3n?, \u00bfse puede ser pensionista y trabajar como aut\u00f3nomo al mismo tiempo? \u27a4 Resolvemos todas tus dudas aqu\u00ed","og_url":"https:\/\/www.billin.net\/blog\/pensionista-autonomo-vez\/","og_site_name":"Blog de TeamSystem Facturas Billin","article_publisher":"https:\/\/www.facebook.com\/EsBillin","article_published_time":"2019-02-03T22:00:00+00:00","article_modified_time":"2025-09-25T18:52:10+00:00","og_image":[{"width":850,"height":566,"url":"https:\/\/www.billin.net\/blog\/wp-content\/uploads\/2019\/02\/pensionistas-autonomos-min.jpg","type":"image\/jpeg"}],"author":"Marcos De La Cueva - CEO TeamSystem Facturas Billin","twitter_card":"summary_large_image","twitter_creator":"@Billin_ES","twitter_site":"@Billin_ES","twitter_misc":{"Escrito por":"Marcos De La Cueva - CEO TeamSystem Facturas Billin","Tiempo de lectura":"10 minutos"},"schema":{"@context":"https:\/\/schema.org","@graph":[{"@type":"Article","@id":"https:\/\/www.billin.net\/blog\/pensionista-autonomo-vez\/#article","isPartOf":{"@id":"https:\/\/www.billin.net\/blog\/pensionista-autonomo-vez\/"},"author":{"name":"Marcos De La Cueva - CEO TeamSystem Facturas Billin","@id":"https:\/\/www.billin.net\/blog\/#\/schema\/person\/d0339ee6e869234614541b1e80a793e7"},"headline":"\u00bfSe puede ser pensionista y trabajar como aut\u00f3nomo?","datePublished":"2019-02-03T22:00:00+00:00","dateModified":"2025-09-25T18:52:10+00:00","mainEntityOfPage":{"@id":"https:\/\/www.billin.net\/blog\/pensionista-autonomo-vez\/"},"wordCount":2207,"commentCount":2,"publisher":{"@id":"https:\/\/www.billin.net\/blog\/#organization"},"image":{"@id":"https:\/\/www.billin.net\/blog\/pensionista-autonomo-vez\/#primaryimage"},"thumbnailUrl":"https:\/\/www.billin.net\/blog\/wp-content\/uploads\/2019\/02\/pensionistas-autonomos-min.jpg","keywords":["Aut\u00f3nomos"],"articleSection":["Fiscalidad"],"inLanguage":"es","potentialAction":[{"@type":"CommentAction","name":"Comment","target":["https:\/\/www.billin.net\/blog\/pensionista-autonomo-vez\/#respond"]}]},{"@type":"WebPage","@id":"https:\/\/www.billin.net\/blog\/pensionista-autonomo-vez\/","url":"https:\/\/www.billin.net\/blog\/pensionista-autonomo-vez\/","name":"\u25b7 \u00bfSe puede ser pensionista y trabajar como aut\u00f3nomo?","isPartOf":{"@id":"https:\/\/www.billin.net\/blog\/#website"},"primaryImageOfPage":{"@id":"https:\/\/www.billin.net\/blog\/pensionista-autonomo-vez\/#primaryimage"},"image":{"@id":"https:\/\/www.billin.net\/blog\/pensionista-autonomo-vez\/#primaryimage"},"thumbnailUrl":"https:\/\/www.billin.net\/blog\/wp-content\/uploads\/2019\/02\/pensionistas-autonomos-min.jpg","datePublished":"2019-02-03T22:00:00+00:00","dateModified":"2025-09-25T18:52:10+00:00","description":"\u00bfSe puede trabajar despu\u00e9s de la jubilaci\u00f3n?, \u00bfse puede ser pensionista y trabajar como aut\u00f3nomo al mismo tiempo? \u27a4 Resolvemos todas tus dudas aqu\u00ed","breadcrumb":{"@id":"https:\/\/www.billin.net\/blog\/pensionista-autonomo-vez\/#breadcrumb"},"inLanguage":"es","potentialAction":[{"@type":"ReadAction","target":["https:\/\/www.billin.net\/blog\/pensionista-autonomo-vez\/"]}]},{"@type":"ImageObject","inLanguage":"es","@id":"https:\/\/www.billin.net\/blog\/pensionista-autonomo-vez\/#primaryimage","url":"https:\/\/www.billin.net\/blog\/wp-content\/uploads\/2019\/02\/pensionistas-autonomos-min.jpg","contentUrl":"https:\/\/www.billin.net\/blog\/wp-content\/uploads\/2019\/02\/pensionistas-autonomos-min.jpg","width":850,"height":566,"caption":"se puede ser pensionista y trabajar como aut\u00f3nomo"},{"@type":"BreadcrumbList","@id":"https:\/\/www.billin.net\/blog\/pensionista-autonomo-vez\/#breadcrumb","itemListElement":[{"@type":"ListItem","position":1,"name":"Blog","item":"https:\/\/www.billin.net\/blog\/"},{"@type":"ListItem","position":2,"name":"Fiscalidad","item":"https:\/\/www.billin.net\/blog\/fiscalidad\/"},{"@type":"ListItem","position":3,"name":"\u00bfSe puede ser pensionista y trabajar como aut\u00f3nomo?"}]},{"@type":"WebSite","@id":"https:\/\/www.billin.net\/blog\/#website","url":"https:\/\/www.billin.net\/blog\/","name":"Blog de Billin","description":"Mantente informado con el blog de TeamSystem Facturas Billin:  facturaci\u00f3n, legislaci\u00f3n, contabilidad, management y toda la informaci\u00f3n \u00fatil para pymes y aut\u00f3nomos.","publisher":{"@id":"https:\/\/www.billin.net\/blog\/#organization"},"potentialAction":[{"@type":"SearchAction","target":{"@type":"EntryPoint","urlTemplate":"https:\/\/www.billin.net\/blog\/?s={search_term_string}"},"query-input":{"@type":"PropertyValueSpecification","valueRequired":true,"valueName":"search_term_string"}}],"inLanguage":"es"},{"@type":"Organization","@id":"https:\/\/www.billin.net\/blog\/#organization","name":"Billin","alternateName":"Blog de Billin","url":"https:\/\/www.billin.net\/blog\/","logo":{"@type":"ImageObject","inLanguage":"es","@id":"https:\/\/www.billin.net\/blog\/#\/schema\/logo\/image\/","url":"https:\/\/www.billin.net\/blog\/wp-content\/uploads\/2019\/06\/logotipo-billin-blog-1.png","contentUrl":"https:\/\/www.billin.net\/blog\/wp-content\/uploads\/2019\/06\/logotipo-billin-blog-1.png","width":126,"height":50,"caption":"Billin"},"image":{"@id":"https:\/\/www.billin.net\/blog\/#\/schema\/logo\/image\/"},"sameAs":["https:\/\/www.facebook.com\/EsBillin","https:\/\/x.com\/Billin_ES","https:\/\/www.instagram.com\/billin_es\/","https:\/\/www.linkedin.com\/company\/billin-spain","https:\/\/www.youtube.com\/c\/BillinEsintercambiodefacturas\/"],"legalName":"MY EXPENSES SL","contactPoint":{"@type":"ContactPoint","telephone":"+34918318883","contactType":"customer service","email":"info@billin.eu","availableLanguage":"es"},"foundingDate":"2015","numberOfEmployees":{"@type":"QuantitativeValue","minValue":10,"maxValue":50},"parentOrganization":{"@type":"Organization","name":"TeamSystem","url":"https:\/\/www.teamsystem.com\/"},"description":"Billin es el programa de facturaci\u00f3n online de TeamSystem para aut\u00f3nomos y pymes en Espa\u00f1a. Permite crear facturas, controlar gastos y cumplir con Verifactu.","address":{"@type":"PostalAddress","streetAddress":"Calle Arturo Soria, 336","addressLocality":"Madrid","addressRegion":"Madrid","postalCode":"28033","addressCountry":"ES"}},{"@type":"Person","@id":"https:\/\/www.billin.net\/blog\/#\/schema\/person\/d0339ee6e869234614541b1e80a793e7","name":"Marcos De La Cueva - CEO TeamSystem Facturas Billin","image":{"@type":"ImageObject","inLanguage":"es","@id":"https:\/\/www.billin.net\/blog\/#\/schema\/person\/image\/","url":"https:\/\/www.billin.net\/blog\/wp-content\/uploads\/2023\/10\/marcos-color-150x150.png","contentUrl":"https:\/\/www.billin.net\/blog\/wp-content\/uploads\/2023\/10\/marcos-color-150x150.png","caption":"Marcos De La Cueva - CEO TeamSystem Facturas Billin"},"description":"Licenciado en ADE por la Universidad Aut\u00f3noma de Madrid, Marcos De la Cueva es CEO y cofundador de TeamSystem Facturas Billin, un programa online que lleva m\u00e1s de 9 a\u00f1os ayudando a aut\u00f3nomos, peque\u00f1os negocios y gestor\u00edas a digitalizar sus presupuestos, facturas, tickets y gastos. \u00a0 Sobre Marcos De La Cueva \u00a0 Apasionado por el mundo empresarial y la tecnolog\u00eda, curs\u00f3 su M\u00e1ster de Finanzas en la Universidad Pontificia de Comillas y estuvo en el Programa de Cooperaci\u00f3n Educativa de la Universidad Aut\u00f3noma de Madrid. \u00a0 Marcos siempre ha tenido su objetivo claro: ayudar a la creaci\u00f3n de negocios financieramente sostenibles a trav\u00e9s de una herramienta de facturaci\u00f3n que les permita ahorrar tiempo y tener la contabilidad bajo control. \u00a0 Marcos De La Cueva en los medios \u2014 Noticia sobre Kit Digital y Ley Antifraude (VeriFactu) en El Economista. \u2014 Noticia sobre Kit Digital y factura electr\u00f3nica obligatoria en Diario Jur\u00eddico. \u2014 Noticia sobre el a\u00f1o de transici\u00f3n para la factura electr\u00f3nica en Muy Pymes. \u2014 Entrevista sobre factura electr\u00f3nica obligatoria en Canal Sur. \u2014 Noticia sobre el informe factura electr\u00f3nica de TeamSystem en Channel Partner. \u2014 Charla sobre productividad y Ley Crea y Crece en El Economista. \u2014 Charla sobre factura electr\u00f3nica obligatoria en Muy Pymes. \u2014 Charla sobre digitalizaci\u00f3n aut\u00f3nomos y productividad en esdiario. \u2014 Charla sobre productividad y factura electr\u00f3nica en La Raz\u00f3n. \u2014 Charla sobre factura electr\u00f3nica obligatoria en Aut\u00f3nomos y Emprendedores. \u2014 Entrevista sobre Ley Antifraude y Ley Crea y Crece en Expansi\u00f3n. \u2014 Entrevista sobre Ley Antifraude y Ley Crea y Crece en La Raz\u00f3n. \u2014 Entrevista sobre factura electr\u00f3nica obligatoria en El Economista. \u2014 Comunicado Billin y TeamSystem en Business Insider. \u2014 Entrevista en Econom\u00eda Digital. \u2014 Entrevista en Ideas para tu empresa de Vodafone. \u2014 Entrevista en M\u00e1sQradio. \u2014 Entrevista en Armas para emprender de El M\u00e9todo Gallardo. \u2014 Entrevista en KFund. \u2014 Entrevista en AXA Seguros Espa\u00f1a. \u2014 Entrevista en GestionaRadio. \u00a0 Marcos De La Cueva en eventos \u00a0 \u2014 Participaci\u00f3n como ponente en Accountex Espa\u00f1a 2023. \u00a0 Tem\u00e1ticas de especializaci\u00f3n \u00a0 negocios | startups | contabilidad| fiscalidad | empresas| asesor\u00edas| autonomos | emprendedores | peque\u00f1os negocios | econom\u00eda | ADE | pymes | desarrollo de negocio\u00a0","sameAs":["https:\/\/www.billin.net\/","https:\/\/www.linkedin.com\/in\/marcos-de-la-cueva-19750ba3\/"],"url":"https:\/\/www.billin.net\/blog\/author\/marcosdelacueva\/","jobTitle":"CEO y cofundador de TS Facturas Billin"}]}},"_links":{"self":[{"href":"https:\/\/www.billin.net\/blog\/wp-json\/wp\/v2\/posts\/10623","targetHints":{"allow":["GET"]}}],"collection":[{"href":"https:\/\/www.billin.net\/blog\/wp-json\/wp\/v2\/posts"}],"about":[{"href":"https:\/\/www.billin.net\/blog\/wp-json\/wp\/v2\/types\/post"}],"author":[{"embeddable":true,"href":"https:\/\/www.billin.net\/blog\/wp-json\/wp\/v2\/users\/20"}],"replies":[{"embeddable":true,"href":"https:\/\/www.billin.net\/blog\/wp-json\/wp\/v2\/comments?post=10623"}],"version-history":[{"count":9,"href":"https:\/\/www.billin.net\/blog\/wp-json\/wp\/v2\/posts\/10623\/revisions"}],"predecessor-version":[{"id":27823,"href":"https:\/\/www.billin.net\/blog\/wp-json\/wp\/v2\/posts\/10623\/revisions\/27823"}],"wp:featuredmedia":[{"embeddable":true,"href":"https:\/\/www.billin.net\/blog\/wp-json\/wp\/v2\/media\/10624"}],"wp:attachment":[{"href":"https:\/\/www.billin.net\/blog\/wp-json\/wp\/v2\/media?parent=10623"}],"wp:term":[{"taxonomy":"category","embeddable":true,"href":"https:\/\/www.billin.net\/blog\/wp-json\/wp\/v2\/categories?post=10623"},{"taxonomy":"post_tag","embeddable":true,"href":"https:\/\/www.billin.net\/blog\/wp-json\/wp\/v2\/tags?post=10623"}],"curies":[{"name":"wp","href":"https:\/\/api.w.org\/{rel}","templated":true}]}}