{"id":10616,"date":"2018-07-15T00:00:00","date_gmt":"2018-07-14T22:00:00","guid":{"rendered":"https:\/\/www.billin.net\/blog\/presupuestos-generales-estado-autonomos\/"},"modified":"2025-09-25T20:56:17","modified_gmt":"2025-09-25T18:56:17","slug":"presupuestos-generales-estado-autonomos","status":"publish","type":"post","link":"https:\/\/www.billin.net\/blog\/presupuestos-generales-estado-autonomos\/","title":{"rendered":"Presupuestos Generales del Estado Aut\u00f3nomos"},"content":{"rendered":"<p>Tras varios giros imprevistos, \u00a1por fin!, est\u00e1n aprobados los <strong>Presupuestos para el a\u00f1o 2018<\/strong>, y con ello, una serie de medidas que te contamos.<!--more--><\/p>\n<h2>Presupuestos Generales 2018<\/h2>\n<p>Las nuevas Cuentas aprobadas, entrar\u00e1n en vigor al d\u00eda siguiente de la publicaci\u00f3n en B.O.E., por lo que, <strong>se aplica la bajada del IVA cultural y la ampliaci\u00f3n en el permiso de la paternidad<\/strong>.<\/p>\n<p>Los encargados de elaborar los presupuestos son la Secretar\u00eda del Estado de Presupuestos y Gastos, formular\u00e1 los objetivos y los criterios de pol\u00edtica presupuestaria.<\/p>\n<p>Es un conjunto de documentos donde se recogen todos los<strong> gastos e ingresos p\u00fablicos previstos para el a\u00f1o<\/strong>.<\/p>\n<p>Con este presupuesto se ven los planes de ingresos y gastos para conseguir la financiaci\u00f3n necesaria, su elaboraci\u00f3n se basa en los principios de:<\/p>\n<ul>\n<li>Previsi\u00f3n<\/li>\n<li>Universalidad<\/li>\n<li>Unidad<\/li>\n<li>Especialidad<\/li>\n<li>Temporalidad<\/li>\n<li>Publicidad<\/li>\n<\/ul>\n<p>Los gastos recogidos en el Presupuesto tienen un car\u00e1cter limitativo, mientras que los ingresos ser\u00e1n previsiones, es un<strong> instrumento fundamental dentro de la pol\u00edtica econ\u00f3mica<\/strong>.<\/p>\n<p>Estos presupuestos est\u00e1n formados por:<\/p>\n<ul>\n<li>El estado y los organismos aut\u00f3nomos<\/li>\n<li>Seguridad social<\/li>\n<li>Sociedades estatales<\/li>\n<li>Entes del sector p\u00fablico: RTVE, Patrimonio Nacional.<\/li>\n<\/ul>\n<h2>Aut\u00f3nomos<\/h2>\n<h3>Cuota de aut\u00f3nomo y tarifa plana<\/h3>\n<p>Con la entrada en vigor de los Presupuestos Generales del Estado, <strong>la base m\u00ednima se ver\u00e1 incrementada en 1,4 %<\/strong> dando una cuota a ingresar de 278,87 euros, tres euros m\u00e1s que a principios de 2018 que la base estaba congelada.<\/p>\n<p>La nueva base m\u00ednima se sit\u00faa en 932,70 euros, lo que supone 13 euros m\u00e1s de cotizaci\u00f3n.<\/p>\n<p>Con respecto la base m\u00e1xima experimenta el mismo incremento.<\/p>\n<p>Se prorroga la tarifa plana asegurando a nuevos emprendedores su ampliaci\u00f3n de seis meses hasta un a\u00f1o, <strong>destinan una partida de 520 millones<\/strong>, incluyen a emprendedores situados en pueblos con menos de 5.000 habitantes podr\u00e1n tener un a\u00f1o adicional de bonificaci\u00f3n de la tarifa plana.<\/p>\n<p>Como aut\u00f3nomo y peque\u00f1o empresario, necesitas un <a href=\"https:\/\/www.billin.net\/creacion-presupuesto\/\">programa para hacer presupuestos<\/a>, TeamSystem Facturas Billin te ayuda en este aspecto.<\/p>\n<p>\u27a8\u00a0Consulta aqu\u00ed <strong><a href=\"https:\/\/www.billin.net\/blog\/como-hacer-presupuesto\/\" target=\"_blank\" rel=\"noopener noreferrer\">como hacer un presupuesto<\/a>.<\/strong><\/p>\n<h3>Cuota de aut\u00f3nomo societario<\/h3>\n<p>Con respecto los <strong>aut\u00f3nomos societarios<\/strong>, no experimentar\u00e1n subida con respecto los Presupuestos, ya que, a principios de a\u00f1o le correspondi\u00f3 una subida del 4% al igual que el Salario M\u00ednimo Interprofesional, que es la marca de la cotizaci\u00f3n del r\u00e9gimen general.<\/p>\n<h2>Pensiones y Ayudas Familiares<\/h2>\n<p>La pensi\u00f3n media de un aut\u00f3nomo que son unos 658 euros se ver\u00e1 incrementada un 3,3% m\u00e1s que en 2017, lo que dar\u00e1 una subida del 1,5% a todas las pensiones inferiores a setecientos euros aproximadamente.<\/p>\n<p>Por otro lado, las pensiones m\u00ednimas y no contributivas subir\u00e1n un 3%, un 2% para las pensiones de viudedad y el 1% para pensiones comprendidas entre 700 y 800 euros aproximadamente.<\/p>\n<p>Tambi\u00e9n hay que destacar medidas de <strong>conciliaci\u00f3n en familiar<\/strong> como son:<\/p>\n<ul>\n<li>Se aprueba un aumento del descanso de paternidad, pasando a ser de 5 semanas (hab\u00eda 4 semanas)<\/li>\n<li>Los trabajadores con hijos hasta 3 a\u00f1os podr\u00e1n desgravar al a\u00f1o hasta 1.000 euros en gasto de guarder\u00eda<\/li>\n<li>Nuevas deducciones para familias numerosas, con cuatro hijos<\/li>\n<\/ul>\n<p><img loading=\"lazy\" decoding=\"async\" class=\"aligncenter size-full wp-image-8259\" src=\"https:\/\/www.billin.net\/blog\/wp-content\/uploads\/2018\/07\/autonomos-presupuestos-estado-min.jpg\" alt=\"Presupuestos Generales del Estado 2018 Aut\u00f3nomos\" width=\"1000\" height=\"667\" srcset=\"https:\/\/www.billin.net\/blog\/wp-content\/uploads\/2018\/07\/autonomos-presupuestos-estado-min.jpg 1000w, https:\/\/www.billin.net\/blog\/wp-content\/uploads\/2018\/07\/autonomos-presupuestos-estado-min-300x200.jpg 300w, https:\/\/www.billin.net\/blog\/wp-content\/uploads\/2018\/07\/autonomos-presupuestos-estado-min-768x512.jpg 768w, https:\/\/www.billin.net\/blog\/wp-content\/uploads\/2018\/07\/autonomos-presupuestos-estado-min-600x400.jpg 600w, https:\/\/www.billin.net\/blog\/wp-content\/uploads\/2018\/07\/autonomos-presupuestos-estado-min-200x133.jpg 200w, https:\/\/www.billin.net\/blog\/wp-content\/uploads\/2018\/07\/autonomos-presupuestos-estado-min-810x540.jpg 810w\" sizes=\"(max-width: 1000px) 100vw, 1000px\" \/><\/p>\n<h2>El IVA del cine<\/h2>\n<p><strong>La bajada del IVA cultural<\/strong> ser\u00e1 inminente, pasando del 21% al 10%, con la salvedad, de que tendr\u00e1n libertad para fijar la tarifa de la entrada, por tanto, no sabemos cu\u00e1ndo el consumidor se ver\u00e1 beneficiado por esta bajada de impuestos.<\/p>\n<p>La finalidad de esta bajada no es mejorar a la empresa encargada del espect\u00e1culo, sino a <strong>beneficiar al consumidor<\/strong>.<\/p>\n<p>Esta reclamaci\u00f3n lleva realiz\u00e1ndose desde el a\u00f1o 2012, cuando se produjo la primera subida del 8% al 21%, de esta manera el IVA del cine se va a equiparar con los espect\u00e1culos como conciertos, teatros, que en el a\u00f1o 2017 ya consiguieron la rebaja al 10%.<\/p>\n<p>Seg\u00fan los datos de <strong>FECE <\/strong>(Federaci\u00f3n de Cines de Espa\u00f1a), esta bajada de IVA paralizar\u00e1 la ca\u00edda de la recaudaci\u00f3n, ya que, estas medidas se notar\u00e1n en el precio de la entrada, y, por tanto, el beneficiado ser\u00e1 el consumidor.<\/p>\n<h2>Otras novedades de los Planes Generales del Estado<\/h2>\n<ul>\n<li>Contempla un marco plurianual para la <strong>revisi\u00f3n salarial del funcionario p\u00fablico<\/strong>, para los tres pr\u00f3ximos a\u00f1os. Y se mantiene la jornada laboral de 37,50 horas semanales.<\/li>\n<li>En el caso de <strong>Fuerzas de Seguridad del Estado<\/strong>, polic\u00eda aut\u00f3nomo y local, se incrementa la tasa de reposici\u00f3n al 115%, adem\u00e1s de una equiparaci\u00f3n salarial en los tres pr\u00f3ximos a\u00f1os entre guardia civil y polic\u00eda nacional.<\/li>\n<li>Tambi\u00e9n contendr\u00e1 una subida de los <strong>valores catastrales<\/strong> de los inmuebles de 1.831 municipios que actualizar\u00e1n sus valores en 2018.<\/li>\n<\/ul>\n<p>Con un <strong>techo del gasto de 119.834 millones de euros<\/strong>, se incluyen mejoras en pensiones m\u00ednimas y de viudedad, adem\u00e1s contempla una rebaja fiscal de m\u00ednimo exento en IRPF, que subir\u00e1 de 12.000 a 14.000 para todos los contribuyentes, y una rebaja fiscal para los que ganen entre 14.000 y 17.000 euros.<\/p>\n","protected":false},"excerpt":{"rendered":"<p>Tras varios giros imprevistos, \u00a1por fin!, est\u00e1n aprobados los Presupuestos para el a\u00f1o 2018, y con ello, una serie de medidas que te contamos.<\/p>\n","protected":false},"author":20,"featured_media":8257,"comment_status":"open","ping_status":"open","sticky":false,"template":"","format":"standard","meta":{"_acf_changed":false,"_et_pb_use_builder":"","_et_pb_old_content":"","_et_gb_content_width":"","om_disable_all_campaigns":false,"inline_featured_image":false,"footnotes":""},"categories":[1014],"tags":[1380],"class_list":{"0":"post-10616","1":"post","2":"type-post","3":"status-publish","4":"format-standard","5":"has-post-thumbnail","7":"category-fiscalidad","8":"tag-autonomos"},"acf":{"selector_de_usuario":null,"fecha_de_revision":"20200515"},"yoast_head":"<!-- This site is optimized with the Yoast SEO plugin v27.1 - https:\/\/yoast.com\/product\/yoast-seo-wordpress\/ -->\n<title>Presupuestos Generales del Estado Aut\u00f3nomos - Blog de TeamSystem Facturas Billin<\/title>\n<meta name=\"description\" content=\"Las nuevas Cuentas aprobadas, entrar\u00e1n en vigor tras la publicaci\u00f3n en B.O.E. La bajada del IVA cultural y la ampliaci\u00f3n en el permiso de la paternidad.\" \/>\n<meta name=\"robots\" content=\"index, follow, max-snippet:-1, max-image-preview:large, max-video-preview:-1\" \/>\n<link rel=\"canonical\" href=\"https:\/\/www.billin.net\/blog\/presupuestos-generales-estado-autonomos\/\" \/>\n<meta property=\"og:locale\" content=\"es_ES\" \/>\n<meta property=\"og:type\" content=\"article\" \/>\n<meta property=\"og:title\" content=\"Presupuestos Generales del Estado Aut\u00f3nomos - Blog de TeamSystem Facturas Billin\" \/>\n<meta property=\"og:description\" content=\"Las nuevas Cuentas aprobadas, entrar\u00e1n en vigor tras la publicaci\u00f3n en B.O.E. La bajada del IVA cultural y la ampliaci\u00f3n en el permiso de la paternidad.\" \/>\n<meta property=\"og:url\" content=\"https:\/\/www.billin.net\/blog\/presupuestos-generales-estado-autonomos\/\" \/>\n<meta property=\"og:site_name\" content=\"Blog de TeamSystem Facturas Billin\" \/>\n<meta property=\"article:publisher\" content=\"https:\/\/www.facebook.com\/EsBillin\" \/>\n<meta property=\"article:published_time\" content=\"2018-07-14T22:00:00+00:00\" \/>\n<meta property=\"article:modified_time\" content=\"2025-09-25T18:56:17+00:00\" \/>\n<meta property=\"og:image\" content=\"https:\/\/www.billin.net\/blog\/wp-content\/uploads\/2018\/07\/presupuestos-generales-autonomos-min.jpg\" \/>\n\t<meta property=\"og:image:width\" content=\"1000\" \/>\n\t<meta property=\"og:image:height\" content=\"667\" \/>\n\t<meta property=\"og:image:type\" content=\"image\/jpeg\" \/>\n<meta name=\"author\" content=\"Marcos De La Cueva - CEO TeamSystem Facturas Billin\" \/>\n<meta name=\"twitter:card\" content=\"summary_large_image\" \/>\n<meta name=\"twitter:creator\" content=\"@Billin_ES\" \/>\n<meta name=\"twitter:site\" content=\"@Billin_ES\" \/>\n<meta name=\"twitter:label1\" content=\"Escrito por\" \/>\n\t<meta name=\"twitter:data1\" content=\"Marcos De La Cueva - CEO TeamSystem Facturas Billin\" \/>\n\t<meta name=\"twitter:label2\" content=\"Tiempo de lectura\" \/>\n\t<meta name=\"twitter:data2\" content=\"4 minutos\" \/>\n<script type=\"application\/ld+json\" class=\"yoast-schema-graph\">{\"@context\":\"https:\/\/schema.org\",\"@graph\":[{\"@type\":\"Article\",\"@id\":\"https:\/\/www.billin.net\/blog\/presupuestos-generales-estado-autonomos\/#article\",\"isPartOf\":{\"@id\":\"https:\/\/www.billin.net\/blog\/presupuestos-generales-estado-autonomos\/\"},\"author\":{\"name\":\"Marcos De La Cueva - CEO TeamSystem Facturas Billin\",\"@id\":\"https:\/\/www.billin.net\/blog\/#\/schema\/person\/d0339ee6e869234614541b1e80a793e7\"},\"headline\":\"Presupuestos Generales del Estado Aut\u00f3nomos\",\"datePublished\":\"2018-07-14T22:00:00+00:00\",\"dateModified\":\"2025-09-25T18:56:17+00:00\",\"mainEntityOfPage\":{\"@id\":\"https:\/\/www.billin.net\/blog\/presupuestos-generales-estado-autonomos\/\"},\"wordCount\":841,\"commentCount\":0,\"publisher\":{\"@id\":\"https:\/\/www.billin.net\/blog\/#organization\"},\"image\":{\"@id\":\"https:\/\/www.billin.net\/blog\/presupuestos-generales-estado-autonomos\/#primaryimage\"},\"thumbnailUrl\":\"https:\/\/www.billin.net\/blog\/wp-content\/uploads\/2018\/07\/presupuestos-generales-autonomos-min.jpg\",\"keywords\":[\"Aut\u00f3nomos\"],\"articleSection\":[\"Fiscalidad\"],\"inLanguage\":\"es\",\"potentialAction\":[{\"@type\":\"CommentAction\",\"name\":\"Comment\",\"target\":[\"https:\/\/www.billin.net\/blog\/presupuestos-generales-estado-autonomos\/#respond\"]}]},{\"@type\":\"WebPage\",\"@id\":\"https:\/\/www.billin.net\/blog\/presupuestos-generales-estado-autonomos\/\",\"url\":\"https:\/\/www.billin.net\/blog\/presupuestos-generales-estado-autonomos\/\",\"name\":\"Presupuestos Generales del Estado Aut\u00f3nomos - Blog de TeamSystem Facturas Billin\",\"isPartOf\":{\"@id\":\"https:\/\/www.billin.net\/blog\/#website\"},\"primaryImageOfPage\":{\"@id\":\"https:\/\/www.billin.net\/blog\/presupuestos-generales-estado-autonomos\/#primaryimage\"},\"image\":{\"@id\":\"https:\/\/www.billin.net\/blog\/presupuestos-generales-estado-autonomos\/#primaryimage\"},\"thumbnailUrl\":\"https:\/\/www.billin.net\/blog\/wp-content\/uploads\/2018\/07\/presupuestos-generales-autonomos-min.jpg\",\"datePublished\":\"2018-07-14T22:00:00+00:00\",\"dateModified\":\"2025-09-25T18:56:17+00:00\",\"description\":\"Las nuevas Cuentas aprobadas, entrar\u00e1n en vigor tras la publicaci\u00f3n en B.O.E. La bajada del IVA cultural y la ampliaci\u00f3n en el permiso de la paternidad.\",\"breadcrumb\":{\"@id\":\"https:\/\/www.billin.net\/blog\/presupuestos-generales-estado-autonomos\/#breadcrumb\"},\"inLanguage\":\"es\",\"potentialAction\":[{\"@type\":\"ReadAction\",\"target\":[\"https:\/\/www.billin.net\/blog\/presupuestos-generales-estado-autonomos\/\"]}]},{\"@type\":\"ImageObject\",\"inLanguage\":\"es\",\"@id\":\"https:\/\/www.billin.net\/blog\/presupuestos-generales-estado-autonomos\/#primaryimage\",\"url\":\"https:\/\/www.billin.net\/blog\/wp-content\/uploads\/2018\/07\/presupuestos-generales-autonomos-min.jpg\",\"contentUrl\":\"https:\/\/www.billin.net\/blog\/wp-content\/uploads\/2018\/07\/presupuestos-generales-autonomos-min.jpg\",\"width\":1000,\"height\":667,\"caption\":\"Presupuestos Generales del Estado 2018 Aut\u00f3nomos\"},{\"@type\":\"BreadcrumbList\",\"@id\":\"https:\/\/www.billin.net\/blog\/presupuestos-generales-estado-autonomos\/#breadcrumb\",\"itemListElement\":[{\"@type\":\"ListItem\",\"position\":1,\"name\":\"Blog\",\"item\":\"https:\/\/www.billin.net\/blog\/\"},{\"@type\":\"ListItem\",\"position\":2,\"name\":\"Fiscalidad\",\"item\":\"https:\/\/www.billin.net\/blog\/fiscalidad\/\"},{\"@type\":\"ListItem\",\"position\":3,\"name\":\"Presupuestos Generales del Estado Aut\u00f3nomos\"}]},{\"@type\":\"WebSite\",\"@id\":\"https:\/\/www.billin.net\/blog\/#website\",\"url\":\"https:\/\/www.billin.net\/blog\/\",\"name\":\"Blog de Billin\",\"description\":\"Mantente informado con el blog de TeamSystem Facturas Billin:  facturaci\u00f3n, legislaci\u00f3n, contabilidad, management y toda la informaci\u00f3n \u00fatil para pymes y aut\u00f3nomos.\",\"publisher\":{\"@id\":\"https:\/\/www.billin.net\/blog\/#organization\"},\"potentialAction\":[{\"@type\":\"SearchAction\",\"target\":{\"@type\":\"EntryPoint\",\"urlTemplate\":\"https:\/\/www.billin.net\/blog\/?s={search_term_string}\"},\"query-input\":{\"@type\":\"PropertyValueSpecification\",\"valueRequired\":true,\"valueName\":\"search_term_string\"}}],\"inLanguage\":\"es\"},{\"@type\":\"Organization\",\"@id\":\"https:\/\/www.billin.net\/blog\/#organization\",\"name\":\"Billin\",\"alternateName\":\"Blog de Billin\",\"url\":\"https:\/\/www.billin.net\/blog\/\",\"logo\":{\"@type\":\"ImageObject\",\"inLanguage\":\"es\",\"@id\":\"https:\/\/www.billin.net\/blog\/#\/schema\/logo\/image\/\",\"url\":\"https:\/\/www.billin.net\/blog\/wp-content\/uploads\/2019\/06\/logotipo-billin-blog-1.png\",\"contentUrl\":\"https:\/\/www.billin.net\/blog\/wp-content\/uploads\/2019\/06\/logotipo-billin-blog-1.png\",\"width\":126,\"height\":50,\"caption\":\"Billin\"},\"image\":{\"@id\":\"https:\/\/www.billin.net\/blog\/#\/schema\/logo\/image\/\"},\"sameAs\":[\"https:\/\/www.facebook.com\/EsBillin\",\"https:\/\/x.com\/Billin_ES\",\"https:\/\/www.instagram.com\/billin_es\/\",\"https:\/\/www.linkedin.com\/company\/billin-spain\",\"https:\/\/www.youtube.com\/c\/BillinEsintercambiodefacturas\/\"],\"legalName\":\"MY EXPENSES SL\",\"contactPoint\":{\"@type\":\"ContactPoint\",\"telephone\":\"+34918318883\",\"contactType\":\"customer service\",\"email\":\"info@billin.eu\",\"availableLanguage\":\"es\"},\"foundingDate\":\"2015\",\"numberOfEmployees\":{\"@type\":\"QuantitativeValue\",\"minValue\":10,\"maxValue\":50},\"parentOrganization\":{\"@type\":\"Organization\",\"name\":\"TeamSystem\",\"url\":\"https:\/\/www.teamsystem.com\/\"},\"description\":\"Billin es el programa de facturaci\u00f3n online de TeamSystem para aut\u00f3nomos y pymes en Espa\u00f1a. Permite crear facturas, controlar gastos y cumplir con Verifactu.\",\"address\":{\"@type\":\"PostalAddress\",\"streetAddress\":\"Calle Arturo Soria, 336\",\"addressLocality\":\"Madrid\",\"addressRegion\":\"Madrid\",\"postalCode\":\"28033\",\"addressCountry\":\"ES\"}},{\"@type\":\"Person\",\"@id\":\"https:\/\/www.billin.net\/blog\/#\/schema\/person\/d0339ee6e869234614541b1e80a793e7\",\"name\":\"Marcos De La Cueva - CEO TeamSystem Facturas Billin\",\"image\":{\"@type\":\"ImageObject\",\"inLanguage\":\"es\",\"@id\":\"https:\/\/www.billin.net\/blog\/#\/schema\/person\/image\/\",\"url\":\"https:\/\/www.billin.net\/blog\/wp-content\/uploads\/2023\/10\/marcos-color-150x150.png\",\"contentUrl\":\"https:\/\/www.billin.net\/blog\/wp-content\/uploads\/2023\/10\/marcos-color-150x150.png\",\"caption\":\"Marcos De La Cueva - CEO TeamSystem Facturas Billin\"},\"description\":\"Licenciado en ADE por la Universidad Aut\u00f3noma de Madrid, Marcos De la Cueva es CEO y cofundador de TeamSystem Facturas Billin, un programa online que lleva m\u00e1s de 9 a\u00f1os ayudando a aut\u00f3nomos, peque\u00f1os negocios y gestor\u00edas a digitalizar sus presupuestos, facturas, tickets y gastos. \u00a0 Sobre Marcos De La Cueva \u00a0 Apasionado por el mundo empresarial y la tecnolog\u00eda, curs\u00f3 su M\u00e1ster de Finanzas en la Universidad Pontificia de Comillas y estuvo en el Programa de Cooperaci\u00f3n Educativa de la Universidad Aut\u00f3noma de Madrid. \u00a0 Marcos siempre ha tenido su objetivo claro: ayudar a la creaci\u00f3n de negocios financieramente sostenibles a trav\u00e9s de una herramienta de facturaci\u00f3n que les permita ahorrar tiempo y tener la contabilidad bajo control. \u00a0 Marcos De La Cueva en los medios \u2014 Noticia sobre Kit Digital y Ley Antifraude (VeriFactu) en El Economista. \u2014 Noticia sobre Kit Digital y factura electr\u00f3nica obligatoria en Diario Jur\u00eddico. \u2014 Noticia sobre el a\u00f1o de transici\u00f3n para la factura electr\u00f3nica en Muy Pymes. \u2014 Entrevista sobre factura electr\u00f3nica obligatoria en Canal Sur. \u2014 Noticia sobre el informe factura electr\u00f3nica de TeamSystem en Channel Partner. \u2014 Charla sobre productividad y Ley Crea y Crece en El Economista. \u2014 Charla sobre factura electr\u00f3nica obligatoria en Muy Pymes. \u2014 Charla sobre digitalizaci\u00f3n aut\u00f3nomos y productividad en esdiario. \u2014 Charla sobre productividad y factura electr\u00f3nica en La Raz\u00f3n. \u2014 Charla sobre factura electr\u00f3nica obligatoria en Aut\u00f3nomos y Emprendedores. \u2014 Entrevista sobre Ley Antifraude y Ley Crea y Crece en Expansi\u00f3n. \u2014 Entrevista sobre Ley Antifraude y Ley Crea y Crece en La Raz\u00f3n. \u2014 Entrevista sobre factura electr\u00f3nica obligatoria en El Economista. \u2014 Comunicado Billin y TeamSystem en Business Insider. \u2014 Entrevista en Econom\u00eda Digital. \u2014 Entrevista en Ideas para tu empresa de Vodafone. \u2014 Entrevista en M\u00e1sQradio. \u2014 Entrevista en Armas para emprender de El M\u00e9todo Gallardo. \u2014 Entrevista en KFund. \u2014 Entrevista en AXA Seguros Espa\u00f1a. \u2014 Entrevista en GestionaRadio. \u00a0 Marcos De La Cueva en eventos \u00a0 \u2014 Participaci\u00f3n como ponente en Accountex Espa\u00f1a 2023. \u00a0 Tem\u00e1ticas de especializaci\u00f3n \u00a0 negocios | startups | contabilidad| fiscalidad | empresas| asesor\u00edas| autonomos | emprendedores | peque\u00f1os negocios | econom\u00eda | ADE | pymes | desarrollo de negocio\u00a0\",\"sameAs\":[\"https:\/\/www.billin.net\/\",\"https:\/\/www.linkedin.com\/in\/marcos-de-la-cueva-19750ba3\/\"],\"url\":\"https:\/\/www.billin.net\/blog\/author\/marcosdelacueva\/\",\"jobTitle\":\"CEO y cofundador de TS Facturas Billin\"}]}<\/script>\n<!-- \/ Yoast SEO plugin. -->","yoast_head_json":{"title":"Presupuestos Generales del Estado Aut\u00f3nomos - Blog de TeamSystem Facturas Billin","description":"Las nuevas Cuentas aprobadas, entrar\u00e1n en vigor tras la publicaci\u00f3n en B.O.E. La bajada del IVA cultural y la ampliaci\u00f3n en el permiso de la paternidad.","robots":{"index":"index","follow":"follow","max-snippet":"max-snippet:-1","max-image-preview":"max-image-preview:large","max-video-preview":"max-video-preview:-1"},"canonical":"https:\/\/www.billin.net\/blog\/presupuestos-generales-estado-autonomos\/","og_locale":"es_ES","og_type":"article","og_title":"Presupuestos Generales del Estado Aut\u00f3nomos - Blog de TeamSystem Facturas Billin","og_description":"Las nuevas Cuentas aprobadas, entrar\u00e1n en vigor tras la publicaci\u00f3n en B.O.E. La bajada del IVA cultural y la ampliaci\u00f3n en el permiso de la paternidad.","og_url":"https:\/\/www.billin.net\/blog\/presupuestos-generales-estado-autonomos\/","og_site_name":"Blog de TeamSystem Facturas Billin","article_publisher":"https:\/\/www.facebook.com\/EsBillin","article_published_time":"2018-07-14T22:00:00+00:00","article_modified_time":"2025-09-25T18:56:17+00:00","og_image":[{"width":1000,"height":667,"url":"https:\/\/www.billin.net\/blog\/wp-content\/uploads\/2018\/07\/presupuestos-generales-autonomos-min.jpg","type":"image\/jpeg"}],"author":"Marcos De La Cueva - CEO TeamSystem Facturas Billin","twitter_card":"summary_large_image","twitter_creator":"@Billin_ES","twitter_site":"@Billin_ES","twitter_misc":{"Escrito por":"Marcos De La Cueva - CEO TeamSystem Facturas Billin","Tiempo de lectura":"4 minutos"},"schema":{"@context":"https:\/\/schema.org","@graph":[{"@type":"Article","@id":"https:\/\/www.billin.net\/blog\/presupuestos-generales-estado-autonomos\/#article","isPartOf":{"@id":"https:\/\/www.billin.net\/blog\/presupuestos-generales-estado-autonomos\/"},"author":{"name":"Marcos De La Cueva - CEO TeamSystem Facturas Billin","@id":"https:\/\/www.billin.net\/blog\/#\/schema\/person\/d0339ee6e869234614541b1e80a793e7"},"headline":"Presupuestos Generales del Estado Aut\u00f3nomos","datePublished":"2018-07-14T22:00:00+00:00","dateModified":"2025-09-25T18:56:17+00:00","mainEntityOfPage":{"@id":"https:\/\/www.billin.net\/blog\/presupuestos-generales-estado-autonomos\/"},"wordCount":841,"commentCount":0,"publisher":{"@id":"https:\/\/www.billin.net\/blog\/#organization"},"image":{"@id":"https:\/\/www.billin.net\/blog\/presupuestos-generales-estado-autonomos\/#primaryimage"},"thumbnailUrl":"https:\/\/www.billin.net\/blog\/wp-content\/uploads\/2018\/07\/presupuestos-generales-autonomos-min.jpg","keywords":["Aut\u00f3nomos"],"articleSection":["Fiscalidad"],"inLanguage":"es","potentialAction":[{"@type":"CommentAction","name":"Comment","target":["https:\/\/www.billin.net\/blog\/presupuestos-generales-estado-autonomos\/#respond"]}]},{"@type":"WebPage","@id":"https:\/\/www.billin.net\/blog\/presupuestos-generales-estado-autonomos\/","url":"https:\/\/www.billin.net\/blog\/presupuestos-generales-estado-autonomos\/","name":"Presupuestos Generales del Estado Aut\u00f3nomos - Blog de TeamSystem Facturas Billin","isPartOf":{"@id":"https:\/\/www.billin.net\/blog\/#website"},"primaryImageOfPage":{"@id":"https:\/\/www.billin.net\/blog\/presupuestos-generales-estado-autonomos\/#primaryimage"},"image":{"@id":"https:\/\/www.billin.net\/blog\/presupuestos-generales-estado-autonomos\/#primaryimage"},"thumbnailUrl":"https:\/\/www.billin.net\/blog\/wp-content\/uploads\/2018\/07\/presupuestos-generales-autonomos-min.jpg","datePublished":"2018-07-14T22:00:00+00:00","dateModified":"2025-09-25T18:56:17+00:00","description":"Las nuevas Cuentas aprobadas, entrar\u00e1n en vigor tras la publicaci\u00f3n en B.O.E. La bajada del IVA cultural y la ampliaci\u00f3n en el permiso de la paternidad.","breadcrumb":{"@id":"https:\/\/www.billin.net\/blog\/presupuestos-generales-estado-autonomos\/#breadcrumb"},"inLanguage":"es","potentialAction":[{"@type":"ReadAction","target":["https:\/\/www.billin.net\/blog\/presupuestos-generales-estado-autonomos\/"]}]},{"@type":"ImageObject","inLanguage":"es","@id":"https:\/\/www.billin.net\/blog\/presupuestos-generales-estado-autonomos\/#primaryimage","url":"https:\/\/www.billin.net\/blog\/wp-content\/uploads\/2018\/07\/presupuestos-generales-autonomos-min.jpg","contentUrl":"https:\/\/www.billin.net\/blog\/wp-content\/uploads\/2018\/07\/presupuestos-generales-autonomos-min.jpg","width":1000,"height":667,"caption":"Presupuestos Generales del Estado 2018 Aut\u00f3nomos"},{"@type":"BreadcrumbList","@id":"https:\/\/www.billin.net\/blog\/presupuestos-generales-estado-autonomos\/#breadcrumb","itemListElement":[{"@type":"ListItem","position":1,"name":"Blog","item":"https:\/\/www.billin.net\/blog\/"},{"@type":"ListItem","position":2,"name":"Fiscalidad","item":"https:\/\/www.billin.net\/blog\/fiscalidad\/"},{"@type":"ListItem","position":3,"name":"Presupuestos Generales del Estado Aut\u00f3nomos"}]},{"@type":"WebSite","@id":"https:\/\/www.billin.net\/blog\/#website","url":"https:\/\/www.billin.net\/blog\/","name":"Blog de Billin","description":"Mantente informado con el blog de TeamSystem Facturas Billin:  facturaci\u00f3n, legislaci\u00f3n, contabilidad, management y toda la informaci\u00f3n \u00fatil para pymes y aut\u00f3nomos.","publisher":{"@id":"https:\/\/www.billin.net\/blog\/#organization"},"potentialAction":[{"@type":"SearchAction","target":{"@type":"EntryPoint","urlTemplate":"https:\/\/www.billin.net\/blog\/?s={search_term_string}"},"query-input":{"@type":"PropertyValueSpecification","valueRequired":true,"valueName":"search_term_string"}}],"inLanguage":"es"},{"@type":"Organization","@id":"https:\/\/www.billin.net\/blog\/#organization","name":"Billin","alternateName":"Blog de Billin","url":"https:\/\/www.billin.net\/blog\/","logo":{"@type":"ImageObject","inLanguage":"es","@id":"https:\/\/www.billin.net\/blog\/#\/schema\/logo\/image\/","url":"https:\/\/www.billin.net\/blog\/wp-content\/uploads\/2019\/06\/logotipo-billin-blog-1.png","contentUrl":"https:\/\/www.billin.net\/blog\/wp-content\/uploads\/2019\/06\/logotipo-billin-blog-1.png","width":126,"height":50,"caption":"Billin"},"image":{"@id":"https:\/\/www.billin.net\/blog\/#\/schema\/logo\/image\/"},"sameAs":["https:\/\/www.facebook.com\/EsBillin","https:\/\/x.com\/Billin_ES","https:\/\/www.instagram.com\/billin_es\/","https:\/\/www.linkedin.com\/company\/billin-spain","https:\/\/www.youtube.com\/c\/BillinEsintercambiodefacturas\/"],"legalName":"MY EXPENSES SL","contactPoint":{"@type":"ContactPoint","telephone":"+34918318883","contactType":"customer service","email":"info@billin.eu","availableLanguage":"es"},"foundingDate":"2015","numberOfEmployees":{"@type":"QuantitativeValue","minValue":10,"maxValue":50},"parentOrganization":{"@type":"Organization","name":"TeamSystem","url":"https:\/\/www.teamsystem.com\/"},"description":"Billin es el programa de facturaci\u00f3n online de TeamSystem para aut\u00f3nomos y pymes en Espa\u00f1a. Permite crear facturas, controlar gastos y cumplir con Verifactu.","address":{"@type":"PostalAddress","streetAddress":"Calle Arturo Soria, 336","addressLocality":"Madrid","addressRegion":"Madrid","postalCode":"28033","addressCountry":"ES"}},{"@type":"Person","@id":"https:\/\/www.billin.net\/blog\/#\/schema\/person\/d0339ee6e869234614541b1e80a793e7","name":"Marcos De La Cueva - CEO TeamSystem Facturas Billin","image":{"@type":"ImageObject","inLanguage":"es","@id":"https:\/\/www.billin.net\/blog\/#\/schema\/person\/image\/","url":"https:\/\/www.billin.net\/blog\/wp-content\/uploads\/2023\/10\/marcos-color-150x150.png","contentUrl":"https:\/\/www.billin.net\/blog\/wp-content\/uploads\/2023\/10\/marcos-color-150x150.png","caption":"Marcos De La Cueva - CEO TeamSystem Facturas Billin"},"description":"Licenciado en ADE por la Universidad Aut\u00f3noma de Madrid, Marcos De la Cueva es CEO y cofundador de TeamSystem Facturas Billin, un programa online que lleva m\u00e1s de 9 a\u00f1os ayudando a aut\u00f3nomos, peque\u00f1os negocios y gestor\u00edas a digitalizar sus presupuestos, facturas, tickets y gastos. \u00a0 Sobre Marcos De La Cueva \u00a0 Apasionado por el mundo empresarial y la tecnolog\u00eda, curs\u00f3 su M\u00e1ster de Finanzas en la Universidad Pontificia de Comillas y estuvo en el Programa de Cooperaci\u00f3n Educativa de la Universidad Aut\u00f3noma de Madrid. \u00a0 Marcos siempre ha tenido su objetivo claro: ayudar a la creaci\u00f3n de negocios financieramente sostenibles a trav\u00e9s de una herramienta de facturaci\u00f3n que les permita ahorrar tiempo y tener la contabilidad bajo control. \u00a0 Marcos De La Cueva en los medios \u2014 Noticia sobre Kit Digital y Ley Antifraude (VeriFactu) en El Economista. \u2014 Noticia sobre Kit Digital y factura electr\u00f3nica obligatoria en Diario Jur\u00eddico. \u2014 Noticia sobre el a\u00f1o de transici\u00f3n para la factura electr\u00f3nica en Muy Pymes. \u2014 Entrevista sobre factura electr\u00f3nica obligatoria en Canal Sur. \u2014 Noticia sobre el informe factura electr\u00f3nica de TeamSystem en Channel Partner. \u2014 Charla sobre productividad y Ley Crea y Crece en El Economista. \u2014 Charla sobre factura electr\u00f3nica obligatoria en Muy Pymes. \u2014 Charla sobre digitalizaci\u00f3n aut\u00f3nomos y productividad en esdiario. \u2014 Charla sobre productividad y factura electr\u00f3nica en La Raz\u00f3n. \u2014 Charla sobre factura electr\u00f3nica obligatoria en Aut\u00f3nomos y Emprendedores. \u2014 Entrevista sobre Ley Antifraude y Ley Crea y Crece en Expansi\u00f3n. \u2014 Entrevista sobre Ley Antifraude y Ley Crea y Crece en La Raz\u00f3n. \u2014 Entrevista sobre factura electr\u00f3nica obligatoria en El Economista. \u2014 Comunicado Billin y TeamSystem en Business Insider. \u2014 Entrevista en Econom\u00eda Digital. \u2014 Entrevista en Ideas para tu empresa de Vodafone. \u2014 Entrevista en M\u00e1sQradio. \u2014 Entrevista en Armas para emprender de El M\u00e9todo Gallardo. \u2014 Entrevista en KFund. \u2014 Entrevista en AXA Seguros Espa\u00f1a. \u2014 Entrevista en GestionaRadio. \u00a0 Marcos De La Cueva en eventos \u00a0 \u2014 Participaci\u00f3n como ponente en Accountex Espa\u00f1a 2023. \u00a0 Tem\u00e1ticas de especializaci\u00f3n \u00a0 negocios | startups | contabilidad| fiscalidad | empresas| asesor\u00edas| autonomos | emprendedores | peque\u00f1os negocios | econom\u00eda | ADE | pymes | desarrollo de negocio\u00a0","sameAs":["https:\/\/www.billin.net\/","https:\/\/www.linkedin.com\/in\/marcos-de-la-cueva-19750ba3\/"],"url":"https:\/\/www.billin.net\/blog\/author\/marcosdelacueva\/","jobTitle":"CEO y cofundador de TS Facturas Billin"}]}},"_links":{"self":[{"href":"https:\/\/www.billin.net\/blog\/wp-json\/wp\/v2\/posts\/10616","targetHints":{"allow":["GET"]}}],"collection":[{"href":"https:\/\/www.billin.net\/blog\/wp-json\/wp\/v2\/posts"}],"about":[{"href":"https:\/\/www.billin.net\/blog\/wp-json\/wp\/v2\/types\/post"}],"author":[{"embeddable":true,"href":"https:\/\/www.billin.net\/blog\/wp-json\/wp\/v2\/users\/20"}],"replies":[{"embeddable":true,"href":"https:\/\/www.billin.net\/blog\/wp-json\/wp\/v2\/comments?post=10616"}],"version-history":[{"count":10,"href":"https:\/\/www.billin.net\/blog\/wp-json\/wp\/v2\/posts\/10616\/revisions"}],"predecessor-version":[{"id":27852,"href":"https:\/\/www.billin.net\/blog\/wp-json\/wp\/v2\/posts\/10616\/revisions\/27852"}],"wp:featuredmedia":[{"embeddable":true,"href":"https:\/\/www.billin.net\/blog\/wp-json\/wp\/v2\/media\/8257"}],"wp:attachment":[{"href":"https:\/\/www.billin.net\/blog\/wp-json\/wp\/v2\/media?parent=10616"}],"wp:term":[{"taxonomy":"category","embeddable":true,"href":"https:\/\/www.billin.net\/blog\/wp-json\/wp\/v2\/categories?post=10616"},{"taxonomy":"post_tag","embeddable":true,"href":"https:\/\/www.billin.net\/blog\/wp-json\/wp\/v2\/tags?post=10616"}],"curies":[{"name":"wp","href":"https:\/\/api.w.org\/{rel}","templated":true}]}}