{"id":10595,"date":"2018-06-21T00:00:00","date_gmt":"2018-06-20T22:00:00","guid":{"rendered":"https:\/\/www.billin.net\/blog\/trabajar-ue-autonomo\/"},"modified":"2025-09-25T20:56:59","modified_gmt":"2025-09-25T18:56:59","slug":"trabajar-ue-autonomo","status":"publish","type":"post","link":"https:\/\/www.billin.net\/blog\/trabajar-ue-autonomo\/","title":{"rendered":"\u00bfPuedo trabajar en la UE como aut\u00f3nomo?"},"content":{"rendered":"<p>\u00bfTienes alguna <strong>oferta de empleo de alg\u00fan pa\u00eds de la Uni\u00f3n Europea<\/strong>?, lee este art\u00edculo, porque te explicamos c\u00f3mo hacerlo, adem\u00e1s de informarte sobre tu afiliaci\u00f3n y cotizaci\u00f3n.<!--more--><\/p>\n<h2>Aut\u00f3nomo establecido en Espa\u00f1a<\/h2>\n<p>Todos los trabajadores por cuenta propia tienen libertad para su establecimiento y&nbsp; una libre prestaci\u00f3n de servicios, por ello, los aut\u00f3nomos legalmente establecidos en Espa\u00f1a pueden realizar tareas profesionales en pa\u00edses de la UE sin permiso expl\u00edcito.<\/p>\n<p>Hay un m\u00e1ximo de dos a\u00f1os, en los que el aut\u00f3nomo puede trabajar en otro estado de la UE, manteniendo la cobertura de la seguridad social espa\u00f1ola.<\/p>\n<p>En el caso que tuviese previsto estar una temporada superior a dos a\u00f1os, se aconseja, instalarse en el estado miembro, ya que, sin duda, ser\u00e1 m\u00e1s ventajoso.<\/p>\n<p>Veamos una consulta habitual para tener un mejor entendimiento:<\/p>\n<ul>\n<li><strong>Mi consulta es la siguiente<\/strong>:<\/li>\n<\/ul>\n<p><em>\u00abTengo una hija en el paro y le han propuesto un trabajo de forma aut\u00f3noma e independiente (contrato mercantil) como t\u00e9cnica de mantenimiento de equipos inform\u00e1ticos para una empresa de Portugal, a la cual, tendr\u00e1 que desplazarse de forma regular cada mes.<\/em><br \/>\n<em> \u00bfLas facturas que emita a cargo de la empresa portuguesa debe llevar IVA o no? y \u00bfQu\u00e9 pasa en caso de sufrir un accidente laboral mientras se est\u00e1 desplazando? \u00bfme cubre el seguro espa\u00f1ol?\u00bb<\/em><\/p>\n<ul>\n<li><strong>Respuesta<\/strong>:<\/li>\n<\/ul>\n<p>Si su hija tiene la residencia aqu\u00ed en Espa\u00f1a, y no tiene un establecimiento permanente en Francia, deber\u00e1 emitir su factura sin IVA como entrega intracomunitaria, y la empresa portuguesa, se auto-repercutir\u00e1 el IVA.<\/p>\n<p>Antes de esto, por supuesto, habr\u00eda que darse de alta en Hacienda con el Modelo 036 o 037 indicando el IAE que nos corresponde y en el Registro de Operadores Intracomunitarios, para posteriormente, presentar el alta de aut\u00f3nomo.<\/p>\n<p>Si eres un trabajador desplazado, en caso de accidente, el seguro m\u00e9dico de Espa\u00f1a te cubrir\u00e1 con un m\u00e1ximo de dos a\u00f1os.<\/p>\n<p><img loading=\"lazy\" decoding=\"async\" class=\"aligncenter size-full wp-image-7517\" src=\"https:\/\/www.billin.net\/blog\/wp-content\/uploads\/2018\/06\/trabajar-autonomo-europa-min.jpg\" alt=\"\" width=\"1000\" height=\"667\" srcset=\"https:\/\/www.billin.net\/blog\/wp-content\/uploads\/2018\/06\/trabajar-autonomo-europa-min.jpg 1000w, https:\/\/www.billin.net\/blog\/wp-content\/uploads\/2018\/06\/trabajar-autonomo-europa-min-300x200.jpg 300w, https:\/\/www.billin.net\/blog\/wp-content\/uploads\/2018\/06\/trabajar-autonomo-europa-min-768x512.jpg 768w, https:\/\/www.billin.net\/blog\/wp-content\/uploads\/2018\/06\/trabajar-autonomo-europa-min-600x400.jpg 600w, https:\/\/www.billin.net\/blog\/wp-content\/uploads\/2018\/06\/trabajar-autonomo-europa-min-200x133.jpg 200w, https:\/\/www.billin.net\/blog\/wp-content\/uploads\/2018\/06\/trabajar-autonomo-europa-min-810x540.jpg 810w\" sizes=\"(max-width: 1000px) 100vw, 1000px\" \/><\/p>\n<h2>Tr\u00e1mites del aut\u00f3nomo antes de desplazarse a la UE<\/h2>\n<ul>\n<li><strong>Desplazamiento inicial<\/strong>: este tr\u00e1mite es el mismo tanto para trabajadores por cuenta ajena como propia, independientemente del R\u00e9gimen que est\u00e9n.<\/li>\n<\/ul>\n<p>Se efectuar\u00e1 cuando se prevea que el desplazamiento ser\u00e1 inferior a un a\u00f1o, si se supiese que la duraci\u00f3n ser\u00e1 m\u00e1s de un a\u00f1o, hay que comunicarlos de otra manera (otras pr\u00f3rrogas).<\/p>\n<p>Tanto la empresa como el trabajador tendr\u00e1n que rellenar el formulario <a href=\"http:\/\/www.seg-social.es\/prdi00\/groups\/public\/documents\/binario\/51664.pdf\">Modelo TA300<\/a> \u201cSolicitud de informaci\u00f3n sobre la legislaci\u00f3n de Seguridad Social aplicable.<\/p>\n<p>Posteriormente, la Seguridad Social te expender\u00e1 un Certificado E-101 donde se acredita que el trabajador seguir\u00e1 sometido a la legislaci\u00f3n espa\u00f1ola y as\u00ed estar\u00e1 exento de cotizar en el pa\u00eds miembro.<\/p>\n<p>Adem\u00e1s de este formulario, deber\u00e1 tener la Tarjeta Sanitaria Europea, en vigor, para poder recibir asistencia sanitaria.<\/p>\n<p>Este periodo no ser\u00e1 superior a un a\u00f1o.<\/p>\n<ul>\n<li><strong>Pr\u00f3rroga ordinaria<\/strong>: una vez transcurrido el periodo inicial de doce meses, si el trabajador contin\u00faa trabajando en el pa\u00eds miembro, deber\u00e1 solicitar la pr\u00f3rroga del mantenimiento de la legislaci\u00f3n espa\u00f1ola de la seguridad social.<\/li>\n<\/ul>\n<p>Presentar\u00e1 el formulario E-102 \u201cPr\u00f3rroga de desplazamiento o de actividad no asalariada\u201d, y tendr\u00e1 que remitirlo a la Tesorer\u00eda General de la Seguridad Social (TGSS) o a la Instituci\u00f3n designada del pa\u00eds de empleo. La cual, responder\u00e1 con la conformidad por escrito de dicha pr\u00f3rroga, envi\u00e1ndola al aut\u00f3nomo y a la TGSS.<\/p>\n<p>Tambi\u00e9n deber\u00e1 tener la Tarjeta Sanitaria Europea en vigor, y est\u00e1 pr\u00f3rroga no podr\u00e1 ser superior a doce meses.<\/p>\n<ul>\n<li><strong>Otras pr\u00f3rrogas: <\/strong>esta situaci\u00f3n se da cuando desde el principio sabemos que la duraci\u00f3n del trabajo ser\u00e1 superior a 12 meses, o cuando pasado el desplazamiento inicial, preveamos una duraci\u00f3n superior a un a\u00f1o.<\/li>\n<\/ul>\n<p>Este tipo de pr\u00f3rrogas se dirigen a la Subdirecci\u00f3n General de Afiliaci\u00f3n, Cotizaci\u00f3n y Gesti\u00f3n del Sistema Red de la TGSS.<\/p>\n<p>Se presentar\u00e1 el formulario TA300, en caso de que el desplazamiento fuera a Francia habr\u00eda que adjuntar un cuestionario que solicita el Organismo Competente de ese pa\u00eds para efectuar el tr\u00e1mite.<\/p>\n<p>Una vez emitida la conformidad de la seguridad social de ese pa\u00eds, la Subdirecci\u00f3n General de Afiliaci\u00f3n emitir\u00e1 el certificado E-101 que acreditar\u00e1 la continuidad del trabajador a la legislaci\u00f3n de la seguridad social espa\u00f1ola.<\/p>\n<p>Al igual que los anteriores, el aut\u00f3nomo debe tener en vigor la Tarjeta Sanitaria Europea.<\/p>\n<p>Aunque no hay un l\u00edmite establecido, como norma general, este periodo no puede superar 5 a\u00f1os, teniendo en cuenta los desplazamientos iniciales y la pr\u00f3rroga ordinaria.<\/p>\n<p><img loading=\"lazy\" decoding=\"async\" class=\"aligncenter size-full wp-image-7518\" src=\"https:\/\/www.billin.net\/blog\/wp-content\/uploads\/2018\/06\/ue-trabajar-autonomo-min.jpg\" alt=\"\" width=\"1000\" height=\"667\" srcset=\"https:\/\/www.billin.net\/blog\/wp-content\/uploads\/2018\/06\/ue-trabajar-autonomo-min.jpg 1000w, https:\/\/www.billin.net\/blog\/wp-content\/uploads\/2018\/06\/ue-trabajar-autonomo-min-300x200.jpg 300w, https:\/\/www.billin.net\/blog\/wp-content\/uploads\/2018\/06\/ue-trabajar-autonomo-min-768x512.jpg 768w, https:\/\/www.billin.net\/blog\/wp-content\/uploads\/2018\/06\/ue-trabajar-autonomo-min-600x400.jpg 600w, https:\/\/www.billin.net\/blog\/wp-content\/uploads\/2018\/06\/ue-trabajar-autonomo-min-200x133.jpg 200w, https:\/\/www.billin.net\/blog\/wp-content\/uploads\/2018\/06\/ue-trabajar-autonomo-min-810x540.jpg 810w\" sizes=\"(max-width: 1000px) 100vw, 1000px\" \/><\/p>\n<h2>Trabajadores que ejercen un trabajo por cuenta propia o ajena en m\u00e1s de un estado miembro<\/h2>\n<ul>\n<li>A los artistas cuando van de gira.<\/li>\n<li>A los toreros con residencia en Espa\u00f1a, cuando contratados por empresarios espa\u00f1oles o por empresarios extranjeros efect\u00faan corridas de toros en otros pa\u00edses comunitarios.<\/li>\n<li>A los deportistas que participan en distintas competiciones deportivas<\/li>\n<li>A los trabajadores que por motivo de su trabajo deban realizar constantes viajes a territorio de los pa\u00edses miembros, siempre que el ejercicio de esa actividad implique la inclusi\u00f3n en el Sistema de Seguridad Social de ese pa\u00eds.<\/li>\n<li>A los trabajadores que asisten a Congresos, Convenciones y Ferias de muestras<\/li>\n<li>A los gu\u00edas tur\u00edsticos.<\/li>\n<\/ul>\n","protected":false},"excerpt":{"rendered":"<p>\u00bfTienes alguna oferta de empleo de alg\u00fan pa\u00eds de la Uni\u00f3n Europea?, lee este art\u00edculo, porque te explicamos c\u00f3mo hacerlo, adem\u00e1s de informarte sobre tu afiliaci\u00f3n y cotizaci\u00f3n.<\/p>\n","protected":false},"author":20,"featured_media":7516,"comment_status":"open","ping_status":"open","sticky":false,"template":"","format":"standard","meta":{"_acf_changed":false,"_et_pb_use_builder":"","_et_pb_old_content":"","_et_gb_content_width":"","om_disable_all_campaigns":false,"inline_featured_image":false,"footnotes":""},"categories":[1014],"tags":[1380],"class_list":{"0":"post-10595","1":"post","2":"type-post","3":"status-publish","4":"format-standard","5":"has-post-thumbnail","7":"category-fiscalidad","8":"tag-autonomos"},"acf":{"selector_de_usuario":null,"fecha_de_revision":"20191120"},"yoast_head":"<!-- This site is optimized with the Yoast SEO plugin v27.1 - https:\/\/yoast.com\/product\/yoast-seo-wordpress\/ -->\n<title>\u00bfPuedo trabajar en la UE como aut\u00f3nomo? - Blog de TeamSystem Facturas Billin<\/title>\n<meta name=\"description\" content=\"Los aut\u00f3nomos legalmente establecidos en Espa\u00f1a pueden realizar tareas profesionales en pa\u00edses de la UE sin permiso expl\u00edcito.\" \/>\n<meta name=\"robots\" content=\"index, follow, max-snippet:-1, max-image-preview:large, max-video-preview:-1\" \/>\n<link rel=\"canonical\" href=\"https:\/\/www.billin.net\/blog\/trabajar-ue-autonomo\/\" \/>\n<meta property=\"og:locale\" content=\"es_ES\" \/>\n<meta property=\"og:type\" content=\"article\" \/>\n<meta property=\"og:title\" content=\"\u00bfPuedo trabajar en la UE como aut\u00f3nomo? - Blog de TeamSystem Facturas Billin\" \/>\n<meta property=\"og:description\" content=\"Los aut\u00f3nomos legalmente establecidos en Espa\u00f1a pueden realizar tareas profesionales en pa\u00edses de la UE sin permiso expl\u00edcito.\" \/>\n<meta property=\"og:url\" content=\"https:\/\/www.billin.net\/blog\/trabajar-ue-autonomo\/\" \/>\n<meta property=\"og:site_name\" content=\"Blog de TeamSystem Facturas Billin\" \/>\n<meta property=\"article:publisher\" content=\"https:\/\/www.facebook.com\/EsBillin\" \/>\n<meta property=\"article:published_time\" content=\"2018-06-20T22:00:00+00:00\" \/>\n<meta property=\"article:modified_time\" content=\"2025-09-25T18:56:59+00:00\" \/>\n<meta property=\"og:image\" content=\"https:\/\/www.billin.net\/blog\/wp-content\/uploads\/2018\/06\/trabajar-europa-autonomo-min.jpg\" \/>\n\t<meta property=\"og:image:width\" content=\"1000\" \/>\n\t<meta property=\"og:image:height\" content=\"667\" \/>\n\t<meta property=\"og:image:type\" content=\"image\/jpeg\" \/>\n<meta name=\"author\" content=\"Marcos De La Cueva - CEO TeamSystem Facturas Billin\" \/>\n<meta name=\"twitter:card\" content=\"summary_large_image\" \/>\n<meta name=\"twitter:creator\" content=\"@Billin_ES\" \/>\n<meta name=\"twitter:site\" content=\"@Billin_ES\" \/>\n<meta name=\"twitter:label1\" content=\"Escrito por\" \/>\n\t<meta name=\"twitter:data1\" content=\"Marcos De La Cueva - CEO TeamSystem Facturas Billin\" \/>\n\t<meta name=\"twitter:label2\" content=\"Tiempo de lectura\" \/>\n\t<meta name=\"twitter:data2\" content=\"5 minutos\" \/>\n<script type=\"application\/ld+json\" class=\"yoast-schema-graph\">{\"@context\":\"https:\/\/schema.org\",\"@graph\":[{\"@type\":\"Article\",\"@id\":\"https:\/\/www.billin.net\/blog\/trabajar-ue-autonomo\/#article\",\"isPartOf\":{\"@id\":\"https:\/\/www.billin.net\/blog\/trabajar-ue-autonomo\/\"},\"author\":{\"name\":\"Marcos De La Cueva - CEO TeamSystem Facturas Billin\",\"@id\":\"https:\/\/www.billin.net\/blog\/#\/schema\/person\/d0339ee6e869234614541b1e80a793e7\"},\"headline\":\"\u00bfPuedo trabajar en la UE como aut\u00f3nomo?\",\"datePublished\":\"2018-06-20T22:00:00+00:00\",\"dateModified\":\"2025-09-25T18:56:59+00:00\",\"mainEntityOfPage\":{\"@id\":\"https:\/\/www.billin.net\/blog\/trabajar-ue-autonomo\/\"},\"wordCount\":927,\"commentCount\":12,\"publisher\":{\"@id\":\"https:\/\/www.billin.net\/blog\/#organization\"},\"image\":{\"@id\":\"https:\/\/www.billin.net\/blog\/trabajar-ue-autonomo\/#primaryimage\"},\"thumbnailUrl\":\"https:\/\/www.billin.net\/blog\/wp-content\/uploads\/2018\/06\/trabajar-europa-autonomo-min.jpg\",\"keywords\":[\"Aut\u00f3nomos\"],\"articleSection\":[\"Fiscalidad\"],\"inLanguage\":\"es\",\"potentialAction\":[{\"@type\":\"CommentAction\",\"name\":\"Comment\",\"target\":[\"https:\/\/www.billin.net\/blog\/trabajar-ue-autonomo\/#respond\"]}]},{\"@type\":\"WebPage\",\"@id\":\"https:\/\/www.billin.net\/blog\/trabajar-ue-autonomo\/\",\"url\":\"https:\/\/www.billin.net\/blog\/trabajar-ue-autonomo\/\",\"name\":\"\u00bfPuedo trabajar en la UE como aut\u00f3nomo? - Blog de TeamSystem Facturas Billin\",\"isPartOf\":{\"@id\":\"https:\/\/www.billin.net\/blog\/#website\"},\"primaryImageOfPage\":{\"@id\":\"https:\/\/www.billin.net\/blog\/trabajar-ue-autonomo\/#primaryimage\"},\"image\":{\"@id\":\"https:\/\/www.billin.net\/blog\/trabajar-ue-autonomo\/#primaryimage\"},\"thumbnailUrl\":\"https:\/\/www.billin.net\/blog\/wp-content\/uploads\/2018\/06\/trabajar-europa-autonomo-min.jpg\",\"datePublished\":\"2018-06-20T22:00:00+00:00\",\"dateModified\":\"2025-09-25T18:56:59+00:00\",\"description\":\"Los aut\u00f3nomos legalmente establecidos en Espa\u00f1a pueden realizar tareas profesionales en pa\u00edses de la UE sin permiso expl\u00edcito.\",\"breadcrumb\":{\"@id\":\"https:\/\/www.billin.net\/blog\/trabajar-ue-autonomo\/#breadcrumb\"},\"inLanguage\":\"es\",\"potentialAction\":[{\"@type\":\"ReadAction\",\"target\":[\"https:\/\/www.billin.net\/blog\/trabajar-ue-autonomo\/\"]}]},{\"@type\":\"ImageObject\",\"inLanguage\":\"es\",\"@id\":\"https:\/\/www.billin.net\/blog\/trabajar-ue-autonomo\/#primaryimage\",\"url\":\"https:\/\/www.billin.net\/blog\/wp-content\/uploads\/2018\/06\/trabajar-europa-autonomo-min.jpg\",\"contentUrl\":\"https:\/\/www.billin.net\/blog\/wp-content\/uploads\/2018\/06\/trabajar-europa-autonomo-min.jpg\",\"width\":1000,\"height\":667},{\"@type\":\"BreadcrumbList\",\"@id\":\"https:\/\/www.billin.net\/blog\/trabajar-ue-autonomo\/#breadcrumb\",\"itemListElement\":[{\"@type\":\"ListItem\",\"position\":1,\"name\":\"Blog\",\"item\":\"https:\/\/www.billin.net\/blog\/\"},{\"@type\":\"ListItem\",\"position\":2,\"name\":\"Fiscalidad\",\"item\":\"https:\/\/www.billin.net\/blog\/fiscalidad\/\"},{\"@type\":\"ListItem\",\"position\":3,\"name\":\"\u00bfPuedo trabajar en la UE como aut\u00f3nomo?\"}]},{\"@type\":\"WebSite\",\"@id\":\"https:\/\/www.billin.net\/blog\/#website\",\"url\":\"https:\/\/www.billin.net\/blog\/\",\"name\":\"Blog de Billin\",\"description\":\"Mantente informado con el blog de TeamSystem Facturas Billin:  facturaci\u00f3n, legislaci\u00f3n, contabilidad, management y toda la informaci\u00f3n \u00fatil para pymes y aut\u00f3nomos.\",\"publisher\":{\"@id\":\"https:\/\/www.billin.net\/blog\/#organization\"},\"potentialAction\":[{\"@type\":\"SearchAction\",\"target\":{\"@type\":\"EntryPoint\",\"urlTemplate\":\"https:\/\/www.billin.net\/blog\/?s={search_term_string}\"},\"query-input\":{\"@type\":\"PropertyValueSpecification\",\"valueRequired\":true,\"valueName\":\"search_term_string\"}}],\"inLanguage\":\"es\"},{\"@type\":\"Organization\",\"@id\":\"https:\/\/www.billin.net\/blog\/#organization\",\"name\":\"Billin\",\"alternateName\":\"Blog de Billin\",\"url\":\"https:\/\/www.billin.net\/blog\/\",\"logo\":{\"@type\":\"ImageObject\",\"inLanguage\":\"es\",\"@id\":\"https:\/\/www.billin.net\/blog\/#\/schema\/logo\/image\/\",\"url\":\"https:\/\/www.billin.net\/blog\/wp-content\/uploads\/2019\/06\/logotipo-billin-blog-1.png\",\"contentUrl\":\"https:\/\/www.billin.net\/blog\/wp-content\/uploads\/2019\/06\/logotipo-billin-blog-1.png\",\"width\":126,\"height\":50,\"caption\":\"Billin\"},\"image\":{\"@id\":\"https:\/\/www.billin.net\/blog\/#\/schema\/logo\/image\/\"},\"sameAs\":[\"https:\/\/www.facebook.com\/EsBillin\",\"https:\/\/x.com\/Billin_ES\",\"https:\/\/www.instagram.com\/billin_es\/\",\"https:\/\/www.linkedin.com\/company\/billin-spain\",\"https:\/\/www.youtube.com\/c\/BillinEsintercambiodefacturas\/\"],\"legalName\":\"MY EXPENSES SL\",\"contactPoint\":{\"@type\":\"ContactPoint\",\"telephone\":\"+34918318883\",\"contactType\":\"customer service\",\"email\":\"info@billin.eu\",\"availableLanguage\":\"es\"},\"foundingDate\":\"2015\",\"numberOfEmployees\":{\"@type\":\"QuantitativeValue\",\"minValue\":10,\"maxValue\":50},\"parentOrganization\":{\"@type\":\"Organization\",\"name\":\"TeamSystem\",\"url\":\"https:\/\/www.teamsystem.com\/\"},\"description\":\"Billin es el programa de facturaci\u00f3n online de TeamSystem para aut\u00f3nomos y pymes en Espa\u00f1a. Permite crear facturas, controlar gastos y cumplir con Verifactu.\",\"address\":{\"@type\":\"PostalAddress\",\"streetAddress\":\"Calle Arturo Soria, 336\",\"addressLocality\":\"Madrid\",\"addressRegion\":\"Madrid\",\"postalCode\":\"28033\",\"addressCountry\":\"ES\"}},{\"@type\":\"Person\",\"@id\":\"https:\/\/www.billin.net\/blog\/#\/schema\/person\/d0339ee6e869234614541b1e80a793e7\",\"name\":\"Marcos De La Cueva - CEO TeamSystem Facturas Billin\",\"image\":{\"@type\":\"ImageObject\",\"inLanguage\":\"es\",\"@id\":\"https:\/\/www.billin.net\/blog\/#\/schema\/person\/image\/\",\"url\":\"https:\/\/www.billin.net\/blog\/wp-content\/uploads\/2023\/10\/marcos-color-150x150.png\",\"contentUrl\":\"https:\/\/www.billin.net\/blog\/wp-content\/uploads\/2023\/10\/marcos-color-150x150.png\",\"caption\":\"Marcos De La Cueva - CEO TeamSystem Facturas Billin\"},\"description\":\"Licenciado en ADE por la Universidad Aut\u00f3noma de Madrid, Marcos De la Cueva es CEO y cofundador de TeamSystem Facturas Billin, un programa online que lleva m\u00e1s de 9 a\u00f1os ayudando a aut\u00f3nomos, peque\u00f1os negocios y gestor\u00edas a digitalizar sus presupuestos, facturas, tickets y gastos. \u00a0 Sobre Marcos De La Cueva \u00a0 Apasionado por el mundo empresarial y la tecnolog\u00eda, curs\u00f3 su M\u00e1ster de Finanzas en la Universidad Pontificia de Comillas y estuvo en el Programa de Cooperaci\u00f3n Educativa de la Universidad Aut\u00f3noma de Madrid. \u00a0 Marcos siempre ha tenido su objetivo claro: ayudar a la creaci\u00f3n de negocios financieramente sostenibles a trav\u00e9s de una herramienta de facturaci\u00f3n que les permita ahorrar tiempo y tener la contabilidad bajo control. \u00a0 Marcos De La Cueva en los medios \u2014 Noticia sobre Kit Digital y Ley Antifraude (VeriFactu) en El Economista. \u2014 Noticia sobre Kit Digital y factura electr\u00f3nica obligatoria en Diario Jur\u00eddico. \u2014 Noticia sobre el a\u00f1o de transici\u00f3n para la factura electr\u00f3nica en Muy Pymes. \u2014 Entrevista sobre factura electr\u00f3nica obligatoria en Canal Sur. \u2014 Noticia sobre el informe factura electr\u00f3nica de TeamSystem en Channel Partner. \u2014 Charla sobre productividad y Ley Crea y Crece en El Economista. \u2014 Charla sobre factura electr\u00f3nica obligatoria en Muy Pymes. \u2014 Charla sobre digitalizaci\u00f3n aut\u00f3nomos y productividad en esdiario. \u2014 Charla sobre productividad y factura electr\u00f3nica en La Raz\u00f3n. \u2014 Charla sobre factura electr\u00f3nica obligatoria en Aut\u00f3nomos y Emprendedores. \u2014 Entrevista sobre Ley Antifraude y Ley Crea y Crece en Expansi\u00f3n. \u2014 Entrevista sobre Ley Antifraude y Ley Crea y Crece en La Raz\u00f3n. \u2014 Entrevista sobre factura electr\u00f3nica obligatoria en El Economista. \u2014 Comunicado Billin y TeamSystem en Business Insider. \u2014 Entrevista en Econom\u00eda Digital. \u2014 Entrevista en Ideas para tu empresa de Vodafone. \u2014 Entrevista en M\u00e1sQradio. \u2014 Entrevista en Armas para emprender de El M\u00e9todo Gallardo. \u2014 Entrevista en KFund. \u2014 Entrevista en AXA Seguros Espa\u00f1a. \u2014 Entrevista en GestionaRadio. \u00a0 Marcos De La Cueva en eventos \u00a0 \u2014 Participaci\u00f3n como ponente en Accountex Espa\u00f1a 2023. \u00a0 Tem\u00e1ticas de especializaci\u00f3n \u00a0 negocios | startups | contabilidad| fiscalidad | empresas| asesor\u00edas| autonomos | emprendedores | peque\u00f1os negocios | econom\u00eda | ADE | pymes | desarrollo de negocio\u00a0\",\"sameAs\":[\"https:\/\/www.billin.net\/\",\"https:\/\/www.linkedin.com\/in\/marcos-de-la-cueva-19750ba3\/\"],\"url\":\"https:\/\/www.billin.net\/blog\/author\/marcosdelacueva\/\",\"jobTitle\":\"CEO y cofundador de TS Facturas Billin\"}]}<\/script>\n<!-- \/ Yoast SEO plugin. -->","yoast_head_json":{"title":"\u00bfPuedo trabajar en la UE como aut\u00f3nomo? - Blog de TeamSystem Facturas Billin","description":"Los aut\u00f3nomos legalmente establecidos en Espa\u00f1a pueden realizar tareas profesionales en pa\u00edses de la UE sin permiso expl\u00edcito.","robots":{"index":"index","follow":"follow","max-snippet":"max-snippet:-1","max-image-preview":"max-image-preview:large","max-video-preview":"max-video-preview:-1"},"canonical":"https:\/\/www.billin.net\/blog\/trabajar-ue-autonomo\/","og_locale":"es_ES","og_type":"article","og_title":"\u00bfPuedo trabajar en la UE como aut\u00f3nomo? - Blog de TeamSystem Facturas Billin","og_description":"Los aut\u00f3nomos legalmente establecidos en Espa\u00f1a pueden realizar tareas profesionales en pa\u00edses de la UE sin permiso expl\u00edcito.","og_url":"https:\/\/www.billin.net\/blog\/trabajar-ue-autonomo\/","og_site_name":"Blog de TeamSystem Facturas Billin","article_publisher":"https:\/\/www.facebook.com\/EsBillin","article_published_time":"2018-06-20T22:00:00+00:00","article_modified_time":"2025-09-25T18:56:59+00:00","og_image":[{"width":1000,"height":667,"url":"https:\/\/www.billin.net\/blog\/wp-content\/uploads\/2018\/06\/trabajar-europa-autonomo-min.jpg","type":"image\/jpeg"}],"author":"Marcos De La Cueva - CEO TeamSystem Facturas Billin","twitter_card":"summary_large_image","twitter_creator":"@Billin_ES","twitter_site":"@Billin_ES","twitter_misc":{"Escrito por":"Marcos De La Cueva - CEO TeamSystem Facturas Billin","Tiempo de lectura":"5 minutos"},"schema":{"@context":"https:\/\/schema.org","@graph":[{"@type":"Article","@id":"https:\/\/www.billin.net\/blog\/trabajar-ue-autonomo\/#article","isPartOf":{"@id":"https:\/\/www.billin.net\/blog\/trabajar-ue-autonomo\/"},"author":{"name":"Marcos De La Cueva - CEO TeamSystem Facturas Billin","@id":"https:\/\/www.billin.net\/blog\/#\/schema\/person\/d0339ee6e869234614541b1e80a793e7"},"headline":"\u00bfPuedo trabajar en la UE como aut\u00f3nomo?","datePublished":"2018-06-20T22:00:00+00:00","dateModified":"2025-09-25T18:56:59+00:00","mainEntityOfPage":{"@id":"https:\/\/www.billin.net\/blog\/trabajar-ue-autonomo\/"},"wordCount":927,"commentCount":12,"publisher":{"@id":"https:\/\/www.billin.net\/blog\/#organization"},"image":{"@id":"https:\/\/www.billin.net\/blog\/trabajar-ue-autonomo\/#primaryimage"},"thumbnailUrl":"https:\/\/www.billin.net\/blog\/wp-content\/uploads\/2018\/06\/trabajar-europa-autonomo-min.jpg","keywords":["Aut\u00f3nomos"],"articleSection":["Fiscalidad"],"inLanguage":"es","potentialAction":[{"@type":"CommentAction","name":"Comment","target":["https:\/\/www.billin.net\/blog\/trabajar-ue-autonomo\/#respond"]}]},{"@type":"WebPage","@id":"https:\/\/www.billin.net\/blog\/trabajar-ue-autonomo\/","url":"https:\/\/www.billin.net\/blog\/trabajar-ue-autonomo\/","name":"\u00bfPuedo trabajar en la UE como aut\u00f3nomo? - Blog de TeamSystem Facturas Billin","isPartOf":{"@id":"https:\/\/www.billin.net\/blog\/#website"},"primaryImageOfPage":{"@id":"https:\/\/www.billin.net\/blog\/trabajar-ue-autonomo\/#primaryimage"},"image":{"@id":"https:\/\/www.billin.net\/blog\/trabajar-ue-autonomo\/#primaryimage"},"thumbnailUrl":"https:\/\/www.billin.net\/blog\/wp-content\/uploads\/2018\/06\/trabajar-europa-autonomo-min.jpg","datePublished":"2018-06-20T22:00:00+00:00","dateModified":"2025-09-25T18:56:59+00:00","description":"Los aut\u00f3nomos legalmente establecidos en Espa\u00f1a pueden realizar tareas profesionales en pa\u00edses de la UE sin permiso expl\u00edcito.","breadcrumb":{"@id":"https:\/\/www.billin.net\/blog\/trabajar-ue-autonomo\/#breadcrumb"},"inLanguage":"es","potentialAction":[{"@type":"ReadAction","target":["https:\/\/www.billin.net\/blog\/trabajar-ue-autonomo\/"]}]},{"@type":"ImageObject","inLanguage":"es","@id":"https:\/\/www.billin.net\/blog\/trabajar-ue-autonomo\/#primaryimage","url":"https:\/\/www.billin.net\/blog\/wp-content\/uploads\/2018\/06\/trabajar-europa-autonomo-min.jpg","contentUrl":"https:\/\/www.billin.net\/blog\/wp-content\/uploads\/2018\/06\/trabajar-europa-autonomo-min.jpg","width":1000,"height":667},{"@type":"BreadcrumbList","@id":"https:\/\/www.billin.net\/blog\/trabajar-ue-autonomo\/#breadcrumb","itemListElement":[{"@type":"ListItem","position":1,"name":"Blog","item":"https:\/\/www.billin.net\/blog\/"},{"@type":"ListItem","position":2,"name":"Fiscalidad","item":"https:\/\/www.billin.net\/blog\/fiscalidad\/"},{"@type":"ListItem","position":3,"name":"\u00bfPuedo trabajar en la UE como aut\u00f3nomo?"}]},{"@type":"WebSite","@id":"https:\/\/www.billin.net\/blog\/#website","url":"https:\/\/www.billin.net\/blog\/","name":"Blog de Billin","description":"Mantente informado con el blog de TeamSystem Facturas Billin:  facturaci\u00f3n, legislaci\u00f3n, contabilidad, management y toda la informaci\u00f3n \u00fatil para pymes y aut\u00f3nomos.","publisher":{"@id":"https:\/\/www.billin.net\/blog\/#organization"},"potentialAction":[{"@type":"SearchAction","target":{"@type":"EntryPoint","urlTemplate":"https:\/\/www.billin.net\/blog\/?s={search_term_string}"},"query-input":{"@type":"PropertyValueSpecification","valueRequired":true,"valueName":"search_term_string"}}],"inLanguage":"es"},{"@type":"Organization","@id":"https:\/\/www.billin.net\/blog\/#organization","name":"Billin","alternateName":"Blog de Billin","url":"https:\/\/www.billin.net\/blog\/","logo":{"@type":"ImageObject","inLanguage":"es","@id":"https:\/\/www.billin.net\/blog\/#\/schema\/logo\/image\/","url":"https:\/\/www.billin.net\/blog\/wp-content\/uploads\/2019\/06\/logotipo-billin-blog-1.png","contentUrl":"https:\/\/www.billin.net\/blog\/wp-content\/uploads\/2019\/06\/logotipo-billin-blog-1.png","width":126,"height":50,"caption":"Billin"},"image":{"@id":"https:\/\/www.billin.net\/blog\/#\/schema\/logo\/image\/"},"sameAs":["https:\/\/www.facebook.com\/EsBillin","https:\/\/x.com\/Billin_ES","https:\/\/www.instagram.com\/billin_es\/","https:\/\/www.linkedin.com\/company\/billin-spain","https:\/\/www.youtube.com\/c\/BillinEsintercambiodefacturas\/"],"legalName":"MY EXPENSES SL","contactPoint":{"@type":"ContactPoint","telephone":"+34918318883","contactType":"customer service","email":"info@billin.eu","availableLanguage":"es"},"foundingDate":"2015","numberOfEmployees":{"@type":"QuantitativeValue","minValue":10,"maxValue":50},"parentOrganization":{"@type":"Organization","name":"TeamSystem","url":"https:\/\/www.teamsystem.com\/"},"description":"Billin es el programa de facturaci\u00f3n online de TeamSystem para aut\u00f3nomos y pymes en Espa\u00f1a. Permite crear facturas, controlar gastos y cumplir con Verifactu.","address":{"@type":"PostalAddress","streetAddress":"Calle Arturo Soria, 336","addressLocality":"Madrid","addressRegion":"Madrid","postalCode":"28033","addressCountry":"ES"}},{"@type":"Person","@id":"https:\/\/www.billin.net\/blog\/#\/schema\/person\/d0339ee6e869234614541b1e80a793e7","name":"Marcos De La Cueva - CEO TeamSystem Facturas Billin","image":{"@type":"ImageObject","inLanguage":"es","@id":"https:\/\/www.billin.net\/blog\/#\/schema\/person\/image\/","url":"https:\/\/www.billin.net\/blog\/wp-content\/uploads\/2023\/10\/marcos-color-150x150.png","contentUrl":"https:\/\/www.billin.net\/blog\/wp-content\/uploads\/2023\/10\/marcos-color-150x150.png","caption":"Marcos De La Cueva - CEO TeamSystem Facturas Billin"},"description":"Licenciado en ADE por la Universidad Aut\u00f3noma de Madrid, Marcos De la Cueva es CEO y cofundador de TeamSystem Facturas Billin, un programa online que lleva m\u00e1s de 9 a\u00f1os ayudando a aut\u00f3nomos, peque\u00f1os negocios y gestor\u00edas a digitalizar sus presupuestos, facturas, tickets y gastos. \u00a0 Sobre Marcos De La Cueva \u00a0 Apasionado por el mundo empresarial y la tecnolog\u00eda, curs\u00f3 su M\u00e1ster de Finanzas en la Universidad Pontificia de Comillas y estuvo en el Programa de Cooperaci\u00f3n Educativa de la Universidad Aut\u00f3noma de Madrid. \u00a0 Marcos siempre ha tenido su objetivo claro: ayudar a la creaci\u00f3n de negocios financieramente sostenibles a trav\u00e9s de una herramienta de facturaci\u00f3n que les permita ahorrar tiempo y tener la contabilidad bajo control. \u00a0 Marcos De La Cueva en los medios \u2014 Noticia sobre Kit Digital y Ley Antifraude (VeriFactu) en El Economista. \u2014 Noticia sobre Kit Digital y factura electr\u00f3nica obligatoria en Diario Jur\u00eddico. \u2014 Noticia sobre el a\u00f1o de transici\u00f3n para la factura electr\u00f3nica en Muy Pymes. \u2014 Entrevista sobre factura electr\u00f3nica obligatoria en Canal Sur. \u2014 Noticia sobre el informe factura electr\u00f3nica de TeamSystem en Channel Partner. \u2014 Charla sobre productividad y Ley Crea y Crece en El Economista. \u2014 Charla sobre factura electr\u00f3nica obligatoria en Muy Pymes. \u2014 Charla sobre digitalizaci\u00f3n aut\u00f3nomos y productividad en esdiario. \u2014 Charla sobre productividad y factura electr\u00f3nica en La Raz\u00f3n. \u2014 Charla sobre factura electr\u00f3nica obligatoria en Aut\u00f3nomos y Emprendedores. \u2014 Entrevista sobre Ley Antifraude y Ley Crea y Crece en Expansi\u00f3n. \u2014 Entrevista sobre Ley Antifraude y Ley Crea y Crece en La Raz\u00f3n. \u2014 Entrevista sobre factura electr\u00f3nica obligatoria en El Economista. \u2014 Comunicado Billin y TeamSystem en Business Insider. \u2014 Entrevista en Econom\u00eda Digital. \u2014 Entrevista en Ideas para tu empresa de Vodafone. \u2014 Entrevista en M\u00e1sQradio. \u2014 Entrevista en Armas para emprender de El M\u00e9todo Gallardo. \u2014 Entrevista en KFund. \u2014 Entrevista en AXA Seguros Espa\u00f1a. \u2014 Entrevista en GestionaRadio. \u00a0 Marcos De La Cueva en eventos \u00a0 \u2014 Participaci\u00f3n como ponente en Accountex Espa\u00f1a 2023. \u00a0 Tem\u00e1ticas de especializaci\u00f3n \u00a0 negocios | startups | contabilidad| fiscalidad | empresas| asesor\u00edas| autonomos | emprendedores | peque\u00f1os negocios | econom\u00eda | ADE | pymes | desarrollo de negocio\u00a0","sameAs":["https:\/\/www.billin.net\/","https:\/\/www.linkedin.com\/in\/marcos-de-la-cueva-19750ba3\/"],"url":"https:\/\/www.billin.net\/blog\/author\/marcosdelacueva\/","jobTitle":"CEO y cofundador de TS Facturas Billin"}]}},"_links":{"self":[{"href":"https:\/\/www.billin.net\/blog\/wp-json\/wp\/v2\/posts\/10595","targetHints":{"allow":["GET"]}}],"collection":[{"href":"https:\/\/www.billin.net\/blog\/wp-json\/wp\/v2\/posts"}],"about":[{"href":"https:\/\/www.billin.net\/blog\/wp-json\/wp\/v2\/types\/post"}],"author":[{"embeddable":true,"href":"https:\/\/www.billin.net\/blog\/wp-json\/wp\/v2\/users\/20"}],"replies":[{"embeddable":true,"href":"https:\/\/www.billin.net\/blog\/wp-json\/wp\/v2\/comments?post=10595"}],"version-history":[{"count":5,"href":"https:\/\/www.billin.net\/blog\/wp-json\/wp\/v2\/posts\/10595\/revisions"}],"predecessor-version":[{"id":27367,"href":"https:\/\/www.billin.net\/blog\/wp-json\/wp\/v2\/posts\/10595\/revisions\/27367"}],"wp:featuredmedia":[{"embeddable":true,"href":"https:\/\/www.billin.net\/blog\/wp-json\/wp\/v2\/media\/7516"}],"wp:attachment":[{"href":"https:\/\/www.billin.net\/blog\/wp-json\/wp\/v2\/media?parent=10595"}],"wp:term":[{"taxonomy":"category","embeddable":true,"href":"https:\/\/www.billin.net\/blog\/wp-json\/wp\/v2\/categories?post=10595"},{"taxonomy":"post_tag","embeddable":true,"href":"https:\/\/www.billin.net\/blog\/wp-json\/wp\/v2\/tags?post=10595"}],"curies":[{"name":"wp","href":"https:\/\/api.w.org\/{rel}","templated":true}]}}