{"id":10591,"date":"2018-06-15T00:00:00","date_gmt":"2018-06-14T22:00:00","guid":{"rendered":"https:\/\/www.billin.net\/blog\/que-es-el-modelo-140\/"},"modified":"2025-09-25T20:57:06","modified_gmt":"2025-09-25T18:57:06","slug":"que-es-el-modelo-140","status":"publish","type":"post","link":"https:\/\/www.billin.net\/blog\/que-es-el-modelo-140\/","title":{"rendered":"Deducci\u00f3n por maternidad: qu\u00e9 es y c\u00f3mo solicitar la ayuda con el modelo 140"},"content":{"rendered":"<p>Si acabas de tener un hijo y eres madre trabajadora te interesar\u00e1 este art\u00edculo donde explicamos a fondo el Modelo 140 y c\u00f3mo solicitar la ayuda por la maternidad de la mujer trabajadora.<!--more--><\/p>\n<h2>\u00bfQu\u00e9 es el Modelo 140?<\/h2>\n<p>El <strong>Modelo 140 es conocido tambi\u00e9n como el anticipo a la <a href=\"https:\/\/www.billin.net\/glosario\/definicion-deducciones-fiscales\/\">deducci\u00f3n<\/a> por maternidad, y consiste en el abono anticipado de 100 euros mensuales, adem\u00e1s de otras variaciones.<\/strong><\/p>\n<p>Su objetivo es solicitar el abono anticipado mensual de la deducci\u00f3n de la maternidad que corresponde en el Impuesto sobre la Renta de las Personas F\u00edsicas.<\/p>\n<p><strong>Este formulario se puede presentar por las distintas v\u00edas como:<\/strong><\/p>\n<ul>\n<li>Telem\u00e1tica.<\/li>\n<li>Telef\u00f3nica.<\/li>\n<li>Oficina de Agencia Tributaria.<\/li>\n<li>Oficina de correos.<\/li>\n<\/ul>\n<h3>\u00bfQui\u00e9n puede presentar el Modelo 140 AEAT?<\/h3>\n<p><strong>El Modelo 140 pueden presentarlo aquellas mujeres con hijos menores de tres a\u00f1os por los que tengan derecho al m\u00ednimo por descendientes que:<\/strong><\/p>\n<ul>\n<li>En la fecha del nacimiento del menor perciban alguna prestaci\u00f3n contributiva o asistencial del sistema de protecci\u00f3n de desempleo.<\/li>\n<li>Que est\u00e9n dadas de alta en el r\u00e9gimen correspondiente de la Seguridad Social o Mutualidad.<\/li>\n<li>O, en cualquier momento posterior al nacimiento est\u00e9n dadas de alta en el r\u00e9gimen correspondiente de la Seguridad Social o Mutualidad, con un periodo m\u00ednimo de 30 d\u00edas cotizados.<br \/>\nExcepto que, durante dichos meses, alguno de los progenitores perciba la ayuda para la infancia prevista en la Ley que establece el Ingreso M\u00ednimo Vital salvo que, se hubiera tenido derecho al mismo antes del 1 de enero de 2023.<\/li>\n<\/ul>\n<p><strong>Adem\u00e1s, pueden aplicar esta deducci\u00f3n cuando cumplan los requisitos anteriores:<\/strong><\/p>\n<ul>\n<li>Ambos progenitores si son del mismo sexo.<\/li>\n<li>El padre o tutor en caso de fallecimiento de la madre.<\/li>\n<li>El padre o tutor cuando la guardia y custodia se le atribuya exclusivamente.<\/li>\n<\/ul>\n<p><strong>Los hijos que dan derecho a la aplicaci\u00f3n de la deducci\u00f3n de maternidad son:<\/strong><\/p>\n<ul>\n<li>Los hijos naturales, desde el nacimiento hasta el mes anterior que cumplan tres a\u00f1os, ambos inclusive.<\/li>\n<li>Los hijos adoptados y los menores en acogimientos, permanente o pre adoptivo, o de la delegaci\u00f3n de guarda para convivencia pre adoptiva. En este caso la deducci\u00f3n se aplica independientemente de la edad del menor, durante los tres a\u00f1os siguientes a la fecha de inscripci\u00f3n en el Registro Civil.<\/li>\n<\/ul>\n<p>Si la inscripci\u00f3n no fuese necesaria, la deducci\u00f3n se practicar\u00e1 durante los tres a\u00f1os posteriores a la fecha de resoluci\u00f3n judicial o administrativa que la declare.<\/p>\n<p>Los menores en r\u00e9gimen de tutela, el tutor tendr\u00e1 derecho al importe de la deducci\u00f3n que corresponda al tiempo que reste hasta que el tutelado alcance los tres a\u00f1os de edad.<\/p>\n<h2>Para qu\u00e9 sirve el Modelo 140: aspectos a tener en cuenta<\/h2>\n<p>Los contribuyentes con derecho al abono anticipado deber\u00e1n presentar el formulario 140 cumplimentando todos los datos solicitados.<\/p>\n<p>Una vez presentada la solicitud no ser\u00e1 necesario reiterarlo durante el periodo al que se tenga derecho al cobro anticipado, salvo para comunicar alguna variaci\u00f3n que venga de forma sobrevenida posteriormente.<\/p>\n<p><strong>Este Modelo 140 se usa para comunicar las siguientes variaciones:<\/strong><\/p>\n<ul>\n<li>Por fallecimiento del beneficiario del abono.<\/li>\n<li>Baja del beneficiario en Seguridad Social o Mutua.<\/li>\n<li>Cambio de residencia al extranjero o al Pa\u00eds Vasco o Comunidad foral de Navarra.<\/li>\n<li>Renuncia del beneficiario al cobro.<\/li>\n<li>Cambio del r\u00e9gimen en Seguridad Social o Mutua.<\/li>\n<li>Bajas en algunos de los hijos, bien sea por fallecimiento, cese en la convivencia o por la obtenci\u00f3n de rentas superiores a 8.000 euros.<\/li>\n<\/ul>\n<p><img loading=\"lazy\" decoding=\"async\" class=\"aligncenter wp-image-7437 size-full\" src=\"https:\/\/www.billin.net\/blog\/wp-content\/uploads\/2018\/06\/modelo-tributario-140.jpg\" alt=\"como solicitar ayuda madre trabajadora\" width=\"1000\" height=\"667\" srcset=\"https:\/\/www.billin.net\/blog\/wp-content\/uploads\/2018\/06\/modelo-tributario-140.jpg 1000w, https:\/\/www.billin.net\/blog\/wp-content\/uploads\/2018\/06\/modelo-tributario-140-300x200.jpg 300w, https:\/\/www.billin.net\/blog\/wp-content\/uploads\/2018\/06\/modelo-tributario-140-768x512.jpg 768w, https:\/\/www.billin.net\/blog\/wp-content\/uploads\/2018\/06\/modelo-tributario-140-810x540.jpg 810w\" sizes=\"(max-width: 1000px) 100vw, 1000px\" \/><\/p>\n<h2>\u00bfCu\u00e1ndo se presenta el Modelo 140?<\/h2>\n<p>Debe formularse <strong>desde el momento que, cumpliendo todos los requisitos, tengamos derecho a su cobro, y que el contribuyente opte por la modalidad anticipada.<\/strong><\/p>\n<p>Si les correspondiera a varios beneficiarios (en caso de ser 2 madres o varios hijos) tendr\u00edan que presentarse de forma simult\u00e1nea.<\/p>\n<p>Las comunicaciones de variaciones, que implique la p\u00e9rdida del cobro anticipado, o el incumplimiento de alguno de los requisitos legales determinar\u00e1 la obligaci\u00f3n de presentar el Modelo 140 en los pr\u00f3ximos 15 d\u00edas naturales siguientes, a los que se haya producido la variaci\u00f3n.<\/p>\n<p>Actualmente, tambi\u00e9n existe la deducci\u00f3n por maternidad por gastos de guarder\u00eda o centros de educaci\u00f3n infantil.<\/p>\n<p>Es decir, si tienes derecho a la deducci\u00f3n por maternidad y pagaste gastos de custodia en guarder\u00edas o centros de educaci\u00f3n infantil la deducci\u00f3n se incrementa en un importe m\u00e1ximo de 1.000 euros.<\/p>\n<p><strong>Se incluyen los gastos correspondientes a las cantidades pagadas por la preinscripci\u00f3n, matr\u00edcula, asistencia, horario general o ampliado y alimentaci\u00f3n, siempre que:<\/strong><\/p>\n<ul>\n<li>El abono corresponda a meses completos.<\/li>\n<li>No sean considerados para el progenitor rendimientos del trabajo en especie exentos.<\/li>\n<li>Este incremento no se solicita con el Modelo 140, sino que se har\u00e1 efectivo presentando la declaraci\u00f3n de la Renta (Modelo 100).<\/li>\n<\/ul>\n<h2>\u00bfC\u00f3mo solicitar la ayuda por madre trabajadora de 100 euros? Instrucciones paso a paso<\/h2>\n<ul>\n<li><strong>Presentaci\u00f3n en impreso<\/strong><\/li>\n<\/ul>\n<p>Podr\u00e1 <strong>presentarse el Modelo 140 en Hacienda<\/strong> a trav\u00e9s de cualquier oficina de correos en un sobre ordinario dirigido a la Agencia Estatal de Administraci\u00f3n Tributaria, indicando la Delegaci\u00f3n provincial, indicando que es el modelo 140, o bien, de forma presencial en cualquier oficina de la Agencia Tributaria.<\/p>\n<p>En caso de que hubiese dos beneficiarias, tendr\u00edan que incluir ambas declaraciones en el mismo sobre o presentarla de forma presencial simult\u00e1neamente.<\/p>\n<ul>\n<li><strong>Presentaci\u00f3n telef\u00f3nica<\/strong><\/li>\n<\/ul>\n<p>Solicitar la ayuda por madre trabajadora por tel\u00e9fono formularse en el Centro de Atenci\u00f3n Telef\u00f3nica de la Agencia Estatal en el tel\u00e9fono<strong> 901 200 345<\/strong>, donde se tomar\u00e1n las medidas necesarias para garantizar la identificaci\u00f3n del beneficiario.<\/p>\n<ul>\n<li><strong>Presentaci\u00f3n telem\u00e1tica <\/strong><\/li>\n<\/ul>\n<p>Para saber m\u00e1s sobre la presentaci\u00f3n telem\u00e1tica pincha <a href=\"https:\/\/www.agenciatributaria.gob.es\/AEAT.sede\/procedimientos\/GZ25.shtml\" target=\"_blank\" rel=\"noopener noreferrer\">aqu\u00ed<strong>.<\/strong><\/a><\/p>\n<p><strong>Para que sea m\u00e1s f\u00e1cil rellenar el modelo 140 en la Agencia Tributaria, os adjuntamos una imagen para que su cumplimentaci\u00f3n sea m\u00e1s sencilla:<\/strong><\/p>\n<p><img loading=\"lazy\" decoding=\"async\" class=\"aligncenter wp-image-7434 size-full\" src=\"https:\/\/www.billin.net\/blog\/wp-content\/uploads\/2018\/06\/modelo-140.jpg\" alt=\"modelo 140 hacienda\" width=\"682\" height=\"959\" srcset=\"https:\/\/www.billin.net\/blog\/wp-content\/uploads\/2018\/06\/modelo-140.jpg 682w, https:\/\/www.billin.net\/blog\/wp-content\/uploads\/2018\/06\/modelo-140-213x300.jpg 213w\" sizes=\"(max-width: 682px) 100vw, 682px\" \/><\/p>\n<p><strong>1. Solicitante:<\/strong><\/p>\n<p>Aqu\u00ed tenemos que incluir todos los datos personales del solicitante, adem\u00e1s de informar si el abono hab\u00eda sido recibido por otra persona anteriormente.<\/p>\n<p><strong>2. R\u00e9gimen de la Seguridad Social o Mutualidad:<\/strong><\/p>\n<p>Aqu\u00ed incluiremos los datos referentes al n\u00famero de afiliaci\u00f3n y si estamos dentro del r\u00e9gimen especial de funcionarios p\u00fablicos, o por si lo contrario, tenemos una mutualidad alternativa.<\/p>\n<p><strong>3. Hijos que dan derecho a la deducci\u00f3n:<\/strong><\/p>\n<p>Se a\u00f1adir\u00e1n los datos personales de los hijos, y en caso de adopci\u00f3n, la fecha de adopci\u00f3n inscrita en el Registro Civil.<\/p>\n<p><strong>4. Cuenta bancaria<\/strong> para el abono del anticipo, bastar\u00e1 con incluir todos sus d\u00edgitos.<\/p>\n<p><strong>5. Variaciones<\/strong> a efectos de abono mensual:<\/p>\n<ul>\n<li>P\u00e9rdida del derecho.<\/li>\n<li>Cambio del R\u00e9gimen de la Seguridad Social o Mutualidad.<\/li>\n<li>Baja de algunos de los hijos.<\/li>\n<li>Fecha de efecto.<\/li>\n<\/ul>\n<p><strong>6. Representante<\/strong>, si lo hubiese.<\/p>\n<p><strong>7. Fecha y firma<\/strong><\/p>\n<p>Consulta m\u00e1s <a href=\"https:\/\/www.billin.net\/modelos-tributarios\/\">modelos tributarios<\/a> aqu\u00ed.<\/p>\n<p>Os hemos ense\u00f1ado a rellenar el Modelo 140 en Hacienda y explicado a qui\u00e9n va dirigido, para as\u00ed, poder beneficiarse de este anticipo, el cual, va como <a href=\"https:\/\/www.billin.net\/blog\/autonoma-y-madre-estos-son-tus-derechos\/\" target=\"_blank\" rel=\"noopener noreferrer\">ayuda a la mujer trabajadora<\/a>, por un monto anual de 1.200 euros.<\/p>\n","protected":false},"excerpt":{"rendered":"<p>Si acabas de tener un hijo y eres madre trabajadora te interesar\u00e1 este art\u00edculo donde explicamos a fondo el Modelo 140 y c\u00f3mo solicitar la ayuda por la maternidad de la mujer trabajadora.<\/p>\n","protected":false},"author":20,"featured_media":7436,"comment_status":"open","ping_status":"open","sticky":false,"template":"","format":"standard","meta":{"_acf_changed":false,"_et_pb_use_builder":"","_et_pb_old_content":"","_et_gb_content_width":"","om_disable_all_campaigns":false,"inline_featured_image":false,"footnotes":""},"categories":[1014],"tags":[],"class_list":{"0":"post-10591","1":"post","2":"type-post","3":"status-publish","4":"format-standard","5":"has-post-thumbnail","7":"category-fiscalidad"},"acf":{"selector_de_usuario":null,"fecha_de_revision":"20230704"},"yoast_head":"<!-- This site is optimized with the Yoast SEO plugin v27.1 - https:\/\/yoast.com\/product\/yoast-seo-wordpress\/ -->\n<title>Modelo 140 \u25b7 Solicitud de la Deducci\u00f3n por Maternidad - TeamSystem Facturas Billin<\/title>\n<meta name=\"description\" content=\"El Modelo 140 tiene por objetivo ofrecer a las madres trabajadoras un anticipo a la deducci\u00f3n por maternidad de 100 euros mensuales.\" \/>\n<meta name=\"robots\" content=\"index, follow, max-snippet:-1, max-image-preview:large, max-video-preview:-1\" \/>\n<link rel=\"canonical\" href=\"https:\/\/www.billin.net\/blog\/que-es-el-modelo-140\/\" \/>\n<meta property=\"og:locale\" content=\"es_ES\" \/>\n<meta property=\"og:type\" content=\"article\" \/>\n<meta property=\"og:title\" content=\"Modelo 140 \u25b7 Solicitud de la Deducci\u00f3n por Maternidad - TeamSystem Facturas Billin\" \/>\n<meta property=\"og:description\" content=\"El Modelo 140 tiene por objetivo ofrecer a las madres trabajadoras un anticipo a la deducci\u00f3n por maternidad de 100 euros mensuales.\" \/>\n<meta property=\"og:url\" content=\"https:\/\/www.billin.net\/blog\/que-es-el-modelo-140\/\" \/>\n<meta property=\"og:site_name\" content=\"Blog de TeamSystem Facturas Billin\" \/>\n<meta property=\"article:publisher\" content=\"https:\/\/www.facebook.com\/EsBillin\" \/>\n<meta property=\"article:published_time\" content=\"2018-06-14T22:00:00+00:00\" \/>\n<meta property=\"article:modified_time\" content=\"2025-09-25T18:57:06+00:00\" \/>\n<meta property=\"og:image\" content=\"https:\/\/www.billin.net\/blog\/wp-content\/uploads\/2018\/06\/modelo-140-tributario.jpg\" \/>\n\t<meta property=\"og:image:width\" content=\"1000\" \/>\n\t<meta property=\"og:image:height\" content=\"667\" \/>\n\t<meta property=\"og:image:type\" content=\"image\/jpeg\" \/>\n<meta name=\"author\" content=\"Marcos De La Cueva - CEO TeamSystem Facturas Billin\" \/>\n<meta name=\"twitter:card\" content=\"summary_large_image\" \/>\n<meta name=\"twitter:creator\" content=\"@Billin_ES\" \/>\n<meta name=\"twitter:site\" content=\"@Billin_ES\" \/>\n<meta name=\"twitter:label1\" content=\"Escrito por\" \/>\n\t<meta name=\"twitter:data1\" content=\"Marcos De La Cueva - CEO TeamSystem Facturas Billin\" \/>\n\t<meta name=\"twitter:label2\" content=\"Tiempo de lectura\" \/>\n\t<meta name=\"twitter:data2\" content=\"6 minutos\" \/>\n<script type=\"application\/ld+json\" class=\"yoast-schema-graph\">{\"@context\":\"https:\/\/schema.org\",\"@graph\":[{\"@type\":\"Article\",\"@id\":\"https:\/\/www.billin.net\/blog\/que-es-el-modelo-140\/#article\",\"isPartOf\":{\"@id\":\"https:\/\/www.billin.net\/blog\/que-es-el-modelo-140\/\"},\"author\":{\"name\":\"Marcos De La Cueva - CEO TeamSystem Facturas Billin\",\"@id\":\"https:\/\/www.billin.net\/blog\/#\/schema\/person\/d0339ee6e869234614541b1e80a793e7\"},\"headline\":\"Deducci\u00f3n por maternidad: qu\u00e9 es y c\u00f3mo solicitar la ayuda con el modelo 140\",\"datePublished\":\"2018-06-14T22:00:00+00:00\",\"dateModified\":\"2025-09-25T18:57:06+00:00\",\"mainEntityOfPage\":{\"@id\":\"https:\/\/www.billin.net\/blog\/que-es-el-modelo-140\/\"},\"wordCount\":1192,\"commentCount\":125,\"publisher\":{\"@id\":\"https:\/\/www.billin.net\/blog\/#organization\"},\"image\":{\"@id\":\"https:\/\/www.billin.net\/blog\/que-es-el-modelo-140\/#primaryimage\"},\"thumbnailUrl\":\"https:\/\/www.billin.net\/blog\/wp-content\/uploads\/2018\/06\/modelo-140-tributario.jpg\",\"articleSection\":[\"Fiscalidad\"],\"inLanguage\":\"es\",\"potentialAction\":[{\"@type\":\"CommentAction\",\"name\":\"Comment\",\"target\":[\"https:\/\/www.billin.net\/blog\/que-es-el-modelo-140\/#respond\"]}]},{\"@type\":\"WebPage\",\"@id\":\"https:\/\/www.billin.net\/blog\/que-es-el-modelo-140\/\",\"url\":\"https:\/\/www.billin.net\/blog\/que-es-el-modelo-140\/\",\"name\":\"Modelo 140 \u25b7 Solicitud de la Deducci\u00f3n por Maternidad - TeamSystem Facturas Billin\",\"isPartOf\":{\"@id\":\"https:\/\/www.billin.net\/blog\/#website\"},\"primaryImageOfPage\":{\"@id\":\"https:\/\/www.billin.net\/blog\/que-es-el-modelo-140\/#primaryimage\"},\"image\":{\"@id\":\"https:\/\/www.billin.net\/blog\/que-es-el-modelo-140\/#primaryimage\"},\"thumbnailUrl\":\"https:\/\/www.billin.net\/blog\/wp-content\/uploads\/2018\/06\/modelo-140-tributario.jpg\",\"datePublished\":\"2018-06-14T22:00:00+00:00\",\"dateModified\":\"2025-09-25T18:57:06+00:00\",\"description\":\"El Modelo 140 tiene por objetivo ofrecer a las madres trabajadoras un anticipo a la deducci\u00f3n por maternidad de 100 euros mensuales.\",\"breadcrumb\":{\"@id\":\"https:\/\/www.billin.net\/blog\/que-es-el-modelo-140\/#breadcrumb\"},\"inLanguage\":\"es\",\"potentialAction\":[{\"@type\":\"ReadAction\",\"target\":[\"https:\/\/www.billin.net\/blog\/que-es-el-modelo-140\/\"]}]},{\"@type\":\"ImageObject\",\"inLanguage\":\"es\",\"@id\":\"https:\/\/www.billin.net\/blog\/que-es-el-modelo-140\/#primaryimage\",\"url\":\"https:\/\/www.billin.net\/blog\/wp-content\/uploads\/2018\/06\/modelo-140-tributario.jpg\",\"contentUrl\":\"https:\/\/www.billin.net\/blog\/wp-content\/uploads\/2018\/06\/modelo-140-tributario.jpg\",\"width\":1000,\"height\":667,\"caption\":\"modelo 140\"},{\"@type\":\"BreadcrumbList\",\"@id\":\"https:\/\/www.billin.net\/blog\/que-es-el-modelo-140\/#breadcrumb\",\"itemListElement\":[{\"@type\":\"ListItem\",\"position\":1,\"name\":\"Blog\",\"item\":\"https:\/\/www.billin.net\/blog\/\"},{\"@type\":\"ListItem\",\"position\":2,\"name\":\"Fiscalidad\",\"item\":\"https:\/\/www.billin.net\/blog\/fiscalidad\/\"},{\"@type\":\"ListItem\",\"position\":3,\"name\":\"Deducci\u00f3n por maternidad: qu\u00e9 es y c\u00f3mo solicitar la ayuda con el modelo 140\"}]},{\"@type\":\"WebSite\",\"@id\":\"https:\/\/www.billin.net\/blog\/#website\",\"url\":\"https:\/\/www.billin.net\/blog\/\",\"name\":\"Blog de Billin\",\"description\":\"Mantente informado con el blog de TeamSystem Facturas Billin:  facturaci\u00f3n, legislaci\u00f3n, contabilidad, management y toda la informaci\u00f3n \u00fatil para pymes y aut\u00f3nomos.\",\"publisher\":{\"@id\":\"https:\/\/www.billin.net\/blog\/#organization\"},\"potentialAction\":[{\"@type\":\"SearchAction\",\"target\":{\"@type\":\"EntryPoint\",\"urlTemplate\":\"https:\/\/www.billin.net\/blog\/?s={search_term_string}\"},\"query-input\":{\"@type\":\"PropertyValueSpecification\",\"valueRequired\":true,\"valueName\":\"search_term_string\"}}],\"inLanguage\":\"es\"},{\"@type\":\"Organization\",\"@id\":\"https:\/\/www.billin.net\/blog\/#organization\",\"name\":\"Billin\",\"alternateName\":\"Blog de Billin\",\"url\":\"https:\/\/www.billin.net\/blog\/\",\"logo\":{\"@type\":\"ImageObject\",\"inLanguage\":\"es\",\"@id\":\"https:\/\/www.billin.net\/blog\/#\/schema\/logo\/image\/\",\"url\":\"https:\/\/www.billin.net\/blog\/wp-content\/uploads\/2019\/06\/logotipo-billin-blog-1.png\",\"contentUrl\":\"https:\/\/www.billin.net\/blog\/wp-content\/uploads\/2019\/06\/logotipo-billin-blog-1.png\",\"width\":126,\"height\":50,\"caption\":\"Billin\"},\"image\":{\"@id\":\"https:\/\/www.billin.net\/blog\/#\/schema\/logo\/image\/\"},\"sameAs\":[\"https:\/\/www.facebook.com\/EsBillin\",\"https:\/\/x.com\/Billin_ES\",\"https:\/\/www.instagram.com\/billin_es\/\",\"https:\/\/www.linkedin.com\/company\/billin-spain\",\"https:\/\/www.youtube.com\/c\/BillinEsintercambiodefacturas\/\"],\"legalName\":\"MY EXPENSES SL\",\"contactPoint\":{\"@type\":\"ContactPoint\",\"telephone\":\"+34918318883\",\"contactType\":\"customer service\",\"email\":\"info@billin.eu\",\"availableLanguage\":\"es\"},\"foundingDate\":\"2015\",\"numberOfEmployees\":{\"@type\":\"QuantitativeValue\",\"minValue\":10,\"maxValue\":50},\"parentOrganization\":{\"@type\":\"Organization\",\"name\":\"TeamSystem\",\"url\":\"https:\/\/www.teamsystem.com\/\"},\"description\":\"Billin es el programa de facturaci\u00f3n online de TeamSystem para aut\u00f3nomos y pymes en Espa\u00f1a. Permite crear facturas, controlar gastos y cumplir con Verifactu.\",\"address\":{\"@type\":\"PostalAddress\",\"streetAddress\":\"Calle Arturo Soria, 336\",\"addressLocality\":\"Madrid\",\"addressRegion\":\"Madrid\",\"postalCode\":\"28033\",\"addressCountry\":\"ES\"}},{\"@type\":\"Person\",\"@id\":\"https:\/\/www.billin.net\/blog\/#\/schema\/person\/d0339ee6e869234614541b1e80a793e7\",\"name\":\"Marcos De La Cueva - CEO TeamSystem Facturas Billin\",\"image\":{\"@type\":\"ImageObject\",\"inLanguage\":\"es\",\"@id\":\"https:\/\/www.billin.net\/blog\/#\/schema\/person\/image\/\",\"url\":\"https:\/\/www.billin.net\/blog\/wp-content\/uploads\/2023\/10\/marcos-color-150x150.png\",\"contentUrl\":\"https:\/\/www.billin.net\/blog\/wp-content\/uploads\/2023\/10\/marcos-color-150x150.png\",\"caption\":\"Marcos De La Cueva - CEO TeamSystem Facturas Billin\"},\"description\":\"Licenciado en ADE por la Universidad Aut\u00f3noma de Madrid, Marcos De la Cueva es CEO y cofundador de TeamSystem Facturas Billin, un programa online que lleva m\u00e1s de 9 a\u00f1os ayudando a aut\u00f3nomos, peque\u00f1os negocios y gestor\u00edas a digitalizar sus presupuestos, facturas, tickets y gastos. \u00a0 Sobre Marcos De La Cueva \u00a0 Apasionado por el mundo empresarial y la tecnolog\u00eda, curs\u00f3 su M\u00e1ster de Finanzas en la Universidad Pontificia de Comillas y estuvo en el Programa de Cooperaci\u00f3n Educativa de la Universidad Aut\u00f3noma de Madrid. \u00a0 Marcos siempre ha tenido su objetivo claro: ayudar a la creaci\u00f3n de negocios financieramente sostenibles a trav\u00e9s de una herramienta de facturaci\u00f3n que les permita ahorrar tiempo y tener la contabilidad bajo control. \u00a0 Marcos De La Cueva en los medios \u2014 Noticia sobre Kit Digital y Ley Antifraude (VeriFactu) en El Economista. \u2014 Noticia sobre Kit Digital y factura electr\u00f3nica obligatoria en Diario Jur\u00eddico. \u2014 Noticia sobre el a\u00f1o de transici\u00f3n para la factura electr\u00f3nica en Muy Pymes. \u2014 Entrevista sobre factura electr\u00f3nica obligatoria en Canal Sur. \u2014 Noticia sobre el informe factura electr\u00f3nica de TeamSystem en Channel Partner. \u2014 Charla sobre productividad y Ley Crea y Crece en El Economista. \u2014 Charla sobre factura electr\u00f3nica obligatoria en Muy Pymes. \u2014 Charla sobre digitalizaci\u00f3n aut\u00f3nomos y productividad en esdiario. \u2014 Charla sobre productividad y factura electr\u00f3nica en La Raz\u00f3n. \u2014 Charla sobre factura electr\u00f3nica obligatoria en Aut\u00f3nomos y Emprendedores. \u2014 Entrevista sobre Ley Antifraude y Ley Crea y Crece en Expansi\u00f3n. \u2014 Entrevista sobre Ley Antifraude y Ley Crea y Crece en La Raz\u00f3n. \u2014 Entrevista sobre factura electr\u00f3nica obligatoria en El Economista. \u2014 Comunicado Billin y TeamSystem en Business Insider. \u2014 Entrevista en Econom\u00eda Digital. \u2014 Entrevista en Ideas para tu empresa de Vodafone. \u2014 Entrevista en M\u00e1sQradio. \u2014 Entrevista en Armas para emprender de El M\u00e9todo Gallardo. \u2014 Entrevista en KFund. \u2014 Entrevista en AXA Seguros Espa\u00f1a. \u2014 Entrevista en GestionaRadio. \u00a0 Marcos De La Cueva en eventos \u00a0 \u2014 Participaci\u00f3n como ponente en Accountex Espa\u00f1a 2023. \u00a0 Tem\u00e1ticas de especializaci\u00f3n \u00a0 negocios | startups | contabilidad| fiscalidad | empresas| asesor\u00edas| autonomos | emprendedores | peque\u00f1os negocios | econom\u00eda | ADE | pymes | desarrollo de negocio\u00a0\",\"sameAs\":[\"https:\/\/www.billin.net\/\",\"https:\/\/www.linkedin.com\/in\/marcos-de-la-cueva-19750ba3\/\"],\"url\":\"https:\/\/www.billin.net\/blog\/author\/marcosdelacueva\/\",\"jobTitle\":\"CEO y cofundador de TS Facturas Billin\"}]}<\/script>\n<!-- \/ Yoast SEO plugin. -->","yoast_head_json":{"title":"Modelo 140 \u25b7 Solicitud de la Deducci\u00f3n por Maternidad - TeamSystem Facturas Billin","description":"El Modelo 140 tiene por objetivo ofrecer a las madres trabajadoras un anticipo a la deducci\u00f3n por maternidad de 100 euros mensuales.","robots":{"index":"index","follow":"follow","max-snippet":"max-snippet:-1","max-image-preview":"max-image-preview:large","max-video-preview":"max-video-preview:-1"},"canonical":"https:\/\/www.billin.net\/blog\/que-es-el-modelo-140\/","og_locale":"es_ES","og_type":"article","og_title":"Modelo 140 \u25b7 Solicitud de la Deducci\u00f3n por Maternidad - TeamSystem Facturas Billin","og_description":"El Modelo 140 tiene por objetivo ofrecer a las madres trabajadoras un anticipo a la deducci\u00f3n por maternidad de 100 euros mensuales.","og_url":"https:\/\/www.billin.net\/blog\/que-es-el-modelo-140\/","og_site_name":"Blog de TeamSystem Facturas Billin","article_publisher":"https:\/\/www.facebook.com\/EsBillin","article_published_time":"2018-06-14T22:00:00+00:00","article_modified_time":"2025-09-25T18:57:06+00:00","og_image":[{"width":1000,"height":667,"url":"https:\/\/www.billin.net\/blog\/wp-content\/uploads\/2018\/06\/modelo-140-tributario.jpg","type":"image\/jpeg"}],"author":"Marcos De La Cueva - CEO TeamSystem Facturas Billin","twitter_card":"summary_large_image","twitter_creator":"@Billin_ES","twitter_site":"@Billin_ES","twitter_misc":{"Escrito por":"Marcos De La Cueva - CEO TeamSystem Facturas Billin","Tiempo de lectura":"6 minutos"},"schema":{"@context":"https:\/\/schema.org","@graph":[{"@type":"Article","@id":"https:\/\/www.billin.net\/blog\/que-es-el-modelo-140\/#article","isPartOf":{"@id":"https:\/\/www.billin.net\/blog\/que-es-el-modelo-140\/"},"author":{"name":"Marcos De La Cueva - CEO TeamSystem Facturas Billin","@id":"https:\/\/www.billin.net\/blog\/#\/schema\/person\/d0339ee6e869234614541b1e80a793e7"},"headline":"Deducci\u00f3n por maternidad: qu\u00e9 es y c\u00f3mo solicitar la ayuda con el modelo 140","datePublished":"2018-06-14T22:00:00+00:00","dateModified":"2025-09-25T18:57:06+00:00","mainEntityOfPage":{"@id":"https:\/\/www.billin.net\/blog\/que-es-el-modelo-140\/"},"wordCount":1192,"commentCount":125,"publisher":{"@id":"https:\/\/www.billin.net\/blog\/#organization"},"image":{"@id":"https:\/\/www.billin.net\/blog\/que-es-el-modelo-140\/#primaryimage"},"thumbnailUrl":"https:\/\/www.billin.net\/blog\/wp-content\/uploads\/2018\/06\/modelo-140-tributario.jpg","articleSection":["Fiscalidad"],"inLanguage":"es","potentialAction":[{"@type":"CommentAction","name":"Comment","target":["https:\/\/www.billin.net\/blog\/que-es-el-modelo-140\/#respond"]}]},{"@type":"WebPage","@id":"https:\/\/www.billin.net\/blog\/que-es-el-modelo-140\/","url":"https:\/\/www.billin.net\/blog\/que-es-el-modelo-140\/","name":"Modelo 140 \u25b7 Solicitud de la Deducci\u00f3n por Maternidad - TeamSystem Facturas Billin","isPartOf":{"@id":"https:\/\/www.billin.net\/blog\/#website"},"primaryImageOfPage":{"@id":"https:\/\/www.billin.net\/blog\/que-es-el-modelo-140\/#primaryimage"},"image":{"@id":"https:\/\/www.billin.net\/blog\/que-es-el-modelo-140\/#primaryimage"},"thumbnailUrl":"https:\/\/www.billin.net\/blog\/wp-content\/uploads\/2018\/06\/modelo-140-tributario.jpg","datePublished":"2018-06-14T22:00:00+00:00","dateModified":"2025-09-25T18:57:06+00:00","description":"El Modelo 140 tiene por objetivo ofrecer a las madres trabajadoras un anticipo a la deducci\u00f3n por maternidad de 100 euros mensuales.","breadcrumb":{"@id":"https:\/\/www.billin.net\/blog\/que-es-el-modelo-140\/#breadcrumb"},"inLanguage":"es","potentialAction":[{"@type":"ReadAction","target":["https:\/\/www.billin.net\/blog\/que-es-el-modelo-140\/"]}]},{"@type":"ImageObject","inLanguage":"es","@id":"https:\/\/www.billin.net\/blog\/que-es-el-modelo-140\/#primaryimage","url":"https:\/\/www.billin.net\/blog\/wp-content\/uploads\/2018\/06\/modelo-140-tributario.jpg","contentUrl":"https:\/\/www.billin.net\/blog\/wp-content\/uploads\/2018\/06\/modelo-140-tributario.jpg","width":1000,"height":667,"caption":"modelo 140"},{"@type":"BreadcrumbList","@id":"https:\/\/www.billin.net\/blog\/que-es-el-modelo-140\/#breadcrumb","itemListElement":[{"@type":"ListItem","position":1,"name":"Blog","item":"https:\/\/www.billin.net\/blog\/"},{"@type":"ListItem","position":2,"name":"Fiscalidad","item":"https:\/\/www.billin.net\/blog\/fiscalidad\/"},{"@type":"ListItem","position":3,"name":"Deducci\u00f3n por maternidad: qu\u00e9 es y c\u00f3mo solicitar la ayuda con el modelo 140"}]},{"@type":"WebSite","@id":"https:\/\/www.billin.net\/blog\/#website","url":"https:\/\/www.billin.net\/blog\/","name":"Blog de Billin","description":"Mantente informado con el blog de TeamSystem Facturas Billin:  facturaci\u00f3n, legislaci\u00f3n, contabilidad, management y toda la informaci\u00f3n \u00fatil para pymes y aut\u00f3nomos.","publisher":{"@id":"https:\/\/www.billin.net\/blog\/#organization"},"potentialAction":[{"@type":"SearchAction","target":{"@type":"EntryPoint","urlTemplate":"https:\/\/www.billin.net\/blog\/?s={search_term_string}"},"query-input":{"@type":"PropertyValueSpecification","valueRequired":true,"valueName":"search_term_string"}}],"inLanguage":"es"},{"@type":"Organization","@id":"https:\/\/www.billin.net\/blog\/#organization","name":"Billin","alternateName":"Blog de Billin","url":"https:\/\/www.billin.net\/blog\/","logo":{"@type":"ImageObject","inLanguage":"es","@id":"https:\/\/www.billin.net\/blog\/#\/schema\/logo\/image\/","url":"https:\/\/www.billin.net\/blog\/wp-content\/uploads\/2019\/06\/logotipo-billin-blog-1.png","contentUrl":"https:\/\/www.billin.net\/blog\/wp-content\/uploads\/2019\/06\/logotipo-billin-blog-1.png","width":126,"height":50,"caption":"Billin"},"image":{"@id":"https:\/\/www.billin.net\/blog\/#\/schema\/logo\/image\/"},"sameAs":["https:\/\/www.facebook.com\/EsBillin","https:\/\/x.com\/Billin_ES","https:\/\/www.instagram.com\/billin_es\/","https:\/\/www.linkedin.com\/company\/billin-spain","https:\/\/www.youtube.com\/c\/BillinEsintercambiodefacturas\/"],"legalName":"MY EXPENSES SL","contactPoint":{"@type":"ContactPoint","telephone":"+34918318883","contactType":"customer service","email":"info@billin.eu","availableLanguage":"es"},"foundingDate":"2015","numberOfEmployees":{"@type":"QuantitativeValue","minValue":10,"maxValue":50},"parentOrganization":{"@type":"Organization","name":"TeamSystem","url":"https:\/\/www.teamsystem.com\/"},"description":"Billin es el programa de facturaci\u00f3n online de TeamSystem para aut\u00f3nomos y pymes en Espa\u00f1a. Permite crear facturas, controlar gastos y cumplir con Verifactu.","address":{"@type":"PostalAddress","streetAddress":"Calle Arturo Soria, 336","addressLocality":"Madrid","addressRegion":"Madrid","postalCode":"28033","addressCountry":"ES"}},{"@type":"Person","@id":"https:\/\/www.billin.net\/blog\/#\/schema\/person\/d0339ee6e869234614541b1e80a793e7","name":"Marcos De La Cueva - CEO TeamSystem Facturas Billin","image":{"@type":"ImageObject","inLanguage":"es","@id":"https:\/\/www.billin.net\/blog\/#\/schema\/person\/image\/","url":"https:\/\/www.billin.net\/blog\/wp-content\/uploads\/2023\/10\/marcos-color-150x150.png","contentUrl":"https:\/\/www.billin.net\/blog\/wp-content\/uploads\/2023\/10\/marcos-color-150x150.png","caption":"Marcos De La Cueva - CEO TeamSystem Facturas Billin"},"description":"Licenciado en ADE por la Universidad Aut\u00f3noma de Madrid, Marcos De la Cueva es CEO y cofundador de TeamSystem Facturas Billin, un programa online que lleva m\u00e1s de 9 a\u00f1os ayudando a aut\u00f3nomos, peque\u00f1os negocios y gestor\u00edas a digitalizar sus presupuestos, facturas, tickets y gastos. \u00a0 Sobre Marcos De La Cueva \u00a0 Apasionado por el mundo empresarial y la tecnolog\u00eda, curs\u00f3 su M\u00e1ster de Finanzas en la Universidad Pontificia de Comillas y estuvo en el Programa de Cooperaci\u00f3n Educativa de la Universidad Aut\u00f3noma de Madrid. \u00a0 Marcos siempre ha tenido su objetivo claro: ayudar a la creaci\u00f3n de negocios financieramente sostenibles a trav\u00e9s de una herramienta de facturaci\u00f3n que les permita ahorrar tiempo y tener la contabilidad bajo control. \u00a0 Marcos De La Cueva en los medios \u2014 Noticia sobre Kit Digital y Ley Antifraude (VeriFactu) en El Economista. \u2014 Noticia sobre Kit Digital y factura electr\u00f3nica obligatoria en Diario Jur\u00eddico. \u2014 Noticia sobre el a\u00f1o de transici\u00f3n para la factura electr\u00f3nica en Muy Pymes. \u2014 Entrevista sobre factura electr\u00f3nica obligatoria en Canal Sur. \u2014 Noticia sobre el informe factura electr\u00f3nica de TeamSystem en Channel Partner. \u2014 Charla sobre productividad y Ley Crea y Crece en El Economista. \u2014 Charla sobre factura electr\u00f3nica obligatoria en Muy Pymes. \u2014 Charla sobre digitalizaci\u00f3n aut\u00f3nomos y productividad en esdiario. \u2014 Charla sobre productividad y factura electr\u00f3nica en La Raz\u00f3n. \u2014 Charla sobre factura electr\u00f3nica obligatoria en Aut\u00f3nomos y Emprendedores. \u2014 Entrevista sobre Ley Antifraude y Ley Crea y Crece en Expansi\u00f3n. \u2014 Entrevista sobre Ley Antifraude y Ley Crea y Crece en La Raz\u00f3n. \u2014 Entrevista sobre factura electr\u00f3nica obligatoria en El Economista. \u2014 Comunicado Billin y TeamSystem en Business Insider. \u2014 Entrevista en Econom\u00eda Digital. \u2014 Entrevista en Ideas para tu empresa de Vodafone. \u2014 Entrevista en M\u00e1sQradio. \u2014 Entrevista en Armas para emprender de El M\u00e9todo Gallardo. \u2014 Entrevista en KFund. \u2014 Entrevista en AXA Seguros Espa\u00f1a. \u2014 Entrevista en GestionaRadio. \u00a0 Marcos De La Cueva en eventos \u00a0 \u2014 Participaci\u00f3n como ponente en Accountex Espa\u00f1a 2023. \u00a0 Tem\u00e1ticas de especializaci\u00f3n \u00a0 negocios | startups | contabilidad| fiscalidad | empresas| asesor\u00edas| autonomos | emprendedores | peque\u00f1os negocios | econom\u00eda | ADE | pymes | desarrollo de negocio\u00a0","sameAs":["https:\/\/www.billin.net\/","https:\/\/www.linkedin.com\/in\/marcos-de-la-cueva-19750ba3\/"],"url":"https:\/\/www.billin.net\/blog\/author\/marcosdelacueva\/","jobTitle":"CEO y cofundador de TS Facturas Billin"}]}},"_links":{"self":[{"href":"https:\/\/www.billin.net\/blog\/wp-json\/wp\/v2\/posts\/10591","targetHints":{"allow":["GET"]}}],"collection":[{"href":"https:\/\/www.billin.net\/blog\/wp-json\/wp\/v2\/posts"}],"about":[{"href":"https:\/\/www.billin.net\/blog\/wp-json\/wp\/v2\/types\/post"}],"author":[{"embeddable":true,"href":"https:\/\/www.billin.net\/blog\/wp-json\/wp\/v2\/users\/20"}],"replies":[{"embeddable":true,"href":"https:\/\/www.billin.net\/blog\/wp-json\/wp\/v2\/comments?post=10591"}],"version-history":[{"count":18,"href":"https:\/\/www.billin.net\/blog\/wp-json\/wp\/v2\/posts\/10591\/revisions"}],"predecessor-version":[{"id":27370,"href":"https:\/\/www.billin.net\/blog\/wp-json\/wp\/v2\/posts\/10591\/revisions\/27370"}],"wp:featuredmedia":[{"embeddable":true,"href":"https:\/\/www.billin.net\/blog\/wp-json\/wp\/v2\/media\/7436"}],"wp:attachment":[{"href":"https:\/\/www.billin.net\/blog\/wp-json\/wp\/v2\/media?parent=10591"}],"wp:term":[{"taxonomy":"category","embeddable":true,"href":"https:\/\/www.billin.net\/blog\/wp-json\/wp\/v2\/categories?post=10591"},{"taxonomy":"post_tag","embeddable":true,"href":"https:\/\/www.billin.net\/blog\/wp-json\/wp\/v2\/tags?post=10591"}],"curies":[{"name":"wp","href":"https:\/\/api.w.org\/{rel}","templated":true}]}}