{"id":10589,"date":"2018-06-13T00:00:00","date_gmt":"2018-06-12T22:00:00","guid":{"rendered":"https:\/\/www.billin.net\/blog\/trabajar-administracion-publica\/"},"modified":"2025-09-25T20:57:10","modified_gmt":"2025-09-25T18:57:10","slug":"trabajar-administracion-publica","status":"publish","type":"post","link":"https:\/\/www.billin.net\/blog\/trabajar-administracion-publica\/","title":{"rendered":"\u00bfC\u00f3mo trabajar para la Administraci\u00f3n P\u00fablica?"},"content":{"rendered":"<p>Hoy te mostramos como captar un nuevo cliente: \u201c<strong>La Administraci\u00f3n<\/strong>\u201d, una manera de ampliar tu negocio.<!--more--><\/p>\n<h2>La contrataci\u00f3n p\u00fablica.<\/h2>\n<p>Las Administraciones P\u00fablicas, convocan, eventualmente, <strong>concursos para que participen peque\u00f1as y medianas empresas<\/strong>, esto ser\u00eda una buena oportunidad para aumentar tu actividad de forma considerable.<\/p>\n<p>Si optamos por este camino, habr\u00e1 que tener en cuenta aspectos como, condiciones, tipos de contratos, el proceso de licitaci\u00f3n, las ventajas e inconvenientes.<\/p>\n<p>Veamos los <strong>sectores m\u00e1s comunes<\/strong> de estos concursos p\u00fablicos:<\/p>\n<ul>\n<li>Administrativo especial<\/li>\n<li>Contrato de Obras<\/li>\n<li>Concesi\u00f3n de obras p\u00fablicas<\/li>\n<li>Gesti\u00f3n de servicios p\u00fablicos<\/li>\n<li>Privado<\/li>\n<li>Colaboraci\u00f3n entre el sector privado y p\u00fablico<\/li>\n<\/ul>\n<p>Si tu actividad se engloba en uno de estos sectores, es interesante que te familiarices con el procedimiento de licitaci\u00f3n, y, sobre todo, aseg\u00farate que cumples todos los requisitos y condiciones para ser contratado por la Administraci\u00f3n P\u00fablica.<\/p>\n<p><img loading=\"lazy\" decoding=\"async\" class=\"aligncenter size-full wp-image-7333\" src=\"https:\/\/www.billin.net\/blog\/wp-content\/uploads\/2018\/06\/trabajar-para-administracion-min.jpg\" alt=\"\" width=\"1000\" height=\"666\" srcset=\"https:\/\/www.billin.net\/blog\/wp-content\/uploads\/2018\/06\/trabajar-para-administracion-min.jpg 1000w, https:\/\/www.billin.net\/blog\/wp-content\/uploads\/2018\/06\/trabajar-para-administracion-min-300x200.jpg 300w, https:\/\/www.billin.net\/blog\/wp-content\/uploads\/2018\/06\/trabajar-para-administracion-min-768x511.jpg 768w, https:\/\/www.billin.net\/blog\/wp-content\/uploads\/2018\/06\/trabajar-para-administracion-min-600x400.jpg 600w, https:\/\/www.billin.net\/blog\/wp-content\/uploads\/2018\/06\/trabajar-para-administracion-min-200x133.jpg 200w, https:\/\/www.billin.net\/blog\/wp-content\/uploads\/2018\/06\/trabajar-para-administracion-min-810x539.jpg 810w\" sizes=\"(max-width: 1000px) 100vw, 1000px\" \/><\/p>\n<h3>Procedimiento de Licitaci\u00f3n<\/h3>\n<p>Si nos encontramos en el caso de estar interesados en llevar a cabo un <strong>procedimiento de licitaci\u00f3n<\/strong> debemos seguir los siguientes pasos:<\/p>\n<ul>\n<li>Si el aut\u00f3nomo se encuentra interesado en distintos contratos, tendr\u00e1 que adjuntar a cada uno de ellos toda la documentaci\u00f3n necesaria para la verificaci\u00f3n de la empresa, adem\u00e1s de demostrar su solvencia econ\u00f3mica y t\u00e9cnica, la documentaci\u00f3n solicitada normalmente es:<\/li>\n<li>Escrituras de Constituci\u00f3n de la sociedad y cualquier operaci\u00f3n societaria realizada posteriormente<\/li>\n<li>CIF o DNI<\/li>\n<li>Alta en el IAE, la cual, debe coincidir con el objeto de la licitaci\u00f3n<\/li>\n<li>Expediente de Clasificaci\u00f3n de Empresa<\/li>\n<li>Datos relativos a la situaci\u00f3n econ\u00f3mica y financiera<\/li>\n<li>Certificado de estar al corriente tanto de la Seguridad Social como la Agencia Tributaria<\/li>\n<li>Resguardo de garant\u00eda si la solicitase el contrato<\/li>\n<li>Presentar avales<\/li>\n<\/ul>\n<p>La forma de presentaci\u00f3n de esta <strong>documentaci\u00f3n<\/strong> ser\u00e1 de la siguiente manera:<\/p>\n<ul>\n<li>Sobre 1: incluimos toda la documentaci\u00f3n administrativa de la empresa<\/li>\n<li>Sobre 2: aqu\u00ed, la documentaci\u00f3n de car\u00e1cter t\u00e9cnica<\/li>\n<li>Sobre 3: documentaci\u00f3n referente a criterios valorables<\/li>\n<\/ul>\n<h3>Valoraci\u00f3n y propuesta de adjudicaci\u00f3n<\/h3>\n<p>Este proceso de adjudicaci\u00f3n se realiza en una Mesa de Contrataci\u00f3n, cuya composici\u00f3n, se publicar\u00e1 al contratante, siete d\u00edas naturales, como m\u00ednimo, antes de la reuni\u00f3n, todo esto <strong>deber\u00e1 ser publicado en el Bolet\u00edn Oficial del Estado (BOE)<\/strong>, el Bolet\u00edn auton\u00f3mico o provincial, seg\u00fan al \u00e1mbito que corresponda la empresa contratante.<\/p>\n<p>Este \u00d3rgano de Contrataci\u00f3n ser\u00e1 quien comunique la licitaci\u00f3n al elegido provisional, para que presente toda la documentaci\u00f3n requerida en 10 d\u00edas.<\/p>\n<p>Una vez presentada toda la documentaci\u00f3n, el contrato se adjudicar\u00e1 en un plazo m\u00e1ximo de 5 d\u00edas.<\/p>\n<p>El anuncio de esta adjudicaci\u00f3n ser\u00e1 comunicado tanto al perfil del contratante como a los dem\u00e1s licitadores, siendo publicado en el Bolet\u00edn Oficial, el Auton\u00f3mico o el provincial, adem\u00e1s de su publicaci\u00f3n en varios peri\u00f3dicos de tirada nacional.<\/p>\n<h2>Los registros licitadores y la clasificaci\u00f3n<\/h2>\n<p>Una forma de agilizar la presentaci\u00f3n de las propuestas, ahorrando tiempo y costo con la preparaci\u00f3n de la documentaci\u00f3n administrativa, la Administraci\u00f3n P\u00fablica ha puesto en marcha un mecanismo que simplifica esta gesti\u00f3n, creando los <strong>Registros de Licitadores y la Clasificaci\u00f3n.<\/strong><\/p>\n<p>Todas las empresas que est\u00e9n inscritas en estos Registros estar\u00e1n exentas de tener que presentar toda la documentaci\u00f3n de su personalidad y capacidad de obrar, s\u00f3lo se incorporar\u00e1 una declaraci\u00f3n de responsable indicando que no se ha producido ninguna variaci\u00f3n.<\/p>\n<p>Existe un <a href=\"https:\/\/registrodelicitadores.gob.es\/rolece\/public\/inicio.action\">Registro nacional<\/a> donde se podr\u00e1 acceder con certificado digital las Comunidades Aut\u00f3nomos tambi\u00e9n poseen un registro similar.<\/p>\n<p>Adem\u00e1s de la inscripci\u00f3n de los licitadores, tambi\u00e9n podemos clasificarnos, donde se recoger\u00e1 la capacidad para llevar a cabo trabajos que requieran solvencia y una capacidad t\u00e9cnica concreta.<\/p>\n<p>De esta manera la empresa conseguir\u00e1 la <strong>clasificaci\u00f3n<\/strong> seg\u00fan el tipo de actividad espec\u00edfico y dentro de unos m\u00e1rgenes de solvencia econ\u00f3mica.<\/p>\n<p><img loading=\"lazy\" decoding=\"async\" class=\"aligncenter size-full wp-image-7335\" src=\"https:\/\/www.billin.net\/blog\/wp-content\/uploads\/2018\/06\/contratacion-publica-administracion-min.jpg\" alt=\"\" width=\"1000\" height=\"666\" srcset=\"https:\/\/www.billin.net\/blog\/wp-content\/uploads\/2018\/06\/contratacion-publica-administracion-min.jpg 1000w, https:\/\/www.billin.net\/blog\/wp-content\/uploads\/2018\/06\/contratacion-publica-administracion-min-300x200.jpg 300w, https:\/\/www.billin.net\/blog\/wp-content\/uploads\/2018\/06\/contratacion-publica-administracion-min-768x511.jpg 768w, https:\/\/www.billin.net\/blog\/wp-content\/uploads\/2018\/06\/contratacion-publica-administracion-min-600x400.jpg 600w, https:\/\/www.billin.net\/blog\/wp-content\/uploads\/2018\/06\/contratacion-publica-administracion-min-200x133.jpg 200w, https:\/\/www.billin.net\/blog\/wp-content\/uploads\/2018\/06\/contratacion-publica-administracion-min-810x539.jpg 810w\" sizes=\"(max-width: 1000px) 100vw, 1000px\" \/><\/p>\n<p>&nbsp;<\/p>\n<h2>Requisitos para contratar con la Administraci\u00f3n.<\/h2>\n<h3>Solvencia econ\u00f3mica y financiera:<\/h3>\n<p>Se acreditar\u00e1 mediante<strong> certificados de las entidades financiera<\/strong> o la existencia de un seguro indemnizatorio por riesgos profesionales.<\/p>\n<p>Habr\u00e1 que adjuntar justificante de la presentaci\u00f3n de las Cuentas Anuales en el Registro que corresponda, en caso de no tener obligaci\u00f3n, deber\u00e1n presentar los libros contables debidamente legalizados.<\/p>\n<p>Tambi\u00e9n las declaraciones del volumen de negocios de los tres \u00faltimos a\u00f1os.<\/p>\n<h3>Solvencia t\u00e9cnica y profesional:<\/h3>\n<p>Se adjuntar\u00e1 una relaci\u00f3n de los <strong>servicios o trabajos realizados en los tres \u00faltimos a\u00f1os<\/strong>, incluyendo fechas, importes y destinatarios.<\/p>\n<p>Indicar el personal encargado del control de la calidad, describir las instalaciones y las medidas utilizadas para mejorar la calidad.<\/p>\n<p>Titulaciones acad\u00e9micas y profesionales del empresario, adem\u00e1s de la declaraci\u00f3n de la media de plantilla en los tres \u00faltimos a\u00f1os<\/p>\n<p>Por \u00faltimo, indicar la maquinaria, material y equipo t\u00e9cnico, del que dispondremos para la ejecuci\u00f3n de los trabajos, adem\u00e1s de indicar la parte que se va a subcontratar.<\/p>\n","protected":false},"excerpt":{"rendered":"<p>Hoy te mostramos como captar un nuevo cliente: \u201cLa Administraci\u00f3n\u201d, una manera de ampliar tu negocio.<\/p>\n","protected":false},"author":20,"featured_media":7334,"comment_status":"open","ping_status":"open","sticky":false,"template":"","format":"standard","meta":{"_acf_changed":false,"_et_pb_use_builder":"","_et_pb_old_content":"","_et_gb_content_width":"","om_disable_all_campaigns":false,"inline_featured_image":false,"footnotes":""},"categories":[1023],"tags":[],"class_list":{"0":"post-10589","1":"post","2":"type-post","3":"status-publish","4":"format-standard","5":"has-post-thumbnail","7":"category-negocios"},"acf":{"selector_de_usuario":null,"fecha_de_revision":"20191120"},"yoast_head":"<!-- This site is optimized with the Yoast SEO plugin v27.1 - https:\/\/yoast.com\/product\/yoast-seo-wordpress\/ -->\n<title>\u00bfC\u00f3mo trabajar para la Administraci\u00f3n P\u00fablica? - Blog de TeamSystem Facturas Billin<\/title>\n<meta name=\"description\" content=\"Las Administraciones P\u00fablicas convocan concursos para que participen peque\u00f1as y medianas empresas, siendo una oportunidad considerable.\" \/>\n<meta name=\"robots\" content=\"index, follow, max-snippet:-1, max-image-preview:large, max-video-preview:-1\" \/>\n<link rel=\"canonical\" href=\"https:\/\/www.billin.net\/blog\/trabajar-administracion-publica\/\" \/>\n<meta property=\"og:locale\" content=\"es_ES\" \/>\n<meta property=\"og:type\" content=\"article\" \/>\n<meta property=\"og:title\" content=\"\u00bfC\u00f3mo trabajar para la Administraci\u00f3n P\u00fablica? - Blog de TeamSystem Facturas Billin\" \/>\n<meta property=\"og:description\" content=\"Las Administraciones P\u00fablicas convocan concursos para que participen peque\u00f1as y medianas empresas, siendo una oportunidad considerable.\" \/>\n<meta property=\"og:url\" content=\"https:\/\/www.billin.net\/blog\/trabajar-administracion-publica\/\" \/>\n<meta property=\"og:site_name\" content=\"Blog de TeamSystem Facturas Billin\" \/>\n<meta property=\"article:publisher\" content=\"https:\/\/www.facebook.com\/EsBillin\" \/>\n<meta property=\"article:published_time\" content=\"2018-06-12T22:00:00+00:00\" \/>\n<meta property=\"article:modified_time\" content=\"2025-09-25T18:57:10+00:00\" \/>\n<meta property=\"og:image\" content=\"https:\/\/www.billin.net\/blog\/wp-content\/uploads\/2018\/06\/trabajar-administracion-min.jpg\" \/>\n\t<meta property=\"og:image:width\" content=\"1000\" \/>\n\t<meta property=\"og:image:height\" content=\"666\" \/>\n\t<meta property=\"og:image:type\" content=\"image\/jpeg\" \/>\n<meta name=\"author\" content=\"Marcos De La Cueva - CEO TeamSystem Facturas Billin\" \/>\n<meta name=\"twitter:card\" content=\"summary_large_image\" \/>\n<meta name=\"twitter:creator\" content=\"@Billin_ES\" \/>\n<meta name=\"twitter:site\" content=\"@Billin_ES\" \/>\n<meta name=\"twitter:label1\" content=\"Escrito por\" \/>\n\t<meta name=\"twitter:data1\" content=\"Marcos De La Cueva - CEO TeamSystem Facturas Billin\" \/>\n\t<meta name=\"twitter:label2\" content=\"Tiempo de lectura\" \/>\n\t<meta name=\"twitter:data2\" content=\"4 minutos\" \/>\n<script type=\"application\/ld+json\" class=\"yoast-schema-graph\">{\"@context\":\"https:\/\/schema.org\",\"@graph\":[{\"@type\":\"Article\",\"@id\":\"https:\/\/www.billin.net\/blog\/trabajar-administracion-publica\/#article\",\"isPartOf\":{\"@id\":\"https:\/\/www.billin.net\/blog\/trabajar-administracion-publica\/\"},\"author\":{\"name\":\"Marcos De La Cueva - CEO TeamSystem Facturas Billin\",\"@id\":\"https:\/\/www.billin.net\/blog\/#\/schema\/person\/d0339ee6e869234614541b1e80a793e7\"},\"headline\":\"\u00bfC\u00f3mo trabajar para la Administraci\u00f3n P\u00fablica?\",\"datePublished\":\"2018-06-12T22:00:00+00:00\",\"dateModified\":\"2025-09-25T18:57:10+00:00\",\"mainEntityOfPage\":{\"@id\":\"https:\/\/www.billin.net\/blog\/trabajar-administracion-publica\/\"},\"wordCount\":869,\"commentCount\":0,\"publisher\":{\"@id\":\"https:\/\/www.billin.net\/blog\/#organization\"},\"image\":{\"@id\":\"https:\/\/www.billin.net\/blog\/trabajar-administracion-publica\/#primaryimage\"},\"thumbnailUrl\":\"https:\/\/www.billin.net\/blog\/wp-content\/uploads\/2018\/06\/trabajar-administracion-min.jpg\",\"articleSection\":[\"Negocios\"],\"inLanguage\":\"es\",\"potentialAction\":[{\"@type\":\"CommentAction\",\"name\":\"Comment\",\"target\":[\"https:\/\/www.billin.net\/blog\/trabajar-administracion-publica\/#respond\"]}]},{\"@type\":\"WebPage\",\"@id\":\"https:\/\/www.billin.net\/blog\/trabajar-administracion-publica\/\",\"url\":\"https:\/\/www.billin.net\/blog\/trabajar-administracion-publica\/\",\"name\":\"\u00bfC\u00f3mo trabajar para la Administraci\u00f3n P\u00fablica? - Blog de TeamSystem Facturas Billin\",\"isPartOf\":{\"@id\":\"https:\/\/www.billin.net\/blog\/#website\"},\"primaryImageOfPage\":{\"@id\":\"https:\/\/www.billin.net\/blog\/trabajar-administracion-publica\/#primaryimage\"},\"image\":{\"@id\":\"https:\/\/www.billin.net\/blog\/trabajar-administracion-publica\/#primaryimage\"},\"thumbnailUrl\":\"https:\/\/www.billin.net\/blog\/wp-content\/uploads\/2018\/06\/trabajar-administracion-min.jpg\",\"datePublished\":\"2018-06-12T22:00:00+00:00\",\"dateModified\":\"2025-09-25T18:57:10+00:00\",\"description\":\"Las Administraciones P\u00fablicas convocan concursos para que participen peque\u00f1as y medianas empresas, siendo una oportunidad considerable.\",\"breadcrumb\":{\"@id\":\"https:\/\/www.billin.net\/blog\/trabajar-administracion-publica\/#breadcrumb\"},\"inLanguage\":\"es\",\"potentialAction\":[{\"@type\":\"ReadAction\",\"target\":[\"https:\/\/www.billin.net\/blog\/trabajar-administracion-publica\/\"]}]},{\"@type\":\"ImageObject\",\"inLanguage\":\"es\",\"@id\":\"https:\/\/www.billin.net\/blog\/trabajar-administracion-publica\/#primaryimage\",\"url\":\"https:\/\/www.billin.net\/blog\/wp-content\/uploads\/2018\/06\/trabajar-administracion-min.jpg\",\"contentUrl\":\"https:\/\/www.billin.net\/blog\/wp-content\/uploads\/2018\/06\/trabajar-administracion-min.jpg\",\"width\":1000,\"height\":666},{\"@type\":\"BreadcrumbList\",\"@id\":\"https:\/\/www.billin.net\/blog\/trabajar-administracion-publica\/#breadcrumb\",\"itemListElement\":[{\"@type\":\"ListItem\",\"position\":1,\"name\":\"Blog\",\"item\":\"https:\/\/www.billin.net\/blog\/\"},{\"@type\":\"ListItem\",\"position\":2,\"name\":\"Negocios\",\"item\":\"https:\/\/www.billin.net\/blog\/negocios\/\"},{\"@type\":\"ListItem\",\"position\":3,\"name\":\"\u00bfC\u00f3mo trabajar para la Administraci\u00f3n P\u00fablica?\"}]},{\"@type\":\"WebSite\",\"@id\":\"https:\/\/www.billin.net\/blog\/#website\",\"url\":\"https:\/\/www.billin.net\/blog\/\",\"name\":\"Blog de Billin\",\"description\":\"Mantente informado con el blog de TeamSystem Facturas Billin:  facturaci\u00f3n, legislaci\u00f3n, contabilidad, management y toda la informaci\u00f3n \u00fatil para pymes y aut\u00f3nomos.\",\"publisher\":{\"@id\":\"https:\/\/www.billin.net\/blog\/#organization\"},\"potentialAction\":[{\"@type\":\"SearchAction\",\"target\":{\"@type\":\"EntryPoint\",\"urlTemplate\":\"https:\/\/www.billin.net\/blog\/?s={search_term_string}\"},\"query-input\":{\"@type\":\"PropertyValueSpecification\",\"valueRequired\":true,\"valueName\":\"search_term_string\"}}],\"inLanguage\":\"es\"},{\"@type\":\"Organization\",\"@id\":\"https:\/\/www.billin.net\/blog\/#organization\",\"name\":\"Billin\",\"alternateName\":\"Blog de Billin\",\"url\":\"https:\/\/www.billin.net\/blog\/\",\"logo\":{\"@type\":\"ImageObject\",\"inLanguage\":\"es\",\"@id\":\"https:\/\/www.billin.net\/blog\/#\/schema\/logo\/image\/\",\"url\":\"https:\/\/www.billin.net\/blog\/wp-content\/uploads\/2019\/06\/logotipo-billin-blog-1.png\",\"contentUrl\":\"https:\/\/www.billin.net\/blog\/wp-content\/uploads\/2019\/06\/logotipo-billin-blog-1.png\",\"width\":126,\"height\":50,\"caption\":\"Billin\"},\"image\":{\"@id\":\"https:\/\/www.billin.net\/blog\/#\/schema\/logo\/image\/\"},\"sameAs\":[\"https:\/\/www.facebook.com\/EsBillin\",\"https:\/\/x.com\/Billin_ES\",\"https:\/\/www.instagram.com\/billin_es\/\",\"https:\/\/www.linkedin.com\/company\/billin-spain\",\"https:\/\/www.youtube.com\/c\/BillinEsintercambiodefacturas\/\"],\"legalName\":\"MY EXPENSES SL\",\"contactPoint\":{\"@type\":\"ContactPoint\",\"telephone\":\"+34918318883\",\"contactType\":\"customer service\",\"email\":\"info@billin.eu\",\"availableLanguage\":\"es\"},\"foundingDate\":\"2015\",\"numberOfEmployees\":{\"@type\":\"QuantitativeValue\",\"minValue\":10,\"maxValue\":50},\"parentOrganization\":{\"@type\":\"Organization\",\"name\":\"TeamSystem\",\"url\":\"https:\/\/www.teamsystem.com\/\"},\"description\":\"Billin es el programa de facturaci\u00f3n online de TeamSystem para aut\u00f3nomos y pymes en Espa\u00f1a. Permite crear facturas, controlar gastos y cumplir con Verifactu.\",\"address\":{\"@type\":\"PostalAddress\",\"streetAddress\":\"Calle Arturo Soria, 336\",\"addressLocality\":\"Madrid\",\"addressRegion\":\"Madrid\",\"postalCode\":\"28033\",\"addressCountry\":\"ES\"}},{\"@type\":\"Person\",\"@id\":\"https:\/\/www.billin.net\/blog\/#\/schema\/person\/d0339ee6e869234614541b1e80a793e7\",\"name\":\"Marcos De La Cueva - CEO TeamSystem Facturas Billin\",\"image\":{\"@type\":\"ImageObject\",\"inLanguage\":\"es\",\"@id\":\"https:\/\/www.billin.net\/blog\/#\/schema\/person\/image\/\",\"url\":\"https:\/\/www.billin.net\/blog\/wp-content\/uploads\/2023\/10\/marcos-color-150x150.png\",\"contentUrl\":\"https:\/\/www.billin.net\/blog\/wp-content\/uploads\/2023\/10\/marcos-color-150x150.png\",\"caption\":\"Marcos De La Cueva - CEO TeamSystem Facturas Billin\"},\"description\":\"Licenciado en ADE por la Universidad Aut\u00f3noma de Madrid, Marcos De la Cueva es CEO y cofundador de TeamSystem Facturas Billin, un programa online que lleva m\u00e1s de 9 a\u00f1os ayudando a aut\u00f3nomos, peque\u00f1os negocios y gestor\u00edas a digitalizar sus presupuestos, facturas, tickets y gastos. \u00a0 Sobre Marcos De La Cueva \u00a0 Apasionado por el mundo empresarial y la tecnolog\u00eda, curs\u00f3 su M\u00e1ster de Finanzas en la Universidad Pontificia de Comillas y estuvo en el Programa de Cooperaci\u00f3n Educativa de la Universidad Aut\u00f3noma de Madrid. \u00a0 Marcos siempre ha tenido su objetivo claro: ayudar a la creaci\u00f3n de negocios financieramente sostenibles a trav\u00e9s de una herramienta de facturaci\u00f3n que les permita ahorrar tiempo y tener la contabilidad bajo control. \u00a0 Marcos De La Cueva en los medios \u2014 Noticia sobre Kit Digital y Ley Antifraude (VeriFactu) en El Economista. \u2014 Noticia sobre Kit Digital y factura electr\u00f3nica obligatoria en Diario Jur\u00eddico. \u2014 Noticia sobre el a\u00f1o de transici\u00f3n para la factura electr\u00f3nica en Muy Pymes. \u2014 Entrevista sobre factura electr\u00f3nica obligatoria en Canal Sur. \u2014 Noticia sobre el informe factura electr\u00f3nica de TeamSystem en Channel Partner. \u2014 Charla sobre productividad y Ley Crea y Crece en El Economista. \u2014 Charla sobre factura electr\u00f3nica obligatoria en Muy Pymes. \u2014 Charla sobre digitalizaci\u00f3n aut\u00f3nomos y productividad en esdiario. \u2014 Charla sobre productividad y factura electr\u00f3nica en La Raz\u00f3n. \u2014 Charla sobre factura electr\u00f3nica obligatoria en Aut\u00f3nomos y Emprendedores. \u2014 Entrevista sobre Ley Antifraude y Ley Crea y Crece en Expansi\u00f3n. \u2014 Entrevista sobre Ley Antifraude y Ley Crea y Crece en La Raz\u00f3n. \u2014 Entrevista sobre factura electr\u00f3nica obligatoria en El Economista. \u2014 Comunicado Billin y TeamSystem en Business Insider. \u2014 Entrevista en Econom\u00eda Digital. \u2014 Entrevista en Ideas para tu empresa de Vodafone. \u2014 Entrevista en M\u00e1sQradio. \u2014 Entrevista en Armas para emprender de El M\u00e9todo Gallardo. \u2014 Entrevista en KFund. \u2014 Entrevista en AXA Seguros Espa\u00f1a. \u2014 Entrevista en GestionaRadio. \u00a0 Marcos De La Cueva en eventos \u00a0 \u2014 Participaci\u00f3n como ponente en Accountex Espa\u00f1a 2023. \u00a0 Tem\u00e1ticas de especializaci\u00f3n \u00a0 negocios | startups | contabilidad| fiscalidad | empresas| asesor\u00edas| autonomos | emprendedores | peque\u00f1os negocios | econom\u00eda | ADE | pymes | desarrollo de negocio\u00a0\",\"sameAs\":[\"https:\/\/www.billin.net\/\",\"https:\/\/www.linkedin.com\/in\/marcos-de-la-cueva-19750ba3\/\"],\"url\":\"https:\/\/www.billin.net\/blog\/author\/marcosdelacueva\/\",\"jobTitle\":\"CEO y cofundador de TS Facturas Billin\"}]}<\/script>\n<!-- \/ Yoast SEO plugin. -->","yoast_head_json":{"title":"\u00bfC\u00f3mo trabajar para la Administraci\u00f3n P\u00fablica? - Blog de TeamSystem Facturas Billin","description":"Las Administraciones P\u00fablicas convocan concursos para que participen peque\u00f1as y medianas empresas, siendo una oportunidad considerable.","robots":{"index":"index","follow":"follow","max-snippet":"max-snippet:-1","max-image-preview":"max-image-preview:large","max-video-preview":"max-video-preview:-1"},"canonical":"https:\/\/www.billin.net\/blog\/trabajar-administracion-publica\/","og_locale":"es_ES","og_type":"article","og_title":"\u00bfC\u00f3mo trabajar para la Administraci\u00f3n P\u00fablica? - Blog de TeamSystem Facturas Billin","og_description":"Las Administraciones P\u00fablicas convocan concursos para que participen peque\u00f1as y medianas empresas, siendo una oportunidad considerable.","og_url":"https:\/\/www.billin.net\/blog\/trabajar-administracion-publica\/","og_site_name":"Blog de TeamSystem Facturas Billin","article_publisher":"https:\/\/www.facebook.com\/EsBillin","article_published_time":"2018-06-12T22:00:00+00:00","article_modified_time":"2025-09-25T18:57:10+00:00","og_image":[{"width":1000,"height":666,"url":"https:\/\/www.billin.net\/blog\/wp-content\/uploads\/2018\/06\/trabajar-administracion-min.jpg","type":"image\/jpeg"}],"author":"Marcos De La Cueva - CEO TeamSystem Facturas Billin","twitter_card":"summary_large_image","twitter_creator":"@Billin_ES","twitter_site":"@Billin_ES","twitter_misc":{"Escrito por":"Marcos De La Cueva - CEO TeamSystem Facturas Billin","Tiempo de lectura":"4 minutos"},"schema":{"@context":"https:\/\/schema.org","@graph":[{"@type":"Article","@id":"https:\/\/www.billin.net\/blog\/trabajar-administracion-publica\/#article","isPartOf":{"@id":"https:\/\/www.billin.net\/blog\/trabajar-administracion-publica\/"},"author":{"name":"Marcos De La Cueva - CEO TeamSystem Facturas Billin","@id":"https:\/\/www.billin.net\/blog\/#\/schema\/person\/d0339ee6e869234614541b1e80a793e7"},"headline":"\u00bfC\u00f3mo trabajar para la Administraci\u00f3n P\u00fablica?","datePublished":"2018-06-12T22:00:00+00:00","dateModified":"2025-09-25T18:57:10+00:00","mainEntityOfPage":{"@id":"https:\/\/www.billin.net\/blog\/trabajar-administracion-publica\/"},"wordCount":869,"commentCount":0,"publisher":{"@id":"https:\/\/www.billin.net\/blog\/#organization"},"image":{"@id":"https:\/\/www.billin.net\/blog\/trabajar-administracion-publica\/#primaryimage"},"thumbnailUrl":"https:\/\/www.billin.net\/blog\/wp-content\/uploads\/2018\/06\/trabajar-administracion-min.jpg","articleSection":["Negocios"],"inLanguage":"es","potentialAction":[{"@type":"CommentAction","name":"Comment","target":["https:\/\/www.billin.net\/blog\/trabajar-administracion-publica\/#respond"]}]},{"@type":"WebPage","@id":"https:\/\/www.billin.net\/blog\/trabajar-administracion-publica\/","url":"https:\/\/www.billin.net\/blog\/trabajar-administracion-publica\/","name":"\u00bfC\u00f3mo trabajar para la Administraci\u00f3n P\u00fablica? - Blog de TeamSystem Facturas Billin","isPartOf":{"@id":"https:\/\/www.billin.net\/blog\/#website"},"primaryImageOfPage":{"@id":"https:\/\/www.billin.net\/blog\/trabajar-administracion-publica\/#primaryimage"},"image":{"@id":"https:\/\/www.billin.net\/blog\/trabajar-administracion-publica\/#primaryimage"},"thumbnailUrl":"https:\/\/www.billin.net\/blog\/wp-content\/uploads\/2018\/06\/trabajar-administracion-min.jpg","datePublished":"2018-06-12T22:00:00+00:00","dateModified":"2025-09-25T18:57:10+00:00","description":"Las Administraciones P\u00fablicas convocan concursos para que participen peque\u00f1as y medianas empresas, siendo una oportunidad considerable.","breadcrumb":{"@id":"https:\/\/www.billin.net\/blog\/trabajar-administracion-publica\/#breadcrumb"},"inLanguage":"es","potentialAction":[{"@type":"ReadAction","target":["https:\/\/www.billin.net\/blog\/trabajar-administracion-publica\/"]}]},{"@type":"ImageObject","inLanguage":"es","@id":"https:\/\/www.billin.net\/blog\/trabajar-administracion-publica\/#primaryimage","url":"https:\/\/www.billin.net\/blog\/wp-content\/uploads\/2018\/06\/trabajar-administracion-min.jpg","contentUrl":"https:\/\/www.billin.net\/blog\/wp-content\/uploads\/2018\/06\/trabajar-administracion-min.jpg","width":1000,"height":666},{"@type":"BreadcrumbList","@id":"https:\/\/www.billin.net\/blog\/trabajar-administracion-publica\/#breadcrumb","itemListElement":[{"@type":"ListItem","position":1,"name":"Blog","item":"https:\/\/www.billin.net\/blog\/"},{"@type":"ListItem","position":2,"name":"Negocios","item":"https:\/\/www.billin.net\/blog\/negocios\/"},{"@type":"ListItem","position":3,"name":"\u00bfC\u00f3mo trabajar para la Administraci\u00f3n P\u00fablica?"}]},{"@type":"WebSite","@id":"https:\/\/www.billin.net\/blog\/#website","url":"https:\/\/www.billin.net\/blog\/","name":"Blog de Billin","description":"Mantente informado con el blog de TeamSystem Facturas Billin:  facturaci\u00f3n, legislaci\u00f3n, contabilidad, management y toda la informaci\u00f3n \u00fatil para pymes y aut\u00f3nomos.","publisher":{"@id":"https:\/\/www.billin.net\/blog\/#organization"},"potentialAction":[{"@type":"SearchAction","target":{"@type":"EntryPoint","urlTemplate":"https:\/\/www.billin.net\/blog\/?s={search_term_string}"},"query-input":{"@type":"PropertyValueSpecification","valueRequired":true,"valueName":"search_term_string"}}],"inLanguage":"es"},{"@type":"Organization","@id":"https:\/\/www.billin.net\/blog\/#organization","name":"Billin","alternateName":"Blog de Billin","url":"https:\/\/www.billin.net\/blog\/","logo":{"@type":"ImageObject","inLanguage":"es","@id":"https:\/\/www.billin.net\/blog\/#\/schema\/logo\/image\/","url":"https:\/\/www.billin.net\/blog\/wp-content\/uploads\/2019\/06\/logotipo-billin-blog-1.png","contentUrl":"https:\/\/www.billin.net\/blog\/wp-content\/uploads\/2019\/06\/logotipo-billin-blog-1.png","width":126,"height":50,"caption":"Billin"},"image":{"@id":"https:\/\/www.billin.net\/blog\/#\/schema\/logo\/image\/"},"sameAs":["https:\/\/www.facebook.com\/EsBillin","https:\/\/x.com\/Billin_ES","https:\/\/www.instagram.com\/billin_es\/","https:\/\/www.linkedin.com\/company\/billin-spain","https:\/\/www.youtube.com\/c\/BillinEsintercambiodefacturas\/"],"legalName":"MY EXPENSES SL","contactPoint":{"@type":"ContactPoint","telephone":"+34918318883","contactType":"customer service","email":"info@billin.eu","availableLanguage":"es"},"foundingDate":"2015","numberOfEmployees":{"@type":"QuantitativeValue","minValue":10,"maxValue":50},"parentOrganization":{"@type":"Organization","name":"TeamSystem","url":"https:\/\/www.teamsystem.com\/"},"description":"Billin es el programa de facturaci\u00f3n online de TeamSystem para aut\u00f3nomos y pymes en Espa\u00f1a. Permite crear facturas, controlar gastos y cumplir con Verifactu.","address":{"@type":"PostalAddress","streetAddress":"Calle Arturo Soria, 336","addressLocality":"Madrid","addressRegion":"Madrid","postalCode":"28033","addressCountry":"ES"}},{"@type":"Person","@id":"https:\/\/www.billin.net\/blog\/#\/schema\/person\/d0339ee6e869234614541b1e80a793e7","name":"Marcos De La Cueva - CEO TeamSystem Facturas Billin","image":{"@type":"ImageObject","inLanguage":"es","@id":"https:\/\/www.billin.net\/blog\/#\/schema\/person\/image\/","url":"https:\/\/www.billin.net\/blog\/wp-content\/uploads\/2023\/10\/marcos-color-150x150.png","contentUrl":"https:\/\/www.billin.net\/blog\/wp-content\/uploads\/2023\/10\/marcos-color-150x150.png","caption":"Marcos De La Cueva - CEO TeamSystem Facturas Billin"},"description":"Licenciado en ADE por la Universidad Aut\u00f3noma de Madrid, Marcos De la Cueva es CEO y cofundador de TeamSystem Facturas Billin, un programa online que lleva m\u00e1s de 9 a\u00f1os ayudando a aut\u00f3nomos, peque\u00f1os negocios y gestor\u00edas a digitalizar sus presupuestos, facturas, tickets y gastos. \u00a0 Sobre Marcos De La Cueva \u00a0 Apasionado por el mundo empresarial y la tecnolog\u00eda, curs\u00f3 su M\u00e1ster de Finanzas en la Universidad Pontificia de Comillas y estuvo en el Programa de Cooperaci\u00f3n Educativa de la Universidad Aut\u00f3noma de Madrid. \u00a0 Marcos siempre ha tenido su objetivo claro: ayudar a la creaci\u00f3n de negocios financieramente sostenibles a trav\u00e9s de una herramienta de facturaci\u00f3n que les permita ahorrar tiempo y tener la contabilidad bajo control. \u00a0 Marcos De La Cueva en los medios \u2014 Noticia sobre Kit Digital y Ley Antifraude (VeriFactu) en El Economista. \u2014 Noticia sobre Kit Digital y factura electr\u00f3nica obligatoria en Diario Jur\u00eddico. \u2014 Noticia sobre el a\u00f1o de transici\u00f3n para la factura electr\u00f3nica en Muy Pymes. \u2014 Entrevista sobre factura electr\u00f3nica obligatoria en Canal Sur. \u2014 Noticia sobre el informe factura electr\u00f3nica de TeamSystem en Channel Partner. \u2014 Charla sobre productividad y Ley Crea y Crece en El Economista. \u2014 Charla sobre factura electr\u00f3nica obligatoria en Muy Pymes. \u2014 Charla sobre digitalizaci\u00f3n aut\u00f3nomos y productividad en esdiario. \u2014 Charla sobre productividad y factura electr\u00f3nica en La Raz\u00f3n. \u2014 Charla sobre factura electr\u00f3nica obligatoria en Aut\u00f3nomos y Emprendedores. \u2014 Entrevista sobre Ley Antifraude y Ley Crea y Crece en Expansi\u00f3n. \u2014 Entrevista sobre Ley Antifraude y Ley Crea y Crece en La Raz\u00f3n. \u2014 Entrevista sobre factura electr\u00f3nica obligatoria en El Economista. \u2014 Comunicado Billin y TeamSystem en Business Insider. \u2014 Entrevista en Econom\u00eda Digital. \u2014 Entrevista en Ideas para tu empresa de Vodafone. \u2014 Entrevista en M\u00e1sQradio. \u2014 Entrevista en Armas para emprender de El M\u00e9todo Gallardo. \u2014 Entrevista en KFund. \u2014 Entrevista en AXA Seguros Espa\u00f1a. \u2014 Entrevista en GestionaRadio. \u00a0 Marcos De La Cueva en eventos \u00a0 \u2014 Participaci\u00f3n como ponente en Accountex Espa\u00f1a 2023. \u00a0 Tem\u00e1ticas de especializaci\u00f3n \u00a0 negocios | startups | contabilidad| fiscalidad | empresas| asesor\u00edas| autonomos | emprendedores | peque\u00f1os negocios | econom\u00eda | ADE | pymes | desarrollo de negocio\u00a0","sameAs":["https:\/\/www.billin.net\/","https:\/\/www.linkedin.com\/in\/marcos-de-la-cueva-19750ba3\/"],"url":"https:\/\/www.billin.net\/blog\/author\/marcosdelacueva\/","jobTitle":"CEO y cofundador de TS Facturas Billin"}]}},"_links":{"self":[{"href":"https:\/\/www.billin.net\/blog\/wp-json\/wp\/v2\/posts\/10589","targetHints":{"allow":["GET"]}}],"collection":[{"href":"https:\/\/www.billin.net\/blog\/wp-json\/wp\/v2\/posts"}],"about":[{"href":"https:\/\/www.billin.net\/blog\/wp-json\/wp\/v2\/types\/post"}],"author":[{"embeddable":true,"href":"https:\/\/www.billin.net\/blog\/wp-json\/wp\/v2\/users\/20"}],"replies":[{"embeddable":true,"href":"https:\/\/www.billin.net\/blog\/wp-json\/wp\/v2\/comments?post=10589"}],"version-history":[{"count":5,"href":"https:\/\/www.billin.net\/blog\/wp-json\/wp\/v2\/posts\/10589\/revisions"}],"predecessor-version":[{"id":27372,"href":"https:\/\/www.billin.net\/blog\/wp-json\/wp\/v2\/posts\/10589\/revisions\/27372"}],"wp:featuredmedia":[{"embeddable":true,"href":"https:\/\/www.billin.net\/blog\/wp-json\/wp\/v2\/media\/7334"}],"wp:attachment":[{"href":"https:\/\/www.billin.net\/blog\/wp-json\/wp\/v2\/media?parent=10589"}],"wp:term":[{"taxonomy":"category","embeddable":true,"href":"https:\/\/www.billin.net\/blog\/wp-json\/wp\/v2\/categories?post=10589"},{"taxonomy":"post_tag","embeddable":true,"href":"https:\/\/www.billin.net\/blog\/wp-json\/wp\/v2\/tags?post=10589"}],"curies":[{"name":"wp","href":"https:\/\/api.w.org\/{rel}","templated":true}]}}