{"id":10587,"date":"2018-06-11T00:00:00","date_gmt":"2018-06-10T22:00:00","guid":{"rendered":"https:\/\/www.billin.net\/blog\/aplazamiento-o-fraccionamiento\/"},"modified":"2025-09-25T20:57:15","modified_gmt":"2025-09-25T18:57:15","slug":"aplazamiento-o-fraccionamiento","status":"publish","type":"post","link":"https:\/\/www.billin.net\/blog\/aplazamiento-o-fraccionamiento\/","title":{"rendered":"\u00bfAplazamiento o fraccionamiento de IVA?"},"content":{"rendered":"<p>\u00bfTienes una<a href=\"https:\/\/www.billin.net\/glosario\/definicion-deuda\/\"><strong> deuda fiscal<\/strong><\/a>?, no te preocupes, puedes aplazar el IVA o fraccionarlo con la Administraci\u00f3n, en este art\u00edculo te explicamos los requisitos para solicitar el aplazamiento o fraccionamiento de tus impuestos.<!--more--><\/p>\n<h2>Diferencia entre aplazar y fraccionar<\/h2>\n<p>Para explicar un poco mejor estos conceptos hablaremos del impuesto m\u00e1s conocido por todos y que m\u00e1s trae de cabeza a todos: el IVA<\/p>\n<h3>Aplazamiento del IVA<\/h3>\n<p>Es el t\u00e9rmino usado para el procedimiento en el que <strong>solicitamos a la Administraci\u00f3n un aplazamiento del pago<\/strong>, debido a problemas transitorios econ\u00f3micos y de falta de liquidez, no obstante, habr\u00e1 que probar ese hecho.<\/p>\n<p>Cuando <a href=\"https:\/\/www.billin.net\/blog\/aplazamientos-deudas-hacienda-seguridad-social\/\">se solicita un aplazamiento de deudas con Hacienda<\/a> pedimos que el pago de la totalidad de la deuda se posponga a una fecha posterior, devengando el tipo de inter\u00e9s vigente del dinero.<\/p>\n<p>Por ejemplo, supongamos que el 20\/07\/2021 tenemos que pagar el IVA del segundo trimestre por un importe de 3.500 euros, y no podemos pagarlo hasta el 20\/08\/2021, entonces se solicita un aplazamiento, el cual, conllevar\u00e1 a poder pagarlo m\u00e1s tarde con intereses.<\/p>\n<h3>Fraccionamiento del IVA<\/h3>\n<p>A diferencia del aplazamiento, <strong><a href=\"https:\/\/www.billin.net\/glosario\/definicion-fraccionamiento\/\">el fraccionamiento<\/a> es otra modalidad de pago<\/strong> dentro de este mismo procedimiento, que consiste, en <strong>cancelar una deuda en c\u00f3modas cuotas mensuales<\/strong>, las cuales, se recalcular\u00e1n teniendo en cuenta el tipo de inter\u00e9s vigente del dinero y la periodicidad.<\/p>\n<p>Si suponemos que el anterior ejemplo solicita un fraccionamiento en 6 meses para el IVA del segundo trimestre con un importe a ingresar de 3.500 euros, a pagar a partir del d\u00eda 20 de agosto de 2021, hasta el 20 febrero de 2022, las cuotas se calcular\u00e1n en funci\u00f3n del tipo de inter\u00e9s y de la periodicidad.<\/p>\n<p><img loading=\"lazy\" decoding=\"async\" class=\"aligncenter wp-image-7150 size-full\" src=\"https:\/\/www.billin.net\/blog\/wp-content\/uploads\/2018\/06\/fraccionamiento-aplazamiento-min.jpg\" alt=\"diferencia entre aplazamiento y fraccionamiento\" width=\"1000\" height=\"667\" srcset=\"https:\/\/www.billin.net\/blog\/wp-content\/uploads\/2018\/06\/fraccionamiento-aplazamiento-min.jpg 1000w, https:\/\/www.billin.net\/blog\/wp-content\/uploads\/2018\/06\/fraccionamiento-aplazamiento-min-300x200.jpg 300w, https:\/\/www.billin.net\/blog\/wp-content\/uploads\/2018\/06\/fraccionamiento-aplazamiento-min-768x512.jpg 768w, https:\/\/www.billin.net\/blog\/wp-content\/uploads\/2018\/06\/fraccionamiento-aplazamiento-min-600x400.jpg 600w, https:\/\/www.billin.net\/blog\/wp-content\/uploads\/2018\/06\/fraccionamiento-aplazamiento-min-200x133.jpg 200w, https:\/\/www.billin.net\/blog\/wp-content\/uploads\/2018\/06\/fraccionamiento-aplazamiento-min-810x540.jpg 810w\" sizes=\"(max-width: 1000px) 100vw, 1000px\" \/><\/p>\n<h2>\u00bfCu\u00e1nto se puede aplazar el IVA?<\/h2>\n<p>Vamos a clasificar las deudas por los distintos <strong>Organismos con los que trata el aut\u00f3nomo y el empresario<\/strong>:<\/p>\n<h3>Hacienda<\/h3>\n<p>Las deudas con Hacienda son aplazables pr\u00e1cticamente todas, a excepci\u00f3n de cualquier tipo de retenciones, si lo piensas es l\u00f3gico, ya que, las retenciones se ingresan en hacienda para ser imputadas a otro contribuyente.<\/p>\n<p>Por tanto, se aplazar\u00e1 el <a href=\"https:\/\/www.billin.net\/blog\/como-rellenar-modelo-303\/\">modelo 303 de IVA<\/a> y el <a href=\"https:\/\/www.billin.net\/blog\/modelo-200-impuesto-de-sociedades\/\" target=\"_blank\" rel=\"noopener noreferrer\">modelo 200 de sociedades<\/a>, sin embargo, el modelo 111 de retenciones del trabajador y profesionales, el modelo 115 de retenciones del alquiler y el modelo 202 pago fraccionado, <strong>no se podr\u00e1 aplazar.<\/strong><\/p>\n<p>Aqu\u00ed tienes lo <a href=\"https:\/\/www.billin.net\/blog\/modelo-irpf-115\/\" target=\"_blank\" rel=\"noopener noreferrer\"><strong>que es el Modelo 115<\/strong><\/a><\/p>\n<h3>Seguridad Social<\/h3>\n<p>En el campo de la Seguridad Social ser\u00e1n deudas aplazables, aquellas de gesti\u00f3n recaudatoria, c\u00f3mo cuotas no ingresadas o recargos.<\/p>\n<p>Mientras que ser\u00e1n <strong>inaplazables<\/strong>, las cuotas de accidente de trabajo y enfermedades profesionales y las aportaciones de los trabajadores por cuenta ajena.<\/p>\n<h2>\u00bfCu\u00e1nto se puede aplazar una deuda con Hacienda?<\/h2>\n<p>En las deudas de la Agencia tributaria se permite aplazar hasta un l\u00edmite <strong>de 30.000<\/strong> euros sin necesidad de garant\u00eda desde el a\u00f1o 2015.<\/p>\n<p>Este aplazamiento lleva un coste a\u00f1adido que es el tipo de inter\u00e9s del dinero, el cual, se fijar\u00e1 en los Presupuestos Generales del Estado cada a\u00f1o.<\/p>\n<p>En las deudas de Seguridad Social <strong>el l\u00edmite del <a href=\"https:\/\/www.billin.net\/glosario\/aval-bancario\/\" target=\"_blank\" rel=\"noopener noreferrer\">aval<\/a> coincide con Hacienda<\/strong>, a partir del cual, podr\u00e1 solicitar un aval solidario formalizado por una entidad financiera u otros medios.<\/p>\n<p>El plazo m\u00e1ximo son 12 meses para el aut\u00f3nomo y 6 meses para la empresa (en deudas inferiores a 30.000)<\/p>\n<p>Si incumplimos alg\u00fan plazo del fraccionamiento concedido, <strong>se nos generar\u00e1 un recargo del 20%,<\/strong> que, si se paga en el periodo voluntario, solo se incrementar\u00e1 en el 10%, en caso contrario, pagar\u00edamos la totalidad del apremio y la deuda pasar\u00eda a v\u00eda ejecutiva donde conllevar\u00eda a generar embargos en tus cuentas bancarias y se romper\u00eda el resto de aplazamiento concedido.<\/p>\n<p><img loading=\"lazy\" decoding=\"async\" class=\"aligncenter wp-image-7151 size-full\" src=\"https:\/\/www.billin.net\/blog\/wp-content\/uploads\/2018\/06\/aplazamiento-fraccionamiento-min.jpg\" alt=\"aplazar pago iva\" width=\"1000\" height=\"667\" srcset=\"https:\/\/www.billin.net\/blog\/wp-content\/uploads\/2018\/06\/aplazamiento-fraccionamiento-min.jpg 1000w, https:\/\/www.billin.net\/blog\/wp-content\/uploads\/2018\/06\/aplazamiento-fraccionamiento-min-300x200.jpg 300w, https:\/\/www.billin.net\/blog\/wp-content\/uploads\/2018\/06\/aplazamiento-fraccionamiento-min-768x512.jpg 768w, https:\/\/www.billin.net\/blog\/wp-content\/uploads\/2018\/06\/aplazamiento-fraccionamiento-min-600x400.jpg 600w, https:\/\/www.billin.net\/blog\/wp-content\/uploads\/2018\/06\/aplazamiento-fraccionamiento-min-200x133.jpg 200w, https:\/\/www.billin.net\/blog\/wp-content\/uploads\/2018\/06\/aplazamiento-fraccionamiento-min-810x540.jpg 810w\" sizes=\"(max-width: 1000px) 100vw, 1000px\" \/><\/p>\n<h2>Plazos legales de concesi\u00f3n de aplazamiento y fraccionamiento<\/h2>\n<ul>\n<li>Deudas igual o inferior a 1.000 euros: 3 plazos<\/li>\n<li>Deudas comprendidas entre 1.000 y 5.000 euros: 9 plazos<\/li>\n<li>Deudas comprendidas entre 5.000 y 10.000 euros: 12 plazos<\/li>\n<li>Deudas comprendidas entre 10.000 y 18.000 euros: 18 plazos<\/li>\n<\/ul>\n<p>Se podr\u00e1n reconsiderar estos plazos, siempre que <strong>el contribuyente justifique de manera suficiente<\/strong>, que se ha producido una alteraci\u00f3n de las circunstancias con el que se dict\u00f3 el acuerdo inicial o si se adelanta el 20% de la deuda pendiente.<\/p>\n<p>Una vez se concede dicho aplazamiento, el contribuyente se encontrar\u00e1 al corriente del pago, cuyo requisito es necesario, para realizar de cualquier contrataci\u00f3n con la Administraci\u00f3n P\u00fablica o pedir financiaci\u00f3n bancaria.<\/p>\n<p>Estas solicitudes se pueden presentar por varias v\u00edas, tanto telem\u00e1tica como presencial. A la hora de enviarlo hay que incluir una cuenta bancaria para la domiciliaci\u00f3n del pago, adem\u00e1s de un calendario de los futuros pagos.<\/p>\n<p>Dichos aplazamientos se endurecer\u00e1n cuando sean <strong>superiores a 30.000 euros<\/strong>, solicitando la siguiente documentaci\u00f3n:<\/p>\n<ul>\n<li>Relacionar todas las facturas impagadas<\/li>\n<li>Justificar que realmente no se han cobrado<\/li>\n<li>Relaci\u00f3n de las facturas recibidas<\/li>\n<li>Copia de los requerimientos realizados al acreedor para el pago de dichas facturas<\/li>\n<\/ul>\n<p>Si esta documentaci\u00f3n no se presenta en el<strong> plazo de 10 d\u00edas<\/strong> desde la solicitud del aplazamiento, este ser\u00e1 inadmitido.<\/p>\n<p>Ahora ya sabes la diferencia entre el fraccionamiento y el aplazamiento del IVA y cuando podr\u00e1s realizarlo. Si a\u00fan tienes dudas puedes consultarnos escribiendo en los comentarios.<\/p>\n","protected":false},"excerpt":{"rendered":"<p>\u00bfTienes una deuda fiscal?, no te preocupes, puedes aplazar el IVA o fraccionarlo con la Administraci\u00f3n, en este art\u00edculo te explicamos los requisitos para solicitar el aplazamiento o fraccionamiento de tus impuestos.<\/p>\n","protected":false},"author":20,"featured_media":7149,"comment_status":"open","ping_status":"open","sticky":false,"template":"","format":"standard","meta":{"_acf_changed":false,"_et_pb_use_builder":"","_et_pb_old_content":"","_et_gb_content_width":"","om_disable_all_campaigns":false,"inline_featured_image":false,"footnotes":""},"categories":[1014],"tags":[],"class_list":{"0":"post-10587","1":"post","2":"type-post","3":"status-publish","4":"format-standard","5":"has-post-thumbnail","7":"category-fiscalidad"},"acf":{"selector_de_usuario":null,"fecha_de_revision":"20210430"},"yoast_head":"<!-- This site is optimized with the Yoast SEO plugin v27.1 - https:\/\/yoast.com\/product\/yoast-seo-wordpress\/ -->\n<title>Fraccionamiento o aplazamiento del IVA \u00bfC\u00f3mo hacerlo? - TeamSystem Facturas Billin<\/title>\n<meta name=\"description\" content=\"Diferencia entre aplazamiento y fraccionamiento de IVA. Contabilizar el aplazamiento o fraccionamiento y notificar a Hacienda o AEAT.\" \/>\n<meta name=\"robots\" content=\"index, follow, max-snippet:-1, max-image-preview:large, max-video-preview:-1\" \/>\n<link rel=\"canonical\" href=\"https:\/\/www.billin.net\/blog\/aplazamiento-o-fraccionamiento\/\" \/>\n<meta property=\"og:locale\" content=\"es_ES\" \/>\n<meta property=\"og:type\" content=\"article\" \/>\n<meta property=\"og:title\" content=\"Fraccionamiento o aplazamiento del IVA \u00bfC\u00f3mo hacerlo? - TeamSystem Facturas Billin\" \/>\n<meta property=\"og:description\" content=\"Diferencia entre aplazamiento y fraccionamiento de IVA. Contabilizar el aplazamiento o fraccionamiento y notificar a Hacienda o AEAT.\" \/>\n<meta property=\"og:url\" content=\"https:\/\/www.billin.net\/blog\/aplazamiento-o-fraccionamiento\/\" \/>\n<meta property=\"og:site_name\" content=\"Blog de TeamSystem Facturas Billin\" \/>\n<meta property=\"article:publisher\" content=\"https:\/\/www.facebook.com\/EsBillin\" \/>\n<meta property=\"article:published_time\" content=\"2018-06-10T22:00:00+00:00\" \/>\n<meta property=\"article:modified_time\" content=\"2025-09-25T18:57:15+00:00\" \/>\n<meta property=\"og:image\" content=\"https:\/\/www.billin.net\/blog\/wp-content\/uploads\/2018\/06\/elegir-fraccionamiento-aplazamiento-min.jpg\" \/>\n\t<meta property=\"og:image:width\" content=\"1000\" \/>\n\t<meta property=\"og:image:height\" content=\"667\" \/>\n\t<meta property=\"og:image:type\" content=\"image\/jpeg\" \/>\n<meta name=\"author\" content=\"Marcos De La Cueva - CEO TeamSystem Facturas Billin\" \/>\n<meta name=\"twitter:card\" content=\"summary_large_image\" \/>\n<meta name=\"twitter:creator\" content=\"@Billin_ES\" \/>\n<meta name=\"twitter:site\" content=\"@Billin_ES\" \/>\n<meta name=\"twitter:label1\" content=\"Escrito por\" \/>\n\t<meta name=\"twitter:data1\" content=\"Marcos De La Cueva - CEO TeamSystem Facturas Billin\" \/>\n\t<meta name=\"twitter:label2\" content=\"Tiempo de lectura\" \/>\n\t<meta name=\"twitter:data2\" content=\"4 minutos\" \/>\n<script type=\"application\/ld+json\" class=\"yoast-schema-graph\">{\"@context\":\"https:\/\/schema.org\",\"@graph\":[{\"@type\":\"Article\",\"@id\":\"https:\/\/www.billin.net\/blog\/aplazamiento-o-fraccionamiento\/#article\",\"isPartOf\":{\"@id\":\"https:\/\/www.billin.net\/blog\/aplazamiento-o-fraccionamiento\/\"},\"author\":{\"name\":\"Marcos De La Cueva - CEO TeamSystem Facturas Billin\",\"@id\":\"https:\/\/www.billin.net\/blog\/#\/schema\/person\/d0339ee6e869234614541b1e80a793e7\"},\"headline\":\"\u00bfAplazamiento o fraccionamiento de IVA?\",\"datePublished\":\"2018-06-10T22:00:00+00:00\",\"dateModified\":\"2025-09-25T18:57:15+00:00\",\"mainEntityOfPage\":{\"@id\":\"https:\/\/www.billin.net\/blog\/aplazamiento-o-fraccionamiento\/\"},\"wordCount\":869,\"commentCount\":6,\"publisher\":{\"@id\":\"https:\/\/www.billin.net\/blog\/#organization\"},\"image\":{\"@id\":\"https:\/\/www.billin.net\/blog\/aplazamiento-o-fraccionamiento\/#primaryimage\"},\"thumbnailUrl\":\"https:\/\/www.billin.net\/blog\/wp-content\/uploads\/2018\/06\/elegir-fraccionamiento-aplazamiento-min.jpg\",\"articleSection\":[\"Fiscalidad\"],\"inLanguage\":\"es\",\"potentialAction\":[{\"@type\":\"CommentAction\",\"name\":\"Comment\",\"target\":[\"https:\/\/www.billin.net\/blog\/aplazamiento-o-fraccionamiento\/#respond\"]}]},{\"@type\":\"WebPage\",\"@id\":\"https:\/\/www.billin.net\/blog\/aplazamiento-o-fraccionamiento\/\",\"url\":\"https:\/\/www.billin.net\/blog\/aplazamiento-o-fraccionamiento\/\",\"name\":\"Fraccionamiento o aplazamiento del IVA \u00bfC\u00f3mo hacerlo? - TeamSystem Facturas Billin\",\"isPartOf\":{\"@id\":\"https:\/\/www.billin.net\/blog\/#website\"},\"primaryImageOfPage\":{\"@id\":\"https:\/\/www.billin.net\/blog\/aplazamiento-o-fraccionamiento\/#primaryimage\"},\"image\":{\"@id\":\"https:\/\/www.billin.net\/blog\/aplazamiento-o-fraccionamiento\/#primaryimage\"},\"thumbnailUrl\":\"https:\/\/www.billin.net\/blog\/wp-content\/uploads\/2018\/06\/elegir-fraccionamiento-aplazamiento-min.jpg\",\"datePublished\":\"2018-06-10T22:00:00+00:00\",\"dateModified\":\"2025-09-25T18:57:15+00:00\",\"description\":\"Diferencia entre aplazamiento y fraccionamiento de IVA. Contabilizar el aplazamiento o fraccionamiento y notificar a Hacienda o AEAT.\",\"breadcrumb\":{\"@id\":\"https:\/\/www.billin.net\/blog\/aplazamiento-o-fraccionamiento\/#breadcrumb\"},\"inLanguage\":\"es\",\"potentialAction\":[{\"@type\":\"ReadAction\",\"target\":[\"https:\/\/www.billin.net\/blog\/aplazamiento-o-fraccionamiento\/\"]}]},{\"@type\":\"ImageObject\",\"inLanguage\":\"es\",\"@id\":\"https:\/\/www.billin.net\/blog\/aplazamiento-o-fraccionamiento\/#primaryimage\",\"url\":\"https:\/\/www.billin.net\/blog\/wp-content\/uploads\/2018\/06\/elegir-fraccionamiento-aplazamiento-min.jpg\",\"contentUrl\":\"https:\/\/www.billin.net\/blog\/wp-content\/uploads\/2018\/06\/elegir-fraccionamiento-aplazamiento-min.jpg\",\"width\":1000,\"height\":667,\"caption\":\"aplazamiento iva\"},{\"@type\":\"BreadcrumbList\",\"@id\":\"https:\/\/www.billin.net\/blog\/aplazamiento-o-fraccionamiento\/#breadcrumb\",\"itemListElement\":[{\"@type\":\"ListItem\",\"position\":1,\"name\":\"Blog\",\"item\":\"https:\/\/www.billin.net\/blog\/\"},{\"@type\":\"ListItem\",\"position\":2,\"name\":\"Fiscalidad\",\"item\":\"https:\/\/www.billin.net\/blog\/fiscalidad\/\"},{\"@type\":\"ListItem\",\"position\":3,\"name\":\"\u00bfAplazamiento o fraccionamiento de IVA?\"}]},{\"@type\":\"WebSite\",\"@id\":\"https:\/\/www.billin.net\/blog\/#website\",\"url\":\"https:\/\/www.billin.net\/blog\/\",\"name\":\"Blog de Billin\",\"description\":\"Mantente informado con el blog de TeamSystem Facturas Billin:  facturaci\u00f3n, legislaci\u00f3n, contabilidad, management y toda la informaci\u00f3n \u00fatil para pymes y aut\u00f3nomos.\",\"publisher\":{\"@id\":\"https:\/\/www.billin.net\/blog\/#organization\"},\"potentialAction\":[{\"@type\":\"SearchAction\",\"target\":{\"@type\":\"EntryPoint\",\"urlTemplate\":\"https:\/\/www.billin.net\/blog\/?s={search_term_string}\"},\"query-input\":{\"@type\":\"PropertyValueSpecification\",\"valueRequired\":true,\"valueName\":\"search_term_string\"}}],\"inLanguage\":\"es\"},{\"@type\":\"Organization\",\"@id\":\"https:\/\/www.billin.net\/blog\/#organization\",\"name\":\"Billin\",\"alternateName\":\"Blog de Billin\",\"url\":\"https:\/\/www.billin.net\/blog\/\",\"logo\":{\"@type\":\"ImageObject\",\"inLanguage\":\"es\",\"@id\":\"https:\/\/www.billin.net\/blog\/#\/schema\/logo\/image\/\",\"url\":\"https:\/\/www.billin.net\/blog\/wp-content\/uploads\/2019\/06\/logotipo-billin-blog-1.png\",\"contentUrl\":\"https:\/\/www.billin.net\/blog\/wp-content\/uploads\/2019\/06\/logotipo-billin-blog-1.png\",\"width\":126,\"height\":50,\"caption\":\"Billin\"},\"image\":{\"@id\":\"https:\/\/www.billin.net\/blog\/#\/schema\/logo\/image\/\"},\"sameAs\":[\"https:\/\/www.facebook.com\/EsBillin\",\"https:\/\/x.com\/Billin_ES\",\"https:\/\/www.instagram.com\/billin_es\/\",\"https:\/\/www.linkedin.com\/company\/billin-spain\",\"https:\/\/www.youtube.com\/c\/BillinEsintercambiodefacturas\/\"],\"legalName\":\"MY EXPENSES SL\",\"contactPoint\":{\"@type\":\"ContactPoint\",\"telephone\":\"+34918318883\",\"contactType\":\"customer service\",\"email\":\"info@billin.eu\",\"availableLanguage\":\"es\"},\"foundingDate\":\"2015\",\"numberOfEmployees\":{\"@type\":\"QuantitativeValue\",\"minValue\":10,\"maxValue\":50},\"parentOrganization\":{\"@type\":\"Organization\",\"name\":\"TeamSystem\",\"url\":\"https:\/\/www.teamsystem.com\/\"},\"description\":\"Billin es el programa de facturaci\u00f3n online de TeamSystem para aut\u00f3nomos y pymes en Espa\u00f1a. Permite crear facturas, controlar gastos y cumplir con Verifactu.\",\"address\":{\"@type\":\"PostalAddress\",\"streetAddress\":\"Calle Arturo Soria, 336\",\"addressLocality\":\"Madrid\",\"addressRegion\":\"Madrid\",\"postalCode\":\"28033\",\"addressCountry\":\"ES\"}},{\"@type\":\"Person\",\"@id\":\"https:\/\/www.billin.net\/blog\/#\/schema\/person\/d0339ee6e869234614541b1e80a793e7\",\"name\":\"Marcos De La Cueva - CEO TeamSystem Facturas Billin\",\"image\":{\"@type\":\"ImageObject\",\"inLanguage\":\"es\",\"@id\":\"https:\/\/www.billin.net\/blog\/#\/schema\/person\/image\/\",\"url\":\"https:\/\/www.billin.net\/blog\/wp-content\/uploads\/2023\/10\/marcos-color-150x150.png\",\"contentUrl\":\"https:\/\/www.billin.net\/blog\/wp-content\/uploads\/2023\/10\/marcos-color-150x150.png\",\"caption\":\"Marcos De La Cueva - CEO TeamSystem Facturas Billin\"},\"description\":\"Licenciado en ADE por la Universidad Aut\u00f3noma de Madrid, Marcos De la Cueva es CEO y cofundador de TeamSystem Facturas Billin, un programa online que lleva m\u00e1s de 9 a\u00f1os ayudando a aut\u00f3nomos, peque\u00f1os negocios y gestor\u00edas a digitalizar sus presupuestos, facturas, tickets y gastos. \u00a0 Sobre Marcos De La Cueva \u00a0 Apasionado por el mundo empresarial y la tecnolog\u00eda, curs\u00f3 su M\u00e1ster de Finanzas en la Universidad Pontificia de Comillas y estuvo en el Programa de Cooperaci\u00f3n Educativa de la Universidad Aut\u00f3noma de Madrid. \u00a0 Marcos siempre ha tenido su objetivo claro: ayudar a la creaci\u00f3n de negocios financieramente sostenibles a trav\u00e9s de una herramienta de facturaci\u00f3n que les permita ahorrar tiempo y tener la contabilidad bajo control. \u00a0 Marcos De La Cueva en los medios \u2014 Noticia sobre Kit Digital y Ley Antifraude (VeriFactu) en El Economista. \u2014 Noticia sobre Kit Digital y factura electr\u00f3nica obligatoria en Diario Jur\u00eddico. \u2014 Noticia sobre el a\u00f1o de transici\u00f3n para la factura electr\u00f3nica en Muy Pymes. \u2014 Entrevista sobre factura electr\u00f3nica obligatoria en Canal Sur. \u2014 Noticia sobre el informe factura electr\u00f3nica de TeamSystem en Channel Partner. \u2014 Charla sobre productividad y Ley Crea y Crece en El Economista. \u2014 Charla sobre factura electr\u00f3nica obligatoria en Muy Pymes. \u2014 Charla sobre digitalizaci\u00f3n aut\u00f3nomos y productividad en esdiario. \u2014 Charla sobre productividad y factura electr\u00f3nica en La Raz\u00f3n. \u2014 Charla sobre factura electr\u00f3nica obligatoria en Aut\u00f3nomos y Emprendedores. \u2014 Entrevista sobre Ley Antifraude y Ley Crea y Crece en Expansi\u00f3n. \u2014 Entrevista sobre Ley Antifraude y Ley Crea y Crece en La Raz\u00f3n. \u2014 Entrevista sobre factura electr\u00f3nica obligatoria en El Economista. \u2014 Comunicado Billin y TeamSystem en Business Insider. \u2014 Entrevista en Econom\u00eda Digital. \u2014 Entrevista en Ideas para tu empresa de Vodafone. \u2014 Entrevista en M\u00e1sQradio. \u2014 Entrevista en Armas para emprender de El M\u00e9todo Gallardo. \u2014 Entrevista en KFund. \u2014 Entrevista en AXA Seguros Espa\u00f1a. \u2014 Entrevista en GestionaRadio. \u00a0 Marcos De La Cueva en eventos \u00a0 \u2014 Participaci\u00f3n como ponente en Accountex Espa\u00f1a 2023. \u00a0 Tem\u00e1ticas de especializaci\u00f3n \u00a0 negocios | startups | contabilidad| fiscalidad | empresas| asesor\u00edas| autonomos | emprendedores | peque\u00f1os negocios | econom\u00eda | ADE | pymes | desarrollo de negocio\u00a0\",\"sameAs\":[\"https:\/\/www.billin.net\/\",\"https:\/\/www.linkedin.com\/in\/marcos-de-la-cueva-19750ba3\/\"],\"url\":\"https:\/\/www.billin.net\/blog\/author\/marcosdelacueva\/\",\"jobTitle\":\"CEO y cofundador de TS Facturas Billin\"}]}<\/script>\n<!-- \/ Yoast SEO plugin. -->","yoast_head_json":{"title":"Fraccionamiento o aplazamiento del IVA \u00bfC\u00f3mo hacerlo? - TeamSystem Facturas Billin","description":"Diferencia entre aplazamiento y fraccionamiento de IVA. Contabilizar el aplazamiento o fraccionamiento y notificar a Hacienda o AEAT.","robots":{"index":"index","follow":"follow","max-snippet":"max-snippet:-1","max-image-preview":"max-image-preview:large","max-video-preview":"max-video-preview:-1"},"canonical":"https:\/\/www.billin.net\/blog\/aplazamiento-o-fraccionamiento\/","og_locale":"es_ES","og_type":"article","og_title":"Fraccionamiento o aplazamiento del IVA \u00bfC\u00f3mo hacerlo? - TeamSystem Facturas Billin","og_description":"Diferencia entre aplazamiento y fraccionamiento de IVA. Contabilizar el aplazamiento o fraccionamiento y notificar a Hacienda o AEAT.","og_url":"https:\/\/www.billin.net\/blog\/aplazamiento-o-fraccionamiento\/","og_site_name":"Blog de TeamSystem Facturas Billin","article_publisher":"https:\/\/www.facebook.com\/EsBillin","article_published_time":"2018-06-10T22:00:00+00:00","article_modified_time":"2025-09-25T18:57:15+00:00","og_image":[{"width":1000,"height":667,"url":"https:\/\/www.billin.net\/blog\/wp-content\/uploads\/2018\/06\/elegir-fraccionamiento-aplazamiento-min.jpg","type":"image\/jpeg"}],"author":"Marcos De La Cueva - CEO TeamSystem Facturas Billin","twitter_card":"summary_large_image","twitter_creator":"@Billin_ES","twitter_site":"@Billin_ES","twitter_misc":{"Escrito por":"Marcos De La Cueva - CEO TeamSystem Facturas Billin","Tiempo de lectura":"4 minutos"},"schema":{"@context":"https:\/\/schema.org","@graph":[{"@type":"Article","@id":"https:\/\/www.billin.net\/blog\/aplazamiento-o-fraccionamiento\/#article","isPartOf":{"@id":"https:\/\/www.billin.net\/blog\/aplazamiento-o-fraccionamiento\/"},"author":{"name":"Marcos De La Cueva - CEO TeamSystem Facturas Billin","@id":"https:\/\/www.billin.net\/blog\/#\/schema\/person\/d0339ee6e869234614541b1e80a793e7"},"headline":"\u00bfAplazamiento o fraccionamiento de IVA?","datePublished":"2018-06-10T22:00:00+00:00","dateModified":"2025-09-25T18:57:15+00:00","mainEntityOfPage":{"@id":"https:\/\/www.billin.net\/blog\/aplazamiento-o-fraccionamiento\/"},"wordCount":869,"commentCount":6,"publisher":{"@id":"https:\/\/www.billin.net\/blog\/#organization"},"image":{"@id":"https:\/\/www.billin.net\/blog\/aplazamiento-o-fraccionamiento\/#primaryimage"},"thumbnailUrl":"https:\/\/www.billin.net\/blog\/wp-content\/uploads\/2018\/06\/elegir-fraccionamiento-aplazamiento-min.jpg","articleSection":["Fiscalidad"],"inLanguage":"es","potentialAction":[{"@type":"CommentAction","name":"Comment","target":["https:\/\/www.billin.net\/blog\/aplazamiento-o-fraccionamiento\/#respond"]}]},{"@type":"WebPage","@id":"https:\/\/www.billin.net\/blog\/aplazamiento-o-fraccionamiento\/","url":"https:\/\/www.billin.net\/blog\/aplazamiento-o-fraccionamiento\/","name":"Fraccionamiento o aplazamiento del IVA \u00bfC\u00f3mo hacerlo? - TeamSystem Facturas Billin","isPartOf":{"@id":"https:\/\/www.billin.net\/blog\/#website"},"primaryImageOfPage":{"@id":"https:\/\/www.billin.net\/blog\/aplazamiento-o-fraccionamiento\/#primaryimage"},"image":{"@id":"https:\/\/www.billin.net\/blog\/aplazamiento-o-fraccionamiento\/#primaryimage"},"thumbnailUrl":"https:\/\/www.billin.net\/blog\/wp-content\/uploads\/2018\/06\/elegir-fraccionamiento-aplazamiento-min.jpg","datePublished":"2018-06-10T22:00:00+00:00","dateModified":"2025-09-25T18:57:15+00:00","description":"Diferencia entre aplazamiento y fraccionamiento de IVA. Contabilizar el aplazamiento o fraccionamiento y notificar a Hacienda o AEAT.","breadcrumb":{"@id":"https:\/\/www.billin.net\/blog\/aplazamiento-o-fraccionamiento\/#breadcrumb"},"inLanguage":"es","potentialAction":[{"@type":"ReadAction","target":["https:\/\/www.billin.net\/blog\/aplazamiento-o-fraccionamiento\/"]}]},{"@type":"ImageObject","inLanguage":"es","@id":"https:\/\/www.billin.net\/blog\/aplazamiento-o-fraccionamiento\/#primaryimage","url":"https:\/\/www.billin.net\/blog\/wp-content\/uploads\/2018\/06\/elegir-fraccionamiento-aplazamiento-min.jpg","contentUrl":"https:\/\/www.billin.net\/blog\/wp-content\/uploads\/2018\/06\/elegir-fraccionamiento-aplazamiento-min.jpg","width":1000,"height":667,"caption":"aplazamiento iva"},{"@type":"BreadcrumbList","@id":"https:\/\/www.billin.net\/blog\/aplazamiento-o-fraccionamiento\/#breadcrumb","itemListElement":[{"@type":"ListItem","position":1,"name":"Blog","item":"https:\/\/www.billin.net\/blog\/"},{"@type":"ListItem","position":2,"name":"Fiscalidad","item":"https:\/\/www.billin.net\/blog\/fiscalidad\/"},{"@type":"ListItem","position":3,"name":"\u00bfAplazamiento o fraccionamiento de IVA?"}]},{"@type":"WebSite","@id":"https:\/\/www.billin.net\/blog\/#website","url":"https:\/\/www.billin.net\/blog\/","name":"Blog de Billin","description":"Mantente informado con el blog de TeamSystem Facturas Billin:  facturaci\u00f3n, legislaci\u00f3n, contabilidad, management y toda la informaci\u00f3n \u00fatil para pymes y aut\u00f3nomos.","publisher":{"@id":"https:\/\/www.billin.net\/blog\/#organization"},"potentialAction":[{"@type":"SearchAction","target":{"@type":"EntryPoint","urlTemplate":"https:\/\/www.billin.net\/blog\/?s={search_term_string}"},"query-input":{"@type":"PropertyValueSpecification","valueRequired":true,"valueName":"search_term_string"}}],"inLanguage":"es"},{"@type":"Organization","@id":"https:\/\/www.billin.net\/blog\/#organization","name":"Billin","alternateName":"Blog de Billin","url":"https:\/\/www.billin.net\/blog\/","logo":{"@type":"ImageObject","inLanguage":"es","@id":"https:\/\/www.billin.net\/blog\/#\/schema\/logo\/image\/","url":"https:\/\/www.billin.net\/blog\/wp-content\/uploads\/2019\/06\/logotipo-billin-blog-1.png","contentUrl":"https:\/\/www.billin.net\/blog\/wp-content\/uploads\/2019\/06\/logotipo-billin-blog-1.png","width":126,"height":50,"caption":"Billin"},"image":{"@id":"https:\/\/www.billin.net\/blog\/#\/schema\/logo\/image\/"},"sameAs":["https:\/\/www.facebook.com\/EsBillin","https:\/\/x.com\/Billin_ES","https:\/\/www.instagram.com\/billin_es\/","https:\/\/www.linkedin.com\/company\/billin-spain","https:\/\/www.youtube.com\/c\/BillinEsintercambiodefacturas\/"],"legalName":"MY EXPENSES SL","contactPoint":{"@type":"ContactPoint","telephone":"+34918318883","contactType":"customer service","email":"info@billin.eu","availableLanguage":"es"},"foundingDate":"2015","numberOfEmployees":{"@type":"QuantitativeValue","minValue":10,"maxValue":50},"parentOrganization":{"@type":"Organization","name":"TeamSystem","url":"https:\/\/www.teamsystem.com\/"},"description":"Billin es el programa de facturaci\u00f3n online de TeamSystem para aut\u00f3nomos y pymes en Espa\u00f1a. Permite crear facturas, controlar gastos y cumplir con Verifactu.","address":{"@type":"PostalAddress","streetAddress":"Calle Arturo Soria, 336","addressLocality":"Madrid","addressRegion":"Madrid","postalCode":"28033","addressCountry":"ES"}},{"@type":"Person","@id":"https:\/\/www.billin.net\/blog\/#\/schema\/person\/d0339ee6e869234614541b1e80a793e7","name":"Marcos De La Cueva - CEO TeamSystem Facturas Billin","image":{"@type":"ImageObject","inLanguage":"es","@id":"https:\/\/www.billin.net\/blog\/#\/schema\/person\/image\/","url":"https:\/\/www.billin.net\/blog\/wp-content\/uploads\/2023\/10\/marcos-color-150x150.png","contentUrl":"https:\/\/www.billin.net\/blog\/wp-content\/uploads\/2023\/10\/marcos-color-150x150.png","caption":"Marcos De La Cueva - CEO TeamSystem Facturas Billin"},"description":"Licenciado en ADE por la Universidad Aut\u00f3noma de Madrid, Marcos De la Cueva es CEO y cofundador de TeamSystem Facturas Billin, un programa online que lleva m\u00e1s de 9 a\u00f1os ayudando a aut\u00f3nomos, peque\u00f1os negocios y gestor\u00edas a digitalizar sus presupuestos, facturas, tickets y gastos. \u00a0 Sobre Marcos De La Cueva \u00a0 Apasionado por el mundo empresarial y la tecnolog\u00eda, curs\u00f3 su M\u00e1ster de Finanzas en la Universidad Pontificia de Comillas y estuvo en el Programa de Cooperaci\u00f3n Educativa de la Universidad Aut\u00f3noma de Madrid. \u00a0 Marcos siempre ha tenido su objetivo claro: ayudar a la creaci\u00f3n de negocios financieramente sostenibles a trav\u00e9s de una herramienta de facturaci\u00f3n que les permita ahorrar tiempo y tener la contabilidad bajo control. \u00a0 Marcos De La Cueva en los medios \u2014 Noticia sobre Kit Digital y Ley Antifraude (VeriFactu) en El Economista. \u2014 Noticia sobre Kit Digital y factura electr\u00f3nica obligatoria en Diario Jur\u00eddico. \u2014 Noticia sobre el a\u00f1o de transici\u00f3n para la factura electr\u00f3nica en Muy Pymes. \u2014 Entrevista sobre factura electr\u00f3nica obligatoria en Canal Sur. \u2014 Noticia sobre el informe factura electr\u00f3nica de TeamSystem en Channel Partner. \u2014 Charla sobre productividad y Ley Crea y Crece en El Economista. \u2014 Charla sobre factura electr\u00f3nica obligatoria en Muy Pymes. \u2014 Charla sobre digitalizaci\u00f3n aut\u00f3nomos y productividad en esdiario. \u2014 Charla sobre productividad y factura electr\u00f3nica en La Raz\u00f3n. \u2014 Charla sobre factura electr\u00f3nica obligatoria en Aut\u00f3nomos y Emprendedores. \u2014 Entrevista sobre Ley Antifraude y Ley Crea y Crece en Expansi\u00f3n. \u2014 Entrevista sobre Ley Antifraude y Ley Crea y Crece en La Raz\u00f3n. \u2014 Entrevista sobre factura electr\u00f3nica obligatoria en El Economista. \u2014 Comunicado Billin y TeamSystem en Business Insider. \u2014 Entrevista en Econom\u00eda Digital. \u2014 Entrevista en Ideas para tu empresa de Vodafone. \u2014 Entrevista en M\u00e1sQradio. \u2014 Entrevista en Armas para emprender de El M\u00e9todo Gallardo. \u2014 Entrevista en KFund. \u2014 Entrevista en AXA Seguros Espa\u00f1a. \u2014 Entrevista en GestionaRadio. \u00a0 Marcos De La Cueva en eventos \u00a0 \u2014 Participaci\u00f3n como ponente en Accountex Espa\u00f1a 2023. \u00a0 Tem\u00e1ticas de especializaci\u00f3n \u00a0 negocios | startups | contabilidad| fiscalidad | empresas| asesor\u00edas| autonomos | emprendedores | peque\u00f1os negocios | econom\u00eda | ADE | pymes | desarrollo de negocio\u00a0","sameAs":["https:\/\/www.billin.net\/","https:\/\/www.linkedin.com\/in\/marcos-de-la-cueva-19750ba3\/"],"url":"https:\/\/www.billin.net\/blog\/author\/marcosdelacueva\/","jobTitle":"CEO y cofundador de TS Facturas Billin"}]}},"_links":{"self":[{"href":"https:\/\/www.billin.net\/blog\/wp-json\/wp\/v2\/posts\/10587","targetHints":{"allow":["GET"]}}],"collection":[{"href":"https:\/\/www.billin.net\/blog\/wp-json\/wp\/v2\/posts"}],"about":[{"href":"https:\/\/www.billin.net\/blog\/wp-json\/wp\/v2\/types\/post"}],"author":[{"embeddable":true,"href":"https:\/\/www.billin.net\/blog\/wp-json\/wp\/v2\/users\/20"}],"replies":[{"embeddable":true,"href":"https:\/\/www.billin.net\/blog\/wp-json\/wp\/v2\/comments?post=10587"}],"version-history":[{"count":7,"href":"https:\/\/www.billin.net\/blog\/wp-json\/wp\/v2\/posts\/10587\/revisions"}],"predecessor-version":[{"id":27374,"href":"https:\/\/www.billin.net\/blog\/wp-json\/wp\/v2\/posts\/10587\/revisions\/27374"}],"wp:featuredmedia":[{"embeddable":true,"href":"https:\/\/www.billin.net\/blog\/wp-json\/wp\/v2\/media\/7149"}],"wp:attachment":[{"href":"https:\/\/www.billin.net\/blog\/wp-json\/wp\/v2\/media?parent=10587"}],"wp:term":[{"taxonomy":"category","embeddable":true,"href":"https:\/\/www.billin.net\/blog\/wp-json\/wp\/v2\/categories?post=10587"},{"taxonomy":"post_tag","embeddable":true,"href":"https:\/\/www.billin.net\/blog\/wp-json\/wp\/v2\/tags?post=10587"}],"curies":[{"name":"wp","href":"https:\/\/api.w.org\/{rel}","templated":true}]}}