{"id":10581,"date":"2018-06-04T00:00:00","date_gmt":"2018-06-03T22:00:00","guid":{"rendered":"https:\/\/www.billin.net\/blog\/contratacion-becario-autonomo\/"},"modified":"2025-09-25T20:57:26","modified_gmt":"2025-09-25T18:57:26","slug":"contratacion-becario-autonomo","status":"publish","type":"post","link":"https:\/\/www.billin.net\/blog\/contratacion-becario-autonomo\/","title":{"rendered":"\u00bfC\u00f3mo contratar un becario siendo aut\u00f3nomo?"},"content":{"rendered":"<p>Con la llegada del verano, son muchos los universitarios que est\u00e1n interesados en <strong>ser contratados por una empresa como becarios<\/strong>, y realizar sus pr\u00e1cticas extracurriculares, hoy te comentamos como puedes beneficiarte de contratar becarios.<!--more--><\/p>\n<h2>\u00bfPuede un aut\u00f3nomo contratar a un becario?<\/h2>\n<p>Muchos son los j\u00f3venes, que, con la llegada del verano, quieren aprovechar este descanso, para comenzar su primer contacto con el mundo laboral, de la misma manera, el aut\u00f3nomo podr\u00e1 aprovecharse de<strong> incorporar en su plantilla a un becario<\/strong> que le ayudar\u00e1 durante unos meses.<\/p>\n<p><strong>Por tanto, la respuesta a la pregunta \u00bfpuede un aut\u00f3nomo contratar a un becario?, es si<\/strong>, las podr\u00e1n solicitar mediante un formulario dirigido a la oficina de pr\u00e1cticas y empleo de alg\u00fan centro educativo.<\/p>\n<p>Esta relaci\u00f3n laboral estar\u00e1 regulada bajo el Real Decreto 592\/2014, de 11 de julio, y define dicha actividad como la actividad formativa realizada por los estudiantes, que ser\u00e1 <strong>supervisada por la Universidad<\/strong>, cuyo objetivo principal es poder aplicar todos los conceptos te\u00f3ricos adquiridos a lo largo de su formaci\u00f3n.<\/p>\n<p>Este <a href=\"https:\/\/www.billin.net\/blog\/modelos-de-contratacion-de-empleados-y-becarios\/\" target=\"_blank\" rel=\"noopener noreferrer\">tipo de contrato<\/a> se puede hacer directamente con la Universidad o con centros colaboradores.<\/p>\n<p>Los aut\u00f3nomos que est\u00e9n interesados,<strong> bastar\u00e1n con que se inscriban en la Oficina de pr\u00e1cticas y empleo, y aceptar el Convenio de Cooperaci\u00f3n Educativa,<\/strong> el cual, ser\u00e1 el marco legal donde se regir\u00e1 dicho contrato, y establecer\u00e1, que el aut\u00f3nomo tendr\u00e1 que convertirse en el tutor del alumno para llevar a cabo la fase formativa de forma correcta.<\/p>\n<p>En el Real Decreto tambi\u00e9n se contemplar\u00e1n tanto los <strong>derechos como los deberes del aut\u00f3nomo<\/strong>:<\/p>\n<ul>\n<li><strong>Derechos<\/strong>: al reconocimiento de su actividad por parte de la Universidad, a ser informado de toda la normativa existente y tener acceso a la Universidad en caso de necesitar informaci\u00f3n o apoyo.<\/li>\n<li><strong>Deberes<\/strong>: todos van orientados al bienestar del becario<\/li>\n<\/ul>\n<p>\u27a8 Por si te interesa aqu\u00ed tienes <strong><a href=\"https:\/\/www.billin.net\/calculadora-contratar-trabajador\/\" target=\"_blank\" rel=\"noopener noreferrer\">cuanto cuesta contratar a un trabajador<\/a>.<\/strong><\/p>\n<h2><img loading=\"lazy\" decoding=\"async\" class=\"aligncenter wp-image-7073 size-full\" src=\"https:\/\/www.billin.net\/blog\/wp-content\/uploads\/2018\/06\/becario-contratacion-autonomo-min.jpg\" alt=\"como contratar un becario\" width=\"1000\" height=\"666\" srcset=\"https:\/\/www.billin.net\/blog\/wp-content\/uploads\/2018\/06\/becario-contratacion-autonomo-min.jpg 1000w, https:\/\/www.billin.net\/blog\/wp-content\/uploads\/2018\/06\/becario-contratacion-autonomo-min-300x200.jpg 300w, https:\/\/www.billin.net\/blog\/wp-content\/uploads\/2018\/06\/becario-contratacion-autonomo-min-768x511.jpg 768w, https:\/\/www.billin.net\/blog\/wp-content\/uploads\/2018\/06\/becario-contratacion-autonomo-min-600x400.jpg 600w, https:\/\/www.billin.net\/blog\/wp-content\/uploads\/2018\/06\/becario-contratacion-autonomo-min-200x133.jpg 200w, https:\/\/www.billin.net\/blog\/wp-content\/uploads\/2018\/06\/becario-contratacion-autonomo-min-810x539.jpg 810w\" sizes=\"(max-width: 1000px) 100vw, 1000px\" \/><\/h2>\n<h2>\u00bfC\u00f3mo ser\u00e1 el contrato de un becario?<\/h2>\n<p>Veamos las opciones que tiene un aut\u00f3nomo para incorporar un becario en su plantilla:<\/p>\n<ul>\n<li><strong><u>Becario no remunerado<\/u><\/strong>: esta contrataci\u00f3n est\u00e1 dirigida a estudiantes de los \u00faltimos a\u00f1os de una grado medio o superior o de una titulaci\u00f3n universitaria, en forma de pr\u00e1cticas extracurriculares, en este caso, el empresario dispondr\u00e1 de un l\u00edmite de horas para que el becario desarrolle sus pr\u00e1cticas que podr\u00e1 ir desde 400 a 500 horas.<\/li>\n<\/ul>\n<ul>\n<li><strong><u>Pr\u00e1cticas remuneradas<\/u><\/strong>: en este caso, hay que firmar un contrato colaborador con la entidad formadora, la cuant\u00eda que recibir\u00e1 depender\u00e1 tanto de la titulaci\u00f3n como del convenio profesional y puede ir desde 300 a 600 euros.<\/li>\n<\/ul>\n<p>Con contrato laboral y cotizaci\u00f3n similar a un contrato en r\u00e9gimen general, tenemos dos modalidades:<\/p>\n<ul>\n<li><strong><u>Contrato en pr\u00e1cticas<\/u><\/strong>: est\u00e1 pensado para titulares espec\u00edficos, y el empresario suele usarlo para cubrir una vacante en concreto.<\/li>\n<li style=\"list-style-type: none;\">Este contrato beneficiar\u00e1 a la empresa, ya que, durante el primer a\u00f1o solo tendr\u00eda que pagarle el 60% del <a href=\"https:\/\/www.billin.net\/glosario\/definicion-sueldo\/\" target=\"_blank\" rel=\"noopener noreferrer\">salario<\/a> convenido para esa ocupaci\u00f3n. La duraci\u00f3n ir\u00e1 desde dos meses hasta dos a\u00f1os como m\u00e1ximo, y podr\u00e1 ser con jornadas parcial o completa.<\/li>\n<li><strong><u>Contrato en formaci\u00f3n<\/u><\/strong>: este contrato est\u00e1 dirigido a j\u00f3venes sin estudios espec\u00edficos, y que por tanto, van a recibir a la vez tanto la formaci\u00f3n pr\u00e1ctica como la te\u00f3rica.<\/li>\n<\/ul>\n<p><strong>La contrataci\u00f3n puede ir desde un a\u00f1o hasta tres, depender\u00e1 del convenio<\/strong>, ya que algunos fijan el m\u00ednimo en seis meses. Este empleado durante el primer a\u00f1o tendr\u00e1 que destinar el 25% de la jornada a tareas formativas, reduci\u00e9ndose en los siguientes a\u00f1os hasta el 15%.<\/p>\n<p>La cotizaci\u00f3n a la seguridad social y dem\u00e1s contingencias de los trabajadores que hubieran celebrado este tipo de contrato en formaci\u00f3n o en pr\u00e1cticas, se efectuar\u00e1 de acuerdo a la Orden de cotizaci\u00f3n del a\u00f1o.<\/p>\n<p>Lo que si ser\u00eda habitual es que el empresario se beneficie en un 100% de pagar las cuotas de la seguridad social (siempre que cumpla todos los requisitos necesarios) durante toda la vigencia del contrato.<\/p>\n<h2>La cotizaci\u00f3n<\/h2>\n<p>Durante el a\u00f1o 2021 las <strong>cotizaciones publicadas para los trabajadores con contrato en formaci\u00f3n<\/strong> ser\u00e1 la siguiente tabla:<\/p>\n<p><img loading=\"lazy\" decoding=\"async\" class=\"aligncenter wp-image-7070 size-full\" src=\"https:\/\/www.billin.net\/blog\/wp-content\/uploads\/2018\/06\/cotizacion-becarios.jpg\" alt=\"cotizacion de los becarios\" width=\"659\" height=\"247\" srcset=\"https:\/\/www.billin.net\/blog\/wp-content\/uploads\/2018\/06\/cotizacion-becarios.jpg 659w, https:\/\/www.billin.net\/blog\/wp-content\/uploads\/2018\/06\/cotizacion-becarios-300x112.jpg 300w\" sizes=\"(max-width: 659px) 100vw, 659px\" \/><\/p>\n<p>Esos 110,96 euros ser\u00edan los que la empresa deber\u00eda cotizar, siempre que no tuviera derecho a la <strong>bonificaci\u00f3n de los seguros sociales<\/strong> en la contrataci\u00f3n en formaci\u00f3n.<\/p>\n<p>Los requisitos necesarios para beneficiarse de una <strong>reducci\u00f3n del 100% en los seguros sociales<\/strong> de este tipo de contratos en formaci\u00f3n son:<\/p>\n<ul>\n<li>Los trabajadores tienen que estar inscritos en el desempleo y en el sistema de garant\u00eda juvenil.<\/li>\n<li>La empresa no puede tener deudas ni con Hacienda ni con Seguridad Social.<\/li>\n<li>El trabajador no puede provenir con un tiempo menor de 3 meses de un contrato indefinido de otra empresa.<\/li>\n<\/ul>\n<p>Como ves contratar becarios por parte de los aut\u00f3nomos es igual que en el resto de las empresas. Tienes tus opciones para que puedas hacerlo y que te ayuden y los formes. Aun as\u00ed si tienes dudas utiliza los comentarios y te ayudaremos<\/p>\n","protected":false},"excerpt":{"rendered":"<p>Con la llegada del verano, son muchos los universitarios que est\u00e1n interesados en ser contratados por una empresa como becarios, y realizar sus pr\u00e1cticas extracurriculares, hoy te comentamos como puedes beneficiarte de contratar becarios.<\/p>\n","protected":false},"author":20,"featured_media":7072,"comment_status":"open","ping_status":"open","sticky":false,"template":"","format":"standard","meta":{"_acf_changed":false,"_et_pb_use_builder":"","_et_pb_old_content":"","_et_gb_content_width":"","om_disable_all_campaigns":false,"inline_featured_image":false,"footnotes":""},"categories":[1026],"tags":[1380],"class_list":{"0":"post-10581","1":"post","2":"type-post","3":"status-publish","4":"format-standard","5":"has-post-thumbnail","7":"category-recursos-humanos","8":"tag-autonomos"},"acf":{"selector_de_usuario":null,"fecha_de_revision":"20210310"},"yoast_head":"<!-- This site is optimized with the Yoast SEO plugin v27.1 - https:\/\/yoast.com\/product\/yoast-seo-wordpress\/ -->\n<title>\u00bfC\u00f3mo contratar becarios si soy Aut\u00f3nomo? - TeamSystem Facturas Billin<\/title>\n<meta name=\"description\" content=\"Un aut\u00f3nomo puede aprovecharse de incorporar en su plantilla a un becario que pueda ayudarle en las tareas que necesite. Ve\u00e1moslo\" \/>\n<meta name=\"robots\" content=\"index, follow, max-snippet:-1, max-image-preview:large, max-video-preview:-1\" \/>\n<link rel=\"canonical\" href=\"https:\/\/www.billin.net\/blog\/contratacion-becario-autonomo\/\" \/>\n<meta property=\"og:locale\" content=\"es_ES\" \/>\n<meta property=\"og:type\" content=\"article\" \/>\n<meta property=\"og:title\" content=\"\u00bfC\u00f3mo contratar becarios si soy Aut\u00f3nomo? - TeamSystem Facturas Billin\" \/>\n<meta property=\"og:description\" content=\"Un aut\u00f3nomo puede aprovecharse de incorporar en su plantilla a un becario que pueda ayudarle en las tareas que necesite. Ve\u00e1moslo\" \/>\n<meta property=\"og:url\" content=\"https:\/\/www.billin.net\/blog\/contratacion-becario-autonomo\/\" \/>\n<meta property=\"og:site_name\" content=\"Blog de TeamSystem Facturas Billin\" \/>\n<meta property=\"article:publisher\" content=\"https:\/\/www.facebook.com\/EsBillin\" \/>\n<meta property=\"article:published_time\" content=\"2018-06-03T22:00:00+00:00\" \/>\n<meta property=\"article:modified_time\" content=\"2025-09-25T18:57:26+00:00\" \/>\n<meta property=\"og:image\" content=\"https:\/\/www.billin.net\/blog\/wp-content\/uploads\/2018\/06\/autonomo-contrata-becario-min.jpg\" \/>\n\t<meta property=\"og:image:width\" content=\"1000\" \/>\n\t<meta property=\"og:image:height\" content=\"666\" \/>\n\t<meta property=\"og:image:type\" content=\"image\/jpeg\" \/>\n<meta name=\"author\" content=\"Marcos De La Cueva - CEO TeamSystem Facturas Billin\" \/>\n<meta name=\"twitter:card\" content=\"summary_large_image\" \/>\n<meta name=\"twitter:creator\" content=\"@Billin_ES\" \/>\n<meta name=\"twitter:site\" content=\"@Billin_ES\" \/>\n<meta name=\"twitter:label1\" content=\"Escrito por\" \/>\n\t<meta name=\"twitter:data1\" content=\"Marcos De La Cueva - CEO TeamSystem Facturas Billin\" \/>\n\t<meta name=\"twitter:label2\" content=\"Tiempo de lectura\" \/>\n\t<meta name=\"twitter:data2\" content=\"4 minutos\" \/>\n<script type=\"application\/ld+json\" class=\"yoast-schema-graph\">{\"@context\":\"https:\/\/schema.org\",\"@graph\":[{\"@type\":\"Article\",\"@id\":\"https:\/\/www.billin.net\/blog\/contratacion-becario-autonomo\/#article\",\"isPartOf\":{\"@id\":\"https:\/\/www.billin.net\/blog\/contratacion-becario-autonomo\/\"},\"author\":{\"name\":\"Marcos De La Cueva - CEO TeamSystem Facturas Billin\",\"@id\":\"https:\/\/www.billin.net\/blog\/#\/schema\/person\/d0339ee6e869234614541b1e80a793e7\"},\"headline\":\"\u00bfC\u00f3mo contratar un becario siendo aut\u00f3nomo?\",\"datePublished\":\"2018-06-03T22:00:00+00:00\",\"dateModified\":\"2025-09-25T18:57:26+00:00\",\"mainEntityOfPage\":{\"@id\":\"https:\/\/www.billin.net\/blog\/contratacion-becario-autonomo\/\"},\"wordCount\":871,\"commentCount\":0,\"publisher\":{\"@id\":\"https:\/\/www.billin.net\/blog\/#organization\"},\"image\":{\"@id\":\"https:\/\/www.billin.net\/blog\/contratacion-becario-autonomo\/#primaryimage\"},\"thumbnailUrl\":\"https:\/\/www.billin.net\/blog\/wp-content\/uploads\/2018\/06\/autonomo-contrata-becario-min.jpg\",\"keywords\":[\"Aut\u00f3nomos\"],\"articleSection\":[\"Recursos humanos\"],\"inLanguage\":\"es\",\"potentialAction\":[{\"@type\":\"CommentAction\",\"name\":\"Comment\",\"target\":[\"https:\/\/www.billin.net\/blog\/contratacion-becario-autonomo\/#respond\"]}]},{\"@type\":\"WebPage\",\"@id\":\"https:\/\/www.billin.net\/blog\/contratacion-becario-autonomo\/\",\"url\":\"https:\/\/www.billin.net\/blog\/contratacion-becario-autonomo\/\",\"name\":\"\u00bfC\u00f3mo contratar becarios si soy Aut\u00f3nomo? - TeamSystem Facturas Billin\",\"isPartOf\":{\"@id\":\"https:\/\/www.billin.net\/blog\/#website\"},\"primaryImageOfPage\":{\"@id\":\"https:\/\/www.billin.net\/blog\/contratacion-becario-autonomo\/#primaryimage\"},\"image\":{\"@id\":\"https:\/\/www.billin.net\/blog\/contratacion-becario-autonomo\/#primaryimage\"},\"thumbnailUrl\":\"https:\/\/www.billin.net\/blog\/wp-content\/uploads\/2018\/06\/autonomo-contrata-becario-min.jpg\",\"datePublished\":\"2018-06-03T22:00:00+00:00\",\"dateModified\":\"2025-09-25T18:57:26+00:00\",\"description\":\"Un aut\u00f3nomo puede aprovecharse de incorporar en su plantilla a un becario que pueda ayudarle en las tareas que necesite. Ve\u00e1moslo\",\"breadcrumb\":{\"@id\":\"https:\/\/www.billin.net\/blog\/contratacion-becario-autonomo\/#breadcrumb\"},\"inLanguage\":\"es\",\"potentialAction\":[{\"@type\":\"ReadAction\",\"target\":[\"https:\/\/www.billin.net\/blog\/contratacion-becario-autonomo\/\"]}]},{\"@type\":\"ImageObject\",\"inLanguage\":\"es\",\"@id\":\"https:\/\/www.billin.net\/blog\/contratacion-becario-autonomo\/#primaryimage\",\"url\":\"https:\/\/www.billin.net\/blog\/wp-content\/uploads\/2018\/06\/autonomo-contrata-becario-min.jpg\",\"contentUrl\":\"https:\/\/www.billin.net\/blog\/wp-content\/uploads\/2018\/06\/autonomo-contrata-becario-min.jpg\",\"width\":1000,\"height\":666,\"caption\":\"contratar becarios\"},{\"@type\":\"BreadcrumbList\",\"@id\":\"https:\/\/www.billin.net\/blog\/contratacion-becario-autonomo\/#breadcrumb\",\"itemListElement\":[{\"@type\":\"ListItem\",\"position\":1,\"name\":\"Blog\",\"item\":\"https:\/\/www.billin.net\/blog\/\"},{\"@type\":\"ListItem\",\"position\":2,\"name\":\"Recursos humanos\",\"item\":\"https:\/\/www.billin.net\/blog\/recursos-humanos\/\"},{\"@type\":\"ListItem\",\"position\":3,\"name\":\"\u00bfC\u00f3mo contratar un becario siendo aut\u00f3nomo?\"}]},{\"@type\":\"WebSite\",\"@id\":\"https:\/\/www.billin.net\/blog\/#website\",\"url\":\"https:\/\/www.billin.net\/blog\/\",\"name\":\"Blog de Billin\",\"description\":\"Mantente informado con el blog de TeamSystem Facturas Billin:  facturaci\u00f3n, legislaci\u00f3n, contabilidad, management y toda la informaci\u00f3n \u00fatil para pymes y aut\u00f3nomos.\",\"publisher\":{\"@id\":\"https:\/\/www.billin.net\/blog\/#organization\"},\"potentialAction\":[{\"@type\":\"SearchAction\",\"target\":{\"@type\":\"EntryPoint\",\"urlTemplate\":\"https:\/\/www.billin.net\/blog\/?s={search_term_string}\"},\"query-input\":{\"@type\":\"PropertyValueSpecification\",\"valueRequired\":true,\"valueName\":\"search_term_string\"}}],\"inLanguage\":\"es\"},{\"@type\":\"Organization\",\"@id\":\"https:\/\/www.billin.net\/blog\/#organization\",\"name\":\"Billin\",\"alternateName\":\"Blog de Billin\",\"url\":\"https:\/\/www.billin.net\/blog\/\",\"logo\":{\"@type\":\"ImageObject\",\"inLanguage\":\"es\",\"@id\":\"https:\/\/www.billin.net\/blog\/#\/schema\/logo\/image\/\",\"url\":\"https:\/\/www.billin.net\/blog\/wp-content\/uploads\/2019\/06\/logotipo-billin-blog-1.png\",\"contentUrl\":\"https:\/\/www.billin.net\/blog\/wp-content\/uploads\/2019\/06\/logotipo-billin-blog-1.png\",\"width\":126,\"height\":50,\"caption\":\"Billin\"},\"image\":{\"@id\":\"https:\/\/www.billin.net\/blog\/#\/schema\/logo\/image\/\"},\"sameAs\":[\"https:\/\/www.facebook.com\/EsBillin\",\"https:\/\/x.com\/Billin_ES\",\"https:\/\/www.instagram.com\/billin_es\/\",\"https:\/\/www.linkedin.com\/company\/billin-spain\",\"https:\/\/www.youtube.com\/c\/BillinEsintercambiodefacturas\/\"],\"legalName\":\"MY EXPENSES SL\",\"contactPoint\":{\"@type\":\"ContactPoint\",\"telephone\":\"+34918318883\",\"contactType\":\"customer service\",\"email\":\"info@billin.eu\",\"availableLanguage\":\"es\"},\"foundingDate\":\"2015\",\"numberOfEmployees\":{\"@type\":\"QuantitativeValue\",\"minValue\":10,\"maxValue\":50},\"parentOrganization\":{\"@type\":\"Organization\",\"name\":\"TeamSystem\",\"url\":\"https:\/\/www.teamsystem.com\/\"},\"description\":\"Billin es el programa de facturaci\u00f3n online de TeamSystem para aut\u00f3nomos y pymes en Espa\u00f1a. Permite crear facturas, controlar gastos y cumplir con Verifactu.\",\"address\":{\"@type\":\"PostalAddress\",\"streetAddress\":\"Calle Arturo Soria, 336\",\"addressLocality\":\"Madrid\",\"addressRegion\":\"Madrid\",\"postalCode\":\"28033\",\"addressCountry\":\"ES\"}},{\"@type\":\"Person\",\"@id\":\"https:\/\/www.billin.net\/blog\/#\/schema\/person\/d0339ee6e869234614541b1e80a793e7\",\"name\":\"Marcos De La Cueva - CEO TeamSystem Facturas Billin\",\"image\":{\"@type\":\"ImageObject\",\"inLanguage\":\"es\",\"@id\":\"https:\/\/www.billin.net\/blog\/#\/schema\/person\/image\/\",\"url\":\"https:\/\/www.billin.net\/blog\/wp-content\/uploads\/2023\/10\/marcos-color-150x150.png\",\"contentUrl\":\"https:\/\/www.billin.net\/blog\/wp-content\/uploads\/2023\/10\/marcos-color-150x150.png\",\"caption\":\"Marcos De La Cueva - CEO TeamSystem Facturas Billin\"},\"description\":\"Licenciado en ADE por la Universidad Aut\u00f3noma de Madrid, Marcos De la Cueva es CEO y cofundador de TeamSystem Facturas Billin, un programa online que lleva m\u00e1s de 9 a\u00f1os ayudando a aut\u00f3nomos, peque\u00f1os negocios y gestor\u00edas a digitalizar sus presupuestos, facturas, tickets y gastos. \u00a0 Sobre Marcos De La Cueva \u00a0 Apasionado por el mundo empresarial y la tecnolog\u00eda, curs\u00f3 su M\u00e1ster de Finanzas en la Universidad Pontificia de Comillas y estuvo en el Programa de Cooperaci\u00f3n Educativa de la Universidad Aut\u00f3noma de Madrid. \u00a0 Marcos siempre ha tenido su objetivo claro: ayudar a la creaci\u00f3n de negocios financieramente sostenibles a trav\u00e9s de una herramienta de facturaci\u00f3n que les permita ahorrar tiempo y tener la contabilidad bajo control. \u00a0 Marcos De La Cueva en los medios \u2014 Noticia sobre Kit Digital y Ley Antifraude (VeriFactu) en El Economista. \u2014 Noticia sobre Kit Digital y factura electr\u00f3nica obligatoria en Diario Jur\u00eddico. \u2014 Noticia sobre el a\u00f1o de transici\u00f3n para la factura electr\u00f3nica en Muy Pymes. \u2014 Entrevista sobre factura electr\u00f3nica obligatoria en Canal Sur. \u2014 Noticia sobre el informe factura electr\u00f3nica de TeamSystem en Channel Partner. \u2014 Charla sobre productividad y Ley Crea y Crece en El Economista. \u2014 Charla sobre factura electr\u00f3nica obligatoria en Muy Pymes. \u2014 Charla sobre digitalizaci\u00f3n aut\u00f3nomos y productividad en esdiario. \u2014 Charla sobre productividad y factura electr\u00f3nica en La Raz\u00f3n. \u2014 Charla sobre factura electr\u00f3nica obligatoria en Aut\u00f3nomos y Emprendedores. \u2014 Entrevista sobre Ley Antifraude y Ley Crea y Crece en Expansi\u00f3n. \u2014 Entrevista sobre Ley Antifraude y Ley Crea y Crece en La Raz\u00f3n. \u2014 Entrevista sobre factura electr\u00f3nica obligatoria en El Economista. \u2014 Comunicado Billin y TeamSystem en Business Insider. \u2014 Entrevista en Econom\u00eda Digital. \u2014 Entrevista en Ideas para tu empresa de Vodafone. \u2014 Entrevista en M\u00e1sQradio. \u2014 Entrevista en Armas para emprender de El M\u00e9todo Gallardo. \u2014 Entrevista en KFund. \u2014 Entrevista en AXA Seguros Espa\u00f1a. \u2014 Entrevista en GestionaRadio. \u00a0 Marcos De La Cueva en eventos \u00a0 \u2014 Participaci\u00f3n como ponente en Accountex Espa\u00f1a 2023. \u00a0 Tem\u00e1ticas de especializaci\u00f3n \u00a0 negocios | startups | contabilidad| fiscalidad | empresas| asesor\u00edas| autonomos | emprendedores | peque\u00f1os negocios | econom\u00eda | ADE | pymes | desarrollo de negocio\u00a0\",\"sameAs\":[\"https:\/\/www.billin.net\/\",\"https:\/\/www.linkedin.com\/in\/marcos-de-la-cueva-19750ba3\/\"],\"url\":\"https:\/\/www.billin.net\/blog\/author\/marcosdelacueva\/\",\"jobTitle\":\"CEO y cofundador de TS Facturas Billin\"}]}<\/script>\n<!-- \/ Yoast SEO plugin. -->","yoast_head_json":{"title":"\u00bfC\u00f3mo contratar becarios si soy Aut\u00f3nomo? - TeamSystem Facturas Billin","description":"Un aut\u00f3nomo puede aprovecharse de incorporar en su plantilla a un becario que pueda ayudarle en las tareas que necesite. Ve\u00e1moslo","robots":{"index":"index","follow":"follow","max-snippet":"max-snippet:-1","max-image-preview":"max-image-preview:large","max-video-preview":"max-video-preview:-1"},"canonical":"https:\/\/www.billin.net\/blog\/contratacion-becario-autonomo\/","og_locale":"es_ES","og_type":"article","og_title":"\u00bfC\u00f3mo contratar becarios si soy Aut\u00f3nomo? - TeamSystem Facturas Billin","og_description":"Un aut\u00f3nomo puede aprovecharse de incorporar en su plantilla a un becario que pueda ayudarle en las tareas que necesite. Ve\u00e1moslo","og_url":"https:\/\/www.billin.net\/blog\/contratacion-becario-autonomo\/","og_site_name":"Blog de TeamSystem Facturas Billin","article_publisher":"https:\/\/www.facebook.com\/EsBillin","article_published_time":"2018-06-03T22:00:00+00:00","article_modified_time":"2025-09-25T18:57:26+00:00","og_image":[{"width":1000,"height":666,"url":"https:\/\/www.billin.net\/blog\/wp-content\/uploads\/2018\/06\/autonomo-contrata-becario-min.jpg","type":"image\/jpeg"}],"author":"Marcos De La Cueva - CEO TeamSystem Facturas Billin","twitter_card":"summary_large_image","twitter_creator":"@Billin_ES","twitter_site":"@Billin_ES","twitter_misc":{"Escrito por":"Marcos De La Cueva - CEO TeamSystem Facturas Billin","Tiempo de lectura":"4 minutos"},"schema":{"@context":"https:\/\/schema.org","@graph":[{"@type":"Article","@id":"https:\/\/www.billin.net\/blog\/contratacion-becario-autonomo\/#article","isPartOf":{"@id":"https:\/\/www.billin.net\/blog\/contratacion-becario-autonomo\/"},"author":{"name":"Marcos De La Cueva - CEO TeamSystem Facturas Billin","@id":"https:\/\/www.billin.net\/blog\/#\/schema\/person\/d0339ee6e869234614541b1e80a793e7"},"headline":"\u00bfC\u00f3mo contratar un becario siendo aut\u00f3nomo?","datePublished":"2018-06-03T22:00:00+00:00","dateModified":"2025-09-25T18:57:26+00:00","mainEntityOfPage":{"@id":"https:\/\/www.billin.net\/blog\/contratacion-becario-autonomo\/"},"wordCount":871,"commentCount":0,"publisher":{"@id":"https:\/\/www.billin.net\/blog\/#organization"},"image":{"@id":"https:\/\/www.billin.net\/blog\/contratacion-becario-autonomo\/#primaryimage"},"thumbnailUrl":"https:\/\/www.billin.net\/blog\/wp-content\/uploads\/2018\/06\/autonomo-contrata-becario-min.jpg","keywords":["Aut\u00f3nomos"],"articleSection":["Recursos humanos"],"inLanguage":"es","potentialAction":[{"@type":"CommentAction","name":"Comment","target":["https:\/\/www.billin.net\/blog\/contratacion-becario-autonomo\/#respond"]}]},{"@type":"WebPage","@id":"https:\/\/www.billin.net\/blog\/contratacion-becario-autonomo\/","url":"https:\/\/www.billin.net\/blog\/contratacion-becario-autonomo\/","name":"\u00bfC\u00f3mo contratar becarios si soy Aut\u00f3nomo? - TeamSystem Facturas Billin","isPartOf":{"@id":"https:\/\/www.billin.net\/blog\/#website"},"primaryImageOfPage":{"@id":"https:\/\/www.billin.net\/blog\/contratacion-becario-autonomo\/#primaryimage"},"image":{"@id":"https:\/\/www.billin.net\/blog\/contratacion-becario-autonomo\/#primaryimage"},"thumbnailUrl":"https:\/\/www.billin.net\/blog\/wp-content\/uploads\/2018\/06\/autonomo-contrata-becario-min.jpg","datePublished":"2018-06-03T22:00:00+00:00","dateModified":"2025-09-25T18:57:26+00:00","description":"Un aut\u00f3nomo puede aprovecharse de incorporar en su plantilla a un becario que pueda ayudarle en las tareas que necesite. Ve\u00e1moslo","breadcrumb":{"@id":"https:\/\/www.billin.net\/blog\/contratacion-becario-autonomo\/#breadcrumb"},"inLanguage":"es","potentialAction":[{"@type":"ReadAction","target":["https:\/\/www.billin.net\/blog\/contratacion-becario-autonomo\/"]}]},{"@type":"ImageObject","inLanguage":"es","@id":"https:\/\/www.billin.net\/blog\/contratacion-becario-autonomo\/#primaryimage","url":"https:\/\/www.billin.net\/blog\/wp-content\/uploads\/2018\/06\/autonomo-contrata-becario-min.jpg","contentUrl":"https:\/\/www.billin.net\/blog\/wp-content\/uploads\/2018\/06\/autonomo-contrata-becario-min.jpg","width":1000,"height":666,"caption":"contratar becarios"},{"@type":"BreadcrumbList","@id":"https:\/\/www.billin.net\/blog\/contratacion-becario-autonomo\/#breadcrumb","itemListElement":[{"@type":"ListItem","position":1,"name":"Blog","item":"https:\/\/www.billin.net\/blog\/"},{"@type":"ListItem","position":2,"name":"Recursos humanos","item":"https:\/\/www.billin.net\/blog\/recursos-humanos\/"},{"@type":"ListItem","position":3,"name":"\u00bfC\u00f3mo contratar un becario siendo aut\u00f3nomo?"}]},{"@type":"WebSite","@id":"https:\/\/www.billin.net\/blog\/#website","url":"https:\/\/www.billin.net\/blog\/","name":"Blog de Billin","description":"Mantente informado con el blog de TeamSystem Facturas Billin:  facturaci\u00f3n, legislaci\u00f3n, contabilidad, management y toda la informaci\u00f3n \u00fatil para pymes y aut\u00f3nomos.","publisher":{"@id":"https:\/\/www.billin.net\/blog\/#organization"},"potentialAction":[{"@type":"SearchAction","target":{"@type":"EntryPoint","urlTemplate":"https:\/\/www.billin.net\/blog\/?s={search_term_string}"},"query-input":{"@type":"PropertyValueSpecification","valueRequired":true,"valueName":"search_term_string"}}],"inLanguage":"es"},{"@type":"Organization","@id":"https:\/\/www.billin.net\/blog\/#organization","name":"Billin","alternateName":"Blog de Billin","url":"https:\/\/www.billin.net\/blog\/","logo":{"@type":"ImageObject","inLanguage":"es","@id":"https:\/\/www.billin.net\/blog\/#\/schema\/logo\/image\/","url":"https:\/\/www.billin.net\/blog\/wp-content\/uploads\/2019\/06\/logotipo-billin-blog-1.png","contentUrl":"https:\/\/www.billin.net\/blog\/wp-content\/uploads\/2019\/06\/logotipo-billin-blog-1.png","width":126,"height":50,"caption":"Billin"},"image":{"@id":"https:\/\/www.billin.net\/blog\/#\/schema\/logo\/image\/"},"sameAs":["https:\/\/www.facebook.com\/EsBillin","https:\/\/x.com\/Billin_ES","https:\/\/www.instagram.com\/billin_es\/","https:\/\/www.linkedin.com\/company\/billin-spain","https:\/\/www.youtube.com\/c\/BillinEsintercambiodefacturas\/"],"legalName":"MY EXPENSES SL","contactPoint":{"@type":"ContactPoint","telephone":"+34918318883","contactType":"customer service","email":"info@billin.eu","availableLanguage":"es"},"foundingDate":"2015","numberOfEmployees":{"@type":"QuantitativeValue","minValue":10,"maxValue":50},"parentOrganization":{"@type":"Organization","name":"TeamSystem","url":"https:\/\/www.teamsystem.com\/"},"description":"Billin es el programa de facturaci\u00f3n online de TeamSystem para aut\u00f3nomos y pymes en Espa\u00f1a. Permite crear facturas, controlar gastos y cumplir con Verifactu.","address":{"@type":"PostalAddress","streetAddress":"Calle Arturo Soria, 336","addressLocality":"Madrid","addressRegion":"Madrid","postalCode":"28033","addressCountry":"ES"}},{"@type":"Person","@id":"https:\/\/www.billin.net\/blog\/#\/schema\/person\/d0339ee6e869234614541b1e80a793e7","name":"Marcos De La Cueva - CEO TeamSystem Facturas Billin","image":{"@type":"ImageObject","inLanguage":"es","@id":"https:\/\/www.billin.net\/blog\/#\/schema\/person\/image\/","url":"https:\/\/www.billin.net\/blog\/wp-content\/uploads\/2023\/10\/marcos-color-150x150.png","contentUrl":"https:\/\/www.billin.net\/blog\/wp-content\/uploads\/2023\/10\/marcos-color-150x150.png","caption":"Marcos De La Cueva - CEO TeamSystem Facturas Billin"},"description":"Licenciado en ADE por la Universidad Aut\u00f3noma de Madrid, Marcos De la Cueva es CEO y cofundador de TeamSystem Facturas Billin, un programa online que lleva m\u00e1s de 9 a\u00f1os ayudando a aut\u00f3nomos, peque\u00f1os negocios y gestor\u00edas a digitalizar sus presupuestos, facturas, tickets y gastos. \u00a0 Sobre Marcos De La Cueva \u00a0 Apasionado por el mundo empresarial y la tecnolog\u00eda, curs\u00f3 su M\u00e1ster de Finanzas en la Universidad Pontificia de Comillas y estuvo en el Programa de Cooperaci\u00f3n Educativa de la Universidad Aut\u00f3noma de Madrid. \u00a0 Marcos siempre ha tenido su objetivo claro: ayudar a la creaci\u00f3n de negocios financieramente sostenibles a trav\u00e9s de una herramienta de facturaci\u00f3n que les permita ahorrar tiempo y tener la contabilidad bajo control. \u00a0 Marcos De La Cueva en los medios \u2014 Noticia sobre Kit Digital y Ley Antifraude (VeriFactu) en El Economista. \u2014 Noticia sobre Kit Digital y factura electr\u00f3nica obligatoria en Diario Jur\u00eddico. \u2014 Noticia sobre el a\u00f1o de transici\u00f3n para la factura electr\u00f3nica en Muy Pymes. \u2014 Entrevista sobre factura electr\u00f3nica obligatoria en Canal Sur. \u2014 Noticia sobre el informe factura electr\u00f3nica de TeamSystem en Channel Partner. \u2014 Charla sobre productividad y Ley Crea y Crece en El Economista. \u2014 Charla sobre factura electr\u00f3nica obligatoria en Muy Pymes. \u2014 Charla sobre digitalizaci\u00f3n aut\u00f3nomos y productividad en esdiario. \u2014 Charla sobre productividad y factura electr\u00f3nica en La Raz\u00f3n. \u2014 Charla sobre factura electr\u00f3nica obligatoria en Aut\u00f3nomos y Emprendedores. \u2014 Entrevista sobre Ley Antifraude y Ley Crea y Crece en Expansi\u00f3n. \u2014 Entrevista sobre Ley Antifraude y Ley Crea y Crece en La Raz\u00f3n. \u2014 Entrevista sobre factura electr\u00f3nica obligatoria en El Economista. \u2014 Comunicado Billin y TeamSystem en Business Insider. \u2014 Entrevista en Econom\u00eda Digital. \u2014 Entrevista en Ideas para tu empresa de Vodafone. \u2014 Entrevista en M\u00e1sQradio. \u2014 Entrevista en Armas para emprender de El M\u00e9todo Gallardo. \u2014 Entrevista en KFund. \u2014 Entrevista en AXA Seguros Espa\u00f1a. \u2014 Entrevista en GestionaRadio. \u00a0 Marcos De La Cueva en eventos \u00a0 \u2014 Participaci\u00f3n como ponente en Accountex Espa\u00f1a 2023. \u00a0 Tem\u00e1ticas de especializaci\u00f3n \u00a0 negocios | startups | contabilidad| fiscalidad | empresas| asesor\u00edas| autonomos | emprendedores | peque\u00f1os negocios | econom\u00eda | ADE | pymes | desarrollo de negocio\u00a0","sameAs":["https:\/\/www.billin.net\/","https:\/\/www.linkedin.com\/in\/marcos-de-la-cueva-19750ba3\/"],"url":"https:\/\/www.billin.net\/blog\/author\/marcosdelacueva\/","jobTitle":"CEO y cofundador de TS Facturas Billin"}]}},"_links":{"self":[{"href":"https:\/\/www.billin.net\/blog\/wp-json\/wp\/v2\/posts\/10581","targetHints":{"allow":["GET"]}}],"collection":[{"href":"https:\/\/www.billin.net\/blog\/wp-json\/wp\/v2\/posts"}],"about":[{"href":"https:\/\/www.billin.net\/blog\/wp-json\/wp\/v2\/types\/post"}],"author":[{"embeddable":true,"href":"https:\/\/www.billin.net\/blog\/wp-json\/wp\/v2\/users\/20"}],"replies":[{"embeddable":true,"href":"https:\/\/www.billin.net\/blog\/wp-json\/wp\/v2\/comments?post=10581"}],"version-history":[{"count":7,"href":"https:\/\/www.billin.net\/blog\/wp-json\/wp\/v2\/posts\/10581\/revisions"}],"predecessor-version":[{"id":27379,"href":"https:\/\/www.billin.net\/blog\/wp-json\/wp\/v2\/posts\/10581\/revisions\/27379"}],"wp:featuredmedia":[{"embeddable":true,"href":"https:\/\/www.billin.net\/blog\/wp-json\/wp\/v2\/media\/7072"}],"wp:attachment":[{"href":"https:\/\/www.billin.net\/blog\/wp-json\/wp\/v2\/media?parent=10581"}],"wp:term":[{"taxonomy":"category","embeddable":true,"href":"https:\/\/www.billin.net\/blog\/wp-json\/wp\/v2\/categories?post=10581"},{"taxonomy":"post_tag","embeddable":true,"href":"https:\/\/www.billin.net\/blog\/wp-json\/wp\/v2\/tags?post=10581"}],"curies":[{"name":"wp","href":"https:\/\/api.w.org\/{rel}","templated":true}]}}