{"id":10566,"date":"2018-05-11T00:00:00","date_gmt":"2018-05-10T22:00:00","guid":{"rendered":"https:\/\/www.billin.net\/blog\/modelos-informativos-y-declaracion-resumen-anual\/"},"modified":"2025-09-25T20:57:52","modified_gmt":"2025-09-25T18:57:52","slug":"modelos-informativos-y-declaracion-resumen-anual","status":"publish","type":"post","link":"https:\/\/www.billin.net\/blog\/modelos-informativos-y-declaracion-resumen-anual\/","title":{"rendered":"Modelos informativos y Declaraci\u00f3n resumen anual"},"content":{"rendered":"<p>Existen impuestos que son el resumen de todo lo que ha sucedido a lo largo del a\u00f1o, \u00e9stos son los conocidos como<strong> los modelos o declaraciones informativas. <\/strong>En este art\u00edculo te enumeramos las m\u00e1s conocidas.<!--more--><\/p>\n<h2>\u00bfQu\u00e9 es una declaraci\u00f3n informativa?<\/h2>\n<p>Son impuestos anuales, que se presentan como <strong>resumen de los cuatro trimestres<\/strong> correspondiente al mismo ejercicio.<\/p>\n<p>Todas, se presentan junto al cierre del a\u00f1o,<strong> normalmente en el mes de enero<\/strong>, a excepci\u00f3n del 349 que va de otra manera.<\/p>\n<p>Su presentaci\u00f3n es<strong> obligatoria por Internet<\/strong>, y lo tendr\u00e1n que hacer tanto sociedades como aut\u00f3nomos.<\/p>\n<p>A la hora de rellenar este tipo de impuestos, es importante que lo hayas ido haciendo trimestre a trimestre, porqu\u00e9 si no, ser\u00e1 un trabajo muy duro.<\/p>\n<p>Te recomendamos el <strong>uso de una hoja de Excel<\/strong> para obtener los totales y as\u00ed traspasarlos a la declaraci\u00f3n que corresponda.<\/p>\n<p>En el 2018, ya se anticip\u00f3 a enero la declaraci\u00f3n del <a href=\"https:\/\/www.billin.net\/blog\/modelo-184-declaracion-informativa-entidades-en-regimen-de-atribucion-de-rentas-resumen-anual\/\" target=\"_blank\" rel=\"noopener noreferrer\">Modelo 184<\/a>, y a partir del a\u00f1o 2019 se adelantar\u00e1 a Enero el Modelo 347, adem\u00e1s de requerirse un correo electr\u00f3nico, habr\u00e1 que diferenciar entre retribuciones dinerarias y en especie, adem\u00e1s de las becas exentas, aunque sean inferiores a 3.000 euros. Por \u00faltimo, se obligar\u00e1 tambi\u00e9n a tener una mayor exigencia en la identificaci\u00f3n fiscal.<\/p>\n<h2>\u00bfCu\u00e1les son las declaraciones informativas?<\/h2>\n<p>Entre las m\u00e1s importantes, vamos a destacar el Modelo 180 y 190, adem\u00e1s del 347.<\/p>\n<h3>Modelo 180 y Modelo 190<\/h3>\n<ul>\n<li><a href=\"https:\/\/www.billin.net\/blog\/como-rellenar-modelo-180\/\" target=\"_blank\" rel=\"noopener noreferrer\"><strong>Modelo 180<\/strong><\/a>: se resumen como el modelo correspondiente, a la totalidad anual de retenciones e ingresos a cuenta de determinadas rentas, o rendimientos que procedan del arrendamiento de bienes urbanos.<\/li>\n<\/ul>\n<p>Es el resumen anual del <a href=\"https:\/\/www.billin.net\/blog\/modelo-irpf-115\/\" target=\"_blank\" rel=\"noopener noreferrer\"><strong>Modelo 115<\/strong><\/a>, que se presenta trimestralmente, y donde se ingresan, las retenciones practicadas al propietario de un local, que lo tenga alquilado con actividad econ\u00f3mica.<\/p>\n<p>Su cumplimentaci\u00f3n est\u00e1 formada por dos partes, la hoja primera (Anexo I) donde habr\u00e1 que rellenar todos los datos fiscales de la empresa, ejercicio y modalidad de presentaci\u00f3n, declaraci\u00f3n complementaria si lo fuese, y por \u00faltimo un resumen de los datos que figuran en las siguientes hojas:<\/p>\n<ul>\n<li>N\u00famero de perceptores<\/li>\n<li>Base de retenciones e ingresos a cuenta<\/li>\n<li>Retenciones e ingresos a cuenta<\/li>\n<\/ul>\n<p><img loading=\"lazy\" decoding=\"async\" class=\"aligncenter wp-image-6935 size-full\" src=\"https:\/\/www.billin.net\/blog\/wp-content\/uploads\/2018\/05\/modelos-informativos-declaracion.jpg\" alt=\"Modelos informativos y Declaraci\u00f3n resumen anual\" width=\"631\" height=\"909\" srcset=\"https:\/\/www.billin.net\/blog\/wp-content\/uploads\/2018\/05\/modelos-informativos-declaracion.jpg 631w, https:\/\/www.billin.net\/blog\/wp-content\/uploads\/2018\/05\/modelos-informativos-declaracion-208x300.jpg 208w\" sizes=\"(max-width: 631px) 100vw, 631px\" \/><\/p>\n<p>La p\u00e1gina 2 (Anexo II) de este modelo, se usar\u00e1 para especificar cada uno de los perceptores, indicando sus datos personales y DNI, <strong>especificar si la retribuci\u00f3n la ha recibido de forma dineraria o en especie<\/strong>, la base de las retenciones y las retenciones practicadas.<\/p>\n<p><strong>Anexo II<\/strong><\/p>\n<p><img loading=\"lazy\" decoding=\"async\" class=\"aligncenter size-full wp-image-6936\" src=\"https:\/\/www.billin.net\/blog\/wp-content\/uploads\/2018\/05\/declaracion-modelos-informativos.jpg\" alt=\"La p\u00e1gina 2 (Anexo II) de este modelo, se usar\u00e1 para especificar cada uno de los perceptores, indicando sus datos personales y DNI, especificar si la retribuci\u00f3n la ha recibido de forma dineraria o en especie, la base de las retenciones y las retenciones practicadas.\" width=\"639\" height=\"891\" srcset=\"https:\/\/www.billin.net\/blog\/wp-content\/uploads\/2018\/05\/declaracion-modelos-informativos.jpg 639w, https:\/\/www.billin.net\/blog\/wp-content\/uploads\/2018\/05\/declaracion-modelos-informativos-215x300.jpg 215w\" sizes=\"(max-width: 639px) 100vw, 639px\" \/><\/p>\n<ul>\n<li><strong><a href=\"https:\/\/www.billin.net\/blog\/modelo-190-resumen-anual-de-retenciones-e-ingresos-a-cuenta-del-irpf\/\" target=\"_blank\" rel=\"noopener noreferrer\">Modelo 190<\/a>: <\/strong>se define como el resumen de Retenciones e ingresos a cuenta de las n\u00f3minas de los trabajadores y de las facturas que recibas de profesionales, presentar\u00e1 este modelo qui\u00e9n est\u00e9 obligado a liquidar el <a href=\"https:\/\/www.billin.net\/blog\/modelo-111\/\" target=\"_blank\" rel=\"noopener noreferrer\"><strong>Modelo 111<\/strong><\/a> trimestralmente.<\/li>\n<\/ul>\n<p>Su cumplimentaci\u00f3n estar\u00e1 formada por dos partes, la p\u00e1gina 1 (Anexo I), donde habr\u00e1 que incluir los datos personales del declarante, ejercicio y modalidad de presentaci\u00f3n y un resumen de lo que se va a presentar:<\/p>\n<ul>\n<li>N\u00famero de perceptores<\/li>\n<li>Importe total de las percepciones<\/li>\n<li>Importe total de las retenciones<\/li>\n<\/ul>\n<p>Tambi\u00e9n <strong>indicar si es o no complementaria o sustitutiva<\/strong>:<\/p>\n<ul>\n<li>Declaraci\u00f3n complementaria por inclusi\u00f3n de datos, en este caso, se a\u00f1adir\u00edan los datos que no hab\u00edamos incluido en la principal.<\/li>\n<li>Declaraci\u00f3n complementaria por modificaci\u00f3n de datos o anulaci\u00f3n, de esta forma se podr\u00e1 anular unos datos ya incluidos en la principal.<\/li>\n<\/ul>\n<p>Por \u00faltimo, la fecha y la firma.<\/p>\n<p>En la p\u00e1gina 2 (Anexo II), se incluir\u00e1n los siguientes datos de cada uno de los perceptores, tanto trabajadores como profesionales que hayan aplicado retenci\u00f3n en su factura.<\/p>\n<p>Con respecto los trabajadores, habr\u00e1 que incluir sus datos personales, la percepci\u00f3n \u00edntegra y los datos adicionales que tenga el empleado como a\u00f1o de nacimiento, situaci\u00f3n familiar, gastos de deducci\u00f3n, anualidad de alimentos, etc.<\/p>\n<p><img loading=\"lazy\" decoding=\"async\" class=\"aligncenter size-full wp-image-6937\" src=\"https:\/\/www.billin.net\/blog\/wp-content\/uploads\/2018\/05\/modelos-informativos-declaracion.2.jpg\" alt=\"\u2022 Modelo 190: se define como el resumen de Retenciones e ingresos a cuenta de las n\u00f3minas de los trabajadores y de las facturas que recibas de profesionales, presentar\u00e1 este modelo qui\u00e9n est\u00e9 obligado a liquidar el Modelo 111 trimestralmente. Su cumplimentaci\u00f3n estar\u00e1 formada por dos partes, la p\u00e1gina 1 (Anexo I), donde habr\u00e1 que incluir los datos personales del declarante, ejercicio y modalidad de presentaci\u00f3n y un resumen de lo que se va a presentar: \u2022 N\u00famero de perceptores \u2022 Importe total de las percepciones \u2022 Importe total de las retenciones Tambi\u00e9n indicar si es o no complementaria o sustitutiva: \u2022 Declaraci\u00f3n complementaria por inclusi\u00f3n de datos, en este caso, se a\u00f1adir\u00edan los datos que no hab\u00edamos incluido en la principal. \u2022 Declaraci\u00f3n complementaria por modificaci\u00f3n de datos o anulaci\u00f3n, de esta forma se podr\u00e1 anular unos datos ya incluidos en la principal. Por \u00faltimo, la fecha y la firma. En la p\u00e1gina 2 (Anexo II), se incluir\u00e1n los siguientes datos de cada uno de los perceptores, tanto trabajadores como profesionales que hayan aplicado retenci\u00f3n en su factura. Con respecto los trabajadores, habr\u00e1 que incluir sus datos personales, la percepci\u00f3n \u00edntegra y los datos adicionales que tenga el empleado como a\u00f1o de nacimiento, situaci\u00f3n familiar, gastos de deducci\u00f3n, anualidad de alimentos, etc.\" width=\"744\" height=\"398\" srcset=\"https:\/\/www.billin.net\/blog\/wp-content\/uploads\/2018\/05\/modelos-informativos-declaracion.2.jpg 744w, https:\/\/www.billin.net\/blog\/wp-content\/uploads\/2018\/05\/modelos-informativos-declaracion.2-300x160.jpg 300w\" sizes=\"(max-width: 744px) 100vw, 744px\" \/><\/p>\n<h3>Modelo 347<\/h3>\n<p>Es un modelo informativo que presentan las sociedades y aut\u00f3nomos, de <a href=\"https:\/\/www.billin.net\/blog\/modelo-347-declaracion-informativa-declaracion-anual-de-operaciones-con-terceros\/\" target=\"_blank\" rel=\"noopener noreferrer\">declaraci\u00f3n anual de operaciones con terceros<\/a>, durante el ejercicio fiscal, y que hayan superado los 3.005,06 euros anuales.<\/p>\n<p>En su primera p\u00e1gina, tendr\u00e1s que <strong>rellenar los datos fiscales del contribuyente<\/strong>, el ejercicio y el periodo, adem\u00e1s de un resumen de los que se especifica en las pr\u00f3ximas hojas<\/p>\n<ul>\n<li>N\u00famero de personas y entidades con las que se ha mantenido relaci\u00f3n comercial<\/li>\n<\/ul>\n<p>Volumen de todas las operaciones tanto ventas como compras<\/p>\n<p><img loading=\"lazy\" decoding=\"async\" class=\"aligncenter size-full wp-image-6938\" src=\"https:\/\/www.billin.net\/blog\/wp-content\/uploads\/2018\/05\/modelos-informativos-declaracion.3.jpg\" alt=\"Modelo 347 Es un modelo informativo que presentan las sociedades y aut\u00f3nomos, de las operaciones que haya realizado con terceros, durante el ejercicio fiscal, y que hayan superado los 3.005,06 euros anuales. En su primera p\u00e1gina, tendr\u00e1s que rellenar los datos fiscales del contribuyente, el ejercicio y el periodo, adem\u00e1s de un resumen de los que se especifica en las pr\u00f3ximas hojas \u2022 N\u00famero de personas y entidades con las que se ha mantenido relaci\u00f3n comercial \u2022 Volumen de todas las operaciones tanto ventas como compras\" width=\"544\" height=\"649\" srcset=\"https:\/\/www.billin.net\/blog\/wp-content\/uploads\/2018\/05\/modelos-informativos-declaracion.3.jpg 544w, https:\/\/www.billin.net\/blog\/wp-content\/uploads\/2018\/05\/modelos-informativos-declaracion.3-251x300.jpg 251w\" sizes=\"(max-width: 544px) 100vw, 544px\" \/><\/p>\n<p>Al igual que los anteriores, en la p\u00e1gina 2 y sucesivas, se especificar\u00e1 cada proveedor o cliente con el cual, hemos mantenido relaciones comerciales, indicando de cada uno de ellos lo siguiente:<\/p>\n<p><img loading=\"lazy\" decoding=\"async\" class=\"aligncenter wp-image-6939 size-full\" src=\"https:\/\/www.billin.net\/blog\/wp-content\/uploads\/2018\/05\/modelos-informativos-declaracion.4.jpg\" alt=\"Modelos informativos y Declaraci\u00f3n resumen anual\" width=\"570\" height=\"293\" srcset=\"https:\/\/www.billin.net\/blog\/wp-content\/uploads\/2018\/05\/modelos-informativos-declaracion.4.jpg 570w, https:\/\/www.billin.net\/blog\/wp-content\/uploads\/2018\/05\/modelos-informativos-declaracion.4-300x154.jpg 300w\" sizes=\"(max-width: 570px) 100vw, 570px\" \/><\/p>\n<p>Datos identificativos: NIF y ejercicio del contribuyente<\/p>\n<p>Declarado 1: datos personales, direcci\u00f3n, clave de la operaci\u00f3n, la parte pagada en met\u00e1lico, el importe anual de la operaci\u00f3n y cuatro casillas, una por trimestre, para rellenar la cifra de facturaci\u00f3n.<\/p>\n<p>Hay que tener en cuenta, que en este Modelo se incluyen las siguientes operaciones:<\/p>\n<ul>\n<li>Entrega de bienes y compra de bienes<\/li>\n<li>Entrega de servicios y compras de servicios<\/li>\n<li>Subvenciones y ayudas de tipo no reembolsable<\/li>\n<li>Operaciones de car\u00e1cter inmobiliario<\/li>\n<\/ul>\n<p>Anticipo de clientes y proveedores.<\/p>\n<p>Estos son las principales declaraciones informativas que tenemos que presentar. Son solo de car\u00e1cter informativa pero son obligatorias. Si tienes m\u00e1s dudas utiliza los comentarios y te las resolveremos.<\/p>\n","protected":false},"excerpt":{"rendered":"<p>Existen impuestos que son el resumen de todo lo que ha sucedido a lo largo del a\u00f1o, \u00e9stos son los conocidos como los modelos o declaraciones informativas. En este art\u00edculo te enumeramos las m\u00e1s conocidas.<\/p>\n","protected":false},"author":20,"featured_media":6941,"comment_status":"open","ping_status":"open","sticky":false,"template":"","format":"standard","meta":{"_acf_changed":false,"_et_pb_use_builder":"","_et_pb_old_content":"","_et_gb_content_width":"","om_disable_all_campaigns":false,"inline_featured_image":false,"footnotes":""},"categories":[1014],"tags":[],"class_list":{"0":"post-10566","1":"post","2":"type-post","3":"status-publish","4":"format-standard","5":"has-post-thumbnail","7":"category-fiscalidad"},"acf":{"selector_de_usuario":"","fecha_de_revision":"20201106"},"yoast_head":"<!-- This site is optimized with the Yoast SEO plugin v27.1 - https:\/\/yoast.com\/product\/yoast-seo-wordpress\/ -->\n<title>Modelos y Declaraci\u00f3n resumen anual | TeamSystem Facturas Billin<\/title>\n<meta name=\"description\" content=\"Existen declaraciones informativas que son el resumen de todo lo que ha sucedido en el a\u00f1o y queremos que las tengas en cuenta.\" \/>\n<meta name=\"robots\" content=\"index, follow, max-snippet:-1, max-image-preview:large, max-video-preview:-1\" \/>\n<link rel=\"canonical\" href=\"https:\/\/www.billin.net\/blog\/modelos-informativos-y-declaracion-resumen-anual\/\" \/>\n<meta property=\"og:locale\" content=\"es_ES\" \/>\n<meta property=\"og:type\" content=\"article\" \/>\n<meta property=\"og:title\" content=\"Modelos y Declaraci\u00f3n resumen anual | TeamSystem Facturas Billin\" \/>\n<meta property=\"og:description\" content=\"Existen declaraciones informativas que son el resumen de todo lo que ha sucedido en el a\u00f1o y queremos que las tengas en cuenta.\" \/>\n<meta property=\"og:url\" content=\"https:\/\/www.billin.net\/blog\/modelos-informativos-y-declaracion-resumen-anual\/\" \/>\n<meta property=\"og:site_name\" content=\"Blog de TeamSystem Facturas Billin\" \/>\n<meta property=\"article:publisher\" content=\"https:\/\/www.facebook.com\/EsBillin\" \/>\n<meta property=\"article:published_time\" content=\"2018-05-10T22:00:00+00:00\" \/>\n<meta property=\"article:modified_time\" content=\"2025-09-25T18:57:52+00:00\" \/>\n<meta property=\"og:image\" content=\"https:\/\/www.billin.net\/blog\/wp-content\/uploads\/2018\/05\/modelos-informativos-declaracion-resumen-anual.jpg\" \/>\n\t<meta property=\"og:image:width\" content=\"1000\" \/>\n\t<meta property=\"og:image:height\" content=\"666\" \/>\n\t<meta property=\"og:image:type\" content=\"image\/jpeg\" \/>\n<meta name=\"author\" content=\"Marcos De La Cueva - CEO TeamSystem Facturas Billin\" \/>\n<meta name=\"twitter:card\" content=\"summary_large_image\" \/>\n<meta name=\"twitter:creator\" content=\"@Billin_ES\" \/>\n<meta name=\"twitter:site\" content=\"@Billin_ES\" \/>\n<meta name=\"twitter:label1\" content=\"Escrito por\" \/>\n\t<meta name=\"twitter:data1\" content=\"Marcos De La Cueva - CEO TeamSystem Facturas Billin\" \/>\n\t<meta name=\"twitter:label2\" content=\"Tiempo de lectura\" \/>\n\t<meta name=\"twitter:data2\" content=\"5 minutos\" \/>\n<script type=\"application\/ld+json\" class=\"yoast-schema-graph\">{\"@context\":\"https:\/\/schema.org\",\"@graph\":[{\"@type\":\"Article\",\"@id\":\"https:\/\/www.billin.net\/blog\/modelos-informativos-y-declaracion-resumen-anual\/#article\",\"isPartOf\":{\"@id\":\"https:\/\/www.billin.net\/blog\/modelos-informativos-y-declaracion-resumen-anual\/\"},\"author\":{\"name\":\"Marcos De La Cueva - CEO TeamSystem Facturas Billin\",\"@id\":\"https:\/\/www.billin.net\/blog\/#\/schema\/person\/d0339ee6e869234614541b1e80a793e7\"},\"headline\":\"Modelos informativos y Declaraci\u00f3n resumen anual\",\"datePublished\":\"2018-05-10T22:00:00+00:00\",\"dateModified\":\"2025-09-25T18:57:52+00:00\",\"mainEntityOfPage\":{\"@id\":\"https:\/\/www.billin.net\/blog\/modelos-informativos-y-declaracion-resumen-anual\/\"},\"wordCount\":887,\"commentCount\":0,\"publisher\":{\"@id\":\"https:\/\/www.billin.net\/blog\/#organization\"},\"image\":{\"@id\":\"https:\/\/www.billin.net\/blog\/modelos-informativos-y-declaracion-resumen-anual\/#primaryimage\"},\"thumbnailUrl\":\"https:\/\/www.billin.net\/blog\/wp-content\/uploads\/2018\/05\/modelos-informativos-declaracion-resumen-anual.jpg\",\"articleSection\":[\"Fiscalidad\"],\"inLanguage\":\"es\",\"potentialAction\":[{\"@type\":\"CommentAction\",\"name\":\"Comment\",\"target\":[\"https:\/\/www.billin.net\/blog\/modelos-informativos-y-declaracion-resumen-anual\/#respond\"]}]},{\"@type\":\"WebPage\",\"@id\":\"https:\/\/www.billin.net\/blog\/modelos-informativos-y-declaracion-resumen-anual\/\",\"url\":\"https:\/\/www.billin.net\/blog\/modelos-informativos-y-declaracion-resumen-anual\/\",\"name\":\"Modelos y Declaraci\u00f3n resumen anual | TeamSystem Facturas Billin\",\"isPartOf\":{\"@id\":\"https:\/\/www.billin.net\/blog\/#website\"},\"primaryImageOfPage\":{\"@id\":\"https:\/\/www.billin.net\/blog\/modelos-informativos-y-declaracion-resumen-anual\/#primaryimage\"},\"image\":{\"@id\":\"https:\/\/www.billin.net\/blog\/modelos-informativos-y-declaracion-resumen-anual\/#primaryimage\"},\"thumbnailUrl\":\"https:\/\/www.billin.net\/blog\/wp-content\/uploads\/2018\/05\/modelos-informativos-declaracion-resumen-anual.jpg\",\"datePublished\":\"2018-05-10T22:00:00+00:00\",\"dateModified\":\"2025-09-25T18:57:52+00:00\",\"description\":\"Existen declaraciones informativas que son el resumen de todo lo que ha sucedido en el a\u00f1o y queremos que las tengas en cuenta.\",\"breadcrumb\":{\"@id\":\"https:\/\/www.billin.net\/blog\/modelos-informativos-y-declaracion-resumen-anual\/#breadcrumb\"},\"inLanguage\":\"es\",\"potentialAction\":[{\"@type\":\"ReadAction\",\"target\":[\"https:\/\/www.billin.net\/blog\/modelos-informativos-y-declaracion-resumen-anual\/\"]}]},{\"@type\":\"ImageObject\",\"inLanguage\":\"es\",\"@id\":\"https:\/\/www.billin.net\/blog\/modelos-informativos-y-declaracion-resumen-anual\/#primaryimage\",\"url\":\"https:\/\/www.billin.net\/blog\/wp-content\/uploads\/2018\/05\/modelos-informativos-declaracion-resumen-anual.jpg\",\"contentUrl\":\"https:\/\/www.billin.net\/blog\/wp-content\/uploads\/2018\/05\/modelos-informativos-declaracion-resumen-anual.jpg\",\"width\":1000,\"height\":666,\"caption\":\"declaraciones informativas aeat\"},{\"@type\":\"BreadcrumbList\",\"@id\":\"https:\/\/www.billin.net\/blog\/modelos-informativos-y-declaracion-resumen-anual\/#breadcrumb\",\"itemListElement\":[{\"@type\":\"ListItem\",\"position\":1,\"name\":\"Blog\",\"item\":\"https:\/\/www.billin.net\/blog\/\"},{\"@type\":\"ListItem\",\"position\":2,\"name\":\"Fiscalidad\",\"item\":\"https:\/\/www.billin.net\/blog\/fiscalidad\/\"},{\"@type\":\"ListItem\",\"position\":3,\"name\":\"Modelos informativos y Declaraci\u00f3n resumen anual\"}]},{\"@type\":\"WebSite\",\"@id\":\"https:\/\/www.billin.net\/blog\/#website\",\"url\":\"https:\/\/www.billin.net\/blog\/\",\"name\":\"Blog de Billin\",\"description\":\"Mantente informado con el blog de TeamSystem Facturas Billin:  facturaci\u00f3n, legislaci\u00f3n, contabilidad, management y toda la informaci\u00f3n \u00fatil para pymes y aut\u00f3nomos.\",\"publisher\":{\"@id\":\"https:\/\/www.billin.net\/blog\/#organization\"},\"potentialAction\":[{\"@type\":\"SearchAction\",\"target\":{\"@type\":\"EntryPoint\",\"urlTemplate\":\"https:\/\/www.billin.net\/blog\/?s={search_term_string}\"},\"query-input\":{\"@type\":\"PropertyValueSpecification\",\"valueRequired\":true,\"valueName\":\"search_term_string\"}}],\"inLanguage\":\"es\"},{\"@type\":\"Organization\",\"@id\":\"https:\/\/www.billin.net\/blog\/#organization\",\"name\":\"Billin\",\"alternateName\":\"Blog de Billin\",\"url\":\"https:\/\/www.billin.net\/blog\/\",\"logo\":{\"@type\":\"ImageObject\",\"inLanguage\":\"es\",\"@id\":\"https:\/\/www.billin.net\/blog\/#\/schema\/logo\/image\/\",\"url\":\"https:\/\/www.billin.net\/blog\/wp-content\/uploads\/2019\/06\/logotipo-billin-blog-1.png\",\"contentUrl\":\"https:\/\/www.billin.net\/blog\/wp-content\/uploads\/2019\/06\/logotipo-billin-blog-1.png\",\"width\":126,\"height\":50,\"caption\":\"Billin\"},\"image\":{\"@id\":\"https:\/\/www.billin.net\/blog\/#\/schema\/logo\/image\/\"},\"sameAs\":[\"https:\/\/www.facebook.com\/EsBillin\",\"https:\/\/x.com\/Billin_ES\",\"https:\/\/www.instagram.com\/billin_es\/\",\"https:\/\/www.linkedin.com\/company\/billin-spain\",\"https:\/\/www.youtube.com\/c\/BillinEsintercambiodefacturas\/\"],\"legalName\":\"MY EXPENSES SL\",\"contactPoint\":{\"@type\":\"ContactPoint\",\"telephone\":\"+34918318883\",\"contactType\":\"customer service\",\"email\":\"info@billin.eu\",\"availableLanguage\":\"es\"},\"foundingDate\":\"2015\",\"numberOfEmployees\":{\"@type\":\"QuantitativeValue\",\"minValue\":10,\"maxValue\":50},\"parentOrganization\":{\"@type\":\"Organization\",\"name\":\"TeamSystem\",\"url\":\"https:\/\/www.teamsystem.com\/\"},\"description\":\"Billin es el programa de facturaci\u00f3n online de TeamSystem para aut\u00f3nomos y pymes en Espa\u00f1a. Permite crear facturas, controlar gastos y cumplir con Verifactu.\",\"address\":{\"@type\":\"PostalAddress\",\"streetAddress\":\"Calle Arturo Soria, 336\",\"addressLocality\":\"Madrid\",\"addressRegion\":\"Madrid\",\"postalCode\":\"28033\",\"addressCountry\":\"ES\"}},{\"@type\":\"Person\",\"@id\":\"https:\/\/www.billin.net\/blog\/#\/schema\/person\/d0339ee6e869234614541b1e80a793e7\",\"name\":\"Marcos De La Cueva - CEO TeamSystem Facturas Billin\",\"image\":{\"@type\":\"ImageObject\",\"inLanguage\":\"es\",\"@id\":\"https:\/\/www.billin.net\/blog\/#\/schema\/person\/image\/\",\"url\":\"https:\/\/www.billin.net\/blog\/wp-content\/uploads\/2023\/10\/marcos-color-150x150.png\",\"contentUrl\":\"https:\/\/www.billin.net\/blog\/wp-content\/uploads\/2023\/10\/marcos-color-150x150.png\",\"caption\":\"Marcos De La Cueva - CEO TeamSystem Facturas Billin\"},\"description\":\"Licenciado en ADE por la Universidad Aut\u00f3noma de Madrid, Marcos De la Cueva es CEO y cofundador de TeamSystem Facturas Billin, un programa online que lleva m\u00e1s de 9 a\u00f1os ayudando a aut\u00f3nomos, peque\u00f1os negocios y gestor\u00edas a digitalizar sus presupuestos, facturas, tickets y gastos. \u00a0 Sobre Marcos De La Cueva \u00a0 Apasionado por el mundo empresarial y la tecnolog\u00eda, curs\u00f3 su M\u00e1ster de Finanzas en la Universidad Pontificia de Comillas y estuvo en el Programa de Cooperaci\u00f3n Educativa de la Universidad Aut\u00f3noma de Madrid. \u00a0 Marcos siempre ha tenido su objetivo claro: ayudar a la creaci\u00f3n de negocios financieramente sostenibles a trav\u00e9s de una herramienta de facturaci\u00f3n que les permita ahorrar tiempo y tener la contabilidad bajo control. \u00a0 Marcos De La Cueva en los medios \u2014 Noticia sobre Kit Digital y Ley Antifraude (VeriFactu) en El Economista. \u2014 Noticia sobre Kit Digital y factura electr\u00f3nica obligatoria en Diario Jur\u00eddico. \u2014 Noticia sobre el a\u00f1o de transici\u00f3n para la factura electr\u00f3nica en Muy Pymes. \u2014 Entrevista sobre factura electr\u00f3nica obligatoria en Canal Sur. \u2014 Noticia sobre el informe factura electr\u00f3nica de TeamSystem en Channel Partner. \u2014 Charla sobre productividad y Ley Crea y Crece en El Economista. \u2014 Charla sobre factura electr\u00f3nica obligatoria en Muy Pymes. \u2014 Charla sobre digitalizaci\u00f3n aut\u00f3nomos y productividad en esdiario. \u2014 Charla sobre productividad y factura electr\u00f3nica en La Raz\u00f3n. \u2014 Charla sobre factura electr\u00f3nica obligatoria en Aut\u00f3nomos y Emprendedores. \u2014 Entrevista sobre Ley Antifraude y Ley Crea y Crece en Expansi\u00f3n. \u2014 Entrevista sobre Ley Antifraude y Ley Crea y Crece en La Raz\u00f3n. \u2014 Entrevista sobre factura electr\u00f3nica obligatoria en El Economista. \u2014 Comunicado Billin y TeamSystem en Business Insider. \u2014 Entrevista en Econom\u00eda Digital. \u2014 Entrevista en Ideas para tu empresa de Vodafone. \u2014 Entrevista en M\u00e1sQradio. \u2014 Entrevista en Armas para emprender de El M\u00e9todo Gallardo. \u2014 Entrevista en KFund. \u2014 Entrevista en AXA Seguros Espa\u00f1a. \u2014 Entrevista en GestionaRadio. \u00a0 Marcos De La Cueva en eventos \u00a0 \u2014 Participaci\u00f3n como ponente en Accountex Espa\u00f1a 2023. \u00a0 Tem\u00e1ticas de especializaci\u00f3n \u00a0 negocios | startups | contabilidad| fiscalidad | empresas| asesor\u00edas| autonomos | emprendedores | peque\u00f1os negocios | econom\u00eda | ADE | pymes | desarrollo de negocio\u00a0\",\"sameAs\":[\"https:\/\/www.billin.net\/\",\"https:\/\/www.linkedin.com\/in\/marcos-de-la-cueva-19750ba3\/\"],\"url\":\"https:\/\/www.billin.net\/blog\/author\/marcosdelacueva\/\",\"jobTitle\":\"CEO y cofundador de TS Facturas Billin\"}]}<\/script>\n<!-- \/ Yoast SEO plugin. -->","yoast_head_json":{"title":"Modelos y Declaraci\u00f3n resumen anual | TeamSystem Facturas Billin","description":"Existen declaraciones informativas que son el resumen de todo lo que ha sucedido en el a\u00f1o y queremos que las tengas en cuenta.","robots":{"index":"index","follow":"follow","max-snippet":"max-snippet:-1","max-image-preview":"max-image-preview:large","max-video-preview":"max-video-preview:-1"},"canonical":"https:\/\/www.billin.net\/blog\/modelos-informativos-y-declaracion-resumen-anual\/","og_locale":"es_ES","og_type":"article","og_title":"Modelos y Declaraci\u00f3n resumen anual | TeamSystem Facturas Billin","og_description":"Existen declaraciones informativas que son el resumen de todo lo que ha sucedido en el a\u00f1o y queremos que las tengas en cuenta.","og_url":"https:\/\/www.billin.net\/blog\/modelos-informativos-y-declaracion-resumen-anual\/","og_site_name":"Blog de TeamSystem Facturas Billin","article_publisher":"https:\/\/www.facebook.com\/EsBillin","article_published_time":"2018-05-10T22:00:00+00:00","article_modified_time":"2025-09-25T18:57:52+00:00","og_image":[{"width":1000,"height":666,"url":"https:\/\/www.billin.net\/blog\/wp-content\/uploads\/2018\/05\/modelos-informativos-declaracion-resumen-anual.jpg","type":"image\/jpeg"}],"author":"Marcos De La Cueva - CEO TeamSystem Facturas Billin","twitter_card":"summary_large_image","twitter_creator":"@Billin_ES","twitter_site":"@Billin_ES","twitter_misc":{"Escrito por":"Marcos De La Cueva - CEO TeamSystem Facturas Billin","Tiempo de lectura":"5 minutos"},"schema":{"@context":"https:\/\/schema.org","@graph":[{"@type":"Article","@id":"https:\/\/www.billin.net\/blog\/modelos-informativos-y-declaracion-resumen-anual\/#article","isPartOf":{"@id":"https:\/\/www.billin.net\/blog\/modelos-informativos-y-declaracion-resumen-anual\/"},"author":{"name":"Marcos De La Cueva - CEO TeamSystem Facturas Billin","@id":"https:\/\/www.billin.net\/blog\/#\/schema\/person\/d0339ee6e869234614541b1e80a793e7"},"headline":"Modelos informativos y Declaraci\u00f3n resumen anual","datePublished":"2018-05-10T22:00:00+00:00","dateModified":"2025-09-25T18:57:52+00:00","mainEntityOfPage":{"@id":"https:\/\/www.billin.net\/blog\/modelos-informativos-y-declaracion-resumen-anual\/"},"wordCount":887,"commentCount":0,"publisher":{"@id":"https:\/\/www.billin.net\/blog\/#organization"},"image":{"@id":"https:\/\/www.billin.net\/blog\/modelos-informativos-y-declaracion-resumen-anual\/#primaryimage"},"thumbnailUrl":"https:\/\/www.billin.net\/blog\/wp-content\/uploads\/2018\/05\/modelos-informativos-declaracion-resumen-anual.jpg","articleSection":["Fiscalidad"],"inLanguage":"es","potentialAction":[{"@type":"CommentAction","name":"Comment","target":["https:\/\/www.billin.net\/blog\/modelos-informativos-y-declaracion-resumen-anual\/#respond"]}]},{"@type":"WebPage","@id":"https:\/\/www.billin.net\/blog\/modelos-informativos-y-declaracion-resumen-anual\/","url":"https:\/\/www.billin.net\/blog\/modelos-informativos-y-declaracion-resumen-anual\/","name":"Modelos y Declaraci\u00f3n resumen anual | TeamSystem Facturas Billin","isPartOf":{"@id":"https:\/\/www.billin.net\/blog\/#website"},"primaryImageOfPage":{"@id":"https:\/\/www.billin.net\/blog\/modelos-informativos-y-declaracion-resumen-anual\/#primaryimage"},"image":{"@id":"https:\/\/www.billin.net\/blog\/modelos-informativos-y-declaracion-resumen-anual\/#primaryimage"},"thumbnailUrl":"https:\/\/www.billin.net\/blog\/wp-content\/uploads\/2018\/05\/modelos-informativos-declaracion-resumen-anual.jpg","datePublished":"2018-05-10T22:00:00+00:00","dateModified":"2025-09-25T18:57:52+00:00","description":"Existen declaraciones informativas que son el resumen de todo lo que ha sucedido en el a\u00f1o y queremos que las tengas en cuenta.","breadcrumb":{"@id":"https:\/\/www.billin.net\/blog\/modelos-informativos-y-declaracion-resumen-anual\/#breadcrumb"},"inLanguage":"es","potentialAction":[{"@type":"ReadAction","target":["https:\/\/www.billin.net\/blog\/modelos-informativos-y-declaracion-resumen-anual\/"]}]},{"@type":"ImageObject","inLanguage":"es","@id":"https:\/\/www.billin.net\/blog\/modelos-informativos-y-declaracion-resumen-anual\/#primaryimage","url":"https:\/\/www.billin.net\/blog\/wp-content\/uploads\/2018\/05\/modelos-informativos-declaracion-resumen-anual.jpg","contentUrl":"https:\/\/www.billin.net\/blog\/wp-content\/uploads\/2018\/05\/modelos-informativos-declaracion-resumen-anual.jpg","width":1000,"height":666,"caption":"declaraciones informativas aeat"},{"@type":"BreadcrumbList","@id":"https:\/\/www.billin.net\/blog\/modelos-informativos-y-declaracion-resumen-anual\/#breadcrumb","itemListElement":[{"@type":"ListItem","position":1,"name":"Blog","item":"https:\/\/www.billin.net\/blog\/"},{"@type":"ListItem","position":2,"name":"Fiscalidad","item":"https:\/\/www.billin.net\/blog\/fiscalidad\/"},{"@type":"ListItem","position":3,"name":"Modelos informativos y Declaraci\u00f3n resumen anual"}]},{"@type":"WebSite","@id":"https:\/\/www.billin.net\/blog\/#website","url":"https:\/\/www.billin.net\/blog\/","name":"Blog de Billin","description":"Mantente informado con el blog de TeamSystem Facturas Billin:  facturaci\u00f3n, legislaci\u00f3n, contabilidad, management y toda la informaci\u00f3n \u00fatil para pymes y aut\u00f3nomos.","publisher":{"@id":"https:\/\/www.billin.net\/blog\/#organization"},"potentialAction":[{"@type":"SearchAction","target":{"@type":"EntryPoint","urlTemplate":"https:\/\/www.billin.net\/blog\/?s={search_term_string}"},"query-input":{"@type":"PropertyValueSpecification","valueRequired":true,"valueName":"search_term_string"}}],"inLanguage":"es"},{"@type":"Organization","@id":"https:\/\/www.billin.net\/blog\/#organization","name":"Billin","alternateName":"Blog de Billin","url":"https:\/\/www.billin.net\/blog\/","logo":{"@type":"ImageObject","inLanguage":"es","@id":"https:\/\/www.billin.net\/blog\/#\/schema\/logo\/image\/","url":"https:\/\/www.billin.net\/blog\/wp-content\/uploads\/2019\/06\/logotipo-billin-blog-1.png","contentUrl":"https:\/\/www.billin.net\/blog\/wp-content\/uploads\/2019\/06\/logotipo-billin-blog-1.png","width":126,"height":50,"caption":"Billin"},"image":{"@id":"https:\/\/www.billin.net\/blog\/#\/schema\/logo\/image\/"},"sameAs":["https:\/\/www.facebook.com\/EsBillin","https:\/\/x.com\/Billin_ES","https:\/\/www.instagram.com\/billin_es\/","https:\/\/www.linkedin.com\/company\/billin-spain","https:\/\/www.youtube.com\/c\/BillinEsintercambiodefacturas\/"],"legalName":"MY EXPENSES SL","contactPoint":{"@type":"ContactPoint","telephone":"+34918318883","contactType":"customer service","email":"info@billin.eu","availableLanguage":"es"},"foundingDate":"2015","numberOfEmployees":{"@type":"QuantitativeValue","minValue":10,"maxValue":50},"parentOrganization":{"@type":"Organization","name":"TeamSystem","url":"https:\/\/www.teamsystem.com\/"},"description":"Billin es el programa de facturaci\u00f3n online de TeamSystem para aut\u00f3nomos y pymes en Espa\u00f1a. Permite crear facturas, controlar gastos y cumplir con Verifactu.","address":{"@type":"PostalAddress","streetAddress":"Calle Arturo Soria, 336","addressLocality":"Madrid","addressRegion":"Madrid","postalCode":"28033","addressCountry":"ES"}},{"@type":"Person","@id":"https:\/\/www.billin.net\/blog\/#\/schema\/person\/d0339ee6e869234614541b1e80a793e7","name":"Marcos De La Cueva - CEO TeamSystem Facturas Billin","image":{"@type":"ImageObject","inLanguage":"es","@id":"https:\/\/www.billin.net\/blog\/#\/schema\/person\/image\/","url":"https:\/\/www.billin.net\/blog\/wp-content\/uploads\/2023\/10\/marcos-color-150x150.png","contentUrl":"https:\/\/www.billin.net\/blog\/wp-content\/uploads\/2023\/10\/marcos-color-150x150.png","caption":"Marcos De La Cueva - CEO TeamSystem Facturas Billin"},"description":"Licenciado en ADE por la Universidad Aut\u00f3noma de Madrid, Marcos De la Cueva es CEO y cofundador de TeamSystem Facturas Billin, un programa online que lleva m\u00e1s de 9 a\u00f1os ayudando a aut\u00f3nomos, peque\u00f1os negocios y gestor\u00edas a digitalizar sus presupuestos, facturas, tickets y gastos. \u00a0 Sobre Marcos De La Cueva \u00a0 Apasionado por el mundo empresarial y la tecnolog\u00eda, curs\u00f3 su M\u00e1ster de Finanzas en la Universidad Pontificia de Comillas y estuvo en el Programa de Cooperaci\u00f3n Educativa de la Universidad Aut\u00f3noma de Madrid. \u00a0 Marcos siempre ha tenido su objetivo claro: ayudar a la creaci\u00f3n de negocios financieramente sostenibles a trav\u00e9s de una herramienta de facturaci\u00f3n que les permita ahorrar tiempo y tener la contabilidad bajo control. \u00a0 Marcos De La Cueva en los medios \u2014 Noticia sobre Kit Digital y Ley Antifraude (VeriFactu) en El Economista. \u2014 Noticia sobre Kit Digital y factura electr\u00f3nica obligatoria en Diario Jur\u00eddico. \u2014 Noticia sobre el a\u00f1o de transici\u00f3n para la factura electr\u00f3nica en Muy Pymes. \u2014 Entrevista sobre factura electr\u00f3nica obligatoria en Canal Sur. \u2014 Noticia sobre el informe factura electr\u00f3nica de TeamSystem en Channel Partner. \u2014 Charla sobre productividad y Ley Crea y Crece en El Economista. \u2014 Charla sobre factura electr\u00f3nica obligatoria en Muy Pymes. \u2014 Charla sobre digitalizaci\u00f3n aut\u00f3nomos y productividad en esdiario. \u2014 Charla sobre productividad y factura electr\u00f3nica en La Raz\u00f3n. \u2014 Charla sobre factura electr\u00f3nica obligatoria en Aut\u00f3nomos y Emprendedores. \u2014 Entrevista sobre Ley Antifraude y Ley Crea y Crece en Expansi\u00f3n. \u2014 Entrevista sobre Ley Antifraude y Ley Crea y Crece en La Raz\u00f3n. \u2014 Entrevista sobre factura electr\u00f3nica obligatoria en El Economista. \u2014 Comunicado Billin y TeamSystem en Business Insider. \u2014 Entrevista en Econom\u00eda Digital. \u2014 Entrevista en Ideas para tu empresa de Vodafone. \u2014 Entrevista en M\u00e1sQradio. \u2014 Entrevista en Armas para emprender de El M\u00e9todo Gallardo. \u2014 Entrevista en KFund. \u2014 Entrevista en AXA Seguros Espa\u00f1a. \u2014 Entrevista en GestionaRadio. \u00a0 Marcos De La Cueva en eventos \u00a0 \u2014 Participaci\u00f3n como ponente en Accountex Espa\u00f1a 2023. \u00a0 Tem\u00e1ticas de especializaci\u00f3n \u00a0 negocios | startups | contabilidad| fiscalidad | empresas| asesor\u00edas| autonomos | emprendedores | peque\u00f1os negocios | econom\u00eda | ADE | pymes | desarrollo de negocio\u00a0","sameAs":["https:\/\/www.billin.net\/","https:\/\/www.linkedin.com\/in\/marcos-de-la-cueva-19750ba3\/"],"url":"https:\/\/www.billin.net\/blog\/author\/marcosdelacueva\/","jobTitle":"CEO y cofundador de TS Facturas Billin"}]}},"_links":{"self":[{"href":"https:\/\/www.billin.net\/blog\/wp-json\/wp\/v2\/posts\/10566","targetHints":{"allow":["GET"]}}],"collection":[{"href":"https:\/\/www.billin.net\/blog\/wp-json\/wp\/v2\/posts"}],"about":[{"href":"https:\/\/www.billin.net\/blog\/wp-json\/wp\/v2\/types\/post"}],"author":[{"embeddable":true,"href":"https:\/\/www.billin.net\/blog\/wp-json\/wp\/v2\/users\/20"}],"replies":[{"embeddable":true,"href":"https:\/\/www.billin.net\/blog\/wp-json\/wp\/v2\/comments?post=10566"}],"version-history":[{"count":9,"href":"https:\/\/www.billin.net\/blog\/wp-json\/wp\/v2\/posts\/10566\/revisions"}],"predecessor-version":[{"id":27391,"href":"https:\/\/www.billin.net\/blog\/wp-json\/wp\/v2\/posts\/10566\/revisions\/27391"}],"wp:featuredmedia":[{"embeddable":true,"href":"https:\/\/www.billin.net\/blog\/wp-json\/wp\/v2\/media\/6941"}],"wp:attachment":[{"href":"https:\/\/www.billin.net\/blog\/wp-json\/wp\/v2\/media?parent=10566"}],"wp:term":[{"taxonomy":"category","embeddable":true,"href":"https:\/\/www.billin.net\/blog\/wp-json\/wp\/v2\/categories?post=10566"},{"taxonomy":"post_tag","embeddable":true,"href":"https:\/\/www.billin.net\/blog\/wp-json\/wp\/v2\/tags?post=10566"}],"curies":[{"name":"wp","href":"https:\/\/api.w.org\/{rel}","templated":true}]}}